{"id":44229,"date":"2026-04-28T18:41:33","date_gmt":"2026-04-28T16:41:33","guid":{"rendered":"https:\/\/www.diocesisciudadrodrigo.org\/blog4\/?p=44229"},"modified":"2026-04-28T18:41:33","modified_gmt":"2026-04-28T16:41:33","slug":"la-diocesis-participa-en-el-ii-encuentro-de-formacion-de-voluntarios-de-pastoral-de-la-salud","status":"publish","type":"post","link":"https:\/\/www.diocesisciudadrodrigo.org\/blog4\/la-diocesis-participa-en-el-ii-encuentro-de-formacion-de-voluntarios-de-pastoral-de-la-salud\/","title":{"rendered":"La Di\u00f3cesis participa en el II Encuentro de formaci\u00f3n de voluntarios de Pastoral de la Salud"},"content":{"rendered":"\t\t<div data-elementor-type=\"wp-post\" data-elementor-id=\"44229\" class=\"elementor elementor-44229\" data-elementor-settings=\"[]\">\n\t\t\t\t\t\t<div class=\"elementor-inner\">\n\t\t\t\t\t\t\t<div class=\"elementor-section-wrap\">\n\t\t\t\t\t\t\t<section class=\"elementor-section elementor-top-section elementor-element elementor-element-6c4876f elementor-section-boxed elementor-section-height-default elementor-section-height-default\" data-id=\"6c4876f\" data-element_type=\"section\">\n\t\t\t\t\t\t<div class=\"elementor-container elementor-column-gap-default\">\n\t\t\t\t\t\t\t<div class=\"elementor-row\">\n\t\t\t\t\t<div class=\"elementor-column elementor-col-100 elementor-top-column elementor-element elementor-element-ba5eeab\" data-id=\"ba5eeab\" data-element_type=\"column\">\n\t\t\t<div class=\"elementor-column-wrap elementor-element-populated\">\n\t\t\t\t\t\t\t<div class=\"elementor-widget-wrap\">\n\t\t\t\t\t\t<div class=\"elementor-element elementor-element-cae99ec elementor-widget elementor-widget-image\" data-id=\"cae99ec\" data-element_type=\"widget\" data-widget_type=\"image.default\">\n\t\t\t\t<div class=\"elementor-widget-container\">\n\t\t\t\t\t\t\t\t<div class=\"elementor-image\">\n\t\t\t\t\t\t\t\t\t<figure class=\"wp-caption\">\n\t\t\t\t\t\t\t\t\t\t<img loading=\"lazy\" decoding=\"async\" width=\"1200\" height=\"675\" src=\"https:\/\/www.diocesisciudadrodrigo.org\/blog4\/wp-content\/uploads\/2026\/04\/PHOTO-2026-04-28-17-10-45.jpg\" class=\"attachment-large size-large\" alt=\"Asistentes a la II Jornada de formaci\u00f3n de voluntarios de Pastoral de la Salud\" srcset=\"https:\/\/www.diocesisciudadrodrigo.org\/blog4\/wp-content\/uploads\/2026\/04\/PHOTO-2026-04-28-17-10-45.jpg 1600w, https:\/\/www.diocesisciudadrodrigo.org\/blog4\/wp-content\/uploads\/2026\/04\/PHOTO-2026-04-28-17-10-45-1000x563.jpg 1000w, https:\/\/www.diocesisciudadrodrigo.org\/blog4\/wp-content\/uploads\/2026\/04\/PHOTO-2026-04-28-17-10-45-768x432.jpg 768w, https:\/\/www.diocesisciudadrodrigo.org\/blog4\/wp-content\/uploads\/2026\/04\/PHOTO-2026-04-28-17-10-45-1536x864.jpg 1536w, https:\/\/www.diocesisciudadrodrigo.org\/blog4\/wp-content\/uploads\/2026\/04\/PHOTO-2026-04-28-17-10-45-350x197.jpg 350w\" sizes=\"auto, (max-width: 1200px) 100vw, 1200px\" \/>\t\t\t\t\t\t\t\t\t\t\t<figcaption class=\"widget-image-caption wp-caption-text\">Asistentes a la II Jornada de formaci\u00f3n de voluntarios de Pastoral de la Salud<\/figcaption>\n\t\t\t\t\t\t\t\t\t\t<\/figure>\n\t\t\t\t\t\t\t\t<\/div>\n\t\t\t\t\t\t<\/div>\n\t\t\t\t<\/div>\n\t\t\t\t\t\t<\/div>\n\t\t\t\t\t<\/div>\n\t\t<\/div>\n\t\t\t\t\t\t\t\t<\/div>\n\t\t\t\t\t<\/div>\n\t\t<\/section>\n\t\t\t\t<section class=\"elementor-section elementor-top-section elementor-element elementor-element-7346fb4 elementor-section-boxed elementor-section-height-default elementor-section-height-default\" data-id=\"7346fb4\" data-element_type=\"section\">\n\t\t\t\t\t\t<div class=\"elementor-container elementor-column-gap-default\">\n\t\t\t\t\t\t\t<div class=\"elementor-row\">\n\t\t\t\t\t<div class=\"elementor-column elementor-col-100 elementor-top-column elementor-element elementor-element-1641e1a\" data-id=\"1641e1a\" data-element_type=\"column\">\n\t\t\t<div class=\"elementor-column-wrap elementor-element-populated\">\n\t\t\t\t\t\t\t<div class=\"elementor-widget-wrap\">\n\t\t\t\t\t\t<div class=\"elementor-element elementor-element-ea0d58a elementor-widget elementor-widget-text-editor\" data-id=\"ea0d58a\" data-element_type=\"widget\" data-widget_type=\"text-editor.default\">\n\t\t\t\t<div class=\"elementor-widget-container\">\n\t\t\t\t\t\t\t\t<div class=\"elementor-text-editor elementor-clearfix\">\n\t\t\t\t<p>Ocho personas de la Di\u00f3cesis de Ciudad Rodrigo han participado hoy en el II Encuentro de formaci\u00f3n de voluntarios de la Pastoral de la Salud, que se ha celebrado en Valladolid, y a la que han asistido unas 77 personas. \u00a0<strong>Esta jornada formativa se ha celebrado bajo el lema &#8216;Acompa\u00f1ar el final de la vida&#8217;<\/strong> y ha contado con las ponencias de Elisabet Carrasco Falc\u00f3.\u00a0<\/p><p>El encuentro ha comenzado con la bienvenida y una oraci\u00f3n. Seguidamente, la ponente ha hablado sobre <strong>el marco antropol\u00f3gico, eclesial y los grandes retos eticopastorales.<\/strong> Durante la charla se ha tratadoel cambio antropol\u00f3gico y la respuesta pastoral, la misi\u00f3n de la Iglesia en una sociedad plural y los grandes retos actuales en el \u00e1mbito del final de la vida, fij\u00e1ndose en la eutanasia, los cuidados paliativos y el suicido asistido.\u00a0<\/p><p>Tras la comida, Elisabet Carrasco Falc\u00f3 ha abordado <strong>la pastoral del cuidado actitudes, m\u00e9todos, lenguajes y conclusiones.<\/strong> En este sentido se ha tratado el cuidado como categor\u00eda central como Iglesia samaritana, las nuevas actitudes, m\u00e9todos y lenguajes, y la formaci\u00f3n interdisciplinar y discernimiento.\u00a0<\/p><p>Elisabeth Carrasco Falc\u00f3 es <strong>pedagoga, diploma en ciencias religiosas y postgraduada en coordinaci\u00f3n de voluntario hospitalario y sociosanitario<\/strong> por la Universidad de Barcelona. Es responsable de voluntariado, sensibilizaci\u00f3n y cooperaci\u00f3n internacional del Parc Sanitari Sant Joan de D\u00e9u. Formadora y asesora en gesti\u00f3n y coordinaci\u00f3n de voluntariado en el \u00e1mbito de la salud, y en buenas pr\u00e1cticas del voluntariado en el \u00e1mbito de la salud mental, en el final de la vida y en el \u00e1mbito de la salud comunitaria.\u00a0<\/p>\t\t\t\t\t<\/div>\n\t\t\t\t\t\t<\/div>\n\t\t\t\t<\/div>\n\t\t\t\t\t\t<\/div>\n\t\t\t\t\t<\/div>\n\t\t<\/div>\n\t\t\t\t\t\t\t\t<\/div>\n\t\t\t\t\t<\/div>\n\t\t<\/section>\n\t\t\t\t<section class=\"elementor-section elementor-top-section elementor-element elementor-element-56bc534 elementor-section-boxed elementor-section-height-default elementor-section-height-default\" data-id=\"56bc534\" data-element_type=\"section\">\n\t\t\t\t\t\t<div class=\"elementor-container elementor-column-gap-default\">\n\t\t\t\t\t\t\t<div class=\"elementor-row\">\n\t\t\t\t\t<div class=\"elementor-column elementor-col-100 elementor-top-column elementor-element elementor-element-15774a0\" data-id=\"15774a0\" data-element_type=\"column\">\n\t\t\t<div class=\"elementor-column-wrap elementor-element-populated\">\n\t\t\t\t\t\t\t<div class=\"elementor-widget-wrap\">\n\t\t\t\t\t\t<div class=\"elementor-element elementor-element-088b159 elementor-widget elementor-widget-button\" data-id=\"088b159\" data-element_type=\"widget\" data-widget_type=\"button.default\">\n\t\t\t\t<div class=\"elementor-widget-container\">\n\t\t\t\t\t<div class=\"elementor-button-wrapper\">\n\t\t\t<a href=\"https:\/\/www.diocesisciudadrodrigo.org\/blog4\/wp-content\/uploads\/2026\/04\/Acompanar-FV.-Desafios-de-la-Iglesia.pdf\" class=\"elementor-button-link elementor-button elementor-size-sm\" role=\"button\">\n\t\t\t\t\t\t<span class=\"elementor-button-content-wrapper\">\n\t\t\t\t\t\t<span class=\"elementor-button-text\">CONSULTA AQU\u00cd EL DOCUMENTO DE TRABAJO DE ESTA JORNADA<\/span>\n\t\t<\/span>\n\t\t\t\t\t<\/a>\n\t\t<\/div>\n\t\t\t\t<\/div>\n\t\t\t\t<\/div>\n\t\t\t\t\t\t<\/div>\n\t\t\t\t\t<\/div>\n\t\t<\/div>\n\t\t\t\t\t\t\t\t<\/div>\n\t\t\t\t\t<\/div>\n\t\t<\/section>\n\t\t\t\t<section class=\"elementor-section elementor-top-section elementor-element elementor-element-45bdc71 elementor-section-boxed elementor-section-height-default elementor-section-height-default\" data-id=\"45bdc71\" data-element_type=\"section\">\n\t\t\t\t\t\t<div class=\"elementor-container elementor-column-gap-default\">\n\t\t\t\t\t\t\t<div class=\"elementor-row\">\n\t\t\t\t\t<div class=\"elementor-column elementor-col-100 elementor-top-column elementor-element elementor-element-06e246a\" data-id=\"06e246a\" data-element_type=\"column\">\n\t\t\t<div class=\"elementor-column-wrap elementor-element-populated\">\n\t\t\t\t\t\t\t<div class=\"elementor-widget-wrap\">\n\t\t\t\t\t\t<div class=\"elementor-element elementor-element-5b7c027 elementor-widget elementor-widget-image-gallery\" data-id=\"5b7c027\" data-element_type=\"widget\" data-widget_type=\"image-gallery.default\">\n\t\t\t\t<div class=\"elementor-widget-container\">\n\t\t\t\t\t<div class=\"elementor-image-gallery\">\n\t\t\t<div id='gallery-1' class='gallery galleryid-44229 gallery-columns-1 gallery-size-full'><figure class='gallery-item'>\n\t\t\t<div class='gallery-icon landscape'>\n\t\t\t\t<a data-elementor-open-lightbox=\"yes\" data-elementor-lightbox-slideshow=\"5b7c027\" data-elementor-lightbox-title=\"0096f5ea-65b2-4e06-a73b-be1bf7f6ec9c\" e-action-hash=\"#elementor-action%3Aaction%3Dlightbox%26settings%3DeyJpZCI6NDQyMzIsInVybCI6Imh0dHBzOlwvXC93d3cuZGlvY2VzaXNjaXVkYWRyb2RyaWdvLm9yZ1wvYmxvZzRcL3dwLWNvbnRlbnRcL3VwbG9hZHNcLzIwMjZcLzA0XC8wMDk2ZjVlYS02NWIyLTRlMDYtYTczYi1iZTFiZjdmNmVjOWMuanBnIiwic2xpZGVzaG93IjoiNWI3YzAyNyJ9\" href='https:\/\/www.diocesisciudadrodrigo.org\/blog4\/wp-content\/uploads\/2026\/04\/0096f5ea-65b2-4e06-a73b-be1bf7f6ec9c.jpg'><img loading=\"lazy\" decoding=\"async\" width=\"1600\" height=\"900\" src=\"https:\/\/www.diocesisciudadrodrigo.org\/blog4\/wp-content\/uploads\/2026\/04\/0096f5ea-65b2-4e06-a73b-be1bf7f6ec9c.jpg\" class=\"attachment-full size-full\" alt=\"\" srcset=\"https:\/\/www.diocesisciudadrodrigo.org\/blog4\/wp-content\/uploads\/2026\/04\/0096f5ea-65b2-4e06-a73b-be1bf7f6ec9c.jpg 1600w, https:\/\/www.diocesisciudadrodrigo.org\/blog4\/wp-content\/uploads\/2026\/04\/0096f5ea-65b2-4e06-a73b-be1bf7f6ec9c-1000x563.jpg 1000w, https:\/\/www.diocesisciudadrodrigo.org\/blog4\/wp-content\/uploads\/2026\/04\/0096f5ea-65b2-4e06-a73b-be1bf7f6ec9c-768x432.jpg 768w, https:\/\/www.diocesisciudadrodrigo.org\/blog4\/wp-content\/uploads\/2026\/04\/0096f5ea-65b2-4e06-a73b-be1bf7f6ec9c-1536x864.jpg 1536w, https:\/\/www.diocesisciudadrodrigo.org\/blog4\/wp-content\/uploads\/2026\/04\/0096f5ea-65b2-4e06-a73b-be1bf7f6ec9c-350x197.jpg 350w\" sizes=\"auto, (max-width: 1600px) 100vw, 1600px\" \/><\/a>\n\t\t\t<\/div><\/figure>\n\t\t<\/div>\n\t\t<\/div>\n\t\t\t\t<\/div>\n\t\t\t\t<\/div>\n\t\t\t\t\t\t<\/div>\n\t\t\t\t\t<\/div>\n\t\t<\/div>\n\t\t\t\t\t\t\t\t<\/div>\n\t\t\t\t\t<\/div>\n\t\t<\/section>\n\t\t\t\t\t\t<\/div>\n\t\t\t\t\t\t<\/div>\n\t\t\t\t\t<\/div>\n\t\t","protected":false},"excerpt":{"rendered":"<p>Elisabet Carrasco Falc\u00f3 ha sido la ponente de esta Jornada celebrada bajo el lema &#8216;Acompa\u00f1ar el final de la vida&#8217;<\/p>\n","protected":false},"author":1,"featured_media":44230,"comment_status":"closed","ping_status":"closed","sticky":false,"template":"","format":"standard","meta":{"footnotes":""},"categories":[6],"tags":[60,47],"class_list":["post-44229","post","type-post","status-publish","format-standard","has-post-thumbnail","hentry","category-noticias","tag-formacion","tag-pastoral-de-la-salud","masonry-post","generate-columns","tablet-grid-50","mobile-grid-100","grid-parent","grid-50"],"yoast_head":"<!-- This site is optimized with the Yoast SEO plugin v27.3 - https:\/\/yoast.com\/product\/yoast-seo-wordpress\/ -->\n<title>La Di\u00f3cesis participa en el II Encuentro de formaci\u00f3n de voluntarios de Pastoral de la Salud - Di\u00f3cesis de Ciudad Rodrigo<\/title>\n<meta name=\"description\" content=\"Elisabet Carrasco Falc\u00f3 ha sido la ponente de esta Jornada de formaci\u00f3n de voluntarios de agentes de pastoral de la salud\" \/>\n<meta name=\"robots\" content=\"index, follow, max-snippet:-1, max-image-preview:large, max-video-preview:-1\" \/>\n<link rel=\"canonical\" href=\"https:\/\/www.diocesisciudadrodrigo.org\/blog4\/la-diocesis-participa-en-el-ii-encuentro-de-formacion-de-voluntarios-de-pastoral-de-la-salud\/\" \/>\n<meta property=\"og:locale\" content=\"es_ES\" \/>\n<meta property=\"og:type\" content=\"article\" \/>\n<meta property=\"og:title\" content=\"La Di\u00f3cesis participa en el II Encuentro de formaci\u00f3n de voluntarios de Pastoral de la Salud - Di\u00f3cesis de Ciudad Rodrigo\" \/>\n<meta property=\"og:description\" content=\"Elisabet Carrasco Falc\u00f3 ha sido la ponente de esta Jornada de formaci\u00f3n de voluntarios de agentes de pastoral de la salud\" \/>\n<meta property=\"og:url\" content=\"https:\/\/www.diocesisciudadrodrigo.org\/blog4\/la-diocesis-participa-en-el-ii-encuentro-de-formacion-de-voluntarios-de-pastoral-de-la-salud\/\" \/>\n<meta property=\"og:site_name\" content=\"Di\u00f3cesis de Ciudad Rodrigo\" \/>\n<meta property=\"article:publisher\" content=\"https:\/\/www.facebook.com\/people\/Dicesis-Ciudad-Rodrigo-MCS\/100076471923419\/#\" \/>\n<meta property=\"article:published_time\" content=\"2026-04-28T16:41:33+00:00\" \/>\n<meta property=\"og:image\" content=\"https:\/\/www.diocesisciudadrodrigo.org\/blog4\/wp-content\/uploads\/2026\/04\/PHOTO-2026-04-28-17-10-45.jpg\" \/>\n\t<meta property=\"og:image:width\" content=\"1600\" \/>\n\t<meta property=\"og:image:height\" content=\"900\" \/>\n\t<meta property=\"og:image:type\" content=\"image\/jpeg\" \/>\n<meta name=\"author\" content=\"medios CR\" \/>\n<meta name=\"twitter:card\" content=\"summary_large_image\" \/>\n<meta name=\"twitter:label1\" content=\"Escrito por\" \/>\n\t<meta name=\"twitter:data1\" content=\"medios CR\" \/>\n\t<meta name=\"twitter:label2\" content=\"Tiempo de lectura\" \/>\n\t<meta name=\"twitter:data2\" content=\"2 minutos\" \/>\n<script type=\"application\/ld+json\" class=\"yoast-schema-graph\">{\"@context\":\"https:\\\/\\\/schema.org\",\"@graph\":[{\"@type\":\"Article\",\"@id\":\"https:\\\/\\\/www.diocesisciudadrodrigo.org\\\/blog4\\\/la-diocesis-participa-en-el-ii-encuentro-de-formacion-de-voluntarios-de-pastoral-de-la-salud\\\/#article\",\"isPartOf\":{\"@id\":\"https:\\\/\\\/www.diocesisciudadrodrigo.org\\\/blog4\\\/la-diocesis-participa-en-el-ii-encuentro-de-formacion-de-voluntarios-de-pastoral-de-la-salud\\\/\"},\"author\":{\"name\":\"medios CR\",\"@id\":\"https:\\\/\\\/www.diocesisciudadrodrigo.org\\\/blog4\\\/#\\\/schema\\\/person\\\/5fcf0ca636a75766ff70e6417b6ed052\"},\"headline\":\"La Di\u00f3cesis participa en el II Encuentro de formaci\u00f3n de voluntarios de Pastoral de la Salud\",\"datePublished\":\"2026-04-28T16:41:33+00:00\",\"mainEntityOfPage\":{\"@id\":\"https:\\\/\\\/www.diocesisciudadrodrigo.org\\\/blog4\\\/la-diocesis-participa-en-el-ii-encuentro-de-formacion-de-voluntarios-de-pastoral-de-la-salud\\\/\"},\"wordCount\":318,\"publisher\":{\"@id\":\"https:\\\/\\\/www.diocesisciudadrodrigo.org\\\/blog4\\\/#organization\"},\"image\":{\"@id\":\"https:\\\/\\\/www.diocesisciudadrodrigo.org\\\/blog4\\\/la-diocesis-participa-en-el-ii-encuentro-de-formacion-de-voluntarios-de-pastoral-de-la-salud\\\/#primaryimage\"},\"thumbnailUrl\":\"https:\\\/\\\/www.diocesisciudadrodrigo.org\\\/blog4\\\/wp-content\\\/uploads\\\/2026\\\/04\\\/PHOTO-2026-04-28-17-10-45.jpg\",\"keywords\":[\"formaci\u00f3n\",\"Pastoral de la Salud\"],\"articleSection\":[\"Noticias\"],\"inLanguage\":\"es\"},{\"@type\":\"WebPage\",\"@id\":\"https:\\\/\\\/www.diocesisciudadrodrigo.org\\\/blog4\\\/la-diocesis-participa-en-el-ii-encuentro-de-formacion-de-voluntarios-de-pastoral-de-la-salud\\\/\",\"url\":\"https:\\\/\\\/www.diocesisciudadrodrigo.org\\\/blog4\\\/la-diocesis-participa-en-el-ii-encuentro-de-formacion-de-voluntarios-de-pastoral-de-la-salud\\\/\",\"name\":\"La Di\u00f3cesis participa en el II Encuentro de formaci\u00f3n de voluntarios de Pastoral de la Salud - Di\u00f3cesis de Ciudad Rodrigo\",\"isPartOf\":{\"@id\":\"https:\\\/\\\/www.diocesisciudadrodrigo.org\\\/blog4\\\/#website\"},\"primaryImageOfPage\":{\"@id\":\"https:\\\/\\\/www.diocesisciudadrodrigo.org\\\/blog4\\\/la-diocesis-participa-en-el-ii-encuentro-de-formacion-de-voluntarios-de-pastoral-de-la-salud\\\/#primaryimage\"},\"image\":{\"@id\":\"https:\\\/\\\/www.diocesisciudadrodrigo.org\\\/blog4\\\/la-diocesis-participa-en-el-ii-encuentro-de-formacion-de-voluntarios-de-pastoral-de-la-salud\\\/#primaryimage\"},\"thumbnailUrl\":\"https:\\\/\\\/www.diocesisciudadrodrigo.org\\\/blog4\\\/wp-content\\\/uploads\\\/2026\\\/04\\\/PHOTO-2026-04-28-17-10-45.jpg\",\"datePublished\":\"2026-04-28T16:41:33+00:00\",\"description\":\"Elisabet Carrasco Falc\u00f3 ha sido la ponente de esta Jornada de formaci\u00f3n de voluntarios de agentes de pastoral de la salud\",\"breadcrumb\":{\"@id\":\"https:\\\/\\\/www.diocesisciudadrodrigo.org\\\/blog4\\\/la-diocesis-participa-en-el-ii-encuentro-de-formacion-de-voluntarios-de-pastoral-de-la-salud\\\/#breadcrumb\"},\"inLanguage\":\"es\",\"potentialAction\":[{\"@type\":\"ReadAction\",\"target\":[\"https:\\\/\\\/www.diocesisciudadrodrigo.org\\\/blog4\\\/la-diocesis-participa-en-el-ii-encuentro-de-formacion-de-voluntarios-de-pastoral-de-la-salud\\\/\"]}]},{\"@type\":\"ImageObject\",\"inLanguage\":\"es\",\"@id\":\"https:\\\/\\\/www.diocesisciudadrodrigo.org\\\/blog4\\\/la-diocesis-participa-en-el-ii-encuentro-de-formacion-de-voluntarios-de-pastoral-de-la-salud\\\/#primaryimage\",\"url\":\"https:\\\/\\\/www.diocesisciudadrodrigo.org\\\/blog4\\\/wp-content\\\/uploads\\\/2026\\\/04\\\/PHOTO-2026-04-28-17-10-45.jpg\",\"contentUrl\":\"https:\\\/\\\/www.diocesisciudadrodrigo.org\\\/blog4\\\/wp-content\\\/uploads\\\/2026\\\/04\\\/PHOTO-2026-04-28-17-10-45.jpg\",\"width\":1600,\"height\":900,\"caption\":\"Asistentes a la II Jornada de formaci\u00f3n de voluntarios de Pastoral de la Salud\"},{\"@type\":\"BreadcrumbList\",\"@id\":\"https:\\\/\\\/www.diocesisciudadrodrigo.org\\\/blog4\\\/la-diocesis-participa-en-el-ii-encuentro-de-formacion-de-voluntarios-de-pastoral-de-la-salud\\\/#breadcrumb\",\"itemListElement\":[{\"@type\":\"ListItem\",\"position\":1,\"name\":\"Portada\",\"item\":\"https:\\\/\\\/www.diocesisciudadrodrigo.org\\\/blog4\\\/\"},{\"@type\":\"ListItem\",\"position\":2,\"name\":\"La Di\u00f3cesis participa en el II Encuentro de formaci\u00f3n de voluntarios de Pastoral de la Salud\"}]},{\"@type\":\"WebSite\",\"@id\":\"https:\\\/\\\/www.diocesisciudadrodrigo.org\\\/blog4\\\/#website\",\"url\":\"https:\\\/\\\/www.diocesisciudadrodrigo.org\\\/blog4\\\/\",\"name\":\"Di\u00f3cesis de Ciudad Rodrigo\",\"description\":\"Sitio web oficial de la di\u00f3cesis civitatense\",\"publisher\":{\"@id\":\"https:\\\/\\\/www.diocesisciudadrodrigo.org\\\/blog4\\\/#organization\"},\"potentialAction\":[{\"@type\":\"SearchAction\",\"target\":{\"@type\":\"EntryPoint\",\"urlTemplate\":\"https:\\\/\\\/www.diocesisciudadrodrigo.org\\\/blog4\\\/?s={search_term_string}\"},\"query-input\":{\"@type\":\"PropertyValueSpecification\",\"valueRequired\":true,\"valueName\":\"search_term_string\"}}],\"inLanguage\":\"es\"},{\"@type\":\"Organization\",\"@id\":\"https:\\\/\\\/www.diocesisciudadrodrigo.org\\\/blog4\\\/#organization\",\"name\":\"Di\u00f3cesis de Ciudad Rodrigo\",\"url\":\"https:\\\/\\\/www.diocesisciudadrodrigo.org\\\/blog4\\\/\",\"logo\":{\"@type\":\"ImageObject\",\"inLanguage\":\"es\",\"@id\":\"https:\\\/\\\/www.diocesisciudadrodrigo.org\\\/blog4\\\/#\\\/schema\\\/logo\\\/image\\\/\",\"url\":\"https:\\\/\\\/www.diocesisciudadrodrigo.org\\\/blog4\\\/wp-content\\\/uploads\\\/2024\\\/12\\\/Diocesis.CMYK_-768x480-1.jpg\",\"contentUrl\":\"https:\\\/\\\/www.diocesisciudadrodrigo.org\\\/blog4\\\/wp-content\\\/uploads\\\/2024\\\/12\\\/Diocesis.CMYK_-768x480-1.jpg\",\"width\":768,\"height\":480,\"caption\":\"Di\u00f3cesis de Ciudad Rodrigo\"},\"image\":{\"@id\":\"https:\\\/\\\/www.diocesisciudadrodrigo.org\\\/blog4\\\/#\\\/schema\\\/logo\\\/image\\\/\"},\"sameAs\":[\"https:\\\/\\\/www.facebook.com\\\/people\\\/Dicesis-Ciudad-Rodrigo-MCS\\\/100076471923419\\\/#\"]},{\"@type\":\"Person\",\"@id\":\"https:\\\/\\\/www.diocesisciudadrodrigo.org\\\/blog4\\\/#\\\/schema\\\/person\\\/5fcf0ca636a75766ff70e6417b6ed052\",\"name\":\"medios CR\",\"image\":{\"@type\":\"ImageObject\",\"inLanguage\":\"es\",\"@id\":\"https:\\\/\\\/secure.gravatar.com\\\/avatar\\\/4a619fd0c7e36bd570f4e6e15eb09a2191185d0f63d8dbfdffe848af141ab87e?s=96&d=mm&r=g\",\"url\":\"https:\\\/\\\/secure.gravatar.com\\\/avatar\\\/4a619fd0c7e36bd570f4e6e15eb09a2191185d0f63d8dbfdffe848af141ab87e?s=96&d=mm&r=g\",\"contentUrl\":\"https:\\\/\\\/secure.gravatar.com\\\/avatar\\\/4a619fd0c7e36bd570f4e6e15eb09a2191185d0f63d8dbfdffe848af141ab87e?s=96&d=mm&r=g\",\"caption\":\"medios CR\"},\"url\":\"https:\\\/\\\/www.diocesisciudadrodrigo.org\\\/blog4\\\/author\\\/admin4\\\/\"}]}<\/script>\n<!-- \/ Yoast SEO plugin. -->","yoast_head_json":{"title":"La Di\u00f3cesis participa en el II Encuentro de formaci\u00f3n de voluntarios de Pastoral de la Salud - Di\u00f3cesis de Ciudad Rodrigo","description":"Elisabet Carrasco Falc\u00f3 ha sido la ponente de esta Jornada de formaci\u00f3n de voluntarios de agentes de pastoral de la salud","robots":{"index":"index","follow":"follow","max-snippet":"max-snippet:-1","max-image-preview":"max-image-preview:large","max-video-preview":"max-video-preview:-1"},"canonical":"https:\/\/www.diocesisciudadrodrigo.org\/blog4\/la-diocesis-participa-en-el-ii-encuentro-de-formacion-de-voluntarios-de-pastoral-de-la-salud\/","og_locale":"es_ES","og_type":"article","og_title":"La Di\u00f3cesis participa en el II Encuentro de formaci\u00f3n de voluntarios de Pastoral de la Salud - Di\u00f3cesis de Ciudad Rodrigo","og_description":"Elisabet Carrasco Falc\u00f3 ha sido la ponente de esta Jornada de formaci\u00f3n de voluntarios de agentes de pastoral de la salud","og_url":"https:\/\/www.diocesisciudadrodrigo.org\/blog4\/la-diocesis-participa-en-el-ii-encuentro-de-formacion-de-voluntarios-de-pastoral-de-la-salud\/","og_site_name":"Di\u00f3cesis de Ciudad Rodrigo","article_publisher":"https:\/\/www.facebook.com\/people\/Dicesis-Ciudad-Rodrigo-MCS\/100076471923419\/#","article_published_time":"2026-04-28T16:41:33+00:00","og_image":[{"width":1600,"height":900,"url":"https:\/\/www.diocesisciudadrodrigo.org\/blog4\/wp-content\/uploads\/2026\/04\/PHOTO-2026-04-28-17-10-45.jpg","type":"image\/jpeg"}],"author":"medios CR","twitter_card":"summary_large_image","twitter_misc":{"Escrito por":"medios CR","Tiempo de lectura":"2 minutos"},"schema":{"@context":"https:\/\/schema.org","@graph":[{"@type":"Article","@id":"https:\/\/www.diocesisciudadrodrigo.org\/blog4\/la-diocesis-participa-en-el-ii-encuentro-de-formacion-de-voluntarios-de-pastoral-de-la-salud\/#article","isPartOf":{"@id":"https:\/\/www.diocesisciudadrodrigo.org\/blog4\/la-diocesis-participa-en-el-ii-encuentro-de-formacion-de-voluntarios-de-pastoral-de-la-salud\/"},"author":{"name":"medios CR","@id":"https:\/\/www.diocesisciudadrodrigo.org\/blog4\/#\/schema\/person\/5fcf0ca636a75766ff70e6417b6ed052"},"headline":"La Di\u00f3cesis participa en el II Encuentro de formaci\u00f3n de voluntarios de Pastoral de la Salud","datePublished":"2026-04-28T16:41:33+00:00","mainEntityOfPage":{"@id":"https:\/\/www.diocesisciudadrodrigo.org\/blog4\/la-diocesis-participa-en-el-ii-encuentro-de-formacion-de-voluntarios-de-pastoral-de-la-salud\/"},"wordCount":318,"publisher":{"@id":"https:\/\/www.diocesisciudadrodrigo.org\/blog4\/#organization"},"image":{"@id":"https:\/\/www.diocesisciudadrodrigo.org\/blog4\/la-diocesis-participa-en-el-ii-encuentro-de-formacion-de-voluntarios-de-pastoral-de-la-salud\/#primaryimage"},"thumbnailUrl":"https:\/\/www.diocesisciudadrodrigo.org\/blog4\/wp-content\/uploads\/2026\/04\/PHOTO-2026-04-28-17-10-45.jpg","keywords":["formaci\u00f3n","Pastoral de la Salud"],"articleSection":["Noticias"],"inLanguage":"es"},{"@type":"WebPage","@id":"https:\/\/www.diocesisciudadrodrigo.org\/blog4\/la-diocesis-participa-en-el-ii-encuentro-de-formacion-de-voluntarios-de-pastoral-de-la-salud\/","url":"https:\/\/www.diocesisciudadrodrigo.org\/blog4\/la-diocesis-participa-en-el-ii-encuentro-de-formacion-de-voluntarios-de-pastoral-de-la-salud\/","name":"La Di\u00f3cesis participa en el II Encuentro de formaci\u00f3n de voluntarios de Pastoral de la Salud - Di\u00f3cesis de Ciudad Rodrigo","isPartOf":{"@id":"https:\/\/www.diocesisciudadrodrigo.org\/blog4\/#website"},"primaryImageOfPage":{"@id":"https:\/\/www.diocesisciudadrodrigo.org\/blog4\/la-diocesis-participa-en-el-ii-encuentro-de-formacion-de-voluntarios-de-pastoral-de-la-salud\/#primaryimage"},"image":{"@id":"https:\/\/www.diocesisciudadrodrigo.org\/blog4\/la-diocesis-participa-en-el-ii-encuentro-de-formacion-de-voluntarios-de-pastoral-de-la-salud\/#primaryimage"},"thumbnailUrl":"https:\/\/www.diocesisciudadrodrigo.org\/blog4\/wp-content\/uploads\/2026\/04\/PHOTO-2026-04-28-17-10-45.jpg","datePublished":"2026-04-28T16:41:33+00:00","description":"Elisabet Carrasco Falc\u00f3 ha sido la ponente de esta Jornada de formaci\u00f3n de voluntarios de agentes de pastoral de la salud","breadcrumb":{"@id":"https:\/\/www.diocesisciudadrodrigo.org\/blog4\/la-diocesis-participa-en-el-ii-encuentro-de-formacion-de-voluntarios-de-pastoral-de-la-salud\/#breadcrumb"},"inLanguage":"es","potentialAction":[{"@type":"ReadAction","target":["https:\/\/www.diocesisciudadrodrigo.org\/blog4\/la-diocesis-participa-en-el-ii-encuentro-de-formacion-de-voluntarios-de-pastoral-de-la-salud\/"]}]},{"@type":"ImageObject","inLanguage":"es","@id":"https:\/\/www.diocesisciudadrodrigo.org\/blog4\/la-diocesis-participa-en-el-ii-encuentro-de-formacion-de-voluntarios-de-pastoral-de-la-salud\/#primaryimage","url":"https:\/\/www.diocesisciudadrodrigo.org\/blog4\/wp-content\/uploads\/2026\/04\/PHOTO-2026-04-28-17-10-45.jpg","contentUrl":"https:\/\/www.diocesisciudadrodrigo.org\/blog4\/wp-content\/uploads\/2026\/04\/PHOTO-2026-04-28-17-10-45.jpg","width":1600,"height":900,"caption":"Asistentes a la II Jornada de formaci\u00f3n de voluntarios de Pastoral de la Salud"},{"@type":"BreadcrumbList","@id":"https:\/\/www.diocesisciudadrodrigo.org\/blog4\/la-diocesis-participa-en-el-ii-encuentro-de-formacion-de-voluntarios-de-pastoral-de-la-salud\/#breadcrumb","itemListElement":[{"@type":"ListItem","position":1,"name":"Portada","item":"https:\/\/www.diocesisciudadrodrigo.org\/blog4\/"},{"@type":"ListItem","position":2,"name":"La Di\u00f3cesis participa en el II Encuentro de formaci\u00f3n de voluntarios de Pastoral de la Salud"}]},{"@type":"WebSite","@id":"https:\/\/www.diocesisciudadrodrigo.org\/blog4\/#website","url":"https:\/\/www.diocesisciudadrodrigo.org\/blog4\/","name":"Di\u00f3cesis de Ciudad Rodrigo","description":"Sitio web oficial de la di\u00f3cesis civitatense","publisher":{"@id":"https:\/\/www.diocesisciudadrodrigo.org\/blog4\/#organization"},"potentialAction":[{"@type":"SearchAction","target":{"@type":"EntryPoint","urlTemplate":"https:\/\/www.diocesisciudadrodrigo.org\/blog4\/?s={search_term_string}"},"query-input":{"@type":"PropertyValueSpecification","valueRequired":true,"valueName":"search_term_string"}}],"inLanguage":"es"},{"@type":"Organization","@id":"https:\/\/www.diocesisciudadrodrigo.org\/blog4\/#organization","name":"Di\u00f3cesis de Ciudad Rodrigo","url":"https:\/\/www.diocesisciudadrodrigo.org\/blog4\/","logo":{"@type":"ImageObject","inLanguage":"es","@id":"https:\/\/www.diocesisciudadrodrigo.org\/blog4\/#\/schema\/logo\/image\/","url":"https:\/\/www.diocesisciudadrodrigo.org\/blog4\/wp-content\/uploads\/2024\/12\/Diocesis.CMYK_-768x480-1.jpg","contentUrl":"https:\/\/www.diocesisciudadrodrigo.org\/blog4\/wp-content\/uploads\/2024\/12\/Diocesis.CMYK_-768x480-1.jpg","width":768,"height":480,"caption":"Di\u00f3cesis de Ciudad Rodrigo"},"image":{"@id":"https:\/\/www.diocesisciudadrodrigo.org\/blog4\/#\/schema\/logo\/image\/"},"sameAs":["https:\/\/www.facebook.com\/people\/Dicesis-Ciudad-Rodrigo-MCS\/100076471923419\/#"]},{"@type":"Person","@id":"https:\/\/www.diocesisciudadrodrigo.org\/blog4\/#\/schema\/person\/5fcf0ca636a75766ff70e6417b6ed052","name":"medios CR","image":{"@type":"ImageObject","inLanguage":"es","@id":"https:\/\/secure.gravatar.com\/avatar\/4a619fd0c7e36bd570f4e6e15eb09a2191185d0f63d8dbfdffe848af141ab87e?s=96&d=mm&r=g","url":"https:\/\/secure.gravatar.com\/avatar\/4a619fd0c7e36bd570f4e6e15eb09a2191185d0f63d8dbfdffe848af141ab87e?s=96&d=mm&r=g","contentUrl":"https:\/\/secure.gravatar.com\/avatar\/4a619fd0c7e36bd570f4e6e15eb09a2191185d0f63d8dbfdffe848af141ab87e?s=96&d=mm&r=g","caption":"medios CR"},"url":"https:\/\/www.diocesisciudadrodrigo.org\/blog4\/author\/admin4\/"}]}},"_links":{"self":[{"href":"https:\/\/www.diocesisciudadrodrigo.org\/blog4\/wp-json\/wp\/v2\/posts\/44229","targetHints":{"allow":["GET"]}}],"collection":[{"href":"https:\/\/www.diocesisciudadrodrigo.org\/blog4\/wp-json\/wp\/v2\/posts"}],"about":[{"href":"https:\/\/www.diocesisciudadrodrigo.org\/blog4\/wp-json\/wp\/v2\/types\/post"}],"author":[{"embeddable":true,"href":"https:\/\/www.diocesisciudadrodrigo.org\/blog4\/wp-json\/wp\/v2\/users\/1"}],"replies":[{"embeddable":true,"href":"https:\/\/www.diocesisciudadrodrigo.org\/blog4\/wp-json\/wp\/v2\/comments?post=44229"}],"version-history":[{"count":7,"href":"https:\/\/www.diocesisciudadrodrigo.org\/blog4\/wp-json\/wp\/v2\/posts\/44229\/revisions"}],"predecessor-version":[{"id":44239,"href":"https:\/\/www.diocesisciudadrodrigo.org\/blog4\/wp-json\/wp\/v2\/posts\/44229\/revisions\/44239"}],"wp:featuredmedia":[{"embeddable":true,"href":"https:\/\/www.diocesisciudadrodrigo.org\/blog4\/wp-json\/wp\/v2\/media\/44230"}],"wp:attachment":[{"href":"https:\/\/www.diocesisciudadrodrigo.org\/blog4\/wp-json\/wp\/v2\/media?parent=44229"}],"wp:term":[{"taxonomy":"category","embeddable":true,"href":"https:\/\/www.diocesisciudadrodrigo.org\/blog4\/wp-json\/wp\/v2\/categories?post=44229"},{"taxonomy":"post_tag","embeddable":true,"href":"https:\/\/www.diocesisciudadrodrigo.org\/blog4\/wp-json\/wp\/v2\/tags?post=44229"}],"curies":[{"name":"wp","href":"https:\/\/api.w.org\/{rel}","templated":true}]}}