{"id":44204,"date":"2026-04-28T11:34:49","date_gmt":"2026-04-28T09:34:49","guid":{"rendered":"https:\/\/www.diocesisciudadrodrigo.org\/blog4\/?p=44204"},"modified":"2026-04-28T12:35:56","modified_gmt":"2026-04-28T10:35:56","slug":"el-obispo-preside-la-reunion-del-consejo-diocesano-de-asuntos-economicos","status":"publish","type":"post","link":"https:\/\/www.diocesisciudadrodrigo.org\/blog4\/el-obispo-preside-la-reunion-del-consejo-diocesano-de-asuntos-economicos\/","title":{"rendered":"El obispo preside la reuni\u00f3n ordinaria del Consejo Diocesano de Asuntos Econ\u00f3micos"},"content":{"rendered":"\t\t<div data-elementor-type=\"wp-post\" data-elementor-id=\"44204\" class=\"elementor elementor-44204\" data-elementor-settings=\"[]\">\n\t\t\t\t\t\t<div class=\"elementor-inner\">\n\t\t\t\t\t\t\t<div class=\"elementor-section-wrap\">\n\t\t\t\t\t\t\t<section class=\"elementor-section elementor-top-section elementor-element elementor-element-7e0852f elementor-section-boxed elementor-section-height-default elementor-section-height-default\" data-id=\"7e0852f\" data-element_type=\"section\">\n\t\t\t\t\t\t<div class=\"elementor-container elementor-column-gap-default\">\n\t\t\t\t\t\t\t<div class=\"elementor-row\">\n\t\t\t\t\t<div class=\"elementor-column elementor-col-100 elementor-top-column elementor-element elementor-element-d53fab2\" data-id=\"d53fab2\" data-element_type=\"column\">\n\t\t\t<div class=\"elementor-column-wrap elementor-element-populated\">\n\t\t\t\t\t\t\t<div class=\"elementor-widget-wrap\">\n\t\t\t\t\t\t<div class=\"elementor-element elementor-element-f149f9a elementor-widget elementor-widget-image\" data-id=\"f149f9a\" data-element_type=\"widget\" data-widget_type=\"image.default\">\n\t\t\t\t<div class=\"elementor-widget-container\">\n\t\t\t\t\t\t\t\t<div class=\"elementor-image\">\n\t\t\t\t\t\t\t\t\t<figure class=\"wp-caption\">\n\t\t\t\t\t\t\t\t\t\t<img loading=\"lazy\" decoding=\"async\" width=\"1200\" height=\"675\" src=\"https:\/\/www.diocesisciudadrodrigo.org\/blog4\/wp-content\/uploads\/2026\/04\/c4bbd06d-785c-4bf1-9877-ae31cfd9cfdc-2000x1125.jpg\" class=\"attachment-large size-large\" alt=\"Reuni\u00f3n del Consejo diocesano de Asuntos Econ\u00f3micos\" srcset=\"https:\/\/www.diocesisciudadrodrigo.org\/blog4\/wp-content\/uploads\/2026\/04\/c4bbd06d-785c-4bf1-9877-ae31cfd9cfdc-2000x1125.jpg 2000w, https:\/\/www.diocesisciudadrodrigo.org\/blog4\/wp-content\/uploads\/2026\/04\/c4bbd06d-785c-4bf1-9877-ae31cfd9cfdc-1000x563.jpg 1000w, https:\/\/www.diocesisciudadrodrigo.org\/blog4\/wp-content\/uploads\/2026\/04\/c4bbd06d-785c-4bf1-9877-ae31cfd9cfdc-768x432.jpg 768w, https:\/\/www.diocesisciudadrodrigo.org\/blog4\/wp-content\/uploads\/2026\/04\/c4bbd06d-785c-4bf1-9877-ae31cfd9cfdc-1536x864.jpg 1536w, https:\/\/www.diocesisciudadrodrigo.org\/blog4\/wp-content\/uploads\/2026\/04\/c4bbd06d-785c-4bf1-9877-ae31cfd9cfdc-350x197.jpg 350w, https:\/\/www.diocesisciudadrodrigo.org\/blog4\/wp-content\/uploads\/2026\/04\/c4bbd06d-785c-4bf1-9877-ae31cfd9cfdc.jpg 2040w\" sizes=\"auto, (max-width: 1200px) 100vw, 1200px\" \/>\t\t\t\t\t\t\t\t\t\t\t<figcaption class=\"widget-image-caption wp-caption-text\">Un momento de la reuni\u00f3n del Consejo diocesano de Asuntos Econ\u00f3micos<\/figcaption>\n\t\t\t\t\t\t\t\t\t\t<\/figure>\n\t\t\t\t\t\t\t\t<\/div>\n\t\t\t\t\t\t<\/div>\n\t\t\t\t<\/div>\n\t\t\t\t\t\t<\/div>\n\t\t\t\t\t<\/div>\n\t\t<\/div>\n\t\t\t\t\t\t\t\t<\/div>\n\t\t\t\t\t<\/div>\n\t\t<\/section>\n\t\t\t\t<section class=\"elementor-section elementor-top-section elementor-element elementor-element-6eb259b elementor-section-boxed elementor-section-height-default elementor-section-height-default\" data-id=\"6eb259b\" data-element_type=\"section\">\n\t\t\t\t\t\t<div class=\"elementor-container elementor-column-gap-default\">\n\t\t\t\t\t\t\t<div class=\"elementor-row\">\n\t\t\t\t\t<div class=\"elementor-column elementor-col-100 elementor-top-column elementor-element elementor-element-a9f07a2\" data-id=\"a9f07a2\" data-element_type=\"column\">\n\t\t\t<div class=\"elementor-column-wrap elementor-element-populated\">\n\t\t\t\t\t\t\t<div class=\"elementor-widget-wrap\">\n\t\t\t\t\t\t<div class=\"elementor-element elementor-element-a205b82 elementor-widget elementor-widget-text-editor\" data-id=\"a205b82\" data-element_type=\"widget\" data-widget_type=\"text-editor.default\">\n\t\t\t\t<div class=\"elementor-widget-container\">\n\t\t\t\t\t\t\t\t<div class=\"elementor-text-editor elementor-clearfix\">\n\t\t\t\t<p style=\"font-weight: 400;\">El obispo de Ciudad Rodrigo, Mons. Jos\u00e9 Luis Retana, <strong>ha presidido la reuni\u00f3n ordinaria del Consejo Diocesano de Asuntos Econ\u00f3micos<\/strong> que se ha celebrado este lunes, 27 de abril en el obispado.<\/p><p style=\"font-weight: 400;\">Durante la reuni\u00f3n se ha <strong>presentado y aprobado el balance del Ejercicio econ\u00f3mico 2025<\/strong>. Tambi\u00e9n se ha presentado y aprobado <strong>el presupuesto del Ejercicio econ\u00f3mico 2026<\/strong>, tal y como se recoge en la norma del canon 493 \u00a7 prevista en el C\u00f3digo de derecho can\u00f3nico.\u00a0<\/p><p style=\"font-weight: 400;\">En este Consejo se han tratado otros asuntos como <strong>la situaci\u00f3n actual del Seminario y de la Casa Sacerdotal<\/strong> y se ha informado sobre<strong> los convenios de colaboraci\u00f3n<\/strong> con la Administraci\u00f3n p\u00fablica como la Junta de Castilla y Le\u00f3n y la Diputaci\u00f3n provincial de Salamanca.\u00a0<\/p><p style=\"font-weight: 400;\">Tambi\u00e9n se ha informado sobre las implicaciones de la <strong>implantaci\u00f3n del sistema de cumplimiento normativo penal en la Di\u00f3cesis<\/strong>.\u00a0<\/p>\t\t\t\t\t<\/div>\n\t\t\t\t\t\t<\/div>\n\t\t\t\t<\/div>\n\t\t\t\t\t\t<\/div>\n\t\t\t\t\t<\/div>\n\t\t<\/div>\n\t\t\t\t\t\t\t\t<\/div>\n\t\t\t\t\t<\/div>\n\t\t<\/section>\n\t\t\t\t<section class=\"elementor-section elementor-top-section elementor-element elementor-element-8cf8c64 elementor-section-boxed elementor-section-height-default elementor-section-height-default\" data-id=\"8cf8c64\" data-element_type=\"section\">\n\t\t\t\t\t\t<div class=\"elementor-container elementor-column-gap-default\">\n\t\t\t\t\t\t\t<div class=\"elementor-row\">\n\t\t\t\t\t<div class=\"elementor-column elementor-col-100 elementor-top-column elementor-element elementor-element-14112df\" data-id=\"14112df\" data-element_type=\"column\">\n\t\t\t<div class=\"elementor-column-wrap elementor-element-populated\">\n\t\t\t\t\t\t\t<div class=\"elementor-widget-wrap\">\n\t\t\t\t\t\t<div class=\"elementor-element elementor-element-133c45a elementor-widget elementor-widget-image-gallery\" data-id=\"133c45a\" data-element_type=\"widget\" data-widget_type=\"image-gallery.default\">\n\t\t\t\t<div class=\"elementor-widget-container\">\n\t\t\t\t\t<div class=\"elementor-image-gallery\">\n\t\t\t<div id='gallery-1' class='gallery galleryid-44204 gallery-columns-1 gallery-size-full'><figure class='gallery-item'>\n\t\t\t<div class='gallery-icon landscape'>\n\t\t\t\t<a  href='https:\/\/www.diocesisciudadrodrigo.org\/blog4\/wp-content\/uploads\/2026\/04\/9b2ce230-7018-4aa4-a03c-40112e8b01e0.jpg'><img loading=\"lazy\" decoding=\"async\" width=\"2040\" height=\"1148\" src=\"https:\/\/www.diocesisciudadrodrigo.org\/blog4\/wp-content\/uploads\/2026\/04\/9b2ce230-7018-4aa4-a03c-40112e8b01e0.jpg\" class=\"attachment-full size-full\" alt=\"\" srcset=\"https:\/\/www.diocesisciudadrodrigo.org\/blog4\/wp-content\/uploads\/2026\/04\/9b2ce230-7018-4aa4-a03c-40112e8b01e0.jpg 2040w, https:\/\/www.diocesisciudadrodrigo.org\/blog4\/wp-content\/uploads\/2026\/04\/9b2ce230-7018-4aa4-a03c-40112e8b01e0-1000x563.jpg 1000w, https:\/\/www.diocesisciudadrodrigo.org\/blog4\/wp-content\/uploads\/2026\/04\/9b2ce230-7018-4aa4-a03c-40112e8b01e0-2000x1125.jpg 2000w, https:\/\/www.diocesisciudadrodrigo.org\/blog4\/wp-content\/uploads\/2026\/04\/9b2ce230-7018-4aa4-a03c-40112e8b01e0-768x432.jpg 768w, https:\/\/www.diocesisciudadrodrigo.org\/blog4\/wp-content\/uploads\/2026\/04\/9b2ce230-7018-4aa4-a03c-40112e8b01e0-1536x864.jpg 1536w, https:\/\/www.diocesisciudadrodrigo.org\/blog4\/wp-content\/uploads\/2026\/04\/9b2ce230-7018-4aa4-a03c-40112e8b01e0-350x197.jpg 350w\" sizes=\"auto, (max-width: 2040px) 100vw, 2040px\" \/><\/a>\n\t\t\t<\/div><\/figure>\n\t\t<\/div>\n\t\t<\/div>\n\t\t\t\t<\/div>\n\t\t\t\t<\/div>\n\t\t\t\t\t\t<\/div>\n\t\t\t\t\t<\/div>\n\t\t<\/div>\n\t\t\t\t\t\t\t\t<\/div>\n\t\t\t\t\t<\/div>\n\t\t<\/section>\n\t\t\t\t\t\t<\/div>\n\t\t\t\t\t\t<\/div>\n\t\t\t\t\t<\/div>\n\t\t","protected":false},"excerpt":{"rendered":"<p>En la reuni\u00f3n se ha presentado y aprobado el presupuesto del 2026 as\u00ed como el balance del ejercicio anterior<\/p>\n","protected":false},"author":1,"featured_media":44206,"comment_status":"closed","ping_status":"closed","sticky":false,"template":"","format":"standard","meta":{"footnotes":""},"categories":[6],"tags":[85,35,31],"class_list":["post-44204","post","type-post","status-publish","format-standard","has-post-thumbnail","hentry","category-noticias","tag-asuntos-economicos","tag-diocesis","tag-obispo","masonry-post","generate-columns","tablet-grid-50","mobile-grid-100","grid-parent","grid-50"],"yoast_head":"<!-- This site is optimized with the Yoast SEO plugin v27.3 - https:\/\/yoast.com\/product\/yoast-seo-wordpress\/ -->\n<title>El obispo preside la reuni\u00f3n ordinaria del Consejo Diocesano de Asuntos Econ\u00f3micos - Di\u00f3cesis de Ciudad Rodrigo<\/title>\n<meta name=\"description\" content=\"En la reuni\u00f3n del Consejo Diocesano de Asuntos Econ\u00f3micos se ha presentado y aprobado el presupuesto del 2026 as\u00ed como el balance del ejercicio anterior\" \/>\n<meta name=\"robots\" content=\"index, follow, max-snippet:-1, max-image-preview:large, max-video-preview:-1\" \/>\n<link rel=\"canonical\" href=\"https:\/\/www.diocesisciudadrodrigo.org\/blog4\/el-obispo-preside-la-reunion-del-consejo-diocesano-de-asuntos-economicos\/\" \/>\n<meta property=\"og:locale\" content=\"es_ES\" \/>\n<meta property=\"og:type\" content=\"article\" \/>\n<meta property=\"og:title\" content=\"El obispo preside la reuni\u00f3n ordinaria del Consejo Diocesano de Asuntos Econ\u00f3micos - Di\u00f3cesis de Ciudad Rodrigo\" \/>\n<meta property=\"og:description\" content=\"En la reuni\u00f3n del Consejo Diocesano de Asuntos Econ\u00f3micos se ha presentado y aprobado el presupuesto del 2026 as\u00ed como el balance del ejercicio anterior\" \/>\n<meta property=\"og:url\" content=\"https:\/\/www.diocesisciudadrodrigo.org\/blog4\/el-obispo-preside-la-reunion-del-consejo-diocesano-de-asuntos-economicos\/\" \/>\n<meta property=\"og:site_name\" content=\"Di\u00f3cesis de Ciudad Rodrigo\" \/>\n<meta property=\"article:publisher\" content=\"https:\/\/www.facebook.com\/people\/Dicesis-Ciudad-Rodrigo-MCS\/100076471923419\/#\" \/>\n<meta property=\"article:published_time\" content=\"2026-04-28T09:34:49+00:00\" \/>\n<meta property=\"article:modified_time\" content=\"2026-04-28T10:35:56+00:00\" \/>\n<meta property=\"og:image\" content=\"https:\/\/www.diocesisciudadrodrigo.org\/blog4\/wp-content\/uploads\/2026\/04\/c4bbd06d-785c-4bf1-9877-ae31cfd9cfdc.jpg\" \/>\n\t<meta property=\"og:image:width\" content=\"2040\" \/>\n\t<meta property=\"og:image:height\" content=\"1148\" \/>\n\t<meta property=\"og:image:type\" content=\"image\/jpeg\" \/>\n<meta name=\"author\" content=\"medios CR\" \/>\n<meta name=\"twitter:card\" content=\"summary_large_image\" \/>\n<meta name=\"twitter:label1\" content=\"Escrito por\" \/>\n\t<meta name=\"twitter:data1\" content=\"medios CR\" \/>\n\t<meta name=\"twitter:label2\" content=\"Tiempo de lectura\" \/>\n\t<meta name=\"twitter:data2\" content=\"2 minutos\" \/>\n<script type=\"application\/ld+json\" class=\"yoast-schema-graph\">{\"@context\":\"https:\\\/\\\/schema.org\",\"@graph\":[{\"@type\":\"Article\",\"@id\":\"https:\\\/\\\/www.diocesisciudadrodrigo.org\\\/blog4\\\/el-obispo-preside-la-reunion-del-consejo-diocesano-de-asuntos-economicos\\\/#article\",\"isPartOf\":{\"@id\":\"https:\\\/\\\/www.diocesisciudadrodrigo.org\\\/blog4\\\/el-obispo-preside-la-reunion-del-consejo-diocesano-de-asuntos-economicos\\\/\"},\"author\":{\"name\":\"medios CR\",\"@id\":\"https:\\\/\\\/www.diocesisciudadrodrigo.org\\\/blog4\\\/#\\\/schema\\\/person\\\/5fcf0ca636a75766ff70e6417b6ed052\"},\"headline\":\"El obispo preside la reuni\u00f3n ordinaria del Consejo Diocesano de Asuntos Econ\u00f3micos\",\"datePublished\":\"2026-04-28T09:34:49+00:00\",\"dateModified\":\"2026-04-28T10:35:56+00:00\",\"mainEntityOfPage\":{\"@id\":\"https:\\\/\\\/www.diocesisciudadrodrigo.org\\\/blog4\\\/el-obispo-preside-la-reunion-del-consejo-diocesano-de-asuntos-economicos\\\/\"},\"wordCount\":180,\"publisher\":{\"@id\":\"https:\\\/\\\/www.diocesisciudadrodrigo.org\\\/blog4\\\/#organization\"},\"image\":{\"@id\":\"https:\\\/\\\/www.diocesisciudadrodrigo.org\\\/blog4\\\/el-obispo-preside-la-reunion-del-consejo-diocesano-de-asuntos-economicos\\\/#primaryimage\"},\"thumbnailUrl\":\"https:\\\/\\\/www.diocesisciudadrodrigo.org\\\/blog4\\\/wp-content\\\/uploads\\\/2026\\\/04\\\/c4bbd06d-785c-4bf1-9877-ae31cfd9cfdc.jpg\",\"keywords\":[\"Asuntos Econ\u00f3micos\",\"Di\u00f3cesis\",\"obispo\"],\"articleSection\":[\"Noticias\"],\"inLanguage\":\"es\"},{\"@type\":\"WebPage\",\"@id\":\"https:\\\/\\\/www.diocesisciudadrodrigo.org\\\/blog4\\\/el-obispo-preside-la-reunion-del-consejo-diocesano-de-asuntos-economicos\\\/\",\"url\":\"https:\\\/\\\/www.diocesisciudadrodrigo.org\\\/blog4\\\/el-obispo-preside-la-reunion-del-consejo-diocesano-de-asuntos-economicos\\\/\",\"name\":\"El obispo preside la reuni\u00f3n ordinaria del Consejo Diocesano de Asuntos Econ\u00f3micos - Di\u00f3cesis de Ciudad Rodrigo\",\"isPartOf\":{\"@id\":\"https:\\\/\\\/www.diocesisciudadrodrigo.org\\\/blog4\\\/#website\"},\"primaryImageOfPage\":{\"@id\":\"https:\\\/\\\/www.diocesisciudadrodrigo.org\\\/blog4\\\/el-obispo-preside-la-reunion-del-consejo-diocesano-de-asuntos-economicos\\\/#primaryimage\"},\"image\":{\"@id\":\"https:\\\/\\\/www.diocesisciudadrodrigo.org\\\/blog4\\\/el-obispo-preside-la-reunion-del-consejo-diocesano-de-asuntos-economicos\\\/#primaryimage\"},\"thumbnailUrl\":\"https:\\\/\\\/www.diocesisciudadrodrigo.org\\\/blog4\\\/wp-content\\\/uploads\\\/2026\\\/04\\\/c4bbd06d-785c-4bf1-9877-ae31cfd9cfdc.jpg\",\"datePublished\":\"2026-04-28T09:34:49+00:00\",\"dateModified\":\"2026-04-28T10:35:56+00:00\",\"description\":\"En la reuni\u00f3n del Consejo Diocesano de Asuntos Econ\u00f3micos se ha presentado y aprobado el presupuesto del 2026 as\u00ed como el balance del ejercicio anterior\",\"breadcrumb\":{\"@id\":\"https:\\\/\\\/www.diocesisciudadrodrigo.org\\\/blog4\\\/el-obispo-preside-la-reunion-del-consejo-diocesano-de-asuntos-economicos\\\/#breadcrumb\"},\"inLanguage\":\"es\",\"potentialAction\":[{\"@type\":\"ReadAction\",\"target\":[\"https:\\\/\\\/www.diocesisciudadrodrigo.org\\\/blog4\\\/el-obispo-preside-la-reunion-del-consejo-diocesano-de-asuntos-economicos\\\/\"]}]},{\"@type\":\"ImageObject\",\"inLanguage\":\"es\",\"@id\":\"https:\\\/\\\/www.diocesisciudadrodrigo.org\\\/blog4\\\/el-obispo-preside-la-reunion-del-consejo-diocesano-de-asuntos-economicos\\\/#primaryimage\",\"url\":\"https:\\\/\\\/www.diocesisciudadrodrigo.org\\\/blog4\\\/wp-content\\\/uploads\\\/2026\\\/04\\\/c4bbd06d-785c-4bf1-9877-ae31cfd9cfdc.jpg\",\"contentUrl\":\"https:\\\/\\\/www.diocesisciudadrodrigo.org\\\/blog4\\\/wp-content\\\/uploads\\\/2026\\\/04\\\/c4bbd06d-785c-4bf1-9877-ae31cfd9cfdc.jpg\",\"width\":2040,\"height\":1148,\"caption\":\"Un momento de la reuni\u00f3n del Consejo diocesano de Asuntos Econ\u00f3micos\"},{\"@type\":\"BreadcrumbList\",\"@id\":\"https:\\\/\\\/www.diocesisciudadrodrigo.org\\\/blog4\\\/el-obispo-preside-la-reunion-del-consejo-diocesano-de-asuntos-economicos\\\/#breadcrumb\",\"itemListElement\":[{\"@type\":\"ListItem\",\"position\":1,\"name\":\"Portada\",\"item\":\"https:\\\/\\\/www.diocesisciudadrodrigo.org\\\/blog4\\\/\"},{\"@type\":\"ListItem\",\"position\":2,\"name\":\"El obispo preside la reuni\u00f3n ordinaria del Consejo Diocesano de Asuntos Econ\u00f3micos\"}]},{\"@type\":\"WebSite\",\"@id\":\"https:\\\/\\\/www.diocesisciudadrodrigo.org\\\/blog4\\\/#website\",\"url\":\"https:\\\/\\\/www.diocesisciudadrodrigo.org\\\/blog4\\\/\",\"name\":\"Di\u00f3cesis de Ciudad Rodrigo\",\"description\":\"Sitio web oficial de la di\u00f3cesis civitatense\",\"publisher\":{\"@id\":\"https:\\\/\\\/www.diocesisciudadrodrigo.org\\\/blog4\\\/#organization\"},\"potentialAction\":[{\"@type\":\"SearchAction\",\"target\":{\"@type\":\"EntryPoint\",\"urlTemplate\":\"https:\\\/\\\/www.diocesisciudadrodrigo.org\\\/blog4\\\/?s={search_term_string}\"},\"query-input\":{\"@type\":\"PropertyValueSpecification\",\"valueRequired\":true,\"valueName\":\"search_term_string\"}}],\"inLanguage\":\"es\"},{\"@type\":\"Organization\",\"@id\":\"https:\\\/\\\/www.diocesisciudadrodrigo.org\\\/blog4\\\/#organization\",\"name\":\"Di\u00f3cesis de Ciudad Rodrigo\",\"url\":\"https:\\\/\\\/www.diocesisciudadrodrigo.org\\\/blog4\\\/\",\"logo\":{\"@type\":\"ImageObject\",\"inLanguage\":\"es\",\"@id\":\"https:\\\/\\\/www.diocesisciudadrodrigo.org\\\/blog4\\\/#\\\/schema\\\/logo\\\/image\\\/\",\"url\":\"https:\\\/\\\/www.diocesisciudadrodrigo.org\\\/blog4\\\/wp-content\\\/uploads\\\/2024\\\/12\\\/Diocesis.CMYK_-768x480-1.jpg\",\"contentUrl\":\"https:\\\/\\\/www.diocesisciudadrodrigo.org\\\/blog4\\\/wp-content\\\/uploads\\\/2024\\\/12\\\/Diocesis.CMYK_-768x480-1.jpg\",\"width\":768,\"height\":480,\"caption\":\"Di\u00f3cesis de Ciudad Rodrigo\"},\"image\":{\"@id\":\"https:\\\/\\\/www.diocesisciudadrodrigo.org\\\/blog4\\\/#\\\/schema\\\/logo\\\/image\\\/\"},\"sameAs\":[\"https:\\\/\\\/www.facebook.com\\\/people\\\/Dicesis-Ciudad-Rodrigo-MCS\\\/100076471923419\\\/#\"]},{\"@type\":\"Person\",\"@id\":\"https:\\\/\\\/www.diocesisciudadrodrigo.org\\\/blog4\\\/#\\\/schema\\\/person\\\/5fcf0ca636a75766ff70e6417b6ed052\",\"name\":\"medios CR\",\"image\":{\"@type\":\"ImageObject\",\"inLanguage\":\"es\",\"@id\":\"https:\\\/\\\/secure.gravatar.com\\\/avatar\\\/4a619fd0c7e36bd570f4e6e15eb09a2191185d0f63d8dbfdffe848af141ab87e?s=96&d=mm&r=g\",\"url\":\"https:\\\/\\\/secure.gravatar.com\\\/avatar\\\/4a619fd0c7e36bd570f4e6e15eb09a2191185d0f63d8dbfdffe848af141ab87e?s=96&d=mm&r=g\",\"contentUrl\":\"https:\\\/\\\/secure.gravatar.com\\\/avatar\\\/4a619fd0c7e36bd570f4e6e15eb09a2191185d0f63d8dbfdffe848af141ab87e?s=96&d=mm&r=g\",\"caption\":\"medios CR\"},\"url\":\"https:\\\/\\\/www.diocesisciudadrodrigo.org\\\/blog4\\\/author\\\/admin4\\\/\"}]}<\/script>\n<!-- \/ Yoast SEO plugin. -->","yoast_head_json":{"title":"El obispo preside la reuni\u00f3n ordinaria del Consejo Diocesano de Asuntos Econ\u00f3micos - Di\u00f3cesis de Ciudad Rodrigo","description":"En la reuni\u00f3n del Consejo Diocesano de Asuntos Econ\u00f3micos se ha presentado y aprobado el presupuesto del 2026 as\u00ed como el balance del ejercicio anterior","robots":{"index":"index","follow":"follow","max-snippet":"max-snippet:-1","max-image-preview":"max-image-preview:large","max-video-preview":"max-video-preview:-1"},"canonical":"https:\/\/www.diocesisciudadrodrigo.org\/blog4\/el-obispo-preside-la-reunion-del-consejo-diocesano-de-asuntos-economicos\/","og_locale":"es_ES","og_type":"article","og_title":"El obispo preside la reuni\u00f3n ordinaria del Consejo Diocesano de Asuntos Econ\u00f3micos - Di\u00f3cesis de Ciudad Rodrigo","og_description":"En la reuni\u00f3n del Consejo Diocesano de Asuntos Econ\u00f3micos se ha presentado y aprobado el presupuesto del 2026 as\u00ed como el balance del ejercicio anterior","og_url":"https:\/\/www.diocesisciudadrodrigo.org\/blog4\/el-obispo-preside-la-reunion-del-consejo-diocesano-de-asuntos-economicos\/","og_site_name":"Di\u00f3cesis de Ciudad Rodrigo","article_publisher":"https:\/\/www.facebook.com\/people\/Dicesis-Ciudad-Rodrigo-MCS\/100076471923419\/#","article_published_time":"2026-04-28T09:34:49+00:00","article_modified_time":"2026-04-28T10:35:56+00:00","og_image":[{"width":2040,"height":1148,"url":"https:\/\/www.diocesisciudadrodrigo.org\/blog4\/wp-content\/uploads\/2026\/04\/c4bbd06d-785c-4bf1-9877-ae31cfd9cfdc.jpg","type":"image\/jpeg"}],"author":"medios CR","twitter_card":"summary_large_image","twitter_misc":{"Escrito por":"medios CR","Tiempo de lectura":"2 minutos"},"schema":{"@context":"https:\/\/schema.org","@graph":[{"@type":"Article","@id":"https:\/\/www.diocesisciudadrodrigo.org\/blog4\/el-obispo-preside-la-reunion-del-consejo-diocesano-de-asuntos-economicos\/#article","isPartOf":{"@id":"https:\/\/www.diocesisciudadrodrigo.org\/blog4\/el-obispo-preside-la-reunion-del-consejo-diocesano-de-asuntos-economicos\/"},"author":{"name":"medios CR","@id":"https:\/\/www.diocesisciudadrodrigo.org\/blog4\/#\/schema\/person\/5fcf0ca636a75766ff70e6417b6ed052"},"headline":"El obispo preside la reuni\u00f3n ordinaria del Consejo Diocesano de Asuntos Econ\u00f3micos","datePublished":"2026-04-28T09:34:49+00:00","dateModified":"2026-04-28T10:35:56+00:00","mainEntityOfPage":{"@id":"https:\/\/www.diocesisciudadrodrigo.org\/blog4\/el-obispo-preside-la-reunion-del-consejo-diocesano-de-asuntos-economicos\/"},"wordCount":180,"publisher":{"@id":"https:\/\/www.diocesisciudadrodrigo.org\/blog4\/#organization"},"image":{"@id":"https:\/\/www.diocesisciudadrodrigo.org\/blog4\/el-obispo-preside-la-reunion-del-consejo-diocesano-de-asuntos-economicos\/#primaryimage"},"thumbnailUrl":"https:\/\/www.diocesisciudadrodrigo.org\/blog4\/wp-content\/uploads\/2026\/04\/c4bbd06d-785c-4bf1-9877-ae31cfd9cfdc.jpg","keywords":["Asuntos Econ\u00f3micos","Di\u00f3cesis","obispo"],"articleSection":["Noticias"],"inLanguage":"es"},{"@type":"WebPage","@id":"https:\/\/www.diocesisciudadrodrigo.org\/blog4\/el-obispo-preside-la-reunion-del-consejo-diocesano-de-asuntos-economicos\/","url":"https:\/\/www.diocesisciudadrodrigo.org\/blog4\/el-obispo-preside-la-reunion-del-consejo-diocesano-de-asuntos-economicos\/","name":"El obispo preside la reuni\u00f3n ordinaria del Consejo Diocesano de Asuntos Econ\u00f3micos - Di\u00f3cesis de Ciudad Rodrigo","isPartOf":{"@id":"https:\/\/www.diocesisciudadrodrigo.org\/blog4\/#website"},"primaryImageOfPage":{"@id":"https:\/\/www.diocesisciudadrodrigo.org\/blog4\/el-obispo-preside-la-reunion-del-consejo-diocesano-de-asuntos-economicos\/#primaryimage"},"image":{"@id":"https:\/\/www.diocesisciudadrodrigo.org\/blog4\/el-obispo-preside-la-reunion-del-consejo-diocesano-de-asuntos-economicos\/#primaryimage"},"thumbnailUrl":"https:\/\/www.diocesisciudadrodrigo.org\/blog4\/wp-content\/uploads\/2026\/04\/c4bbd06d-785c-4bf1-9877-ae31cfd9cfdc.jpg","datePublished":"2026-04-28T09:34:49+00:00","dateModified":"2026-04-28T10:35:56+00:00","description":"En la reuni\u00f3n del Consejo Diocesano de Asuntos Econ\u00f3micos se ha presentado y aprobado el presupuesto del 2026 as\u00ed como el balance del ejercicio anterior","breadcrumb":{"@id":"https:\/\/www.diocesisciudadrodrigo.org\/blog4\/el-obispo-preside-la-reunion-del-consejo-diocesano-de-asuntos-economicos\/#breadcrumb"},"inLanguage":"es","potentialAction":[{"@type":"ReadAction","target":["https:\/\/www.diocesisciudadrodrigo.org\/blog4\/el-obispo-preside-la-reunion-del-consejo-diocesano-de-asuntos-economicos\/"]}]},{"@type":"ImageObject","inLanguage":"es","@id":"https:\/\/www.diocesisciudadrodrigo.org\/blog4\/el-obispo-preside-la-reunion-del-consejo-diocesano-de-asuntos-economicos\/#primaryimage","url":"https:\/\/www.diocesisciudadrodrigo.org\/blog4\/wp-content\/uploads\/2026\/04\/c4bbd06d-785c-4bf1-9877-ae31cfd9cfdc.jpg","contentUrl":"https:\/\/www.diocesisciudadrodrigo.org\/blog4\/wp-content\/uploads\/2026\/04\/c4bbd06d-785c-4bf1-9877-ae31cfd9cfdc.jpg","width":2040,"height":1148,"caption":"Un momento de la reuni\u00f3n del Consejo diocesano de Asuntos Econ\u00f3micos"},{"@type":"BreadcrumbList","@id":"https:\/\/www.diocesisciudadrodrigo.org\/blog4\/el-obispo-preside-la-reunion-del-consejo-diocesano-de-asuntos-economicos\/#breadcrumb","itemListElement":[{"@type":"ListItem","position":1,"name":"Portada","item":"https:\/\/www.diocesisciudadrodrigo.org\/blog4\/"},{"@type":"ListItem","position":2,"name":"El obispo preside la reuni\u00f3n ordinaria del Consejo Diocesano de Asuntos Econ\u00f3micos"}]},{"@type":"WebSite","@id":"https:\/\/www.diocesisciudadrodrigo.org\/blog4\/#website","url":"https:\/\/www.diocesisciudadrodrigo.org\/blog4\/","name":"Di\u00f3cesis de Ciudad Rodrigo","description":"Sitio web oficial de la di\u00f3cesis civitatense","publisher":{"@id":"https:\/\/www.diocesisciudadrodrigo.org\/blog4\/#organization"},"potentialAction":[{"@type":"SearchAction","target":{"@type":"EntryPoint","urlTemplate":"https:\/\/www.diocesisciudadrodrigo.org\/blog4\/?s={search_term_string}"},"query-input":{"@type":"PropertyValueSpecification","valueRequired":true,"valueName":"search_term_string"}}],"inLanguage":"es"},{"@type":"Organization","@id":"https:\/\/www.diocesisciudadrodrigo.org\/blog4\/#organization","name":"Di\u00f3cesis de Ciudad Rodrigo","url":"https:\/\/www.diocesisciudadrodrigo.org\/blog4\/","logo":{"@type":"ImageObject","inLanguage":"es","@id":"https:\/\/www.diocesisciudadrodrigo.org\/blog4\/#\/schema\/logo\/image\/","url":"https:\/\/www.diocesisciudadrodrigo.org\/blog4\/wp-content\/uploads\/2024\/12\/Diocesis.CMYK_-768x480-1.jpg","contentUrl":"https:\/\/www.diocesisciudadrodrigo.org\/blog4\/wp-content\/uploads\/2024\/12\/Diocesis.CMYK_-768x480-1.jpg","width":768,"height":480,"caption":"Di\u00f3cesis de Ciudad Rodrigo"},"image":{"@id":"https:\/\/www.diocesisciudadrodrigo.org\/blog4\/#\/schema\/logo\/image\/"},"sameAs":["https:\/\/www.facebook.com\/people\/Dicesis-Ciudad-Rodrigo-MCS\/100076471923419\/#"]},{"@type":"Person","@id":"https:\/\/www.diocesisciudadrodrigo.org\/blog4\/#\/schema\/person\/5fcf0ca636a75766ff70e6417b6ed052","name":"medios CR","image":{"@type":"ImageObject","inLanguage":"es","@id":"https:\/\/secure.gravatar.com\/avatar\/4a619fd0c7e36bd570f4e6e15eb09a2191185d0f63d8dbfdffe848af141ab87e?s=96&d=mm&r=g","url":"https:\/\/secure.gravatar.com\/avatar\/4a619fd0c7e36bd570f4e6e15eb09a2191185d0f63d8dbfdffe848af141ab87e?s=96&d=mm&r=g","contentUrl":"https:\/\/secure.gravatar.com\/avatar\/4a619fd0c7e36bd570f4e6e15eb09a2191185d0f63d8dbfdffe848af141ab87e?s=96&d=mm&r=g","caption":"medios CR"},"url":"https:\/\/www.diocesisciudadrodrigo.org\/blog4\/author\/admin4\/"}]}},"_links":{"self":[{"href":"https:\/\/www.diocesisciudadrodrigo.org\/blog4\/wp-json\/wp\/v2\/posts\/44204","targetHints":{"allow":["GET"]}}],"collection":[{"href":"https:\/\/www.diocesisciudadrodrigo.org\/blog4\/wp-json\/wp\/v2\/posts"}],"about":[{"href":"https:\/\/www.diocesisciudadrodrigo.org\/blog4\/wp-json\/wp\/v2\/types\/post"}],"author":[{"embeddable":true,"href":"https:\/\/www.diocesisciudadrodrigo.org\/blog4\/wp-json\/wp\/v2\/users\/1"}],"replies":[{"embeddable":true,"href":"https:\/\/www.diocesisciudadrodrigo.org\/blog4\/wp-json\/wp\/v2\/comments?post=44204"}],"version-history":[{"count":13,"href":"https:\/\/www.diocesisciudadrodrigo.org\/blog4\/wp-json\/wp\/v2\/posts\/44204\/revisions"}],"predecessor-version":[{"id":44223,"href":"https:\/\/www.diocesisciudadrodrigo.org\/blog4\/wp-json\/wp\/v2\/posts\/44204\/revisions\/44223"}],"wp:featuredmedia":[{"embeddable":true,"href":"https:\/\/www.diocesisciudadrodrigo.org\/blog4\/wp-json\/wp\/v2\/media\/44206"}],"wp:attachment":[{"href":"https:\/\/www.diocesisciudadrodrigo.org\/blog4\/wp-json\/wp\/v2\/media?parent=44204"}],"wp:term":[{"taxonomy":"category","embeddable":true,"href":"https:\/\/www.diocesisciudadrodrigo.org\/blog4\/wp-json\/wp\/v2\/categories?post=44204"},{"taxonomy":"post_tag","embeddable":true,"href":"https:\/\/www.diocesisciudadrodrigo.org\/blog4\/wp-json\/wp\/v2\/tags?post=44204"}],"curies":[{"name":"wp","href":"https:\/\/api.w.org\/{rel}","templated":true}]}}