{"id":44135,"date":"2026-04-27T15:59:36","date_gmt":"2026-04-27T13:59:36","guid":{"rendered":"https:\/\/www.diocesisciudadrodrigo.org\/blog4\/?p=44135"},"modified":"2026-04-27T15:59:36","modified_gmt":"2026-04-27T13:59:36","slug":"el-obispo-en-la-fiesta-de-san-isidoro-de-sevilla-nos-recuerda-que-la-santidad-no-esta-renida-con-la-sabiduria","status":"publish","type":"post","link":"https:\/\/www.diocesisciudadrodrigo.org\/blog4\/el-obispo-en-la-fiesta-de-san-isidoro-de-sevilla-nos-recuerda-que-la-santidad-no-esta-renida-con-la-sabiduria\/","title":{"rendered":"El obispo en la fiesta de San Isidoro de Sevilla: \u00abNos recuerda que la santidad no est\u00e1 re\u00f1ida con la sabidur\u00eda\u00bb"},"content":{"rendered":"\t\t<div data-elementor-type=\"wp-post\" data-elementor-id=\"44135\" class=\"elementor elementor-44135\" data-elementor-settings=\"[]\">\n\t\t\t\t\t\t<div class=\"elementor-inner\">\n\t\t\t\t\t\t\t<div class=\"elementor-section-wrap\">\n\t\t\t\t\t\t\t<section class=\"elementor-section elementor-top-section elementor-element elementor-element-e3a4b1d elementor-section-boxed elementor-section-height-default elementor-section-height-default\" data-id=\"e3a4b1d\" data-element_type=\"section\">\n\t\t\t\t\t\t<div class=\"elementor-container elementor-column-gap-default\">\n\t\t\t\t\t\t\t<div class=\"elementor-row\">\n\t\t\t\t\t<div class=\"elementor-column elementor-col-100 elementor-top-column elementor-element elementor-element-060700d\" data-id=\"060700d\" data-element_type=\"column\">\n\t\t\t<div class=\"elementor-column-wrap elementor-element-populated\">\n\t\t\t\t\t\t\t<div class=\"elementor-widget-wrap\">\n\t\t\t\t\t\t<div class=\"elementor-element elementor-element-ed7e464 elementor-widget elementor-widget-image\" data-id=\"ed7e464\" data-element_type=\"widget\" data-widget_type=\"image.default\">\n\t\t\t\t<div class=\"elementor-widget-container\">\n\t\t\t\t\t\t\t\t<div class=\"elementor-image\">\n\t\t\t\t\t\t\t\t\t\t\t\t<img loading=\"lazy\" decoding=\"async\" width=\"1200\" height=\"675\" src=\"https:\/\/www.diocesisciudadrodrigo.org\/blog4\/wp-content\/uploads\/2026\/04\/IMG_1732-2000x1125.jpeg\" class=\"attachment-large size-large\" alt=\"Celebraci\u00f3n de San Isidoro de Sevilla\" srcset=\"https:\/\/www.diocesisciudadrodrigo.org\/blog4\/wp-content\/uploads\/2026\/04\/IMG_1732-2000x1125.jpeg 2000w, https:\/\/www.diocesisciudadrodrigo.org\/blog4\/wp-content\/uploads\/2026\/04\/IMG_1732-1000x563.jpeg 1000w, https:\/\/www.diocesisciudadrodrigo.org\/blog4\/wp-content\/uploads\/2026\/04\/IMG_1732-768x432.jpeg 768w, https:\/\/www.diocesisciudadrodrigo.org\/blog4\/wp-content\/uploads\/2026\/04\/IMG_1732-1536x864.jpeg 1536w, https:\/\/www.diocesisciudadrodrigo.org\/blog4\/wp-content\/uploads\/2026\/04\/IMG_1732-2048x1152.jpeg 2048w, https:\/\/www.diocesisciudadrodrigo.org\/blog4\/wp-content\/uploads\/2026\/04\/IMG_1732-350x197.jpeg 350w\" sizes=\"auto, (max-width: 1200px) 100vw, 1200px\" \/>\t\t\t\t\t\t\t\t\t\t\t\t\t\t<\/div>\n\t\t\t\t\t\t<\/div>\n\t\t\t\t<\/div>\n\t\t\t\t\t\t<\/div>\n\t\t\t\t\t<\/div>\n\t\t<\/div>\n\t\t\t\t\t\t\t\t<\/div>\n\t\t\t\t\t<\/div>\n\t\t<\/section>\n\t\t\t\t<section class=\"elementor-section elementor-top-section elementor-element elementor-element-ecd5fbe elementor-section-boxed elementor-section-height-default elementor-section-height-default\" data-id=\"ecd5fbe\" data-element_type=\"section\">\n\t\t\t\t\t\t<div class=\"elementor-container elementor-column-gap-default\">\n\t\t\t\t\t\t\t<div class=\"elementor-row\">\n\t\t\t\t\t<div class=\"elementor-column elementor-col-100 elementor-top-column elementor-element elementor-element-c20170a\" data-id=\"c20170a\" data-element_type=\"column\">\n\t\t\t<div class=\"elementor-column-wrap elementor-element-populated\">\n\t\t\t\t\t\t\t<div class=\"elementor-widget-wrap\">\n\t\t\t\t\t\t<div class=\"elementor-element elementor-element-0c6ceb4 elementor-widget elementor-widget-text-editor\" data-id=\"0c6ceb4\" data-element_type=\"widget\" data-widget_type=\"text-editor.default\">\n\t\t\t\t<div class=\"elementor-widget-container\">\n\t\t\t\t\t\t\t\t<div class=\"elementor-text-editor elementor-clearfix\">\n\t\t\t\t<p data-start=\"290\" data-end=\"655\">El obispo de la Di\u00f3cesis de Ciudad Rodrigo, Mons. Jos\u00e9 Luis Retana Gozalo, ha presidido esta ma\u00f1ana la solemne eucarist\u00eda celebrada en la Catedral de Santa Mar\u00eda con motivo de la celebraci\u00f3n de San Isidoro de Sevilla, patrono de la Di\u00f3cesis. En su homil\u00eda, ha destacado la actualidad del testimonio del santo hispalense y su ejemplo como pastor \u00abque <strong>supo unir la b\u00fasqueda incansable de la verdad con la entrega generosa a su reba\u00f1o<\/strong>\u00bb.<\/p><p data-start=\"943\" data-end=\"1321\">A la luz del Evangelio del Buen Pastor, Monse\u00f1or Retana ha subrayado que <strong>San Isidoro fue \u00abun obispo seg\u00fan el coraz\u00f3n de Cristo<\/strong>\u00bb, que entendi\u00f3 que alimentar al pueblo de Dios significaba ofrecerle la verdad. En este sentido, ha se\u00f1alado que el santo sevillano vio en la ignorancia una amenaza, y por ello, impuls\u00f3 la educaci\u00f3n cristiana y la formaci\u00f3n de los fieles.<\/p><p data-start=\"1323\" data-end=\"1642\">El obispo civitatense ha insistido en la necesidad de una Iglesia formada y comprometida con la evangelizaci\u00f3n. \u00ab<strong>Estamos llamados a ser una Iglesia que piensa, que reflexiona y que propone el Evangelio con inteligencia<\/strong> y mansedumbre\u00bb ha afirmado.\u00a0<\/p><h3 data-start=\"1323\" data-end=\"1642\">\u00bfQue dice San Isidoro hoy a los mirobriguenses?\u00a0<\/h3><p data-start=\"1644\" data-end=\"2157\">Asimismo, ha invitado a los fieles mirobrigenses a mirar a San Isidoro como referencia para el tiempo presente. Entre los retos actuales, ha se\u00f1alado la urgencia de <strong>trabajar por la unidad en una sociedad polarizada, fortalecer la educaci\u00f3n de la fe y salir al encuentro de quienes viven alejados de la Iglesia<\/strong>. \u00abNuestra misi\u00f3n en Ciudad Rodrigo no es quedarnos en el recinto seguro de nuestros templos, sino salir a buscar a aquellos que no han escuchado la voz del Pastor, o que la han olvidado\u00bb, ha expresado.<\/p><p data-start=\"2159\" data-end=\"2475\">Monse\u00f1or Retana tambi\u00e9n ha destacado la humildad del patr\u00f3n diocesano, recordando que, pese a su inmensa sabidur\u00eda, termin\u00f3 sus d\u00edas pidiendo perd\u00f3n p\u00fablicamente y repartiendo sus bienes entre los pobres. En este sentido, ha se\u00f1alado que San Isidoro \u00absab\u00eda que, <strong>al final del camino, el Buen Pastor no nos preguntar\u00e1 cu\u00e1ntos libros escribimos, sino cu\u00e1nto amor pusimos en el servicio a los hermanos m\u00e1s peque\u00f1os<\/strong>\u00bb.<\/p><p data-start=\"2477\" data-end=\"2833\" data-is-last-node=\"\" data-is-only-node=\"\">En la parte final de la celebraci\u00f3n, el obispo ha pedido la intercesi\u00f3n de San Isidoro para que \u00ab<strong>aprendamos de \u00e9l a amar la cultura, a defender la verdad y, sobre todo, a seguir con fidelidad las huellas de Jesucristo, \u00fanico y verdadero Pastor<\/strong>\u00bb, ha concluido.<\/p>\t\t\t\t\t<\/div>\n\t\t\t\t\t\t<\/div>\n\t\t\t\t<\/div>\n\t\t\t\t\t\t<\/div>\n\t\t\t\t\t<\/div>\n\t\t<\/div>\n\t\t\t\t\t\t\t\t<\/div>\n\t\t\t\t\t<\/div>\n\t\t<\/section>\n\t\t\t\t<section class=\"elementor-section elementor-top-section elementor-element elementor-element-28163b2 elementor-section-boxed elementor-section-height-default elementor-section-height-default\" data-id=\"28163b2\" data-element_type=\"section\">\n\t\t\t\t\t\t<div class=\"elementor-container elementor-column-gap-default\">\n\t\t\t\t\t\t\t<div class=\"elementor-row\">\n\t\t\t\t\t<div class=\"elementor-column elementor-col-100 elementor-top-column elementor-element elementor-element-36aec72\" data-id=\"36aec72\" data-element_type=\"column\">\n\t\t\t<div class=\"elementor-column-wrap elementor-element-populated\">\n\t\t\t\t\t\t\t<div class=\"elementor-widget-wrap\">\n\t\t\t\t\t\t<div class=\"elementor-element elementor-element-d0f562f elementor-widget elementor-widget-image-gallery\" data-id=\"d0f562f\" data-element_type=\"widget\" data-widget_type=\"image-gallery.default\">\n\t\t\t\t<div class=\"elementor-widget-container\">\n\t\t\t\t\t<div class=\"elementor-image-gallery\">\n\t\t\t<div id='gallery-1' class='gallery galleryid-44135 gallery-columns-4 gallery-size-thumbnail'><figure class='gallery-item'>\n\t\t\t<div class='gallery-icon landscape'>\n\t\t\t\t<a data-elementor-open-lightbox=\"yes\" data-elementor-lightbox-slideshow=\"d0f562f\" data-elementor-lightbox-title=\"Celebraci\u00f3n de San Isidoro de Sevilla\" e-action-hash=\"#elementor-action%3Aaction%3Dlightbox%26settings%3DeyJpZCI6NDQxMzcsInVybCI6Imh0dHBzOlwvXC93d3cuZGlvY2VzaXNjaXVkYWRyb2RyaWdvLm9yZ1wvYmxvZzRcL3dwLWNvbnRlbnRcL3VwbG9hZHNcLzIwMjZcLzA0XC9JTUdfMTc0MC1zY2FsZWQuanBlZyIsInNsaWRlc2hvdyI6ImQwZjU2MmYifQ%3D%3D\" href='https:\/\/www.diocesisciudadrodrigo.org\/blog4\/wp-content\/uploads\/2026\/04\/IMG_1740-scaled.jpeg'><img loading=\"lazy\" decoding=\"async\" width=\"500\" height=\"500\" src=\"https:\/\/www.diocesisciudadrodrigo.org\/blog4\/wp-content\/uploads\/2026\/04\/IMG_1740-500x500.jpeg\" class=\"attachment-thumbnail size-thumbnail\" alt=\"\" \/><\/a>\n\t\t\t<\/div><\/figure><figure class='gallery-item'>\n\t\t\t<div class='gallery-icon landscape'>\n\t\t\t\t<a data-elementor-open-lightbox=\"yes\" data-elementor-lightbox-slideshow=\"d0f562f\" data-elementor-lightbox-title=\"Celebraci\u00f3n de San Isidoro de Sevilla\" e-action-hash=\"#elementor-action%3Aaction%3Dlightbox%26settings%3DeyJpZCI6NDQxMzksInVybCI6Imh0dHBzOlwvXC93d3cuZGlvY2VzaXNjaXVkYWRyb2RyaWdvLm9yZ1wvYmxvZzRcL3dwLWNvbnRlbnRcL3VwbG9hZHNcLzIwMjZcLzA0XC9JTUdfMTcyNS1zY2FsZWQuanBlZyIsInNsaWRlc2hvdyI6ImQwZjU2MmYifQ%3D%3D\" href='https:\/\/www.diocesisciudadrodrigo.org\/blog4\/wp-content\/uploads\/2026\/04\/IMG_1725-scaled.jpeg'><img loading=\"lazy\" decoding=\"async\" width=\"500\" height=\"500\" src=\"https:\/\/www.diocesisciudadrodrigo.org\/blog4\/wp-content\/uploads\/2026\/04\/IMG_1725-500x500.jpeg\" class=\"attachment-thumbnail size-thumbnail\" alt=\"\" \/><\/a>\n\t\t\t<\/div><\/figure><figure class='gallery-item'>\n\t\t\t<div class='gallery-icon landscape'>\n\t\t\t\t<a data-elementor-open-lightbox=\"yes\" data-elementor-lightbox-slideshow=\"d0f562f\" data-elementor-lightbox-title=\"Celebraci\u00f3n de San Isidoro de Sevilla\" e-action-hash=\"#elementor-action%3Aaction%3Dlightbox%26settings%3DeyJpZCI6NDQxNDAsInVybCI6Imh0dHBzOlwvXC93d3cuZGlvY2VzaXNjaXVkYWRyb2RyaWdvLm9yZ1wvYmxvZzRcL3dwLWNvbnRlbnRcL3VwbG9hZHNcLzIwMjZcLzA0XC9JTUdfMTcxNi1zY2FsZWQuanBlZyIsInNsaWRlc2hvdyI6ImQwZjU2MmYifQ%3D%3D\" href='https:\/\/www.diocesisciudadrodrigo.org\/blog4\/wp-content\/uploads\/2026\/04\/IMG_1716-scaled.jpeg'><img loading=\"lazy\" decoding=\"async\" width=\"500\" height=\"500\" src=\"https:\/\/www.diocesisciudadrodrigo.org\/blog4\/wp-content\/uploads\/2026\/04\/IMG_1716-500x500.jpeg\" class=\"attachment-thumbnail size-thumbnail\" alt=\"\" \/><\/a>\n\t\t\t<\/div><\/figure><figure class='gallery-item'>\n\t\t\t<div class='gallery-icon landscape'>\n\t\t\t\t<a data-elementor-open-lightbox=\"yes\" data-elementor-lightbox-slideshow=\"d0f562f\" data-elementor-lightbox-title=\"Celebraci\u00f3n de San Isidoro de Sevilla\" e-action-hash=\"#elementor-action%3Aaction%3Dlightbox%26settings%3DeyJpZCI6NDQxNDEsInVybCI6Imh0dHBzOlwvXC93d3cuZGlvY2VzaXNjaXVkYWRyb2RyaWdvLm9yZ1wvYmxvZzRcL3dwLWNvbnRlbnRcL3VwbG9hZHNcLzIwMjZcLzA0XC9JTUdfMTcwOC1zY2FsZWQuanBlZyIsInNsaWRlc2hvdyI6ImQwZjU2MmYifQ%3D%3D\" href='https:\/\/www.diocesisciudadrodrigo.org\/blog4\/wp-content\/uploads\/2026\/04\/IMG_1708-scaled.jpeg'><img loading=\"lazy\" decoding=\"async\" width=\"500\" height=\"500\" src=\"https:\/\/www.diocesisciudadrodrigo.org\/blog4\/wp-content\/uploads\/2026\/04\/IMG_1708-500x500.jpeg\" class=\"attachment-thumbnail size-thumbnail\" alt=\"\" \/><\/a>\n\t\t\t<\/div><\/figure><figure class='gallery-item'>\n\t\t\t<div class='gallery-icon landscape'>\n\t\t\t\t<a data-elementor-open-lightbox=\"yes\" data-elementor-lightbox-slideshow=\"d0f562f\" data-elementor-lightbox-title=\"Celebraci\u00f3n de San Isidoro de Sevilla\" e-action-hash=\"#elementor-action%3Aaction%3Dlightbox%26settings%3DeyJpZCI6NDQxNDIsInVybCI6Imh0dHBzOlwvXC93d3cuZGlvY2VzaXNjaXVkYWRyb2RyaWdvLm9yZ1wvYmxvZzRcL3dwLWNvbnRlbnRcL3VwbG9hZHNcLzIwMjZcLzA0XC9JTUdfMTcwMi1zY2FsZWQuanBlZyIsInNsaWRlc2hvdyI6ImQwZjU2MmYifQ%3D%3D\" href='https:\/\/www.diocesisciudadrodrigo.org\/blog4\/wp-content\/uploads\/2026\/04\/IMG_1702-scaled.jpeg'><img loading=\"lazy\" decoding=\"async\" width=\"500\" height=\"500\" src=\"https:\/\/www.diocesisciudadrodrigo.org\/blog4\/wp-content\/uploads\/2026\/04\/IMG_1702-500x500.jpeg\" class=\"attachment-thumbnail size-thumbnail\" alt=\"\" \/><\/a>\n\t\t\t<\/div><\/figure><figure class='gallery-item'>\n\t\t\t<div class='gallery-icon landscape'>\n\t\t\t\t<a data-elementor-open-lightbox=\"yes\" data-elementor-lightbox-slideshow=\"d0f562f\" data-elementor-lightbox-title=\"Celebraci\u00f3n de San Isidoro de Sevilla\" e-action-hash=\"#elementor-action%3Aaction%3Dlightbox%26settings%3DeyJpZCI6NDQxNDMsInVybCI6Imh0dHBzOlwvXC93d3cuZGlvY2VzaXNjaXVkYWRyb2RyaWdvLm9yZ1wvYmxvZzRcL3dwLWNvbnRlbnRcL3VwbG9hZHNcLzIwMjZcLzA0XC9JTUdfMTcwNS1zY2FsZWQuanBlZyIsInNsaWRlc2hvdyI6ImQwZjU2MmYifQ%3D%3D\" href='https:\/\/www.diocesisciudadrodrigo.org\/blog4\/wp-content\/uploads\/2026\/04\/IMG_1705-scaled.jpeg'><img loading=\"lazy\" decoding=\"async\" width=\"500\" height=\"500\" src=\"https:\/\/www.diocesisciudadrodrigo.org\/blog4\/wp-content\/uploads\/2026\/04\/IMG_1705-500x500.jpeg\" class=\"attachment-thumbnail size-thumbnail\" alt=\"\" \/><\/a>\n\t\t\t<\/div><\/figure><figure class='gallery-item'>\n\t\t\t<div class='gallery-icon landscape'>\n\t\t\t\t<a data-elementor-open-lightbox=\"yes\" data-elementor-lightbox-slideshow=\"d0f562f\" data-elementor-lightbox-title=\"Celebraci\u00f3n de San Isidoro de Sevilla\" e-action-hash=\"#elementor-action%3Aaction%3Dlightbox%26settings%3DeyJpZCI6NDQxNDQsInVybCI6Imh0dHBzOlwvXC93d3cuZGlvY2VzaXNjaXVkYWRyb2RyaWdvLm9yZ1wvYmxvZzRcL3dwLWNvbnRlbnRcL3VwbG9hZHNcLzIwMjZcLzA0XC9JTUdfMTcwNy1zY2FsZWQuanBlZyIsInNsaWRlc2hvdyI6ImQwZjU2MmYifQ%3D%3D\" href='https:\/\/www.diocesisciudadrodrigo.org\/blog4\/wp-content\/uploads\/2026\/04\/IMG_1707-scaled.jpeg'><img loading=\"lazy\" decoding=\"async\" width=\"500\" height=\"500\" src=\"https:\/\/www.diocesisciudadrodrigo.org\/blog4\/wp-content\/uploads\/2026\/04\/IMG_1707-500x500.jpeg\" class=\"attachment-thumbnail size-thumbnail\" alt=\"\" \/><\/a>\n\t\t\t<\/div><\/figure><figure class='gallery-item'>\n\t\t\t<div class='gallery-icon landscape'>\n\t\t\t\t<a data-elementor-open-lightbox=\"yes\" data-elementor-lightbox-slideshow=\"d0f562f\" data-elementor-lightbox-title=\"Celebraci\u00f3n de San Isidoro de Sevilla\" e-action-hash=\"#elementor-action%3Aaction%3Dlightbox%26settings%3DeyJpZCI6NDQxMzYsInVybCI6Imh0dHBzOlwvXC93d3cuZGlvY2VzaXNjaXVkYWRyb2RyaWdvLm9yZ1wvYmxvZzRcL3dwLWNvbnRlbnRcL3VwbG9hZHNcLzIwMjZcLzA0XC9JTUdfMTc0NS1zY2FsZWQuanBlZyIsInNsaWRlc2hvdyI6ImQwZjU2MmYifQ%3D%3D\" href='https:\/\/www.diocesisciudadrodrigo.org\/blog4\/wp-content\/uploads\/2026\/04\/IMG_1745-scaled.jpeg'><img loading=\"lazy\" decoding=\"async\" width=\"500\" height=\"500\" src=\"https:\/\/www.diocesisciudadrodrigo.org\/blog4\/wp-content\/uploads\/2026\/04\/IMG_1745-500x500.jpeg\" class=\"attachment-thumbnail size-thumbnail\" alt=\"\" \/><\/a>\n\t\t\t<\/div><\/figure>\n\t\t<\/div>\n\t\t<\/div>\n\t\t\t\t<\/div>\n\t\t\t\t<\/div>\n\t\t\t\t\t\t<\/div>\n\t\t\t\t\t<\/div>\n\t\t<\/div>\n\t\t\t\t\t\t\t\t<\/div>\n\t\t\t\t\t<\/div>\n\t\t<\/section>\n\t\t\t\t\t\t<\/div>\n\t\t\t\t\t\t<\/div>\n\t\t\t\t\t<\/div>\n\t\t","protected":false},"excerpt":{"rendered":"<p>Ha pedido su intercesi\u00f3n para que \u00abaprendamos de \u00e9l a amar la cultura, a defender la verdad y, sobre todo, a seguir con fidelidad las huellas de Jesucristo, \u00fanico y verdadero Pastor\u00bb<\/p>\n","protected":false},"author":1,"featured_media":44138,"comment_status":"closed","ping_status":"closed","sticky":false,"template":"","format":"standard","meta":{"footnotes":""},"categories":[6],"tags":[14,35,34,31],"class_list":["post-44135","post","type-post","status-publish","format-standard","has-post-thumbnail","hentry","category-noticias","tag-catedral","tag-diocesis","tag-fiesta","tag-obispo","masonry-post","generate-columns","tablet-grid-50","mobile-grid-100","grid-parent","grid-50"],"yoast_head":"<!-- This site is optimized with the Yoast SEO plugin v27.3 - https:\/\/yoast.com\/product\/yoast-seo-wordpress\/ -->\n<title>El obispo en la fiesta de San Isidoro de Sevilla: \u00abNos recuerda que la santidad no est\u00e1 re\u00f1ida con la sabidur\u00eda\u00bb - Di\u00f3cesis de Ciudad Rodrigo<\/title>\n<meta name=\"description\" content=\"Mons. Jos\u00e9 Luis Retana ha pedido la intercesi\u00f3n de San Isidoro de Sevilla para que \u00abaprendamos de \u00e9l a amar la cultura, a defender la verdad y, sobre todo, a seguir con fidelidad las huellas de Jesucristo, \u00fanico y verdadero Pastor\u00bb\" \/>\n<meta name=\"robots\" content=\"index, follow, max-snippet:-1, max-image-preview:large, max-video-preview:-1\" \/>\n<link rel=\"canonical\" href=\"https:\/\/www.diocesisciudadrodrigo.org\/blog4\/el-obispo-en-la-fiesta-de-san-isidoro-de-sevilla-nos-recuerda-que-la-santidad-no-esta-renida-con-la-sabiduria\/\" \/>\n<meta property=\"og:locale\" content=\"es_ES\" \/>\n<meta property=\"og:type\" content=\"article\" \/>\n<meta property=\"og:title\" content=\"El obispo en la fiesta de San Isidoro de Sevilla: \u00abNos recuerda que la santidad no est\u00e1 re\u00f1ida con la sabidur\u00eda\u00bb - Di\u00f3cesis de Ciudad Rodrigo\" \/>\n<meta property=\"og:description\" content=\"Mons. Jos\u00e9 Luis Retana ha pedido la intercesi\u00f3n de San Isidoro de Sevilla para que \u00abaprendamos de \u00e9l a amar la cultura, a defender la verdad y, sobre todo, a seguir con fidelidad las huellas de Jesucristo, \u00fanico y verdadero Pastor\u00bb\" \/>\n<meta property=\"og:url\" content=\"https:\/\/www.diocesisciudadrodrigo.org\/blog4\/el-obispo-en-la-fiesta-de-san-isidoro-de-sevilla-nos-recuerda-que-la-santidad-no-esta-renida-con-la-sabiduria\/\" \/>\n<meta property=\"og:site_name\" content=\"Di\u00f3cesis de Ciudad Rodrigo\" \/>\n<meta property=\"article:publisher\" content=\"https:\/\/www.facebook.com\/people\/Dicesis-Ciudad-Rodrigo-MCS\/100076471923419\/#\" \/>\n<meta property=\"article:published_time\" content=\"2026-04-27T13:59:36+00:00\" \/>\n<meta property=\"og:image\" content=\"https:\/\/www.diocesisciudadrodrigo.org\/blog4\/wp-content\/uploads\/2026\/04\/IMG_1732-scaled.jpeg\" \/>\n\t<meta property=\"og:image:width\" content=\"2560\" \/>\n\t<meta property=\"og:image:height\" content=\"1440\" \/>\n\t<meta property=\"og:image:type\" content=\"image\/jpeg\" \/>\n<meta name=\"author\" content=\"medios CR\" \/>\n<meta name=\"twitter:card\" content=\"summary_large_image\" \/>\n<meta name=\"twitter:label1\" content=\"Escrito por\" \/>\n\t<meta name=\"twitter:data1\" content=\"medios CR\" \/>\n\t<meta name=\"twitter:label2\" content=\"Tiempo de lectura\" \/>\n\t<meta name=\"twitter:data2\" content=\"4 minutos\" \/>\n<script type=\"application\/ld+json\" class=\"yoast-schema-graph\">{\"@context\":\"https:\\\/\\\/schema.org\",\"@graph\":[{\"@type\":\"Article\",\"@id\":\"https:\\\/\\\/www.diocesisciudadrodrigo.org\\\/blog4\\\/el-obispo-en-la-fiesta-de-san-isidoro-de-sevilla-nos-recuerda-que-la-santidad-no-esta-renida-con-la-sabiduria\\\/#article\",\"isPartOf\":{\"@id\":\"https:\\\/\\\/www.diocesisciudadrodrigo.org\\\/blog4\\\/el-obispo-en-la-fiesta-de-san-isidoro-de-sevilla-nos-recuerda-que-la-santidad-no-esta-renida-con-la-sabiduria\\\/\"},\"author\":{\"name\":\"medios CR\",\"@id\":\"https:\\\/\\\/www.diocesisciudadrodrigo.org\\\/blog4\\\/#\\\/schema\\\/person\\\/5fcf0ca636a75766ff70e6417b6ed052\"},\"headline\":\"El obispo en la fiesta de San Isidoro de Sevilla: \u00abNos recuerda que la santidad no est\u00e1 re\u00f1ida con la sabidur\u00eda\u00bb\",\"datePublished\":\"2026-04-27T13:59:36+00:00\",\"mainEntityOfPage\":{\"@id\":\"https:\\\/\\\/www.diocesisciudadrodrigo.org\\\/blog4\\\/el-obispo-en-la-fiesta-de-san-isidoro-de-sevilla-nos-recuerda-que-la-santidad-no-esta-renida-con-la-sabiduria\\\/\"},\"wordCount\":439,\"publisher\":{\"@id\":\"https:\\\/\\\/www.diocesisciudadrodrigo.org\\\/blog4\\\/#organization\"},\"image\":{\"@id\":\"https:\\\/\\\/www.diocesisciudadrodrigo.org\\\/blog4\\\/el-obispo-en-la-fiesta-de-san-isidoro-de-sevilla-nos-recuerda-que-la-santidad-no-esta-renida-con-la-sabiduria\\\/#primaryimage\"},\"thumbnailUrl\":\"https:\\\/\\\/www.diocesisciudadrodrigo.org\\\/blog4\\\/wp-content\\\/uploads\\\/2026\\\/04\\\/IMG_1732-scaled.jpeg\",\"keywords\":[\"catedral\",\"Di\u00f3cesis\",\"Fiesta\",\"obispo\"],\"articleSection\":[\"Noticias\"],\"inLanguage\":\"es\"},{\"@type\":\"WebPage\",\"@id\":\"https:\\\/\\\/www.diocesisciudadrodrigo.org\\\/blog4\\\/el-obispo-en-la-fiesta-de-san-isidoro-de-sevilla-nos-recuerda-que-la-santidad-no-esta-renida-con-la-sabiduria\\\/\",\"url\":\"https:\\\/\\\/www.diocesisciudadrodrigo.org\\\/blog4\\\/el-obispo-en-la-fiesta-de-san-isidoro-de-sevilla-nos-recuerda-que-la-santidad-no-esta-renida-con-la-sabiduria\\\/\",\"name\":\"El obispo en la fiesta de San Isidoro de Sevilla: \u00abNos recuerda que la santidad no est\u00e1 re\u00f1ida con la sabidur\u00eda\u00bb - Di\u00f3cesis de Ciudad Rodrigo\",\"isPartOf\":{\"@id\":\"https:\\\/\\\/www.diocesisciudadrodrigo.org\\\/blog4\\\/#website\"},\"primaryImageOfPage\":{\"@id\":\"https:\\\/\\\/www.diocesisciudadrodrigo.org\\\/blog4\\\/el-obispo-en-la-fiesta-de-san-isidoro-de-sevilla-nos-recuerda-que-la-santidad-no-esta-renida-con-la-sabiduria\\\/#primaryimage\"},\"image\":{\"@id\":\"https:\\\/\\\/www.diocesisciudadrodrigo.org\\\/blog4\\\/el-obispo-en-la-fiesta-de-san-isidoro-de-sevilla-nos-recuerda-que-la-santidad-no-esta-renida-con-la-sabiduria\\\/#primaryimage\"},\"thumbnailUrl\":\"https:\\\/\\\/www.diocesisciudadrodrigo.org\\\/blog4\\\/wp-content\\\/uploads\\\/2026\\\/04\\\/IMG_1732-scaled.jpeg\",\"datePublished\":\"2026-04-27T13:59:36+00:00\",\"description\":\"Mons. Jos\u00e9 Luis Retana ha pedido la intercesi\u00f3n de San Isidoro de Sevilla para que \u00abaprendamos de \u00e9l a amar la cultura, a defender la verdad y, sobre todo, a seguir con fidelidad las huellas de Jesucristo, \u00fanico y verdadero Pastor\u00bb\",\"breadcrumb\":{\"@id\":\"https:\\\/\\\/www.diocesisciudadrodrigo.org\\\/blog4\\\/el-obispo-en-la-fiesta-de-san-isidoro-de-sevilla-nos-recuerda-que-la-santidad-no-esta-renida-con-la-sabiduria\\\/#breadcrumb\"},\"inLanguage\":\"es\",\"potentialAction\":[{\"@type\":\"ReadAction\",\"target\":[\"https:\\\/\\\/www.diocesisciudadrodrigo.org\\\/blog4\\\/el-obispo-en-la-fiesta-de-san-isidoro-de-sevilla-nos-recuerda-que-la-santidad-no-esta-renida-con-la-sabiduria\\\/\"]}]},{\"@type\":\"ImageObject\",\"inLanguage\":\"es\",\"@id\":\"https:\\\/\\\/www.diocesisciudadrodrigo.org\\\/blog4\\\/el-obispo-en-la-fiesta-de-san-isidoro-de-sevilla-nos-recuerda-que-la-santidad-no-esta-renida-con-la-sabiduria\\\/#primaryimage\",\"url\":\"https:\\\/\\\/www.diocesisciudadrodrigo.org\\\/blog4\\\/wp-content\\\/uploads\\\/2026\\\/04\\\/IMG_1732-scaled.jpeg\",\"contentUrl\":\"https:\\\/\\\/www.diocesisciudadrodrigo.org\\\/blog4\\\/wp-content\\\/uploads\\\/2026\\\/04\\\/IMG_1732-scaled.jpeg\",\"width\":2560,\"height\":1440,\"caption\":\"Mons. Jos\u00e9 Luis Retana ha presidido la Misa con motivo de San Isidoro de Sevilla.\"},{\"@type\":\"BreadcrumbList\",\"@id\":\"https:\\\/\\\/www.diocesisciudadrodrigo.org\\\/blog4\\\/el-obispo-en-la-fiesta-de-san-isidoro-de-sevilla-nos-recuerda-que-la-santidad-no-esta-renida-con-la-sabiduria\\\/#breadcrumb\",\"itemListElement\":[{\"@type\":\"ListItem\",\"position\":1,\"name\":\"Portada\",\"item\":\"https:\\\/\\\/www.diocesisciudadrodrigo.org\\\/blog4\\\/\"},{\"@type\":\"ListItem\",\"position\":2,\"name\":\"El obispo en la fiesta de San Isidoro de Sevilla: \u00abNos recuerda que la santidad no est\u00e1 re\u00f1ida con la sabidur\u00eda\u00bb\"}]},{\"@type\":\"WebSite\",\"@id\":\"https:\\\/\\\/www.diocesisciudadrodrigo.org\\\/blog4\\\/#website\",\"url\":\"https:\\\/\\\/www.diocesisciudadrodrigo.org\\\/blog4\\\/\",\"name\":\"Di\u00f3cesis de Ciudad Rodrigo\",\"description\":\"Sitio web oficial de la di\u00f3cesis civitatense\",\"publisher\":{\"@id\":\"https:\\\/\\\/www.diocesisciudadrodrigo.org\\\/blog4\\\/#organization\"},\"potentialAction\":[{\"@type\":\"SearchAction\",\"target\":{\"@type\":\"EntryPoint\",\"urlTemplate\":\"https:\\\/\\\/www.diocesisciudadrodrigo.org\\\/blog4\\\/?s={search_term_string}\"},\"query-input\":{\"@type\":\"PropertyValueSpecification\",\"valueRequired\":true,\"valueName\":\"search_term_string\"}}],\"inLanguage\":\"es\"},{\"@type\":\"Organization\",\"@id\":\"https:\\\/\\\/www.diocesisciudadrodrigo.org\\\/blog4\\\/#organization\",\"name\":\"Di\u00f3cesis de Ciudad Rodrigo\",\"url\":\"https:\\\/\\\/www.diocesisciudadrodrigo.org\\\/blog4\\\/\",\"logo\":{\"@type\":\"ImageObject\",\"inLanguage\":\"es\",\"@id\":\"https:\\\/\\\/www.diocesisciudadrodrigo.org\\\/blog4\\\/#\\\/schema\\\/logo\\\/image\\\/\",\"url\":\"https:\\\/\\\/www.diocesisciudadrodrigo.org\\\/blog4\\\/wp-content\\\/uploads\\\/2024\\\/12\\\/Diocesis.CMYK_-768x480-1.jpg\",\"contentUrl\":\"https:\\\/\\\/www.diocesisciudadrodrigo.org\\\/blog4\\\/wp-content\\\/uploads\\\/2024\\\/12\\\/Diocesis.CMYK_-768x480-1.jpg\",\"width\":768,\"height\":480,\"caption\":\"Di\u00f3cesis de Ciudad Rodrigo\"},\"image\":{\"@id\":\"https:\\\/\\\/www.diocesisciudadrodrigo.org\\\/blog4\\\/#\\\/schema\\\/logo\\\/image\\\/\"},\"sameAs\":[\"https:\\\/\\\/www.facebook.com\\\/people\\\/Dicesis-Ciudad-Rodrigo-MCS\\\/100076471923419\\\/#\"]},{\"@type\":\"Person\",\"@id\":\"https:\\\/\\\/www.diocesisciudadrodrigo.org\\\/blog4\\\/#\\\/schema\\\/person\\\/5fcf0ca636a75766ff70e6417b6ed052\",\"name\":\"medios CR\",\"image\":{\"@type\":\"ImageObject\",\"inLanguage\":\"es\",\"@id\":\"https:\\\/\\\/secure.gravatar.com\\\/avatar\\\/4a619fd0c7e36bd570f4e6e15eb09a2191185d0f63d8dbfdffe848af141ab87e?s=96&d=mm&r=g\",\"url\":\"https:\\\/\\\/secure.gravatar.com\\\/avatar\\\/4a619fd0c7e36bd570f4e6e15eb09a2191185d0f63d8dbfdffe848af141ab87e?s=96&d=mm&r=g\",\"contentUrl\":\"https:\\\/\\\/secure.gravatar.com\\\/avatar\\\/4a619fd0c7e36bd570f4e6e15eb09a2191185d0f63d8dbfdffe848af141ab87e?s=96&d=mm&r=g\",\"caption\":\"medios CR\"},\"url\":\"https:\\\/\\\/www.diocesisciudadrodrigo.org\\\/blog4\\\/author\\\/admin4\\\/\"}]}<\/script>\n<!-- \/ Yoast SEO plugin. -->","yoast_head_json":{"title":"El obispo en la fiesta de San Isidoro de Sevilla: \u00abNos recuerda que la santidad no est\u00e1 re\u00f1ida con la sabidur\u00eda\u00bb - Di\u00f3cesis de Ciudad Rodrigo","description":"Mons. Jos\u00e9 Luis Retana ha pedido la intercesi\u00f3n de San Isidoro de Sevilla para que \u00abaprendamos de \u00e9l a amar la cultura, a defender la verdad y, sobre todo, a seguir con fidelidad las huellas de Jesucristo, \u00fanico y verdadero Pastor\u00bb","robots":{"index":"index","follow":"follow","max-snippet":"max-snippet:-1","max-image-preview":"max-image-preview:large","max-video-preview":"max-video-preview:-1"},"canonical":"https:\/\/www.diocesisciudadrodrigo.org\/blog4\/el-obispo-en-la-fiesta-de-san-isidoro-de-sevilla-nos-recuerda-que-la-santidad-no-esta-renida-con-la-sabiduria\/","og_locale":"es_ES","og_type":"article","og_title":"El obispo en la fiesta de San Isidoro de Sevilla: \u00abNos recuerda que la santidad no est\u00e1 re\u00f1ida con la sabidur\u00eda\u00bb - Di\u00f3cesis de Ciudad Rodrigo","og_description":"Mons. Jos\u00e9 Luis Retana ha pedido la intercesi\u00f3n de San Isidoro de Sevilla para que \u00abaprendamos de \u00e9l a amar la cultura, a defender la verdad y, sobre todo, a seguir con fidelidad las huellas de Jesucristo, \u00fanico y verdadero Pastor\u00bb","og_url":"https:\/\/www.diocesisciudadrodrigo.org\/blog4\/el-obispo-en-la-fiesta-de-san-isidoro-de-sevilla-nos-recuerda-que-la-santidad-no-esta-renida-con-la-sabiduria\/","og_site_name":"Di\u00f3cesis de Ciudad Rodrigo","article_publisher":"https:\/\/www.facebook.com\/people\/Dicesis-Ciudad-Rodrigo-MCS\/100076471923419\/#","article_published_time":"2026-04-27T13:59:36+00:00","og_image":[{"width":2560,"height":1440,"url":"https:\/\/www.diocesisciudadrodrigo.org\/blog4\/wp-content\/uploads\/2026\/04\/IMG_1732-scaled.jpeg","type":"image\/jpeg"}],"author":"medios CR","twitter_card":"summary_large_image","twitter_misc":{"Escrito por":"medios CR","Tiempo de lectura":"4 minutos"},"schema":{"@context":"https:\/\/schema.org","@graph":[{"@type":"Article","@id":"https:\/\/www.diocesisciudadrodrigo.org\/blog4\/el-obispo-en-la-fiesta-de-san-isidoro-de-sevilla-nos-recuerda-que-la-santidad-no-esta-renida-con-la-sabiduria\/#article","isPartOf":{"@id":"https:\/\/www.diocesisciudadrodrigo.org\/blog4\/el-obispo-en-la-fiesta-de-san-isidoro-de-sevilla-nos-recuerda-que-la-santidad-no-esta-renida-con-la-sabiduria\/"},"author":{"name":"medios CR","@id":"https:\/\/www.diocesisciudadrodrigo.org\/blog4\/#\/schema\/person\/5fcf0ca636a75766ff70e6417b6ed052"},"headline":"El obispo en la fiesta de San Isidoro de Sevilla: \u00abNos recuerda que la santidad no est\u00e1 re\u00f1ida con la sabidur\u00eda\u00bb","datePublished":"2026-04-27T13:59:36+00:00","mainEntityOfPage":{"@id":"https:\/\/www.diocesisciudadrodrigo.org\/blog4\/el-obispo-en-la-fiesta-de-san-isidoro-de-sevilla-nos-recuerda-que-la-santidad-no-esta-renida-con-la-sabiduria\/"},"wordCount":439,"publisher":{"@id":"https:\/\/www.diocesisciudadrodrigo.org\/blog4\/#organization"},"image":{"@id":"https:\/\/www.diocesisciudadrodrigo.org\/blog4\/el-obispo-en-la-fiesta-de-san-isidoro-de-sevilla-nos-recuerda-que-la-santidad-no-esta-renida-con-la-sabiduria\/#primaryimage"},"thumbnailUrl":"https:\/\/www.diocesisciudadrodrigo.org\/blog4\/wp-content\/uploads\/2026\/04\/IMG_1732-scaled.jpeg","keywords":["catedral","Di\u00f3cesis","Fiesta","obispo"],"articleSection":["Noticias"],"inLanguage":"es"},{"@type":"WebPage","@id":"https:\/\/www.diocesisciudadrodrigo.org\/blog4\/el-obispo-en-la-fiesta-de-san-isidoro-de-sevilla-nos-recuerda-que-la-santidad-no-esta-renida-con-la-sabiduria\/","url":"https:\/\/www.diocesisciudadrodrigo.org\/blog4\/el-obispo-en-la-fiesta-de-san-isidoro-de-sevilla-nos-recuerda-que-la-santidad-no-esta-renida-con-la-sabiduria\/","name":"El obispo en la fiesta de San Isidoro de Sevilla: \u00abNos recuerda que la santidad no est\u00e1 re\u00f1ida con la sabidur\u00eda\u00bb - Di\u00f3cesis de Ciudad Rodrigo","isPartOf":{"@id":"https:\/\/www.diocesisciudadrodrigo.org\/blog4\/#website"},"primaryImageOfPage":{"@id":"https:\/\/www.diocesisciudadrodrigo.org\/blog4\/el-obispo-en-la-fiesta-de-san-isidoro-de-sevilla-nos-recuerda-que-la-santidad-no-esta-renida-con-la-sabiduria\/#primaryimage"},"image":{"@id":"https:\/\/www.diocesisciudadrodrigo.org\/blog4\/el-obispo-en-la-fiesta-de-san-isidoro-de-sevilla-nos-recuerda-que-la-santidad-no-esta-renida-con-la-sabiduria\/#primaryimage"},"thumbnailUrl":"https:\/\/www.diocesisciudadrodrigo.org\/blog4\/wp-content\/uploads\/2026\/04\/IMG_1732-scaled.jpeg","datePublished":"2026-04-27T13:59:36+00:00","description":"Mons. Jos\u00e9 Luis Retana ha pedido la intercesi\u00f3n de San Isidoro de Sevilla para que \u00abaprendamos de \u00e9l a amar la cultura, a defender la verdad y, sobre todo, a seguir con fidelidad las huellas de Jesucristo, \u00fanico y verdadero Pastor\u00bb","breadcrumb":{"@id":"https:\/\/www.diocesisciudadrodrigo.org\/blog4\/el-obispo-en-la-fiesta-de-san-isidoro-de-sevilla-nos-recuerda-que-la-santidad-no-esta-renida-con-la-sabiduria\/#breadcrumb"},"inLanguage":"es","potentialAction":[{"@type":"ReadAction","target":["https:\/\/www.diocesisciudadrodrigo.org\/blog4\/el-obispo-en-la-fiesta-de-san-isidoro-de-sevilla-nos-recuerda-que-la-santidad-no-esta-renida-con-la-sabiduria\/"]}]},{"@type":"ImageObject","inLanguage":"es","@id":"https:\/\/www.diocesisciudadrodrigo.org\/blog4\/el-obispo-en-la-fiesta-de-san-isidoro-de-sevilla-nos-recuerda-que-la-santidad-no-esta-renida-con-la-sabiduria\/#primaryimage","url":"https:\/\/www.diocesisciudadrodrigo.org\/blog4\/wp-content\/uploads\/2026\/04\/IMG_1732-scaled.jpeg","contentUrl":"https:\/\/www.diocesisciudadrodrigo.org\/blog4\/wp-content\/uploads\/2026\/04\/IMG_1732-scaled.jpeg","width":2560,"height":1440,"caption":"Mons. Jos\u00e9 Luis Retana ha presidido la Misa con motivo de San Isidoro de Sevilla."},{"@type":"BreadcrumbList","@id":"https:\/\/www.diocesisciudadrodrigo.org\/blog4\/el-obispo-en-la-fiesta-de-san-isidoro-de-sevilla-nos-recuerda-que-la-santidad-no-esta-renida-con-la-sabiduria\/#breadcrumb","itemListElement":[{"@type":"ListItem","position":1,"name":"Portada","item":"https:\/\/www.diocesisciudadrodrigo.org\/blog4\/"},{"@type":"ListItem","position":2,"name":"El obispo en la fiesta de San Isidoro de Sevilla: \u00abNos recuerda que la santidad no est\u00e1 re\u00f1ida con la sabidur\u00eda\u00bb"}]},{"@type":"WebSite","@id":"https:\/\/www.diocesisciudadrodrigo.org\/blog4\/#website","url":"https:\/\/www.diocesisciudadrodrigo.org\/blog4\/","name":"Di\u00f3cesis de Ciudad Rodrigo","description":"Sitio web oficial de la di\u00f3cesis civitatense","publisher":{"@id":"https:\/\/www.diocesisciudadrodrigo.org\/blog4\/#organization"},"potentialAction":[{"@type":"SearchAction","target":{"@type":"EntryPoint","urlTemplate":"https:\/\/www.diocesisciudadrodrigo.org\/blog4\/?s={search_term_string}"},"query-input":{"@type":"PropertyValueSpecification","valueRequired":true,"valueName":"search_term_string"}}],"inLanguage":"es"},{"@type":"Organization","@id":"https:\/\/www.diocesisciudadrodrigo.org\/blog4\/#organization","name":"Di\u00f3cesis de Ciudad Rodrigo","url":"https:\/\/www.diocesisciudadrodrigo.org\/blog4\/","logo":{"@type":"ImageObject","inLanguage":"es","@id":"https:\/\/www.diocesisciudadrodrigo.org\/blog4\/#\/schema\/logo\/image\/","url":"https:\/\/www.diocesisciudadrodrigo.org\/blog4\/wp-content\/uploads\/2024\/12\/Diocesis.CMYK_-768x480-1.jpg","contentUrl":"https:\/\/www.diocesisciudadrodrigo.org\/blog4\/wp-content\/uploads\/2024\/12\/Diocesis.CMYK_-768x480-1.jpg","width":768,"height":480,"caption":"Di\u00f3cesis de Ciudad Rodrigo"},"image":{"@id":"https:\/\/www.diocesisciudadrodrigo.org\/blog4\/#\/schema\/logo\/image\/"},"sameAs":["https:\/\/www.facebook.com\/people\/Dicesis-Ciudad-Rodrigo-MCS\/100076471923419\/#"]},{"@type":"Person","@id":"https:\/\/www.diocesisciudadrodrigo.org\/blog4\/#\/schema\/person\/5fcf0ca636a75766ff70e6417b6ed052","name":"medios CR","image":{"@type":"ImageObject","inLanguage":"es","@id":"https:\/\/secure.gravatar.com\/avatar\/4a619fd0c7e36bd570f4e6e15eb09a2191185d0f63d8dbfdffe848af141ab87e?s=96&d=mm&r=g","url":"https:\/\/secure.gravatar.com\/avatar\/4a619fd0c7e36bd570f4e6e15eb09a2191185d0f63d8dbfdffe848af141ab87e?s=96&d=mm&r=g","contentUrl":"https:\/\/secure.gravatar.com\/avatar\/4a619fd0c7e36bd570f4e6e15eb09a2191185d0f63d8dbfdffe848af141ab87e?s=96&d=mm&r=g","caption":"medios CR"},"url":"https:\/\/www.diocesisciudadrodrigo.org\/blog4\/author\/admin4\/"}]}},"_links":{"self":[{"href":"https:\/\/www.diocesisciudadrodrigo.org\/blog4\/wp-json\/wp\/v2\/posts\/44135","targetHints":{"allow":["GET"]}}],"collection":[{"href":"https:\/\/www.diocesisciudadrodrigo.org\/blog4\/wp-json\/wp\/v2\/posts"}],"about":[{"href":"https:\/\/www.diocesisciudadrodrigo.org\/blog4\/wp-json\/wp\/v2\/types\/post"}],"author":[{"embeddable":true,"href":"https:\/\/www.diocesisciudadrodrigo.org\/blog4\/wp-json\/wp\/v2\/users\/1"}],"replies":[{"embeddable":true,"href":"https:\/\/www.diocesisciudadrodrigo.org\/blog4\/wp-json\/wp\/v2\/comments?post=44135"}],"version-history":[{"count":12,"href":"https:\/\/www.diocesisciudadrodrigo.org\/blog4\/wp-json\/wp\/v2\/posts\/44135\/revisions"}],"predecessor-version":[{"id":44156,"href":"https:\/\/www.diocesisciudadrodrigo.org\/blog4\/wp-json\/wp\/v2\/posts\/44135\/revisions\/44156"}],"wp:featuredmedia":[{"embeddable":true,"href":"https:\/\/www.diocesisciudadrodrigo.org\/blog4\/wp-json\/wp\/v2\/media\/44138"}],"wp:attachment":[{"href":"https:\/\/www.diocesisciudadrodrigo.org\/blog4\/wp-json\/wp\/v2\/media?parent=44135"}],"wp:term":[{"taxonomy":"category","embeddable":true,"href":"https:\/\/www.diocesisciudadrodrigo.org\/blog4\/wp-json\/wp\/v2\/categories?post=44135"},{"taxonomy":"post_tag","embeddable":true,"href":"https:\/\/www.diocesisciudadrodrigo.org\/blog4\/wp-json\/wp\/v2\/tags?post=44135"}],"curies":[{"name":"wp","href":"https:\/\/api.w.org\/{rel}","templated":true}]}}