{"id":44111,"date":"2026-04-26T22:17:48","date_gmt":"2026-04-26T20:17:48","guid":{"rendered":"https:\/\/www.diocesisciudadrodrigo.org\/blog4\/?p=44111"},"modified":"2026-04-26T22:17:48","modified_gmt":"2026-04-26T20:17:48","slug":"el-comentario-del-anselmo-matilla-ojala-todos-sintamos-la-voz-de-jesus-que-nos-invita-a-entrar-por-el","status":"publish","type":"post","link":"https:\/\/www.diocesisciudadrodrigo.org\/blog4\/el-comentario-del-anselmo-matilla-ojala-todos-sintamos-la-voz-de-jesus-que-nos-invita-a-entrar-por-el\/","title":{"rendered":"EL COMENTARIO DEL ANSELMO MATILLA: \u00abOjal\u00e1 todos sintamos la voz de Jes\u00fas que nos invita a entrar por \u00c9l\u00bb"},"content":{"rendered":"\t\t<div data-elementor-type=\"wp-post\" data-elementor-id=\"44111\" class=\"elementor elementor-44111\" data-elementor-settings=\"[]\">\n\t\t\t\t\t\t<div class=\"elementor-inner\">\n\t\t\t\t\t\t\t<div class=\"elementor-section-wrap\">\n\t\t\t\t\t\t\t<section class=\"elementor-section elementor-top-section elementor-element elementor-element-cc0a5d7 elementor-section-boxed elementor-section-height-default elementor-section-height-default\" data-id=\"cc0a5d7\" data-element_type=\"section\">\n\t\t\t\t\t\t<div class=\"elementor-container elementor-column-gap-default\">\n\t\t\t\t\t\t\t<div class=\"elementor-row\">\n\t\t\t\t\t<div class=\"elementor-column elementor-col-100 elementor-top-column elementor-element elementor-element-cd1ea24\" data-id=\"cd1ea24\" data-element_type=\"column\">\n\t\t\t<div class=\"elementor-column-wrap elementor-element-populated\">\n\t\t\t\t\t\t\t<div class=\"elementor-widget-wrap\">\n\t\t\t\t\t\t<div class=\"elementor-element elementor-element-e695692 elementor-widget elementor-widget-html\" data-id=\"e695692\" data-element_type=\"widget\" data-widget_type=\"html.default\">\n\t\t\t\t<div class=\"elementor-widget-container\">\n\t\t\t<iframe data-testid=\"embed-iframe\" style=\"border-radius:12px\" src=\"https:\/\/open.spotify.com\/embed\/episode\/3WuiRZ6fvdrs9hPXurSrHD?utm_source=generator\" width=\"100%\" height=\"152\" frameBorder=\"0\" allowfullscreen=\"\" allow=\"autoplay; clipboard-write; encrypted-media; fullscreen; picture-in-picture\" loading=\"lazy\"><\/iframe>\t\t<\/div>\n\t\t\t\t<\/div>\n\t\t\t\t\t\t<\/div>\n\t\t\t\t\t<\/div>\n\t\t<\/div>\n\t\t\t\t\t\t\t\t<\/div>\n\t\t\t\t\t<\/div>\n\t\t<\/section>\n\t\t\t\t<section class=\"elementor-section elementor-top-section elementor-element elementor-element-d6b2ba9 elementor-section-boxed elementor-section-height-default elementor-section-height-default\" data-id=\"d6b2ba9\" data-element_type=\"section\">\n\t\t\t\t\t\t<div class=\"elementor-container elementor-column-gap-default\">\n\t\t\t\t\t\t\t<div class=\"elementor-row\">\n\t\t\t\t\t<div class=\"elementor-column elementor-col-100 elementor-top-column elementor-element elementor-element-ab02f8e\" data-id=\"ab02f8e\" data-element_type=\"column\">\n\t\t\t<div class=\"elementor-column-wrap elementor-element-populated\">\n\t\t\t\t\t\t\t<div class=\"elementor-widget-wrap\">\n\t\t\t\t\t\t<div class=\"elementor-element elementor-element-0e17181 elementor-widget elementor-widget-text-editor\" data-id=\"0e17181\" data-element_type=\"widget\" data-widget_type=\"text-editor.default\">\n\t\t\t\t<div class=\"elementor-widget-container\">\n\t\t\t\t\t\t\t\t<div class=\"elementor-text-editor elementor-clearfix\">\n\t\t\t\t<p><em>Buenos d\u00edas queridos oyentes de COPE y feliz domingo. Feliz cuarto domingo ya de Pascua.<\/em><\/p><p><em>Parece que est\u00e1bamos celebrando ayer el Triduo Pascual y ya estamos en el cuarto domingo de Pascua, Domingo del buen pastor: jornada mundial de oraci\u00f3n por las vocaciones y de las vocaciones nativas en el que la Iglesia nos invita a orar todos por todos, todas las vocaciones por todas las vocaciones. Es decir, laicos, vida consagrada, presb\u00edteros,&#8230; orar unos por los otros para que cada uno en nuestra misi\u00f3n cumplamos la vocaci\u00f3n a la que Dios nos ha llamado.<\/em><\/p><p><em>El Evangelio de esta ma\u00f1ana es el discurso del Buen pastor en el evangelio de Juan. Jes\u00fas se identifica con el buen pastor que da la vida por su sus ovejas. En el texto que escucharemos en la misa de hoy, Jes\u00fas nos invita a mirarle a \u00c9l as\u00ed como un aliado, como alguien que da su vida por nosotros. Y la caracter\u00edstica que \u00c9l tiene para saber que es el buen pastor es que no salta la valla, sino que entra por la puerta y \u00c9l mismo es la puerta del aprisco, de ese buen pasto, que es su mensaje y su evangelio, su buena noticia.<\/em><\/p><p><em>\u00bfQu\u00e9 m\u00e1s caracteriza al buen pastor? Pues que atiende a las ovejas, las guarda, las conoce, las llama por su nombre, las saca, las lleva a pastar,&#8230; es decir, Jes\u00fas se preocupa por cada uno de nosotros como cristianos.<\/em><\/p><p><em>El criterio para identificar cu\u00e1ndo estamos con Jes\u00fas o cu\u00e1ndo estamos lejos de \u00c9l y estamos siguiendo a otros pastores, es precisamente ese: los falsos pastores, aquellos sentimientos, pensamientos, deseos, que a veces nos llegan y que aparentemente son mensajes de Jes\u00fas, no entran por la puerta. Ni tampoco nos cuidan, sino que m\u00e1s bien pasa lo contrario, nos alejan del Se\u00f1or, nos alejan de sus pastos y nos hacen estar en tierra extra\u00f1a.<\/em><\/p><p><em>Ojal\u00e1 en este cuarto domingo de Pascua todos sintamos la voz de Jes\u00fas que nos invita a entrar por \u00c9l, que es la puerta, a los buenos pastos, los de su evangelio, su palabra y su mensaje. Alimentarnos de esos buenos pastos y a a dar a conocer a la palabra de Jes\u00fas a tanta gente necesitada de su perd\u00f3n, de su misericordia, de su acogida.<\/em><\/p><p><em>Feliz cuarto domingo de Pascua, feliz domingo del buen pastor.<span class=\"Apple-converted-space\">\u00a0<\/span><\/em><\/p><p style=\"text-align: right;\"><strong>ANSELMO MATILLA<\/strong><\/p>\t\t\t\t\t<\/div>\n\t\t\t\t\t\t<\/div>\n\t\t\t\t<\/div>\n\t\t\t\t\t\t<\/div>\n\t\t\t\t\t<\/div>\n\t\t<\/div>\n\t\t\t\t\t\t\t\t<\/div>\n\t\t\t\t\t<\/div>\n\t\t<\/section>\n\t\t\t\t<section class=\"elementor-section elementor-top-section elementor-element elementor-element-6779481 elementor-section-boxed elementor-section-height-default elementor-section-height-default\" data-id=\"6779481\" data-element_type=\"section\">\n\t\t\t\t\t\t<div class=\"elementor-container elementor-column-gap-default\">\n\t\t\t\t\t\t\t<div class=\"elementor-row\">\n\t\t\t\t\t<div class=\"elementor-column elementor-col-100 elementor-top-column elementor-element elementor-element-930c910\" data-id=\"930c910\" data-element_type=\"column\">\n\t\t\t<div class=\"elementor-column-wrap elementor-element-populated\">\n\t\t\t\t\t\t\t<div class=\"elementor-widget-wrap\">\n\t\t\t\t\t\t<div class=\"elementor-element elementor-element-5bcc379 elementor-widget elementor-widget-image\" data-id=\"5bcc379\" data-element_type=\"widget\" data-widget_type=\"image.default\">\n\t\t\t\t<div class=\"elementor-widget-container\">\n\t\t\t\t\t\t\t\t<div class=\"elementor-image\">\n\t\t\t\t\t\t\t\t\t\t\t\t<img loading=\"lazy\" decoding=\"async\" width=\"1200\" height=\"675\" src=\"https:\/\/www.diocesisciudadrodrigo.org\/blog4\/wp-content\/uploads\/2026\/04\/Comentarios-domingo-CR-imagen-1280-x-830-px-4.jpg\" class=\"attachment-large size-large\" alt=\"\" srcset=\"https:\/\/www.diocesisciudadrodrigo.org\/blog4\/wp-content\/uploads\/2026\/04\/Comentarios-domingo-CR-imagen-1280-x-830-px-4.jpg 1280w, https:\/\/www.diocesisciudadrodrigo.org\/blog4\/wp-content\/uploads\/2026\/04\/Comentarios-domingo-CR-imagen-1280-x-830-px-4-1000x563.jpg 1000w, https:\/\/www.diocesisciudadrodrigo.org\/blog4\/wp-content\/uploads\/2026\/04\/Comentarios-domingo-CR-imagen-1280-x-830-px-4-768x432.jpg 768w, https:\/\/www.diocesisciudadrodrigo.org\/blog4\/wp-content\/uploads\/2026\/04\/Comentarios-domingo-CR-imagen-1280-x-830-px-4-350x197.jpg 350w\" sizes=\"auto, (max-width: 1200px) 100vw, 1200px\" \/>\t\t\t\t\t\t\t\t\t\t\t\t\t\t<\/div>\n\t\t\t\t\t\t<\/div>\n\t\t\t\t<\/div>\n\t\t\t\t\t\t<\/div>\n\t\t\t\t\t<\/div>\n\t\t<\/div>\n\t\t\t\t\t\t\t\t<\/div>\n\t\t\t\t\t<\/div>\n\t\t<\/section>\n\t\t\t\t\t\t<\/div>\n\t\t\t\t\t\t<\/div>\n\t\t\t\t\t<\/div>\n\t\t","protected":false},"excerpt":{"rendered":"<p>Escucha el comentario del domingo de Anselmo Matilla en el programa Iglesia Noticia COPE en Ciudad Rodrigo sobre el evangelio de este IV Domingo de Pascua<\/p>\n","protected":false},"author":1,"featured_media":44117,"comment_status":"closed","ping_status":"closed","sticky":false,"template":"","format":"standard","meta":{"footnotes":""},"categories":[62,6],"tags":[42,43],"class_list":["post-44111","post","type-post","status-publish","format-standard","has-post-thumbnail","hentry","category-comentario","category-noticias","tag-comentario","tag-evangelio","masonry-post","generate-columns","tablet-grid-50","mobile-grid-100","grid-parent","grid-50"],"yoast_head":"<!-- This site is optimized with the Yoast SEO plugin v27.3 - https:\/\/yoast.com\/product\/yoast-seo-wordpress\/ -->\n<title>EL COMENTARIO DEL ANSELMO MATILLA: \u00abOjal\u00e1 todos sintamos la voz de Jes\u00fas que nos invita a entrar por \u00c9l\u00bb - Di\u00f3cesis de Ciudad Rodrigo<\/title>\n<meta name=\"description\" content=\"Escucha el comentario del domingo de Anselmo Matilla en el programa Iglesia Noticia COPE en Ciudad Rodrigo sobre el evangelio de este IV Domingo de Pascua\" \/>\n<meta name=\"robots\" content=\"index, follow, max-snippet:-1, max-image-preview:large, max-video-preview:-1\" \/>\n<link rel=\"canonical\" href=\"https:\/\/www.diocesisciudadrodrigo.org\/blog4\/el-comentario-del-anselmo-matilla-ojala-todos-sintamos-la-voz-de-jesus-que-nos-invita-a-entrar-por-el\/\" \/>\n<meta property=\"og:locale\" content=\"es_ES\" \/>\n<meta property=\"og:type\" content=\"article\" \/>\n<meta property=\"og:title\" content=\"EL COMENTARIO DEL ANSELMO MATILLA: \u00abOjal\u00e1 todos sintamos la voz de Jes\u00fas que nos invita a entrar por \u00c9l\u00bb - Di\u00f3cesis de Ciudad Rodrigo\" \/>\n<meta property=\"og:description\" content=\"Escucha el comentario del domingo de Anselmo Matilla en el programa Iglesia Noticia COPE en Ciudad Rodrigo sobre el evangelio de este IV Domingo de Pascua\" \/>\n<meta property=\"og:url\" content=\"https:\/\/www.diocesisciudadrodrigo.org\/blog4\/el-comentario-del-anselmo-matilla-ojala-todos-sintamos-la-voz-de-jesus-que-nos-invita-a-entrar-por-el\/\" \/>\n<meta property=\"og:site_name\" content=\"Di\u00f3cesis de Ciudad Rodrigo\" \/>\n<meta property=\"article:publisher\" content=\"https:\/\/www.facebook.com\/people\/Dicesis-Ciudad-Rodrigo-MCS\/100076471923419\/#\" \/>\n<meta property=\"article:published_time\" content=\"2026-04-26T20:17:48+00:00\" \/>\n<meta property=\"og:image\" content=\"https:\/\/www.diocesisciudadrodrigo.org\/blog4\/wp-content\/uploads\/2026\/04\/Comentarios-domingo-CR-imagen-1280-x-830-px-4.jpg\" \/>\n\t<meta property=\"og:image:width\" content=\"1280\" \/>\n\t<meta property=\"og:image:height\" content=\"720\" \/>\n\t<meta property=\"og:image:type\" content=\"image\/jpeg\" \/>\n<meta name=\"author\" content=\"medios CR\" \/>\n<meta name=\"twitter:card\" content=\"summary_large_image\" \/>\n<meta name=\"twitter:label1\" content=\"Escrito por\" \/>\n\t<meta name=\"twitter:data1\" content=\"medios CR\" \/>\n\t<meta name=\"twitter:label2\" content=\"Tiempo de lectura\" \/>\n\t<meta name=\"twitter:data2\" content=\"3 minutos\" \/>\n<script type=\"application\/ld+json\" class=\"yoast-schema-graph\">{\"@context\":\"https:\\\/\\\/schema.org\",\"@graph\":[{\"@type\":\"Article\",\"@id\":\"https:\\\/\\\/www.diocesisciudadrodrigo.org\\\/blog4\\\/el-comentario-del-anselmo-matilla-ojala-todos-sintamos-la-voz-de-jesus-que-nos-invita-a-entrar-por-el\\\/#article\",\"isPartOf\":{\"@id\":\"https:\\\/\\\/www.diocesisciudadrodrigo.org\\\/blog4\\\/el-comentario-del-anselmo-matilla-ojala-todos-sintamos-la-voz-de-jesus-que-nos-invita-a-entrar-por-el\\\/\"},\"author\":{\"name\":\"medios CR\",\"@id\":\"https:\\\/\\\/www.diocesisciudadrodrigo.org\\\/blog4\\\/#\\\/schema\\\/person\\\/5fcf0ca636a75766ff70e6417b6ed052\"},\"headline\":\"EL COMENTARIO DEL ANSELMO MATILLA: \u00abOjal\u00e1 todos sintamos la voz de Jes\u00fas que nos invita a entrar por \u00c9l\u00bb\",\"datePublished\":\"2026-04-26T20:17:48+00:00\",\"mainEntityOfPage\":{\"@id\":\"https:\\\/\\\/www.diocesisciudadrodrigo.org\\\/blog4\\\/el-comentario-del-anselmo-matilla-ojala-todos-sintamos-la-voz-de-jesus-que-nos-invita-a-entrar-por-el\\\/\"},\"wordCount\":435,\"publisher\":{\"@id\":\"https:\\\/\\\/www.diocesisciudadrodrigo.org\\\/blog4\\\/#organization\"},\"image\":{\"@id\":\"https:\\\/\\\/www.diocesisciudadrodrigo.org\\\/blog4\\\/el-comentario-del-anselmo-matilla-ojala-todos-sintamos-la-voz-de-jesus-que-nos-invita-a-entrar-por-el\\\/#primaryimage\"},\"thumbnailUrl\":\"https:\\\/\\\/www.diocesisciudadrodrigo.org\\\/blog4\\\/wp-content\\\/uploads\\\/2026\\\/04\\\/Comentarios-domingo-CR-imagen-1280-x-830-px-4.jpg\",\"keywords\":[\"Comentario\",\"Evangelio\"],\"articleSection\":[\"Comentario\",\"Noticias\"],\"inLanguage\":\"es\"},{\"@type\":\"WebPage\",\"@id\":\"https:\\\/\\\/www.diocesisciudadrodrigo.org\\\/blog4\\\/el-comentario-del-anselmo-matilla-ojala-todos-sintamos-la-voz-de-jesus-que-nos-invita-a-entrar-por-el\\\/\",\"url\":\"https:\\\/\\\/www.diocesisciudadrodrigo.org\\\/blog4\\\/el-comentario-del-anselmo-matilla-ojala-todos-sintamos-la-voz-de-jesus-que-nos-invita-a-entrar-por-el\\\/\",\"name\":\"EL COMENTARIO DEL ANSELMO MATILLA: \u00abOjal\u00e1 todos sintamos la voz de Jes\u00fas que nos invita a entrar por \u00c9l\u00bb - Di\u00f3cesis de Ciudad Rodrigo\",\"isPartOf\":{\"@id\":\"https:\\\/\\\/www.diocesisciudadrodrigo.org\\\/blog4\\\/#website\"},\"primaryImageOfPage\":{\"@id\":\"https:\\\/\\\/www.diocesisciudadrodrigo.org\\\/blog4\\\/el-comentario-del-anselmo-matilla-ojala-todos-sintamos-la-voz-de-jesus-que-nos-invita-a-entrar-por-el\\\/#primaryimage\"},\"image\":{\"@id\":\"https:\\\/\\\/www.diocesisciudadrodrigo.org\\\/blog4\\\/el-comentario-del-anselmo-matilla-ojala-todos-sintamos-la-voz-de-jesus-que-nos-invita-a-entrar-por-el\\\/#primaryimage\"},\"thumbnailUrl\":\"https:\\\/\\\/www.diocesisciudadrodrigo.org\\\/blog4\\\/wp-content\\\/uploads\\\/2026\\\/04\\\/Comentarios-domingo-CR-imagen-1280-x-830-px-4.jpg\",\"datePublished\":\"2026-04-26T20:17:48+00:00\",\"description\":\"Escucha el comentario del domingo de Anselmo Matilla en el programa Iglesia Noticia COPE en Ciudad Rodrigo sobre el evangelio de este IV Domingo de Pascua\",\"breadcrumb\":{\"@id\":\"https:\\\/\\\/www.diocesisciudadrodrigo.org\\\/blog4\\\/el-comentario-del-anselmo-matilla-ojala-todos-sintamos-la-voz-de-jesus-que-nos-invita-a-entrar-por-el\\\/#breadcrumb\"},\"inLanguage\":\"es\",\"potentialAction\":[{\"@type\":\"ReadAction\",\"target\":[\"https:\\\/\\\/www.diocesisciudadrodrigo.org\\\/blog4\\\/el-comentario-del-anselmo-matilla-ojala-todos-sintamos-la-voz-de-jesus-que-nos-invita-a-entrar-por-el\\\/\"]}]},{\"@type\":\"ImageObject\",\"inLanguage\":\"es\",\"@id\":\"https:\\\/\\\/www.diocesisciudadrodrigo.org\\\/blog4\\\/el-comentario-del-anselmo-matilla-ojala-todos-sintamos-la-voz-de-jesus-que-nos-invita-a-entrar-por-el\\\/#primaryimage\",\"url\":\"https:\\\/\\\/www.diocesisciudadrodrigo.org\\\/blog4\\\/wp-content\\\/uploads\\\/2026\\\/04\\\/Comentarios-domingo-CR-imagen-1280-x-830-px-4.jpg\",\"contentUrl\":\"https:\\\/\\\/www.diocesisciudadrodrigo.org\\\/blog4\\\/wp-content\\\/uploads\\\/2026\\\/04\\\/Comentarios-domingo-CR-imagen-1280-x-830-px-4.jpg\",\"width\":1280,\"height\":720},{\"@type\":\"BreadcrumbList\",\"@id\":\"https:\\\/\\\/www.diocesisciudadrodrigo.org\\\/blog4\\\/el-comentario-del-anselmo-matilla-ojala-todos-sintamos-la-voz-de-jesus-que-nos-invita-a-entrar-por-el\\\/#breadcrumb\",\"itemListElement\":[{\"@type\":\"ListItem\",\"position\":1,\"name\":\"Portada\",\"item\":\"https:\\\/\\\/www.diocesisciudadrodrigo.org\\\/blog4\\\/\"},{\"@type\":\"ListItem\",\"position\":2,\"name\":\"EL COMENTARIO DEL ANSELMO MATILLA: \u00abOjal\u00e1 todos sintamos la voz de Jes\u00fas que nos invita a entrar por \u00c9l\u00bb\"}]},{\"@type\":\"WebSite\",\"@id\":\"https:\\\/\\\/www.diocesisciudadrodrigo.org\\\/blog4\\\/#website\",\"url\":\"https:\\\/\\\/www.diocesisciudadrodrigo.org\\\/blog4\\\/\",\"name\":\"Di\u00f3cesis de Ciudad Rodrigo\",\"description\":\"Sitio web oficial de la di\u00f3cesis civitatense\",\"publisher\":{\"@id\":\"https:\\\/\\\/www.diocesisciudadrodrigo.org\\\/blog4\\\/#organization\"},\"potentialAction\":[{\"@type\":\"SearchAction\",\"target\":{\"@type\":\"EntryPoint\",\"urlTemplate\":\"https:\\\/\\\/www.diocesisciudadrodrigo.org\\\/blog4\\\/?s={search_term_string}\"},\"query-input\":{\"@type\":\"PropertyValueSpecification\",\"valueRequired\":true,\"valueName\":\"search_term_string\"}}],\"inLanguage\":\"es\"},{\"@type\":\"Organization\",\"@id\":\"https:\\\/\\\/www.diocesisciudadrodrigo.org\\\/blog4\\\/#organization\",\"name\":\"Di\u00f3cesis de Ciudad Rodrigo\",\"url\":\"https:\\\/\\\/www.diocesisciudadrodrigo.org\\\/blog4\\\/\",\"logo\":{\"@type\":\"ImageObject\",\"inLanguage\":\"es\",\"@id\":\"https:\\\/\\\/www.diocesisciudadrodrigo.org\\\/blog4\\\/#\\\/schema\\\/logo\\\/image\\\/\",\"url\":\"https:\\\/\\\/www.diocesisciudadrodrigo.org\\\/blog4\\\/wp-content\\\/uploads\\\/2024\\\/12\\\/Diocesis.CMYK_-768x480-1.jpg\",\"contentUrl\":\"https:\\\/\\\/www.diocesisciudadrodrigo.org\\\/blog4\\\/wp-content\\\/uploads\\\/2024\\\/12\\\/Diocesis.CMYK_-768x480-1.jpg\",\"width\":768,\"height\":480,\"caption\":\"Di\u00f3cesis de Ciudad Rodrigo\"},\"image\":{\"@id\":\"https:\\\/\\\/www.diocesisciudadrodrigo.org\\\/blog4\\\/#\\\/schema\\\/logo\\\/image\\\/\"},\"sameAs\":[\"https:\\\/\\\/www.facebook.com\\\/people\\\/Dicesis-Ciudad-Rodrigo-MCS\\\/100076471923419\\\/#\"]},{\"@type\":\"Person\",\"@id\":\"https:\\\/\\\/www.diocesisciudadrodrigo.org\\\/blog4\\\/#\\\/schema\\\/person\\\/5fcf0ca636a75766ff70e6417b6ed052\",\"name\":\"medios CR\",\"image\":{\"@type\":\"ImageObject\",\"inLanguage\":\"es\",\"@id\":\"https:\\\/\\\/secure.gravatar.com\\\/avatar\\\/4a619fd0c7e36bd570f4e6e15eb09a2191185d0f63d8dbfdffe848af141ab87e?s=96&d=mm&r=g\",\"url\":\"https:\\\/\\\/secure.gravatar.com\\\/avatar\\\/4a619fd0c7e36bd570f4e6e15eb09a2191185d0f63d8dbfdffe848af141ab87e?s=96&d=mm&r=g\",\"contentUrl\":\"https:\\\/\\\/secure.gravatar.com\\\/avatar\\\/4a619fd0c7e36bd570f4e6e15eb09a2191185d0f63d8dbfdffe848af141ab87e?s=96&d=mm&r=g\",\"caption\":\"medios CR\"},\"url\":\"https:\\\/\\\/www.diocesisciudadrodrigo.org\\\/blog4\\\/author\\\/admin4\\\/\"}]}<\/script>\n<!-- \/ Yoast SEO plugin. -->","yoast_head_json":{"title":"EL COMENTARIO DEL ANSELMO MATILLA: \u00abOjal\u00e1 todos sintamos la voz de Jes\u00fas que nos invita a entrar por \u00c9l\u00bb - Di\u00f3cesis de Ciudad Rodrigo","description":"Escucha el comentario del domingo de Anselmo Matilla en el programa Iglesia Noticia COPE en Ciudad Rodrigo sobre el evangelio de este IV Domingo de Pascua","robots":{"index":"index","follow":"follow","max-snippet":"max-snippet:-1","max-image-preview":"max-image-preview:large","max-video-preview":"max-video-preview:-1"},"canonical":"https:\/\/www.diocesisciudadrodrigo.org\/blog4\/el-comentario-del-anselmo-matilla-ojala-todos-sintamos-la-voz-de-jesus-que-nos-invita-a-entrar-por-el\/","og_locale":"es_ES","og_type":"article","og_title":"EL COMENTARIO DEL ANSELMO MATILLA: \u00abOjal\u00e1 todos sintamos la voz de Jes\u00fas que nos invita a entrar por \u00c9l\u00bb - Di\u00f3cesis de Ciudad Rodrigo","og_description":"Escucha el comentario del domingo de Anselmo Matilla en el programa Iglesia Noticia COPE en Ciudad Rodrigo sobre el evangelio de este IV Domingo de Pascua","og_url":"https:\/\/www.diocesisciudadrodrigo.org\/blog4\/el-comentario-del-anselmo-matilla-ojala-todos-sintamos-la-voz-de-jesus-que-nos-invita-a-entrar-por-el\/","og_site_name":"Di\u00f3cesis de Ciudad Rodrigo","article_publisher":"https:\/\/www.facebook.com\/people\/Dicesis-Ciudad-Rodrigo-MCS\/100076471923419\/#","article_published_time":"2026-04-26T20:17:48+00:00","og_image":[{"width":1280,"height":720,"url":"https:\/\/www.diocesisciudadrodrigo.org\/blog4\/wp-content\/uploads\/2026\/04\/Comentarios-domingo-CR-imagen-1280-x-830-px-4.jpg","type":"image\/jpeg"}],"author":"medios CR","twitter_card":"summary_large_image","twitter_misc":{"Escrito por":"medios CR","Tiempo de lectura":"3 minutos"},"schema":{"@context":"https:\/\/schema.org","@graph":[{"@type":"Article","@id":"https:\/\/www.diocesisciudadrodrigo.org\/blog4\/el-comentario-del-anselmo-matilla-ojala-todos-sintamos-la-voz-de-jesus-que-nos-invita-a-entrar-por-el\/#article","isPartOf":{"@id":"https:\/\/www.diocesisciudadrodrigo.org\/blog4\/el-comentario-del-anselmo-matilla-ojala-todos-sintamos-la-voz-de-jesus-que-nos-invita-a-entrar-por-el\/"},"author":{"name":"medios CR","@id":"https:\/\/www.diocesisciudadrodrigo.org\/blog4\/#\/schema\/person\/5fcf0ca636a75766ff70e6417b6ed052"},"headline":"EL COMENTARIO DEL ANSELMO MATILLA: \u00abOjal\u00e1 todos sintamos la voz de Jes\u00fas que nos invita a entrar por \u00c9l\u00bb","datePublished":"2026-04-26T20:17:48+00:00","mainEntityOfPage":{"@id":"https:\/\/www.diocesisciudadrodrigo.org\/blog4\/el-comentario-del-anselmo-matilla-ojala-todos-sintamos-la-voz-de-jesus-que-nos-invita-a-entrar-por-el\/"},"wordCount":435,"publisher":{"@id":"https:\/\/www.diocesisciudadrodrigo.org\/blog4\/#organization"},"image":{"@id":"https:\/\/www.diocesisciudadrodrigo.org\/blog4\/el-comentario-del-anselmo-matilla-ojala-todos-sintamos-la-voz-de-jesus-que-nos-invita-a-entrar-por-el\/#primaryimage"},"thumbnailUrl":"https:\/\/www.diocesisciudadrodrigo.org\/blog4\/wp-content\/uploads\/2026\/04\/Comentarios-domingo-CR-imagen-1280-x-830-px-4.jpg","keywords":["Comentario","Evangelio"],"articleSection":["Comentario","Noticias"],"inLanguage":"es"},{"@type":"WebPage","@id":"https:\/\/www.diocesisciudadrodrigo.org\/blog4\/el-comentario-del-anselmo-matilla-ojala-todos-sintamos-la-voz-de-jesus-que-nos-invita-a-entrar-por-el\/","url":"https:\/\/www.diocesisciudadrodrigo.org\/blog4\/el-comentario-del-anselmo-matilla-ojala-todos-sintamos-la-voz-de-jesus-que-nos-invita-a-entrar-por-el\/","name":"EL COMENTARIO DEL ANSELMO MATILLA: \u00abOjal\u00e1 todos sintamos la voz de Jes\u00fas que nos invita a entrar por \u00c9l\u00bb - Di\u00f3cesis de Ciudad Rodrigo","isPartOf":{"@id":"https:\/\/www.diocesisciudadrodrigo.org\/blog4\/#website"},"primaryImageOfPage":{"@id":"https:\/\/www.diocesisciudadrodrigo.org\/blog4\/el-comentario-del-anselmo-matilla-ojala-todos-sintamos-la-voz-de-jesus-que-nos-invita-a-entrar-por-el\/#primaryimage"},"image":{"@id":"https:\/\/www.diocesisciudadrodrigo.org\/blog4\/el-comentario-del-anselmo-matilla-ojala-todos-sintamos-la-voz-de-jesus-que-nos-invita-a-entrar-por-el\/#primaryimage"},"thumbnailUrl":"https:\/\/www.diocesisciudadrodrigo.org\/blog4\/wp-content\/uploads\/2026\/04\/Comentarios-domingo-CR-imagen-1280-x-830-px-4.jpg","datePublished":"2026-04-26T20:17:48+00:00","description":"Escucha el comentario del domingo de Anselmo Matilla en el programa Iglesia Noticia COPE en Ciudad Rodrigo sobre el evangelio de este IV Domingo de Pascua","breadcrumb":{"@id":"https:\/\/www.diocesisciudadrodrigo.org\/blog4\/el-comentario-del-anselmo-matilla-ojala-todos-sintamos-la-voz-de-jesus-que-nos-invita-a-entrar-por-el\/#breadcrumb"},"inLanguage":"es","potentialAction":[{"@type":"ReadAction","target":["https:\/\/www.diocesisciudadrodrigo.org\/blog4\/el-comentario-del-anselmo-matilla-ojala-todos-sintamos-la-voz-de-jesus-que-nos-invita-a-entrar-por-el\/"]}]},{"@type":"ImageObject","inLanguage":"es","@id":"https:\/\/www.diocesisciudadrodrigo.org\/blog4\/el-comentario-del-anselmo-matilla-ojala-todos-sintamos-la-voz-de-jesus-que-nos-invita-a-entrar-por-el\/#primaryimage","url":"https:\/\/www.diocesisciudadrodrigo.org\/blog4\/wp-content\/uploads\/2026\/04\/Comentarios-domingo-CR-imagen-1280-x-830-px-4.jpg","contentUrl":"https:\/\/www.diocesisciudadrodrigo.org\/blog4\/wp-content\/uploads\/2026\/04\/Comentarios-domingo-CR-imagen-1280-x-830-px-4.jpg","width":1280,"height":720},{"@type":"BreadcrumbList","@id":"https:\/\/www.diocesisciudadrodrigo.org\/blog4\/el-comentario-del-anselmo-matilla-ojala-todos-sintamos-la-voz-de-jesus-que-nos-invita-a-entrar-por-el\/#breadcrumb","itemListElement":[{"@type":"ListItem","position":1,"name":"Portada","item":"https:\/\/www.diocesisciudadrodrigo.org\/blog4\/"},{"@type":"ListItem","position":2,"name":"EL COMENTARIO DEL ANSELMO MATILLA: \u00abOjal\u00e1 todos sintamos la voz de Jes\u00fas que nos invita a entrar por \u00c9l\u00bb"}]},{"@type":"WebSite","@id":"https:\/\/www.diocesisciudadrodrigo.org\/blog4\/#website","url":"https:\/\/www.diocesisciudadrodrigo.org\/blog4\/","name":"Di\u00f3cesis de Ciudad Rodrigo","description":"Sitio web oficial de la di\u00f3cesis civitatense","publisher":{"@id":"https:\/\/www.diocesisciudadrodrigo.org\/blog4\/#organization"},"potentialAction":[{"@type":"SearchAction","target":{"@type":"EntryPoint","urlTemplate":"https:\/\/www.diocesisciudadrodrigo.org\/blog4\/?s={search_term_string}"},"query-input":{"@type":"PropertyValueSpecification","valueRequired":true,"valueName":"search_term_string"}}],"inLanguage":"es"},{"@type":"Organization","@id":"https:\/\/www.diocesisciudadrodrigo.org\/blog4\/#organization","name":"Di\u00f3cesis de Ciudad Rodrigo","url":"https:\/\/www.diocesisciudadrodrigo.org\/blog4\/","logo":{"@type":"ImageObject","inLanguage":"es","@id":"https:\/\/www.diocesisciudadrodrigo.org\/blog4\/#\/schema\/logo\/image\/","url":"https:\/\/www.diocesisciudadrodrigo.org\/blog4\/wp-content\/uploads\/2024\/12\/Diocesis.CMYK_-768x480-1.jpg","contentUrl":"https:\/\/www.diocesisciudadrodrigo.org\/blog4\/wp-content\/uploads\/2024\/12\/Diocesis.CMYK_-768x480-1.jpg","width":768,"height":480,"caption":"Di\u00f3cesis de Ciudad Rodrigo"},"image":{"@id":"https:\/\/www.diocesisciudadrodrigo.org\/blog4\/#\/schema\/logo\/image\/"},"sameAs":["https:\/\/www.facebook.com\/people\/Dicesis-Ciudad-Rodrigo-MCS\/100076471923419\/#"]},{"@type":"Person","@id":"https:\/\/www.diocesisciudadrodrigo.org\/blog4\/#\/schema\/person\/5fcf0ca636a75766ff70e6417b6ed052","name":"medios CR","image":{"@type":"ImageObject","inLanguage":"es","@id":"https:\/\/secure.gravatar.com\/avatar\/4a619fd0c7e36bd570f4e6e15eb09a2191185d0f63d8dbfdffe848af141ab87e?s=96&d=mm&r=g","url":"https:\/\/secure.gravatar.com\/avatar\/4a619fd0c7e36bd570f4e6e15eb09a2191185d0f63d8dbfdffe848af141ab87e?s=96&d=mm&r=g","contentUrl":"https:\/\/secure.gravatar.com\/avatar\/4a619fd0c7e36bd570f4e6e15eb09a2191185d0f63d8dbfdffe848af141ab87e?s=96&d=mm&r=g","caption":"medios CR"},"url":"https:\/\/www.diocesisciudadrodrigo.org\/blog4\/author\/admin4\/"}]}},"_links":{"self":[{"href":"https:\/\/www.diocesisciudadrodrigo.org\/blog4\/wp-json\/wp\/v2\/posts\/44111","targetHints":{"allow":["GET"]}}],"collection":[{"href":"https:\/\/www.diocesisciudadrodrigo.org\/blog4\/wp-json\/wp\/v2\/posts"}],"about":[{"href":"https:\/\/www.diocesisciudadrodrigo.org\/blog4\/wp-json\/wp\/v2\/types\/post"}],"author":[{"embeddable":true,"href":"https:\/\/www.diocesisciudadrodrigo.org\/blog4\/wp-json\/wp\/v2\/users\/1"}],"replies":[{"embeddable":true,"href":"https:\/\/www.diocesisciudadrodrigo.org\/blog4\/wp-json\/wp\/v2\/comments?post=44111"}],"version-history":[{"count":20,"href":"https:\/\/www.diocesisciudadrodrigo.org\/blog4\/wp-json\/wp\/v2\/posts\/44111\/revisions"}],"predecessor-version":[{"id":44133,"href":"https:\/\/www.diocesisciudadrodrigo.org\/blog4\/wp-json\/wp\/v2\/posts\/44111\/revisions\/44133"}],"wp:featuredmedia":[{"embeddable":true,"href":"https:\/\/www.diocesisciudadrodrigo.org\/blog4\/wp-json\/wp\/v2\/media\/44117"}],"wp:attachment":[{"href":"https:\/\/www.diocesisciudadrodrigo.org\/blog4\/wp-json\/wp\/v2\/media?parent=44111"}],"wp:term":[{"taxonomy":"category","embeddable":true,"href":"https:\/\/www.diocesisciudadrodrigo.org\/blog4\/wp-json\/wp\/v2\/categories?post=44111"},{"taxonomy":"post_tag","embeddable":true,"href":"https:\/\/www.diocesisciudadrodrigo.org\/blog4\/wp-json\/wp\/v2\/tags?post=44111"}],"curies":[{"name":"wp","href":"https:\/\/api.w.org\/{rel}","templated":true}]}}