{"id":44036,"date":"2026-04-24T19:32:58","date_gmt":"2026-04-24T17:32:58","guid":{"rendered":"https:\/\/www.diocesisciudadrodrigo.org\/blog4\/?p=44036"},"modified":"2026-04-24T22:29:01","modified_gmt":"2026-04-24T20:29:01","slug":"la-diocesis-prepara-una-peregrinacion-para-acudir-a-la-misa-del-corpus-con-el-papa-leon-xiv","status":"publish","type":"post","link":"https:\/\/www.diocesisciudadrodrigo.org\/blog4\/la-diocesis-prepara-una-peregrinacion-para-acudir-a-la-misa-del-corpus-con-el-papa-leon-xiv\/","title":{"rendered":"La Di\u00f3cesis prepara una peregrinaci\u00f3n para acudir a la Misa del Corpus con el Papa Le\u00f3n XIV"},"content":{"rendered":"\t\t<div data-elementor-type=\"wp-post\" data-elementor-id=\"44036\" class=\"elementor elementor-44036\" data-elementor-settings=\"[]\">\n\t\t\t\t\t\t<div class=\"elementor-inner\">\n\t\t\t\t\t\t\t<div class=\"elementor-section-wrap\">\n\t\t\t\t\t\t\t<section class=\"elementor-section elementor-top-section elementor-element elementor-element-12d8bd5 elementor-section-boxed elementor-section-height-default elementor-section-height-default\" data-id=\"12d8bd5\" data-element_type=\"section\">\n\t\t\t\t\t\t<div class=\"elementor-container elementor-column-gap-default\">\n\t\t\t\t\t\t\t<div class=\"elementor-row\">\n\t\t\t\t\t<div class=\"elementor-column elementor-col-100 elementor-top-column elementor-element elementor-element-40fb4b2\" data-id=\"40fb4b2\" data-element_type=\"column\">\n\t\t\t<div class=\"elementor-column-wrap elementor-element-populated\">\n\t\t\t\t\t\t\t<div class=\"elementor-widget-wrap\">\n\t\t\t\t\t\t<div class=\"elementor-element elementor-element-303ac48 elementor-widget elementor-widget-image\" data-id=\"303ac48\" data-element_type=\"widget\" data-widget_type=\"image.default\">\n\t\t\t\t<div class=\"elementor-widget-container\">\n\t\t\t\t\t\t\t\t<div class=\"elementor-image\">\n\t\t\t\t\t\t\t\t\t\t\t\t<img loading=\"lazy\" decoding=\"async\" width=\"1200\" height=\"686\" src=\"https:\/\/www.diocesisciudadrodrigo.org\/blog4\/wp-content\/uploads\/2026\/04\/Peregrinacion.jpeg\" class=\"attachment-large size-large\" alt=\"\" srcset=\"https:\/\/www.diocesisciudadrodrigo.org\/blog4\/wp-content\/uploads\/2026\/04\/Peregrinacion.jpeg 1344w, https:\/\/www.diocesisciudadrodrigo.org\/blog4\/wp-content\/uploads\/2026\/04\/Peregrinacion-1000x571.jpeg 1000w, https:\/\/www.diocesisciudadrodrigo.org\/blog4\/wp-content\/uploads\/2026\/04\/Peregrinacion-768x439.jpeg 768w, https:\/\/www.diocesisciudadrodrigo.org\/blog4\/wp-content\/uploads\/2026\/04\/Peregrinacion-350x200.jpeg 350w\" sizes=\"auto, (max-width: 1200px) 100vw, 1200px\" \/>\t\t\t\t\t\t\t\t\t\t\t\t\t\t<\/div>\n\t\t\t\t\t\t<\/div>\n\t\t\t\t<\/div>\n\t\t\t\t\t\t<\/div>\n\t\t\t\t\t<\/div>\n\t\t<\/div>\n\t\t\t\t\t\t\t\t<\/div>\n\t\t\t\t\t<\/div>\n\t\t<\/section>\n\t\t\t\t<section class=\"elementor-section elementor-top-section elementor-element elementor-element-cfc6f34 elementor-section-boxed elementor-section-height-default elementor-section-height-default\" data-id=\"cfc6f34\" data-element_type=\"section\">\n\t\t\t\t\t\t<div class=\"elementor-container elementor-column-gap-default\">\n\t\t\t\t\t\t\t<div class=\"elementor-row\">\n\t\t\t\t\t<div class=\"elementor-column elementor-col-100 elementor-top-column elementor-element elementor-element-baa87af\" data-id=\"baa87af\" data-element_type=\"column\">\n\t\t\t<div class=\"elementor-column-wrap elementor-element-populated\">\n\t\t\t\t\t\t\t<div class=\"elementor-widget-wrap\">\n\t\t\t\t\t\t<div class=\"elementor-element elementor-element-4e50d8f elementor-widget elementor-widget-text-editor\" data-id=\"4e50d8f\" data-element_type=\"widget\" data-widget_type=\"text-editor.default\">\n\t\t\t\t<div class=\"elementor-widget-container\">\n\t\t\t\t\t\t\t\t<div class=\"elementor-text-editor elementor-clearfix\">\n\t\t\t\t<p>La Di\u00f3cesis de Ciudad Rodrigo organiza una peregrinaci\u00f3n a Madrid para <strong>acudir a la Misa del Corpus, que presidir\u00e1 el Papa Le\u00f3n XIV<\/strong>. Se trata de una convocatoria abierta a toda la comunidad diocesana, que tendr\u00e1 lugar el domingo, 7 de junio, en Madrid.\u00a0<\/p><p>Las personas de la Di\u00f3cesis que quieran asistir pueden ponerse en contacto <strong>con su parroquia para inscribirse<\/strong> as\u00ed como por WhatsApp en el tel\u00e9fono 696 78 91 85. El plazo para apuntarse finaliza el domingo, 3 de mayo.\u00a0<\/p><p>Los interesados tienen que facilitar el nombre, apellidos, fecha de nacimiento, DNI y un n\u00famero de tel\u00e9fono m\u00f3vil. <strong>El coste del viaje ser\u00e1 de 25 euros<\/strong> que se pueden abonar mediante transferencia bancaria en el n\u00famero ES16 0075 5720 2507 0034 2932.\u00a0<\/p><p>Los inscritos<strong> ir\u00e1n conociendo m\u00e1s detalles<\/strong> sobre esta peregrinaci\u00f3n cuando desde la organizaci\u00f3n del <a href=\"http:\/\/www.conelpapa.es\" target=\"_blank\" rel=\"noopener\">viaje del Papa<\/a> transciendan aspectos como la hora de la Misa, y otras cuestiones log\u00edsticas que a\u00fan no est\u00e1n cerradas.\u00a0<\/p><h3>Viaje apost\u00f3lico<\/h3><p>Esta peregrinaci\u00f3n se enmarca en <strong>el viaje apost\u00f3lico del Papa Le\u00f3n XIV a Espa\u00f1a<\/strong>, que celebrar\u00e1 del 6 al 12 de junio bajo el lema &#8216;Alzad la mirada&#8217;. El pont\u00edfice visitar\u00e1 Madrid, Barcelona y Canarias.\u00a0<\/p><p>Por otro lado, la Di\u00f3cesis de Ciudad Rodrigo, junto la de Salamanca, ha organizado <strong>otra peregrinaci\u00f3n espec\u00edfica para j\u00f3venes entre 18 y 35 a\u00f1os. <\/strong>En este caso, asistir\u00e1n tanto a la Misa del Corpus como a la Vigilia juvenil que est\u00e1 prevista para el 6 de junio.\u00a0<\/p>\t\t\t\t\t<\/div>\n\t\t\t\t\t\t<\/div>\n\t\t\t\t<\/div>\n\t\t\t\t\t\t<\/div>\n\t\t\t\t\t<\/div>\n\t\t<\/div>\n\t\t\t\t\t\t\t\t<\/div>\n\t\t\t\t\t<\/div>\n\t\t<\/section>\n\t\t\t\t\t\t<\/div>\n\t\t\t\t\t\t<\/div>\n\t\t\t\t\t<\/div>\n\t\t","protected":false},"excerpt":{"rendered":"<p>Los interesados en acudir a la Misa del Corpus con el Papa Le\u00f3n XIV se pueden inscribir en su parroquia antes del 3 de mayo<\/p>\n","protected":false},"author":1,"featured_media":44051,"comment_status":"closed","ping_status":"closed","sticky":false,"template":"","format":"standard","meta":{"footnotes":""},"categories":[6],"tags":[35,59,57],"class_list":["post-44036","post","type-post","status-publish","format-standard","has-post-thumbnail","hentry","category-noticias","tag-diocesis","tag-papa-leon-xiv","tag-peregrinacion","masonry-post","generate-columns","tablet-grid-50","mobile-grid-100","grid-parent","grid-50"],"yoast_head":"<!-- This site is optimized with the Yoast SEO plugin v27.3 - https:\/\/yoast.com\/product\/yoast-seo-wordpress\/ -->\n<title>La Di\u00f3cesis prepara una peregrinaci\u00f3n para acudir a la Misa del Corpus con el Papa Le\u00f3n XIV - Di\u00f3cesis de Ciudad Rodrigo<\/title>\n<meta name=\"description\" content=\"Los interesados en acudir a la Misa del Corpus con el Papa Le\u00f3n XIV se pueden inscribir en su parroquia antes del 3 de mayo\" \/>\n<meta name=\"robots\" content=\"index, follow, max-snippet:-1, max-image-preview:large, max-video-preview:-1\" \/>\n<link rel=\"canonical\" href=\"https:\/\/www.diocesisciudadrodrigo.org\/blog4\/la-diocesis-prepara-una-peregrinacion-para-acudir-a-la-misa-del-corpus-con-el-papa-leon-xiv\/\" \/>\n<meta property=\"og:locale\" content=\"es_ES\" \/>\n<meta property=\"og:type\" content=\"article\" \/>\n<meta property=\"og:title\" content=\"La Di\u00f3cesis prepara una peregrinaci\u00f3n para acudir a la Misa del Corpus con el Papa Le\u00f3n XIV - Di\u00f3cesis de Ciudad Rodrigo\" \/>\n<meta property=\"og:description\" content=\"Los interesados en acudir a la Misa del Corpus con el Papa Le\u00f3n XIV se pueden inscribir en su parroquia antes del 3 de mayo\" \/>\n<meta property=\"og:url\" content=\"https:\/\/www.diocesisciudadrodrigo.org\/blog4\/la-diocesis-prepara-una-peregrinacion-para-acudir-a-la-misa-del-corpus-con-el-papa-leon-xiv\/\" \/>\n<meta property=\"og:site_name\" content=\"Di\u00f3cesis de Ciudad Rodrigo\" \/>\n<meta property=\"article:publisher\" content=\"https:\/\/www.facebook.com\/people\/Dicesis-Ciudad-Rodrigo-MCS\/100076471923419\/#\" \/>\n<meta property=\"article:published_time\" content=\"2026-04-24T17:32:58+00:00\" \/>\n<meta property=\"article:modified_time\" content=\"2026-04-24T20:29:01+00:00\" \/>\n<meta property=\"og:image\" content=\"https:\/\/www.diocesisciudadrodrigo.org\/blog4\/wp-content\/uploads\/2026\/04\/Peregrinacion.jpeg\" \/>\n\t<meta property=\"og:image:width\" content=\"1344\" \/>\n\t<meta property=\"og:image:height\" content=\"768\" \/>\n\t<meta property=\"og:image:type\" content=\"image\/jpeg\" \/>\n<meta name=\"author\" content=\"medios CR\" \/>\n<meta name=\"twitter:card\" content=\"summary_large_image\" \/>\n<meta name=\"twitter:label1\" content=\"Escrito por\" \/>\n\t<meta name=\"twitter:data1\" content=\"medios CR\" \/>\n\t<meta name=\"twitter:label2\" content=\"Tiempo de lectura\" \/>\n\t<meta name=\"twitter:data2\" content=\"2 minutos\" \/>\n<script type=\"application\/ld+json\" class=\"yoast-schema-graph\">{\"@context\":\"https:\\\/\\\/schema.org\",\"@graph\":[{\"@type\":\"Article\",\"@id\":\"https:\\\/\\\/www.diocesisciudadrodrigo.org\\\/blog4\\\/la-diocesis-prepara-una-peregrinacion-para-acudir-a-la-misa-del-corpus-con-el-papa-leon-xiv\\\/#article\",\"isPartOf\":{\"@id\":\"https:\\\/\\\/www.diocesisciudadrodrigo.org\\\/blog4\\\/la-diocesis-prepara-una-peregrinacion-para-acudir-a-la-misa-del-corpus-con-el-papa-leon-xiv\\\/\"},\"author\":{\"name\":\"medios CR\",\"@id\":\"https:\\\/\\\/www.diocesisciudadrodrigo.org\\\/blog4\\\/#\\\/schema\\\/person\\\/5fcf0ca636a75766ff70e6417b6ed052\"},\"headline\":\"La Di\u00f3cesis prepara una peregrinaci\u00f3n para acudir a la Misa del Corpus con el Papa Le\u00f3n XIV\",\"datePublished\":\"2026-04-24T17:32:58+00:00\",\"dateModified\":\"2026-04-24T20:29:01+00:00\",\"mainEntityOfPage\":{\"@id\":\"https:\\\/\\\/www.diocesisciudadrodrigo.org\\\/blog4\\\/la-diocesis-prepara-una-peregrinacion-para-acudir-a-la-misa-del-corpus-con-el-papa-leon-xiv\\\/\"},\"wordCount\":273,\"publisher\":{\"@id\":\"https:\\\/\\\/www.diocesisciudadrodrigo.org\\\/blog4\\\/#organization\"},\"image\":{\"@id\":\"https:\\\/\\\/www.diocesisciudadrodrigo.org\\\/blog4\\\/la-diocesis-prepara-una-peregrinacion-para-acudir-a-la-misa-del-corpus-con-el-papa-leon-xiv\\\/#primaryimage\"},\"thumbnailUrl\":\"https:\\\/\\\/www.diocesisciudadrodrigo.org\\\/blog4\\\/wp-content\\\/uploads\\\/2026\\\/04\\\/Peregrinacion.jpeg\",\"keywords\":[\"Di\u00f3cesis\",\"Papa Le\u00f3n XIV\",\"Peregrinaci\u00f3n\"],\"articleSection\":[\"Noticias\"],\"inLanguage\":\"es\"},{\"@type\":\"WebPage\",\"@id\":\"https:\\\/\\\/www.diocesisciudadrodrigo.org\\\/blog4\\\/la-diocesis-prepara-una-peregrinacion-para-acudir-a-la-misa-del-corpus-con-el-papa-leon-xiv\\\/\",\"url\":\"https:\\\/\\\/www.diocesisciudadrodrigo.org\\\/blog4\\\/la-diocesis-prepara-una-peregrinacion-para-acudir-a-la-misa-del-corpus-con-el-papa-leon-xiv\\\/\",\"name\":\"La Di\u00f3cesis prepara una peregrinaci\u00f3n para acudir a la Misa del Corpus con el Papa Le\u00f3n XIV - Di\u00f3cesis de Ciudad Rodrigo\",\"isPartOf\":{\"@id\":\"https:\\\/\\\/www.diocesisciudadrodrigo.org\\\/blog4\\\/#website\"},\"primaryImageOfPage\":{\"@id\":\"https:\\\/\\\/www.diocesisciudadrodrigo.org\\\/blog4\\\/la-diocesis-prepara-una-peregrinacion-para-acudir-a-la-misa-del-corpus-con-el-papa-leon-xiv\\\/#primaryimage\"},\"image\":{\"@id\":\"https:\\\/\\\/www.diocesisciudadrodrigo.org\\\/blog4\\\/la-diocesis-prepara-una-peregrinacion-para-acudir-a-la-misa-del-corpus-con-el-papa-leon-xiv\\\/#primaryimage\"},\"thumbnailUrl\":\"https:\\\/\\\/www.diocesisciudadrodrigo.org\\\/blog4\\\/wp-content\\\/uploads\\\/2026\\\/04\\\/Peregrinacion.jpeg\",\"datePublished\":\"2026-04-24T17:32:58+00:00\",\"dateModified\":\"2026-04-24T20:29:01+00:00\",\"description\":\"Los interesados en acudir a la Misa del Corpus con el Papa Le\u00f3n XIV se pueden inscribir en su parroquia antes del 3 de mayo\",\"breadcrumb\":{\"@id\":\"https:\\\/\\\/www.diocesisciudadrodrigo.org\\\/blog4\\\/la-diocesis-prepara-una-peregrinacion-para-acudir-a-la-misa-del-corpus-con-el-papa-leon-xiv\\\/#breadcrumb\"},\"inLanguage\":\"es\",\"potentialAction\":[{\"@type\":\"ReadAction\",\"target\":[\"https:\\\/\\\/www.diocesisciudadrodrigo.org\\\/blog4\\\/la-diocesis-prepara-una-peregrinacion-para-acudir-a-la-misa-del-corpus-con-el-papa-leon-xiv\\\/\"]}]},{\"@type\":\"ImageObject\",\"inLanguage\":\"es\",\"@id\":\"https:\\\/\\\/www.diocesisciudadrodrigo.org\\\/blog4\\\/la-diocesis-prepara-una-peregrinacion-para-acudir-a-la-misa-del-corpus-con-el-papa-leon-xiv\\\/#primaryimage\",\"url\":\"https:\\\/\\\/www.diocesisciudadrodrigo.org\\\/blog4\\\/wp-content\\\/uploads\\\/2026\\\/04\\\/Peregrinacion.jpeg\",\"contentUrl\":\"https:\\\/\\\/www.diocesisciudadrodrigo.org\\\/blog4\\\/wp-content\\\/uploads\\\/2026\\\/04\\\/Peregrinacion.jpeg\",\"width\":1344,\"height\":768},{\"@type\":\"BreadcrumbList\",\"@id\":\"https:\\\/\\\/www.diocesisciudadrodrigo.org\\\/blog4\\\/la-diocesis-prepara-una-peregrinacion-para-acudir-a-la-misa-del-corpus-con-el-papa-leon-xiv\\\/#breadcrumb\",\"itemListElement\":[{\"@type\":\"ListItem\",\"position\":1,\"name\":\"Portada\",\"item\":\"https:\\\/\\\/www.diocesisciudadrodrigo.org\\\/blog4\\\/\"},{\"@type\":\"ListItem\",\"position\":2,\"name\":\"La Di\u00f3cesis prepara una peregrinaci\u00f3n para acudir a la Misa del Corpus con el Papa Le\u00f3n XIV\"}]},{\"@type\":\"WebSite\",\"@id\":\"https:\\\/\\\/www.diocesisciudadrodrigo.org\\\/blog4\\\/#website\",\"url\":\"https:\\\/\\\/www.diocesisciudadrodrigo.org\\\/blog4\\\/\",\"name\":\"Di\u00f3cesis de Ciudad Rodrigo\",\"description\":\"Sitio web oficial de la di\u00f3cesis civitatense\",\"publisher\":{\"@id\":\"https:\\\/\\\/www.diocesisciudadrodrigo.org\\\/blog4\\\/#organization\"},\"potentialAction\":[{\"@type\":\"SearchAction\",\"target\":{\"@type\":\"EntryPoint\",\"urlTemplate\":\"https:\\\/\\\/www.diocesisciudadrodrigo.org\\\/blog4\\\/?s={search_term_string}\"},\"query-input\":{\"@type\":\"PropertyValueSpecification\",\"valueRequired\":true,\"valueName\":\"search_term_string\"}}],\"inLanguage\":\"es\"},{\"@type\":\"Organization\",\"@id\":\"https:\\\/\\\/www.diocesisciudadrodrigo.org\\\/blog4\\\/#organization\",\"name\":\"Di\u00f3cesis de Ciudad Rodrigo\",\"url\":\"https:\\\/\\\/www.diocesisciudadrodrigo.org\\\/blog4\\\/\",\"logo\":{\"@type\":\"ImageObject\",\"inLanguage\":\"es\",\"@id\":\"https:\\\/\\\/www.diocesisciudadrodrigo.org\\\/blog4\\\/#\\\/schema\\\/logo\\\/image\\\/\",\"url\":\"https:\\\/\\\/www.diocesisciudadrodrigo.org\\\/blog4\\\/wp-content\\\/uploads\\\/2024\\\/12\\\/Diocesis.CMYK_-768x480-1.jpg\",\"contentUrl\":\"https:\\\/\\\/www.diocesisciudadrodrigo.org\\\/blog4\\\/wp-content\\\/uploads\\\/2024\\\/12\\\/Diocesis.CMYK_-768x480-1.jpg\",\"width\":768,\"height\":480,\"caption\":\"Di\u00f3cesis de Ciudad Rodrigo\"},\"image\":{\"@id\":\"https:\\\/\\\/www.diocesisciudadrodrigo.org\\\/blog4\\\/#\\\/schema\\\/logo\\\/image\\\/\"},\"sameAs\":[\"https:\\\/\\\/www.facebook.com\\\/people\\\/Dicesis-Ciudad-Rodrigo-MCS\\\/100076471923419\\\/#\"]},{\"@type\":\"Person\",\"@id\":\"https:\\\/\\\/www.diocesisciudadrodrigo.org\\\/blog4\\\/#\\\/schema\\\/person\\\/5fcf0ca636a75766ff70e6417b6ed052\",\"name\":\"medios CR\",\"image\":{\"@type\":\"ImageObject\",\"inLanguage\":\"es\",\"@id\":\"https:\\\/\\\/secure.gravatar.com\\\/avatar\\\/4a619fd0c7e36bd570f4e6e15eb09a2191185d0f63d8dbfdffe848af141ab87e?s=96&d=mm&r=g\",\"url\":\"https:\\\/\\\/secure.gravatar.com\\\/avatar\\\/4a619fd0c7e36bd570f4e6e15eb09a2191185d0f63d8dbfdffe848af141ab87e?s=96&d=mm&r=g\",\"contentUrl\":\"https:\\\/\\\/secure.gravatar.com\\\/avatar\\\/4a619fd0c7e36bd570f4e6e15eb09a2191185d0f63d8dbfdffe848af141ab87e?s=96&d=mm&r=g\",\"caption\":\"medios CR\"},\"url\":\"https:\\\/\\\/www.diocesisciudadrodrigo.org\\\/blog4\\\/author\\\/admin4\\\/\"}]}<\/script>\n<!-- \/ Yoast SEO plugin. -->","yoast_head_json":{"title":"La Di\u00f3cesis prepara una peregrinaci\u00f3n para acudir a la Misa del Corpus con el Papa Le\u00f3n XIV - Di\u00f3cesis de Ciudad Rodrigo","description":"Los interesados en acudir a la Misa del Corpus con el Papa Le\u00f3n XIV se pueden inscribir en su parroquia antes del 3 de mayo","robots":{"index":"index","follow":"follow","max-snippet":"max-snippet:-1","max-image-preview":"max-image-preview:large","max-video-preview":"max-video-preview:-1"},"canonical":"https:\/\/www.diocesisciudadrodrigo.org\/blog4\/la-diocesis-prepara-una-peregrinacion-para-acudir-a-la-misa-del-corpus-con-el-papa-leon-xiv\/","og_locale":"es_ES","og_type":"article","og_title":"La Di\u00f3cesis prepara una peregrinaci\u00f3n para acudir a la Misa del Corpus con el Papa Le\u00f3n XIV - Di\u00f3cesis de Ciudad Rodrigo","og_description":"Los interesados en acudir a la Misa del Corpus con el Papa Le\u00f3n XIV se pueden inscribir en su parroquia antes del 3 de mayo","og_url":"https:\/\/www.diocesisciudadrodrigo.org\/blog4\/la-diocesis-prepara-una-peregrinacion-para-acudir-a-la-misa-del-corpus-con-el-papa-leon-xiv\/","og_site_name":"Di\u00f3cesis de Ciudad Rodrigo","article_publisher":"https:\/\/www.facebook.com\/people\/Dicesis-Ciudad-Rodrigo-MCS\/100076471923419\/#","article_published_time":"2026-04-24T17:32:58+00:00","article_modified_time":"2026-04-24T20:29:01+00:00","og_image":[{"width":1344,"height":768,"url":"https:\/\/www.diocesisciudadrodrigo.org\/blog4\/wp-content\/uploads\/2026\/04\/Peregrinacion.jpeg","type":"image\/jpeg"}],"author":"medios CR","twitter_card":"summary_large_image","twitter_misc":{"Escrito por":"medios CR","Tiempo de lectura":"2 minutos"},"schema":{"@context":"https:\/\/schema.org","@graph":[{"@type":"Article","@id":"https:\/\/www.diocesisciudadrodrigo.org\/blog4\/la-diocesis-prepara-una-peregrinacion-para-acudir-a-la-misa-del-corpus-con-el-papa-leon-xiv\/#article","isPartOf":{"@id":"https:\/\/www.diocesisciudadrodrigo.org\/blog4\/la-diocesis-prepara-una-peregrinacion-para-acudir-a-la-misa-del-corpus-con-el-papa-leon-xiv\/"},"author":{"name":"medios CR","@id":"https:\/\/www.diocesisciudadrodrigo.org\/blog4\/#\/schema\/person\/5fcf0ca636a75766ff70e6417b6ed052"},"headline":"La Di\u00f3cesis prepara una peregrinaci\u00f3n para acudir a la Misa del Corpus con el Papa Le\u00f3n XIV","datePublished":"2026-04-24T17:32:58+00:00","dateModified":"2026-04-24T20:29:01+00:00","mainEntityOfPage":{"@id":"https:\/\/www.diocesisciudadrodrigo.org\/blog4\/la-diocesis-prepara-una-peregrinacion-para-acudir-a-la-misa-del-corpus-con-el-papa-leon-xiv\/"},"wordCount":273,"publisher":{"@id":"https:\/\/www.diocesisciudadrodrigo.org\/blog4\/#organization"},"image":{"@id":"https:\/\/www.diocesisciudadrodrigo.org\/blog4\/la-diocesis-prepara-una-peregrinacion-para-acudir-a-la-misa-del-corpus-con-el-papa-leon-xiv\/#primaryimage"},"thumbnailUrl":"https:\/\/www.diocesisciudadrodrigo.org\/blog4\/wp-content\/uploads\/2026\/04\/Peregrinacion.jpeg","keywords":["Di\u00f3cesis","Papa Le\u00f3n XIV","Peregrinaci\u00f3n"],"articleSection":["Noticias"],"inLanguage":"es"},{"@type":"WebPage","@id":"https:\/\/www.diocesisciudadrodrigo.org\/blog4\/la-diocesis-prepara-una-peregrinacion-para-acudir-a-la-misa-del-corpus-con-el-papa-leon-xiv\/","url":"https:\/\/www.diocesisciudadrodrigo.org\/blog4\/la-diocesis-prepara-una-peregrinacion-para-acudir-a-la-misa-del-corpus-con-el-papa-leon-xiv\/","name":"La Di\u00f3cesis prepara una peregrinaci\u00f3n para acudir a la Misa del Corpus con el Papa Le\u00f3n XIV - Di\u00f3cesis de Ciudad Rodrigo","isPartOf":{"@id":"https:\/\/www.diocesisciudadrodrigo.org\/blog4\/#website"},"primaryImageOfPage":{"@id":"https:\/\/www.diocesisciudadrodrigo.org\/blog4\/la-diocesis-prepara-una-peregrinacion-para-acudir-a-la-misa-del-corpus-con-el-papa-leon-xiv\/#primaryimage"},"image":{"@id":"https:\/\/www.diocesisciudadrodrigo.org\/blog4\/la-diocesis-prepara-una-peregrinacion-para-acudir-a-la-misa-del-corpus-con-el-papa-leon-xiv\/#primaryimage"},"thumbnailUrl":"https:\/\/www.diocesisciudadrodrigo.org\/blog4\/wp-content\/uploads\/2026\/04\/Peregrinacion.jpeg","datePublished":"2026-04-24T17:32:58+00:00","dateModified":"2026-04-24T20:29:01+00:00","description":"Los interesados en acudir a la Misa del Corpus con el Papa Le\u00f3n XIV se pueden inscribir en su parroquia antes del 3 de mayo","breadcrumb":{"@id":"https:\/\/www.diocesisciudadrodrigo.org\/blog4\/la-diocesis-prepara-una-peregrinacion-para-acudir-a-la-misa-del-corpus-con-el-papa-leon-xiv\/#breadcrumb"},"inLanguage":"es","potentialAction":[{"@type":"ReadAction","target":["https:\/\/www.diocesisciudadrodrigo.org\/blog4\/la-diocesis-prepara-una-peregrinacion-para-acudir-a-la-misa-del-corpus-con-el-papa-leon-xiv\/"]}]},{"@type":"ImageObject","inLanguage":"es","@id":"https:\/\/www.diocesisciudadrodrigo.org\/blog4\/la-diocesis-prepara-una-peregrinacion-para-acudir-a-la-misa-del-corpus-con-el-papa-leon-xiv\/#primaryimage","url":"https:\/\/www.diocesisciudadrodrigo.org\/blog4\/wp-content\/uploads\/2026\/04\/Peregrinacion.jpeg","contentUrl":"https:\/\/www.diocesisciudadrodrigo.org\/blog4\/wp-content\/uploads\/2026\/04\/Peregrinacion.jpeg","width":1344,"height":768},{"@type":"BreadcrumbList","@id":"https:\/\/www.diocesisciudadrodrigo.org\/blog4\/la-diocesis-prepara-una-peregrinacion-para-acudir-a-la-misa-del-corpus-con-el-papa-leon-xiv\/#breadcrumb","itemListElement":[{"@type":"ListItem","position":1,"name":"Portada","item":"https:\/\/www.diocesisciudadrodrigo.org\/blog4\/"},{"@type":"ListItem","position":2,"name":"La Di\u00f3cesis prepara una peregrinaci\u00f3n para acudir a la Misa del Corpus con el Papa Le\u00f3n XIV"}]},{"@type":"WebSite","@id":"https:\/\/www.diocesisciudadrodrigo.org\/blog4\/#website","url":"https:\/\/www.diocesisciudadrodrigo.org\/blog4\/","name":"Di\u00f3cesis de Ciudad Rodrigo","description":"Sitio web oficial de la di\u00f3cesis civitatense","publisher":{"@id":"https:\/\/www.diocesisciudadrodrigo.org\/blog4\/#organization"},"potentialAction":[{"@type":"SearchAction","target":{"@type":"EntryPoint","urlTemplate":"https:\/\/www.diocesisciudadrodrigo.org\/blog4\/?s={search_term_string}"},"query-input":{"@type":"PropertyValueSpecification","valueRequired":true,"valueName":"search_term_string"}}],"inLanguage":"es"},{"@type":"Organization","@id":"https:\/\/www.diocesisciudadrodrigo.org\/blog4\/#organization","name":"Di\u00f3cesis de Ciudad Rodrigo","url":"https:\/\/www.diocesisciudadrodrigo.org\/blog4\/","logo":{"@type":"ImageObject","inLanguage":"es","@id":"https:\/\/www.diocesisciudadrodrigo.org\/blog4\/#\/schema\/logo\/image\/","url":"https:\/\/www.diocesisciudadrodrigo.org\/blog4\/wp-content\/uploads\/2024\/12\/Diocesis.CMYK_-768x480-1.jpg","contentUrl":"https:\/\/www.diocesisciudadrodrigo.org\/blog4\/wp-content\/uploads\/2024\/12\/Diocesis.CMYK_-768x480-1.jpg","width":768,"height":480,"caption":"Di\u00f3cesis de Ciudad Rodrigo"},"image":{"@id":"https:\/\/www.diocesisciudadrodrigo.org\/blog4\/#\/schema\/logo\/image\/"},"sameAs":["https:\/\/www.facebook.com\/people\/Dicesis-Ciudad-Rodrigo-MCS\/100076471923419\/#"]},{"@type":"Person","@id":"https:\/\/www.diocesisciudadrodrigo.org\/blog4\/#\/schema\/person\/5fcf0ca636a75766ff70e6417b6ed052","name":"medios CR","image":{"@type":"ImageObject","inLanguage":"es","@id":"https:\/\/secure.gravatar.com\/avatar\/4a619fd0c7e36bd570f4e6e15eb09a2191185d0f63d8dbfdffe848af141ab87e?s=96&d=mm&r=g","url":"https:\/\/secure.gravatar.com\/avatar\/4a619fd0c7e36bd570f4e6e15eb09a2191185d0f63d8dbfdffe848af141ab87e?s=96&d=mm&r=g","contentUrl":"https:\/\/secure.gravatar.com\/avatar\/4a619fd0c7e36bd570f4e6e15eb09a2191185d0f63d8dbfdffe848af141ab87e?s=96&d=mm&r=g","caption":"medios CR"},"url":"https:\/\/www.diocesisciudadrodrigo.org\/blog4\/author\/admin4\/"}]}},"_links":{"self":[{"href":"https:\/\/www.diocesisciudadrodrigo.org\/blog4\/wp-json\/wp\/v2\/posts\/44036","targetHints":{"allow":["GET"]}}],"collection":[{"href":"https:\/\/www.diocesisciudadrodrigo.org\/blog4\/wp-json\/wp\/v2\/posts"}],"about":[{"href":"https:\/\/www.diocesisciudadrodrigo.org\/blog4\/wp-json\/wp\/v2\/types\/post"}],"author":[{"embeddable":true,"href":"https:\/\/www.diocesisciudadrodrigo.org\/blog4\/wp-json\/wp\/v2\/users\/1"}],"replies":[{"embeddable":true,"href":"https:\/\/www.diocesisciudadrodrigo.org\/blog4\/wp-json\/wp\/v2\/comments?post=44036"}],"version-history":[{"count":14,"href":"https:\/\/www.diocesisciudadrodrigo.org\/blog4\/wp-json\/wp\/v2\/posts\/44036\/revisions"}],"predecessor-version":[{"id":44054,"href":"https:\/\/www.diocesisciudadrodrigo.org\/blog4\/wp-json\/wp\/v2\/posts\/44036\/revisions\/44054"}],"wp:featuredmedia":[{"embeddable":true,"href":"https:\/\/www.diocesisciudadrodrigo.org\/blog4\/wp-json\/wp\/v2\/media\/44051"}],"wp:attachment":[{"href":"https:\/\/www.diocesisciudadrodrigo.org\/blog4\/wp-json\/wp\/v2\/media?parent=44036"}],"wp:term":[{"taxonomy":"category","embeddable":true,"href":"https:\/\/www.diocesisciudadrodrigo.org\/blog4\/wp-json\/wp\/v2\/categories?post=44036"},{"taxonomy":"post_tag","embeddable":true,"href":"https:\/\/www.diocesisciudadrodrigo.org\/blog4\/wp-json\/wp\/v2\/tags?post=44036"}],"curies":[{"name":"wp","href":"https:\/\/api.w.org\/{rel}","templated":true}]}}