{"id":43998,"date":"2026-04-22T18:09:31","date_gmt":"2026-04-22T16:09:31","guid":{"rendered":"https:\/\/www.diocesisciudadrodrigo.org\/blog4\/?p=43998"},"modified":"2026-04-22T18:09:31","modified_gmt":"2026-04-22T16:09:31","slug":"oramos-todos-por-todos-asi-ha-sido-la-jornada-de-oracion-por-las-vocaciones-en-la-diocesis","status":"publish","type":"post","link":"https:\/\/www.diocesisciudadrodrigo.org\/blog4\/oramos-todos-por-todos-asi-ha-sido-la-jornada-de-oracion-por-las-vocaciones-en-la-diocesis\/","title":{"rendered":"&#8216;Oramos todos por todos&#8217;: as\u00ed ha sido la Jornada de Oraci\u00f3n por las Vocaciones en la Di\u00f3cesis"},"content":{"rendered":"\t\t<div data-elementor-type=\"wp-post\" data-elementor-id=\"43998\" class=\"elementor elementor-43998\" data-elementor-settings=\"[]\">\n\t\t\t\t\t\t<div class=\"elementor-inner\">\n\t\t\t\t\t\t\t<div class=\"elementor-section-wrap\">\n\t\t\t\t\t\t\t<section class=\"elementor-section elementor-top-section elementor-element elementor-element-f1d18c0 elementor-section-boxed elementor-section-height-default elementor-section-height-default\" data-id=\"f1d18c0\" data-element_type=\"section\">\n\t\t\t\t\t\t<div class=\"elementor-container elementor-column-gap-default\">\n\t\t\t\t\t\t\t<div class=\"elementor-row\">\n\t\t\t\t\t<div class=\"elementor-column elementor-col-100 elementor-top-column elementor-element elementor-element-c3d20fa\" data-id=\"c3d20fa\" data-element_type=\"column\">\n\t\t\t<div class=\"elementor-column-wrap elementor-element-populated\">\n\t\t\t\t\t\t\t<div class=\"elementor-widget-wrap\">\n\t\t\t\t\t\t<div class=\"elementor-element elementor-element-189ad05 elementor-widget elementor-widget-image\" data-id=\"189ad05\" data-element_type=\"widget\" data-widget_type=\"image.default\">\n\t\t\t\t<div class=\"elementor-widget-container\">\n\t\t\t\t\t\t\t\t<div class=\"elementor-image\">\n\t\t\t\t\t\t\t\t\t<figure class=\"wp-caption\">\n\t\t\t\t\t\t\t\t\t\t<img loading=\"lazy\" decoding=\"async\" width=\"1200\" height=\"675\" src=\"https:\/\/www.diocesisciudadrodrigo.org\/blog4\/wp-content\/uploads\/2026\/04\/0a734c95-111a-4bfe-91f1-ec0dd77a5850.jpg\" class=\"attachment-large size-large\" alt=\"Celebraci\u00f3n de la Jornada de oraci\u00f3n por las vocaciones en la Di\u00f3cesis\" srcset=\"https:\/\/www.diocesisciudadrodrigo.org\/blog4\/wp-content\/uploads\/2026\/04\/0a734c95-111a-4bfe-91f1-ec0dd77a5850.jpg 1600w, https:\/\/www.diocesisciudadrodrigo.org\/blog4\/wp-content\/uploads\/2026\/04\/0a734c95-111a-4bfe-91f1-ec0dd77a5850-1000x563.jpg 1000w, https:\/\/www.diocesisciudadrodrigo.org\/blog4\/wp-content\/uploads\/2026\/04\/0a734c95-111a-4bfe-91f1-ec0dd77a5850-768x432.jpg 768w, https:\/\/www.diocesisciudadrodrigo.org\/blog4\/wp-content\/uploads\/2026\/04\/0a734c95-111a-4bfe-91f1-ec0dd77a5850-1536x864.jpg 1536w, https:\/\/www.diocesisciudadrodrigo.org\/blog4\/wp-content\/uploads\/2026\/04\/0a734c95-111a-4bfe-91f1-ec0dd77a5850-350x197.jpg 350w\" sizes=\"auto, (max-width: 1200px) 100vw, 1200px\" \/>\t\t\t\t\t\t\t\t\t\t\t<figcaption class=\"widget-image-caption wp-caption-text\">FOTOS: cedidas<\/figcaption>\n\t\t\t\t\t\t\t\t\t\t<\/figure>\n\t\t\t\t\t\t\t\t<\/div>\n\t\t\t\t\t\t<\/div>\n\t\t\t\t<\/div>\n\t\t\t\t\t\t<\/div>\n\t\t\t\t\t<\/div>\n\t\t<\/div>\n\t\t\t\t\t\t\t\t<\/div>\n\t\t\t\t\t<\/div>\n\t\t<\/section>\n\t\t\t\t<section class=\"elementor-section elementor-top-section elementor-element elementor-element-5b419e3 elementor-section-boxed elementor-section-height-default elementor-section-height-default\" data-id=\"5b419e3\" data-element_type=\"section\">\n\t\t\t\t\t\t<div class=\"elementor-container elementor-column-gap-default\">\n\t\t\t\t\t\t\t<div class=\"elementor-row\">\n\t\t\t\t\t<div class=\"elementor-column elementor-col-100 elementor-top-column elementor-element elementor-element-3bf0cb0\" data-id=\"3bf0cb0\" data-element_type=\"column\">\n\t\t\t<div class=\"elementor-column-wrap elementor-element-populated\">\n\t\t\t\t\t\t\t<div class=\"elementor-widget-wrap\">\n\t\t\t\t\t\t<div class=\"elementor-element elementor-element-bd82a1a elementor-widget elementor-widget-text-editor\" data-id=\"bd82a1a\" data-element_type=\"widget\" data-widget_type=\"text-editor.default\">\n\t\t\t\t<div class=\"elementor-widget-container\">\n\t\t\t\t\t\t\t\t<div class=\"elementor-text-editor elementor-clearfix\">\n\t\t\t\t<p data-start=\"316\" data-end=\"621\">El Seminario Diocesano San Cayetano ha celebrado hoy <strong>una ma\u00f1ana de oraci\u00f3n por las vocaciones<\/strong>. La jornada ha comenzado a las 9:00 horas con la exposici\u00f3n del Sant\u00edsimo y se ha prolongado hasta las 13:00 horas, momento en el que ha tenido lugar lugar la bendici\u00f3n y la reserva.<\/p><p data-start=\"988\" data-end=\"1234\">Durante toda la ma\u00f1ana, la capilla mayor del Seminario ha permanecido abierta para <strong>facilitar la participaci\u00f3n de cuantos han deseado acudir personalmente o en grupo<\/strong>. Como es habitual, algunas parroquias han participado en la iniciativa, e incluso algunos grupos de alumnos del Colegio de la Misioneras de la Providencia &#8211; Santa Teresa.<\/p><p data-start=\"1236\" data-end=\"1453\">Esta convocatoria <strong>se enmarca en la Jornada Mundial de Oraci\u00f3n por las Vocaciones y en la Jornada de Vocaciones Nativas<\/strong>, que la Iglesia celebra cada a\u00f1o con motivo del Domingo del Buen Pastor, el cuarto domingo de Pascua.<\/p><p data-start=\"1455\" data-end=\"1820\">El rector del Seminario, Anselmo Matilla, ha recordado que la oraci\u00f3n por las vocaciones no se limita \u00fanicamente al sacerdocio o a la vida religiosa, sino que abarca todas las llamadas que Dios suscita en la Iglesia. <strong>\u00abDios me ama, Dios me llama\u00bb<\/strong>, ha se\u00f1alado en una entrevista en El Espejo de COPE en Ciudad Rodrigo, donde ha subrayando que todo bautizado est\u00e1 llamado a vivir una vocaci\u00f3n concreta al servicio del Evangelio, ya sea en la vida laical, religiosa o sacerdotal.<\/p>\t\t\t\t\t<\/div>\n\t\t\t\t\t\t<\/div>\n\t\t\t\t<\/div>\n\t\t\t\t\t\t<\/div>\n\t\t\t\t\t<\/div>\n\t\t<\/div>\n\t\t\t\t\t\t\t\t<\/div>\n\t\t\t\t\t<\/div>\n\t\t<\/section>\n\t\t\t\t<section class=\"elementor-section elementor-top-section elementor-element elementor-element-e0d157a elementor-section-boxed elementor-section-height-default elementor-section-height-default\" data-id=\"e0d157a\" data-element_type=\"section\">\n\t\t\t\t\t\t<div class=\"elementor-container elementor-column-gap-default\">\n\t\t\t\t\t\t\t<div class=\"elementor-row\">\n\t\t\t\t\t<div class=\"elementor-column elementor-col-100 elementor-top-column elementor-element elementor-element-652632a\" data-id=\"652632a\" data-element_type=\"column\">\n\t\t\t<div class=\"elementor-column-wrap elementor-element-populated\">\n\t\t\t\t\t\t\t<div class=\"elementor-widget-wrap\">\n\t\t\t\t\t\t<div class=\"elementor-element elementor-element-dfcf310 elementor-widget elementor-widget-html\" data-id=\"dfcf310\" data-element_type=\"widget\" data-widget_type=\"html.default\">\n\t\t\t\t<div class=\"elementor-widget-container\">\n\t\t\t<iframe data-testid=\"embed-iframe\" style=\"border-radius:12px\" src=\"https:\/\/open.spotify.com\/embed\/episode\/3wkqQmLT72pGzt3Ip7ORYj?utm_source=generator\" width=\"100%\" height=\"152\" frameBorder=\"0\" allowfullscreen=\"\" allow=\"autoplay; clipboard-write; encrypted-media; fullscreen; picture-in-picture\" loading=\"lazy\"><\/iframe>\t\t<\/div>\n\t\t\t\t<\/div>\n\t\t\t\t\t\t<\/div>\n\t\t\t\t\t<\/div>\n\t\t<\/div>\n\t\t\t\t\t\t\t\t<\/div>\n\t\t\t\t\t<\/div>\n\t\t<\/section>\n\t\t\t\t<section class=\"elementor-section elementor-top-section elementor-element elementor-element-80ca30d elementor-section-boxed elementor-section-height-default elementor-section-height-default\" data-id=\"80ca30d\" data-element_type=\"section\">\n\t\t\t\t\t\t<div class=\"elementor-container elementor-column-gap-default\">\n\t\t\t\t\t\t\t<div class=\"elementor-row\">\n\t\t\t\t\t<div class=\"elementor-column elementor-col-100 elementor-top-column elementor-element elementor-element-1d02a01\" data-id=\"1d02a01\" data-element_type=\"column\">\n\t\t\t<div class=\"elementor-column-wrap elementor-element-populated\">\n\t\t\t\t\t\t\t<div class=\"elementor-widget-wrap\">\n\t\t\t\t\t\t<div class=\"elementor-element elementor-element-26d7469 elementor-widget elementor-widget-text-editor\" data-id=\"26d7469\" data-element_type=\"widget\" data-widget_type=\"text-editor.default\">\n\t\t\t\t<div class=\"elementor-widget-container\">\n\t\t\t\t\t\t\t\t<div class=\"elementor-text-editor elementor-clearfix\">\n\t\t\t\t<p data-start=\"1822\" data-end=\"2013\">Asimismo, Matilla ha animado a los fieles a mantener esta intenci\u00f3n durante todo el a\u00f1o: \u00ab<strong>Como cristianos debemos orar cada d\u00eda por las vocaciones<\/strong>, para que el Se\u00f1or siga enviando trabajadores a su mies\u00bb.<\/p><h3 data-start=\"1822\" data-end=\"2013\"><strong>Jornada Mundial de Oraci\u00f3n por las Vocaciones y en la Jornada de Vocaciones Nativas<\/strong><\/h3><p data-start=\"1822\" data-end=\"2013\">\u00abOramos todos por todos\u00bb es el lema de la <strong>Jornada Mundial de Oraci\u00f3n por las Vocaciones y en la Jornada de Vocaciones Nativas<\/strong>,\u00a0 que se celebra este a\u00f1o el 26 de abril, domingo \u00abdel Buen Pastor\u00bb y cuarto de Pascua.<\/p><p data-start=\"1822\" data-end=\"2013\">Este lema prologa la estela del<span class=\"stk-highlight\">\u00a0<\/span><a href=\"https:\/\/www.conferenciaepiscopal.es\/congreso-vocaciones-febrero-2025\/\" target=\"_blank\" rel=\"noreferrer noopener\"><span class=\"stk-highlight\">Congreso de Vocaciones<\/span><\/a> que la Iglesia en Espa\u00f1a celebr\u00f3 en febrero de 2025, <strong>\u00abuna asamblea de llamados para la misi\u00f3n\u00bb que reuni\u00f3 <\/strong>a m\u00e1s de tres mil personas procedentes de todas las realidades eclesiales; di\u00f3cesis, congregaciones religiosas, movimientos apost\u00f3licos y asociaciones laicales.<\/p>\t\t\t\t\t<\/div>\n\t\t\t\t\t\t<\/div>\n\t\t\t\t<\/div>\n\t\t\t\t\t\t<\/div>\n\t\t\t\t\t<\/div>\n\t\t<\/div>\n\t\t\t\t\t\t\t\t<\/div>\n\t\t\t\t\t<\/div>\n\t\t<\/section>\n\t\t\t\t<section class=\"elementor-section elementor-top-section elementor-element elementor-element-fc31e8b elementor-section-boxed elementor-section-height-default elementor-section-height-default\" data-id=\"fc31e8b\" data-element_type=\"section\">\n\t\t\t\t\t\t<div class=\"elementor-container elementor-column-gap-default\">\n\t\t\t\t\t\t\t<div class=\"elementor-row\">\n\t\t\t\t\t<div class=\"elementor-column elementor-col-100 elementor-top-column elementor-element elementor-element-05ccdb3\" data-id=\"05ccdb3\" data-element_type=\"column\">\n\t\t\t<div class=\"elementor-column-wrap elementor-element-populated\">\n\t\t\t\t\t\t\t<div class=\"elementor-widget-wrap\">\n\t\t\t\t\t\t<div class=\"elementor-element elementor-element-edcc1f2 elementor-widget elementor-widget-image-gallery\" data-id=\"edcc1f2\" data-element_type=\"widget\" data-widget_type=\"image-gallery.default\">\n\t\t\t\t<div class=\"elementor-widget-container\">\n\t\t\t\t\t<div class=\"elementor-image-gallery\">\n\t\t\t<div id='gallery-1' class='gallery galleryid-43998 gallery-columns-3 gallery-size-full'><figure class='gallery-item'>\n\t\t\t<div class='gallery-icon landscape'>\n\t\t\t\t<a data-elementor-open-lightbox=\"yes\" data-elementor-lightbox-slideshow=\"edcc1f2\" data-elementor-lightbox-title=\"2e87c4aa-2978-4a91-bef9-1980a77f062c\" e-action-hash=\"#elementor-action%3Aaction%3Dlightbox%26settings%3DeyJpZCI6NDQwMDUsInVybCI6Imh0dHBzOlwvXC93d3cuZGlvY2VzaXNjaXVkYWRyb2RyaWdvLm9yZ1wvYmxvZzRcL3dwLWNvbnRlbnRcL3VwbG9hZHNcLzIwMjZcLzA0XC8yZTg3YzRhYS0yOTc4LTRhOTEtYmVmOS0xOTgwYTc3ZjA2MmMuanBnIiwic2xpZGVzaG93IjoiZWRjYzFmMiJ9\" href='https:\/\/www.diocesisciudadrodrigo.org\/blog4\/wp-content\/uploads\/2026\/04\/2e87c4aa-2978-4a91-bef9-1980a77f062c.jpg'><img loading=\"lazy\" decoding=\"async\" width=\"1600\" height=\"900\" src=\"https:\/\/www.diocesisciudadrodrigo.org\/blog4\/wp-content\/uploads\/2026\/04\/2e87c4aa-2978-4a91-bef9-1980a77f062c.jpg\" class=\"attachment-full size-full\" alt=\"\" srcset=\"https:\/\/www.diocesisciudadrodrigo.org\/blog4\/wp-content\/uploads\/2026\/04\/2e87c4aa-2978-4a91-bef9-1980a77f062c.jpg 1600w, https:\/\/www.diocesisciudadrodrigo.org\/blog4\/wp-content\/uploads\/2026\/04\/2e87c4aa-2978-4a91-bef9-1980a77f062c-1000x563.jpg 1000w, https:\/\/www.diocesisciudadrodrigo.org\/blog4\/wp-content\/uploads\/2026\/04\/2e87c4aa-2978-4a91-bef9-1980a77f062c-768x432.jpg 768w, https:\/\/www.diocesisciudadrodrigo.org\/blog4\/wp-content\/uploads\/2026\/04\/2e87c4aa-2978-4a91-bef9-1980a77f062c-1536x864.jpg 1536w, https:\/\/www.diocesisciudadrodrigo.org\/blog4\/wp-content\/uploads\/2026\/04\/2e87c4aa-2978-4a91-bef9-1980a77f062c-350x197.jpg 350w\" sizes=\"auto, (max-width: 1600px) 100vw, 1600px\" \/><\/a>\n\t\t\t<\/div><\/figure><figure class='gallery-item'>\n\t\t\t<div class='gallery-icon landscape'>\n\t\t\t\t<a data-elementor-open-lightbox=\"yes\" data-elementor-lightbox-slideshow=\"edcc1f2\" data-elementor-lightbox-title=\"a6ad5844-1347-4816-a81e-ffa4f5baa4b7\" e-action-hash=\"#elementor-action%3Aaction%3Dlightbox%26settings%3DeyJpZCI6NDQwMDcsInVybCI6Imh0dHBzOlwvXC93d3cuZGlvY2VzaXNjaXVkYWRyb2RyaWdvLm9yZ1wvYmxvZzRcL3dwLWNvbnRlbnRcL3VwbG9hZHNcLzIwMjZcLzA0XC9hNmFkNTg0NC0xMzQ3LTQ4MTYtYTgxZS1mZmE0ZjViYWE0YjcuanBnIiwic2xpZGVzaG93IjoiZWRjYzFmMiJ9\" href='https:\/\/www.diocesisciudadrodrigo.org\/blog4\/wp-content\/uploads\/2026\/04\/a6ad5844-1347-4816-a81e-ffa4f5baa4b7.jpg'><img loading=\"lazy\" decoding=\"async\" width=\"953\" height=\"536\" src=\"https:\/\/www.diocesisciudadrodrigo.org\/blog4\/wp-content\/uploads\/2026\/04\/a6ad5844-1347-4816-a81e-ffa4f5baa4b7.jpg\" class=\"attachment-full size-full\" alt=\"\" srcset=\"https:\/\/www.diocesisciudadrodrigo.org\/blog4\/wp-content\/uploads\/2026\/04\/a6ad5844-1347-4816-a81e-ffa4f5baa4b7.jpg 953w, https:\/\/www.diocesisciudadrodrigo.org\/blog4\/wp-content\/uploads\/2026\/04\/a6ad5844-1347-4816-a81e-ffa4f5baa4b7-768x432.jpg 768w, https:\/\/www.diocesisciudadrodrigo.org\/blog4\/wp-content\/uploads\/2026\/04\/a6ad5844-1347-4816-a81e-ffa4f5baa4b7-350x197.jpg 350w\" sizes=\"auto, (max-width: 953px) 100vw, 953px\" \/><\/a>\n\t\t\t<\/div><\/figure><figure class='gallery-item'>\n\t\t\t<div class='gallery-icon landscape'>\n\t\t\t\t<a data-elementor-open-lightbox=\"yes\" data-elementor-lightbox-slideshow=\"edcc1f2\" data-elementor-lightbox-title=\"8ca4a661-cf81-489d-969a-18a41b476c99\" e-action-hash=\"#elementor-action%3Aaction%3Dlightbox%26settings%3DeyJpZCI6NDQwMDgsInVybCI6Imh0dHBzOlwvXC93d3cuZGlvY2VzaXNjaXVkYWRyb2RyaWdvLm9yZ1wvYmxvZzRcL3dwLWNvbnRlbnRcL3VwbG9hZHNcLzIwMjZcLzA0XC84Y2E0YTY2MS1jZjgxLTQ4OWQtOTY5YS0xOGE0MWI0NzZjOTkuanBnIiwic2xpZGVzaG93IjoiZWRjYzFmMiJ9\" href='https:\/\/www.diocesisciudadrodrigo.org\/blog4\/wp-content\/uploads\/2026\/04\/8ca4a661-cf81-489d-969a-18a41b476c99.jpg'><img loading=\"lazy\" decoding=\"async\" width=\"1280\" height=\"720\" src=\"https:\/\/www.diocesisciudadrodrigo.org\/blog4\/wp-content\/uploads\/2026\/04\/8ca4a661-cf81-489d-969a-18a41b476c99.jpg\" class=\"attachment-full size-full\" alt=\"\" srcset=\"https:\/\/www.diocesisciudadrodrigo.org\/blog4\/wp-content\/uploads\/2026\/04\/8ca4a661-cf81-489d-969a-18a41b476c99.jpg 1280w, https:\/\/www.diocesisciudadrodrigo.org\/blog4\/wp-content\/uploads\/2026\/04\/8ca4a661-cf81-489d-969a-18a41b476c99-1000x563.jpg 1000w, https:\/\/www.diocesisciudadrodrigo.org\/blog4\/wp-content\/uploads\/2026\/04\/8ca4a661-cf81-489d-969a-18a41b476c99-768x432.jpg 768w, https:\/\/www.diocesisciudadrodrigo.org\/blog4\/wp-content\/uploads\/2026\/04\/8ca4a661-cf81-489d-969a-18a41b476c99-350x197.jpg 350w\" sizes=\"auto, (max-width: 1280px) 100vw, 1280px\" \/><\/a>\n\t\t\t<\/div><\/figure><figure class='gallery-item'>\n\t\t\t<div class='gallery-icon landscape'>\n\t\t\t\t<a data-elementor-open-lightbox=\"yes\" data-elementor-lightbox-slideshow=\"edcc1f2\" data-elementor-lightbox-title=\"eaee94d5-f0dc-4369-89a4-78b7ada35b3d\" e-action-hash=\"#elementor-action%3Aaction%3Dlightbox%26settings%3DeyJpZCI6NDQwMTAsInVybCI6Imh0dHBzOlwvXC93d3cuZGlvY2VzaXNjaXVkYWRyb2RyaWdvLm9yZ1wvYmxvZzRcL3dwLWNvbnRlbnRcL3VwbG9hZHNcLzIwMjZcLzA0XC9lYWVlOTRkNS1mMGRjLTQzNjktODlhNC03OGI3YWRhMzViM2QuanBnIiwic2xpZGVzaG93IjoiZWRjYzFmMiJ9\" href='https:\/\/www.diocesisciudadrodrigo.org\/blog4\/wp-content\/uploads\/2026\/04\/eaee94d5-f0dc-4369-89a4-78b7ada35b3d.jpg'><img loading=\"lazy\" decoding=\"async\" width=\"1600\" height=\"900\" src=\"https:\/\/www.diocesisciudadrodrigo.org\/blog4\/wp-content\/uploads\/2026\/04\/eaee94d5-f0dc-4369-89a4-78b7ada35b3d.jpg\" class=\"attachment-full size-full\" alt=\"\" srcset=\"https:\/\/www.diocesisciudadrodrigo.org\/blog4\/wp-content\/uploads\/2026\/04\/eaee94d5-f0dc-4369-89a4-78b7ada35b3d.jpg 1600w, https:\/\/www.diocesisciudadrodrigo.org\/blog4\/wp-content\/uploads\/2026\/04\/eaee94d5-f0dc-4369-89a4-78b7ada35b3d-1000x563.jpg 1000w, https:\/\/www.diocesisciudadrodrigo.org\/blog4\/wp-content\/uploads\/2026\/04\/eaee94d5-f0dc-4369-89a4-78b7ada35b3d-768x432.jpg 768w, https:\/\/www.diocesisciudadrodrigo.org\/blog4\/wp-content\/uploads\/2026\/04\/eaee94d5-f0dc-4369-89a4-78b7ada35b3d-1536x864.jpg 1536w, https:\/\/www.diocesisciudadrodrigo.org\/blog4\/wp-content\/uploads\/2026\/04\/eaee94d5-f0dc-4369-89a4-78b7ada35b3d-350x197.jpg 350w\" sizes=\"auto, (max-width: 1600px) 100vw, 1600px\" \/><\/a>\n\t\t\t<\/div><\/figure><figure class='gallery-item'>\n\t\t\t<div class='gallery-icon landscape'>\n\t\t\t\t<a data-elementor-open-lightbox=\"yes\" data-elementor-lightbox-slideshow=\"edcc1f2\" data-elementor-lightbox-title=\"0dd52244-9215-4765-9021-fe4850657902\" e-action-hash=\"#elementor-action%3Aaction%3Dlightbox%26settings%3DeyJpZCI6NDQwMDYsInVybCI6Imh0dHBzOlwvXC93d3cuZGlvY2VzaXNjaXVkYWRyb2RyaWdvLm9yZ1wvYmxvZzRcL3dwLWNvbnRlbnRcL3VwbG9hZHNcLzIwMjZcLzA0XC8wZGQ1MjI0NC05MjE1LTQ3NjUtOTAyMS1mZTQ4NTA2NTc5MDIuanBnIiwic2xpZGVzaG93IjoiZWRjYzFmMiJ9\" href='https:\/\/www.diocesisciudadrodrigo.org\/blog4\/wp-content\/uploads\/2026\/04\/0dd52244-9215-4765-9021-fe4850657902.jpg'><img loading=\"lazy\" decoding=\"async\" width=\"1200\" height=\"675\" src=\"https:\/\/www.diocesisciudadrodrigo.org\/blog4\/wp-content\/uploads\/2026\/04\/0dd52244-9215-4765-9021-fe4850657902.jpg\" class=\"attachment-full size-full\" alt=\"\" srcset=\"https:\/\/www.diocesisciudadrodrigo.org\/blog4\/wp-content\/uploads\/2026\/04\/0dd52244-9215-4765-9021-fe4850657902.jpg 1200w, https:\/\/www.diocesisciudadrodrigo.org\/blog4\/wp-content\/uploads\/2026\/04\/0dd52244-9215-4765-9021-fe4850657902-1000x563.jpg 1000w, https:\/\/www.diocesisciudadrodrigo.org\/blog4\/wp-content\/uploads\/2026\/04\/0dd52244-9215-4765-9021-fe4850657902-768x432.jpg 768w, https:\/\/www.diocesisciudadrodrigo.org\/blog4\/wp-content\/uploads\/2026\/04\/0dd52244-9215-4765-9021-fe4850657902-350x197.jpg 350w\" sizes=\"auto, (max-width: 1200px) 100vw, 1200px\" \/><\/a>\n\t\t\t<\/div><\/figure><figure class='gallery-item'>\n\t\t\t<div class='gallery-icon landscape'>\n\t\t\t\t<a data-elementor-open-lightbox=\"yes\" data-elementor-lightbox-slideshow=\"edcc1f2\" data-elementor-lightbox-title=\"c7fcd85b-fca7-4477-aaa9-cb8ab4e5e1e3\" e-action-hash=\"#elementor-action%3Aaction%3Dlightbox%26settings%3DeyJpZCI6NDQwMTEsInVybCI6Imh0dHBzOlwvXC93d3cuZGlvY2VzaXNjaXVkYWRyb2RyaWdvLm9yZ1wvYmxvZzRcL3dwLWNvbnRlbnRcL3VwbG9hZHNcLzIwMjZcLzA0XC9jN2ZjZDg1Yi1mY2E3LTQ0NzctYWFhOS1jYjhhYjRlNWUxZTMuanBnIiwic2xpZGVzaG93IjoiZWRjYzFmMiJ9\" href='https:\/\/www.diocesisciudadrodrigo.org\/blog4\/wp-content\/uploads\/2026\/04\/c7fcd85b-fca7-4477-aaa9-cb8ab4e5e1e3.jpg'><img loading=\"lazy\" decoding=\"async\" width=\"1602\" height=\"901\" src=\"https:\/\/www.diocesisciudadrodrigo.org\/blog4\/wp-content\/uploads\/2026\/04\/c7fcd85b-fca7-4477-aaa9-cb8ab4e5e1e3.jpg\" class=\"attachment-full size-full\" alt=\"\" srcset=\"https:\/\/www.diocesisciudadrodrigo.org\/blog4\/wp-content\/uploads\/2026\/04\/c7fcd85b-fca7-4477-aaa9-cb8ab4e5e1e3.jpg 1602w, https:\/\/www.diocesisciudadrodrigo.org\/blog4\/wp-content\/uploads\/2026\/04\/c7fcd85b-fca7-4477-aaa9-cb8ab4e5e1e3-1000x562.jpg 1000w, https:\/\/www.diocesisciudadrodrigo.org\/blog4\/wp-content\/uploads\/2026\/04\/c7fcd85b-fca7-4477-aaa9-cb8ab4e5e1e3-768x432.jpg 768w, https:\/\/www.diocesisciudadrodrigo.org\/blog4\/wp-content\/uploads\/2026\/04\/c7fcd85b-fca7-4477-aaa9-cb8ab4e5e1e3-1536x864.jpg 1536w, https:\/\/www.diocesisciudadrodrigo.org\/blog4\/wp-content\/uploads\/2026\/04\/c7fcd85b-fca7-4477-aaa9-cb8ab4e5e1e3-350x197.jpg 350w\" sizes=\"auto, (max-width: 1602px) 100vw, 1602px\" \/><\/a>\n\t\t\t<\/div><\/figure>\n\t\t<\/div>\n\t\t<\/div>\n\t\t\t\t<\/div>\n\t\t\t\t<\/div>\n\t\t\t\t\t\t<\/div>\n\t\t\t\t\t<\/div>\n\t\t<\/div>\n\t\t\t\t\t\t\t\t<\/div>\n\t\t\t\t\t<\/div>\n\t\t<\/section>\n\t\t\t\t\t\t<\/div>\n\t\t\t\t\t\t<\/div>\n\t\t\t\t\t<\/div>\n\t\t","protected":false},"excerpt":{"rendered":"<p>La capilla mayor del Seminario ha permanecido abierta durante toda la ma\u00f1ana para acoger a fieles, parroquias y escolares en una iniciativa enmarcada en la Jornada Mundial de Oraci\u00f3n por las Vocaciones y la Jornada de Vocaciones Nativas.<\/p>\n","protected":false},"author":1,"featured_media":44009,"comment_status":"closed","ping_status":"closed","sticky":false,"template":"","format":"standard","meta":{"footnotes":""},"categories":[6],"tags":[35,64,15,76],"class_list":["post-43998","post","type-post","status-publish","format-standard","has-post-thumbnail","hentry","category-noticias","tag-diocesis","tag-oracion","tag-seminario","tag-vocaciones","masonry-post","generate-columns","tablet-grid-50","mobile-grid-100","grid-parent","grid-50"],"yoast_head":"<!-- This site is optimized with the Yoast SEO plugin v27.3 - https:\/\/yoast.com\/product\/yoast-seo-wordpress\/ -->\n<title>&#039;Oramos todos por todos&#039;: as\u00ed ha sido la Jornada de Oraci\u00f3n por las Vocaciones en la Di\u00f3cesis - Di\u00f3cesis de Ciudad Rodrigo<\/title>\n<meta name=\"description\" content=\"La capilla mayor del Seminario ha permanecido abierta durante toda la ma\u00f1ana en una iniciativa enmarcada en la Jornada Mundial de Oraci\u00f3n por las Vocaciones y la Jornada de Vocaciones Nativas.\" \/>\n<meta name=\"robots\" content=\"index, follow, max-snippet:-1, max-image-preview:large, max-video-preview:-1\" \/>\n<link rel=\"canonical\" href=\"https:\/\/www.diocesisciudadrodrigo.org\/blog4\/oramos-todos-por-todos-asi-ha-sido-la-jornada-de-oracion-por-las-vocaciones-en-la-diocesis\/\" \/>\n<meta property=\"og:locale\" content=\"es_ES\" \/>\n<meta property=\"og:type\" content=\"article\" \/>\n<meta property=\"og:title\" content=\"&#039;Oramos todos por todos&#039;: as\u00ed ha sido la Jornada de Oraci\u00f3n por las Vocaciones en la Di\u00f3cesis - Di\u00f3cesis de Ciudad Rodrigo\" \/>\n<meta property=\"og:description\" content=\"La capilla mayor del Seminario ha permanecido abierta durante toda la ma\u00f1ana en una iniciativa enmarcada en la Jornada Mundial de Oraci\u00f3n por las Vocaciones y la Jornada de Vocaciones Nativas.\" \/>\n<meta property=\"og:url\" content=\"https:\/\/www.diocesisciudadrodrigo.org\/blog4\/oramos-todos-por-todos-asi-ha-sido-la-jornada-de-oracion-por-las-vocaciones-en-la-diocesis\/\" \/>\n<meta property=\"og:site_name\" content=\"Di\u00f3cesis de Ciudad Rodrigo\" \/>\n<meta property=\"article:publisher\" content=\"https:\/\/www.facebook.com\/people\/Dicesis-Ciudad-Rodrigo-MCS\/100076471923419\/#\" \/>\n<meta property=\"article:published_time\" content=\"2026-04-22T16:09:31+00:00\" \/>\n<meta property=\"og:image\" content=\"https:\/\/www.diocesisciudadrodrigo.org\/blog4\/wp-content\/uploads\/2026\/04\/0a734c95-111a-4bfe-91f1-ec0dd77a5850.jpg\" \/>\n\t<meta property=\"og:image:width\" content=\"1600\" \/>\n\t<meta property=\"og:image:height\" content=\"900\" \/>\n\t<meta property=\"og:image:type\" content=\"image\/jpeg\" \/>\n<meta name=\"author\" content=\"medios CR\" \/>\n<meta name=\"twitter:card\" content=\"summary_large_image\" \/>\n<meta name=\"twitter:label1\" content=\"Escrito por\" \/>\n\t<meta name=\"twitter:data1\" content=\"medios CR\" \/>\n\t<meta name=\"twitter:label2\" content=\"Tiempo de lectura\" \/>\n\t<meta name=\"twitter:data2\" content=\"4 minutos\" \/>\n<script type=\"application\/ld+json\" class=\"yoast-schema-graph\">{\"@context\":\"https:\\\/\\\/schema.org\",\"@graph\":[{\"@type\":\"Article\",\"@id\":\"https:\\\/\\\/www.diocesisciudadrodrigo.org\\\/blog4\\\/oramos-todos-por-todos-asi-ha-sido-la-jornada-de-oracion-por-las-vocaciones-en-la-diocesis\\\/#article\",\"isPartOf\":{\"@id\":\"https:\\\/\\\/www.diocesisciudadrodrigo.org\\\/blog4\\\/oramos-todos-por-todos-asi-ha-sido-la-jornada-de-oracion-por-las-vocaciones-en-la-diocesis\\\/\"},\"author\":{\"name\":\"medios CR\",\"@id\":\"https:\\\/\\\/www.diocesisciudadrodrigo.org\\\/blog4\\\/#\\\/schema\\\/person\\\/5fcf0ca636a75766ff70e6417b6ed052\"},\"headline\":\"&#8216;Oramos todos por todos&#8217;: as\u00ed ha sido la Jornada de Oraci\u00f3n por las Vocaciones en la Di\u00f3cesis\",\"datePublished\":\"2026-04-22T16:09:31+00:00\",\"mainEntityOfPage\":{\"@id\":\"https:\\\/\\\/www.diocesisciudadrodrigo.org\\\/blog4\\\/oramos-todos-por-todos-asi-ha-sido-la-jornada-de-oracion-por-las-vocaciones-en-la-diocesis\\\/\"},\"wordCount\":398,\"publisher\":{\"@id\":\"https:\\\/\\\/www.diocesisciudadrodrigo.org\\\/blog4\\\/#organization\"},\"image\":{\"@id\":\"https:\\\/\\\/www.diocesisciudadrodrigo.org\\\/blog4\\\/oramos-todos-por-todos-asi-ha-sido-la-jornada-de-oracion-por-las-vocaciones-en-la-diocesis\\\/#primaryimage\"},\"thumbnailUrl\":\"https:\\\/\\\/www.diocesisciudadrodrigo.org\\\/blog4\\\/wp-content\\\/uploads\\\/2026\\\/04\\\/0a734c95-111a-4bfe-91f1-ec0dd77a5850.jpg\",\"keywords\":[\"Di\u00f3cesis\",\"Oraci\u00f3n\",\"seminario\",\"vocaciones\"],\"articleSection\":[\"Noticias\"],\"inLanguage\":\"es\"},{\"@type\":\"WebPage\",\"@id\":\"https:\\\/\\\/www.diocesisciudadrodrigo.org\\\/blog4\\\/oramos-todos-por-todos-asi-ha-sido-la-jornada-de-oracion-por-las-vocaciones-en-la-diocesis\\\/\",\"url\":\"https:\\\/\\\/www.diocesisciudadrodrigo.org\\\/blog4\\\/oramos-todos-por-todos-asi-ha-sido-la-jornada-de-oracion-por-las-vocaciones-en-la-diocesis\\\/\",\"name\":\"'Oramos todos por todos': as\u00ed ha sido la Jornada de Oraci\u00f3n por las Vocaciones en la Di\u00f3cesis - Di\u00f3cesis de Ciudad Rodrigo\",\"isPartOf\":{\"@id\":\"https:\\\/\\\/www.diocesisciudadrodrigo.org\\\/blog4\\\/#website\"},\"primaryImageOfPage\":{\"@id\":\"https:\\\/\\\/www.diocesisciudadrodrigo.org\\\/blog4\\\/oramos-todos-por-todos-asi-ha-sido-la-jornada-de-oracion-por-las-vocaciones-en-la-diocesis\\\/#primaryimage\"},\"image\":{\"@id\":\"https:\\\/\\\/www.diocesisciudadrodrigo.org\\\/blog4\\\/oramos-todos-por-todos-asi-ha-sido-la-jornada-de-oracion-por-las-vocaciones-en-la-diocesis\\\/#primaryimage\"},\"thumbnailUrl\":\"https:\\\/\\\/www.diocesisciudadrodrigo.org\\\/blog4\\\/wp-content\\\/uploads\\\/2026\\\/04\\\/0a734c95-111a-4bfe-91f1-ec0dd77a5850.jpg\",\"datePublished\":\"2026-04-22T16:09:31+00:00\",\"description\":\"La capilla mayor del Seminario ha permanecido abierta durante toda la ma\u00f1ana en una iniciativa enmarcada en la Jornada Mundial de Oraci\u00f3n por las Vocaciones y la Jornada de Vocaciones Nativas.\",\"breadcrumb\":{\"@id\":\"https:\\\/\\\/www.diocesisciudadrodrigo.org\\\/blog4\\\/oramos-todos-por-todos-asi-ha-sido-la-jornada-de-oracion-por-las-vocaciones-en-la-diocesis\\\/#breadcrumb\"},\"inLanguage\":\"es\",\"potentialAction\":[{\"@type\":\"ReadAction\",\"target\":[\"https:\\\/\\\/www.diocesisciudadrodrigo.org\\\/blog4\\\/oramos-todos-por-todos-asi-ha-sido-la-jornada-de-oracion-por-las-vocaciones-en-la-diocesis\\\/\"]}]},{\"@type\":\"ImageObject\",\"inLanguage\":\"es\",\"@id\":\"https:\\\/\\\/www.diocesisciudadrodrigo.org\\\/blog4\\\/oramos-todos-por-todos-asi-ha-sido-la-jornada-de-oracion-por-las-vocaciones-en-la-diocesis\\\/#primaryimage\",\"url\":\"https:\\\/\\\/www.diocesisciudadrodrigo.org\\\/blog4\\\/wp-content\\\/uploads\\\/2026\\\/04\\\/0a734c95-111a-4bfe-91f1-ec0dd77a5850.jpg\",\"contentUrl\":\"https:\\\/\\\/www.diocesisciudadrodrigo.org\\\/blog4\\\/wp-content\\\/uploads\\\/2026\\\/04\\\/0a734c95-111a-4bfe-91f1-ec0dd77a5850.jpg\",\"width\":1600,\"height\":900,\"caption\":\"FOTOS: cedidas\"},{\"@type\":\"BreadcrumbList\",\"@id\":\"https:\\\/\\\/www.diocesisciudadrodrigo.org\\\/blog4\\\/oramos-todos-por-todos-asi-ha-sido-la-jornada-de-oracion-por-las-vocaciones-en-la-diocesis\\\/#breadcrumb\",\"itemListElement\":[{\"@type\":\"ListItem\",\"position\":1,\"name\":\"Portada\",\"item\":\"https:\\\/\\\/www.diocesisciudadrodrigo.org\\\/blog4\\\/\"},{\"@type\":\"ListItem\",\"position\":2,\"name\":\"&#8216;Oramos todos por todos&#8217;: as\u00ed ha sido la Jornada de Oraci\u00f3n por las Vocaciones en la Di\u00f3cesis\"}]},{\"@type\":\"WebSite\",\"@id\":\"https:\\\/\\\/www.diocesisciudadrodrigo.org\\\/blog4\\\/#website\",\"url\":\"https:\\\/\\\/www.diocesisciudadrodrigo.org\\\/blog4\\\/\",\"name\":\"Di\u00f3cesis de Ciudad Rodrigo\",\"description\":\"Sitio web oficial de la di\u00f3cesis civitatense\",\"publisher\":{\"@id\":\"https:\\\/\\\/www.diocesisciudadrodrigo.org\\\/blog4\\\/#organization\"},\"potentialAction\":[{\"@type\":\"SearchAction\",\"target\":{\"@type\":\"EntryPoint\",\"urlTemplate\":\"https:\\\/\\\/www.diocesisciudadrodrigo.org\\\/blog4\\\/?s={search_term_string}\"},\"query-input\":{\"@type\":\"PropertyValueSpecification\",\"valueRequired\":true,\"valueName\":\"search_term_string\"}}],\"inLanguage\":\"es\"},{\"@type\":\"Organization\",\"@id\":\"https:\\\/\\\/www.diocesisciudadrodrigo.org\\\/blog4\\\/#organization\",\"name\":\"Di\u00f3cesis de Ciudad Rodrigo\",\"url\":\"https:\\\/\\\/www.diocesisciudadrodrigo.org\\\/blog4\\\/\",\"logo\":{\"@type\":\"ImageObject\",\"inLanguage\":\"es\",\"@id\":\"https:\\\/\\\/www.diocesisciudadrodrigo.org\\\/blog4\\\/#\\\/schema\\\/logo\\\/image\\\/\",\"url\":\"https:\\\/\\\/www.diocesisciudadrodrigo.org\\\/blog4\\\/wp-content\\\/uploads\\\/2024\\\/12\\\/Diocesis.CMYK_-768x480-1.jpg\",\"contentUrl\":\"https:\\\/\\\/www.diocesisciudadrodrigo.org\\\/blog4\\\/wp-content\\\/uploads\\\/2024\\\/12\\\/Diocesis.CMYK_-768x480-1.jpg\",\"width\":768,\"height\":480,\"caption\":\"Di\u00f3cesis de Ciudad Rodrigo\"},\"image\":{\"@id\":\"https:\\\/\\\/www.diocesisciudadrodrigo.org\\\/blog4\\\/#\\\/schema\\\/logo\\\/image\\\/\"},\"sameAs\":[\"https:\\\/\\\/www.facebook.com\\\/people\\\/Dicesis-Ciudad-Rodrigo-MCS\\\/100076471923419\\\/#\"]},{\"@type\":\"Person\",\"@id\":\"https:\\\/\\\/www.diocesisciudadrodrigo.org\\\/blog4\\\/#\\\/schema\\\/person\\\/5fcf0ca636a75766ff70e6417b6ed052\",\"name\":\"medios CR\",\"image\":{\"@type\":\"ImageObject\",\"inLanguage\":\"es\",\"@id\":\"https:\\\/\\\/secure.gravatar.com\\\/avatar\\\/4a619fd0c7e36bd570f4e6e15eb09a2191185d0f63d8dbfdffe848af141ab87e?s=96&d=mm&r=g\",\"url\":\"https:\\\/\\\/secure.gravatar.com\\\/avatar\\\/4a619fd0c7e36bd570f4e6e15eb09a2191185d0f63d8dbfdffe848af141ab87e?s=96&d=mm&r=g\",\"contentUrl\":\"https:\\\/\\\/secure.gravatar.com\\\/avatar\\\/4a619fd0c7e36bd570f4e6e15eb09a2191185d0f63d8dbfdffe848af141ab87e?s=96&d=mm&r=g\",\"caption\":\"medios CR\"},\"url\":\"https:\\\/\\\/www.diocesisciudadrodrigo.org\\\/blog4\\\/author\\\/admin4\\\/\"}]}<\/script>\n<!-- \/ Yoast SEO plugin. -->","yoast_head_json":{"title":"'Oramos todos por todos': as\u00ed ha sido la Jornada de Oraci\u00f3n por las Vocaciones en la Di\u00f3cesis - Di\u00f3cesis de Ciudad Rodrigo","description":"La capilla mayor del Seminario ha permanecido abierta durante toda la ma\u00f1ana en una iniciativa enmarcada en la Jornada Mundial de Oraci\u00f3n por las Vocaciones y la Jornada de Vocaciones Nativas.","robots":{"index":"index","follow":"follow","max-snippet":"max-snippet:-1","max-image-preview":"max-image-preview:large","max-video-preview":"max-video-preview:-1"},"canonical":"https:\/\/www.diocesisciudadrodrigo.org\/blog4\/oramos-todos-por-todos-asi-ha-sido-la-jornada-de-oracion-por-las-vocaciones-en-la-diocesis\/","og_locale":"es_ES","og_type":"article","og_title":"'Oramos todos por todos': as\u00ed ha sido la Jornada de Oraci\u00f3n por las Vocaciones en la Di\u00f3cesis - Di\u00f3cesis de Ciudad Rodrigo","og_description":"La capilla mayor del Seminario ha permanecido abierta durante toda la ma\u00f1ana en una iniciativa enmarcada en la Jornada Mundial de Oraci\u00f3n por las Vocaciones y la Jornada de Vocaciones Nativas.","og_url":"https:\/\/www.diocesisciudadrodrigo.org\/blog4\/oramos-todos-por-todos-asi-ha-sido-la-jornada-de-oracion-por-las-vocaciones-en-la-diocesis\/","og_site_name":"Di\u00f3cesis de Ciudad Rodrigo","article_publisher":"https:\/\/www.facebook.com\/people\/Dicesis-Ciudad-Rodrigo-MCS\/100076471923419\/#","article_published_time":"2026-04-22T16:09:31+00:00","og_image":[{"width":1600,"height":900,"url":"https:\/\/www.diocesisciudadrodrigo.org\/blog4\/wp-content\/uploads\/2026\/04\/0a734c95-111a-4bfe-91f1-ec0dd77a5850.jpg","type":"image\/jpeg"}],"author":"medios CR","twitter_card":"summary_large_image","twitter_misc":{"Escrito por":"medios CR","Tiempo de lectura":"4 minutos"},"schema":{"@context":"https:\/\/schema.org","@graph":[{"@type":"Article","@id":"https:\/\/www.diocesisciudadrodrigo.org\/blog4\/oramos-todos-por-todos-asi-ha-sido-la-jornada-de-oracion-por-las-vocaciones-en-la-diocesis\/#article","isPartOf":{"@id":"https:\/\/www.diocesisciudadrodrigo.org\/blog4\/oramos-todos-por-todos-asi-ha-sido-la-jornada-de-oracion-por-las-vocaciones-en-la-diocesis\/"},"author":{"name":"medios CR","@id":"https:\/\/www.diocesisciudadrodrigo.org\/blog4\/#\/schema\/person\/5fcf0ca636a75766ff70e6417b6ed052"},"headline":"&#8216;Oramos todos por todos&#8217;: as\u00ed ha sido la Jornada de Oraci\u00f3n por las Vocaciones en la Di\u00f3cesis","datePublished":"2026-04-22T16:09:31+00:00","mainEntityOfPage":{"@id":"https:\/\/www.diocesisciudadrodrigo.org\/blog4\/oramos-todos-por-todos-asi-ha-sido-la-jornada-de-oracion-por-las-vocaciones-en-la-diocesis\/"},"wordCount":398,"publisher":{"@id":"https:\/\/www.diocesisciudadrodrigo.org\/blog4\/#organization"},"image":{"@id":"https:\/\/www.diocesisciudadrodrigo.org\/blog4\/oramos-todos-por-todos-asi-ha-sido-la-jornada-de-oracion-por-las-vocaciones-en-la-diocesis\/#primaryimage"},"thumbnailUrl":"https:\/\/www.diocesisciudadrodrigo.org\/blog4\/wp-content\/uploads\/2026\/04\/0a734c95-111a-4bfe-91f1-ec0dd77a5850.jpg","keywords":["Di\u00f3cesis","Oraci\u00f3n","seminario","vocaciones"],"articleSection":["Noticias"],"inLanguage":"es"},{"@type":"WebPage","@id":"https:\/\/www.diocesisciudadrodrigo.org\/blog4\/oramos-todos-por-todos-asi-ha-sido-la-jornada-de-oracion-por-las-vocaciones-en-la-diocesis\/","url":"https:\/\/www.diocesisciudadrodrigo.org\/blog4\/oramos-todos-por-todos-asi-ha-sido-la-jornada-de-oracion-por-las-vocaciones-en-la-diocesis\/","name":"'Oramos todos por todos': as\u00ed ha sido la Jornada de Oraci\u00f3n por las Vocaciones en la Di\u00f3cesis - Di\u00f3cesis de Ciudad Rodrigo","isPartOf":{"@id":"https:\/\/www.diocesisciudadrodrigo.org\/blog4\/#website"},"primaryImageOfPage":{"@id":"https:\/\/www.diocesisciudadrodrigo.org\/blog4\/oramos-todos-por-todos-asi-ha-sido-la-jornada-de-oracion-por-las-vocaciones-en-la-diocesis\/#primaryimage"},"image":{"@id":"https:\/\/www.diocesisciudadrodrigo.org\/blog4\/oramos-todos-por-todos-asi-ha-sido-la-jornada-de-oracion-por-las-vocaciones-en-la-diocesis\/#primaryimage"},"thumbnailUrl":"https:\/\/www.diocesisciudadrodrigo.org\/blog4\/wp-content\/uploads\/2026\/04\/0a734c95-111a-4bfe-91f1-ec0dd77a5850.jpg","datePublished":"2026-04-22T16:09:31+00:00","description":"La capilla mayor del Seminario ha permanecido abierta durante toda la ma\u00f1ana en una iniciativa enmarcada en la Jornada Mundial de Oraci\u00f3n por las Vocaciones y la Jornada de Vocaciones Nativas.","breadcrumb":{"@id":"https:\/\/www.diocesisciudadrodrigo.org\/blog4\/oramos-todos-por-todos-asi-ha-sido-la-jornada-de-oracion-por-las-vocaciones-en-la-diocesis\/#breadcrumb"},"inLanguage":"es","potentialAction":[{"@type":"ReadAction","target":["https:\/\/www.diocesisciudadrodrigo.org\/blog4\/oramos-todos-por-todos-asi-ha-sido-la-jornada-de-oracion-por-las-vocaciones-en-la-diocesis\/"]}]},{"@type":"ImageObject","inLanguage":"es","@id":"https:\/\/www.diocesisciudadrodrigo.org\/blog4\/oramos-todos-por-todos-asi-ha-sido-la-jornada-de-oracion-por-las-vocaciones-en-la-diocesis\/#primaryimage","url":"https:\/\/www.diocesisciudadrodrigo.org\/blog4\/wp-content\/uploads\/2026\/04\/0a734c95-111a-4bfe-91f1-ec0dd77a5850.jpg","contentUrl":"https:\/\/www.diocesisciudadrodrigo.org\/blog4\/wp-content\/uploads\/2026\/04\/0a734c95-111a-4bfe-91f1-ec0dd77a5850.jpg","width":1600,"height":900,"caption":"FOTOS: cedidas"},{"@type":"BreadcrumbList","@id":"https:\/\/www.diocesisciudadrodrigo.org\/blog4\/oramos-todos-por-todos-asi-ha-sido-la-jornada-de-oracion-por-las-vocaciones-en-la-diocesis\/#breadcrumb","itemListElement":[{"@type":"ListItem","position":1,"name":"Portada","item":"https:\/\/www.diocesisciudadrodrigo.org\/blog4\/"},{"@type":"ListItem","position":2,"name":"&#8216;Oramos todos por todos&#8217;: as\u00ed ha sido la Jornada de Oraci\u00f3n por las Vocaciones en la Di\u00f3cesis"}]},{"@type":"WebSite","@id":"https:\/\/www.diocesisciudadrodrigo.org\/blog4\/#website","url":"https:\/\/www.diocesisciudadrodrigo.org\/blog4\/","name":"Di\u00f3cesis de Ciudad Rodrigo","description":"Sitio web oficial de la di\u00f3cesis civitatense","publisher":{"@id":"https:\/\/www.diocesisciudadrodrigo.org\/blog4\/#organization"},"potentialAction":[{"@type":"SearchAction","target":{"@type":"EntryPoint","urlTemplate":"https:\/\/www.diocesisciudadrodrigo.org\/blog4\/?s={search_term_string}"},"query-input":{"@type":"PropertyValueSpecification","valueRequired":true,"valueName":"search_term_string"}}],"inLanguage":"es"},{"@type":"Organization","@id":"https:\/\/www.diocesisciudadrodrigo.org\/blog4\/#organization","name":"Di\u00f3cesis de Ciudad Rodrigo","url":"https:\/\/www.diocesisciudadrodrigo.org\/blog4\/","logo":{"@type":"ImageObject","inLanguage":"es","@id":"https:\/\/www.diocesisciudadrodrigo.org\/blog4\/#\/schema\/logo\/image\/","url":"https:\/\/www.diocesisciudadrodrigo.org\/blog4\/wp-content\/uploads\/2024\/12\/Diocesis.CMYK_-768x480-1.jpg","contentUrl":"https:\/\/www.diocesisciudadrodrigo.org\/blog4\/wp-content\/uploads\/2024\/12\/Diocesis.CMYK_-768x480-1.jpg","width":768,"height":480,"caption":"Di\u00f3cesis de Ciudad Rodrigo"},"image":{"@id":"https:\/\/www.diocesisciudadrodrigo.org\/blog4\/#\/schema\/logo\/image\/"},"sameAs":["https:\/\/www.facebook.com\/people\/Dicesis-Ciudad-Rodrigo-MCS\/100076471923419\/#"]},{"@type":"Person","@id":"https:\/\/www.diocesisciudadrodrigo.org\/blog4\/#\/schema\/person\/5fcf0ca636a75766ff70e6417b6ed052","name":"medios CR","image":{"@type":"ImageObject","inLanguage":"es","@id":"https:\/\/secure.gravatar.com\/avatar\/4a619fd0c7e36bd570f4e6e15eb09a2191185d0f63d8dbfdffe848af141ab87e?s=96&d=mm&r=g","url":"https:\/\/secure.gravatar.com\/avatar\/4a619fd0c7e36bd570f4e6e15eb09a2191185d0f63d8dbfdffe848af141ab87e?s=96&d=mm&r=g","contentUrl":"https:\/\/secure.gravatar.com\/avatar\/4a619fd0c7e36bd570f4e6e15eb09a2191185d0f63d8dbfdffe848af141ab87e?s=96&d=mm&r=g","caption":"medios CR"},"url":"https:\/\/www.diocesisciudadrodrigo.org\/blog4\/author\/admin4\/"}]}},"_links":{"self":[{"href":"https:\/\/www.diocesisciudadrodrigo.org\/blog4\/wp-json\/wp\/v2\/posts\/43998","targetHints":{"allow":["GET"]}}],"collection":[{"href":"https:\/\/www.diocesisciudadrodrigo.org\/blog4\/wp-json\/wp\/v2\/posts"}],"about":[{"href":"https:\/\/www.diocesisciudadrodrigo.org\/blog4\/wp-json\/wp\/v2\/types\/post"}],"author":[{"embeddable":true,"href":"https:\/\/www.diocesisciudadrodrigo.org\/blog4\/wp-json\/wp\/v2\/users\/1"}],"replies":[{"embeddable":true,"href":"https:\/\/www.diocesisciudadrodrigo.org\/blog4\/wp-json\/wp\/v2\/comments?post=43998"}],"version-history":[{"count":15,"href":"https:\/\/www.diocesisciudadrodrigo.org\/blog4\/wp-json\/wp\/v2\/posts\/43998\/revisions"}],"predecessor-version":[{"id":44020,"href":"https:\/\/www.diocesisciudadrodrigo.org\/blog4\/wp-json\/wp\/v2\/posts\/43998\/revisions\/44020"}],"wp:featuredmedia":[{"embeddable":true,"href":"https:\/\/www.diocesisciudadrodrigo.org\/blog4\/wp-json\/wp\/v2\/media\/44009"}],"wp:attachment":[{"href":"https:\/\/www.diocesisciudadrodrigo.org\/blog4\/wp-json\/wp\/v2\/media?parent=43998"}],"wp:term":[{"taxonomy":"category","embeddable":true,"href":"https:\/\/www.diocesisciudadrodrigo.org\/blog4\/wp-json\/wp\/v2\/categories?post=43998"},{"taxonomy":"post_tag","embeddable":true,"href":"https:\/\/www.diocesisciudadrodrigo.org\/blog4\/wp-json\/wp\/v2\/tags?post=43998"}],"curies":[{"name":"wp","href":"https:\/\/api.w.org\/{rel}","templated":true}]}}