{"id":43984,"date":"2026-04-22T12:54:40","date_gmt":"2026-04-22T10:54:40","guid":{"rendered":"https:\/\/www.diocesisciudadrodrigo.org\/blog4\/?p=43984"},"modified":"2026-04-22T12:54:40","modified_gmt":"2026-04-22T10:54:40","slug":"iglesia-en-castilla-presenta-el-himno-oficial-de-su-asamblea-eclesial-compuesto-por-el-cantautor-zamorano-rogelio-cabado","status":"publish","type":"post","link":"https:\/\/www.diocesisciudadrodrigo.org\/blog4\/iglesia-en-castilla-presenta-el-himno-oficial-de-su-asamblea-eclesial-compuesto-por-el-cantautor-zamorano-rogelio-cabado\/","title":{"rendered":"Iglesia en Castilla presenta el himno oficial de su Asamblea Eclesial, compuesto por el cantautor zamorano Rogelio Cabado"},"content":{"rendered":"\t\t<div data-elementor-type=\"wp-post\" data-elementor-id=\"43984\" class=\"elementor elementor-43984\" data-elementor-settings=\"[]\">\n\t\t\t\t\t\t<div class=\"elementor-inner\">\n\t\t\t\t\t\t\t<div class=\"elementor-section-wrap\">\n\t\t\t\t\t\t\t<section class=\"elementor-section elementor-top-section elementor-element elementor-element-d31fd7e elementor-section-boxed elementor-section-height-default elementor-section-height-default\" data-id=\"d31fd7e\" data-element_type=\"section\">\n\t\t\t\t\t\t<div class=\"elementor-container elementor-column-gap-default\">\n\t\t\t\t\t\t\t<div class=\"elementor-row\">\n\t\t\t\t\t<div class=\"elementor-column elementor-col-100 elementor-top-column elementor-element elementor-element-208d4fb\" data-id=\"208d4fb\" data-element_type=\"column\">\n\t\t\t<div class=\"elementor-column-wrap elementor-element-populated\">\n\t\t\t\t\t\t\t<div class=\"elementor-widget-wrap\">\n\t\t\t\t\t\t<div class=\"elementor-element elementor-element-151692a elementor-widget elementor-widget-text-editor\" data-id=\"151692a\" data-element_type=\"widget\" data-widget_type=\"text-editor.default\">\n\t\t\t\t<div class=\"elementor-widget-container\">\n\t\t\t\t\t\t\t\t<div class=\"elementor-text-editor elementor-clearfix\">\n\t\t\t\t<p>Iglesia en Castilla ha presentado este mi\u00e9rcoles el himno oficial de su Asamblea Eclesial, que se celebrar\u00e1 en \u00c1vila del 30 de abril al 2 de mayo bajo el lema <i>\u00abRenovados para la misi\u00f3n\u00bb<\/i>. La composici\u00f3n, que lleva el mismo nombre que el propio lema de la Asamblea, es obra del cantautor zamorano Rogelio Cabado, y <strong>sonar\u00e1 en m\u00faltiples momentos a lo largo de los tres d\u00edas del encuentro<\/strong> como hilo conductor musical de este hist\u00f3rico acontecimiento eclesial.<\/p><p>Desde esta ma\u00f1ana, ya est\u00e1 operativo en plataformas como Youtube: \u00a0<a href=\"https:\/\/www.youtube.com\/watch?v=gdxTsqMy8sg\">https:\/\/www.youtube.com\/watch?v=gdxTsqMy8sg\u00a0<\/a><\/p>\t\t\t\t\t<\/div>\n\t\t\t\t\t\t<\/div>\n\t\t\t\t<\/div>\n\t\t\t\t\t\t<\/div>\n\t\t\t\t\t<\/div>\n\t\t<\/div>\n\t\t\t\t\t\t\t\t<\/div>\n\t\t\t\t\t<\/div>\n\t\t<\/section>\n\t\t\t\t<section class=\"elementor-section elementor-top-section elementor-element elementor-element-b22f2bb elementor-section-boxed elementor-section-height-default elementor-section-height-default\" data-id=\"b22f2bb\" data-element_type=\"section\">\n\t\t\t\t\t\t<div class=\"elementor-container elementor-column-gap-default\">\n\t\t\t\t\t\t\t<div class=\"elementor-row\">\n\t\t\t\t\t<div class=\"elementor-column elementor-col-100 elementor-top-column elementor-element elementor-element-e89d728\" data-id=\"e89d728\" data-element_type=\"column\">\n\t\t\t<div class=\"elementor-column-wrap elementor-element-populated\">\n\t\t\t\t\t\t\t<div class=\"elementor-widget-wrap\">\n\t\t\t\t\t\t<div class=\"elementor-element elementor-element-5b2a8c8 elementor-aspect-ratio-169 elementor-widget elementor-widget-video\" data-id=\"5b2a8c8\" data-element_type=\"widget\" data-settings=\"{&quot;youtube_url&quot;:&quot;https:\\\/\\\/www.youtube.com\\\/watch?v=gdxTsqMy8sg&quot;,&quot;video_type&quot;:&quot;youtube&quot;,&quot;controls&quot;:&quot;yes&quot;,&quot;aspect_ratio&quot;:&quot;169&quot;}\" data-widget_type=\"video.default\">\n\t\t\t\t<div class=\"elementor-widget-container\">\n\t\t\t\t\t<div class=\"elementor-wrapper elementor-fit-aspect-ratio elementor-open-inline\">\n\t\t\t<div class=\"elementor-video\"><\/div>\t\t<\/div>\n\t\t\t\t<\/div>\n\t\t\t\t<\/div>\n\t\t\t\t\t\t<\/div>\n\t\t\t\t\t<\/div>\n\t\t<\/div>\n\t\t\t\t\t\t\t\t<\/div>\n\t\t\t\t\t<\/div>\n\t\t<\/section>\n\t\t\t\t<section class=\"elementor-section elementor-top-section elementor-element elementor-element-485b29c elementor-section-boxed elementor-section-height-default elementor-section-height-default\" data-id=\"485b29c\" data-element_type=\"section\">\n\t\t\t\t\t\t<div class=\"elementor-container elementor-column-gap-default\">\n\t\t\t\t\t\t\t<div class=\"elementor-row\">\n\t\t\t\t\t<div class=\"elementor-column elementor-col-100 elementor-top-column elementor-element elementor-element-e7270eb\" data-id=\"e7270eb\" data-element_type=\"column\">\n\t\t\t<div class=\"elementor-column-wrap elementor-element-populated\">\n\t\t\t\t\t\t\t<div class=\"elementor-widget-wrap\">\n\t\t\t\t\t\t<div class=\"elementor-element elementor-element-4e1ee0d elementor-widget elementor-widget-text-editor\" data-id=\"4e1ee0d\" data-element_type=\"widget\" data-widget_type=\"text-editor.default\">\n\t\t\t\t<div class=\"elementor-widget-container\">\n\t\t\t\t\t\t\t\t<div class=\"elementor-text-editor elementor-clearfix\">\n\t\t\t\t<p>El himno <strong>recoge en clave musical la s\u00edntesis espiritual de la Asamblea<\/strong>: la confianza en Cristo como gu\u00eda del camino, la acci\u00f3n del Esp\u00edritu Santo que inspirar\u00e1 el trabajo de los m\u00e1s de 300 delegados de nueve di\u00f3cesis castellanas, y la esperanza de un pueblo que camina sin miedo, renovado por la luz del Evangelio y llamado a evangelizar en el aqu\u00ed y el ahora de nuestra tierra, con sus luces y sus sombras y los grandes retos a los que ha de enfrentarse: la creciente secularizaci\u00f3n y la despoblaci\u00f3n, que condicionan de forma l\u00f3gica los esfuerzos evangelizadores.<\/p><p>Con su presencia repetida durante los d\u00edas del encuentro, <strong>el himno aspira a que todos los participantes \u2014y quienes lo sigan desde fuera\u2014 se sientan parte de este momento de gracia<\/strong> para la Iglesia en Castilla.<\/p><p>Rogelio Cabado ha cedido todos los derechos del himno a Iglesia en Castilla, de manera que<strong> los ingresos generados por sus reproducciones y descargas se destinar\u00e1n \u00edntegramente a C\u00e1ritas auton\u00f3mica<\/strong> de Castilla y Le\u00f3n.<\/p><h3><b>Un cantautor con m\u00e1s de treinta a\u00f1os de trayectoria<\/b><b><\/b><\/h3><p>Rogelio Cabado es una<strong> figura singular en el panorama de la m\u00fasica cristiana en Espa\u00f1a<\/strong>. Natural de Zamora, lleva publicados m\u00e1s de 25 discos y acumula una ampl\u00edsima trayectoria de colaboraciones en el campo de la m\u00fasica para la fe y la educaci\u00f3n en valores. Su primer disco vio la luz en 1995 y desde entonces no ha dejado de crear, con un estilo que abarca g\u00e9neros tan diversos como la m\u00fasica pop rock, lit\u00fargica, baladas, coral, salsa, hip hop, reggaet\u00f3n o chill out. Todos sus trabajos tienen un denominador com\u00fan: <strong>el uso de la m\u00fasica como herramienta de formaci\u00f3n, especialmente entre los m\u00e1s j\u00f3venes<\/strong>.<\/p><p>Entre sus trabajos m\u00e1s destacados figura su labor como <strong>coordinador musical del V Centenario de Santa Teresa de Jes\u00fas y del I Centenario de la Consagraci\u00f3n de Espa\u00f1a al Sagrado Coraz\u00f3n<\/strong>. Su \u00faltima creaci\u00f3n, que est\u00e1 actualmente viajando por varias di\u00f3cesis espa\u00f1olas, es el musical <i>M\u00e1s all\u00e1<\/i>, una obra sobre la sensibilidad vocacional.<\/p><p><strong>Padre de familia numerosa, educador, profesor y t\u00e9cnico especialista en electr\u00f3nica e inform\u00e1tica<\/strong>, Cabado ha extendido su creatividad tambi\u00e9n a otras disciplinas: ha dise\u00f1ado varias vidrieras en hormig\u00f3n para capillas de las di\u00f3cesis de Zamora, C\u00e1ceres y Madrid. Adem\u00e1s de poeta y compositor ha impartido cursos de formaci\u00f3n para Escuelas Cat\u00f3licas de Castilla y Le\u00f3n. Cientos de conciertos y actuaciones diversas desde el campo de la m\u00fasica, animan su inquietud evangelizadora. Ha coordinado a lo largo de a\u00f1os, los cursos de M\u00fasica y Evangelizaci\u00f3n en Valladolid, C\u00e1ceres, Vigo, entre otros.<\/p><h3><b>\u00abQuer\u00eda un himno vivo, din\u00e1mico, propio de personas renovadas e inquietas\u00bb<\/b><b><\/b><\/h3><p>El propio Rogelio Cabado ha explicado c\u00f3mo vivi\u00f3 el proceso de composici\u00f3n: \u00ab<strong>Ha sido para m\u00ed un gozo y una satisfacci\u00f3n haber podido componer este himno para la Asamblea de Iglesia en Castilla<\/strong>. La sensaci\u00f3n, en el momento en que recib\u00ed el encargo, fue la de quien tiene que contemplar en l\u00edneas generales la construcci\u00f3n de una catedral: de alguna manera tienes que verlo todo en su conjunto, y eso es lo que te ayuda a atender despu\u00e9s los matices y el conjunto de la obra\u00bb.<\/p><p>Cabado se inspir\u00f3 en los textos y documentos preparatorios de la Asamblea, as\u00ed como en la rueda de prensa de presentaci\u00f3n protagonizada por el arzobispo de Valladolid, monse\u00f1or Luis Arg\u00fcello, y por los representantes de las di\u00f3cesis participantes. \u00abMe parecen textos muy iluminadores y muy motivadores\u00bb, ha se\u00f1alado. \u00ab<strong>Quer\u00eda que fuese un himno renovado, vivo, nuevo, con un estilo abierto y din\u00e1mico, propio de personas renovadas e inquietas a la luz del Esp\u00edritu Santo\u00bb<\/strong>.<\/p><p>El cantautor ha reconocido que, aunque la inspiraci\u00f3n fluy\u00f3 con naturalidad, la fase de composici\u00f3n y grabaci\u00f3n result\u00f3 exigente: \u00abHa habido que coordinar en muy poco tiempo a un equipo formidable de m\u00fasicos, vocalistas y t\u00e9cnicos que han hecho una labor realmente preciosa\u00bb. Y ha concluido con un deseo que resume bien el esp\u00edritu del himno: \u00ab<strong>Ojal\u00e1 que se cante mucho, se disfrute, pero sobre todo que llegue a la gente, y especialmente a los j\u00f3venes<\/strong>, que est\u00e1n hambrientos del mensaje de Jes\u00fas de Nazaret\u00bb.<\/p><p><img decoding=\"async\" src=\"data:image\/png;base64,iVBORw0KGgoAAAANSUhEUgAAAdYAAAAECAYAAAAzmx7KAAABY2lDQ1BrQ0dDb2xvclNwYWNlRGlzcGxheVAzAAAokX2QsUvDUBDGv1aloHUQHRwcMolDlJIKuji0FURxCFXB6pS+pqmQxkeSIgU3\/4GC\/4EKzm4Whzo6OAiik+jm5KTgouV5L4mkInqP435877vjOCA5bnBu9wOoO75bXMorm6UtJfWMBL0gDObxnK6vSv6uP+P9PvTeTstZv\/\/\/jcGK6TGqn5QZxl0fSKjE+p7PJe8Tj7m0FHFLshXyieRyyOeBZ71YIL4mVljNqBC\/EKvlHt3q4brdYNEOcvu06WysyTmUE1jEDjxw2DDQhAId2T\/8s4G\/gF1yN+FSn4UafOrJkSInmMTLcMAwA5VYQ4ZSk3eO7ncX3U+NtYMnYKEjhLiItZUOcDZHJ2vH2tQ8MDIEXLW54RqB1EeZrFaB11NguASM3lDPtlfNauH26Tww8CjE2ySQOgS6LSE+joToHlPzA3DpfAEDp2ITpJYOWwAAAARjSUNQDA0AAW4D4+8AAAA4ZVhJZk1NACoAAAAIAAGHaQAEAAAAAQAAABoAAAAAAAKgAgAEAAAAAQAAAdagAwAEAAAAAQAAAAQAAAAALVHNfwAAAE1JREFUWAnt0MEJACAMBEFjpSktnSr2kIeQuQIWbtYyAgQIECBAoE0gXqmqTltRiAABAgQIDBXIzNhDv7tNgAABAgQIECBAgAABAr8LXCYzBAQWa+3\/AAAAAElFTkSuQmCC\" alt=\"pastedGraphic.png\" \/><\/p><p><b>Sobre Iglesia en Castilla<\/b> Iglesia en Castilla agrupa a las archidi\u00f3cesis de Burgos y Valladolid y a las di\u00f3cesis de \u00c1vila, Ciudad Rodrigo, Osma-Soria, Palencia, Salamanca, Segovia y Zamora. En conjunto, desarrollan su actividad pastoral, celebrativa, caritativa y asistencial en un territorio donde residen cerca de dos millones de personas, a trav\u00e9s de m\u00e1s de 3.700 parroquias, 121 monasterios y m\u00e1s de 400 centros diocesanos. M\u00e1s informaci\u00f3n en <a href=\"http:\/\/www.iglesiaencastilla.es\"><b>www.iglesiaencastilla.es<\/b><\/a><\/p>\t\t\t\t\t<\/div>\n\t\t\t\t\t\t<\/div>\n\t\t\t\t<\/div>\n\t\t\t\t\t\t<\/div>\n\t\t\t\t\t<\/div>\n\t\t<\/div>\n\t\t\t\t\t\t\t\t<\/div>\n\t\t\t\t\t<\/div>\n\t\t<\/section>\n\t\t\t\t\t\t<\/div>\n\t\t\t\t\t\t<\/div>\n\t\t\t\t\t<\/div>\n\t\t","protected":false},"excerpt":{"rendered":"<p>\u00abRenovados para la misi\u00f3n\u00bb, t\u00edtulo del himno y lema de la Asamblea, sonar\u00e1 a lo largo de los tres d\u00edas del encuentro que se celebra en \u00c1vila del 30 de abril al 2 de mayo<\/p>\n","protected":false},"author":1,"featured_media":43992,"comment_status":"closed","ping_status":"closed","sticky":false,"template":"","format":"standard","meta":{"footnotes":""},"categories":[6],"tags":[67,82],"class_list":["post-43984","post","type-post","status-publish","format-standard","has-post-thumbnail","hentry","category-noticias","tag-iglesia-en-castilla","tag-musica","masonry-post","generate-columns","tablet-grid-50","mobile-grid-100","grid-parent","grid-50"],"yoast_head":"<!-- This site is optimized with the Yoast SEO plugin v27.3 - https:\/\/yoast.com\/product\/yoast-seo-wordpress\/ -->\n<title>Iglesia en Castilla presenta el himno oficial de su Asamblea Eclesial, compuesto por el cantautor zamorano Rogelio Cabado - Di\u00f3cesis de Ciudad Rodrigo<\/title>\n<meta name=\"description\" content=\"\u00abRenovados para la misi\u00f3n\u00bb, t\u00edtulo del himno y lema de la Asamblea, sonar\u00e1 a lo largo de los tres d\u00edas del encuentro que se celebra en \u00c1vila del 30 de abril al 2 de mayo\" \/>\n<meta name=\"robots\" content=\"index, follow, max-snippet:-1, max-image-preview:large, max-video-preview:-1\" \/>\n<link rel=\"canonical\" href=\"https:\/\/www.diocesisciudadrodrigo.org\/blog4\/iglesia-en-castilla-presenta-el-himno-oficial-de-su-asamblea-eclesial-compuesto-por-el-cantautor-zamorano-rogelio-cabado\/\" \/>\n<meta property=\"og:locale\" content=\"es_ES\" \/>\n<meta property=\"og:type\" content=\"article\" \/>\n<meta property=\"og:title\" content=\"Iglesia en Castilla presenta el himno oficial de su Asamblea Eclesial, compuesto por el cantautor zamorano Rogelio Cabado - Di\u00f3cesis de Ciudad Rodrigo\" \/>\n<meta property=\"og:description\" content=\"\u00abRenovados para la misi\u00f3n\u00bb, t\u00edtulo del himno y lema de la Asamblea, sonar\u00e1 a lo largo de los tres d\u00edas del encuentro que se celebra en \u00c1vila del 30 de abril al 2 de mayo\" \/>\n<meta property=\"og:url\" content=\"https:\/\/www.diocesisciudadrodrigo.org\/blog4\/iglesia-en-castilla-presenta-el-himno-oficial-de-su-asamblea-eclesial-compuesto-por-el-cantautor-zamorano-rogelio-cabado\/\" \/>\n<meta property=\"og:site_name\" content=\"Di\u00f3cesis de Ciudad Rodrigo\" \/>\n<meta property=\"article:publisher\" content=\"https:\/\/www.facebook.com\/people\/Dicesis-Ciudad-Rodrigo-MCS\/100076471923419\/#\" \/>\n<meta property=\"article:published_time\" content=\"2026-04-22T10:54:40+00:00\" \/>\n<meta property=\"og:image\" content=\"https:\/\/www.diocesisciudadrodrigo.org\/blog4\/wp-content\/uploads\/2026\/04\/PHOTO-2026-04-22-11-31-40.jpg\" \/>\n\t<meta property=\"og:image:width\" content=\"1600\" \/>\n\t<meta property=\"og:image:height\" content=\"901\" \/>\n\t<meta property=\"og:image:type\" content=\"image\/jpeg\" \/>\n<meta name=\"author\" content=\"medios CR\" \/>\n<meta name=\"twitter:card\" content=\"summary_large_image\" \/>\n<meta name=\"twitter:label1\" content=\"Escrito por\" \/>\n\t<meta name=\"twitter:data1\" content=\"medios CR\" \/>\n\t<meta name=\"twitter:label2\" content=\"Tiempo de lectura\" \/>\n\t<meta name=\"twitter:data2\" content=\"5 minutos\" \/>\n<script type=\"application\/ld+json\" class=\"yoast-schema-graph\">{\"@context\":\"https:\\\/\\\/schema.org\",\"@graph\":[{\"@type\":\"Article\",\"@id\":\"https:\\\/\\\/www.diocesisciudadrodrigo.org\\\/blog4\\\/iglesia-en-castilla-presenta-el-himno-oficial-de-su-asamblea-eclesial-compuesto-por-el-cantautor-zamorano-rogelio-cabado\\\/#article\",\"isPartOf\":{\"@id\":\"https:\\\/\\\/www.diocesisciudadrodrigo.org\\\/blog4\\\/iglesia-en-castilla-presenta-el-himno-oficial-de-su-asamblea-eclesial-compuesto-por-el-cantautor-zamorano-rogelio-cabado\\\/\"},\"author\":{\"name\":\"medios CR\",\"@id\":\"https:\\\/\\\/www.diocesisciudadrodrigo.org\\\/blog4\\\/#\\\/schema\\\/person\\\/5fcf0ca636a75766ff70e6417b6ed052\"},\"headline\":\"Iglesia en Castilla presenta el himno oficial de su Asamblea Eclesial, compuesto por el cantautor zamorano Rogelio Cabado\",\"datePublished\":\"2026-04-22T10:54:40+00:00\",\"mainEntityOfPage\":{\"@id\":\"https:\\\/\\\/www.diocesisciudadrodrigo.org\\\/blog4\\\/iglesia-en-castilla-presenta-el-himno-oficial-de-su-asamblea-eclesial-compuesto-por-el-cantautor-zamorano-rogelio-cabado\\\/\"},\"wordCount\":963,\"publisher\":{\"@id\":\"https:\\\/\\\/www.diocesisciudadrodrigo.org\\\/blog4\\\/#organization\"},\"image\":{\"@id\":\"https:\\\/\\\/www.diocesisciudadrodrigo.org\\\/blog4\\\/iglesia-en-castilla-presenta-el-himno-oficial-de-su-asamblea-eclesial-compuesto-por-el-cantautor-zamorano-rogelio-cabado\\\/#primaryimage\"},\"thumbnailUrl\":\"https:\\\/\\\/www.diocesisciudadrodrigo.org\\\/blog4\\\/wp-content\\\/uploads\\\/2026\\\/04\\\/PHOTO-2026-04-22-11-31-40.jpg\",\"keywords\":[\"Iglesia en Castilla\",\"M\u00fasica\"],\"articleSection\":[\"Noticias\"],\"inLanguage\":\"es\"},{\"@type\":\"WebPage\",\"@id\":\"https:\\\/\\\/www.diocesisciudadrodrigo.org\\\/blog4\\\/iglesia-en-castilla-presenta-el-himno-oficial-de-su-asamblea-eclesial-compuesto-por-el-cantautor-zamorano-rogelio-cabado\\\/\",\"url\":\"https:\\\/\\\/www.diocesisciudadrodrigo.org\\\/blog4\\\/iglesia-en-castilla-presenta-el-himno-oficial-de-su-asamblea-eclesial-compuesto-por-el-cantautor-zamorano-rogelio-cabado\\\/\",\"name\":\"Iglesia en Castilla presenta el himno oficial de su Asamblea Eclesial, compuesto por el cantautor zamorano Rogelio Cabado - Di\u00f3cesis de Ciudad Rodrigo\",\"isPartOf\":{\"@id\":\"https:\\\/\\\/www.diocesisciudadrodrigo.org\\\/blog4\\\/#website\"},\"primaryImageOfPage\":{\"@id\":\"https:\\\/\\\/www.diocesisciudadrodrigo.org\\\/blog4\\\/iglesia-en-castilla-presenta-el-himno-oficial-de-su-asamblea-eclesial-compuesto-por-el-cantautor-zamorano-rogelio-cabado\\\/#primaryimage\"},\"image\":{\"@id\":\"https:\\\/\\\/www.diocesisciudadrodrigo.org\\\/blog4\\\/iglesia-en-castilla-presenta-el-himno-oficial-de-su-asamblea-eclesial-compuesto-por-el-cantautor-zamorano-rogelio-cabado\\\/#primaryimage\"},\"thumbnailUrl\":\"https:\\\/\\\/www.diocesisciudadrodrigo.org\\\/blog4\\\/wp-content\\\/uploads\\\/2026\\\/04\\\/PHOTO-2026-04-22-11-31-40.jpg\",\"datePublished\":\"2026-04-22T10:54:40+00:00\",\"description\":\"\u00abRenovados para la misi\u00f3n\u00bb, t\u00edtulo del himno y lema de la Asamblea, sonar\u00e1 a lo largo de los tres d\u00edas del encuentro que se celebra en \u00c1vila del 30 de abril al 2 de mayo\",\"breadcrumb\":{\"@id\":\"https:\\\/\\\/www.diocesisciudadrodrigo.org\\\/blog4\\\/iglesia-en-castilla-presenta-el-himno-oficial-de-su-asamblea-eclesial-compuesto-por-el-cantautor-zamorano-rogelio-cabado\\\/#breadcrumb\"},\"inLanguage\":\"es\",\"potentialAction\":[{\"@type\":\"ReadAction\",\"target\":[\"https:\\\/\\\/www.diocesisciudadrodrigo.org\\\/blog4\\\/iglesia-en-castilla-presenta-el-himno-oficial-de-su-asamblea-eclesial-compuesto-por-el-cantautor-zamorano-rogelio-cabado\\\/\"]}]},{\"@type\":\"ImageObject\",\"inLanguage\":\"es\",\"@id\":\"https:\\\/\\\/www.diocesisciudadrodrigo.org\\\/blog4\\\/iglesia-en-castilla-presenta-el-himno-oficial-de-su-asamblea-eclesial-compuesto-por-el-cantautor-zamorano-rogelio-cabado\\\/#primaryimage\",\"url\":\"https:\\\/\\\/www.diocesisciudadrodrigo.org\\\/blog4\\\/wp-content\\\/uploads\\\/2026\\\/04\\\/PHOTO-2026-04-22-11-31-40.jpg\",\"contentUrl\":\"https:\\\/\\\/www.diocesisciudadrodrigo.org\\\/blog4\\\/wp-content\\\/uploads\\\/2026\\\/04\\\/PHOTO-2026-04-22-11-31-40.jpg\",\"width\":1600,\"height\":901,\"caption\":\"Caratula presentaci\u00f3n himno Asamblea Eclesial Iglesia en Castilla\"},{\"@type\":\"BreadcrumbList\",\"@id\":\"https:\\\/\\\/www.diocesisciudadrodrigo.org\\\/blog4\\\/iglesia-en-castilla-presenta-el-himno-oficial-de-su-asamblea-eclesial-compuesto-por-el-cantautor-zamorano-rogelio-cabado\\\/#breadcrumb\",\"itemListElement\":[{\"@type\":\"ListItem\",\"position\":1,\"name\":\"Portada\",\"item\":\"https:\\\/\\\/www.diocesisciudadrodrigo.org\\\/blog4\\\/\"},{\"@type\":\"ListItem\",\"position\":2,\"name\":\"Iglesia en Castilla presenta el himno oficial de su Asamblea Eclesial, compuesto por el cantautor zamorano Rogelio Cabado\"}]},{\"@type\":\"WebSite\",\"@id\":\"https:\\\/\\\/www.diocesisciudadrodrigo.org\\\/blog4\\\/#website\",\"url\":\"https:\\\/\\\/www.diocesisciudadrodrigo.org\\\/blog4\\\/\",\"name\":\"Di\u00f3cesis de Ciudad Rodrigo\",\"description\":\"Sitio web oficial de la di\u00f3cesis civitatense\",\"publisher\":{\"@id\":\"https:\\\/\\\/www.diocesisciudadrodrigo.org\\\/blog4\\\/#organization\"},\"potentialAction\":[{\"@type\":\"SearchAction\",\"target\":{\"@type\":\"EntryPoint\",\"urlTemplate\":\"https:\\\/\\\/www.diocesisciudadrodrigo.org\\\/blog4\\\/?s={search_term_string}\"},\"query-input\":{\"@type\":\"PropertyValueSpecification\",\"valueRequired\":true,\"valueName\":\"search_term_string\"}}],\"inLanguage\":\"es\"},{\"@type\":\"Organization\",\"@id\":\"https:\\\/\\\/www.diocesisciudadrodrigo.org\\\/blog4\\\/#organization\",\"name\":\"Di\u00f3cesis de Ciudad Rodrigo\",\"url\":\"https:\\\/\\\/www.diocesisciudadrodrigo.org\\\/blog4\\\/\",\"logo\":{\"@type\":\"ImageObject\",\"inLanguage\":\"es\",\"@id\":\"https:\\\/\\\/www.diocesisciudadrodrigo.org\\\/blog4\\\/#\\\/schema\\\/logo\\\/image\\\/\",\"url\":\"https:\\\/\\\/www.diocesisciudadrodrigo.org\\\/blog4\\\/wp-content\\\/uploads\\\/2024\\\/12\\\/Diocesis.CMYK_-768x480-1.jpg\",\"contentUrl\":\"https:\\\/\\\/www.diocesisciudadrodrigo.org\\\/blog4\\\/wp-content\\\/uploads\\\/2024\\\/12\\\/Diocesis.CMYK_-768x480-1.jpg\",\"width\":768,\"height\":480,\"caption\":\"Di\u00f3cesis de Ciudad Rodrigo\"},\"image\":{\"@id\":\"https:\\\/\\\/www.diocesisciudadrodrigo.org\\\/blog4\\\/#\\\/schema\\\/logo\\\/image\\\/\"},\"sameAs\":[\"https:\\\/\\\/www.facebook.com\\\/people\\\/Dicesis-Ciudad-Rodrigo-MCS\\\/100076471923419\\\/#\"]},{\"@type\":\"Person\",\"@id\":\"https:\\\/\\\/www.diocesisciudadrodrigo.org\\\/blog4\\\/#\\\/schema\\\/person\\\/5fcf0ca636a75766ff70e6417b6ed052\",\"name\":\"medios CR\",\"image\":{\"@type\":\"ImageObject\",\"inLanguage\":\"es\",\"@id\":\"https:\\\/\\\/secure.gravatar.com\\\/avatar\\\/4a619fd0c7e36bd570f4e6e15eb09a2191185d0f63d8dbfdffe848af141ab87e?s=96&d=mm&r=g\",\"url\":\"https:\\\/\\\/secure.gravatar.com\\\/avatar\\\/4a619fd0c7e36bd570f4e6e15eb09a2191185d0f63d8dbfdffe848af141ab87e?s=96&d=mm&r=g\",\"contentUrl\":\"https:\\\/\\\/secure.gravatar.com\\\/avatar\\\/4a619fd0c7e36bd570f4e6e15eb09a2191185d0f63d8dbfdffe848af141ab87e?s=96&d=mm&r=g\",\"caption\":\"medios CR\"},\"url\":\"https:\\\/\\\/www.diocesisciudadrodrigo.org\\\/blog4\\\/author\\\/admin4\\\/\"}]}<\/script>\n<!-- \/ Yoast SEO plugin. -->","yoast_head_json":{"title":"Iglesia en Castilla presenta el himno oficial de su Asamblea Eclesial, compuesto por el cantautor zamorano Rogelio Cabado - Di\u00f3cesis de Ciudad Rodrigo","description":"\u00abRenovados para la misi\u00f3n\u00bb, t\u00edtulo del himno y lema de la Asamblea, sonar\u00e1 a lo largo de los tres d\u00edas del encuentro que se celebra en \u00c1vila del 30 de abril al 2 de mayo","robots":{"index":"index","follow":"follow","max-snippet":"max-snippet:-1","max-image-preview":"max-image-preview:large","max-video-preview":"max-video-preview:-1"},"canonical":"https:\/\/www.diocesisciudadrodrigo.org\/blog4\/iglesia-en-castilla-presenta-el-himno-oficial-de-su-asamblea-eclesial-compuesto-por-el-cantautor-zamorano-rogelio-cabado\/","og_locale":"es_ES","og_type":"article","og_title":"Iglesia en Castilla presenta el himno oficial de su Asamblea Eclesial, compuesto por el cantautor zamorano Rogelio Cabado - Di\u00f3cesis de Ciudad Rodrigo","og_description":"\u00abRenovados para la misi\u00f3n\u00bb, t\u00edtulo del himno y lema de la Asamblea, sonar\u00e1 a lo largo de los tres d\u00edas del encuentro que se celebra en \u00c1vila del 30 de abril al 2 de mayo","og_url":"https:\/\/www.diocesisciudadrodrigo.org\/blog4\/iglesia-en-castilla-presenta-el-himno-oficial-de-su-asamblea-eclesial-compuesto-por-el-cantautor-zamorano-rogelio-cabado\/","og_site_name":"Di\u00f3cesis de Ciudad Rodrigo","article_publisher":"https:\/\/www.facebook.com\/people\/Dicesis-Ciudad-Rodrigo-MCS\/100076471923419\/#","article_published_time":"2026-04-22T10:54:40+00:00","og_image":[{"width":1600,"height":901,"url":"https:\/\/www.diocesisciudadrodrigo.org\/blog4\/wp-content\/uploads\/2026\/04\/PHOTO-2026-04-22-11-31-40.jpg","type":"image\/jpeg"}],"author":"medios CR","twitter_card":"summary_large_image","twitter_misc":{"Escrito por":"medios CR","Tiempo de lectura":"5 minutos"},"schema":{"@context":"https:\/\/schema.org","@graph":[{"@type":"Article","@id":"https:\/\/www.diocesisciudadrodrigo.org\/blog4\/iglesia-en-castilla-presenta-el-himno-oficial-de-su-asamblea-eclesial-compuesto-por-el-cantautor-zamorano-rogelio-cabado\/#article","isPartOf":{"@id":"https:\/\/www.diocesisciudadrodrigo.org\/blog4\/iglesia-en-castilla-presenta-el-himno-oficial-de-su-asamblea-eclesial-compuesto-por-el-cantautor-zamorano-rogelio-cabado\/"},"author":{"name":"medios CR","@id":"https:\/\/www.diocesisciudadrodrigo.org\/blog4\/#\/schema\/person\/5fcf0ca636a75766ff70e6417b6ed052"},"headline":"Iglesia en Castilla presenta el himno oficial de su Asamblea Eclesial, compuesto por el cantautor zamorano Rogelio Cabado","datePublished":"2026-04-22T10:54:40+00:00","mainEntityOfPage":{"@id":"https:\/\/www.diocesisciudadrodrigo.org\/blog4\/iglesia-en-castilla-presenta-el-himno-oficial-de-su-asamblea-eclesial-compuesto-por-el-cantautor-zamorano-rogelio-cabado\/"},"wordCount":963,"publisher":{"@id":"https:\/\/www.diocesisciudadrodrigo.org\/blog4\/#organization"},"image":{"@id":"https:\/\/www.diocesisciudadrodrigo.org\/blog4\/iglesia-en-castilla-presenta-el-himno-oficial-de-su-asamblea-eclesial-compuesto-por-el-cantautor-zamorano-rogelio-cabado\/#primaryimage"},"thumbnailUrl":"https:\/\/www.diocesisciudadrodrigo.org\/blog4\/wp-content\/uploads\/2026\/04\/PHOTO-2026-04-22-11-31-40.jpg","keywords":["Iglesia en Castilla","M\u00fasica"],"articleSection":["Noticias"],"inLanguage":"es"},{"@type":"WebPage","@id":"https:\/\/www.diocesisciudadrodrigo.org\/blog4\/iglesia-en-castilla-presenta-el-himno-oficial-de-su-asamblea-eclesial-compuesto-por-el-cantautor-zamorano-rogelio-cabado\/","url":"https:\/\/www.diocesisciudadrodrigo.org\/blog4\/iglesia-en-castilla-presenta-el-himno-oficial-de-su-asamblea-eclesial-compuesto-por-el-cantautor-zamorano-rogelio-cabado\/","name":"Iglesia en Castilla presenta el himno oficial de su Asamblea Eclesial, compuesto por el cantautor zamorano Rogelio Cabado - Di\u00f3cesis de Ciudad Rodrigo","isPartOf":{"@id":"https:\/\/www.diocesisciudadrodrigo.org\/blog4\/#website"},"primaryImageOfPage":{"@id":"https:\/\/www.diocesisciudadrodrigo.org\/blog4\/iglesia-en-castilla-presenta-el-himno-oficial-de-su-asamblea-eclesial-compuesto-por-el-cantautor-zamorano-rogelio-cabado\/#primaryimage"},"image":{"@id":"https:\/\/www.diocesisciudadrodrigo.org\/blog4\/iglesia-en-castilla-presenta-el-himno-oficial-de-su-asamblea-eclesial-compuesto-por-el-cantautor-zamorano-rogelio-cabado\/#primaryimage"},"thumbnailUrl":"https:\/\/www.diocesisciudadrodrigo.org\/blog4\/wp-content\/uploads\/2026\/04\/PHOTO-2026-04-22-11-31-40.jpg","datePublished":"2026-04-22T10:54:40+00:00","description":"\u00abRenovados para la misi\u00f3n\u00bb, t\u00edtulo del himno y lema de la Asamblea, sonar\u00e1 a lo largo de los tres d\u00edas del encuentro que se celebra en \u00c1vila del 30 de abril al 2 de mayo","breadcrumb":{"@id":"https:\/\/www.diocesisciudadrodrigo.org\/blog4\/iglesia-en-castilla-presenta-el-himno-oficial-de-su-asamblea-eclesial-compuesto-por-el-cantautor-zamorano-rogelio-cabado\/#breadcrumb"},"inLanguage":"es","potentialAction":[{"@type":"ReadAction","target":["https:\/\/www.diocesisciudadrodrigo.org\/blog4\/iglesia-en-castilla-presenta-el-himno-oficial-de-su-asamblea-eclesial-compuesto-por-el-cantautor-zamorano-rogelio-cabado\/"]}]},{"@type":"ImageObject","inLanguage":"es","@id":"https:\/\/www.diocesisciudadrodrigo.org\/blog4\/iglesia-en-castilla-presenta-el-himno-oficial-de-su-asamblea-eclesial-compuesto-por-el-cantautor-zamorano-rogelio-cabado\/#primaryimage","url":"https:\/\/www.diocesisciudadrodrigo.org\/blog4\/wp-content\/uploads\/2026\/04\/PHOTO-2026-04-22-11-31-40.jpg","contentUrl":"https:\/\/www.diocesisciudadrodrigo.org\/blog4\/wp-content\/uploads\/2026\/04\/PHOTO-2026-04-22-11-31-40.jpg","width":1600,"height":901,"caption":"Caratula presentaci\u00f3n himno Asamblea Eclesial Iglesia en Castilla"},{"@type":"BreadcrumbList","@id":"https:\/\/www.diocesisciudadrodrigo.org\/blog4\/iglesia-en-castilla-presenta-el-himno-oficial-de-su-asamblea-eclesial-compuesto-por-el-cantautor-zamorano-rogelio-cabado\/#breadcrumb","itemListElement":[{"@type":"ListItem","position":1,"name":"Portada","item":"https:\/\/www.diocesisciudadrodrigo.org\/blog4\/"},{"@type":"ListItem","position":2,"name":"Iglesia en Castilla presenta el himno oficial de su Asamblea Eclesial, compuesto por el cantautor zamorano Rogelio Cabado"}]},{"@type":"WebSite","@id":"https:\/\/www.diocesisciudadrodrigo.org\/blog4\/#website","url":"https:\/\/www.diocesisciudadrodrigo.org\/blog4\/","name":"Di\u00f3cesis de Ciudad Rodrigo","description":"Sitio web oficial de la di\u00f3cesis civitatense","publisher":{"@id":"https:\/\/www.diocesisciudadrodrigo.org\/blog4\/#organization"},"potentialAction":[{"@type":"SearchAction","target":{"@type":"EntryPoint","urlTemplate":"https:\/\/www.diocesisciudadrodrigo.org\/blog4\/?s={search_term_string}"},"query-input":{"@type":"PropertyValueSpecification","valueRequired":true,"valueName":"search_term_string"}}],"inLanguage":"es"},{"@type":"Organization","@id":"https:\/\/www.diocesisciudadrodrigo.org\/blog4\/#organization","name":"Di\u00f3cesis de Ciudad Rodrigo","url":"https:\/\/www.diocesisciudadrodrigo.org\/blog4\/","logo":{"@type":"ImageObject","inLanguage":"es","@id":"https:\/\/www.diocesisciudadrodrigo.org\/blog4\/#\/schema\/logo\/image\/","url":"https:\/\/www.diocesisciudadrodrigo.org\/blog4\/wp-content\/uploads\/2024\/12\/Diocesis.CMYK_-768x480-1.jpg","contentUrl":"https:\/\/www.diocesisciudadrodrigo.org\/blog4\/wp-content\/uploads\/2024\/12\/Diocesis.CMYK_-768x480-1.jpg","width":768,"height":480,"caption":"Di\u00f3cesis de Ciudad Rodrigo"},"image":{"@id":"https:\/\/www.diocesisciudadrodrigo.org\/blog4\/#\/schema\/logo\/image\/"},"sameAs":["https:\/\/www.facebook.com\/people\/Dicesis-Ciudad-Rodrigo-MCS\/100076471923419\/#"]},{"@type":"Person","@id":"https:\/\/www.diocesisciudadrodrigo.org\/blog4\/#\/schema\/person\/5fcf0ca636a75766ff70e6417b6ed052","name":"medios CR","image":{"@type":"ImageObject","inLanguage":"es","@id":"https:\/\/secure.gravatar.com\/avatar\/4a619fd0c7e36bd570f4e6e15eb09a2191185d0f63d8dbfdffe848af141ab87e?s=96&d=mm&r=g","url":"https:\/\/secure.gravatar.com\/avatar\/4a619fd0c7e36bd570f4e6e15eb09a2191185d0f63d8dbfdffe848af141ab87e?s=96&d=mm&r=g","contentUrl":"https:\/\/secure.gravatar.com\/avatar\/4a619fd0c7e36bd570f4e6e15eb09a2191185d0f63d8dbfdffe848af141ab87e?s=96&d=mm&r=g","caption":"medios CR"},"url":"https:\/\/www.diocesisciudadrodrigo.org\/blog4\/author\/admin4\/"}]}},"_links":{"self":[{"href":"https:\/\/www.diocesisciudadrodrigo.org\/blog4\/wp-json\/wp\/v2\/posts\/43984","targetHints":{"allow":["GET"]}}],"collection":[{"href":"https:\/\/www.diocesisciudadrodrigo.org\/blog4\/wp-json\/wp\/v2\/posts"}],"about":[{"href":"https:\/\/www.diocesisciudadrodrigo.org\/blog4\/wp-json\/wp\/v2\/types\/post"}],"author":[{"embeddable":true,"href":"https:\/\/www.diocesisciudadrodrigo.org\/blog4\/wp-json\/wp\/v2\/users\/1"}],"replies":[{"embeddable":true,"href":"https:\/\/www.diocesisciudadrodrigo.org\/blog4\/wp-json\/wp\/v2\/comments?post=43984"}],"version-history":[{"count":12,"href":"https:\/\/www.diocesisciudadrodrigo.org\/blog4\/wp-json\/wp\/v2\/posts\/43984\/revisions"}],"predecessor-version":[{"id":43997,"href":"https:\/\/www.diocesisciudadrodrigo.org\/blog4\/wp-json\/wp\/v2\/posts\/43984\/revisions\/43997"}],"wp:featuredmedia":[{"embeddable":true,"href":"https:\/\/www.diocesisciudadrodrigo.org\/blog4\/wp-json\/wp\/v2\/media\/43992"}],"wp:attachment":[{"href":"https:\/\/www.diocesisciudadrodrigo.org\/blog4\/wp-json\/wp\/v2\/media?parent=43984"}],"wp:term":[{"taxonomy":"category","embeddable":true,"href":"https:\/\/www.diocesisciudadrodrigo.org\/blog4\/wp-json\/wp\/v2\/categories?post=43984"},{"taxonomy":"post_tag","embeddable":true,"href":"https:\/\/www.diocesisciudadrodrigo.org\/blog4\/wp-json\/wp\/v2\/tags?post=43984"}],"curies":[{"name":"wp","href":"https:\/\/api.w.org\/{rel}","templated":true}]}}