{"id":43947,"date":"2026-04-20T22:25:34","date_gmt":"2026-04-20T20:25:34","guid":{"rendered":"https:\/\/www.diocesisciudadrodrigo.org\/blog4\/?p=43947"},"modified":"2026-04-21T12:03:06","modified_gmt":"2026-04-21T10:03:06","slug":"abiertas-las-inscripciones-definitivas-para-el-viaje-de-jovenes-al-encuentro-con-el-papa-leon-xiv-en-madrid","status":"publish","type":"post","link":"https:\/\/www.diocesisciudadrodrigo.org\/blog4\/abiertas-las-inscripciones-definitivas-para-el-viaje-de-jovenes-al-encuentro-con-el-papa-leon-xiv-en-madrid\/","title":{"rendered":"Abiertas las inscripciones definitivas para el viaje de j\u00f3venes al encuentro con el Papa Le\u00f3n XIV en Madrid"},"content":{"rendered":"\t\t<div data-elementor-type=\"wp-post\" data-elementor-id=\"43947\" class=\"elementor elementor-43947\" data-elementor-settings=\"[]\">\n\t\t\t\t\t\t<div class=\"elementor-inner\">\n\t\t\t\t\t\t\t<div class=\"elementor-section-wrap\">\n\t\t\t\t\t\t\t<section class=\"elementor-section elementor-top-section elementor-element elementor-element-e58f44c elementor-section-boxed elementor-section-height-default elementor-section-height-default\" data-id=\"e58f44c\" data-element_type=\"section\">\n\t\t\t\t\t\t<div class=\"elementor-container elementor-column-gap-default\">\n\t\t\t\t\t\t\t<div class=\"elementor-row\">\n\t\t\t\t\t<div class=\"elementor-column elementor-col-100 elementor-top-column elementor-element elementor-element-d66f6c0\" data-id=\"d66f6c0\" data-element_type=\"column\">\n\t\t\t<div class=\"elementor-column-wrap elementor-element-populated\">\n\t\t\t\t\t\t\t<div class=\"elementor-widget-wrap\">\n\t\t\t\t\t\t<div class=\"elementor-element elementor-element-4e8ac5f elementor-widget elementor-widget-text-editor\" data-id=\"4e8ac5f\" data-element_type=\"widget\" data-widget_type=\"text-editor.default\">\n\t\t\t\t<div class=\"elementor-widget-container\">\n\t\t\t\t\t\t\t\t<div class=\"elementor-text-editor elementor-clearfix\">\n\t\t\t\t<p><a href=\"https:\/\/www.diocesisciudadrodrigo.org\/blog4\/6a8abffe-c517-4434-ae4f-bdb7825c919c\/\" rel=\"attachment wp-att-43952\"><img loading=\"lazy\" decoding=\"async\" class=\"alignright wp-image-43952\" src=\"https:\/\/www.diocesisciudadrodrigo.org\/blog4\/wp-content\/uploads\/2026\/04\/6a8abffe-c517-4434-ae4f-bdb7825c919c.jpg\" alt=\"\" width=\"250\" height=\"354\" srcset=\"https:\/\/www.diocesisciudadrodrigo.org\/blog4\/wp-content\/uploads\/2026\/04\/6a8abffe-c517-4434-ae4f-bdb7825c919c.jpg 1131w, https:\/\/www.diocesisciudadrodrigo.org\/blog4\/wp-content\/uploads\/2026\/04\/6a8abffe-c517-4434-ae4f-bdb7825c919c-707x1000.jpg 707w, https:\/\/www.diocesisciudadrodrigo.org\/blog4\/wp-content\/uploads\/2026\/04\/6a8abffe-c517-4434-ae4f-bdb7825c919c-768x1086.jpg 768w, https:\/\/www.diocesisciudadrodrigo.org\/blog4\/wp-content\/uploads\/2026\/04\/6a8abffe-c517-4434-ae4f-bdb7825c919c-1086x1536.jpg 1086w, https:\/\/www.diocesisciudadrodrigo.org\/blog4\/wp-content\/uploads\/2026\/04\/6a8abffe-c517-4434-ae4f-bdb7825c919c-350x495.jpg 350w\" sizes=\"auto, (max-width: 250px) 100vw, 250px\" \/><\/a><\/p><p>Las di\u00f3cesis de Ciudad Rodrigo y Salamanca han abierto el plazo definitivo de inscripci\u00f3n para el viaje de j\u00f3venes al <strong>encuentro con el papa Le\u00f3n XIV<\/strong>, que tendr\u00e1 lugar los d\u00edas 6 y 7 de junio en Madrid.<\/p><p>Tras el sondeo previo realizado hace unas semanas, se hace ahora un llamamiento a todos los j\u00f3venes que mostraron su inter\u00e9s para que <strong>formalicen su inscripci\u00f3n en esta experiencia<\/strong>, dirigida a j\u00f3venes de entre 18 y 35 a\u00f1os (nacidos entre 1991 y 2008, con los 18 a\u00f1os cumplidos en el momento del encuentro).<\/p><p>El viaje est\u00e1 organizado conjuntamente por ambas di\u00f3cesis, que comparten obispo, Mons. Jos\u00e9 Luis Retana, con el deseo de que los j\u00f3venes vivan unidos este acontecimiento hist\u00f3rico para la Iglesia en Espa\u00f1a. <strong>La propuesta est\u00e1 abierta a j\u00f3venes de parroquias, Pastoral Juvenil, Pastoral Universitaria, movimientos, cofrad\u00edas y otros grupos eclesiales<\/strong>.<\/p><h3>Dos celebraciones<\/h3><p>El programa incluye la participaci\u00f3n en la <strong>vigilia de j\u00f3venes<\/strong>, que se celebrar\u00e1 el s\u00e1bado, 6 de junio, y en <strong>la eucarist\u00eda del Corpus Christi<\/strong>, presidida por el santo padre el domingo, 7 de junio en Madrid.<\/p><p>La inscripci\u00f3n tiene un coste de 50 euros e incluye el transporte, el seguro de responsabilidad, el alojamiento \u2014para el que ser\u00e1 necesario llevar saco y esterilla\u2014, as\u00ed como el desayuno y la comida del domingo. <strong>El plazo para inscribirse finaliza el pr\u00f3ximo 24 de abril<\/strong> a trav\u00e9s del siguiente enlace.<\/p>\t\t\t\t\t<\/div>\n\t\t\t\t\t\t<\/div>\n\t\t\t\t<\/div>\n\t\t\t\t\t\t<\/div>\n\t\t\t\t\t<\/div>\n\t\t<\/div>\n\t\t\t\t\t\t\t\t<\/div>\n\t\t\t\t\t<\/div>\n\t\t<\/section>\n\t\t\t\t<section class=\"elementor-section elementor-top-section elementor-element elementor-element-7cd29c1 elementor-section-boxed elementor-section-height-default elementor-section-height-default\" data-id=\"7cd29c1\" data-element_type=\"section\">\n\t\t\t\t\t\t<div class=\"elementor-container elementor-column-gap-default\">\n\t\t\t\t\t\t\t<div class=\"elementor-row\">\n\t\t\t\t\t<div class=\"elementor-column elementor-col-100 elementor-top-column elementor-element elementor-element-9eec558\" data-id=\"9eec558\" data-element_type=\"column\">\n\t\t\t<div class=\"elementor-column-wrap elementor-element-populated\">\n\t\t\t\t\t\t\t<div class=\"elementor-widget-wrap\">\n\t\t\t\t\t\t<div class=\"elementor-element elementor-element-a535eb6 elementor-align-left elementor-widget elementor-widget-button\" data-id=\"a535eb6\" data-element_type=\"widget\" data-widget_type=\"button.default\">\n\t\t\t\t<div class=\"elementor-widget-container\">\n\t\t\t\t\t<div class=\"elementor-button-wrapper\">\n\t\t\t<a href=\"https:\/\/docs.google.com\/forms\/d\/1Hhn47NPpjFBmVoA0XcUhSpiROTkFfwmSny9NfCPrccU\/edit\" target=\"_blank\" class=\"elementor-button-link elementor-button elementor-size-sm\" role=\"button\">\n\t\t\t\t\t\t<span class=\"elementor-button-content-wrapper\">\n\t\t\t\t\t\t<span class=\"elementor-button-text\">FORMULARIO DE INSCRIPCI\u00d3N<\/span>\n\t\t<\/span>\n\t\t\t\t\t<\/a>\n\t\t<\/div>\n\t\t\t\t<\/div>\n\t\t\t\t<\/div>\n\t\t\t\t\t\t<\/div>\n\t\t\t\t\t<\/div>\n\t\t<\/div>\n\t\t\t\t\t\t\t\t<\/div>\n\t\t\t\t\t<\/div>\n\t\t<\/section>\n\t\t\t\t<section class=\"elementor-section elementor-top-section elementor-element elementor-element-f28f56d elementor-section-boxed elementor-section-height-default elementor-section-height-default\" data-id=\"f28f56d\" data-element_type=\"section\">\n\t\t\t\t\t\t<div class=\"elementor-container elementor-column-gap-default\">\n\t\t\t\t\t\t\t<div class=\"elementor-row\">\n\t\t\t\t\t<div class=\"elementor-column elementor-col-100 elementor-top-column elementor-element elementor-element-5337b74\" data-id=\"5337b74\" data-element_type=\"column\">\n\t\t\t<div class=\"elementor-column-wrap elementor-element-populated\">\n\t\t\t\t\t\t\t<div class=\"elementor-widget-wrap\">\n\t\t\t\t\t\t<div class=\"elementor-element elementor-element-9587904 elementor-widget elementor-widget-text-editor\" data-id=\"9587904\" data-element_type=\"widget\" data-widget_type=\"text-editor.default\">\n\t\t\t\t<div class=\"elementor-widget-container\">\n\t\t\t\t\t\t\t\t<div class=\"elementor-text-editor elementor-clearfix\">\n\t\t\t\t<p>Como preparaci\u00f3n al encuentro, <strong>se organizar\u00e1 una convivencia previa el 30 de mayo, de 10:30 a 13:30 horas<\/strong>, pensada para que los participantes puedan conocerse y comenzar a vivir juntos esta experiencia antes del viaje.<\/p>\t\t\t\t\t<\/div>\n\t\t\t\t\t\t<\/div>\n\t\t\t\t<\/div>\n\t\t\t\t\t\t<\/div>\n\t\t\t\t\t<\/div>\n\t\t<\/div>\n\t\t\t\t\t\t\t\t<\/div>\n\t\t\t\t\t<\/div>\n\t\t<\/section>\n\t\t\t\t\t\t<\/div>\n\t\t\t\t\t\t<\/div>\n\t\t\t\t\t<\/div>\n\t\t","protected":false},"excerpt":{"rendered":"<p>Las di\u00f3cesis de Ciudad Rodrigo y Salamanca organizan la participaci\u00f3n de j\u00f3venes de 18 a 35 a\u00f1os en la vigilia del 6 de junio y la misa del Corpus el d\u00eda 7<\/p>\n","protected":false},"author":1,"featured_media":43959,"comment_status":"closed","ping_status":"closed","sticky":false,"template":"","format":"standard","meta":{"footnotes":""},"categories":[6],"tags":[59,56],"class_list":["post-43947","post","type-post","status-publish","format-standard","has-post-thumbnail","hentry","category-noticias","tag-papa-leon-xiv","tag-pastoral-juvenil","masonry-post","generate-columns","tablet-grid-50","mobile-grid-100","grid-parent","grid-50"],"yoast_head":"<!-- This site is optimized with the Yoast SEO plugin v27.3 - https:\/\/yoast.com\/product\/yoast-seo-wordpress\/ -->\n<title>Abiertas las inscripciones definitivas para el viaje de j\u00f3venes al encuentro con el Papa Le\u00f3n XIV en Madrid - Di\u00f3cesis de Ciudad Rodrigo<\/title>\n<meta name=\"description\" content=\"Las di\u00f3cesis de Ciudad Rodrigo y Salamanca organizan la participaci\u00f3n de j\u00f3venes de 18 a 35 a\u00f1os en la vigilia del 6 de junio y la misa del Corpus el d\u00eda 7\" \/>\n<meta name=\"robots\" content=\"index, follow, max-snippet:-1, max-image-preview:large, max-video-preview:-1\" \/>\n<link rel=\"canonical\" href=\"https:\/\/www.diocesisciudadrodrigo.org\/blog4\/abiertas-las-inscripciones-definitivas-para-el-viaje-de-jovenes-al-encuentro-con-el-papa-leon-xiv-en-madrid\/\" \/>\n<meta property=\"og:locale\" content=\"es_ES\" \/>\n<meta property=\"og:type\" content=\"article\" \/>\n<meta property=\"og:title\" content=\"Abiertas las inscripciones definitivas para el viaje de j\u00f3venes al encuentro con el Papa Le\u00f3n XIV en Madrid - Di\u00f3cesis de Ciudad Rodrigo\" \/>\n<meta property=\"og:description\" content=\"Las di\u00f3cesis de Ciudad Rodrigo y Salamanca organizan la participaci\u00f3n de j\u00f3venes de 18 a 35 a\u00f1os en la vigilia del 6 de junio y la misa del Corpus el d\u00eda 7\" \/>\n<meta property=\"og:url\" content=\"https:\/\/www.diocesisciudadrodrigo.org\/blog4\/abiertas-las-inscripciones-definitivas-para-el-viaje-de-jovenes-al-encuentro-con-el-papa-leon-xiv-en-madrid\/\" \/>\n<meta property=\"og:site_name\" content=\"Di\u00f3cesis de Ciudad Rodrigo\" \/>\n<meta property=\"article:publisher\" content=\"https:\/\/www.facebook.com\/people\/Dicesis-Ciudad-Rodrigo-MCS\/100076471923419\/#\" \/>\n<meta property=\"article:published_time\" content=\"2026-04-20T20:25:34+00:00\" \/>\n<meta property=\"article:modified_time\" content=\"2026-04-21T10:03:06+00:00\" \/>\n<meta property=\"og:image\" content=\"https:\/\/www.diocesisciudadrodrigo.org\/blog4\/wp-content\/uploads\/2026\/04\/freepik_redimensionar_2827431450.jpeg\" \/>\n\t<meta property=\"og:image:width\" content=\"1344\" \/>\n\t<meta property=\"og:image:height\" content=\"768\" \/>\n\t<meta property=\"og:image:type\" content=\"image\/jpeg\" \/>\n<meta name=\"author\" content=\"medios CR\" \/>\n<meta name=\"twitter:card\" content=\"summary_large_image\" \/>\n<meta name=\"twitter:label1\" content=\"Escrito por\" \/>\n\t<meta name=\"twitter:data1\" content=\"medios CR\" \/>\n\t<meta name=\"twitter:label2\" content=\"Tiempo de lectura\" \/>\n\t<meta name=\"twitter:data2\" content=\"2 minutos\" \/>\n<script type=\"application\/ld+json\" class=\"yoast-schema-graph\">{\"@context\":\"https:\\\/\\\/schema.org\",\"@graph\":[{\"@type\":\"Article\",\"@id\":\"https:\\\/\\\/www.diocesisciudadrodrigo.org\\\/blog4\\\/abiertas-las-inscripciones-definitivas-para-el-viaje-de-jovenes-al-encuentro-con-el-papa-leon-xiv-en-madrid\\\/#article\",\"isPartOf\":{\"@id\":\"https:\\\/\\\/www.diocesisciudadrodrigo.org\\\/blog4\\\/abiertas-las-inscripciones-definitivas-para-el-viaje-de-jovenes-al-encuentro-con-el-papa-leon-xiv-en-madrid\\\/\"},\"author\":{\"name\":\"medios CR\",\"@id\":\"https:\\\/\\\/www.diocesisciudadrodrigo.org\\\/blog4\\\/#\\\/schema\\\/person\\\/5fcf0ca636a75766ff70e6417b6ed052\"},\"headline\":\"Abiertas las inscripciones definitivas para el viaje de j\u00f3venes al encuentro con el Papa Le\u00f3n XIV en Madrid\",\"datePublished\":\"2026-04-20T20:25:34+00:00\",\"dateModified\":\"2026-04-21T10:03:06+00:00\",\"mainEntityOfPage\":{\"@id\":\"https:\\\/\\\/www.diocesisciudadrodrigo.org\\\/blog4\\\/abiertas-las-inscripciones-definitivas-para-el-viaje-de-jovenes-al-encuentro-con-el-papa-leon-xiv-en-madrid\\\/\"},\"wordCount\":301,\"publisher\":{\"@id\":\"https:\\\/\\\/www.diocesisciudadrodrigo.org\\\/blog4\\\/#organization\"},\"image\":{\"@id\":\"https:\\\/\\\/www.diocesisciudadrodrigo.org\\\/blog4\\\/abiertas-las-inscripciones-definitivas-para-el-viaje-de-jovenes-al-encuentro-con-el-papa-leon-xiv-en-madrid\\\/#primaryimage\"},\"thumbnailUrl\":\"https:\\\/\\\/www.diocesisciudadrodrigo.org\\\/blog4\\\/wp-content\\\/uploads\\\/2026\\\/04\\\/freepik_redimensionar_2827431450.jpeg\",\"keywords\":[\"Papa Le\u00f3n XIV\",\"Pastoral juvenil\"],\"articleSection\":[\"Noticias\"],\"inLanguage\":\"es\"},{\"@type\":\"WebPage\",\"@id\":\"https:\\\/\\\/www.diocesisciudadrodrigo.org\\\/blog4\\\/abiertas-las-inscripciones-definitivas-para-el-viaje-de-jovenes-al-encuentro-con-el-papa-leon-xiv-en-madrid\\\/\",\"url\":\"https:\\\/\\\/www.diocesisciudadrodrigo.org\\\/blog4\\\/abiertas-las-inscripciones-definitivas-para-el-viaje-de-jovenes-al-encuentro-con-el-papa-leon-xiv-en-madrid\\\/\",\"name\":\"Abiertas las inscripciones definitivas para el viaje de j\u00f3venes al encuentro con el Papa Le\u00f3n XIV en Madrid - Di\u00f3cesis de Ciudad Rodrigo\",\"isPartOf\":{\"@id\":\"https:\\\/\\\/www.diocesisciudadrodrigo.org\\\/blog4\\\/#website\"},\"primaryImageOfPage\":{\"@id\":\"https:\\\/\\\/www.diocesisciudadrodrigo.org\\\/blog4\\\/abiertas-las-inscripciones-definitivas-para-el-viaje-de-jovenes-al-encuentro-con-el-papa-leon-xiv-en-madrid\\\/#primaryimage\"},\"image\":{\"@id\":\"https:\\\/\\\/www.diocesisciudadrodrigo.org\\\/blog4\\\/abiertas-las-inscripciones-definitivas-para-el-viaje-de-jovenes-al-encuentro-con-el-papa-leon-xiv-en-madrid\\\/#primaryimage\"},\"thumbnailUrl\":\"https:\\\/\\\/www.diocesisciudadrodrigo.org\\\/blog4\\\/wp-content\\\/uploads\\\/2026\\\/04\\\/freepik_redimensionar_2827431450.jpeg\",\"datePublished\":\"2026-04-20T20:25:34+00:00\",\"dateModified\":\"2026-04-21T10:03:06+00:00\",\"description\":\"Las di\u00f3cesis de Ciudad Rodrigo y Salamanca organizan la participaci\u00f3n de j\u00f3venes de 18 a 35 a\u00f1os en la vigilia del 6 de junio y la misa del Corpus el d\u00eda 7\",\"breadcrumb\":{\"@id\":\"https:\\\/\\\/www.diocesisciudadrodrigo.org\\\/blog4\\\/abiertas-las-inscripciones-definitivas-para-el-viaje-de-jovenes-al-encuentro-con-el-papa-leon-xiv-en-madrid\\\/#breadcrumb\"},\"inLanguage\":\"es\",\"potentialAction\":[{\"@type\":\"ReadAction\",\"target\":[\"https:\\\/\\\/www.diocesisciudadrodrigo.org\\\/blog4\\\/abiertas-las-inscripciones-definitivas-para-el-viaje-de-jovenes-al-encuentro-con-el-papa-leon-xiv-en-madrid\\\/\"]}]},{\"@type\":\"ImageObject\",\"inLanguage\":\"es\",\"@id\":\"https:\\\/\\\/www.diocesisciudadrodrigo.org\\\/blog4\\\/abiertas-las-inscripciones-definitivas-para-el-viaje-de-jovenes-al-encuentro-con-el-papa-leon-xiv-en-madrid\\\/#primaryimage\",\"url\":\"https:\\\/\\\/www.diocesisciudadrodrigo.org\\\/blog4\\\/wp-content\\\/uploads\\\/2026\\\/04\\\/freepik_redimensionar_2827431450.jpeg\",\"contentUrl\":\"https:\\\/\\\/www.diocesisciudadrodrigo.org\\\/blog4\\\/wp-content\\\/uploads\\\/2026\\\/04\\\/freepik_redimensionar_2827431450.jpeg\",\"width\":1344,\"height\":768,\"caption\":\"El viaje de j\u00f3venes al encuentro con el Papa Le\u00f3n XIV\"},{\"@type\":\"BreadcrumbList\",\"@id\":\"https:\\\/\\\/www.diocesisciudadrodrigo.org\\\/blog4\\\/abiertas-las-inscripciones-definitivas-para-el-viaje-de-jovenes-al-encuentro-con-el-papa-leon-xiv-en-madrid\\\/#breadcrumb\",\"itemListElement\":[{\"@type\":\"ListItem\",\"position\":1,\"name\":\"Portada\",\"item\":\"https:\\\/\\\/www.diocesisciudadrodrigo.org\\\/blog4\\\/\"},{\"@type\":\"ListItem\",\"position\":2,\"name\":\"Abiertas las inscripciones definitivas para el viaje de j\u00f3venes al encuentro con el Papa Le\u00f3n XIV en Madrid\"}]},{\"@type\":\"WebSite\",\"@id\":\"https:\\\/\\\/www.diocesisciudadrodrigo.org\\\/blog4\\\/#website\",\"url\":\"https:\\\/\\\/www.diocesisciudadrodrigo.org\\\/blog4\\\/\",\"name\":\"Di\u00f3cesis de Ciudad Rodrigo\",\"description\":\"Sitio web oficial de la di\u00f3cesis civitatense\",\"publisher\":{\"@id\":\"https:\\\/\\\/www.diocesisciudadrodrigo.org\\\/blog4\\\/#organization\"},\"potentialAction\":[{\"@type\":\"SearchAction\",\"target\":{\"@type\":\"EntryPoint\",\"urlTemplate\":\"https:\\\/\\\/www.diocesisciudadrodrigo.org\\\/blog4\\\/?s={search_term_string}\"},\"query-input\":{\"@type\":\"PropertyValueSpecification\",\"valueRequired\":true,\"valueName\":\"search_term_string\"}}],\"inLanguage\":\"es\"},{\"@type\":\"Organization\",\"@id\":\"https:\\\/\\\/www.diocesisciudadrodrigo.org\\\/blog4\\\/#organization\",\"name\":\"Di\u00f3cesis de Ciudad Rodrigo\",\"url\":\"https:\\\/\\\/www.diocesisciudadrodrigo.org\\\/blog4\\\/\",\"logo\":{\"@type\":\"ImageObject\",\"inLanguage\":\"es\",\"@id\":\"https:\\\/\\\/www.diocesisciudadrodrigo.org\\\/blog4\\\/#\\\/schema\\\/logo\\\/image\\\/\",\"url\":\"https:\\\/\\\/www.diocesisciudadrodrigo.org\\\/blog4\\\/wp-content\\\/uploads\\\/2024\\\/12\\\/Diocesis.CMYK_-768x480-1.jpg\",\"contentUrl\":\"https:\\\/\\\/www.diocesisciudadrodrigo.org\\\/blog4\\\/wp-content\\\/uploads\\\/2024\\\/12\\\/Diocesis.CMYK_-768x480-1.jpg\",\"width\":768,\"height\":480,\"caption\":\"Di\u00f3cesis de Ciudad Rodrigo\"},\"image\":{\"@id\":\"https:\\\/\\\/www.diocesisciudadrodrigo.org\\\/blog4\\\/#\\\/schema\\\/logo\\\/image\\\/\"},\"sameAs\":[\"https:\\\/\\\/www.facebook.com\\\/people\\\/Dicesis-Ciudad-Rodrigo-MCS\\\/100076471923419\\\/#\"]},{\"@type\":\"Person\",\"@id\":\"https:\\\/\\\/www.diocesisciudadrodrigo.org\\\/blog4\\\/#\\\/schema\\\/person\\\/5fcf0ca636a75766ff70e6417b6ed052\",\"name\":\"medios CR\",\"image\":{\"@type\":\"ImageObject\",\"inLanguage\":\"es\",\"@id\":\"https:\\\/\\\/secure.gravatar.com\\\/avatar\\\/4a619fd0c7e36bd570f4e6e15eb09a2191185d0f63d8dbfdffe848af141ab87e?s=96&d=mm&r=g\",\"url\":\"https:\\\/\\\/secure.gravatar.com\\\/avatar\\\/4a619fd0c7e36bd570f4e6e15eb09a2191185d0f63d8dbfdffe848af141ab87e?s=96&d=mm&r=g\",\"contentUrl\":\"https:\\\/\\\/secure.gravatar.com\\\/avatar\\\/4a619fd0c7e36bd570f4e6e15eb09a2191185d0f63d8dbfdffe848af141ab87e?s=96&d=mm&r=g\",\"caption\":\"medios CR\"},\"url\":\"https:\\\/\\\/www.diocesisciudadrodrigo.org\\\/blog4\\\/author\\\/admin4\\\/\"}]}<\/script>\n<!-- \/ Yoast SEO plugin. -->","yoast_head_json":{"title":"Abiertas las inscripciones definitivas para el viaje de j\u00f3venes al encuentro con el Papa Le\u00f3n XIV en Madrid - Di\u00f3cesis de Ciudad Rodrigo","description":"Las di\u00f3cesis de Ciudad Rodrigo y Salamanca organizan la participaci\u00f3n de j\u00f3venes de 18 a 35 a\u00f1os en la vigilia del 6 de junio y la misa del Corpus el d\u00eda 7","robots":{"index":"index","follow":"follow","max-snippet":"max-snippet:-1","max-image-preview":"max-image-preview:large","max-video-preview":"max-video-preview:-1"},"canonical":"https:\/\/www.diocesisciudadrodrigo.org\/blog4\/abiertas-las-inscripciones-definitivas-para-el-viaje-de-jovenes-al-encuentro-con-el-papa-leon-xiv-en-madrid\/","og_locale":"es_ES","og_type":"article","og_title":"Abiertas las inscripciones definitivas para el viaje de j\u00f3venes al encuentro con el Papa Le\u00f3n XIV en Madrid - Di\u00f3cesis de Ciudad Rodrigo","og_description":"Las di\u00f3cesis de Ciudad Rodrigo y Salamanca organizan la participaci\u00f3n de j\u00f3venes de 18 a 35 a\u00f1os en la vigilia del 6 de junio y la misa del Corpus el d\u00eda 7","og_url":"https:\/\/www.diocesisciudadrodrigo.org\/blog4\/abiertas-las-inscripciones-definitivas-para-el-viaje-de-jovenes-al-encuentro-con-el-papa-leon-xiv-en-madrid\/","og_site_name":"Di\u00f3cesis de Ciudad Rodrigo","article_publisher":"https:\/\/www.facebook.com\/people\/Dicesis-Ciudad-Rodrigo-MCS\/100076471923419\/#","article_published_time":"2026-04-20T20:25:34+00:00","article_modified_time":"2026-04-21T10:03:06+00:00","og_image":[{"width":1344,"height":768,"url":"https:\/\/www.diocesisciudadrodrigo.org\/blog4\/wp-content\/uploads\/2026\/04\/freepik_redimensionar_2827431450.jpeg","type":"image\/jpeg"}],"author":"medios CR","twitter_card":"summary_large_image","twitter_misc":{"Escrito por":"medios CR","Tiempo de lectura":"2 minutos"},"schema":{"@context":"https:\/\/schema.org","@graph":[{"@type":"Article","@id":"https:\/\/www.diocesisciudadrodrigo.org\/blog4\/abiertas-las-inscripciones-definitivas-para-el-viaje-de-jovenes-al-encuentro-con-el-papa-leon-xiv-en-madrid\/#article","isPartOf":{"@id":"https:\/\/www.diocesisciudadrodrigo.org\/blog4\/abiertas-las-inscripciones-definitivas-para-el-viaje-de-jovenes-al-encuentro-con-el-papa-leon-xiv-en-madrid\/"},"author":{"name":"medios CR","@id":"https:\/\/www.diocesisciudadrodrigo.org\/blog4\/#\/schema\/person\/5fcf0ca636a75766ff70e6417b6ed052"},"headline":"Abiertas las inscripciones definitivas para el viaje de j\u00f3venes al encuentro con el Papa Le\u00f3n XIV en Madrid","datePublished":"2026-04-20T20:25:34+00:00","dateModified":"2026-04-21T10:03:06+00:00","mainEntityOfPage":{"@id":"https:\/\/www.diocesisciudadrodrigo.org\/blog4\/abiertas-las-inscripciones-definitivas-para-el-viaje-de-jovenes-al-encuentro-con-el-papa-leon-xiv-en-madrid\/"},"wordCount":301,"publisher":{"@id":"https:\/\/www.diocesisciudadrodrigo.org\/blog4\/#organization"},"image":{"@id":"https:\/\/www.diocesisciudadrodrigo.org\/blog4\/abiertas-las-inscripciones-definitivas-para-el-viaje-de-jovenes-al-encuentro-con-el-papa-leon-xiv-en-madrid\/#primaryimage"},"thumbnailUrl":"https:\/\/www.diocesisciudadrodrigo.org\/blog4\/wp-content\/uploads\/2026\/04\/freepik_redimensionar_2827431450.jpeg","keywords":["Papa Le\u00f3n XIV","Pastoral juvenil"],"articleSection":["Noticias"],"inLanguage":"es"},{"@type":"WebPage","@id":"https:\/\/www.diocesisciudadrodrigo.org\/blog4\/abiertas-las-inscripciones-definitivas-para-el-viaje-de-jovenes-al-encuentro-con-el-papa-leon-xiv-en-madrid\/","url":"https:\/\/www.diocesisciudadrodrigo.org\/blog4\/abiertas-las-inscripciones-definitivas-para-el-viaje-de-jovenes-al-encuentro-con-el-papa-leon-xiv-en-madrid\/","name":"Abiertas las inscripciones definitivas para el viaje de j\u00f3venes al encuentro con el Papa Le\u00f3n XIV en Madrid - Di\u00f3cesis de Ciudad Rodrigo","isPartOf":{"@id":"https:\/\/www.diocesisciudadrodrigo.org\/blog4\/#website"},"primaryImageOfPage":{"@id":"https:\/\/www.diocesisciudadrodrigo.org\/blog4\/abiertas-las-inscripciones-definitivas-para-el-viaje-de-jovenes-al-encuentro-con-el-papa-leon-xiv-en-madrid\/#primaryimage"},"image":{"@id":"https:\/\/www.diocesisciudadrodrigo.org\/blog4\/abiertas-las-inscripciones-definitivas-para-el-viaje-de-jovenes-al-encuentro-con-el-papa-leon-xiv-en-madrid\/#primaryimage"},"thumbnailUrl":"https:\/\/www.diocesisciudadrodrigo.org\/blog4\/wp-content\/uploads\/2026\/04\/freepik_redimensionar_2827431450.jpeg","datePublished":"2026-04-20T20:25:34+00:00","dateModified":"2026-04-21T10:03:06+00:00","description":"Las di\u00f3cesis de Ciudad Rodrigo y Salamanca organizan la participaci\u00f3n de j\u00f3venes de 18 a 35 a\u00f1os en la vigilia del 6 de junio y la misa del Corpus el d\u00eda 7","breadcrumb":{"@id":"https:\/\/www.diocesisciudadrodrigo.org\/blog4\/abiertas-las-inscripciones-definitivas-para-el-viaje-de-jovenes-al-encuentro-con-el-papa-leon-xiv-en-madrid\/#breadcrumb"},"inLanguage":"es","potentialAction":[{"@type":"ReadAction","target":["https:\/\/www.diocesisciudadrodrigo.org\/blog4\/abiertas-las-inscripciones-definitivas-para-el-viaje-de-jovenes-al-encuentro-con-el-papa-leon-xiv-en-madrid\/"]}]},{"@type":"ImageObject","inLanguage":"es","@id":"https:\/\/www.diocesisciudadrodrigo.org\/blog4\/abiertas-las-inscripciones-definitivas-para-el-viaje-de-jovenes-al-encuentro-con-el-papa-leon-xiv-en-madrid\/#primaryimage","url":"https:\/\/www.diocesisciudadrodrigo.org\/blog4\/wp-content\/uploads\/2026\/04\/freepik_redimensionar_2827431450.jpeg","contentUrl":"https:\/\/www.diocesisciudadrodrigo.org\/blog4\/wp-content\/uploads\/2026\/04\/freepik_redimensionar_2827431450.jpeg","width":1344,"height":768,"caption":"El viaje de j\u00f3venes al encuentro con el Papa Le\u00f3n XIV"},{"@type":"BreadcrumbList","@id":"https:\/\/www.diocesisciudadrodrigo.org\/blog4\/abiertas-las-inscripciones-definitivas-para-el-viaje-de-jovenes-al-encuentro-con-el-papa-leon-xiv-en-madrid\/#breadcrumb","itemListElement":[{"@type":"ListItem","position":1,"name":"Portada","item":"https:\/\/www.diocesisciudadrodrigo.org\/blog4\/"},{"@type":"ListItem","position":2,"name":"Abiertas las inscripciones definitivas para el viaje de j\u00f3venes al encuentro con el Papa Le\u00f3n XIV en Madrid"}]},{"@type":"WebSite","@id":"https:\/\/www.diocesisciudadrodrigo.org\/blog4\/#website","url":"https:\/\/www.diocesisciudadrodrigo.org\/blog4\/","name":"Di\u00f3cesis de Ciudad Rodrigo","description":"Sitio web oficial de la di\u00f3cesis civitatense","publisher":{"@id":"https:\/\/www.diocesisciudadrodrigo.org\/blog4\/#organization"},"potentialAction":[{"@type":"SearchAction","target":{"@type":"EntryPoint","urlTemplate":"https:\/\/www.diocesisciudadrodrigo.org\/blog4\/?s={search_term_string}"},"query-input":{"@type":"PropertyValueSpecification","valueRequired":true,"valueName":"search_term_string"}}],"inLanguage":"es"},{"@type":"Organization","@id":"https:\/\/www.diocesisciudadrodrigo.org\/blog4\/#organization","name":"Di\u00f3cesis de Ciudad Rodrigo","url":"https:\/\/www.diocesisciudadrodrigo.org\/blog4\/","logo":{"@type":"ImageObject","inLanguage":"es","@id":"https:\/\/www.diocesisciudadrodrigo.org\/blog4\/#\/schema\/logo\/image\/","url":"https:\/\/www.diocesisciudadrodrigo.org\/blog4\/wp-content\/uploads\/2024\/12\/Diocesis.CMYK_-768x480-1.jpg","contentUrl":"https:\/\/www.diocesisciudadrodrigo.org\/blog4\/wp-content\/uploads\/2024\/12\/Diocesis.CMYK_-768x480-1.jpg","width":768,"height":480,"caption":"Di\u00f3cesis de Ciudad Rodrigo"},"image":{"@id":"https:\/\/www.diocesisciudadrodrigo.org\/blog4\/#\/schema\/logo\/image\/"},"sameAs":["https:\/\/www.facebook.com\/people\/Dicesis-Ciudad-Rodrigo-MCS\/100076471923419\/#"]},{"@type":"Person","@id":"https:\/\/www.diocesisciudadrodrigo.org\/blog4\/#\/schema\/person\/5fcf0ca636a75766ff70e6417b6ed052","name":"medios CR","image":{"@type":"ImageObject","inLanguage":"es","@id":"https:\/\/secure.gravatar.com\/avatar\/4a619fd0c7e36bd570f4e6e15eb09a2191185d0f63d8dbfdffe848af141ab87e?s=96&d=mm&r=g","url":"https:\/\/secure.gravatar.com\/avatar\/4a619fd0c7e36bd570f4e6e15eb09a2191185d0f63d8dbfdffe848af141ab87e?s=96&d=mm&r=g","contentUrl":"https:\/\/secure.gravatar.com\/avatar\/4a619fd0c7e36bd570f4e6e15eb09a2191185d0f63d8dbfdffe848af141ab87e?s=96&d=mm&r=g","caption":"medios CR"},"url":"https:\/\/www.diocesisciudadrodrigo.org\/blog4\/author\/admin4\/"}]}},"_links":{"self":[{"href":"https:\/\/www.diocesisciudadrodrigo.org\/blog4\/wp-json\/wp\/v2\/posts\/43947","targetHints":{"allow":["GET"]}}],"collection":[{"href":"https:\/\/www.diocesisciudadrodrigo.org\/blog4\/wp-json\/wp\/v2\/posts"}],"about":[{"href":"https:\/\/www.diocesisciudadrodrigo.org\/blog4\/wp-json\/wp\/v2\/types\/post"}],"author":[{"embeddable":true,"href":"https:\/\/www.diocesisciudadrodrigo.org\/blog4\/wp-json\/wp\/v2\/users\/1"}],"replies":[{"embeddable":true,"href":"https:\/\/www.diocesisciudadrodrigo.org\/blog4\/wp-json\/wp\/v2\/comments?post=43947"}],"version-history":[{"count":17,"href":"https:\/\/www.diocesisciudadrodrigo.org\/blog4\/wp-json\/wp\/v2\/posts\/43947\/revisions"}],"predecessor-version":[{"id":43967,"href":"https:\/\/www.diocesisciudadrodrigo.org\/blog4\/wp-json\/wp\/v2\/posts\/43947\/revisions\/43967"}],"wp:featuredmedia":[{"embeddable":true,"href":"https:\/\/www.diocesisciudadrodrigo.org\/blog4\/wp-json\/wp\/v2\/media\/43959"}],"wp:attachment":[{"href":"https:\/\/www.diocesisciudadrodrigo.org\/blog4\/wp-json\/wp\/v2\/media?parent=43947"}],"wp:term":[{"taxonomy":"category","embeddable":true,"href":"https:\/\/www.diocesisciudadrodrigo.org\/blog4\/wp-json\/wp\/v2\/categories?post=43947"},{"taxonomy":"post_tag","embeddable":true,"href":"https:\/\/www.diocesisciudadrodrigo.org\/blog4\/wp-json\/wp\/v2\/tags?post=43947"}],"curies":[{"name":"wp","href":"https:\/\/api.w.org\/{rel}","templated":true}]}}