{"id":43938,"date":"2026-04-20T22:02:05","date_gmt":"2026-04-20T20:02:05","guid":{"rendered":"https:\/\/www.diocesisciudadrodrigo.org\/blog4\/?p=43938"},"modified":"2026-04-20T22:45:45","modified_gmt":"2026-04-20T20:45:45","slug":"el-obispo-confiere-el-sacramento-de-la-confirmacion-a-8-jovenes-en-navasfrias-y-bautiza-a-una-de-ellas","status":"publish","type":"post","link":"https:\/\/www.diocesisciudadrodrigo.org\/blog4\/el-obispo-confiere-el-sacramento-de-la-confirmacion-a-8-jovenes-en-navasfrias-y-bautiza-a-una-de-ellas\/","title":{"rendered":"El obispo confiere el sacramento de la confirmaci\u00f3n a 8 j\u00f3venes en Navasfr\u00edas y bautiza a una de ellas"},"content":{"rendered":"\t\t<div data-elementor-type=\"wp-post\" data-elementor-id=\"43938\" class=\"elementor elementor-43938\" data-elementor-settings=\"[]\">\n\t\t\t\t\t\t<div class=\"elementor-inner\">\n\t\t\t\t\t\t\t<div class=\"elementor-section-wrap\">\n\t\t\t\t\t\t\t<section class=\"elementor-section elementor-top-section elementor-element elementor-element-49a2b92 elementor-section-boxed elementor-section-height-default elementor-section-height-default\" data-id=\"49a2b92\" data-element_type=\"section\">\n\t\t\t\t\t\t<div class=\"elementor-container elementor-column-gap-default\">\n\t\t\t\t\t\t\t<div class=\"elementor-row\">\n\t\t\t\t\t<div class=\"elementor-column elementor-col-100 elementor-top-column elementor-element elementor-element-51665f3\" data-id=\"51665f3\" data-element_type=\"column\">\n\t\t\t<div class=\"elementor-column-wrap elementor-element-populated\">\n\t\t\t\t\t\t\t<div class=\"elementor-widget-wrap\">\n\t\t\t\t\t\t<div class=\"elementor-element elementor-element-c9b2037 elementor-widget elementor-widget-image\" data-id=\"c9b2037\" data-element_type=\"widget\" data-widget_type=\"image.default\">\n\t\t\t\t<div class=\"elementor-widget-container\">\n\t\t\t\t\t\t\t\t<div class=\"elementor-image\">\n\t\t\t\t\t\t\t\t\t<figure class=\"wp-caption\">\n\t\t\t\t\t\t\t\t\t\t<img loading=\"lazy\" decoding=\"async\" width=\"1200\" height=\"675\" src=\"https:\/\/www.diocesisciudadrodrigo.org\/blog4\/wp-content\/uploads\/2026\/04\/ce5cb4dc-5539-4a59-b24a-67f643d6e690.jpg\" class=\"attachment-large size-large\" alt=\"Jovenes confirmandos de Navasfrias\" srcset=\"https:\/\/www.diocesisciudadrodrigo.org\/blog4\/wp-content\/uploads\/2026\/04\/ce5cb4dc-5539-4a59-b24a-67f643d6e690.jpg 1365w, https:\/\/www.diocesisciudadrodrigo.org\/blog4\/wp-content\/uploads\/2026\/04\/ce5cb4dc-5539-4a59-b24a-67f643d6e690-1000x563.jpg 1000w, https:\/\/www.diocesisciudadrodrigo.org\/blog4\/wp-content\/uploads\/2026\/04\/ce5cb4dc-5539-4a59-b24a-67f643d6e690-768x432.jpg 768w, https:\/\/www.diocesisciudadrodrigo.org\/blog4\/wp-content\/uploads\/2026\/04\/ce5cb4dc-5539-4a59-b24a-67f643d6e690-350x197.jpg 350w\" sizes=\"auto, (max-width: 1200px) 100vw, 1200px\" \/>\t\t\t\t\t\t\t\t\t\t\t<figcaption class=\"widget-image-caption wp-caption-text\">El obispo tras la celebraci\u00f3n de la confirmaci\u00f3n de 8 j\u00f3venes en Navasfr\u00edas. <\/figcaption>\n\t\t\t\t\t\t\t\t\t\t<\/figure>\n\t\t\t\t\t\t\t\t<\/div>\n\t\t\t\t\t\t<\/div>\n\t\t\t\t<\/div>\n\t\t\t\t\t\t<\/div>\n\t\t\t\t\t<\/div>\n\t\t<\/div>\n\t\t\t\t\t\t\t\t<\/div>\n\t\t\t\t\t<\/div>\n\t\t<\/section>\n\t\t\t\t<section class=\"elementor-section elementor-top-section elementor-element elementor-element-dbbc882 elementor-section-boxed elementor-section-height-default elementor-section-height-default\" data-id=\"dbbc882\" data-element_type=\"section\">\n\t\t\t\t\t\t<div class=\"elementor-container elementor-column-gap-default\">\n\t\t\t\t\t\t\t<div class=\"elementor-row\">\n\t\t\t\t\t<div class=\"elementor-column elementor-col-100 elementor-top-column elementor-element elementor-element-a3aa8c9\" data-id=\"a3aa8c9\" data-element_type=\"column\">\n\t\t\t<div class=\"elementor-column-wrap elementor-element-populated\">\n\t\t\t\t\t\t\t<div class=\"elementor-widget-wrap\">\n\t\t\t\t\t\t<div class=\"elementor-element elementor-element-dca3e01 elementor-widget elementor-widget-text-editor\" data-id=\"dca3e01\" data-element_type=\"widget\" data-widget_type=\"text-editor.default\">\n\t\t\t\t<div class=\"elementor-widget-container\">\n\t\t\t\t\t\t\t\t<div class=\"elementor-text-editor elementor-clearfix\">\n\t\t\t\t<p data-start=\"0\" data-end=\"143\">El obispo de la Di\u00f3cesis, Mons. Jos\u00e9 Luis Retana, ha presidido este s\u00e1bado, 18 de abril, <strong>la eucarist\u00eda en la parroquia de San Juan Evangelista de Navasfr\u00edas<\/strong>.<\/p><p data-start=\"145\" data-end=\"312\">En la celebraci\u00f3n, el prelado civitatense <strong>ha conferido el sacramento de la Confirmaci\u00f3n a ocho j\u00f3venes<\/strong> mediante la imposici\u00f3n de manos y la unci\u00f3n con el santo crisma.<\/p><p data-start=\"314\" data-end=\"415\">Adem\u00e1s, durante la celebraci\u00f3n, <strong>Mons. Jos\u00e9 Luis Retana ha bautizado a una de las j\u00f3venes<\/strong> confirmandas.<\/p><p data-start=\"417\" data-end=\"613\" data-is-last-node=\"\" data-is-only-node=\"\">La celebraci\u00f3n de estos sacramentos <strong>ha llenado de gran alegr\u00eda a la comunidad parroquial<\/strong> de Navasfr\u00edas, que ha acompa\u00f1ado a este grupo de j\u00f3venes durante la eucarist\u00eda junto a familiares y amigos.<\/p>\t\t\t\t\t<\/div>\n\t\t\t\t\t\t<\/div>\n\t\t\t\t<\/div>\n\t\t\t\t\t\t<\/div>\n\t\t\t\t\t<\/div>\n\t\t<\/div>\n\t\t\t\t\t\t\t\t<\/div>\n\t\t\t\t\t<\/div>\n\t\t<\/section>\n\t\t\t\t<section class=\"elementor-section elementor-top-section elementor-element elementor-element-49f3810 elementor-section-boxed elementor-section-height-default elementor-section-height-default\" data-id=\"49f3810\" data-element_type=\"section\">\n\t\t\t\t\t\t<div class=\"elementor-container elementor-column-gap-default\">\n\t\t\t\t\t\t\t<div class=\"elementor-row\">\n\t\t\t\t\t<div class=\"elementor-column elementor-col-100 elementor-top-column elementor-element elementor-element-7c3af16\" data-id=\"7c3af16\" data-element_type=\"column\">\n\t\t\t<div class=\"elementor-column-wrap elementor-element-populated\">\n\t\t\t\t\t\t\t<div class=\"elementor-widget-wrap\">\n\t\t\t\t\t\t<div class=\"elementor-element elementor-element-405984f elementor-widget elementor-widget-image-gallery\" data-id=\"405984f\" data-element_type=\"widget\" data-widget_type=\"image-gallery.default\">\n\t\t\t\t<div class=\"elementor-widget-container\">\n\t\t\t\t\t<div class=\"elementor-image-gallery\">\n\t\t\t<div id='gallery-1' class='gallery galleryid-43938 gallery-columns-2 gallery-size-thumbnail'><figure class='gallery-item'>\n\t\t\t<div class='gallery-icon landscape'>\n\t\t\t\t<a data-elementor-open-lightbox=\"yes\" data-elementor-lightbox-slideshow=\"405984f\" data-elementor-lightbox-title=\"5075b4b2-3fc3-42b1-82d6-6f38889fcda9\" e-action-hash=\"#elementor-action%3Aaction%3Dlightbox%26settings%3DeyJpZCI6NDM5NDAsInVybCI6Imh0dHBzOlwvXC93d3cuZGlvY2VzaXNjaXVkYWRyb2RyaWdvLm9yZ1wvYmxvZzRcL3dwLWNvbnRlbnRcL3VwbG9hZHNcLzIwMjZcLzA0XC81MDc1YjRiMi0zZmMzLTQyYjEtODJkNi02ZjM4ODg5ZmNkYTkuanBnIiwic2xpZGVzaG93IjoiNDA1OTg0ZiJ9\" href='https:\/\/www.diocesisciudadrodrigo.org\/blog4\/wp-content\/uploads\/2026\/04\/5075b4b2-3fc3-42b1-82d6-6f38889fcda9.jpg'><img loading=\"lazy\" decoding=\"async\" width=\"500\" height=\"500\" src=\"https:\/\/www.diocesisciudadrodrigo.org\/blog4\/wp-content\/uploads\/2026\/04\/5075b4b2-3fc3-42b1-82d6-6f38889fcda9-500x500.jpg\" class=\"attachment-thumbnail size-thumbnail\" alt=\"\" \/><\/a>\n\t\t\t<\/div><\/figure><figure class='gallery-item'>\n\t\t\t<div class='gallery-icon landscape'>\n\t\t\t\t<a data-elementor-open-lightbox=\"yes\" data-elementor-lightbox-slideshow=\"405984f\" data-elementor-lightbox-title=\"84f55091-1ecb-4590-989b-519465c2d9fa\" e-action-hash=\"#elementor-action%3Aaction%3Dlightbox%26settings%3DeyJpZCI6NDM5NDEsInVybCI6Imh0dHBzOlwvXC93d3cuZGlvY2VzaXNjaXVkYWRyb2RyaWdvLm9yZ1wvYmxvZzRcL3dwLWNvbnRlbnRcL3VwbG9hZHNcLzIwMjZcLzA0XC84NGY1NTA5MS0xZWNiLTQ1OTAtOTg5Yi01MTk0NjVjMmQ5ZmEuanBnIiwic2xpZGVzaG93IjoiNDA1OTg0ZiJ9\" href='https:\/\/www.diocesisciudadrodrigo.org\/blog4\/wp-content\/uploads\/2026\/04\/84f55091-1ecb-4590-989b-519465c2d9fa.jpg'><img loading=\"lazy\" decoding=\"async\" width=\"500\" height=\"500\" src=\"https:\/\/www.diocesisciudadrodrigo.org\/blog4\/wp-content\/uploads\/2026\/04\/84f55091-1ecb-4590-989b-519465c2d9fa-500x500.jpg\" class=\"attachment-thumbnail size-thumbnail\" alt=\"\" \/><\/a>\n\t\t\t<\/div><\/figure>\n\t\t<\/div>\n\t\t<\/div>\n\t\t\t\t<\/div>\n\t\t\t\t<\/div>\n\t\t\t\t\t\t<\/div>\n\t\t\t\t\t<\/div>\n\t\t<\/div>\n\t\t\t\t\t\t\t\t<\/div>\n\t\t\t\t\t<\/div>\n\t\t<\/section>\n\t\t\t\t\t\t<\/div>\n\t\t\t\t\t\t<\/div>\n\t\t\t\t\t<\/div>\n\t\t","protected":false},"excerpt":{"rendered":"<p>La comunidad parroquial de San Juan Evangelista ha acompa\u00f1ado con alegr\u00eda a los j\u00f3venes confirmandos durante la eucarist\u00eda presidida por Mons. Jos\u00e9 Luis Retana<\/p>\n","protected":false},"author":1,"featured_media":43939,"comment_status":"closed","ping_status":"closed","sticky":false,"template":"","format":"standard","meta":{"footnotes":""},"categories":[6],"tags":[79,80,31],"class_list":["post-43938","post","type-post","status-publish","format-standard","has-post-thumbnail","hentry","category-noticias","tag-confirmacion","tag-navasfrias","tag-obispo","masonry-post","generate-columns","tablet-grid-50","mobile-grid-100","grid-parent","grid-50"],"yoast_head":"<!-- This site is optimized with the Yoast SEO plugin v27.3 - https:\/\/yoast.com\/product\/yoast-seo-wordpress\/ -->\n<title>El obispo confiere el sacramento de la confirmaci\u00f3n a 8 j\u00f3venes en Navasfr\u00edas y bautiza a una de ellas - Di\u00f3cesis de Ciudad Rodrigo<\/title>\n<meta name=\"description\" content=\"La comunidad parroquial de San Juan Evangelista ha acompa\u00f1ado con alegr\u00eda a los j\u00f3venes confirmandos durante la eucarist\u00eda presidida por Mons. Jos\u00e9 Luis Retana\" \/>\n<meta name=\"robots\" content=\"index, follow, max-snippet:-1, max-image-preview:large, max-video-preview:-1\" \/>\n<link rel=\"canonical\" href=\"https:\/\/www.diocesisciudadrodrigo.org\/blog4\/el-obispo-confiere-el-sacramento-de-la-confirmacion-a-8-jovenes-en-navasfrias-y-bautiza-a-una-de-ellas\/\" \/>\n<meta property=\"og:locale\" content=\"es_ES\" \/>\n<meta property=\"og:type\" content=\"article\" \/>\n<meta property=\"og:title\" content=\"El obispo confiere el sacramento de la confirmaci\u00f3n a 8 j\u00f3venes en Navasfr\u00edas y bautiza a una de ellas - Di\u00f3cesis de Ciudad Rodrigo\" \/>\n<meta property=\"og:description\" content=\"La comunidad parroquial de San Juan Evangelista ha acompa\u00f1ado con alegr\u00eda a los j\u00f3venes confirmandos durante la eucarist\u00eda presidida por Mons. Jos\u00e9 Luis Retana\" \/>\n<meta property=\"og:url\" content=\"https:\/\/www.diocesisciudadrodrigo.org\/blog4\/el-obispo-confiere-el-sacramento-de-la-confirmacion-a-8-jovenes-en-navasfrias-y-bautiza-a-una-de-ellas\/\" \/>\n<meta property=\"og:site_name\" content=\"Di\u00f3cesis de Ciudad Rodrigo\" \/>\n<meta property=\"article:publisher\" content=\"https:\/\/www.facebook.com\/people\/Dicesis-Ciudad-Rodrigo-MCS\/100076471923419\/#\" \/>\n<meta property=\"article:published_time\" content=\"2026-04-20T20:02:05+00:00\" \/>\n<meta property=\"article:modified_time\" content=\"2026-04-20T20:45:45+00:00\" \/>\n<meta property=\"og:image\" content=\"https:\/\/www.diocesisciudadrodrigo.org\/blog4\/wp-content\/uploads\/2026\/04\/ce5cb4dc-5539-4a59-b24a-67f643d6e690.jpg\" \/>\n\t<meta property=\"og:image:width\" content=\"1365\" \/>\n\t<meta property=\"og:image:height\" content=\"768\" \/>\n\t<meta property=\"og:image:type\" content=\"image\/jpeg\" \/>\n<meta name=\"author\" content=\"medios CR\" \/>\n<meta name=\"twitter:card\" content=\"summary_large_image\" \/>\n<meta name=\"twitter:label1\" content=\"Escrito por\" \/>\n\t<meta name=\"twitter:data1\" content=\"medios CR\" \/>\n\t<meta name=\"twitter:label2\" content=\"Tiempo de lectura\" \/>\n\t<meta name=\"twitter:data2\" content=\"2 minutos\" \/>\n<script type=\"application\/ld+json\" class=\"yoast-schema-graph\">{\"@context\":\"https:\\\/\\\/schema.org\",\"@graph\":[{\"@type\":\"Article\",\"@id\":\"https:\\\/\\\/www.diocesisciudadrodrigo.org\\\/blog4\\\/el-obispo-confiere-el-sacramento-de-la-confirmacion-a-8-jovenes-en-navasfrias-y-bautiza-a-una-de-ellas\\\/#article\",\"isPartOf\":{\"@id\":\"https:\\\/\\\/www.diocesisciudadrodrigo.org\\\/blog4\\\/el-obispo-confiere-el-sacramento-de-la-confirmacion-a-8-jovenes-en-navasfrias-y-bautiza-a-una-de-ellas\\\/\"},\"author\":{\"name\":\"medios CR\",\"@id\":\"https:\\\/\\\/www.diocesisciudadrodrigo.org\\\/blog4\\\/#\\\/schema\\\/person\\\/5fcf0ca636a75766ff70e6417b6ed052\"},\"headline\":\"El obispo confiere el sacramento de la confirmaci\u00f3n a 8 j\u00f3venes en Navasfr\u00edas y bautiza a una de ellas\",\"datePublished\":\"2026-04-20T20:02:05+00:00\",\"dateModified\":\"2026-04-20T20:45:45+00:00\",\"mainEntityOfPage\":{\"@id\":\"https:\\\/\\\/www.diocesisciudadrodrigo.org\\\/blog4\\\/el-obispo-confiere-el-sacramento-de-la-confirmacion-a-8-jovenes-en-navasfrias-y-bautiza-a-una-de-ellas\\\/\"},\"wordCount\":157,\"publisher\":{\"@id\":\"https:\\\/\\\/www.diocesisciudadrodrigo.org\\\/blog4\\\/#organization\"},\"image\":{\"@id\":\"https:\\\/\\\/www.diocesisciudadrodrigo.org\\\/blog4\\\/el-obispo-confiere-el-sacramento-de-la-confirmacion-a-8-jovenes-en-navasfrias-y-bautiza-a-una-de-ellas\\\/#primaryimage\"},\"thumbnailUrl\":\"https:\\\/\\\/www.diocesisciudadrodrigo.org\\\/blog4\\\/wp-content\\\/uploads\\\/2026\\\/04\\\/ce5cb4dc-5539-4a59-b24a-67f643d6e690.jpg\",\"keywords\":[\"Confirmaci\u00f3n\",\"Navasfr\u00edas\",\"obispo\"],\"articleSection\":[\"Noticias\"],\"inLanguage\":\"es\"},{\"@type\":\"WebPage\",\"@id\":\"https:\\\/\\\/www.diocesisciudadrodrigo.org\\\/blog4\\\/el-obispo-confiere-el-sacramento-de-la-confirmacion-a-8-jovenes-en-navasfrias-y-bautiza-a-una-de-ellas\\\/\",\"url\":\"https:\\\/\\\/www.diocesisciudadrodrigo.org\\\/blog4\\\/el-obispo-confiere-el-sacramento-de-la-confirmacion-a-8-jovenes-en-navasfrias-y-bautiza-a-una-de-ellas\\\/\",\"name\":\"El obispo confiere el sacramento de la confirmaci\u00f3n a 8 j\u00f3venes en Navasfr\u00edas y bautiza a una de ellas - Di\u00f3cesis de Ciudad Rodrigo\",\"isPartOf\":{\"@id\":\"https:\\\/\\\/www.diocesisciudadrodrigo.org\\\/blog4\\\/#website\"},\"primaryImageOfPage\":{\"@id\":\"https:\\\/\\\/www.diocesisciudadrodrigo.org\\\/blog4\\\/el-obispo-confiere-el-sacramento-de-la-confirmacion-a-8-jovenes-en-navasfrias-y-bautiza-a-una-de-ellas\\\/#primaryimage\"},\"image\":{\"@id\":\"https:\\\/\\\/www.diocesisciudadrodrigo.org\\\/blog4\\\/el-obispo-confiere-el-sacramento-de-la-confirmacion-a-8-jovenes-en-navasfrias-y-bautiza-a-una-de-ellas\\\/#primaryimage\"},\"thumbnailUrl\":\"https:\\\/\\\/www.diocesisciudadrodrigo.org\\\/blog4\\\/wp-content\\\/uploads\\\/2026\\\/04\\\/ce5cb4dc-5539-4a59-b24a-67f643d6e690.jpg\",\"datePublished\":\"2026-04-20T20:02:05+00:00\",\"dateModified\":\"2026-04-20T20:45:45+00:00\",\"description\":\"La comunidad parroquial de San Juan Evangelista ha acompa\u00f1ado con alegr\u00eda a los j\u00f3venes confirmandos durante la eucarist\u00eda presidida por Mons. Jos\u00e9 Luis Retana\",\"breadcrumb\":{\"@id\":\"https:\\\/\\\/www.diocesisciudadrodrigo.org\\\/blog4\\\/el-obispo-confiere-el-sacramento-de-la-confirmacion-a-8-jovenes-en-navasfrias-y-bautiza-a-una-de-ellas\\\/#breadcrumb\"},\"inLanguage\":\"es\",\"potentialAction\":[{\"@type\":\"ReadAction\",\"target\":[\"https:\\\/\\\/www.diocesisciudadrodrigo.org\\\/blog4\\\/el-obispo-confiere-el-sacramento-de-la-confirmacion-a-8-jovenes-en-navasfrias-y-bautiza-a-una-de-ellas\\\/\"]}]},{\"@type\":\"ImageObject\",\"inLanguage\":\"es\",\"@id\":\"https:\\\/\\\/www.diocesisciudadrodrigo.org\\\/blog4\\\/el-obispo-confiere-el-sacramento-de-la-confirmacion-a-8-jovenes-en-navasfrias-y-bautiza-a-una-de-ellas\\\/#primaryimage\",\"url\":\"https:\\\/\\\/www.diocesisciudadrodrigo.org\\\/blog4\\\/wp-content\\\/uploads\\\/2026\\\/04\\\/ce5cb4dc-5539-4a59-b24a-67f643d6e690.jpg\",\"contentUrl\":\"https:\\\/\\\/www.diocesisciudadrodrigo.org\\\/blog4\\\/wp-content\\\/uploads\\\/2026\\\/04\\\/ce5cb4dc-5539-4a59-b24a-67f643d6e690.jpg\",\"width\":1365,\"height\":768,\"caption\":\"El obispo tras la celebraci\u00f3n de la confirmaci\u00f3n de 8 j\u00f3venes en Navasfr\u00edas.\"},{\"@type\":\"BreadcrumbList\",\"@id\":\"https:\\\/\\\/www.diocesisciudadrodrigo.org\\\/blog4\\\/el-obispo-confiere-el-sacramento-de-la-confirmacion-a-8-jovenes-en-navasfrias-y-bautiza-a-una-de-ellas\\\/#breadcrumb\",\"itemListElement\":[{\"@type\":\"ListItem\",\"position\":1,\"name\":\"Portada\",\"item\":\"https:\\\/\\\/www.diocesisciudadrodrigo.org\\\/blog4\\\/\"},{\"@type\":\"ListItem\",\"position\":2,\"name\":\"El obispo confiere el sacramento de la confirmaci\u00f3n a 8 j\u00f3venes en Navasfr\u00edas y bautiza a una de ellas\"}]},{\"@type\":\"WebSite\",\"@id\":\"https:\\\/\\\/www.diocesisciudadrodrigo.org\\\/blog4\\\/#website\",\"url\":\"https:\\\/\\\/www.diocesisciudadrodrigo.org\\\/blog4\\\/\",\"name\":\"Di\u00f3cesis de Ciudad Rodrigo\",\"description\":\"Sitio web oficial de la di\u00f3cesis civitatense\",\"publisher\":{\"@id\":\"https:\\\/\\\/www.diocesisciudadrodrigo.org\\\/blog4\\\/#organization\"},\"potentialAction\":[{\"@type\":\"SearchAction\",\"target\":{\"@type\":\"EntryPoint\",\"urlTemplate\":\"https:\\\/\\\/www.diocesisciudadrodrigo.org\\\/blog4\\\/?s={search_term_string}\"},\"query-input\":{\"@type\":\"PropertyValueSpecification\",\"valueRequired\":true,\"valueName\":\"search_term_string\"}}],\"inLanguage\":\"es\"},{\"@type\":\"Organization\",\"@id\":\"https:\\\/\\\/www.diocesisciudadrodrigo.org\\\/blog4\\\/#organization\",\"name\":\"Di\u00f3cesis de Ciudad Rodrigo\",\"url\":\"https:\\\/\\\/www.diocesisciudadrodrigo.org\\\/blog4\\\/\",\"logo\":{\"@type\":\"ImageObject\",\"inLanguage\":\"es\",\"@id\":\"https:\\\/\\\/www.diocesisciudadrodrigo.org\\\/blog4\\\/#\\\/schema\\\/logo\\\/image\\\/\",\"url\":\"https:\\\/\\\/www.diocesisciudadrodrigo.org\\\/blog4\\\/wp-content\\\/uploads\\\/2024\\\/12\\\/Diocesis.CMYK_-768x480-1.jpg\",\"contentUrl\":\"https:\\\/\\\/www.diocesisciudadrodrigo.org\\\/blog4\\\/wp-content\\\/uploads\\\/2024\\\/12\\\/Diocesis.CMYK_-768x480-1.jpg\",\"width\":768,\"height\":480,\"caption\":\"Di\u00f3cesis de Ciudad Rodrigo\"},\"image\":{\"@id\":\"https:\\\/\\\/www.diocesisciudadrodrigo.org\\\/blog4\\\/#\\\/schema\\\/logo\\\/image\\\/\"},\"sameAs\":[\"https:\\\/\\\/www.facebook.com\\\/people\\\/Dicesis-Ciudad-Rodrigo-MCS\\\/100076471923419\\\/#\"]},{\"@type\":\"Person\",\"@id\":\"https:\\\/\\\/www.diocesisciudadrodrigo.org\\\/blog4\\\/#\\\/schema\\\/person\\\/5fcf0ca636a75766ff70e6417b6ed052\",\"name\":\"medios CR\",\"image\":{\"@type\":\"ImageObject\",\"inLanguage\":\"es\",\"@id\":\"https:\\\/\\\/secure.gravatar.com\\\/avatar\\\/4a619fd0c7e36bd570f4e6e15eb09a2191185d0f63d8dbfdffe848af141ab87e?s=96&d=mm&r=g\",\"url\":\"https:\\\/\\\/secure.gravatar.com\\\/avatar\\\/4a619fd0c7e36bd570f4e6e15eb09a2191185d0f63d8dbfdffe848af141ab87e?s=96&d=mm&r=g\",\"contentUrl\":\"https:\\\/\\\/secure.gravatar.com\\\/avatar\\\/4a619fd0c7e36bd570f4e6e15eb09a2191185d0f63d8dbfdffe848af141ab87e?s=96&d=mm&r=g\",\"caption\":\"medios CR\"},\"url\":\"https:\\\/\\\/www.diocesisciudadrodrigo.org\\\/blog4\\\/author\\\/admin4\\\/\"}]}<\/script>\n<!-- \/ Yoast SEO plugin. -->","yoast_head_json":{"title":"El obispo confiere el sacramento de la confirmaci\u00f3n a 8 j\u00f3venes en Navasfr\u00edas y bautiza a una de ellas - Di\u00f3cesis de Ciudad Rodrigo","description":"La comunidad parroquial de San Juan Evangelista ha acompa\u00f1ado con alegr\u00eda a los j\u00f3venes confirmandos durante la eucarist\u00eda presidida por Mons. Jos\u00e9 Luis Retana","robots":{"index":"index","follow":"follow","max-snippet":"max-snippet:-1","max-image-preview":"max-image-preview:large","max-video-preview":"max-video-preview:-1"},"canonical":"https:\/\/www.diocesisciudadrodrigo.org\/blog4\/el-obispo-confiere-el-sacramento-de-la-confirmacion-a-8-jovenes-en-navasfrias-y-bautiza-a-una-de-ellas\/","og_locale":"es_ES","og_type":"article","og_title":"El obispo confiere el sacramento de la confirmaci\u00f3n a 8 j\u00f3venes en Navasfr\u00edas y bautiza a una de ellas - Di\u00f3cesis de Ciudad Rodrigo","og_description":"La comunidad parroquial de San Juan Evangelista ha acompa\u00f1ado con alegr\u00eda a los j\u00f3venes confirmandos durante la eucarist\u00eda presidida por Mons. Jos\u00e9 Luis Retana","og_url":"https:\/\/www.diocesisciudadrodrigo.org\/blog4\/el-obispo-confiere-el-sacramento-de-la-confirmacion-a-8-jovenes-en-navasfrias-y-bautiza-a-una-de-ellas\/","og_site_name":"Di\u00f3cesis de Ciudad Rodrigo","article_publisher":"https:\/\/www.facebook.com\/people\/Dicesis-Ciudad-Rodrigo-MCS\/100076471923419\/#","article_published_time":"2026-04-20T20:02:05+00:00","article_modified_time":"2026-04-20T20:45:45+00:00","og_image":[{"width":1365,"height":768,"url":"https:\/\/www.diocesisciudadrodrigo.org\/blog4\/wp-content\/uploads\/2026\/04\/ce5cb4dc-5539-4a59-b24a-67f643d6e690.jpg","type":"image\/jpeg"}],"author":"medios CR","twitter_card":"summary_large_image","twitter_misc":{"Escrito por":"medios CR","Tiempo de lectura":"2 minutos"},"schema":{"@context":"https:\/\/schema.org","@graph":[{"@type":"Article","@id":"https:\/\/www.diocesisciudadrodrigo.org\/blog4\/el-obispo-confiere-el-sacramento-de-la-confirmacion-a-8-jovenes-en-navasfrias-y-bautiza-a-una-de-ellas\/#article","isPartOf":{"@id":"https:\/\/www.diocesisciudadrodrigo.org\/blog4\/el-obispo-confiere-el-sacramento-de-la-confirmacion-a-8-jovenes-en-navasfrias-y-bautiza-a-una-de-ellas\/"},"author":{"name":"medios CR","@id":"https:\/\/www.diocesisciudadrodrigo.org\/blog4\/#\/schema\/person\/5fcf0ca636a75766ff70e6417b6ed052"},"headline":"El obispo confiere el sacramento de la confirmaci\u00f3n a 8 j\u00f3venes en Navasfr\u00edas y bautiza a una de ellas","datePublished":"2026-04-20T20:02:05+00:00","dateModified":"2026-04-20T20:45:45+00:00","mainEntityOfPage":{"@id":"https:\/\/www.diocesisciudadrodrigo.org\/blog4\/el-obispo-confiere-el-sacramento-de-la-confirmacion-a-8-jovenes-en-navasfrias-y-bautiza-a-una-de-ellas\/"},"wordCount":157,"publisher":{"@id":"https:\/\/www.diocesisciudadrodrigo.org\/blog4\/#organization"},"image":{"@id":"https:\/\/www.diocesisciudadrodrigo.org\/blog4\/el-obispo-confiere-el-sacramento-de-la-confirmacion-a-8-jovenes-en-navasfrias-y-bautiza-a-una-de-ellas\/#primaryimage"},"thumbnailUrl":"https:\/\/www.diocesisciudadrodrigo.org\/blog4\/wp-content\/uploads\/2026\/04\/ce5cb4dc-5539-4a59-b24a-67f643d6e690.jpg","keywords":["Confirmaci\u00f3n","Navasfr\u00edas","obispo"],"articleSection":["Noticias"],"inLanguage":"es"},{"@type":"WebPage","@id":"https:\/\/www.diocesisciudadrodrigo.org\/blog4\/el-obispo-confiere-el-sacramento-de-la-confirmacion-a-8-jovenes-en-navasfrias-y-bautiza-a-una-de-ellas\/","url":"https:\/\/www.diocesisciudadrodrigo.org\/blog4\/el-obispo-confiere-el-sacramento-de-la-confirmacion-a-8-jovenes-en-navasfrias-y-bautiza-a-una-de-ellas\/","name":"El obispo confiere el sacramento de la confirmaci\u00f3n a 8 j\u00f3venes en Navasfr\u00edas y bautiza a una de ellas - Di\u00f3cesis de Ciudad Rodrigo","isPartOf":{"@id":"https:\/\/www.diocesisciudadrodrigo.org\/blog4\/#website"},"primaryImageOfPage":{"@id":"https:\/\/www.diocesisciudadrodrigo.org\/blog4\/el-obispo-confiere-el-sacramento-de-la-confirmacion-a-8-jovenes-en-navasfrias-y-bautiza-a-una-de-ellas\/#primaryimage"},"image":{"@id":"https:\/\/www.diocesisciudadrodrigo.org\/blog4\/el-obispo-confiere-el-sacramento-de-la-confirmacion-a-8-jovenes-en-navasfrias-y-bautiza-a-una-de-ellas\/#primaryimage"},"thumbnailUrl":"https:\/\/www.diocesisciudadrodrigo.org\/blog4\/wp-content\/uploads\/2026\/04\/ce5cb4dc-5539-4a59-b24a-67f643d6e690.jpg","datePublished":"2026-04-20T20:02:05+00:00","dateModified":"2026-04-20T20:45:45+00:00","description":"La comunidad parroquial de San Juan Evangelista ha acompa\u00f1ado con alegr\u00eda a los j\u00f3venes confirmandos durante la eucarist\u00eda presidida por Mons. Jos\u00e9 Luis Retana","breadcrumb":{"@id":"https:\/\/www.diocesisciudadrodrigo.org\/blog4\/el-obispo-confiere-el-sacramento-de-la-confirmacion-a-8-jovenes-en-navasfrias-y-bautiza-a-una-de-ellas\/#breadcrumb"},"inLanguage":"es","potentialAction":[{"@type":"ReadAction","target":["https:\/\/www.diocesisciudadrodrigo.org\/blog4\/el-obispo-confiere-el-sacramento-de-la-confirmacion-a-8-jovenes-en-navasfrias-y-bautiza-a-una-de-ellas\/"]}]},{"@type":"ImageObject","inLanguage":"es","@id":"https:\/\/www.diocesisciudadrodrigo.org\/blog4\/el-obispo-confiere-el-sacramento-de-la-confirmacion-a-8-jovenes-en-navasfrias-y-bautiza-a-una-de-ellas\/#primaryimage","url":"https:\/\/www.diocesisciudadrodrigo.org\/blog4\/wp-content\/uploads\/2026\/04\/ce5cb4dc-5539-4a59-b24a-67f643d6e690.jpg","contentUrl":"https:\/\/www.diocesisciudadrodrigo.org\/blog4\/wp-content\/uploads\/2026\/04\/ce5cb4dc-5539-4a59-b24a-67f643d6e690.jpg","width":1365,"height":768,"caption":"El obispo tras la celebraci\u00f3n de la confirmaci\u00f3n de 8 j\u00f3venes en Navasfr\u00edas."},{"@type":"BreadcrumbList","@id":"https:\/\/www.diocesisciudadrodrigo.org\/blog4\/el-obispo-confiere-el-sacramento-de-la-confirmacion-a-8-jovenes-en-navasfrias-y-bautiza-a-una-de-ellas\/#breadcrumb","itemListElement":[{"@type":"ListItem","position":1,"name":"Portada","item":"https:\/\/www.diocesisciudadrodrigo.org\/blog4\/"},{"@type":"ListItem","position":2,"name":"El obispo confiere el sacramento de la confirmaci\u00f3n a 8 j\u00f3venes en Navasfr\u00edas y bautiza a una de ellas"}]},{"@type":"WebSite","@id":"https:\/\/www.diocesisciudadrodrigo.org\/blog4\/#website","url":"https:\/\/www.diocesisciudadrodrigo.org\/blog4\/","name":"Di\u00f3cesis de Ciudad Rodrigo","description":"Sitio web oficial de la di\u00f3cesis civitatense","publisher":{"@id":"https:\/\/www.diocesisciudadrodrigo.org\/blog4\/#organization"},"potentialAction":[{"@type":"SearchAction","target":{"@type":"EntryPoint","urlTemplate":"https:\/\/www.diocesisciudadrodrigo.org\/blog4\/?s={search_term_string}"},"query-input":{"@type":"PropertyValueSpecification","valueRequired":true,"valueName":"search_term_string"}}],"inLanguage":"es"},{"@type":"Organization","@id":"https:\/\/www.diocesisciudadrodrigo.org\/blog4\/#organization","name":"Di\u00f3cesis de Ciudad Rodrigo","url":"https:\/\/www.diocesisciudadrodrigo.org\/blog4\/","logo":{"@type":"ImageObject","inLanguage":"es","@id":"https:\/\/www.diocesisciudadrodrigo.org\/blog4\/#\/schema\/logo\/image\/","url":"https:\/\/www.diocesisciudadrodrigo.org\/blog4\/wp-content\/uploads\/2024\/12\/Diocesis.CMYK_-768x480-1.jpg","contentUrl":"https:\/\/www.diocesisciudadrodrigo.org\/blog4\/wp-content\/uploads\/2024\/12\/Diocesis.CMYK_-768x480-1.jpg","width":768,"height":480,"caption":"Di\u00f3cesis de Ciudad Rodrigo"},"image":{"@id":"https:\/\/www.diocesisciudadrodrigo.org\/blog4\/#\/schema\/logo\/image\/"},"sameAs":["https:\/\/www.facebook.com\/people\/Dicesis-Ciudad-Rodrigo-MCS\/100076471923419\/#"]},{"@type":"Person","@id":"https:\/\/www.diocesisciudadrodrigo.org\/blog4\/#\/schema\/person\/5fcf0ca636a75766ff70e6417b6ed052","name":"medios CR","image":{"@type":"ImageObject","inLanguage":"es","@id":"https:\/\/secure.gravatar.com\/avatar\/4a619fd0c7e36bd570f4e6e15eb09a2191185d0f63d8dbfdffe848af141ab87e?s=96&d=mm&r=g","url":"https:\/\/secure.gravatar.com\/avatar\/4a619fd0c7e36bd570f4e6e15eb09a2191185d0f63d8dbfdffe848af141ab87e?s=96&d=mm&r=g","contentUrl":"https:\/\/secure.gravatar.com\/avatar\/4a619fd0c7e36bd570f4e6e15eb09a2191185d0f63d8dbfdffe848af141ab87e?s=96&d=mm&r=g","caption":"medios CR"},"url":"https:\/\/www.diocesisciudadrodrigo.org\/blog4\/author\/admin4\/"}]}},"_links":{"self":[{"href":"https:\/\/www.diocesisciudadrodrigo.org\/blog4\/wp-json\/wp\/v2\/posts\/43938","targetHints":{"allow":["GET"]}}],"collection":[{"href":"https:\/\/www.diocesisciudadrodrigo.org\/blog4\/wp-json\/wp\/v2\/posts"}],"about":[{"href":"https:\/\/www.diocesisciudadrodrigo.org\/blog4\/wp-json\/wp\/v2\/types\/post"}],"author":[{"embeddable":true,"href":"https:\/\/www.diocesisciudadrodrigo.org\/blog4\/wp-json\/wp\/v2\/users\/1"}],"replies":[{"embeddable":true,"href":"https:\/\/www.diocesisciudadrodrigo.org\/blog4\/wp-json\/wp\/v2\/comments?post=43938"}],"version-history":[{"count":5,"href":"https:\/\/www.diocesisciudadrodrigo.org\/blog4\/wp-json\/wp\/v2\/posts\/43938\/revisions"}],"predecessor-version":[{"id":43946,"href":"https:\/\/www.diocesisciudadrodrigo.org\/blog4\/wp-json\/wp\/v2\/posts\/43938\/revisions\/43946"}],"wp:featuredmedia":[{"embeddable":true,"href":"https:\/\/www.diocesisciudadrodrigo.org\/blog4\/wp-json\/wp\/v2\/media\/43939"}],"wp:attachment":[{"href":"https:\/\/www.diocesisciudadrodrigo.org\/blog4\/wp-json\/wp\/v2\/media?parent=43938"}],"wp:term":[{"taxonomy":"category","embeddable":true,"href":"https:\/\/www.diocesisciudadrodrigo.org\/blog4\/wp-json\/wp\/v2\/categories?post=43938"},{"taxonomy":"post_tag","embeddable":true,"href":"https:\/\/www.diocesisciudadrodrigo.org\/blog4\/wp-json\/wp\/v2\/tags?post=43938"}],"curies":[{"name":"wp","href":"https:\/\/api.w.org\/{rel}","templated":true}]}}