{"id":43912,"date":"2026-04-20T11:32:29","date_gmt":"2026-04-20T09:32:29","guid":{"rendered":"https:\/\/www.diocesisciudadrodrigo.org\/blog4\/?p=43912"},"modified":"2026-04-20T22:46:03","modified_gmt":"2026-04-20T20:46:03","slug":"el-comentario-de-rafael-cano-hemos-de-permitir-que-el-mismo-camine-a-nuestro-lado-hemos-de-dejarle-hablar-hemos-de-acoger-el-pan-de-vida-en-la-eucaristia","status":"publish","type":"post","link":"https:\/\/www.diocesisciudadrodrigo.org\/blog4\/el-comentario-de-rafael-cano-hemos-de-permitir-que-el-mismo-camine-a-nuestro-lado-hemos-de-dejarle-hablar-hemos-de-acoger-el-pan-de-vida-en-la-eucaristia\/","title":{"rendered":"EL COMENTARIO DE RAFAEL CA\u00d1O: \u00abhemos de permitir que \u00e9l mismo camine a nuestro lado, hemos de dejarle hablar, hemos de acoger el pan de vida en la Eucarist\u00eda\u00bb"},"content":{"rendered":"\t\t<div data-elementor-type=\"wp-post\" data-elementor-id=\"43912\" class=\"elementor elementor-43912\" data-elementor-settings=\"[]\">\n\t\t\t\t\t\t<div class=\"elementor-inner\">\n\t\t\t\t\t\t\t<div class=\"elementor-section-wrap\">\n\t\t\t\t\t\t\t<section class=\"elementor-section elementor-top-section elementor-element elementor-element-1594e32 elementor-section-boxed elementor-section-height-default elementor-section-height-default\" data-id=\"1594e32\" data-element_type=\"section\">\n\t\t\t\t\t\t<div class=\"elementor-container elementor-column-gap-default\">\n\t\t\t\t\t\t\t<div class=\"elementor-row\">\n\t\t\t\t\t<div class=\"elementor-column elementor-col-100 elementor-top-column elementor-element elementor-element-a8a6cac\" data-id=\"a8a6cac\" data-element_type=\"column\">\n\t\t\t<div class=\"elementor-column-wrap elementor-element-populated\">\n\t\t\t\t\t\t\t<div class=\"elementor-widget-wrap\">\n\t\t\t\t\t\t<div class=\"elementor-element elementor-element-01da668 elementor-widget elementor-widget-image\" data-id=\"01da668\" data-element_type=\"widget\" data-widget_type=\"image.default\">\n\t\t\t\t<div class=\"elementor-widget-container\">\n\t\t\t\t\t\t\t\t<div class=\"elementor-image\">\n\t\t\t\t\t\t\t\t\t\t\t\t<img loading=\"lazy\" decoding=\"async\" width=\"1200\" height=\"778\" src=\"https:\/\/www.diocesisciudadrodrigo.org\/blog4\/wp-content\/uploads\/2026\/04\/1.jpg\" class=\"attachment-large size-large\" alt=\"Comentario Rafael Ca\u00f1o\" srcset=\"https:\/\/www.diocesisciudadrodrigo.org\/blog4\/wp-content\/uploads\/2026\/04\/1.jpg 1280w, https:\/\/www.diocesisciudadrodrigo.org\/blog4\/wp-content\/uploads\/2026\/04\/1-1000x648.jpg 1000w, https:\/\/www.diocesisciudadrodrigo.org\/blog4\/wp-content\/uploads\/2026\/04\/1-768x498.jpg 768w, https:\/\/www.diocesisciudadrodrigo.org\/blog4\/wp-content\/uploads\/2026\/04\/1-350x227.jpg 350w\" sizes=\"auto, (max-width: 1200px) 100vw, 1200px\" \/>\t\t\t\t\t\t\t\t\t\t\t\t\t\t<\/div>\n\t\t\t\t\t\t<\/div>\n\t\t\t\t<\/div>\n\t\t\t\t\t\t<\/div>\n\t\t\t\t\t<\/div>\n\t\t<\/div>\n\t\t\t\t\t\t\t\t<\/div>\n\t\t\t\t\t<\/div>\n\t\t<\/section>\n\t\t\t\t<section class=\"elementor-section elementor-top-section elementor-element elementor-element-fa447cc elementor-section-boxed elementor-section-height-default elementor-section-height-default\" data-id=\"fa447cc\" data-element_type=\"section\">\n\t\t\t\t\t\t<div class=\"elementor-container elementor-column-gap-default\">\n\t\t\t\t\t\t\t<div class=\"elementor-row\">\n\t\t\t\t\t<div class=\"elementor-column elementor-col-100 elementor-top-column elementor-element elementor-element-950e0f3\" data-id=\"950e0f3\" data-element_type=\"column\">\n\t\t\t<div class=\"elementor-column-wrap elementor-element-populated\">\n\t\t\t\t\t\t\t<div class=\"elementor-widget-wrap\">\n\t\t\t\t\t\t<div class=\"elementor-element elementor-element-fea3625 elementor-widget elementor-widget-text-editor\" data-id=\"fea3625\" data-element_type=\"widget\" data-widget_type=\"text-editor.default\">\n\t\t\t\t<div class=\"elementor-widget-container\">\n\t\t\t\t\t\t\t\t<div class=\"elementor-text-editor elementor-clearfix\">\n\t\t\t\t<div class=\"flex flex-col text-sm pb-25\"><section class=\"text-token-text-primary w-full focus:outline-none [--shadow-height:45px] has-data-writing-block:pointer-events-none has-data-writing-block:-mt-(--shadow-height) has-data-writing-block:pt-(--shadow-height) [&amp;:has([data-writing-block])&gt;*]:pointer-events-auto [content-visibility:auto] supports-[content-visibility:auto]:[contain-intrinsic-size:auto_100lvh] scroll-mt-[calc(var(--header-height)+min(200px,max(70px,20svh)))]\" dir=\"auto\" data-turn-id=\"request-WEB:06298953-0fc7-48ca-a477-924cffa57420-0\" data-testid=\"conversation-turn-2\" data-scroll-anchor=\"true\" data-turn=\"assistant\"><div class=\"text-base my-auto mx-auto pb-10 [--thread-content-margin:var(--thread-content-margin-xs,calc(var(--spacing)*4))] @w-sm\/main:[--thread-content-margin:var(--thread-content-margin-sm,calc(var(--spacing)*6))] @w-lg\/main:[--thread-content-margin:var(--thread-content-margin-lg,calc(var(--spacing)*16))] px-(--thread-content-margin)\"><div class=\"[--thread-content-max-width:40rem] @w-lg\/main:[--thread-content-max-width:48rem] mx-auto max-w-(--thread-content-max-width) flex-1 group\/turn-messages focus-visible:outline-hidden relative flex w-full min-w-0 flex-col agent-turn\"><div class=\"flex max-w-full flex-col gap-4 grow\"><div class=\"min-h-8 text-message relative flex w-full flex-col items-end gap-2 text-start break-words whitespace-normal outline-none keyboard-focused:focus-ring [.text-message+&amp;]:mt-1\" dir=\"auto\" tabindex=\"0\" data-message-author-role=\"assistant\" data-message-id=\"cbbb7ff2-a6d5-4683-b1da-a888c42c4b99\" data-message-model-slug=\"gpt-5-3\" data-turn-start-message=\"true\"><div class=\"flex w-full flex-col gap-1 empty:hidden\"><div class=\"markdown prose dark:prose-invert w-full wrap-break-word light markdown-new-styling\"><p data-start=\"0\" data-end=\"235\">Jes\u00fas mismo se les acerc\u00f3 y se puso a caminar a su lado. \u00ab\u00bfNo ard\u00eda nuestro coraz\u00f3n mientras nos hablaba por el camino y nos explicaba las Escrituras?\u00bb. Bonitas palabras del Evangelio de este tercer domingo de Pascua de Resurrecci\u00f3n.<\/p><p data-start=\"237\" data-end=\"456\">Apreciados oyentes de la Iglesia Noticia COPE Rodrigo: el Evangelio de los disc\u00edpulos de Ema\u00fas es un texto que siempre me ha llamado la atenci\u00f3n. Adem\u00e1s, es irrenunciable en cualquier proceso de presentaci\u00f3n de la fe.<\/p><p data-start=\"458\" data-end=\"962\">Hoy nos acercamos a \u00e9l desde la experiencia inicial humana del fracaso, que, sin embargo, puede acabar en encuentro fruct\u00edfero. Cuando el evangelista Lucas escribe esta narraci\u00f3n, en la comunidad cristiana hab\u00eda dudas y decepciones. Algunos hab\u00edan perdido la fe en Jes\u00fas. La cruz hab\u00eda roto todas sus expectativas y esperanzas. Algunos, decepcionados, abandonaban el camino de la fe. Y por ello, les recuerda el encuentro del Resucitado con aquellos dos disc\u00edpulos decepcionados que se exilian a Ema\u00fas.<\/p><p data-start=\"964\" data-end=\"1255\">Tambi\u00e9n hoy, en estos tiempos de profundos cambios, como cristianos podemos sentirnos desorientados. Muchos cristianos hemos tenido momentos de seducci\u00f3n con Jes\u00fas y creemos en su mensaje y en su proyecto. Pero cuando llega la cruz en sus m\u00faltiples formas, pensamos que todo se ha acabado.<\/p><p data-start=\"1257\" data-end=\"1732\">Es mejor retirarse y dejar que una ligera memoria de una \u00e9poca feliz permanezca en nuestro coraz\u00f3n. Esa es la tentaci\u00f3n. Es normal que en el coraz\u00f3n de algunos creyentes aparezcan dudas y preguntas: \u00bfqu\u00e9 valor puede tener hoy ser cristiano? \u00bfMerece la pena? \u00bfSe trata de estar en una doctrina? \u00bfDe vivir conforme a una \u00e9tica? \u00bfDe participar en unos ritos? Algunos se atreven a hacer incluso esta importante pregunta: \u00bfrealmente es posible el encuentro con Jes\u00fas resucitado?<\/p><p data-start=\"1734\" data-end=\"2151\">La narraci\u00f3n que hace el evangelista Lucas sobre los disc\u00edpulos de Ema\u00fas pretende ayudar a los disc\u00edpulos de todos los tiempos a encontrarse con Jes\u00fas resucitado. Lucas viene a decir: el encuentro con el Resucitado es posible y, para reconocer a Jes\u00fas, no basta con saber cosas sobre \u00e9l; hemos de permitir que \u00e9l mismo camine a nuestro lado, hemos de dejarle hablar, hemos de acoger el pan de vida en la Eucarist\u00eda.<\/p><p data-start=\"2153\" data-end=\"2498\">La Iglesia es disc\u00edpula de Ema\u00fas y camina por la historia buscando al Resucitado, deseando encontrarse con \u00e9l. Benedicto XVI afirmaba: \u00abNo se comienza a ser cristiano por una decisi\u00f3n \u00e9tica o una gran idea, sino por el encuentro con un acontecimiento, con una persona que da un nuevo horizonte a la vida y, con ella, una orientaci\u00f3n decisiva\u00bb.<\/p><p data-start=\"2500\" data-end=\"3005\">El papa Francisco, que, por cierto, celebraremos el aniversario de su fallecimiento, de la partida hacia el cielo, el pr\u00f3ximo martes d\u00eda 21, dec\u00eda: \u00abInvito a cada cristiano, en cualquier lugar y situaci\u00f3n, a que renueve ahora mismo su encuentro personal con Jes\u00fas, o al menos a tomar la decisi\u00f3n de dejarse encontrar por \u00e9l, intentarlo cada d\u00eda sin descanso. No hay raz\u00f3n para que alguien piense que en esta invitaci\u00f3n no nos espera \u00c9l, porque nadie queda excluido de la alegr\u00eda reportada por el Se\u00f1or\u00bb.<\/p><p data-start=\"3007\" data-end=\"3526\">Pero, \u00bfc\u00f3mo encontrarnos con Jes\u00fas Resucitado? \u00bfC\u00f3mo se hace posible esta experiencia? Tal vez las im\u00e1genes que nos hemos formado sobre el Resucitado sean fr\u00edas, lejanas y abstractas. Y por eso, cuando leemos el texto o cuando lo escuchamos, no terminamos de creer lo que nos dice. Una mayor\u00eda de los cristianos no cree, no sabe en su coraz\u00f3n que el Resucitado camina a su lado, no ha hecho experiencia de ello, sabe recitar las verdades de la fe, pero no siente siempre, en el fondo de su ser, la presencia de Jes\u00fas.<\/p><p data-start=\"3528\" data-end=\"3771\">\u00bfQu\u00e9 hacer? Entremos en el texto hoy y fij\u00e9monos en la afirmaci\u00f3n siguiente: \u00abJes\u00fas mismo se les acerc\u00f3 y se puso a caminar a su lado\u00bb. Acoj\u00e1mosla, ayud\u00e9monos a despertar la conciencia que nos asegura que el Resucitado camina a nuestro lado.<\/p><p data-start=\"3773\" data-end=\"4095\">Cada d\u00eda podemos cerrar los ojos o abrirlos, hacer un poco de silencio y acoger en lo profundo de nuestro ser a quien camina a nuestro lado. Y, como a los de Ema\u00fas, la fe les cambia su forma de ver la realidad. Les lleva a volver a Jerusal\u00e9n, de donde hab\u00edan huido. Vuelven para decir: es verdad, ha resucitado el Se\u00f1or.<\/p><p data-start=\"4097\" data-end=\"4236\">Si te has encontrado con Jes\u00fas, cambias de vida. Como nos dec\u00eda el papa Francisco: \u00abNadie queda excluido de la alegr\u00eda reportada por \u00e9l\u00bb.<\/p><p data-start=\"4238\" data-end=\"4270\" data-is-last-node=\"\" data-is-only-node=\"\">Feliz domingo de tiempo pascual.<\/p><\/div><\/div><\/div><\/div><\/div><\/div><\/section><\/div>\t\t\t\t\t<\/div>\n\t\t\t\t\t\t<\/div>\n\t\t\t\t<\/div>\n\t\t\t\t\t\t<\/div>\n\t\t\t\t\t<\/div>\n\t\t<\/div>\n\t\t\t\t\t\t\t\t<\/div>\n\t\t\t\t\t<\/div>\n\t\t<\/section>\n\t\t\t\t<section class=\"elementor-section elementor-top-section elementor-element elementor-element-3cb9c16 elementor-section-boxed elementor-section-height-default elementor-section-height-default\" data-id=\"3cb9c16\" data-element_type=\"section\">\n\t\t\t\t\t\t<div class=\"elementor-container elementor-column-gap-default\">\n\t\t\t\t\t\t\t<div class=\"elementor-row\">\n\t\t\t\t\t<div class=\"elementor-column elementor-col-100 elementor-top-column elementor-element elementor-element-cc57f1f\" data-id=\"cc57f1f\" data-element_type=\"column\">\n\t\t\t<div class=\"elementor-column-wrap elementor-element-populated\">\n\t\t\t\t\t\t\t<div class=\"elementor-widget-wrap\">\n\t\t\t\t\t\t<div class=\"elementor-element elementor-element-63cdd2b elementor-widget elementor-widget-html\" data-id=\"63cdd2b\" data-element_type=\"widget\" data-widget_type=\"html.default\">\n\t\t\t\t<div class=\"elementor-widget-container\">\n\t\t\t<iframe data-testid=\"embed-iframe\" style=\"border-radius:12px\" src=\"https:\/\/open.spotify.com\/embed\/episode\/3wkqQmLT72pGzt3Ip7ORYj?utm_source=generator\" width=\"100%\" height=\"152\" frameBorder=\"0\" allowfullscreen=\"\" allow=\"autoplay; clipboard-write; encrypted-media; fullscreen; picture-in-picture\" loading=\"lazy\"><\/iframe>\t\t<\/div>\n\t\t\t\t<\/div>\n\t\t\t\t\t\t<\/div>\n\t\t\t\t\t<\/div>\n\t\t<\/div>\n\t\t\t\t\t\t\t\t<\/div>\n\t\t\t\t\t<\/div>\n\t\t<\/section>\n\t\t\t\t\t\t<\/div>\n\t\t\t\t\t\t<\/div>\n\t\t\t\t\t<\/div>\n\t\t","protected":false},"excerpt":{"rendered":"<p>Escucha el comentario del domingo de Rafael Ca\u00f1o en el programa Iglesia Noticia COPE en Ciudad Rodrigo sobre el evangelio de este III Domingo de Pascua<\/p>\n","protected":false},"author":1,"featured_media":43920,"comment_status":"closed","ping_status":"closed","sticky":false,"template":"","format":"standard","meta":{"footnotes":""},"categories":[62,6],"tags":[42,43],"class_list":["post-43912","post","type-post","status-publish","format-standard","has-post-thumbnail","hentry","category-comentario","category-noticias","tag-comentario","tag-evangelio","masonry-post","generate-columns","tablet-grid-50","mobile-grid-100","grid-parent","grid-50"],"yoast_head":"<!-- This site is optimized with the Yoast SEO plugin v27.3 - https:\/\/yoast.com\/product\/yoast-seo-wordpress\/ -->\n<title>EL COMENTARIO DE RAFAEL CA\u00d1O: \u00abhemos de permitir que \u00e9l mismo camine a nuestro lado, hemos de dejarle hablar, hemos de acoger el pan de vida en la Eucarist\u00eda\u00bb - Di\u00f3cesis de Ciudad Rodrigo<\/title>\n<meta name=\"description\" content=\"Escucha el comentario del domingo de Rafael Ca\u00f1o en el programa Iglesia Noticia COPE en Ciudad Rodrigo sobre el evangelio de este III Domingo de Pascua\" \/>\n<meta name=\"robots\" content=\"index, follow, max-snippet:-1, max-image-preview:large, max-video-preview:-1\" \/>\n<link rel=\"canonical\" href=\"https:\/\/www.diocesisciudadrodrigo.org\/blog4\/el-comentario-de-rafael-cano-hemos-de-permitir-que-el-mismo-camine-a-nuestro-lado-hemos-de-dejarle-hablar-hemos-de-acoger-el-pan-de-vida-en-la-eucaristia\/\" \/>\n<meta property=\"og:locale\" content=\"es_ES\" \/>\n<meta property=\"og:type\" content=\"article\" \/>\n<meta property=\"og:title\" content=\"EL COMENTARIO DE RAFAEL CA\u00d1O: \u00abhemos de permitir que \u00e9l mismo camine a nuestro lado, hemos de dejarle hablar, hemos de acoger el pan de vida en la Eucarist\u00eda\u00bb - Di\u00f3cesis de Ciudad Rodrigo\" \/>\n<meta property=\"og:description\" content=\"Escucha el comentario del domingo de Rafael Ca\u00f1o en el programa Iglesia Noticia COPE en Ciudad Rodrigo sobre el evangelio de este III Domingo de Pascua\" \/>\n<meta property=\"og:url\" content=\"https:\/\/www.diocesisciudadrodrigo.org\/blog4\/el-comentario-de-rafael-cano-hemos-de-permitir-que-el-mismo-camine-a-nuestro-lado-hemos-de-dejarle-hablar-hemos-de-acoger-el-pan-de-vida-en-la-eucaristia\/\" \/>\n<meta property=\"og:site_name\" content=\"Di\u00f3cesis de Ciudad Rodrigo\" \/>\n<meta property=\"article:publisher\" content=\"https:\/\/www.facebook.com\/people\/Dicesis-Ciudad-Rodrigo-MCS\/100076471923419\/#\" \/>\n<meta property=\"article:published_time\" content=\"2026-04-20T09:32:29+00:00\" \/>\n<meta property=\"article:modified_time\" content=\"2026-04-20T20:46:03+00:00\" \/>\n<meta property=\"og:image\" content=\"https:\/\/www.diocesisciudadrodrigo.org\/blog4\/wp-content\/uploads\/2026\/04\/1.jpg\" \/>\n\t<meta property=\"og:image:width\" content=\"1280\" \/>\n\t<meta property=\"og:image:height\" content=\"830\" \/>\n\t<meta property=\"og:image:type\" content=\"image\/jpeg\" \/>\n<meta name=\"author\" content=\"medios CR\" \/>\n<meta name=\"twitter:card\" content=\"summary_large_image\" \/>\n<meta name=\"twitter:label1\" content=\"Escrito por\" \/>\n\t<meta name=\"twitter:data1\" content=\"medios CR\" \/>\n\t<meta name=\"twitter:label2\" content=\"Tiempo de lectura\" \/>\n\t<meta name=\"twitter:data2\" content=\"4 minutos\" \/>\n<script type=\"application\/ld+json\" class=\"yoast-schema-graph\">{\"@context\":\"https:\\\/\\\/schema.org\",\"@graph\":[{\"@type\":\"Article\",\"@id\":\"https:\\\/\\\/www.diocesisciudadrodrigo.org\\\/blog4\\\/el-comentario-de-rafael-cano-hemos-de-permitir-que-el-mismo-camine-a-nuestro-lado-hemos-de-dejarle-hablar-hemos-de-acoger-el-pan-de-vida-en-la-eucaristia\\\/#article\",\"isPartOf\":{\"@id\":\"https:\\\/\\\/www.diocesisciudadrodrigo.org\\\/blog4\\\/el-comentario-de-rafael-cano-hemos-de-permitir-que-el-mismo-camine-a-nuestro-lado-hemos-de-dejarle-hablar-hemos-de-acoger-el-pan-de-vida-en-la-eucaristia\\\/\"},\"author\":{\"name\":\"medios CR\",\"@id\":\"https:\\\/\\\/www.diocesisciudadrodrigo.org\\\/blog4\\\/#\\\/schema\\\/person\\\/5fcf0ca636a75766ff70e6417b6ed052\"},\"headline\":\"EL COMENTARIO DE RAFAEL CA\u00d1O: \u00abhemos de permitir que \u00e9l mismo camine a nuestro lado, hemos de dejarle hablar, hemos de acoger el pan de vida en la Eucarist\u00eda\u00bb\",\"datePublished\":\"2026-04-20T09:32:29+00:00\",\"dateModified\":\"2026-04-20T20:46:03+00:00\",\"mainEntityOfPage\":{\"@id\":\"https:\\\/\\\/www.diocesisciudadrodrigo.org\\\/blog4\\\/el-comentario-de-rafael-cano-hemos-de-permitir-que-el-mismo-camine-a-nuestro-lado-hemos-de-dejarle-hablar-hemos-de-acoger-el-pan-de-vida-en-la-eucaristia\\\/\"},\"wordCount\":821,\"publisher\":{\"@id\":\"https:\\\/\\\/www.diocesisciudadrodrigo.org\\\/blog4\\\/#organization\"},\"image\":{\"@id\":\"https:\\\/\\\/www.diocesisciudadrodrigo.org\\\/blog4\\\/el-comentario-de-rafael-cano-hemos-de-permitir-que-el-mismo-camine-a-nuestro-lado-hemos-de-dejarle-hablar-hemos-de-acoger-el-pan-de-vida-en-la-eucaristia\\\/#primaryimage\"},\"thumbnailUrl\":\"https:\\\/\\\/www.diocesisciudadrodrigo.org\\\/blog4\\\/wp-content\\\/uploads\\\/2026\\\/04\\\/1.jpg\",\"keywords\":[\"Comentario\",\"Evangelio\"],\"articleSection\":[\"Comentario\",\"Noticias\"],\"inLanguage\":\"es\"},{\"@type\":\"WebPage\",\"@id\":\"https:\\\/\\\/www.diocesisciudadrodrigo.org\\\/blog4\\\/el-comentario-de-rafael-cano-hemos-de-permitir-que-el-mismo-camine-a-nuestro-lado-hemos-de-dejarle-hablar-hemos-de-acoger-el-pan-de-vida-en-la-eucaristia\\\/\",\"url\":\"https:\\\/\\\/www.diocesisciudadrodrigo.org\\\/blog4\\\/el-comentario-de-rafael-cano-hemos-de-permitir-que-el-mismo-camine-a-nuestro-lado-hemos-de-dejarle-hablar-hemos-de-acoger-el-pan-de-vida-en-la-eucaristia\\\/\",\"name\":\"EL COMENTARIO DE RAFAEL CA\u00d1O: \u00abhemos de permitir que \u00e9l mismo camine a nuestro lado, hemos de dejarle hablar, hemos de acoger el pan de vida en la Eucarist\u00eda\u00bb - Di\u00f3cesis de Ciudad Rodrigo\",\"isPartOf\":{\"@id\":\"https:\\\/\\\/www.diocesisciudadrodrigo.org\\\/blog4\\\/#website\"},\"primaryImageOfPage\":{\"@id\":\"https:\\\/\\\/www.diocesisciudadrodrigo.org\\\/blog4\\\/el-comentario-de-rafael-cano-hemos-de-permitir-que-el-mismo-camine-a-nuestro-lado-hemos-de-dejarle-hablar-hemos-de-acoger-el-pan-de-vida-en-la-eucaristia\\\/#primaryimage\"},\"image\":{\"@id\":\"https:\\\/\\\/www.diocesisciudadrodrigo.org\\\/blog4\\\/el-comentario-de-rafael-cano-hemos-de-permitir-que-el-mismo-camine-a-nuestro-lado-hemos-de-dejarle-hablar-hemos-de-acoger-el-pan-de-vida-en-la-eucaristia\\\/#primaryimage\"},\"thumbnailUrl\":\"https:\\\/\\\/www.diocesisciudadrodrigo.org\\\/blog4\\\/wp-content\\\/uploads\\\/2026\\\/04\\\/1.jpg\",\"datePublished\":\"2026-04-20T09:32:29+00:00\",\"dateModified\":\"2026-04-20T20:46:03+00:00\",\"description\":\"Escucha el comentario del domingo de Rafael Ca\u00f1o en el programa Iglesia Noticia COPE en Ciudad Rodrigo sobre el evangelio de este III Domingo de Pascua\",\"breadcrumb\":{\"@id\":\"https:\\\/\\\/www.diocesisciudadrodrigo.org\\\/blog4\\\/el-comentario-de-rafael-cano-hemos-de-permitir-que-el-mismo-camine-a-nuestro-lado-hemos-de-dejarle-hablar-hemos-de-acoger-el-pan-de-vida-en-la-eucaristia\\\/#breadcrumb\"},\"inLanguage\":\"es\",\"potentialAction\":[{\"@type\":\"ReadAction\",\"target\":[\"https:\\\/\\\/www.diocesisciudadrodrigo.org\\\/blog4\\\/el-comentario-de-rafael-cano-hemos-de-permitir-que-el-mismo-camine-a-nuestro-lado-hemos-de-dejarle-hablar-hemos-de-acoger-el-pan-de-vida-en-la-eucaristia\\\/\"]}]},{\"@type\":\"ImageObject\",\"inLanguage\":\"es\",\"@id\":\"https:\\\/\\\/www.diocesisciudadrodrigo.org\\\/blog4\\\/el-comentario-de-rafael-cano-hemos-de-permitir-que-el-mismo-camine-a-nuestro-lado-hemos-de-dejarle-hablar-hemos-de-acoger-el-pan-de-vida-en-la-eucaristia\\\/#primaryimage\",\"url\":\"https:\\\/\\\/www.diocesisciudadrodrigo.org\\\/blog4\\\/wp-content\\\/uploads\\\/2026\\\/04\\\/1.jpg\",\"contentUrl\":\"https:\\\/\\\/www.diocesisciudadrodrigo.org\\\/blog4\\\/wp-content\\\/uploads\\\/2026\\\/04\\\/1.jpg\",\"width\":1280,\"height\":830,\"caption\":\"Comentario Rafael Ca\u00f1o\"},{\"@type\":\"BreadcrumbList\",\"@id\":\"https:\\\/\\\/www.diocesisciudadrodrigo.org\\\/blog4\\\/el-comentario-de-rafael-cano-hemos-de-permitir-que-el-mismo-camine-a-nuestro-lado-hemos-de-dejarle-hablar-hemos-de-acoger-el-pan-de-vida-en-la-eucaristia\\\/#breadcrumb\",\"itemListElement\":[{\"@type\":\"ListItem\",\"position\":1,\"name\":\"Portada\",\"item\":\"https:\\\/\\\/www.diocesisciudadrodrigo.org\\\/blog4\\\/\"},{\"@type\":\"ListItem\",\"position\":2,\"name\":\"EL COMENTARIO DE RAFAEL CA\u00d1O: \u00abhemos de permitir que \u00e9l mismo camine a nuestro lado, hemos de dejarle hablar, hemos de acoger el pan de vida en la Eucarist\u00eda\u00bb\"}]},{\"@type\":\"WebSite\",\"@id\":\"https:\\\/\\\/www.diocesisciudadrodrigo.org\\\/blog4\\\/#website\",\"url\":\"https:\\\/\\\/www.diocesisciudadrodrigo.org\\\/blog4\\\/\",\"name\":\"Di\u00f3cesis de Ciudad Rodrigo\",\"description\":\"Sitio web oficial de la di\u00f3cesis civitatense\",\"publisher\":{\"@id\":\"https:\\\/\\\/www.diocesisciudadrodrigo.org\\\/blog4\\\/#organization\"},\"potentialAction\":[{\"@type\":\"SearchAction\",\"target\":{\"@type\":\"EntryPoint\",\"urlTemplate\":\"https:\\\/\\\/www.diocesisciudadrodrigo.org\\\/blog4\\\/?s={search_term_string}\"},\"query-input\":{\"@type\":\"PropertyValueSpecification\",\"valueRequired\":true,\"valueName\":\"search_term_string\"}}],\"inLanguage\":\"es\"},{\"@type\":\"Organization\",\"@id\":\"https:\\\/\\\/www.diocesisciudadrodrigo.org\\\/blog4\\\/#organization\",\"name\":\"Di\u00f3cesis de Ciudad Rodrigo\",\"url\":\"https:\\\/\\\/www.diocesisciudadrodrigo.org\\\/blog4\\\/\",\"logo\":{\"@type\":\"ImageObject\",\"inLanguage\":\"es\",\"@id\":\"https:\\\/\\\/www.diocesisciudadrodrigo.org\\\/blog4\\\/#\\\/schema\\\/logo\\\/image\\\/\",\"url\":\"https:\\\/\\\/www.diocesisciudadrodrigo.org\\\/blog4\\\/wp-content\\\/uploads\\\/2024\\\/12\\\/Diocesis.CMYK_-768x480-1.jpg\",\"contentUrl\":\"https:\\\/\\\/www.diocesisciudadrodrigo.org\\\/blog4\\\/wp-content\\\/uploads\\\/2024\\\/12\\\/Diocesis.CMYK_-768x480-1.jpg\",\"width\":768,\"height\":480,\"caption\":\"Di\u00f3cesis de Ciudad Rodrigo\"},\"image\":{\"@id\":\"https:\\\/\\\/www.diocesisciudadrodrigo.org\\\/blog4\\\/#\\\/schema\\\/logo\\\/image\\\/\"},\"sameAs\":[\"https:\\\/\\\/www.facebook.com\\\/people\\\/Dicesis-Ciudad-Rodrigo-MCS\\\/100076471923419\\\/#\"]},{\"@type\":\"Person\",\"@id\":\"https:\\\/\\\/www.diocesisciudadrodrigo.org\\\/blog4\\\/#\\\/schema\\\/person\\\/5fcf0ca636a75766ff70e6417b6ed052\",\"name\":\"medios CR\",\"image\":{\"@type\":\"ImageObject\",\"inLanguage\":\"es\",\"@id\":\"https:\\\/\\\/secure.gravatar.com\\\/avatar\\\/4a619fd0c7e36bd570f4e6e15eb09a2191185d0f63d8dbfdffe848af141ab87e?s=96&d=mm&r=g\",\"url\":\"https:\\\/\\\/secure.gravatar.com\\\/avatar\\\/4a619fd0c7e36bd570f4e6e15eb09a2191185d0f63d8dbfdffe848af141ab87e?s=96&d=mm&r=g\",\"contentUrl\":\"https:\\\/\\\/secure.gravatar.com\\\/avatar\\\/4a619fd0c7e36bd570f4e6e15eb09a2191185d0f63d8dbfdffe848af141ab87e?s=96&d=mm&r=g\",\"caption\":\"medios CR\"},\"url\":\"https:\\\/\\\/www.diocesisciudadrodrigo.org\\\/blog4\\\/author\\\/admin4\\\/\"}]}<\/script>\n<!-- \/ Yoast SEO plugin. -->","yoast_head_json":{"title":"EL COMENTARIO DE RAFAEL CA\u00d1O: \u00abhemos de permitir que \u00e9l mismo camine a nuestro lado, hemos de dejarle hablar, hemos de acoger el pan de vida en la Eucarist\u00eda\u00bb - Di\u00f3cesis de Ciudad Rodrigo","description":"Escucha el comentario del domingo de Rafael Ca\u00f1o en el programa Iglesia Noticia COPE en Ciudad Rodrigo sobre el evangelio de este III Domingo de Pascua","robots":{"index":"index","follow":"follow","max-snippet":"max-snippet:-1","max-image-preview":"max-image-preview:large","max-video-preview":"max-video-preview:-1"},"canonical":"https:\/\/www.diocesisciudadrodrigo.org\/blog4\/el-comentario-de-rafael-cano-hemos-de-permitir-que-el-mismo-camine-a-nuestro-lado-hemos-de-dejarle-hablar-hemos-de-acoger-el-pan-de-vida-en-la-eucaristia\/","og_locale":"es_ES","og_type":"article","og_title":"EL COMENTARIO DE RAFAEL CA\u00d1O: \u00abhemos de permitir que \u00e9l mismo camine a nuestro lado, hemos de dejarle hablar, hemos de acoger el pan de vida en la Eucarist\u00eda\u00bb - Di\u00f3cesis de Ciudad Rodrigo","og_description":"Escucha el comentario del domingo de Rafael Ca\u00f1o en el programa Iglesia Noticia COPE en Ciudad Rodrigo sobre el evangelio de este III Domingo de Pascua","og_url":"https:\/\/www.diocesisciudadrodrigo.org\/blog4\/el-comentario-de-rafael-cano-hemos-de-permitir-que-el-mismo-camine-a-nuestro-lado-hemos-de-dejarle-hablar-hemos-de-acoger-el-pan-de-vida-en-la-eucaristia\/","og_site_name":"Di\u00f3cesis de Ciudad Rodrigo","article_publisher":"https:\/\/www.facebook.com\/people\/Dicesis-Ciudad-Rodrigo-MCS\/100076471923419\/#","article_published_time":"2026-04-20T09:32:29+00:00","article_modified_time":"2026-04-20T20:46:03+00:00","og_image":[{"width":1280,"height":830,"url":"https:\/\/www.diocesisciudadrodrigo.org\/blog4\/wp-content\/uploads\/2026\/04\/1.jpg","type":"image\/jpeg"}],"author":"medios CR","twitter_card":"summary_large_image","twitter_misc":{"Escrito por":"medios CR","Tiempo de lectura":"4 minutos"},"schema":{"@context":"https:\/\/schema.org","@graph":[{"@type":"Article","@id":"https:\/\/www.diocesisciudadrodrigo.org\/blog4\/el-comentario-de-rafael-cano-hemos-de-permitir-que-el-mismo-camine-a-nuestro-lado-hemos-de-dejarle-hablar-hemos-de-acoger-el-pan-de-vida-en-la-eucaristia\/#article","isPartOf":{"@id":"https:\/\/www.diocesisciudadrodrigo.org\/blog4\/el-comentario-de-rafael-cano-hemos-de-permitir-que-el-mismo-camine-a-nuestro-lado-hemos-de-dejarle-hablar-hemos-de-acoger-el-pan-de-vida-en-la-eucaristia\/"},"author":{"name":"medios CR","@id":"https:\/\/www.diocesisciudadrodrigo.org\/blog4\/#\/schema\/person\/5fcf0ca636a75766ff70e6417b6ed052"},"headline":"EL COMENTARIO DE RAFAEL CA\u00d1O: \u00abhemos de permitir que \u00e9l mismo camine a nuestro lado, hemos de dejarle hablar, hemos de acoger el pan de vida en la Eucarist\u00eda\u00bb","datePublished":"2026-04-20T09:32:29+00:00","dateModified":"2026-04-20T20:46:03+00:00","mainEntityOfPage":{"@id":"https:\/\/www.diocesisciudadrodrigo.org\/blog4\/el-comentario-de-rafael-cano-hemos-de-permitir-que-el-mismo-camine-a-nuestro-lado-hemos-de-dejarle-hablar-hemos-de-acoger-el-pan-de-vida-en-la-eucaristia\/"},"wordCount":821,"publisher":{"@id":"https:\/\/www.diocesisciudadrodrigo.org\/blog4\/#organization"},"image":{"@id":"https:\/\/www.diocesisciudadrodrigo.org\/blog4\/el-comentario-de-rafael-cano-hemos-de-permitir-que-el-mismo-camine-a-nuestro-lado-hemos-de-dejarle-hablar-hemos-de-acoger-el-pan-de-vida-en-la-eucaristia\/#primaryimage"},"thumbnailUrl":"https:\/\/www.diocesisciudadrodrigo.org\/blog4\/wp-content\/uploads\/2026\/04\/1.jpg","keywords":["Comentario","Evangelio"],"articleSection":["Comentario","Noticias"],"inLanguage":"es"},{"@type":"WebPage","@id":"https:\/\/www.diocesisciudadrodrigo.org\/blog4\/el-comentario-de-rafael-cano-hemos-de-permitir-que-el-mismo-camine-a-nuestro-lado-hemos-de-dejarle-hablar-hemos-de-acoger-el-pan-de-vida-en-la-eucaristia\/","url":"https:\/\/www.diocesisciudadrodrigo.org\/blog4\/el-comentario-de-rafael-cano-hemos-de-permitir-que-el-mismo-camine-a-nuestro-lado-hemos-de-dejarle-hablar-hemos-de-acoger-el-pan-de-vida-en-la-eucaristia\/","name":"EL COMENTARIO DE RAFAEL CA\u00d1O: \u00abhemos de permitir que \u00e9l mismo camine a nuestro lado, hemos de dejarle hablar, hemos de acoger el pan de vida en la Eucarist\u00eda\u00bb - Di\u00f3cesis de Ciudad Rodrigo","isPartOf":{"@id":"https:\/\/www.diocesisciudadrodrigo.org\/blog4\/#website"},"primaryImageOfPage":{"@id":"https:\/\/www.diocesisciudadrodrigo.org\/blog4\/el-comentario-de-rafael-cano-hemos-de-permitir-que-el-mismo-camine-a-nuestro-lado-hemos-de-dejarle-hablar-hemos-de-acoger-el-pan-de-vida-en-la-eucaristia\/#primaryimage"},"image":{"@id":"https:\/\/www.diocesisciudadrodrigo.org\/blog4\/el-comentario-de-rafael-cano-hemos-de-permitir-que-el-mismo-camine-a-nuestro-lado-hemos-de-dejarle-hablar-hemos-de-acoger-el-pan-de-vida-en-la-eucaristia\/#primaryimage"},"thumbnailUrl":"https:\/\/www.diocesisciudadrodrigo.org\/blog4\/wp-content\/uploads\/2026\/04\/1.jpg","datePublished":"2026-04-20T09:32:29+00:00","dateModified":"2026-04-20T20:46:03+00:00","description":"Escucha el comentario del domingo de Rafael Ca\u00f1o en el programa Iglesia Noticia COPE en Ciudad Rodrigo sobre el evangelio de este III Domingo de Pascua","breadcrumb":{"@id":"https:\/\/www.diocesisciudadrodrigo.org\/blog4\/el-comentario-de-rafael-cano-hemos-de-permitir-que-el-mismo-camine-a-nuestro-lado-hemos-de-dejarle-hablar-hemos-de-acoger-el-pan-de-vida-en-la-eucaristia\/#breadcrumb"},"inLanguage":"es","potentialAction":[{"@type":"ReadAction","target":["https:\/\/www.diocesisciudadrodrigo.org\/blog4\/el-comentario-de-rafael-cano-hemos-de-permitir-que-el-mismo-camine-a-nuestro-lado-hemos-de-dejarle-hablar-hemos-de-acoger-el-pan-de-vida-en-la-eucaristia\/"]}]},{"@type":"ImageObject","inLanguage":"es","@id":"https:\/\/www.diocesisciudadrodrigo.org\/blog4\/el-comentario-de-rafael-cano-hemos-de-permitir-que-el-mismo-camine-a-nuestro-lado-hemos-de-dejarle-hablar-hemos-de-acoger-el-pan-de-vida-en-la-eucaristia\/#primaryimage","url":"https:\/\/www.diocesisciudadrodrigo.org\/blog4\/wp-content\/uploads\/2026\/04\/1.jpg","contentUrl":"https:\/\/www.diocesisciudadrodrigo.org\/blog4\/wp-content\/uploads\/2026\/04\/1.jpg","width":1280,"height":830,"caption":"Comentario Rafael Ca\u00f1o"},{"@type":"BreadcrumbList","@id":"https:\/\/www.diocesisciudadrodrigo.org\/blog4\/el-comentario-de-rafael-cano-hemos-de-permitir-que-el-mismo-camine-a-nuestro-lado-hemos-de-dejarle-hablar-hemos-de-acoger-el-pan-de-vida-en-la-eucaristia\/#breadcrumb","itemListElement":[{"@type":"ListItem","position":1,"name":"Portada","item":"https:\/\/www.diocesisciudadrodrigo.org\/blog4\/"},{"@type":"ListItem","position":2,"name":"EL COMENTARIO DE RAFAEL CA\u00d1O: \u00abhemos de permitir que \u00e9l mismo camine a nuestro lado, hemos de dejarle hablar, hemos de acoger el pan de vida en la Eucarist\u00eda\u00bb"}]},{"@type":"WebSite","@id":"https:\/\/www.diocesisciudadrodrigo.org\/blog4\/#website","url":"https:\/\/www.diocesisciudadrodrigo.org\/blog4\/","name":"Di\u00f3cesis de Ciudad Rodrigo","description":"Sitio web oficial de la di\u00f3cesis civitatense","publisher":{"@id":"https:\/\/www.diocesisciudadrodrigo.org\/blog4\/#organization"},"potentialAction":[{"@type":"SearchAction","target":{"@type":"EntryPoint","urlTemplate":"https:\/\/www.diocesisciudadrodrigo.org\/blog4\/?s={search_term_string}"},"query-input":{"@type":"PropertyValueSpecification","valueRequired":true,"valueName":"search_term_string"}}],"inLanguage":"es"},{"@type":"Organization","@id":"https:\/\/www.diocesisciudadrodrigo.org\/blog4\/#organization","name":"Di\u00f3cesis de Ciudad Rodrigo","url":"https:\/\/www.diocesisciudadrodrigo.org\/blog4\/","logo":{"@type":"ImageObject","inLanguage":"es","@id":"https:\/\/www.diocesisciudadrodrigo.org\/blog4\/#\/schema\/logo\/image\/","url":"https:\/\/www.diocesisciudadrodrigo.org\/blog4\/wp-content\/uploads\/2024\/12\/Diocesis.CMYK_-768x480-1.jpg","contentUrl":"https:\/\/www.diocesisciudadrodrigo.org\/blog4\/wp-content\/uploads\/2024\/12\/Diocesis.CMYK_-768x480-1.jpg","width":768,"height":480,"caption":"Di\u00f3cesis de Ciudad Rodrigo"},"image":{"@id":"https:\/\/www.diocesisciudadrodrigo.org\/blog4\/#\/schema\/logo\/image\/"},"sameAs":["https:\/\/www.facebook.com\/people\/Dicesis-Ciudad-Rodrigo-MCS\/100076471923419\/#"]},{"@type":"Person","@id":"https:\/\/www.diocesisciudadrodrigo.org\/blog4\/#\/schema\/person\/5fcf0ca636a75766ff70e6417b6ed052","name":"medios CR","image":{"@type":"ImageObject","inLanguage":"es","@id":"https:\/\/secure.gravatar.com\/avatar\/4a619fd0c7e36bd570f4e6e15eb09a2191185d0f63d8dbfdffe848af141ab87e?s=96&d=mm&r=g","url":"https:\/\/secure.gravatar.com\/avatar\/4a619fd0c7e36bd570f4e6e15eb09a2191185d0f63d8dbfdffe848af141ab87e?s=96&d=mm&r=g","contentUrl":"https:\/\/secure.gravatar.com\/avatar\/4a619fd0c7e36bd570f4e6e15eb09a2191185d0f63d8dbfdffe848af141ab87e?s=96&d=mm&r=g","caption":"medios CR"},"url":"https:\/\/www.diocesisciudadrodrigo.org\/blog4\/author\/admin4\/"}]}},"_links":{"self":[{"href":"https:\/\/www.diocesisciudadrodrigo.org\/blog4\/wp-json\/wp\/v2\/posts\/43912","targetHints":{"allow":["GET"]}}],"collection":[{"href":"https:\/\/www.diocesisciudadrodrigo.org\/blog4\/wp-json\/wp\/v2\/posts"}],"about":[{"href":"https:\/\/www.diocesisciudadrodrigo.org\/blog4\/wp-json\/wp\/v2\/types\/post"}],"author":[{"embeddable":true,"href":"https:\/\/www.diocesisciudadrodrigo.org\/blog4\/wp-json\/wp\/v2\/users\/1"}],"replies":[{"embeddable":true,"href":"https:\/\/www.diocesisciudadrodrigo.org\/blog4\/wp-json\/wp\/v2\/comments?post=43912"}],"version-history":[{"count":15,"href":"https:\/\/www.diocesisciudadrodrigo.org\/blog4\/wp-json\/wp\/v2\/posts\/43912\/revisions"}],"predecessor-version":[{"id":43937,"href":"https:\/\/www.diocesisciudadrodrigo.org\/blog4\/wp-json\/wp\/v2\/posts\/43912\/revisions\/43937"}],"wp:featuredmedia":[{"embeddable":true,"href":"https:\/\/www.diocesisciudadrodrigo.org\/blog4\/wp-json\/wp\/v2\/media\/43920"}],"wp:attachment":[{"href":"https:\/\/www.diocesisciudadrodrigo.org\/blog4\/wp-json\/wp\/v2\/media?parent=43912"}],"wp:term":[{"taxonomy":"category","embeddable":true,"href":"https:\/\/www.diocesisciudadrodrigo.org\/blog4\/wp-json\/wp\/v2\/categories?post=43912"},{"taxonomy":"post_tag","embeddable":true,"href":"https:\/\/www.diocesisciudadrodrigo.org\/blog4\/wp-json\/wp\/v2\/tags?post=43912"}],"curies":[{"name":"wp","href":"https:\/\/api.w.org\/{rel}","templated":true}]}}