{"id":43892,"date":"2026-04-18T17:49:21","date_gmt":"2026-04-18T15:49:21","guid":{"rendered":"https:\/\/www.diocesisciudadrodrigo.org\/blog4\/?p=43892"},"modified":"2026-04-18T17:49:21","modified_gmt":"2026-04-18T15:49:21","slug":"anselmo-matilla-participa-en-el-i-encuentro-de-rectores-de-seminarios-mayores-y-psicologos-que-colaboran-en-la-formacion-sacerdotal","status":"publish","type":"post","link":"https:\/\/www.diocesisciudadrodrigo.org\/blog4\/anselmo-matilla-participa-en-el-i-encuentro-de-rectores-de-seminarios-mayores-y-psicologos-que-colaboran-en-la-formacion-sacerdotal\/","title":{"rendered":"Anselmo Matilla participa en el I Encuentro de Rectores de Seminarios Mayores y Psic\u00f3logos que colaboran en la formaci\u00f3n sacerdotal"},"content":{"rendered":"\t\t<div data-elementor-type=\"wp-post\" data-elementor-id=\"43892\" class=\"elementor elementor-43892\" data-elementor-settings=\"[]\">\n\t\t\t\t\t\t<div class=\"elementor-inner\">\n\t\t\t\t\t\t\t<div class=\"elementor-section-wrap\">\n\t\t\t\t\t\t\t<section class=\"elementor-section elementor-top-section elementor-element elementor-element-ac1e487 elementor-section-boxed elementor-section-height-default elementor-section-height-default\" data-id=\"ac1e487\" data-element_type=\"section\">\n\t\t\t\t\t\t<div class=\"elementor-container elementor-column-gap-default\">\n\t\t\t\t\t\t\t<div class=\"elementor-row\">\n\t\t\t\t\t<div class=\"elementor-column elementor-col-100 elementor-top-column elementor-element elementor-element-ed4bab5\" data-id=\"ed4bab5\" data-element_type=\"column\">\n\t\t\t<div class=\"elementor-column-wrap elementor-element-populated\">\n\t\t\t\t\t\t\t<div class=\"elementor-widget-wrap\">\n\t\t\t\t\t\t<div class=\"elementor-element elementor-element-254a4bf elementor-widget elementor-widget-image\" data-id=\"254a4bf\" data-element_type=\"widget\" data-widget_type=\"image.default\">\n\t\t\t\t<div class=\"elementor-widget-container\">\n\t\t\t\t\t\t\t\t<div class=\"elementor-image\">\n\t\t\t\t\t\t\t\t\t<figure class=\"wp-caption\">\n\t\t\t\t\t\t\t\t\t\t<img loading=\"lazy\" decoding=\"async\" width=\"1196\" height=\"673\" src=\"https:\/\/www.diocesisciudadrodrigo.org\/blog4\/wp-content\/uploads\/2026\/04\/IMG_1444.jpeg\" class=\"attachment-large size-large\" alt=\"Encuentro de Rectores Seminarios Mayores y Psic\u00f3logos que colaboran con la formaci\u00f3n sacerdotal\" srcset=\"https:\/\/www.diocesisciudadrodrigo.org\/blog4\/wp-content\/uploads\/2026\/04\/IMG_1444.jpeg 1196w, https:\/\/www.diocesisciudadrodrigo.org\/blog4\/wp-content\/uploads\/2026\/04\/IMG_1444-1000x563.jpeg 1000w, https:\/\/www.diocesisciudadrodrigo.org\/blog4\/wp-content\/uploads\/2026\/04\/IMG_1444-768x432.jpeg 768w, https:\/\/www.diocesisciudadrodrigo.org\/blog4\/wp-content\/uploads\/2026\/04\/IMG_1444-350x197.jpeg 350w\" sizes=\"auto, (max-width: 1196px) 100vw, 1196px\" \/>\t\t\t\t\t\t\t\t\t\t\t<figcaption class=\"widget-image-caption wp-caption-text\">FOTO: Instagram @cleroyseminarios_cee<\/figcaption>\n\t\t\t\t\t\t\t\t\t\t<\/figure>\n\t\t\t\t\t\t\t\t<\/div>\n\t\t\t\t\t\t<\/div>\n\t\t\t\t<\/div>\n\t\t\t\t\t\t<\/div>\n\t\t\t\t\t<\/div>\n\t\t<\/div>\n\t\t\t\t\t\t\t\t<\/div>\n\t\t\t\t\t<\/div>\n\t\t<\/section>\n\t\t\t\t<section class=\"elementor-section elementor-top-section elementor-element elementor-element-c1ef2ca elementor-section-boxed elementor-section-height-default elementor-section-height-default\" data-id=\"c1ef2ca\" data-element_type=\"section\">\n\t\t\t\t\t\t<div class=\"elementor-container elementor-column-gap-default\">\n\t\t\t\t\t\t\t<div class=\"elementor-row\">\n\t\t\t\t\t<div class=\"elementor-column elementor-col-100 elementor-top-column elementor-element elementor-element-2c51ae2\" data-id=\"2c51ae2\" data-element_type=\"column\">\n\t\t\t<div class=\"elementor-column-wrap elementor-element-populated\">\n\t\t\t\t\t\t\t<div class=\"elementor-widget-wrap\">\n\t\t\t\t\t\t<div class=\"elementor-element elementor-element-d2149cb elementor-widget elementor-widget-text-editor\" data-id=\"d2149cb\" data-element_type=\"widget\" data-widget_type=\"text-editor.default\">\n\t\t\t\t<div class=\"elementor-widget-container\">\n\t\t\t\t\t\t\t\t<div class=\"elementor-text-editor elementor-clearfix\">\n\t\t\t\t<p data-start=\"255\" data-end=\"647\">El rector del Seminario, <strong>Anselmo Matilla<\/strong>, ha participado en el I Encuentro de Rectores de Seminarios Mayores y Psic\u00f3logos que colaboran en la formaci\u00f3n sacerdotal. <strong>&#8216;Formaci\u00f3n sacerdotal inicial y acompa\u00f1amiento psicol\u00f3gico: hacia una colaboraci\u00f3n integrada&#8217;<\/strong>, ha sido el t\u00edtulo de este encuentro que ha tenido lugar del jueves 16 de abril al s\u00e1bado, 18 en Madrid. Anselmo ha asistido a este encuentro <strong>en representaci\u00f3n del Teologado de \u00c1vila<\/strong>, donde se forman los seminaristas de varias di\u00f3cesis, como la de Ciudad Rodrigo.<\/p><p data-start=\"649\" data-end=\"993\">Este encuentro se enmarca en el horizonte del Plan de Formaci\u00f3n Sacerdotal &#8216;<em data-start=\"724\" data-end=\"745\">Pastores misioneros&#8217;<\/em>, que propone <strong>una formaci\u00f3n verdaderamente integral del futuro presb\u00edtero<\/strong>. En este contexto, se quiere favorecer un espacio de di\u00e1logo entre rectores y psic\u00f3logos para <strong>afrontar conjuntamente los desaf\u00edos del proceso formativo<\/strong> hacia el presbiterado.<\/p><p data-start=\"995\" data-end=\"1378\">En concreto, el Plan &#8216;<em data-start=\"1016\" data-end=\"1037\">Pastores misioneros&#8217;<\/em> propone promover una formaci\u00f3n integral y gradual en las situaciones concretas, integrando adecuadamente las distintas dimensiones de la persona. Este encuentro ha buscado, precisamente, <strong>avanzar en esta colaboraci\u00f3n, ofreciendo criterios y herramientas para un acompa\u00f1amiento vocacional<\/strong> m\u00e1s l\u00facido, coordinado y al servicio del bien de la Iglesia.<\/p><p data-start=\"995\" data-end=\"1378\">\u00a0<\/p><h4>PROGRAMA<\/h4><p>El Encuentro ha comenzado el jueves por la tarde con la acogida de los participantes, seguida de la oraci\u00f3n inicial y el saludo de <strong><span class=\"stk-highlight\">Mons. Jes\u00fas Pulido Arriero<\/span><\/strong>, obispo de Coria-C\u00e1ceres y presidente de la Comisi\u00f3n Episcopal para el Clero y Seminarios, y de <strong><span class=\"stk-highlight\">Mons. Jes\u00fas Vidal Chamorro<\/span>,<\/strong> obispo de Segovia y presidente de la Subcomisi\u00f3n Episcopal para los Seminarios. A continuaci\u00f3n, <strong>Florentino P\u00e9rez Vaquero<\/strong>, director del Secretariado de la Subcomisi\u00f3n, ha impartido la ponencia \u2018<strong>El papel de la psicolog\u00eda en el proceso formativo del seminario mayor\u2019<\/strong>. La tarde ha continuado con distintos <strong>trabajos en grupo<\/strong> \u2014espec\u00edficos y mixtos\u2014 y un <strong>debate <\/strong>sobre el informe psicol\u00f3gico en el \u00e1mbito formativo.<\/p><p>El viernes, <strong>Teresa Barrera Cruz<\/strong>, psic\u00f3loga y terapeuta, ha ofrecido una ponencia sobre el perfil del seminarista actual y los aspectos a desarrollar en el contexto de los <strong>cambios sociales<\/strong>. Tras los trabajos en grupo, <strong>Rufino-Jos\u00e9 Meana Pe\u00f3n, SJ<\/strong>, ha abordado la integraci\u00f3n de la <strong>sexualidad<\/strong> <strong>en la identidad sacerdotal<\/strong> dentro del proceso formativo. Por la tarde, <strong>Montserrat Lafuente Gil<\/strong> ha presentado una reflexi\u00f3n sobre los criterios psicol\u00f3gicos en la formaci\u00f3n y la posible aplicaci\u00f3n de <strong>protocolos comunes<\/strong> en los seminarios. La jornada ha concluido con un debate sobre el <strong>discernimiento conjunto<\/strong> <strong>entre rectores y psic\u00f3logos.<\/strong><\/p><p>El \u00faltimo d\u00eda ha comenzado con la ponencia \u2018<strong>Las \u201cl\u00edneas rojas\u201d del proceso formativo y la idoneidad del candidato<\/strong>\u2019, impartida por <strong>Carlos Chiclana Actis<\/strong>, especialista en psiquiatr\u00eda. Tras un nuevo trabajo en grupos, el encuentro ha finalizado con la presentaci\u00f3n de las conclusiones y la despedida.<\/p>\t\t\t\t\t<\/div>\n\t\t\t\t\t\t<\/div>\n\t\t\t\t<\/div>\n\t\t\t\t\t\t<\/div>\n\t\t\t\t\t<\/div>\n\t\t<\/div>\n\t\t\t\t\t\t\t\t<\/div>\n\t\t\t\t\t<\/div>\n\t\t<\/section>\n\t\t\t\t<section class=\"elementor-section elementor-top-section elementor-element elementor-element-5213d78 elementor-section-boxed elementor-section-height-default elementor-section-height-default\" data-id=\"5213d78\" data-element_type=\"section\">\n\t\t\t\t\t\t<div class=\"elementor-container elementor-column-gap-default\">\n\t\t\t\t\t\t\t<div class=\"elementor-row\">\n\t\t\t\t\t<div class=\"elementor-column elementor-col-100 elementor-top-column elementor-element elementor-element-7f482c9\" data-id=\"7f482c9\" data-element_type=\"column\">\n\t\t\t<div class=\"elementor-column-wrap elementor-element-populated\">\n\t\t\t\t\t\t\t<div class=\"elementor-widget-wrap\">\n\t\t\t\t\t\t<div class=\"elementor-element elementor-element-6b901a9 elementor-widget elementor-widget-image-gallery\" data-id=\"6b901a9\" data-element_type=\"widget\" data-widget_type=\"image-gallery.default\">\n\t\t\t\t<div class=\"elementor-widget-container\">\n\t\t\t\t\t<div class=\"elementor-image-gallery\">\n\t\t\t<div id='gallery-1' class='gallery galleryid-43892 gallery-columns-2 gallery-size-thumbnail'><figure class='gallery-item'>\n\t\t\t<div class='gallery-icon landscape'>\n\t\t\t\t<a  href='https:\/\/www.diocesisciudadrodrigo.org\/blog4\/wp-content\/uploads\/2026\/04\/29fd47a2-448a-4cce-b6ea-ba18cea9f4d6.jpg'><img loading=\"lazy\" decoding=\"async\" width=\"500\" height=\"500\" src=\"https:\/\/www.diocesisciudadrodrigo.org\/blog4\/wp-content\/uploads\/2026\/04\/29fd47a2-448a-4cce-b6ea-ba18cea9f4d6-500x500.jpg\" class=\"attachment-thumbnail size-thumbnail\" alt=\"\" \/><\/a>\n\t\t\t<\/div><\/figure><figure class='gallery-item'>\n\t\t\t<div class='gallery-icon portrait'>\n\t\t\t\t<a  href='https:\/\/www.diocesisciudadrodrigo.org\/blog4\/wp-content\/uploads\/2026\/04\/d11d81cc-b08b-4696-8b0b-1a6bce76bea4.jpg'><img loading=\"lazy\" decoding=\"async\" width=\"500\" height=\"500\" src=\"https:\/\/www.diocesisciudadrodrigo.org\/blog4\/wp-content\/uploads\/2026\/04\/d11d81cc-b08b-4696-8b0b-1a6bce76bea4-500x500.jpg\" class=\"attachment-thumbnail size-thumbnail\" alt=\"\" \/><\/a>\n\t\t\t<\/div><\/figure>\n\t\t<\/div>\n\t\t<\/div>\n\t\t\t\t<\/div>\n\t\t\t\t<\/div>\n\t\t\t\t\t\t<\/div>\n\t\t\t\t\t<\/div>\n\t\t<\/div>\n\t\t\t\t\t\t\t\t<\/div>\n\t\t\t\t\t<\/div>\n\t\t<\/section>\n\t\t\t\t\t\t<\/div>\n\t\t\t\t\t\t<\/div>\n\t\t\t\t\t<\/div>\n\t\t","protected":false},"excerpt":{"rendered":"<p>Ha representado al Teologado de \u00c1vila en este encuentro organizado por la Subcomisi\u00f3n Episcopal para los Seminarios<\/p>\n","protected":false},"author":1,"featured_media":43900,"comment_status":"closed","ping_status":"closed","sticky":false,"template":"","format":"standard","meta":{"footnotes":""},"categories":[6],"tags":[15],"class_list":["post-43892","post","type-post","status-publish","format-standard","has-post-thumbnail","hentry","category-noticias","tag-seminario","masonry-post","generate-columns","tablet-grid-50","mobile-grid-100","grid-parent","grid-50"],"yoast_head":"<!-- This site is optimized with the Yoast SEO plugin v27.3 - https:\/\/yoast.com\/product\/yoast-seo-wordpress\/ -->\n<title>Anselmo Matilla participa en el I Encuentro de Rectores de Seminarios Mayores y Psic\u00f3logos que colaboran en la formaci\u00f3n sacerdotal - Di\u00f3cesis de Ciudad Rodrigo<\/title>\n<meta name=\"description\" content=\"Ha representado al Teologado de \u00c1vila en este encuentro organizado por la Subcomisi\u00f3n Episcopal para los Seminarios\" \/>\n<meta name=\"robots\" content=\"index, follow, max-snippet:-1, max-image-preview:large, max-video-preview:-1\" \/>\n<link rel=\"canonical\" href=\"https:\/\/www.diocesisciudadrodrigo.org\/blog4\/anselmo-matilla-participa-en-el-i-encuentro-de-rectores-de-seminarios-mayores-y-psicologos-que-colaboran-en-la-formacion-sacerdotal\/\" \/>\n<meta property=\"og:locale\" content=\"es_ES\" \/>\n<meta property=\"og:type\" content=\"article\" \/>\n<meta property=\"og:title\" content=\"Anselmo Matilla participa en el I Encuentro de Rectores de Seminarios Mayores y Psic\u00f3logos que colaboran en la formaci\u00f3n sacerdotal - Di\u00f3cesis de Ciudad Rodrigo\" \/>\n<meta property=\"og:description\" content=\"Ha representado al Teologado de \u00c1vila en este encuentro organizado por la Subcomisi\u00f3n Episcopal para los Seminarios\" \/>\n<meta property=\"og:url\" content=\"https:\/\/www.diocesisciudadrodrigo.org\/blog4\/anselmo-matilla-participa-en-el-i-encuentro-de-rectores-de-seminarios-mayores-y-psicologos-que-colaboran-en-la-formacion-sacerdotal\/\" \/>\n<meta property=\"og:site_name\" content=\"Di\u00f3cesis de Ciudad Rodrigo\" \/>\n<meta property=\"article:publisher\" content=\"https:\/\/www.facebook.com\/people\/Dicesis-Ciudad-Rodrigo-MCS\/100076471923419\/#\" \/>\n<meta property=\"article:published_time\" content=\"2026-04-18T15:49:21+00:00\" \/>\n<meta property=\"og:image\" content=\"https:\/\/www.diocesisciudadrodrigo.org\/blog4\/wp-content\/uploads\/2026\/04\/IMG_1444.jpeg\" \/>\n\t<meta property=\"og:image:width\" content=\"1196\" \/>\n\t<meta property=\"og:image:height\" content=\"673\" \/>\n\t<meta property=\"og:image:type\" content=\"image\/jpeg\" \/>\n<meta name=\"author\" content=\"medios CR\" \/>\n<meta name=\"twitter:card\" content=\"summary_large_image\" \/>\n<meta name=\"twitter:label1\" content=\"Escrito por\" \/>\n\t<meta name=\"twitter:data1\" content=\"medios CR\" \/>\n\t<meta name=\"twitter:label2\" content=\"Tiempo de lectura\" \/>\n\t<meta name=\"twitter:data2\" content=\"3 minutos\" \/>\n<script type=\"application\/ld+json\" class=\"yoast-schema-graph\">{\"@context\":\"https:\\\/\\\/schema.org\",\"@graph\":[{\"@type\":\"Article\",\"@id\":\"https:\\\/\\\/www.diocesisciudadrodrigo.org\\\/blog4\\\/anselmo-matilla-participa-en-el-i-encuentro-de-rectores-de-seminarios-mayores-y-psicologos-que-colaboran-en-la-formacion-sacerdotal\\\/#article\",\"isPartOf\":{\"@id\":\"https:\\\/\\\/www.diocesisciudadrodrigo.org\\\/blog4\\\/anselmo-matilla-participa-en-el-i-encuentro-de-rectores-de-seminarios-mayores-y-psicologos-que-colaboran-en-la-formacion-sacerdotal\\\/\"},\"author\":{\"name\":\"medios CR\",\"@id\":\"https:\\\/\\\/www.diocesisciudadrodrigo.org\\\/blog4\\\/#\\\/schema\\\/person\\\/5fcf0ca636a75766ff70e6417b6ed052\"},\"headline\":\"Anselmo Matilla participa en el I Encuentro de Rectores de Seminarios Mayores y Psic\u00f3logos que colaboran en la formaci\u00f3n sacerdotal\",\"datePublished\":\"2026-04-18T15:49:21+00:00\",\"mainEntityOfPage\":{\"@id\":\"https:\\\/\\\/www.diocesisciudadrodrigo.org\\\/blog4\\\/anselmo-matilla-participa-en-el-i-encuentro-de-rectores-de-seminarios-mayores-y-psicologos-que-colaboran-en-la-formacion-sacerdotal\\\/\"},\"wordCount\":504,\"publisher\":{\"@id\":\"https:\\\/\\\/www.diocesisciudadrodrigo.org\\\/blog4\\\/#organization\"},\"image\":{\"@id\":\"https:\\\/\\\/www.diocesisciudadrodrigo.org\\\/blog4\\\/anselmo-matilla-participa-en-el-i-encuentro-de-rectores-de-seminarios-mayores-y-psicologos-que-colaboran-en-la-formacion-sacerdotal\\\/#primaryimage\"},\"thumbnailUrl\":\"https:\\\/\\\/www.diocesisciudadrodrigo.org\\\/blog4\\\/wp-content\\\/uploads\\\/2026\\\/04\\\/IMG_1444.jpeg\",\"keywords\":[\"seminario\"],\"articleSection\":[\"Noticias\"],\"inLanguage\":\"es\"},{\"@type\":\"WebPage\",\"@id\":\"https:\\\/\\\/www.diocesisciudadrodrigo.org\\\/blog4\\\/anselmo-matilla-participa-en-el-i-encuentro-de-rectores-de-seminarios-mayores-y-psicologos-que-colaboran-en-la-formacion-sacerdotal\\\/\",\"url\":\"https:\\\/\\\/www.diocesisciudadrodrigo.org\\\/blog4\\\/anselmo-matilla-participa-en-el-i-encuentro-de-rectores-de-seminarios-mayores-y-psicologos-que-colaboran-en-la-formacion-sacerdotal\\\/\",\"name\":\"Anselmo Matilla participa en el I Encuentro de Rectores de Seminarios Mayores y Psic\u00f3logos que colaboran en la formaci\u00f3n sacerdotal - Di\u00f3cesis de Ciudad Rodrigo\",\"isPartOf\":{\"@id\":\"https:\\\/\\\/www.diocesisciudadrodrigo.org\\\/blog4\\\/#website\"},\"primaryImageOfPage\":{\"@id\":\"https:\\\/\\\/www.diocesisciudadrodrigo.org\\\/blog4\\\/anselmo-matilla-participa-en-el-i-encuentro-de-rectores-de-seminarios-mayores-y-psicologos-que-colaboran-en-la-formacion-sacerdotal\\\/#primaryimage\"},\"image\":{\"@id\":\"https:\\\/\\\/www.diocesisciudadrodrigo.org\\\/blog4\\\/anselmo-matilla-participa-en-el-i-encuentro-de-rectores-de-seminarios-mayores-y-psicologos-que-colaboran-en-la-formacion-sacerdotal\\\/#primaryimage\"},\"thumbnailUrl\":\"https:\\\/\\\/www.diocesisciudadrodrigo.org\\\/blog4\\\/wp-content\\\/uploads\\\/2026\\\/04\\\/IMG_1444.jpeg\",\"datePublished\":\"2026-04-18T15:49:21+00:00\",\"description\":\"Ha representado al Teologado de \u00c1vila en este encuentro organizado por la Subcomisi\u00f3n Episcopal para los Seminarios\",\"breadcrumb\":{\"@id\":\"https:\\\/\\\/www.diocesisciudadrodrigo.org\\\/blog4\\\/anselmo-matilla-participa-en-el-i-encuentro-de-rectores-de-seminarios-mayores-y-psicologos-que-colaboran-en-la-formacion-sacerdotal\\\/#breadcrumb\"},\"inLanguage\":\"es\",\"potentialAction\":[{\"@type\":\"ReadAction\",\"target\":[\"https:\\\/\\\/www.diocesisciudadrodrigo.org\\\/blog4\\\/anselmo-matilla-participa-en-el-i-encuentro-de-rectores-de-seminarios-mayores-y-psicologos-que-colaboran-en-la-formacion-sacerdotal\\\/\"]}]},{\"@type\":\"ImageObject\",\"inLanguage\":\"es\",\"@id\":\"https:\\\/\\\/www.diocesisciudadrodrigo.org\\\/blog4\\\/anselmo-matilla-participa-en-el-i-encuentro-de-rectores-de-seminarios-mayores-y-psicologos-que-colaboran-en-la-formacion-sacerdotal\\\/#primaryimage\",\"url\":\"https:\\\/\\\/www.diocesisciudadrodrigo.org\\\/blog4\\\/wp-content\\\/uploads\\\/2026\\\/04\\\/IMG_1444.jpeg\",\"contentUrl\":\"https:\\\/\\\/www.diocesisciudadrodrigo.org\\\/blog4\\\/wp-content\\\/uploads\\\/2026\\\/04\\\/IMG_1444.jpeg\",\"width\":1196,\"height\":673,\"caption\":\"FOTO: Instagram @cleroyseminarios_cee\"},{\"@type\":\"BreadcrumbList\",\"@id\":\"https:\\\/\\\/www.diocesisciudadrodrigo.org\\\/blog4\\\/anselmo-matilla-participa-en-el-i-encuentro-de-rectores-de-seminarios-mayores-y-psicologos-que-colaboran-en-la-formacion-sacerdotal\\\/#breadcrumb\",\"itemListElement\":[{\"@type\":\"ListItem\",\"position\":1,\"name\":\"Portada\",\"item\":\"https:\\\/\\\/www.diocesisciudadrodrigo.org\\\/blog4\\\/\"},{\"@type\":\"ListItem\",\"position\":2,\"name\":\"Anselmo Matilla participa en el I Encuentro de Rectores de Seminarios Mayores y Psic\u00f3logos que colaboran en la formaci\u00f3n sacerdotal\"}]},{\"@type\":\"WebSite\",\"@id\":\"https:\\\/\\\/www.diocesisciudadrodrigo.org\\\/blog4\\\/#website\",\"url\":\"https:\\\/\\\/www.diocesisciudadrodrigo.org\\\/blog4\\\/\",\"name\":\"Di\u00f3cesis de Ciudad Rodrigo\",\"description\":\"Sitio web oficial de la di\u00f3cesis civitatense\",\"publisher\":{\"@id\":\"https:\\\/\\\/www.diocesisciudadrodrigo.org\\\/blog4\\\/#organization\"},\"potentialAction\":[{\"@type\":\"SearchAction\",\"target\":{\"@type\":\"EntryPoint\",\"urlTemplate\":\"https:\\\/\\\/www.diocesisciudadrodrigo.org\\\/blog4\\\/?s={search_term_string}\"},\"query-input\":{\"@type\":\"PropertyValueSpecification\",\"valueRequired\":true,\"valueName\":\"search_term_string\"}}],\"inLanguage\":\"es\"},{\"@type\":\"Organization\",\"@id\":\"https:\\\/\\\/www.diocesisciudadrodrigo.org\\\/blog4\\\/#organization\",\"name\":\"Di\u00f3cesis de Ciudad Rodrigo\",\"url\":\"https:\\\/\\\/www.diocesisciudadrodrigo.org\\\/blog4\\\/\",\"logo\":{\"@type\":\"ImageObject\",\"inLanguage\":\"es\",\"@id\":\"https:\\\/\\\/www.diocesisciudadrodrigo.org\\\/blog4\\\/#\\\/schema\\\/logo\\\/image\\\/\",\"url\":\"https:\\\/\\\/www.diocesisciudadrodrigo.org\\\/blog4\\\/wp-content\\\/uploads\\\/2024\\\/12\\\/Diocesis.CMYK_-768x480-1.jpg\",\"contentUrl\":\"https:\\\/\\\/www.diocesisciudadrodrigo.org\\\/blog4\\\/wp-content\\\/uploads\\\/2024\\\/12\\\/Diocesis.CMYK_-768x480-1.jpg\",\"width\":768,\"height\":480,\"caption\":\"Di\u00f3cesis de Ciudad Rodrigo\"},\"image\":{\"@id\":\"https:\\\/\\\/www.diocesisciudadrodrigo.org\\\/blog4\\\/#\\\/schema\\\/logo\\\/image\\\/\"},\"sameAs\":[\"https:\\\/\\\/www.facebook.com\\\/people\\\/Dicesis-Ciudad-Rodrigo-MCS\\\/100076471923419\\\/#\"]},{\"@type\":\"Person\",\"@id\":\"https:\\\/\\\/www.diocesisciudadrodrigo.org\\\/blog4\\\/#\\\/schema\\\/person\\\/5fcf0ca636a75766ff70e6417b6ed052\",\"name\":\"medios CR\",\"image\":{\"@type\":\"ImageObject\",\"inLanguage\":\"es\",\"@id\":\"https:\\\/\\\/secure.gravatar.com\\\/avatar\\\/4a619fd0c7e36bd570f4e6e15eb09a2191185d0f63d8dbfdffe848af141ab87e?s=96&d=mm&r=g\",\"url\":\"https:\\\/\\\/secure.gravatar.com\\\/avatar\\\/4a619fd0c7e36bd570f4e6e15eb09a2191185d0f63d8dbfdffe848af141ab87e?s=96&d=mm&r=g\",\"contentUrl\":\"https:\\\/\\\/secure.gravatar.com\\\/avatar\\\/4a619fd0c7e36bd570f4e6e15eb09a2191185d0f63d8dbfdffe848af141ab87e?s=96&d=mm&r=g\",\"caption\":\"medios CR\"},\"url\":\"https:\\\/\\\/www.diocesisciudadrodrigo.org\\\/blog4\\\/author\\\/admin4\\\/\"}]}<\/script>\n<!-- \/ Yoast SEO plugin. -->","yoast_head_json":{"title":"Anselmo Matilla participa en el I Encuentro de Rectores de Seminarios Mayores y Psic\u00f3logos que colaboran en la formaci\u00f3n sacerdotal - Di\u00f3cesis de Ciudad Rodrigo","description":"Ha representado al Teologado de \u00c1vila en este encuentro organizado por la Subcomisi\u00f3n Episcopal para los Seminarios","robots":{"index":"index","follow":"follow","max-snippet":"max-snippet:-1","max-image-preview":"max-image-preview:large","max-video-preview":"max-video-preview:-1"},"canonical":"https:\/\/www.diocesisciudadrodrigo.org\/blog4\/anselmo-matilla-participa-en-el-i-encuentro-de-rectores-de-seminarios-mayores-y-psicologos-que-colaboran-en-la-formacion-sacerdotal\/","og_locale":"es_ES","og_type":"article","og_title":"Anselmo Matilla participa en el I Encuentro de Rectores de Seminarios Mayores y Psic\u00f3logos que colaboran en la formaci\u00f3n sacerdotal - Di\u00f3cesis de Ciudad Rodrigo","og_description":"Ha representado al Teologado de \u00c1vila en este encuentro organizado por la Subcomisi\u00f3n Episcopal para los Seminarios","og_url":"https:\/\/www.diocesisciudadrodrigo.org\/blog4\/anselmo-matilla-participa-en-el-i-encuentro-de-rectores-de-seminarios-mayores-y-psicologos-que-colaboran-en-la-formacion-sacerdotal\/","og_site_name":"Di\u00f3cesis de Ciudad Rodrigo","article_publisher":"https:\/\/www.facebook.com\/people\/Dicesis-Ciudad-Rodrigo-MCS\/100076471923419\/#","article_published_time":"2026-04-18T15:49:21+00:00","og_image":[{"width":1196,"height":673,"url":"https:\/\/www.diocesisciudadrodrigo.org\/blog4\/wp-content\/uploads\/2026\/04\/IMG_1444.jpeg","type":"image\/jpeg"}],"author":"medios CR","twitter_card":"summary_large_image","twitter_misc":{"Escrito por":"medios CR","Tiempo de lectura":"3 minutos"},"schema":{"@context":"https:\/\/schema.org","@graph":[{"@type":"Article","@id":"https:\/\/www.diocesisciudadrodrigo.org\/blog4\/anselmo-matilla-participa-en-el-i-encuentro-de-rectores-de-seminarios-mayores-y-psicologos-que-colaboran-en-la-formacion-sacerdotal\/#article","isPartOf":{"@id":"https:\/\/www.diocesisciudadrodrigo.org\/blog4\/anselmo-matilla-participa-en-el-i-encuentro-de-rectores-de-seminarios-mayores-y-psicologos-que-colaboran-en-la-formacion-sacerdotal\/"},"author":{"name":"medios CR","@id":"https:\/\/www.diocesisciudadrodrigo.org\/blog4\/#\/schema\/person\/5fcf0ca636a75766ff70e6417b6ed052"},"headline":"Anselmo Matilla participa en el I Encuentro de Rectores de Seminarios Mayores y Psic\u00f3logos que colaboran en la formaci\u00f3n sacerdotal","datePublished":"2026-04-18T15:49:21+00:00","mainEntityOfPage":{"@id":"https:\/\/www.diocesisciudadrodrigo.org\/blog4\/anselmo-matilla-participa-en-el-i-encuentro-de-rectores-de-seminarios-mayores-y-psicologos-que-colaboran-en-la-formacion-sacerdotal\/"},"wordCount":504,"publisher":{"@id":"https:\/\/www.diocesisciudadrodrigo.org\/blog4\/#organization"},"image":{"@id":"https:\/\/www.diocesisciudadrodrigo.org\/blog4\/anselmo-matilla-participa-en-el-i-encuentro-de-rectores-de-seminarios-mayores-y-psicologos-que-colaboran-en-la-formacion-sacerdotal\/#primaryimage"},"thumbnailUrl":"https:\/\/www.diocesisciudadrodrigo.org\/blog4\/wp-content\/uploads\/2026\/04\/IMG_1444.jpeg","keywords":["seminario"],"articleSection":["Noticias"],"inLanguage":"es"},{"@type":"WebPage","@id":"https:\/\/www.diocesisciudadrodrigo.org\/blog4\/anselmo-matilla-participa-en-el-i-encuentro-de-rectores-de-seminarios-mayores-y-psicologos-que-colaboran-en-la-formacion-sacerdotal\/","url":"https:\/\/www.diocesisciudadrodrigo.org\/blog4\/anselmo-matilla-participa-en-el-i-encuentro-de-rectores-de-seminarios-mayores-y-psicologos-que-colaboran-en-la-formacion-sacerdotal\/","name":"Anselmo Matilla participa en el I Encuentro de Rectores de Seminarios Mayores y Psic\u00f3logos que colaboran en la formaci\u00f3n sacerdotal - Di\u00f3cesis de Ciudad Rodrigo","isPartOf":{"@id":"https:\/\/www.diocesisciudadrodrigo.org\/blog4\/#website"},"primaryImageOfPage":{"@id":"https:\/\/www.diocesisciudadrodrigo.org\/blog4\/anselmo-matilla-participa-en-el-i-encuentro-de-rectores-de-seminarios-mayores-y-psicologos-que-colaboran-en-la-formacion-sacerdotal\/#primaryimage"},"image":{"@id":"https:\/\/www.diocesisciudadrodrigo.org\/blog4\/anselmo-matilla-participa-en-el-i-encuentro-de-rectores-de-seminarios-mayores-y-psicologos-que-colaboran-en-la-formacion-sacerdotal\/#primaryimage"},"thumbnailUrl":"https:\/\/www.diocesisciudadrodrigo.org\/blog4\/wp-content\/uploads\/2026\/04\/IMG_1444.jpeg","datePublished":"2026-04-18T15:49:21+00:00","description":"Ha representado al Teologado de \u00c1vila en este encuentro organizado por la Subcomisi\u00f3n Episcopal para los Seminarios","breadcrumb":{"@id":"https:\/\/www.diocesisciudadrodrigo.org\/blog4\/anselmo-matilla-participa-en-el-i-encuentro-de-rectores-de-seminarios-mayores-y-psicologos-que-colaboran-en-la-formacion-sacerdotal\/#breadcrumb"},"inLanguage":"es","potentialAction":[{"@type":"ReadAction","target":["https:\/\/www.diocesisciudadrodrigo.org\/blog4\/anselmo-matilla-participa-en-el-i-encuentro-de-rectores-de-seminarios-mayores-y-psicologos-que-colaboran-en-la-formacion-sacerdotal\/"]}]},{"@type":"ImageObject","inLanguage":"es","@id":"https:\/\/www.diocesisciudadrodrigo.org\/blog4\/anselmo-matilla-participa-en-el-i-encuentro-de-rectores-de-seminarios-mayores-y-psicologos-que-colaboran-en-la-formacion-sacerdotal\/#primaryimage","url":"https:\/\/www.diocesisciudadrodrigo.org\/blog4\/wp-content\/uploads\/2026\/04\/IMG_1444.jpeg","contentUrl":"https:\/\/www.diocesisciudadrodrigo.org\/blog4\/wp-content\/uploads\/2026\/04\/IMG_1444.jpeg","width":1196,"height":673,"caption":"FOTO: Instagram @cleroyseminarios_cee"},{"@type":"BreadcrumbList","@id":"https:\/\/www.diocesisciudadrodrigo.org\/blog4\/anselmo-matilla-participa-en-el-i-encuentro-de-rectores-de-seminarios-mayores-y-psicologos-que-colaboran-en-la-formacion-sacerdotal\/#breadcrumb","itemListElement":[{"@type":"ListItem","position":1,"name":"Portada","item":"https:\/\/www.diocesisciudadrodrigo.org\/blog4\/"},{"@type":"ListItem","position":2,"name":"Anselmo Matilla participa en el I Encuentro de Rectores de Seminarios Mayores y Psic\u00f3logos que colaboran en la formaci\u00f3n sacerdotal"}]},{"@type":"WebSite","@id":"https:\/\/www.diocesisciudadrodrigo.org\/blog4\/#website","url":"https:\/\/www.diocesisciudadrodrigo.org\/blog4\/","name":"Di\u00f3cesis de Ciudad Rodrigo","description":"Sitio web oficial de la di\u00f3cesis civitatense","publisher":{"@id":"https:\/\/www.diocesisciudadrodrigo.org\/blog4\/#organization"},"potentialAction":[{"@type":"SearchAction","target":{"@type":"EntryPoint","urlTemplate":"https:\/\/www.diocesisciudadrodrigo.org\/blog4\/?s={search_term_string}"},"query-input":{"@type":"PropertyValueSpecification","valueRequired":true,"valueName":"search_term_string"}}],"inLanguage":"es"},{"@type":"Organization","@id":"https:\/\/www.diocesisciudadrodrigo.org\/blog4\/#organization","name":"Di\u00f3cesis de Ciudad Rodrigo","url":"https:\/\/www.diocesisciudadrodrigo.org\/blog4\/","logo":{"@type":"ImageObject","inLanguage":"es","@id":"https:\/\/www.diocesisciudadrodrigo.org\/blog4\/#\/schema\/logo\/image\/","url":"https:\/\/www.diocesisciudadrodrigo.org\/blog4\/wp-content\/uploads\/2024\/12\/Diocesis.CMYK_-768x480-1.jpg","contentUrl":"https:\/\/www.diocesisciudadrodrigo.org\/blog4\/wp-content\/uploads\/2024\/12\/Diocesis.CMYK_-768x480-1.jpg","width":768,"height":480,"caption":"Di\u00f3cesis de Ciudad Rodrigo"},"image":{"@id":"https:\/\/www.diocesisciudadrodrigo.org\/blog4\/#\/schema\/logo\/image\/"},"sameAs":["https:\/\/www.facebook.com\/people\/Dicesis-Ciudad-Rodrigo-MCS\/100076471923419\/#"]},{"@type":"Person","@id":"https:\/\/www.diocesisciudadrodrigo.org\/blog4\/#\/schema\/person\/5fcf0ca636a75766ff70e6417b6ed052","name":"medios CR","image":{"@type":"ImageObject","inLanguage":"es","@id":"https:\/\/secure.gravatar.com\/avatar\/4a619fd0c7e36bd570f4e6e15eb09a2191185d0f63d8dbfdffe848af141ab87e?s=96&d=mm&r=g","url":"https:\/\/secure.gravatar.com\/avatar\/4a619fd0c7e36bd570f4e6e15eb09a2191185d0f63d8dbfdffe848af141ab87e?s=96&d=mm&r=g","contentUrl":"https:\/\/secure.gravatar.com\/avatar\/4a619fd0c7e36bd570f4e6e15eb09a2191185d0f63d8dbfdffe848af141ab87e?s=96&d=mm&r=g","caption":"medios CR"},"url":"https:\/\/www.diocesisciudadrodrigo.org\/blog4\/author\/admin4\/"}]}},"_links":{"self":[{"href":"https:\/\/www.diocesisciudadrodrigo.org\/blog4\/wp-json\/wp\/v2\/posts\/43892","targetHints":{"allow":["GET"]}}],"collection":[{"href":"https:\/\/www.diocesisciudadrodrigo.org\/blog4\/wp-json\/wp\/v2\/posts"}],"about":[{"href":"https:\/\/www.diocesisciudadrodrigo.org\/blog4\/wp-json\/wp\/v2\/types\/post"}],"author":[{"embeddable":true,"href":"https:\/\/www.diocesisciudadrodrigo.org\/blog4\/wp-json\/wp\/v2\/users\/1"}],"replies":[{"embeddable":true,"href":"https:\/\/www.diocesisciudadrodrigo.org\/blog4\/wp-json\/wp\/v2\/comments?post=43892"}],"version-history":[{"count":14,"href":"https:\/\/www.diocesisciudadrodrigo.org\/blog4\/wp-json\/wp\/v2\/posts\/43892\/revisions"}],"predecessor-version":[{"id":43909,"href":"https:\/\/www.diocesisciudadrodrigo.org\/blog4\/wp-json\/wp\/v2\/posts\/43892\/revisions\/43909"}],"wp:featuredmedia":[{"embeddable":true,"href":"https:\/\/www.diocesisciudadrodrigo.org\/blog4\/wp-json\/wp\/v2\/media\/43900"}],"wp:attachment":[{"href":"https:\/\/www.diocesisciudadrodrigo.org\/blog4\/wp-json\/wp\/v2\/media?parent=43892"}],"wp:term":[{"taxonomy":"category","embeddable":true,"href":"https:\/\/www.diocesisciudadrodrigo.org\/blog4\/wp-json\/wp\/v2\/categories?post=43892"},{"taxonomy":"post_tag","embeddable":true,"href":"https:\/\/www.diocesisciudadrodrigo.org\/blog4\/wp-json\/wp\/v2\/tags?post=43892"}],"curies":[{"name":"wp","href":"https:\/\/api.w.org\/{rel}","templated":true}]}}