{"id":43840,"date":"2026-04-16T18:00:57","date_gmt":"2026-04-16T16:00:57","guid":{"rendered":"https:\/\/www.diocesisciudadrodrigo.org\/blog4\/?p=43840"},"modified":"2026-04-16T18:00:57","modified_gmt":"2026-04-16T16:00:57","slug":"el-obispo-invita-a-vivir-en-comunion-la-asamblea-de-iglesia-en-castilla","status":"publish","type":"post","link":"https:\/\/www.diocesisciudadrodrigo.org\/blog4\/el-obispo-invita-a-vivir-en-comunion-la-asamblea-de-iglesia-en-castilla\/","title":{"rendered":"El obispo invita a vivir en comuni\u00f3n la Asamblea de Iglesia en Castilla"},"content":{"rendered":"\t\t<div data-elementor-type=\"wp-post\" data-elementor-id=\"43840\" class=\"elementor elementor-43840\" data-elementor-settings=\"[]\">\n\t\t\t\t\t\t<div class=\"elementor-inner\">\n\t\t\t\t\t\t\t<div class=\"elementor-section-wrap\">\n\t\t\t\t\t\t\t<section class=\"elementor-section elementor-top-section elementor-element elementor-element-cf03f2c elementor-section-boxed elementor-section-height-default elementor-section-height-default\" data-id=\"cf03f2c\" data-element_type=\"section\">\n\t\t\t\t\t\t<div class=\"elementor-container elementor-column-gap-default\">\n\t\t\t\t\t\t\t<div class=\"elementor-row\">\n\t\t\t\t\t<div class=\"elementor-column elementor-col-100 elementor-top-column elementor-element elementor-element-c5db7bf\" data-id=\"c5db7bf\" data-element_type=\"column\">\n\t\t\t<div class=\"elementor-column-wrap elementor-element-populated\">\n\t\t\t\t\t\t\t<div class=\"elementor-widget-wrap\">\n\t\t\t\t\t\t<div class=\"elementor-element elementor-element-277c29b elementor-aspect-ratio-169 elementor-widget elementor-widget-video\" data-id=\"277c29b\" data-element_type=\"widget\" data-settings=\"{&quot;youtube_url&quot;:&quot;https:\\\/\\\/youtu.be\\\/MKambBFsan8&quot;,&quot;video_type&quot;:&quot;youtube&quot;,&quot;controls&quot;:&quot;yes&quot;,&quot;aspect_ratio&quot;:&quot;169&quot;}\" data-widget_type=\"video.default\">\n\t\t\t\t<div class=\"elementor-widget-container\">\n\t\t\t\t\t<div class=\"elementor-wrapper elementor-fit-aspect-ratio elementor-open-inline\">\n\t\t\t<div class=\"elementor-video\"><\/div>\t\t<\/div>\n\t\t\t\t<\/div>\n\t\t\t\t<\/div>\n\t\t\t\t\t\t<\/div>\n\t\t\t\t\t<\/div>\n\t\t<\/div>\n\t\t\t\t\t\t\t\t<\/div>\n\t\t\t\t\t<\/div>\n\t\t<\/section>\n\t\t\t\t<section class=\"elementor-section elementor-top-section elementor-element elementor-element-d737814 elementor-section-boxed elementor-section-height-default elementor-section-height-default\" data-id=\"d737814\" data-element_type=\"section\">\n\t\t\t\t\t\t<div class=\"elementor-container elementor-column-gap-default\">\n\t\t\t\t\t\t\t<div class=\"elementor-row\">\n\t\t\t\t\t<div class=\"elementor-column elementor-col-100 elementor-top-column elementor-element elementor-element-621b681\" data-id=\"621b681\" data-element_type=\"column\">\n\t\t\t<div class=\"elementor-column-wrap elementor-element-populated\">\n\t\t\t\t\t\t\t<div class=\"elementor-widget-wrap\">\n\t\t\t\t\t\t<div class=\"elementor-element elementor-element-eba48af elementor-widget elementor-widget-text-editor\" data-id=\"eba48af\" data-element_type=\"widget\" data-widget_type=\"text-editor.default\">\n\t\t\t\t<div class=\"elementor-widget-container\">\n\t\t\t\t\t\t\t\t<div class=\"elementor-text-editor elementor-clearfix\">\n\t\t\t\t<p data-start=\"366\" data-end=\"612\">Mons. Jos\u00e9 Luis Retana ha dirigido<strong> un mensaje a los fieles de las di\u00f3cesis de Ciudad Rodrigo y Salamanca<\/strong> con motivo de la pr\u00f3xima Asamblea de Iglesia en Castilla, que tendr\u00e1 lugar en \u00c1vila bajo el lema &#8216;Renovados para la misi\u00f3n&#8217;.<\/p><p data-start=\"614\" data-end=\"955\">En su intervenci\u00f3n, el prelado ha destacado que este encuentro es fruto de un proceso compartido que las di\u00f3cesis de Castilla vienen recorriendo desde hace a\u00f1os. Un camino en el que, seg\u00fan ha se\u00f1alado, se ha buscado<strong> reconocer la realidad actual, interpretar los desaf\u00edos a la luz del Evangelio y discernir lo que el Esp\u00edritu Santo pide hoy a la Iglesia<\/strong>.<\/p><p data-start=\"957\" data-end=\"1178\">Mons. Retana ha subrayado que la Asamblea representa ahora \u00abun paso m\u00e1s\u00bb en este recorrido com\u00fan, orientado a <strong>concretar l\u00edneas de acci\u00f3n que permitan construir una Iglesia \u00abm\u00e1s cercana, m\u00e1s participativa y m\u00e1s misionera\u00bb<\/strong>.<\/p><p data-start=\"1180\" data-end=\"1370\">El obispo ha querido expresar su agradecimiento a quienes participar\u00e1n directamente en la Asamblea, destacando que <strong>representan la vida, la fe y las inquietudes de las comunidades diocesanas<\/strong>.<\/p><p data-start=\"1372\" data-end=\"1633\">Al mismo tiempo, ha insistido en que este proceso implica a todos los fieles. Por ello, ha invitado a sacerdotes, religiosos y laicos de Ciudad Rodrigo y Salamanca a <strong>acompa\u00f1ar este momento con la oraci\u00f3n y a sentirse parte activa de la Iglesia que camina unida<\/strong>.<\/p><p data-start=\"1635\" data-end=\"1849\">El mensaje concluye poniendo el acento en la acci\u00f3n del Esp\u00edritu Santo, a quien encomienda este proceso para que gu\u00ede a la Iglesia y<strong> la ayude a responder con fidelidad y esperanza a la misi\u00f3n que tiene encomendada<\/strong>.<\/p><h3 data-start=\"1635\" data-end=\"1849\">\u00a0<\/h3><h3 data-start=\"1635\" data-end=\"1849\">Representaci\u00f3n diocesana<\/h3><p data-start=\"1635\" data-end=\"1849\">25 personas representar\u00e1n a la Di\u00f3cesis de Ciudad Rodrigo en la Asamblea de Iglesia en Castilla. Precisamente, esta delegaci\u00f3n se reunir\u00e1 este s\u00e1bado 18 de abril, a las 11:30 horas, en el sal\u00f3n Mazarrasa del Obispado, en un encuentro previo a la Asamblea.<\/p><p data-start=\"1635\" data-end=\"1849\">El obispo, <strong>Mons. Jos\u00e9 Luis Retana, dar\u00e1 la bienvenida a los asistentes quienes abordar\u00e1n el documento 0 de esta Asamblea<\/strong>. Adem\u00e1s, conocer\u00e1n el m\u00e9todo de Conversaci\u00f3n en el Esp\u00edritu y se tratar\u00e1n otros aspectos como la asistencia al encuentro, los desplazamientos y otros asuntos de inter\u00e9s.<\/p>\t\t\t\t\t<\/div>\n\t\t\t\t\t\t<\/div>\n\t\t\t\t<\/div>\n\t\t\t\t\t\t<\/div>\n\t\t\t\t\t<\/div>\n\t\t<\/div>\n\t\t\t\t\t\t\t\t<\/div>\n\t\t\t\t\t<\/div>\n\t\t<\/section>\n\t\t\t\t<section class=\"elementor-section elementor-top-section elementor-element elementor-element-37ca82e elementor-section-boxed elementor-section-height-default elementor-section-height-default\" data-id=\"37ca82e\" data-element_type=\"section\">\n\t\t\t\t\t\t<div class=\"elementor-container elementor-column-gap-default\">\n\t\t\t\t\t\t\t<div class=\"elementor-row\">\n\t\t\t\t\t<div class=\"elementor-column elementor-col-100 elementor-top-column elementor-element elementor-element-52cfbf2\" data-id=\"52cfbf2\" data-element_type=\"column\">\n\t\t\t<div class=\"elementor-column-wrap elementor-element-populated\">\n\t\t\t\t\t\t\t<div class=\"elementor-widget-wrap\">\n\t\t\t\t\t\t<div class=\"elementor-element elementor-element-fec8005 elementor-widget elementor-widget-image\" data-id=\"fec8005\" data-element_type=\"widget\" data-widget_type=\"image.default\">\n\t\t\t\t<div class=\"elementor-widget-container\">\n\t\t\t\t\t\t\t\t<div class=\"elementor-image\">\n\t\t\t\t\t\t\t\t\t\t\t\t<img loading=\"lazy\" decoding=\"async\" width=\"1080\" height=\"1350\" src=\"https:\/\/www.diocesisciudadrodrigo.org\/blog4\/wp-content\/uploads\/2026\/04\/PHOTO-2026-04-09-17-05-54.jpg\" class=\"attachment-large size-large\" alt=\"\" srcset=\"https:\/\/www.diocesisciudadrodrigo.org\/blog4\/wp-content\/uploads\/2026\/04\/PHOTO-2026-04-09-17-05-54.jpg 1080w, https:\/\/www.diocesisciudadrodrigo.org\/blog4\/wp-content\/uploads\/2026\/04\/PHOTO-2026-04-09-17-05-54-800x1000.jpg 800w, https:\/\/www.diocesisciudadrodrigo.org\/blog4\/wp-content\/uploads\/2026\/04\/PHOTO-2026-04-09-17-05-54-768x960.jpg 768w, https:\/\/www.diocesisciudadrodrigo.org\/blog4\/wp-content\/uploads\/2026\/04\/PHOTO-2026-04-09-17-05-54-350x438.jpg 350w\" sizes=\"auto, (max-width: 1080px) 100vw, 1080px\" \/>\t\t\t\t\t\t\t\t\t\t\t\t\t\t<\/div>\n\t\t\t\t\t\t<\/div>\n\t\t\t\t<\/div>\n\t\t\t\t\t\t<\/div>\n\t\t\t\t\t<\/div>\n\t\t<\/div>\n\t\t\t\t\t\t\t\t<\/div>\n\t\t\t\t\t<\/div>\n\t\t<\/section>\n\t\t\t\t\t\t<\/div>\n\t\t\t\t\t\t<\/div>\n\t\t\t\t\t<\/div>\n\t\t","protected":false},"excerpt":{"rendered":"<p>Mons. Jos\u00e9 Luis Retana anima a acompa\u00f1ar con la oraci\u00f3n este encuentro, que se celebrar\u00e1 en \u00c1vila bajo el lema &#8216;Renovados para la misi\u00f3n&#8217;<\/p>\n","protected":false},"author":1,"featured_media":43856,"comment_status":"closed","ping_status":"closed","sticky":false,"template":"","format":"standard","meta":{"footnotes":""},"categories":[6],"tags":[35,67,31],"class_list":["post-43840","post","type-post","status-publish","format-standard","has-post-thumbnail","hentry","category-noticias","tag-diocesis","tag-iglesia-en-castilla","tag-obispo","masonry-post","generate-columns","tablet-grid-50","mobile-grid-100","grid-parent","grid-50"],"yoast_head":"<!-- This site is optimized with the Yoast SEO plugin v27.3 - https:\/\/yoast.com\/product\/yoast-seo-wordpress\/ -->\n<title>El obispo invita a vivir en comuni\u00f3n la Asamblea de Iglesia en Castilla - Di\u00f3cesis de Ciudad Rodrigo<\/title>\n<meta name=\"description\" content=\"Mons. Jos\u00e9 Luis Retana anima a acompa\u00f1ar con la oraci\u00f3n la Asamblea de Iglesia en Castilla que se celebrar\u00e1 en \u00c1vila bajo el lema &#039;Renovados para la misi\u00f3n&#039;\" \/>\n<meta name=\"robots\" content=\"index, follow, max-snippet:-1, max-image-preview:large, max-video-preview:-1\" \/>\n<link rel=\"canonical\" href=\"https:\/\/www.diocesisciudadrodrigo.org\/blog4\/el-obispo-invita-a-vivir-en-comunion-la-asamblea-de-iglesia-en-castilla\/\" \/>\n<meta property=\"og:locale\" content=\"es_ES\" \/>\n<meta property=\"og:type\" content=\"article\" \/>\n<meta property=\"og:title\" content=\"El obispo invita a vivir en comuni\u00f3n la Asamblea de Iglesia en Castilla - Di\u00f3cesis de Ciudad Rodrigo\" \/>\n<meta property=\"og:description\" content=\"Mons. Jos\u00e9 Luis Retana anima a acompa\u00f1ar con la oraci\u00f3n la Asamblea de Iglesia en Castilla que se celebrar\u00e1 en \u00c1vila bajo el lema &#039;Renovados para la misi\u00f3n&#039;\" \/>\n<meta property=\"og:url\" content=\"https:\/\/www.diocesisciudadrodrigo.org\/blog4\/el-obispo-invita-a-vivir-en-comunion-la-asamblea-de-iglesia-en-castilla\/\" \/>\n<meta property=\"og:site_name\" content=\"Di\u00f3cesis de Ciudad Rodrigo\" \/>\n<meta property=\"article:publisher\" content=\"https:\/\/www.facebook.com\/people\/Dicesis-Ciudad-Rodrigo-MCS\/100076471923419\/#\" \/>\n<meta property=\"article:published_time\" content=\"2026-04-16T16:00:57+00:00\" \/>\n<meta property=\"og:image\" content=\"https:\/\/www.diocesisciudadrodrigo.org\/blog4\/wp-content\/uploads\/2026\/04\/obispo-asamblea-castilla.jpg\" \/>\n\t<meta property=\"og:image:width\" content=\"1024\" \/>\n\t<meta property=\"og:image:height\" content=\"576\" \/>\n\t<meta property=\"og:image:type\" content=\"image\/jpeg\" \/>\n<meta name=\"author\" content=\"medios CR\" \/>\n<meta name=\"twitter:card\" content=\"summary_large_image\" \/>\n<meta name=\"twitter:label1\" content=\"Escrito por\" \/>\n\t<meta name=\"twitter:data1\" content=\"medios CR\" \/>\n\t<meta name=\"twitter:label2\" content=\"Tiempo de lectura\" \/>\n\t<meta name=\"twitter:data2\" content=\"2 minutos\" \/>\n<script type=\"application\/ld+json\" class=\"yoast-schema-graph\">{\"@context\":\"https:\\\/\\\/schema.org\",\"@graph\":[{\"@type\":\"Article\",\"@id\":\"https:\\\/\\\/www.diocesisciudadrodrigo.org\\\/blog4\\\/el-obispo-invita-a-vivir-en-comunion-la-asamblea-de-iglesia-en-castilla\\\/#article\",\"isPartOf\":{\"@id\":\"https:\\\/\\\/www.diocesisciudadrodrigo.org\\\/blog4\\\/el-obispo-invita-a-vivir-en-comunion-la-asamblea-de-iglesia-en-castilla\\\/\"},\"author\":{\"name\":\"medios CR\",\"@id\":\"https:\\\/\\\/www.diocesisciudadrodrigo.org\\\/blog4\\\/#\\\/schema\\\/person\\\/5fcf0ca636a75766ff70e6417b6ed052\"},\"headline\":\"El obispo invita a vivir en comuni\u00f3n la Asamblea de Iglesia en Castilla\",\"datePublished\":\"2026-04-16T16:00:57+00:00\",\"mainEntityOfPage\":{\"@id\":\"https:\\\/\\\/www.diocesisciudadrodrigo.org\\\/blog4\\\/el-obispo-invita-a-vivir-en-comunion-la-asamblea-de-iglesia-en-castilla\\\/\"},\"wordCount\":391,\"publisher\":{\"@id\":\"https:\\\/\\\/www.diocesisciudadrodrigo.org\\\/blog4\\\/#organization\"},\"image\":{\"@id\":\"https:\\\/\\\/www.diocesisciudadrodrigo.org\\\/blog4\\\/el-obispo-invita-a-vivir-en-comunion-la-asamblea-de-iglesia-en-castilla\\\/#primaryimage\"},\"thumbnailUrl\":\"https:\\\/\\\/www.diocesisciudadrodrigo.org\\\/blog4\\\/wp-content\\\/uploads\\\/2026\\\/04\\\/obispo-asamblea-castilla.jpg\",\"keywords\":[\"Di\u00f3cesis\",\"Iglesia en Castilla\",\"obispo\"],\"articleSection\":[\"Noticias\"],\"inLanguage\":\"es\"},{\"@type\":\"WebPage\",\"@id\":\"https:\\\/\\\/www.diocesisciudadrodrigo.org\\\/blog4\\\/el-obispo-invita-a-vivir-en-comunion-la-asamblea-de-iglesia-en-castilla\\\/\",\"url\":\"https:\\\/\\\/www.diocesisciudadrodrigo.org\\\/blog4\\\/el-obispo-invita-a-vivir-en-comunion-la-asamblea-de-iglesia-en-castilla\\\/\",\"name\":\"El obispo invita a vivir en comuni\u00f3n la Asamblea de Iglesia en Castilla - Di\u00f3cesis de Ciudad Rodrigo\",\"isPartOf\":{\"@id\":\"https:\\\/\\\/www.diocesisciudadrodrigo.org\\\/blog4\\\/#website\"},\"primaryImageOfPage\":{\"@id\":\"https:\\\/\\\/www.diocesisciudadrodrigo.org\\\/blog4\\\/el-obispo-invita-a-vivir-en-comunion-la-asamblea-de-iglesia-en-castilla\\\/#primaryimage\"},\"image\":{\"@id\":\"https:\\\/\\\/www.diocesisciudadrodrigo.org\\\/blog4\\\/el-obispo-invita-a-vivir-en-comunion-la-asamblea-de-iglesia-en-castilla\\\/#primaryimage\"},\"thumbnailUrl\":\"https:\\\/\\\/www.diocesisciudadrodrigo.org\\\/blog4\\\/wp-content\\\/uploads\\\/2026\\\/04\\\/obispo-asamblea-castilla.jpg\",\"datePublished\":\"2026-04-16T16:00:57+00:00\",\"description\":\"Mons. Jos\u00e9 Luis Retana anima a acompa\u00f1ar con la oraci\u00f3n la Asamblea de Iglesia en Castilla que se celebrar\u00e1 en \u00c1vila bajo el lema 'Renovados para la misi\u00f3n'\",\"breadcrumb\":{\"@id\":\"https:\\\/\\\/www.diocesisciudadrodrigo.org\\\/blog4\\\/el-obispo-invita-a-vivir-en-comunion-la-asamblea-de-iglesia-en-castilla\\\/#breadcrumb\"},\"inLanguage\":\"es\",\"potentialAction\":[{\"@type\":\"ReadAction\",\"target\":[\"https:\\\/\\\/www.diocesisciudadrodrigo.org\\\/blog4\\\/el-obispo-invita-a-vivir-en-comunion-la-asamblea-de-iglesia-en-castilla\\\/\"]}]},{\"@type\":\"ImageObject\",\"inLanguage\":\"es\",\"@id\":\"https:\\\/\\\/www.diocesisciudadrodrigo.org\\\/blog4\\\/el-obispo-invita-a-vivir-en-comunion-la-asamblea-de-iglesia-en-castilla\\\/#primaryimage\",\"url\":\"https:\\\/\\\/www.diocesisciudadrodrigo.org\\\/blog4\\\/wp-content\\\/uploads\\\/2026\\\/04\\\/obispo-asamblea-castilla.jpg\",\"contentUrl\":\"https:\\\/\\\/www.diocesisciudadrodrigo.org\\\/blog4\\\/wp-content\\\/uploads\\\/2026\\\/04\\\/obispo-asamblea-castilla.jpg\",\"width\":1024,\"height\":576},{\"@type\":\"BreadcrumbList\",\"@id\":\"https:\\\/\\\/www.diocesisciudadrodrigo.org\\\/blog4\\\/el-obispo-invita-a-vivir-en-comunion-la-asamblea-de-iglesia-en-castilla\\\/#breadcrumb\",\"itemListElement\":[{\"@type\":\"ListItem\",\"position\":1,\"name\":\"Portada\",\"item\":\"https:\\\/\\\/www.diocesisciudadrodrigo.org\\\/blog4\\\/\"},{\"@type\":\"ListItem\",\"position\":2,\"name\":\"El obispo invita a vivir en comuni\u00f3n la Asamblea de Iglesia en Castilla\"}]},{\"@type\":\"WebSite\",\"@id\":\"https:\\\/\\\/www.diocesisciudadrodrigo.org\\\/blog4\\\/#website\",\"url\":\"https:\\\/\\\/www.diocesisciudadrodrigo.org\\\/blog4\\\/\",\"name\":\"Di\u00f3cesis de Ciudad Rodrigo\",\"description\":\"Sitio web oficial de la di\u00f3cesis civitatense\",\"publisher\":{\"@id\":\"https:\\\/\\\/www.diocesisciudadrodrigo.org\\\/blog4\\\/#organization\"},\"potentialAction\":[{\"@type\":\"SearchAction\",\"target\":{\"@type\":\"EntryPoint\",\"urlTemplate\":\"https:\\\/\\\/www.diocesisciudadrodrigo.org\\\/blog4\\\/?s={search_term_string}\"},\"query-input\":{\"@type\":\"PropertyValueSpecification\",\"valueRequired\":true,\"valueName\":\"search_term_string\"}}],\"inLanguage\":\"es\"},{\"@type\":\"Organization\",\"@id\":\"https:\\\/\\\/www.diocesisciudadrodrigo.org\\\/blog4\\\/#organization\",\"name\":\"Di\u00f3cesis de Ciudad Rodrigo\",\"url\":\"https:\\\/\\\/www.diocesisciudadrodrigo.org\\\/blog4\\\/\",\"logo\":{\"@type\":\"ImageObject\",\"inLanguage\":\"es\",\"@id\":\"https:\\\/\\\/www.diocesisciudadrodrigo.org\\\/blog4\\\/#\\\/schema\\\/logo\\\/image\\\/\",\"url\":\"https:\\\/\\\/www.diocesisciudadrodrigo.org\\\/blog4\\\/wp-content\\\/uploads\\\/2024\\\/12\\\/Diocesis.CMYK_-768x480-1.jpg\",\"contentUrl\":\"https:\\\/\\\/www.diocesisciudadrodrigo.org\\\/blog4\\\/wp-content\\\/uploads\\\/2024\\\/12\\\/Diocesis.CMYK_-768x480-1.jpg\",\"width\":768,\"height\":480,\"caption\":\"Di\u00f3cesis de Ciudad Rodrigo\"},\"image\":{\"@id\":\"https:\\\/\\\/www.diocesisciudadrodrigo.org\\\/blog4\\\/#\\\/schema\\\/logo\\\/image\\\/\"},\"sameAs\":[\"https:\\\/\\\/www.facebook.com\\\/people\\\/Dicesis-Ciudad-Rodrigo-MCS\\\/100076471923419\\\/#\"]},{\"@type\":\"Person\",\"@id\":\"https:\\\/\\\/www.diocesisciudadrodrigo.org\\\/blog4\\\/#\\\/schema\\\/person\\\/5fcf0ca636a75766ff70e6417b6ed052\",\"name\":\"medios CR\",\"image\":{\"@type\":\"ImageObject\",\"inLanguage\":\"es\",\"@id\":\"https:\\\/\\\/secure.gravatar.com\\\/avatar\\\/4a619fd0c7e36bd570f4e6e15eb09a2191185d0f63d8dbfdffe848af141ab87e?s=96&d=mm&r=g\",\"url\":\"https:\\\/\\\/secure.gravatar.com\\\/avatar\\\/4a619fd0c7e36bd570f4e6e15eb09a2191185d0f63d8dbfdffe848af141ab87e?s=96&d=mm&r=g\",\"contentUrl\":\"https:\\\/\\\/secure.gravatar.com\\\/avatar\\\/4a619fd0c7e36bd570f4e6e15eb09a2191185d0f63d8dbfdffe848af141ab87e?s=96&d=mm&r=g\",\"caption\":\"medios CR\"},\"url\":\"https:\\\/\\\/www.diocesisciudadrodrigo.org\\\/blog4\\\/author\\\/admin4\\\/\"}]}<\/script>\n<!-- \/ Yoast SEO plugin. -->","yoast_head_json":{"title":"El obispo invita a vivir en comuni\u00f3n la Asamblea de Iglesia en Castilla - Di\u00f3cesis de Ciudad Rodrigo","description":"Mons. Jos\u00e9 Luis Retana anima a acompa\u00f1ar con la oraci\u00f3n la Asamblea de Iglesia en Castilla que se celebrar\u00e1 en \u00c1vila bajo el lema 'Renovados para la misi\u00f3n'","robots":{"index":"index","follow":"follow","max-snippet":"max-snippet:-1","max-image-preview":"max-image-preview:large","max-video-preview":"max-video-preview:-1"},"canonical":"https:\/\/www.diocesisciudadrodrigo.org\/blog4\/el-obispo-invita-a-vivir-en-comunion-la-asamblea-de-iglesia-en-castilla\/","og_locale":"es_ES","og_type":"article","og_title":"El obispo invita a vivir en comuni\u00f3n la Asamblea de Iglesia en Castilla - Di\u00f3cesis de Ciudad Rodrigo","og_description":"Mons. Jos\u00e9 Luis Retana anima a acompa\u00f1ar con la oraci\u00f3n la Asamblea de Iglesia en Castilla que se celebrar\u00e1 en \u00c1vila bajo el lema 'Renovados para la misi\u00f3n'","og_url":"https:\/\/www.diocesisciudadrodrigo.org\/blog4\/el-obispo-invita-a-vivir-en-comunion-la-asamblea-de-iglesia-en-castilla\/","og_site_name":"Di\u00f3cesis de Ciudad Rodrigo","article_publisher":"https:\/\/www.facebook.com\/people\/Dicesis-Ciudad-Rodrigo-MCS\/100076471923419\/#","article_published_time":"2026-04-16T16:00:57+00:00","og_image":[{"width":1024,"height":576,"url":"https:\/\/www.diocesisciudadrodrigo.org\/blog4\/wp-content\/uploads\/2026\/04\/obispo-asamblea-castilla.jpg","type":"image\/jpeg"}],"author":"medios CR","twitter_card":"summary_large_image","twitter_misc":{"Escrito por":"medios CR","Tiempo de lectura":"2 minutos"},"schema":{"@context":"https:\/\/schema.org","@graph":[{"@type":"Article","@id":"https:\/\/www.diocesisciudadrodrigo.org\/blog4\/el-obispo-invita-a-vivir-en-comunion-la-asamblea-de-iglesia-en-castilla\/#article","isPartOf":{"@id":"https:\/\/www.diocesisciudadrodrigo.org\/blog4\/el-obispo-invita-a-vivir-en-comunion-la-asamblea-de-iglesia-en-castilla\/"},"author":{"name":"medios CR","@id":"https:\/\/www.diocesisciudadrodrigo.org\/blog4\/#\/schema\/person\/5fcf0ca636a75766ff70e6417b6ed052"},"headline":"El obispo invita a vivir en comuni\u00f3n la Asamblea de Iglesia en Castilla","datePublished":"2026-04-16T16:00:57+00:00","mainEntityOfPage":{"@id":"https:\/\/www.diocesisciudadrodrigo.org\/blog4\/el-obispo-invita-a-vivir-en-comunion-la-asamblea-de-iglesia-en-castilla\/"},"wordCount":391,"publisher":{"@id":"https:\/\/www.diocesisciudadrodrigo.org\/blog4\/#organization"},"image":{"@id":"https:\/\/www.diocesisciudadrodrigo.org\/blog4\/el-obispo-invita-a-vivir-en-comunion-la-asamblea-de-iglesia-en-castilla\/#primaryimage"},"thumbnailUrl":"https:\/\/www.diocesisciudadrodrigo.org\/blog4\/wp-content\/uploads\/2026\/04\/obispo-asamblea-castilla.jpg","keywords":["Di\u00f3cesis","Iglesia en Castilla","obispo"],"articleSection":["Noticias"],"inLanguage":"es"},{"@type":"WebPage","@id":"https:\/\/www.diocesisciudadrodrigo.org\/blog4\/el-obispo-invita-a-vivir-en-comunion-la-asamblea-de-iglesia-en-castilla\/","url":"https:\/\/www.diocesisciudadrodrigo.org\/blog4\/el-obispo-invita-a-vivir-en-comunion-la-asamblea-de-iglesia-en-castilla\/","name":"El obispo invita a vivir en comuni\u00f3n la Asamblea de Iglesia en Castilla - Di\u00f3cesis de Ciudad Rodrigo","isPartOf":{"@id":"https:\/\/www.diocesisciudadrodrigo.org\/blog4\/#website"},"primaryImageOfPage":{"@id":"https:\/\/www.diocesisciudadrodrigo.org\/blog4\/el-obispo-invita-a-vivir-en-comunion-la-asamblea-de-iglesia-en-castilla\/#primaryimage"},"image":{"@id":"https:\/\/www.diocesisciudadrodrigo.org\/blog4\/el-obispo-invita-a-vivir-en-comunion-la-asamblea-de-iglesia-en-castilla\/#primaryimage"},"thumbnailUrl":"https:\/\/www.diocesisciudadrodrigo.org\/blog4\/wp-content\/uploads\/2026\/04\/obispo-asamblea-castilla.jpg","datePublished":"2026-04-16T16:00:57+00:00","description":"Mons. Jos\u00e9 Luis Retana anima a acompa\u00f1ar con la oraci\u00f3n la Asamblea de Iglesia en Castilla que se celebrar\u00e1 en \u00c1vila bajo el lema 'Renovados para la misi\u00f3n'","breadcrumb":{"@id":"https:\/\/www.diocesisciudadrodrigo.org\/blog4\/el-obispo-invita-a-vivir-en-comunion-la-asamblea-de-iglesia-en-castilla\/#breadcrumb"},"inLanguage":"es","potentialAction":[{"@type":"ReadAction","target":["https:\/\/www.diocesisciudadrodrigo.org\/blog4\/el-obispo-invita-a-vivir-en-comunion-la-asamblea-de-iglesia-en-castilla\/"]}]},{"@type":"ImageObject","inLanguage":"es","@id":"https:\/\/www.diocesisciudadrodrigo.org\/blog4\/el-obispo-invita-a-vivir-en-comunion-la-asamblea-de-iglesia-en-castilla\/#primaryimage","url":"https:\/\/www.diocesisciudadrodrigo.org\/blog4\/wp-content\/uploads\/2026\/04\/obispo-asamblea-castilla.jpg","contentUrl":"https:\/\/www.diocesisciudadrodrigo.org\/blog4\/wp-content\/uploads\/2026\/04\/obispo-asamblea-castilla.jpg","width":1024,"height":576},{"@type":"BreadcrumbList","@id":"https:\/\/www.diocesisciudadrodrigo.org\/blog4\/el-obispo-invita-a-vivir-en-comunion-la-asamblea-de-iglesia-en-castilla\/#breadcrumb","itemListElement":[{"@type":"ListItem","position":1,"name":"Portada","item":"https:\/\/www.diocesisciudadrodrigo.org\/blog4\/"},{"@type":"ListItem","position":2,"name":"El obispo invita a vivir en comuni\u00f3n la Asamblea de Iglesia en Castilla"}]},{"@type":"WebSite","@id":"https:\/\/www.diocesisciudadrodrigo.org\/blog4\/#website","url":"https:\/\/www.diocesisciudadrodrigo.org\/blog4\/","name":"Di\u00f3cesis de Ciudad Rodrigo","description":"Sitio web oficial de la di\u00f3cesis civitatense","publisher":{"@id":"https:\/\/www.diocesisciudadrodrigo.org\/blog4\/#organization"},"potentialAction":[{"@type":"SearchAction","target":{"@type":"EntryPoint","urlTemplate":"https:\/\/www.diocesisciudadrodrigo.org\/blog4\/?s={search_term_string}"},"query-input":{"@type":"PropertyValueSpecification","valueRequired":true,"valueName":"search_term_string"}}],"inLanguage":"es"},{"@type":"Organization","@id":"https:\/\/www.diocesisciudadrodrigo.org\/blog4\/#organization","name":"Di\u00f3cesis de Ciudad Rodrigo","url":"https:\/\/www.diocesisciudadrodrigo.org\/blog4\/","logo":{"@type":"ImageObject","inLanguage":"es","@id":"https:\/\/www.diocesisciudadrodrigo.org\/blog4\/#\/schema\/logo\/image\/","url":"https:\/\/www.diocesisciudadrodrigo.org\/blog4\/wp-content\/uploads\/2024\/12\/Diocesis.CMYK_-768x480-1.jpg","contentUrl":"https:\/\/www.diocesisciudadrodrigo.org\/blog4\/wp-content\/uploads\/2024\/12\/Diocesis.CMYK_-768x480-1.jpg","width":768,"height":480,"caption":"Di\u00f3cesis de Ciudad Rodrigo"},"image":{"@id":"https:\/\/www.diocesisciudadrodrigo.org\/blog4\/#\/schema\/logo\/image\/"},"sameAs":["https:\/\/www.facebook.com\/people\/Dicesis-Ciudad-Rodrigo-MCS\/100076471923419\/#"]},{"@type":"Person","@id":"https:\/\/www.diocesisciudadrodrigo.org\/blog4\/#\/schema\/person\/5fcf0ca636a75766ff70e6417b6ed052","name":"medios CR","image":{"@type":"ImageObject","inLanguage":"es","@id":"https:\/\/secure.gravatar.com\/avatar\/4a619fd0c7e36bd570f4e6e15eb09a2191185d0f63d8dbfdffe848af141ab87e?s=96&d=mm&r=g","url":"https:\/\/secure.gravatar.com\/avatar\/4a619fd0c7e36bd570f4e6e15eb09a2191185d0f63d8dbfdffe848af141ab87e?s=96&d=mm&r=g","contentUrl":"https:\/\/secure.gravatar.com\/avatar\/4a619fd0c7e36bd570f4e6e15eb09a2191185d0f63d8dbfdffe848af141ab87e?s=96&d=mm&r=g","caption":"medios CR"},"url":"https:\/\/www.diocesisciudadrodrigo.org\/blog4\/author\/admin4\/"}]}},"_links":{"self":[{"href":"https:\/\/www.diocesisciudadrodrigo.org\/blog4\/wp-json\/wp\/v2\/posts\/43840","targetHints":{"allow":["GET"]}}],"collection":[{"href":"https:\/\/www.diocesisciudadrodrigo.org\/blog4\/wp-json\/wp\/v2\/posts"}],"about":[{"href":"https:\/\/www.diocesisciudadrodrigo.org\/blog4\/wp-json\/wp\/v2\/types\/post"}],"author":[{"embeddable":true,"href":"https:\/\/www.diocesisciudadrodrigo.org\/blog4\/wp-json\/wp\/v2\/users\/1"}],"replies":[{"embeddable":true,"href":"https:\/\/www.diocesisciudadrodrigo.org\/blog4\/wp-json\/wp\/v2\/comments?post=43840"}],"version-history":[{"count":11,"href":"https:\/\/www.diocesisciudadrodrigo.org\/blog4\/wp-json\/wp\/v2\/posts\/43840\/revisions"}],"predecessor-version":[{"id":43853,"href":"https:\/\/www.diocesisciudadrodrigo.org\/blog4\/wp-json\/wp\/v2\/posts\/43840\/revisions\/43853"}],"wp:featuredmedia":[{"embeddable":true,"href":"https:\/\/www.diocesisciudadrodrigo.org\/blog4\/wp-json\/wp\/v2\/media\/43856"}],"wp:attachment":[{"href":"https:\/\/www.diocesisciudadrodrigo.org\/blog4\/wp-json\/wp\/v2\/media?parent=43840"}],"wp:term":[{"taxonomy":"category","embeddable":true,"href":"https:\/\/www.diocesisciudadrodrigo.org\/blog4\/wp-json\/wp\/v2\/categories?post=43840"},{"taxonomy":"post_tag","embeddable":true,"href":"https:\/\/www.diocesisciudadrodrigo.org\/blog4\/wp-json\/wp\/v2\/tags?post=43840"}],"curies":[{"name":"wp","href":"https:\/\/api.w.org\/{rel}","templated":true}]}}