{"id":43785,"date":"2026-04-14T18:26:47","date_gmt":"2026-04-14T16:26:47","guid":{"rendered":"https:\/\/www.diocesisciudadrodrigo.org\/blog4\/?p=43785"},"modified":"2026-04-15T11:59:26","modified_gmt":"2026-04-15T09:59:26","slug":"la-catedral-de-ciudad-rodrigo-amplia-el-horario-de-visitas-hasta-octubre","status":"publish","type":"post","link":"https:\/\/www.diocesisciudadrodrigo.org\/blog4\/la-catedral-de-ciudad-rodrigo-amplia-el-horario-de-visitas-hasta-octubre\/","title":{"rendered":"La Catedral de Ciudad Rodrigo ampl\u00eda el horario de visitas hasta octubre"},"content":{"rendered":"\t\t<div data-elementor-type=\"wp-post\" data-elementor-id=\"43785\" class=\"elementor elementor-43785\" data-elementor-settings=\"[]\">\n\t\t\t\t\t\t<div class=\"elementor-inner\">\n\t\t\t\t\t\t\t<div class=\"elementor-section-wrap\">\n\t\t\t\t\t\t\t<section class=\"elementor-section elementor-top-section elementor-element elementor-element-c479dbd elementor-section-boxed elementor-section-height-default elementor-section-height-default\" data-id=\"c479dbd\" data-element_type=\"section\">\n\t\t\t\t\t\t<div class=\"elementor-container elementor-column-gap-default\">\n\t\t\t\t\t\t\t<div class=\"elementor-row\">\n\t\t\t\t\t<div class=\"elementor-column elementor-col-100 elementor-top-column elementor-element elementor-element-e5d9942\" data-id=\"e5d9942\" data-element_type=\"column\">\n\t\t\t<div class=\"elementor-column-wrap elementor-element-populated\">\n\t\t\t\t\t\t\t<div class=\"elementor-widget-wrap\">\n\t\t\t\t\t\t<div class=\"elementor-element elementor-element-d8ed325 elementor-widget elementor-widget-image\" data-id=\"d8ed325\" data-element_type=\"widget\" data-widget_type=\"image.default\">\n\t\t\t\t<div class=\"elementor-widget-container\">\n\t\t\t\t\t\t\t\t<div class=\"elementor-image\">\n\t\t\t\t\t\t\t\t\t<figure class=\"wp-caption\">\n\t\t\t\t\t\t\t\t\t\t<img loading=\"lazy\" decoding=\"async\" width=\"1200\" height=\"675\" src=\"https:\/\/www.diocesisciudadrodrigo.org\/blog4\/wp-content\/uploads\/2026\/04\/Imagen.jpeg\" class=\"attachment-large size-large\" alt=\"Catedral de Ciudad Rodrigo\" srcset=\"https:\/\/www.diocesisciudadrodrigo.org\/blog4\/wp-content\/uploads\/2026\/04\/Imagen.jpeg 1280w, https:\/\/www.diocesisciudadrodrigo.org\/blog4\/wp-content\/uploads\/2026\/04\/Imagen-1000x563.jpeg 1000w, https:\/\/www.diocesisciudadrodrigo.org\/blog4\/wp-content\/uploads\/2026\/04\/Imagen-768x432.jpeg 768w, https:\/\/www.diocesisciudadrodrigo.org\/blog4\/wp-content\/uploads\/2026\/04\/Imagen-350x197.jpeg 350w\" sizes=\"auto, (max-width: 1200px) 100vw, 1200px\" \/>\t\t\t\t\t\t\t\t\t\t\t<figcaption class=\"widget-image-caption wp-caption-text\">Catedral de Ciudad Rodrigo<\/figcaption>\n\t\t\t\t\t\t\t\t\t\t<\/figure>\n\t\t\t\t\t\t\t\t<\/div>\n\t\t\t\t\t\t<\/div>\n\t\t\t\t<\/div>\n\t\t\t\t\t\t<\/div>\n\t\t\t\t\t<\/div>\n\t\t<\/div>\n\t\t\t\t\t\t\t\t<\/div>\n\t\t\t\t\t<\/div>\n\t\t<\/section>\n\t\t\t\t<section class=\"elementor-section elementor-top-section elementor-element elementor-element-d470f02 elementor-section-boxed elementor-section-height-default elementor-section-height-default\" data-id=\"d470f02\" data-element_type=\"section\">\n\t\t\t\t\t\t<div class=\"elementor-container elementor-column-gap-default\">\n\t\t\t\t\t\t\t<div class=\"elementor-row\">\n\t\t\t\t\t<div class=\"elementor-column elementor-col-100 elementor-top-column elementor-element elementor-element-b7bee2d\" data-id=\"b7bee2d\" data-element_type=\"column\">\n\t\t\t<div class=\"elementor-column-wrap elementor-element-populated\">\n\t\t\t\t\t\t\t<div class=\"elementor-widget-wrap\">\n\t\t\t\t\t\t<div class=\"elementor-element elementor-element-f5044ff elementor-widget elementor-widget-text-editor\" data-id=\"f5044ff\" data-element_type=\"widget\" data-widget_type=\"text-editor.default\">\n\t\t\t\t<div class=\"elementor-widget-container\">\n\t\t\t\t\t\t\t\t<div class=\"elementor-text-editor elementor-clearfix\">\n\t\t\t\t<p data-start=\"77\" data-end=\"348\">La Catedral de Ciudad Rodrigo ha estrenado su nuevo horario de verano para las visitas tur\u00edsticas. As\u00ed, hasta octubre, <strong>se podr\u00e1 visitar de lunes a s\u00e1bado de 11:00 a 14:00 y de 17:00 a 20:00, y los domingos por la ma\u00f1ana de 11:00 a 14:00 y por la tarde de 17:00 a 19:00<\/strong>.<\/p><p data-start=\"350\" data-end=\"565\">La atenci\u00f3n al p\u00fablico, el acceso y la venta de entradas finalizar\u00e1n 30 minutos antes del cierre. Adem\u00e1s, como Bien de Inter\u00e9s Cultural, <strong>el acceso es gratuito de lunes a jueves, de 11:00 a 11:30, excepto los festivos<\/strong>.<\/p><p data-start=\"567\" data-end=\"857\">Asimismo, <strong>habr\u00e1 visitas guiadas,<\/strong> de al menos para dos personas, los viernes y s\u00e1bados: a la sacrist\u00eda a las 12:00 y 17:30, a la catedral a las 12:30 y 18:00, y a la torre a las 19:00. Los domingos, las visitas guiadas ser\u00e1n a la sacrist\u00eda a las 12:00 y 17:15, a la catedral a las 12:30 y 17:30, y a la torre a las 13:30 y 18:30.<\/p><h3 data-start=\"567\" data-end=\"857\">Actualizaci\u00f3n de tarifas de acceso<\/h3><p data-start=\"859\" data-end=\"1200\">Otra de las novedades tiene que ver con la actualizaci\u00f3n de las tarifas. <strong>La entrada general para personas de entre 18 y 64 a\u00f1os tendr\u00e1 un coste de 8 euros<\/strong>; los mayores de 65 a\u00f1os pagar\u00e1n 7 euros; y la entrada para adolescentes de entre 12 y 17 a\u00f1os, poseedores del carn\u00e9 joven y universitarios hasta 25 a\u00f1os, costar\u00e1 6 euros.<\/p><p data-start=\"1202\" data-end=\"1371\">Adem\u00e1s, <strong>los grupos a partir de 15 personas<\/strong> pagar\u00e1n 5 euros por persona si el acceso es libre o con gu\u00eda externo, y 6 euros por persona con gu\u00eda oficial de la Catedral.<\/p><p data-start=\"1373\" data-end=\"1724\">A este respectivo, <strong>la visita guiada a la catedral tendr\u00e1 un coste de 10 euros<\/strong>; la visita guiada a la catedral con acceso a la torre costar\u00e1 12 euros; y la visita guiada a la torre ser\u00e1 de 5,50 euros. La visita guiada a la catedral y la sacrist\u00eda tendr\u00e1 un coste de 12 euros, y la visita guiada completa a la catedral, sacrist\u00eda y torre ser\u00e1 de 14 euros.<\/p><p data-start=\"1373\" data-end=\"1724\">Toda la informaci\u00f3n se puede consultar en la web la web <a href=\"http:\/\/catedralciudadrodrigo.com\/\">catedralciudadrodrigo.com<\/a><\/p>\t\t\t\t\t<\/div>\n\t\t\t\t\t\t<\/div>\n\t\t\t\t<\/div>\n\t\t\t\t\t\t<\/div>\n\t\t\t\t\t<\/div>\n\t\t<\/div>\n\t\t\t\t\t\t\t\t<\/div>\n\t\t\t\t\t<\/div>\n\t\t<\/section>\n\t\t\t\t\t\t<\/div>\n\t\t\t\t\t\t<\/div>\n\t\t\t\t\t<\/div>\n\t\t","protected":false},"excerpt":{"rendered":"<p>Adem\u00e1s, se han actualizado los precios de las entradas para visitar este monumento <\/p>\n","protected":false},"author":1,"featured_media":43786,"comment_status":"closed","ping_status":"closed","sticky":false,"template":"","format":"standard","meta":{"footnotes":""},"categories":[6],"tags":[],"class_list":["post-43785","post","type-post","status-publish","format-standard","has-post-thumbnail","hentry","category-noticias","masonry-post","generate-columns","tablet-grid-50","mobile-grid-100","grid-parent","grid-50"],"yoast_head":"<!-- This site is optimized with the Yoast SEO plugin v27.3 - https:\/\/yoast.com\/product\/yoast-seo-wordpress\/ -->\n<title>La Catedral de Ciudad Rodrigo ampl\u00eda el horario de visitas hasta octubre - Di\u00f3cesis de Ciudad Rodrigo<\/title>\n<meta name=\"description\" content=\"Adem\u00e1s, se han actualizado los precios de las entradas para visitar la Catedral de Ciudad Rodrigo\" \/>\n<meta name=\"robots\" content=\"index, follow, max-snippet:-1, max-image-preview:large, max-video-preview:-1\" \/>\n<link rel=\"canonical\" href=\"https:\/\/www.diocesisciudadrodrigo.org\/blog4\/la-catedral-de-ciudad-rodrigo-amplia-el-horario-de-visitas-hasta-octubre\/\" \/>\n<meta property=\"og:locale\" content=\"es_ES\" \/>\n<meta property=\"og:type\" content=\"article\" \/>\n<meta property=\"og:title\" content=\"La Catedral de Ciudad Rodrigo ampl\u00eda el horario de visitas hasta octubre - Di\u00f3cesis de Ciudad Rodrigo\" \/>\n<meta property=\"og:description\" content=\"Adem\u00e1s, se han actualizado los precios de las entradas para visitar la Catedral de Ciudad Rodrigo\" \/>\n<meta property=\"og:url\" content=\"https:\/\/www.diocesisciudadrodrigo.org\/blog4\/la-catedral-de-ciudad-rodrigo-amplia-el-horario-de-visitas-hasta-octubre\/\" \/>\n<meta property=\"og:site_name\" content=\"Di\u00f3cesis de Ciudad Rodrigo\" \/>\n<meta property=\"article:publisher\" content=\"https:\/\/www.facebook.com\/people\/Dicesis-Ciudad-Rodrigo-MCS\/100076471923419\/#\" \/>\n<meta property=\"article:published_time\" content=\"2026-04-14T16:26:47+00:00\" \/>\n<meta property=\"article:modified_time\" content=\"2026-04-15T09:59:26+00:00\" \/>\n<meta property=\"og:image\" content=\"https:\/\/www.diocesisciudadrodrigo.org\/blog4\/wp-content\/uploads\/2026\/04\/Imagen.jpeg\" \/>\n\t<meta property=\"og:image:width\" content=\"1280\" \/>\n\t<meta property=\"og:image:height\" content=\"720\" \/>\n\t<meta property=\"og:image:type\" content=\"image\/jpeg\" \/>\n<meta name=\"author\" content=\"medios CR\" \/>\n<meta name=\"twitter:card\" content=\"summary_large_image\" \/>\n<meta name=\"twitter:label1\" content=\"Escrito por\" \/>\n\t<meta name=\"twitter:data1\" content=\"medios CR\" \/>\n\t<meta name=\"twitter:label2\" content=\"Tiempo de lectura\" \/>\n\t<meta name=\"twitter:data2\" content=\"2 minutos\" \/>\n<script type=\"application\/ld+json\" class=\"yoast-schema-graph\">{\"@context\":\"https:\\\/\\\/schema.org\",\"@graph\":[{\"@type\":\"Article\",\"@id\":\"https:\\\/\\\/www.diocesisciudadrodrigo.org\\\/blog4\\\/la-catedral-de-ciudad-rodrigo-amplia-el-horario-de-visitas-hasta-octubre\\\/#article\",\"isPartOf\":{\"@id\":\"https:\\\/\\\/www.diocesisciudadrodrigo.org\\\/blog4\\\/la-catedral-de-ciudad-rodrigo-amplia-el-horario-de-visitas-hasta-octubre\\\/\"},\"author\":{\"name\":\"medios CR\",\"@id\":\"https:\\\/\\\/www.diocesisciudadrodrigo.org\\\/blog4\\\/#\\\/schema\\\/person\\\/5fcf0ca636a75766ff70e6417b6ed052\"},\"headline\":\"La Catedral de Ciudad Rodrigo ampl\u00eda el horario de visitas hasta octubre\",\"datePublished\":\"2026-04-14T16:26:47+00:00\",\"dateModified\":\"2026-04-15T09:59:26+00:00\",\"mainEntityOfPage\":{\"@id\":\"https:\\\/\\\/www.diocesisciudadrodrigo.org\\\/blog4\\\/la-catedral-de-ciudad-rodrigo-amplia-el-horario-de-visitas-hasta-octubre\\\/\"},\"wordCount\":345,\"publisher\":{\"@id\":\"https:\\\/\\\/www.diocesisciudadrodrigo.org\\\/blog4\\\/#organization\"},\"image\":{\"@id\":\"https:\\\/\\\/www.diocesisciudadrodrigo.org\\\/blog4\\\/la-catedral-de-ciudad-rodrigo-amplia-el-horario-de-visitas-hasta-octubre\\\/#primaryimage\"},\"thumbnailUrl\":\"https:\\\/\\\/www.diocesisciudadrodrigo.org\\\/blog4\\\/wp-content\\\/uploads\\\/2026\\\/04\\\/Imagen.jpeg\",\"articleSection\":[\"Noticias\"],\"inLanguage\":\"es\"},{\"@type\":\"WebPage\",\"@id\":\"https:\\\/\\\/www.diocesisciudadrodrigo.org\\\/blog4\\\/la-catedral-de-ciudad-rodrigo-amplia-el-horario-de-visitas-hasta-octubre\\\/\",\"url\":\"https:\\\/\\\/www.diocesisciudadrodrigo.org\\\/blog4\\\/la-catedral-de-ciudad-rodrigo-amplia-el-horario-de-visitas-hasta-octubre\\\/\",\"name\":\"La Catedral de Ciudad Rodrigo ampl\u00eda el horario de visitas hasta octubre - Di\u00f3cesis de Ciudad Rodrigo\",\"isPartOf\":{\"@id\":\"https:\\\/\\\/www.diocesisciudadrodrigo.org\\\/blog4\\\/#website\"},\"primaryImageOfPage\":{\"@id\":\"https:\\\/\\\/www.diocesisciudadrodrigo.org\\\/blog4\\\/la-catedral-de-ciudad-rodrigo-amplia-el-horario-de-visitas-hasta-octubre\\\/#primaryimage\"},\"image\":{\"@id\":\"https:\\\/\\\/www.diocesisciudadrodrigo.org\\\/blog4\\\/la-catedral-de-ciudad-rodrigo-amplia-el-horario-de-visitas-hasta-octubre\\\/#primaryimage\"},\"thumbnailUrl\":\"https:\\\/\\\/www.diocesisciudadrodrigo.org\\\/blog4\\\/wp-content\\\/uploads\\\/2026\\\/04\\\/Imagen.jpeg\",\"datePublished\":\"2026-04-14T16:26:47+00:00\",\"dateModified\":\"2026-04-15T09:59:26+00:00\",\"description\":\"Adem\u00e1s, se han actualizado los precios de las entradas para visitar la Catedral de Ciudad Rodrigo\",\"breadcrumb\":{\"@id\":\"https:\\\/\\\/www.diocesisciudadrodrigo.org\\\/blog4\\\/la-catedral-de-ciudad-rodrigo-amplia-el-horario-de-visitas-hasta-octubre\\\/#breadcrumb\"},\"inLanguage\":\"es\",\"potentialAction\":[{\"@type\":\"ReadAction\",\"target\":[\"https:\\\/\\\/www.diocesisciudadrodrigo.org\\\/blog4\\\/la-catedral-de-ciudad-rodrigo-amplia-el-horario-de-visitas-hasta-octubre\\\/\"]}]},{\"@type\":\"ImageObject\",\"inLanguage\":\"es\",\"@id\":\"https:\\\/\\\/www.diocesisciudadrodrigo.org\\\/blog4\\\/la-catedral-de-ciudad-rodrigo-amplia-el-horario-de-visitas-hasta-octubre\\\/#primaryimage\",\"url\":\"https:\\\/\\\/www.diocesisciudadrodrigo.org\\\/blog4\\\/wp-content\\\/uploads\\\/2026\\\/04\\\/Imagen.jpeg\",\"contentUrl\":\"https:\\\/\\\/www.diocesisciudadrodrigo.org\\\/blog4\\\/wp-content\\\/uploads\\\/2026\\\/04\\\/Imagen.jpeg\",\"width\":1280,\"height\":720,\"caption\":\"Catedral de Ciudad Rodrigo\"},{\"@type\":\"BreadcrumbList\",\"@id\":\"https:\\\/\\\/www.diocesisciudadrodrigo.org\\\/blog4\\\/la-catedral-de-ciudad-rodrigo-amplia-el-horario-de-visitas-hasta-octubre\\\/#breadcrumb\",\"itemListElement\":[{\"@type\":\"ListItem\",\"position\":1,\"name\":\"Portada\",\"item\":\"https:\\\/\\\/www.diocesisciudadrodrigo.org\\\/blog4\\\/\"},{\"@type\":\"ListItem\",\"position\":2,\"name\":\"La Catedral de Ciudad Rodrigo ampl\u00eda el horario de visitas hasta octubre\"}]},{\"@type\":\"WebSite\",\"@id\":\"https:\\\/\\\/www.diocesisciudadrodrigo.org\\\/blog4\\\/#website\",\"url\":\"https:\\\/\\\/www.diocesisciudadrodrigo.org\\\/blog4\\\/\",\"name\":\"Di\u00f3cesis de Ciudad Rodrigo\",\"description\":\"Sitio web oficial de la di\u00f3cesis civitatense\",\"publisher\":{\"@id\":\"https:\\\/\\\/www.diocesisciudadrodrigo.org\\\/blog4\\\/#organization\"},\"potentialAction\":[{\"@type\":\"SearchAction\",\"target\":{\"@type\":\"EntryPoint\",\"urlTemplate\":\"https:\\\/\\\/www.diocesisciudadrodrigo.org\\\/blog4\\\/?s={search_term_string}\"},\"query-input\":{\"@type\":\"PropertyValueSpecification\",\"valueRequired\":true,\"valueName\":\"search_term_string\"}}],\"inLanguage\":\"es\"},{\"@type\":\"Organization\",\"@id\":\"https:\\\/\\\/www.diocesisciudadrodrigo.org\\\/blog4\\\/#organization\",\"name\":\"Di\u00f3cesis de Ciudad Rodrigo\",\"url\":\"https:\\\/\\\/www.diocesisciudadrodrigo.org\\\/blog4\\\/\",\"logo\":{\"@type\":\"ImageObject\",\"inLanguage\":\"es\",\"@id\":\"https:\\\/\\\/www.diocesisciudadrodrigo.org\\\/blog4\\\/#\\\/schema\\\/logo\\\/image\\\/\",\"url\":\"https:\\\/\\\/www.diocesisciudadrodrigo.org\\\/blog4\\\/wp-content\\\/uploads\\\/2024\\\/12\\\/Diocesis.CMYK_-768x480-1.jpg\",\"contentUrl\":\"https:\\\/\\\/www.diocesisciudadrodrigo.org\\\/blog4\\\/wp-content\\\/uploads\\\/2024\\\/12\\\/Diocesis.CMYK_-768x480-1.jpg\",\"width\":768,\"height\":480,\"caption\":\"Di\u00f3cesis de Ciudad Rodrigo\"},\"image\":{\"@id\":\"https:\\\/\\\/www.diocesisciudadrodrigo.org\\\/blog4\\\/#\\\/schema\\\/logo\\\/image\\\/\"},\"sameAs\":[\"https:\\\/\\\/www.facebook.com\\\/people\\\/Dicesis-Ciudad-Rodrigo-MCS\\\/100076471923419\\\/#\"]},{\"@type\":\"Person\",\"@id\":\"https:\\\/\\\/www.diocesisciudadrodrigo.org\\\/blog4\\\/#\\\/schema\\\/person\\\/5fcf0ca636a75766ff70e6417b6ed052\",\"name\":\"medios CR\",\"image\":{\"@type\":\"ImageObject\",\"inLanguage\":\"es\",\"@id\":\"https:\\\/\\\/secure.gravatar.com\\\/avatar\\\/4a619fd0c7e36bd570f4e6e15eb09a2191185d0f63d8dbfdffe848af141ab87e?s=96&d=mm&r=g\",\"url\":\"https:\\\/\\\/secure.gravatar.com\\\/avatar\\\/4a619fd0c7e36bd570f4e6e15eb09a2191185d0f63d8dbfdffe848af141ab87e?s=96&d=mm&r=g\",\"contentUrl\":\"https:\\\/\\\/secure.gravatar.com\\\/avatar\\\/4a619fd0c7e36bd570f4e6e15eb09a2191185d0f63d8dbfdffe848af141ab87e?s=96&d=mm&r=g\",\"caption\":\"medios CR\"},\"url\":\"https:\\\/\\\/www.diocesisciudadrodrigo.org\\\/blog4\\\/author\\\/admin4\\\/\"}]}<\/script>\n<!-- \/ Yoast SEO plugin. -->","yoast_head_json":{"title":"La Catedral de Ciudad Rodrigo ampl\u00eda el horario de visitas hasta octubre - Di\u00f3cesis de Ciudad Rodrigo","description":"Adem\u00e1s, se han actualizado los precios de las entradas para visitar la Catedral de Ciudad Rodrigo","robots":{"index":"index","follow":"follow","max-snippet":"max-snippet:-1","max-image-preview":"max-image-preview:large","max-video-preview":"max-video-preview:-1"},"canonical":"https:\/\/www.diocesisciudadrodrigo.org\/blog4\/la-catedral-de-ciudad-rodrigo-amplia-el-horario-de-visitas-hasta-octubre\/","og_locale":"es_ES","og_type":"article","og_title":"La Catedral de Ciudad Rodrigo ampl\u00eda el horario de visitas hasta octubre - Di\u00f3cesis de Ciudad Rodrigo","og_description":"Adem\u00e1s, se han actualizado los precios de las entradas para visitar la Catedral de Ciudad Rodrigo","og_url":"https:\/\/www.diocesisciudadrodrigo.org\/blog4\/la-catedral-de-ciudad-rodrigo-amplia-el-horario-de-visitas-hasta-octubre\/","og_site_name":"Di\u00f3cesis de Ciudad Rodrigo","article_publisher":"https:\/\/www.facebook.com\/people\/Dicesis-Ciudad-Rodrigo-MCS\/100076471923419\/#","article_published_time":"2026-04-14T16:26:47+00:00","article_modified_time":"2026-04-15T09:59:26+00:00","og_image":[{"width":1280,"height":720,"url":"https:\/\/www.diocesisciudadrodrigo.org\/blog4\/wp-content\/uploads\/2026\/04\/Imagen.jpeg","type":"image\/jpeg"}],"author":"medios CR","twitter_card":"summary_large_image","twitter_misc":{"Escrito por":"medios CR","Tiempo de lectura":"2 minutos"},"schema":{"@context":"https:\/\/schema.org","@graph":[{"@type":"Article","@id":"https:\/\/www.diocesisciudadrodrigo.org\/blog4\/la-catedral-de-ciudad-rodrigo-amplia-el-horario-de-visitas-hasta-octubre\/#article","isPartOf":{"@id":"https:\/\/www.diocesisciudadrodrigo.org\/blog4\/la-catedral-de-ciudad-rodrigo-amplia-el-horario-de-visitas-hasta-octubre\/"},"author":{"name":"medios CR","@id":"https:\/\/www.diocesisciudadrodrigo.org\/blog4\/#\/schema\/person\/5fcf0ca636a75766ff70e6417b6ed052"},"headline":"La Catedral de Ciudad Rodrigo ampl\u00eda el horario de visitas hasta octubre","datePublished":"2026-04-14T16:26:47+00:00","dateModified":"2026-04-15T09:59:26+00:00","mainEntityOfPage":{"@id":"https:\/\/www.diocesisciudadrodrigo.org\/blog4\/la-catedral-de-ciudad-rodrigo-amplia-el-horario-de-visitas-hasta-octubre\/"},"wordCount":345,"publisher":{"@id":"https:\/\/www.diocesisciudadrodrigo.org\/blog4\/#organization"},"image":{"@id":"https:\/\/www.diocesisciudadrodrigo.org\/blog4\/la-catedral-de-ciudad-rodrigo-amplia-el-horario-de-visitas-hasta-octubre\/#primaryimage"},"thumbnailUrl":"https:\/\/www.diocesisciudadrodrigo.org\/blog4\/wp-content\/uploads\/2026\/04\/Imagen.jpeg","articleSection":["Noticias"],"inLanguage":"es"},{"@type":"WebPage","@id":"https:\/\/www.diocesisciudadrodrigo.org\/blog4\/la-catedral-de-ciudad-rodrigo-amplia-el-horario-de-visitas-hasta-octubre\/","url":"https:\/\/www.diocesisciudadrodrigo.org\/blog4\/la-catedral-de-ciudad-rodrigo-amplia-el-horario-de-visitas-hasta-octubre\/","name":"La Catedral de Ciudad Rodrigo ampl\u00eda el horario de visitas hasta octubre - Di\u00f3cesis de Ciudad Rodrigo","isPartOf":{"@id":"https:\/\/www.diocesisciudadrodrigo.org\/blog4\/#website"},"primaryImageOfPage":{"@id":"https:\/\/www.diocesisciudadrodrigo.org\/blog4\/la-catedral-de-ciudad-rodrigo-amplia-el-horario-de-visitas-hasta-octubre\/#primaryimage"},"image":{"@id":"https:\/\/www.diocesisciudadrodrigo.org\/blog4\/la-catedral-de-ciudad-rodrigo-amplia-el-horario-de-visitas-hasta-octubre\/#primaryimage"},"thumbnailUrl":"https:\/\/www.diocesisciudadrodrigo.org\/blog4\/wp-content\/uploads\/2026\/04\/Imagen.jpeg","datePublished":"2026-04-14T16:26:47+00:00","dateModified":"2026-04-15T09:59:26+00:00","description":"Adem\u00e1s, se han actualizado los precios de las entradas para visitar la Catedral de Ciudad Rodrigo","breadcrumb":{"@id":"https:\/\/www.diocesisciudadrodrigo.org\/blog4\/la-catedral-de-ciudad-rodrigo-amplia-el-horario-de-visitas-hasta-octubre\/#breadcrumb"},"inLanguage":"es","potentialAction":[{"@type":"ReadAction","target":["https:\/\/www.diocesisciudadrodrigo.org\/blog4\/la-catedral-de-ciudad-rodrigo-amplia-el-horario-de-visitas-hasta-octubre\/"]}]},{"@type":"ImageObject","inLanguage":"es","@id":"https:\/\/www.diocesisciudadrodrigo.org\/blog4\/la-catedral-de-ciudad-rodrigo-amplia-el-horario-de-visitas-hasta-octubre\/#primaryimage","url":"https:\/\/www.diocesisciudadrodrigo.org\/blog4\/wp-content\/uploads\/2026\/04\/Imagen.jpeg","contentUrl":"https:\/\/www.diocesisciudadrodrigo.org\/blog4\/wp-content\/uploads\/2026\/04\/Imagen.jpeg","width":1280,"height":720,"caption":"Catedral de Ciudad Rodrigo"},{"@type":"BreadcrumbList","@id":"https:\/\/www.diocesisciudadrodrigo.org\/blog4\/la-catedral-de-ciudad-rodrigo-amplia-el-horario-de-visitas-hasta-octubre\/#breadcrumb","itemListElement":[{"@type":"ListItem","position":1,"name":"Portada","item":"https:\/\/www.diocesisciudadrodrigo.org\/blog4\/"},{"@type":"ListItem","position":2,"name":"La Catedral de Ciudad Rodrigo ampl\u00eda el horario de visitas hasta octubre"}]},{"@type":"WebSite","@id":"https:\/\/www.diocesisciudadrodrigo.org\/blog4\/#website","url":"https:\/\/www.diocesisciudadrodrigo.org\/blog4\/","name":"Di\u00f3cesis de Ciudad Rodrigo","description":"Sitio web oficial de la di\u00f3cesis civitatense","publisher":{"@id":"https:\/\/www.diocesisciudadrodrigo.org\/blog4\/#organization"},"potentialAction":[{"@type":"SearchAction","target":{"@type":"EntryPoint","urlTemplate":"https:\/\/www.diocesisciudadrodrigo.org\/blog4\/?s={search_term_string}"},"query-input":{"@type":"PropertyValueSpecification","valueRequired":true,"valueName":"search_term_string"}}],"inLanguage":"es"},{"@type":"Organization","@id":"https:\/\/www.diocesisciudadrodrigo.org\/blog4\/#organization","name":"Di\u00f3cesis de Ciudad Rodrigo","url":"https:\/\/www.diocesisciudadrodrigo.org\/blog4\/","logo":{"@type":"ImageObject","inLanguage":"es","@id":"https:\/\/www.diocesisciudadrodrigo.org\/blog4\/#\/schema\/logo\/image\/","url":"https:\/\/www.diocesisciudadrodrigo.org\/blog4\/wp-content\/uploads\/2024\/12\/Diocesis.CMYK_-768x480-1.jpg","contentUrl":"https:\/\/www.diocesisciudadrodrigo.org\/blog4\/wp-content\/uploads\/2024\/12\/Diocesis.CMYK_-768x480-1.jpg","width":768,"height":480,"caption":"Di\u00f3cesis de Ciudad Rodrigo"},"image":{"@id":"https:\/\/www.diocesisciudadrodrigo.org\/blog4\/#\/schema\/logo\/image\/"},"sameAs":["https:\/\/www.facebook.com\/people\/Dicesis-Ciudad-Rodrigo-MCS\/100076471923419\/#"]},{"@type":"Person","@id":"https:\/\/www.diocesisciudadrodrigo.org\/blog4\/#\/schema\/person\/5fcf0ca636a75766ff70e6417b6ed052","name":"medios CR","image":{"@type":"ImageObject","inLanguage":"es","@id":"https:\/\/secure.gravatar.com\/avatar\/4a619fd0c7e36bd570f4e6e15eb09a2191185d0f63d8dbfdffe848af141ab87e?s=96&d=mm&r=g","url":"https:\/\/secure.gravatar.com\/avatar\/4a619fd0c7e36bd570f4e6e15eb09a2191185d0f63d8dbfdffe848af141ab87e?s=96&d=mm&r=g","contentUrl":"https:\/\/secure.gravatar.com\/avatar\/4a619fd0c7e36bd570f4e6e15eb09a2191185d0f63d8dbfdffe848af141ab87e?s=96&d=mm&r=g","caption":"medios CR"},"url":"https:\/\/www.diocesisciudadrodrigo.org\/blog4\/author\/admin4\/"}]}},"_links":{"self":[{"href":"https:\/\/www.diocesisciudadrodrigo.org\/blog4\/wp-json\/wp\/v2\/posts\/43785","targetHints":{"allow":["GET"]}}],"collection":[{"href":"https:\/\/www.diocesisciudadrodrigo.org\/blog4\/wp-json\/wp\/v2\/posts"}],"about":[{"href":"https:\/\/www.diocesisciudadrodrigo.org\/blog4\/wp-json\/wp\/v2\/types\/post"}],"author":[{"embeddable":true,"href":"https:\/\/www.diocesisciudadrodrigo.org\/blog4\/wp-json\/wp\/v2\/users\/1"}],"replies":[{"embeddable":true,"href":"https:\/\/www.diocesisciudadrodrigo.org\/blog4\/wp-json\/wp\/v2\/comments?post=43785"}],"version-history":[{"count":27,"href":"https:\/\/www.diocesisciudadrodrigo.org\/blog4\/wp-json\/wp\/v2\/posts\/43785\/revisions"}],"predecessor-version":[{"id":43821,"href":"https:\/\/www.diocesisciudadrodrigo.org\/blog4\/wp-json\/wp\/v2\/posts\/43785\/revisions\/43821"}],"wp:featuredmedia":[{"embeddable":true,"href":"https:\/\/www.diocesisciudadrodrigo.org\/blog4\/wp-json\/wp\/v2\/media\/43786"}],"wp:attachment":[{"href":"https:\/\/www.diocesisciudadrodrigo.org\/blog4\/wp-json\/wp\/v2\/media?parent=43785"}],"wp:term":[{"taxonomy":"category","embeddable":true,"href":"https:\/\/www.diocesisciudadrodrigo.org\/blog4\/wp-json\/wp\/v2\/categories?post=43785"},{"taxonomy":"post_tag","embeddable":true,"href":"https:\/\/www.diocesisciudadrodrigo.org\/blog4\/wp-json\/wp\/v2\/tags?post=43785"}],"curies":[{"name":"wp","href":"https:\/\/api.w.org\/{rel}","templated":true}]}}