{"id":43758,"date":"2026-04-12T19:04:58","date_gmt":"2026-04-12T17:04:58","guid":{"rendered":"https:\/\/www.diocesisciudadrodrigo.org\/blog4\/?p=43758"},"modified":"2026-04-20T22:46:38","modified_gmt":"2026-04-20T20:46:38","slug":"el-comentario-de-vidal-rodriguez-que-tomas-tuviera-dudas-puede-resultar-estimulante-para-nosotros","status":"publish","type":"post","link":"https:\/\/www.diocesisciudadrodrigo.org\/blog4\/el-comentario-de-vidal-rodriguez-que-tomas-tuviera-dudas-puede-resultar-estimulante-para-nosotros\/","title":{"rendered":"EL COMENTARIO DE VIDAL RODR\u00cdGUEZ: \u00abQue Tom\u00e1s tuviera dudas puede resultar estimulante para nosotros\u00bb"},"content":{"rendered":"\t\t<div data-elementor-type=\"wp-post\" data-elementor-id=\"43758\" class=\"elementor elementor-43758\" data-elementor-settings=\"[]\">\n\t\t\t\t\t\t<div class=\"elementor-inner\">\n\t\t\t\t\t\t\t<div class=\"elementor-section-wrap\">\n\t\t\t\t\t\t\t<section class=\"elementor-section elementor-top-section elementor-element elementor-element-36f6027 elementor-section-boxed elementor-section-height-default elementor-section-height-default\" data-id=\"36f6027\" data-element_type=\"section\">\n\t\t\t\t\t\t<div class=\"elementor-container elementor-column-gap-default\">\n\t\t\t\t\t\t\t<div class=\"elementor-row\">\n\t\t\t\t\t<div class=\"elementor-column elementor-col-100 elementor-top-column elementor-element elementor-element-88369ba\" data-id=\"88369ba\" data-element_type=\"column\">\n\t\t\t<div class=\"elementor-column-wrap elementor-element-populated\">\n\t\t\t\t\t\t\t<div class=\"elementor-widget-wrap\">\n\t\t\t\t\t\t<div class=\"elementor-element elementor-element-81918a9 elementor-widget elementor-widget-image\" data-id=\"81918a9\" data-element_type=\"widget\" data-widget_type=\"image.default\">\n\t\t\t\t<div class=\"elementor-widget-container\">\n\t\t\t\t\t\t\t\t<div class=\"elementor-image\">\n\t\t\t\t\t\t\t\t\t\t\t\t<img loading=\"lazy\" decoding=\"async\" width=\"1200\" height=\"778\" src=\"https:\/\/www.diocesisciudadrodrigo.org\/blog4\/wp-content\/uploads\/2026\/04\/Comentarios-domingo-CR-imagen-1280-x-830-px-2.jpg\" class=\"attachment-large size-large\" alt=\"Comentario Vidal Rodr\u00edguez 12 de abril\" srcset=\"https:\/\/www.diocesisciudadrodrigo.org\/blog4\/wp-content\/uploads\/2026\/04\/Comentarios-domingo-CR-imagen-1280-x-830-px-2.jpg 1280w, https:\/\/www.diocesisciudadrodrigo.org\/blog4\/wp-content\/uploads\/2026\/04\/Comentarios-domingo-CR-imagen-1280-x-830-px-2-1000x648.jpg 1000w, https:\/\/www.diocesisciudadrodrigo.org\/blog4\/wp-content\/uploads\/2026\/04\/Comentarios-domingo-CR-imagen-1280-x-830-px-2-768x498.jpg 768w, https:\/\/www.diocesisciudadrodrigo.org\/blog4\/wp-content\/uploads\/2026\/04\/Comentarios-domingo-CR-imagen-1280-x-830-px-2-350x227.jpg 350w\" sizes=\"auto, (max-width: 1200px) 100vw, 1200px\" \/>\t\t\t\t\t\t\t\t\t\t\t\t\t\t<\/div>\n\t\t\t\t\t\t<\/div>\n\t\t\t\t<\/div>\n\t\t\t\t\t\t<\/div>\n\t\t\t\t\t<\/div>\n\t\t<\/div>\n\t\t\t\t\t\t\t\t<\/div>\n\t\t\t\t\t<\/div>\n\t\t<\/section>\n\t\t\t\t<section class=\"elementor-section elementor-top-section elementor-element elementor-element-c3d7e77 elementor-section-boxed elementor-section-height-default elementor-section-height-default\" data-id=\"c3d7e77\" data-element_type=\"section\">\n\t\t\t\t\t\t<div class=\"elementor-container elementor-column-gap-default\">\n\t\t\t\t\t\t\t<div class=\"elementor-row\">\n\t\t\t\t\t<div class=\"elementor-column elementor-col-100 elementor-top-column elementor-element elementor-element-3a11001\" data-id=\"3a11001\" data-element_type=\"column\">\n\t\t\t<div class=\"elementor-column-wrap elementor-element-populated\">\n\t\t\t\t\t\t\t<div class=\"elementor-widget-wrap\">\n\t\t\t\t\t\t<div class=\"elementor-element elementor-element-bc88759 elementor-widget elementor-widget-text-editor\" data-id=\"bc88759\" data-element_type=\"widget\" data-widget_type=\"text-editor.default\">\n\t\t\t\t<div class=\"elementor-widget-container\">\n\t\t\t\t\t\t\t\t<div class=\"elementor-text-editor elementor-clearfix\">\n\t\t\t\t<p><em>Un cordial saludo a todos en este domingo de la octava de Pascua, os habla Vidal Rodr\u00edguez.<\/em><\/p><p><em>Desde muy antiguo se lee cada a\u00f1o en el domingo de la octava de Pascua, el Evangelio en el que Juan nos cuenta las dos apariciones del resucitado a los ap\u00f3stoles.<\/em><\/p><p><em>El primer d\u00eda de la semana en ausencia de de Tom\u00e1s y a los ocho d\u00edas, ahora con la presencia del incr\u00e9dulo, que tiene la ocasi\u00f3n de expresar su fe con esta humilde confesi\u00f3n: Se\u00f1or m\u00edo y Dios m\u00edo .<\/em><\/p><p><em>Los disc\u00edpulos del primer d\u00eda tuvieron una gozosa experiencia. Su coraz\u00f3n encogido de miedo y las puertas cerradas eran signo de sentirse defraudados. Les parec\u00eda que todo hab\u00eda terminado en la cruz. Sin embargo, sus corazones se llenaron de alegr\u00eda al ver al Resucitado y saltaron de gozo.<\/em><\/p><p><em>El Se\u00f1or glorioso les ense\u00f1a las llagas de sus manos y de su costado, signos de su amor y de su entrega. Y para que no duden que el que est\u00e1 ante ellos es el mismo que estuvo en la cruz. Y les comunica por dos veces su paz: \u00abmi paz os dejo, mi paz os doy\u00bb. Aquella paz que tanto necesitaban sus corazones perturbados.<\/em><\/p><p><em>El disc\u00edpulo del octavo d\u00eda es desconfiado y quiere asegurarse. No le basta la palabra de sus compa\u00f1eros: \u00absi no veo en sus manos la se\u00f1al de los clavos y no meto la mano en su costado, no lo creo\u00bb.<\/em><\/p><p><em>El que Tom\u00e1s tuviera dudas puede resultar estimulante para nosotros. El no crey\u00f3 yo lo que le dec\u00edan sus hermanos de comunidad. Todos llevamos dentro un Tom\u00e1s. A todos nos viene la tentaci\u00f3n de pedir a Dios pruebas de su cercan\u00eda o signos que nos muestren que nuestro camino es el bueno. O milagros o visiones para poder creer.<\/em><\/p><p><em>Nosotros pertenecemos a esas generaciones que tienen m\u00e1s m\u00e9rito que la primera al creer en Cristo, porque no le hemos visto, ni o\u00eddo, ni tocado personalmente y sin embargo, creemos en \u00c9l.<\/em><\/p><p><em>Se nos aplica lo que Jes\u00fas dijo al incr\u00e9dulo Tom\u00e1s: \u00ab\u00bf porque m\u00e1s visto has cre\u00eddo?, dichosos los que crean sin haber visto\u00bb.<\/em><\/p><p><em>La garant\u00eda dada a Tom\u00e1s es excepcional. A partir de entonces el camino normal de acercamiento a Cristo se apoya en la escucha. El signo que lleva la fe es transformado, ya no es la visi\u00f3n directa, sino el testimonio.<\/em><\/p><p><em>Por eso dec\u00eda San Gregorio Magno, nos benefici\u00f3 m\u00e1s la incredulidad de Tom\u00e1s que la fe de los disc\u00edpulos creyentes.<\/em><\/p><p><em>Feliz domingo de la octava de Pascua.<span class=\"Apple-converted-space\">\u00a0<\/span><\/em><\/p><p style=\"text-align: right;\">VIDAL RODR\u00cdGUEZ<\/p>\t\t\t\t\t<\/div>\n\t\t\t\t\t\t<\/div>\n\t\t\t\t<\/div>\n\t\t\t\t\t\t<\/div>\n\t\t\t\t\t<\/div>\n\t\t<\/div>\n\t\t\t\t\t\t\t\t<\/div>\n\t\t\t\t\t<\/div>\n\t\t<\/section>\n\t\t\t\t<section class=\"elementor-section elementor-top-section elementor-element elementor-element-5b745d1 elementor-section-boxed elementor-section-height-default elementor-section-height-default\" data-id=\"5b745d1\" data-element_type=\"section\">\n\t\t\t\t\t\t<div class=\"elementor-container elementor-column-gap-default\">\n\t\t\t\t\t\t\t<div class=\"elementor-row\">\n\t\t\t\t\t<div class=\"elementor-column elementor-col-100 elementor-top-column elementor-element elementor-element-656bf1a\" data-id=\"656bf1a\" data-element_type=\"column\">\n\t\t\t<div class=\"elementor-column-wrap elementor-element-populated\">\n\t\t\t\t\t\t\t<div class=\"elementor-widget-wrap\">\n\t\t\t\t\t\t<div class=\"elementor-element elementor-element-9533cbc elementor-widget elementor-widget-html\" data-id=\"9533cbc\" data-element_type=\"widget\" data-widget_type=\"html.default\">\n\t\t\t\t<div class=\"elementor-widget-container\">\n\t\t\t<iframe data-testid=\"embed-iframe\" style=\"border-radius:12px\" src=\"https:\/\/open.spotify.com\/embed\/episode\/3aOtFQmZ2cSBf3sP4iKYA3?utm_source=generator&t=558\" width=\"100%\" height=\"152\" frameBorder=\"0\" allowfullscreen=\"\" allow=\"autoplay; clipboard-write; encrypted-media; fullscreen; picture-in-picture\" loading=\"lazy\"><\/iframe>\t\t<\/div>\n\t\t\t\t<\/div>\n\t\t\t\t\t\t<\/div>\n\t\t\t\t\t<\/div>\n\t\t<\/div>\n\t\t\t\t\t\t\t\t<\/div>\n\t\t\t\t\t<\/div>\n\t\t<\/section>\n\t\t\t\t\t\t<\/div>\n\t\t\t\t\t\t<\/div>\n\t\t\t\t\t<\/div>\n\t\t","protected":false},"excerpt":{"rendered":"<p>Escucha el comentario del domingo de Vidal Rodr\u00edguez en el programa Iglesia Noticia COPE en Ciudad Rodrigo sobre el evangelio de este Domingo de la octava de Pascua<\/p>\n","protected":false},"author":1,"featured_media":43766,"comment_status":"closed","ping_status":"closed","sticky":false,"template":"","format":"standard","meta":{"footnotes":""},"categories":[62],"tags":[42,43],"class_list":["post-43758","post","type-post","status-publish","format-standard","has-post-thumbnail","hentry","category-comentario","tag-comentario","tag-evangelio","masonry-post","generate-columns","tablet-grid-50","mobile-grid-100","grid-parent","grid-50"],"yoast_head":"<!-- This site is optimized with the Yoast SEO plugin v27.3 - https:\/\/yoast.com\/product\/yoast-seo-wordpress\/ -->\n<title>EL COMENTARIO DE VIDAL RODR\u00cdGUEZ: \u00abQue Tom\u00e1s tuviera dudas puede resultar estimulante para nosotros\u00bb - Di\u00f3cesis de Ciudad Rodrigo<\/title>\n<meta name=\"description\" content=\"Escucha el comentario del domingo de Vidal Rodr\u00edguez en el programa Iglesia Noticia COPE en Ciudad Rodrigo sobre el evangelio de este Domingo de la octava de Pascua\" \/>\n<meta name=\"robots\" content=\"index, follow, max-snippet:-1, max-image-preview:large, max-video-preview:-1\" \/>\n<link rel=\"canonical\" href=\"https:\/\/www.diocesisciudadrodrigo.org\/blog4\/el-comentario-de-vidal-rodriguez-que-tomas-tuviera-dudas-puede-resultar-estimulante-para-nosotros\/\" \/>\n<meta property=\"og:locale\" content=\"es_ES\" \/>\n<meta property=\"og:type\" content=\"article\" \/>\n<meta property=\"og:title\" content=\"EL COMENTARIO DE VIDAL RODR\u00cdGUEZ: \u00abQue Tom\u00e1s tuviera dudas puede resultar estimulante para nosotros\u00bb - Di\u00f3cesis de Ciudad Rodrigo\" \/>\n<meta property=\"og:description\" content=\"Escucha el comentario del domingo de Vidal Rodr\u00edguez en el programa Iglesia Noticia COPE en Ciudad Rodrigo sobre el evangelio de este Domingo de la octava de Pascua\" \/>\n<meta property=\"og:url\" content=\"https:\/\/www.diocesisciudadrodrigo.org\/blog4\/el-comentario-de-vidal-rodriguez-que-tomas-tuviera-dudas-puede-resultar-estimulante-para-nosotros\/\" \/>\n<meta property=\"og:site_name\" content=\"Di\u00f3cesis de Ciudad Rodrigo\" \/>\n<meta property=\"article:publisher\" content=\"https:\/\/www.facebook.com\/people\/Dicesis-Ciudad-Rodrigo-MCS\/100076471923419\/#\" \/>\n<meta property=\"article:published_time\" content=\"2026-04-12T17:04:58+00:00\" \/>\n<meta property=\"article:modified_time\" content=\"2026-04-20T20:46:38+00:00\" \/>\n<meta property=\"og:image\" content=\"https:\/\/www.diocesisciudadrodrigo.org\/blog4\/wp-content\/uploads\/2026\/04\/Comentarios-domingo-CR-imagen-1280-x-830-px-2.jpg\" \/>\n\t<meta property=\"og:image:width\" content=\"1280\" \/>\n\t<meta property=\"og:image:height\" content=\"830\" \/>\n\t<meta property=\"og:image:type\" content=\"image\/jpeg\" \/>\n<meta name=\"author\" content=\"medios CR\" \/>\n<meta name=\"twitter:card\" content=\"summary_large_image\" \/>\n<meta name=\"twitter:label1\" content=\"Escrito por\" \/>\n\t<meta name=\"twitter:data1\" content=\"medios CR\" \/>\n\t<meta name=\"twitter:label2\" content=\"Tiempo de lectura\" \/>\n\t<meta name=\"twitter:data2\" content=\"3 minutos\" \/>\n<script type=\"application\/ld+json\" class=\"yoast-schema-graph\">{\"@context\":\"https:\\\/\\\/schema.org\",\"@graph\":[{\"@type\":\"Article\",\"@id\":\"https:\\\/\\\/www.diocesisciudadrodrigo.org\\\/blog4\\\/el-comentario-de-vidal-rodriguez-que-tomas-tuviera-dudas-puede-resultar-estimulante-para-nosotros\\\/#article\",\"isPartOf\":{\"@id\":\"https:\\\/\\\/www.diocesisciudadrodrigo.org\\\/blog4\\\/el-comentario-de-vidal-rodriguez-que-tomas-tuviera-dudas-puede-resultar-estimulante-para-nosotros\\\/\"},\"author\":{\"name\":\"medios CR\",\"@id\":\"https:\\\/\\\/www.diocesisciudadrodrigo.org\\\/blog4\\\/#\\\/schema\\\/person\\\/5fcf0ca636a75766ff70e6417b6ed052\"},\"headline\":\"EL COMENTARIO DE VIDAL RODR\u00cdGUEZ: \u00abQue Tom\u00e1s tuviera dudas puede resultar estimulante para nosotros\u00bb\",\"datePublished\":\"2026-04-12T17:04:58+00:00\",\"dateModified\":\"2026-04-20T20:46:38+00:00\",\"mainEntityOfPage\":{\"@id\":\"https:\\\/\\\/www.diocesisciudadrodrigo.org\\\/blog4\\\/el-comentario-de-vidal-rodriguez-que-tomas-tuviera-dudas-puede-resultar-estimulante-para-nosotros\\\/\"},\"wordCount\":483,\"publisher\":{\"@id\":\"https:\\\/\\\/www.diocesisciudadrodrigo.org\\\/blog4\\\/#organization\"},\"image\":{\"@id\":\"https:\\\/\\\/www.diocesisciudadrodrigo.org\\\/blog4\\\/el-comentario-de-vidal-rodriguez-que-tomas-tuviera-dudas-puede-resultar-estimulante-para-nosotros\\\/#primaryimage\"},\"thumbnailUrl\":\"https:\\\/\\\/www.diocesisciudadrodrigo.org\\\/blog4\\\/wp-content\\\/uploads\\\/2026\\\/04\\\/Comentarios-domingo-CR-imagen-1280-x-830-px-2.jpg\",\"keywords\":[\"Comentario\",\"Evangelio\"],\"articleSection\":[\"Comentario\"],\"inLanguage\":\"es\"},{\"@type\":\"WebPage\",\"@id\":\"https:\\\/\\\/www.diocesisciudadrodrigo.org\\\/blog4\\\/el-comentario-de-vidal-rodriguez-que-tomas-tuviera-dudas-puede-resultar-estimulante-para-nosotros\\\/\",\"url\":\"https:\\\/\\\/www.diocesisciudadrodrigo.org\\\/blog4\\\/el-comentario-de-vidal-rodriguez-que-tomas-tuviera-dudas-puede-resultar-estimulante-para-nosotros\\\/\",\"name\":\"EL COMENTARIO DE VIDAL RODR\u00cdGUEZ: \u00abQue Tom\u00e1s tuviera dudas puede resultar estimulante para nosotros\u00bb - Di\u00f3cesis de Ciudad Rodrigo\",\"isPartOf\":{\"@id\":\"https:\\\/\\\/www.diocesisciudadrodrigo.org\\\/blog4\\\/#website\"},\"primaryImageOfPage\":{\"@id\":\"https:\\\/\\\/www.diocesisciudadrodrigo.org\\\/blog4\\\/el-comentario-de-vidal-rodriguez-que-tomas-tuviera-dudas-puede-resultar-estimulante-para-nosotros\\\/#primaryimage\"},\"image\":{\"@id\":\"https:\\\/\\\/www.diocesisciudadrodrigo.org\\\/blog4\\\/el-comentario-de-vidal-rodriguez-que-tomas-tuviera-dudas-puede-resultar-estimulante-para-nosotros\\\/#primaryimage\"},\"thumbnailUrl\":\"https:\\\/\\\/www.diocesisciudadrodrigo.org\\\/blog4\\\/wp-content\\\/uploads\\\/2026\\\/04\\\/Comentarios-domingo-CR-imagen-1280-x-830-px-2.jpg\",\"datePublished\":\"2026-04-12T17:04:58+00:00\",\"dateModified\":\"2026-04-20T20:46:38+00:00\",\"description\":\"Escucha el comentario del domingo de Vidal Rodr\u00edguez en el programa Iglesia Noticia COPE en Ciudad Rodrigo sobre el evangelio de este Domingo de la octava de Pascua\",\"breadcrumb\":{\"@id\":\"https:\\\/\\\/www.diocesisciudadrodrigo.org\\\/blog4\\\/el-comentario-de-vidal-rodriguez-que-tomas-tuviera-dudas-puede-resultar-estimulante-para-nosotros\\\/#breadcrumb\"},\"inLanguage\":\"es\",\"potentialAction\":[{\"@type\":\"ReadAction\",\"target\":[\"https:\\\/\\\/www.diocesisciudadrodrigo.org\\\/blog4\\\/el-comentario-de-vidal-rodriguez-que-tomas-tuviera-dudas-puede-resultar-estimulante-para-nosotros\\\/\"]}]},{\"@type\":\"ImageObject\",\"inLanguage\":\"es\",\"@id\":\"https:\\\/\\\/www.diocesisciudadrodrigo.org\\\/blog4\\\/el-comentario-de-vidal-rodriguez-que-tomas-tuviera-dudas-puede-resultar-estimulante-para-nosotros\\\/#primaryimage\",\"url\":\"https:\\\/\\\/www.diocesisciudadrodrigo.org\\\/blog4\\\/wp-content\\\/uploads\\\/2026\\\/04\\\/Comentarios-domingo-CR-imagen-1280-x-830-px-2.jpg\",\"contentUrl\":\"https:\\\/\\\/www.diocesisciudadrodrigo.org\\\/blog4\\\/wp-content\\\/uploads\\\/2026\\\/04\\\/Comentarios-domingo-CR-imagen-1280-x-830-px-2.jpg\",\"width\":1280,\"height\":830,\"caption\":\"Comentario Vidal Rodr\u00edguez 12 de abril\"},{\"@type\":\"BreadcrumbList\",\"@id\":\"https:\\\/\\\/www.diocesisciudadrodrigo.org\\\/blog4\\\/el-comentario-de-vidal-rodriguez-que-tomas-tuviera-dudas-puede-resultar-estimulante-para-nosotros\\\/#breadcrumb\",\"itemListElement\":[{\"@type\":\"ListItem\",\"position\":1,\"name\":\"Portada\",\"item\":\"https:\\\/\\\/www.diocesisciudadrodrigo.org\\\/blog4\\\/\"},{\"@type\":\"ListItem\",\"position\":2,\"name\":\"EL COMENTARIO DE VIDAL RODR\u00cdGUEZ: \u00abQue Tom\u00e1s tuviera dudas puede resultar estimulante para nosotros\u00bb\"}]},{\"@type\":\"WebSite\",\"@id\":\"https:\\\/\\\/www.diocesisciudadrodrigo.org\\\/blog4\\\/#website\",\"url\":\"https:\\\/\\\/www.diocesisciudadrodrigo.org\\\/blog4\\\/\",\"name\":\"Di\u00f3cesis de Ciudad Rodrigo\",\"description\":\"Sitio web oficial de la di\u00f3cesis civitatense\",\"publisher\":{\"@id\":\"https:\\\/\\\/www.diocesisciudadrodrigo.org\\\/blog4\\\/#organization\"},\"potentialAction\":[{\"@type\":\"SearchAction\",\"target\":{\"@type\":\"EntryPoint\",\"urlTemplate\":\"https:\\\/\\\/www.diocesisciudadrodrigo.org\\\/blog4\\\/?s={search_term_string}\"},\"query-input\":{\"@type\":\"PropertyValueSpecification\",\"valueRequired\":true,\"valueName\":\"search_term_string\"}}],\"inLanguage\":\"es\"},{\"@type\":\"Organization\",\"@id\":\"https:\\\/\\\/www.diocesisciudadrodrigo.org\\\/blog4\\\/#organization\",\"name\":\"Di\u00f3cesis de Ciudad Rodrigo\",\"url\":\"https:\\\/\\\/www.diocesisciudadrodrigo.org\\\/blog4\\\/\",\"logo\":{\"@type\":\"ImageObject\",\"inLanguage\":\"es\",\"@id\":\"https:\\\/\\\/www.diocesisciudadrodrigo.org\\\/blog4\\\/#\\\/schema\\\/logo\\\/image\\\/\",\"url\":\"https:\\\/\\\/www.diocesisciudadrodrigo.org\\\/blog4\\\/wp-content\\\/uploads\\\/2024\\\/12\\\/Diocesis.CMYK_-768x480-1.jpg\",\"contentUrl\":\"https:\\\/\\\/www.diocesisciudadrodrigo.org\\\/blog4\\\/wp-content\\\/uploads\\\/2024\\\/12\\\/Diocesis.CMYK_-768x480-1.jpg\",\"width\":768,\"height\":480,\"caption\":\"Di\u00f3cesis de Ciudad Rodrigo\"},\"image\":{\"@id\":\"https:\\\/\\\/www.diocesisciudadrodrigo.org\\\/blog4\\\/#\\\/schema\\\/logo\\\/image\\\/\"},\"sameAs\":[\"https:\\\/\\\/www.facebook.com\\\/people\\\/Dicesis-Ciudad-Rodrigo-MCS\\\/100076471923419\\\/#\"]},{\"@type\":\"Person\",\"@id\":\"https:\\\/\\\/www.diocesisciudadrodrigo.org\\\/blog4\\\/#\\\/schema\\\/person\\\/5fcf0ca636a75766ff70e6417b6ed052\",\"name\":\"medios CR\",\"image\":{\"@type\":\"ImageObject\",\"inLanguage\":\"es\",\"@id\":\"https:\\\/\\\/secure.gravatar.com\\\/avatar\\\/4a619fd0c7e36bd570f4e6e15eb09a2191185d0f63d8dbfdffe848af141ab87e?s=96&d=mm&r=g\",\"url\":\"https:\\\/\\\/secure.gravatar.com\\\/avatar\\\/4a619fd0c7e36bd570f4e6e15eb09a2191185d0f63d8dbfdffe848af141ab87e?s=96&d=mm&r=g\",\"contentUrl\":\"https:\\\/\\\/secure.gravatar.com\\\/avatar\\\/4a619fd0c7e36bd570f4e6e15eb09a2191185d0f63d8dbfdffe848af141ab87e?s=96&d=mm&r=g\",\"caption\":\"medios CR\"},\"url\":\"https:\\\/\\\/www.diocesisciudadrodrigo.org\\\/blog4\\\/author\\\/admin4\\\/\"}]}<\/script>\n<!-- \/ Yoast SEO plugin. -->","yoast_head_json":{"title":"EL COMENTARIO DE VIDAL RODR\u00cdGUEZ: \u00abQue Tom\u00e1s tuviera dudas puede resultar estimulante para nosotros\u00bb - Di\u00f3cesis de Ciudad Rodrigo","description":"Escucha el comentario del domingo de Vidal Rodr\u00edguez en el programa Iglesia Noticia COPE en Ciudad Rodrigo sobre el evangelio de este Domingo de la octava de Pascua","robots":{"index":"index","follow":"follow","max-snippet":"max-snippet:-1","max-image-preview":"max-image-preview:large","max-video-preview":"max-video-preview:-1"},"canonical":"https:\/\/www.diocesisciudadrodrigo.org\/blog4\/el-comentario-de-vidal-rodriguez-que-tomas-tuviera-dudas-puede-resultar-estimulante-para-nosotros\/","og_locale":"es_ES","og_type":"article","og_title":"EL COMENTARIO DE VIDAL RODR\u00cdGUEZ: \u00abQue Tom\u00e1s tuviera dudas puede resultar estimulante para nosotros\u00bb - Di\u00f3cesis de Ciudad Rodrigo","og_description":"Escucha el comentario del domingo de Vidal Rodr\u00edguez en el programa Iglesia Noticia COPE en Ciudad Rodrigo sobre el evangelio de este Domingo de la octava de Pascua","og_url":"https:\/\/www.diocesisciudadrodrigo.org\/blog4\/el-comentario-de-vidal-rodriguez-que-tomas-tuviera-dudas-puede-resultar-estimulante-para-nosotros\/","og_site_name":"Di\u00f3cesis de Ciudad Rodrigo","article_publisher":"https:\/\/www.facebook.com\/people\/Dicesis-Ciudad-Rodrigo-MCS\/100076471923419\/#","article_published_time":"2026-04-12T17:04:58+00:00","article_modified_time":"2026-04-20T20:46:38+00:00","og_image":[{"width":1280,"height":830,"url":"https:\/\/www.diocesisciudadrodrigo.org\/blog4\/wp-content\/uploads\/2026\/04\/Comentarios-domingo-CR-imagen-1280-x-830-px-2.jpg","type":"image\/jpeg"}],"author":"medios CR","twitter_card":"summary_large_image","twitter_misc":{"Escrito por":"medios CR","Tiempo de lectura":"3 minutos"},"schema":{"@context":"https:\/\/schema.org","@graph":[{"@type":"Article","@id":"https:\/\/www.diocesisciudadrodrigo.org\/blog4\/el-comentario-de-vidal-rodriguez-que-tomas-tuviera-dudas-puede-resultar-estimulante-para-nosotros\/#article","isPartOf":{"@id":"https:\/\/www.diocesisciudadrodrigo.org\/blog4\/el-comentario-de-vidal-rodriguez-que-tomas-tuviera-dudas-puede-resultar-estimulante-para-nosotros\/"},"author":{"name":"medios CR","@id":"https:\/\/www.diocesisciudadrodrigo.org\/blog4\/#\/schema\/person\/5fcf0ca636a75766ff70e6417b6ed052"},"headline":"EL COMENTARIO DE VIDAL RODR\u00cdGUEZ: \u00abQue Tom\u00e1s tuviera dudas puede resultar estimulante para nosotros\u00bb","datePublished":"2026-04-12T17:04:58+00:00","dateModified":"2026-04-20T20:46:38+00:00","mainEntityOfPage":{"@id":"https:\/\/www.diocesisciudadrodrigo.org\/blog4\/el-comentario-de-vidal-rodriguez-que-tomas-tuviera-dudas-puede-resultar-estimulante-para-nosotros\/"},"wordCount":483,"publisher":{"@id":"https:\/\/www.diocesisciudadrodrigo.org\/blog4\/#organization"},"image":{"@id":"https:\/\/www.diocesisciudadrodrigo.org\/blog4\/el-comentario-de-vidal-rodriguez-que-tomas-tuviera-dudas-puede-resultar-estimulante-para-nosotros\/#primaryimage"},"thumbnailUrl":"https:\/\/www.diocesisciudadrodrigo.org\/blog4\/wp-content\/uploads\/2026\/04\/Comentarios-domingo-CR-imagen-1280-x-830-px-2.jpg","keywords":["Comentario","Evangelio"],"articleSection":["Comentario"],"inLanguage":"es"},{"@type":"WebPage","@id":"https:\/\/www.diocesisciudadrodrigo.org\/blog4\/el-comentario-de-vidal-rodriguez-que-tomas-tuviera-dudas-puede-resultar-estimulante-para-nosotros\/","url":"https:\/\/www.diocesisciudadrodrigo.org\/blog4\/el-comentario-de-vidal-rodriguez-que-tomas-tuviera-dudas-puede-resultar-estimulante-para-nosotros\/","name":"EL COMENTARIO DE VIDAL RODR\u00cdGUEZ: \u00abQue Tom\u00e1s tuviera dudas puede resultar estimulante para nosotros\u00bb - Di\u00f3cesis de Ciudad Rodrigo","isPartOf":{"@id":"https:\/\/www.diocesisciudadrodrigo.org\/blog4\/#website"},"primaryImageOfPage":{"@id":"https:\/\/www.diocesisciudadrodrigo.org\/blog4\/el-comentario-de-vidal-rodriguez-que-tomas-tuviera-dudas-puede-resultar-estimulante-para-nosotros\/#primaryimage"},"image":{"@id":"https:\/\/www.diocesisciudadrodrigo.org\/blog4\/el-comentario-de-vidal-rodriguez-que-tomas-tuviera-dudas-puede-resultar-estimulante-para-nosotros\/#primaryimage"},"thumbnailUrl":"https:\/\/www.diocesisciudadrodrigo.org\/blog4\/wp-content\/uploads\/2026\/04\/Comentarios-domingo-CR-imagen-1280-x-830-px-2.jpg","datePublished":"2026-04-12T17:04:58+00:00","dateModified":"2026-04-20T20:46:38+00:00","description":"Escucha el comentario del domingo de Vidal Rodr\u00edguez en el programa Iglesia Noticia COPE en Ciudad Rodrigo sobre el evangelio de este Domingo de la octava de Pascua","breadcrumb":{"@id":"https:\/\/www.diocesisciudadrodrigo.org\/blog4\/el-comentario-de-vidal-rodriguez-que-tomas-tuviera-dudas-puede-resultar-estimulante-para-nosotros\/#breadcrumb"},"inLanguage":"es","potentialAction":[{"@type":"ReadAction","target":["https:\/\/www.diocesisciudadrodrigo.org\/blog4\/el-comentario-de-vidal-rodriguez-que-tomas-tuviera-dudas-puede-resultar-estimulante-para-nosotros\/"]}]},{"@type":"ImageObject","inLanguage":"es","@id":"https:\/\/www.diocesisciudadrodrigo.org\/blog4\/el-comentario-de-vidal-rodriguez-que-tomas-tuviera-dudas-puede-resultar-estimulante-para-nosotros\/#primaryimage","url":"https:\/\/www.diocesisciudadrodrigo.org\/blog4\/wp-content\/uploads\/2026\/04\/Comentarios-domingo-CR-imagen-1280-x-830-px-2.jpg","contentUrl":"https:\/\/www.diocesisciudadrodrigo.org\/blog4\/wp-content\/uploads\/2026\/04\/Comentarios-domingo-CR-imagen-1280-x-830-px-2.jpg","width":1280,"height":830,"caption":"Comentario Vidal Rodr\u00edguez 12 de abril"},{"@type":"BreadcrumbList","@id":"https:\/\/www.diocesisciudadrodrigo.org\/blog4\/el-comentario-de-vidal-rodriguez-que-tomas-tuviera-dudas-puede-resultar-estimulante-para-nosotros\/#breadcrumb","itemListElement":[{"@type":"ListItem","position":1,"name":"Portada","item":"https:\/\/www.diocesisciudadrodrigo.org\/blog4\/"},{"@type":"ListItem","position":2,"name":"EL COMENTARIO DE VIDAL RODR\u00cdGUEZ: \u00abQue Tom\u00e1s tuviera dudas puede resultar estimulante para nosotros\u00bb"}]},{"@type":"WebSite","@id":"https:\/\/www.diocesisciudadrodrigo.org\/blog4\/#website","url":"https:\/\/www.diocesisciudadrodrigo.org\/blog4\/","name":"Di\u00f3cesis de Ciudad Rodrigo","description":"Sitio web oficial de la di\u00f3cesis civitatense","publisher":{"@id":"https:\/\/www.diocesisciudadrodrigo.org\/blog4\/#organization"},"potentialAction":[{"@type":"SearchAction","target":{"@type":"EntryPoint","urlTemplate":"https:\/\/www.diocesisciudadrodrigo.org\/blog4\/?s={search_term_string}"},"query-input":{"@type":"PropertyValueSpecification","valueRequired":true,"valueName":"search_term_string"}}],"inLanguage":"es"},{"@type":"Organization","@id":"https:\/\/www.diocesisciudadrodrigo.org\/blog4\/#organization","name":"Di\u00f3cesis de Ciudad Rodrigo","url":"https:\/\/www.diocesisciudadrodrigo.org\/blog4\/","logo":{"@type":"ImageObject","inLanguage":"es","@id":"https:\/\/www.diocesisciudadrodrigo.org\/blog4\/#\/schema\/logo\/image\/","url":"https:\/\/www.diocesisciudadrodrigo.org\/blog4\/wp-content\/uploads\/2024\/12\/Diocesis.CMYK_-768x480-1.jpg","contentUrl":"https:\/\/www.diocesisciudadrodrigo.org\/blog4\/wp-content\/uploads\/2024\/12\/Diocesis.CMYK_-768x480-1.jpg","width":768,"height":480,"caption":"Di\u00f3cesis de Ciudad Rodrigo"},"image":{"@id":"https:\/\/www.diocesisciudadrodrigo.org\/blog4\/#\/schema\/logo\/image\/"},"sameAs":["https:\/\/www.facebook.com\/people\/Dicesis-Ciudad-Rodrigo-MCS\/100076471923419\/#"]},{"@type":"Person","@id":"https:\/\/www.diocesisciudadrodrigo.org\/blog4\/#\/schema\/person\/5fcf0ca636a75766ff70e6417b6ed052","name":"medios CR","image":{"@type":"ImageObject","inLanguage":"es","@id":"https:\/\/secure.gravatar.com\/avatar\/4a619fd0c7e36bd570f4e6e15eb09a2191185d0f63d8dbfdffe848af141ab87e?s=96&d=mm&r=g","url":"https:\/\/secure.gravatar.com\/avatar\/4a619fd0c7e36bd570f4e6e15eb09a2191185d0f63d8dbfdffe848af141ab87e?s=96&d=mm&r=g","contentUrl":"https:\/\/secure.gravatar.com\/avatar\/4a619fd0c7e36bd570f4e6e15eb09a2191185d0f63d8dbfdffe848af141ab87e?s=96&d=mm&r=g","caption":"medios CR"},"url":"https:\/\/www.diocesisciudadrodrigo.org\/blog4\/author\/admin4\/"}]}},"_links":{"self":[{"href":"https:\/\/www.diocesisciudadrodrigo.org\/blog4\/wp-json\/wp\/v2\/posts\/43758","targetHints":{"allow":["GET"]}}],"collection":[{"href":"https:\/\/www.diocesisciudadrodrigo.org\/blog4\/wp-json\/wp\/v2\/posts"}],"about":[{"href":"https:\/\/www.diocesisciudadrodrigo.org\/blog4\/wp-json\/wp\/v2\/types\/post"}],"author":[{"embeddable":true,"href":"https:\/\/www.diocesisciudadrodrigo.org\/blog4\/wp-json\/wp\/v2\/users\/1"}],"replies":[{"embeddable":true,"href":"https:\/\/www.diocesisciudadrodrigo.org\/blog4\/wp-json\/wp\/v2\/comments?post=43758"}],"version-history":[{"count":15,"href":"https:\/\/www.diocesisciudadrodrigo.org\/blog4\/wp-json\/wp\/v2\/posts\/43758\/revisions"}],"predecessor-version":[{"id":43778,"href":"https:\/\/www.diocesisciudadrodrigo.org\/blog4\/wp-json\/wp\/v2\/posts\/43758\/revisions\/43778"}],"wp:featuredmedia":[{"embeddable":true,"href":"https:\/\/www.diocesisciudadrodrigo.org\/blog4\/wp-json\/wp\/v2\/media\/43766"}],"wp:attachment":[{"href":"https:\/\/www.diocesisciudadrodrigo.org\/blog4\/wp-json\/wp\/v2\/media?parent=43758"}],"wp:term":[{"taxonomy":"category","embeddable":true,"href":"https:\/\/www.diocesisciudadrodrigo.org\/blog4\/wp-json\/wp\/v2\/categories?post=43758"},{"taxonomy":"post_tag","embeddable":true,"href":"https:\/\/www.diocesisciudadrodrigo.org\/blog4\/wp-json\/wp\/v2\/tags?post=43758"}],"curies":[{"name":"wp","href":"https:\/\/api.w.org\/{rel}","templated":true}]}}