{"id":43035,"date":"2026-03-10T16:38:55","date_gmt":"2026-03-10T15:38:55","guid":{"rendered":"https:\/\/www.diocesisciudadrodrigo.org\/blog4\/?p=43035"},"modified":"2026-03-10T17:31:43","modified_gmt":"2026-03-10T16:31:43","slug":"la-diocesis-se-une-a-las-24-horas-para-el-senor-orando-por-la-paz","status":"publish","type":"post","link":"https:\/\/www.diocesisciudadrodrigo.org\/blog4\/la-diocesis-se-une-a-las-24-horas-para-el-senor-orando-por-la-paz\/","title":{"rendered":"La Di\u00f3cesis se une a las \u00ab24 Horas para el Se\u00f1or\u00bb orando por la paz"},"content":{"rendered":"\t\t<div data-elementor-type=\"wp-post\" data-elementor-id=\"43035\" class=\"elementor elementor-43035\" data-elementor-settings=\"[]\">\n\t\t\t\t\t\t<div class=\"elementor-inner\">\n\t\t\t\t\t\t\t<div class=\"elementor-section-wrap\">\n\t\t\t\t\t\t\t<section class=\"elementor-section elementor-top-section elementor-element elementor-element-1de4594 elementor-section-boxed elementor-section-height-default elementor-section-height-default\" data-id=\"1de4594\" data-element_type=\"section\">\n\t\t\t\t\t\t<div class=\"elementor-container elementor-column-gap-default\">\n\t\t\t\t\t\t\t<div class=\"elementor-row\">\n\t\t\t\t\t<div class=\"elementor-column elementor-col-100 elementor-top-column elementor-element elementor-element-4a0f7a7\" data-id=\"4a0f7a7\" data-element_type=\"column\">\n\t\t\t<div class=\"elementor-column-wrap elementor-element-populated\">\n\t\t\t\t\t\t\t<div class=\"elementor-widget-wrap\">\n\t\t\t\t\t\t<div class=\"elementor-element elementor-element-f98de20 elementor-widget elementor-widget-image\" data-id=\"f98de20\" data-element_type=\"widget\" data-widget_type=\"image.default\">\n\t\t\t\t<div class=\"elementor-widget-container\">\n\t\t\t\t\t\t\t\t<div class=\"elementor-image\">\n\t\t\t\t\t\t\t\t\t\t\t\t<img loading=\"lazy\" decoding=\"async\" width=\"1200\" height=\"675\" src=\"https:\/\/www.diocesisciudadrodrigo.org\/blog4\/wp-content\/uploads\/2026\/03\/back-view-young-boy-praying-church-2000x1125.jpg\" class=\"attachment-large size-large\" alt=\"Un momento de oraci\u00f3n.\" srcset=\"https:\/\/www.diocesisciudadrodrigo.org\/blog4\/wp-content\/uploads\/2026\/03\/back-view-young-boy-praying-church-2000x1125.jpg 2000w, https:\/\/www.diocesisciudadrodrigo.org\/blog4\/wp-content\/uploads\/2026\/03\/back-view-young-boy-praying-church-1000x562.jpg 1000w, https:\/\/www.diocesisciudadrodrigo.org\/blog4\/wp-content\/uploads\/2026\/03\/back-view-young-boy-praying-church-768x432.jpg 768w, https:\/\/www.diocesisciudadrodrigo.org\/blog4\/wp-content\/uploads\/2026\/03\/back-view-young-boy-praying-church-1536x864.jpg 1536w, https:\/\/www.diocesisciudadrodrigo.org\/blog4\/wp-content\/uploads\/2026\/03\/back-view-young-boy-praying-church-2048x1152.jpg 2048w, https:\/\/www.diocesisciudadrodrigo.org\/blog4\/wp-content\/uploads\/2026\/03\/back-view-young-boy-praying-church-350x197.jpg 350w\" sizes=\"auto, (max-width: 1200px) 100vw, 1200px\" \/>\t\t\t\t\t\t\t\t\t\t\t\t\t\t<\/div>\n\t\t\t\t\t\t<\/div>\n\t\t\t\t<\/div>\n\t\t\t\t\t\t<\/div>\n\t\t\t\t\t<\/div>\n\t\t<\/div>\n\t\t\t\t\t\t\t\t<\/div>\n\t\t\t\t\t<\/div>\n\t\t<\/section>\n\t\t\t\t<section class=\"elementor-section elementor-top-section elementor-element elementor-element-306eceb elementor-section-boxed elementor-section-height-default elementor-section-height-default\" data-id=\"306eceb\" data-element_type=\"section\">\n\t\t\t\t\t\t<div class=\"elementor-container elementor-column-gap-default\">\n\t\t\t\t\t\t\t<div class=\"elementor-row\">\n\t\t\t\t\t<div class=\"elementor-column elementor-col-100 elementor-top-column elementor-element elementor-element-6624cf5\" data-id=\"6624cf5\" data-element_type=\"column\">\n\t\t\t<div class=\"elementor-column-wrap elementor-element-populated\">\n\t\t\t\t\t\t\t<div class=\"elementor-widget-wrap\">\n\t\t\t\t\t\t<div class=\"elementor-element elementor-element-1ab25e8 elementor-widget elementor-widget-text-editor\" data-id=\"1ab25e8\" data-element_type=\"widget\" data-widget_type=\"text-editor.default\">\n\t\t\t\t<div class=\"elementor-widget-container\">\n\t\t\t\t\t\t\t\t<div class=\"elementor-text-editor elementor-clearfix\">\n\t\t\t\t<p>El obispo de Ciudad Rodrigo, Mons. Jos\u00e9 Luis Retana, ha invitado a toda la comunidad diocesana a celebrar las &#8217;24 Horas para el Se\u00f1or&#8217;, orando por la paz. Se siguen as\u00ed las indicaciones de la Conferencia Episcopal Espa\u00f1ola, que se<strong>\u00a0suma a la petici\u00f3n del papa <span class=\"stk-highlight\">Le\u00f3n XIV <\/span><\/strong>en su intenci\u00f3n de oraci\u00f3n para este mes de marzo quien<strong>\u00a0pide rezar \u00abpor el desarme y la paz\u00bb.\u00a0<\/strong><\/p><p>En este sentido, el presidente de la Conferencia Episcopal Espa\u00f1ola, Mons. Luis Arg\u00fcello, comenta que \u00ablas situaciones de guerra, especialmente la situaci\u00f3n actual en Ir\u00e1n, nos impulsan a <strong>unirnos a la insistente llamada de Le\u00f3n XIV a favor de una paz &#8216;desarmada y desarmante&#8217;<\/strong>\u00bb.\u00a0<\/p><p>&#8216;<i>24 Horas para el Se\u00f1or&#8217;<\/i> es <strong>una iniciativa cuaresmal de oraci\u00f3n y reconciliaci\u00f3n, instituida por el<\/strong>\u00a0<strong>papa Francisco,<\/strong>\u00a0que se celebra anualmente en di\u00f3cesis de todo el mundo en v\u00edsperas del cuarto domingo de Cuaresma.\u00a0<\/p><h4>IGLESIAS ABIERTAS<\/h4><p>En la preparaci\u00f3n para la Pascua, la tarde del viernes 13 de marzo y durante todo el d\u00eda del s\u00e1bado 14 de marzo, <strong>se anima a las comunidades eclesiales a programar aperturas especiales en sus iglesias<\/strong>, ofreciendo a los fieles la oportunidad de detenerse en cualquier momento para la adoraci\u00f3n y la confesi\u00f3n.\u00a0<\/p>\t\t\t\t\t<\/div>\n\t\t\t\t\t\t<\/div>\n\t\t\t\t<\/div>\n\t\t\t\t\t\t<\/div>\n\t\t\t\t\t<\/div>\n\t\t<\/div>\n\t\t\t\t\t\t\t\t<\/div>\n\t\t\t\t\t<\/div>\n\t\t<\/section>\n\t\t\t\t<section class=\"elementor-section elementor-top-section elementor-element elementor-element-d532a87 elementor-section-boxed elementor-section-height-default elementor-section-height-default\" data-id=\"d532a87\" data-element_type=\"section\">\n\t\t\t\t\t\t<div class=\"elementor-container elementor-column-gap-default\">\n\t\t\t\t\t\t\t<div class=\"elementor-row\">\n\t\t\t\t\t<div class=\"elementor-column elementor-col-100 elementor-top-column elementor-element elementor-element-70d5401\" data-id=\"70d5401\" data-element_type=\"column\">\n\t\t\t<div class=\"elementor-column-wrap elementor-element-populated\">\n\t\t\t\t\t\t\t<div class=\"elementor-widget-wrap\">\n\t\t\t\t\t\t<div class=\"elementor-element elementor-element-3128192 elementor-widget elementor-widget-text-editor\" data-id=\"3128192\" data-element_type=\"widget\" data-widget_type=\"text-editor.default\">\n\t\t\t\t<div class=\"elementor-widget-container\">\n\t\t\t\t\t\t\t\t<div class=\"elementor-text-editor elementor-clearfix\">\n\t\t\t\t<p style=\"text-align: center;\">ORACI\u00d3N POR LA PAZ DEL PAPA LE\u00d3N XIV<\/p><p><em>En el nombre del Padre, y del Hijo, y del Esp\u00edritu Santo. Am\u00e9n.<\/em><\/p><p><em>Se\u00f1or de la Vida, que moldeaste a cada ser humano a tu imagen y semejanza, creemos que nos creaste para la comuni\u00f3n, no para la guerra, para la fraternidad, no para la destrucci\u00f3n.<\/em><\/p><p><em>T\u00fa que saludaste a tus disc\u00edpulos diciendo: \u00abLa paz est\u00e9 con vosotros\u00bb, conc\u00e9denos el don de tu paz y la fortaleza para hacerla realidad en la historia. Hoy elevamos nuestra s\u00faplica por la paz en el mundo, rogando que las naciones renuncien a las armas y elijan el camino del di\u00e1logo y la diplomacia.<\/em><br \/><em><br \/>Desarma nuestros corazones del odio, el rencor y la indiferencia, para que podamos ser instrumentos de reconciliaci\u00f3n. Ay\u00fadanos a comprender que la verdadera seguridad no nace del control que alimenta el miedo, sino de la confianza, la justicia y la solidaridad entre los pueblos.<\/em><\/p><p><em>Se\u00f1or, ilumina a los l\u00edderes de las naciones, para que tengan la valent\u00eda de abandonar proyectos de muerte, detener la carrera armamentista, y poner en el centro la vida de los m\u00e1s vulnerables.<\/em><\/p><p><em>Que nunca m\u00e1s la amenaza nuclear condicione el futuro de la humanidad. Esp\u00edritu Santo, haz de nosotros constructores fieles y creativos de paz cotidiana: en nuestro coraz\u00f3n, nuestras familias, nuestras comunidades y nuestras ciudades.<\/em><\/p><p><em>Que cada palabra amable, cada gesto de reconciliaci\u00f3n y cada decisi\u00f3n de di\u00e1logo sean semillas de un mundo nuevo. Am\u00e9n<\/em><\/p>\t\t\t\t\t<\/div>\n\t\t\t\t\t\t<\/div>\n\t\t\t\t<\/div>\n\t\t\t\t\t\t<\/div>\n\t\t\t\t\t<\/div>\n\t\t<\/div>\n\t\t\t\t\t\t\t\t<\/div>\n\t\t\t\t\t<\/div>\n\t\t<\/section>\n\t\t\t\t\t\t<\/div>\n\t\t\t\t\t\t<\/div>\n\t\t\t\t\t<\/div>\n\t\t","protected":false},"excerpt":{"rendered":"<p>El obispo de Ciudad Rodrigo, Mons. Jos\u00e9 Luis Retana, ha invitado a toda la comunidad diocesana a celebrar las &#8217;24 Horas para el Se\u00f1or&#8217;, orando por la paz. Se siguen &#8230; <\/p>\n<p class=\"read-more-container\"><a title=\"La Di\u00f3cesis se une a las \u00ab24 Horas para el Se\u00f1or\u00bb orando por la paz\" class=\"read-more button\" href=\"https:\/\/www.diocesisciudadrodrigo.org\/blog4\/la-diocesis-se-une-a-las-24-horas-para-el-senor-orando-por-la-paz\/#more-43035\" aria-label=\"M\u00e1s en La Di\u00f3cesis se une a las \u00ab24 Horas para el Se\u00f1or\u00bb orando por la paz\">Leer m\u00e1s &#8230;<\/a><\/p>\n","protected":false},"author":1,"featured_media":43039,"comment_status":"closed","ping_status":"closed","sticky":false,"template":"","format":"standard","meta":{"footnotes":""},"categories":[6],"tags":[32,64],"class_list":["post-43035","post","type-post","status-publish","format-standard","has-post-thumbnail","hentry","category-noticias","tag-ciudad-rodrigo","tag-oracion","masonry-post","generate-columns","tablet-grid-50","mobile-grid-100","grid-parent","grid-50"],"yoast_head":"<!-- This site is optimized with the Yoast SEO plugin v27.3 - https:\/\/yoast.com\/product\/yoast-seo-wordpress\/ -->\n<title>La Di\u00f3cesis se une a las \u00ab24 Horas para el Se\u00f1or\u00bb orando por la paz - Di\u00f3cesis de Ciudad Rodrigo<\/title>\n<meta name=\"description\" content=\"El obispo convoca a toda la comunidad diocesana a sumarse a esta iniciativa cuaresmal de oraci\u00f3n y reconciliaci\u00f3n desde la tarde del viernes 13 de marzo y durante todo el d\u00eda del s\u00e1bado 14 de marzo\" \/>\n<meta name=\"robots\" content=\"index, follow, max-snippet:-1, max-image-preview:large, max-video-preview:-1\" \/>\n<link rel=\"canonical\" href=\"https:\/\/www.diocesisciudadrodrigo.org\/blog4\/la-diocesis-se-une-a-las-24-horas-para-el-senor-orando-por-la-paz\/\" \/>\n<meta property=\"og:locale\" content=\"es_ES\" \/>\n<meta property=\"og:type\" content=\"article\" \/>\n<meta property=\"og:title\" content=\"La Di\u00f3cesis se une a las \u00ab24 Horas para el Se\u00f1or\u00bb orando por la paz - Di\u00f3cesis de Ciudad Rodrigo\" \/>\n<meta property=\"og:description\" content=\"El obispo convoca a toda la comunidad diocesana a sumarse a esta iniciativa cuaresmal de oraci\u00f3n y reconciliaci\u00f3n desde la tarde del viernes 13 de marzo y durante todo el d\u00eda del s\u00e1bado 14 de marzo\" \/>\n<meta property=\"og:url\" content=\"https:\/\/www.diocesisciudadrodrigo.org\/blog4\/la-diocesis-se-une-a-las-24-horas-para-el-senor-orando-por-la-paz\/\" \/>\n<meta property=\"og:site_name\" content=\"Di\u00f3cesis de Ciudad Rodrigo\" \/>\n<meta property=\"article:publisher\" content=\"https:\/\/www.facebook.com\/people\/Dicesis-Ciudad-Rodrigo-MCS\/100076471923419\/#\" \/>\n<meta property=\"article:published_time\" content=\"2026-03-10T15:38:55+00:00\" \/>\n<meta property=\"article:modified_time\" content=\"2026-03-10T16:31:43+00:00\" \/>\n<meta property=\"og:image\" content=\"https:\/\/www.diocesisciudadrodrigo.org\/blog4\/wp-content\/uploads\/2026\/03\/back-view-young-boy-praying-church-scaled.jpg\" \/>\n\t<meta property=\"og:image:width\" content=\"2560\" \/>\n\t<meta property=\"og:image:height\" content=\"1440\" \/>\n\t<meta property=\"og:image:type\" content=\"image\/jpeg\" \/>\n<meta name=\"author\" content=\"medios CR\" \/>\n<meta name=\"twitter:card\" content=\"summary_large_image\" \/>\n<meta name=\"twitter:label1\" content=\"Escrito por\" \/>\n\t<meta name=\"twitter:data1\" content=\"medios CR\" \/>\n\t<meta name=\"twitter:label2\" content=\"Tiempo de lectura\" \/>\n\t<meta name=\"twitter:data2\" content=\"3 minutos\" \/>\n<script type=\"application\/ld+json\" class=\"yoast-schema-graph\">{\"@context\":\"https:\\\/\\\/schema.org\",\"@graph\":[{\"@type\":\"Article\",\"@id\":\"https:\\\/\\\/www.diocesisciudadrodrigo.org\\\/blog4\\\/la-diocesis-se-une-a-las-24-horas-para-el-senor-orando-por-la-paz\\\/#article\",\"isPartOf\":{\"@id\":\"https:\\\/\\\/www.diocesisciudadrodrigo.org\\\/blog4\\\/la-diocesis-se-une-a-las-24-horas-para-el-senor-orando-por-la-paz\\\/\"},\"author\":{\"name\":\"medios CR\",\"@id\":\"https:\\\/\\\/www.diocesisciudadrodrigo.org\\\/blog4\\\/#\\\/schema\\\/person\\\/5fcf0ca636a75766ff70e6417b6ed052\"},\"headline\":\"La Di\u00f3cesis se une a las \u00ab24 Horas para el Se\u00f1or\u00bb orando por la paz\",\"datePublished\":\"2026-03-10T15:38:55+00:00\",\"dateModified\":\"2026-03-10T16:31:43+00:00\",\"mainEntityOfPage\":{\"@id\":\"https:\\\/\\\/www.diocesisciudadrodrigo.org\\\/blog4\\\/la-diocesis-se-une-a-las-24-horas-para-el-senor-orando-por-la-paz\\\/\"},\"wordCount\":497,\"publisher\":{\"@id\":\"https:\\\/\\\/www.diocesisciudadrodrigo.org\\\/blog4\\\/#organization\"},\"image\":{\"@id\":\"https:\\\/\\\/www.diocesisciudadrodrigo.org\\\/blog4\\\/la-diocesis-se-une-a-las-24-horas-para-el-senor-orando-por-la-paz\\\/#primaryimage\"},\"thumbnailUrl\":\"https:\\\/\\\/www.diocesisciudadrodrigo.org\\\/blog4\\\/wp-content\\\/uploads\\\/2026\\\/03\\\/back-view-young-boy-praying-church-scaled.jpg\",\"keywords\":[\"Ciudad Rodrigo\",\"Oraci\u00f3n\"],\"articleSection\":[\"Noticias\"],\"inLanguage\":\"es\"},{\"@type\":\"WebPage\",\"@id\":\"https:\\\/\\\/www.diocesisciudadrodrigo.org\\\/blog4\\\/la-diocesis-se-une-a-las-24-horas-para-el-senor-orando-por-la-paz\\\/\",\"url\":\"https:\\\/\\\/www.diocesisciudadrodrigo.org\\\/blog4\\\/la-diocesis-se-une-a-las-24-horas-para-el-senor-orando-por-la-paz\\\/\",\"name\":\"La Di\u00f3cesis se une a las \u00ab24 Horas para el Se\u00f1or\u00bb orando por la paz - Di\u00f3cesis de Ciudad Rodrigo\",\"isPartOf\":{\"@id\":\"https:\\\/\\\/www.diocesisciudadrodrigo.org\\\/blog4\\\/#website\"},\"primaryImageOfPage\":{\"@id\":\"https:\\\/\\\/www.diocesisciudadrodrigo.org\\\/blog4\\\/la-diocesis-se-une-a-las-24-horas-para-el-senor-orando-por-la-paz\\\/#primaryimage\"},\"image\":{\"@id\":\"https:\\\/\\\/www.diocesisciudadrodrigo.org\\\/blog4\\\/la-diocesis-se-une-a-las-24-horas-para-el-senor-orando-por-la-paz\\\/#primaryimage\"},\"thumbnailUrl\":\"https:\\\/\\\/www.diocesisciudadrodrigo.org\\\/blog4\\\/wp-content\\\/uploads\\\/2026\\\/03\\\/back-view-young-boy-praying-church-scaled.jpg\",\"datePublished\":\"2026-03-10T15:38:55+00:00\",\"dateModified\":\"2026-03-10T16:31:43+00:00\",\"description\":\"El obispo convoca a toda la comunidad diocesana a sumarse a esta iniciativa cuaresmal de oraci\u00f3n y reconciliaci\u00f3n desde la tarde del viernes 13 de marzo y durante todo el d\u00eda del s\u00e1bado 14 de marzo\",\"breadcrumb\":{\"@id\":\"https:\\\/\\\/www.diocesisciudadrodrigo.org\\\/blog4\\\/la-diocesis-se-une-a-las-24-horas-para-el-senor-orando-por-la-paz\\\/#breadcrumb\"},\"inLanguage\":\"es\",\"potentialAction\":[{\"@type\":\"ReadAction\",\"target\":[\"https:\\\/\\\/www.diocesisciudadrodrigo.org\\\/blog4\\\/la-diocesis-se-une-a-las-24-horas-para-el-senor-orando-por-la-paz\\\/\"]}]},{\"@type\":\"ImageObject\",\"inLanguage\":\"es\",\"@id\":\"https:\\\/\\\/www.diocesisciudadrodrigo.org\\\/blog4\\\/la-diocesis-se-une-a-las-24-horas-para-el-senor-orando-por-la-paz\\\/#primaryimage\",\"url\":\"https:\\\/\\\/www.diocesisciudadrodrigo.org\\\/blog4\\\/wp-content\\\/uploads\\\/2026\\\/03\\\/back-view-young-boy-praying-church-scaled.jpg\",\"contentUrl\":\"https:\\\/\\\/www.diocesisciudadrodrigo.org\\\/blog4\\\/wp-content\\\/uploads\\\/2026\\\/03\\\/back-view-young-boy-praying-church-scaled.jpg\",\"width\":2560,\"height\":1440,\"caption\":\"Un momento de oraci\u00f3n.\"},{\"@type\":\"BreadcrumbList\",\"@id\":\"https:\\\/\\\/www.diocesisciudadrodrigo.org\\\/blog4\\\/la-diocesis-se-une-a-las-24-horas-para-el-senor-orando-por-la-paz\\\/#breadcrumb\",\"itemListElement\":[{\"@type\":\"ListItem\",\"position\":1,\"name\":\"Portada\",\"item\":\"https:\\\/\\\/www.diocesisciudadrodrigo.org\\\/blog4\\\/\"},{\"@type\":\"ListItem\",\"position\":2,\"name\":\"La Di\u00f3cesis se une a las \u00ab24 Horas para el Se\u00f1or\u00bb orando por la paz\"}]},{\"@type\":\"WebSite\",\"@id\":\"https:\\\/\\\/www.diocesisciudadrodrigo.org\\\/blog4\\\/#website\",\"url\":\"https:\\\/\\\/www.diocesisciudadrodrigo.org\\\/blog4\\\/\",\"name\":\"Di\u00f3cesis de Ciudad Rodrigo\",\"description\":\"Sitio web oficial de la di\u00f3cesis civitatense\",\"publisher\":{\"@id\":\"https:\\\/\\\/www.diocesisciudadrodrigo.org\\\/blog4\\\/#organization\"},\"potentialAction\":[{\"@type\":\"SearchAction\",\"target\":{\"@type\":\"EntryPoint\",\"urlTemplate\":\"https:\\\/\\\/www.diocesisciudadrodrigo.org\\\/blog4\\\/?s={search_term_string}\"},\"query-input\":{\"@type\":\"PropertyValueSpecification\",\"valueRequired\":true,\"valueName\":\"search_term_string\"}}],\"inLanguage\":\"es\"},{\"@type\":\"Organization\",\"@id\":\"https:\\\/\\\/www.diocesisciudadrodrigo.org\\\/blog4\\\/#organization\",\"name\":\"Di\u00f3cesis de Ciudad Rodrigo\",\"url\":\"https:\\\/\\\/www.diocesisciudadrodrigo.org\\\/blog4\\\/\",\"logo\":{\"@type\":\"ImageObject\",\"inLanguage\":\"es\",\"@id\":\"https:\\\/\\\/www.diocesisciudadrodrigo.org\\\/blog4\\\/#\\\/schema\\\/logo\\\/image\\\/\",\"url\":\"https:\\\/\\\/www.diocesisciudadrodrigo.org\\\/blog4\\\/wp-content\\\/uploads\\\/2024\\\/12\\\/Diocesis.CMYK_-768x480-1.jpg\",\"contentUrl\":\"https:\\\/\\\/www.diocesisciudadrodrigo.org\\\/blog4\\\/wp-content\\\/uploads\\\/2024\\\/12\\\/Diocesis.CMYK_-768x480-1.jpg\",\"width\":768,\"height\":480,\"caption\":\"Di\u00f3cesis de Ciudad Rodrigo\"},\"image\":{\"@id\":\"https:\\\/\\\/www.diocesisciudadrodrigo.org\\\/blog4\\\/#\\\/schema\\\/logo\\\/image\\\/\"},\"sameAs\":[\"https:\\\/\\\/www.facebook.com\\\/people\\\/Dicesis-Ciudad-Rodrigo-MCS\\\/100076471923419\\\/#\"]},{\"@type\":\"Person\",\"@id\":\"https:\\\/\\\/www.diocesisciudadrodrigo.org\\\/blog4\\\/#\\\/schema\\\/person\\\/5fcf0ca636a75766ff70e6417b6ed052\",\"name\":\"medios CR\",\"image\":{\"@type\":\"ImageObject\",\"inLanguage\":\"es\",\"@id\":\"https:\\\/\\\/secure.gravatar.com\\\/avatar\\\/4a619fd0c7e36bd570f4e6e15eb09a2191185d0f63d8dbfdffe848af141ab87e?s=96&d=mm&r=g\",\"url\":\"https:\\\/\\\/secure.gravatar.com\\\/avatar\\\/4a619fd0c7e36bd570f4e6e15eb09a2191185d0f63d8dbfdffe848af141ab87e?s=96&d=mm&r=g\",\"contentUrl\":\"https:\\\/\\\/secure.gravatar.com\\\/avatar\\\/4a619fd0c7e36bd570f4e6e15eb09a2191185d0f63d8dbfdffe848af141ab87e?s=96&d=mm&r=g\",\"caption\":\"medios CR\"},\"url\":\"https:\\\/\\\/www.diocesisciudadrodrigo.org\\\/blog4\\\/author\\\/admin4\\\/\"}]}<\/script>\n<!-- \/ Yoast SEO plugin. -->","yoast_head_json":{"title":"La Di\u00f3cesis se une a las \u00ab24 Horas para el Se\u00f1or\u00bb orando por la paz - Di\u00f3cesis de Ciudad Rodrigo","description":"El obispo convoca a toda la comunidad diocesana a sumarse a esta iniciativa cuaresmal de oraci\u00f3n y reconciliaci\u00f3n desde la tarde del viernes 13 de marzo y durante todo el d\u00eda del s\u00e1bado 14 de marzo","robots":{"index":"index","follow":"follow","max-snippet":"max-snippet:-1","max-image-preview":"max-image-preview:large","max-video-preview":"max-video-preview:-1"},"canonical":"https:\/\/www.diocesisciudadrodrigo.org\/blog4\/la-diocesis-se-une-a-las-24-horas-para-el-senor-orando-por-la-paz\/","og_locale":"es_ES","og_type":"article","og_title":"La Di\u00f3cesis se une a las \u00ab24 Horas para el Se\u00f1or\u00bb orando por la paz - Di\u00f3cesis de Ciudad Rodrigo","og_description":"El obispo convoca a toda la comunidad diocesana a sumarse a esta iniciativa cuaresmal de oraci\u00f3n y reconciliaci\u00f3n desde la tarde del viernes 13 de marzo y durante todo el d\u00eda del s\u00e1bado 14 de marzo","og_url":"https:\/\/www.diocesisciudadrodrigo.org\/blog4\/la-diocesis-se-une-a-las-24-horas-para-el-senor-orando-por-la-paz\/","og_site_name":"Di\u00f3cesis de Ciudad Rodrigo","article_publisher":"https:\/\/www.facebook.com\/people\/Dicesis-Ciudad-Rodrigo-MCS\/100076471923419\/#","article_published_time":"2026-03-10T15:38:55+00:00","article_modified_time":"2026-03-10T16:31:43+00:00","og_image":[{"width":2560,"height":1440,"url":"https:\/\/www.diocesisciudadrodrigo.org\/blog4\/wp-content\/uploads\/2026\/03\/back-view-young-boy-praying-church-scaled.jpg","type":"image\/jpeg"}],"author":"medios CR","twitter_card":"summary_large_image","twitter_misc":{"Escrito por":"medios CR","Tiempo de lectura":"3 minutos"},"schema":{"@context":"https:\/\/schema.org","@graph":[{"@type":"Article","@id":"https:\/\/www.diocesisciudadrodrigo.org\/blog4\/la-diocesis-se-une-a-las-24-horas-para-el-senor-orando-por-la-paz\/#article","isPartOf":{"@id":"https:\/\/www.diocesisciudadrodrigo.org\/blog4\/la-diocesis-se-une-a-las-24-horas-para-el-senor-orando-por-la-paz\/"},"author":{"name":"medios CR","@id":"https:\/\/www.diocesisciudadrodrigo.org\/blog4\/#\/schema\/person\/5fcf0ca636a75766ff70e6417b6ed052"},"headline":"La Di\u00f3cesis se une a las \u00ab24 Horas para el Se\u00f1or\u00bb orando por la paz","datePublished":"2026-03-10T15:38:55+00:00","dateModified":"2026-03-10T16:31:43+00:00","mainEntityOfPage":{"@id":"https:\/\/www.diocesisciudadrodrigo.org\/blog4\/la-diocesis-se-une-a-las-24-horas-para-el-senor-orando-por-la-paz\/"},"wordCount":497,"publisher":{"@id":"https:\/\/www.diocesisciudadrodrigo.org\/blog4\/#organization"},"image":{"@id":"https:\/\/www.diocesisciudadrodrigo.org\/blog4\/la-diocesis-se-une-a-las-24-horas-para-el-senor-orando-por-la-paz\/#primaryimage"},"thumbnailUrl":"https:\/\/www.diocesisciudadrodrigo.org\/blog4\/wp-content\/uploads\/2026\/03\/back-view-young-boy-praying-church-scaled.jpg","keywords":["Ciudad Rodrigo","Oraci\u00f3n"],"articleSection":["Noticias"],"inLanguage":"es"},{"@type":"WebPage","@id":"https:\/\/www.diocesisciudadrodrigo.org\/blog4\/la-diocesis-se-une-a-las-24-horas-para-el-senor-orando-por-la-paz\/","url":"https:\/\/www.diocesisciudadrodrigo.org\/blog4\/la-diocesis-se-une-a-las-24-horas-para-el-senor-orando-por-la-paz\/","name":"La Di\u00f3cesis se une a las \u00ab24 Horas para el Se\u00f1or\u00bb orando por la paz - Di\u00f3cesis de Ciudad Rodrigo","isPartOf":{"@id":"https:\/\/www.diocesisciudadrodrigo.org\/blog4\/#website"},"primaryImageOfPage":{"@id":"https:\/\/www.diocesisciudadrodrigo.org\/blog4\/la-diocesis-se-une-a-las-24-horas-para-el-senor-orando-por-la-paz\/#primaryimage"},"image":{"@id":"https:\/\/www.diocesisciudadrodrigo.org\/blog4\/la-diocesis-se-une-a-las-24-horas-para-el-senor-orando-por-la-paz\/#primaryimage"},"thumbnailUrl":"https:\/\/www.diocesisciudadrodrigo.org\/blog4\/wp-content\/uploads\/2026\/03\/back-view-young-boy-praying-church-scaled.jpg","datePublished":"2026-03-10T15:38:55+00:00","dateModified":"2026-03-10T16:31:43+00:00","description":"El obispo convoca a toda la comunidad diocesana a sumarse a esta iniciativa cuaresmal de oraci\u00f3n y reconciliaci\u00f3n desde la tarde del viernes 13 de marzo y durante todo el d\u00eda del s\u00e1bado 14 de marzo","breadcrumb":{"@id":"https:\/\/www.diocesisciudadrodrigo.org\/blog4\/la-diocesis-se-une-a-las-24-horas-para-el-senor-orando-por-la-paz\/#breadcrumb"},"inLanguage":"es","potentialAction":[{"@type":"ReadAction","target":["https:\/\/www.diocesisciudadrodrigo.org\/blog4\/la-diocesis-se-une-a-las-24-horas-para-el-senor-orando-por-la-paz\/"]}]},{"@type":"ImageObject","inLanguage":"es","@id":"https:\/\/www.diocesisciudadrodrigo.org\/blog4\/la-diocesis-se-une-a-las-24-horas-para-el-senor-orando-por-la-paz\/#primaryimage","url":"https:\/\/www.diocesisciudadrodrigo.org\/blog4\/wp-content\/uploads\/2026\/03\/back-view-young-boy-praying-church-scaled.jpg","contentUrl":"https:\/\/www.diocesisciudadrodrigo.org\/blog4\/wp-content\/uploads\/2026\/03\/back-view-young-boy-praying-church-scaled.jpg","width":2560,"height":1440,"caption":"Un momento de oraci\u00f3n."},{"@type":"BreadcrumbList","@id":"https:\/\/www.diocesisciudadrodrigo.org\/blog4\/la-diocesis-se-une-a-las-24-horas-para-el-senor-orando-por-la-paz\/#breadcrumb","itemListElement":[{"@type":"ListItem","position":1,"name":"Portada","item":"https:\/\/www.diocesisciudadrodrigo.org\/blog4\/"},{"@type":"ListItem","position":2,"name":"La Di\u00f3cesis se une a las \u00ab24 Horas para el Se\u00f1or\u00bb orando por la paz"}]},{"@type":"WebSite","@id":"https:\/\/www.diocesisciudadrodrigo.org\/blog4\/#website","url":"https:\/\/www.diocesisciudadrodrigo.org\/blog4\/","name":"Di\u00f3cesis de Ciudad Rodrigo","description":"Sitio web oficial de la di\u00f3cesis civitatense","publisher":{"@id":"https:\/\/www.diocesisciudadrodrigo.org\/blog4\/#organization"},"potentialAction":[{"@type":"SearchAction","target":{"@type":"EntryPoint","urlTemplate":"https:\/\/www.diocesisciudadrodrigo.org\/blog4\/?s={search_term_string}"},"query-input":{"@type":"PropertyValueSpecification","valueRequired":true,"valueName":"search_term_string"}}],"inLanguage":"es"},{"@type":"Organization","@id":"https:\/\/www.diocesisciudadrodrigo.org\/blog4\/#organization","name":"Di\u00f3cesis de Ciudad Rodrigo","url":"https:\/\/www.diocesisciudadrodrigo.org\/blog4\/","logo":{"@type":"ImageObject","inLanguage":"es","@id":"https:\/\/www.diocesisciudadrodrigo.org\/blog4\/#\/schema\/logo\/image\/","url":"https:\/\/www.diocesisciudadrodrigo.org\/blog4\/wp-content\/uploads\/2024\/12\/Diocesis.CMYK_-768x480-1.jpg","contentUrl":"https:\/\/www.diocesisciudadrodrigo.org\/blog4\/wp-content\/uploads\/2024\/12\/Diocesis.CMYK_-768x480-1.jpg","width":768,"height":480,"caption":"Di\u00f3cesis de Ciudad Rodrigo"},"image":{"@id":"https:\/\/www.diocesisciudadrodrigo.org\/blog4\/#\/schema\/logo\/image\/"},"sameAs":["https:\/\/www.facebook.com\/people\/Dicesis-Ciudad-Rodrigo-MCS\/100076471923419\/#"]},{"@type":"Person","@id":"https:\/\/www.diocesisciudadrodrigo.org\/blog4\/#\/schema\/person\/5fcf0ca636a75766ff70e6417b6ed052","name":"medios CR","image":{"@type":"ImageObject","inLanguage":"es","@id":"https:\/\/secure.gravatar.com\/avatar\/4a619fd0c7e36bd570f4e6e15eb09a2191185d0f63d8dbfdffe848af141ab87e?s=96&d=mm&r=g","url":"https:\/\/secure.gravatar.com\/avatar\/4a619fd0c7e36bd570f4e6e15eb09a2191185d0f63d8dbfdffe848af141ab87e?s=96&d=mm&r=g","contentUrl":"https:\/\/secure.gravatar.com\/avatar\/4a619fd0c7e36bd570f4e6e15eb09a2191185d0f63d8dbfdffe848af141ab87e?s=96&d=mm&r=g","caption":"medios CR"},"url":"https:\/\/www.diocesisciudadrodrigo.org\/blog4\/author\/admin4\/"}]}},"_links":{"self":[{"href":"https:\/\/www.diocesisciudadrodrigo.org\/blog4\/wp-json\/wp\/v2\/posts\/43035","targetHints":{"allow":["GET"]}}],"collection":[{"href":"https:\/\/www.diocesisciudadrodrigo.org\/blog4\/wp-json\/wp\/v2\/posts"}],"about":[{"href":"https:\/\/www.diocesisciudadrodrigo.org\/blog4\/wp-json\/wp\/v2\/types\/post"}],"author":[{"embeddable":true,"href":"https:\/\/www.diocesisciudadrodrigo.org\/blog4\/wp-json\/wp\/v2\/users\/1"}],"replies":[{"embeddable":true,"href":"https:\/\/www.diocesisciudadrodrigo.org\/blog4\/wp-json\/wp\/v2\/comments?post=43035"}],"version-history":[{"count":23,"href":"https:\/\/www.diocesisciudadrodrigo.org\/blog4\/wp-json\/wp\/v2\/posts\/43035\/revisions"}],"predecessor-version":[{"id":43061,"href":"https:\/\/www.diocesisciudadrodrigo.org\/blog4\/wp-json\/wp\/v2\/posts\/43035\/revisions\/43061"}],"wp:featuredmedia":[{"embeddable":true,"href":"https:\/\/www.diocesisciudadrodrigo.org\/blog4\/wp-json\/wp\/v2\/media\/43039"}],"wp:attachment":[{"href":"https:\/\/www.diocesisciudadrodrigo.org\/blog4\/wp-json\/wp\/v2\/media?parent=43035"}],"wp:term":[{"taxonomy":"category","embeddable":true,"href":"https:\/\/www.diocesisciudadrodrigo.org\/blog4\/wp-json\/wp\/v2\/categories?post=43035"},{"taxonomy":"post_tag","embeddable":true,"href":"https:\/\/www.diocesisciudadrodrigo.org\/blog4\/wp-json\/wp\/v2\/tags?post=43035"}],"curies":[{"name":"wp","href":"https:\/\/api.w.org\/{rel}","templated":true}]}}