{"id":42960,"date":"2026-03-08T17:39:35","date_gmt":"2026-03-08T16:39:35","guid":{"rendered":"https:\/\/www.diocesisciudadrodrigo.org\/blog4\/?p=42960"},"modified":"2026-03-15T21:41:52","modified_gmt":"2026-03-15T20:41:52","slug":"el-comentario-de-antonio-risueno-adoramos-a-dios-abrazamos-a-dios-queremos-a-dios-haciendolo-con-los-hermanos","status":"publish","type":"post","link":"https:\/\/www.diocesisciudadrodrigo.org\/blog4\/el-comentario-de-antonio-risueno-adoramos-a-dios-abrazamos-a-dios-queremos-a-dios-haciendolo-con-los-hermanos\/","title":{"rendered":"EL COMENTARIO DE ANTONIO RISUE\u00d1O: \u00abAdoramos a Dios, abrazamos a Dios, queremos a Dios,&#8230; haci\u00e9ndolo con los hermanos.\u00bb"},"content":{"rendered":"\t\t<div data-elementor-type=\"wp-post\" data-elementor-id=\"42960\" class=\"elementor elementor-42960\" data-elementor-settings=\"[]\">\n\t\t\t\t\t\t<div class=\"elementor-inner\">\n\t\t\t\t\t\t\t<div class=\"elementor-section-wrap\">\n\t\t\t\t\t\t\t<section class=\"elementor-section elementor-top-section elementor-element elementor-element-9c20160 elementor-section-boxed elementor-section-height-default elementor-section-height-default\" data-id=\"9c20160\" data-element_type=\"section\">\n\t\t\t\t\t\t<div class=\"elementor-container elementor-column-gap-default\">\n\t\t\t\t\t\t\t<div class=\"elementor-row\">\n\t\t\t\t\t<div class=\"elementor-column elementor-col-100 elementor-top-column elementor-element elementor-element-86e1a2f\" data-id=\"86e1a2f\" data-element_type=\"column\">\n\t\t\t<div class=\"elementor-column-wrap elementor-element-populated\">\n\t\t\t\t\t\t\t<div class=\"elementor-widget-wrap\">\n\t\t\t\t\t\t<div class=\"elementor-element elementor-element-f5b7ab2 elementor-widget elementor-widget-image\" data-id=\"f5b7ab2\" data-element_type=\"widget\" data-widget_type=\"image.default\">\n\t\t\t\t<div class=\"elementor-widget-container\">\n\t\t\t\t\t\t\t\t<div class=\"elementor-image\">\n\t\t\t\t\t\t\t\t\t\t\t\t<img loading=\"lazy\" decoding=\"async\" width=\"1200\" height=\"231\" src=\"https:\/\/www.diocesisciudadrodrigo.org\/blog4\/wp-content\/uploads\/2026\/03\/comentarios.jpg\" class=\"attachment-large size-large\" alt=\"\" srcset=\"https:\/\/www.diocesisciudadrodrigo.org\/blog4\/wp-content\/uploads\/2026\/03\/comentarios.jpg 1996w, https:\/\/www.diocesisciudadrodrigo.org\/blog4\/wp-content\/uploads\/2026\/03\/comentarios-1000x192.jpg 1000w, https:\/\/www.diocesisciudadrodrigo.org\/blog4\/wp-content\/uploads\/2026\/03\/comentarios-768x148.jpg 768w, https:\/\/www.diocesisciudadrodrigo.org\/blog4\/wp-content\/uploads\/2026\/03\/comentarios-1536x296.jpg 1536w, https:\/\/www.diocesisciudadrodrigo.org\/blog4\/wp-content\/uploads\/2026\/03\/comentarios-350x67.jpg 350w\" sizes=\"auto, (max-width: 1200px) 100vw, 1200px\" \/>\t\t\t\t\t\t\t\t\t\t\t\t\t\t<\/div>\n\t\t\t\t\t\t<\/div>\n\t\t\t\t<\/div>\n\t\t\t\t\t\t<\/div>\n\t\t\t\t\t<\/div>\n\t\t<\/div>\n\t\t\t\t\t\t\t\t<\/div>\n\t\t\t\t\t<\/div>\n\t\t<\/section>\n\t\t\t\t<section class=\"elementor-section elementor-top-section elementor-element elementor-element-39eb6b3 elementor-section-boxed elementor-section-height-default elementor-section-height-default\" data-id=\"39eb6b3\" data-element_type=\"section\">\n\t\t\t\t\t\t<div class=\"elementor-container elementor-column-gap-default\">\n\t\t\t\t\t\t\t<div class=\"elementor-row\">\n\t\t\t\t\t<div class=\"elementor-column elementor-col-100 elementor-top-column elementor-element elementor-element-c424ab3\" data-id=\"c424ab3\" data-element_type=\"column\">\n\t\t\t<div class=\"elementor-column-wrap elementor-element-populated\">\n\t\t\t\t\t\t\t<div class=\"elementor-widget-wrap\">\n\t\t\t\t\t\t<div class=\"elementor-element elementor-element-e743e22 elementor-widget elementor-widget-text-editor\" data-id=\"e743e22\" data-element_type=\"widget\" data-widget_type=\"text-editor.default\">\n\t\t\t\t<div class=\"elementor-widget-container\">\n\t\t\t\t\t\t\t\t<div class=\"elementor-text-editor elementor-clearfix\">\n\t\t\t\t<p>Buenos d\u00edas, escuchantes de COPE Ciudad Rodrigo. En este domingo 8 de marzo de 2026, tercero en el cuaresma, llegamos al Ecuador de la misma. En ella, el Evangelio de Juan nos abre sus p\u00e1ginas de la siguiente manera:<\/p><p style=\"padding-left: 40px;\">En aquel tiempo, lleg\u00f3 Jes\u00fas a una ciudad de Samar\u00eda llamada Sicar, cerca del campo que dio Jacob a su hijo Jos\u00e9; all\u00ed estaba el pozo de Jacob.<\/p><p style=\"padding-left: 40px;\">Jes\u00fas, cansado del camino, estaba all\u00ed sentado junto al pozo. Era hacia la hora sexta.<\/p><p style=\"padding-left: 40px;\">Llega una mujer de Samar\u00eda a sacar agua, y Jes\u00fas le dice:<\/p><p style=\"padding-left: 40px;\">\u00abDame de beber\u00bb.<\/p><p style=\"padding-left: 40px;\">Sus disc\u00edpulos se hab\u00edan ido al pueblo a comprar comida.<\/p><p style=\"padding-left: 40px;\">La samaritana le dice:<\/p><p style=\"padding-left: 40px;\">\u00ab\u00bfC\u00f3mo t\u00fa, siendo jud\u00edo, me pides de beber a m\u00ed, que soy samaritana?\u00bb (porque los jud\u00edos no se tratan con los samaritanos).<\/p><p style=\"padding-left: 40px;\">Jes\u00fas le contest\u00f3:<\/p><p style=\"padding-left: 40px;\">\u00abSi conocieras el don de Dios y qui\u00e9n es el que te dice \u201cdame de beber\u201d, le pedir\u00edas t\u00fa, y \u00e9l te dar\u00eda agua viva\u00bb.<\/p><p style=\"padding-left: 40px;\">La mujer le dice:<\/p><p style=\"padding-left: 40px;\">\u00abSe\u00f1or, si no tienes cubo, y el pozo es hondo, \u00bfde d\u00f3nde sacas el agua viva?; \u00bferes t\u00fa m\u00e1s que nuestro padre Jacob, que nos dio este pozo, y de \u00e9l bebieron \u00e9l y sus hijos y sus ganados?\u00bb.<\/p><p style=\"padding-left: 40px;\">Jes\u00fas le contest\u00f3:<\/p><p style=\"padding-left: 40px;\">\u00abEl que bebe de esta agua vuelve a tener sed; pero el que beba del agua que yo le dar\u00e9 nunca m\u00e1s tendr\u00e1 sed: el agua que yo le dar\u00e9 se convertir\u00e1 dentro de \u00e9l en un surtidor de agua que salta hasta la vida eterna\u00bb.<\/p><p style=\"padding-left: 40px;\">La mujer le dice:<\/p><p style=\"padding-left: 40px;\">\u00abSe\u00f1or, dame esa agua: as\u00ed no tendr\u00e9 m\u00e1s sed, ni tendr\u00e9 que venir aqu\u00ed a sacarla\u00bb.<\/p><p style=\"padding-left: 40px;\">\u00c9l le dice:<\/p><p style=\"padding-left: 40px;\">\u00abAnda, llama a tu marido y vuelve\u00bb.<\/p><p style=\"padding-left: 40px;\">La mujer le contesta:<\/p><p style=\"padding-left: 40px;\">\u00abNo tengo marido\u00bb.<\/p><p style=\"padding-left: 40px;\">Jes\u00fas le dice:<\/p><p style=\"padding-left: 40px;\">\u00abTienes raz\u00f3n, que no tienes marido: has tenido ya cinco, y el de ahora no es tu marido. En eso has dicho la verdad\u00bb.<\/p><p style=\"padding-left: 40px;\">La mujer le dice:<\/p><p style=\"padding-left: 40px;\">\u00abSe\u00f1or, veo que t\u00fa eres un profeta. Nuestros padres dieron culto en este monte, y vosotros dec\u00eds que el sitio donde se debe dar culto est\u00e1 en Jerusal\u00e9n\u00bb.<\/p><p style=\"padding-left: 40px;\">Jes\u00fas le dice:<\/p><p style=\"padding-left: 40px;\">\u00abCr\u00e9eme, mujer: se acerca la hora en que ni en este monte ni en Jerusal\u00e9n dar\u00e9 culto al Padre. Vosotros dar\u00e9is culto a uno que no conoc\u00e9is; nosotros adoramos a uno que conocemos, porque la salvaci\u00f3n viene de los jud\u00edos. Pero se acerca la hora, ya est\u00e1 aqu\u00ed, en que el que quiera dar culto al Padre en esp\u00edritu y verdad, porque el Padre desea que le den culto. Dios es esp\u00edritu, y los que dar\u00e1n culto deben hacerlo en esp\u00edritu y verdad\u00bb.<\/p><p style=\"padding-left: 40px;\">La mujer le dice:<\/p><p style=\"padding-left: 40px;\">\u00abS\u00e9 que va a venir el Mes\u00edas, el Cristo; cuando venga, \u00e9l lo dir\u00e1 todo\u00bb.<\/p><p style=\"padding-left: 40px;\">Jes\u00fas le dice:<\/p><p style=\"padding-left: 40px;\">\u00abYo soy, el que habla contigo\u00bb.<\/p><p>Lo primero que queda claro en este relato es el respeto, la aceptaci\u00f3n y la acogida humana de Jes\u00fas hacia cualquier persona. Jes\u00fas se encuentra con una mujer extra\u00f1a y que adem\u00e1s es despreciada por partida triple: los hombres la desde\u00f1an como mujer, los jud\u00edos como samaritana y las m\u00e1s mujeres como mujer poco ejemplar.<\/p><p>Pues bien, a esta mujer ,despreciada sin duda, Jes\u00fas le asegura que \u00e9l va a dar un agua que va a saciar todas sus carencias y sus anhelos. Jes\u00fas le dice la verdad. Pero lo hace de forma que ni le reprocha nada, ni le proh\u00edbe nada, ni le impone nada. Jes\u00fas le ofrece saciar su sed inmensa; sed sin duda de estima, de respeto y sobre todo de cari\u00f1o.<\/p><p>La segunda gran ense\u00f1anza de Jes\u00fas est\u00e1 en la contestaci\u00f3n a la pregunta: d\u00f3nde hay que adorar a Dios.\u00a0Las religiones de todos los tiempos se han preocupado ante todo por responder a estas preguntas. La definici\u00f3n del espacio sagrado y la b\u00fasqueda de un centro. Jes\u00fas le dijo que a partir de este momento la verdadera religi\u00f3n, el verdadero templo, el centro de todo, no est\u00e1 ni en un lugar ni en otro. Ni en una religi\u00f3n ni en otra, sino en el coraz\u00f3n del hombre; en el encuentro con el otro, en la ayuda al otro.<\/p><p>Adoramos a Dios, abrazamos a Dios, queremos a Dios,&#8230; haci\u00e9ndolo con los hermanos. La oraci\u00f3n es ante todo una b\u00fasqueda de la voluntad de Dios para tener una confianza, un encuentro, una fraternidad potente con los hermanos. Es decir, donde se reproduce lo que sucedi\u00f3 en el encuentro de Jes\u00fas con la samaritana.<\/p><p>Jes\u00fas realiz\u00f3 el traspaso de la religi\u00f3n exterior a una espiritualidad interior. Y ah\u00ed es donde est\u00e1 lo sagrado. Lo m\u00e1s sagrado es la vida honrada, la coherencia, la bondad. El agradecer a Dios toda su ayuda para tener cada vez una relaci\u00f3n m\u00e1s saludable con los hermanos.<\/p><p>Amigos, amigas, escuchantes de COPE en esta ma\u00f1ana, vuelvo a desear a todos, especialmente a los que est\u00e1n impedidos y no pueden salir de casa un feliz d\u00eda, tercer domingo de Cuaresma. Que la Palabra de Dios siga ayud\u00e1ndonos a crear a todos esa capacidad de adorar a Dios, amando a los hermanos.<\/p><p>Buen d\u00eda para todos.<span class=\"Apple-converted-space\">\u00a0<\/span><\/p>\t\t\t\t\t<\/div>\n\t\t\t\t\t\t<\/div>\n\t\t\t\t<\/div>\n\t\t\t\t\t\t<\/div>\n\t\t\t\t\t<\/div>\n\t\t<\/div>\n\t\t\t\t\t\t\t\t<\/div>\n\t\t\t\t\t<\/div>\n\t\t<\/section>\n\t\t\t\t<section class=\"elementor-section elementor-top-section elementor-element elementor-element-4d0a1f1 elementor-section-boxed elementor-section-height-default elementor-section-height-default\" data-id=\"4d0a1f1\" data-element_type=\"section\">\n\t\t\t\t\t\t<div class=\"elementor-container elementor-column-gap-default\">\n\t\t\t\t\t\t\t<div class=\"elementor-row\">\n\t\t\t\t\t<div class=\"elementor-column elementor-col-100 elementor-top-column elementor-element elementor-element-b75ff57\" data-id=\"b75ff57\" data-element_type=\"column\">\n\t\t\t<div class=\"elementor-column-wrap elementor-element-populated\">\n\t\t\t\t\t\t\t<div class=\"elementor-widget-wrap\">\n\t\t\t\t\t\t<div class=\"elementor-element elementor-element-71cbf3b elementor-widget elementor-widget-html\" data-id=\"71cbf3b\" data-element_type=\"widget\" data-widget_type=\"html.default\">\n\t\t\t\t<div class=\"elementor-widget-container\">\n\t\t\t<iframe data-testid=\"embed-iframe\" style=\"border-radius:12px\" src=\"https:\/\/open.spotify.com\/embed\/episode\/3Cm6m0hRhhhCOaGN87gRfM?utm_source=generator&t=451\" width=\"100%\" height=\"152\" frameBorder=\"0\" allowfullscreen=\"\" allow=\"autoplay; clipboard-write; encrypted-media; fullscreen; picture-in-picture\" loading=\"lazy\"><\/iframe>\t\t<\/div>\n\t\t\t\t<\/div>\n\t\t\t\t\t\t<\/div>\n\t\t\t\t\t<\/div>\n\t\t<\/div>\n\t\t\t\t\t\t\t\t<\/div>\n\t\t\t\t\t<\/div>\n\t\t<\/section>\n\t\t\t\t\t\t<\/div>\n\t\t\t\t\t\t<\/div>\n\t\t\t\t\t<\/div>\n\t\t","protected":false},"excerpt":{"rendered":"<p>Buenos d\u00edas, escuchantes de COPE Ciudad Rodrigo. En este domingo 8 de marzo de 2026, tercero en el cuaresma, llegamos al Ecuador de la misma. En ella, el Evangelio de &#8230; <\/p>\n<p class=\"read-more-container\"><a title=\"EL COMENTARIO DE ANTONIO RISUE\u00d1O: \u00abAdoramos a Dios, abrazamos a Dios, queremos a Dios,&#8230; haci\u00e9ndolo con los hermanos.\u00bb\" class=\"read-more button\" href=\"https:\/\/www.diocesisciudadrodrigo.org\/blog4\/el-comentario-de-antonio-risueno-adoramos-a-dios-abrazamos-a-dios-queremos-a-dios-haciendolo-con-los-hermanos\/#more-42960\" aria-label=\"M\u00e1s en EL COMENTARIO DE ANTONIO RISUE\u00d1O: \u00abAdoramos a Dios, abrazamos a Dios, queremos a Dios,&#8230; haci\u00e9ndolo con los hermanos.\u00bb\">Leer m\u00e1s &#8230;<\/a><\/p>\n","protected":false},"author":1,"featured_media":42977,"comment_status":"closed","ping_status":"closed","sticky":false,"template":"","format":"standard","meta":{"footnotes":""},"categories":[62],"tags":[],"class_list":["post-42960","post","type-post","status-publish","format-standard","has-post-thumbnail","hentry","category-comentario","masonry-post","generate-columns","tablet-grid-50","mobile-grid-100","grid-parent","grid-50"],"yoast_head":"<!-- This site is optimized with the Yoast SEO plugin v27.3 - https:\/\/yoast.com\/product\/yoast-seo-wordpress\/ -->\n<title>EL COMENTARIO DE ANTONIO RISUE\u00d1O: \u00abAdoramos a Dios, abrazamos a Dios, queremos a Dios,... haci\u00e9ndolo con los hermanos.\u00bb - Di\u00f3cesis de Ciudad Rodrigo<\/title>\n<meta name=\"robots\" content=\"index, follow, max-snippet:-1, max-image-preview:large, max-video-preview:-1\" \/>\n<link rel=\"canonical\" href=\"https:\/\/www.diocesisciudadrodrigo.org\/blog4\/el-comentario-de-antonio-risueno-adoramos-a-dios-abrazamos-a-dios-queremos-a-dios-haciendolo-con-los-hermanos\/\" \/>\n<meta property=\"og:locale\" content=\"es_ES\" \/>\n<meta property=\"og:type\" content=\"article\" \/>\n<meta property=\"og:title\" content=\"EL COMENTARIO DE ANTONIO RISUE\u00d1O: \u00abAdoramos a Dios, abrazamos a Dios, queremos a Dios,... haci\u00e9ndolo con los hermanos.\u00bb - Di\u00f3cesis de Ciudad Rodrigo\" \/>\n<meta property=\"og:description\" content=\"Buenos d\u00edas, escuchantes de COPE Ciudad Rodrigo. En este domingo 8 de marzo de 2026, tercero en el cuaresma, llegamos al Ecuador de la misma. En ella, el Evangelio de ... Leer m\u00e1s ...\" \/>\n<meta property=\"og:url\" content=\"https:\/\/www.diocesisciudadrodrigo.org\/blog4\/el-comentario-de-antonio-risueno-adoramos-a-dios-abrazamos-a-dios-queremos-a-dios-haciendolo-con-los-hermanos\/\" \/>\n<meta property=\"og:site_name\" content=\"Di\u00f3cesis de Ciudad Rodrigo\" \/>\n<meta property=\"article:publisher\" content=\"https:\/\/www.facebook.com\/people\/Dicesis-Ciudad-Rodrigo-MCS\/100076471923419\/#\" \/>\n<meta property=\"article:published_time\" content=\"2026-03-08T16:39:35+00:00\" \/>\n<meta property=\"article:modified_time\" content=\"2026-03-15T20:41:52+00:00\" \/>\n<meta property=\"og:image\" content=\"https:\/\/www.diocesisciudadrodrigo.org\/blog4\/wp-content\/uploads\/2026\/03\/Comentarios-domingo-CR-imagen-1280-x-830-px-3.png\" \/>\n\t<meta property=\"og:image:width\" content=\"1280\" \/>\n\t<meta property=\"og:image:height\" content=\"830\" \/>\n\t<meta property=\"og:image:type\" content=\"image\/png\" \/>\n<meta name=\"author\" content=\"medios CR\" \/>\n<meta name=\"twitter:card\" content=\"summary_large_image\" \/>\n<meta name=\"twitter:label1\" content=\"Escrito por\" \/>\n\t<meta name=\"twitter:data1\" content=\"medios CR\" \/>\n\t<meta name=\"twitter:label2\" content=\"Tiempo de lectura\" \/>\n\t<meta name=\"twitter:data2\" content=\"5 minutos\" \/>\n<script type=\"application\/ld+json\" class=\"yoast-schema-graph\">{\"@context\":\"https:\\\/\\\/schema.org\",\"@graph\":[{\"@type\":\"Article\",\"@id\":\"https:\\\/\\\/www.diocesisciudadrodrigo.org\\\/blog4\\\/el-comentario-de-antonio-risueno-adoramos-a-dios-abrazamos-a-dios-queremos-a-dios-haciendolo-con-los-hermanos\\\/#article\",\"isPartOf\":{\"@id\":\"https:\\\/\\\/www.diocesisciudadrodrigo.org\\\/blog4\\\/el-comentario-de-antonio-risueno-adoramos-a-dios-abrazamos-a-dios-queremos-a-dios-haciendolo-con-los-hermanos\\\/\"},\"author\":{\"name\":\"medios CR\",\"@id\":\"https:\\\/\\\/www.diocesisciudadrodrigo.org\\\/blog4\\\/#\\\/schema\\\/person\\\/5fcf0ca636a75766ff70e6417b6ed052\"},\"headline\":\"EL COMENTARIO DE ANTONIO RISUE\u00d1O: \u00abAdoramos a Dios, abrazamos a Dios, queremos a Dios,&#8230; haci\u00e9ndolo con los hermanos.\u00bb\",\"datePublished\":\"2026-03-08T16:39:35+00:00\",\"dateModified\":\"2026-03-15T20:41:52+00:00\",\"mainEntityOfPage\":{\"@id\":\"https:\\\/\\\/www.diocesisciudadrodrigo.org\\\/blog4\\\/el-comentario-de-antonio-risueno-adoramos-a-dios-abrazamos-a-dios-queremos-a-dios-haciendolo-con-los-hermanos\\\/\"},\"wordCount\":940,\"publisher\":{\"@id\":\"https:\\\/\\\/www.diocesisciudadrodrigo.org\\\/blog4\\\/#organization\"},\"image\":{\"@id\":\"https:\\\/\\\/www.diocesisciudadrodrigo.org\\\/blog4\\\/el-comentario-de-antonio-risueno-adoramos-a-dios-abrazamos-a-dios-queremos-a-dios-haciendolo-con-los-hermanos\\\/#primaryimage\"},\"thumbnailUrl\":\"https:\\\/\\\/www.diocesisciudadrodrigo.org\\\/blog4\\\/wp-content\\\/uploads\\\/2026\\\/03\\\/Comentarios-domingo-CR-imagen-1280-x-830-px-3.png\",\"articleSection\":[\"Comentario\"],\"inLanguage\":\"es\"},{\"@type\":\"WebPage\",\"@id\":\"https:\\\/\\\/www.diocesisciudadrodrigo.org\\\/blog4\\\/el-comentario-de-antonio-risueno-adoramos-a-dios-abrazamos-a-dios-queremos-a-dios-haciendolo-con-los-hermanos\\\/\",\"url\":\"https:\\\/\\\/www.diocesisciudadrodrigo.org\\\/blog4\\\/el-comentario-de-antonio-risueno-adoramos-a-dios-abrazamos-a-dios-queremos-a-dios-haciendolo-con-los-hermanos\\\/\",\"name\":\"EL COMENTARIO DE ANTONIO RISUE\u00d1O: \u00abAdoramos a Dios, abrazamos a Dios, queremos a Dios,... haci\u00e9ndolo con los hermanos.\u00bb - Di\u00f3cesis de Ciudad Rodrigo\",\"isPartOf\":{\"@id\":\"https:\\\/\\\/www.diocesisciudadrodrigo.org\\\/blog4\\\/#website\"},\"primaryImageOfPage\":{\"@id\":\"https:\\\/\\\/www.diocesisciudadrodrigo.org\\\/blog4\\\/el-comentario-de-antonio-risueno-adoramos-a-dios-abrazamos-a-dios-queremos-a-dios-haciendolo-con-los-hermanos\\\/#primaryimage\"},\"image\":{\"@id\":\"https:\\\/\\\/www.diocesisciudadrodrigo.org\\\/blog4\\\/el-comentario-de-antonio-risueno-adoramos-a-dios-abrazamos-a-dios-queremos-a-dios-haciendolo-con-los-hermanos\\\/#primaryimage\"},\"thumbnailUrl\":\"https:\\\/\\\/www.diocesisciudadrodrigo.org\\\/blog4\\\/wp-content\\\/uploads\\\/2026\\\/03\\\/Comentarios-domingo-CR-imagen-1280-x-830-px-3.png\",\"datePublished\":\"2026-03-08T16:39:35+00:00\",\"dateModified\":\"2026-03-15T20:41:52+00:00\",\"breadcrumb\":{\"@id\":\"https:\\\/\\\/www.diocesisciudadrodrigo.org\\\/blog4\\\/el-comentario-de-antonio-risueno-adoramos-a-dios-abrazamos-a-dios-queremos-a-dios-haciendolo-con-los-hermanos\\\/#breadcrumb\"},\"inLanguage\":\"es\",\"potentialAction\":[{\"@type\":\"ReadAction\",\"target\":[\"https:\\\/\\\/www.diocesisciudadrodrigo.org\\\/blog4\\\/el-comentario-de-antonio-risueno-adoramos-a-dios-abrazamos-a-dios-queremos-a-dios-haciendolo-con-los-hermanos\\\/\"]}]},{\"@type\":\"ImageObject\",\"inLanguage\":\"es\",\"@id\":\"https:\\\/\\\/www.diocesisciudadrodrigo.org\\\/blog4\\\/el-comentario-de-antonio-risueno-adoramos-a-dios-abrazamos-a-dios-queremos-a-dios-haciendolo-con-los-hermanos\\\/#primaryimage\",\"url\":\"https:\\\/\\\/www.diocesisciudadrodrigo.org\\\/blog4\\\/wp-content\\\/uploads\\\/2026\\\/03\\\/Comentarios-domingo-CR-imagen-1280-x-830-px-3.png\",\"contentUrl\":\"https:\\\/\\\/www.diocesisciudadrodrigo.org\\\/blog4\\\/wp-content\\\/uploads\\\/2026\\\/03\\\/Comentarios-domingo-CR-imagen-1280-x-830-px-3.png\",\"width\":1280,\"height\":830},{\"@type\":\"BreadcrumbList\",\"@id\":\"https:\\\/\\\/www.diocesisciudadrodrigo.org\\\/blog4\\\/el-comentario-de-antonio-risueno-adoramos-a-dios-abrazamos-a-dios-queremos-a-dios-haciendolo-con-los-hermanos\\\/#breadcrumb\",\"itemListElement\":[{\"@type\":\"ListItem\",\"position\":1,\"name\":\"Portada\",\"item\":\"https:\\\/\\\/www.diocesisciudadrodrigo.org\\\/blog4\\\/\"},{\"@type\":\"ListItem\",\"position\":2,\"name\":\"EL COMENTARIO DE ANTONIO RISUE\u00d1O: \u00abAdoramos a Dios, abrazamos a Dios, queremos a Dios,&#8230; haci\u00e9ndolo con los hermanos.\u00bb\"}]},{\"@type\":\"WebSite\",\"@id\":\"https:\\\/\\\/www.diocesisciudadrodrigo.org\\\/blog4\\\/#website\",\"url\":\"https:\\\/\\\/www.diocesisciudadrodrigo.org\\\/blog4\\\/\",\"name\":\"Di\u00f3cesis de Ciudad Rodrigo\",\"description\":\"Sitio web oficial de la di\u00f3cesis civitatense\",\"publisher\":{\"@id\":\"https:\\\/\\\/www.diocesisciudadrodrigo.org\\\/blog4\\\/#organization\"},\"potentialAction\":[{\"@type\":\"SearchAction\",\"target\":{\"@type\":\"EntryPoint\",\"urlTemplate\":\"https:\\\/\\\/www.diocesisciudadrodrigo.org\\\/blog4\\\/?s={search_term_string}\"},\"query-input\":{\"@type\":\"PropertyValueSpecification\",\"valueRequired\":true,\"valueName\":\"search_term_string\"}}],\"inLanguage\":\"es\"},{\"@type\":\"Organization\",\"@id\":\"https:\\\/\\\/www.diocesisciudadrodrigo.org\\\/blog4\\\/#organization\",\"name\":\"Di\u00f3cesis de Ciudad Rodrigo\",\"url\":\"https:\\\/\\\/www.diocesisciudadrodrigo.org\\\/blog4\\\/\",\"logo\":{\"@type\":\"ImageObject\",\"inLanguage\":\"es\",\"@id\":\"https:\\\/\\\/www.diocesisciudadrodrigo.org\\\/blog4\\\/#\\\/schema\\\/logo\\\/image\\\/\",\"url\":\"https:\\\/\\\/www.diocesisciudadrodrigo.org\\\/blog4\\\/wp-content\\\/uploads\\\/2024\\\/12\\\/Diocesis.CMYK_-768x480-1.jpg\",\"contentUrl\":\"https:\\\/\\\/www.diocesisciudadrodrigo.org\\\/blog4\\\/wp-content\\\/uploads\\\/2024\\\/12\\\/Diocesis.CMYK_-768x480-1.jpg\",\"width\":768,\"height\":480,\"caption\":\"Di\u00f3cesis de Ciudad Rodrigo\"},\"image\":{\"@id\":\"https:\\\/\\\/www.diocesisciudadrodrigo.org\\\/blog4\\\/#\\\/schema\\\/logo\\\/image\\\/\"},\"sameAs\":[\"https:\\\/\\\/www.facebook.com\\\/people\\\/Dicesis-Ciudad-Rodrigo-MCS\\\/100076471923419\\\/#\"]},{\"@type\":\"Person\",\"@id\":\"https:\\\/\\\/www.diocesisciudadrodrigo.org\\\/blog4\\\/#\\\/schema\\\/person\\\/5fcf0ca636a75766ff70e6417b6ed052\",\"name\":\"medios CR\",\"image\":{\"@type\":\"ImageObject\",\"inLanguage\":\"es\",\"@id\":\"https:\\\/\\\/secure.gravatar.com\\\/avatar\\\/4a619fd0c7e36bd570f4e6e15eb09a2191185d0f63d8dbfdffe848af141ab87e?s=96&d=mm&r=g\",\"url\":\"https:\\\/\\\/secure.gravatar.com\\\/avatar\\\/4a619fd0c7e36bd570f4e6e15eb09a2191185d0f63d8dbfdffe848af141ab87e?s=96&d=mm&r=g\",\"contentUrl\":\"https:\\\/\\\/secure.gravatar.com\\\/avatar\\\/4a619fd0c7e36bd570f4e6e15eb09a2191185d0f63d8dbfdffe848af141ab87e?s=96&d=mm&r=g\",\"caption\":\"medios CR\"},\"url\":\"https:\\\/\\\/www.diocesisciudadrodrigo.org\\\/blog4\\\/author\\\/admin4\\\/\"}]}<\/script>\n<!-- \/ Yoast SEO plugin. -->","yoast_head_json":{"title":"EL COMENTARIO DE ANTONIO RISUE\u00d1O: \u00abAdoramos a Dios, abrazamos a Dios, queremos a Dios,... haci\u00e9ndolo con los hermanos.\u00bb - Di\u00f3cesis de Ciudad Rodrigo","robots":{"index":"index","follow":"follow","max-snippet":"max-snippet:-1","max-image-preview":"max-image-preview:large","max-video-preview":"max-video-preview:-1"},"canonical":"https:\/\/www.diocesisciudadrodrigo.org\/blog4\/el-comentario-de-antonio-risueno-adoramos-a-dios-abrazamos-a-dios-queremos-a-dios-haciendolo-con-los-hermanos\/","og_locale":"es_ES","og_type":"article","og_title":"EL COMENTARIO DE ANTONIO RISUE\u00d1O: \u00abAdoramos a Dios, abrazamos a Dios, queremos a Dios,... haci\u00e9ndolo con los hermanos.\u00bb - Di\u00f3cesis de Ciudad Rodrigo","og_description":"Buenos d\u00edas, escuchantes de COPE Ciudad Rodrigo. En este domingo 8 de marzo de 2026, tercero en el cuaresma, llegamos al Ecuador de la misma. En ella, el Evangelio de ... Leer m\u00e1s ...","og_url":"https:\/\/www.diocesisciudadrodrigo.org\/blog4\/el-comentario-de-antonio-risueno-adoramos-a-dios-abrazamos-a-dios-queremos-a-dios-haciendolo-con-los-hermanos\/","og_site_name":"Di\u00f3cesis de Ciudad Rodrigo","article_publisher":"https:\/\/www.facebook.com\/people\/Dicesis-Ciudad-Rodrigo-MCS\/100076471923419\/#","article_published_time":"2026-03-08T16:39:35+00:00","article_modified_time":"2026-03-15T20:41:52+00:00","og_image":[{"width":1280,"height":830,"url":"https:\/\/www.diocesisciudadrodrigo.org\/blog4\/wp-content\/uploads\/2026\/03\/Comentarios-domingo-CR-imagen-1280-x-830-px-3.png","type":"image\/png"}],"author":"medios CR","twitter_card":"summary_large_image","twitter_misc":{"Escrito por":"medios CR","Tiempo de lectura":"5 minutos"},"schema":{"@context":"https:\/\/schema.org","@graph":[{"@type":"Article","@id":"https:\/\/www.diocesisciudadrodrigo.org\/blog4\/el-comentario-de-antonio-risueno-adoramos-a-dios-abrazamos-a-dios-queremos-a-dios-haciendolo-con-los-hermanos\/#article","isPartOf":{"@id":"https:\/\/www.diocesisciudadrodrigo.org\/blog4\/el-comentario-de-antonio-risueno-adoramos-a-dios-abrazamos-a-dios-queremos-a-dios-haciendolo-con-los-hermanos\/"},"author":{"name":"medios CR","@id":"https:\/\/www.diocesisciudadrodrigo.org\/blog4\/#\/schema\/person\/5fcf0ca636a75766ff70e6417b6ed052"},"headline":"EL COMENTARIO DE ANTONIO RISUE\u00d1O: \u00abAdoramos a Dios, abrazamos a Dios, queremos a Dios,&#8230; haci\u00e9ndolo con los hermanos.\u00bb","datePublished":"2026-03-08T16:39:35+00:00","dateModified":"2026-03-15T20:41:52+00:00","mainEntityOfPage":{"@id":"https:\/\/www.diocesisciudadrodrigo.org\/blog4\/el-comentario-de-antonio-risueno-adoramos-a-dios-abrazamos-a-dios-queremos-a-dios-haciendolo-con-los-hermanos\/"},"wordCount":940,"publisher":{"@id":"https:\/\/www.diocesisciudadrodrigo.org\/blog4\/#organization"},"image":{"@id":"https:\/\/www.diocesisciudadrodrigo.org\/blog4\/el-comentario-de-antonio-risueno-adoramos-a-dios-abrazamos-a-dios-queremos-a-dios-haciendolo-con-los-hermanos\/#primaryimage"},"thumbnailUrl":"https:\/\/www.diocesisciudadrodrigo.org\/blog4\/wp-content\/uploads\/2026\/03\/Comentarios-domingo-CR-imagen-1280-x-830-px-3.png","articleSection":["Comentario"],"inLanguage":"es"},{"@type":"WebPage","@id":"https:\/\/www.diocesisciudadrodrigo.org\/blog4\/el-comentario-de-antonio-risueno-adoramos-a-dios-abrazamos-a-dios-queremos-a-dios-haciendolo-con-los-hermanos\/","url":"https:\/\/www.diocesisciudadrodrigo.org\/blog4\/el-comentario-de-antonio-risueno-adoramos-a-dios-abrazamos-a-dios-queremos-a-dios-haciendolo-con-los-hermanos\/","name":"EL COMENTARIO DE ANTONIO RISUE\u00d1O: \u00abAdoramos a Dios, abrazamos a Dios, queremos a Dios,... haci\u00e9ndolo con los hermanos.\u00bb - Di\u00f3cesis de Ciudad Rodrigo","isPartOf":{"@id":"https:\/\/www.diocesisciudadrodrigo.org\/blog4\/#website"},"primaryImageOfPage":{"@id":"https:\/\/www.diocesisciudadrodrigo.org\/blog4\/el-comentario-de-antonio-risueno-adoramos-a-dios-abrazamos-a-dios-queremos-a-dios-haciendolo-con-los-hermanos\/#primaryimage"},"image":{"@id":"https:\/\/www.diocesisciudadrodrigo.org\/blog4\/el-comentario-de-antonio-risueno-adoramos-a-dios-abrazamos-a-dios-queremos-a-dios-haciendolo-con-los-hermanos\/#primaryimage"},"thumbnailUrl":"https:\/\/www.diocesisciudadrodrigo.org\/blog4\/wp-content\/uploads\/2026\/03\/Comentarios-domingo-CR-imagen-1280-x-830-px-3.png","datePublished":"2026-03-08T16:39:35+00:00","dateModified":"2026-03-15T20:41:52+00:00","breadcrumb":{"@id":"https:\/\/www.diocesisciudadrodrigo.org\/blog4\/el-comentario-de-antonio-risueno-adoramos-a-dios-abrazamos-a-dios-queremos-a-dios-haciendolo-con-los-hermanos\/#breadcrumb"},"inLanguage":"es","potentialAction":[{"@type":"ReadAction","target":["https:\/\/www.diocesisciudadrodrigo.org\/blog4\/el-comentario-de-antonio-risueno-adoramos-a-dios-abrazamos-a-dios-queremos-a-dios-haciendolo-con-los-hermanos\/"]}]},{"@type":"ImageObject","inLanguage":"es","@id":"https:\/\/www.diocesisciudadrodrigo.org\/blog4\/el-comentario-de-antonio-risueno-adoramos-a-dios-abrazamos-a-dios-queremos-a-dios-haciendolo-con-los-hermanos\/#primaryimage","url":"https:\/\/www.diocesisciudadrodrigo.org\/blog4\/wp-content\/uploads\/2026\/03\/Comentarios-domingo-CR-imagen-1280-x-830-px-3.png","contentUrl":"https:\/\/www.diocesisciudadrodrigo.org\/blog4\/wp-content\/uploads\/2026\/03\/Comentarios-domingo-CR-imagen-1280-x-830-px-3.png","width":1280,"height":830},{"@type":"BreadcrumbList","@id":"https:\/\/www.diocesisciudadrodrigo.org\/blog4\/el-comentario-de-antonio-risueno-adoramos-a-dios-abrazamos-a-dios-queremos-a-dios-haciendolo-con-los-hermanos\/#breadcrumb","itemListElement":[{"@type":"ListItem","position":1,"name":"Portada","item":"https:\/\/www.diocesisciudadrodrigo.org\/blog4\/"},{"@type":"ListItem","position":2,"name":"EL COMENTARIO DE ANTONIO RISUE\u00d1O: \u00abAdoramos a Dios, abrazamos a Dios, queremos a Dios,&#8230; haci\u00e9ndolo con los hermanos.\u00bb"}]},{"@type":"WebSite","@id":"https:\/\/www.diocesisciudadrodrigo.org\/blog4\/#website","url":"https:\/\/www.diocesisciudadrodrigo.org\/blog4\/","name":"Di\u00f3cesis de Ciudad Rodrigo","description":"Sitio web oficial de la di\u00f3cesis civitatense","publisher":{"@id":"https:\/\/www.diocesisciudadrodrigo.org\/blog4\/#organization"},"potentialAction":[{"@type":"SearchAction","target":{"@type":"EntryPoint","urlTemplate":"https:\/\/www.diocesisciudadrodrigo.org\/blog4\/?s={search_term_string}"},"query-input":{"@type":"PropertyValueSpecification","valueRequired":true,"valueName":"search_term_string"}}],"inLanguage":"es"},{"@type":"Organization","@id":"https:\/\/www.diocesisciudadrodrigo.org\/blog4\/#organization","name":"Di\u00f3cesis de Ciudad Rodrigo","url":"https:\/\/www.diocesisciudadrodrigo.org\/blog4\/","logo":{"@type":"ImageObject","inLanguage":"es","@id":"https:\/\/www.diocesisciudadrodrigo.org\/blog4\/#\/schema\/logo\/image\/","url":"https:\/\/www.diocesisciudadrodrigo.org\/blog4\/wp-content\/uploads\/2024\/12\/Diocesis.CMYK_-768x480-1.jpg","contentUrl":"https:\/\/www.diocesisciudadrodrigo.org\/blog4\/wp-content\/uploads\/2024\/12\/Diocesis.CMYK_-768x480-1.jpg","width":768,"height":480,"caption":"Di\u00f3cesis de Ciudad Rodrigo"},"image":{"@id":"https:\/\/www.diocesisciudadrodrigo.org\/blog4\/#\/schema\/logo\/image\/"},"sameAs":["https:\/\/www.facebook.com\/people\/Dicesis-Ciudad-Rodrigo-MCS\/100076471923419\/#"]},{"@type":"Person","@id":"https:\/\/www.diocesisciudadrodrigo.org\/blog4\/#\/schema\/person\/5fcf0ca636a75766ff70e6417b6ed052","name":"medios CR","image":{"@type":"ImageObject","inLanguage":"es","@id":"https:\/\/secure.gravatar.com\/avatar\/4a619fd0c7e36bd570f4e6e15eb09a2191185d0f63d8dbfdffe848af141ab87e?s=96&d=mm&r=g","url":"https:\/\/secure.gravatar.com\/avatar\/4a619fd0c7e36bd570f4e6e15eb09a2191185d0f63d8dbfdffe848af141ab87e?s=96&d=mm&r=g","contentUrl":"https:\/\/secure.gravatar.com\/avatar\/4a619fd0c7e36bd570f4e6e15eb09a2191185d0f63d8dbfdffe848af141ab87e?s=96&d=mm&r=g","caption":"medios CR"},"url":"https:\/\/www.diocesisciudadrodrigo.org\/blog4\/author\/admin4\/"}]}},"_links":{"self":[{"href":"https:\/\/www.diocesisciudadrodrigo.org\/blog4\/wp-json\/wp\/v2\/posts\/42960","targetHints":{"allow":["GET"]}}],"collection":[{"href":"https:\/\/www.diocesisciudadrodrigo.org\/blog4\/wp-json\/wp\/v2\/posts"}],"about":[{"href":"https:\/\/www.diocesisciudadrodrigo.org\/blog4\/wp-json\/wp\/v2\/types\/post"}],"author":[{"embeddable":true,"href":"https:\/\/www.diocesisciudadrodrigo.org\/blog4\/wp-json\/wp\/v2\/users\/1"}],"replies":[{"embeddable":true,"href":"https:\/\/www.diocesisciudadrodrigo.org\/blog4\/wp-json\/wp\/v2\/comments?post=42960"}],"version-history":[{"count":18,"href":"https:\/\/www.diocesisciudadrodrigo.org\/blog4\/wp-json\/wp\/v2\/posts\/42960\/revisions"}],"predecessor-version":[{"id":42996,"href":"https:\/\/www.diocesisciudadrodrigo.org\/blog4\/wp-json\/wp\/v2\/posts\/42960\/revisions\/42996"}],"wp:featuredmedia":[{"embeddable":true,"href":"https:\/\/www.diocesisciudadrodrigo.org\/blog4\/wp-json\/wp\/v2\/media\/42977"}],"wp:attachment":[{"href":"https:\/\/www.diocesisciudadrodrigo.org\/blog4\/wp-json\/wp\/v2\/media?parent=42960"}],"wp:term":[{"taxonomy":"category","embeddable":true,"href":"https:\/\/www.diocesisciudadrodrigo.org\/blog4\/wp-json\/wp\/v2\/categories?post=42960"},{"taxonomy":"post_tag","embeddable":true,"href":"https:\/\/www.diocesisciudadrodrigo.org\/blog4\/wp-json\/wp\/v2\/tags?post=42960"}],"curies":[{"name":"wp","href":"https:\/\/api.w.org\/{rel}","templated":true}]}}