{"id":42901,"date":"2026-03-06T18:59:48","date_gmt":"2026-03-06T17:59:48","guid":{"rendered":"https:\/\/www.diocesisciudadrodrigo.org\/blog4\/?p=42901"},"modified":"2026-03-06T18:59:48","modified_gmt":"2026-03-06T17:59:48","slug":"gran-ambiente-en-la-operacion-bocata-de-la-delegacion-diocesana-de-manos-unidas","status":"publish","type":"post","link":"https:\/\/www.diocesisciudadrodrigo.org\/blog4\/gran-ambiente-en-la-operacion-bocata-de-la-delegacion-diocesana-de-manos-unidas\/","title":{"rendered":"Gran ambiente en la Operaci\u00f3n Bocata de la Delegaci\u00f3n diocesana de Manos Unidas"},"content":{"rendered":"\t\t<div data-elementor-type=\"wp-post\" data-elementor-id=\"42901\" class=\"elementor elementor-42901\" data-elementor-settings=\"[]\">\n\t\t\t\t\t\t<div class=\"elementor-inner\">\n\t\t\t\t\t\t\t<div class=\"elementor-section-wrap\">\n\t\t\t\t\t\t\t<section class=\"elementor-section elementor-top-section elementor-element elementor-element-bd4e36b elementor-section-boxed elementor-section-height-default elementor-section-height-default\" data-id=\"bd4e36b\" data-element_type=\"section\">\n\t\t\t\t\t\t<div class=\"elementor-container elementor-column-gap-default\">\n\t\t\t\t\t\t\t<div class=\"elementor-row\">\n\t\t\t\t\t<div class=\"elementor-column elementor-col-100 elementor-top-column elementor-element elementor-element-4bebb2c\" data-id=\"4bebb2c\" data-element_type=\"column\">\n\t\t\t<div class=\"elementor-column-wrap elementor-element-populated\">\n\t\t\t\t\t\t\t<div class=\"elementor-widget-wrap\">\n\t\t\t\t\t\t<div class=\"elementor-element elementor-element-b14c1e3 elementor-widget elementor-widget-text-editor\" data-id=\"b14c1e3\" data-element_type=\"widget\" data-widget_type=\"text-editor.default\">\n\t\t\t\t<div class=\"elementor-widget-container\">\n\t\t\t\t\t\t\t\t<div class=\"elementor-text-editor elementor-clearfix\">\n\t\t\t\t<h3>Se han repartido en torno a unos 1.000 bocadillos en esta actividad dentro de la Campa\u00f1a contra el Hambre que esta ong cat\u00f3lica est\u00e1 celebrando bajo el lema &#8216;Declara la guerra al hambre&#8217;.\u00a0<\/h3>\t\t\t\t\t<\/div>\n\t\t\t\t\t\t<\/div>\n\t\t\t\t<\/div>\n\t\t\t\t\t\t<\/div>\n\t\t\t\t\t<\/div>\n\t\t<\/div>\n\t\t\t\t\t\t\t\t<\/div>\n\t\t\t\t\t<\/div>\n\t\t<\/section>\n\t\t\t\t<section class=\"elementor-section elementor-top-section elementor-element elementor-element-3b16ca0 elementor-section-boxed elementor-section-height-default elementor-section-height-default\" data-id=\"3b16ca0\" data-element_type=\"section\">\n\t\t\t\t\t\t<div class=\"elementor-container elementor-column-gap-default\">\n\t\t\t\t\t\t\t<div class=\"elementor-row\">\n\t\t\t\t\t<div class=\"elementor-column elementor-col-100 elementor-top-column elementor-element elementor-element-e01b179\" data-id=\"e01b179\" data-element_type=\"column\">\n\t\t\t<div class=\"elementor-column-wrap elementor-element-populated\">\n\t\t\t\t\t\t\t<div class=\"elementor-widget-wrap\">\n\t\t\t\t\t\t<div class=\"elementor-element elementor-element-352d056 elementor-widget elementor-widget-image\" data-id=\"352d056\" data-element_type=\"widget\" data-widget_type=\"image.default\">\n\t\t\t\t<div class=\"elementor-widget-container\">\n\t\t\t\t\t\t\t\t<div class=\"elementor-image\">\n\t\t\t\t\t\t\t\t\t<figure class=\"wp-caption\">\n\t\t\t\t\t\t\t\t\t\t<img loading=\"lazy\" decoding=\"async\" width=\"1200\" height=\"675\" src=\"https:\/\/www.diocesisciudadrodrigo.org\/blog4\/wp-content\/uploads\/2026\/03\/6b6ed178-fbf6-438e-98fb-0a3f3247739a.jpeg\" class=\"attachment-large size-large\" alt=\"Operaci\u00f3n Bocata Ciudad Rodrigo Manos Unidas\" srcset=\"https:\/\/www.diocesisciudadrodrigo.org\/blog4\/wp-content\/uploads\/2026\/03\/6b6ed178-fbf6-438e-98fb-0a3f3247739a.jpeg 1200w, https:\/\/www.diocesisciudadrodrigo.org\/blog4\/wp-content\/uploads\/2026\/03\/6b6ed178-fbf6-438e-98fb-0a3f3247739a-1000x563.jpeg 1000w, https:\/\/www.diocesisciudadrodrigo.org\/blog4\/wp-content\/uploads\/2026\/03\/6b6ed178-fbf6-438e-98fb-0a3f3247739a-768x432.jpeg 768w, https:\/\/www.diocesisciudadrodrigo.org\/blog4\/wp-content\/uploads\/2026\/03\/6b6ed178-fbf6-438e-98fb-0a3f3247739a-350x197.jpeg 350w\" sizes=\"auto, (max-width: 1200px) 100vw, 1200px\" \/>\t\t\t\t\t\t\t\t\t\t\t<figcaption class=\"widget-image-caption wp-caption-text\">Operaci\u00f3n Bocata de Manos Unidas Ciudad Rodrigo. <\/figcaption>\n\t\t\t\t\t\t\t\t\t\t<\/figure>\n\t\t\t\t\t\t\t\t<\/div>\n\t\t\t\t\t\t<\/div>\n\t\t\t\t<\/div>\n\t\t\t\t\t\t<\/div>\n\t\t\t\t\t<\/div>\n\t\t<\/div>\n\t\t\t\t\t\t\t\t<\/div>\n\t\t\t\t\t<\/div>\n\t\t<\/section>\n\t\t\t\t<section class=\"elementor-section elementor-top-section elementor-element elementor-element-d1a20dc elementor-section-boxed elementor-section-height-default elementor-section-height-default\" data-id=\"d1a20dc\" data-element_type=\"section\">\n\t\t\t\t\t\t<div class=\"elementor-container elementor-column-gap-default\">\n\t\t\t\t\t\t\t<div class=\"elementor-row\">\n\t\t\t\t\t<div class=\"elementor-column elementor-col-100 elementor-top-column elementor-element elementor-element-aadc9a1\" data-id=\"aadc9a1\" data-element_type=\"column\">\n\t\t\t<div class=\"elementor-column-wrap elementor-element-populated\">\n\t\t\t\t\t\t\t<div class=\"elementor-widget-wrap\">\n\t\t\t\t\t\t<div class=\"elementor-element elementor-element-7674485 elementor-widget elementor-widget-text-editor\" data-id=\"7674485\" data-element_type=\"widget\" data-widget_type=\"text-editor.default\">\n\t\t\t\t<div class=\"elementor-widget-container\">\n\t\t\t\t\t\t\t\t<div class=\"elementor-text-editor elementor-clearfix\">\n\t\t\t\t<p>La Delegaci\u00f3n diocesana de Manos Unidas <strong>ha repartido unos 1.000 bocadillos<\/strong> en una nueva edici\u00f3n de su Operaci\u00f3n Bocata que se ha celebrado este viernes, 6 de marzo, en la Plaza del Buen Alcalde. Una veintena de voluntarios han colaborado en esta actividad. \u00a0<\/p><p><strong>Desde primera hora de la ma\u00f1ana se han comenzado a preparar los bocadillos<\/strong> de lomo a la plancha, embutido, fiambre, queso y sardinas que despu\u00e9s se han repartido entre muchos mirobriguenses que no se han perdido esta cita. Los centros educativos, algunas asociaciones e incluso las Madres Carmelitas se han sumado a la Operaci\u00f3n Bocata en Ciudad Rodrigo.\u00a0<\/p><p>El tiempo ha acompa\u00f1ado y ha habido un gran ambiente en un acto que ha servido para reivindicar el lema de este a\u00f1o de la Campa\u00f1a contra el Hambre de Manos Unidas: &#8216; Declara la guerra al hambre&#8217; . En este sentido, el consiliario de la Delegaci\u00f3n diocesana de Manos Unidas, <strong>\u00c1ngel Mart\u00edn Carballo, ha animado a \u00abluchar contra el hambre con \u00a0solidaridad y caridad.<\/strong> Solidaridad con todos los seres humanos y caridad porque somos disc\u00edpulos de Cristo\u00bb.\u00a0<\/p><p class=\"p1\">La Operaci\u00f3n Bocata de Ciudad Rodrigo forma parte del programa de actividades organizadas por Manos Unidas dentro de su Campa\u00f1a contra el Hambre. El objetivo es <strong>sensibilizar a la poblaci\u00f3n para lograr un mundo m\u00e1s justo y m\u00e1s humano, y cooperar con el desarrollo<\/strong> en los pa\u00edses con mayores necesidades.<\/p><p class=\"p1\">De esta manera, el dinero recaudado por la Delegaci\u00f3n Diocesana de Manos Unidas se destinar\u00e1 este a\u00f1o a financiar dos proyectos de desarrollo. Por un lado, se apoyar\u00e1 <strong>un programa de atenci\u00f3n a ni\u00f1os en situaci\u00f3n de calle, j\u00f3venes y mujeres<\/strong> en un barrio marginal de Varanasi, concretamente en Lahartara, en el estado de Uttar Pradesh, al norte de la India. Y por otro lado, se financiar\u00e1 un proyecto que permitir\u00e1 <strong>ofrecer apoyo psicosocial y formaci\u00f3n a madres de ni\u00f1os con discapacidad en Palestina<\/strong>.<\/p>\t\t\t\t\t<\/div>\n\t\t\t\t\t\t<\/div>\n\t\t\t\t<\/div>\n\t\t\t\t\t\t<\/div>\n\t\t\t\t\t<\/div>\n\t\t<\/div>\n\t\t\t\t\t\t\t\t<\/div>\n\t\t\t\t\t<\/div>\n\t\t<\/section>\n\t\t\t\t<section class=\"elementor-section elementor-top-section elementor-element elementor-element-0c635f2 elementor-section-boxed elementor-section-height-default elementor-section-height-default\" data-id=\"0c635f2\" data-element_type=\"section\">\n\t\t\t\t\t\t<div class=\"elementor-container elementor-column-gap-default\">\n\t\t\t\t\t\t\t<div class=\"elementor-row\">\n\t\t\t\t\t<div class=\"elementor-column elementor-col-100 elementor-top-column elementor-element elementor-element-58fdff9\" data-id=\"58fdff9\" data-element_type=\"column\">\n\t\t\t<div class=\"elementor-column-wrap elementor-element-populated\">\n\t\t\t\t\t\t\t<div class=\"elementor-widget-wrap\">\n\t\t\t\t\t\t<div class=\"elementor-element elementor-element-4c23e6c elementor-widget elementor-widget-image-gallery\" data-id=\"4c23e6c\" data-element_type=\"widget\" data-widget_type=\"image-gallery.default\">\n\t\t\t\t<div class=\"elementor-widget-container\">\n\t\t\t\t\t<div class=\"elementor-image-gallery\">\n\t\t\t<div id='gallery-1' class='gallery galleryid-42901 gallery-columns-3 gallery-size-thumbnail'><figure class='gallery-item'>\n\t\t\t<div class='gallery-icon landscape'>\n\t\t\t\t<a  href='https:\/\/www.diocesisciudadrodrigo.org\/blog4\/wp-content\/uploads\/2026\/03\/60f0a50f-053b-4136-abc6-dcdfd9e10112.jpeg'><img loading=\"lazy\" decoding=\"async\" width=\"500\" height=\"500\" src=\"https:\/\/www.diocesisciudadrodrigo.org\/blog4\/wp-content\/uploads\/2026\/03\/60f0a50f-053b-4136-abc6-dcdfd9e10112-500x500.jpeg\" class=\"attachment-thumbnail size-thumbnail\" alt=\"Operaci\u00f3n Bocata Ciudad Rodrigo\" \/><\/a>\n\t\t\t<\/div><\/figure><figure class='gallery-item'>\n\t\t\t<div class='gallery-icon landscape'>\n\t\t\t\t<a  href='https:\/\/www.diocesisciudadrodrigo.org\/blog4\/wp-content\/uploads\/2026\/03\/3175636c-c283-4f32-8c66-9c6ef920dc93.jpeg'><img loading=\"lazy\" decoding=\"async\" width=\"500\" height=\"500\" src=\"https:\/\/www.diocesisciudadrodrigo.org\/blog4\/wp-content\/uploads\/2026\/03\/3175636c-c283-4f32-8c66-9c6ef920dc93-500x500.jpeg\" class=\"attachment-thumbnail size-thumbnail\" alt=\"\" \/><\/a>\n\t\t\t<\/div><\/figure><figure class='gallery-item'>\n\t\t\t<div class='gallery-icon landscape'>\n\t\t\t\t<a  href='https:\/\/www.diocesisciudadrodrigo.org\/blog4\/wp-content\/uploads\/2026\/03\/cbfa4243-945f-4587-9aec-d582cf77e83a.jpeg'><img loading=\"lazy\" decoding=\"async\" width=\"500\" height=\"500\" src=\"https:\/\/www.diocesisciudadrodrigo.org\/blog4\/wp-content\/uploads\/2026\/03\/cbfa4243-945f-4587-9aec-d582cf77e83a-500x500.jpeg\" class=\"attachment-thumbnail size-thumbnail\" alt=\"\" \/><\/a>\n\t\t\t<\/div><\/figure><figure class='gallery-item'>\n\t\t\t<div class='gallery-icon landscape'>\n\t\t\t\t<a  href='https:\/\/www.diocesisciudadrodrigo.org\/blog4\/wp-content\/uploads\/2026\/03\/fca526af-1f64-40de-9125-8f42a1157574.jpeg'><img loading=\"lazy\" decoding=\"async\" width=\"500\" height=\"500\" src=\"https:\/\/www.diocesisciudadrodrigo.org\/blog4\/wp-content\/uploads\/2026\/03\/fca526af-1f64-40de-9125-8f42a1157574-500x500.jpeg\" class=\"attachment-thumbnail size-thumbnail\" alt=\"\" \/><\/a>\n\t\t\t<\/div><\/figure><figure class='gallery-item'>\n\t\t\t<div class='gallery-icon landscape'>\n\t\t\t\t<a  href='https:\/\/www.diocesisciudadrodrigo.org\/blog4\/wp-content\/uploads\/2026\/03\/3dfd8c89-c4ba-4439-b55f-8196b7771df5.jpeg'><img loading=\"lazy\" decoding=\"async\" width=\"500\" height=\"500\" src=\"https:\/\/www.diocesisciudadrodrigo.org\/blog4\/wp-content\/uploads\/2026\/03\/3dfd8c89-c4ba-4439-b55f-8196b7771df5-500x500.jpeg\" class=\"attachment-thumbnail size-thumbnail\" alt=\"\" \/><\/a>\n\t\t\t<\/div><\/figure><figure class='gallery-item'>\n\t\t\t<div class='gallery-icon landscape'>\n\t\t\t\t<a  href='https:\/\/www.diocesisciudadrodrigo.org\/blog4\/wp-content\/uploads\/2026\/03\/0eaed8b1-742a-418c-9cbb-aab36bc4ce1e.jpeg'><img loading=\"lazy\" decoding=\"async\" width=\"500\" height=\"500\" src=\"https:\/\/www.diocesisciudadrodrigo.org\/blog4\/wp-content\/uploads\/2026\/03\/0eaed8b1-742a-418c-9cbb-aab36bc4ce1e-500x500.jpeg\" class=\"attachment-thumbnail size-thumbnail\" alt=\"\" \/><\/a>\n\t\t\t<\/div><\/figure><figure class='gallery-item'>\n\t\t\t<div class='gallery-icon landscape'>\n\t\t\t\t<a  href='https:\/\/www.diocesisciudadrodrigo.org\/blog4\/wp-content\/uploads\/2026\/03\/59bb31f7-ee70-4274-be1f-17384992d483.jpeg'><img loading=\"lazy\" decoding=\"async\" width=\"500\" height=\"500\" src=\"https:\/\/www.diocesisciudadrodrigo.org\/blog4\/wp-content\/uploads\/2026\/03\/59bb31f7-ee70-4274-be1f-17384992d483-500x500.jpeg\" class=\"attachment-thumbnail size-thumbnail\" alt=\"\" \/><\/a>\n\t\t\t<\/div><\/figure><figure class='gallery-item'>\n\t\t\t<div class='gallery-icon landscape'>\n\t\t\t\t<a  href='https:\/\/www.diocesisciudadrodrigo.org\/blog4\/wp-content\/uploads\/2026\/03\/d78e4593-ba38-4676-97f9-93f56aeb7d5a.jpeg'><img loading=\"lazy\" decoding=\"async\" width=\"500\" height=\"500\" src=\"https:\/\/www.diocesisciudadrodrigo.org\/blog4\/wp-content\/uploads\/2026\/03\/d78e4593-ba38-4676-97f9-93f56aeb7d5a-500x500.jpeg\" class=\"attachment-thumbnail size-thumbnail\" alt=\"\" \/><\/a>\n\t\t\t<\/div><\/figure><figure class='gallery-item'>\n\t\t\t<div class='gallery-icon landscape'>\n\t\t\t\t<a  href='https:\/\/www.diocesisciudadrodrigo.org\/blog4\/wp-content\/uploads\/2026\/03\/b5b845cb-a507-4b9a-b5b3-db9b074f1027.jpeg'><img loading=\"lazy\" decoding=\"async\" width=\"500\" height=\"500\" src=\"https:\/\/www.diocesisciudadrodrigo.org\/blog4\/wp-content\/uploads\/2026\/03\/b5b845cb-a507-4b9a-b5b3-db9b074f1027-500x500.jpeg\" class=\"attachment-thumbnail size-thumbnail\" alt=\"\" \/><\/a>\n\t\t\t<\/div><\/figure>\n\t\t<\/div>\n\t\t<\/div>\n\t\t\t\t<\/div>\n\t\t\t\t<\/div>\n\t\t\t\t\t\t<\/div>\n\t\t\t\t\t<\/div>\n\t\t<\/div>\n\t\t\t\t\t\t\t\t<\/div>\n\t\t\t\t\t<\/div>\n\t\t<\/section>\n\t\t\t\t\t\t<\/div>\n\t\t\t\t\t\t<\/div>\n\t\t\t\t\t<\/div>\n\t\t","protected":false},"excerpt":{"rendered":"<p>Se han repartido en torno a unos 1.000 bocadillos en esta actividad dentro de la Campa\u00f1a contra el Hambre que esta ong cat\u00f3lica est\u00e1 celebrando bajo el lema &#8216;Declara la &#8230; <\/p>\n<p class=\"read-more-container\"><a title=\"Gran ambiente en la Operaci\u00f3n Bocata de la Delegaci\u00f3n diocesana de Manos Unidas\" class=\"read-more button\" href=\"https:\/\/www.diocesisciudadrodrigo.org\/blog4\/gran-ambiente-en-la-operacion-bocata-de-la-delegacion-diocesana-de-manos-unidas\/#more-42901\" aria-label=\"M\u00e1s en Gran ambiente en la Operaci\u00f3n Bocata de la Delegaci\u00f3n diocesana de Manos Unidas\">Leer m\u00e1s &#8230;<\/a><\/p>\n","protected":false},"author":1,"featured_media":42909,"comment_status":"closed","ping_status":"closed","sticky":false,"template":"","format":"standard","meta":{"footnotes":""},"categories":[6],"tags":[32,36],"class_list":["post-42901","post","type-post","status-publish","format-standard","has-post-thumbnail","hentry","category-noticias","tag-ciudad-rodrigo","tag-manos-unidas","masonry-post","generate-columns","tablet-grid-50","mobile-grid-100","grid-parent","grid-50"],"yoast_head":"<!-- This site is optimized with the Yoast SEO plugin v27.3 - https:\/\/yoast.com\/product\/yoast-seo-wordpress\/ -->\n<title>Gran ambiente en la Operaci\u00f3n Bocata de la Delegaci\u00f3n diocesana de Manos Unidas - Di\u00f3cesis de Ciudad Rodrigo<\/title>\n<meta name=\"description\" content=\"La Operaci\u00f3n Bocata de Ciudad Rodrigo ha repartido en torno a unos 1.000 bocadillos dentro de la Campa\u00f1a contra el Hambre de Manos Unidas\" \/>\n<meta name=\"robots\" content=\"index, follow, max-snippet:-1, max-image-preview:large, max-video-preview:-1\" \/>\n<link rel=\"canonical\" href=\"https:\/\/www.diocesisciudadrodrigo.org\/blog4\/gran-ambiente-en-la-operacion-bocata-de-la-delegacion-diocesana-de-manos-unidas\/\" \/>\n<meta property=\"og:locale\" content=\"es_ES\" \/>\n<meta property=\"og:type\" content=\"article\" \/>\n<meta property=\"og:title\" content=\"Gran ambiente en la Operaci\u00f3n Bocata de la Delegaci\u00f3n diocesana de Manos Unidas - Di\u00f3cesis de Ciudad Rodrigo\" \/>\n<meta property=\"og:description\" content=\"La Operaci\u00f3n Bocata de Ciudad Rodrigo ha repartido en torno a unos 1.000 bocadillos dentro de la Campa\u00f1a contra el Hambre de Manos Unidas\" \/>\n<meta property=\"og:url\" content=\"https:\/\/www.diocesisciudadrodrigo.org\/blog4\/gran-ambiente-en-la-operacion-bocata-de-la-delegacion-diocesana-de-manos-unidas\/\" \/>\n<meta property=\"og:site_name\" content=\"Di\u00f3cesis de Ciudad Rodrigo\" \/>\n<meta property=\"article:publisher\" content=\"https:\/\/www.facebook.com\/people\/Dicesis-Ciudad-Rodrigo-MCS\/100076471923419\/#\" \/>\n<meta property=\"article:published_time\" content=\"2026-03-06T17:59:48+00:00\" \/>\n<meta property=\"og:image\" content=\"https:\/\/www.diocesisciudadrodrigo.org\/blog4\/wp-content\/uploads\/2026\/03\/6b6ed178-fbf6-438e-98fb-0a3f3247739a.jpeg\" \/>\n\t<meta property=\"og:image:width\" content=\"1200\" \/>\n\t<meta property=\"og:image:height\" content=\"675\" \/>\n\t<meta property=\"og:image:type\" content=\"image\/jpeg\" \/>\n<meta name=\"author\" content=\"medios CR\" \/>\n<meta name=\"twitter:card\" content=\"summary_large_image\" \/>\n<meta name=\"twitter:label1\" content=\"Escrito por\" \/>\n\t<meta name=\"twitter:data1\" content=\"medios CR\" \/>\n\t<meta name=\"twitter:label2\" content=\"Tiempo de lectura\" \/>\n\t<meta name=\"twitter:data2\" content=\"4 minutos\" \/>\n<script type=\"application\/ld+json\" class=\"yoast-schema-graph\">{\"@context\":\"https:\\\/\\\/schema.org\",\"@graph\":[{\"@type\":\"Article\",\"@id\":\"https:\\\/\\\/www.diocesisciudadrodrigo.org\\\/blog4\\\/gran-ambiente-en-la-operacion-bocata-de-la-delegacion-diocesana-de-manos-unidas\\\/#article\",\"isPartOf\":{\"@id\":\"https:\\\/\\\/www.diocesisciudadrodrigo.org\\\/blog4\\\/gran-ambiente-en-la-operacion-bocata-de-la-delegacion-diocesana-de-manos-unidas\\\/\"},\"author\":{\"name\":\"medios CR\",\"@id\":\"https:\\\/\\\/www.diocesisciudadrodrigo.org\\\/blog4\\\/#\\\/schema\\\/person\\\/5fcf0ca636a75766ff70e6417b6ed052\"},\"headline\":\"Gran ambiente en la Operaci\u00f3n Bocata de la Delegaci\u00f3n diocesana de Manos Unidas\",\"datePublished\":\"2026-03-06T17:59:48+00:00\",\"mainEntityOfPage\":{\"@id\":\"https:\\\/\\\/www.diocesisciudadrodrigo.org\\\/blog4\\\/gran-ambiente-en-la-operacion-bocata-de-la-delegacion-diocesana-de-manos-unidas\\\/\"},\"wordCount\":392,\"publisher\":{\"@id\":\"https:\\\/\\\/www.diocesisciudadrodrigo.org\\\/blog4\\\/#organization\"},\"image\":{\"@id\":\"https:\\\/\\\/www.diocesisciudadrodrigo.org\\\/blog4\\\/gran-ambiente-en-la-operacion-bocata-de-la-delegacion-diocesana-de-manos-unidas\\\/#primaryimage\"},\"thumbnailUrl\":\"https:\\\/\\\/www.diocesisciudadrodrigo.org\\\/blog4\\\/wp-content\\\/uploads\\\/2026\\\/03\\\/6b6ed178-fbf6-438e-98fb-0a3f3247739a.jpeg\",\"keywords\":[\"Ciudad Rodrigo\",\"Manos Unidas\"],\"articleSection\":[\"Noticias\"],\"inLanguage\":\"es\"},{\"@type\":\"WebPage\",\"@id\":\"https:\\\/\\\/www.diocesisciudadrodrigo.org\\\/blog4\\\/gran-ambiente-en-la-operacion-bocata-de-la-delegacion-diocesana-de-manos-unidas\\\/\",\"url\":\"https:\\\/\\\/www.diocesisciudadrodrigo.org\\\/blog4\\\/gran-ambiente-en-la-operacion-bocata-de-la-delegacion-diocesana-de-manos-unidas\\\/\",\"name\":\"Gran ambiente en la Operaci\u00f3n Bocata de la Delegaci\u00f3n diocesana de Manos Unidas - Di\u00f3cesis de Ciudad Rodrigo\",\"isPartOf\":{\"@id\":\"https:\\\/\\\/www.diocesisciudadrodrigo.org\\\/blog4\\\/#website\"},\"primaryImageOfPage\":{\"@id\":\"https:\\\/\\\/www.diocesisciudadrodrigo.org\\\/blog4\\\/gran-ambiente-en-la-operacion-bocata-de-la-delegacion-diocesana-de-manos-unidas\\\/#primaryimage\"},\"image\":{\"@id\":\"https:\\\/\\\/www.diocesisciudadrodrigo.org\\\/blog4\\\/gran-ambiente-en-la-operacion-bocata-de-la-delegacion-diocesana-de-manos-unidas\\\/#primaryimage\"},\"thumbnailUrl\":\"https:\\\/\\\/www.diocesisciudadrodrigo.org\\\/blog4\\\/wp-content\\\/uploads\\\/2026\\\/03\\\/6b6ed178-fbf6-438e-98fb-0a3f3247739a.jpeg\",\"datePublished\":\"2026-03-06T17:59:48+00:00\",\"description\":\"La Operaci\u00f3n Bocata de Ciudad Rodrigo ha repartido en torno a unos 1.000 bocadillos dentro de la Campa\u00f1a contra el Hambre de Manos Unidas\",\"breadcrumb\":{\"@id\":\"https:\\\/\\\/www.diocesisciudadrodrigo.org\\\/blog4\\\/gran-ambiente-en-la-operacion-bocata-de-la-delegacion-diocesana-de-manos-unidas\\\/#breadcrumb\"},\"inLanguage\":\"es\",\"potentialAction\":[{\"@type\":\"ReadAction\",\"target\":[\"https:\\\/\\\/www.diocesisciudadrodrigo.org\\\/blog4\\\/gran-ambiente-en-la-operacion-bocata-de-la-delegacion-diocesana-de-manos-unidas\\\/\"]}]},{\"@type\":\"ImageObject\",\"inLanguage\":\"es\",\"@id\":\"https:\\\/\\\/www.diocesisciudadrodrigo.org\\\/blog4\\\/gran-ambiente-en-la-operacion-bocata-de-la-delegacion-diocesana-de-manos-unidas\\\/#primaryimage\",\"url\":\"https:\\\/\\\/www.diocesisciudadrodrigo.org\\\/blog4\\\/wp-content\\\/uploads\\\/2026\\\/03\\\/6b6ed178-fbf6-438e-98fb-0a3f3247739a.jpeg\",\"contentUrl\":\"https:\\\/\\\/www.diocesisciudadrodrigo.org\\\/blog4\\\/wp-content\\\/uploads\\\/2026\\\/03\\\/6b6ed178-fbf6-438e-98fb-0a3f3247739a.jpeg\",\"width\":1200,\"height\":675,\"caption\":\"Operaci\u00f3n Bocata de Manos Unidas Ciudad Rodrigo.\"},{\"@type\":\"BreadcrumbList\",\"@id\":\"https:\\\/\\\/www.diocesisciudadrodrigo.org\\\/blog4\\\/gran-ambiente-en-la-operacion-bocata-de-la-delegacion-diocesana-de-manos-unidas\\\/#breadcrumb\",\"itemListElement\":[{\"@type\":\"ListItem\",\"position\":1,\"name\":\"Portada\",\"item\":\"https:\\\/\\\/www.diocesisciudadrodrigo.org\\\/blog4\\\/\"},{\"@type\":\"ListItem\",\"position\":2,\"name\":\"Gran ambiente en la Operaci\u00f3n Bocata de la Delegaci\u00f3n diocesana de Manos Unidas\"}]},{\"@type\":\"WebSite\",\"@id\":\"https:\\\/\\\/www.diocesisciudadrodrigo.org\\\/blog4\\\/#website\",\"url\":\"https:\\\/\\\/www.diocesisciudadrodrigo.org\\\/blog4\\\/\",\"name\":\"Di\u00f3cesis de Ciudad Rodrigo\",\"description\":\"Sitio web oficial de la di\u00f3cesis civitatense\",\"publisher\":{\"@id\":\"https:\\\/\\\/www.diocesisciudadrodrigo.org\\\/blog4\\\/#organization\"},\"potentialAction\":[{\"@type\":\"SearchAction\",\"target\":{\"@type\":\"EntryPoint\",\"urlTemplate\":\"https:\\\/\\\/www.diocesisciudadrodrigo.org\\\/blog4\\\/?s={search_term_string}\"},\"query-input\":{\"@type\":\"PropertyValueSpecification\",\"valueRequired\":true,\"valueName\":\"search_term_string\"}}],\"inLanguage\":\"es\"},{\"@type\":\"Organization\",\"@id\":\"https:\\\/\\\/www.diocesisciudadrodrigo.org\\\/blog4\\\/#organization\",\"name\":\"Di\u00f3cesis de Ciudad Rodrigo\",\"url\":\"https:\\\/\\\/www.diocesisciudadrodrigo.org\\\/blog4\\\/\",\"logo\":{\"@type\":\"ImageObject\",\"inLanguage\":\"es\",\"@id\":\"https:\\\/\\\/www.diocesisciudadrodrigo.org\\\/blog4\\\/#\\\/schema\\\/logo\\\/image\\\/\",\"url\":\"https:\\\/\\\/www.diocesisciudadrodrigo.org\\\/blog4\\\/wp-content\\\/uploads\\\/2024\\\/12\\\/Diocesis.CMYK_-768x480-1.jpg\",\"contentUrl\":\"https:\\\/\\\/www.diocesisciudadrodrigo.org\\\/blog4\\\/wp-content\\\/uploads\\\/2024\\\/12\\\/Diocesis.CMYK_-768x480-1.jpg\",\"width\":768,\"height\":480,\"caption\":\"Di\u00f3cesis de Ciudad Rodrigo\"},\"image\":{\"@id\":\"https:\\\/\\\/www.diocesisciudadrodrigo.org\\\/blog4\\\/#\\\/schema\\\/logo\\\/image\\\/\"},\"sameAs\":[\"https:\\\/\\\/www.facebook.com\\\/people\\\/Dicesis-Ciudad-Rodrigo-MCS\\\/100076471923419\\\/#\"]},{\"@type\":\"Person\",\"@id\":\"https:\\\/\\\/www.diocesisciudadrodrigo.org\\\/blog4\\\/#\\\/schema\\\/person\\\/5fcf0ca636a75766ff70e6417b6ed052\",\"name\":\"medios CR\",\"image\":{\"@type\":\"ImageObject\",\"inLanguage\":\"es\",\"@id\":\"https:\\\/\\\/secure.gravatar.com\\\/avatar\\\/4a619fd0c7e36bd570f4e6e15eb09a2191185d0f63d8dbfdffe848af141ab87e?s=96&d=mm&r=g\",\"url\":\"https:\\\/\\\/secure.gravatar.com\\\/avatar\\\/4a619fd0c7e36bd570f4e6e15eb09a2191185d0f63d8dbfdffe848af141ab87e?s=96&d=mm&r=g\",\"contentUrl\":\"https:\\\/\\\/secure.gravatar.com\\\/avatar\\\/4a619fd0c7e36bd570f4e6e15eb09a2191185d0f63d8dbfdffe848af141ab87e?s=96&d=mm&r=g\",\"caption\":\"medios CR\"},\"url\":\"https:\\\/\\\/www.diocesisciudadrodrigo.org\\\/blog4\\\/author\\\/admin4\\\/\"}]}<\/script>\n<!-- \/ Yoast SEO plugin. -->","yoast_head_json":{"title":"Gran ambiente en la Operaci\u00f3n Bocata de la Delegaci\u00f3n diocesana de Manos Unidas - Di\u00f3cesis de Ciudad Rodrigo","description":"La Operaci\u00f3n Bocata de Ciudad Rodrigo ha repartido en torno a unos 1.000 bocadillos dentro de la Campa\u00f1a contra el Hambre de Manos Unidas","robots":{"index":"index","follow":"follow","max-snippet":"max-snippet:-1","max-image-preview":"max-image-preview:large","max-video-preview":"max-video-preview:-1"},"canonical":"https:\/\/www.diocesisciudadrodrigo.org\/blog4\/gran-ambiente-en-la-operacion-bocata-de-la-delegacion-diocesana-de-manos-unidas\/","og_locale":"es_ES","og_type":"article","og_title":"Gran ambiente en la Operaci\u00f3n Bocata de la Delegaci\u00f3n diocesana de Manos Unidas - Di\u00f3cesis de Ciudad Rodrigo","og_description":"La Operaci\u00f3n Bocata de Ciudad Rodrigo ha repartido en torno a unos 1.000 bocadillos dentro de la Campa\u00f1a contra el Hambre de Manos Unidas","og_url":"https:\/\/www.diocesisciudadrodrigo.org\/blog4\/gran-ambiente-en-la-operacion-bocata-de-la-delegacion-diocesana-de-manos-unidas\/","og_site_name":"Di\u00f3cesis de Ciudad Rodrigo","article_publisher":"https:\/\/www.facebook.com\/people\/Dicesis-Ciudad-Rodrigo-MCS\/100076471923419\/#","article_published_time":"2026-03-06T17:59:48+00:00","og_image":[{"width":1200,"height":675,"url":"https:\/\/www.diocesisciudadrodrigo.org\/blog4\/wp-content\/uploads\/2026\/03\/6b6ed178-fbf6-438e-98fb-0a3f3247739a.jpeg","type":"image\/jpeg"}],"author":"medios CR","twitter_card":"summary_large_image","twitter_misc":{"Escrito por":"medios CR","Tiempo de lectura":"4 minutos"},"schema":{"@context":"https:\/\/schema.org","@graph":[{"@type":"Article","@id":"https:\/\/www.diocesisciudadrodrigo.org\/blog4\/gran-ambiente-en-la-operacion-bocata-de-la-delegacion-diocesana-de-manos-unidas\/#article","isPartOf":{"@id":"https:\/\/www.diocesisciudadrodrigo.org\/blog4\/gran-ambiente-en-la-operacion-bocata-de-la-delegacion-diocesana-de-manos-unidas\/"},"author":{"name":"medios CR","@id":"https:\/\/www.diocesisciudadrodrigo.org\/blog4\/#\/schema\/person\/5fcf0ca636a75766ff70e6417b6ed052"},"headline":"Gran ambiente en la Operaci\u00f3n Bocata de la Delegaci\u00f3n diocesana de Manos Unidas","datePublished":"2026-03-06T17:59:48+00:00","mainEntityOfPage":{"@id":"https:\/\/www.diocesisciudadrodrigo.org\/blog4\/gran-ambiente-en-la-operacion-bocata-de-la-delegacion-diocesana-de-manos-unidas\/"},"wordCount":392,"publisher":{"@id":"https:\/\/www.diocesisciudadrodrigo.org\/blog4\/#organization"},"image":{"@id":"https:\/\/www.diocesisciudadrodrigo.org\/blog4\/gran-ambiente-en-la-operacion-bocata-de-la-delegacion-diocesana-de-manos-unidas\/#primaryimage"},"thumbnailUrl":"https:\/\/www.diocesisciudadrodrigo.org\/blog4\/wp-content\/uploads\/2026\/03\/6b6ed178-fbf6-438e-98fb-0a3f3247739a.jpeg","keywords":["Ciudad Rodrigo","Manos Unidas"],"articleSection":["Noticias"],"inLanguage":"es"},{"@type":"WebPage","@id":"https:\/\/www.diocesisciudadrodrigo.org\/blog4\/gran-ambiente-en-la-operacion-bocata-de-la-delegacion-diocesana-de-manos-unidas\/","url":"https:\/\/www.diocesisciudadrodrigo.org\/blog4\/gran-ambiente-en-la-operacion-bocata-de-la-delegacion-diocesana-de-manos-unidas\/","name":"Gran ambiente en la Operaci\u00f3n Bocata de la Delegaci\u00f3n diocesana de Manos Unidas - Di\u00f3cesis de Ciudad Rodrigo","isPartOf":{"@id":"https:\/\/www.diocesisciudadrodrigo.org\/blog4\/#website"},"primaryImageOfPage":{"@id":"https:\/\/www.diocesisciudadrodrigo.org\/blog4\/gran-ambiente-en-la-operacion-bocata-de-la-delegacion-diocesana-de-manos-unidas\/#primaryimage"},"image":{"@id":"https:\/\/www.diocesisciudadrodrigo.org\/blog4\/gran-ambiente-en-la-operacion-bocata-de-la-delegacion-diocesana-de-manos-unidas\/#primaryimage"},"thumbnailUrl":"https:\/\/www.diocesisciudadrodrigo.org\/blog4\/wp-content\/uploads\/2026\/03\/6b6ed178-fbf6-438e-98fb-0a3f3247739a.jpeg","datePublished":"2026-03-06T17:59:48+00:00","description":"La Operaci\u00f3n Bocata de Ciudad Rodrigo ha repartido en torno a unos 1.000 bocadillos dentro de la Campa\u00f1a contra el Hambre de Manos Unidas","breadcrumb":{"@id":"https:\/\/www.diocesisciudadrodrigo.org\/blog4\/gran-ambiente-en-la-operacion-bocata-de-la-delegacion-diocesana-de-manos-unidas\/#breadcrumb"},"inLanguage":"es","potentialAction":[{"@type":"ReadAction","target":["https:\/\/www.diocesisciudadrodrigo.org\/blog4\/gran-ambiente-en-la-operacion-bocata-de-la-delegacion-diocesana-de-manos-unidas\/"]}]},{"@type":"ImageObject","inLanguage":"es","@id":"https:\/\/www.diocesisciudadrodrigo.org\/blog4\/gran-ambiente-en-la-operacion-bocata-de-la-delegacion-diocesana-de-manos-unidas\/#primaryimage","url":"https:\/\/www.diocesisciudadrodrigo.org\/blog4\/wp-content\/uploads\/2026\/03\/6b6ed178-fbf6-438e-98fb-0a3f3247739a.jpeg","contentUrl":"https:\/\/www.diocesisciudadrodrigo.org\/blog4\/wp-content\/uploads\/2026\/03\/6b6ed178-fbf6-438e-98fb-0a3f3247739a.jpeg","width":1200,"height":675,"caption":"Operaci\u00f3n Bocata de Manos Unidas Ciudad Rodrigo."},{"@type":"BreadcrumbList","@id":"https:\/\/www.diocesisciudadrodrigo.org\/blog4\/gran-ambiente-en-la-operacion-bocata-de-la-delegacion-diocesana-de-manos-unidas\/#breadcrumb","itemListElement":[{"@type":"ListItem","position":1,"name":"Portada","item":"https:\/\/www.diocesisciudadrodrigo.org\/blog4\/"},{"@type":"ListItem","position":2,"name":"Gran ambiente en la Operaci\u00f3n Bocata de la Delegaci\u00f3n diocesana de Manos Unidas"}]},{"@type":"WebSite","@id":"https:\/\/www.diocesisciudadrodrigo.org\/blog4\/#website","url":"https:\/\/www.diocesisciudadrodrigo.org\/blog4\/","name":"Di\u00f3cesis de Ciudad Rodrigo","description":"Sitio web oficial de la di\u00f3cesis civitatense","publisher":{"@id":"https:\/\/www.diocesisciudadrodrigo.org\/blog4\/#organization"},"potentialAction":[{"@type":"SearchAction","target":{"@type":"EntryPoint","urlTemplate":"https:\/\/www.diocesisciudadrodrigo.org\/blog4\/?s={search_term_string}"},"query-input":{"@type":"PropertyValueSpecification","valueRequired":true,"valueName":"search_term_string"}}],"inLanguage":"es"},{"@type":"Organization","@id":"https:\/\/www.diocesisciudadrodrigo.org\/blog4\/#organization","name":"Di\u00f3cesis de Ciudad Rodrigo","url":"https:\/\/www.diocesisciudadrodrigo.org\/blog4\/","logo":{"@type":"ImageObject","inLanguage":"es","@id":"https:\/\/www.diocesisciudadrodrigo.org\/blog4\/#\/schema\/logo\/image\/","url":"https:\/\/www.diocesisciudadrodrigo.org\/blog4\/wp-content\/uploads\/2024\/12\/Diocesis.CMYK_-768x480-1.jpg","contentUrl":"https:\/\/www.diocesisciudadrodrigo.org\/blog4\/wp-content\/uploads\/2024\/12\/Diocesis.CMYK_-768x480-1.jpg","width":768,"height":480,"caption":"Di\u00f3cesis de Ciudad Rodrigo"},"image":{"@id":"https:\/\/www.diocesisciudadrodrigo.org\/blog4\/#\/schema\/logo\/image\/"},"sameAs":["https:\/\/www.facebook.com\/people\/Dicesis-Ciudad-Rodrigo-MCS\/100076471923419\/#"]},{"@type":"Person","@id":"https:\/\/www.diocesisciudadrodrigo.org\/blog4\/#\/schema\/person\/5fcf0ca636a75766ff70e6417b6ed052","name":"medios CR","image":{"@type":"ImageObject","inLanguage":"es","@id":"https:\/\/secure.gravatar.com\/avatar\/4a619fd0c7e36bd570f4e6e15eb09a2191185d0f63d8dbfdffe848af141ab87e?s=96&d=mm&r=g","url":"https:\/\/secure.gravatar.com\/avatar\/4a619fd0c7e36bd570f4e6e15eb09a2191185d0f63d8dbfdffe848af141ab87e?s=96&d=mm&r=g","contentUrl":"https:\/\/secure.gravatar.com\/avatar\/4a619fd0c7e36bd570f4e6e15eb09a2191185d0f63d8dbfdffe848af141ab87e?s=96&d=mm&r=g","caption":"medios CR"},"url":"https:\/\/www.diocesisciudadrodrigo.org\/blog4\/author\/admin4\/"}]}},"_links":{"self":[{"href":"https:\/\/www.diocesisciudadrodrigo.org\/blog4\/wp-json\/wp\/v2\/posts\/42901","targetHints":{"allow":["GET"]}}],"collection":[{"href":"https:\/\/www.diocesisciudadrodrigo.org\/blog4\/wp-json\/wp\/v2\/posts"}],"about":[{"href":"https:\/\/www.diocesisciudadrodrigo.org\/blog4\/wp-json\/wp\/v2\/types\/post"}],"author":[{"embeddable":true,"href":"https:\/\/www.diocesisciudadrodrigo.org\/blog4\/wp-json\/wp\/v2\/users\/1"}],"replies":[{"embeddable":true,"href":"https:\/\/www.diocesisciudadrodrigo.org\/blog4\/wp-json\/wp\/v2\/comments?post=42901"}],"version-history":[{"count":4,"href":"https:\/\/www.diocesisciudadrodrigo.org\/blog4\/wp-json\/wp\/v2\/posts\/42901\/revisions"}],"predecessor-version":[{"id":42918,"href":"https:\/\/www.diocesisciudadrodrigo.org\/blog4\/wp-json\/wp\/v2\/posts\/42901\/revisions\/42918"}],"wp:featuredmedia":[{"embeddable":true,"href":"https:\/\/www.diocesisciudadrodrigo.org\/blog4\/wp-json\/wp\/v2\/media\/42909"}],"wp:attachment":[{"href":"https:\/\/www.diocesisciudadrodrigo.org\/blog4\/wp-json\/wp\/v2\/media?parent=42901"}],"wp:term":[{"taxonomy":"category","embeddable":true,"href":"https:\/\/www.diocesisciudadrodrigo.org\/blog4\/wp-json\/wp\/v2\/categories?post=42901"},{"taxonomy":"post_tag","embeddable":true,"href":"https:\/\/www.diocesisciudadrodrigo.org\/blog4\/wp-json\/wp\/v2\/tags?post=42901"}],"curies":[{"name":"wp","href":"https:\/\/api.w.org\/{rel}","templated":true}]}}