{"id":42883,"date":"2026-03-06T10:10:53","date_gmt":"2026-03-06T09:10:53","guid":{"rendered":"https:\/\/www.diocesisciudadrodrigo.org\/blog4\/?p=42883"},"modified":"2026-03-06T22:30:35","modified_gmt":"2026-03-06T21:30:35","slug":"iglesia-en-castilla-pone-en-marcha-su-nueva-pagina-web-como-espacio-comun-de-informacion-y-comunion-entre-las-diocesis","status":"publish","type":"post","link":"https:\/\/www.diocesisciudadrodrigo.org\/blog4\/iglesia-en-castilla-pone-en-marcha-su-nueva-pagina-web-como-espacio-comun-de-informacion-y-comunion-entre-las-diocesis\/","title":{"rendered":"\u2018Iglesia en Castilla\u2019 pone en marcha su nueva p\u00e1gina web como espacio com\u00fan de informaci\u00f3n y comuni\u00f3n"},"content":{"rendered":"\t\t<div data-elementor-type=\"wp-post\" data-elementor-id=\"42883\" class=\"elementor elementor-42883\" data-elementor-settings=\"[]\">\n\t\t\t\t\t\t<div class=\"elementor-inner\">\n\t\t\t\t\t\t\t<div class=\"elementor-section-wrap\">\n\t\t\t\t\t\t\t<section class=\"elementor-section elementor-top-section elementor-element elementor-element-00bce61 elementor-section-boxed elementor-section-height-default elementor-section-height-default\" data-id=\"00bce61\" data-element_type=\"section\">\n\t\t\t\t\t\t<div class=\"elementor-container elementor-column-gap-default\">\n\t\t\t\t\t\t\t<div class=\"elementor-row\">\n\t\t\t\t\t<div class=\"elementor-column elementor-col-100 elementor-top-column elementor-element elementor-element-6779b17\" data-id=\"6779b17\" data-element_type=\"column\">\n\t\t\t<div class=\"elementor-column-wrap elementor-element-populated\">\n\t\t\t\t\t\t\t<div class=\"elementor-widget-wrap\">\n\t\t\t\t\t\t<div class=\"elementor-element elementor-element-bdea895 elementor-widget elementor-widget-text-editor\" data-id=\"bdea895\" data-element_type=\"widget\" data-widget_type=\"text-editor.default\">\n\t\t\t\t<div class=\"elementor-widget-container\">\n\t\t\t\t\t\t\t\t<div class=\"elementor-text-editor elementor-clearfix\">\n\t\t\t\t<h3><b>Esta nueva iniciativa digital nace en el contexto de preparaci\u00f3n de la gran Asamblea eclesial, que se celebrar\u00e1 en \u00c1vila el primer fin de semana de mayo<\/b><b><\/b><\/h3>\t\t\t\t\t<\/div>\n\t\t\t\t\t\t<\/div>\n\t\t\t\t<\/div>\n\t\t\t\t\t\t<\/div>\n\t\t\t\t\t<\/div>\n\t\t<\/div>\n\t\t\t\t\t\t\t\t<\/div>\n\t\t\t\t\t<\/div>\n\t\t<\/section>\n\t\t\t\t<section class=\"elementor-section elementor-top-section elementor-element elementor-element-aa3dba8 elementor-section-boxed elementor-section-height-default elementor-section-height-default\" data-id=\"aa3dba8\" data-element_type=\"section\">\n\t\t\t\t\t\t<div class=\"elementor-container elementor-column-gap-default\">\n\t\t\t\t\t\t\t<div class=\"elementor-row\">\n\t\t\t\t\t<div class=\"elementor-column elementor-col-100 elementor-top-column elementor-element elementor-element-f92ddb7\" data-id=\"f92ddb7\" data-element_type=\"column\">\n\t\t\t<div class=\"elementor-column-wrap elementor-element-populated\">\n\t\t\t\t\t\t\t<div class=\"elementor-widget-wrap\">\n\t\t\t\t\t\t<div class=\"elementor-element elementor-element-4544d0b elementor-widget elementor-widget-image\" data-id=\"4544d0b\" data-element_type=\"widget\" data-widget_type=\"image.default\">\n\t\t\t\t<div class=\"elementor-widget-container\">\n\t\t\t\t\t\t\t\t<div class=\"elementor-image\">\n\t\t\t\t\t\t\t\t\t\t\t\t<img loading=\"lazy\" decoding=\"async\" width=\"1200\" height=\"675\" src=\"https:\/\/www.diocesisciudadrodrigo.org\/blog4\/wp-content\/uploads\/2026\/03\/PHOTO-2026-03-06-09-37-15.jpg\" class=\"attachment-large size-large\" alt=\"\" srcset=\"https:\/\/www.diocesisciudadrodrigo.org\/blog4\/wp-content\/uploads\/2026\/03\/PHOTO-2026-03-06-09-37-15.jpg 1600w, https:\/\/www.diocesisciudadrodrigo.org\/blog4\/wp-content\/uploads\/2026\/03\/PHOTO-2026-03-06-09-37-15-1000x563.jpg 1000w, https:\/\/www.diocesisciudadrodrigo.org\/blog4\/wp-content\/uploads\/2026\/03\/PHOTO-2026-03-06-09-37-15-768x432.jpg 768w, https:\/\/www.diocesisciudadrodrigo.org\/blog4\/wp-content\/uploads\/2026\/03\/PHOTO-2026-03-06-09-37-15-1536x864.jpg 1536w, https:\/\/www.diocesisciudadrodrigo.org\/blog4\/wp-content\/uploads\/2026\/03\/PHOTO-2026-03-06-09-37-15-350x197.jpg 350w\" sizes=\"auto, (max-width: 1200px) 100vw, 1200px\" \/>\t\t\t\t\t\t\t\t\t\t\t\t\t\t<\/div>\n\t\t\t\t\t\t<\/div>\n\t\t\t\t<\/div>\n\t\t\t\t\t\t<\/div>\n\t\t\t\t\t<\/div>\n\t\t<\/div>\n\t\t\t\t\t\t\t\t<\/div>\n\t\t\t\t\t<\/div>\n\t\t<\/section>\n\t\t\t\t<section class=\"elementor-section elementor-top-section elementor-element elementor-element-c5dee3c elementor-section-boxed elementor-section-height-default elementor-section-height-default\" data-id=\"c5dee3c\" data-element_type=\"section\">\n\t\t\t\t\t\t<div class=\"elementor-container elementor-column-gap-default\">\n\t\t\t\t\t\t\t<div class=\"elementor-row\">\n\t\t\t\t\t<div class=\"elementor-column elementor-col-100 elementor-top-column elementor-element elementor-element-d434953\" data-id=\"d434953\" data-element_type=\"column\">\n\t\t\t<div class=\"elementor-column-wrap elementor-element-populated\">\n\t\t\t\t\t\t\t<div class=\"elementor-widget-wrap\">\n\t\t\t\t\t\t<div class=\"elementor-element elementor-element-7ff41b7 elementor-widget elementor-widget-text-editor\" data-id=\"7ff41b7\" data-element_type=\"widget\" data-widget_type=\"text-editor.default\">\n\t\t\t\t<div class=\"elementor-widget-container\">\n\t\t\t\t\t\t\t\t<div class=\"elementor-text-editor elementor-clearfix\">\n\t\t\t\t<p>Las <b>delegaciones de medios de comunicaci\u00f3n<\/b> de las di\u00f3cesis que integran <b>\u2018Iglesia en Castilla\u2019<\/b> presentan este viernes la <b>nueva p\u00e1gina web<\/b> <a href=\"http:\/\/www.iglesiaencastilla.es\">www.iglesiaencastilla.es<\/a>. Un portal que nace con el objetivo de ofrecer informaci\u00f3n actualizada sobre las iniciativas y l\u00edneas de acci\u00f3n comunes que comparten estas Iglesias particulares.<\/p><p><b>\u2018Iglesia en Castilla\u2019<\/b> est\u00e1 formada por las archidi\u00f3cesis de <a href=\"https:\/\/www.archiburgos.es\/\"><b>Burgos<\/b><\/a> y de <a href=\"https:\/\/www.archivalladolid.org\/\"><b>Valladolid<\/b><\/a>, junto a las di\u00f3cesis de <a href=\"https:\/\/www.diocesisdeavila.com\/\"><b>\u00c1vila<\/b><\/a>, <a href=\"https:\/\/www.diocesisciudadrodrigo.org\/blog4\/\"><b>Ciudad Rodrigo<\/b><\/a>, <a href=\"https:\/\/www.osma-soria.org\/\"><b>Osma-Soria<\/b><\/a>, <a href=\"https:\/\/www.diocesispalencia.org\"><b>Palencia<\/b><\/a>, <a href=\"https:\/\/www.diocesisdesalamanca.com\/\"><b>Salamanca<\/b><\/a>, <a href=\"https:\/\/diocesisdesegovia.es\/\"><b>Segovia<\/b><\/a> y <a href=\"https:\/\/www.diocesisdezamora.es\/\"><b>Zamora<\/b><\/a>. En conjunto, estas Iglesias desarrollan su <b>actividad pastoral, celebrativa, caritativa y asistencial<\/b> en un territorio en el que residen cerca de dos millones de personas. Esta misi\u00f3n se articula a trav\u00e9s de 3.700 parroquias, 121 monasterios y m\u00e1s de 400 centros diocesanos.<\/p><p>La nueva web de la \u2018Iglesia en Castilla\u2019 quiere ser un paso m\u00e1s en el <b>camino de comuni\u00f3n y colaboraci\u00f3n<\/b> que, en los \u00faltimos a\u00f1os, vienen fortaleciendo las citadas di\u00f3cesis. Se configura como una herramienta al servicio del trabajo conjunto, reforzando la identidad compartida y transmite la realidad de una Iglesia que camina unida.<\/p><p>El nuevo portal ofrecer\u00e1 informaci\u00f3n sobre los principales <b>proyectos comunes, noticias y contenidos<\/b> que reflejan la <b>riqueza y la vitalidad<\/b> de la \u2018Iglesia en Castilla\u2019. Adem\u00e1s, incluir\u00e1 recursos multimedia que permitir\u00e1n conocer en profundidad el trabajo coordinado que se est\u00e1 llevando a cabo entre las distintas di\u00f3cesis, as\u00ed como un acceso directo a las p\u00e1ginas web diocesanas de cada una de ellas.<\/p><p>Desde su creaci\u00f3n hace d\u00e9cadas, \u2018Iglesia en Castilla\u2019 ha impulsado <b>encuentros, reuniones y espacios de reflexi\u00f3n conjunta y trabajo coordinado<\/b>, consolidando progresivamente <b>l\u00edneas comunes en distintas \u00e1reas de la acci\u00f3n pastoral<\/b>. La nueva web se presenta, as\u00ed, como una expresi\u00f3n concreta de este proceso que fortalece la comunicaci\u00f3n, visibiliza la comuni\u00f3n y transmite la certeza de que el trabajo coordinado multiplica la eficacia evangelizadora.<\/p><p>Con esta iniciativa, las nueve di\u00f3cesis renuevan su compromiso de hacer <b>camino compartido<\/b>, ofreciendo a fieles, agentes pastorales y sociedad en general un instrumento \u00fatil, transparente y cercano que refleje la vida y la misi\u00f3n de la Iglesia en este territorio.<\/p><p><b>La Asamblea Eclesial de \u2018Iglesia en Castilla\u2019<\/b><\/p><p>Un lugar destacado dentro de la nueva web ser\u00e1 el dedicado a la gran <a href=\"https:\/\/www.iglesiaencastilla.es\/asamblea-eclesial\/\"><b>Asamblea Eclesial de Iglesia en Castilla<\/b><\/a>, que se celebrar\u00e1 en <b>\u00c1vila del 30 de abril al 2 de mayo de 2026<\/b> bajo el lema <b>\u201cRenovados para la misi\u00f3n\u201d<\/b>. La p\u00e1gina ofrecer\u00e1 informaci\u00f3n detallada sobre este encuentro, materiales preparatorios y todos los recursos necesarios para seguir de cerca este acontecimiento eclesial, llamado a marcar un hito en el camino compartido de estas di\u00f3cesis.<\/p><p><b>\u2018Iglesia en Castilla\u2019 en las redes sociales<\/b><\/p><p>A la par que se presenta la nueva p\u00e1gina web de la \u2018Iglesia en Castilla\u2019 se ponen en marcha perfiles en las principales redes sociales y canales digitales:<span class=\"Apple-converted-space\">\u00a0<\/span><\/p><p><b>Facebook:<\/b> <a href=\"https:\/\/www.facebook.com\/IglesiaEnCastilla\">https:\/\/www.facebook.com\/IglesiaEnCastilla<\/a><\/p><p><b>X:<\/b> <a href=\"https:\/\/x.com\/IgEnCastilla\">https:\/\/x.com\/IgEnCastilla<\/a><\/p><p><b>Instagram:<\/b> <a href=\"https:\/\/www.instagram.com\/iglesiaencastilla\/\">https:\/\/www.instagram.com\/iglesiaencastilla\/<\/a><\/p><p><b>YouTube:<\/b> <a href=\"https:\/\/www.youtube.com\/@IglesiaenCastilla\">https:\/\/www.youtube.com\/@IglesiaenCastilla<\/a><\/p>\t\t\t\t\t<\/div>\n\t\t\t\t\t\t<\/div>\n\t\t\t\t<\/div>\n\t\t\t\t\t\t<\/div>\n\t\t\t\t\t<\/div>\n\t\t<\/div>\n\t\t\t\t\t\t\t\t<\/div>\n\t\t\t\t\t<\/div>\n\t\t<\/section>\n\t\t\t\t\t\t<\/div>\n\t\t\t\t\t\t<\/div>\n\t\t\t\t\t<\/div>\n\t\t","protected":false},"excerpt":{"rendered":"<p>Esta nueva iniciativa digital nace en el contexto de preparaci\u00f3n de la gran Asamblea eclesial, que se celebrar\u00e1 en \u00c1vila el primer fin de semana de mayo Las delegaciones de &#8230; <\/p>\n<p class=\"read-more-container\"><a title=\"\u2018Iglesia en Castilla\u2019 pone en marcha su nueva p\u00e1gina web como espacio com\u00fan de informaci\u00f3n y comuni\u00f3n\" class=\"read-more button\" href=\"https:\/\/www.diocesisciudadrodrigo.org\/blog4\/iglesia-en-castilla-pone-en-marcha-su-nueva-pagina-web-como-espacio-comun-de-informacion-y-comunion-entre-las-diocesis\/#more-42883\" aria-label=\"M\u00e1s en \u2018Iglesia en Castilla\u2019 pone en marcha su nueva p\u00e1gina web como espacio com\u00fan de informaci\u00f3n y comuni\u00f3n\">Leer m\u00e1s &#8230;<\/a><\/p>\n","protected":false},"author":1,"featured_media":42888,"comment_status":"closed","ping_status":"closed","sticky":false,"template":"","format":"standard","meta":{"footnotes":""},"categories":[6],"tags":[32,67,66],"class_list":["post-42883","post","type-post","status-publish","format-standard","has-post-thumbnail","hentry","category-noticias","tag-ciudad-rodrigo","tag-iglesia-en-castilla","tag-medios-de-comunicacion","masonry-post","generate-columns","tablet-grid-50","mobile-grid-100","grid-parent","grid-50"],"yoast_head":"<!-- This site is optimized with the Yoast SEO plugin v27.3 - https:\/\/yoast.com\/product\/yoast-seo-wordpress\/ -->\n<title>\u2018Iglesia en Castilla\u2019 pone en marcha su nueva p\u00e1gina web como espacio com\u00fan de informaci\u00f3n y comuni\u00f3n - Di\u00f3cesis de Ciudad Rodrigo<\/title>\n<meta name=\"robots\" content=\"index, follow, max-snippet:-1, max-image-preview:large, max-video-preview:-1\" \/>\n<link rel=\"canonical\" href=\"https:\/\/www.diocesisciudadrodrigo.org\/blog4\/iglesia-en-castilla-pone-en-marcha-su-nueva-pagina-web-como-espacio-comun-de-informacion-y-comunion-entre-las-diocesis\/\" \/>\n<meta property=\"og:locale\" content=\"es_ES\" \/>\n<meta property=\"og:type\" content=\"article\" \/>\n<meta property=\"og:title\" content=\"\u2018Iglesia en Castilla\u2019 pone en marcha su nueva p\u00e1gina web como espacio com\u00fan de informaci\u00f3n y comuni\u00f3n - Di\u00f3cesis de Ciudad Rodrigo\" \/>\n<meta property=\"og:description\" content=\"Esta nueva iniciativa digital nace en el contexto de preparaci\u00f3n de la gran Asamblea eclesial, que se celebrar\u00e1 en \u00c1vila el primer fin de semana de mayo Las delegaciones de ... Leer m\u00e1s ...\" \/>\n<meta property=\"og:url\" content=\"https:\/\/www.diocesisciudadrodrigo.org\/blog4\/iglesia-en-castilla-pone-en-marcha-su-nueva-pagina-web-como-espacio-comun-de-informacion-y-comunion-entre-las-diocesis\/\" \/>\n<meta property=\"og:site_name\" content=\"Di\u00f3cesis de Ciudad Rodrigo\" \/>\n<meta property=\"article:publisher\" content=\"https:\/\/www.facebook.com\/people\/Dicesis-Ciudad-Rodrigo-MCS\/100076471923419\/#\" \/>\n<meta property=\"article:published_time\" content=\"2026-03-06T09:10:53+00:00\" \/>\n<meta property=\"article:modified_time\" content=\"2026-03-06T21:30:35+00:00\" \/>\n<meta property=\"og:image\" content=\"https:\/\/www.diocesisciudadrodrigo.org\/blog4\/wp-content\/uploads\/2026\/03\/PHOTO-2026-03-06-09-37-15.jpg\" \/>\n\t<meta property=\"og:image:width\" content=\"1600\" \/>\n\t<meta property=\"og:image:height\" content=\"900\" \/>\n\t<meta property=\"og:image:type\" content=\"image\/jpeg\" \/>\n<meta name=\"author\" content=\"medios CR\" \/>\n<meta name=\"twitter:card\" content=\"summary_large_image\" \/>\n<meta name=\"twitter:label1\" content=\"Escrito por\" \/>\n\t<meta name=\"twitter:data1\" content=\"medios CR\" \/>\n\t<meta name=\"twitter:label2\" content=\"Tiempo de lectura\" \/>\n\t<meta name=\"twitter:data2\" content=\"3 minutos\" \/>\n<script type=\"application\/ld+json\" class=\"yoast-schema-graph\">{\"@context\":\"https:\\\/\\\/schema.org\",\"@graph\":[{\"@type\":\"Article\",\"@id\":\"https:\\\/\\\/www.diocesisciudadrodrigo.org\\\/blog4\\\/iglesia-en-castilla-pone-en-marcha-su-nueva-pagina-web-como-espacio-comun-de-informacion-y-comunion-entre-las-diocesis\\\/#article\",\"isPartOf\":{\"@id\":\"https:\\\/\\\/www.diocesisciudadrodrigo.org\\\/blog4\\\/iglesia-en-castilla-pone-en-marcha-su-nueva-pagina-web-como-espacio-comun-de-informacion-y-comunion-entre-las-diocesis\\\/\"},\"author\":{\"name\":\"medios CR\",\"@id\":\"https:\\\/\\\/www.diocesisciudadrodrigo.org\\\/blog4\\\/#\\\/schema\\\/person\\\/5fcf0ca636a75766ff70e6417b6ed052\"},\"headline\":\"\u2018Iglesia en Castilla\u2019 pone en marcha su nueva p\u00e1gina web como espacio com\u00fan de informaci\u00f3n y comuni\u00f3n\",\"datePublished\":\"2026-03-06T09:10:53+00:00\",\"dateModified\":\"2026-03-06T21:30:35+00:00\",\"mainEntityOfPage\":{\"@id\":\"https:\\\/\\\/www.diocesisciudadrodrigo.org\\\/blog4\\\/iglesia-en-castilla-pone-en-marcha-su-nueva-pagina-web-como-espacio-comun-de-informacion-y-comunion-entre-las-diocesis\\\/\"},\"wordCount\":558,\"publisher\":{\"@id\":\"https:\\\/\\\/www.diocesisciudadrodrigo.org\\\/blog4\\\/#organization\"},\"image\":{\"@id\":\"https:\\\/\\\/www.diocesisciudadrodrigo.org\\\/blog4\\\/iglesia-en-castilla-pone-en-marcha-su-nueva-pagina-web-como-espacio-comun-de-informacion-y-comunion-entre-las-diocesis\\\/#primaryimage\"},\"thumbnailUrl\":\"https:\\\/\\\/www.diocesisciudadrodrigo.org\\\/blog4\\\/wp-content\\\/uploads\\\/2026\\\/03\\\/PHOTO-2026-03-06-09-37-15.jpg\",\"keywords\":[\"Ciudad Rodrigo\",\"Iglesia en Castilla\",\"Medios de Comunicaci\u00f3n\"],\"articleSection\":[\"Noticias\"],\"inLanguage\":\"es\"},{\"@type\":\"WebPage\",\"@id\":\"https:\\\/\\\/www.diocesisciudadrodrigo.org\\\/blog4\\\/iglesia-en-castilla-pone-en-marcha-su-nueva-pagina-web-como-espacio-comun-de-informacion-y-comunion-entre-las-diocesis\\\/\",\"url\":\"https:\\\/\\\/www.diocesisciudadrodrigo.org\\\/blog4\\\/iglesia-en-castilla-pone-en-marcha-su-nueva-pagina-web-como-espacio-comun-de-informacion-y-comunion-entre-las-diocesis\\\/\",\"name\":\"\u2018Iglesia en Castilla\u2019 pone en marcha su nueva p\u00e1gina web como espacio com\u00fan de informaci\u00f3n y comuni\u00f3n - Di\u00f3cesis de Ciudad Rodrigo\",\"isPartOf\":{\"@id\":\"https:\\\/\\\/www.diocesisciudadrodrigo.org\\\/blog4\\\/#website\"},\"primaryImageOfPage\":{\"@id\":\"https:\\\/\\\/www.diocesisciudadrodrigo.org\\\/blog4\\\/iglesia-en-castilla-pone-en-marcha-su-nueva-pagina-web-como-espacio-comun-de-informacion-y-comunion-entre-las-diocesis\\\/#primaryimage\"},\"image\":{\"@id\":\"https:\\\/\\\/www.diocesisciudadrodrigo.org\\\/blog4\\\/iglesia-en-castilla-pone-en-marcha-su-nueva-pagina-web-como-espacio-comun-de-informacion-y-comunion-entre-las-diocesis\\\/#primaryimage\"},\"thumbnailUrl\":\"https:\\\/\\\/www.diocesisciudadrodrigo.org\\\/blog4\\\/wp-content\\\/uploads\\\/2026\\\/03\\\/PHOTO-2026-03-06-09-37-15.jpg\",\"datePublished\":\"2026-03-06T09:10:53+00:00\",\"dateModified\":\"2026-03-06T21:30:35+00:00\",\"breadcrumb\":{\"@id\":\"https:\\\/\\\/www.diocesisciudadrodrigo.org\\\/blog4\\\/iglesia-en-castilla-pone-en-marcha-su-nueva-pagina-web-como-espacio-comun-de-informacion-y-comunion-entre-las-diocesis\\\/#breadcrumb\"},\"inLanguage\":\"es\",\"potentialAction\":[{\"@type\":\"ReadAction\",\"target\":[\"https:\\\/\\\/www.diocesisciudadrodrigo.org\\\/blog4\\\/iglesia-en-castilla-pone-en-marcha-su-nueva-pagina-web-como-espacio-comun-de-informacion-y-comunion-entre-las-diocesis\\\/\"]}]},{\"@type\":\"ImageObject\",\"inLanguage\":\"es\",\"@id\":\"https:\\\/\\\/www.diocesisciudadrodrigo.org\\\/blog4\\\/iglesia-en-castilla-pone-en-marcha-su-nueva-pagina-web-como-espacio-comun-de-informacion-y-comunion-entre-las-diocesis\\\/#primaryimage\",\"url\":\"https:\\\/\\\/www.diocesisciudadrodrigo.org\\\/blog4\\\/wp-content\\\/uploads\\\/2026\\\/03\\\/PHOTO-2026-03-06-09-37-15.jpg\",\"contentUrl\":\"https:\\\/\\\/www.diocesisciudadrodrigo.org\\\/blog4\\\/wp-content\\\/uploads\\\/2026\\\/03\\\/PHOTO-2026-03-06-09-37-15.jpg\",\"width\":1600,\"height\":900},{\"@type\":\"BreadcrumbList\",\"@id\":\"https:\\\/\\\/www.diocesisciudadrodrigo.org\\\/blog4\\\/iglesia-en-castilla-pone-en-marcha-su-nueva-pagina-web-como-espacio-comun-de-informacion-y-comunion-entre-las-diocesis\\\/#breadcrumb\",\"itemListElement\":[{\"@type\":\"ListItem\",\"position\":1,\"name\":\"Portada\",\"item\":\"https:\\\/\\\/www.diocesisciudadrodrigo.org\\\/blog4\\\/\"},{\"@type\":\"ListItem\",\"position\":2,\"name\":\"\u2018Iglesia en Castilla\u2019 pone en marcha su nueva p\u00e1gina web como espacio com\u00fan de informaci\u00f3n y comuni\u00f3n\"}]},{\"@type\":\"WebSite\",\"@id\":\"https:\\\/\\\/www.diocesisciudadrodrigo.org\\\/blog4\\\/#website\",\"url\":\"https:\\\/\\\/www.diocesisciudadrodrigo.org\\\/blog4\\\/\",\"name\":\"Di\u00f3cesis de Ciudad Rodrigo\",\"description\":\"Sitio web oficial de la di\u00f3cesis civitatense\",\"publisher\":{\"@id\":\"https:\\\/\\\/www.diocesisciudadrodrigo.org\\\/blog4\\\/#organization\"},\"potentialAction\":[{\"@type\":\"SearchAction\",\"target\":{\"@type\":\"EntryPoint\",\"urlTemplate\":\"https:\\\/\\\/www.diocesisciudadrodrigo.org\\\/blog4\\\/?s={search_term_string}\"},\"query-input\":{\"@type\":\"PropertyValueSpecification\",\"valueRequired\":true,\"valueName\":\"search_term_string\"}}],\"inLanguage\":\"es\"},{\"@type\":\"Organization\",\"@id\":\"https:\\\/\\\/www.diocesisciudadrodrigo.org\\\/blog4\\\/#organization\",\"name\":\"Di\u00f3cesis de Ciudad Rodrigo\",\"url\":\"https:\\\/\\\/www.diocesisciudadrodrigo.org\\\/blog4\\\/\",\"logo\":{\"@type\":\"ImageObject\",\"inLanguage\":\"es\",\"@id\":\"https:\\\/\\\/www.diocesisciudadrodrigo.org\\\/blog4\\\/#\\\/schema\\\/logo\\\/image\\\/\",\"url\":\"https:\\\/\\\/www.diocesisciudadrodrigo.org\\\/blog4\\\/wp-content\\\/uploads\\\/2024\\\/12\\\/Diocesis.CMYK_-768x480-1.jpg\",\"contentUrl\":\"https:\\\/\\\/www.diocesisciudadrodrigo.org\\\/blog4\\\/wp-content\\\/uploads\\\/2024\\\/12\\\/Diocesis.CMYK_-768x480-1.jpg\",\"width\":768,\"height\":480,\"caption\":\"Di\u00f3cesis de Ciudad Rodrigo\"},\"image\":{\"@id\":\"https:\\\/\\\/www.diocesisciudadrodrigo.org\\\/blog4\\\/#\\\/schema\\\/logo\\\/image\\\/\"},\"sameAs\":[\"https:\\\/\\\/www.facebook.com\\\/people\\\/Dicesis-Ciudad-Rodrigo-MCS\\\/100076471923419\\\/#\"]},{\"@type\":\"Person\",\"@id\":\"https:\\\/\\\/www.diocesisciudadrodrigo.org\\\/blog4\\\/#\\\/schema\\\/person\\\/5fcf0ca636a75766ff70e6417b6ed052\",\"name\":\"medios CR\",\"image\":{\"@type\":\"ImageObject\",\"inLanguage\":\"es\",\"@id\":\"https:\\\/\\\/secure.gravatar.com\\\/avatar\\\/4a619fd0c7e36bd570f4e6e15eb09a2191185d0f63d8dbfdffe848af141ab87e?s=96&d=mm&r=g\",\"url\":\"https:\\\/\\\/secure.gravatar.com\\\/avatar\\\/4a619fd0c7e36bd570f4e6e15eb09a2191185d0f63d8dbfdffe848af141ab87e?s=96&d=mm&r=g\",\"contentUrl\":\"https:\\\/\\\/secure.gravatar.com\\\/avatar\\\/4a619fd0c7e36bd570f4e6e15eb09a2191185d0f63d8dbfdffe848af141ab87e?s=96&d=mm&r=g\",\"caption\":\"medios CR\"},\"url\":\"https:\\\/\\\/www.diocesisciudadrodrigo.org\\\/blog4\\\/author\\\/admin4\\\/\"}]}<\/script>\n<!-- \/ Yoast SEO plugin. -->","yoast_head_json":{"title":"\u2018Iglesia en Castilla\u2019 pone en marcha su nueva p\u00e1gina web como espacio com\u00fan de informaci\u00f3n y comuni\u00f3n - Di\u00f3cesis de Ciudad Rodrigo","robots":{"index":"index","follow":"follow","max-snippet":"max-snippet:-1","max-image-preview":"max-image-preview:large","max-video-preview":"max-video-preview:-1"},"canonical":"https:\/\/www.diocesisciudadrodrigo.org\/blog4\/iglesia-en-castilla-pone-en-marcha-su-nueva-pagina-web-como-espacio-comun-de-informacion-y-comunion-entre-las-diocesis\/","og_locale":"es_ES","og_type":"article","og_title":"\u2018Iglesia en Castilla\u2019 pone en marcha su nueva p\u00e1gina web como espacio com\u00fan de informaci\u00f3n y comuni\u00f3n - Di\u00f3cesis de Ciudad Rodrigo","og_description":"Esta nueva iniciativa digital nace en el contexto de preparaci\u00f3n de la gran Asamblea eclesial, que se celebrar\u00e1 en \u00c1vila el primer fin de semana de mayo Las delegaciones de ... Leer m\u00e1s ...","og_url":"https:\/\/www.diocesisciudadrodrigo.org\/blog4\/iglesia-en-castilla-pone-en-marcha-su-nueva-pagina-web-como-espacio-comun-de-informacion-y-comunion-entre-las-diocesis\/","og_site_name":"Di\u00f3cesis de Ciudad Rodrigo","article_publisher":"https:\/\/www.facebook.com\/people\/Dicesis-Ciudad-Rodrigo-MCS\/100076471923419\/#","article_published_time":"2026-03-06T09:10:53+00:00","article_modified_time":"2026-03-06T21:30:35+00:00","og_image":[{"width":1600,"height":900,"url":"https:\/\/www.diocesisciudadrodrigo.org\/blog4\/wp-content\/uploads\/2026\/03\/PHOTO-2026-03-06-09-37-15.jpg","type":"image\/jpeg"}],"author":"medios CR","twitter_card":"summary_large_image","twitter_misc":{"Escrito por":"medios CR","Tiempo de lectura":"3 minutos"},"schema":{"@context":"https:\/\/schema.org","@graph":[{"@type":"Article","@id":"https:\/\/www.diocesisciudadrodrigo.org\/blog4\/iglesia-en-castilla-pone-en-marcha-su-nueva-pagina-web-como-espacio-comun-de-informacion-y-comunion-entre-las-diocesis\/#article","isPartOf":{"@id":"https:\/\/www.diocesisciudadrodrigo.org\/blog4\/iglesia-en-castilla-pone-en-marcha-su-nueva-pagina-web-como-espacio-comun-de-informacion-y-comunion-entre-las-diocesis\/"},"author":{"name":"medios CR","@id":"https:\/\/www.diocesisciudadrodrigo.org\/blog4\/#\/schema\/person\/5fcf0ca636a75766ff70e6417b6ed052"},"headline":"\u2018Iglesia en Castilla\u2019 pone en marcha su nueva p\u00e1gina web como espacio com\u00fan de informaci\u00f3n y comuni\u00f3n","datePublished":"2026-03-06T09:10:53+00:00","dateModified":"2026-03-06T21:30:35+00:00","mainEntityOfPage":{"@id":"https:\/\/www.diocesisciudadrodrigo.org\/blog4\/iglesia-en-castilla-pone-en-marcha-su-nueva-pagina-web-como-espacio-comun-de-informacion-y-comunion-entre-las-diocesis\/"},"wordCount":558,"publisher":{"@id":"https:\/\/www.diocesisciudadrodrigo.org\/blog4\/#organization"},"image":{"@id":"https:\/\/www.diocesisciudadrodrigo.org\/blog4\/iglesia-en-castilla-pone-en-marcha-su-nueva-pagina-web-como-espacio-comun-de-informacion-y-comunion-entre-las-diocesis\/#primaryimage"},"thumbnailUrl":"https:\/\/www.diocesisciudadrodrigo.org\/blog4\/wp-content\/uploads\/2026\/03\/PHOTO-2026-03-06-09-37-15.jpg","keywords":["Ciudad Rodrigo","Iglesia en Castilla","Medios de Comunicaci\u00f3n"],"articleSection":["Noticias"],"inLanguage":"es"},{"@type":"WebPage","@id":"https:\/\/www.diocesisciudadrodrigo.org\/blog4\/iglesia-en-castilla-pone-en-marcha-su-nueva-pagina-web-como-espacio-comun-de-informacion-y-comunion-entre-las-diocesis\/","url":"https:\/\/www.diocesisciudadrodrigo.org\/blog4\/iglesia-en-castilla-pone-en-marcha-su-nueva-pagina-web-como-espacio-comun-de-informacion-y-comunion-entre-las-diocesis\/","name":"\u2018Iglesia en Castilla\u2019 pone en marcha su nueva p\u00e1gina web como espacio com\u00fan de informaci\u00f3n y comuni\u00f3n - Di\u00f3cesis de Ciudad Rodrigo","isPartOf":{"@id":"https:\/\/www.diocesisciudadrodrigo.org\/blog4\/#website"},"primaryImageOfPage":{"@id":"https:\/\/www.diocesisciudadrodrigo.org\/blog4\/iglesia-en-castilla-pone-en-marcha-su-nueva-pagina-web-como-espacio-comun-de-informacion-y-comunion-entre-las-diocesis\/#primaryimage"},"image":{"@id":"https:\/\/www.diocesisciudadrodrigo.org\/blog4\/iglesia-en-castilla-pone-en-marcha-su-nueva-pagina-web-como-espacio-comun-de-informacion-y-comunion-entre-las-diocesis\/#primaryimage"},"thumbnailUrl":"https:\/\/www.diocesisciudadrodrigo.org\/blog4\/wp-content\/uploads\/2026\/03\/PHOTO-2026-03-06-09-37-15.jpg","datePublished":"2026-03-06T09:10:53+00:00","dateModified":"2026-03-06T21:30:35+00:00","breadcrumb":{"@id":"https:\/\/www.diocesisciudadrodrigo.org\/blog4\/iglesia-en-castilla-pone-en-marcha-su-nueva-pagina-web-como-espacio-comun-de-informacion-y-comunion-entre-las-diocesis\/#breadcrumb"},"inLanguage":"es","potentialAction":[{"@type":"ReadAction","target":["https:\/\/www.diocesisciudadrodrigo.org\/blog4\/iglesia-en-castilla-pone-en-marcha-su-nueva-pagina-web-como-espacio-comun-de-informacion-y-comunion-entre-las-diocesis\/"]}]},{"@type":"ImageObject","inLanguage":"es","@id":"https:\/\/www.diocesisciudadrodrigo.org\/blog4\/iglesia-en-castilla-pone-en-marcha-su-nueva-pagina-web-como-espacio-comun-de-informacion-y-comunion-entre-las-diocesis\/#primaryimage","url":"https:\/\/www.diocesisciudadrodrigo.org\/blog4\/wp-content\/uploads\/2026\/03\/PHOTO-2026-03-06-09-37-15.jpg","contentUrl":"https:\/\/www.diocesisciudadrodrigo.org\/blog4\/wp-content\/uploads\/2026\/03\/PHOTO-2026-03-06-09-37-15.jpg","width":1600,"height":900},{"@type":"BreadcrumbList","@id":"https:\/\/www.diocesisciudadrodrigo.org\/blog4\/iglesia-en-castilla-pone-en-marcha-su-nueva-pagina-web-como-espacio-comun-de-informacion-y-comunion-entre-las-diocesis\/#breadcrumb","itemListElement":[{"@type":"ListItem","position":1,"name":"Portada","item":"https:\/\/www.diocesisciudadrodrigo.org\/blog4\/"},{"@type":"ListItem","position":2,"name":"\u2018Iglesia en Castilla\u2019 pone en marcha su nueva p\u00e1gina web como espacio com\u00fan de informaci\u00f3n y comuni\u00f3n"}]},{"@type":"WebSite","@id":"https:\/\/www.diocesisciudadrodrigo.org\/blog4\/#website","url":"https:\/\/www.diocesisciudadrodrigo.org\/blog4\/","name":"Di\u00f3cesis de Ciudad Rodrigo","description":"Sitio web oficial de la di\u00f3cesis civitatense","publisher":{"@id":"https:\/\/www.diocesisciudadrodrigo.org\/blog4\/#organization"},"potentialAction":[{"@type":"SearchAction","target":{"@type":"EntryPoint","urlTemplate":"https:\/\/www.diocesisciudadrodrigo.org\/blog4\/?s={search_term_string}"},"query-input":{"@type":"PropertyValueSpecification","valueRequired":true,"valueName":"search_term_string"}}],"inLanguage":"es"},{"@type":"Organization","@id":"https:\/\/www.diocesisciudadrodrigo.org\/blog4\/#organization","name":"Di\u00f3cesis de Ciudad Rodrigo","url":"https:\/\/www.diocesisciudadrodrigo.org\/blog4\/","logo":{"@type":"ImageObject","inLanguage":"es","@id":"https:\/\/www.diocesisciudadrodrigo.org\/blog4\/#\/schema\/logo\/image\/","url":"https:\/\/www.diocesisciudadrodrigo.org\/blog4\/wp-content\/uploads\/2024\/12\/Diocesis.CMYK_-768x480-1.jpg","contentUrl":"https:\/\/www.diocesisciudadrodrigo.org\/blog4\/wp-content\/uploads\/2024\/12\/Diocesis.CMYK_-768x480-1.jpg","width":768,"height":480,"caption":"Di\u00f3cesis de Ciudad Rodrigo"},"image":{"@id":"https:\/\/www.diocesisciudadrodrigo.org\/blog4\/#\/schema\/logo\/image\/"},"sameAs":["https:\/\/www.facebook.com\/people\/Dicesis-Ciudad-Rodrigo-MCS\/100076471923419\/#"]},{"@type":"Person","@id":"https:\/\/www.diocesisciudadrodrigo.org\/blog4\/#\/schema\/person\/5fcf0ca636a75766ff70e6417b6ed052","name":"medios CR","image":{"@type":"ImageObject","inLanguage":"es","@id":"https:\/\/secure.gravatar.com\/avatar\/4a619fd0c7e36bd570f4e6e15eb09a2191185d0f63d8dbfdffe848af141ab87e?s=96&d=mm&r=g","url":"https:\/\/secure.gravatar.com\/avatar\/4a619fd0c7e36bd570f4e6e15eb09a2191185d0f63d8dbfdffe848af141ab87e?s=96&d=mm&r=g","contentUrl":"https:\/\/secure.gravatar.com\/avatar\/4a619fd0c7e36bd570f4e6e15eb09a2191185d0f63d8dbfdffe848af141ab87e?s=96&d=mm&r=g","caption":"medios CR"},"url":"https:\/\/www.diocesisciudadrodrigo.org\/blog4\/author\/admin4\/"}]}},"_links":{"self":[{"href":"https:\/\/www.diocesisciudadrodrigo.org\/blog4\/wp-json\/wp\/v2\/posts\/42883","targetHints":{"allow":["GET"]}}],"collection":[{"href":"https:\/\/www.diocesisciudadrodrigo.org\/blog4\/wp-json\/wp\/v2\/posts"}],"about":[{"href":"https:\/\/www.diocesisciudadrodrigo.org\/blog4\/wp-json\/wp\/v2\/types\/post"}],"author":[{"embeddable":true,"href":"https:\/\/www.diocesisciudadrodrigo.org\/blog4\/wp-json\/wp\/v2\/users\/1"}],"replies":[{"embeddable":true,"href":"https:\/\/www.diocesisciudadrodrigo.org\/blog4\/wp-json\/wp\/v2\/comments?post=42883"}],"version-history":[{"count":9,"href":"https:\/\/www.diocesisciudadrodrigo.org\/blog4\/wp-json\/wp\/v2\/posts\/42883\/revisions"}],"predecessor-version":[{"id":42931,"href":"https:\/\/www.diocesisciudadrodrigo.org\/blog4\/wp-json\/wp\/v2\/posts\/42883\/revisions\/42931"}],"wp:featuredmedia":[{"embeddable":true,"href":"https:\/\/www.diocesisciudadrodrigo.org\/blog4\/wp-json\/wp\/v2\/media\/42888"}],"wp:attachment":[{"href":"https:\/\/www.diocesisciudadrodrigo.org\/blog4\/wp-json\/wp\/v2\/media?parent=42883"}],"wp:term":[{"taxonomy":"category","embeddable":true,"href":"https:\/\/www.diocesisciudadrodrigo.org\/blog4\/wp-json\/wp\/v2\/categories?post=42883"},{"taxonomy":"post_tag","embeddable":true,"href":"https:\/\/www.diocesisciudadrodrigo.org\/blog4\/wp-json\/wp\/v2\/tags?post=42883"}],"curies":[{"name":"wp","href":"https:\/\/api.w.org\/{rel}","templated":true}]}}