{"id":42866,"date":"2026-03-05T16:46:26","date_gmt":"2026-03-05T15:46:26","guid":{"rendered":"https:\/\/www.diocesisciudadrodrigo.org\/blog4\/?p=42866"},"modified":"2026-03-05T16:46:26","modified_gmt":"2026-03-05T15:46:26","slug":"medio-centenar-de-personas-acuden-a-la-oracion-cuaresmal-del-arciprestazgo-de-arganan","status":"publish","type":"post","link":"https:\/\/www.diocesisciudadrodrigo.org\/blog4\/medio-centenar-de-personas-acuden-a-la-oracion-cuaresmal-del-arciprestazgo-de-arganan\/","title":{"rendered":"Medio centenar de personas acuden a la oraci\u00f3n cuaresmal del Arciprestazgo de Arga\u00f1\u00e1n"},"content":{"rendered":"\t\t<div data-elementor-type=\"wp-post\" data-elementor-id=\"42866\" class=\"elementor elementor-42866\" data-elementor-settings=\"[]\">\n\t\t\t\t\t\t<div class=\"elementor-inner\">\n\t\t\t\t\t\t\t<div class=\"elementor-section-wrap\">\n\t\t\t\t\t\t\t<section class=\"elementor-section elementor-top-section elementor-element elementor-element-3e9e277 elementor-section-boxed elementor-section-height-default elementor-section-height-default\" data-id=\"3e9e277\" data-element_type=\"section\">\n\t\t\t\t\t\t<div class=\"elementor-container elementor-column-gap-default\">\n\t\t\t\t\t\t\t<div class=\"elementor-row\">\n\t\t\t\t\t<div class=\"elementor-column elementor-col-100 elementor-top-column elementor-element elementor-element-c134bd0\" data-id=\"c134bd0\" data-element_type=\"column\">\n\t\t\t<div class=\"elementor-column-wrap elementor-element-populated\">\n\t\t\t\t\t\t\t<div class=\"elementor-widget-wrap\">\n\t\t\t\t\t\t<div class=\"elementor-element elementor-element-5750ef3 elementor-widget elementor-widget-text-editor\" data-id=\"5750ef3\" data-element_type=\"widget\" data-widget_type=\"text-editor.default\">\n\t\t\t\t<div class=\"elementor-widget-container\">\n\t\t\t\t\t\t\t\t<div class=\"elementor-text-editor elementor-clearfix\">\n\t\t\t\t<h3>La iglesia parroquial de La Alamedilla ha acogido este encuentro oracional bajo el lema &#8216;Para convertirnos y comprometernos&#8217;<\/h3>\t\t\t\t\t<\/div>\n\t\t\t\t\t\t<\/div>\n\t\t\t\t<\/div>\n\t\t\t\t\t\t<\/div>\n\t\t\t\t\t<\/div>\n\t\t<\/div>\n\t\t\t\t\t\t\t\t<\/div>\n\t\t\t\t\t<\/div>\n\t\t<\/section>\n\t\t\t\t<section class=\"elementor-section elementor-top-section elementor-element elementor-element-d6c37c1 elementor-section-boxed elementor-section-height-default elementor-section-height-default\" data-id=\"d6c37c1\" data-element_type=\"section\">\n\t\t\t\t\t\t<div class=\"elementor-container elementor-column-gap-default\">\n\t\t\t\t\t\t\t<div class=\"elementor-row\">\n\t\t\t\t\t<div class=\"elementor-column elementor-col-100 elementor-top-column elementor-element elementor-element-f73fe38\" data-id=\"f73fe38\" data-element_type=\"column\">\n\t\t\t<div class=\"elementor-column-wrap elementor-element-populated\">\n\t\t\t\t\t\t\t<div class=\"elementor-widget-wrap\">\n\t\t\t\t\t\t<div class=\"elementor-element elementor-element-7e36b13 elementor-widget elementor-widget-image\" data-id=\"7e36b13\" data-element_type=\"widget\" data-widget_type=\"image.default\">\n\t\t\t\t<div class=\"elementor-widget-container\">\n\t\t\t\t\t\t\t\t<div class=\"elementor-image\">\n\t\t\t\t\t\t\t\t\t<figure class=\"wp-caption\">\n\t\t\t\t\t\t\t\t\t\t<img loading=\"lazy\" decoding=\"async\" width=\"1200\" height=\"675\" src=\"https:\/\/www.diocesisciudadrodrigo.org\/blog4\/wp-content\/uploads\/2026\/03\/PHOTO-2026-03-04-21-24-44.jpeg\" class=\"attachment-large size-large\" alt=\"Oraci\u00f3n cuaresmal del Arciprestazgo de Arga\u00f1\u00e1n.\" srcset=\"https:\/\/www.diocesisciudadrodrigo.org\/blog4\/wp-content\/uploads\/2026\/03\/PHOTO-2026-03-04-21-24-44.jpeg 1200w, https:\/\/www.diocesisciudadrodrigo.org\/blog4\/wp-content\/uploads\/2026\/03\/PHOTO-2026-03-04-21-24-44-1000x563.jpeg 1000w, https:\/\/www.diocesisciudadrodrigo.org\/blog4\/wp-content\/uploads\/2026\/03\/PHOTO-2026-03-04-21-24-44-768x432.jpeg 768w, https:\/\/www.diocesisciudadrodrigo.org\/blog4\/wp-content\/uploads\/2026\/03\/PHOTO-2026-03-04-21-24-44-350x197.jpeg 350w\" sizes=\"auto, (max-width: 1200px) 100vw, 1200px\" \/>\t\t\t\t\t\t\t\t\t\t\t<figcaption class=\"widget-image-caption wp-caption-text\">Oraci\u00f3n cuaresmal del Arciprestazgo de Arga\u00f1\u00e1n. <\/figcaption>\n\t\t\t\t\t\t\t\t\t\t<\/figure>\n\t\t\t\t\t\t\t\t<\/div>\n\t\t\t\t\t\t<\/div>\n\t\t\t\t<\/div>\n\t\t\t\t\t\t<\/div>\n\t\t\t\t\t<\/div>\n\t\t<\/div>\n\t\t\t\t\t\t\t\t<\/div>\n\t\t\t\t\t<\/div>\n\t\t<\/section>\n\t\t\t\t<section class=\"elementor-section elementor-top-section elementor-element elementor-element-f6f685a elementor-section-boxed elementor-section-height-default elementor-section-height-default\" data-id=\"f6f685a\" data-element_type=\"section\">\n\t\t\t\t\t\t<div class=\"elementor-container elementor-column-gap-default\">\n\t\t\t\t\t\t\t<div class=\"elementor-row\">\n\t\t\t\t\t<div class=\"elementor-column elementor-col-100 elementor-top-column elementor-element elementor-element-9940b4d\" data-id=\"9940b4d\" data-element_type=\"column\">\n\t\t\t<div class=\"elementor-column-wrap elementor-element-populated\">\n\t\t\t\t\t\t\t<div class=\"elementor-widget-wrap\">\n\t\t\t\t\t\t<div class=\"elementor-element elementor-element-49ee771 elementor-widget elementor-widget-text-editor\" data-id=\"49ee771\" data-element_type=\"widget\" data-widget_type=\"text-editor.default\">\n\t\t\t\t<div class=\"elementor-widget-container\">\n\t\t\t\t\t\t\t\t<div class=\"elementor-text-editor elementor-clearfix\">\n\t\t\t\t<p data-start=\"225\" data-end=\"365\">El Arciprestazgo de Arga\u00f1\u00e1n ha celebrado este mi\u00e9rcoles <strong>un encuentro de oraci\u00f3n cuaresmal bajo el lema &#8216;Para convertirnos y comprometernos&#8217;<\/strong>. Esta actividad ha tenido lugar en la iglesia parroquial de La Alamedilla.\u00a0<\/p><p data-start=\"367\" data-end=\"651\">La cita ha reunido a <strong>m\u00e1s de cincuenta personas procedentes de distintas comunidades<\/strong> del arciprestazgo. Junto a un nutrido grupo de laicos, han participado los tres sacerdotes que atienden el arciprestazgo, as\u00ed como las Hijas de la Caridad que desarrollan su labor en la zona.<\/p><p data-start=\"653\" data-end=\"892\"><strong>La oraci\u00f3n ha girado en torno a la cruz<\/strong>, con distintos momentos de reflexi\u00f3n y recogimiento propios de este tiempo de Cuaresma. El encuentro ha concluido en un ambiente fraterno, favoreciendo la convivencia de los fieles.<\/p><p data-start=\"894\" data-end=\"1340\">Esta iniciativa <strong>refuerza el compromiso y la vivencia comunitaria<\/strong> en este tiempo lit\u00fargico previo a la Semana Santa. Y es que esta oraci\u00f3n cuaresmal se enmarca dentro del programa pastoral del Arciprestazgo de Arga\u00f1\u00e1n para este curso. A lo largo del a\u00f1o se celebran tambi\u00e9n otras propuestas, como los retiros mensuales, la eucarist\u00eda peri\u00f3dica por las vocaciones, la Escuela Arciprestal de Catequesis o el encuentro de final de curso, entre otras actividades.<\/p>\t\t\t\t\t<\/div>\n\t\t\t\t\t\t<\/div>\n\t\t\t\t<\/div>\n\t\t\t\t\t\t<\/div>\n\t\t\t\t\t<\/div>\n\t\t<\/div>\n\t\t\t\t\t\t\t\t<\/div>\n\t\t\t\t\t<\/div>\n\t\t<\/section>\n\t\t\t\t<section class=\"elementor-section elementor-top-section elementor-element elementor-element-ba7aa57 elementor-section-boxed elementor-section-height-default elementor-section-height-default\" data-id=\"ba7aa57\" data-element_type=\"section\">\n\t\t\t\t\t\t<div class=\"elementor-container elementor-column-gap-default\">\n\t\t\t\t\t\t\t<div class=\"elementor-row\">\n\t\t\t\t\t<div class=\"elementor-column elementor-col-100 elementor-top-column elementor-element elementor-element-e7681f9\" data-id=\"e7681f9\" data-element_type=\"column\">\n\t\t\t<div class=\"elementor-column-wrap elementor-element-populated\">\n\t\t\t\t\t\t\t<div class=\"elementor-widget-wrap\">\n\t\t\t\t\t\t<div class=\"elementor-element elementor-element-e2ac86b elementor-widget elementor-widget-image-gallery\" data-id=\"e2ac86b\" data-element_type=\"widget\" data-widget_type=\"image-gallery.default\">\n\t\t\t\t<div class=\"elementor-widget-container\">\n\t\t\t\t\t<div class=\"elementor-image-gallery\">\n\t\t\t<div id='gallery-1' class='gallery galleryid-42866 gallery-columns-4 gallery-size-thumbnail'><figure class='gallery-item'>\n\t\t\t<div class='gallery-icon landscape'>\n\t\t\t\t<a data-elementor-open-lightbox=\"yes\" data-elementor-lightbox-slideshow=\"e2ac86b\" data-elementor-lightbox-title=\"PHOTO-2026-03-04-21-24-45\" e-action-hash=\"#elementor-action%3Aaction%3Dlightbox%26settings%3DeyJpZCI6NDI4NzAsInVybCI6Imh0dHBzOlwvXC93d3cuZGlvY2VzaXNjaXVkYWRyb2RyaWdvLm9yZ1wvYmxvZzRcL3dwLWNvbnRlbnRcL3VwbG9hZHNcLzIwMjZcLzAzXC9QSE9UTy0yMDI2LTAzLTA0LTIxLTI0LTQ1LmpwZWciLCJzbGlkZXNob3ciOiJlMmFjODZiIn0%3D\" href='https:\/\/www.diocesisciudadrodrigo.org\/blog4\/wp-content\/uploads\/2026\/03\/PHOTO-2026-03-04-21-24-45.jpeg'><img loading=\"lazy\" decoding=\"async\" width=\"500\" height=\"500\" src=\"https:\/\/www.diocesisciudadrodrigo.org\/blog4\/wp-content\/uploads\/2026\/03\/PHOTO-2026-03-04-21-24-45-500x500.jpeg\" class=\"attachment-thumbnail size-thumbnail\" alt=\"\" \/><\/a>\n\t\t\t<\/div><\/figure><figure class='gallery-item'>\n\t\t\t<div class='gallery-icon landscape'>\n\t\t\t\t<a data-elementor-open-lightbox=\"yes\" data-elementor-lightbox-slideshow=\"e2ac86b\" data-elementor-lightbox-title=\"PHOTO-2026-03-04-21-24-46\" e-action-hash=\"#elementor-action%3Aaction%3Dlightbox%26settings%3DeyJpZCI6NDI4NzEsInVybCI6Imh0dHBzOlwvXC93d3cuZGlvY2VzaXNjaXVkYWRyb2RyaWdvLm9yZ1wvYmxvZzRcL3dwLWNvbnRlbnRcL3VwbG9hZHNcLzIwMjZcLzAzXC9QSE9UTy0yMDI2LTAzLTA0LTIxLTI0LTQ2LmpwZWciLCJzbGlkZXNob3ciOiJlMmFjODZiIn0%3D\" href='https:\/\/www.diocesisciudadrodrigo.org\/blog4\/wp-content\/uploads\/2026\/03\/PHOTO-2026-03-04-21-24-46.jpeg'><img loading=\"lazy\" decoding=\"async\" width=\"500\" height=\"500\" src=\"https:\/\/www.diocesisciudadrodrigo.org\/blog4\/wp-content\/uploads\/2026\/03\/PHOTO-2026-03-04-21-24-46-500x500.jpeg\" class=\"attachment-thumbnail size-thumbnail\" alt=\"\" \/><\/a>\n\t\t\t<\/div><\/figure><figure class='gallery-item'>\n\t\t\t<div class='gallery-icon landscape'>\n\t\t\t\t<a data-elementor-open-lightbox=\"yes\" data-elementor-lightbox-slideshow=\"e2ac86b\" data-elementor-lightbox-title=\"PHOTO-2026-03-04-21-24-45 (1)\" e-action-hash=\"#elementor-action%3Aaction%3Dlightbox%26settings%3DeyJpZCI6NDI4NjksInVybCI6Imh0dHBzOlwvXC93d3cuZGlvY2VzaXNjaXVkYWRyb2RyaWdvLm9yZ1wvYmxvZzRcL3dwLWNvbnRlbnRcL3VwbG9hZHNcLzIwMjZcLzAzXC9QSE9UTy0yMDI2LTAzLTA0LTIxLTI0LTQ1LTEuanBlZyIsInNsaWRlc2hvdyI6ImUyYWM4NmIifQ%3D%3D\" href='https:\/\/www.diocesisciudadrodrigo.org\/blog4\/wp-content\/uploads\/2026\/03\/PHOTO-2026-03-04-21-24-45-1.jpeg'><img loading=\"lazy\" decoding=\"async\" width=\"500\" height=\"500\" src=\"https:\/\/www.diocesisciudadrodrigo.org\/blog4\/wp-content\/uploads\/2026\/03\/PHOTO-2026-03-04-21-24-45-1-500x500.jpeg\" class=\"attachment-thumbnail size-thumbnail\" alt=\"\" \/><\/a>\n\t\t\t<\/div><\/figure><figure class='gallery-item'>\n\t\t\t<div class='gallery-icon landscape'>\n\t\t\t\t<a data-elementor-open-lightbox=\"yes\" data-elementor-lightbox-slideshow=\"e2ac86b\" data-elementor-lightbox-title=\"PHOTO-2026-03-04-21-24-46 (1)\" e-action-hash=\"#elementor-action%3Aaction%3Dlightbox%26settings%3DeyJpZCI6NDI4NjgsInVybCI6Imh0dHBzOlwvXC93d3cuZGlvY2VzaXNjaXVkYWRyb2RyaWdvLm9yZ1wvYmxvZzRcL3dwLWNvbnRlbnRcL3VwbG9hZHNcLzIwMjZcLzAzXC9QSE9UTy0yMDI2LTAzLTA0LTIxLTI0LTQ2LTEuanBlZyIsInNsaWRlc2hvdyI6ImUyYWM4NmIifQ%3D%3D\" href='https:\/\/www.diocesisciudadrodrigo.org\/blog4\/wp-content\/uploads\/2026\/03\/PHOTO-2026-03-04-21-24-46-1.jpeg'><img loading=\"lazy\" decoding=\"async\" width=\"500\" height=\"500\" src=\"https:\/\/www.diocesisciudadrodrigo.org\/blog4\/wp-content\/uploads\/2026\/03\/PHOTO-2026-03-04-21-24-46-1-500x500.jpeg\" class=\"attachment-thumbnail size-thumbnail\" alt=\"\" \/><\/a>\n\t\t\t<\/div><\/figure>\n\t\t<\/div>\n\t\t<\/div>\n\t\t\t\t<\/div>\n\t\t\t\t<\/div>\n\t\t\t\t\t\t<\/div>\n\t\t\t\t\t<\/div>\n\t\t<\/div>\n\t\t\t\t\t\t\t\t<\/div>\n\t\t\t\t\t<\/div>\n\t\t<\/section>\n\t\t\t\t\t\t<\/div>\n\t\t\t\t\t\t<\/div>\n\t\t\t\t\t<\/div>\n\t\t","protected":false},"excerpt":{"rendered":"<p>La iglesia parroquial de La Alamedilla ha acogido este encuentro oracional bajo el lema &#8216;Para convertirnos y comprometernos&#8217; Oraci\u00f3n cuaresmal del Arciprestazgo de Arga\u00f1\u00e1n. El Arciprestazgo de Arga\u00f1\u00e1n ha celebrado &#8230; <\/p>\n<p class=\"read-more-container\"><a title=\"Medio centenar de personas acuden a la oraci\u00f3n cuaresmal del Arciprestazgo de Arga\u00f1\u00e1n\" class=\"read-more button\" href=\"https:\/\/www.diocesisciudadrodrigo.org\/blog4\/medio-centenar-de-personas-acuden-a-la-oracion-cuaresmal-del-arciprestazgo-de-arganan\/#more-42866\" aria-label=\"M\u00e1s en Medio centenar de personas acuden a la oraci\u00f3n cuaresmal del Arciprestazgo de Arga\u00f1\u00e1n\">Leer m\u00e1s &#8230;<\/a><\/p>\n","protected":false},"author":1,"featured_media":42867,"comment_status":"closed","ping_status":"closed","sticky":false,"template":"","format":"standard","meta":{"footnotes":""},"categories":[6],"tags":[63,32,65,64],"class_list":["post-42866","post","type-post","status-publish","format-standard","has-post-thumbnail","hentry","category-noticias","tag-arciprestazgo","tag-ciudad-rodrigo","tag-cuaresma","tag-oracion","masonry-post","generate-columns","tablet-grid-50","mobile-grid-100","grid-parent","grid-50"],"yoast_head":"<!-- This site is optimized with the Yoast SEO plugin v27.3 - https:\/\/yoast.com\/product\/yoast-seo-wordpress\/ -->\n<title>Medio centenar de personas acuden a la oraci\u00f3n cuaresmal del Arciprestazgo de Arga\u00f1\u00e1n - Di\u00f3cesis de Ciudad Rodrigo<\/title>\n<meta name=\"robots\" content=\"index, follow, max-snippet:-1, max-image-preview:large, max-video-preview:-1\" \/>\n<link rel=\"canonical\" href=\"https:\/\/www.diocesisciudadrodrigo.org\/blog4\/medio-centenar-de-personas-acuden-a-la-oracion-cuaresmal-del-arciprestazgo-de-arganan\/\" \/>\n<meta property=\"og:locale\" content=\"es_ES\" \/>\n<meta property=\"og:type\" content=\"article\" \/>\n<meta property=\"og:title\" content=\"Medio centenar de personas acuden a la oraci\u00f3n cuaresmal del Arciprestazgo de Arga\u00f1\u00e1n - Di\u00f3cesis de Ciudad Rodrigo\" \/>\n<meta property=\"og:description\" content=\"La iglesia parroquial de La Alamedilla ha acogido este encuentro oracional bajo el lema &#8216;Para convertirnos y comprometernos&#8217; Oraci\u00f3n cuaresmal del Arciprestazgo de Arga\u00f1\u00e1n. El Arciprestazgo de Arga\u00f1\u00e1n ha celebrado ... Leer m\u00e1s ...\" \/>\n<meta property=\"og:url\" content=\"https:\/\/www.diocesisciudadrodrigo.org\/blog4\/medio-centenar-de-personas-acuden-a-la-oracion-cuaresmal-del-arciprestazgo-de-arganan\/\" \/>\n<meta property=\"og:site_name\" content=\"Di\u00f3cesis de Ciudad Rodrigo\" \/>\n<meta property=\"article:publisher\" content=\"https:\/\/www.facebook.com\/people\/Dicesis-Ciudad-Rodrigo-MCS\/100076471923419\/#\" \/>\n<meta property=\"article:published_time\" content=\"2026-03-05T15:46:26+00:00\" \/>\n<meta property=\"og:image\" content=\"https:\/\/www.diocesisciudadrodrigo.org\/blog4\/wp-content\/uploads\/2026\/03\/PHOTO-2026-03-04-21-24-44.jpeg\" \/>\n\t<meta property=\"og:image:width\" content=\"1200\" \/>\n\t<meta property=\"og:image:height\" content=\"675\" \/>\n\t<meta property=\"og:image:type\" content=\"image\/jpeg\" \/>\n<meta name=\"author\" content=\"medios CR\" \/>\n<meta name=\"twitter:card\" content=\"summary_large_image\" \/>\n<meta name=\"twitter:label1\" content=\"Escrito por\" \/>\n\t<meta name=\"twitter:data1\" content=\"medios CR\" \/>\n\t<meta name=\"twitter:label2\" content=\"Tiempo de lectura\" \/>\n\t<meta name=\"twitter:data2\" content=\"3 minutos\" \/>\n<script type=\"application\/ld+json\" class=\"yoast-schema-graph\">{\"@context\":\"https:\\\/\\\/schema.org\",\"@graph\":[{\"@type\":\"Article\",\"@id\":\"https:\\\/\\\/www.diocesisciudadrodrigo.org\\\/blog4\\\/medio-centenar-de-personas-acuden-a-la-oracion-cuaresmal-del-arciprestazgo-de-arganan\\\/#article\",\"isPartOf\":{\"@id\":\"https:\\\/\\\/www.diocesisciudadrodrigo.org\\\/blog4\\\/medio-centenar-de-personas-acuden-a-la-oracion-cuaresmal-del-arciprestazgo-de-arganan\\\/\"},\"author\":{\"name\":\"medios CR\",\"@id\":\"https:\\\/\\\/www.diocesisciudadrodrigo.org\\\/blog4\\\/#\\\/schema\\\/person\\\/5fcf0ca636a75766ff70e6417b6ed052\"},\"headline\":\"Medio centenar de personas acuden a la oraci\u00f3n cuaresmal del Arciprestazgo de Arga\u00f1\u00e1n\",\"datePublished\":\"2026-03-05T15:46:26+00:00\",\"mainEntityOfPage\":{\"@id\":\"https:\\\/\\\/www.diocesisciudadrodrigo.org\\\/blog4\\\/medio-centenar-de-personas-acuden-a-la-oracion-cuaresmal-del-arciprestazgo-de-arganan\\\/\"},\"wordCount\":239,\"publisher\":{\"@id\":\"https:\\\/\\\/www.diocesisciudadrodrigo.org\\\/blog4\\\/#organization\"},\"image\":{\"@id\":\"https:\\\/\\\/www.diocesisciudadrodrigo.org\\\/blog4\\\/medio-centenar-de-personas-acuden-a-la-oracion-cuaresmal-del-arciprestazgo-de-arganan\\\/#primaryimage\"},\"thumbnailUrl\":\"https:\\\/\\\/www.diocesisciudadrodrigo.org\\\/blog4\\\/wp-content\\\/uploads\\\/2026\\\/03\\\/PHOTO-2026-03-04-21-24-44.jpeg\",\"keywords\":[\"Arciprestazgo\",\"Ciudad Rodrigo\",\"Cuaresma\",\"Oraci\u00f3n\"],\"articleSection\":[\"Noticias\"],\"inLanguage\":\"es\"},{\"@type\":\"WebPage\",\"@id\":\"https:\\\/\\\/www.diocesisciudadrodrigo.org\\\/blog4\\\/medio-centenar-de-personas-acuden-a-la-oracion-cuaresmal-del-arciprestazgo-de-arganan\\\/\",\"url\":\"https:\\\/\\\/www.diocesisciudadrodrigo.org\\\/blog4\\\/medio-centenar-de-personas-acuden-a-la-oracion-cuaresmal-del-arciprestazgo-de-arganan\\\/\",\"name\":\"Medio centenar de personas acuden a la oraci\u00f3n cuaresmal del Arciprestazgo de Arga\u00f1\u00e1n - Di\u00f3cesis de Ciudad Rodrigo\",\"isPartOf\":{\"@id\":\"https:\\\/\\\/www.diocesisciudadrodrigo.org\\\/blog4\\\/#website\"},\"primaryImageOfPage\":{\"@id\":\"https:\\\/\\\/www.diocesisciudadrodrigo.org\\\/blog4\\\/medio-centenar-de-personas-acuden-a-la-oracion-cuaresmal-del-arciprestazgo-de-arganan\\\/#primaryimage\"},\"image\":{\"@id\":\"https:\\\/\\\/www.diocesisciudadrodrigo.org\\\/blog4\\\/medio-centenar-de-personas-acuden-a-la-oracion-cuaresmal-del-arciprestazgo-de-arganan\\\/#primaryimage\"},\"thumbnailUrl\":\"https:\\\/\\\/www.diocesisciudadrodrigo.org\\\/blog4\\\/wp-content\\\/uploads\\\/2026\\\/03\\\/PHOTO-2026-03-04-21-24-44.jpeg\",\"datePublished\":\"2026-03-05T15:46:26+00:00\",\"breadcrumb\":{\"@id\":\"https:\\\/\\\/www.diocesisciudadrodrigo.org\\\/blog4\\\/medio-centenar-de-personas-acuden-a-la-oracion-cuaresmal-del-arciprestazgo-de-arganan\\\/#breadcrumb\"},\"inLanguage\":\"es\",\"potentialAction\":[{\"@type\":\"ReadAction\",\"target\":[\"https:\\\/\\\/www.diocesisciudadrodrigo.org\\\/blog4\\\/medio-centenar-de-personas-acuden-a-la-oracion-cuaresmal-del-arciprestazgo-de-arganan\\\/\"]}]},{\"@type\":\"ImageObject\",\"inLanguage\":\"es\",\"@id\":\"https:\\\/\\\/www.diocesisciudadrodrigo.org\\\/blog4\\\/medio-centenar-de-personas-acuden-a-la-oracion-cuaresmal-del-arciprestazgo-de-arganan\\\/#primaryimage\",\"url\":\"https:\\\/\\\/www.diocesisciudadrodrigo.org\\\/blog4\\\/wp-content\\\/uploads\\\/2026\\\/03\\\/PHOTO-2026-03-04-21-24-44.jpeg\",\"contentUrl\":\"https:\\\/\\\/www.diocesisciudadrodrigo.org\\\/blog4\\\/wp-content\\\/uploads\\\/2026\\\/03\\\/PHOTO-2026-03-04-21-24-44.jpeg\",\"width\":1200,\"height\":675,\"caption\":\"Oraci\u00f3n cuaresmal del Arciprestazgo de Arga\u00f1\u00e1n.\"},{\"@type\":\"BreadcrumbList\",\"@id\":\"https:\\\/\\\/www.diocesisciudadrodrigo.org\\\/blog4\\\/medio-centenar-de-personas-acuden-a-la-oracion-cuaresmal-del-arciprestazgo-de-arganan\\\/#breadcrumb\",\"itemListElement\":[{\"@type\":\"ListItem\",\"position\":1,\"name\":\"Portada\",\"item\":\"https:\\\/\\\/www.diocesisciudadrodrigo.org\\\/blog4\\\/\"},{\"@type\":\"ListItem\",\"position\":2,\"name\":\"Medio centenar de personas acuden a la oraci\u00f3n cuaresmal del Arciprestazgo de Arga\u00f1\u00e1n\"}]},{\"@type\":\"WebSite\",\"@id\":\"https:\\\/\\\/www.diocesisciudadrodrigo.org\\\/blog4\\\/#website\",\"url\":\"https:\\\/\\\/www.diocesisciudadrodrigo.org\\\/blog4\\\/\",\"name\":\"Di\u00f3cesis de Ciudad Rodrigo\",\"description\":\"Sitio web oficial de la di\u00f3cesis civitatense\",\"publisher\":{\"@id\":\"https:\\\/\\\/www.diocesisciudadrodrigo.org\\\/blog4\\\/#organization\"},\"potentialAction\":[{\"@type\":\"SearchAction\",\"target\":{\"@type\":\"EntryPoint\",\"urlTemplate\":\"https:\\\/\\\/www.diocesisciudadrodrigo.org\\\/blog4\\\/?s={search_term_string}\"},\"query-input\":{\"@type\":\"PropertyValueSpecification\",\"valueRequired\":true,\"valueName\":\"search_term_string\"}}],\"inLanguage\":\"es\"},{\"@type\":\"Organization\",\"@id\":\"https:\\\/\\\/www.diocesisciudadrodrigo.org\\\/blog4\\\/#organization\",\"name\":\"Di\u00f3cesis de Ciudad Rodrigo\",\"url\":\"https:\\\/\\\/www.diocesisciudadrodrigo.org\\\/blog4\\\/\",\"logo\":{\"@type\":\"ImageObject\",\"inLanguage\":\"es\",\"@id\":\"https:\\\/\\\/www.diocesisciudadrodrigo.org\\\/blog4\\\/#\\\/schema\\\/logo\\\/image\\\/\",\"url\":\"https:\\\/\\\/www.diocesisciudadrodrigo.org\\\/blog4\\\/wp-content\\\/uploads\\\/2024\\\/12\\\/Diocesis.CMYK_-768x480-1.jpg\",\"contentUrl\":\"https:\\\/\\\/www.diocesisciudadrodrigo.org\\\/blog4\\\/wp-content\\\/uploads\\\/2024\\\/12\\\/Diocesis.CMYK_-768x480-1.jpg\",\"width\":768,\"height\":480,\"caption\":\"Di\u00f3cesis de Ciudad Rodrigo\"},\"image\":{\"@id\":\"https:\\\/\\\/www.diocesisciudadrodrigo.org\\\/blog4\\\/#\\\/schema\\\/logo\\\/image\\\/\"},\"sameAs\":[\"https:\\\/\\\/www.facebook.com\\\/people\\\/Dicesis-Ciudad-Rodrigo-MCS\\\/100076471923419\\\/#\"]},{\"@type\":\"Person\",\"@id\":\"https:\\\/\\\/www.diocesisciudadrodrigo.org\\\/blog4\\\/#\\\/schema\\\/person\\\/5fcf0ca636a75766ff70e6417b6ed052\",\"name\":\"medios CR\",\"image\":{\"@type\":\"ImageObject\",\"inLanguage\":\"es\",\"@id\":\"https:\\\/\\\/secure.gravatar.com\\\/avatar\\\/4a619fd0c7e36bd570f4e6e15eb09a2191185d0f63d8dbfdffe848af141ab87e?s=96&d=mm&r=g\",\"url\":\"https:\\\/\\\/secure.gravatar.com\\\/avatar\\\/4a619fd0c7e36bd570f4e6e15eb09a2191185d0f63d8dbfdffe848af141ab87e?s=96&d=mm&r=g\",\"contentUrl\":\"https:\\\/\\\/secure.gravatar.com\\\/avatar\\\/4a619fd0c7e36bd570f4e6e15eb09a2191185d0f63d8dbfdffe848af141ab87e?s=96&d=mm&r=g\",\"caption\":\"medios CR\"},\"url\":\"https:\\\/\\\/www.diocesisciudadrodrigo.org\\\/blog4\\\/author\\\/admin4\\\/\"}]}<\/script>\n<!-- \/ Yoast SEO plugin. -->","yoast_head_json":{"title":"Medio centenar de personas acuden a la oraci\u00f3n cuaresmal del Arciprestazgo de Arga\u00f1\u00e1n - Di\u00f3cesis de Ciudad Rodrigo","robots":{"index":"index","follow":"follow","max-snippet":"max-snippet:-1","max-image-preview":"max-image-preview:large","max-video-preview":"max-video-preview:-1"},"canonical":"https:\/\/www.diocesisciudadrodrigo.org\/blog4\/medio-centenar-de-personas-acuden-a-la-oracion-cuaresmal-del-arciprestazgo-de-arganan\/","og_locale":"es_ES","og_type":"article","og_title":"Medio centenar de personas acuden a la oraci\u00f3n cuaresmal del Arciprestazgo de Arga\u00f1\u00e1n - Di\u00f3cesis de Ciudad Rodrigo","og_description":"La iglesia parroquial de La Alamedilla ha acogido este encuentro oracional bajo el lema &#8216;Para convertirnos y comprometernos&#8217; Oraci\u00f3n cuaresmal del Arciprestazgo de Arga\u00f1\u00e1n. El Arciprestazgo de Arga\u00f1\u00e1n ha celebrado ... Leer m\u00e1s ...","og_url":"https:\/\/www.diocesisciudadrodrigo.org\/blog4\/medio-centenar-de-personas-acuden-a-la-oracion-cuaresmal-del-arciprestazgo-de-arganan\/","og_site_name":"Di\u00f3cesis de Ciudad Rodrigo","article_publisher":"https:\/\/www.facebook.com\/people\/Dicesis-Ciudad-Rodrigo-MCS\/100076471923419\/#","article_published_time":"2026-03-05T15:46:26+00:00","og_image":[{"width":1200,"height":675,"url":"https:\/\/www.diocesisciudadrodrigo.org\/blog4\/wp-content\/uploads\/2026\/03\/PHOTO-2026-03-04-21-24-44.jpeg","type":"image\/jpeg"}],"author":"medios CR","twitter_card":"summary_large_image","twitter_misc":{"Escrito por":"medios CR","Tiempo de lectura":"3 minutos"},"schema":{"@context":"https:\/\/schema.org","@graph":[{"@type":"Article","@id":"https:\/\/www.diocesisciudadrodrigo.org\/blog4\/medio-centenar-de-personas-acuden-a-la-oracion-cuaresmal-del-arciprestazgo-de-arganan\/#article","isPartOf":{"@id":"https:\/\/www.diocesisciudadrodrigo.org\/blog4\/medio-centenar-de-personas-acuden-a-la-oracion-cuaresmal-del-arciprestazgo-de-arganan\/"},"author":{"name":"medios CR","@id":"https:\/\/www.diocesisciudadrodrigo.org\/blog4\/#\/schema\/person\/5fcf0ca636a75766ff70e6417b6ed052"},"headline":"Medio centenar de personas acuden a la oraci\u00f3n cuaresmal del Arciprestazgo de Arga\u00f1\u00e1n","datePublished":"2026-03-05T15:46:26+00:00","mainEntityOfPage":{"@id":"https:\/\/www.diocesisciudadrodrigo.org\/blog4\/medio-centenar-de-personas-acuden-a-la-oracion-cuaresmal-del-arciprestazgo-de-arganan\/"},"wordCount":239,"publisher":{"@id":"https:\/\/www.diocesisciudadrodrigo.org\/blog4\/#organization"},"image":{"@id":"https:\/\/www.diocesisciudadrodrigo.org\/blog4\/medio-centenar-de-personas-acuden-a-la-oracion-cuaresmal-del-arciprestazgo-de-arganan\/#primaryimage"},"thumbnailUrl":"https:\/\/www.diocesisciudadrodrigo.org\/blog4\/wp-content\/uploads\/2026\/03\/PHOTO-2026-03-04-21-24-44.jpeg","keywords":["Arciprestazgo","Ciudad Rodrigo","Cuaresma","Oraci\u00f3n"],"articleSection":["Noticias"],"inLanguage":"es"},{"@type":"WebPage","@id":"https:\/\/www.diocesisciudadrodrigo.org\/blog4\/medio-centenar-de-personas-acuden-a-la-oracion-cuaresmal-del-arciprestazgo-de-arganan\/","url":"https:\/\/www.diocesisciudadrodrigo.org\/blog4\/medio-centenar-de-personas-acuden-a-la-oracion-cuaresmal-del-arciprestazgo-de-arganan\/","name":"Medio centenar de personas acuden a la oraci\u00f3n cuaresmal del Arciprestazgo de Arga\u00f1\u00e1n - Di\u00f3cesis de Ciudad Rodrigo","isPartOf":{"@id":"https:\/\/www.diocesisciudadrodrigo.org\/blog4\/#website"},"primaryImageOfPage":{"@id":"https:\/\/www.diocesisciudadrodrigo.org\/blog4\/medio-centenar-de-personas-acuden-a-la-oracion-cuaresmal-del-arciprestazgo-de-arganan\/#primaryimage"},"image":{"@id":"https:\/\/www.diocesisciudadrodrigo.org\/blog4\/medio-centenar-de-personas-acuden-a-la-oracion-cuaresmal-del-arciprestazgo-de-arganan\/#primaryimage"},"thumbnailUrl":"https:\/\/www.diocesisciudadrodrigo.org\/blog4\/wp-content\/uploads\/2026\/03\/PHOTO-2026-03-04-21-24-44.jpeg","datePublished":"2026-03-05T15:46:26+00:00","breadcrumb":{"@id":"https:\/\/www.diocesisciudadrodrigo.org\/blog4\/medio-centenar-de-personas-acuden-a-la-oracion-cuaresmal-del-arciprestazgo-de-arganan\/#breadcrumb"},"inLanguage":"es","potentialAction":[{"@type":"ReadAction","target":["https:\/\/www.diocesisciudadrodrigo.org\/blog4\/medio-centenar-de-personas-acuden-a-la-oracion-cuaresmal-del-arciprestazgo-de-arganan\/"]}]},{"@type":"ImageObject","inLanguage":"es","@id":"https:\/\/www.diocesisciudadrodrigo.org\/blog4\/medio-centenar-de-personas-acuden-a-la-oracion-cuaresmal-del-arciprestazgo-de-arganan\/#primaryimage","url":"https:\/\/www.diocesisciudadrodrigo.org\/blog4\/wp-content\/uploads\/2026\/03\/PHOTO-2026-03-04-21-24-44.jpeg","contentUrl":"https:\/\/www.diocesisciudadrodrigo.org\/blog4\/wp-content\/uploads\/2026\/03\/PHOTO-2026-03-04-21-24-44.jpeg","width":1200,"height":675,"caption":"Oraci\u00f3n cuaresmal del Arciprestazgo de Arga\u00f1\u00e1n."},{"@type":"BreadcrumbList","@id":"https:\/\/www.diocesisciudadrodrigo.org\/blog4\/medio-centenar-de-personas-acuden-a-la-oracion-cuaresmal-del-arciprestazgo-de-arganan\/#breadcrumb","itemListElement":[{"@type":"ListItem","position":1,"name":"Portada","item":"https:\/\/www.diocesisciudadrodrigo.org\/blog4\/"},{"@type":"ListItem","position":2,"name":"Medio centenar de personas acuden a la oraci\u00f3n cuaresmal del Arciprestazgo de Arga\u00f1\u00e1n"}]},{"@type":"WebSite","@id":"https:\/\/www.diocesisciudadrodrigo.org\/blog4\/#website","url":"https:\/\/www.diocesisciudadrodrigo.org\/blog4\/","name":"Di\u00f3cesis de Ciudad Rodrigo","description":"Sitio web oficial de la di\u00f3cesis civitatense","publisher":{"@id":"https:\/\/www.diocesisciudadrodrigo.org\/blog4\/#organization"},"potentialAction":[{"@type":"SearchAction","target":{"@type":"EntryPoint","urlTemplate":"https:\/\/www.diocesisciudadrodrigo.org\/blog4\/?s={search_term_string}"},"query-input":{"@type":"PropertyValueSpecification","valueRequired":true,"valueName":"search_term_string"}}],"inLanguage":"es"},{"@type":"Organization","@id":"https:\/\/www.diocesisciudadrodrigo.org\/blog4\/#organization","name":"Di\u00f3cesis de Ciudad Rodrigo","url":"https:\/\/www.diocesisciudadrodrigo.org\/blog4\/","logo":{"@type":"ImageObject","inLanguage":"es","@id":"https:\/\/www.diocesisciudadrodrigo.org\/blog4\/#\/schema\/logo\/image\/","url":"https:\/\/www.diocesisciudadrodrigo.org\/blog4\/wp-content\/uploads\/2024\/12\/Diocesis.CMYK_-768x480-1.jpg","contentUrl":"https:\/\/www.diocesisciudadrodrigo.org\/blog4\/wp-content\/uploads\/2024\/12\/Diocesis.CMYK_-768x480-1.jpg","width":768,"height":480,"caption":"Di\u00f3cesis de Ciudad Rodrigo"},"image":{"@id":"https:\/\/www.diocesisciudadrodrigo.org\/blog4\/#\/schema\/logo\/image\/"},"sameAs":["https:\/\/www.facebook.com\/people\/Dicesis-Ciudad-Rodrigo-MCS\/100076471923419\/#"]},{"@type":"Person","@id":"https:\/\/www.diocesisciudadrodrigo.org\/blog4\/#\/schema\/person\/5fcf0ca636a75766ff70e6417b6ed052","name":"medios CR","image":{"@type":"ImageObject","inLanguage":"es","@id":"https:\/\/secure.gravatar.com\/avatar\/4a619fd0c7e36bd570f4e6e15eb09a2191185d0f63d8dbfdffe848af141ab87e?s=96&d=mm&r=g","url":"https:\/\/secure.gravatar.com\/avatar\/4a619fd0c7e36bd570f4e6e15eb09a2191185d0f63d8dbfdffe848af141ab87e?s=96&d=mm&r=g","contentUrl":"https:\/\/secure.gravatar.com\/avatar\/4a619fd0c7e36bd570f4e6e15eb09a2191185d0f63d8dbfdffe848af141ab87e?s=96&d=mm&r=g","caption":"medios CR"},"url":"https:\/\/www.diocesisciudadrodrigo.org\/blog4\/author\/admin4\/"}]}},"_links":{"self":[{"href":"https:\/\/www.diocesisciudadrodrigo.org\/blog4\/wp-json\/wp\/v2\/posts\/42866","targetHints":{"allow":["GET"]}}],"collection":[{"href":"https:\/\/www.diocesisciudadrodrigo.org\/blog4\/wp-json\/wp\/v2\/posts"}],"about":[{"href":"https:\/\/www.diocesisciudadrodrigo.org\/blog4\/wp-json\/wp\/v2\/types\/post"}],"author":[{"embeddable":true,"href":"https:\/\/www.diocesisciudadrodrigo.org\/blog4\/wp-json\/wp\/v2\/users\/1"}],"replies":[{"embeddable":true,"href":"https:\/\/www.diocesisciudadrodrigo.org\/blog4\/wp-json\/wp\/v2\/comments?post=42866"}],"version-history":[{"count":8,"href":"https:\/\/www.diocesisciudadrodrigo.org\/blog4\/wp-json\/wp\/v2\/posts\/42866\/revisions"}],"predecessor-version":[{"id":42879,"href":"https:\/\/www.diocesisciudadrodrigo.org\/blog4\/wp-json\/wp\/v2\/posts\/42866\/revisions\/42879"}],"wp:featuredmedia":[{"embeddable":true,"href":"https:\/\/www.diocesisciudadrodrigo.org\/blog4\/wp-json\/wp\/v2\/media\/42867"}],"wp:attachment":[{"href":"https:\/\/www.diocesisciudadrodrigo.org\/blog4\/wp-json\/wp\/v2\/media?parent=42866"}],"wp:term":[{"taxonomy":"category","embeddable":true,"href":"https:\/\/www.diocesisciudadrodrigo.org\/blog4\/wp-json\/wp\/v2\/categories?post=42866"},{"taxonomy":"post_tag","embeddable":true,"href":"https:\/\/www.diocesisciudadrodrigo.org\/blog4\/wp-json\/wp\/v2\/tags?post=42866"}],"curies":[{"name":"wp","href":"https:\/\/api.w.org\/{rel}","templated":true}]}}