{"id":42810,"date":"2026-03-02T16:50:24","date_gmt":"2026-03-02T15:50:24","guid":{"rendered":"https:\/\/www.diocesisciudadrodrigo.org\/blog4\/?p=42810"},"modified":"2026-03-02T16:50:24","modified_gmt":"2026-03-02T15:50:24","slug":"ciudad-rodrigo-participa-en-el-xliv-encuentro-de-primavera-de-los-seminaristas-de-la-region-del-duero","status":"publish","type":"post","link":"https:\/\/www.diocesisciudadrodrigo.org\/blog4\/ciudad-rodrigo-participa-en-el-xliv-encuentro-de-primavera-de-los-seminaristas-de-la-region-del-duero\/","title":{"rendered":"Ciudad Rodrigo participa en el XLIV Encuentro de Primavera de los seminaristas de la Regi\u00f3n del Duero"},"content":{"rendered":"\t\t<div data-elementor-type=\"wp-post\" data-elementor-id=\"42810\" class=\"elementor elementor-42810\" data-elementor-settings=\"[]\">\n\t\t\t\t\t\t<div class=\"elementor-inner\">\n\t\t\t\t\t\t\t<div class=\"elementor-section-wrap\">\n\t\t\t\t\t\t\t<section class=\"elementor-section elementor-top-section elementor-element elementor-element-66ebcb7 elementor-section-boxed elementor-section-height-default elementor-section-height-default\" data-id=\"66ebcb7\" data-element_type=\"section\">\n\t\t\t\t\t\t<div class=\"elementor-container elementor-column-gap-default\">\n\t\t\t\t\t\t\t<div class=\"elementor-row\">\n\t\t\t\t\t<div class=\"elementor-column elementor-col-100 elementor-top-column elementor-element elementor-element-abda8c9\" data-id=\"abda8c9\" data-element_type=\"column\">\n\t\t\t<div class=\"elementor-column-wrap elementor-element-populated\">\n\t\t\t\t\t\t\t<div class=\"elementor-widget-wrap\">\n\t\t\t\t\t\t<div class=\"elementor-element elementor-element-9780fe1 elementor-widget elementor-widget-text-editor\" data-id=\"9780fe1\" data-element_type=\"widget\" data-widget_type=\"text-editor.default\">\n\t\t\t\t<div class=\"elementor-widget-container\">\n\t\t\t\t\t\t\t\t<div class=\"elementor-text-editor elementor-clearfix\">\n\t\t\t\t<h3>Se ha celebrado en Valladolid bajo el lema &#8216;El ministerio del presb\u00edtero en la acci\u00f3n sociocaritativa de la Iglesia&#8217;.\u00a0<\/h3>\t\t\t\t\t<\/div>\n\t\t\t\t\t\t<\/div>\n\t\t\t\t<\/div>\n\t\t\t\t\t\t<\/div>\n\t\t\t\t\t<\/div>\n\t\t<\/div>\n\t\t\t\t\t\t\t\t<\/div>\n\t\t\t\t\t<\/div>\n\t\t<\/section>\n\t\t\t\t<section class=\"elementor-section elementor-top-section elementor-element elementor-element-94decbc elementor-section-boxed elementor-section-height-default elementor-section-height-default\" data-id=\"94decbc\" data-element_type=\"section\">\n\t\t\t\t\t\t<div class=\"elementor-container elementor-column-gap-default\">\n\t\t\t\t\t\t\t<div class=\"elementor-row\">\n\t\t\t\t\t<div class=\"elementor-column elementor-col-100 elementor-top-column elementor-element elementor-element-2426ea1\" data-id=\"2426ea1\" data-element_type=\"column\">\n\t\t\t<div class=\"elementor-column-wrap elementor-element-populated\">\n\t\t\t\t\t\t\t<div class=\"elementor-widget-wrap\">\n\t\t\t\t\t\t<div class=\"elementor-element elementor-element-0f172fc elementor-widget elementor-widget-image\" data-id=\"0f172fc\" data-element_type=\"widget\" data-widget_type=\"image.default\">\n\t\t\t\t<div class=\"elementor-widget-container\">\n\t\t\t\t\t\t\t\t<div class=\"elementor-image\">\n\t\t\t\t\t\t\t\t\t\t\t\t<img loading=\"lazy\" decoding=\"async\" width=\"1200\" height=\"675\" src=\"https:\/\/www.diocesisciudadrodrigo.org\/blog4\/wp-content\/uploads\/2026\/03\/8a92c22a-dcd0-4635-8acc-0487e849b166.jpg\" class=\"attachment-large size-large\" alt=\"Encuentro de primavera de Seminaristas\" srcset=\"https:\/\/www.diocesisciudadrodrigo.org\/blog4\/wp-content\/uploads\/2026\/03\/8a92c22a-dcd0-4635-8acc-0487e849b166.jpg 1200w, https:\/\/www.diocesisciudadrodrigo.org\/blog4\/wp-content\/uploads\/2026\/03\/8a92c22a-dcd0-4635-8acc-0487e849b166-1000x563.jpg 1000w, https:\/\/www.diocesisciudadrodrigo.org\/blog4\/wp-content\/uploads\/2026\/03\/8a92c22a-dcd0-4635-8acc-0487e849b166-768x432.jpg 768w, https:\/\/www.diocesisciudadrodrigo.org\/blog4\/wp-content\/uploads\/2026\/03\/8a92c22a-dcd0-4635-8acc-0487e849b166-350x197.jpg 350w\" sizes=\"auto, (max-width: 1200px) 100vw, 1200px\" \/>\t\t\t\t\t\t\t\t\t\t\t\t\t\t<\/div>\n\t\t\t\t\t\t<\/div>\n\t\t\t\t<\/div>\n\t\t\t\t\t\t<\/div>\n\t\t\t\t\t<\/div>\n\t\t<\/div>\n\t\t\t\t\t\t\t\t<\/div>\n\t\t\t\t\t<\/div>\n\t\t<\/section>\n\t\t\t\t<section class=\"elementor-section elementor-top-section elementor-element elementor-element-4e499e2 elementor-section-boxed elementor-section-height-default elementor-section-height-default\" data-id=\"4e499e2\" data-element_type=\"section\">\n\t\t\t\t\t\t<div class=\"elementor-container elementor-column-gap-default\">\n\t\t\t\t\t\t\t<div class=\"elementor-row\">\n\t\t\t\t\t<div class=\"elementor-column elementor-col-100 elementor-top-column elementor-element elementor-element-5b96f9b\" data-id=\"5b96f9b\" data-element_type=\"column\">\n\t\t\t<div class=\"elementor-column-wrap elementor-element-populated\">\n\t\t\t\t\t\t\t<div class=\"elementor-widget-wrap\">\n\t\t\t\t\t\t<div class=\"elementor-element elementor-element-735b6a3 elementor-widget elementor-widget-text-editor\" data-id=\"735b6a3\" data-element_type=\"widget\" data-widget_type=\"text-editor.default\">\n\t\t\t\t<div class=\"elementor-widget-container\">\n\t\t\t\t\t\t\t\t<div class=\"elementor-text-editor elementor-clearfix\">\n\t\t\t\t<p data-start=\"0\" data-end=\"338\">DELEGACI\u00d3N DE MEDIOS<\/p><p data-start=\"0\" data-end=\"338\">El rector del <span class=\"hover:entity-accent entity-underline inline cursor-pointer align-baseline\"><span class=\"whitespace-normal\">Seminario Diocesano de Ciudad Rodrigo<\/span><\/span>, Anselmo Matilla, y el seminarista diocesano Hugo Hern\u00e1ndez han participado este fin de semana en el XLIV Encuentro de Primavera de los seminaristas de la Regi\u00f3n del Duero, <strong>celebrado en Valladolid bajo el lema &#8216;<em data-start=\"262\" data-end=\"337\">El ministerio del presb\u00edtero en la acci\u00f3n sociocaritativa de la Iglesia&#8217;<\/em>.<\/strong><\/p><p data-start=\"340\" data-end=\"574\">El encuentro comenz\u00f3 el viernes por la tarde con<strong> el rezo de V\u00edsperas y una cena compartida<\/strong>, tras la cual tuvo lugar la presentaci\u00f3n de todos los asistentes, favoreciendo un primer momento de convivencia.<\/p><p data-start=\"576\" data-end=\"953\">La jornada del s\u00e1bado se inici\u00f3 con la celebraci\u00f3n de la Eucarist\u00eda junto a las Madres Carmelitas, presidida por el rector del Seminario de Ciudad Rodrigo. A continuaci\u00f3n, se desarrollaron <strong>las dos ponencias centrales del encuentro, centradas en la dimensi\u00f3n social y caritativa del ministerio del presb\u00edtero, a cargo de Jos\u00e9 Luis Segovia<\/strong>, vicario de Pastoral Social de Madrid.<\/p><p data-start=\"955\" data-end=\"1360\">Su intervenci\u00f3n ofreci\u00f3 <strong>una reflexi\u00f3n s\u00f3lida y bien fundamentada, tanto desde el punto de vista teol\u00f3gico como pastoral,<\/strong> y estuvo marcada por un tono profundamente vivencial. Su amplia experiencia en el \u00e1mbito de la pastoral social aport\u00f3 numerosos ejemplos concretos y testimonios que ayudaron a los seminaristas a profundizar en la centralidad de la caridad en la vida y misi\u00f3n del sacerdote.<\/p><p data-start=\"1362\" data-end=\"1995\">Por la tarde se celebr\u00f3 una mesa de experiencias sobre la caridad en la vida de la Iglesia, con la <strong>participaci\u00f3n de diversos representantes de la pastoral social de la archidi\u00f3cesis vallisoletana<\/strong>: Beatriz Gilda, de C\u00e1ritas Interparroquial; Alberto D\u00edaz, del Proyecto Personas sin Hogar de C\u00e1ritas; Susana Mozo, de la Fundaci\u00f3n La Merced Migraciones; y Mari Paz Puente, de Proyecto Hombre. Todos ellos respondieron a cuestiones relacionadas con <strong>la historia, el sentido y la identidad de sus respectivos \u00e1mbitos de trabajo<\/strong>, la labor que desempe\u00f1an y la importancia de la presencia y el acompa\u00f1amiento del sacerdote en estas realidades.<\/p><p data-start=\"1997\" data-end=\"2372\" data-is-last-node=\"\" data-is-only-node=\"\">El domingo por la ma\u00f1ana, los participantes celebraron <strong>la eucarist\u00eda en la <span class=\"hover:entity-accent entity-underline inline cursor-pointer align-baseline\"><span class=\"whitespace-normal\">Catedral de Valladolid<\/span><\/span>, presidida por Monse\u00f1or <span class=\"hover:entity-accent entity-underline inline cursor-pointer align-baseline\"><span class=\"whitespace-normal\">Luis Arg\u00fcello<\/span><\/span><\/strong>, arzobispo de Valladolid y presidente de la Conferencia Episcopal Espa\u00f1ola. El encuentro concluy\u00f3 con una comida de hermandad, poniendo el broche final a unos d\u00edas de formaci\u00f3n, oraci\u00f3n y convivencia fraterna.<\/p>\t\t\t\t\t<\/div>\n\t\t\t\t\t\t<\/div>\n\t\t\t\t<\/div>\n\t\t\t\t\t\t<\/div>\n\t\t\t\t\t<\/div>\n\t\t<\/div>\n\t\t\t\t\t\t\t\t<\/div>\n\t\t\t\t\t<\/div>\n\t\t<\/section>\n\t\t\t\t<section class=\"elementor-section elementor-top-section elementor-element elementor-element-47909af elementor-section-boxed elementor-section-height-default elementor-section-height-default\" data-id=\"47909af\" data-element_type=\"section\">\n\t\t\t\t\t\t<div class=\"elementor-container elementor-column-gap-default\">\n\t\t\t\t\t\t\t<div class=\"elementor-row\">\n\t\t\t\t\t<div class=\"elementor-column elementor-col-100 elementor-top-column elementor-element elementor-element-ee61138\" data-id=\"ee61138\" data-element_type=\"column\">\n\t\t\t<div class=\"elementor-column-wrap elementor-element-populated\">\n\t\t\t\t\t\t\t<div class=\"elementor-widget-wrap\">\n\t\t\t\t\t\t<div class=\"elementor-element elementor-element-8b10804 elementor-widget elementor-widget-image-gallery\" data-id=\"8b10804\" data-element_type=\"widget\" data-widget_type=\"image-gallery.default\">\n\t\t\t\t<div class=\"elementor-widget-container\">\n\t\t\t\t\t<div class=\"elementor-image-gallery\">\n\t\t\t<div id='gallery-1' class='gallery galleryid-42810 gallery-columns-4 gallery-size-thumbnail'><figure class='gallery-item'>\n\t\t\t<div class='gallery-icon landscape'>\n\t\t\t\t<a data-elementor-open-lightbox=\"yes\" data-elementor-lightbox-slideshow=\"8b10804\" data-elementor-lightbox-title=\"072129dd-42b2-4fbc-94ad-ec388fb763b1\" e-action-hash=\"#elementor-action%3Aaction%3Dlightbox%26settings%3DeyJpZCI6NDI4MTcsInVybCI6Imh0dHBzOlwvXC93d3cuZGlvY2VzaXNjaXVkYWRyb2RyaWdvLm9yZ1wvYmxvZzRcL3dwLWNvbnRlbnRcL3VwbG9hZHNcLzIwMjZcLzAzXC8wNzIxMjlkZC00MmIyLTRmYmMtOTRhZC1lYzM4OGZiNzYzYjEuanBnIiwic2xpZGVzaG93IjoiOGIxMDgwNCJ9\" href='https:\/\/www.diocesisciudadrodrigo.org\/blog4\/wp-content\/uploads\/2026\/03\/072129dd-42b2-4fbc-94ad-ec388fb763b1.jpg'><img loading=\"lazy\" decoding=\"async\" width=\"500\" height=\"500\" src=\"https:\/\/www.diocesisciudadrodrigo.org\/blog4\/wp-content\/uploads\/2026\/03\/072129dd-42b2-4fbc-94ad-ec388fb763b1-500x500.jpg\" class=\"attachment-thumbnail size-thumbnail\" alt=\"\" \/><\/a>\n\t\t\t<\/div><\/figure><figure class='gallery-item'>\n\t\t\t<div class='gallery-icon landscape'>\n\t\t\t\t<a data-elementor-open-lightbox=\"yes\" data-elementor-lightbox-slideshow=\"8b10804\" data-elementor-lightbox-title=\"579fef21-928d-4c68-b28a-351f2e3fcc6b\" e-action-hash=\"#elementor-action%3Aaction%3Dlightbox%26settings%3DeyJpZCI6NDI4MTUsInVybCI6Imh0dHBzOlwvXC93d3cuZGlvY2VzaXNjaXVkYWRyb2RyaWdvLm9yZ1wvYmxvZzRcL3dwLWNvbnRlbnRcL3VwbG9hZHNcLzIwMjZcLzAzXC81NzlmZWYyMS05MjhkLTRjNjgtYjI4YS0zNTFmMmUzZmNjNmIuanBnIiwic2xpZGVzaG93IjoiOGIxMDgwNCJ9\" href='https:\/\/www.diocesisciudadrodrigo.org\/blog4\/wp-content\/uploads\/2026\/03\/579fef21-928d-4c68-b28a-351f2e3fcc6b.jpg'><img loading=\"lazy\" decoding=\"async\" width=\"500\" height=\"500\" src=\"https:\/\/www.diocesisciudadrodrigo.org\/blog4\/wp-content\/uploads\/2026\/03\/579fef21-928d-4c68-b28a-351f2e3fcc6b-500x500.jpg\" class=\"attachment-thumbnail size-thumbnail\" alt=\"\" \/><\/a>\n\t\t\t<\/div><\/figure><figure class='gallery-item'>\n\t\t\t<div class='gallery-icon landscape'>\n\t\t\t\t<a data-elementor-open-lightbox=\"yes\" data-elementor-lightbox-slideshow=\"8b10804\" data-elementor-lightbox-title=\"2d2cd316-fdcb-497a-acea-233994eeb29a\" e-action-hash=\"#elementor-action%3Aaction%3Dlightbox%26settings%3DeyJpZCI6NDI4MTYsInVybCI6Imh0dHBzOlwvXC93d3cuZGlvY2VzaXNjaXVkYWRyb2RyaWdvLm9yZ1wvYmxvZzRcL3dwLWNvbnRlbnRcL3VwbG9hZHNcLzIwMjZcLzAzXC8yZDJjZDMxNi1mZGNiLTQ5N2EtYWNlYS0yMzM5OTRlZWIyOWEuanBnIiwic2xpZGVzaG93IjoiOGIxMDgwNCJ9\" href='https:\/\/www.diocesisciudadrodrigo.org\/blog4\/wp-content\/uploads\/2026\/03\/2d2cd316-fdcb-497a-acea-233994eeb29a.jpg'><img loading=\"lazy\" decoding=\"async\" width=\"500\" height=\"500\" src=\"https:\/\/www.diocesisciudadrodrigo.org\/blog4\/wp-content\/uploads\/2026\/03\/2d2cd316-fdcb-497a-acea-233994eeb29a-500x500.jpg\" class=\"attachment-thumbnail size-thumbnail\" alt=\"\" \/><\/a>\n\t\t\t<\/div><\/figure><figure class='gallery-item'>\n\t\t\t<div class='gallery-icon landscape'>\n\t\t\t\t<a data-elementor-open-lightbox=\"yes\" data-elementor-lightbox-slideshow=\"8b10804\" data-elementor-lightbox-title=\"5a999148-e9fc-4602-88a3-1bf6fa6dcd71\" e-action-hash=\"#elementor-action%3Aaction%3Dlightbox%26settings%3DeyJpZCI6NDI4MTgsInVybCI6Imh0dHBzOlwvXC93d3cuZGlvY2VzaXNjaXVkYWRyb2RyaWdvLm9yZ1wvYmxvZzRcL3dwLWNvbnRlbnRcL3VwbG9hZHNcLzIwMjZcLzAzXC81YTk5OTE0OC1lOWZjLTQ2MDItODhhMy0xYmY2ZmE2ZGNkNzEuanBnIiwic2xpZGVzaG93IjoiOGIxMDgwNCJ9\" href='https:\/\/www.diocesisciudadrodrigo.org\/blog4\/wp-content\/uploads\/2026\/03\/5a999148-e9fc-4602-88a3-1bf6fa6dcd71.jpg'><img loading=\"lazy\" decoding=\"async\" width=\"500\" height=\"500\" src=\"https:\/\/www.diocesisciudadrodrigo.org\/blog4\/wp-content\/uploads\/2026\/03\/5a999148-e9fc-4602-88a3-1bf6fa6dcd71-500x500.jpg\" class=\"attachment-thumbnail size-thumbnail\" alt=\"\" \/><\/a>\n\t\t\t<\/div><\/figure><figure class='gallery-item'>\n\t\t\t<div class='gallery-icon landscape'>\n\t\t\t\t<a data-elementor-open-lightbox=\"yes\" data-elementor-lightbox-slideshow=\"8b10804\" data-elementor-lightbox-title=\"84bd90f3-2056-4b72-9397-ca848babe2f4\" e-action-hash=\"#elementor-action%3Aaction%3Dlightbox%26settings%3DeyJpZCI6NDI4MTksInVybCI6Imh0dHBzOlwvXC93d3cuZGlvY2VzaXNjaXVkYWRyb2RyaWdvLm9yZ1wvYmxvZzRcL3dwLWNvbnRlbnRcL3VwbG9hZHNcLzIwMjZcLzAzXC84NGJkOTBmMy0yMDU2LTRiNzItOTM5Ny1jYTg0OGJhYmUyZjQuanBnIiwic2xpZGVzaG93IjoiOGIxMDgwNCJ9\" href='https:\/\/www.diocesisciudadrodrigo.org\/blog4\/wp-content\/uploads\/2026\/03\/84bd90f3-2056-4b72-9397-ca848babe2f4.jpg'><img loading=\"lazy\" decoding=\"async\" width=\"500\" height=\"500\" src=\"https:\/\/www.diocesisciudadrodrigo.org\/blog4\/wp-content\/uploads\/2026\/03\/84bd90f3-2056-4b72-9397-ca848babe2f4-500x500.jpg\" class=\"attachment-thumbnail size-thumbnail\" alt=\"\" \/><\/a>\n\t\t\t<\/div><\/figure><figure class='gallery-item'>\n\t\t\t<div class='gallery-icon landscape'>\n\t\t\t\t<a data-elementor-open-lightbox=\"yes\" data-elementor-lightbox-slideshow=\"8b10804\" data-elementor-lightbox-title=\"48307e47-f5c6-4c91-a93d-5e6e4da4f398\" e-action-hash=\"#elementor-action%3Aaction%3Dlightbox%26settings%3DeyJpZCI6NDI4MjAsInVybCI6Imh0dHBzOlwvXC93d3cuZGlvY2VzaXNjaXVkYWRyb2RyaWdvLm9yZ1wvYmxvZzRcL3dwLWNvbnRlbnRcL3VwbG9hZHNcLzIwMjZcLzAzXC80ODMwN2U0Ny1mNWM2LTRjOTEtYTkzZC01ZTZlNGRhNGYzOTguanBnIiwic2xpZGVzaG93IjoiOGIxMDgwNCJ9\" href='https:\/\/www.diocesisciudadrodrigo.org\/blog4\/wp-content\/uploads\/2026\/03\/48307e47-f5c6-4c91-a93d-5e6e4da4f398.jpg'><img loading=\"lazy\" decoding=\"async\" width=\"500\" height=\"500\" src=\"https:\/\/www.diocesisciudadrodrigo.org\/blog4\/wp-content\/uploads\/2026\/03\/48307e47-f5c6-4c91-a93d-5e6e4da4f398-500x500.jpg\" class=\"attachment-thumbnail size-thumbnail\" alt=\"\" \/><\/a>\n\t\t\t<\/div><\/figure><figure class='gallery-item'>\n\t\t\t<div class='gallery-icon landscape'>\n\t\t\t\t<a data-elementor-open-lightbox=\"yes\" data-elementor-lightbox-slideshow=\"8b10804\" data-elementor-lightbox-title=\"ac609016-e198-45b3-bfec-dbae8d398523\" e-action-hash=\"#elementor-action%3Aaction%3Dlightbox%26settings%3DeyJpZCI6NDI4MjEsInVybCI6Imh0dHBzOlwvXC93d3cuZGlvY2VzaXNjaXVkYWRyb2RyaWdvLm9yZ1wvYmxvZzRcL3dwLWNvbnRlbnRcL3VwbG9hZHNcLzIwMjZcLzAzXC9hYzYwOTAxNi1lMTk4LTQ1YjMtYmZlYy1kYmFlOGQzOTg1MjMuanBnIiwic2xpZGVzaG93IjoiOGIxMDgwNCJ9\" href='https:\/\/www.diocesisciudadrodrigo.org\/blog4\/wp-content\/uploads\/2026\/03\/ac609016-e198-45b3-bfec-dbae8d398523.jpg'><img loading=\"lazy\" decoding=\"async\" width=\"500\" height=\"500\" src=\"https:\/\/www.diocesisciudadrodrigo.org\/blog4\/wp-content\/uploads\/2026\/03\/ac609016-e198-45b3-bfec-dbae8d398523-500x500.jpg\" class=\"attachment-thumbnail size-thumbnail\" alt=\"\" \/><\/a>\n\t\t\t<\/div><\/figure><figure class='gallery-item'>\n\t\t\t<div class='gallery-icon landscape'>\n\t\t\t\t<a data-elementor-open-lightbox=\"yes\" data-elementor-lightbox-slideshow=\"8b10804\" data-elementor-lightbox-title=\"a4100072-bcf1-42c5-8412-195a6bad4bf3\" e-action-hash=\"#elementor-action%3Aaction%3Dlightbox%26settings%3DeyJpZCI6NDI4MjIsInVybCI6Imh0dHBzOlwvXC93d3cuZGlvY2VzaXNjaXVkYWRyb2RyaWdvLm9yZ1wvYmxvZzRcL3dwLWNvbnRlbnRcL3VwbG9hZHNcLzIwMjZcLzAzXC9hNDEwMDA3Mi1iY2YxLTQyYzUtODQxMi0xOTVhNmJhZDRiZjMuanBnIiwic2xpZGVzaG93IjoiOGIxMDgwNCJ9\" href='https:\/\/www.diocesisciudadrodrigo.org\/blog4\/wp-content\/uploads\/2026\/03\/a4100072-bcf1-42c5-8412-195a6bad4bf3.jpg'><img loading=\"lazy\" decoding=\"async\" width=\"500\" height=\"500\" src=\"https:\/\/www.diocesisciudadrodrigo.org\/blog4\/wp-content\/uploads\/2026\/03\/a4100072-bcf1-42c5-8412-195a6bad4bf3-500x500.jpg\" class=\"attachment-thumbnail size-thumbnail\" alt=\"\" \/><\/a>\n\t\t\t<\/div><\/figure>\n\t\t<\/div>\n\t\t<\/div>\n\t\t\t\t<\/div>\n\t\t\t\t<\/div>\n\t\t\t\t\t\t<\/div>\n\t\t\t\t\t<\/div>\n\t\t<\/div>\n\t\t\t\t\t\t\t\t<\/div>\n\t\t\t\t\t<\/div>\n\t\t<\/section>\n\t\t\t\t\t\t<\/div>\n\t\t\t\t\t\t<\/div>\n\t\t\t\t\t<\/div>\n\t\t","protected":false},"excerpt":{"rendered":"<p>Se ha celebrado en Valladolid bajo el lema &#8216;El ministerio del presb\u00edtero en la acci\u00f3n sociocaritativa de la Iglesia&#8217;. DELEGACI\u00d3N DE MEDIOS El rector del Seminario Diocesano de Ciudad Rodrigo, &#8230; <\/p>\n<p class=\"read-more-container\"><a title=\"Ciudad Rodrigo participa en el XLIV Encuentro de Primavera de los seminaristas de la Regi\u00f3n del Duero\" class=\"read-more button\" href=\"https:\/\/www.diocesisciudadrodrigo.org\/blog4\/ciudad-rodrigo-participa-en-el-xliv-encuentro-de-primavera-de-los-seminaristas-de-la-region-del-duero\/#more-42810\" aria-label=\"M\u00e1s en Ciudad Rodrigo participa en el XLIV Encuentro de Primavera de los seminaristas de la Regi\u00f3n del Duero\">Leer m\u00e1s &#8230;<\/a><\/p>\n","protected":false},"author":1,"featured_media":42823,"comment_status":"closed","ping_status":"closed","sticky":false,"template":"","format":"standard","meta":{"footnotes":""},"categories":[6],"tags":[32,15],"class_list":["post-42810","post","type-post","status-publish","format-standard","has-post-thumbnail","hentry","category-noticias","tag-ciudad-rodrigo","tag-seminario","masonry-post","generate-columns","tablet-grid-50","mobile-grid-100","grid-parent","grid-50"],"yoast_head":"<!-- This site is optimized with the Yoast SEO plugin v27.3 - https:\/\/yoast.com\/product\/yoast-seo-wordpress\/ -->\n<title>Ciudad Rodrigo participa en el XLIV Encuentro de Primavera de los seminaristas de la Regi\u00f3n del Duero - Di\u00f3cesis de Ciudad Rodrigo<\/title>\n<meta name=\"description\" content=\"El Encuentro de Primavera de los seminaristas de la Regi\u00f3n del Duero se ha celebrado bajo el lema \u2018El ministerio del presb\u00edtero en la acci\u00f3n sociocaritativa de la Iglesia\u2019\" \/>\n<meta name=\"robots\" content=\"index, follow, max-snippet:-1, max-image-preview:large, max-video-preview:-1\" \/>\n<link rel=\"canonical\" href=\"https:\/\/www.diocesisciudadrodrigo.org\/blog4\/ciudad-rodrigo-participa-en-el-xliv-encuentro-de-primavera-de-los-seminaristas-de-la-region-del-duero\/\" \/>\n<meta property=\"og:locale\" content=\"es_ES\" \/>\n<meta property=\"og:type\" content=\"article\" \/>\n<meta property=\"og:title\" content=\"Ciudad Rodrigo participa en el XLIV Encuentro de Primavera de los seminaristas de la Regi\u00f3n del Duero - Di\u00f3cesis de Ciudad Rodrigo\" \/>\n<meta property=\"og:description\" content=\"El Encuentro de Primavera de los seminaristas de la Regi\u00f3n del Duero se ha celebrado bajo el lema \u2018El ministerio del presb\u00edtero en la acci\u00f3n sociocaritativa de la Iglesia\u2019\" \/>\n<meta property=\"og:url\" content=\"https:\/\/www.diocesisciudadrodrigo.org\/blog4\/ciudad-rodrigo-participa-en-el-xliv-encuentro-de-primavera-de-los-seminaristas-de-la-region-del-duero\/\" \/>\n<meta property=\"og:site_name\" content=\"Di\u00f3cesis de Ciudad Rodrigo\" \/>\n<meta property=\"article:publisher\" content=\"https:\/\/www.facebook.com\/people\/Dicesis-Ciudad-Rodrigo-MCS\/100076471923419\/#\" \/>\n<meta property=\"article:published_time\" content=\"2026-03-02T15:50:24+00:00\" \/>\n<meta property=\"og:image\" content=\"https:\/\/www.diocesisciudadrodrigo.org\/blog4\/wp-content\/uploads\/2026\/03\/8a92c22a-dcd0-4635-8acc-0487e849b166.jpg\" \/>\n\t<meta property=\"og:image:width\" content=\"1200\" \/>\n\t<meta property=\"og:image:height\" content=\"675\" \/>\n\t<meta property=\"og:image:type\" content=\"image\/jpeg\" \/>\n<meta name=\"author\" content=\"medios CR\" \/>\n<meta name=\"twitter:card\" content=\"summary_large_image\" \/>\n<meta name=\"twitter:label1\" content=\"Escrito por\" \/>\n\t<meta name=\"twitter:data1\" content=\"medios CR\" \/>\n\t<meta name=\"twitter:label2\" content=\"Tiempo de lectura\" \/>\n\t<meta name=\"twitter:data2\" content=\"4 minutos\" \/>\n<script type=\"application\/ld+json\" class=\"yoast-schema-graph\">{\"@context\":\"https:\\\/\\\/schema.org\",\"@graph\":[{\"@type\":\"Article\",\"@id\":\"https:\\\/\\\/www.diocesisciudadrodrigo.org\\\/blog4\\\/ciudad-rodrigo-participa-en-el-xliv-encuentro-de-primavera-de-los-seminaristas-de-la-region-del-duero\\\/#article\",\"isPartOf\":{\"@id\":\"https:\\\/\\\/www.diocesisciudadrodrigo.org\\\/blog4\\\/ciudad-rodrigo-participa-en-el-xliv-encuentro-de-primavera-de-los-seminaristas-de-la-region-del-duero\\\/\"},\"author\":{\"name\":\"medios CR\",\"@id\":\"https:\\\/\\\/www.diocesisciudadrodrigo.org\\\/blog4\\\/#\\\/schema\\\/person\\\/5fcf0ca636a75766ff70e6417b6ed052\"},\"headline\":\"Ciudad Rodrigo participa en el XLIV Encuentro de Primavera de los seminaristas de la Regi\u00f3n del Duero\",\"datePublished\":\"2026-03-02T15:50:24+00:00\",\"mainEntityOfPage\":{\"@id\":\"https:\\\/\\\/www.diocesisciudadrodrigo.org\\\/blog4\\\/ciudad-rodrigo-participa-en-el-xliv-encuentro-de-primavera-de-los-seminaristas-de-la-region-del-duero\\\/\"},\"wordCount\":434,\"publisher\":{\"@id\":\"https:\\\/\\\/www.diocesisciudadrodrigo.org\\\/blog4\\\/#organization\"},\"image\":{\"@id\":\"https:\\\/\\\/www.diocesisciudadrodrigo.org\\\/blog4\\\/ciudad-rodrigo-participa-en-el-xliv-encuentro-de-primavera-de-los-seminaristas-de-la-region-del-duero\\\/#primaryimage\"},\"thumbnailUrl\":\"https:\\\/\\\/www.diocesisciudadrodrigo.org\\\/blog4\\\/wp-content\\\/uploads\\\/2026\\\/03\\\/8a92c22a-dcd0-4635-8acc-0487e849b166.jpg\",\"keywords\":[\"Ciudad Rodrigo\",\"seminario\"],\"articleSection\":[\"Noticias\"],\"inLanguage\":\"es\"},{\"@type\":\"WebPage\",\"@id\":\"https:\\\/\\\/www.diocesisciudadrodrigo.org\\\/blog4\\\/ciudad-rodrigo-participa-en-el-xliv-encuentro-de-primavera-de-los-seminaristas-de-la-region-del-duero\\\/\",\"url\":\"https:\\\/\\\/www.diocesisciudadrodrigo.org\\\/blog4\\\/ciudad-rodrigo-participa-en-el-xliv-encuentro-de-primavera-de-los-seminaristas-de-la-region-del-duero\\\/\",\"name\":\"Ciudad Rodrigo participa en el XLIV Encuentro de Primavera de los seminaristas de la Regi\u00f3n del Duero - Di\u00f3cesis de Ciudad Rodrigo\",\"isPartOf\":{\"@id\":\"https:\\\/\\\/www.diocesisciudadrodrigo.org\\\/blog4\\\/#website\"},\"primaryImageOfPage\":{\"@id\":\"https:\\\/\\\/www.diocesisciudadrodrigo.org\\\/blog4\\\/ciudad-rodrigo-participa-en-el-xliv-encuentro-de-primavera-de-los-seminaristas-de-la-region-del-duero\\\/#primaryimage\"},\"image\":{\"@id\":\"https:\\\/\\\/www.diocesisciudadrodrigo.org\\\/blog4\\\/ciudad-rodrigo-participa-en-el-xliv-encuentro-de-primavera-de-los-seminaristas-de-la-region-del-duero\\\/#primaryimage\"},\"thumbnailUrl\":\"https:\\\/\\\/www.diocesisciudadrodrigo.org\\\/blog4\\\/wp-content\\\/uploads\\\/2026\\\/03\\\/8a92c22a-dcd0-4635-8acc-0487e849b166.jpg\",\"datePublished\":\"2026-03-02T15:50:24+00:00\",\"description\":\"El Encuentro de Primavera de los seminaristas de la Regi\u00f3n del Duero se ha celebrado bajo el lema \u2018El ministerio del presb\u00edtero en la acci\u00f3n sociocaritativa de la Iglesia\u2019\",\"breadcrumb\":{\"@id\":\"https:\\\/\\\/www.diocesisciudadrodrigo.org\\\/blog4\\\/ciudad-rodrigo-participa-en-el-xliv-encuentro-de-primavera-de-los-seminaristas-de-la-region-del-duero\\\/#breadcrumb\"},\"inLanguage\":\"es\",\"potentialAction\":[{\"@type\":\"ReadAction\",\"target\":[\"https:\\\/\\\/www.diocesisciudadrodrigo.org\\\/blog4\\\/ciudad-rodrigo-participa-en-el-xliv-encuentro-de-primavera-de-los-seminaristas-de-la-region-del-duero\\\/\"]}]},{\"@type\":\"ImageObject\",\"inLanguage\":\"es\",\"@id\":\"https:\\\/\\\/www.diocesisciudadrodrigo.org\\\/blog4\\\/ciudad-rodrigo-participa-en-el-xliv-encuentro-de-primavera-de-los-seminaristas-de-la-region-del-duero\\\/#primaryimage\",\"url\":\"https:\\\/\\\/www.diocesisciudadrodrigo.org\\\/blog4\\\/wp-content\\\/uploads\\\/2026\\\/03\\\/8a92c22a-dcd0-4635-8acc-0487e849b166.jpg\",\"contentUrl\":\"https:\\\/\\\/www.diocesisciudadrodrigo.org\\\/blog4\\\/wp-content\\\/uploads\\\/2026\\\/03\\\/8a92c22a-dcd0-4635-8acc-0487e849b166.jpg\",\"width\":1200,\"height\":675,\"caption\":\"Encuentro de primavera de Seminaristas\"},{\"@type\":\"BreadcrumbList\",\"@id\":\"https:\\\/\\\/www.diocesisciudadrodrigo.org\\\/blog4\\\/ciudad-rodrigo-participa-en-el-xliv-encuentro-de-primavera-de-los-seminaristas-de-la-region-del-duero\\\/#breadcrumb\",\"itemListElement\":[{\"@type\":\"ListItem\",\"position\":1,\"name\":\"Portada\",\"item\":\"https:\\\/\\\/www.diocesisciudadrodrigo.org\\\/blog4\\\/\"},{\"@type\":\"ListItem\",\"position\":2,\"name\":\"Ciudad Rodrigo participa en el XLIV Encuentro de Primavera de los seminaristas de la Regi\u00f3n del Duero\"}]},{\"@type\":\"WebSite\",\"@id\":\"https:\\\/\\\/www.diocesisciudadrodrigo.org\\\/blog4\\\/#website\",\"url\":\"https:\\\/\\\/www.diocesisciudadrodrigo.org\\\/blog4\\\/\",\"name\":\"Di\u00f3cesis de Ciudad Rodrigo\",\"description\":\"Sitio web oficial de la di\u00f3cesis civitatense\",\"publisher\":{\"@id\":\"https:\\\/\\\/www.diocesisciudadrodrigo.org\\\/blog4\\\/#organization\"},\"potentialAction\":[{\"@type\":\"SearchAction\",\"target\":{\"@type\":\"EntryPoint\",\"urlTemplate\":\"https:\\\/\\\/www.diocesisciudadrodrigo.org\\\/blog4\\\/?s={search_term_string}\"},\"query-input\":{\"@type\":\"PropertyValueSpecification\",\"valueRequired\":true,\"valueName\":\"search_term_string\"}}],\"inLanguage\":\"es\"},{\"@type\":\"Organization\",\"@id\":\"https:\\\/\\\/www.diocesisciudadrodrigo.org\\\/blog4\\\/#organization\",\"name\":\"Di\u00f3cesis de Ciudad Rodrigo\",\"url\":\"https:\\\/\\\/www.diocesisciudadrodrigo.org\\\/blog4\\\/\",\"logo\":{\"@type\":\"ImageObject\",\"inLanguage\":\"es\",\"@id\":\"https:\\\/\\\/www.diocesisciudadrodrigo.org\\\/blog4\\\/#\\\/schema\\\/logo\\\/image\\\/\",\"url\":\"https:\\\/\\\/www.diocesisciudadrodrigo.org\\\/blog4\\\/wp-content\\\/uploads\\\/2024\\\/12\\\/Diocesis.CMYK_-768x480-1.jpg\",\"contentUrl\":\"https:\\\/\\\/www.diocesisciudadrodrigo.org\\\/blog4\\\/wp-content\\\/uploads\\\/2024\\\/12\\\/Diocesis.CMYK_-768x480-1.jpg\",\"width\":768,\"height\":480,\"caption\":\"Di\u00f3cesis de Ciudad Rodrigo\"},\"image\":{\"@id\":\"https:\\\/\\\/www.diocesisciudadrodrigo.org\\\/blog4\\\/#\\\/schema\\\/logo\\\/image\\\/\"},\"sameAs\":[\"https:\\\/\\\/www.facebook.com\\\/people\\\/Dicesis-Ciudad-Rodrigo-MCS\\\/100076471923419\\\/#\"]},{\"@type\":\"Person\",\"@id\":\"https:\\\/\\\/www.diocesisciudadrodrigo.org\\\/blog4\\\/#\\\/schema\\\/person\\\/5fcf0ca636a75766ff70e6417b6ed052\",\"name\":\"medios CR\",\"image\":{\"@type\":\"ImageObject\",\"inLanguage\":\"es\",\"@id\":\"https:\\\/\\\/secure.gravatar.com\\\/avatar\\\/4a619fd0c7e36bd570f4e6e15eb09a2191185d0f63d8dbfdffe848af141ab87e?s=96&d=mm&r=g\",\"url\":\"https:\\\/\\\/secure.gravatar.com\\\/avatar\\\/4a619fd0c7e36bd570f4e6e15eb09a2191185d0f63d8dbfdffe848af141ab87e?s=96&d=mm&r=g\",\"contentUrl\":\"https:\\\/\\\/secure.gravatar.com\\\/avatar\\\/4a619fd0c7e36bd570f4e6e15eb09a2191185d0f63d8dbfdffe848af141ab87e?s=96&d=mm&r=g\",\"caption\":\"medios CR\"},\"url\":\"https:\\\/\\\/www.diocesisciudadrodrigo.org\\\/blog4\\\/author\\\/admin4\\\/\"}]}<\/script>\n<!-- \/ Yoast SEO plugin. -->","yoast_head_json":{"title":"Ciudad Rodrigo participa en el XLIV Encuentro de Primavera de los seminaristas de la Regi\u00f3n del Duero - Di\u00f3cesis de Ciudad Rodrigo","description":"El Encuentro de Primavera de los seminaristas de la Regi\u00f3n del Duero se ha celebrado bajo el lema \u2018El ministerio del presb\u00edtero en la acci\u00f3n sociocaritativa de la Iglesia\u2019","robots":{"index":"index","follow":"follow","max-snippet":"max-snippet:-1","max-image-preview":"max-image-preview:large","max-video-preview":"max-video-preview:-1"},"canonical":"https:\/\/www.diocesisciudadrodrigo.org\/blog4\/ciudad-rodrigo-participa-en-el-xliv-encuentro-de-primavera-de-los-seminaristas-de-la-region-del-duero\/","og_locale":"es_ES","og_type":"article","og_title":"Ciudad Rodrigo participa en el XLIV Encuentro de Primavera de los seminaristas de la Regi\u00f3n del Duero - Di\u00f3cesis de Ciudad Rodrigo","og_description":"El Encuentro de Primavera de los seminaristas de la Regi\u00f3n del Duero se ha celebrado bajo el lema \u2018El ministerio del presb\u00edtero en la acci\u00f3n sociocaritativa de la Iglesia\u2019","og_url":"https:\/\/www.diocesisciudadrodrigo.org\/blog4\/ciudad-rodrigo-participa-en-el-xliv-encuentro-de-primavera-de-los-seminaristas-de-la-region-del-duero\/","og_site_name":"Di\u00f3cesis de Ciudad Rodrigo","article_publisher":"https:\/\/www.facebook.com\/people\/Dicesis-Ciudad-Rodrigo-MCS\/100076471923419\/#","article_published_time":"2026-03-02T15:50:24+00:00","og_image":[{"width":1200,"height":675,"url":"https:\/\/www.diocesisciudadrodrigo.org\/blog4\/wp-content\/uploads\/2026\/03\/8a92c22a-dcd0-4635-8acc-0487e849b166.jpg","type":"image\/jpeg"}],"author":"medios CR","twitter_card":"summary_large_image","twitter_misc":{"Escrito por":"medios CR","Tiempo de lectura":"4 minutos"},"schema":{"@context":"https:\/\/schema.org","@graph":[{"@type":"Article","@id":"https:\/\/www.diocesisciudadrodrigo.org\/blog4\/ciudad-rodrigo-participa-en-el-xliv-encuentro-de-primavera-de-los-seminaristas-de-la-region-del-duero\/#article","isPartOf":{"@id":"https:\/\/www.diocesisciudadrodrigo.org\/blog4\/ciudad-rodrigo-participa-en-el-xliv-encuentro-de-primavera-de-los-seminaristas-de-la-region-del-duero\/"},"author":{"name":"medios CR","@id":"https:\/\/www.diocesisciudadrodrigo.org\/blog4\/#\/schema\/person\/5fcf0ca636a75766ff70e6417b6ed052"},"headline":"Ciudad Rodrigo participa en el XLIV Encuentro de Primavera de los seminaristas de la Regi\u00f3n del Duero","datePublished":"2026-03-02T15:50:24+00:00","mainEntityOfPage":{"@id":"https:\/\/www.diocesisciudadrodrigo.org\/blog4\/ciudad-rodrigo-participa-en-el-xliv-encuentro-de-primavera-de-los-seminaristas-de-la-region-del-duero\/"},"wordCount":434,"publisher":{"@id":"https:\/\/www.diocesisciudadrodrigo.org\/blog4\/#organization"},"image":{"@id":"https:\/\/www.diocesisciudadrodrigo.org\/blog4\/ciudad-rodrigo-participa-en-el-xliv-encuentro-de-primavera-de-los-seminaristas-de-la-region-del-duero\/#primaryimage"},"thumbnailUrl":"https:\/\/www.diocesisciudadrodrigo.org\/blog4\/wp-content\/uploads\/2026\/03\/8a92c22a-dcd0-4635-8acc-0487e849b166.jpg","keywords":["Ciudad Rodrigo","seminario"],"articleSection":["Noticias"],"inLanguage":"es"},{"@type":"WebPage","@id":"https:\/\/www.diocesisciudadrodrigo.org\/blog4\/ciudad-rodrigo-participa-en-el-xliv-encuentro-de-primavera-de-los-seminaristas-de-la-region-del-duero\/","url":"https:\/\/www.diocesisciudadrodrigo.org\/blog4\/ciudad-rodrigo-participa-en-el-xliv-encuentro-de-primavera-de-los-seminaristas-de-la-region-del-duero\/","name":"Ciudad Rodrigo participa en el XLIV Encuentro de Primavera de los seminaristas de la Regi\u00f3n del Duero - Di\u00f3cesis de Ciudad Rodrigo","isPartOf":{"@id":"https:\/\/www.diocesisciudadrodrigo.org\/blog4\/#website"},"primaryImageOfPage":{"@id":"https:\/\/www.diocesisciudadrodrigo.org\/blog4\/ciudad-rodrigo-participa-en-el-xliv-encuentro-de-primavera-de-los-seminaristas-de-la-region-del-duero\/#primaryimage"},"image":{"@id":"https:\/\/www.diocesisciudadrodrigo.org\/blog4\/ciudad-rodrigo-participa-en-el-xliv-encuentro-de-primavera-de-los-seminaristas-de-la-region-del-duero\/#primaryimage"},"thumbnailUrl":"https:\/\/www.diocesisciudadrodrigo.org\/blog4\/wp-content\/uploads\/2026\/03\/8a92c22a-dcd0-4635-8acc-0487e849b166.jpg","datePublished":"2026-03-02T15:50:24+00:00","description":"El Encuentro de Primavera de los seminaristas de la Regi\u00f3n del Duero se ha celebrado bajo el lema \u2018El ministerio del presb\u00edtero en la acci\u00f3n sociocaritativa de la Iglesia\u2019","breadcrumb":{"@id":"https:\/\/www.diocesisciudadrodrigo.org\/blog4\/ciudad-rodrigo-participa-en-el-xliv-encuentro-de-primavera-de-los-seminaristas-de-la-region-del-duero\/#breadcrumb"},"inLanguage":"es","potentialAction":[{"@type":"ReadAction","target":["https:\/\/www.diocesisciudadrodrigo.org\/blog4\/ciudad-rodrigo-participa-en-el-xliv-encuentro-de-primavera-de-los-seminaristas-de-la-region-del-duero\/"]}]},{"@type":"ImageObject","inLanguage":"es","@id":"https:\/\/www.diocesisciudadrodrigo.org\/blog4\/ciudad-rodrigo-participa-en-el-xliv-encuentro-de-primavera-de-los-seminaristas-de-la-region-del-duero\/#primaryimage","url":"https:\/\/www.diocesisciudadrodrigo.org\/blog4\/wp-content\/uploads\/2026\/03\/8a92c22a-dcd0-4635-8acc-0487e849b166.jpg","contentUrl":"https:\/\/www.diocesisciudadrodrigo.org\/blog4\/wp-content\/uploads\/2026\/03\/8a92c22a-dcd0-4635-8acc-0487e849b166.jpg","width":1200,"height":675,"caption":"Encuentro de primavera de Seminaristas"},{"@type":"BreadcrumbList","@id":"https:\/\/www.diocesisciudadrodrigo.org\/blog4\/ciudad-rodrigo-participa-en-el-xliv-encuentro-de-primavera-de-los-seminaristas-de-la-region-del-duero\/#breadcrumb","itemListElement":[{"@type":"ListItem","position":1,"name":"Portada","item":"https:\/\/www.diocesisciudadrodrigo.org\/blog4\/"},{"@type":"ListItem","position":2,"name":"Ciudad Rodrigo participa en el XLIV Encuentro de Primavera de los seminaristas de la Regi\u00f3n del Duero"}]},{"@type":"WebSite","@id":"https:\/\/www.diocesisciudadrodrigo.org\/blog4\/#website","url":"https:\/\/www.diocesisciudadrodrigo.org\/blog4\/","name":"Di\u00f3cesis de Ciudad Rodrigo","description":"Sitio web oficial de la di\u00f3cesis civitatense","publisher":{"@id":"https:\/\/www.diocesisciudadrodrigo.org\/blog4\/#organization"},"potentialAction":[{"@type":"SearchAction","target":{"@type":"EntryPoint","urlTemplate":"https:\/\/www.diocesisciudadrodrigo.org\/blog4\/?s={search_term_string}"},"query-input":{"@type":"PropertyValueSpecification","valueRequired":true,"valueName":"search_term_string"}}],"inLanguage":"es"},{"@type":"Organization","@id":"https:\/\/www.diocesisciudadrodrigo.org\/blog4\/#organization","name":"Di\u00f3cesis de Ciudad Rodrigo","url":"https:\/\/www.diocesisciudadrodrigo.org\/blog4\/","logo":{"@type":"ImageObject","inLanguage":"es","@id":"https:\/\/www.diocesisciudadrodrigo.org\/blog4\/#\/schema\/logo\/image\/","url":"https:\/\/www.diocesisciudadrodrigo.org\/blog4\/wp-content\/uploads\/2024\/12\/Diocesis.CMYK_-768x480-1.jpg","contentUrl":"https:\/\/www.diocesisciudadrodrigo.org\/blog4\/wp-content\/uploads\/2024\/12\/Diocesis.CMYK_-768x480-1.jpg","width":768,"height":480,"caption":"Di\u00f3cesis de Ciudad Rodrigo"},"image":{"@id":"https:\/\/www.diocesisciudadrodrigo.org\/blog4\/#\/schema\/logo\/image\/"},"sameAs":["https:\/\/www.facebook.com\/people\/Dicesis-Ciudad-Rodrigo-MCS\/100076471923419\/#"]},{"@type":"Person","@id":"https:\/\/www.diocesisciudadrodrigo.org\/blog4\/#\/schema\/person\/5fcf0ca636a75766ff70e6417b6ed052","name":"medios CR","image":{"@type":"ImageObject","inLanguage":"es","@id":"https:\/\/secure.gravatar.com\/avatar\/4a619fd0c7e36bd570f4e6e15eb09a2191185d0f63d8dbfdffe848af141ab87e?s=96&d=mm&r=g","url":"https:\/\/secure.gravatar.com\/avatar\/4a619fd0c7e36bd570f4e6e15eb09a2191185d0f63d8dbfdffe848af141ab87e?s=96&d=mm&r=g","contentUrl":"https:\/\/secure.gravatar.com\/avatar\/4a619fd0c7e36bd570f4e6e15eb09a2191185d0f63d8dbfdffe848af141ab87e?s=96&d=mm&r=g","caption":"medios CR"},"url":"https:\/\/www.diocesisciudadrodrigo.org\/blog4\/author\/admin4\/"}]}},"_links":{"self":[{"href":"https:\/\/www.diocesisciudadrodrigo.org\/blog4\/wp-json\/wp\/v2\/posts\/42810","targetHints":{"allow":["GET"]}}],"collection":[{"href":"https:\/\/www.diocesisciudadrodrigo.org\/blog4\/wp-json\/wp\/v2\/posts"}],"about":[{"href":"https:\/\/www.diocesisciudadrodrigo.org\/blog4\/wp-json\/wp\/v2\/types\/post"}],"author":[{"embeddable":true,"href":"https:\/\/www.diocesisciudadrodrigo.org\/blog4\/wp-json\/wp\/v2\/users\/1"}],"replies":[{"embeddable":true,"href":"https:\/\/www.diocesisciudadrodrigo.org\/blog4\/wp-json\/wp\/v2\/comments?post=42810"}],"version-history":[{"count":12,"href":"https:\/\/www.diocesisciudadrodrigo.org\/blog4\/wp-json\/wp\/v2\/posts\/42810\/revisions"}],"predecessor-version":[{"id":42832,"href":"https:\/\/www.diocesisciudadrodrigo.org\/blog4\/wp-json\/wp\/v2\/posts\/42810\/revisions\/42832"}],"wp:featuredmedia":[{"embeddable":true,"href":"https:\/\/www.diocesisciudadrodrigo.org\/blog4\/wp-json\/wp\/v2\/media\/42823"}],"wp:attachment":[{"href":"https:\/\/www.diocesisciudadrodrigo.org\/blog4\/wp-json\/wp\/v2\/media?parent=42810"}],"wp:term":[{"taxonomy":"category","embeddable":true,"href":"https:\/\/www.diocesisciudadrodrigo.org\/blog4\/wp-json\/wp\/v2\/categories?post=42810"},{"taxonomy":"post_tag","embeddable":true,"href":"https:\/\/www.diocesisciudadrodrigo.org\/blog4\/wp-json\/wp\/v2\/tags?post=42810"}],"curies":[{"name":"wp","href":"https:\/\/api.w.org\/{rel}","templated":true}]}}