{"id":42724,"date":"2026-03-01T16:06:12","date_gmt":"2026-03-01T15:06:12","guid":{"rendered":"https:\/\/www.diocesisciudadrodrigo.org\/blog4\/?p=42724"},"modified":"2026-03-11T16:45:56","modified_gmt":"2026-03-11T15:45:56","slug":"anselmo-matilla-les-anticipa-lo-que-va-a-ser-el-final-de-su-vida-que-en-realidad-no-es-un-final-sino-un-gran-comienzo-la-resurreccion","status":"publish","type":"post","link":"https:\/\/www.diocesisciudadrodrigo.org\/blog4\/anselmo-matilla-les-anticipa-lo-que-va-a-ser-el-final-de-su-vida-que-en-realidad-no-es-un-final-sino-un-gran-comienzo-la-resurreccion\/","title":{"rendered":"Anselmo Matilla: \u00abLes anticipa lo que va a ser el final de su vida, que en realidad no es un final, sino un gran comienzo: la Resurrecci\u00f3n\u00bb"},"content":{"rendered":"\t\t<div data-elementor-type=\"wp-post\" data-elementor-id=\"42724\" class=\"elementor elementor-42724\" data-elementor-settings=\"[]\">\n\t\t\t\t\t\t<div class=\"elementor-inner\">\n\t\t\t\t\t\t\t<div class=\"elementor-section-wrap\">\n\t\t\t\t\t\t\t<section class=\"elementor-section elementor-top-section elementor-element elementor-element-ef65c8b elementor-section-boxed elementor-section-height-default elementor-section-height-default\" data-id=\"ef65c8b\" data-element_type=\"section\">\n\t\t\t\t\t\t<div class=\"elementor-container elementor-column-gap-default\">\n\t\t\t\t\t\t\t<div class=\"elementor-row\">\n\t\t\t\t\t<div class=\"elementor-column elementor-col-100 elementor-top-column elementor-element elementor-element-456aa46\" data-id=\"456aa46\" data-element_type=\"column\">\n\t\t\t<div class=\"elementor-column-wrap elementor-element-populated\">\n\t\t\t\t\t\t\t<div class=\"elementor-widget-wrap\">\n\t\t\t\t\t\t<div class=\"elementor-element elementor-element-234f719 elementor-widget elementor-widget-text-editor\" data-id=\"234f719\" data-element_type=\"widget\" data-widget_type=\"text-editor.default\">\n\t\t\t\t<div class=\"elementor-widget-container\">\n\t\t\t\t\t\t\t\t<div class=\"elementor-text-editor elementor-clearfix\">\n\t\t\t\t<h3>El sacerdote y rector del Seminario comenta en el programa Iglesia noticia COPE en Ciudad Rodrigo el evangelio de este segundo domingo de Cuaresma.<\/h3>\t\t\t\t\t<\/div>\n\t\t\t\t\t\t<\/div>\n\t\t\t\t<\/div>\n\t\t\t\t\t\t<\/div>\n\t\t\t\t\t<\/div>\n\t\t<\/div>\n\t\t\t\t\t\t\t\t<\/div>\n\t\t\t\t\t<\/div>\n\t\t<\/section>\n\t\t\t\t<section class=\"elementor-section elementor-top-section elementor-element elementor-element-238c332 elementor-section-boxed elementor-section-height-default elementor-section-height-default\" data-id=\"238c332\" data-element_type=\"section\">\n\t\t\t\t\t\t<div class=\"elementor-container elementor-column-gap-default\">\n\t\t\t\t\t\t\t<div class=\"elementor-row\">\n\t\t\t\t\t<div class=\"elementor-column elementor-col-100 elementor-top-column elementor-element elementor-element-cefca52\" data-id=\"cefca52\" data-element_type=\"column\">\n\t\t\t<div class=\"elementor-column-wrap elementor-element-populated\">\n\t\t\t\t\t\t\t<div class=\"elementor-widget-wrap\">\n\t\t\t\t\t\t<div class=\"elementor-element elementor-element-cb391fa elementor-widget elementor-widget-image\" data-id=\"cb391fa\" data-element_type=\"widget\" data-widget_type=\"image.default\">\n\t\t\t\t<div class=\"elementor-widget-container\">\n\t\t\t\t\t\t\t\t<div class=\"elementor-image\">\n\t\t\t\t\t\t\t\t\t\t\t\t<img loading=\"lazy\" decoding=\"async\" width=\"1200\" height=\"300\" src=\"https:\/\/www.diocesisciudadrodrigo.org\/blog4\/wp-content\/uploads\/2026\/02\/comentarios-1.png\" class=\"attachment-large size-large\" alt=\"comentarios Anselmo Matilla\" srcset=\"https:\/\/www.diocesisciudadrodrigo.org\/blog4\/wp-content\/uploads\/2026\/02\/comentarios-1.png 2000w, https:\/\/www.diocesisciudadrodrigo.org\/blog4\/wp-content\/uploads\/2026\/02\/comentarios-1-1000x250.png 1000w, https:\/\/www.diocesisciudadrodrigo.org\/blog4\/wp-content\/uploads\/2026\/02\/comentarios-1-768x192.png 768w, https:\/\/www.diocesisciudadrodrigo.org\/blog4\/wp-content\/uploads\/2026\/02\/comentarios-1-1536x384.png 1536w, https:\/\/www.diocesisciudadrodrigo.org\/blog4\/wp-content\/uploads\/2026\/02\/comentarios-1-350x88.png 350w\" sizes=\"auto, (max-width: 1200px) 100vw, 1200px\" \/>\t\t\t\t\t\t\t\t\t\t\t\t\t\t<\/div>\n\t\t\t\t\t\t<\/div>\n\t\t\t\t<\/div>\n\t\t\t\t\t\t<\/div>\n\t\t\t\t\t<\/div>\n\t\t<\/div>\n\t\t\t\t\t\t\t\t<\/div>\n\t\t\t\t\t<\/div>\n\t\t<\/section>\n\t\t\t\t<section class=\"elementor-section elementor-top-section elementor-element elementor-element-2561313 elementor-section-boxed elementor-section-height-default elementor-section-height-default\" data-id=\"2561313\" data-element_type=\"section\">\n\t\t\t\t\t\t<div class=\"elementor-container elementor-column-gap-default\">\n\t\t\t\t\t\t\t<div class=\"elementor-row\">\n\t\t\t\t\t<div class=\"elementor-column elementor-col-100 elementor-top-column elementor-element elementor-element-a34892d\" data-id=\"a34892d\" data-element_type=\"column\">\n\t\t\t<div class=\"elementor-column-wrap elementor-element-populated\">\n\t\t\t\t\t\t\t<div class=\"elementor-widget-wrap\">\n\t\t\t\t\t\t<div class=\"elementor-element elementor-element-2529b63 elementor-widget elementor-widget-text-editor\" data-id=\"2529b63\" data-element_type=\"widget\" data-widget_type=\"text-editor.default\">\n\t\t\t\t<div class=\"elementor-widget-container\">\n\t\t\t\t\t\t\t\t<div class=\"elementor-text-editor elementor-clearfix\">\n\t\t\t\t<p>Buenos d\u00edas y feliz segundo domingo de Cuaresma, queridos oyentes del comentario al Evangelio en COPE Ciudad Rodrigo.<\/p><p>Seguimos nuestro camino cuaresmal, ese itinerario que nos va poco a poco trasladando hacia la Pascua y por tanto hacia la Pasi\u00f3n, Muerte y Resurrecci\u00f3n del Se\u00f1or.<\/p><p>En este segundo domingo de cuaresma, el Evangelio nos propone el relato de la transfiguraci\u00f3n seg\u00fan la versi\u00f3n de Mateo que estamos leyendo en este ciclo A. Hay que entender, este relato teniendo en cuenta dos cosas.<\/p><p>La primera es un relato cuyo marco es los dos anuncios que Jes\u00fas hace a sus disc\u00edpulos de la Pasi\u00f3n, Muerte y Resurrecci\u00f3n. Por tanto, hay que entenderlo desde ese Marco.<\/p><p>Y en segundo lugar, hay que tener tambi\u00e9n en cuenta que, el evangelio de Mateos es el m\u00e1s jud\u00edo de todos y por tanto, la historia de la transfiguraci\u00f3n en este evangelio tiene caracter\u00edsticas del mundo jud\u00edo y muchas referencias a la Biblia jud\u00eda y por tanto, a los grandes relatos del Antiguo Testamento.<\/p><p>La historia tiene las caracter\u00edsticas literarias de las grandes teofan\u00edas del antiguo Testamento, especialmente la Teofan\u00eda del Monte Sina\u00ed, la teofan\u00eda que Dios hace a Mois\u00e9s. Hay humo, hay nubes, hay destellos, un resplandor del sol muy grande. Y en ese contexto a los disc\u00edpulos m\u00e1s cercanos a Jes\u00fas, Jes\u00fas se les transfigura; les anticipa lo que va a ser el final de su vida, que en realidad no es un final, sino un gran comienzo: la Resurrecci\u00f3n.<\/p><p>Claro, esto enmarcado en los anuncios de la Pasi\u00f3n del Se\u00f1or, lo que pretende es que los disc\u00edpulos empiecen a entender cu\u00e1l es el sentido de la vida de Jes\u00fas, que es morir por toda la humanidad para resucitar.<\/p><p>Y en este sentido, tambi\u00e9n a nosotros esta ma\u00f1ana de domingo se nos invita a subir al Monte Tabor y a dejar que Jes\u00fas nos muestre la verdad de su ser, y por tanto, cu\u00e1l es el sentido de nuestra vida cristiana, que no es otro, sino la resurrecci\u00f3n y la vida, aunque eso a veces, y a menudo, por ser fieles al mensaje del reino de Dios, nos pueda traer sufrimiento y muerte.<\/p><p>Que en esta cuaresma que estamos celebrando, el Se\u00f1or nos ayude a tener la necesaria esperanza para caminar confiados en el Se\u00f1or Jes\u00fas, a su encuentro y que as\u00ed celebremos su Pasi\u00f3n y su Muerte, pero no con un sentido de derrotismo, sino especialmente con un sentido de Resurrecci\u00f3n y de vida y por tanto de esperanza.<\/p><p>Feliz domingo segundo de cuaresma para todos.<span class=\"Apple-converted-space\">\u00a0<\/span><\/p><p style=\"text-align: right;\"><strong>ANSELMO MATILLA<\/strong><\/p>\t\t\t\t\t<\/div>\n\t\t\t\t\t\t<\/div>\n\t\t\t\t<\/div>\n\t\t\t\t\t\t<\/div>\n\t\t\t\t\t<\/div>\n\t\t<\/div>\n\t\t\t\t\t\t\t\t<\/div>\n\t\t\t\t\t<\/div>\n\t\t<\/section>\n\t\t\t\t<section class=\"elementor-section elementor-top-section elementor-element elementor-element-6200863 elementor-section-boxed elementor-section-height-default elementor-section-height-default\" data-id=\"6200863\" data-element_type=\"section\">\n\t\t\t\t\t\t<div class=\"elementor-container elementor-column-gap-default\">\n\t\t\t\t\t\t\t<div class=\"elementor-row\">\n\t\t\t\t\t<div class=\"elementor-column elementor-col-100 elementor-top-column elementor-element elementor-element-7103413\" data-id=\"7103413\" data-element_type=\"column\">\n\t\t\t<div class=\"elementor-column-wrap elementor-element-populated\">\n\t\t\t\t\t\t\t<div class=\"elementor-widget-wrap\">\n\t\t\t\t\t\t<div class=\"elementor-element elementor-element-7b82243 elementor-widget elementor-widget-html\" data-id=\"7b82243\" data-element_type=\"widget\" data-widget_type=\"html.default\">\n\t\t\t\t<div class=\"elementor-widget-container\">\n\t\t\t<iframe data-testid=\"embed-iframe\" style=\"border-radius:12px\" src=\"https:\/\/open.spotify.com\/embed\/episode\/1ZVQenj6X1Kr51Dsgclzws?utm_source=generator&t=665\" width=\"100%\" height=\"152\" frameBorder=\"0\" allowfullscreen=\"\" allow=\"autoplay; clipboard-write; encrypted-media; fullscreen; picture-in-picture\" loading=\"lazy\"><\/iframe>\t\t<\/div>\n\t\t\t\t<\/div>\n\t\t\t\t\t\t<\/div>\n\t\t\t\t\t<\/div>\n\t\t<\/div>\n\t\t\t\t\t\t\t\t<\/div>\n\t\t\t\t\t<\/div>\n\t\t<\/section>\n\t\t\t\t\t\t<\/div>\n\t\t\t\t\t\t<\/div>\n\t\t\t\t\t<\/div>\n\t\t","protected":false},"excerpt":{"rendered":"<p>El sacerdote y rector del Seminario comenta en el programa Iglesia noticia COPE en Ciudad Rodrigo el evangelio de este segundo domingo de Cuaresma. Buenos d\u00edas y feliz segundo domingo &#8230; <\/p>\n<p class=\"read-more-container\"><a title=\"Anselmo Matilla: \u00abLes anticipa lo que va a ser el final de su vida, que en realidad no es un final, sino un gran comienzo: la Resurrecci\u00f3n\u00bb\" class=\"read-more button\" href=\"https:\/\/www.diocesisciudadrodrigo.org\/blog4\/anselmo-matilla-les-anticipa-lo-que-va-a-ser-el-final-de-su-vida-que-en-realidad-no-es-un-final-sino-un-gran-comienzo-la-resurreccion\/#more-42724\" aria-label=\"M\u00e1s en Anselmo Matilla: \u00abLes anticipa lo que va a ser el final de su vida, que en realidad no es un final, sino un gran comienzo: la Resurrecci\u00f3n\u00bb\">Leer m\u00e1s &#8230;<\/a><\/p>\n","protected":false},"author":1,"featured_media":42793,"comment_status":"closed","ping_status":"closed","sticky":false,"template":"","format":"standard","meta":{"footnotes":""},"categories":[62],"tags":[],"class_list":["post-42724","post","type-post","status-publish","format-standard","has-post-thumbnail","hentry","category-comentario","masonry-post","generate-columns","tablet-grid-50","mobile-grid-100","grid-parent","grid-50"],"yoast_head":"<!-- This site is optimized with the Yoast SEO plugin v27.3 - https:\/\/yoast.com\/product\/yoast-seo-wordpress\/ -->\n<title>Anselmo Matilla: \u00abLes anticipa lo que va a ser el final de su vida, que en realidad no es un final, sino un gran comienzo: la Resurrecci\u00f3n\u00bb - Di\u00f3cesis de Ciudad Rodrigo<\/title>\n<meta name=\"robots\" content=\"index, follow, max-snippet:-1, max-image-preview:large, max-video-preview:-1\" \/>\n<link rel=\"canonical\" href=\"https:\/\/www.diocesisciudadrodrigo.org\/blog4\/anselmo-matilla-les-anticipa-lo-que-va-a-ser-el-final-de-su-vida-que-en-realidad-no-es-un-final-sino-un-gran-comienzo-la-resurreccion\/\" \/>\n<meta property=\"og:locale\" content=\"es_ES\" \/>\n<meta property=\"og:type\" content=\"article\" \/>\n<meta property=\"og:title\" content=\"Anselmo Matilla: \u00abLes anticipa lo que va a ser el final de su vida, que en realidad no es un final, sino un gran comienzo: la Resurrecci\u00f3n\u00bb - Di\u00f3cesis de Ciudad Rodrigo\" \/>\n<meta property=\"og:description\" content=\"El sacerdote y rector del Seminario comenta en el programa Iglesia noticia COPE en Ciudad Rodrigo el evangelio de este segundo domingo de Cuaresma. Buenos d\u00edas y feliz segundo domingo ... Leer m\u00e1s ...\" \/>\n<meta property=\"og:url\" content=\"https:\/\/www.diocesisciudadrodrigo.org\/blog4\/anselmo-matilla-les-anticipa-lo-que-va-a-ser-el-final-de-su-vida-que-en-realidad-no-es-un-final-sino-un-gran-comienzo-la-resurreccion\/\" \/>\n<meta property=\"og:site_name\" content=\"Di\u00f3cesis de Ciudad Rodrigo\" \/>\n<meta property=\"article:publisher\" content=\"https:\/\/www.facebook.com\/people\/Dicesis-Ciudad-Rodrigo-MCS\/100076471923419\/#\" \/>\n<meta property=\"article:published_time\" content=\"2026-03-01T15:06:12+00:00\" \/>\n<meta property=\"article:modified_time\" content=\"2026-03-11T15:45:56+00:00\" \/>\n<meta property=\"og:image\" content=\"https:\/\/www.diocesisciudadrodrigo.org\/blog4\/wp-content\/uploads\/2026\/03\/Comentarios-domingo-CR-imagen-1280-x-830-px-2.png\" \/>\n\t<meta property=\"og:image:width\" content=\"1280\" \/>\n\t<meta property=\"og:image:height\" content=\"830\" \/>\n\t<meta property=\"og:image:type\" content=\"image\/png\" \/>\n<meta name=\"author\" content=\"medios CR\" \/>\n<meta name=\"twitter:card\" content=\"summary_large_image\" \/>\n<meta name=\"twitter:label1\" content=\"Escrito por\" \/>\n\t<meta name=\"twitter:data1\" content=\"medios CR\" \/>\n\t<meta name=\"twitter:label2\" content=\"Tiempo de lectura\" \/>\n\t<meta name=\"twitter:data2\" content=\"3 minutos\" \/>\n<script type=\"application\/ld+json\" class=\"yoast-schema-graph\">{\"@context\":\"https:\\\/\\\/schema.org\",\"@graph\":[{\"@type\":\"Article\",\"@id\":\"https:\\\/\\\/www.diocesisciudadrodrigo.org\\\/blog4\\\/anselmo-matilla-les-anticipa-lo-que-va-a-ser-el-final-de-su-vida-que-en-realidad-no-es-un-final-sino-un-gran-comienzo-la-resurreccion\\\/#article\",\"isPartOf\":{\"@id\":\"https:\\\/\\\/www.diocesisciudadrodrigo.org\\\/blog4\\\/anselmo-matilla-les-anticipa-lo-que-va-a-ser-el-final-de-su-vida-que-en-realidad-no-es-un-final-sino-un-gran-comienzo-la-resurreccion\\\/\"},\"author\":{\"name\":\"medios CR\",\"@id\":\"https:\\\/\\\/www.diocesisciudadrodrigo.org\\\/blog4\\\/#\\\/schema\\\/person\\\/5fcf0ca636a75766ff70e6417b6ed052\"},\"headline\":\"Anselmo Matilla: \u00abLes anticipa lo que va a ser el final de su vida, que en realidad no es un final, sino un gran comienzo: la Resurrecci\u00f3n\u00bb\",\"datePublished\":\"2026-03-01T15:06:12+00:00\",\"dateModified\":\"2026-03-11T15:45:56+00:00\",\"mainEntityOfPage\":{\"@id\":\"https:\\\/\\\/www.diocesisciudadrodrigo.org\\\/blog4\\\/anselmo-matilla-les-anticipa-lo-que-va-a-ser-el-final-de-su-vida-que-en-realidad-no-es-un-final-sino-un-gran-comienzo-la-resurreccion\\\/\"},\"wordCount\":519,\"publisher\":{\"@id\":\"https:\\\/\\\/www.diocesisciudadrodrigo.org\\\/blog4\\\/#organization\"},\"image\":{\"@id\":\"https:\\\/\\\/www.diocesisciudadrodrigo.org\\\/blog4\\\/anselmo-matilla-les-anticipa-lo-que-va-a-ser-el-final-de-su-vida-que-en-realidad-no-es-un-final-sino-un-gran-comienzo-la-resurreccion\\\/#primaryimage\"},\"thumbnailUrl\":\"https:\\\/\\\/www.diocesisciudadrodrigo.org\\\/blog4\\\/wp-content\\\/uploads\\\/2026\\\/03\\\/Comentarios-domingo-CR-imagen-1280-x-830-px-2.png\",\"articleSection\":[\"Comentario\"],\"inLanguage\":\"es\"},{\"@type\":\"WebPage\",\"@id\":\"https:\\\/\\\/www.diocesisciudadrodrigo.org\\\/blog4\\\/anselmo-matilla-les-anticipa-lo-que-va-a-ser-el-final-de-su-vida-que-en-realidad-no-es-un-final-sino-un-gran-comienzo-la-resurreccion\\\/\",\"url\":\"https:\\\/\\\/www.diocesisciudadrodrigo.org\\\/blog4\\\/anselmo-matilla-les-anticipa-lo-que-va-a-ser-el-final-de-su-vida-que-en-realidad-no-es-un-final-sino-un-gran-comienzo-la-resurreccion\\\/\",\"name\":\"Anselmo Matilla: \u00abLes anticipa lo que va a ser el final de su vida, que en realidad no es un final, sino un gran comienzo: la Resurrecci\u00f3n\u00bb - Di\u00f3cesis de Ciudad Rodrigo\",\"isPartOf\":{\"@id\":\"https:\\\/\\\/www.diocesisciudadrodrigo.org\\\/blog4\\\/#website\"},\"primaryImageOfPage\":{\"@id\":\"https:\\\/\\\/www.diocesisciudadrodrigo.org\\\/blog4\\\/anselmo-matilla-les-anticipa-lo-que-va-a-ser-el-final-de-su-vida-que-en-realidad-no-es-un-final-sino-un-gran-comienzo-la-resurreccion\\\/#primaryimage\"},\"image\":{\"@id\":\"https:\\\/\\\/www.diocesisciudadrodrigo.org\\\/blog4\\\/anselmo-matilla-les-anticipa-lo-que-va-a-ser-el-final-de-su-vida-que-en-realidad-no-es-un-final-sino-un-gran-comienzo-la-resurreccion\\\/#primaryimage\"},\"thumbnailUrl\":\"https:\\\/\\\/www.diocesisciudadrodrigo.org\\\/blog4\\\/wp-content\\\/uploads\\\/2026\\\/03\\\/Comentarios-domingo-CR-imagen-1280-x-830-px-2.png\",\"datePublished\":\"2026-03-01T15:06:12+00:00\",\"dateModified\":\"2026-03-11T15:45:56+00:00\",\"breadcrumb\":{\"@id\":\"https:\\\/\\\/www.diocesisciudadrodrigo.org\\\/blog4\\\/anselmo-matilla-les-anticipa-lo-que-va-a-ser-el-final-de-su-vida-que-en-realidad-no-es-un-final-sino-un-gran-comienzo-la-resurreccion\\\/#breadcrumb\"},\"inLanguage\":\"es\",\"potentialAction\":[{\"@type\":\"ReadAction\",\"target\":[\"https:\\\/\\\/www.diocesisciudadrodrigo.org\\\/blog4\\\/anselmo-matilla-les-anticipa-lo-que-va-a-ser-el-final-de-su-vida-que-en-realidad-no-es-un-final-sino-un-gran-comienzo-la-resurreccion\\\/\"]}]},{\"@type\":\"ImageObject\",\"inLanguage\":\"es\",\"@id\":\"https:\\\/\\\/www.diocesisciudadrodrigo.org\\\/blog4\\\/anselmo-matilla-les-anticipa-lo-que-va-a-ser-el-final-de-su-vida-que-en-realidad-no-es-un-final-sino-un-gran-comienzo-la-resurreccion\\\/#primaryimage\",\"url\":\"https:\\\/\\\/www.diocesisciudadrodrigo.org\\\/blog4\\\/wp-content\\\/uploads\\\/2026\\\/03\\\/Comentarios-domingo-CR-imagen-1280-x-830-px-2.png\",\"contentUrl\":\"https:\\\/\\\/www.diocesisciudadrodrigo.org\\\/blog4\\\/wp-content\\\/uploads\\\/2026\\\/03\\\/Comentarios-domingo-CR-imagen-1280-x-830-px-2.png\",\"width\":1280,\"height\":830},{\"@type\":\"BreadcrumbList\",\"@id\":\"https:\\\/\\\/www.diocesisciudadrodrigo.org\\\/blog4\\\/anselmo-matilla-les-anticipa-lo-que-va-a-ser-el-final-de-su-vida-que-en-realidad-no-es-un-final-sino-un-gran-comienzo-la-resurreccion\\\/#breadcrumb\",\"itemListElement\":[{\"@type\":\"ListItem\",\"position\":1,\"name\":\"Portada\",\"item\":\"https:\\\/\\\/www.diocesisciudadrodrigo.org\\\/blog4\\\/\"},{\"@type\":\"ListItem\",\"position\":2,\"name\":\"Anselmo Matilla: \u00abLes anticipa lo que va a ser el final de su vida, que en realidad no es un final, sino un gran comienzo: la Resurrecci\u00f3n\u00bb\"}]},{\"@type\":\"WebSite\",\"@id\":\"https:\\\/\\\/www.diocesisciudadrodrigo.org\\\/blog4\\\/#website\",\"url\":\"https:\\\/\\\/www.diocesisciudadrodrigo.org\\\/blog4\\\/\",\"name\":\"Di\u00f3cesis de Ciudad Rodrigo\",\"description\":\"Sitio web oficial de la di\u00f3cesis civitatense\",\"publisher\":{\"@id\":\"https:\\\/\\\/www.diocesisciudadrodrigo.org\\\/blog4\\\/#organization\"},\"potentialAction\":[{\"@type\":\"SearchAction\",\"target\":{\"@type\":\"EntryPoint\",\"urlTemplate\":\"https:\\\/\\\/www.diocesisciudadrodrigo.org\\\/blog4\\\/?s={search_term_string}\"},\"query-input\":{\"@type\":\"PropertyValueSpecification\",\"valueRequired\":true,\"valueName\":\"search_term_string\"}}],\"inLanguage\":\"es\"},{\"@type\":\"Organization\",\"@id\":\"https:\\\/\\\/www.diocesisciudadrodrigo.org\\\/blog4\\\/#organization\",\"name\":\"Di\u00f3cesis de Ciudad Rodrigo\",\"url\":\"https:\\\/\\\/www.diocesisciudadrodrigo.org\\\/blog4\\\/\",\"logo\":{\"@type\":\"ImageObject\",\"inLanguage\":\"es\",\"@id\":\"https:\\\/\\\/www.diocesisciudadrodrigo.org\\\/blog4\\\/#\\\/schema\\\/logo\\\/image\\\/\",\"url\":\"https:\\\/\\\/www.diocesisciudadrodrigo.org\\\/blog4\\\/wp-content\\\/uploads\\\/2024\\\/12\\\/Diocesis.CMYK_-768x480-1.jpg\",\"contentUrl\":\"https:\\\/\\\/www.diocesisciudadrodrigo.org\\\/blog4\\\/wp-content\\\/uploads\\\/2024\\\/12\\\/Diocesis.CMYK_-768x480-1.jpg\",\"width\":768,\"height\":480,\"caption\":\"Di\u00f3cesis de Ciudad Rodrigo\"},\"image\":{\"@id\":\"https:\\\/\\\/www.diocesisciudadrodrigo.org\\\/blog4\\\/#\\\/schema\\\/logo\\\/image\\\/\"},\"sameAs\":[\"https:\\\/\\\/www.facebook.com\\\/people\\\/Dicesis-Ciudad-Rodrigo-MCS\\\/100076471923419\\\/#\"]},{\"@type\":\"Person\",\"@id\":\"https:\\\/\\\/www.diocesisciudadrodrigo.org\\\/blog4\\\/#\\\/schema\\\/person\\\/5fcf0ca636a75766ff70e6417b6ed052\",\"name\":\"medios CR\",\"image\":{\"@type\":\"ImageObject\",\"inLanguage\":\"es\",\"@id\":\"https:\\\/\\\/secure.gravatar.com\\\/avatar\\\/4a619fd0c7e36bd570f4e6e15eb09a2191185d0f63d8dbfdffe848af141ab87e?s=96&d=mm&r=g\",\"url\":\"https:\\\/\\\/secure.gravatar.com\\\/avatar\\\/4a619fd0c7e36bd570f4e6e15eb09a2191185d0f63d8dbfdffe848af141ab87e?s=96&d=mm&r=g\",\"contentUrl\":\"https:\\\/\\\/secure.gravatar.com\\\/avatar\\\/4a619fd0c7e36bd570f4e6e15eb09a2191185d0f63d8dbfdffe848af141ab87e?s=96&d=mm&r=g\",\"caption\":\"medios CR\"},\"url\":\"https:\\\/\\\/www.diocesisciudadrodrigo.org\\\/blog4\\\/author\\\/admin4\\\/\"}]}<\/script>\n<!-- \/ Yoast SEO plugin. -->","yoast_head_json":{"title":"Anselmo Matilla: \u00abLes anticipa lo que va a ser el final de su vida, que en realidad no es un final, sino un gran comienzo: la Resurrecci\u00f3n\u00bb - Di\u00f3cesis de Ciudad Rodrigo","robots":{"index":"index","follow":"follow","max-snippet":"max-snippet:-1","max-image-preview":"max-image-preview:large","max-video-preview":"max-video-preview:-1"},"canonical":"https:\/\/www.diocesisciudadrodrigo.org\/blog4\/anselmo-matilla-les-anticipa-lo-que-va-a-ser-el-final-de-su-vida-que-en-realidad-no-es-un-final-sino-un-gran-comienzo-la-resurreccion\/","og_locale":"es_ES","og_type":"article","og_title":"Anselmo Matilla: \u00abLes anticipa lo que va a ser el final de su vida, que en realidad no es un final, sino un gran comienzo: la Resurrecci\u00f3n\u00bb - Di\u00f3cesis de Ciudad Rodrigo","og_description":"El sacerdote y rector del Seminario comenta en el programa Iglesia noticia COPE en Ciudad Rodrigo el evangelio de este segundo domingo de Cuaresma. Buenos d\u00edas y feliz segundo domingo ... Leer m\u00e1s ...","og_url":"https:\/\/www.diocesisciudadrodrigo.org\/blog4\/anselmo-matilla-les-anticipa-lo-que-va-a-ser-el-final-de-su-vida-que-en-realidad-no-es-un-final-sino-un-gran-comienzo-la-resurreccion\/","og_site_name":"Di\u00f3cesis de Ciudad Rodrigo","article_publisher":"https:\/\/www.facebook.com\/people\/Dicesis-Ciudad-Rodrigo-MCS\/100076471923419\/#","article_published_time":"2026-03-01T15:06:12+00:00","article_modified_time":"2026-03-11T15:45:56+00:00","og_image":[{"width":1280,"height":830,"url":"https:\/\/www.diocesisciudadrodrigo.org\/blog4\/wp-content\/uploads\/2026\/03\/Comentarios-domingo-CR-imagen-1280-x-830-px-2.png","type":"image\/png"}],"author":"medios CR","twitter_card":"summary_large_image","twitter_misc":{"Escrito por":"medios CR","Tiempo de lectura":"3 minutos"},"schema":{"@context":"https:\/\/schema.org","@graph":[{"@type":"Article","@id":"https:\/\/www.diocesisciudadrodrigo.org\/blog4\/anselmo-matilla-les-anticipa-lo-que-va-a-ser-el-final-de-su-vida-que-en-realidad-no-es-un-final-sino-un-gran-comienzo-la-resurreccion\/#article","isPartOf":{"@id":"https:\/\/www.diocesisciudadrodrigo.org\/blog4\/anselmo-matilla-les-anticipa-lo-que-va-a-ser-el-final-de-su-vida-que-en-realidad-no-es-un-final-sino-un-gran-comienzo-la-resurreccion\/"},"author":{"name":"medios CR","@id":"https:\/\/www.diocesisciudadrodrigo.org\/blog4\/#\/schema\/person\/5fcf0ca636a75766ff70e6417b6ed052"},"headline":"Anselmo Matilla: \u00abLes anticipa lo que va a ser el final de su vida, que en realidad no es un final, sino un gran comienzo: la Resurrecci\u00f3n\u00bb","datePublished":"2026-03-01T15:06:12+00:00","dateModified":"2026-03-11T15:45:56+00:00","mainEntityOfPage":{"@id":"https:\/\/www.diocesisciudadrodrigo.org\/blog4\/anselmo-matilla-les-anticipa-lo-que-va-a-ser-el-final-de-su-vida-que-en-realidad-no-es-un-final-sino-un-gran-comienzo-la-resurreccion\/"},"wordCount":519,"publisher":{"@id":"https:\/\/www.diocesisciudadrodrigo.org\/blog4\/#organization"},"image":{"@id":"https:\/\/www.diocesisciudadrodrigo.org\/blog4\/anselmo-matilla-les-anticipa-lo-que-va-a-ser-el-final-de-su-vida-que-en-realidad-no-es-un-final-sino-un-gran-comienzo-la-resurreccion\/#primaryimage"},"thumbnailUrl":"https:\/\/www.diocesisciudadrodrigo.org\/blog4\/wp-content\/uploads\/2026\/03\/Comentarios-domingo-CR-imagen-1280-x-830-px-2.png","articleSection":["Comentario"],"inLanguage":"es"},{"@type":"WebPage","@id":"https:\/\/www.diocesisciudadrodrigo.org\/blog4\/anselmo-matilla-les-anticipa-lo-que-va-a-ser-el-final-de-su-vida-que-en-realidad-no-es-un-final-sino-un-gran-comienzo-la-resurreccion\/","url":"https:\/\/www.diocesisciudadrodrigo.org\/blog4\/anselmo-matilla-les-anticipa-lo-que-va-a-ser-el-final-de-su-vida-que-en-realidad-no-es-un-final-sino-un-gran-comienzo-la-resurreccion\/","name":"Anselmo Matilla: \u00abLes anticipa lo que va a ser el final de su vida, que en realidad no es un final, sino un gran comienzo: la Resurrecci\u00f3n\u00bb - Di\u00f3cesis de Ciudad Rodrigo","isPartOf":{"@id":"https:\/\/www.diocesisciudadrodrigo.org\/blog4\/#website"},"primaryImageOfPage":{"@id":"https:\/\/www.diocesisciudadrodrigo.org\/blog4\/anselmo-matilla-les-anticipa-lo-que-va-a-ser-el-final-de-su-vida-que-en-realidad-no-es-un-final-sino-un-gran-comienzo-la-resurreccion\/#primaryimage"},"image":{"@id":"https:\/\/www.diocesisciudadrodrigo.org\/blog4\/anselmo-matilla-les-anticipa-lo-que-va-a-ser-el-final-de-su-vida-que-en-realidad-no-es-un-final-sino-un-gran-comienzo-la-resurreccion\/#primaryimage"},"thumbnailUrl":"https:\/\/www.diocesisciudadrodrigo.org\/blog4\/wp-content\/uploads\/2026\/03\/Comentarios-domingo-CR-imagen-1280-x-830-px-2.png","datePublished":"2026-03-01T15:06:12+00:00","dateModified":"2026-03-11T15:45:56+00:00","breadcrumb":{"@id":"https:\/\/www.diocesisciudadrodrigo.org\/blog4\/anselmo-matilla-les-anticipa-lo-que-va-a-ser-el-final-de-su-vida-que-en-realidad-no-es-un-final-sino-un-gran-comienzo-la-resurreccion\/#breadcrumb"},"inLanguage":"es","potentialAction":[{"@type":"ReadAction","target":["https:\/\/www.diocesisciudadrodrigo.org\/blog4\/anselmo-matilla-les-anticipa-lo-que-va-a-ser-el-final-de-su-vida-que-en-realidad-no-es-un-final-sino-un-gran-comienzo-la-resurreccion\/"]}]},{"@type":"ImageObject","inLanguage":"es","@id":"https:\/\/www.diocesisciudadrodrigo.org\/blog4\/anselmo-matilla-les-anticipa-lo-que-va-a-ser-el-final-de-su-vida-que-en-realidad-no-es-un-final-sino-un-gran-comienzo-la-resurreccion\/#primaryimage","url":"https:\/\/www.diocesisciudadrodrigo.org\/blog4\/wp-content\/uploads\/2026\/03\/Comentarios-domingo-CR-imagen-1280-x-830-px-2.png","contentUrl":"https:\/\/www.diocesisciudadrodrigo.org\/blog4\/wp-content\/uploads\/2026\/03\/Comentarios-domingo-CR-imagen-1280-x-830-px-2.png","width":1280,"height":830},{"@type":"BreadcrumbList","@id":"https:\/\/www.diocesisciudadrodrigo.org\/blog4\/anselmo-matilla-les-anticipa-lo-que-va-a-ser-el-final-de-su-vida-que-en-realidad-no-es-un-final-sino-un-gran-comienzo-la-resurreccion\/#breadcrumb","itemListElement":[{"@type":"ListItem","position":1,"name":"Portada","item":"https:\/\/www.diocesisciudadrodrigo.org\/blog4\/"},{"@type":"ListItem","position":2,"name":"Anselmo Matilla: \u00abLes anticipa lo que va a ser el final de su vida, que en realidad no es un final, sino un gran comienzo: la Resurrecci\u00f3n\u00bb"}]},{"@type":"WebSite","@id":"https:\/\/www.diocesisciudadrodrigo.org\/blog4\/#website","url":"https:\/\/www.diocesisciudadrodrigo.org\/blog4\/","name":"Di\u00f3cesis de Ciudad Rodrigo","description":"Sitio web oficial de la di\u00f3cesis civitatense","publisher":{"@id":"https:\/\/www.diocesisciudadrodrigo.org\/blog4\/#organization"},"potentialAction":[{"@type":"SearchAction","target":{"@type":"EntryPoint","urlTemplate":"https:\/\/www.diocesisciudadrodrigo.org\/blog4\/?s={search_term_string}"},"query-input":{"@type":"PropertyValueSpecification","valueRequired":true,"valueName":"search_term_string"}}],"inLanguage":"es"},{"@type":"Organization","@id":"https:\/\/www.diocesisciudadrodrigo.org\/blog4\/#organization","name":"Di\u00f3cesis de Ciudad Rodrigo","url":"https:\/\/www.diocesisciudadrodrigo.org\/blog4\/","logo":{"@type":"ImageObject","inLanguage":"es","@id":"https:\/\/www.diocesisciudadrodrigo.org\/blog4\/#\/schema\/logo\/image\/","url":"https:\/\/www.diocesisciudadrodrigo.org\/blog4\/wp-content\/uploads\/2024\/12\/Diocesis.CMYK_-768x480-1.jpg","contentUrl":"https:\/\/www.diocesisciudadrodrigo.org\/blog4\/wp-content\/uploads\/2024\/12\/Diocesis.CMYK_-768x480-1.jpg","width":768,"height":480,"caption":"Di\u00f3cesis de Ciudad Rodrigo"},"image":{"@id":"https:\/\/www.diocesisciudadrodrigo.org\/blog4\/#\/schema\/logo\/image\/"},"sameAs":["https:\/\/www.facebook.com\/people\/Dicesis-Ciudad-Rodrigo-MCS\/100076471923419\/#"]},{"@type":"Person","@id":"https:\/\/www.diocesisciudadrodrigo.org\/blog4\/#\/schema\/person\/5fcf0ca636a75766ff70e6417b6ed052","name":"medios CR","image":{"@type":"ImageObject","inLanguage":"es","@id":"https:\/\/secure.gravatar.com\/avatar\/4a619fd0c7e36bd570f4e6e15eb09a2191185d0f63d8dbfdffe848af141ab87e?s=96&d=mm&r=g","url":"https:\/\/secure.gravatar.com\/avatar\/4a619fd0c7e36bd570f4e6e15eb09a2191185d0f63d8dbfdffe848af141ab87e?s=96&d=mm&r=g","contentUrl":"https:\/\/secure.gravatar.com\/avatar\/4a619fd0c7e36bd570f4e6e15eb09a2191185d0f63d8dbfdffe848af141ab87e?s=96&d=mm&r=g","caption":"medios CR"},"url":"https:\/\/www.diocesisciudadrodrigo.org\/blog4\/author\/admin4\/"}]}},"_links":{"self":[{"href":"https:\/\/www.diocesisciudadrodrigo.org\/blog4\/wp-json\/wp\/v2\/posts\/42724","targetHints":{"allow":["GET"]}}],"collection":[{"href":"https:\/\/www.diocesisciudadrodrigo.org\/blog4\/wp-json\/wp\/v2\/posts"}],"about":[{"href":"https:\/\/www.diocesisciudadrodrigo.org\/blog4\/wp-json\/wp\/v2\/types\/post"}],"author":[{"embeddable":true,"href":"https:\/\/www.diocesisciudadrodrigo.org\/blog4\/wp-json\/wp\/v2\/users\/1"}],"replies":[{"embeddable":true,"href":"https:\/\/www.diocesisciudadrodrigo.org\/blog4\/wp-json\/wp\/v2\/comments?post=42724"}],"version-history":[{"count":21,"href":"https:\/\/www.diocesisciudadrodrigo.org\/blog4\/wp-json\/wp\/v2\/posts\/42724\/revisions"}],"predecessor-version":[{"id":42794,"href":"https:\/\/www.diocesisciudadrodrigo.org\/blog4\/wp-json\/wp\/v2\/posts\/42724\/revisions\/42794"}],"wp:featuredmedia":[{"embeddable":true,"href":"https:\/\/www.diocesisciudadrodrigo.org\/blog4\/wp-json\/wp\/v2\/media\/42793"}],"wp:attachment":[{"href":"https:\/\/www.diocesisciudadrodrigo.org\/blog4\/wp-json\/wp\/v2\/media?parent=42724"}],"wp:term":[{"taxonomy":"category","embeddable":true,"href":"https:\/\/www.diocesisciudadrodrigo.org\/blog4\/wp-json\/wp\/v2\/categories?post=42724"},{"taxonomy":"post_tag","embeddable":true,"href":"https:\/\/www.diocesisciudadrodrigo.org\/blog4\/wp-json\/wp\/v2\/tags?post=42724"}],"curies":[{"name":"wp","href":"https:\/\/api.w.org\/{rel}","templated":true}]}}