{"id":42704,"date":"2026-02-28T22:38:32","date_gmt":"2026-02-28T21:38:32","guid":{"rendered":"https:\/\/www.diocesisciudadrodrigo.org\/blog4\/?p=42704"},"modified":"2026-02-28T22:38:32","modified_gmt":"2026-02-28T21:38:32","slug":"la-delegacion-diocesana-de-manos-unidas-celebra-la-eucaristia-de-la-campana-contra-el-hambre","status":"publish","type":"post","link":"https:\/\/www.diocesisciudadrodrigo.org\/blog4\/la-delegacion-diocesana-de-manos-unidas-celebra-la-eucaristia-de-la-campana-contra-el-hambre\/","title":{"rendered":"La Delegaci\u00f3n diocesana de Manos Unidas celebra la eucarist\u00eda de la Campa\u00f1a contra el Hambre"},"content":{"rendered":"\t\t<div data-elementor-type=\"wp-post\" data-elementor-id=\"42704\" class=\"elementor elementor-42704\" data-elementor-settings=\"[]\">\n\t\t\t\t\t\t<div class=\"elementor-inner\">\n\t\t\t\t\t\t\t<div class=\"elementor-section-wrap\">\n\t\t\t\t\t\t\t<section class=\"elementor-section elementor-top-section elementor-element elementor-element-a414e0b elementor-section-boxed elementor-section-height-default elementor-section-height-default\" data-id=\"a414e0b\" data-element_type=\"section\">\n\t\t\t\t\t\t<div class=\"elementor-container elementor-column-gap-default\">\n\t\t\t\t\t\t\t<div class=\"elementor-row\">\n\t\t\t\t\t<div class=\"elementor-column elementor-col-100 elementor-top-column elementor-element elementor-element-262cc3d\" data-id=\"262cc3d\" data-element_type=\"column\">\n\t\t\t<div class=\"elementor-column-wrap elementor-element-populated\">\n\t\t\t\t\t\t\t<div class=\"elementor-widget-wrap\">\n\t\t\t\t\t\t<div class=\"elementor-element elementor-element-839f57e elementor-widget elementor-widget-text-editor\" data-id=\"839f57e\" data-element_type=\"widget\" data-widget_type=\"text-editor.default\">\n\t\t\t\t<div class=\"elementor-widget-container\">\n\t\t\t\t\t\t\t\t<div class=\"elementor-text-editor elementor-clearfix\">\n\t\t\t\t<h3>Ha tenido lugar en la parroquia de El Salvador. En la misa se ha tenido presente el lema de este a\u00f1o &#8216;Declara la guerra al hambre&#8217;<\/h3>\t\t\t\t\t<\/div>\n\t\t\t\t\t\t<\/div>\n\t\t\t\t<\/div>\n\t\t\t\t\t\t<\/div>\n\t\t\t\t\t<\/div>\n\t\t<\/div>\n\t\t\t\t\t\t\t\t<\/div>\n\t\t\t\t\t<\/div>\n\t\t<\/section>\n\t\t\t\t<section class=\"elementor-section elementor-top-section elementor-element elementor-element-ed32660 elementor-section-boxed elementor-section-height-default elementor-section-height-default\" data-id=\"ed32660\" data-element_type=\"section\">\n\t\t\t\t\t\t<div class=\"elementor-container elementor-column-gap-default\">\n\t\t\t\t\t\t\t<div class=\"elementor-row\">\n\t\t\t\t\t<div class=\"elementor-column elementor-col-100 elementor-top-column elementor-element elementor-element-3689da0\" data-id=\"3689da0\" data-element_type=\"column\">\n\t\t\t<div class=\"elementor-column-wrap elementor-element-populated\">\n\t\t\t\t\t\t\t<div class=\"elementor-widget-wrap\">\n\t\t\t\t\t\t<div class=\"elementor-element elementor-element-67eaea0 elementor-widget elementor-widget-image\" data-id=\"67eaea0\" data-element_type=\"widget\" data-widget_type=\"image.default\">\n\t\t\t\t<div class=\"elementor-widget-container\">\n\t\t\t\t\t\t\t\t<div class=\"elementor-image\">\n\t\t\t\t\t\t\t\t\t\t\t\t<img loading=\"lazy\" decoding=\"async\" width=\"1200\" height=\"674\" src=\"https:\/\/www.diocesisciudadrodrigo.org\/blog4\/wp-content\/uploads\/2026\/02\/PHOTO-2026-02-28-20-22-49.jpeg\" class=\"attachment-large size-large\" alt=\"Eucarist\u00eda de la Campa\u00f1a contra el Hambre\" srcset=\"https:\/\/www.diocesisciudadrodrigo.org\/blog4\/wp-content\/uploads\/2026\/02\/PHOTO-2026-02-28-20-22-49.jpeg 1200w, https:\/\/www.diocesisciudadrodrigo.org\/blog4\/wp-content\/uploads\/2026\/02\/PHOTO-2026-02-28-20-22-49-1000x562.jpeg 1000w, https:\/\/www.diocesisciudadrodrigo.org\/blog4\/wp-content\/uploads\/2026\/02\/PHOTO-2026-02-28-20-22-49-768x431.jpeg 768w, https:\/\/www.diocesisciudadrodrigo.org\/blog4\/wp-content\/uploads\/2026\/02\/PHOTO-2026-02-28-20-22-49-350x197.jpeg 350w\" sizes=\"auto, (max-width: 1200px) 100vw, 1200px\" \/>\t\t\t\t\t\t\t\t\t\t\t\t\t\t<\/div>\n\t\t\t\t\t\t<\/div>\n\t\t\t\t<\/div>\n\t\t\t\t\t\t<\/div>\n\t\t\t\t\t<\/div>\n\t\t<\/div>\n\t\t\t\t\t\t\t\t<\/div>\n\t\t\t\t\t<\/div>\n\t\t<\/section>\n\t\t\t\t<section class=\"elementor-section elementor-top-section elementor-element elementor-element-25bc935 elementor-section-boxed elementor-section-height-default elementor-section-height-default\" data-id=\"25bc935\" data-element_type=\"section\">\n\t\t\t\t\t\t<div class=\"elementor-container elementor-column-gap-default\">\n\t\t\t\t\t\t\t<div class=\"elementor-row\">\n\t\t\t\t\t<div class=\"elementor-column elementor-col-100 elementor-top-column elementor-element elementor-element-94cbb55\" data-id=\"94cbb55\" data-element_type=\"column\">\n\t\t\t<div class=\"elementor-column-wrap elementor-element-populated\">\n\t\t\t\t\t\t\t<div class=\"elementor-widget-wrap\">\n\t\t\t\t\t\t<div class=\"elementor-element elementor-element-bf668a7 elementor-widget elementor-widget-text-editor\" data-id=\"bf668a7\" data-element_type=\"widget\" data-widget_type=\"text-editor.default\">\n\t\t\t\t<div class=\"elementor-widget-container\">\n\t\t\t\t\t\t\t\t<div class=\"elementor-text-editor elementor-clearfix\">\n\t\t\t\t<p>DELEGACI\u00d3N DE MEDIOS<\/p><p>La parroquia de El Salvador de Ciudad Rodrigo ha acogido esta tarde la eucarist\u00eda organizada por la Delegaci\u00f3n diocesana de Manos Unidas con motivo de su Campa\u00f1a contra el Hambre. <strong>La misa ha sido preparada por las voluntarias de esta organizaci\u00f3n<\/strong>, que se han encargado de leer las lecturas, as\u00ed como la oraci\u00f3n de los fieles.<\/p><p>En la monici\u00f3n de entrada a la eucarist\u00eda, <strong>se ha invitado a \u00abacabar con la violencia y a acoger el don de la paz,<\/strong> como anhelo profundo del coraz\u00f3n, pero, sobretodo don de Dios que queremos cultivar en nuestras vidas y comunidades\u00bb. \u00abEstamos llamados a ser instrumentos de paz, esto implica promover la justicia, la reconciliaci\u00f3n y el amor en nuestras vidas\u00bb se ha se\u00f1alado.<\/p><p>En esta eucarist\u00eda se ha puesto de manifiesto el lema de esta 67 Campa\u00f1a contra Hambre. De esta manera ha recordado que \u00abde por s\u00ed, <strong>el hambre es un arma silenciosa, m\u00e1s letal que las armas de guerra, y que tambi\u00e9n se utiliza de forma estrat\u00e9gica en los propios conflictos armados<\/strong>. Acabar con este &#8216;fracaso colectivo&#8217; construyendo comunidades justas, pr\u00f3speras y dignas est\u00e1 en nuestras manos\u00bb.<\/p><p>Esta eucarist\u00eda ha sido <strong>una de las actividades programadas por la Delegaci\u00f3n diocesana<\/strong>, como ha explicado en una entrevista en El espejo de COPE en Salamanca, la delegada diocesana de Manos Unidas, Ana Isabel Lucas.<\/p><p><iframe loading=\"lazy\" style=\"border-radius: 12px;\" src=\"https:\/\/open.spotify.com\/embed\/episode\/4lZrnGPq3IDNYsz3WNN2jz?utm_source=generator\" width=\"100%\" height=\"152\" frameborder=\"0\" allowfullscreen=\"allowfullscreen\" data-testid=\"embed-iframe\"><\/iframe><\/p><p>Ya <strong>el pasado 8 de febrero tuvo lugar la Jornada Nacional de Manos Unidas<\/strong>, y ayer, viernes, se celebr\u00f3 la Operaci\u00f3n Bocata en Sancti Sp\u00edritus.<\/p><p>Las actividades continuar\u00e1n <strong>el viernes 6 de marzo con la Operaci\u00f3n Bocata de Ciudad Rodrigo<\/strong>, que comenzar\u00e1 a las 14:00 en la plaza de Buen Alcalde. Los tiques pueden adquirirse en las parroquias de la localidad, en los colegios e institutos y en la Delegaci\u00f3n Diocesana de Manos Unidas (calle D\u00edez Taravilla, 15, planta baja del Palacio Episcopal), hasta el 4 de marzo, en horario de lunes a viernes, de 11:30 a 13:00 horas.<\/p>\t\t\t\t\t<\/div>\n\t\t\t\t\t\t<\/div>\n\t\t\t\t<\/div>\n\t\t\t\t\t\t<\/div>\n\t\t\t\t\t<\/div>\n\t\t<\/div>\n\t\t\t\t\t\t\t\t<\/div>\n\t\t\t\t\t<\/div>\n\t\t<\/section>\n\t\t\t\t<section class=\"elementor-section elementor-top-section elementor-element elementor-element-60f663f elementor-section-boxed elementor-section-height-default elementor-section-height-default\" data-id=\"60f663f\" data-element_type=\"section\">\n\t\t\t\t\t\t<div class=\"elementor-container elementor-column-gap-default\">\n\t\t\t\t\t\t\t<div class=\"elementor-row\">\n\t\t\t\t\t<div class=\"elementor-column elementor-col-100 elementor-top-column elementor-element elementor-element-b21d27a\" data-id=\"b21d27a\" data-element_type=\"column\">\n\t\t\t<div class=\"elementor-column-wrap elementor-element-populated\">\n\t\t\t\t\t\t\t<div class=\"elementor-widget-wrap\">\n\t\t\t\t\t\t<div class=\"elementor-element elementor-element-a126f85 elementor-widget elementor-widget-image-gallery\" data-id=\"a126f85\" data-element_type=\"widget\" data-widget_type=\"image-gallery.default\">\n\t\t\t\t<div class=\"elementor-widget-container\">\n\t\t\t\t\t<div class=\"elementor-image-gallery\">\n\t\t\t<div id='gallery-1' class='gallery galleryid-42704 gallery-columns-2 gallery-size-thumbnail'><figure class='gallery-item'>\n\t\t\t<div class='gallery-icon landscape'>\n\t\t\t\t<a data-elementor-open-lightbox=\"yes\" data-elementor-lightbox-slideshow=\"a126f85\" data-elementor-lightbox-title=\"PHOTO-2026-02-28-20-22-50\" e-action-hash=\"#elementor-action%3Aaction%3Dlightbox%26settings%3DeyJpZCI6NDI3MDcsInVybCI6Imh0dHBzOlwvXC93d3cuZGlvY2VzaXNjaXVkYWRyb2RyaWdvLm9yZ1wvYmxvZzRcL3dwLWNvbnRlbnRcL3VwbG9hZHNcLzIwMjZcLzAyXC9QSE9UTy0yMDI2LTAyLTI4LTIwLTIyLTUwLmpwZWciLCJzbGlkZXNob3ciOiJhMTI2Zjg1In0%3D\" href='https:\/\/www.diocesisciudadrodrigo.org\/blog4\/wp-content\/uploads\/2026\/02\/PHOTO-2026-02-28-20-22-50.jpeg'><img loading=\"lazy\" decoding=\"async\" width=\"500\" height=\"500\" src=\"https:\/\/www.diocesisciudadrodrigo.org\/blog4\/wp-content\/uploads\/2026\/02\/PHOTO-2026-02-28-20-22-50-500x500.jpeg\" class=\"attachment-thumbnail size-thumbnail\" alt=\"\" \/><\/a>\n\t\t\t<\/div><\/figure><figure class='gallery-item'>\n\t\t\t<div class='gallery-icon landscape'>\n\t\t\t\t<a data-elementor-open-lightbox=\"yes\" data-elementor-lightbox-slideshow=\"a126f85\" data-elementor-lightbox-title=\"PHOTO-2026-02-28-20-22-49 (1)\" e-action-hash=\"#elementor-action%3Aaction%3Dlightbox%26settings%3DeyJpZCI6NDI3MDYsInVybCI6Imh0dHBzOlwvXC93d3cuZGlvY2VzaXNjaXVkYWRyb2RyaWdvLm9yZ1wvYmxvZzRcL3dwLWNvbnRlbnRcL3VwbG9hZHNcLzIwMjZcLzAyXC9QSE9UTy0yMDI2LTAyLTI4LTIwLTIyLTQ5LTEuanBlZyIsInNsaWRlc2hvdyI6ImExMjZmODUifQ%3D%3D\" href='https:\/\/www.diocesisciudadrodrigo.org\/blog4\/wp-content\/uploads\/2026\/02\/PHOTO-2026-02-28-20-22-49-1.jpeg'><img loading=\"lazy\" decoding=\"async\" width=\"500\" height=\"500\" src=\"https:\/\/www.diocesisciudadrodrigo.org\/blog4\/wp-content\/uploads\/2026\/02\/PHOTO-2026-02-28-20-22-49-1-500x500.jpeg\" class=\"attachment-thumbnail size-thumbnail\" alt=\"\" \/><\/a>\n\t\t\t<\/div><\/figure>\n\t\t<\/div>\n\t\t<\/div>\n\t\t\t\t<\/div>\n\t\t\t\t<\/div>\n\t\t\t\t\t\t<\/div>\n\t\t\t\t\t<\/div>\n\t\t<\/div>\n\t\t\t\t\t\t\t\t<\/div>\n\t\t\t\t\t<\/div>\n\t\t<\/section>\n\t\t\t\t\t\t<\/div>\n\t\t\t\t\t\t<\/div>\n\t\t\t\t\t<\/div>\n\t\t","protected":false},"excerpt":{"rendered":"<p>Ha tenido lugar en la parroquia de El Salvador. En la misa se ha tenido presente el lema de este a\u00f1o &#8216;Declara la guerra al hambre&#8217; DELEGACI\u00d3N DE MEDIOS La &#8230; <\/p>\n<p class=\"read-more-container\"><a title=\"La Delegaci\u00f3n diocesana de Manos Unidas celebra la eucarist\u00eda de la Campa\u00f1a contra el Hambre\" class=\"read-more button\" href=\"https:\/\/www.diocesisciudadrodrigo.org\/blog4\/la-delegacion-diocesana-de-manos-unidas-celebra-la-eucaristia-de-la-campana-contra-el-hambre\/#more-42704\" aria-label=\"M\u00e1s en La Delegaci\u00f3n diocesana de Manos Unidas celebra la eucarist\u00eda de la Campa\u00f1a contra el Hambre\">Leer m\u00e1s &#8230;<\/a><\/p>\n","protected":false},"author":1,"featured_media":42705,"comment_status":"closed","ping_status":"closed","sticky":false,"template":"","format":"standard","meta":{"footnotes":""},"categories":[6],"tags":[32,36],"class_list":["post-42704","post","type-post","status-publish","format-standard","has-post-thumbnail","hentry","category-noticias","tag-ciudad-rodrigo","tag-manos-unidas","masonry-post","generate-columns","tablet-grid-50","mobile-grid-100","grid-parent","grid-50"],"yoast_head":"<!-- This site is optimized with the Yoast SEO plugin v27.3 - https:\/\/yoast.com\/product\/yoast-seo-wordpress\/ -->\n<title>La Delegaci\u00f3n diocesana de Manos Unidas celebra la eucarist\u00eda de la Campa\u00f1a contra el Hambre - Di\u00f3cesis de Ciudad Rodrigo<\/title>\n<meta name=\"description\" content=\"Manos Unidas Ciudad Rodrigo ha celebrado la eucarist\u00eda de la Campa\u00f1a contra el Hambre en la parroquia de El Salvador.\" \/>\n<meta name=\"robots\" content=\"index, follow, max-snippet:-1, max-image-preview:large, max-video-preview:-1\" \/>\n<link rel=\"canonical\" href=\"https:\/\/www.diocesisciudadrodrigo.org\/blog4\/la-delegacion-diocesana-de-manos-unidas-celebra-la-eucaristia-de-la-campana-contra-el-hambre\/\" \/>\n<meta property=\"og:locale\" content=\"es_ES\" \/>\n<meta property=\"og:type\" content=\"article\" \/>\n<meta property=\"og:title\" content=\"La Delegaci\u00f3n diocesana de Manos Unidas celebra la eucarist\u00eda de la Campa\u00f1a contra el Hambre - Di\u00f3cesis de Ciudad Rodrigo\" \/>\n<meta property=\"og:description\" content=\"Manos Unidas Ciudad Rodrigo ha celebrado la eucarist\u00eda de la Campa\u00f1a contra el Hambre en la parroquia de El Salvador.\" \/>\n<meta property=\"og:url\" content=\"https:\/\/www.diocesisciudadrodrigo.org\/blog4\/la-delegacion-diocesana-de-manos-unidas-celebra-la-eucaristia-de-la-campana-contra-el-hambre\/\" \/>\n<meta property=\"og:site_name\" content=\"Di\u00f3cesis de Ciudad Rodrigo\" \/>\n<meta property=\"article:publisher\" content=\"https:\/\/www.facebook.com\/people\/Dicesis-Ciudad-Rodrigo-MCS\/100076471923419\/#\" \/>\n<meta property=\"article:published_time\" content=\"2026-02-28T21:38:32+00:00\" \/>\n<meta property=\"og:image\" content=\"https:\/\/www.diocesisciudadrodrigo.org\/blog4\/wp-content\/uploads\/2026\/02\/PHOTO-2026-02-28-20-22-49.jpeg\" \/>\n\t<meta property=\"og:image:width\" content=\"1200\" \/>\n\t<meta property=\"og:image:height\" content=\"674\" \/>\n\t<meta property=\"og:image:type\" content=\"image\/jpeg\" \/>\n<meta name=\"author\" content=\"medios CR\" \/>\n<meta name=\"twitter:card\" content=\"summary_large_image\" \/>\n<meta name=\"twitter:label1\" content=\"Escrito por\" \/>\n\t<meta name=\"twitter:data1\" content=\"medios CR\" \/>\n\t<meta name=\"twitter:label2\" content=\"Tiempo de lectura\" \/>\n\t<meta name=\"twitter:data2\" content=\"3 minutos\" \/>\n<script type=\"application\/ld+json\" class=\"yoast-schema-graph\">{\"@context\":\"https:\\\/\\\/schema.org\",\"@graph\":[{\"@type\":\"Article\",\"@id\":\"https:\\\/\\\/www.diocesisciudadrodrigo.org\\\/blog4\\\/la-delegacion-diocesana-de-manos-unidas-celebra-la-eucaristia-de-la-campana-contra-el-hambre\\\/#article\",\"isPartOf\":{\"@id\":\"https:\\\/\\\/www.diocesisciudadrodrigo.org\\\/blog4\\\/la-delegacion-diocesana-de-manos-unidas-celebra-la-eucaristia-de-la-campana-contra-el-hambre\\\/\"},\"author\":{\"name\":\"medios CR\",\"@id\":\"https:\\\/\\\/www.diocesisciudadrodrigo.org\\\/blog4\\\/#\\\/schema\\\/person\\\/5fcf0ca636a75766ff70e6417b6ed052\"},\"headline\":\"La Delegaci\u00f3n diocesana de Manos Unidas celebra la eucarist\u00eda de la Campa\u00f1a contra el Hambre\",\"datePublished\":\"2026-02-28T21:38:32+00:00\",\"mainEntityOfPage\":{\"@id\":\"https:\\\/\\\/www.diocesisciudadrodrigo.org\\\/blog4\\\/la-delegacion-diocesana-de-manos-unidas-celebra-la-eucaristia-de-la-campana-contra-el-hambre\\\/\"},\"wordCount\":386,\"publisher\":{\"@id\":\"https:\\\/\\\/www.diocesisciudadrodrigo.org\\\/blog4\\\/#organization\"},\"image\":{\"@id\":\"https:\\\/\\\/www.diocesisciudadrodrigo.org\\\/blog4\\\/la-delegacion-diocesana-de-manos-unidas-celebra-la-eucaristia-de-la-campana-contra-el-hambre\\\/#primaryimage\"},\"thumbnailUrl\":\"https:\\\/\\\/www.diocesisciudadrodrigo.org\\\/blog4\\\/wp-content\\\/uploads\\\/2026\\\/02\\\/PHOTO-2026-02-28-20-22-49.jpeg\",\"keywords\":[\"Ciudad Rodrigo\",\"Manos Unidas\"],\"articleSection\":[\"Noticias\"],\"inLanguage\":\"es\"},{\"@type\":\"WebPage\",\"@id\":\"https:\\\/\\\/www.diocesisciudadrodrigo.org\\\/blog4\\\/la-delegacion-diocesana-de-manos-unidas-celebra-la-eucaristia-de-la-campana-contra-el-hambre\\\/\",\"url\":\"https:\\\/\\\/www.diocesisciudadrodrigo.org\\\/blog4\\\/la-delegacion-diocesana-de-manos-unidas-celebra-la-eucaristia-de-la-campana-contra-el-hambre\\\/\",\"name\":\"La Delegaci\u00f3n diocesana de Manos Unidas celebra la eucarist\u00eda de la Campa\u00f1a contra el Hambre - Di\u00f3cesis de Ciudad Rodrigo\",\"isPartOf\":{\"@id\":\"https:\\\/\\\/www.diocesisciudadrodrigo.org\\\/blog4\\\/#website\"},\"primaryImageOfPage\":{\"@id\":\"https:\\\/\\\/www.diocesisciudadrodrigo.org\\\/blog4\\\/la-delegacion-diocesana-de-manos-unidas-celebra-la-eucaristia-de-la-campana-contra-el-hambre\\\/#primaryimage\"},\"image\":{\"@id\":\"https:\\\/\\\/www.diocesisciudadrodrigo.org\\\/blog4\\\/la-delegacion-diocesana-de-manos-unidas-celebra-la-eucaristia-de-la-campana-contra-el-hambre\\\/#primaryimage\"},\"thumbnailUrl\":\"https:\\\/\\\/www.diocesisciudadrodrigo.org\\\/blog4\\\/wp-content\\\/uploads\\\/2026\\\/02\\\/PHOTO-2026-02-28-20-22-49.jpeg\",\"datePublished\":\"2026-02-28T21:38:32+00:00\",\"description\":\"Manos Unidas Ciudad Rodrigo ha celebrado la eucarist\u00eda de la Campa\u00f1a contra el Hambre en la parroquia de El Salvador.\",\"breadcrumb\":{\"@id\":\"https:\\\/\\\/www.diocesisciudadrodrigo.org\\\/blog4\\\/la-delegacion-diocesana-de-manos-unidas-celebra-la-eucaristia-de-la-campana-contra-el-hambre\\\/#breadcrumb\"},\"inLanguage\":\"es\",\"potentialAction\":[{\"@type\":\"ReadAction\",\"target\":[\"https:\\\/\\\/www.diocesisciudadrodrigo.org\\\/blog4\\\/la-delegacion-diocesana-de-manos-unidas-celebra-la-eucaristia-de-la-campana-contra-el-hambre\\\/\"]}]},{\"@type\":\"ImageObject\",\"inLanguage\":\"es\",\"@id\":\"https:\\\/\\\/www.diocesisciudadrodrigo.org\\\/blog4\\\/la-delegacion-diocesana-de-manos-unidas-celebra-la-eucaristia-de-la-campana-contra-el-hambre\\\/#primaryimage\",\"url\":\"https:\\\/\\\/www.diocesisciudadrodrigo.org\\\/blog4\\\/wp-content\\\/uploads\\\/2026\\\/02\\\/PHOTO-2026-02-28-20-22-49.jpeg\",\"contentUrl\":\"https:\\\/\\\/www.diocesisciudadrodrigo.org\\\/blog4\\\/wp-content\\\/uploads\\\/2026\\\/02\\\/PHOTO-2026-02-28-20-22-49.jpeg\",\"width\":1200,\"height\":674,\"caption\":\"Eucarist\u00eda de la Campa\u00f1a contra el Hambre\"},{\"@type\":\"BreadcrumbList\",\"@id\":\"https:\\\/\\\/www.diocesisciudadrodrigo.org\\\/blog4\\\/la-delegacion-diocesana-de-manos-unidas-celebra-la-eucaristia-de-la-campana-contra-el-hambre\\\/#breadcrumb\",\"itemListElement\":[{\"@type\":\"ListItem\",\"position\":1,\"name\":\"Portada\",\"item\":\"https:\\\/\\\/www.diocesisciudadrodrigo.org\\\/blog4\\\/\"},{\"@type\":\"ListItem\",\"position\":2,\"name\":\"La Delegaci\u00f3n diocesana de Manos Unidas celebra la eucarist\u00eda de la Campa\u00f1a contra el Hambre\"}]},{\"@type\":\"WebSite\",\"@id\":\"https:\\\/\\\/www.diocesisciudadrodrigo.org\\\/blog4\\\/#website\",\"url\":\"https:\\\/\\\/www.diocesisciudadrodrigo.org\\\/blog4\\\/\",\"name\":\"Di\u00f3cesis de Ciudad Rodrigo\",\"description\":\"Sitio web oficial de la di\u00f3cesis civitatense\",\"publisher\":{\"@id\":\"https:\\\/\\\/www.diocesisciudadrodrigo.org\\\/blog4\\\/#organization\"},\"potentialAction\":[{\"@type\":\"SearchAction\",\"target\":{\"@type\":\"EntryPoint\",\"urlTemplate\":\"https:\\\/\\\/www.diocesisciudadrodrigo.org\\\/blog4\\\/?s={search_term_string}\"},\"query-input\":{\"@type\":\"PropertyValueSpecification\",\"valueRequired\":true,\"valueName\":\"search_term_string\"}}],\"inLanguage\":\"es\"},{\"@type\":\"Organization\",\"@id\":\"https:\\\/\\\/www.diocesisciudadrodrigo.org\\\/blog4\\\/#organization\",\"name\":\"Di\u00f3cesis de Ciudad Rodrigo\",\"url\":\"https:\\\/\\\/www.diocesisciudadrodrigo.org\\\/blog4\\\/\",\"logo\":{\"@type\":\"ImageObject\",\"inLanguage\":\"es\",\"@id\":\"https:\\\/\\\/www.diocesisciudadrodrigo.org\\\/blog4\\\/#\\\/schema\\\/logo\\\/image\\\/\",\"url\":\"https:\\\/\\\/www.diocesisciudadrodrigo.org\\\/blog4\\\/wp-content\\\/uploads\\\/2024\\\/12\\\/Diocesis.CMYK_-768x480-1.jpg\",\"contentUrl\":\"https:\\\/\\\/www.diocesisciudadrodrigo.org\\\/blog4\\\/wp-content\\\/uploads\\\/2024\\\/12\\\/Diocesis.CMYK_-768x480-1.jpg\",\"width\":768,\"height\":480,\"caption\":\"Di\u00f3cesis de Ciudad Rodrigo\"},\"image\":{\"@id\":\"https:\\\/\\\/www.diocesisciudadrodrigo.org\\\/blog4\\\/#\\\/schema\\\/logo\\\/image\\\/\"},\"sameAs\":[\"https:\\\/\\\/www.facebook.com\\\/people\\\/Dicesis-Ciudad-Rodrigo-MCS\\\/100076471923419\\\/#\"]},{\"@type\":\"Person\",\"@id\":\"https:\\\/\\\/www.diocesisciudadrodrigo.org\\\/blog4\\\/#\\\/schema\\\/person\\\/5fcf0ca636a75766ff70e6417b6ed052\",\"name\":\"medios CR\",\"image\":{\"@type\":\"ImageObject\",\"inLanguage\":\"es\",\"@id\":\"https:\\\/\\\/secure.gravatar.com\\\/avatar\\\/4a619fd0c7e36bd570f4e6e15eb09a2191185d0f63d8dbfdffe848af141ab87e?s=96&d=mm&r=g\",\"url\":\"https:\\\/\\\/secure.gravatar.com\\\/avatar\\\/4a619fd0c7e36bd570f4e6e15eb09a2191185d0f63d8dbfdffe848af141ab87e?s=96&d=mm&r=g\",\"contentUrl\":\"https:\\\/\\\/secure.gravatar.com\\\/avatar\\\/4a619fd0c7e36bd570f4e6e15eb09a2191185d0f63d8dbfdffe848af141ab87e?s=96&d=mm&r=g\",\"caption\":\"medios CR\"},\"url\":\"https:\\\/\\\/www.diocesisciudadrodrigo.org\\\/blog4\\\/author\\\/admin4\\\/\"}]}<\/script>\n<!-- \/ Yoast SEO plugin. -->","yoast_head_json":{"title":"La Delegaci\u00f3n diocesana de Manos Unidas celebra la eucarist\u00eda de la Campa\u00f1a contra el Hambre - Di\u00f3cesis de Ciudad Rodrigo","description":"Manos Unidas Ciudad Rodrigo ha celebrado la eucarist\u00eda de la Campa\u00f1a contra el Hambre en la parroquia de El Salvador.","robots":{"index":"index","follow":"follow","max-snippet":"max-snippet:-1","max-image-preview":"max-image-preview:large","max-video-preview":"max-video-preview:-1"},"canonical":"https:\/\/www.diocesisciudadrodrigo.org\/blog4\/la-delegacion-diocesana-de-manos-unidas-celebra-la-eucaristia-de-la-campana-contra-el-hambre\/","og_locale":"es_ES","og_type":"article","og_title":"La Delegaci\u00f3n diocesana de Manos Unidas celebra la eucarist\u00eda de la Campa\u00f1a contra el Hambre - Di\u00f3cesis de Ciudad Rodrigo","og_description":"Manos Unidas Ciudad Rodrigo ha celebrado la eucarist\u00eda de la Campa\u00f1a contra el Hambre en la parroquia de El Salvador.","og_url":"https:\/\/www.diocesisciudadrodrigo.org\/blog4\/la-delegacion-diocesana-de-manos-unidas-celebra-la-eucaristia-de-la-campana-contra-el-hambre\/","og_site_name":"Di\u00f3cesis de Ciudad Rodrigo","article_publisher":"https:\/\/www.facebook.com\/people\/Dicesis-Ciudad-Rodrigo-MCS\/100076471923419\/#","article_published_time":"2026-02-28T21:38:32+00:00","og_image":[{"width":1200,"height":674,"url":"https:\/\/www.diocesisciudadrodrigo.org\/blog4\/wp-content\/uploads\/2026\/02\/PHOTO-2026-02-28-20-22-49.jpeg","type":"image\/jpeg"}],"author":"medios CR","twitter_card":"summary_large_image","twitter_misc":{"Escrito por":"medios CR","Tiempo de lectura":"3 minutos"},"schema":{"@context":"https:\/\/schema.org","@graph":[{"@type":"Article","@id":"https:\/\/www.diocesisciudadrodrigo.org\/blog4\/la-delegacion-diocesana-de-manos-unidas-celebra-la-eucaristia-de-la-campana-contra-el-hambre\/#article","isPartOf":{"@id":"https:\/\/www.diocesisciudadrodrigo.org\/blog4\/la-delegacion-diocesana-de-manos-unidas-celebra-la-eucaristia-de-la-campana-contra-el-hambre\/"},"author":{"name":"medios CR","@id":"https:\/\/www.diocesisciudadrodrigo.org\/blog4\/#\/schema\/person\/5fcf0ca636a75766ff70e6417b6ed052"},"headline":"La Delegaci\u00f3n diocesana de Manos Unidas celebra la eucarist\u00eda de la Campa\u00f1a contra el Hambre","datePublished":"2026-02-28T21:38:32+00:00","mainEntityOfPage":{"@id":"https:\/\/www.diocesisciudadrodrigo.org\/blog4\/la-delegacion-diocesana-de-manos-unidas-celebra-la-eucaristia-de-la-campana-contra-el-hambre\/"},"wordCount":386,"publisher":{"@id":"https:\/\/www.diocesisciudadrodrigo.org\/blog4\/#organization"},"image":{"@id":"https:\/\/www.diocesisciudadrodrigo.org\/blog4\/la-delegacion-diocesana-de-manos-unidas-celebra-la-eucaristia-de-la-campana-contra-el-hambre\/#primaryimage"},"thumbnailUrl":"https:\/\/www.diocesisciudadrodrigo.org\/blog4\/wp-content\/uploads\/2026\/02\/PHOTO-2026-02-28-20-22-49.jpeg","keywords":["Ciudad Rodrigo","Manos Unidas"],"articleSection":["Noticias"],"inLanguage":"es"},{"@type":"WebPage","@id":"https:\/\/www.diocesisciudadrodrigo.org\/blog4\/la-delegacion-diocesana-de-manos-unidas-celebra-la-eucaristia-de-la-campana-contra-el-hambre\/","url":"https:\/\/www.diocesisciudadrodrigo.org\/blog4\/la-delegacion-diocesana-de-manos-unidas-celebra-la-eucaristia-de-la-campana-contra-el-hambre\/","name":"La Delegaci\u00f3n diocesana de Manos Unidas celebra la eucarist\u00eda de la Campa\u00f1a contra el Hambre - Di\u00f3cesis de Ciudad Rodrigo","isPartOf":{"@id":"https:\/\/www.diocesisciudadrodrigo.org\/blog4\/#website"},"primaryImageOfPage":{"@id":"https:\/\/www.diocesisciudadrodrigo.org\/blog4\/la-delegacion-diocesana-de-manos-unidas-celebra-la-eucaristia-de-la-campana-contra-el-hambre\/#primaryimage"},"image":{"@id":"https:\/\/www.diocesisciudadrodrigo.org\/blog4\/la-delegacion-diocesana-de-manos-unidas-celebra-la-eucaristia-de-la-campana-contra-el-hambre\/#primaryimage"},"thumbnailUrl":"https:\/\/www.diocesisciudadrodrigo.org\/blog4\/wp-content\/uploads\/2026\/02\/PHOTO-2026-02-28-20-22-49.jpeg","datePublished":"2026-02-28T21:38:32+00:00","description":"Manos Unidas Ciudad Rodrigo ha celebrado la eucarist\u00eda de la Campa\u00f1a contra el Hambre en la parroquia de El Salvador.","breadcrumb":{"@id":"https:\/\/www.diocesisciudadrodrigo.org\/blog4\/la-delegacion-diocesana-de-manos-unidas-celebra-la-eucaristia-de-la-campana-contra-el-hambre\/#breadcrumb"},"inLanguage":"es","potentialAction":[{"@type":"ReadAction","target":["https:\/\/www.diocesisciudadrodrigo.org\/blog4\/la-delegacion-diocesana-de-manos-unidas-celebra-la-eucaristia-de-la-campana-contra-el-hambre\/"]}]},{"@type":"ImageObject","inLanguage":"es","@id":"https:\/\/www.diocesisciudadrodrigo.org\/blog4\/la-delegacion-diocesana-de-manos-unidas-celebra-la-eucaristia-de-la-campana-contra-el-hambre\/#primaryimage","url":"https:\/\/www.diocesisciudadrodrigo.org\/blog4\/wp-content\/uploads\/2026\/02\/PHOTO-2026-02-28-20-22-49.jpeg","contentUrl":"https:\/\/www.diocesisciudadrodrigo.org\/blog4\/wp-content\/uploads\/2026\/02\/PHOTO-2026-02-28-20-22-49.jpeg","width":1200,"height":674,"caption":"Eucarist\u00eda de la Campa\u00f1a contra el Hambre"},{"@type":"BreadcrumbList","@id":"https:\/\/www.diocesisciudadrodrigo.org\/blog4\/la-delegacion-diocesana-de-manos-unidas-celebra-la-eucaristia-de-la-campana-contra-el-hambre\/#breadcrumb","itemListElement":[{"@type":"ListItem","position":1,"name":"Portada","item":"https:\/\/www.diocesisciudadrodrigo.org\/blog4\/"},{"@type":"ListItem","position":2,"name":"La Delegaci\u00f3n diocesana de Manos Unidas celebra la eucarist\u00eda de la Campa\u00f1a contra el Hambre"}]},{"@type":"WebSite","@id":"https:\/\/www.diocesisciudadrodrigo.org\/blog4\/#website","url":"https:\/\/www.diocesisciudadrodrigo.org\/blog4\/","name":"Di\u00f3cesis de Ciudad Rodrigo","description":"Sitio web oficial de la di\u00f3cesis civitatense","publisher":{"@id":"https:\/\/www.diocesisciudadrodrigo.org\/blog4\/#organization"},"potentialAction":[{"@type":"SearchAction","target":{"@type":"EntryPoint","urlTemplate":"https:\/\/www.diocesisciudadrodrigo.org\/blog4\/?s={search_term_string}"},"query-input":{"@type":"PropertyValueSpecification","valueRequired":true,"valueName":"search_term_string"}}],"inLanguage":"es"},{"@type":"Organization","@id":"https:\/\/www.diocesisciudadrodrigo.org\/blog4\/#organization","name":"Di\u00f3cesis de Ciudad Rodrigo","url":"https:\/\/www.diocesisciudadrodrigo.org\/blog4\/","logo":{"@type":"ImageObject","inLanguage":"es","@id":"https:\/\/www.diocesisciudadrodrigo.org\/blog4\/#\/schema\/logo\/image\/","url":"https:\/\/www.diocesisciudadrodrigo.org\/blog4\/wp-content\/uploads\/2024\/12\/Diocesis.CMYK_-768x480-1.jpg","contentUrl":"https:\/\/www.diocesisciudadrodrigo.org\/blog4\/wp-content\/uploads\/2024\/12\/Diocesis.CMYK_-768x480-1.jpg","width":768,"height":480,"caption":"Di\u00f3cesis de Ciudad Rodrigo"},"image":{"@id":"https:\/\/www.diocesisciudadrodrigo.org\/blog4\/#\/schema\/logo\/image\/"},"sameAs":["https:\/\/www.facebook.com\/people\/Dicesis-Ciudad-Rodrigo-MCS\/100076471923419\/#"]},{"@type":"Person","@id":"https:\/\/www.diocesisciudadrodrigo.org\/blog4\/#\/schema\/person\/5fcf0ca636a75766ff70e6417b6ed052","name":"medios CR","image":{"@type":"ImageObject","inLanguage":"es","@id":"https:\/\/secure.gravatar.com\/avatar\/4a619fd0c7e36bd570f4e6e15eb09a2191185d0f63d8dbfdffe848af141ab87e?s=96&d=mm&r=g","url":"https:\/\/secure.gravatar.com\/avatar\/4a619fd0c7e36bd570f4e6e15eb09a2191185d0f63d8dbfdffe848af141ab87e?s=96&d=mm&r=g","contentUrl":"https:\/\/secure.gravatar.com\/avatar\/4a619fd0c7e36bd570f4e6e15eb09a2191185d0f63d8dbfdffe848af141ab87e?s=96&d=mm&r=g","caption":"medios CR"},"url":"https:\/\/www.diocesisciudadrodrigo.org\/blog4\/author\/admin4\/"}]}},"_links":{"self":[{"href":"https:\/\/www.diocesisciudadrodrigo.org\/blog4\/wp-json\/wp\/v2\/posts\/42704","targetHints":{"allow":["GET"]}}],"collection":[{"href":"https:\/\/www.diocesisciudadrodrigo.org\/blog4\/wp-json\/wp\/v2\/posts"}],"about":[{"href":"https:\/\/www.diocesisciudadrodrigo.org\/blog4\/wp-json\/wp\/v2\/types\/post"}],"author":[{"embeddable":true,"href":"https:\/\/www.diocesisciudadrodrigo.org\/blog4\/wp-json\/wp\/v2\/users\/1"}],"replies":[{"embeddable":true,"href":"https:\/\/www.diocesisciudadrodrigo.org\/blog4\/wp-json\/wp\/v2\/comments?post=42704"}],"version-history":[{"count":16,"href":"https:\/\/www.diocesisciudadrodrigo.org\/blog4\/wp-json\/wp\/v2\/posts\/42704\/revisions"}],"predecessor-version":[{"id":42723,"href":"https:\/\/www.diocesisciudadrodrigo.org\/blog4\/wp-json\/wp\/v2\/posts\/42704\/revisions\/42723"}],"wp:featuredmedia":[{"embeddable":true,"href":"https:\/\/www.diocesisciudadrodrigo.org\/blog4\/wp-json\/wp\/v2\/media\/42705"}],"wp:attachment":[{"href":"https:\/\/www.diocesisciudadrodrigo.org\/blog4\/wp-json\/wp\/v2\/media?parent=42704"}],"wp:term":[{"taxonomy":"category","embeddable":true,"href":"https:\/\/www.diocesisciudadrodrigo.org\/blog4\/wp-json\/wp\/v2\/categories?post=42704"},{"taxonomy":"post_tag","embeddable":true,"href":"https:\/\/www.diocesisciudadrodrigo.org\/blog4\/wp-json\/wp\/v2\/tags?post=42704"}],"curies":[{"name":"wp","href":"https:\/\/api.w.org\/{rel}","templated":true}]}}