{"id":42663,"date":"2026-02-27T19:43:34","date_gmt":"2026-02-27T18:43:34","guid":{"rendered":"https:\/\/www.diocesisciudadrodrigo.org\/blog4\/?p=42663"},"modified":"2026-03-01T16:00:09","modified_gmt":"2026-03-01T15:00:09","slug":"la-identidad-sacerdotal-centra-la-jornada-de-formacion-del-presbiterio-diocesano","status":"publish","type":"post","link":"https:\/\/www.diocesisciudadrodrigo.org\/blog4\/la-identidad-sacerdotal-centra-la-jornada-de-formacion-del-presbiterio-diocesano\/","title":{"rendered":"La identidad sacerdotal centra la jornada de formaci\u00f3n del presbiterio diocesano"},"content":{"rendered":"\t\t<div data-elementor-type=\"wp-post\" data-elementor-id=\"42663\" class=\"elementor elementor-42663\" data-elementor-settings=\"[]\">\n\t\t\t\t\t\t<div class=\"elementor-inner\">\n\t\t\t\t\t\t\t<div class=\"elementor-section-wrap\">\n\t\t\t\t\t\t\t<section class=\"elementor-section elementor-top-section elementor-element elementor-element-dca7bd2 elementor-section-boxed elementor-section-height-default elementor-section-height-default\" data-id=\"dca7bd2\" data-element_type=\"section\">\n\t\t\t\t\t\t<div class=\"elementor-container elementor-column-gap-default\">\n\t\t\t\t\t\t\t<div class=\"elementor-row\">\n\t\t\t\t\t<div class=\"elementor-column elementor-col-100 elementor-top-column elementor-element elementor-element-a456787\" data-id=\"a456787\" data-element_type=\"column\">\n\t\t\t<div class=\"elementor-column-wrap elementor-element-populated\">\n\t\t\t\t\t\t\t<div class=\"elementor-widget-wrap\">\n\t\t\t\t\t\t<div class=\"elementor-element elementor-element-7d6426a elementor-widget elementor-widget-text-editor\" data-id=\"7d6426a\" data-element_type=\"widget\" data-widget_type=\"text-editor.default\">\n\t\t\t\t<div class=\"elementor-widget-container\">\n\t\t\t\t\t\t\t\t<div class=\"elementor-text-editor elementor-clearfix\">\n\t\t\t\t<h3>El rector del Teologado de \u00c1vila, Gaspar Hern\u00e1ndez, imparte una conferencia sobre &#8216;La existencia del presb\u00edtero: paradoja y misterio&#8217;.\u00a0<\/h3>\t\t\t\t\t<\/div>\n\t\t\t\t\t\t<\/div>\n\t\t\t\t<\/div>\n\t\t\t\t\t\t<\/div>\n\t\t\t\t\t<\/div>\n\t\t<\/div>\n\t\t\t\t\t\t\t\t<\/div>\n\t\t\t\t\t<\/div>\n\t\t<\/section>\n\t\t\t\t<section class=\"elementor-section elementor-top-section elementor-element elementor-element-9c22465 elementor-section-boxed elementor-section-height-default elementor-section-height-default\" data-id=\"9c22465\" data-element_type=\"section\">\n\t\t\t\t\t\t<div class=\"elementor-container elementor-column-gap-default\">\n\t\t\t\t\t\t\t<div class=\"elementor-row\">\n\t\t\t\t\t<div class=\"elementor-column elementor-col-100 elementor-top-column elementor-element elementor-element-3b52587\" data-id=\"3b52587\" data-element_type=\"column\">\n\t\t\t<div class=\"elementor-column-wrap elementor-element-populated\">\n\t\t\t\t\t\t\t<div class=\"elementor-widget-wrap\">\n\t\t\t\t\t\t<div class=\"elementor-element elementor-element-6323b87 elementor-widget elementor-widget-image\" data-id=\"6323b87\" data-element_type=\"widget\" data-widget_type=\"image.default\">\n\t\t\t\t<div class=\"elementor-widget-container\">\n\t\t\t\t\t\t\t\t<div class=\"elementor-image\">\n\t\t\t\t\t\t\t\t\t\t\t\t<img loading=\"lazy\" decoding=\"async\" width=\"1200\" height=\"675\" src=\"https:\/\/www.diocesisciudadrodrigo.org\/blog4\/wp-content\/uploads\/2026\/02\/IMG_8480.jpg\" class=\"attachment-large size-large\" alt=\"Jornada de formaci\u00f3n presbiteral\" srcset=\"https:\/\/www.diocesisciudadrodrigo.org\/blog4\/wp-content\/uploads\/2026\/02\/IMG_8480.jpg 1240w, https:\/\/www.diocesisciudadrodrigo.org\/blog4\/wp-content\/uploads\/2026\/02\/IMG_8480-1000x563.jpg 1000w, https:\/\/www.diocesisciudadrodrigo.org\/blog4\/wp-content\/uploads\/2026\/02\/IMG_8480-768x432.jpg 768w, https:\/\/www.diocesisciudadrodrigo.org\/blog4\/wp-content\/uploads\/2026\/02\/IMG_8480-350x197.jpg 350w\" sizes=\"auto, (max-width: 1200px) 100vw, 1200px\" \/>\t\t\t\t\t\t\t\t\t\t\t\t\t\t<\/div>\n\t\t\t\t\t\t<\/div>\n\t\t\t\t<\/div>\n\t\t\t\t\t\t<\/div>\n\t\t\t\t\t<\/div>\n\t\t<\/div>\n\t\t\t\t\t\t\t\t<\/div>\n\t\t\t\t\t<\/div>\n\t\t<\/section>\n\t\t\t\t<section class=\"elementor-section elementor-top-section elementor-element elementor-element-131b171 elementor-section-boxed elementor-section-height-default elementor-section-height-default\" data-id=\"131b171\" data-element_type=\"section\">\n\t\t\t\t\t\t<div class=\"elementor-container elementor-column-gap-default\">\n\t\t\t\t\t\t\t<div class=\"elementor-row\">\n\t\t\t\t\t<div class=\"elementor-column elementor-col-100 elementor-top-column elementor-element elementor-element-f82dd79\" data-id=\"f82dd79\" data-element_type=\"column\">\n\t\t\t<div class=\"elementor-column-wrap elementor-element-populated\">\n\t\t\t\t\t\t\t<div class=\"elementor-widget-wrap\">\n\t\t\t\t\t\t<div class=\"elementor-element elementor-element-8a55383 elementor-widget elementor-widget-text-editor\" data-id=\"8a55383\" data-element_type=\"widget\" data-widget_type=\"text-editor.default\">\n\t\t\t\t<div class=\"elementor-widget-container\">\n\t\t\t\t\t\t\t\t<div class=\"elementor-text-editor elementor-clearfix\">\n\t\t\t\t<p>DELEGACI\u00d3N DE MEDIOS<\/p><p><strong>&#8216;La existencia del presb\u00edtero: paradoja y misterio&#8217; ha sido el t\u00edtulo de la jornada de formaci\u00f3n del presbiterio<\/strong> diocesano que ha tenido lugar este jueves, 26 de febrero. El encuentro formativo, al que ha acudido el obispo de la Di\u00f3cesis, Monse\u00f1or Jos\u00e9 Luis Retana, ha contado con <strong>la ponencia de Gaspar Hern\u00e1ndez Peludo, rector del Teologado de \u00c1vila<\/strong> y profesor de la Universidad Pontificia de Salamanca.<\/p><p>Durante su exposici\u00f3n, el profesor de Patrolog\u00eda y Teolog\u00eda de los Sacramentos, ha reflexionado sobre la identidad sacerdotal, se\u00f1alando algunas de las claves que da el Concilio Vaticano II sobre el tema. Tambi\u00e9n ha apuntado algunas de las consideraciones que aporta el S\u00ednodo sobre esta cuesti\u00f3n.<\/p><p>Gaspar ha subrayado algunos de los retos del ministerio presbiteral, poniendo la mirada sobre <strong>c\u00f3mo se puede vivir la identidad sacerdotal en la Iglesia de hoy<\/strong><span class=\"Apple-converted-space\"> y la sociedad actual.\u00a0<\/span><\/p><p>Precisamente, Hern\u00e1ndez Peludo tiene un libro con el mismo titulo que esta jornada de formaci\u00f3n presbiteral. En esta obra invita a vivir el ministerio sacerdotal con esperanzado realismo en las circunstancias cambiantes de la Iglesia, la cultura y el mundo de hoy. Desde este punto,<strong> aborda la contradicci\u00f3n entre la fragilidad humana del sacerdote (\u00abopaca\u00bb) y la grandeza de su misi\u00f3n (\u00abtransparencia de Cristo\u00bb)<\/strong>.\u00a0<\/p><p>Tras la ponencia, ha tenido lugar <strong>un momento de debate, preguntas y reflexiones compartida<\/strong>s. La jornada ha finalizado con una comida de hermandad del presbiterio en el Seminario diocesano.\u00a0<\/p>\t\t\t\t\t<\/div>\n\t\t\t\t\t\t<\/div>\n\t\t\t\t<\/div>\n\t\t\t\t\t\t<\/div>\n\t\t\t\t\t<\/div>\n\t\t<\/div>\n\t\t\t\t\t\t\t\t<\/div>\n\t\t\t\t\t<\/div>\n\t\t<\/section>\n\t\t\t\t<section class=\"elementor-section elementor-top-section elementor-element elementor-element-fba9b78 elementor-section-boxed elementor-section-height-default elementor-section-height-default\" data-id=\"fba9b78\" data-element_type=\"section\">\n\t\t\t\t\t\t<div class=\"elementor-container elementor-column-gap-default\">\n\t\t\t\t\t\t\t<div class=\"elementor-row\">\n\t\t\t\t\t<div class=\"elementor-column elementor-col-100 elementor-top-column elementor-element elementor-element-8df2d6d\" data-id=\"8df2d6d\" data-element_type=\"column\">\n\t\t\t<div class=\"elementor-column-wrap elementor-element-populated\">\n\t\t\t\t\t\t\t<div class=\"elementor-widget-wrap\">\n\t\t\t\t\t\t<div class=\"elementor-element elementor-element-0e8213c elementor-widget elementor-widget-image-gallery\" data-id=\"0e8213c\" data-element_type=\"widget\" data-widget_type=\"image-gallery.default\">\n\t\t\t\t<div class=\"elementor-widget-container\">\n\t\t\t\t\t<div class=\"elementor-image-gallery\">\n\t\t\t<div id='gallery-1' class='gallery galleryid-42663 gallery-columns-3 gallery-size-thumbnail'><figure class='gallery-item'>\n\t\t\t<div class='gallery-icon landscape'>\n\t\t\t\t<a data-elementor-open-lightbox=\"yes\" data-elementor-lightbox-slideshow=\"0e8213c\" data-elementor-lightbox-title=\"IMG_8488\" e-action-hash=\"#elementor-action%3Aaction%3Dlightbox%26settings%3DeyJpZCI6NDI2NzEsInVybCI6Imh0dHBzOlwvXC93d3cuZGlvY2VzaXNjaXVkYWRyb2RyaWdvLm9yZ1wvYmxvZzRcL3dwLWNvbnRlbnRcL3VwbG9hZHNcLzIwMjZcLzAyXC9JTUdfODQ4OC5qcGVnIiwic2xpZGVzaG93IjoiMGU4MjEzYyJ9\" href='https:\/\/www.diocesisciudadrodrigo.org\/blog4\/wp-content\/uploads\/2026\/02\/IMG_8488.jpeg'><img loading=\"lazy\" decoding=\"async\" width=\"500\" height=\"500\" src=\"https:\/\/www.diocesisciudadrodrigo.org\/blog4\/wp-content\/uploads\/2026\/02\/IMG_8488-500x500.jpeg\" class=\"attachment-thumbnail size-thumbnail\" alt=\"\" \/><\/a>\n\t\t\t<\/div><\/figure><figure class='gallery-item'>\n\t\t\t<div class='gallery-icon landscape'>\n\t\t\t\t<a data-elementor-open-lightbox=\"yes\" data-elementor-lightbox-slideshow=\"0e8213c\" data-elementor-lightbox-title=\"IMG_8482\" e-action-hash=\"#elementor-action%3Aaction%3Dlightbox%26settings%3DeyJpZCI6NDI2NzAsInVybCI6Imh0dHBzOlwvXC93d3cuZGlvY2VzaXNjaXVkYWRyb2RyaWdvLm9yZ1wvYmxvZzRcL3dwLWNvbnRlbnRcL3VwbG9hZHNcLzIwMjZcLzAyXC9JTUdfODQ4Mi5qcGVnIiwic2xpZGVzaG93IjoiMGU4MjEzYyJ9\" href='https:\/\/www.diocesisciudadrodrigo.org\/blog4\/wp-content\/uploads\/2026\/02\/IMG_8482.jpeg'><img loading=\"lazy\" decoding=\"async\" width=\"500\" height=\"500\" src=\"https:\/\/www.diocesisciudadrodrigo.org\/blog4\/wp-content\/uploads\/2026\/02\/IMG_8482-500x500.jpeg\" class=\"attachment-thumbnail size-thumbnail\" alt=\"\" \/><\/a>\n\t\t\t<\/div><\/figure><figure class='gallery-item'>\n\t\t\t<div class='gallery-icon landscape'>\n\t\t\t\t<a data-elementor-open-lightbox=\"yes\" data-elementor-lightbox-slideshow=\"0e8213c\" data-elementor-lightbox-title=\"Jornada de formaci\u00f3n presbiteral\" e-action-hash=\"#elementor-action%3Aaction%3Dlightbox%26settings%3DeyJpZCI6NDI2NzIsInVybCI6Imh0dHBzOlwvXC93d3cuZGlvY2VzaXNjaXVkYWRyb2RyaWdvLm9yZ1wvYmxvZzRcL3dwLWNvbnRlbnRcL3VwbG9hZHNcLzIwMjZcLzAyXC9JTUdfODQ5NS5qcGVnIiwic2xpZGVzaG93IjoiMGU4MjEzYyJ9\" href='https:\/\/www.diocesisciudadrodrigo.org\/blog4\/wp-content\/uploads\/2026\/02\/IMG_8495.jpeg'><img loading=\"lazy\" decoding=\"async\" width=\"500\" height=\"500\" src=\"https:\/\/www.diocesisciudadrodrigo.org\/blog4\/wp-content\/uploads\/2026\/02\/IMG_8495-500x500.jpeg\" class=\"attachment-thumbnail size-thumbnail\" alt=\"Jornada de formaci\u00f3n presbiteral\" \/><\/a>\n\t\t\t<\/div><\/figure>\n\t\t<\/div>\n\t\t<\/div>\n\t\t\t\t<\/div>\n\t\t\t\t<\/div>\n\t\t\t\t\t\t<\/div>\n\t\t\t\t\t<\/div>\n\t\t<\/div>\n\t\t\t\t\t\t\t\t<\/div>\n\t\t\t\t\t<\/div>\n\t\t<\/section>\n\t\t\t\t\t\t<\/div>\n\t\t\t\t\t\t<\/div>\n\t\t\t\t\t<\/div>\n\t\t","protected":false},"excerpt":{"rendered":"<p>El rector del Teologado de \u00c1vila, Gaspar Hern\u00e1ndez, imparte una conferencia sobre &#8216;La existencia del presb\u00edtero: paradoja y misterio&#8217;.\u00a0 DELEGACI\u00d3N DE MEDIOS &#8216;La existencia del presb\u00edtero: paradoja y misterio&#8217; ha &#8230; <\/p>\n<p class=\"read-more-container\"><a title=\"La identidad sacerdotal centra la jornada de formaci\u00f3n del presbiterio diocesano\" class=\"read-more button\" href=\"https:\/\/www.diocesisciudadrodrigo.org\/blog4\/la-identidad-sacerdotal-centra-la-jornada-de-formacion-del-presbiterio-diocesano\/#more-42663\" aria-label=\"M\u00e1s en La identidad sacerdotal centra la jornada de formaci\u00f3n del presbiterio diocesano\">Leer m\u00e1s &#8230;<\/a><\/p>\n","protected":false},"author":1,"featured_media":42684,"comment_status":"closed","ping_status":"closed","sticky":false,"template":"","format":"standard","meta":{"footnotes":""},"categories":[6],"tags":[32,61,60],"class_list":["post-42663","post","type-post","status-publish","format-standard","has-post-thumbnail","hentry","category-noticias","tag-ciudad-rodrigo","tag-clero","tag-formacion","masonry-post","generate-columns","tablet-grid-50","mobile-grid-100","grid-parent","grid-50"],"yoast_head":"<!-- This site is optimized with the Yoast SEO plugin v27.3 - https:\/\/yoast.com\/product\/yoast-seo-wordpress\/ -->\n<title>La identidad sacerdotal centra la jornada de formaci\u00f3n del presbiterio diocesano - Di\u00f3cesis de Ciudad Rodrigo<\/title>\n<meta name=\"description\" content=\"El rector del Teologado de \u00c1vila, Gaspar Hern\u00e1ndez, ha impartido una conferencia en la jornada de formaci\u00f3n sobre \u2018La existencia del presbiterio: paradoja y misterio\u2019.\" \/>\n<meta name=\"robots\" content=\"index, follow, max-snippet:-1, max-image-preview:large, max-video-preview:-1\" \/>\n<link rel=\"canonical\" href=\"https:\/\/www.diocesisciudadrodrigo.org\/blog4\/la-identidad-sacerdotal-centra-la-jornada-de-formacion-del-presbiterio-diocesano\/\" \/>\n<meta property=\"og:locale\" content=\"es_ES\" \/>\n<meta property=\"og:type\" content=\"article\" \/>\n<meta property=\"og:title\" content=\"La identidad sacerdotal centra la jornada de formaci\u00f3n del presbiterio diocesano - Di\u00f3cesis de Ciudad Rodrigo\" \/>\n<meta property=\"og:description\" content=\"El rector del Teologado de \u00c1vila, Gaspar Hern\u00e1ndez, ha impartido una conferencia en la jornada de formaci\u00f3n sobre \u2018La existencia del presbiterio: paradoja y misterio\u2019.\" \/>\n<meta property=\"og:url\" content=\"https:\/\/www.diocesisciudadrodrigo.org\/blog4\/la-identidad-sacerdotal-centra-la-jornada-de-formacion-del-presbiterio-diocesano\/\" \/>\n<meta property=\"og:site_name\" content=\"Di\u00f3cesis de Ciudad Rodrigo\" \/>\n<meta property=\"article:publisher\" content=\"https:\/\/www.facebook.com\/people\/Dicesis-Ciudad-Rodrigo-MCS\/100076471923419\/#\" \/>\n<meta property=\"article:published_time\" content=\"2026-02-27T18:43:34+00:00\" \/>\n<meta property=\"article:modified_time\" content=\"2026-03-01T15:00:09+00:00\" \/>\n<meta property=\"og:image\" content=\"https:\/\/www.diocesisciudadrodrigo.org\/blog4\/wp-content\/uploads\/2026\/02\/IMG_8480.jpg\" \/>\n\t<meta property=\"og:image:width\" content=\"1240\" \/>\n\t<meta property=\"og:image:height\" content=\"698\" \/>\n\t<meta property=\"og:image:type\" content=\"image\/jpeg\" \/>\n<meta name=\"author\" content=\"medios CR\" \/>\n<meta name=\"twitter:card\" content=\"summary_large_image\" \/>\n<meta name=\"twitter:label1\" content=\"Escrito por\" \/>\n\t<meta name=\"twitter:data1\" content=\"medios CR\" \/>\n\t<meta name=\"twitter:label2\" content=\"Tiempo de lectura\" \/>\n\t<meta name=\"twitter:data2\" content=\"2 minutos\" \/>\n<script type=\"application\/ld+json\" class=\"yoast-schema-graph\">{\"@context\":\"https:\\\/\\\/schema.org\",\"@graph\":[{\"@type\":\"Article\",\"@id\":\"https:\\\/\\\/www.diocesisciudadrodrigo.org\\\/blog4\\\/la-identidad-sacerdotal-centra-la-jornada-de-formacion-del-presbiterio-diocesano\\\/#article\",\"isPartOf\":{\"@id\":\"https:\\\/\\\/www.diocesisciudadrodrigo.org\\\/blog4\\\/la-identidad-sacerdotal-centra-la-jornada-de-formacion-del-presbiterio-diocesano\\\/\"},\"author\":{\"name\":\"medios CR\",\"@id\":\"https:\\\/\\\/www.diocesisciudadrodrigo.org\\\/blog4\\\/#\\\/schema\\\/person\\\/5fcf0ca636a75766ff70e6417b6ed052\"},\"headline\":\"La identidad sacerdotal centra la jornada de formaci\u00f3n del presbiterio diocesano\",\"datePublished\":\"2026-02-27T18:43:34+00:00\",\"dateModified\":\"2026-03-01T15:00:09+00:00\",\"mainEntityOfPage\":{\"@id\":\"https:\\\/\\\/www.diocesisciudadrodrigo.org\\\/blog4\\\/la-identidad-sacerdotal-centra-la-jornada-de-formacion-del-presbiterio-diocesano\\\/\"},\"wordCount\":289,\"publisher\":{\"@id\":\"https:\\\/\\\/www.diocesisciudadrodrigo.org\\\/blog4\\\/#organization\"},\"image\":{\"@id\":\"https:\\\/\\\/www.diocesisciudadrodrigo.org\\\/blog4\\\/la-identidad-sacerdotal-centra-la-jornada-de-formacion-del-presbiterio-diocesano\\\/#primaryimage\"},\"thumbnailUrl\":\"https:\\\/\\\/www.diocesisciudadrodrigo.org\\\/blog4\\\/wp-content\\\/uploads\\\/2026\\\/02\\\/IMG_8480.jpg\",\"keywords\":[\"Ciudad Rodrigo\",\"clero\",\"formaci\u00f3n\"],\"articleSection\":[\"Noticias\"],\"inLanguage\":\"es\"},{\"@type\":\"WebPage\",\"@id\":\"https:\\\/\\\/www.diocesisciudadrodrigo.org\\\/blog4\\\/la-identidad-sacerdotal-centra-la-jornada-de-formacion-del-presbiterio-diocesano\\\/\",\"url\":\"https:\\\/\\\/www.diocesisciudadrodrigo.org\\\/blog4\\\/la-identidad-sacerdotal-centra-la-jornada-de-formacion-del-presbiterio-diocesano\\\/\",\"name\":\"La identidad sacerdotal centra la jornada de formaci\u00f3n del presbiterio diocesano - Di\u00f3cesis de Ciudad Rodrigo\",\"isPartOf\":{\"@id\":\"https:\\\/\\\/www.diocesisciudadrodrigo.org\\\/blog4\\\/#website\"},\"primaryImageOfPage\":{\"@id\":\"https:\\\/\\\/www.diocesisciudadrodrigo.org\\\/blog4\\\/la-identidad-sacerdotal-centra-la-jornada-de-formacion-del-presbiterio-diocesano\\\/#primaryimage\"},\"image\":{\"@id\":\"https:\\\/\\\/www.diocesisciudadrodrigo.org\\\/blog4\\\/la-identidad-sacerdotal-centra-la-jornada-de-formacion-del-presbiterio-diocesano\\\/#primaryimage\"},\"thumbnailUrl\":\"https:\\\/\\\/www.diocesisciudadrodrigo.org\\\/blog4\\\/wp-content\\\/uploads\\\/2026\\\/02\\\/IMG_8480.jpg\",\"datePublished\":\"2026-02-27T18:43:34+00:00\",\"dateModified\":\"2026-03-01T15:00:09+00:00\",\"description\":\"El rector del Teologado de \u00c1vila, Gaspar Hern\u00e1ndez, ha impartido una conferencia en la jornada de formaci\u00f3n sobre \u2018La existencia del presbiterio: paradoja y misterio\u2019.\",\"breadcrumb\":{\"@id\":\"https:\\\/\\\/www.diocesisciudadrodrigo.org\\\/blog4\\\/la-identidad-sacerdotal-centra-la-jornada-de-formacion-del-presbiterio-diocesano\\\/#breadcrumb\"},\"inLanguage\":\"es\",\"potentialAction\":[{\"@type\":\"ReadAction\",\"target\":[\"https:\\\/\\\/www.diocesisciudadrodrigo.org\\\/blog4\\\/la-identidad-sacerdotal-centra-la-jornada-de-formacion-del-presbiterio-diocesano\\\/\"]}]},{\"@type\":\"ImageObject\",\"inLanguage\":\"es\",\"@id\":\"https:\\\/\\\/www.diocesisciudadrodrigo.org\\\/blog4\\\/la-identidad-sacerdotal-centra-la-jornada-de-formacion-del-presbiterio-diocesano\\\/#primaryimage\",\"url\":\"https:\\\/\\\/www.diocesisciudadrodrigo.org\\\/blog4\\\/wp-content\\\/uploads\\\/2026\\\/02\\\/IMG_8480.jpg\",\"contentUrl\":\"https:\\\/\\\/www.diocesisciudadrodrigo.org\\\/blog4\\\/wp-content\\\/uploads\\\/2026\\\/02\\\/IMG_8480.jpg\",\"width\":1240,\"height\":698,\"caption\":\"Jornada de formaci\u00f3n presbiteral\"},{\"@type\":\"BreadcrumbList\",\"@id\":\"https:\\\/\\\/www.diocesisciudadrodrigo.org\\\/blog4\\\/la-identidad-sacerdotal-centra-la-jornada-de-formacion-del-presbiterio-diocesano\\\/#breadcrumb\",\"itemListElement\":[{\"@type\":\"ListItem\",\"position\":1,\"name\":\"Portada\",\"item\":\"https:\\\/\\\/www.diocesisciudadrodrigo.org\\\/blog4\\\/\"},{\"@type\":\"ListItem\",\"position\":2,\"name\":\"La identidad sacerdotal centra la jornada de formaci\u00f3n del presbiterio diocesano\"}]},{\"@type\":\"WebSite\",\"@id\":\"https:\\\/\\\/www.diocesisciudadrodrigo.org\\\/blog4\\\/#website\",\"url\":\"https:\\\/\\\/www.diocesisciudadrodrigo.org\\\/blog4\\\/\",\"name\":\"Di\u00f3cesis de Ciudad Rodrigo\",\"description\":\"Sitio web oficial de la di\u00f3cesis civitatense\",\"publisher\":{\"@id\":\"https:\\\/\\\/www.diocesisciudadrodrigo.org\\\/blog4\\\/#organization\"},\"potentialAction\":[{\"@type\":\"SearchAction\",\"target\":{\"@type\":\"EntryPoint\",\"urlTemplate\":\"https:\\\/\\\/www.diocesisciudadrodrigo.org\\\/blog4\\\/?s={search_term_string}\"},\"query-input\":{\"@type\":\"PropertyValueSpecification\",\"valueRequired\":true,\"valueName\":\"search_term_string\"}}],\"inLanguage\":\"es\"},{\"@type\":\"Organization\",\"@id\":\"https:\\\/\\\/www.diocesisciudadrodrigo.org\\\/blog4\\\/#organization\",\"name\":\"Di\u00f3cesis de Ciudad Rodrigo\",\"url\":\"https:\\\/\\\/www.diocesisciudadrodrigo.org\\\/blog4\\\/\",\"logo\":{\"@type\":\"ImageObject\",\"inLanguage\":\"es\",\"@id\":\"https:\\\/\\\/www.diocesisciudadrodrigo.org\\\/blog4\\\/#\\\/schema\\\/logo\\\/image\\\/\",\"url\":\"https:\\\/\\\/www.diocesisciudadrodrigo.org\\\/blog4\\\/wp-content\\\/uploads\\\/2024\\\/12\\\/Diocesis.CMYK_-768x480-1.jpg\",\"contentUrl\":\"https:\\\/\\\/www.diocesisciudadrodrigo.org\\\/blog4\\\/wp-content\\\/uploads\\\/2024\\\/12\\\/Diocesis.CMYK_-768x480-1.jpg\",\"width\":768,\"height\":480,\"caption\":\"Di\u00f3cesis de Ciudad Rodrigo\"},\"image\":{\"@id\":\"https:\\\/\\\/www.diocesisciudadrodrigo.org\\\/blog4\\\/#\\\/schema\\\/logo\\\/image\\\/\"},\"sameAs\":[\"https:\\\/\\\/www.facebook.com\\\/people\\\/Dicesis-Ciudad-Rodrigo-MCS\\\/100076471923419\\\/#\"]},{\"@type\":\"Person\",\"@id\":\"https:\\\/\\\/www.diocesisciudadrodrigo.org\\\/blog4\\\/#\\\/schema\\\/person\\\/5fcf0ca636a75766ff70e6417b6ed052\",\"name\":\"medios CR\",\"image\":{\"@type\":\"ImageObject\",\"inLanguage\":\"es\",\"@id\":\"https:\\\/\\\/secure.gravatar.com\\\/avatar\\\/4a619fd0c7e36bd570f4e6e15eb09a2191185d0f63d8dbfdffe848af141ab87e?s=96&d=mm&r=g\",\"url\":\"https:\\\/\\\/secure.gravatar.com\\\/avatar\\\/4a619fd0c7e36bd570f4e6e15eb09a2191185d0f63d8dbfdffe848af141ab87e?s=96&d=mm&r=g\",\"contentUrl\":\"https:\\\/\\\/secure.gravatar.com\\\/avatar\\\/4a619fd0c7e36bd570f4e6e15eb09a2191185d0f63d8dbfdffe848af141ab87e?s=96&d=mm&r=g\",\"caption\":\"medios CR\"},\"url\":\"https:\\\/\\\/www.diocesisciudadrodrigo.org\\\/blog4\\\/author\\\/admin4\\\/\"}]}<\/script>\n<!-- \/ Yoast SEO plugin. -->","yoast_head_json":{"title":"La identidad sacerdotal centra la jornada de formaci\u00f3n del presbiterio diocesano - Di\u00f3cesis de Ciudad Rodrigo","description":"El rector del Teologado de \u00c1vila, Gaspar Hern\u00e1ndez, ha impartido una conferencia en la jornada de formaci\u00f3n sobre \u2018La existencia del presbiterio: paradoja y misterio\u2019.","robots":{"index":"index","follow":"follow","max-snippet":"max-snippet:-1","max-image-preview":"max-image-preview:large","max-video-preview":"max-video-preview:-1"},"canonical":"https:\/\/www.diocesisciudadrodrigo.org\/blog4\/la-identidad-sacerdotal-centra-la-jornada-de-formacion-del-presbiterio-diocesano\/","og_locale":"es_ES","og_type":"article","og_title":"La identidad sacerdotal centra la jornada de formaci\u00f3n del presbiterio diocesano - Di\u00f3cesis de Ciudad Rodrigo","og_description":"El rector del Teologado de \u00c1vila, Gaspar Hern\u00e1ndez, ha impartido una conferencia en la jornada de formaci\u00f3n sobre \u2018La existencia del presbiterio: paradoja y misterio\u2019.","og_url":"https:\/\/www.diocesisciudadrodrigo.org\/blog4\/la-identidad-sacerdotal-centra-la-jornada-de-formacion-del-presbiterio-diocesano\/","og_site_name":"Di\u00f3cesis de Ciudad Rodrigo","article_publisher":"https:\/\/www.facebook.com\/people\/Dicesis-Ciudad-Rodrigo-MCS\/100076471923419\/#","article_published_time":"2026-02-27T18:43:34+00:00","article_modified_time":"2026-03-01T15:00:09+00:00","og_image":[{"width":1240,"height":698,"url":"https:\/\/www.diocesisciudadrodrigo.org\/blog4\/wp-content\/uploads\/2026\/02\/IMG_8480.jpg","type":"image\/jpeg"}],"author":"medios CR","twitter_card":"summary_large_image","twitter_misc":{"Escrito por":"medios CR","Tiempo de lectura":"2 minutos"},"schema":{"@context":"https:\/\/schema.org","@graph":[{"@type":"Article","@id":"https:\/\/www.diocesisciudadrodrigo.org\/blog4\/la-identidad-sacerdotal-centra-la-jornada-de-formacion-del-presbiterio-diocesano\/#article","isPartOf":{"@id":"https:\/\/www.diocesisciudadrodrigo.org\/blog4\/la-identidad-sacerdotal-centra-la-jornada-de-formacion-del-presbiterio-diocesano\/"},"author":{"name":"medios CR","@id":"https:\/\/www.diocesisciudadrodrigo.org\/blog4\/#\/schema\/person\/5fcf0ca636a75766ff70e6417b6ed052"},"headline":"La identidad sacerdotal centra la jornada de formaci\u00f3n del presbiterio diocesano","datePublished":"2026-02-27T18:43:34+00:00","dateModified":"2026-03-01T15:00:09+00:00","mainEntityOfPage":{"@id":"https:\/\/www.diocesisciudadrodrigo.org\/blog4\/la-identidad-sacerdotal-centra-la-jornada-de-formacion-del-presbiterio-diocesano\/"},"wordCount":289,"publisher":{"@id":"https:\/\/www.diocesisciudadrodrigo.org\/blog4\/#organization"},"image":{"@id":"https:\/\/www.diocesisciudadrodrigo.org\/blog4\/la-identidad-sacerdotal-centra-la-jornada-de-formacion-del-presbiterio-diocesano\/#primaryimage"},"thumbnailUrl":"https:\/\/www.diocesisciudadrodrigo.org\/blog4\/wp-content\/uploads\/2026\/02\/IMG_8480.jpg","keywords":["Ciudad Rodrigo","clero","formaci\u00f3n"],"articleSection":["Noticias"],"inLanguage":"es"},{"@type":"WebPage","@id":"https:\/\/www.diocesisciudadrodrigo.org\/blog4\/la-identidad-sacerdotal-centra-la-jornada-de-formacion-del-presbiterio-diocesano\/","url":"https:\/\/www.diocesisciudadrodrigo.org\/blog4\/la-identidad-sacerdotal-centra-la-jornada-de-formacion-del-presbiterio-diocesano\/","name":"La identidad sacerdotal centra la jornada de formaci\u00f3n del presbiterio diocesano - Di\u00f3cesis de Ciudad Rodrigo","isPartOf":{"@id":"https:\/\/www.diocesisciudadrodrigo.org\/blog4\/#website"},"primaryImageOfPage":{"@id":"https:\/\/www.diocesisciudadrodrigo.org\/blog4\/la-identidad-sacerdotal-centra-la-jornada-de-formacion-del-presbiterio-diocesano\/#primaryimage"},"image":{"@id":"https:\/\/www.diocesisciudadrodrigo.org\/blog4\/la-identidad-sacerdotal-centra-la-jornada-de-formacion-del-presbiterio-diocesano\/#primaryimage"},"thumbnailUrl":"https:\/\/www.diocesisciudadrodrigo.org\/blog4\/wp-content\/uploads\/2026\/02\/IMG_8480.jpg","datePublished":"2026-02-27T18:43:34+00:00","dateModified":"2026-03-01T15:00:09+00:00","description":"El rector del Teologado de \u00c1vila, Gaspar Hern\u00e1ndez, ha impartido una conferencia en la jornada de formaci\u00f3n sobre \u2018La existencia del presbiterio: paradoja y misterio\u2019.","breadcrumb":{"@id":"https:\/\/www.diocesisciudadrodrigo.org\/blog4\/la-identidad-sacerdotal-centra-la-jornada-de-formacion-del-presbiterio-diocesano\/#breadcrumb"},"inLanguage":"es","potentialAction":[{"@type":"ReadAction","target":["https:\/\/www.diocesisciudadrodrigo.org\/blog4\/la-identidad-sacerdotal-centra-la-jornada-de-formacion-del-presbiterio-diocesano\/"]}]},{"@type":"ImageObject","inLanguage":"es","@id":"https:\/\/www.diocesisciudadrodrigo.org\/blog4\/la-identidad-sacerdotal-centra-la-jornada-de-formacion-del-presbiterio-diocesano\/#primaryimage","url":"https:\/\/www.diocesisciudadrodrigo.org\/blog4\/wp-content\/uploads\/2026\/02\/IMG_8480.jpg","contentUrl":"https:\/\/www.diocesisciudadrodrigo.org\/blog4\/wp-content\/uploads\/2026\/02\/IMG_8480.jpg","width":1240,"height":698,"caption":"Jornada de formaci\u00f3n presbiteral"},{"@type":"BreadcrumbList","@id":"https:\/\/www.diocesisciudadrodrigo.org\/blog4\/la-identidad-sacerdotal-centra-la-jornada-de-formacion-del-presbiterio-diocesano\/#breadcrumb","itemListElement":[{"@type":"ListItem","position":1,"name":"Portada","item":"https:\/\/www.diocesisciudadrodrigo.org\/blog4\/"},{"@type":"ListItem","position":2,"name":"La identidad sacerdotal centra la jornada de formaci\u00f3n del presbiterio diocesano"}]},{"@type":"WebSite","@id":"https:\/\/www.diocesisciudadrodrigo.org\/blog4\/#website","url":"https:\/\/www.diocesisciudadrodrigo.org\/blog4\/","name":"Di\u00f3cesis de Ciudad Rodrigo","description":"Sitio web oficial de la di\u00f3cesis civitatense","publisher":{"@id":"https:\/\/www.diocesisciudadrodrigo.org\/blog4\/#organization"},"potentialAction":[{"@type":"SearchAction","target":{"@type":"EntryPoint","urlTemplate":"https:\/\/www.diocesisciudadrodrigo.org\/blog4\/?s={search_term_string}"},"query-input":{"@type":"PropertyValueSpecification","valueRequired":true,"valueName":"search_term_string"}}],"inLanguage":"es"},{"@type":"Organization","@id":"https:\/\/www.diocesisciudadrodrigo.org\/blog4\/#organization","name":"Di\u00f3cesis de Ciudad Rodrigo","url":"https:\/\/www.diocesisciudadrodrigo.org\/blog4\/","logo":{"@type":"ImageObject","inLanguage":"es","@id":"https:\/\/www.diocesisciudadrodrigo.org\/blog4\/#\/schema\/logo\/image\/","url":"https:\/\/www.diocesisciudadrodrigo.org\/blog4\/wp-content\/uploads\/2024\/12\/Diocesis.CMYK_-768x480-1.jpg","contentUrl":"https:\/\/www.diocesisciudadrodrigo.org\/blog4\/wp-content\/uploads\/2024\/12\/Diocesis.CMYK_-768x480-1.jpg","width":768,"height":480,"caption":"Di\u00f3cesis de Ciudad Rodrigo"},"image":{"@id":"https:\/\/www.diocesisciudadrodrigo.org\/blog4\/#\/schema\/logo\/image\/"},"sameAs":["https:\/\/www.facebook.com\/people\/Dicesis-Ciudad-Rodrigo-MCS\/100076471923419\/#"]},{"@type":"Person","@id":"https:\/\/www.diocesisciudadrodrigo.org\/blog4\/#\/schema\/person\/5fcf0ca636a75766ff70e6417b6ed052","name":"medios CR","image":{"@type":"ImageObject","inLanguage":"es","@id":"https:\/\/secure.gravatar.com\/avatar\/4a619fd0c7e36bd570f4e6e15eb09a2191185d0f63d8dbfdffe848af141ab87e?s=96&d=mm&r=g","url":"https:\/\/secure.gravatar.com\/avatar\/4a619fd0c7e36bd570f4e6e15eb09a2191185d0f63d8dbfdffe848af141ab87e?s=96&d=mm&r=g","contentUrl":"https:\/\/secure.gravatar.com\/avatar\/4a619fd0c7e36bd570f4e6e15eb09a2191185d0f63d8dbfdffe848af141ab87e?s=96&d=mm&r=g","caption":"medios CR"},"url":"https:\/\/www.diocesisciudadrodrigo.org\/blog4\/author\/admin4\/"}]}},"_links":{"self":[{"href":"https:\/\/www.diocesisciudadrodrigo.org\/blog4\/wp-json\/wp\/v2\/posts\/42663","targetHints":{"allow":["GET"]}}],"collection":[{"href":"https:\/\/www.diocesisciudadrodrigo.org\/blog4\/wp-json\/wp\/v2\/posts"}],"about":[{"href":"https:\/\/www.diocesisciudadrodrigo.org\/blog4\/wp-json\/wp\/v2\/types\/post"}],"author":[{"embeddable":true,"href":"https:\/\/www.diocesisciudadrodrigo.org\/blog4\/wp-json\/wp\/v2\/users\/1"}],"replies":[{"embeddable":true,"href":"https:\/\/www.diocesisciudadrodrigo.org\/blog4\/wp-json\/wp\/v2\/comments?post=42663"}],"version-history":[{"count":33,"href":"https:\/\/www.diocesisciudadrodrigo.org\/blog4\/wp-json\/wp\/v2\/posts\/42663\/revisions"}],"predecessor-version":[{"id":42786,"href":"https:\/\/www.diocesisciudadrodrigo.org\/blog4\/wp-json\/wp\/v2\/posts\/42663\/revisions\/42786"}],"wp:featuredmedia":[{"embeddable":true,"href":"https:\/\/www.diocesisciudadrodrigo.org\/blog4\/wp-json\/wp\/v2\/media\/42684"}],"wp:attachment":[{"href":"https:\/\/www.diocesisciudadrodrigo.org\/blog4\/wp-json\/wp\/v2\/media?parent=42663"}],"wp:term":[{"taxonomy":"category","embeddable":true,"href":"https:\/\/www.diocesisciudadrodrigo.org\/blog4\/wp-json\/wp\/v2\/categories?post=42663"},{"taxonomy":"post_tag","embeddable":true,"href":"https:\/\/www.diocesisciudadrodrigo.org\/blog4\/wp-json\/wp\/v2\/tags?post=42663"}],"curies":[{"name":"wp","href":"https:\/\/api.w.org\/{rel}","templated":true}]}}