{"id":42623,"date":"2026-02-26T19:46:20","date_gmt":"2026-02-26T18:46:20","guid":{"rendered":"https:\/\/www.diocesisciudadrodrigo.org\/blog4\/?p=42623"},"modified":"2026-02-26T19:48:40","modified_gmt":"2026-02-26T18:48:40","slug":"la-diocesis-de-ciudad-rodrigo-acoge-con-alegria-el-anuncio-del-viaje-apostolico-del-papa-leon-xiv-a-espana","status":"publish","type":"post","link":"https:\/\/www.diocesisciudadrodrigo.org\/blog4\/la-diocesis-de-ciudad-rodrigo-acoge-con-alegria-el-anuncio-del-viaje-apostolico-del-papa-leon-xiv-a-espana\/","title":{"rendered":"La Di\u00f3cesis de Ciudad Rodrigo acoge con alegr\u00eda el anuncio del viaje apost\u00f3lico del Papa Le\u00f3n XIV a Espa\u00f1a"},"content":{"rendered":"\t\t<div data-elementor-type=\"wp-post\" data-elementor-id=\"42623\" class=\"elementor elementor-42623\" data-elementor-settings=\"[]\">\n\t\t\t\t\t\t<div class=\"elementor-inner\">\n\t\t\t\t\t\t\t<div class=\"elementor-section-wrap\">\n\t\t\t\t\t\t\t<section class=\"elementor-section elementor-top-section elementor-element elementor-element-ea64328 elementor-section-boxed elementor-section-height-default elementor-section-height-default\" data-id=\"ea64328\" data-element_type=\"section\">\n\t\t\t\t\t\t<div class=\"elementor-container elementor-column-gap-default\">\n\t\t\t\t\t\t\t<div class=\"elementor-row\">\n\t\t\t\t\t<div class=\"elementor-column elementor-col-100 elementor-top-column elementor-element elementor-element-593d346\" data-id=\"593d346\" data-element_type=\"column\">\n\t\t\t<div class=\"elementor-column-wrap elementor-element-populated\">\n\t\t\t\t\t\t\t<div class=\"elementor-widget-wrap\">\n\t\t\t\t\t\t<div class=\"elementor-element elementor-element-22d27a3 elementor-widget elementor-widget-text-editor\" data-id=\"22d27a3\" data-element_type=\"widget\" data-widget_type=\"text-editor.default\">\n\t\t\t\t<div class=\"elementor-widget-container\">\n\t\t\t\t\t\t\t\t<div class=\"elementor-text-editor elementor-clearfix\">\n\t\t\t\t<h3>El obispo civitatense ha calificado como \u00abun acontecimiento de gracia\u00bb para la Iglesia de Espa\u00f1a la visita del Santo Padre a Madrid, Barcelona y Canarias.\u00a0<\/h3>\t\t\t\t\t<\/div>\n\t\t\t\t\t\t<\/div>\n\t\t\t\t<\/div>\n\t\t\t\t\t\t<\/div>\n\t\t\t\t\t<\/div>\n\t\t<\/div>\n\t\t\t\t\t\t\t\t<\/div>\n\t\t\t\t\t<\/div>\n\t\t<\/section>\n\t\t\t\t<section class=\"elementor-section elementor-top-section elementor-element elementor-element-7c93aad elementor-section-boxed elementor-section-height-default elementor-section-height-default\" data-id=\"7c93aad\" data-element_type=\"section\">\n\t\t\t\t\t\t<div class=\"elementor-container elementor-column-gap-default\">\n\t\t\t\t\t\t\t<div class=\"elementor-row\">\n\t\t\t\t\t<div class=\"elementor-column elementor-col-100 elementor-top-column elementor-element elementor-element-006a4dc\" data-id=\"006a4dc\" data-element_type=\"column\">\n\t\t\t<div class=\"elementor-column-wrap elementor-element-populated\">\n\t\t\t\t\t\t\t<div class=\"elementor-widget-wrap\">\n\t\t\t\t\t\t<div class=\"elementor-element elementor-element-e02db18 elementor-widget elementor-widget-image\" data-id=\"e02db18\" data-element_type=\"widget\" data-widget_type=\"image.default\">\n\t\t\t\t<div class=\"elementor-widget-container\">\n\t\t\t\t\t\t\t\t<div class=\"elementor-image\">\n\t\t\t\t\t\t\t\t\t\t\t\t<img loading=\"lazy\" decoding=\"async\" width=\"1200\" height=\"642\" src=\"https:\/\/www.diocesisciudadrodrigo.org\/blog4\/wp-content\/uploads\/2026\/02\/f2e881e4-479d-4c49-a1ee-7d1c45de5cb8.jpg\" class=\"attachment-large size-large\" alt=\"\" srcset=\"https:\/\/www.diocesisciudadrodrigo.org\/blog4\/wp-content\/uploads\/2026\/02\/f2e881e4-479d-4c49-a1ee-7d1c45de5cb8.jpg 1600w, https:\/\/www.diocesisciudadrodrigo.org\/blog4\/wp-content\/uploads\/2026\/02\/f2e881e4-479d-4c49-a1ee-7d1c45de5cb8-1000x535.jpg 1000w, https:\/\/www.diocesisciudadrodrigo.org\/blog4\/wp-content\/uploads\/2026\/02\/f2e881e4-479d-4c49-a1ee-7d1c45de5cb8-768x411.jpg 768w, https:\/\/www.diocesisciudadrodrigo.org\/blog4\/wp-content\/uploads\/2026\/02\/f2e881e4-479d-4c49-a1ee-7d1c45de5cb8-1536x822.jpg 1536w, https:\/\/www.diocesisciudadrodrigo.org\/blog4\/wp-content\/uploads\/2026\/02\/f2e881e4-479d-4c49-a1ee-7d1c45de5cb8-350x187.jpg 350w\" sizes=\"auto, (max-width: 1200px) 100vw, 1200px\" \/>\t\t\t\t\t\t\t\t\t\t\t\t\t\t<\/div>\n\t\t\t\t\t\t<\/div>\n\t\t\t\t<\/div>\n\t\t\t\t\t\t<\/div>\n\t\t\t\t\t<\/div>\n\t\t<\/div>\n\t\t\t\t\t\t\t\t<\/div>\n\t\t\t\t\t<\/div>\n\t\t<\/section>\n\t\t\t\t<section class=\"elementor-section elementor-top-section elementor-element elementor-element-6d5de70 elementor-section-boxed elementor-section-height-default elementor-section-height-default\" data-id=\"6d5de70\" data-element_type=\"section\">\n\t\t\t\t\t\t<div class=\"elementor-container elementor-column-gap-default\">\n\t\t\t\t\t\t\t<div class=\"elementor-row\">\n\t\t\t\t\t<div class=\"elementor-column elementor-col-100 elementor-top-column elementor-element elementor-element-304c91d\" data-id=\"304c91d\" data-element_type=\"column\">\n\t\t\t<div class=\"elementor-column-wrap elementor-element-populated\">\n\t\t\t\t\t\t\t<div class=\"elementor-widget-wrap\">\n\t\t\t\t\t\t<div class=\"elementor-element elementor-element-98e942d elementor-widget elementor-widget-text-editor\" data-id=\"98e942d\" data-element_type=\"widget\" data-widget_type=\"text-editor.default\">\n\t\t\t\t<div class=\"elementor-widget-container\">\n\t\t\t\t\t\t\t\t<div class=\"elementor-text-editor elementor-clearfix\">\n\t\t\t\t<p>DELEGACI\u00d3N DE MEDIOS<\/p><p>La Di\u00f3cesis de Ciudad Rodrigo <strong>ha mostrado su \u00abprofunda alegr\u00eda\u00bb<\/strong> despu\u00e9s de que la Santa Sede haya confirmado este mi\u00e9rcoles que el Santo Padre, Le\u00f3n XIV, realizar\u00e1 una viaje apost\u00f3lico a Espa\u00f1a del 6 al 12 de junio de 2026.<\/p><p>El obispo de la Di\u00f3cesis de Salamanca, <strong>Mons. Jos\u00e9 Luis Retana, ha calificado como \u00abun acontecimiento de gracia\u00bb para la Iglesia en Espa\u00f1a<\/strong> e invita a los fieles \u00aba rezar por el Santo Padre y por los frutos de su viaje y su presencia entre nosotros\u00bb.<\/p><p>Seg\u00fan ha informado Vatican News, <strong>el itinerario incluir\u00e1 la visita a \u00abMadrid, Barcelona y el archipi\u00e9lago de las Canarias\u00bb<\/strong>. El pont\u00edfice iniciar\u00e1 su visita en Madrid y, posteriormente, se trasladar\u00e1 a Barcelona, donde inaugurar\u00e1 la nueva y m\u00e1s alta torre de la Bas\u00edlica de la Sagrada Familia. Esta etapa coincidir\u00e1 con el centenario de la muerte de Antoni Gaud\u00ed, arquitecto del templo y declarado el pasado a\u00f1o venerable Siervo de Dios. La \u00faltima etapa del viaje llevar\u00e1 al Santo Padre a las Islas Canarias, con dos paradas en Tenerife y Gran Canaria.\u00a0<\/p><p>La Conferencia Episcopal Espa\u00f1ola ha se\u00f1alado que <strong>el programa detallado ser\u00e1 publicado pr\u00f3ximamente<\/strong>. Mientras tanto, contin\u00faan los trabajos de preparaci\u00f3n en coordinaci\u00f3n con las di\u00f3cesis implicadas.<\/p><p>Desde comienzos de febrero<strong> est\u00e1 activa la p\u00e1gina web oficial<\/strong> <a href=\"https:\/\/www.conelpapa.es\/visita_papa_leon\" target=\"_blank\" rel=\"noopener\">conelpapa.es<\/a>, donde se ir\u00e1 ofreciendo informaci\u00f3n actualizada sobre este acontecimiento, as\u00ed como orientaciones para quienes deseen colaborar en la preparaci\u00f3n.<\/p>\t\t\t\t\t<\/div>\n\t\t\t\t\t\t<\/div>\n\t\t\t\t<\/div>\n\t\t\t\t\t\t<\/div>\n\t\t\t\t\t<\/div>\n\t\t<\/div>\n\t\t\t\t\t\t\t\t<\/div>\n\t\t\t\t\t<\/div>\n\t\t<\/section>\n\t\t\t\t\t\t<\/div>\n\t\t\t\t\t\t<\/div>\n\t\t\t\t\t<\/div>\n\t\t","protected":false},"excerpt":{"rendered":"<p>El obispo civitatense ha calificado como \u00abun acontecimiento de gracia\u00bb para la Iglesia de Espa\u00f1a la visita del Santo Padre a Madrid, Barcelona y Canarias.\u00a0 DELEGACI\u00d3N DE MEDIOS La Di\u00f3cesis &#8230; <\/p>\n<p class=\"read-more-container\"><a title=\"La Di\u00f3cesis de Ciudad Rodrigo acoge con alegr\u00eda el anuncio del viaje apost\u00f3lico del Papa Le\u00f3n XIV a Espa\u00f1a\" class=\"read-more button\" href=\"https:\/\/www.diocesisciudadrodrigo.org\/blog4\/la-diocesis-de-ciudad-rodrigo-acoge-con-alegria-el-anuncio-del-viaje-apostolico-del-papa-leon-xiv-a-espana\/#more-42623\" aria-label=\"M\u00e1s en La Di\u00f3cesis de Ciudad Rodrigo acoge con alegr\u00eda el anuncio del viaje apost\u00f3lico del Papa Le\u00f3n XIV a Espa\u00f1a\">Leer m\u00e1s &#8230;<\/a><\/p>\n","protected":false},"author":1,"featured_media":42627,"comment_status":"closed","ping_status":"closed","sticky":false,"template":"","format":"standard","meta":{"footnotes":""},"categories":[6],"tags":[32,31,59],"class_list":["post-42623","post","type-post","status-publish","format-standard","has-post-thumbnail","hentry","category-noticias","tag-ciudad-rodrigo","tag-obispo","tag-papa-leon-xiv","masonry-post","generate-columns","tablet-grid-50","mobile-grid-100","grid-parent","grid-50"],"yoast_head":"<!-- This site is optimized with the Yoast SEO plugin v27.3 - https:\/\/yoast.com\/product\/yoast-seo-wordpress\/ -->\n<title>La Di\u00f3cesis de Ciudad Rodrigo acoge con alegr\u00eda el anuncio del viaje apost\u00f3lico del Papa Le\u00f3n XIV a Espa\u00f1a - Di\u00f3cesis de Ciudad Rodrigo<\/title>\n<meta name=\"description\" content=\"El obispo de la Di\u00f3cesis de Ciudad Rodrigo ha calificado como \u00abun acontecimiento de gracia\u00bb para la Iglesia de Espa\u00f1a la visita del Santo Padre a Madrid, Barcelona y Canarias.\u00a0\" \/>\n<meta name=\"robots\" content=\"index, follow, max-snippet:-1, max-image-preview:large, max-video-preview:-1\" \/>\n<link rel=\"canonical\" href=\"https:\/\/www.diocesisciudadrodrigo.org\/blog4\/la-diocesis-de-ciudad-rodrigo-acoge-con-alegria-el-anuncio-del-viaje-apostolico-del-papa-leon-xiv-a-espana\/\" \/>\n<meta property=\"og:locale\" content=\"es_ES\" \/>\n<meta property=\"og:type\" content=\"article\" \/>\n<meta property=\"og:title\" content=\"La Di\u00f3cesis de Ciudad Rodrigo acoge con alegr\u00eda el anuncio del viaje apost\u00f3lico del Papa Le\u00f3n XIV a Espa\u00f1a - Di\u00f3cesis de Ciudad Rodrigo\" \/>\n<meta property=\"og:description\" content=\"El obispo de la Di\u00f3cesis de Ciudad Rodrigo ha calificado como \u00abun acontecimiento de gracia\u00bb para la Iglesia de Espa\u00f1a la visita del Santo Padre a Madrid, Barcelona y Canarias.\u00a0\" \/>\n<meta property=\"og:url\" content=\"https:\/\/www.diocesisciudadrodrigo.org\/blog4\/la-diocesis-de-ciudad-rodrigo-acoge-con-alegria-el-anuncio-del-viaje-apostolico-del-papa-leon-xiv-a-espana\/\" \/>\n<meta property=\"og:site_name\" content=\"Di\u00f3cesis de Ciudad Rodrigo\" \/>\n<meta property=\"article:publisher\" content=\"https:\/\/www.facebook.com\/people\/Dicesis-Ciudad-Rodrigo-MCS\/100076471923419\/#\" \/>\n<meta property=\"article:published_time\" content=\"2026-02-26T18:46:20+00:00\" \/>\n<meta property=\"article:modified_time\" content=\"2026-02-26T18:48:40+00:00\" \/>\n<meta property=\"og:image\" content=\"https:\/\/www.diocesisciudadrodrigo.org\/blog4\/wp-content\/uploads\/2026\/02\/f2e881e4-479d-4c49-a1ee-7d1c45de5cb8.jpg\" \/>\n\t<meta property=\"og:image:width\" content=\"1600\" \/>\n\t<meta property=\"og:image:height\" content=\"856\" \/>\n\t<meta property=\"og:image:type\" content=\"image\/jpeg\" \/>\n<meta name=\"author\" content=\"medios CR\" \/>\n<meta name=\"twitter:card\" content=\"summary_large_image\" \/>\n<meta name=\"twitter:label1\" content=\"Escrito por\" \/>\n\t<meta name=\"twitter:data1\" content=\"medios CR\" \/>\n\t<meta name=\"twitter:label2\" content=\"Tiempo de lectura\" \/>\n\t<meta name=\"twitter:data2\" content=\"2 minutos\" \/>\n<script type=\"application\/ld+json\" class=\"yoast-schema-graph\">{\"@context\":\"https:\\\/\\\/schema.org\",\"@graph\":[{\"@type\":\"Article\",\"@id\":\"https:\\\/\\\/www.diocesisciudadrodrigo.org\\\/blog4\\\/la-diocesis-de-ciudad-rodrigo-acoge-con-alegria-el-anuncio-del-viaje-apostolico-del-papa-leon-xiv-a-espana\\\/#article\",\"isPartOf\":{\"@id\":\"https:\\\/\\\/www.diocesisciudadrodrigo.org\\\/blog4\\\/la-diocesis-de-ciudad-rodrigo-acoge-con-alegria-el-anuncio-del-viaje-apostolico-del-papa-leon-xiv-a-espana\\\/\"},\"author\":{\"name\":\"medios CR\",\"@id\":\"https:\\\/\\\/www.diocesisciudadrodrigo.org\\\/blog4\\\/#\\\/schema\\\/person\\\/5fcf0ca636a75766ff70e6417b6ed052\"},\"headline\":\"La Di\u00f3cesis de Ciudad Rodrigo acoge con alegr\u00eda el anuncio del viaje apost\u00f3lico del Papa Le\u00f3n XIV a Espa\u00f1a\",\"datePublished\":\"2026-02-26T18:46:20+00:00\",\"dateModified\":\"2026-02-26T18:48:40+00:00\",\"mainEntityOfPage\":{\"@id\":\"https:\\\/\\\/www.diocesisciudadrodrigo.org\\\/blog4\\\/la-diocesis-de-ciudad-rodrigo-acoge-con-alegria-el-anuncio-del-viaje-apostolico-del-papa-leon-xiv-a-espana\\\/\"},\"wordCount\":311,\"publisher\":{\"@id\":\"https:\\\/\\\/www.diocesisciudadrodrigo.org\\\/blog4\\\/#organization\"},\"image\":{\"@id\":\"https:\\\/\\\/www.diocesisciudadrodrigo.org\\\/blog4\\\/la-diocesis-de-ciudad-rodrigo-acoge-con-alegria-el-anuncio-del-viaje-apostolico-del-papa-leon-xiv-a-espana\\\/#primaryimage\"},\"thumbnailUrl\":\"https:\\\/\\\/www.diocesisciudadrodrigo.org\\\/blog4\\\/wp-content\\\/uploads\\\/2026\\\/02\\\/f2e881e4-479d-4c49-a1ee-7d1c45de5cb8.jpg\",\"keywords\":[\"Ciudad Rodrigo\",\"obispo\",\"Papa Le\u00f3n XIV\"],\"articleSection\":[\"Noticias\"],\"inLanguage\":\"es\"},{\"@type\":\"WebPage\",\"@id\":\"https:\\\/\\\/www.diocesisciudadrodrigo.org\\\/blog4\\\/la-diocesis-de-ciudad-rodrigo-acoge-con-alegria-el-anuncio-del-viaje-apostolico-del-papa-leon-xiv-a-espana\\\/\",\"url\":\"https:\\\/\\\/www.diocesisciudadrodrigo.org\\\/blog4\\\/la-diocesis-de-ciudad-rodrigo-acoge-con-alegria-el-anuncio-del-viaje-apostolico-del-papa-leon-xiv-a-espana\\\/\",\"name\":\"La Di\u00f3cesis de Ciudad Rodrigo acoge con alegr\u00eda el anuncio del viaje apost\u00f3lico del Papa Le\u00f3n XIV a Espa\u00f1a - Di\u00f3cesis de Ciudad Rodrigo\",\"isPartOf\":{\"@id\":\"https:\\\/\\\/www.diocesisciudadrodrigo.org\\\/blog4\\\/#website\"},\"primaryImageOfPage\":{\"@id\":\"https:\\\/\\\/www.diocesisciudadrodrigo.org\\\/blog4\\\/la-diocesis-de-ciudad-rodrigo-acoge-con-alegria-el-anuncio-del-viaje-apostolico-del-papa-leon-xiv-a-espana\\\/#primaryimage\"},\"image\":{\"@id\":\"https:\\\/\\\/www.diocesisciudadrodrigo.org\\\/blog4\\\/la-diocesis-de-ciudad-rodrigo-acoge-con-alegria-el-anuncio-del-viaje-apostolico-del-papa-leon-xiv-a-espana\\\/#primaryimage\"},\"thumbnailUrl\":\"https:\\\/\\\/www.diocesisciudadrodrigo.org\\\/blog4\\\/wp-content\\\/uploads\\\/2026\\\/02\\\/f2e881e4-479d-4c49-a1ee-7d1c45de5cb8.jpg\",\"datePublished\":\"2026-02-26T18:46:20+00:00\",\"dateModified\":\"2026-02-26T18:48:40+00:00\",\"description\":\"El obispo de la Di\u00f3cesis de Ciudad Rodrigo ha calificado como \u00abun acontecimiento de gracia\u00bb para la Iglesia de Espa\u00f1a la visita del Santo Padre a Madrid, Barcelona y Canarias.\u00a0\",\"breadcrumb\":{\"@id\":\"https:\\\/\\\/www.diocesisciudadrodrigo.org\\\/blog4\\\/la-diocesis-de-ciudad-rodrigo-acoge-con-alegria-el-anuncio-del-viaje-apostolico-del-papa-leon-xiv-a-espana\\\/#breadcrumb\"},\"inLanguage\":\"es\",\"potentialAction\":[{\"@type\":\"ReadAction\",\"target\":[\"https:\\\/\\\/www.diocesisciudadrodrigo.org\\\/blog4\\\/la-diocesis-de-ciudad-rodrigo-acoge-con-alegria-el-anuncio-del-viaje-apostolico-del-papa-leon-xiv-a-espana\\\/\"]}]},{\"@type\":\"ImageObject\",\"inLanguage\":\"es\",\"@id\":\"https:\\\/\\\/www.diocesisciudadrodrigo.org\\\/blog4\\\/la-diocesis-de-ciudad-rodrigo-acoge-con-alegria-el-anuncio-del-viaje-apostolico-del-papa-leon-xiv-a-espana\\\/#primaryimage\",\"url\":\"https:\\\/\\\/www.diocesisciudadrodrigo.org\\\/blog4\\\/wp-content\\\/uploads\\\/2026\\\/02\\\/f2e881e4-479d-4c49-a1ee-7d1c45de5cb8.jpg\",\"contentUrl\":\"https:\\\/\\\/www.diocesisciudadrodrigo.org\\\/blog4\\\/wp-content\\\/uploads\\\/2026\\\/02\\\/f2e881e4-479d-4c49-a1ee-7d1c45de5cb8.jpg\",\"width\":1600,\"height\":856},{\"@type\":\"BreadcrumbList\",\"@id\":\"https:\\\/\\\/www.diocesisciudadrodrigo.org\\\/blog4\\\/la-diocesis-de-ciudad-rodrigo-acoge-con-alegria-el-anuncio-del-viaje-apostolico-del-papa-leon-xiv-a-espana\\\/#breadcrumb\",\"itemListElement\":[{\"@type\":\"ListItem\",\"position\":1,\"name\":\"Portada\",\"item\":\"https:\\\/\\\/www.diocesisciudadrodrigo.org\\\/blog4\\\/\"},{\"@type\":\"ListItem\",\"position\":2,\"name\":\"La Di\u00f3cesis de Ciudad Rodrigo acoge con alegr\u00eda el anuncio del viaje apost\u00f3lico del Papa Le\u00f3n XIV a Espa\u00f1a\"}]},{\"@type\":\"WebSite\",\"@id\":\"https:\\\/\\\/www.diocesisciudadrodrigo.org\\\/blog4\\\/#website\",\"url\":\"https:\\\/\\\/www.diocesisciudadrodrigo.org\\\/blog4\\\/\",\"name\":\"Di\u00f3cesis de Ciudad Rodrigo\",\"description\":\"Sitio web oficial de la di\u00f3cesis civitatense\",\"publisher\":{\"@id\":\"https:\\\/\\\/www.diocesisciudadrodrigo.org\\\/blog4\\\/#organization\"},\"potentialAction\":[{\"@type\":\"SearchAction\",\"target\":{\"@type\":\"EntryPoint\",\"urlTemplate\":\"https:\\\/\\\/www.diocesisciudadrodrigo.org\\\/blog4\\\/?s={search_term_string}\"},\"query-input\":{\"@type\":\"PropertyValueSpecification\",\"valueRequired\":true,\"valueName\":\"search_term_string\"}}],\"inLanguage\":\"es\"},{\"@type\":\"Organization\",\"@id\":\"https:\\\/\\\/www.diocesisciudadrodrigo.org\\\/blog4\\\/#organization\",\"name\":\"Di\u00f3cesis de Ciudad Rodrigo\",\"url\":\"https:\\\/\\\/www.diocesisciudadrodrigo.org\\\/blog4\\\/\",\"logo\":{\"@type\":\"ImageObject\",\"inLanguage\":\"es\",\"@id\":\"https:\\\/\\\/www.diocesisciudadrodrigo.org\\\/blog4\\\/#\\\/schema\\\/logo\\\/image\\\/\",\"url\":\"https:\\\/\\\/www.diocesisciudadrodrigo.org\\\/blog4\\\/wp-content\\\/uploads\\\/2024\\\/12\\\/Diocesis.CMYK_-768x480-1.jpg\",\"contentUrl\":\"https:\\\/\\\/www.diocesisciudadrodrigo.org\\\/blog4\\\/wp-content\\\/uploads\\\/2024\\\/12\\\/Diocesis.CMYK_-768x480-1.jpg\",\"width\":768,\"height\":480,\"caption\":\"Di\u00f3cesis de Ciudad Rodrigo\"},\"image\":{\"@id\":\"https:\\\/\\\/www.diocesisciudadrodrigo.org\\\/blog4\\\/#\\\/schema\\\/logo\\\/image\\\/\"},\"sameAs\":[\"https:\\\/\\\/www.facebook.com\\\/people\\\/Dicesis-Ciudad-Rodrigo-MCS\\\/100076471923419\\\/#\"]},{\"@type\":\"Person\",\"@id\":\"https:\\\/\\\/www.diocesisciudadrodrigo.org\\\/blog4\\\/#\\\/schema\\\/person\\\/5fcf0ca636a75766ff70e6417b6ed052\",\"name\":\"medios CR\",\"image\":{\"@type\":\"ImageObject\",\"inLanguage\":\"es\",\"@id\":\"https:\\\/\\\/secure.gravatar.com\\\/avatar\\\/4a619fd0c7e36bd570f4e6e15eb09a2191185d0f63d8dbfdffe848af141ab87e?s=96&d=mm&r=g\",\"url\":\"https:\\\/\\\/secure.gravatar.com\\\/avatar\\\/4a619fd0c7e36bd570f4e6e15eb09a2191185d0f63d8dbfdffe848af141ab87e?s=96&d=mm&r=g\",\"contentUrl\":\"https:\\\/\\\/secure.gravatar.com\\\/avatar\\\/4a619fd0c7e36bd570f4e6e15eb09a2191185d0f63d8dbfdffe848af141ab87e?s=96&d=mm&r=g\",\"caption\":\"medios CR\"},\"url\":\"https:\\\/\\\/www.diocesisciudadrodrigo.org\\\/blog4\\\/author\\\/admin4\\\/\"}]}<\/script>\n<!-- \/ Yoast SEO plugin. -->","yoast_head_json":{"title":"La Di\u00f3cesis de Ciudad Rodrigo acoge con alegr\u00eda el anuncio del viaje apost\u00f3lico del Papa Le\u00f3n XIV a Espa\u00f1a - Di\u00f3cesis de Ciudad Rodrigo","description":"El obispo de la Di\u00f3cesis de Ciudad Rodrigo ha calificado como \u00abun acontecimiento de gracia\u00bb para la Iglesia de Espa\u00f1a la visita del Santo Padre a Madrid, Barcelona y Canarias.\u00a0","robots":{"index":"index","follow":"follow","max-snippet":"max-snippet:-1","max-image-preview":"max-image-preview:large","max-video-preview":"max-video-preview:-1"},"canonical":"https:\/\/www.diocesisciudadrodrigo.org\/blog4\/la-diocesis-de-ciudad-rodrigo-acoge-con-alegria-el-anuncio-del-viaje-apostolico-del-papa-leon-xiv-a-espana\/","og_locale":"es_ES","og_type":"article","og_title":"La Di\u00f3cesis de Ciudad Rodrigo acoge con alegr\u00eda el anuncio del viaje apost\u00f3lico del Papa Le\u00f3n XIV a Espa\u00f1a - Di\u00f3cesis de Ciudad Rodrigo","og_description":"El obispo de la Di\u00f3cesis de Ciudad Rodrigo ha calificado como \u00abun acontecimiento de gracia\u00bb para la Iglesia de Espa\u00f1a la visita del Santo Padre a Madrid, Barcelona y Canarias.\u00a0","og_url":"https:\/\/www.diocesisciudadrodrigo.org\/blog4\/la-diocesis-de-ciudad-rodrigo-acoge-con-alegria-el-anuncio-del-viaje-apostolico-del-papa-leon-xiv-a-espana\/","og_site_name":"Di\u00f3cesis de Ciudad Rodrigo","article_publisher":"https:\/\/www.facebook.com\/people\/Dicesis-Ciudad-Rodrigo-MCS\/100076471923419\/#","article_published_time":"2026-02-26T18:46:20+00:00","article_modified_time":"2026-02-26T18:48:40+00:00","og_image":[{"width":1600,"height":856,"url":"https:\/\/www.diocesisciudadrodrigo.org\/blog4\/wp-content\/uploads\/2026\/02\/f2e881e4-479d-4c49-a1ee-7d1c45de5cb8.jpg","type":"image\/jpeg"}],"author":"medios CR","twitter_card":"summary_large_image","twitter_misc":{"Escrito por":"medios CR","Tiempo de lectura":"2 minutos"},"schema":{"@context":"https:\/\/schema.org","@graph":[{"@type":"Article","@id":"https:\/\/www.diocesisciudadrodrigo.org\/blog4\/la-diocesis-de-ciudad-rodrigo-acoge-con-alegria-el-anuncio-del-viaje-apostolico-del-papa-leon-xiv-a-espana\/#article","isPartOf":{"@id":"https:\/\/www.diocesisciudadrodrigo.org\/blog4\/la-diocesis-de-ciudad-rodrigo-acoge-con-alegria-el-anuncio-del-viaje-apostolico-del-papa-leon-xiv-a-espana\/"},"author":{"name":"medios CR","@id":"https:\/\/www.diocesisciudadrodrigo.org\/blog4\/#\/schema\/person\/5fcf0ca636a75766ff70e6417b6ed052"},"headline":"La Di\u00f3cesis de Ciudad Rodrigo acoge con alegr\u00eda el anuncio del viaje apost\u00f3lico del Papa Le\u00f3n XIV a Espa\u00f1a","datePublished":"2026-02-26T18:46:20+00:00","dateModified":"2026-02-26T18:48:40+00:00","mainEntityOfPage":{"@id":"https:\/\/www.diocesisciudadrodrigo.org\/blog4\/la-diocesis-de-ciudad-rodrigo-acoge-con-alegria-el-anuncio-del-viaje-apostolico-del-papa-leon-xiv-a-espana\/"},"wordCount":311,"publisher":{"@id":"https:\/\/www.diocesisciudadrodrigo.org\/blog4\/#organization"},"image":{"@id":"https:\/\/www.diocesisciudadrodrigo.org\/blog4\/la-diocesis-de-ciudad-rodrigo-acoge-con-alegria-el-anuncio-del-viaje-apostolico-del-papa-leon-xiv-a-espana\/#primaryimage"},"thumbnailUrl":"https:\/\/www.diocesisciudadrodrigo.org\/blog4\/wp-content\/uploads\/2026\/02\/f2e881e4-479d-4c49-a1ee-7d1c45de5cb8.jpg","keywords":["Ciudad Rodrigo","obispo","Papa Le\u00f3n XIV"],"articleSection":["Noticias"],"inLanguage":"es"},{"@type":"WebPage","@id":"https:\/\/www.diocesisciudadrodrigo.org\/blog4\/la-diocesis-de-ciudad-rodrigo-acoge-con-alegria-el-anuncio-del-viaje-apostolico-del-papa-leon-xiv-a-espana\/","url":"https:\/\/www.diocesisciudadrodrigo.org\/blog4\/la-diocesis-de-ciudad-rodrigo-acoge-con-alegria-el-anuncio-del-viaje-apostolico-del-papa-leon-xiv-a-espana\/","name":"La Di\u00f3cesis de Ciudad Rodrigo acoge con alegr\u00eda el anuncio del viaje apost\u00f3lico del Papa Le\u00f3n XIV a Espa\u00f1a - Di\u00f3cesis de Ciudad Rodrigo","isPartOf":{"@id":"https:\/\/www.diocesisciudadrodrigo.org\/blog4\/#website"},"primaryImageOfPage":{"@id":"https:\/\/www.diocesisciudadrodrigo.org\/blog4\/la-diocesis-de-ciudad-rodrigo-acoge-con-alegria-el-anuncio-del-viaje-apostolico-del-papa-leon-xiv-a-espana\/#primaryimage"},"image":{"@id":"https:\/\/www.diocesisciudadrodrigo.org\/blog4\/la-diocesis-de-ciudad-rodrigo-acoge-con-alegria-el-anuncio-del-viaje-apostolico-del-papa-leon-xiv-a-espana\/#primaryimage"},"thumbnailUrl":"https:\/\/www.diocesisciudadrodrigo.org\/blog4\/wp-content\/uploads\/2026\/02\/f2e881e4-479d-4c49-a1ee-7d1c45de5cb8.jpg","datePublished":"2026-02-26T18:46:20+00:00","dateModified":"2026-02-26T18:48:40+00:00","description":"El obispo de la Di\u00f3cesis de Ciudad Rodrigo ha calificado como \u00abun acontecimiento de gracia\u00bb para la Iglesia de Espa\u00f1a la visita del Santo Padre a Madrid, Barcelona y Canarias.\u00a0","breadcrumb":{"@id":"https:\/\/www.diocesisciudadrodrigo.org\/blog4\/la-diocesis-de-ciudad-rodrigo-acoge-con-alegria-el-anuncio-del-viaje-apostolico-del-papa-leon-xiv-a-espana\/#breadcrumb"},"inLanguage":"es","potentialAction":[{"@type":"ReadAction","target":["https:\/\/www.diocesisciudadrodrigo.org\/blog4\/la-diocesis-de-ciudad-rodrigo-acoge-con-alegria-el-anuncio-del-viaje-apostolico-del-papa-leon-xiv-a-espana\/"]}]},{"@type":"ImageObject","inLanguage":"es","@id":"https:\/\/www.diocesisciudadrodrigo.org\/blog4\/la-diocesis-de-ciudad-rodrigo-acoge-con-alegria-el-anuncio-del-viaje-apostolico-del-papa-leon-xiv-a-espana\/#primaryimage","url":"https:\/\/www.diocesisciudadrodrigo.org\/blog4\/wp-content\/uploads\/2026\/02\/f2e881e4-479d-4c49-a1ee-7d1c45de5cb8.jpg","contentUrl":"https:\/\/www.diocesisciudadrodrigo.org\/blog4\/wp-content\/uploads\/2026\/02\/f2e881e4-479d-4c49-a1ee-7d1c45de5cb8.jpg","width":1600,"height":856},{"@type":"BreadcrumbList","@id":"https:\/\/www.diocesisciudadrodrigo.org\/blog4\/la-diocesis-de-ciudad-rodrigo-acoge-con-alegria-el-anuncio-del-viaje-apostolico-del-papa-leon-xiv-a-espana\/#breadcrumb","itemListElement":[{"@type":"ListItem","position":1,"name":"Portada","item":"https:\/\/www.diocesisciudadrodrigo.org\/blog4\/"},{"@type":"ListItem","position":2,"name":"La Di\u00f3cesis de Ciudad Rodrigo acoge con alegr\u00eda el anuncio del viaje apost\u00f3lico del Papa Le\u00f3n XIV a Espa\u00f1a"}]},{"@type":"WebSite","@id":"https:\/\/www.diocesisciudadrodrigo.org\/blog4\/#website","url":"https:\/\/www.diocesisciudadrodrigo.org\/blog4\/","name":"Di\u00f3cesis de Ciudad Rodrigo","description":"Sitio web oficial de la di\u00f3cesis civitatense","publisher":{"@id":"https:\/\/www.diocesisciudadrodrigo.org\/blog4\/#organization"},"potentialAction":[{"@type":"SearchAction","target":{"@type":"EntryPoint","urlTemplate":"https:\/\/www.diocesisciudadrodrigo.org\/blog4\/?s={search_term_string}"},"query-input":{"@type":"PropertyValueSpecification","valueRequired":true,"valueName":"search_term_string"}}],"inLanguage":"es"},{"@type":"Organization","@id":"https:\/\/www.diocesisciudadrodrigo.org\/blog4\/#organization","name":"Di\u00f3cesis de Ciudad Rodrigo","url":"https:\/\/www.diocesisciudadrodrigo.org\/blog4\/","logo":{"@type":"ImageObject","inLanguage":"es","@id":"https:\/\/www.diocesisciudadrodrigo.org\/blog4\/#\/schema\/logo\/image\/","url":"https:\/\/www.diocesisciudadrodrigo.org\/blog4\/wp-content\/uploads\/2024\/12\/Diocesis.CMYK_-768x480-1.jpg","contentUrl":"https:\/\/www.diocesisciudadrodrigo.org\/blog4\/wp-content\/uploads\/2024\/12\/Diocesis.CMYK_-768x480-1.jpg","width":768,"height":480,"caption":"Di\u00f3cesis de Ciudad Rodrigo"},"image":{"@id":"https:\/\/www.diocesisciudadrodrigo.org\/blog4\/#\/schema\/logo\/image\/"},"sameAs":["https:\/\/www.facebook.com\/people\/Dicesis-Ciudad-Rodrigo-MCS\/100076471923419\/#"]},{"@type":"Person","@id":"https:\/\/www.diocesisciudadrodrigo.org\/blog4\/#\/schema\/person\/5fcf0ca636a75766ff70e6417b6ed052","name":"medios CR","image":{"@type":"ImageObject","inLanguage":"es","@id":"https:\/\/secure.gravatar.com\/avatar\/4a619fd0c7e36bd570f4e6e15eb09a2191185d0f63d8dbfdffe848af141ab87e?s=96&d=mm&r=g","url":"https:\/\/secure.gravatar.com\/avatar\/4a619fd0c7e36bd570f4e6e15eb09a2191185d0f63d8dbfdffe848af141ab87e?s=96&d=mm&r=g","contentUrl":"https:\/\/secure.gravatar.com\/avatar\/4a619fd0c7e36bd570f4e6e15eb09a2191185d0f63d8dbfdffe848af141ab87e?s=96&d=mm&r=g","caption":"medios CR"},"url":"https:\/\/www.diocesisciudadrodrigo.org\/blog4\/author\/admin4\/"}]}},"_links":{"self":[{"href":"https:\/\/www.diocesisciudadrodrigo.org\/blog4\/wp-json\/wp\/v2\/posts\/42623","targetHints":{"allow":["GET"]}}],"collection":[{"href":"https:\/\/www.diocesisciudadrodrigo.org\/blog4\/wp-json\/wp\/v2\/posts"}],"about":[{"href":"https:\/\/www.diocesisciudadrodrigo.org\/blog4\/wp-json\/wp\/v2\/types\/post"}],"author":[{"embeddable":true,"href":"https:\/\/www.diocesisciudadrodrigo.org\/blog4\/wp-json\/wp\/v2\/users\/1"}],"replies":[{"embeddable":true,"href":"https:\/\/www.diocesisciudadrodrigo.org\/blog4\/wp-json\/wp\/v2\/comments?post=42623"}],"version-history":[{"count":22,"href":"https:\/\/www.diocesisciudadrodrigo.org\/blog4\/wp-json\/wp\/v2\/posts\/42623\/revisions"}],"predecessor-version":[{"id":42649,"href":"https:\/\/www.diocesisciudadrodrigo.org\/blog4\/wp-json\/wp\/v2\/posts\/42623\/revisions\/42649"}],"wp:featuredmedia":[{"embeddable":true,"href":"https:\/\/www.diocesisciudadrodrigo.org\/blog4\/wp-json\/wp\/v2\/media\/42627"}],"wp:attachment":[{"href":"https:\/\/www.diocesisciudadrodrigo.org\/blog4\/wp-json\/wp\/v2\/media?parent=42623"}],"wp:term":[{"taxonomy":"category","embeddable":true,"href":"https:\/\/www.diocesisciudadrodrigo.org\/blog4\/wp-json\/wp\/v2\/categories?post=42623"},{"taxonomy":"post_tag","embeddable":true,"href":"https:\/\/www.diocesisciudadrodrigo.org\/blog4\/wp-json\/wp\/v2\/tags?post=42623"}],"curies":[{"name":"wp","href":"https:\/\/api.w.org\/{rel}","templated":true}]}}