{"id":40943,"date":"2025-12-05T17:37:23","date_gmt":"2025-12-05T16:37:23","guid":{"rendered":"https:\/\/www.diocesisciudadrodrigo.org\/blog4\/?p=40943"},"modified":"2025-12-05T19:16:20","modified_gmt":"2025-12-05T18:16:20","slug":"nuevo-colegio-de-consultores-para-la-diocesis-de-ciudad-rodrigo","status":"publish","type":"post","link":"https:\/\/www.diocesisciudadrodrigo.org\/blog4\/nuevo-colegio-de-consultores-para-la-diocesis-de-ciudad-rodrigo\/","title":{"rendered":"Nuevo Colegio de Consultores para la Di\u00f3cesis de Ciudad Rodrigo"},"content":{"rendered":"\t\t<div data-elementor-type=\"wp-post\" data-elementor-id=\"40943\" class=\"elementor elementor-40943\" data-elementor-settings=\"[]\">\n\t\t\t\t\t\t<div class=\"elementor-inner\">\n\t\t\t\t\t\t\t<div class=\"elementor-section-wrap\">\n\t\t\t\t\t\t\t<section class=\"elementor-section elementor-top-section elementor-element elementor-element-8057829 elementor-section-boxed elementor-section-height-default elementor-section-height-default\" data-id=\"8057829\" data-element_type=\"section\">\n\t\t\t\t\t\t<div class=\"elementor-container elementor-column-gap-default\">\n\t\t\t\t\t\t\t<div class=\"elementor-row\">\n\t\t\t\t\t<div class=\"elementor-column elementor-col-100 elementor-top-column elementor-element elementor-element-ec51849\" data-id=\"ec51849\" data-element_type=\"column\">\n\t\t\t<div class=\"elementor-column-wrap elementor-element-populated\">\n\t\t\t\t\t\t\t<div class=\"elementor-widget-wrap\">\n\t\t\t\t\t\t<div class=\"elementor-element elementor-element-a0f4df6 elementor-widget elementor-widget-text-editor\" data-id=\"a0f4df6\" data-element_type=\"widget\" data-widget_type=\"text-editor.default\">\n\t\t\t\t<div class=\"elementor-widget-container\">\n\t\t\t\t\t\t\t\t<div class=\"elementor-text-editor elementor-clearfix\">\n\t\t\t\t<h3 data-start=\"431\" data-end=\"556\"><em>El obispo ha renovado este \u00f3rgano colegial para los pr\u00f3ximos cinco a\u00f1os, conforme a lo establecido por el Derecho Can\u00f3nico<\/em><\/h3><p><strong>DELEGACI\u00d3N DE MEDIOS<\/strong><\/p><p>El obispo de Ciudad Rodrigo, <strong>Mons. Jos\u00e9 Luis Retana<\/strong>, ha constituido oficialmente el nuevo <strong data-start=\"175\" data-end=\"201\">Colegio de Consultores<\/strong>, tras la firma del correspondiente decreto el pasado 2 de diciembre de 2025. Con este acto, la di\u00f3cesis renueva este <strong>\u00f3rgano colegial<\/strong> para el pr\u00f3ximo quinquenio, de acuerdo con lo establecido en el canon 502 \u00a71 del C\u00f3digo de Derecho Can\u00f3nico, que regula su composici\u00f3n y funciones.<\/p><p data-start=\"566\" data-end=\"869\">El decreto episcopal se\u00f1ala que, habiendo concluido el periodo para el que fue designado el anterior colegio, se procede a nombrar a los nuevos miembros, todos ellos sacerdotes pertenecientes al Consejo Presbiteral. El nuevo <strong data-start=\"791\" data-end=\"850\">Colegio de Consultores de la Di\u00f3cesis de Ciudad Rodrigo<\/strong> queda formado por los sacerdotes:<strong data-start=\"873\" data-end=\"924\"> D. Jos\u00e9 Mar\u00eda Rodr\u00edguez-Veleiro Rodr\u00edguez,\u00a0<\/strong><strong data-start=\"929\" data-end=\"971\">D. Antonio Nicol\u00e1s Risue\u00f1o P\u00e9rez, <\/strong><strong data-start=\"976\" data-end=\"1015\">D. Prudencio Manchado Vicente,\u00a0<\/strong><strong data-start=\"1020\" data-end=\"1055\">D. Anselmo Matilla Santos,\u00a0<\/strong><strong data-start=\"1060\" data-end=\"1094\">D. \u00c1ngel Mart\u00edn Carballo,\u00a0<\/strong><strong data-start=\"1099\" data-end=\"1134\">Rvdo. D. Jes\u00fas Guti\u00e9rrez Mart\u00edn <\/strong>y <strong data-start=\"1139\" data-end=\"1169\">D. Andr\u00e9s Bajo Boada<\/strong><\/p><h3 data-start=\"1343\" data-end=\"1397\"><strong data-start=\"1347\" data-end=\"1397\">Un \u00f3rgano diocesano de servicio y colaboraci\u00f3n<\/strong><\/h3><p data-start=\"1399\" data-end=\"1674\">El <strong data-start=\"1402\" data-end=\"1428\">Colegio de Consultores<\/strong> es un organismo de car\u00e1cter estable en la estructura de gobierno de la di\u00f3cesis. Sus miembros son nombrados libremente por el obispo entre los sacerdotes que integran el Consejo Presbiteral y ejercen su servicio durante un periodo de cinco a\u00f1os.<\/p><p data-start=\"1676\" data-end=\"2044\">Su funci\u00f3n esencial es <strong data-start=\"1699\" data-end=\"1736\">colaborar con el obispo diocesano<\/strong>, ofreci\u00e9ndole consejo y ejerciendo aquellas competencias que el Derecho Can\u00f3nico les atribuye, as\u00ed como otras que el propio obispo pueda confiarles. Este colegio se re\u00fane en sesi\u00f3n ordinaria seg\u00fan lo establecido por la normativa eclesial y en sesi\u00f3n extraordinaria cuando as\u00ed lo determine el obispo.<\/p><p data-start=\"2046\" data-end=\"2265\" data-is-last-node=\"\" data-is-only-node=\"\">\u00a0<\/p>\t\t\t\t\t<\/div>\n\t\t\t\t\t\t<\/div>\n\t\t\t\t<\/div>\n\t\t\t\t\t\t<\/div>\n\t\t\t\t\t<\/div>\n\t\t<\/div>\n\t\t\t\t\t\t\t\t<\/div>\n\t\t\t\t\t<\/div>\n\t\t<\/section>\n\t\t\t\t<section class=\"elementor-section elementor-top-section elementor-element elementor-element-b0853ca elementor-section-boxed elementor-section-height-default elementor-section-height-default\" data-id=\"b0853ca\" data-element_type=\"section\">\n\t\t\t\t\t\t<div class=\"elementor-container elementor-column-gap-default\">\n\t\t\t\t\t\t\t<div class=\"elementor-row\">\n\t\t\t\t\t<div class=\"elementor-column elementor-col-100 elementor-top-column elementor-element elementor-element-877c1cf\" data-id=\"877c1cf\" data-element_type=\"column\">\n\t\t\t<div class=\"elementor-column-wrap elementor-element-populated\">\n\t\t\t\t\t\t\t<div class=\"elementor-widget-wrap\">\n\t\t\t\t\t\t<div class=\"elementor-element elementor-element-c69c683 elementor-widget elementor-widget-image\" data-id=\"c69c683\" data-element_type=\"widget\" data-widget_type=\"image.default\">\n\t\t\t\t<div class=\"elementor-widget-container\">\n\t\t\t\t\t\t\t\t<div class=\"elementor-image\">\n\t\t\t\t\t\t\t\t\t\t\t\t<img loading=\"lazy\" decoding=\"async\" width=\"1200\" height=\"675\" src=\"https:\/\/www.diocesisciudadrodrigo.org\/blog4\/wp-content\/uploads\/2025\/12\/CONSEJO-DE-CONSULTORES.png\" class=\"attachment-large size-large\" alt=\"\" srcset=\"https:\/\/www.diocesisciudadrodrigo.org\/blog4\/wp-content\/uploads\/2025\/12\/CONSEJO-DE-CONSULTORES.png 1280w, https:\/\/www.diocesisciudadrodrigo.org\/blog4\/wp-content\/uploads\/2025\/12\/CONSEJO-DE-CONSULTORES-1000x563.png 1000w, https:\/\/www.diocesisciudadrodrigo.org\/blog4\/wp-content\/uploads\/2025\/12\/CONSEJO-DE-CONSULTORES-768x432.png 768w, https:\/\/www.diocesisciudadrodrigo.org\/blog4\/wp-content\/uploads\/2025\/12\/CONSEJO-DE-CONSULTORES-350x197.png 350w\" sizes=\"auto, (max-width: 1200px) 100vw, 1200px\" \/>\t\t\t\t\t\t\t\t\t\t\t\t\t\t<\/div>\n\t\t\t\t\t\t<\/div>\n\t\t\t\t<\/div>\n\t\t\t\t\t\t<\/div>\n\t\t\t\t\t<\/div>\n\t\t<\/div>\n\t\t\t\t\t\t\t\t<\/div>\n\t\t\t\t\t<\/div>\n\t\t<\/section>\n\t\t\t\t\t\t<\/div>\n\t\t\t\t\t\t<\/div>\n\t\t\t\t\t<\/div>\n\t\t","protected":false},"excerpt":{"rendered":"<p>El obispo ha renovado este \u00f3rgano colegial para los pr\u00f3ximos cinco a\u00f1os, conforme a lo establecido por el Derecho Can\u00f3nico DELEGACI\u00d3N DE MEDIOS El obispo de Ciudad Rodrigo, Mons. Jos\u00e9 &#8230; <\/p>\n<p class=\"read-more-container\"><a title=\"Nuevo Colegio de Consultores para la Di\u00f3cesis de Ciudad Rodrigo\" class=\"read-more button\" href=\"https:\/\/www.diocesisciudadrodrigo.org\/blog4\/nuevo-colegio-de-consultores-para-la-diocesis-de-ciudad-rodrigo\/#more-40943\" aria-label=\"M\u00e1s en Nuevo Colegio de Consultores para la Di\u00f3cesis de Ciudad Rodrigo\">Leer m\u00e1s &#8230;<\/a><\/p>\n","protected":false},"author":1,"featured_media":40958,"comment_status":"closed","ping_status":"closed","sticky":false,"template":"","format":"standard","meta":{"footnotes":""},"categories":[6],"tags":[],"class_list":["post-40943","post","type-post","status-publish","format-standard","has-post-thumbnail","hentry","category-noticias","masonry-post","generate-columns","tablet-grid-50","mobile-grid-100","grid-parent","grid-50"],"yoast_head":"<!-- This site is optimized with the Yoast SEO plugin v27.3 - https:\/\/yoast.com\/product\/yoast-seo-wordpress\/ -->\n<title>Nuevo Colegio de Consultores para la Di\u00f3cesis de Ciudad Rodrigo - Di\u00f3cesis de Ciudad Rodrigo<\/title>\n<meta name=\"robots\" content=\"index, follow, max-snippet:-1, max-image-preview:large, max-video-preview:-1\" \/>\n<link rel=\"canonical\" href=\"https:\/\/www.diocesisciudadrodrigo.org\/blog4\/nuevo-colegio-de-consultores-para-la-diocesis-de-ciudad-rodrigo\/\" \/>\n<meta property=\"og:locale\" content=\"es_ES\" \/>\n<meta property=\"og:type\" content=\"article\" \/>\n<meta property=\"og:title\" content=\"Nuevo Colegio de Consultores para la Di\u00f3cesis de Ciudad Rodrigo - Di\u00f3cesis de Ciudad Rodrigo\" \/>\n<meta property=\"og:description\" content=\"El obispo ha renovado este \u00f3rgano colegial para los pr\u00f3ximos cinco a\u00f1os, conforme a lo establecido por el Derecho Can\u00f3nico DELEGACI\u00d3N DE MEDIOS El obispo de Ciudad Rodrigo, Mons. Jos\u00e9 ... Leer m\u00e1s ...\" \/>\n<meta property=\"og:url\" content=\"https:\/\/www.diocesisciudadrodrigo.org\/blog4\/nuevo-colegio-de-consultores-para-la-diocesis-de-ciudad-rodrigo\/\" \/>\n<meta property=\"og:site_name\" content=\"Di\u00f3cesis de Ciudad Rodrigo\" \/>\n<meta property=\"article:publisher\" content=\"https:\/\/www.facebook.com\/people\/Dicesis-Ciudad-Rodrigo-MCS\/100076471923419\/#\" \/>\n<meta property=\"article:published_time\" content=\"2025-12-05T16:37:23+00:00\" \/>\n<meta property=\"article:modified_time\" content=\"2025-12-05T18:16:20+00:00\" \/>\n<meta property=\"og:image\" content=\"https:\/\/www.diocesisciudadrodrigo.org\/blog4\/wp-content\/uploads\/2025\/12\/CONSEJO-DE-CONSULTORES.png\" \/>\n\t<meta property=\"og:image:width\" content=\"1280\" \/>\n\t<meta property=\"og:image:height\" content=\"720\" \/>\n\t<meta property=\"og:image:type\" content=\"image\/png\" \/>\n<meta name=\"author\" content=\"medios CR\" \/>\n<meta name=\"twitter:card\" content=\"summary_large_image\" \/>\n<meta name=\"twitter:label1\" content=\"Escrito por\" \/>\n\t<meta name=\"twitter:data1\" content=\"medios CR\" \/>\n\t<meta name=\"twitter:label2\" content=\"Tiempo de lectura\" \/>\n\t<meta name=\"twitter:data2\" content=\"2 minutos\" \/>\n<script type=\"application\/ld+json\" class=\"yoast-schema-graph\">{\"@context\":\"https:\\\/\\\/schema.org\",\"@graph\":[{\"@type\":\"Article\",\"@id\":\"https:\\\/\\\/www.diocesisciudadrodrigo.org\\\/blog4\\\/nuevo-colegio-de-consultores-para-la-diocesis-de-ciudad-rodrigo\\\/#article\",\"isPartOf\":{\"@id\":\"https:\\\/\\\/www.diocesisciudadrodrigo.org\\\/blog4\\\/nuevo-colegio-de-consultores-para-la-diocesis-de-ciudad-rodrigo\\\/\"},\"author\":{\"name\":\"medios CR\",\"@id\":\"https:\\\/\\\/www.diocesisciudadrodrigo.org\\\/blog4\\\/#\\\/schema\\\/person\\\/5fcf0ca636a75766ff70e6417b6ed052\"},\"headline\":\"Nuevo Colegio de Consultores para la Di\u00f3cesis de Ciudad Rodrigo\",\"datePublished\":\"2025-12-05T16:37:23+00:00\",\"dateModified\":\"2025-12-05T18:16:20+00:00\",\"mainEntityOfPage\":{\"@id\":\"https:\\\/\\\/www.diocesisciudadrodrigo.org\\\/blog4\\\/nuevo-colegio-de-consultores-para-la-diocesis-de-ciudad-rodrigo\\\/\"},\"wordCount\":312,\"publisher\":{\"@id\":\"https:\\\/\\\/www.diocesisciudadrodrigo.org\\\/blog4\\\/#organization\"},\"image\":{\"@id\":\"https:\\\/\\\/www.diocesisciudadrodrigo.org\\\/blog4\\\/nuevo-colegio-de-consultores-para-la-diocesis-de-ciudad-rodrigo\\\/#primaryimage\"},\"thumbnailUrl\":\"https:\\\/\\\/www.diocesisciudadrodrigo.org\\\/blog4\\\/wp-content\\\/uploads\\\/2025\\\/12\\\/CONSEJO-DE-CONSULTORES.png\",\"articleSection\":[\"Noticias\"],\"inLanguage\":\"es\"},{\"@type\":\"WebPage\",\"@id\":\"https:\\\/\\\/www.diocesisciudadrodrigo.org\\\/blog4\\\/nuevo-colegio-de-consultores-para-la-diocesis-de-ciudad-rodrigo\\\/\",\"url\":\"https:\\\/\\\/www.diocesisciudadrodrigo.org\\\/blog4\\\/nuevo-colegio-de-consultores-para-la-diocesis-de-ciudad-rodrigo\\\/\",\"name\":\"Nuevo Colegio de Consultores para la Di\u00f3cesis de Ciudad Rodrigo - Di\u00f3cesis de Ciudad Rodrigo\",\"isPartOf\":{\"@id\":\"https:\\\/\\\/www.diocesisciudadrodrigo.org\\\/blog4\\\/#website\"},\"primaryImageOfPage\":{\"@id\":\"https:\\\/\\\/www.diocesisciudadrodrigo.org\\\/blog4\\\/nuevo-colegio-de-consultores-para-la-diocesis-de-ciudad-rodrigo\\\/#primaryimage\"},\"image\":{\"@id\":\"https:\\\/\\\/www.diocesisciudadrodrigo.org\\\/blog4\\\/nuevo-colegio-de-consultores-para-la-diocesis-de-ciudad-rodrigo\\\/#primaryimage\"},\"thumbnailUrl\":\"https:\\\/\\\/www.diocesisciudadrodrigo.org\\\/blog4\\\/wp-content\\\/uploads\\\/2025\\\/12\\\/CONSEJO-DE-CONSULTORES.png\",\"datePublished\":\"2025-12-05T16:37:23+00:00\",\"dateModified\":\"2025-12-05T18:16:20+00:00\",\"breadcrumb\":{\"@id\":\"https:\\\/\\\/www.diocesisciudadrodrigo.org\\\/blog4\\\/nuevo-colegio-de-consultores-para-la-diocesis-de-ciudad-rodrigo\\\/#breadcrumb\"},\"inLanguage\":\"es\",\"potentialAction\":[{\"@type\":\"ReadAction\",\"target\":[\"https:\\\/\\\/www.diocesisciudadrodrigo.org\\\/blog4\\\/nuevo-colegio-de-consultores-para-la-diocesis-de-ciudad-rodrigo\\\/\"]}]},{\"@type\":\"ImageObject\",\"inLanguage\":\"es\",\"@id\":\"https:\\\/\\\/www.diocesisciudadrodrigo.org\\\/blog4\\\/nuevo-colegio-de-consultores-para-la-diocesis-de-ciudad-rodrigo\\\/#primaryimage\",\"url\":\"https:\\\/\\\/www.diocesisciudadrodrigo.org\\\/blog4\\\/wp-content\\\/uploads\\\/2025\\\/12\\\/CONSEJO-DE-CONSULTORES.png\",\"contentUrl\":\"https:\\\/\\\/www.diocesisciudadrodrigo.org\\\/blog4\\\/wp-content\\\/uploads\\\/2025\\\/12\\\/CONSEJO-DE-CONSULTORES.png\",\"width\":1280,\"height\":720},{\"@type\":\"BreadcrumbList\",\"@id\":\"https:\\\/\\\/www.diocesisciudadrodrigo.org\\\/blog4\\\/nuevo-colegio-de-consultores-para-la-diocesis-de-ciudad-rodrigo\\\/#breadcrumb\",\"itemListElement\":[{\"@type\":\"ListItem\",\"position\":1,\"name\":\"Portada\",\"item\":\"https:\\\/\\\/www.diocesisciudadrodrigo.org\\\/blog4\\\/\"},{\"@type\":\"ListItem\",\"position\":2,\"name\":\"Nuevo Colegio de Consultores para la Di\u00f3cesis de Ciudad Rodrigo\"}]},{\"@type\":\"WebSite\",\"@id\":\"https:\\\/\\\/www.diocesisciudadrodrigo.org\\\/blog4\\\/#website\",\"url\":\"https:\\\/\\\/www.diocesisciudadrodrigo.org\\\/blog4\\\/\",\"name\":\"Di\u00f3cesis de Ciudad Rodrigo\",\"description\":\"Sitio web oficial de la di\u00f3cesis civitatense\",\"publisher\":{\"@id\":\"https:\\\/\\\/www.diocesisciudadrodrigo.org\\\/blog4\\\/#organization\"},\"potentialAction\":[{\"@type\":\"SearchAction\",\"target\":{\"@type\":\"EntryPoint\",\"urlTemplate\":\"https:\\\/\\\/www.diocesisciudadrodrigo.org\\\/blog4\\\/?s={search_term_string}\"},\"query-input\":{\"@type\":\"PropertyValueSpecification\",\"valueRequired\":true,\"valueName\":\"search_term_string\"}}],\"inLanguage\":\"es\"},{\"@type\":\"Organization\",\"@id\":\"https:\\\/\\\/www.diocesisciudadrodrigo.org\\\/blog4\\\/#organization\",\"name\":\"Di\u00f3cesis de Ciudad Rodrigo\",\"url\":\"https:\\\/\\\/www.diocesisciudadrodrigo.org\\\/blog4\\\/\",\"logo\":{\"@type\":\"ImageObject\",\"inLanguage\":\"es\",\"@id\":\"https:\\\/\\\/www.diocesisciudadrodrigo.org\\\/blog4\\\/#\\\/schema\\\/logo\\\/image\\\/\",\"url\":\"https:\\\/\\\/www.diocesisciudadrodrigo.org\\\/blog4\\\/wp-content\\\/uploads\\\/2024\\\/12\\\/Diocesis.CMYK_-768x480-1.jpg\",\"contentUrl\":\"https:\\\/\\\/www.diocesisciudadrodrigo.org\\\/blog4\\\/wp-content\\\/uploads\\\/2024\\\/12\\\/Diocesis.CMYK_-768x480-1.jpg\",\"width\":768,\"height\":480,\"caption\":\"Di\u00f3cesis de Ciudad Rodrigo\"},\"image\":{\"@id\":\"https:\\\/\\\/www.diocesisciudadrodrigo.org\\\/blog4\\\/#\\\/schema\\\/logo\\\/image\\\/\"},\"sameAs\":[\"https:\\\/\\\/www.facebook.com\\\/people\\\/Dicesis-Ciudad-Rodrigo-MCS\\\/100076471923419\\\/#\"]},{\"@type\":\"Person\",\"@id\":\"https:\\\/\\\/www.diocesisciudadrodrigo.org\\\/blog4\\\/#\\\/schema\\\/person\\\/5fcf0ca636a75766ff70e6417b6ed052\",\"name\":\"medios CR\",\"image\":{\"@type\":\"ImageObject\",\"inLanguage\":\"es\",\"@id\":\"https:\\\/\\\/secure.gravatar.com\\\/avatar\\\/4a619fd0c7e36bd570f4e6e15eb09a2191185d0f63d8dbfdffe848af141ab87e?s=96&d=mm&r=g\",\"url\":\"https:\\\/\\\/secure.gravatar.com\\\/avatar\\\/4a619fd0c7e36bd570f4e6e15eb09a2191185d0f63d8dbfdffe848af141ab87e?s=96&d=mm&r=g\",\"contentUrl\":\"https:\\\/\\\/secure.gravatar.com\\\/avatar\\\/4a619fd0c7e36bd570f4e6e15eb09a2191185d0f63d8dbfdffe848af141ab87e?s=96&d=mm&r=g\",\"caption\":\"medios CR\"},\"url\":\"https:\\\/\\\/www.diocesisciudadrodrigo.org\\\/blog4\\\/author\\\/admin4\\\/\"}]}<\/script>\n<!-- \/ Yoast SEO plugin. -->","yoast_head_json":{"title":"Nuevo Colegio de Consultores para la Di\u00f3cesis de Ciudad Rodrigo - Di\u00f3cesis de Ciudad Rodrigo","robots":{"index":"index","follow":"follow","max-snippet":"max-snippet:-1","max-image-preview":"max-image-preview:large","max-video-preview":"max-video-preview:-1"},"canonical":"https:\/\/www.diocesisciudadrodrigo.org\/blog4\/nuevo-colegio-de-consultores-para-la-diocesis-de-ciudad-rodrigo\/","og_locale":"es_ES","og_type":"article","og_title":"Nuevo Colegio de Consultores para la Di\u00f3cesis de Ciudad Rodrigo - Di\u00f3cesis de Ciudad Rodrigo","og_description":"El obispo ha renovado este \u00f3rgano colegial para los pr\u00f3ximos cinco a\u00f1os, conforme a lo establecido por el Derecho Can\u00f3nico DELEGACI\u00d3N DE MEDIOS El obispo de Ciudad Rodrigo, Mons. Jos\u00e9 ... Leer m\u00e1s ...","og_url":"https:\/\/www.diocesisciudadrodrigo.org\/blog4\/nuevo-colegio-de-consultores-para-la-diocesis-de-ciudad-rodrigo\/","og_site_name":"Di\u00f3cesis de Ciudad Rodrigo","article_publisher":"https:\/\/www.facebook.com\/people\/Dicesis-Ciudad-Rodrigo-MCS\/100076471923419\/#","article_published_time":"2025-12-05T16:37:23+00:00","article_modified_time":"2025-12-05T18:16:20+00:00","og_image":[{"width":1280,"height":720,"url":"https:\/\/www.diocesisciudadrodrigo.org\/blog4\/wp-content\/uploads\/2025\/12\/CONSEJO-DE-CONSULTORES.png","type":"image\/png"}],"author":"medios CR","twitter_card":"summary_large_image","twitter_misc":{"Escrito por":"medios CR","Tiempo de lectura":"2 minutos"},"schema":{"@context":"https:\/\/schema.org","@graph":[{"@type":"Article","@id":"https:\/\/www.diocesisciudadrodrigo.org\/blog4\/nuevo-colegio-de-consultores-para-la-diocesis-de-ciudad-rodrigo\/#article","isPartOf":{"@id":"https:\/\/www.diocesisciudadrodrigo.org\/blog4\/nuevo-colegio-de-consultores-para-la-diocesis-de-ciudad-rodrigo\/"},"author":{"name":"medios CR","@id":"https:\/\/www.diocesisciudadrodrigo.org\/blog4\/#\/schema\/person\/5fcf0ca636a75766ff70e6417b6ed052"},"headline":"Nuevo Colegio de Consultores para la Di\u00f3cesis de Ciudad Rodrigo","datePublished":"2025-12-05T16:37:23+00:00","dateModified":"2025-12-05T18:16:20+00:00","mainEntityOfPage":{"@id":"https:\/\/www.diocesisciudadrodrigo.org\/blog4\/nuevo-colegio-de-consultores-para-la-diocesis-de-ciudad-rodrigo\/"},"wordCount":312,"publisher":{"@id":"https:\/\/www.diocesisciudadrodrigo.org\/blog4\/#organization"},"image":{"@id":"https:\/\/www.diocesisciudadrodrigo.org\/blog4\/nuevo-colegio-de-consultores-para-la-diocesis-de-ciudad-rodrigo\/#primaryimage"},"thumbnailUrl":"https:\/\/www.diocesisciudadrodrigo.org\/blog4\/wp-content\/uploads\/2025\/12\/CONSEJO-DE-CONSULTORES.png","articleSection":["Noticias"],"inLanguage":"es"},{"@type":"WebPage","@id":"https:\/\/www.diocesisciudadrodrigo.org\/blog4\/nuevo-colegio-de-consultores-para-la-diocesis-de-ciudad-rodrigo\/","url":"https:\/\/www.diocesisciudadrodrigo.org\/blog4\/nuevo-colegio-de-consultores-para-la-diocesis-de-ciudad-rodrigo\/","name":"Nuevo Colegio de Consultores para la Di\u00f3cesis de Ciudad Rodrigo - Di\u00f3cesis de Ciudad Rodrigo","isPartOf":{"@id":"https:\/\/www.diocesisciudadrodrigo.org\/blog4\/#website"},"primaryImageOfPage":{"@id":"https:\/\/www.diocesisciudadrodrigo.org\/blog4\/nuevo-colegio-de-consultores-para-la-diocesis-de-ciudad-rodrigo\/#primaryimage"},"image":{"@id":"https:\/\/www.diocesisciudadrodrigo.org\/blog4\/nuevo-colegio-de-consultores-para-la-diocesis-de-ciudad-rodrigo\/#primaryimage"},"thumbnailUrl":"https:\/\/www.diocesisciudadrodrigo.org\/blog4\/wp-content\/uploads\/2025\/12\/CONSEJO-DE-CONSULTORES.png","datePublished":"2025-12-05T16:37:23+00:00","dateModified":"2025-12-05T18:16:20+00:00","breadcrumb":{"@id":"https:\/\/www.diocesisciudadrodrigo.org\/blog4\/nuevo-colegio-de-consultores-para-la-diocesis-de-ciudad-rodrigo\/#breadcrumb"},"inLanguage":"es","potentialAction":[{"@type":"ReadAction","target":["https:\/\/www.diocesisciudadrodrigo.org\/blog4\/nuevo-colegio-de-consultores-para-la-diocesis-de-ciudad-rodrigo\/"]}]},{"@type":"ImageObject","inLanguage":"es","@id":"https:\/\/www.diocesisciudadrodrigo.org\/blog4\/nuevo-colegio-de-consultores-para-la-diocesis-de-ciudad-rodrigo\/#primaryimage","url":"https:\/\/www.diocesisciudadrodrigo.org\/blog4\/wp-content\/uploads\/2025\/12\/CONSEJO-DE-CONSULTORES.png","contentUrl":"https:\/\/www.diocesisciudadrodrigo.org\/blog4\/wp-content\/uploads\/2025\/12\/CONSEJO-DE-CONSULTORES.png","width":1280,"height":720},{"@type":"BreadcrumbList","@id":"https:\/\/www.diocesisciudadrodrigo.org\/blog4\/nuevo-colegio-de-consultores-para-la-diocesis-de-ciudad-rodrigo\/#breadcrumb","itemListElement":[{"@type":"ListItem","position":1,"name":"Portada","item":"https:\/\/www.diocesisciudadrodrigo.org\/blog4\/"},{"@type":"ListItem","position":2,"name":"Nuevo Colegio de Consultores para la Di\u00f3cesis de Ciudad Rodrigo"}]},{"@type":"WebSite","@id":"https:\/\/www.diocesisciudadrodrigo.org\/blog4\/#website","url":"https:\/\/www.diocesisciudadrodrigo.org\/blog4\/","name":"Di\u00f3cesis de Ciudad Rodrigo","description":"Sitio web oficial de la di\u00f3cesis civitatense","publisher":{"@id":"https:\/\/www.diocesisciudadrodrigo.org\/blog4\/#organization"},"potentialAction":[{"@type":"SearchAction","target":{"@type":"EntryPoint","urlTemplate":"https:\/\/www.diocesisciudadrodrigo.org\/blog4\/?s={search_term_string}"},"query-input":{"@type":"PropertyValueSpecification","valueRequired":true,"valueName":"search_term_string"}}],"inLanguage":"es"},{"@type":"Organization","@id":"https:\/\/www.diocesisciudadrodrigo.org\/blog4\/#organization","name":"Di\u00f3cesis de Ciudad Rodrigo","url":"https:\/\/www.diocesisciudadrodrigo.org\/blog4\/","logo":{"@type":"ImageObject","inLanguage":"es","@id":"https:\/\/www.diocesisciudadrodrigo.org\/blog4\/#\/schema\/logo\/image\/","url":"https:\/\/www.diocesisciudadrodrigo.org\/blog4\/wp-content\/uploads\/2024\/12\/Diocesis.CMYK_-768x480-1.jpg","contentUrl":"https:\/\/www.diocesisciudadrodrigo.org\/blog4\/wp-content\/uploads\/2024\/12\/Diocesis.CMYK_-768x480-1.jpg","width":768,"height":480,"caption":"Di\u00f3cesis de Ciudad Rodrigo"},"image":{"@id":"https:\/\/www.diocesisciudadrodrigo.org\/blog4\/#\/schema\/logo\/image\/"},"sameAs":["https:\/\/www.facebook.com\/people\/Dicesis-Ciudad-Rodrigo-MCS\/100076471923419\/#"]},{"@type":"Person","@id":"https:\/\/www.diocesisciudadrodrigo.org\/blog4\/#\/schema\/person\/5fcf0ca636a75766ff70e6417b6ed052","name":"medios CR","image":{"@type":"ImageObject","inLanguage":"es","@id":"https:\/\/secure.gravatar.com\/avatar\/4a619fd0c7e36bd570f4e6e15eb09a2191185d0f63d8dbfdffe848af141ab87e?s=96&d=mm&r=g","url":"https:\/\/secure.gravatar.com\/avatar\/4a619fd0c7e36bd570f4e6e15eb09a2191185d0f63d8dbfdffe848af141ab87e?s=96&d=mm&r=g","contentUrl":"https:\/\/secure.gravatar.com\/avatar\/4a619fd0c7e36bd570f4e6e15eb09a2191185d0f63d8dbfdffe848af141ab87e?s=96&d=mm&r=g","caption":"medios CR"},"url":"https:\/\/www.diocesisciudadrodrigo.org\/blog4\/author\/admin4\/"}]}},"_links":{"self":[{"href":"https:\/\/www.diocesisciudadrodrigo.org\/blog4\/wp-json\/wp\/v2\/posts\/40943","targetHints":{"allow":["GET"]}}],"collection":[{"href":"https:\/\/www.diocesisciudadrodrigo.org\/blog4\/wp-json\/wp\/v2\/posts"}],"about":[{"href":"https:\/\/www.diocesisciudadrodrigo.org\/blog4\/wp-json\/wp\/v2\/types\/post"}],"author":[{"embeddable":true,"href":"https:\/\/www.diocesisciudadrodrigo.org\/blog4\/wp-json\/wp\/v2\/users\/1"}],"replies":[{"embeddable":true,"href":"https:\/\/www.diocesisciudadrodrigo.org\/blog4\/wp-json\/wp\/v2\/comments?post=40943"}],"version-history":[{"count":8,"href":"https:\/\/www.diocesisciudadrodrigo.org\/blog4\/wp-json\/wp\/v2\/posts\/40943\/revisions"}],"predecessor-version":[{"id":40962,"href":"https:\/\/www.diocesisciudadrodrigo.org\/blog4\/wp-json\/wp\/v2\/posts\/40943\/revisions\/40962"}],"wp:featuredmedia":[{"embeddable":true,"href":"https:\/\/www.diocesisciudadrodrigo.org\/blog4\/wp-json\/wp\/v2\/media\/40958"}],"wp:attachment":[{"href":"https:\/\/www.diocesisciudadrodrigo.org\/blog4\/wp-json\/wp\/v2\/media?parent=40943"}],"wp:term":[{"taxonomy":"category","embeddable":true,"href":"https:\/\/www.diocesisciudadrodrigo.org\/blog4\/wp-json\/wp\/v2\/categories?post=40943"},{"taxonomy":"post_tag","embeddable":true,"href":"https:\/\/www.diocesisciudadrodrigo.org\/blog4\/wp-json\/wp\/v2\/tags?post=40943"}],"curies":[{"name":"wp","href":"https:\/\/api.w.org\/{rel}","templated":true}]}}