{"id":40930,"date":"2025-12-03T15:37:32","date_gmt":"2025-12-03T14:37:32","guid":{"rendered":"https:\/\/www.diocesisciudadrodrigo.org\/blog4\/?p=40930"},"modified":"2025-12-05T18:51:58","modified_gmt":"2025-12-05T17:51:58","slug":"carlos-noberto-gomez-la-pastoral-de-la-salud-esta-llamada-a-ser-el-brazo-de-la-misericordia","status":"publish","type":"post","link":"https:\/\/www.diocesisciudadrodrigo.org\/blog4\/carlos-noberto-gomez-la-pastoral-de-la-salud-esta-llamada-a-ser-el-brazo-de-la-misericordia\/","title":{"rendered":"Carlos Noberto G\u00f3mez: \u00abLa Pastoral de la Salud est\u00e1 llamada a ser el brazo de la misericordia\u00bb"},"content":{"rendered":"\t\t<div data-elementor-type=\"wp-post\" data-elementor-id=\"40930\" class=\"elementor elementor-40930\" data-elementor-settings=\"[]\">\n\t\t\t\t\t\t<div class=\"elementor-inner\">\n\t\t\t\t\t\t\t<div class=\"elementor-section-wrap\">\n\t\t\t\t\t\t\t<section class=\"elementor-section elementor-top-section elementor-element elementor-element-fa0a420 elementor-section-boxed elementor-section-height-default elementor-section-height-default\" data-id=\"fa0a420\" data-element_type=\"section\">\n\t\t\t\t\t\t<div class=\"elementor-container elementor-column-gap-default\">\n\t\t\t\t\t\t\t<div class=\"elementor-row\">\n\t\t\t\t\t<div class=\"elementor-column elementor-col-100 elementor-top-column elementor-element elementor-element-ff6f65d\" data-id=\"ff6f65d\" data-element_type=\"column\">\n\t\t\t<div class=\"elementor-column-wrap elementor-element-populated\">\n\t\t\t\t\t\t\t<div class=\"elementor-widget-wrap\">\n\t\t\t\t\t\t<div class=\"elementor-element elementor-element-8e798f1 elementor-widget elementor-widget-text-editor\" data-id=\"8e798f1\" data-element_type=\"widget\" data-widget_type=\"text-editor.default\">\n\t\t\t\t<div class=\"elementor-widget-container\">\n\t\t\t\t\t\t\t\t<div class=\"elementor-text-editor elementor-clearfix\">\n\t\t\t\t<h3><em>El delegado de Pastoral de la Salud y cuatro voluntarios de Ciudad Rodrigo participaron en la jornada formativa regional dedicada a reflexionar sobre el cuidado integral en tiempos de fragilidad<\/em><\/h3><p><strong>DELEGACI\u00d3N DE MEDIOS<\/strong><\/p><p>La Di\u00f3cesis de Ciudad Rodrigo particip\u00f3 el pasado 28 de noviembre en la jornada de formaci\u00f3n regional de la Pastoral de la Salud que se celebr\u00f3 en Valladolid, bajo el lema: Bajo el lema <em data-start=\"1648\" data-end=\"1743\">\u201cEntre la fragilidad y la esperanza. Ser Iglesia samaritana hoy: cuidar en tiempos inciertos\u201d. \u00a0<\/em>El encuentro, organizado por el <strong data-start=\"1477\" data-end=\"1561\">Secretariado Interdiocesano de Pastoral de la Salud de Iglesia en Castilla-Duero<\/strong>, reuni\u00f3 a <strong data-start=\"1572\" data-end=\"1598\">56 delegados, directores y agentes<\/strong> de las nueve di\u00f3cesis de la regi\u00f3n para reflexionar sobre los cambios culturales y las nuevas formas de sufrimiento que afectan a tantas personas y familias, y sobre la misi\u00f3n de la Iglesia de acompa\u00f1arlas con sensibilidad y esperanza.<\/p><p>La formaci\u00f3n fue impartida por el psic\u00f3logo cl\u00ednico\u00a0<strong data-start=\"1389\" data-end=\"1414\">Dr. Mario Piera Gomar<\/strong>, que ofreci\u00f3 una lectura humanista e integradora de la realidad del sufrimiento, marcada hoy por profundas transformaciones culturales, psicol\u00f3gicas y relacionales. Su intervenci\u00f3n ayud\u00f3 a los participantes a reconocer c\u00f3mo estos cambios inciden en la manera en que las personas afrontan la enfermedad, la soledad y la vulnerabilidad.<\/p><p><a href=\"https:\/\/www.diocesisciudadrodrigo.org\/blog4\/wp-content\/uploads\/2025\/12\/1JORNADA-FORMACION-PASTORAL-SALUD-REGION.jpeg\"><img loading=\"lazy\" decoding=\"async\" class=\"alignright wp-image-40937\" src=\"https:\/\/www.diocesisciudadrodrigo.org\/blog4\/wp-content\/uploads\/2025\/12\/1JORNADA-FORMACION-PASTORAL-SALUD-REGION-1000x750.jpeg\" alt=\"\" width=\"327\" height=\"245\" srcset=\"https:\/\/www.diocesisciudadrodrigo.org\/blog4\/wp-content\/uploads\/2025\/12\/1JORNADA-FORMACION-PASTORAL-SALUD-REGION-1000x750.jpeg 1000w, https:\/\/www.diocesisciudadrodrigo.org\/blog4\/wp-content\/uploads\/2025\/12\/1JORNADA-FORMACION-PASTORAL-SALUD-REGION-768x576.jpeg 768w, https:\/\/www.diocesisciudadrodrigo.org\/blog4\/wp-content\/uploads\/2025\/12\/1JORNADA-FORMACION-PASTORAL-SALUD-REGION-1536x1152.jpeg 1536w, https:\/\/www.diocesisciudadrodrigo.org\/blog4\/wp-content\/uploads\/2025\/12\/1JORNADA-FORMACION-PASTORAL-SALUD-REGION-350x263.jpeg 350w, https:\/\/www.diocesisciudadrodrigo.org\/blog4\/wp-content\/uploads\/2025\/12\/1JORNADA-FORMACION-PASTORAL-SALUD-REGION.jpeg 1600w\" sizes=\"auto, (max-width: 327px) 100vw, 327px\" \/><\/a>En representaci\u00f3n de la di\u00f3cesis acudi\u00f3 el <strong data-start=\"1156\" data-end=\"1228\">delegado diocesano de Pastoral de la Salud y coordinador de este Secretariado Interdiocesano,<\/strong><strong> Carlos Norberto G\u00f3mez<\/strong>, acompa\u00f1ado de <strong data-start=\"1333\" data-end=\"1355\">cuatro voluntarios<\/strong> que desarrollan su servicio pastoral en el \u00e1mbito del cuidado y la visita a los enfermos.<\/p><p>Este responsable destac\u00f3 la urgencia de renovar la mirada pastoral. Record\u00f3 que, durante siglos, la acci\u00f3n pastoral se centr\u00f3 en la atenci\u00f3n sacramental -\u201cque sigue siendo esencial\u201d-, pero advirti\u00f3 que \u201cnos estamos encontrando ante un cambio cultural muy fuerte en el que la comunidad, la fe, ya no tienen ese sentido de trascendencia que ten\u00edan habitualmente\u201d.<\/p><p>Carlos Norberto afirm\u00f3 que hoy acompa\u00f1an a \u201cuna nueva generaci\u00f3n de familias, que se encuentran ante circunstancias de sufrimiento que no soportan, de fragilidad sobre las que no se hacen responsables, de indiferencia, porque todo lo que suene a dolor, sufrimiento, desgaste, ya no tiene espacio dentro de la vida ordinaria\u201d.<\/p><p><a href=\"https:\/\/www.diocesisciudadrodrigo.org\/blog4\/wp-content\/uploads\/2025\/12\/WhatsApp-Image-2025-11-28-at-13.50.17-4.jpeg\"><img loading=\"lazy\" decoding=\"async\" class=\"alignleft wp-image-40936\" src=\"https:\/\/www.diocesisciudadrodrigo.org\/blog4\/wp-content\/uploads\/2025\/12\/WhatsApp-Image-2025-11-28-at-13.50.17-4-1000x750.jpeg\" alt=\"\" width=\"275\" height=\"207\" srcset=\"https:\/\/www.diocesisciudadrodrigo.org\/blog4\/wp-content\/uploads\/2025\/12\/WhatsApp-Image-2025-11-28-at-13.50.17-4-1000x750.jpeg 1000w, https:\/\/www.diocesisciudadrodrigo.org\/blog4\/wp-content\/uploads\/2025\/12\/WhatsApp-Image-2025-11-28-at-13.50.17-4-768x576.jpeg 768w, https:\/\/www.diocesisciudadrodrigo.org\/blog4\/wp-content\/uploads\/2025\/12\/WhatsApp-Image-2025-11-28-at-13.50.17-4-1536x1152.jpeg 1536w, https:\/\/www.diocesisciudadrodrigo.org\/blog4\/wp-content\/uploads\/2025\/12\/WhatsApp-Image-2025-11-28-at-13.50.17-4-350x263.jpeg 350w, https:\/\/www.diocesisciudadrodrigo.org\/blog4\/wp-content\/uploads\/2025\/12\/WhatsApp-Image-2025-11-28-at-13.50.17-4.jpeg 1600w\" sizes=\"auto, (max-width: 275px) 100vw, 275px\" \/><\/a>Asimismo, record\u00f3 que el cambio de \u00e9poca exige una formaci\u00f3n m\u00e1s profunda y humanizadora: \u201cYa no basta la buena voluntad. Necesitamos comprender las nuevas realidades humanas para acompa\u00f1ar con misericordia\u201d. Y describi\u00f3 situaciones cada vez m\u00e1s frecuentes de soledad, abandono y fragilidad relacional, que interpelan directamente a la misi\u00f3n de la Iglesia: \u201cVemos ancianos abandonados en residencias, enfermos solos en los hospitales, personas con adicciones sin apoyo, mujeres y hombres en situaci\u00f3n de prostituci\u00f3n o sin hogar refugiados en los albergues porque nadie les quiere prestar atenci\u00f3n,\u2026.\u201d. Ante esta realidad, subray\u00f3 que, junto a C\u00e1ritas, la Pastoral de la Salud est\u00e1 llamada a ser \u201cel brazo de la misericordia\u201d.\u00a0<\/p><p>En su opini\u00f3n, esta pastoral debe \u201cofrecer una cercan\u00eda espiritual, materna y paterna, afectiva, emocional, que acerque el Evangelio de Jesucristo desde la acogida y el encuentro\u201d.<\/p><p>Carlos Norberto adelant\u00f3 que esta primera jornada tendr\u00e1 continuidad en una segunda sesi\u00f3n, de car\u00e1cter pr\u00e1ctico, que permitir\u00e1 a las di\u00f3cesis aplicar en sus realidades concretas los contenidos y herramientas ofrecidos.<\/p>\t\t\t\t\t<\/div>\n\t\t\t\t\t\t<\/div>\n\t\t\t\t<\/div>\n\t\t\t\t\t\t<\/div>\n\t\t\t\t\t<\/div>\n\t\t<\/div>\n\t\t\t\t\t\t\t\t<\/div>\n\t\t\t\t\t<\/div>\n\t\t<\/section>\n\t\t\t\t<section class=\"elementor-section elementor-top-section elementor-element elementor-element-c60d0b8 elementor-section-boxed elementor-section-height-default elementor-section-height-default\" data-id=\"c60d0b8\" data-element_type=\"section\">\n\t\t\t\t\t\t<div class=\"elementor-container elementor-column-gap-default\">\n\t\t\t\t\t\t\t<div class=\"elementor-row\">\n\t\t\t\t\t<div class=\"elementor-column elementor-col-100 elementor-top-column elementor-element elementor-element-f2b6239\" data-id=\"f2b6239\" data-element_type=\"column\">\n\t\t\t<div class=\"elementor-column-wrap elementor-element-populated\">\n\t\t\t\t\t\t\t<div class=\"elementor-widget-wrap\">\n\t\t\t\t\t\t<div class=\"elementor-element elementor-element-ddc68e5 elementor-widget elementor-widget-image\" data-id=\"ddc68e5\" data-element_type=\"widget\" data-widget_type=\"image.default\">\n\t\t\t\t<div class=\"elementor-widget-container\">\n\t\t\t\t\t\t\t\t<div class=\"elementor-image\">\n\t\t\t\t\t\t\t\t\t\t\t\t<img loading=\"lazy\" decoding=\"async\" width=\"1200\" height=\"900\" src=\"https:\/\/www.diocesisciudadrodrigo.org\/blog4\/wp-content\/uploads\/2025\/12\/JORNADA-FORMACION-PASTORAL-SALUD-REGION3.jpeg\" class=\"attachment-large size-large\" alt=\"\" srcset=\"https:\/\/www.diocesisciudadrodrigo.org\/blog4\/wp-content\/uploads\/2025\/12\/JORNADA-FORMACION-PASTORAL-SALUD-REGION3.jpeg 1600w, https:\/\/www.diocesisciudadrodrigo.org\/blog4\/wp-content\/uploads\/2025\/12\/JORNADA-FORMACION-PASTORAL-SALUD-REGION3-1000x750.jpeg 1000w, https:\/\/www.diocesisciudadrodrigo.org\/blog4\/wp-content\/uploads\/2025\/12\/JORNADA-FORMACION-PASTORAL-SALUD-REGION3-768x576.jpeg 768w, https:\/\/www.diocesisciudadrodrigo.org\/blog4\/wp-content\/uploads\/2025\/12\/JORNADA-FORMACION-PASTORAL-SALUD-REGION3-1536x1152.jpeg 1536w, https:\/\/www.diocesisciudadrodrigo.org\/blog4\/wp-content\/uploads\/2025\/12\/JORNADA-FORMACION-PASTORAL-SALUD-REGION3-350x263.jpeg 350w\" sizes=\"auto, (max-width: 1200px) 100vw, 1200px\" \/>\t\t\t\t\t\t\t\t\t\t\t\t\t\t<\/div>\n\t\t\t\t\t\t<\/div>\n\t\t\t\t<\/div>\n\t\t\t\t\t\t<\/div>\n\t\t\t\t\t<\/div>\n\t\t<\/div>\n\t\t\t\t\t\t\t\t<\/div>\n\t\t\t\t\t<\/div>\n\t\t<\/section>\n\t\t\t\t\t\t<\/div>\n\t\t\t\t\t\t<\/div>\n\t\t\t\t\t<\/div>\n\t\t","protected":false},"excerpt":{"rendered":"<p>El delegado de Pastoral de la Salud y cuatro voluntarios de Ciudad Rodrigo participaron en la jornada formativa regional dedicada a reflexionar sobre el cuidado integral en tiempos de fragilidad &#8230; <\/p>\n<p class=\"read-more-container\"><a title=\"Carlos Noberto G\u00f3mez: \u00abLa Pastoral de la Salud est\u00e1 llamada a ser el brazo de la misericordia\u00bb\" class=\"read-more button\" href=\"https:\/\/www.diocesisciudadrodrigo.org\/blog4\/carlos-noberto-gomez-la-pastoral-de-la-salud-esta-llamada-a-ser-el-brazo-de-la-misericordia\/#more-40930\" aria-label=\"M\u00e1s en Carlos Noberto G\u00f3mez: \u00abLa Pastoral de la Salud est\u00e1 llamada a ser el brazo de la misericordia\u00bb\">Leer m\u00e1s &#8230;<\/a><\/p>\n","protected":false},"author":1,"featured_media":40937,"comment_status":"closed","ping_status":"closed","sticky":false,"template":"","format":"standard","meta":{"footnotes":""},"categories":[6],"tags":[],"class_list":["post-40930","post","type-post","status-publish","format-standard","has-post-thumbnail","hentry","category-noticias","masonry-post","generate-columns","tablet-grid-50","mobile-grid-100","grid-parent","grid-50"],"yoast_head":"<!-- This site is optimized with the Yoast SEO plugin v27.3 - https:\/\/yoast.com\/product\/yoast-seo-wordpress\/ -->\n<title>Carlos Noberto G\u00f3mez: &quot;La Pastoral de la Salud est\u00e1 llamada a ser el brazo de la misericordia&quot; - Di\u00f3cesis de Ciudad Rodrigo<\/title>\n<meta name=\"robots\" content=\"index, follow, max-snippet:-1, max-image-preview:large, max-video-preview:-1\" \/>\n<link rel=\"canonical\" href=\"https:\/\/www.diocesisciudadrodrigo.org\/blog4\/carlos-noberto-gomez-la-pastoral-de-la-salud-esta-llamada-a-ser-el-brazo-de-la-misericordia\/\" \/>\n<meta property=\"og:locale\" content=\"es_ES\" \/>\n<meta property=\"og:type\" content=\"article\" \/>\n<meta property=\"og:title\" content=\"Carlos Noberto G\u00f3mez: &quot;La Pastoral de la Salud est\u00e1 llamada a ser el brazo de la misericordia&quot; - Di\u00f3cesis de Ciudad Rodrigo\" \/>\n<meta property=\"og:description\" content=\"El delegado de Pastoral de la Salud y cuatro voluntarios de Ciudad Rodrigo participaron en la jornada formativa regional dedicada a reflexionar sobre el cuidado integral en tiempos de fragilidad ... Leer m\u00e1s ...\" \/>\n<meta property=\"og:url\" content=\"https:\/\/www.diocesisciudadrodrigo.org\/blog4\/carlos-noberto-gomez-la-pastoral-de-la-salud-esta-llamada-a-ser-el-brazo-de-la-misericordia\/\" \/>\n<meta property=\"og:site_name\" content=\"Di\u00f3cesis de Ciudad Rodrigo\" \/>\n<meta property=\"article:publisher\" content=\"https:\/\/www.facebook.com\/people\/Dicesis-Ciudad-Rodrigo-MCS\/100076471923419\/#\" \/>\n<meta property=\"article:published_time\" content=\"2025-12-03T14:37:32+00:00\" \/>\n<meta property=\"article:modified_time\" content=\"2025-12-05T17:51:58+00:00\" \/>\n<meta property=\"og:image\" content=\"https:\/\/www.diocesisciudadrodrigo.org\/blog4\/wp-content\/uploads\/2025\/12\/1JORNADA-FORMACION-PASTORAL-SALUD-REGION.jpeg\" \/>\n\t<meta property=\"og:image:width\" content=\"1600\" \/>\n\t<meta property=\"og:image:height\" content=\"1200\" \/>\n\t<meta property=\"og:image:type\" content=\"image\/jpeg\" \/>\n<meta name=\"author\" content=\"medios CR\" \/>\n<meta name=\"twitter:card\" content=\"summary_large_image\" \/>\n<meta name=\"twitter:label1\" content=\"Escrito por\" \/>\n\t<meta name=\"twitter:data1\" content=\"medios CR\" \/>\n\t<meta name=\"twitter:label2\" content=\"Tiempo de lectura\" \/>\n\t<meta name=\"twitter:data2\" content=\"3 minutos\" \/>\n<script type=\"application\/ld+json\" class=\"yoast-schema-graph\">{\"@context\":\"https:\\\/\\\/schema.org\",\"@graph\":[{\"@type\":\"Article\",\"@id\":\"https:\\\/\\\/www.diocesisciudadrodrigo.org\\\/blog4\\\/carlos-noberto-gomez-la-pastoral-de-la-salud-esta-llamada-a-ser-el-brazo-de-la-misericordia\\\/#article\",\"isPartOf\":{\"@id\":\"https:\\\/\\\/www.diocesisciudadrodrigo.org\\\/blog4\\\/carlos-noberto-gomez-la-pastoral-de-la-salud-esta-llamada-a-ser-el-brazo-de-la-misericordia\\\/\"},\"author\":{\"name\":\"medios CR\",\"@id\":\"https:\\\/\\\/www.diocesisciudadrodrigo.org\\\/blog4\\\/#\\\/schema\\\/person\\\/5fcf0ca636a75766ff70e6417b6ed052\"},\"headline\":\"Carlos Noberto G\u00f3mez: \u00abLa Pastoral de la Salud est\u00e1 llamada a ser el brazo de la misericordia\u00bb\",\"datePublished\":\"2025-12-03T14:37:32+00:00\",\"dateModified\":\"2025-12-05T17:51:58+00:00\",\"mainEntityOfPage\":{\"@id\":\"https:\\\/\\\/www.diocesisciudadrodrigo.org\\\/blog4\\\/carlos-noberto-gomez-la-pastoral-de-la-salud-esta-llamada-a-ser-el-brazo-de-la-misericordia\\\/\"},\"wordCount\":575,\"publisher\":{\"@id\":\"https:\\\/\\\/www.diocesisciudadrodrigo.org\\\/blog4\\\/#organization\"},\"image\":{\"@id\":\"https:\\\/\\\/www.diocesisciudadrodrigo.org\\\/blog4\\\/carlos-noberto-gomez-la-pastoral-de-la-salud-esta-llamada-a-ser-el-brazo-de-la-misericordia\\\/#primaryimage\"},\"thumbnailUrl\":\"https:\\\/\\\/www.diocesisciudadrodrigo.org\\\/blog4\\\/wp-content\\\/uploads\\\/2025\\\/12\\\/1JORNADA-FORMACION-PASTORAL-SALUD-REGION.jpeg\",\"articleSection\":[\"Noticias\"],\"inLanguage\":\"es\"},{\"@type\":\"WebPage\",\"@id\":\"https:\\\/\\\/www.diocesisciudadrodrigo.org\\\/blog4\\\/carlos-noberto-gomez-la-pastoral-de-la-salud-esta-llamada-a-ser-el-brazo-de-la-misericordia\\\/\",\"url\":\"https:\\\/\\\/www.diocesisciudadrodrigo.org\\\/blog4\\\/carlos-noberto-gomez-la-pastoral-de-la-salud-esta-llamada-a-ser-el-brazo-de-la-misericordia\\\/\",\"name\":\"Carlos Noberto G\u00f3mez: \\\"La Pastoral de la Salud est\u00e1 llamada a ser el brazo de la misericordia\\\" - Di\u00f3cesis de Ciudad Rodrigo\",\"isPartOf\":{\"@id\":\"https:\\\/\\\/www.diocesisciudadrodrigo.org\\\/blog4\\\/#website\"},\"primaryImageOfPage\":{\"@id\":\"https:\\\/\\\/www.diocesisciudadrodrigo.org\\\/blog4\\\/carlos-noberto-gomez-la-pastoral-de-la-salud-esta-llamada-a-ser-el-brazo-de-la-misericordia\\\/#primaryimage\"},\"image\":{\"@id\":\"https:\\\/\\\/www.diocesisciudadrodrigo.org\\\/blog4\\\/carlos-noberto-gomez-la-pastoral-de-la-salud-esta-llamada-a-ser-el-brazo-de-la-misericordia\\\/#primaryimage\"},\"thumbnailUrl\":\"https:\\\/\\\/www.diocesisciudadrodrigo.org\\\/blog4\\\/wp-content\\\/uploads\\\/2025\\\/12\\\/1JORNADA-FORMACION-PASTORAL-SALUD-REGION.jpeg\",\"datePublished\":\"2025-12-03T14:37:32+00:00\",\"dateModified\":\"2025-12-05T17:51:58+00:00\",\"breadcrumb\":{\"@id\":\"https:\\\/\\\/www.diocesisciudadrodrigo.org\\\/blog4\\\/carlos-noberto-gomez-la-pastoral-de-la-salud-esta-llamada-a-ser-el-brazo-de-la-misericordia\\\/#breadcrumb\"},\"inLanguage\":\"es\",\"potentialAction\":[{\"@type\":\"ReadAction\",\"target\":[\"https:\\\/\\\/www.diocesisciudadrodrigo.org\\\/blog4\\\/carlos-noberto-gomez-la-pastoral-de-la-salud-esta-llamada-a-ser-el-brazo-de-la-misericordia\\\/\"]}]},{\"@type\":\"ImageObject\",\"inLanguage\":\"es\",\"@id\":\"https:\\\/\\\/www.diocesisciudadrodrigo.org\\\/blog4\\\/carlos-noberto-gomez-la-pastoral-de-la-salud-esta-llamada-a-ser-el-brazo-de-la-misericordia\\\/#primaryimage\",\"url\":\"https:\\\/\\\/www.diocesisciudadrodrigo.org\\\/blog4\\\/wp-content\\\/uploads\\\/2025\\\/12\\\/1JORNADA-FORMACION-PASTORAL-SALUD-REGION.jpeg\",\"contentUrl\":\"https:\\\/\\\/www.diocesisciudadrodrigo.org\\\/blog4\\\/wp-content\\\/uploads\\\/2025\\\/12\\\/1JORNADA-FORMACION-PASTORAL-SALUD-REGION.jpeg\",\"width\":1600,\"height\":1200},{\"@type\":\"BreadcrumbList\",\"@id\":\"https:\\\/\\\/www.diocesisciudadrodrigo.org\\\/blog4\\\/carlos-noberto-gomez-la-pastoral-de-la-salud-esta-llamada-a-ser-el-brazo-de-la-misericordia\\\/#breadcrumb\",\"itemListElement\":[{\"@type\":\"ListItem\",\"position\":1,\"name\":\"Portada\",\"item\":\"https:\\\/\\\/www.diocesisciudadrodrigo.org\\\/blog4\\\/\"},{\"@type\":\"ListItem\",\"position\":2,\"name\":\"Carlos Noberto G\u00f3mez: \u00abLa Pastoral de la Salud est\u00e1 llamada a ser el brazo de la misericordia\u00bb\"}]},{\"@type\":\"WebSite\",\"@id\":\"https:\\\/\\\/www.diocesisciudadrodrigo.org\\\/blog4\\\/#website\",\"url\":\"https:\\\/\\\/www.diocesisciudadrodrigo.org\\\/blog4\\\/\",\"name\":\"Di\u00f3cesis de Ciudad Rodrigo\",\"description\":\"Sitio web oficial de la di\u00f3cesis civitatense\",\"publisher\":{\"@id\":\"https:\\\/\\\/www.diocesisciudadrodrigo.org\\\/blog4\\\/#organization\"},\"potentialAction\":[{\"@type\":\"SearchAction\",\"target\":{\"@type\":\"EntryPoint\",\"urlTemplate\":\"https:\\\/\\\/www.diocesisciudadrodrigo.org\\\/blog4\\\/?s={search_term_string}\"},\"query-input\":{\"@type\":\"PropertyValueSpecification\",\"valueRequired\":true,\"valueName\":\"search_term_string\"}}],\"inLanguage\":\"es\"},{\"@type\":\"Organization\",\"@id\":\"https:\\\/\\\/www.diocesisciudadrodrigo.org\\\/blog4\\\/#organization\",\"name\":\"Di\u00f3cesis de Ciudad Rodrigo\",\"url\":\"https:\\\/\\\/www.diocesisciudadrodrigo.org\\\/blog4\\\/\",\"logo\":{\"@type\":\"ImageObject\",\"inLanguage\":\"es\",\"@id\":\"https:\\\/\\\/www.diocesisciudadrodrigo.org\\\/blog4\\\/#\\\/schema\\\/logo\\\/image\\\/\",\"url\":\"https:\\\/\\\/www.diocesisciudadrodrigo.org\\\/blog4\\\/wp-content\\\/uploads\\\/2024\\\/12\\\/Diocesis.CMYK_-768x480-1.jpg\",\"contentUrl\":\"https:\\\/\\\/www.diocesisciudadrodrigo.org\\\/blog4\\\/wp-content\\\/uploads\\\/2024\\\/12\\\/Diocesis.CMYK_-768x480-1.jpg\",\"width\":768,\"height\":480,\"caption\":\"Di\u00f3cesis de Ciudad Rodrigo\"},\"image\":{\"@id\":\"https:\\\/\\\/www.diocesisciudadrodrigo.org\\\/blog4\\\/#\\\/schema\\\/logo\\\/image\\\/\"},\"sameAs\":[\"https:\\\/\\\/www.facebook.com\\\/people\\\/Dicesis-Ciudad-Rodrigo-MCS\\\/100076471923419\\\/#\"]},{\"@type\":\"Person\",\"@id\":\"https:\\\/\\\/www.diocesisciudadrodrigo.org\\\/blog4\\\/#\\\/schema\\\/person\\\/5fcf0ca636a75766ff70e6417b6ed052\",\"name\":\"medios CR\",\"image\":{\"@type\":\"ImageObject\",\"inLanguage\":\"es\",\"@id\":\"https:\\\/\\\/secure.gravatar.com\\\/avatar\\\/4a619fd0c7e36bd570f4e6e15eb09a2191185d0f63d8dbfdffe848af141ab87e?s=96&d=mm&r=g\",\"url\":\"https:\\\/\\\/secure.gravatar.com\\\/avatar\\\/4a619fd0c7e36bd570f4e6e15eb09a2191185d0f63d8dbfdffe848af141ab87e?s=96&d=mm&r=g\",\"contentUrl\":\"https:\\\/\\\/secure.gravatar.com\\\/avatar\\\/4a619fd0c7e36bd570f4e6e15eb09a2191185d0f63d8dbfdffe848af141ab87e?s=96&d=mm&r=g\",\"caption\":\"medios CR\"},\"url\":\"https:\\\/\\\/www.diocesisciudadrodrigo.org\\\/blog4\\\/author\\\/admin4\\\/\"}]}<\/script>\n<!-- \/ Yoast SEO plugin. -->","yoast_head_json":{"title":"Carlos Noberto G\u00f3mez: \"La Pastoral de la Salud est\u00e1 llamada a ser el brazo de la misericordia\" - Di\u00f3cesis de Ciudad Rodrigo","robots":{"index":"index","follow":"follow","max-snippet":"max-snippet:-1","max-image-preview":"max-image-preview:large","max-video-preview":"max-video-preview:-1"},"canonical":"https:\/\/www.diocesisciudadrodrigo.org\/blog4\/carlos-noberto-gomez-la-pastoral-de-la-salud-esta-llamada-a-ser-el-brazo-de-la-misericordia\/","og_locale":"es_ES","og_type":"article","og_title":"Carlos Noberto G\u00f3mez: \"La Pastoral de la Salud est\u00e1 llamada a ser el brazo de la misericordia\" - Di\u00f3cesis de Ciudad Rodrigo","og_description":"El delegado de Pastoral de la Salud y cuatro voluntarios de Ciudad Rodrigo participaron en la jornada formativa regional dedicada a reflexionar sobre el cuidado integral en tiempos de fragilidad ... Leer m\u00e1s ...","og_url":"https:\/\/www.diocesisciudadrodrigo.org\/blog4\/carlos-noberto-gomez-la-pastoral-de-la-salud-esta-llamada-a-ser-el-brazo-de-la-misericordia\/","og_site_name":"Di\u00f3cesis de Ciudad Rodrigo","article_publisher":"https:\/\/www.facebook.com\/people\/Dicesis-Ciudad-Rodrigo-MCS\/100076471923419\/#","article_published_time":"2025-12-03T14:37:32+00:00","article_modified_time":"2025-12-05T17:51:58+00:00","og_image":[{"width":1600,"height":1200,"url":"https:\/\/www.diocesisciudadrodrigo.org\/blog4\/wp-content\/uploads\/2025\/12\/1JORNADA-FORMACION-PASTORAL-SALUD-REGION.jpeg","type":"image\/jpeg"}],"author":"medios CR","twitter_card":"summary_large_image","twitter_misc":{"Escrito por":"medios CR","Tiempo de lectura":"3 minutos"},"schema":{"@context":"https:\/\/schema.org","@graph":[{"@type":"Article","@id":"https:\/\/www.diocesisciudadrodrigo.org\/blog4\/carlos-noberto-gomez-la-pastoral-de-la-salud-esta-llamada-a-ser-el-brazo-de-la-misericordia\/#article","isPartOf":{"@id":"https:\/\/www.diocesisciudadrodrigo.org\/blog4\/carlos-noberto-gomez-la-pastoral-de-la-salud-esta-llamada-a-ser-el-brazo-de-la-misericordia\/"},"author":{"name":"medios CR","@id":"https:\/\/www.diocesisciudadrodrigo.org\/blog4\/#\/schema\/person\/5fcf0ca636a75766ff70e6417b6ed052"},"headline":"Carlos Noberto G\u00f3mez: \u00abLa Pastoral de la Salud est\u00e1 llamada a ser el brazo de la misericordia\u00bb","datePublished":"2025-12-03T14:37:32+00:00","dateModified":"2025-12-05T17:51:58+00:00","mainEntityOfPage":{"@id":"https:\/\/www.diocesisciudadrodrigo.org\/blog4\/carlos-noberto-gomez-la-pastoral-de-la-salud-esta-llamada-a-ser-el-brazo-de-la-misericordia\/"},"wordCount":575,"publisher":{"@id":"https:\/\/www.diocesisciudadrodrigo.org\/blog4\/#organization"},"image":{"@id":"https:\/\/www.diocesisciudadrodrigo.org\/blog4\/carlos-noberto-gomez-la-pastoral-de-la-salud-esta-llamada-a-ser-el-brazo-de-la-misericordia\/#primaryimage"},"thumbnailUrl":"https:\/\/www.diocesisciudadrodrigo.org\/blog4\/wp-content\/uploads\/2025\/12\/1JORNADA-FORMACION-PASTORAL-SALUD-REGION.jpeg","articleSection":["Noticias"],"inLanguage":"es"},{"@type":"WebPage","@id":"https:\/\/www.diocesisciudadrodrigo.org\/blog4\/carlos-noberto-gomez-la-pastoral-de-la-salud-esta-llamada-a-ser-el-brazo-de-la-misericordia\/","url":"https:\/\/www.diocesisciudadrodrigo.org\/blog4\/carlos-noberto-gomez-la-pastoral-de-la-salud-esta-llamada-a-ser-el-brazo-de-la-misericordia\/","name":"Carlos Noberto G\u00f3mez: \"La Pastoral de la Salud est\u00e1 llamada a ser el brazo de la misericordia\" - Di\u00f3cesis de Ciudad Rodrigo","isPartOf":{"@id":"https:\/\/www.diocesisciudadrodrigo.org\/blog4\/#website"},"primaryImageOfPage":{"@id":"https:\/\/www.diocesisciudadrodrigo.org\/blog4\/carlos-noberto-gomez-la-pastoral-de-la-salud-esta-llamada-a-ser-el-brazo-de-la-misericordia\/#primaryimage"},"image":{"@id":"https:\/\/www.diocesisciudadrodrigo.org\/blog4\/carlos-noberto-gomez-la-pastoral-de-la-salud-esta-llamada-a-ser-el-brazo-de-la-misericordia\/#primaryimage"},"thumbnailUrl":"https:\/\/www.diocesisciudadrodrigo.org\/blog4\/wp-content\/uploads\/2025\/12\/1JORNADA-FORMACION-PASTORAL-SALUD-REGION.jpeg","datePublished":"2025-12-03T14:37:32+00:00","dateModified":"2025-12-05T17:51:58+00:00","breadcrumb":{"@id":"https:\/\/www.diocesisciudadrodrigo.org\/blog4\/carlos-noberto-gomez-la-pastoral-de-la-salud-esta-llamada-a-ser-el-brazo-de-la-misericordia\/#breadcrumb"},"inLanguage":"es","potentialAction":[{"@type":"ReadAction","target":["https:\/\/www.diocesisciudadrodrigo.org\/blog4\/carlos-noberto-gomez-la-pastoral-de-la-salud-esta-llamada-a-ser-el-brazo-de-la-misericordia\/"]}]},{"@type":"ImageObject","inLanguage":"es","@id":"https:\/\/www.diocesisciudadrodrigo.org\/blog4\/carlos-noberto-gomez-la-pastoral-de-la-salud-esta-llamada-a-ser-el-brazo-de-la-misericordia\/#primaryimage","url":"https:\/\/www.diocesisciudadrodrigo.org\/blog4\/wp-content\/uploads\/2025\/12\/1JORNADA-FORMACION-PASTORAL-SALUD-REGION.jpeg","contentUrl":"https:\/\/www.diocesisciudadrodrigo.org\/blog4\/wp-content\/uploads\/2025\/12\/1JORNADA-FORMACION-PASTORAL-SALUD-REGION.jpeg","width":1600,"height":1200},{"@type":"BreadcrumbList","@id":"https:\/\/www.diocesisciudadrodrigo.org\/blog4\/carlos-noberto-gomez-la-pastoral-de-la-salud-esta-llamada-a-ser-el-brazo-de-la-misericordia\/#breadcrumb","itemListElement":[{"@type":"ListItem","position":1,"name":"Portada","item":"https:\/\/www.diocesisciudadrodrigo.org\/blog4\/"},{"@type":"ListItem","position":2,"name":"Carlos Noberto G\u00f3mez: \u00abLa Pastoral de la Salud est\u00e1 llamada a ser el brazo de la misericordia\u00bb"}]},{"@type":"WebSite","@id":"https:\/\/www.diocesisciudadrodrigo.org\/blog4\/#website","url":"https:\/\/www.diocesisciudadrodrigo.org\/blog4\/","name":"Di\u00f3cesis de Ciudad Rodrigo","description":"Sitio web oficial de la di\u00f3cesis civitatense","publisher":{"@id":"https:\/\/www.diocesisciudadrodrigo.org\/blog4\/#organization"},"potentialAction":[{"@type":"SearchAction","target":{"@type":"EntryPoint","urlTemplate":"https:\/\/www.diocesisciudadrodrigo.org\/blog4\/?s={search_term_string}"},"query-input":{"@type":"PropertyValueSpecification","valueRequired":true,"valueName":"search_term_string"}}],"inLanguage":"es"},{"@type":"Organization","@id":"https:\/\/www.diocesisciudadrodrigo.org\/blog4\/#organization","name":"Di\u00f3cesis de Ciudad Rodrigo","url":"https:\/\/www.diocesisciudadrodrigo.org\/blog4\/","logo":{"@type":"ImageObject","inLanguage":"es","@id":"https:\/\/www.diocesisciudadrodrigo.org\/blog4\/#\/schema\/logo\/image\/","url":"https:\/\/www.diocesisciudadrodrigo.org\/blog4\/wp-content\/uploads\/2024\/12\/Diocesis.CMYK_-768x480-1.jpg","contentUrl":"https:\/\/www.diocesisciudadrodrigo.org\/blog4\/wp-content\/uploads\/2024\/12\/Diocesis.CMYK_-768x480-1.jpg","width":768,"height":480,"caption":"Di\u00f3cesis de Ciudad Rodrigo"},"image":{"@id":"https:\/\/www.diocesisciudadrodrigo.org\/blog4\/#\/schema\/logo\/image\/"},"sameAs":["https:\/\/www.facebook.com\/people\/Dicesis-Ciudad-Rodrigo-MCS\/100076471923419\/#"]},{"@type":"Person","@id":"https:\/\/www.diocesisciudadrodrigo.org\/blog4\/#\/schema\/person\/5fcf0ca636a75766ff70e6417b6ed052","name":"medios CR","image":{"@type":"ImageObject","inLanguage":"es","@id":"https:\/\/secure.gravatar.com\/avatar\/4a619fd0c7e36bd570f4e6e15eb09a2191185d0f63d8dbfdffe848af141ab87e?s=96&d=mm&r=g","url":"https:\/\/secure.gravatar.com\/avatar\/4a619fd0c7e36bd570f4e6e15eb09a2191185d0f63d8dbfdffe848af141ab87e?s=96&d=mm&r=g","contentUrl":"https:\/\/secure.gravatar.com\/avatar\/4a619fd0c7e36bd570f4e6e15eb09a2191185d0f63d8dbfdffe848af141ab87e?s=96&d=mm&r=g","caption":"medios CR"},"url":"https:\/\/www.diocesisciudadrodrigo.org\/blog4\/author\/admin4\/"}]}},"_links":{"self":[{"href":"https:\/\/www.diocesisciudadrodrigo.org\/blog4\/wp-json\/wp\/v2\/posts\/40930","targetHints":{"allow":["GET"]}}],"collection":[{"href":"https:\/\/www.diocesisciudadrodrigo.org\/blog4\/wp-json\/wp\/v2\/posts"}],"about":[{"href":"https:\/\/www.diocesisciudadrodrigo.org\/blog4\/wp-json\/wp\/v2\/types\/post"}],"author":[{"embeddable":true,"href":"https:\/\/www.diocesisciudadrodrigo.org\/blog4\/wp-json\/wp\/v2\/users\/1"}],"replies":[{"embeddable":true,"href":"https:\/\/www.diocesisciudadrodrigo.org\/blog4\/wp-json\/wp\/v2\/comments?post=40930"}],"version-history":[{"count":13,"href":"https:\/\/www.diocesisciudadrodrigo.org\/blog4\/wp-json\/wp\/v2\/posts\/40930\/revisions"}],"predecessor-version":[{"id":40957,"href":"https:\/\/www.diocesisciudadrodrigo.org\/blog4\/wp-json\/wp\/v2\/posts\/40930\/revisions\/40957"}],"wp:featuredmedia":[{"embeddable":true,"href":"https:\/\/www.diocesisciudadrodrigo.org\/blog4\/wp-json\/wp\/v2\/media\/40937"}],"wp:attachment":[{"href":"https:\/\/www.diocesisciudadrodrigo.org\/blog4\/wp-json\/wp\/v2\/media?parent=40930"}],"wp:term":[{"taxonomy":"category","embeddable":true,"href":"https:\/\/www.diocesisciudadrodrigo.org\/blog4\/wp-json\/wp\/v2\/categories?post=40930"},{"taxonomy":"post_tag","embeddable":true,"href":"https:\/\/www.diocesisciudadrodrigo.org\/blog4\/wp-json\/wp\/v2\/tags?post=40930"}],"curies":[{"name":"wp","href":"https:\/\/api.w.org\/{rel}","templated":true}]}}