{"id":40832,"date":"2025-11-27T18:39:17","date_gmt":"2025-11-27T17:39:17","guid":{"rendered":"https:\/\/www.diocesisciudadrodrigo.org\/blog4\/?p=40832"},"modified":"2025-11-28T09:06:13","modified_gmt":"2025-11-28T08:06:13","slug":"tener-una-vida-digna-no-puede-ser-cuestion-de-suerte","status":"publish","type":"post","link":"https:\/\/www.diocesisciudadrodrigo.org\/blog4\/tener-una-vida-digna-no-puede-ser-cuestion-de-suerte\/","title":{"rendered":"\u201cTener una vida digna no puede ser cuesti\u00f3n de suerte\u201d"},"content":{"rendered":"\t\t<div data-elementor-type=\"wp-post\" data-elementor-id=\"40832\" class=\"elementor elementor-40832\" data-elementor-settings=\"[]\">\n\t\t\t\t\t\t<div class=\"elementor-inner\">\n\t\t\t\t\t\t\t<div class=\"elementor-section-wrap\">\n\t\t\t\t\t\t\t<section class=\"elementor-section elementor-top-section elementor-element elementor-element-f16d1fe elementor-section-boxed elementor-section-height-default elementor-section-height-default\" data-id=\"f16d1fe\" data-element_type=\"section\">\n\t\t\t\t\t\t<div class=\"elementor-container elementor-column-gap-default\">\n\t\t\t\t\t\t\t<div class=\"elementor-row\">\n\t\t\t\t\t<div class=\"elementor-column elementor-col-100 elementor-top-column elementor-element elementor-element-a25f84b\" data-id=\"a25f84b\" data-element_type=\"column\">\n\t\t\t<div class=\"elementor-column-wrap elementor-element-populated\">\n\t\t\t\t\t\t\t<div class=\"elementor-widget-wrap\">\n\t\t\t\t\t\t<div class=\"elementor-element elementor-element-ec4275d elementor-widget elementor-widget-text-editor\" data-id=\"ec4275d\" data-element_type=\"widget\" data-widget_type=\"text-editor.default\">\n\t\t\t\t<div class=\"elementor-widget-container\">\n\t\t\t\t\t\t\t\t<div class=\"elementor-text-editor elementor-clearfix\">\n\t\t\t\t<h3>C\u00e1ritas Diocesana de Ciudad Rodrigo lanza su campa\u00f1a de Navidad y alerta del aumento de la exclusi\u00f3n, seg\u00fan el \u00faltimo informe FOESSA en Castilla y Le\u00f3n<\/h3><p><span style=\"color: #ff0000;\">DELEGACI\u00d3N DE MEDIOS<\/span><\/p><p data-start=\"370\" data-end=\"783\"><strong>C\u00e1ritas Diocesana de Ciudad Rodrigo<\/strong> ha presentado su campa\u00f1a de Navidad con un mensaje directo: la dignidad de una persona no puede depender del lugar donde nace ni de la familia que le toca. Bajo el lema: <em data-start=\"579\" data-end=\"641\">\u00ab<\/em>Hagamos que tener una vida digna no sea cuesti\u00f3n de suerte\u00bb<em data-start=\"579\" data-end=\"641\">,<\/em> la directiva de la entidad, acompa\u00f1ada por el obispo, <strong>Mons. Jos\u00e9 Luis Retana, <\/strong>pidi\u00f3 mirar de frente la realidad y sostener a quienes viven con m\u00e1s fragilidad.<\/p><p data-start=\"785\" data-end=\"1237\"><img loading=\"lazy\" decoding=\"async\" class=\"wp-image-40852 alignright\" src=\"https:\/\/www.diocesisciudadrodrigo.org\/blog4\/wp-content\/uploads\/2025\/11\/obispo-jose-luis-retana_MG_2851-1000x667.jpg\" alt=\"\" width=\"311\" height=\"207\" srcset=\"https:\/\/www.diocesisciudadrodrigo.org\/blog4\/wp-content\/uploads\/2025\/11\/obispo-jose-luis-retana_MG_2851-1000x667.jpg 1000w, https:\/\/www.diocesisciudadrodrigo.org\/blog4\/wp-content\/uploads\/2025\/11\/obispo-jose-luis-retana_MG_2851-2000x1333.jpg 2000w, https:\/\/www.diocesisciudadrodrigo.org\/blog4\/wp-content\/uploads\/2025\/11\/obispo-jose-luis-retana_MG_2851-768x512.jpg 768w, https:\/\/www.diocesisciudadrodrigo.org\/blog4\/wp-content\/uploads\/2025\/11\/obispo-jose-luis-retana_MG_2851-1536x1024.jpg 1536w, https:\/\/www.diocesisciudadrodrigo.org\/blog4\/wp-content\/uploads\/2025\/11\/obispo-jose-luis-retana_MG_2851-2048x1365.jpg 2048w, https:\/\/www.diocesisciudadrodrigo.org\/blog4\/wp-content\/uploads\/2025\/11\/obispo-jose-luis-retana_MG_2851-350x233.jpg 350w\" sizes=\"auto, (max-width: 311px) 100vw, 311px\" \/>El prelado abri\u00f3 el acto recordando que, si miramos<strong> el viaje a Bel\u00e9n<\/strong>, Jes\u00fas llega al mundo en precariedad, sin comodidades y sin un lugar donde nacer. \u00abDios se hace presente en la fragilidad de un ni\u00f1o\u00bb, se\u00f1al\u00f3, como clave para entender c\u00f3mo estamos llamados a mirar hoy la pobreza. Habl\u00f3 claro sobre los tres frentes que m\u00e1s golpean a las familias: la vivienda, el empleo precario y las dificultades de regularizaci\u00f3n de muchas personas migrantes.<\/p><p data-start=\"1239\" data-end=\"1441\">El obispo insisti\u00f3 adem\u00e1s en algo esencial: esta es <strong>una campa\u00f1a diocesana<\/strong>, un esfuerzo com\u00fan que pide caminar en unidad. \u00abSi no vamos todos a una, rompemos lo m\u00e1s importante: la comuni\u00f3n\u00bb, advirti\u00f3.<\/p><h3 data-start=\"1239\" data-end=\"1441\">Un trabajo por la \u00abdignidad\u00bb<\/h3><p data-start=\"1511\" data-end=\"1893\"><a href=\"https:\/\/www.diocesisciudadrodrigo.org\/blog4\/wp-content\/uploads\/2025\/11\/mari-paz-diago_MG_2830-scaled.jpg\"><img loading=\"lazy\" decoding=\"async\" class=\"alignleft wp-image-40847\" src=\"https:\/\/www.diocesisciudadrodrigo.org\/blog4\/wp-content\/uploads\/2025\/11\/mari-paz-diago_MG_2830-1000x667.jpg\" alt=\"\" width=\"272\" height=\"181\" srcset=\"https:\/\/www.diocesisciudadrodrigo.org\/blog4\/wp-content\/uploads\/2025\/11\/mari-paz-diago_MG_2830-1000x667.jpg 1000w, https:\/\/www.diocesisciudadrodrigo.org\/blog4\/wp-content\/uploads\/2025\/11\/mari-paz-diago_MG_2830-2000x1333.jpg 2000w, https:\/\/www.diocesisciudadrodrigo.org\/blog4\/wp-content\/uploads\/2025\/11\/mari-paz-diago_MG_2830-768x512.jpg 768w, https:\/\/www.diocesisciudadrodrigo.org\/blog4\/wp-content\/uploads\/2025\/11\/mari-paz-diago_MG_2830-1536x1024.jpg 1536w, https:\/\/www.diocesisciudadrodrigo.org\/blog4\/wp-content\/uploads\/2025\/11\/mari-paz-diago_MG_2830-2048x1365.jpg 2048w, https:\/\/www.diocesisciudadrodrigo.org\/blog4\/wp-content\/uploads\/2025\/11\/mari-paz-diago_MG_2830-350x233.jpg 350w\" sizes=\"auto, (max-width: 272px) 100vw, 272px\" \/><\/a>Tras \u00e9l tom\u00f3 la palabra la delegada de C\u00e1ritas, la Hija de la Caridad <strong>M.\u00aa Paz Diago<\/strong>, que record\u00f3 que todo el trabajo de C\u00e1ritas se hace \u00abpor justicia, porque la Iglesia y Cristo nos lo ha ense\u00f1ado\u00bb, porque la dignidad humana es sagrada. \u00abEl que tienes al lado es tan digno como t\u00fa\u00bb, subray\u00f3. Y a\u00f1adi\u00f3 que esta conciencia se aprende desde peque\u00f1os y se vive d\u00eda a d\u00eda, tambi\u00e9n en Navidad, es formaci\u00f3n, m\u00e1s all\u00e1 del consumo y las luces.<\/p><h3 data-start=\"4852\" data-end=\"4988\">Adviento: un tiempo de esperanza<\/h3><p data-start=\"308\" data-end=\"757\">La directora de C\u00e1ritas Ciudad Rodrigo, <strong data-start=\"348\" data-end=\"363\">Mar Manzano<\/strong>, situ\u00f3 la presentaci\u00f3n de la campa\u00f1a en el contexto del <strong data-start=\"420\" data-end=\"432\">Adviento<\/strong>, ese tiempo que prepara la llegada de Jes\u00fas. Record\u00f3 que la Navidad es, ante todo, un tiempo de esperanza, de encuentro y de cercan\u00eda, especialmente para los cristianos, porque celebramos que Jes\u00fas vino al mundo para estar al lado de quienes sufren y de los excluidos, \u00abpara quienes no encontraron lugar en la posada\u00bb.<\/p><p data-start=\"759\" data-end=\"1232\"><a href=\"https:\/\/www.diocesisciudadrodrigo.org\/blog4\/wp-content\/uploads\/2025\/11\/mar-manzano_MG_2848-scaled.jpg\"><img loading=\"lazy\" decoding=\"async\" class=\"alignright wp-image-40849\" src=\"https:\/\/www.diocesisciudadrodrigo.org\/blog4\/wp-content\/uploads\/2025\/11\/mar-manzano_MG_2848-1000x667.jpg\" alt=\"\" width=\"269\" height=\"179\" srcset=\"https:\/\/www.diocesisciudadrodrigo.org\/blog4\/wp-content\/uploads\/2025\/11\/mar-manzano_MG_2848-1000x667.jpg 1000w, https:\/\/www.diocesisciudadrodrigo.org\/blog4\/wp-content\/uploads\/2025\/11\/mar-manzano_MG_2848-2000x1333.jpg 2000w, https:\/\/www.diocesisciudadrodrigo.org\/blog4\/wp-content\/uploads\/2025\/11\/mar-manzano_MG_2848-768x512.jpg 768w, https:\/\/www.diocesisciudadrodrigo.org\/blog4\/wp-content\/uploads\/2025\/11\/mar-manzano_MG_2848-1536x1024.jpg 1536w, https:\/\/www.diocesisciudadrodrigo.org\/blog4\/wp-content\/uploads\/2025\/11\/mar-manzano_MG_2848-2048x1365.jpg 2048w, https:\/\/www.diocesisciudadrodrigo.org\/blog4\/wp-content\/uploads\/2025\/11\/mar-manzano_MG_2848-350x233.jpg 350w\" sizes=\"auto, (max-width: 269px) 100vw, 269px\" \/><\/a>Desde esa clave, explic\u00f3 que este a\u00f1o el mensaje de la campa\u00f1a cobra una importancia especial. Mientras adornamos las calles y empiezan a sonar los villancicos, hay una realidad que interpela con fuerza: la que revela el <strong>IX\u00a0Informe FOESSA<\/strong>, presentado el pasado lunes, 24 de noviembre, en Valladolid, con datos emp\u00edricos que muestran la situaci\u00f3n de la exclusi\u00f3n en Castilla y Le\u00f3n.<\/p><p data-start=\"1234\" data-end=\"1789\">El informe confirma que la exclusi\u00f3n social no solo persiste, sino que se cronifica. En Castilla y Le\u00f3n, <strong data-start=\"1343\" data-end=\"1363\">352.000 personas<\/strong>, el <strong data-start=\"1368\" data-end=\"1394\">14,8% de la poblaci\u00f3n<\/strong>, se encuentran en situaci\u00f3n de exclusi\u00f3n. La situaci\u00f3n, dijo, es incluso peor que en 2018, antes de la pandemia, cuando el impacto econ\u00f3mico y social dej\u00f3 a mucha gente fuera de todo. Adem\u00e1s, el <strong data-start=\"1590\" data-end=\"1613\">19% de los hogares<\/strong>, tras pagar los gastos corrientes \u2014luz, agua, basuras, hipoteca o alquiler\u2014 cae por debajo del umbral de la pobreza, una circunstancia que est\u00e1 erosionando a la clase media.<\/p><p data-start=\"1791\" data-end=\"2164\">Manzano a\u00f1adi\u00f3 que ya no basta con tener empleo, ni siquiera dos personas trabajando en un hogar, para garantizar llegar a fin de mes o dar oportunidades a los hijos. Y esto est\u00e1 obligando a C\u00e1ritas a buscar <strong data-start=\"1995\" data-end=\"2025\">nuevas formas de acompa\u00f1ar<\/strong> a familias que \u00ablo han hecho todo bien\u00bb, se han formado, han invertido en su educaci\u00f3n y han conseguido un empleo, pero aun as\u00ed no llegan.<\/p><p data-start=\"1791\" data-end=\"2164\">\u00a0<\/p><h3 data-start=\"1791\" data-end=\"2164\">Por una integraci\u00f3n plena<\/h3><p data-start=\"2166\" data-end=\"2648\">El informe FOESSA analiza <strong data-start=\"2192\" data-end=\"2210\">37 indicadores<\/strong> para determinar la situaci\u00f3n de las personas encuestadas, y basta con marcar 15 para estar en riesgo de exclusi\u00f3n. De ah\u00ed la importancia de comprender que la exclusi\u00f3n no es solo una cuesti\u00f3n econ\u00f3mica: es estructural, afecta a distintos niveles de la vida y requiere programas de prevenci\u00f3n y promoci\u00f3n, no solo de asistencia.<\/p><p data-start=\"2650\" data-end=\"3121\"><a href=\"https:\/\/www.diocesisciudadrodrigo.org\/blog4\/wp-content\/uploads\/2025\/11\/MG_2845-scaled.jpg\"><img loading=\"lazy\" decoding=\"async\" class=\"wp-image-40848 alignleft\" src=\"https:\/\/www.diocesisciudadrodrigo.org\/blog4\/wp-content\/uploads\/2025\/11\/MG_2845-1000x667.jpg\" alt=\"\" width=\"252\" height=\"168\" srcset=\"https:\/\/www.diocesisciudadrodrigo.org\/blog4\/wp-content\/uploads\/2025\/11\/MG_2845-1000x667.jpg 1000w, https:\/\/www.diocesisciudadrodrigo.org\/blog4\/wp-content\/uploads\/2025\/11\/MG_2845-2000x1333.jpg 2000w, https:\/\/www.diocesisciudadrodrigo.org\/blog4\/wp-content\/uploads\/2025\/11\/MG_2845-768x512.jpg 768w, https:\/\/www.diocesisciudadrodrigo.org\/blog4\/wp-content\/uploads\/2025\/11\/MG_2845-1536x1024.jpg 1536w, https:\/\/www.diocesisciudadrodrigo.org\/blog4\/wp-content\/uploads\/2025\/11\/MG_2845-2048x1365.jpg 2048w, https:\/\/www.diocesisciudadrodrigo.org\/blog4\/wp-content\/uploads\/2025\/11\/MG_2845-350x233.jpg 350w\" sizes=\"auto, (max-width: 252px) 100vw, 252px\" \/><\/a>Tambi\u00e9n record\u00f3 que <strong data-start=\"2670\" data-end=\"2718\">el 44,8% de la poblaci\u00f3n de Castilla y Le\u00f3n<\/strong> no goza de una integraci\u00f3n plena. Y destac\u00f3 un dato que la conmovi\u00f3 especialmente como maestra: <strong data-start=\"2815\" data-end=\"2902\">el 24,6% de los j\u00f3venes y adolescentes<\/strong> de 18 a 29 a\u00f1os est\u00e1 en riesgo de exclusi\u00f3n, comprometiendo su proyecto vital y su transici\u00f3n a la vida adulta. Alert\u00f3, adem\u00e1s, de c\u00f3mo la ruralidad multiplica esta problem\u00e1tica, limitando oportunidades y recursos para quienes viven en pueblos y zonas dispersas.<\/p><p data-start=\"3123\" data-end=\"3481\">Mar subray\u00f3 otro punto clave del informe: rompe mitos. Los datos desmienten la idea de que las personas en exclusi\u00f3n \u201cno quieren trabajar\u201d o \u201cesperan ayudas sin hacer nada\u201d. Al contrario, <strong data-start=\"3315\" data-end=\"3400\">e<\/strong>l 77% de quienes est\u00e1n en exclusi\u00f3n severa participa en <strong data-start=\"3315\" data-end=\"3400\">proyectos de activaci\u00f3n<\/strong>, lo que demuestra que la gran mayor\u00eda hace todo lo que puede por salir adelante.<\/p><h3 data-start=\"3123\" data-end=\"3481\">Un descenso de los donativos \u00a0 \u00a0<\/h3><p data-start=\"3488\" data-end=\"3864\">El secretario de C\u00e1ritas Ciudad Rodrigo, <strong data-start=\"3529\" data-end=\"3547\">Domingo Mat\u00edas<\/strong>, complet\u00f3 el an\u00e1lisis bajando al terreno concreto de la di\u00f3cesis. Explic\u00f3 que los datos de intervenci\u00f3n de 2025 mantienen una l\u00ednea similar a la de los \u00faltimos a\u00f1os en cuanto a programas y equipo t\u00e9cnico, pero con un impacto considerable en el territorio: <strong data-start=\"3804\" data-end=\"3832\">584 personas acompa\u00f1adas<\/strong> y presencia en <strong data-start=\"3848\" data-end=\"3863\">375 hogares<\/strong>.<\/p><p data-start=\"3866\" data-end=\"4552\">En cuanto a ayudas econ\u00f3micas, hasta el d\u00eda previo a la presentaci\u00f3n C\u00e1ritas hab\u00eda entregado <strong data-start=\"3959\" data-end=\"3981\">casi 114.000 euros<\/strong>. Sin embargo, estas ayudas han disminuido ligeramente respecto al a\u00f1o anterior debido a la <strong data-start=\"4073\" data-end=\"4095\">ca\u00edda de donativos<\/strong> \u2014de particulares, parroquias, empresas y entidades\u2014 y a una reducci\u00f3n de subvenciones.<\/p><p data-start=\"3866\" data-end=\"4552\"><a href=\"https:\/\/www.diocesisciudadrodrigo.org\/blog4\/wp-content\/uploads\/2025\/11\/mar-manzano-domingo-matias-rp-campana-navidad_MG_2846-scaled.jpg\"><img loading=\"lazy\" decoding=\"async\" class=\"alignright wp-image-40850\" src=\"https:\/\/www.diocesisciudadrodrigo.org\/blog4\/wp-content\/uploads\/2025\/11\/mar-manzano-domingo-matias-rp-campana-navidad_MG_2846-1000x814.jpg\" alt=\"\" width=\"295\" height=\"240\" srcset=\"https:\/\/www.diocesisciudadrodrigo.org\/blog4\/wp-content\/uploads\/2025\/11\/mar-manzano-domingo-matias-rp-campana-navidad_MG_2846-1000x814.jpg 1000w, https:\/\/www.diocesisciudadrodrigo.org\/blog4\/wp-content\/uploads\/2025\/11\/mar-manzano-domingo-matias-rp-campana-navidad_MG_2846-2000x1628.jpg 2000w, https:\/\/www.diocesisciudadrodrigo.org\/blog4\/wp-content\/uploads\/2025\/11\/mar-manzano-domingo-matias-rp-campana-navidad_MG_2846-768x625.jpg 768w, https:\/\/www.diocesisciudadrodrigo.org\/blog4\/wp-content\/uploads\/2025\/11\/mar-manzano-domingo-matias-rp-campana-navidad_MG_2846-1536x1250.jpg 1536w, https:\/\/www.diocesisciudadrodrigo.org\/blog4\/wp-content\/uploads\/2025\/11\/mar-manzano-domingo-matias-rp-campana-navidad_MG_2846-2048x1667.jpg 2048w, https:\/\/www.diocesisciudadrodrigo.org\/blog4\/wp-content\/uploads\/2025\/11\/mar-manzano-domingo-matias-rp-campana-navidad_MG_2846-350x285.jpg 350w\" sizes=\"auto, (max-width: 295px) 100vw, 295px\" \/><\/a>A finales de septiembre, los donativos generales rondaban los <strong data-start=\"4389\" data-end=\"4405\">20.000 euros<\/strong>, muy por debajo de lo que despu\u00e9s se entrega en ayudas. Mat\u00edas record\u00f3, una vez m\u00e1s, que <strong data-start=\"4495\" data-end=\"4551\">cada euro recibido <\/strong>llega directamente a las familias.<\/p><p data-start=\"4554\" data-end=\"5081\">Uno de los problemas m\u00e1s graves que constata C\u00e1ritas es el aumento del <strong data-start=\"4613\" data-end=\"4650\">precio de la vivienda<\/strong>. En uno o dos a\u00f1os, el alquiler medio que afrontan las familias acompa\u00f1adas ha pasado de unos 250 euros a 450\u2013500 euros, un incremento \u201cbrutal\u201d que muchas no pueden asumir. Y esto se agrava por el precio de la cesta b\u00e1sica y por el estado de una vivienda que, en muchos casos, es muy antigua: casas sin calefacci\u00f3n ni instalaci\u00f3n para tenerla, humedades, aislamiento insuficiente, mobiliario y electrodom\u00e9sticos en mal estado.<\/p><p data-start=\"5616\" data-end=\"6074\">El secretario se\u00f1al\u00f3 otro fen\u00f3meno preocupante: la <strong data-start=\"5667\" data-end=\"5714\">transmisi\u00f3n intergeneracional de la pobreza<\/strong>. \u00abAtend\u00edamos a los abuelos, atendemos a los padres y ahora atendemos a los hijos\u00bb, explic\u00f3. J\u00f3venes que vivieron los programas de infancia y juventud de C\u00e1ritas hoy son adultos acompa\u00f1ados por la entidad, y sus hijos participan ahora en sus actividades. Romper esa cadena exige pol\u00edticas sociales estables y un trabajo constante de prevenci\u00f3n y promoci\u00f3n.<\/p><p data-start=\"6076\" data-end=\"6612\">A esto se suman la <strong data-start=\"6095\" data-end=\"6124\">irregularidad sobrevenida<\/strong> de muchas personas migrantes, que tras un tiempo con protecci\u00f3n y acceso al mercado laboral vuelven a quedar sin documentaci\u00f3n y regresan al c\u00edrculo de la exclusi\u00f3n, con graves dificultades para acceder a la sanidad \u2014especialmente en el caso de los menores\u2014; la <strong data-start=\"6387\" data-end=\"6416\">violencia contra la mujer<\/strong>, que C\u00e1ritas acompa\u00f1a en su d\u00eda a d\u00eda; y el deterioro de la <strong data-start=\"6477\" data-end=\"6493\">salud mental<\/strong>, que se ha intensificado desde la pandemia y que ya est\u00e1 generando programas espec\u00edficos de prevenci\u00f3n del suicidio. C\u00e1ritas, dijo, se coordina con entidades como <strong data-start=\"6660\" data-end=\"6673\">Cruz Roja<\/strong> y la <strong data-start=\"6679\" data-end=\"6706\">Asociaci\u00f3n Salud Mental<\/strong>, pero subray\u00f3 que queda \u201cmucho camino por andar\u201d.<\/p>\t\t\t\t\t<\/div>\n\t\t\t\t\t\t<\/div>\n\t\t\t\t<\/div>\n\t\t\t\t\t\t<\/div>\n\t\t\t\t\t<\/div>\n\t\t<\/div>\n\t\t\t\t\t\t\t\t<\/div>\n\t\t\t\t\t<\/div>\n\t\t<\/section>\n\t\t\t\t<section class=\"elementor-section elementor-top-section elementor-element elementor-element-5d61cd1 elementor-section-boxed elementor-section-height-default elementor-section-height-default\" data-id=\"5d61cd1\" data-element_type=\"section\">\n\t\t\t\t\t\t<div class=\"elementor-container elementor-column-gap-default\">\n\t\t\t\t\t\t\t<div class=\"elementor-row\">\n\t\t\t\t\t<div class=\"elementor-column elementor-col-100 elementor-top-column elementor-element elementor-element-967426c\" data-id=\"967426c\" data-element_type=\"column\">\n\t\t\t<div class=\"elementor-column-wrap elementor-element-populated\">\n\t\t\t\t\t\t\t<div class=\"elementor-widget-wrap\">\n\t\t\t\t\t\t<div class=\"elementor-element elementor-element-3aeab5c elementor-widget elementor-widget-image\" data-id=\"3aeab5c\" data-element_type=\"widget\" data-widget_type=\"image.default\">\n\t\t\t\t<div class=\"elementor-widget-container\">\n\t\t\t\t\t\t\t\t<div class=\"elementor-image\">\n\t\t\t\t\t\t\t\t\t\t\t\t<img loading=\"lazy\" decoding=\"async\" width=\"1200\" height=\"536\" src=\"https:\/\/www.diocesisciudadrodrigo.org\/blog4\/wp-content\/uploads\/2025\/11\/WhatsApp-Image-2025-11-27-at-18.31.54-1.jpeg\" class=\"attachment-large size-large\" alt=\"\" srcset=\"https:\/\/www.diocesisciudadrodrigo.org\/blog4\/wp-content\/uploads\/2025\/11\/WhatsApp-Image-2025-11-27-at-18.31.54-1.jpeg 1600w, https:\/\/www.diocesisciudadrodrigo.org\/blog4\/wp-content\/uploads\/2025\/11\/WhatsApp-Image-2025-11-27-at-18.31.54-1-1000x447.jpeg 1000w, https:\/\/www.diocesisciudadrodrigo.org\/blog4\/wp-content\/uploads\/2025\/11\/WhatsApp-Image-2025-11-27-at-18.31.54-1-768x343.jpeg 768w, https:\/\/www.diocesisciudadrodrigo.org\/blog4\/wp-content\/uploads\/2025\/11\/WhatsApp-Image-2025-11-27-at-18.31.54-1-1536x686.jpeg 1536w, https:\/\/www.diocesisciudadrodrigo.org\/blog4\/wp-content\/uploads\/2025\/11\/WhatsApp-Image-2025-11-27-at-18.31.54-1-350x156.jpeg 350w\" sizes=\"auto, (max-width: 1200px) 100vw, 1200px\" \/>\t\t\t\t\t\t\t\t\t\t\t\t\t\t<\/div>\n\t\t\t\t\t\t<\/div>\n\t\t\t\t<\/div>\n\t\t\t\t\t\t<\/div>\n\t\t\t\t\t<\/div>\n\t\t<\/div>\n\t\t\t\t\t\t\t\t<\/div>\n\t\t\t\t\t<\/div>\n\t\t<\/section>\n\t\t\t\t<section class=\"elementor-section elementor-top-section elementor-element elementor-element-a475e47 elementor-section-boxed elementor-section-height-default elementor-section-height-default\" data-id=\"a475e47\" data-element_type=\"section\">\n\t\t\t\t\t\t<div class=\"elementor-container elementor-column-gap-default\">\n\t\t\t\t\t\t\t<div class=\"elementor-row\">\n\t\t\t\t\t<div class=\"elementor-column elementor-col-100 elementor-top-column elementor-element elementor-element-3faa108\" data-id=\"3faa108\" data-element_type=\"column\">\n\t\t\t<div class=\"elementor-column-wrap elementor-element-populated\">\n\t\t\t\t\t\t\t<div class=\"elementor-widget-wrap\">\n\t\t\t\t\t\t<div class=\"elementor-element elementor-element-be741fc elementor-widget elementor-widget-image\" data-id=\"be741fc\" data-element_type=\"widget\" data-widget_type=\"image.default\">\n\t\t\t\t<div class=\"elementor-widget-container\">\n\t\t\t\t\t\t\t\t<div class=\"elementor-image\">\n\t\t\t\t\t\t\t\t\t\t\t\t<img loading=\"lazy\" decoding=\"async\" width=\"756\" height=\"563\" src=\"https:\/\/www.diocesisciudadrodrigo.org\/blog4\/wp-content\/uploads\/2025\/11\/caritas-numeros-de-cuenta.jpg\" class=\"attachment-large size-large\" alt=\"\" srcset=\"https:\/\/www.diocesisciudadrodrigo.org\/blog4\/wp-content\/uploads\/2025\/11\/caritas-numeros-de-cuenta.jpg 756w, https:\/\/www.diocesisciudadrodrigo.org\/blog4\/wp-content\/uploads\/2025\/11\/caritas-numeros-de-cuenta-350x261.jpg 350w\" sizes=\"auto, (max-width: 756px) 100vw, 756px\" \/>\t\t\t\t\t\t\t\t\t\t\t\t\t\t<\/div>\n\t\t\t\t\t\t<\/div>\n\t\t\t\t<\/div>\n\t\t\t\t\t\t<\/div>\n\t\t\t\t\t<\/div>\n\t\t<\/div>\n\t\t\t\t\t\t\t\t<\/div>\n\t\t\t\t\t<\/div>\n\t\t<\/section>\n\t\t\t\t\t\t<\/div>\n\t\t\t\t\t\t<\/div>\n\t\t\t\t\t<\/div>\n\t\t","protected":false},"excerpt":{"rendered":"<p>C\u00e1ritas Diocesana de Ciudad Rodrigo lanza su campa\u00f1a de Navidad y alerta del aumento de la exclusi\u00f3n, seg\u00fan el \u00faltimo informe FOESSA en Castilla y Le\u00f3n DELEGACI\u00d3N DE MEDIOS C\u00e1ritas &#8230; <\/p>\n<p class=\"read-more-container\"><a title=\"\u201cTener una vida digna no puede ser cuesti\u00f3n de suerte\u201d\" class=\"read-more button\" href=\"https:\/\/www.diocesisciudadrodrigo.org\/blog4\/tener-una-vida-digna-no-puede-ser-cuestion-de-suerte\/#more-40832\" aria-label=\"M\u00e1s en \u201cTener una vida digna no puede ser cuesti\u00f3n de suerte\u201d\">Leer m\u00e1s &#8230;<\/a><\/p>\n","protected":false},"author":1,"featured_media":40853,"comment_status":"closed","ping_status":"closed","sticky":false,"template":"","format":"standard","meta":{"footnotes":""},"categories":[6],"tags":[],"class_list":["post-40832","post","type-post","status-publish","format-standard","has-post-thumbnail","hentry","category-noticias","masonry-post","generate-columns","tablet-grid-50","mobile-grid-100","grid-parent","grid-50"],"yoast_head":"<!-- This site is optimized with the Yoast SEO plugin v27.3 - https:\/\/yoast.com\/product\/yoast-seo-wordpress\/ -->\n<title>\u201cTener una vida digna no puede ser cuesti\u00f3n de suerte\u201d - Di\u00f3cesis de Ciudad Rodrigo<\/title>\n<meta name=\"robots\" content=\"index, follow, max-snippet:-1, max-image-preview:large, max-video-preview:-1\" \/>\n<link rel=\"canonical\" href=\"https:\/\/www.diocesisciudadrodrigo.org\/blog4\/tener-una-vida-digna-no-puede-ser-cuestion-de-suerte\/\" \/>\n<meta property=\"og:locale\" content=\"es_ES\" \/>\n<meta property=\"og:type\" content=\"article\" \/>\n<meta property=\"og:title\" content=\"\u201cTener una vida digna no puede ser cuesti\u00f3n de suerte\u201d - Di\u00f3cesis de Ciudad Rodrigo\" \/>\n<meta property=\"og:description\" content=\"C\u00e1ritas Diocesana de Ciudad Rodrigo lanza su campa\u00f1a de Navidad y alerta del aumento de la exclusi\u00f3n, seg\u00fan el \u00faltimo informe FOESSA en Castilla y Le\u00f3n DELEGACI\u00d3N DE MEDIOS C\u00e1ritas ... Leer m\u00e1s ...\" \/>\n<meta property=\"og:url\" content=\"https:\/\/www.diocesisciudadrodrigo.org\/blog4\/tener-una-vida-digna-no-puede-ser-cuestion-de-suerte\/\" \/>\n<meta property=\"og:site_name\" content=\"Di\u00f3cesis de Ciudad Rodrigo\" \/>\n<meta property=\"article:publisher\" content=\"https:\/\/www.facebook.com\/people\/Dicesis-Ciudad-Rodrigo-MCS\/100076471923419\/#\" \/>\n<meta property=\"article:published_time\" content=\"2025-11-27T17:39:17+00:00\" \/>\n<meta property=\"article:modified_time\" content=\"2025-11-28T08:06:13+00:00\" \/>\n<meta property=\"og:image\" content=\"https:\/\/www.diocesisciudadrodrigo.org\/blog4\/wp-content\/uploads\/2025\/11\/caritas-rp-campana-navidad_MG_2826-scaled.jpg\" \/>\n\t<meta property=\"og:image:width\" content=\"2560\" \/>\n\t<meta property=\"og:image:height\" content=\"1639\" \/>\n\t<meta property=\"og:image:type\" content=\"image\/jpeg\" \/>\n<meta name=\"author\" content=\"medios CR\" \/>\n<meta name=\"twitter:card\" content=\"summary_large_image\" \/>\n<meta name=\"twitter:label1\" content=\"Escrito por\" \/>\n\t<meta name=\"twitter:data1\" content=\"medios CR\" \/>\n\t<meta name=\"twitter:label2\" content=\"Tiempo de lectura\" \/>\n\t<meta name=\"twitter:data2\" content=\"7 minutos\" \/>\n<script type=\"application\/ld+json\" class=\"yoast-schema-graph\">{\"@context\":\"https:\\\/\\\/schema.org\",\"@graph\":[{\"@type\":\"Article\",\"@id\":\"https:\\\/\\\/www.diocesisciudadrodrigo.org\\\/blog4\\\/tener-una-vida-digna-no-puede-ser-cuestion-de-suerte\\\/#article\",\"isPartOf\":{\"@id\":\"https:\\\/\\\/www.diocesisciudadrodrigo.org\\\/blog4\\\/tener-una-vida-digna-no-puede-ser-cuestion-de-suerte\\\/\"},\"author\":{\"name\":\"medios CR\",\"@id\":\"https:\\\/\\\/www.diocesisciudadrodrigo.org\\\/blog4\\\/#\\\/schema\\\/person\\\/5fcf0ca636a75766ff70e6417b6ed052\"},\"headline\":\"\u201cTener una vida digna no puede ser cuesti\u00f3n de suerte\u201d\",\"datePublished\":\"2025-11-27T17:39:17+00:00\",\"dateModified\":\"2025-11-28T08:06:13+00:00\",\"mainEntityOfPage\":{\"@id\":\"https:\\\/\\\/www.diocesisciudadrodrigo.org\\\/blog4\\\/tener-una-vida-digna-no-puede-ser-cuestion-de-suerte\\\/\"},\"wordCount\":1335,\"publisher\":{\"@id\":\"https:\\\/\\\/www.diocesisciudadrodrigo.org\\\/blog4\\\/#organization\"},\"image\":{\"@id\":\"https:\\\/\\\/www.diocesisciudadrodrigo.org\\\/blog4\\\/tener-una-vida-digna-no-puede-ser-cuestion-de-suerte\\\/#primaryimage\"},\"thumbnailUrl\":\"https:\\\/\\\/www.diocesisciudadrodrigo.org\\\/blog4\\\/wp-content\\\/uploads\\\/2025\\\/11\\\/caritas-rp-campana-navidad_MG_2826-scaled.jpg\",\"articleSection\":[\"Noticias\"],\"inLanguage\":\"es\"},{\"@type\":\"WebPage\",\"@id\":\"https:\\\/\\\/www.diocesisciudadrodrigo.org\\\/blog4\\\/tener-una-vida-digna-no-puede-ser-cuestion-de-suerte\\\/\",\"url\":\"https:\\\/\\\/www.diocesisciudadrodrigo.org\\\/blog4\\\/tener-una-vida-digna-no-puede-ser-cuestion-de-suerte\\\/\",\"name\":\"\u201cTener una vida digna no puede ser cuesti\u00f3n de suerte\u201d - Di\u00f3cesis de Ciudad Rodrigo\",\"isPartOf\":{\"@id\":\"https:\\\/\\\/www.diocesisciudadrodrigo.org\\\/blog4\\\/#website\"},\"primaryImageOfPage\":{\"@id\":\"https:\\\/\\\/www.diocesisciudadrodrigo.org\\\/blog4\\\/tener-una-vida-digna-no-puede-ser-cuestion-de-suerte\\\/#primaryimage\"},\"image\":{\"@id\":\"https:\\\/\\\/www.diocesisciudadrodrigo.org\\\/blog4\\\/tener-una-vida-digna-no-puede-ser-cuestion-de-suerte\\\/#primaryimage\"},\"thumbnailUrl\":\"https:\\\/\\\/www.diocesisciudadrodrigo.org\\\/blog4\\\/wp-content\\\/uploads\\\/2025\\\/11\\\/caritas-rp-campana-navidad_MG_2826-scaled.jpg\",\"datePublished\":\"2025-11-27T17:39:17+00:00\",\"dateModified\":\"2025-11-28T08:06:13+00:00\",\"breadcrumb\":{\"@id\":\"https:\\\/\\\/www.diocesisciudadrodrigo.org\\\/blog4\\\/tener-una-vida-digna-no-puede-ser-cuestion-de-suerte\\\/#breadcrumb\"},\"inLanguage\":\"es\",\"potentialAction\":[{\"@type\":\"ReadAction\",\"target\":[\"https:\\\/\\\/www.diocesisciudadrodrigo.org\\\/blog4\\\/tener-una-vida-digna-no-puede-ser-cuestion-de-suerte\\\/\"]}]},{\"@type\":\"ImageObject\",\"inLanguage\":\"es\",\"@id\":\"https:\\\/\\\/www.diocesisciudadrodrigo.org\\\/blog4\\\/tener-una-vida-digna-no-puede-ser-cuestion-de-suerte\\\/#primaryimage\",\"url\":\"https:\\\/\\\/www.diocesisciudadrodrigo.org\\\/blog4\\\/wp-content\\\/uploads\\\/2025\\\/11\\\/caritas-rp-campana-navidad_MG_2826-scaled.jpg\",\"contentUrl\":\"https:\\\/\\\/www.diocesisciudadrodrigo.org\\\/blog4\\\/wp-content\\\/uploads\\\/2025\\\/11\\\/caritas-rp-campana-navidad_MG_2826-scaled.jpg\",\"width\":2560,\"height\":1639},{\"@type\":\"BreadcrumbList\",\"@id\":\"https:\\\/\\\/www.diocesisciudadrodrigo.org\\\/blog4\\\/tener-una-vida-digna-no-puede-ser-cuestion-de-suerte\\\/#breadcrumb\",\"itemListElement\":[{\"@type\":\"ListItem\",\"position\":1,\"name\":\"Portada\",\"item\":\"https:\\\/\\\/www.diocesisciudadrodrigo.org\\\/blog4\\\/\"},{\"@type\":\"ListItem\",\"position\":2,\"name\":\"\u201cTener una vida digna no puede ser cuesti\u00f3n de suerte\u201d\"}]},{\"@type\":\"WebSite\",\"@id\":\"https:\\\/\\\/www.diocesisciudadrodrigo.org\\\/blog4\\\/#website\",\"url\":\"https:\\\/\\\/www.diocesisciudadrodrigo.org\\\/blog4\\\/\",\"name\":\"Di\u00f3cesis de Ciudad Rodrigo\",\"description\":\"Sitio web oficial de la di\u00f3cesis civitatense\",\"publisher\":{\"@id\":\"https:\\\/\\\/www.diocesisciudadrodrigo.org\\\/blog4\\\/#organization\"},\"potentialAction\":[{\"@type\":\"SearchAction\",\"target\":{\"@type\":\"EntryPoint\",\"urlTemplate\":\"https:\\\/\\\/www.diocesisciudadrodrigo.org\\\/blog4\\\/?s={search_term_string}\"},\"query-input\":{\"@type\":\"PropertyValueSpecification\",\"valueRequired\":true,\"valueName\":\"search_term_string\"}}],\"inLanguage\":\"es\"},{\"@type\":\"Organization\",\"@id\":\"https:\\\/\\\/www.diocesisciudadrodrigo.org\\\/blog4\\\/#organization\",\"name\":\"Di\u00f3cesis de Ciudad Rodrigo\",\"url\":\"https:\\\/\\\/www.diocesisciudadrodrigo.org\\\/blog4\\\/\",\"logo\":{\"@type\":\"ImageObject\",\"inLanguage\":\"es\",\"@id\":\"https:\\\/\\\/www.diocesisciudadrodrigo.org\\\/blog4\\\/#\\\/schema\\\/logo\\\/image\\\/\",\"url\":\"https:\\\/\\\/www.diocesisciudadrodrigo.org\\\/blog4\\\/wp-content\\\/uploads\\\/2024\\\/12\\\/Diocesis.CMYK_-768x480-1.jpg\",\"contentUrl\":\"https:\\\/\\\/www.diocesisciudadrodrigo.org\\\/blog4\\\/wp-content\\\/uploads\\\/2024\\\/12\\\/Diocesis.CMYK_-768x480-1.jpg\",\"width\":768,\"height\":480,\"caption\":\"Di\u00f3cesis de Ciudad Rodrigo\"},\"image\":{\"@id\":\"https:\\\/\\\/www.diocesisciudadrodrigo.org\\\/blog4\\\/#\\\/schema\\\/logo\\\/image\\\/\"},\"sameAs\":[\"https:\\\/\\\/www.facebook.com\\\/people\\\/Dicesis-Ciudad-Rodrigo-MCS\\\/100076471923419\\\/#\"]},{\"@type\":\"Person\",\"@id\":\"https:\\\/\\\/www.diocesisciudadrodrigo.org\\\/blog4\\\/#\\\/schema\\\/person\\\/5fcf0ca636a75766ff70e6417b6ed052\",\"name\":\"medios CR\",\"image\":{\"@type\":\"ImageObject\",\"inLanguage\":\"es\",\"@id\":\"https:\\\/\\\/secure.gravatar.com\\\/avatar\\\/4a619fd0c7e36bd570f4e6e15eb09a2191185d0f63d8dbfdffe848af141ab87e?s=96&d=mm&r=g\",\"url\":\"https:\\\/\\\/secure.gravatar.com\\\/avatar\\\/4a619fd0c7e36bd570f4e6e15eb09a2191185d0f63d8dbfdffe848af141ab87e?s=96&d=mm&r=g\",\"contentUrl\":\"https:\\\/\\\/secure.gravatar.com\\\/avatar\\\/4a619fd0c7e36bd570f4e6e15eb09a2191185d0f63d8dbfdffe848af141ab87e?s=96&d=mm&r=g\",\"caption\":\"medios CR\"},\"url\":\"https:\\\/\\\/www.diocesisciudadrodrigo.org\\\/blog4\\\/author\\\/admin4\\\/\"}]}<\/script>\n<!-- \/ Yoast SEO plugin. -->","yoast_head_json":{"title":"\u201cTener una vida digna no puede ser cuesti\u00f3n de suerte\u201d - Di\u00f3cesis de Ciudad Rodrigo","robots":{"index":"index","follow":"follow","max-snippet":"max-snippet:-1","max-image-preview":"max-image-preview:large","max-video-preview":"max-video-preview:-1"},"canonical":"https:\/\/www.diocesisciudadrodrigo.org\/blog4\/tener-una-vida-digna-no-puede-ser-cuestion-de-suerte\/","og_locale":"es_ES","og_type":"article","og_title":"\u201cTener una vida digna no puede ser cuesti\u00f3n de suerte\u201d - Di\u00f3cesis de Ciudad Rodrigo","og_description":"C\u00e1ritas Diocesana de Ciudad Rodrigo lanza su campa\u00f1a de Navidad y alerta del aumento de la exclusi\u00f3n, seg\u00fan el \u00faltimo informe FOESSA en Castilla y Le\u00f3n DELEGACI\u00d3N DE MEDIOS C\u00e1ritas ... Leer m\u00e1s ...","og_url":"https:\/\/www.diocesisciudadrodrigo.org\/blog4\/tener-una-vida-digna-no-puede-ser-cuestion-de-suerte\/","og_site_name":"Di\u00f3cesis de Ciudad Rodrigo","article_publisher":"https:\/\/www.facebook.com\/people\/Dicesis-Ciudad-Rodrigo-MCS\/100076471923419\/#","article_published_time":"2025-11-27T17:39:17+00:00","article_modified_time":"2025-11-28T08:06:13+00:00","og_image":[{"width":2560,"height":1639,"url":"https:\/\/www.diocesisciudadrodrigo.org\/blog4\/wp-content\/uploads\/2025\/11\/caritas-rp-campana-navidad_MG_2826-scaled.jpg","type":"image\/jpeg"}],"author":"medios CR","twitter_card":"summary_large_image","twitter_misc":{"Escrito por":"medios CR","Tiempo de lectura":"7 minutos"},"schema":{"@context":"https:\/\/schema.org","@graph":[{"@type":"Article","@id":"https:\/\/www.diocesisciudadrodrigo.org\/blog4\/tener-una-vida-digna-no-puede-ser-cuestion-de-suerte\/#article","isPartOf":{"@id":"https:\/\/www.diocesisciudadrodrigo.org\/blog4\/tener-una-vida-digna-no-puede-ser-cuestion-de-suerte\/"},"author":{"name":"medios CR","@id":"https:\/\/www.diocesisciudadrodrigo.org\/blog4\/#\/schema\/person\/5fcf0ca636a75766ff70e6417b6ed052"},"headline":"\u201cTener una vida digna no puede ser cuesti\u00f3n de suerte\u201d","datePublished":"2025-11-27T17:39:17+00:00","dateModified":"2025-11-28T08:06:13+00:00","mainEntityOfPage":{"@id":"https:\/\/www.diocesisciudadrodrigo.org\/blog4\/tener-una-vida-digna-no-puede-ser-cuestion-de-suerte\/"},"wordCount":1335,"publisher":{"@id":"https:\/\/www.diocesisciudadrodrigo.org\/blog4\/#organization"},"image":{"@id":"https:\/\/www.diocesisciudadrodrigo.org\/blog4\/tener-una-vida-digna-no-puede-ser-cuestion-de-suerte\/#primaryimage"},"thumbnailUrl":"https:\/\/www.diocesisciudadrodrigo.org\/blog4\/wp-content\/uploads\/2025\/11\/caritas-rp-campana-navidad_MG_2826-scaled.jpg","articleSection":["Noticias"],"inLanguage":"es"},{"@type":"WebPage","@id":"https:\/\/www.diocesisciudadrodrigo.org\/blog4\/tener-una-vida-digna-no-puede-ser-cuestion-de-suerte\/","url":"https:\/\/www.diocesisciudadrodrigo.org\/blog4\/tener-una-vida-digna-no-puede-ser-cuestion-de-suerte\/","name":"\u201cTener una vida digna no puede ser cuesti\u00f3n de suerte\u201d - Di\u00f3cesis de Ciudad Rodrigo","isPartOf":{"@id":"https:\/\/www.diocesisciudadrodrigo.org\/blog4\/#website"},"primaryImageOfPage":{"@id":"https:\/\/www.diocesisciudadrodrigo.org\/blog4\/tener-una-vida-digna-no-puede-ser-cuestion-de-suerte\/#primaryimage"},"image":{"@id":"https:\/\/www.diocesisciudadrodrigo.org\/blog4\/tener-una-vida-digna-no-puede-ser-cuestion-de-suerte\/#primaryimage"},"thumbnailUrl":"https:\/\/www.diocesisciudadrodrigo.org\/blog4\/wp-content\/uploads\/2025\/11\/caritas-rp-campana-navidad_MG_2826-scaled.jpg","datePublished":"2025-11-27T17:39:17+00:00","dateModified":"2025-11-28T08:06:13+00:00","breadcrumb":{"@id":"https:\/\/www.diocesisciudadrodrigo.org\/blog4\/tener-una-vida-digna-no-puede-ser-cuestion-de-suerte\/#breadcrumb"},"inLanguage":"es","potentialAction":[{"@type":"ReadAction","target":["https:\/\/www.diocesisciudadrodrigo.org\/blog4\/tener-una-vida-digna-no-puede-ser-cuestion-de-suerte\/"]}]},{"@type":"ImageObject","inLanguage":"es","@id":"https:\/\/www.diocesisciudadrodrigo.org\/blog4\/tener-una-vida-digna-no-puede-ser-cuestion-de-suerte\/#primaryimage","url":"https:\/\/www.diocesisciudadrodrigo.org\/blog4\/wp-content\/uploads\/2025\/11\/caritas-rp-campana-navidad_MG_2826-scaled.jpg","contentUrl":"https:\/\/www.diocesisciudadrodrigo.org\/blog4\/wp-content\/uploads\/2025\/11\/caritas-rp-campana-navidad_MG_2826-scaled.jpg","width":2560,"height":1639},{"@type":"BreadcrumbList","@id":"https:\/\/www.diocesisciudadrodrigo.org\/blog4\/tener-una-vida-digna-no-puede-ser-cuestion-de-suerte\/#breadcrumb","itemListElement":[{"@type":"ListItem","position":1,"name":"Portada","item":"https:\/\/www.diocesisciudadrodrigo.org\/blog4\/"},{"@type":"ListItem","position":2,"name":"\u201cTener una vida digna no puede ser cuesti\u00f3n de suerte\u201d"}]},{"@type":"WebSite","@id":"https:\/\/www.diocesisciudadrodrigo.org\/blog4\/#website","url":"https:\/\/www.diocesisciudadrodrigo.org\/blog4\/","name":"Di\u00f3cesis de Ciudad Rodrigo","description":"Sitio web oficial de la di\u00f3cesis civitatense","publisher":{"@id":"https:\/\/www.diocesisciudadrodrigo.org\/blog4\/#organization"},"potentialAction":[{"@type":"SearchAction","target":{"@type":"EntryPoint","urlTemplate":"https:\/\/www.diocesisciudadrodrigo.org\/blog4\/?s={search_term_string}"},"query-input":{"@type":"PropertyValueSpecification","valueRequired":true,"valueName":"search_term_string"}}],"inLanguage":"es"},{"@type":"Organization","@id":"https:\/\/www.diocesisciudadrodrigo.org\/blog4\/#organization","name":"Di\u00f3cesis de Ciudad Rodrigo","url":"https:\/\/www.diocesisciudadrodrigo.org\/blog4\/","logo":{"@type":"ImageObject","inLanguage":"es","@id":"https:\/\/www.diocesisciudadrodrigo.org\/blog4\/#\/schema\/logo\/image\/","url":"https:\/\/www.diocesisciudadrodrigo.org\/blog4\/wp-content\/uploads\/2024\/12\/Diocesis.CMYK_-768x480-1.jpg","contentUrl":"https:\/\/www.diocesisciudadrodrigo.org\/blog4\/wp-content\/uploads\/2024\/12\/Diocesis.CMYK_-768x480-1.jpg","width":768,"height":480,"caption":"Di\u00f3cesis de Ciudad Rodrigo"},"image":{"@id":"https:\/\/www.diocesisciudadrodrigo.org\/blog4\/#\/schema\/logo\/image\/"},"sameAs":["https:\/\/www.facebook.com\/people\/Dicesis-Ciudad-Rodrigo-MCS\/100076471923419\/#"]},{"@type":"Person","@id":"https:\/\/www.diocesisciudadrodrigo.org\/blog4\/#\/schema\/person\/5fcf0ca636a75766ff70e6417b6ed052","name":"medios CR","image":{"@type":"ImageObject","inLanguage":"es","@id":"https:\/\/secure.gravatar.com\/avatar\/4a619fd0c7e36bd570f4e6e15eb09a2191185d0f63d8dbfdffe848af141ab87e?s=96&d=mm&r=g","url":"https:\/\/secure.gravatar.com\/avatar\/4a619fd0c7e36bd570f4e6e15eb09a2191185d0f63d8dbfdffe848af141ab87e?s=96&d=mm&r=g","contentUrl":"https:\/\/secure.gravatar.com\/avatar\/4a619fd0c7e36bd570f4e6e15eb09a2191185d0f63d8dbfdffe848af141ab87e?s=96&d=mm&r=g","caption":"medios CR"},"url":"https:\/\/www.diocesisciudadrodrigo.org\/blog4\/author\/admin4\/"}]}},"_links":{"self":[{"href":"https:\/\/www.diocesisciudadrodrigo.org\/blog4\/wp-json\/wp\/v2\/posts\/40832","targetHints":{"allow":["GET"]}}],"collection":[{"href":"https:\/\/www.diocesisciudadrodrigo.org\/blog4\/wp-json\/wp\/v2\/posts"}],"about":[{"href":"https:\/\/www.diocesisciudadrodrigo.org\/blog4\/wp-json\/wp\/v2\/types\/post"}],"author":[{"embeddable":true,"href":"https:\/\/www.diocesisciudadrodrigo.org\/blog4\/wp-json\/wp\/v2\/users\/1"}],"replies":[{"embeddable":true,"href":"https:\/\/www.diocesisciudadrodrigo.org\/blog4\/wp-json\/wp\/v2\/comments?post=40832"}],"version-history":[{"count":24,"href":"https:\/\/www.diocesisciudadrodrigo.org\/blog4\/wp-json\/wp\/v2\/posts\/40832\/revisions"}],"predecessor-version":[{"id":40871,"href":"https:\/\/www.diocesisciudadrodrigo.org\/blog4\/wp-json\/wp\/v2\/posts\/40832\/revisions\/40871"}],"wp:featuredmedia":[{"embeddable":true,"href":"https:\/\/www.diocesisciudadrodrigo.org\/blog4\/wp-json\/wp\/v2\/media\/40853"}],"wp:attachment":[{"href":"https:\/\/www.diocesisciudadrodrigo.org\/blog4\/wp-json\/wp\/v2\/media?parent=40832"}],"wp:term":[{"taxonomy":"category","embeddable":true,"href":"https:\/\/www.diocesisciudadrodrigo.org\/blog4\/wp-json\/wp\/v2\/categories?post=40832"},{"taxonomy":"post_tag","embeddable":true,"href":"https:\/\/www.diocesisciudadrodrigo.org\/blog4\/wp-json\/wp\/v2\/tags?post=40832"}],"curies":[{"name":"wp","href":"https:\/\/api.w.org\/{rel}","templated":true}]}}