{"id":40777,"date":"2025-11-24T19:00:59","date_gmt":"2025-11-24T18:00:59","guid":{"rendered":"https:\/\/www.diocesisciudadrodrigo.org\/blog4\/?p=40777"},"modified":"2025-11-25T00:37:24","modified_gmt":"2025-11-24T23:37:24","slug":"el-informe-foessa-revela-que-352-000-personas-permanecen-en-exclusion-social-en-castilla-y-leon","status":"publish","type":"post","link":"https:\/\/www.diocesisciudadrodrigo.org\/blog4\/el-informe-foessa-revela-que-352-000-personas-permanecen-en-exclusion-social-en-castilla-y-leon\/","title":{"rendered":"El Informe FOESSA revela que 352.000 personas permanecen en exclusi\u00f3n social en Castilla y Le\u00f3n"},"content":{"rendered":"\t\t<div data-elementor-type=\"wp-post\" data-elementor-id=\"40777\" class=\"elementor elementor-40777\" data-elementor-settings=\"[]\">\n\t\t\t\t\t\t<div class=\"elementor-inner\">\n\t\t\t\t\t\t\t<div class=\"elementor-section-wrap\">\n\t\t\t\t\t\t\t<section class=\"elementor-section elementor-top-section elementor-element elementor-element-46bc49d elementor-section-boxed elementor-section-height-default elementor-section-height-default\" data-id=\"46bc49d\" data-element_type=\"section\">\n\t\t\t\t\t\t<div class=\"elementor-container elementor-column-gap-default\">\n\t\t\t\t\t\t\t<div class=\"elementor-row\">\n\t\t\t\t\t<div class=\"elementor-column elementor-col-100 elementor-top-column elementor-element elementor-element-3c729c4\" data-id=\"3c729c4\" data-element_type=\"column\">\n\t\t\t<div class=\"elementor-column-wrap elementor-element-populated\">\n\t\t\t\t\t\t\t<div class=\"elementor-widget-wrap\">\n\t\t\t\t\t\t<div class=\"elementor-element elementor-element-a92ee10 elementor-widget elementor-widget-text-editor\" data-id=\"a92ee10\" data-element_type=\"widget\" data-widget_type=\"text-editor.default\">\n\t\t\t\t<div class=\"elementor-widget-container\">\n\t\t\t\t\t\t\t\t<div class=\"elementor-text-editor elementor-clearfix\">\n\t\t\t\t<h3><strong><em>La vivienda, la salud y la falta de oportunidades para los j\u00f3venes se consolidan como los principales factores de fragilidad social en la comunidad aut\u00f3noma<\/em><\/strong><\/h3><p><strong>DELEGACI\u00d3N DE MEDIOS<\/strong><\/p><p>Castilla y Le\u00f3n mantiene en 2024 unos niveles de integraci\u00f3n social inferiores a los registrados antes de la pandemia. As\u00ed lo confirma el <strong>Informe sobre Exclusi\u00f3n y Desarrollo Social en Castilla y Le\u00f3n<\/strong>, presentado este lunes, 24 de noviembre, en Valladolid en el Consejo Econ\u00f3mico y Social de Castilla y Le\u00f3n (CESCYL) por <strong>C\u00e1ritas Auton\u00f3mica<\/strong> y<strong> la Fundaci\u00f3n FOESSA<\/strong>. El estudio revela que <strong>352.000 personas<\/strong>, el 14,8% de la poblaci\u00f3n, contin\u00faan <strong>en situaci\u00f3n de exclusi\u00f3n social<\/strong>, mientras que la integraci\u00f3n plena apenas alcanza al 55,2%, lejos del 58,9% registrado en 2018.<\/p><p>En la presentaci\u00f3n han intervenido el presidente del CESCYL, <strong>Enrique Cabero<\/strong>; el presidente de C\u00e1ritas Auton\u00f3mica, <strong>Guenther E. Boelhoff<\/strong>; y <strong>Pedro Fuentes<\/strong>, miembro del Comit\u00e9 T\u00e9cnico de FOESSA. Tras la rueda de prensa, tuvo lugar una jornada de an\u00e1lisis en la que tambi\u00e9n participaron el arzobispo de Valladolid,<strong> Mons. Luis Arg\u00fcello<\/strong>, y el catedr\u00e1tico de Econom\u00eda Aplicada <strong>\u00d3scar Carpintero<\/strong>.<\/p><h3><em>Una recuperaci\u00f3n m\u00e1s lenta que en el conjunto del pa\u00eds<\/em><\/h3><p><a href=\"https:\/\/www.diocesisciudadrodrigo.org\/blog4\/wp-content\/uploads\/2025\/11\/foessa-presentacion-cyl-2025-3.jpeg\"><img loading=\"lazy\" decoding=\"async\" class=\"alignleft wp-image-40780\" src=\"https:\/\/www.diocesisciudadrodrigo.org\/blog4\/wp-content\/uploads\/2025\/11\/foessa-presentacion-cyl-2025-3-1000x750.jpeg\" alt=\"\" width=\"291\" height=\"218\" srcset=\"https:\/\/www.diocesisciudadrodrigo.org\/blog4\/wp-content\/uploads\/2025\/11\/foessa-presentacion-cyl-2025-3-1000x750.jpeg 1000w, https:\/\/www.diocesisciudadrodrigo.org\/blog4\/wp-content\/uploads\/2025\/11\/foessa-presentacion-cyl-2025-3-768x576.jpeg 768w, https:\/\/www.diocesisciudadrodrigo.org\/blog4\/wp-content\/uploads\/2025\/11\/foessa-presentacion-cyl-2025-3-1536x1152.jpeg 1536w, https:\/\/www.diocesisciudadrodrigo.org\/blog4\/wp-content\/uploads\/2025\/11\/foessa-presentacion-cyl-2025-3-350x263.jpeg 350w, https:\/\/www.diocesisciudadrodrigo.org\/blog4\/wp-content\/uploads\/2025\/11\/foessa-presentacion-cyl-2025-3.jpeg 1600w\" sizes=\"auto, (max-width: 291px) 100vw, 291px\" \/><\/a>El informe sit\u00faa a Castilla y Le\u00f3n en una posici\u00f3n globalmente m\u00e1s favorable que el conjunto de Espa\u00f1a \u2014con un 85,1% de poblaci\u00f3n integrada frente al 80,7% estatal\u2014, pero advierte de que la <strong>recuperaci\u00f3n social est\u00e1 siendo m\u00e1s limitada<\/strong>. Entre 2021 y 2024, la exclusi\u00f3n social solo retrocede 3,2 puntos en la comunidad, frente a los 4,1 puntos de mejora registrados a nivel estatal.<br \/>Aunque la exclusi\u00f3n severa desciende de forma similar en ambos territorios (3,9 puntos), la exclusi\u00f3n moderada apenas experimenta cambios y sigue afectando a un amplio sector de la poblaci\u00f3n.<\/p><h3><em>La vivienda, principal foco de exclusi\u00f3n<\/em><\/h3><p>La vivienda contin\u00faa siendo la dimensi\u00f3n m\u00e1s cr\u00edtica: <strong>uno de cada cinco hogares (20,1%) sufre alg\u00fan tipo de exclusi\u00f3n residencial.<\/strong> Los gastos excesivos de vivienda afectan ya al 18,4% de la poblaci\u00f3n y han experimentado un incremento de 10 puntos desde 2018. El informe atribuye esta tendencia al notable encarecimiento del mercado residencial, cuyo precio ha aumentado un 31,5% en los \u00faltimos seis a\u00f1os, tensionando especialmente a los hogares con menos recursos.<\/p><p>A este deterioro se suman problemas como la tenencia precaria o las condiciones inadecuadas de habitabilidad, aunque con menor prevalencia.<\/p><h3><em>Los j\u00f3venes, el colectivo m\u00e1s afectado<\/em><\/h3><p>La juventud emerge como uno de los grupos m\u00e1s vulnerables:<strong> el 24,6% de las personas de entre 18 y 29 a\u00f1os se encuentra en situaci\u00f3n de exclusi\u00f3n social<\/strong>, una tasa muy superior a la media general. El informe identifica tres factores clave en esta realidad: el acceso irregular al mercado laboral, salarios insuficientes para cubrir los gastos b\u00e1sicos y la imposibilidad de acceder a una vivienda en condiciones asequibles.<\/p><h3><em>Dificultades crecientes en el acceso a la salud<\/em><\/h3><p>Otro de los aspectos que <strong>se agrava es el acceso a tratamientos y productos sanitarios<\/strong>. <strong>M\u00e1s de 260.000 personas afirman haber tenido que renunciar a medicamentos, pr\u00f3tesis o dietas prescritas por motivos econ\u00f3micos<\/strong>, lo que afecta directamente a su bienestar y profundiza su vulnerabilidad social.<\/p><p>En total, el <strong>11,2% de la poblaci\u00f3n presenta dificultades econ\u00f3micas<\/strong> <strong>para cubrir necesidades b\u00e1sicas de salud,<\/strong> 3,5 puntos m\u00e1s que en 2018.<\/p><p>Este informe forma parte de los 22 estudios territoriales elaborados por FOESSA dentro del proceso de investigaci\u00f3n del IX Informe sobre Exclusi\u00f3n y Desarrollo Social en Espa\u00f1a. Sus datos, basados en la encuesta EINSFOESSA 2024 realizada a m\u00e1s de 12.000 hogares en todo el pa\u00eds, ofrecen <strong>una imagen precisa y comparable de la evoluci\u00f3n social reciente en Castilla y Le\u00f3n <\/strong>y sirve para<strong> orientar las pol\u00edticas p\u00fablicas y la acci\u00f3n social<\/strong> de entidades como C\u00e1ritas.<\/p>\t\t\t\t\t<\/div>\n\t\t\t\t\t\t<\/div>\n\t\t\t\t<\/div>\n\t\t\t\t\t\t<\/div>\n\t\t\t\t\t<\/div>\n\t\t<\/div>\n\t\t\t\t\t\t\t\t<\/div>\n\t\t\t\t\t<\/div>\n\t\t<\/section>\n\t\t\t\t<section class=\"elementor-section elementor-top-section elementor-element elementor-element-35dae3b elementor-section-boxed elementor-section-height-default elementor-section-height-default\" data-id=\"35dae3b\" data-element_type=\"section\">\n\t\t\t\t\t\t<div class=\"elementor-container elementor-column-gap-default\">\n\t\t\t\t\t\t\t<div class=\"elementor-row\">\n\t\t\t\t\t<div class=\"elementor-column elementor-col-50 elementor-top-column elementor-element elementor-element-180c7d1\" data-id=\"180c7d1\" data-element_type=\"column\">\n\t\t\t<div class=\"elementor-column-wrap elementor-element-populated\">\n\t\t\t\t\t\t\t<div class=\"elementor-widget-wrap\">\n\t\t\t\t\t\t<div class=\"elementor-element elementor-element-4dad28c elementor-widget elementor-widget-image\" data-id=\"4dad28c\" data-element_type=\"widget\" data-widget_type=\"image.default\">\n\t\t\t\t<div class=\"elementor-widget-container\">\n\t\t\t\t\t\t\t\t<div class=\"elementor-image\">\n\t\t\t\t\t\t\t\t\t\t\t\t<img loading=\"lazy\" decoding=\"async\" width=\"1200\" height=\"900\" src=\"https:\/\/www.diocesisciudadrodrigo.org\/blog4\/wp-content\/uploads\/2025\/11\/foessa-presentacion-cyl-2025-2.jpeg\" class=\"attachment-large size-large\" alt=\"\" srcset=\"https:\/\/www.diocesisciudadrodrigo.org\/blog4\/wp-content\/uploads\/2025\/11\/foessa-presentacion-cyl-2025-2.jpeg 1600w, https:\/\/www.diocesisciudadrodrigo.org\/blog4\/wp-content\/uploads\/2025\/11\/foessa-presentacion-cyl-2025-2-1000x750.jpeg 1000w, https:\/\/www.diocesisciudadrodrigo.org\/blog4\/wp-content\/uploads\/2025\/11\/foessa-presentacion-cyl-2025-2-768x576.jpeg 768w, https:\/\/www.diocesisciudadrodrigo.org\/blog4\/wp-content\/uploads\/2025\/11\/foessa-presentacion-cyl-2025-2-1536x1152.jpeg 1536w, https:\/\/www.diocesisciudadrodrigo.org\/blog4\/wp-content\/uploads\/2025\/11\/foessa-presentacion-cyl-2025-2-350x263.jpeg 350w\" sizes=\"auto, (max-width: 1200px) 100vw, 1200px\" \/>\t\t\t\t\t\t\t\t\t\t\t\t\t\t<\/div>\n\t\t\t\t\t\t<\/div>\n\t\t\t\t<\/div>\n\t\t\t\t\t\t<\/div>\n\t\t\t\t\t<\/div>\n\t\t<\/div>\n\t\t\t\t<div class=\"elementor-column elementor-col-50 elementor-top-column elementor-element elementor-element-385e1a0\" data-id=\"385e1a0\" data-element_type=\"column\">\n\t\t\t<div class=\"elementor-column-wrap elementor-element-populated\">\n\t\t\t\t\t\t\t<div class=\"elementor-widget-wrap\">\n\t\t\t\t\t\t<div class=\"elementor-element elementor-element-c22e618 elementor-widget elementor-widget-image\" data-id=\"c22e618\" data-element_type=\"widget\" data-widget_type=\"image.default\">\n\t\t\t\t<div class=\"elementor-widget-container\">\n\t\t\t\t\t\t\t\t<div class=\"elementor-image\">\n\t\t\t\t\t\t\t\t\t\t\t\t<img loading=\"lazy\" decoding=\"async\" width=\"1200\" height=\"1600\" src=\"https:\/\/www.diocesisciudadrodrigo.org\/blog4\/wp-content\/uploads\/2025\/11\/Foto_FOESSA_rdp.jpeg\" class=\"attachment-large size-large\" alt=\"\" srcset=\"https:\/\/www.diocesisciudadrodrigo.org\/blog4\/wp-content\/uploads\/2025\/11\/Foto_FOESSA_rdp.jpeg 1200w, https:\/\/www.diocesisciudadrodrigo.org\/blog4\/wp-content\/uploads\/2025\/11\/Foto_FOESSA_rdp-750x1000.jpeg 750w, https:\/\/www.diocesisciudadrodrigo.org\/blog4\/wp-content\/uploads\/2025\/11\/Foto_FOESSA_rdp-768x1024.jpeg 768w, https:\/\/www.diocesisciudadrodrigo.org\/blog4\/wp-content\/uploads\/2025\/11\/Foto_FOESSA_rdp-1152x1536.jpeg 1152w, https:\/\/www.diocesisciudadrodrigo.org\/blog4\/wp-content\/uploads\/2025\/11\/Foto_FOESSA_rdp-350x467.jpeg 350w\" sizes=\"auto, (max-width: 1200px) 100vw, 1200px\" \/>\t\t\t\t\t\t\t\t\t\t\t\t\t\t<\/div>\n\t\t\t\t\t\t<\/div>\n\t\t\t\t<\/div>\n\t\t\t\t\t\t<\/div>\n\t\t\t\t\t<\/div>\n\t\t<\/div>\n\t\t\t\t\t\t\t\t<\/div>\n\t\t\t\t\t<\/div>\n\t\t<\/section>\n\t\t\t\t\t\t<\/div>\n\t\t\t\t\t\t<\/div>\n\t\t\t\t\t<\/div>\n\t\t","protected":false},"excerpt":{"rendered":"<p>La vivienda, la salud y la falta de oportunidades para los j\u00f3venes se consolidan como los principales factores de fragilidad social en la comunidad aut\u00f3noma DELEGACI\u00d3N DE MEDIOS Castilla y &#8230; <\/p>\n<p class=\"read-more-container\"><a title=\"El Informe FOESSA revela que 352.000 personas permanecen en exclusi\u00f3n social en Castilla y Le\u00f3n\" class=\"read-more button\" href=\"https:\/\/www.diocesisciudadrodrigo.org\/blog4\/el-informe-foessa-revela-que-352-000-personas-permanecen-en-exclusion-social-en-castilla-y-leon\/#more-40777\" aria-label=\"M\u00e1s en El Informe FOESSA revela que 352.000 personas permanecen en exclusi\u00f3n social en Castilla y Le\u00f3n\">Leer m\u00e1s &#8230;<\/a><\/p>\n","protected":false},"author":1,"featured_media":40781,"comment_status":"closed","ping_status":"closed","sticky":false,"template":"","format":"standard","meta":{"footnotes":""},"categories":[6],"tags":[],"class_list":["post-40777","post","type-post","status-publish","format-standard","has-post-thumbnail","hentry","category-noticias","masonry-post","generate-columns","tablet-grid-50","mobile-grid-100","grid-parent","grid-50"],"yoast_head":"<!-- This site is optimized with the Yoast SEO plugin v27.3 - https:\/\/yoast.com\/product\/yoast-seo-wordpress\/ -->\n<title>El Informe FOESSA revela que 352.000 personas permanecen en exclusi\u00f3n social en Castilla y Le\u00f3n - Di\u00f3cesis de Ciudad Rodrigo<\/title>\n<meta name=\"robots\" content=\"index, follow, max-snippet:-1, max-image-preview:large, max-video-preview:-1\" \/>\n<link rel=\"canonical\" href=\"https:\/\/www.diocesisciudadrodrigo.org\/blog4\/el-informe-foessa-revela-que-352-000-personas-permanecen-en-exclusion-social-en-castilla-y-leon\/\" \/>\n<meta property=\"og:locale\" content=\"es_ES\" \/>\n<meta property=\"og:type\" content=\"article\" \/>\n<meta property=\"og:title\" content=\"El Informe FOESSA revela que 352.000 personas permanecen en exclusi\u00f3n social en Castilla y Le\u00f3n - Di\u00f3cesis de Ciudad Rodrigo\" \/>\n<meta property=\"og:description\" content=\"La vivienda, la salud y la falta de oportunidades para los j\u00f3venes se consolidan como los principales factores de fragilidad social en la comunidad aut\u00f3noma DELEGACI\u00d3N DE MEDIOS Castilla y ... Leer m\u00e1s ...\" \/>\n<meta property=\"og:url\" content=\"https:\/\/www.diocesisciudadrodrigo.org\/blog4\/el-informe-foessa-revela-que-352-000-personas-permanecen-en-exclusion-social-en-castilla-y-leon\/\" \/>\n<meta property=\"og:site_name\" content=\"Di\u00f3cesis de Ciudad Rodrigo\" \/>\n<meta property=\"article:publisher\" content=\"https:\/\/www.facebook.com\/people\/Dicesis-Ciudad-Rodrigo-MCS\/100076471923419\/#\" \/>\n<meta property=\"article:published_time\" content=\"2025-11-24T18:00:59+00:00\" \/>\n<meta property=\"article:modified_time\" content=\"2025-11-24T23:37:24+00:00\" \/>\n<meta property=\"og:image\" content=\"https:\/\/www.diocesisciudadrodrigo.org\/blog4\/wp-content\/uploads\/2025\/11\/Foto_FOESSA_informe.jpeg\" \/>\n\t<meta property=\"og:image:width\" content=\"1200\" \/>\n\t<meta property=\"og:image:height\" content=\"1600\" \/>\n\t<meta property=\"og:image:type\" content=\"image\/jpeg\" \/>\n<meta name=\"author\" content=\"medios CR\" \/>\n<meta name=\"twitter:card\" content=\"summary_large_image\" \/>\n<meta name=\"twitter:label1\" content=\"Escrito por\" \/>\n\t<meta name=\"twitter:data1\" content=\"medios CR\" \/>\n\t<meta name=\"twitter:label2\" content=\"Tiempo de lectura\" \/>\n\t<meta name=\"twitter:data2\" content=\"3 minutos\" \/>\n<script type=\"application\/ld+json\" class=\"yoast-schema-graph\">{\"@context\":\"https:\\\/\\\/schema.org\",\"@graph\":[{\"@type\":\"Article\",\"@id\":\"https:\\\/\\\/www.diocesisciudadrodrigo.org\\\/blog4\\\/el-informe-foessa-revela-que-352-000-personas-permanecen-en-exclusion-social-en-castilla-y-leon\\\/#article\",\"isPartOf\":{\"@id\":\"https:\\\/\\\/www.diocesisciudadrodrigo.org\\\/blog4\\\/el-informe-foessa-revela-que-352-000-personas-permanecen-en-exclusion-social-en-castilla-y-leon\\\/\"},\"author\":{\"name\":\"medios CR\",\"@id\":\"https:\\\/\\\/www.diocesisciudadrodrigo.org\\\/blog4\\\/#\\\/schema\\\/person\\\/5fcf0ca636a75766ff70e6417b6ed052\"},\"headline\":\"El Informe FOESSA revela que 352.000 personas permanecen en exclusi\u00f3n social en Castilla y Le\u00f3n\",\"datePublished\":\"2025-11-24T18:00:59+00:00\",\"dateModified\":\"2025-11-24T23:37:24+00:00\",\"mainEntityOfPage\":{\"@id\":\"https:\\\/\\\/www.diocesisciudadrodrigo.org\\\/blog4\\\/el-informe-foessa-revela-que-352-000-personas-permanecen-en-exclusion-social-en-castilla-y-leon\\\/\"},\"wordCount\":666,\"publisher\":{\"@id\":\"https:\\\/\\\/www.diocesisciudadrodrigo.org\\\/blog4\\\/#organization\"},\"image\":{\"@id\":\"https:\\\/\\\/www.diocesisciudadrodrigo.org\\\/blog4\\\/el-informe-foessa-revela-que-352-000-personas-permanecen-en-exclusion-social-en-castilla-y-leon\\\/#primaryimage\"},\"thumbnailUrl\":\"https:\\\/\\\/www.diocesisciudadrodrigo.org\\\/blog4\\\/wp-content\\\/uploads\\\/2025\\\/11\\\/Foto_FOESSA_informe.jpeg\",\"articleSection\":[\"Noticias\"],\"inLanguage\":\"es\"},{\"@type\":\"WebPage\",\"@id\":\"https:\\\/\\\/www.diocesisciudadrodrigo.org\\\/blog4\\\/el-informe-foessa-revela-que-352-000-personas-permanecen-en-exclusion-social-en-castilla-y-leon\\\/\",\"url\":\"https:\\\/\\\/www.diocesisciudadrodrigo.org\\\/blog4\\\/el-informe-foessa-revela-que-352-000-personas-permanecen-en-exclusion-social-en-castilla-y-leon\\\/\",\"name\":\"El Informe FOESSA revela que 352.000 personas permanecen en exclusi\u00f3n social en Castilla y Le\u00f3n - Di\u00f3cesis de Ciudad Rodrigo\",\"isPartOf\":{\"@id\":\"https:\\\/\\\/www.diocesisciudadrodrigo.org\\\/blog4\\\/#website\"},\"primaryImageOfPage\":{\"@id\":\"https:\\\/\\\/www.diocesisciudadrodrigo.org\\\/blog4\\\/el-informe-foessa-revela-que-352-000-personas-permanecen-en-exclusion-social-en-castilla-y-leon\\\/#primaryimage\"},\"image\":{\"@id\":\"https:\\\/\\\/www.diocesisciudadrodrigo.org\\\/blog4\\\/el-informe-foessa-revela-que-352-000-personas-permanecen-en-exclusion-social-en-castilla-y-leon\\\/#primaryimage\"},\"thumbnailUrl\":\"https:\\\/\\\/www.diocesisciudadrodrigo.org\\\/blog4\\\/wp-content\\\/uploads\\\/2025\\\/11\\\/Foto_FOESSA_informe.jpeg\",\"datePublished\":\"2025-11-24T18:00:59+00:00\",\"dateModified\":\"2025-11-24T23:37:24+00:00\",\"breadcrumb\":{\"@id\":\"https:\\\/\\\/www.diocesisciudadrodrigo.org\\\/blog4\\\/el-informe-foessa-revela-que-352-000-personas-permanecen-en-exclusion-social-en-castilla-y-leon\\\/#breadcrumb\"},\"inLanguage\":\"es\",\"potentialAction\":[{\"@type\":\"ReadAction\",\"target\":[\"https:\\\/\\\/www.diocesisciudadrodrigo.org\\\/blog4\\\/el-informe-foessa-revela-que-352-000-personas-permanecen-en-exclusion-social-en-castilla-y-leon\\\/\"]}]},{\"@type\":\"ImageObject\",\"inLanguage\":\"es\",\"@id\":\"https:\\\/\\\/www.diocesisciudadrodrigo.org\\\/blog4\\\/el-informe-foessa-revela-que-352-000-personas-permanecen-en-exclusion-social-en-castilla-y-leon\\\/#primaryimage\",\"url\":\"https:\\\/\\\/www.diocesisciudadrodrigo.org\\\/blog4\\\/wp-content\\\/uploads\\\/2025\\\/11\\\/Foto_FOESSA_informe.jpeg\",\"contentUrl\":\"https:\\\/\\\/www.diocesisciudadrodrigo.org\\\/blog4\\\/wp-content\\\/uploads\\\/2025\\\/11\\\/Foto_FOESSA_informe.jpeg\",\"width\":1200,\"height\":1600},{\"@type\":\"BreadcrumbList\",\"@id\":\"https:\\\/\\\/www.diocesisciudadrodrigo.org\\\/blog4\\\/el-informe-foessa-revela-que-352-000-personas-permanecen-en-exclusion-social-en-castilla-y-leon\\\/#breadcrumb\",\"itemListElement\":[{\"@type\":\"ListItem\",\"position\":1,\"name\":\"Portada\",\"item\":\"https:\\\/\\\/www.diocesisciudadrodrigo.org\\\/blog4\\\/\"},{\"@type\":\"ListItem\",\"position\":2,\"name\":\"El Informe FOESSA revela que 352.000 personas permanecen en exclusi\u00f3n social en Castilla y Le\u00f3n\"}]},{\"@type\":\"WebSite\",\"@id\":\"https:\\\/\\\/www.diocesisciudadrodrigo.org\\\/blog4\\\/#website\",\"url\":\"https:\\\/\\\/www.diocesisciudadrodrigo.org\\\/blog4\\\/\",\"name\":\"Di\u00f3cesis de Ciudad Rodrigo\",\"description\":\"Sitio web oficial de la di\u00f3cesis civitatense\",\"publisher\":{\"@id\":\"https:\\\/\\\/www.diocesisciudadrodrigo.org\\\/blog4\\\/#organization\"},\"potentialAction\":[{\"@type\":\"SearchAction\",\"target\":{\"@type\":\"EntryPoint\",\"urlTemplate\":\"https:\\\/\\\/www.diocesisciudadrodrigo.org\\\/blog4\\\/?s={search_term_string}\"},\"query-input\":{\"@type\":\"PropertyValueSpecification\",\"valueRequired\":true,\"valueName\":\"search_term_string\"}}],\"inLanguage\":\"es\"},{\"@type\":\"Organization\",\"@id\":\"https:\\\/\\\/www.diocesisciudadrodrigo.org\\\/blog4\\\/#organization\",\"name\":\"Di\u00f3cesis de Ciudad Rodrigo\",\"url\":\"https:\\\/\\\/www.diocesisciudadrodrigo.org\\\/blog4\\\/\",\"logo\":{\"@type\":\"ImageObject\",\"inLanguage\":\"es\",\"@id\":\"https:\\\/\\\/www.diocesisciudadrodrigo.org\\\/blog4\\\/#\\\/schema\\\/logo\\\/image\\\/\",\"url\":\"https:\\\/\\\/www.diocesisciudadrodrigo.org\\\/blog4\\\/wp-content\\\/uploads\\\/2024\\\/12\\\/Diocesis.CMYK_-768x480-1.jpg\",\"contentUrl\":\"https:\\\/\\\/www.diocesisciudadrodrigo.org\\\/blog4\\\/wp-content\\\/uploads\\\/2024\\\/12\\\/Diocesis.CMYK_-768x480-1.jpg\",\"width\":768,\"height\":480,\"caption\":\"Di\u00f3cesis de Ciudad Rodrigo\"},\"image\":{\"@id\":\"https:\\\/\\\/www.diocesisciudadrodrigo.org\\\/blog4\\\/#\\\/schema\\\/logo\\\/image\\\/\"},\"sameAs\":[\"https:\\\/\\\/www.facebook.com\\\/people\\\/Dicesis-Ciudad-Rodrigo-MCS\\\/100076471923419\\\/#\"]},{\"@type\":\"Person\",\"@id\":\"https:\\\/\\\/www.diocesisciudadrodrigo.org\\\/blog4\\\/#\\\/schema\\\/person\\\/5fcf0ca636a75766ff70e6417b6ed052\",\"name\":\"medios CR\",\"image\":{\"@type\":\"ImageObject\",\"inLanguage\":\"es\",\"@id\":\"https:\\\/\\\/secure.gravatar.com\\\/avatar\\\/4a619fd0c7e36bd570f4e6e15eb09a2191185d0f63d8dbfdffe848af141ab87e?s=96&d=mm&r=g\",\"url\":\"https:\\\/\\\/secure.gravatar.com\\\/avatar\\\/4a619fd0c7e36bd570f4e6e15eb09a2191185d0f63d8dbfdffe848af141ab87e?s=96&d=mm&r=g\",\"contentUrl\":\"https:\\\/\\\/secure.gravatar.com\\\/avatar\\\/4a619fd0c7e36bd570f4e6e15eb09a2191185d0f63d8dbfdffe848af141ab87e?s=96&d=mm&r=g\",\"caption\":\"medios CR\"},\"url\":\"https:\\\/\\\/www.diocesisciudadrodrigo.org\\\/blog4\\\/author\\\/admin4\\\/\"}]}<\/script>\n<!-- \/ Yoast SEO plugin. -->","yoast_head_json":{"title":"El Informe FOESSA revela que 352.000 personas permanecen en exclusi\u00f3n social en Castilla y Le\u00f3n - Di\u00f3cesis de Ciudad Rodrigo","robots":{"index":"index","follow":"follow","max-snippet":"max-snippet:-1","max-image-preview":"max-image-preview:large","max-video-preview":"max-video-preview:-1"},"canonical":"https:\/\/www.diocesisciudadrodrigo.org\/blog4\/el-informe-foessa-revela-que-352-000-personas-permanecen-en-exclusion-social-en-castilla-y-leon\/","og_locale":"es_ES","og_type":"article","og_title":"El Informe FOESSA revela que 352.000 personas permanecen en exclusi\u00f3n social en Castilla y Le\u00f3n - Di\u00f3cesis de Ciudad Rodrigo","og_description":"La vivienda, la salud y la falta de oportunidades para los j\u00f3venes se consolidan como los principales factores de fragilidad social en la comunidad aut\u00f3noma DELEGACI\u00d3N DE MEDIOS Castilla y ... Leer m\u00e1s ...","og_url":"https:\/\/www.diocesisciudadrodrigo.org\/blog4\/el-informe-foessa-revela-que-352-000-personas-permanecen-en-exclusion-social-en-castilla-y-leon\/","og_site_name":"Di\u00f3cesis de Ciudad Rodrigo","article_publisher":"https:\/\/www.facebook.com\/people\/Dicesis-Ciudad-Rodrigo-MCS\/100076471923419\/#","article_published_time":"2025-11-24T18:00:59+00:00","article_modified_time":"2025-11-24T23:37:24+00:00","og_image":[{"width":1200,"height":1600,"url":"https:\/\/www.diocesisciudadrodrigo.org\/blog4\/wp-content\/uploads\/2025\/11\/Foto_FOESSA_informe.jpeg","type":"image\/jpeg"}],"author":"medios CR","twitter_card":"summary_large_image","twitter_misc":{"Escrito por":"medios CR","Tiempo de lectura":"3 minutos"},"schema":{"@context":"https:\/\/schema.org","@graph":[{"@type":"Article","@id":"https:\/\/www.diocesisciudadrodrigo.org\/blog4\/el-informe-foessa-revela-que-352-000-personas-permanecen-en-exclusion-social-en-castilla-y-leon\/#article","isPartOf":{"@id":"https:\/\/www.diocesisciudadrodrigo.org\/blog4\/el-informe-foessa-revela-que-352-000-personas-permanecen-en-exclusion-social-en-castilla-y-leon\/"},"author":{"name":"medios CR","@id":"https:\/\/www.diocesisciudadrodrigo.org\/blog4\/#\/schema\/person\/5fcf0ca636a75766ff70e6417b6ed052"},"headline":"El Informe FOESSA revela que 352.000 personas permanecen en exclusi\u00f3n social en Castilla y Le\u00f3n","datePublished":"2025-11-24T18:00:59+00:00","dateModified":"2025-11-24T23:37:24+00:00","mainEntityOfPage":{"@id":"https:\/\/www.diocesisciudadrodrigo.org\/blog4\/el-informe-foessa-revela-que-352-000-personas-permanecen-en-exclusion-social-en-castilla-y-leon\/"},"wordCount":666,"publisher":{"@id":"https:\/\/www.diocesisciudadrodrigo.org\/blog4\/#organization"},"image":{"@id":"https:\/\/www.diocesisciudadrodrigo.org\/blog4\/el-informe-foessa-revela-que-352-000-personas-permanecen-en-exclusion-social-en-castilla-y-leon\/#primaryimage"},"thumbnailUrl":"https:\/\/www.diocesisciudadrodrigo.org\/blog4\/wp-content\/uploads\/2025\/11\/Foto_FOESSA_informe.jpeg","articleSection":["Noticias"],"inLanguage":"es"},{"@type":"WebPage","@id":"https:\/\/www.diocesisciudadrodrigo.org\/blog4\/el-informe-foessa-revela-que-352-000-personas-permanecen-en-exclusion-social-en-castilla-y-leon\/","url":"https:\/\/www.diocesisciudadrodrigo.org\/blog4\/el-informe-foessa-revela-que-352-000-personas-permanecen-en-exclusion-social-en-castilla-y-leon\/","name":"El Informe FOESSA revela que 352.000 personas permanecen en exclusi\u00f3n social en Castilla y Le\u00f3n - Di\u00f3cesis de Ciudad Rodrigo","isPartOf":{"@id":"https:\/\/www.diocesisciudadrodrigo.org\/blog4\/#website"},"primaryImageOfPage":{"@id":"https:\/\/www.diocesisciudadrodrigo.org\/blog4\/el-informe-foessa-revela-que-352-000-personas-permanecen-en-exclusion-social-en-castilla-y-leon\/#primaryimage"},"image":{"@id":"https:\/\/www.diocesisciudadrodrigo.org\/blog4\/el-informe-foessa-revela-que-352-000-personas-permanecen-en-exclusion-social-en-castilla-y-leon\/#primaryimage"},"thumbnailUrl":"https:\/\/www.diocesisciudadrodrigo.org\/blog4\/wp-content\/uploads\/2025\/11\/Foto_FOESSA_informe.jpeg","datePublished":"2025-11-24T18:00:59+00:00","dateModified":"2025-11-24T23:37:24+00:00","breadcrumb":{"@id":"https:\/\/www.diocesisciudadrodrigo.org\/blog4\/el-informe-foessa-revela-que-352-000-personas-permanecen-en-exclusion-social-en-castilla-y-leon\/#breadcrumb"},"inLanguage":"es","potentialAction":[{"@type":"ReadAction","target":["https:\/\/www.diocesisciudadrodrigo.org\/blog4\/el-informe-foessa-revela-que-352-000-personas-permanecen-en-exclusion-social-en-castilla-y-leon\/"]}]},{"@type":"ImageObject","inLanguage":"es","@id":"https:\/\/www.diocesisciudadrodrigo.org\/blog4\/el-informe-foessa-revela-que-352-000-personas-permanecen-en-exclusion-social-en-castilla-y-leon\/#primaryimage","url":"https:\/\/www.diocesisciudadrodrigo.org\/blog4\/wp-content\/uploads\/2025\/11\/Foto_FOESSA_informe.jpeg","contentUrl":"https:\/\/www.diocesisciudadrodrigo.org\/blog4\/wp-content\/uploads\/2025\/11\/Foto_FOESSA_informe.jpeg","width":1200,"height":1600},{"@type":"BreadcrumbList","@id":"https:\/\/www.diocesisciudadrodrigo.org\/blog4\/el-informe-foessa-revela-que-352-000-personas-permanecen-en-exclusion-social-en-castilla-y-leon\/#breadcrumb","itemListElement":[{"@type":"ListItem","position":1,"name":"Portada","item":"https:\/\/www.diocesisciudadrodrigo.org\/blog4\/"},{"@type":"ListItem","position":2,"name":"El Informe FOESSA revela que 352.000 personas permanecen en exclusi\u00f3n social en Castilla y Le\u00f3n"}]},{"@type":"WebSite","@id":"https:\/\/www.diocesisciudadrodrigo.org\/blog4\/#website","url":"https:\/\/www.diocesisciudadrodrigo.org\/blog4\/","name":"Di\u00f3cesis de Ciudad Rodrigo","description":"Sitio web oficial de la di\u00f3cesis civitatense","publisher":{"@id":"https:\/\/www.diocesisciudadrodrigo.org\/blog4\/#organization"},"potentialAction":[{"@type":"SearchAction","target":{"@type":"EntryPoint","urlTemplate":"https:\/\/www.diocesisciudadrodrigo.org\/blog4\/?s={search_term_string}"},"query-input":{"@type":"PropertyValueSpecification","valueRequired":true,"valueName":"search_term_string"}}],"inLanguage":"es"},{"@type":"Organization","@id":"https:\/\/www.diocesisciudadrodrigo.org\/blog4\/#organization","name":"Di\u00f3cesis de Ciudad Rodrigo","url":"https:\/\/www.diocesisciudadrodrigo.org\/blog4\/","logo":{"@type":"ImageObject","inLanguage":"es","@id":"https:\/\/www.diocesisciudadrodrigo.org\/blog4\/#\/schema\/logo\/image\/","url":"https:\/\/www.diocesisciudadrodrigo.org\/blog4\/wp-content\/uploads\/2024\/12\/Diocesis.CMYK_-768x480-1.jpg","contentUrl":"https:\/\/www.diocesisciudadrodrigo.org\/blog4\/wp-content\/uploads\/2024\/12\/Diocesis.CMYK_-768x480-1.jpg","width":768,"height":480,"caption":"Di\u00f3cesis de Ciudad Rodrigo"},"image":{"@id":"https:\/\/www.diocesisciudadrodrigo.org\/blog4\/#\/schema\/logo\/image\/"},"sameAs":["https:\/\/www.facebook.com\/people\/Dicesis-Ciudad-Rodrigo-MCS\/100076471923419\/#"]},{"@type":"Person","@id":"https:\/\/www.diocesisciudadrodrigo.org\/blog4\/#\/schema\/person\/5fcf0ca636a75766ff70e6417b6ed052","name":"medios CR","image":{"@type":"ImageObject","inLanguage":"es","@id":"https:\/\/secure.gravatar.com\/avatar\/4a619fd0c7e36bd570f4e6e15eb09a2191185d0f63d8dbfdffe848af141ab87e?s=96&d=mm&r=g","url":"https:\/\/secure.gravatar.com\/avatar\/4a619fd0c7e36bd570f4e6e15eb09a2191185d0f63d8dbfdffe848af141ab87e?s=96&d=mm&r=g","contentUrl":"https:\/\/secure.gravatar.com\/avatar\/4a619fd0c7e36bd570f4e6e15eb09a2191185d0f63d8dbfdffe848af141ab87e?s=96&d=mm&r=g","caption":"medios CR"},"url":"https:\/\/www.diocesisciudadrodrigo.org\/blog4\/author\/admin4\/"}]}},"_links":{"self":[{"href":"https:\/\/www.diocesisciudadrodrigo.org\/blog4\/wp-json\/wp\/v2\/posts\/40777","targetHints":{"allow":["GET"]}}],"collection":[{"href":"https:\/\/www.diocesisciudadrodrigo.org\/blog4\/wp-json\/wp\/v2\/posts"}],"about":[{"href":"https:\/\/www.diocesisciudadrodrigo.org\/blog4\/wp-json\/wp\/v2\/types\/post"}],"author":[{"embeddable":true,"href":"https:\/\/www.diocesisciudadrodrigo.org\/blog4\/wp-json\/wp\/v2\/users\/1"}],"replies":[{"embeddable":true,"href":"https:\/\/www.diocesisciudadrodrigo.org\/blog4\/wp-json\/wp\/v2\/comments?post=40777"}],"version-history":[{"count":7,"href":"https:\/\/www.diocesisciudadrodrigo.org\/blog4\/wp-json\/wp\/v2\/posts\/40777\/revisions"}],"predecessor-version":[{"id":40789,"href":"https:\/\/www.diocesisciudadrodrigo.org\/blog4\/wp-json\/wp\/v2\/posts\/40777\/revisions\/40789"}],"wp:featuredmedia":[{"embeddable":true,"href":"https:\/\/www.diocesisciudadrodrigo.org\/blog4\/wp-json\/wp\/v2\/media\/40781"}],"wp:attachment":[{"href":"https:\/\/www.diocesisciudadrodrigo.org\/blog4\/wp-json\/wp\/v2\/media?parent=40777"}],"wp:term":[{"taxonomy":"category","embeddable":true,"href":"https:\/\/www.diocesisciudadrodrigo.org\/blog4\/wp-json\/wp\/v2\/categories?post=40777"},{"taxonomy":"post_tag","embeddable":true,"href":"https:\/\/www.diocesisciudadrodrigo.org\/blog4\/wp-json\/wp\/v2\/tags?post=40777"}],"curies":[{"name":"wp","href":"https:\/\/api.w.org\/{rel}","templated":true}]}}