{"id":40729,"date":"2025-11-24T16:33:53","date_gmt":"2025-11-24T15:33:53","guid":{"rendered":"https:\/\/www.diocesisciudadrodrigo.org\/blog4\/?p=40729"},"modified":"2025-11-24T16:36:08","modified_gmt":"2025-11-24T15:36:08","slug":"el-obispo-comparte-con-los-mayores-de-la-residencia-san-jose-la-alegria-del-jubileo","status":"publish","type":"post","link":"https:\/\/www.diocesisciudadrodrigo.org\/blog4\/el-obispo-comparte-con-los-mayores-de-la-residencia-san-jose-la-alegria-del-jubileo\/","title":{"rendered":"El obispo comparte con los mayores de la Residencia San Jos\u00e9 la alegr\u00eda del Jubileo"},"content":{"rendered":"\t\t<div data-elementor-type=\"wp-post\" data-elementor-id=\"40729\" class=\"elementor elementor-40729\" data-elementor-settings=\"[]\">\n\t\t\t\t\t\t<div class=\"elementor-inner\">\n\t\t\t\t\t\t\t<div class=\"elementor-section-wrap\">\n\t\t\t\t\t\t\t<section class=\"elementor-section elementor-top-section elementor-element elementor-element-b72f3c0 elementor-section-boxed elementor-section-height-default elementor-section-height-default\" data-id=\"b72f3c0\" data-element_type=\"section\">\n\t\t\t\t\t\t<div class=\"elementor-container elementor-column-gap-default\">\n\t\t\t\t\t\t\t<div class=\"elementor-row\">\n\t\t\t\t\t<div class=\"elementor-column elementor-col-100 elementor-top-column elementor-element elementor-element-1d0289b\" data-id=\"1d0289b\" data-element_type=\"column\">\n\t\t\t<div class=\"elementor-column-wrap elementor-element-populated\">\n\t\t\t\t\t\t\t<div class=\"elementor-widget-wrap\">\n\t\t\t\t\t\t<div class=\"elementor-element elementor-element-4a48fbf elementor-widget elementor-widget-text-editor\" data-id=\"4a48fbf\" data-element_type=\"widget\" data-widget_type=\"text-editor.default\">\n\t\t\t\t<div class=\"elementor-widget-container\">\n\t\t\t\t\t\t\t\t<div class=\"elementor-text-editor elementor-clearfix\">\n\t\t\t\t<h3><em>Mons. Jos\u00e9 Luis Retana invit\u00f3 a los residentes, a las Hermanitas de los Ancianos Desamparados y a los trabajadores a renovar la fe, confiar en el Se\u00f1or y convertirse en portadores de esperanza para quienes m\u00e1s lo necesitan<\/em><\/h3><p><strong>DELEGACI\u00d3N DE MEDIOS<\/strong><\/p><p data-start=\"191\" data-end=\"525\">La comunidad de la<strong> Residencia de Mayores San Jos\u00e9<\/strong>, atendida por las Hermanitas de los Ancianos Desamparados, ha celebrado este lunes, 24 de noviembre, una emotiva celebraci\u00f3n jubilar presidida por el obispo diocesano, <strong>Mons. Jos\u00e9 Luis Retana<\/strong>, en el marco del A\u00f1o Santo convocado por el papa Francisco bajo el lema: <em data-start=\"497\" data-end=\"524\">\u201cPeregrinos de esperanza\u201d<\/em>.<\/p><p data-start=\"527\" data-end=\"843\">La celebraci\u00f3n comenz\u00f3 en el hall de entrada con una procesi\u00f3n con la imagen del Crucificado hasta la capilla de la residencia, donde los residentes, las hermanitas, el personal auxiliar y trabajadores del centro renovaron sus promesas bautismales y participaron en la eucarist\u00eda que presidi\u00f3 el obispo y fue concelebrada por varios presb\u00edteros.\u00a0<\/p><p data-start=\"845\" data-end=\"1211\">En su homil\u00eda, Mons. Jos\u00e9 Luis Retana record\u00f3 que el Jubileo es \u00abun tiempo de gracia y conversi\u00f3n, para volver\u00a0una y otra vez a Dios, el \u00fanico que es capaz de dar plenitud a nuestra vida\u201d. Citando al papa Francisco, el obispo destac\u00f3 que este A\u00f1o Santo quiere ser \u201cun momento de encuentro vivo y personal con el Se\u00f1or Jes\u00fas\u201d, y que la esperanza cristiana se hace visible en gestos concretos como \u201cel cuidado de los enfermos y de los que sufren; la acogida de los migrantes; la atenci\u00f3n a los ancianos; y, de manera apremiante, el amor a los pobres y necesitados\u201d.<\/p><p data-start=\"1425\" data-end=\"1796\">Mons. Retana insisti\u00f3 en que la transformaci\u00f3n del mundo comienza en el coraz\u00f3n de cada creyente: \u201cDif\u00edcilmente podremos transformar el mundo\u2026 si antes no cambiamos personalmente\u201d. Por ello invit\u00f3 a cultivar una \u201cespiritualidad de ojos y o\u00eddos abiertos a los pobres, una espiritualidad de la ternura y de la gracia\u201d, que sostenga el compromiso cristiano.<\/p><p data-start=\"1425\" data-end=\"1796\">Durante su intervenci\u00f3n, recogi\u00f3 tambi\u00e9n el deseo del papa Francisco para este Jubileo de 2025: \u00abrecuperar la confianza en el Se\u00f1or, en la Iglesia, en la sociedad, en los v\u00ednculos interpersonales, en la promoci\u00f3n de la dignidad de la persona y en el respeto a la creaci\u00f3n\u00bb y convertirnos en \u201csignos de esperanza\u201d para quienes viven situaciones de especial dificultad.\u00a0 \u201cDej\u00e9monos atraer por la esperanza y permitamos que a trav\u00e9s de nosotros sea contagiosa\u201d, record\u00f3 citando al papa.<\/p><p data-start=\"1425\" data-end=\"1796\">Y concluy\u00f3 poniendo en manos de la Virgen, \u201cMadre de la Esperanza\u201d, a toda la comunidad de la residencia y a la Di\u00f3cesis de Ciudad Rodrigo.<\/p><p data-start=\"1213\" data-end=\"1336\">\u00a0<\/p>\t\t\t\t\t<\/div>\n\t\t\t\t\t\t<\/div>\n\t\t\t\t<\/div>\n\t\t\t\t\t\t<\/div>\n\t\t\t\t\t<\/div>\n\t\t<\/div>\n\t\t\t\t\t\t\t\t<\/div>\n\t\t\t\t\t<\/div>\n\t\t<\/section>\n\t\t\t\t<section class=\"elementor-section elementor-top-section elementor-element elementor-element-0581995 elementor-section-boxed elementor-section-height-default elementor-section-height-default\" data-id=\"0581995\" data-element_type=\"section\">\n\t\t\t\t\t\t<div class=\"elementor-container elementor-column-gap-default\">\n\t\t\t\t\t\t\t<div class=\"elementor-row\">\n\t\t\t\t\t<div class=\"elementor-column elementor-col-100 elementor-top-column elementor-element elementor-element-629b7af\" data-id=\"629b7af\" data-element_type=\"column\">\n\t\t\t<div class=\"elementor-column-wrap elementor-element-populated\">\n\t\t\t\t\t\t\t<div class=\"elementor-widget-wrap\">\n\t\t\t\t\t\t<div class=\"elementor-element elementor-element-e0aaefc elementor-widget elementor-widget-image\" data-id=\"e0aaefc\" data-element_type=\"widget\" data-widget_type=\"image.default\">\n\t\t\t\t<div class=\"elementor-widget-container\">\n\t\t\t\t\t\t\t\t<div class=\"elementor-image\">\n\t\t\t\t\t\t\t\t\t\t\t\t<img loading=\"lazy\" decoding=\"async\" width=\"1200\" height=\"1600\" src=\"https:\/\/www.diocesisciudadrodrigo.org\/blog4\/wp-content\/uploads\/2025\/11\/residencia-san-jose-hermanitas-ancianos-celebrcion-jubilar-18.jpeg\" class=\"attachment-large size-large\" alt=\"\" srcset=\"https:\/\/www.diocesisciudadrodrigo.org\/blog4\/wp-content\/uploads\/2025\/11\/residencia-san-jose-hermanitas-ancianos-celebrcion-jubilar-18.jpeg 1200w, https:\/\/www.diocesisciudadrodrigo.org\/blog4\/wp-content\/uploads\/2025\/11\/residencia-san-jose-hermanitas-ancianos-celebrcion-jubilar-18-750x1000.jpeg 750w, https:\/\/www.diocesisciudadrodrigo.org\/blog4\/wp-content\/uploads\/2025\/11\/residencia-san-jose-hermanitas-ancianos-celebrcion-jubilar-18-768x1024.jpeg 768w, https:\/\/www.diocesisciudadrodrigo.org\/blog4\/wp-content\/uploads\/2025\/11\/residencia-san-jose-hermanitas-ancianos-celebrcion-jubilar-18-1152x1536.jpeg 1152w, https:\/\/www.diocesisciudadrodrigo.org\/blog4\/wp-content\/uploads\/2025\/11\/residencia-san-jose-hermanitas-ancianos-celebrcion-jubilar-18-350x467.jpeg 350w\" sizes=\"auto, (max-width: 1200px) 100vw, 1200px\" \/>\t\t\t\t\t\t\t\t\t\t\t\t\t\t<\/div>\n\t\t\t\t\t\t<\/div>\n\t\t\t\t<\/div>\n\t\t\t\t\t\t<\/div>\n\t\t\t\t\t<\/div>\n\t\t<\/div>\n\t\t\t\t\t\t\t\t<\/div>\n\t\t\t\t\t<\/div>\n\t\t<\/section>\n\t\t\t\t<section class=\"elementor-section elementor-top-section elementor-element elementor-element-35d85b8 elementor-section-boxed elementor-section-height-default elementor-section-height-default\" data-id=\"35d85b8\" data-element_type=\"section\">\n\t\t\t\t\t\t<div class=\"elementor-container elementor-column-gap-default\">\n\t\t\t\t\t\t\t<div class=\"elementor-row\">\n\t\t\t\t\t<div class=\"elementor-column elementor-col-50 elementor-top-column elementor-element elementor-element-bef88da\" data-id=\"bef88da\" data-element_type=\"column\">\n\t\t\t<div class=\"elementor-column-wrap elementor-element-populated\">\n\t\t\t\t\t\t\t<div class=\"elementor-widget-wrap\">\n\t\t\t\t\t\t<div class=\"elementor-element elementor-element-a96f1d1 elementor-widget elementor-widget-image\" data-id=\"a96f1d1\" data-element_type=\"widget\" data-widget_type=\"image.default\">\n\t\t\t\t<div class=\"elementor-widget-container\">\n\t\t\t\t\t\t\t\t<div class=\"elementor-image\">\n\t\t\t\t\t\t\t\t\t\t\t\t<img loading=\"lazy\" decoding=\"async\" width=\"1200\" height=\"1600\" src=\"https:\/\/www.diocesisciudadrodrigo.org\/blog4\/wp-content\/uploads\/2025\/11\/residencia-san-jose-hermanitas-ancianos-celebrcion-jubilar-12.jpeg\" class=\"attachment-large size-large\" alt=\"\" srcset=\"https:\/\/www.diocesisciudadrodrigo.org\/blog4\/wp-content\/uploads\/2025\/11\/residencia-san-jose-hermanitas-ancianos-celebrcion-jubilar-12.jpeg 1200w, https:\/\/www.diocesisciudadrodrigo.org\/blog4\/wp-content\/uploads\/2025\/11\/residencia-san-jose-hermanitas-ancianos-celebrcion-jubilar-12-750x1000.jpeg 750w, https:\/\/www.diocesisciudadrodrigo.org\/blog4\/wp-content\/uploads\/2025\/11\/residencia-san-jose-hermanitas-ancianos-celebrcion-jubilar-12-768x1024.jpeg 768w, https:\/\/www.diocesisciudadrodrigo.org\/blog4\/wp-content\/uploads\/2025\/11\/residencia-san-jose-hermanitas-ancianos-celebrcion-jubilar-12-1152x1536.jpeg 1152w, https:\/\/www.diocesisciudadrodrigo.org\/blog4\/wp-content\/uploads\/2025\/11\/residencia-san-jose-hermanitas-ancianos-celebrcion-jubilar-12-350x467.jpeg 350w\" sizes=\"auto, (max-width: 1200px) 100vw, 1200px\" \/>\t\t\t\t\t\t\t\t\t\t\t\t\t\t<\/div>\n\t\t\t\t\t\t<\/div>\n\t\t\t\t<\/div>\n\t\t\t\t\t\t<\/div>\n\t\t\t\t\t<\/div>\n\t\t<\/div>\n\t\t\t\t<div class=\"elementor-column elementor-col-50 elementor-top-column elementor-element elementor-element-f3fbdef\" data-id=\"f3fbdef\" data-element_type=\"column\">\n\t\t\t<div class=\"elementor-column-wrap elementor-element-populated\">\n\t\t\t\t\t\t\t<div class=\"elementor-widget-wrap\">\n\t\t\t\t\t\t<div class=\"elementor-element elementor-element-b270dc0 elementor-widget elementor-widget-image\" data-id=\"b270dc0\" data-element_type=\"widget\" data-widget_type=\"image.default\">\n\t\t\t\t<div class=\"elementor-widget-container\">\n\t\t\t\t\t\t\t\t<div class=\"elementor-image\">\n\t\t\t\t\t\t\t\t\t\t\t\t<img loading=\"lazy\" decoding=\"async\" width=\"1200\" height=\"1600\" src=\"https:\/\/www.diocesisciudadrodrigo.org\/blog4\/wp-content\/uploads\/2025\/11\/residencia-san-jose-hermanitas-ancianos-celebrcion-jubilarat-11.03.59-2.jpeg\" class=\"attachment-large size-large\" alt=\"\" srcset=\"https:\/\/www.diocesisciudadrodrigo.org\/blog4\/wp-content\/uploads\/2025\/11\/residencia-san-jose-hermanitas-ancianos-celebrcion-jubilarat-11.03.59-2.jpeg 1200w, https:\/\/www.diocesisciudadrodrigo.org\/blog4\/wp-content\/uploads\/2025\/11\/residencia-san-jose-hermanitas-ancianos-celebrcion-jubilarat-11.03.59-2-750x1000.jpeg 750w, https:\/\/www.diocesisciudadrodrigo.org\/blog4\/wp-content\/uploads\/2025\/11\/residencia-san-jose-hermanitas-ancianos-celebrcion-jubilarat-11.03.59-2-768x1024.jpeg 768w, https:\/\/www.diocesisciudadrodrigo.org\/blog4\/wp-content\/uploads\/2025\/11\/residencia-san-jose-hermanitas-ancianos-celebrcion-jubilarat-11.03.59-2-1152x1536.jpeg 1152w, https:\/\/www.diocesisciudadrodrigo.org\/blog4\/wp-content\/uploads\/2025\/11\/residencia-san-jose-hermanitas-ancianos-celebrcion-jubilarat-11.03.59-2-350x467.jpeg 350w\" sizes=\"auto, (max-width: 1200px) 100vw, 1200px\" \/>\t\t\t\t\t\t\t\t\t\t\t\t\t\t<\/div>\n\t\t\t\t\t\t<\/div>\n\t\t\t\t<\/div>\n\t\t\t\t\t\t<\/div>\n\t\t\t\t\t<\/div>\n\t\t<\/div>\n\t\t\t\t\t\t\t\t<\/div>\n\t\t\t\t\t<\/div>\n\t\t<\/section>\n\t\t\t\t<section class=\"elementor-section elementor-top-section elementor-element elementor-element-91164cc elementor-section-boxed elementor-section-height-default elementor-section-height-default\" data-id=\"91164cc\" data-element_type=\"section\">\n\t\t\t\t\t\t<div class=\"elementor-container elementor-column-gap-default\">\n\t\t\t\t\t\t\t<div class=\"elementor-row\">\n\t\t\t\t\t<div class=\"elementor-column elementor-col-50 elementor-top-column elementor-element elementor-element-7cec4ae\" data-id=\"7cec4ae\" data-element_type=\"column\">\n\t\t\t<div class=\"elementor-column-wrap elementor-element-populated\">\n\t\t\t\t\t\t\t<div class=\"elementor-widget-wrap\">\n\t\t\t\t\t\t<div class=\"elementor-element elementor-element-c5b16f8 elementor-widget elementor-widget-image\" data-id=\"c5b16f8\" data-element_type=\"widget\" data-widget_type=\"image.default\">\n\t\t\t\t<div class=\"elementor-widget-container\">\n\t\t\t\t\t\t\t\t<div class=\"elementor-image\">\n\t\t\t\t\t\t\t\t\t\t\t\t<img loading=\"lazy\" decoding=\"async\" width=\"1200\" height=\"900\" src=\"https:\/\/www.diocesisciudadrodrigo.org\/blog4\/wp-content\/uploads\/2025\/11\/residencia-san-jose-hermanitas-ancianos-celebrcion-jubilar-7.jpeg\" class=\"attachment-large size-large\" alt=\"\" srcset=\"https:\/\/www.diocesisciudadrodrigo.org\/blog4\/wp-content\/uploads\/2025\/11\/residencia-san-jose-hermanitas-ancianos-celebrcion-jubilar-7.jpeg 1600w, https:\/\/www.diocesisciudadrodrigo.org\/blog4\/wp-content\/uploads\/2025\/11\/residencia-san-jose-hermanitas-ancianos-celebrcion-jubilar-7-1000x750.jpeg 1000w, https:\/\/www.diocesisciudadrodrigo.org\/blog4\/wp-content\/uploads\/2025\/11\/residencia-san-jose-hermanitas-ancianos-celebrcion-jubilar-7-768x576.jpeg 768w, https:\/\/www.diocesisciudadrodrigo.org\/blog4\/wp-content\/uploads\/2025\/11\/residencia-san-jose-hermanitas-ancianos-celebrcion-jubilar-7-1536x1152.jpeg 1536w, https:\/\/www.diocesisciudadrodrigo.org\/blog4\/wp-content\/uploads\/2025\/11\/residencia-san-jose-hermanitas-ancianos-celebrcion-jubilar-7-350x263.jpeg 350w\" sizes=\"auto, (max-width: 1200px) 100vw, 1200px\" \/>\t\t\t\t\t\t\t\t\t\t\t\t\t\t<\/div>\n\t\t\t\t\t\t<\/div>\n\t\t\t\t<\/div>\n\t\t\t\t\t\t<\/div>\n\t\t\t\t\t<\/div>\n\t\t<\/div>\n\t\t\t\t<div class=\"elementor-column elementor-col-50 elementor-top-column elementor-element elementor-element-619e8d1\" data-id=\"619e8d1\" data-element_type=\"column\">\n\t\t\t<div class=\"elementor-column-wrap elementor-element-populated\">\n\t\t\t\t\t\t\t<div class=\"elementor-widget-wrap\">\n\t\t\t\t\t\t<div class=\"elementor-element elementor-element-758879b elementor-widget elementor-widget-image\" data-id=\"758879b\" data-element_type=\"widget\" data-widget_type=\"image.default\">\n\t\t\t\t<div class=\"elementor-widget-container\">\n\t\t\t\t\t\t\t\t<div class=\"elementor-image\">\n\t\t\t\t\t\t\t\t\t\t\t\t<img loading=\"lazy\" decoding=\"async\" width=\"1200\" height=\"900\" src=\"https:\/\/www.diocesisciudadrodrigo.org\/blog4\/wp-content\/uploads\/2025\/11\/residencia-san-jose-hermanitas-ancianos-celebrcion-jubilar-9.jpeg\" class=\"attachment-large size-large\" alt=\"\" srcset=\"https:\/\/www.diocesisciudadrodrigo.org\/blog4\/wp-content\/uploads\/2025\/11\/residencia-san-jose-hermanitas-ancianos-celebrcion-jubilar-9.jpeg 1288w, https:\/\/www.diocesisciudadrodrigo.org\/blog4\/wp-content\/uploads\/2025\/11\/residencia-san-jose-hermanitas-ancianos-celebrcion-jubilar-9-1000x750.jpeg 1000w, https:\/\/www.diocesisciudadrodrigo.org\/blog4\/wp-content\/uploads\/2025\/11\/residencia-san-jose-hermanitas-ancianos-celebrcion-jubilar-9-768x576.jpeg 768w, https:\/\/www.diocesisciudadrodrigo.org\/blog4\/wp-content\/uploads\/2025\/11\/residencia-san-jose-hermanitas-ancianos-celebrcion-jubilar-9-350x263.jpeg 350w\" sizes=\"auto, (max-width: 1200px) 100vw, 1200px\" \/>\t\t\t\t\t\t\t\t\t\t\t\t\t\t<\/div>\n\t\t\t\t\t\t<\/div>\n\t\t\t\t<\/div>\n\t\t\t\t\t\t<\/div>\n\t\t\t\t\t<\/div>\n\t\t<\/div>\n\t\t\t\t\t\t\t\t<\/div>\n\t\t\t\t\t<\/div>\n\t\t<\/section>\n\t\t\t\t\t\t<\/div>\n\t\t\t\t\t\t<\/div>\n\t\t\t\t\t<\/div>\n\t\t","protected":false},"excerpt":{"rendered":"<p>Mons. Jos\u00e9 Luis Retana invit\u00f3 a los residentes, a las Hermanitas de los Ancianos Desamparados y a los trabajadores a renovar la fe, confiar en el Se\u00f1or y convertirse en &#8230; <\/p>\n<p class=\"read-more-container\"><a title=\"El obispo comparte con los mayores de la Residencia San Jos\u00e9 la alegr\u00eda del Jubileo\" class=\"read-more button\" href=\"https:\/\/www.diocesisciudadrodrigo.org\/blog4\/el-obispo-comparte-con-los-mayores-de-la-residencia-san-jose-la-alegria-del-jubileo\/#more-40729\" aria-label=\"M\u00e1s en El obispo comparte con los mayores de la Residencia San Jos\u00e9 la alegr\u00eda del Jubileo\">Leer m\u00e1s &#8230;<\/a><\/p>\n","protected":false},"author":1,"featured_media":40753,"comment_status":"closed","ping_status":"closed","sticky":false,"template":"","format":"standard","meta":{"footnotes":""},"categories":[6],"tags":[],"class_list":["post-40729","post","type-post","status-publish","format-standard","has-post-thumbnail","hentry","category-noticias","masonry-post","generate-columns","tablet-grid-50","mobile-grid-100","grid-parent","grid-50"],"yoast_head":"<!-- This site is optimized with the Yoast SEO plugin v27.3 - https:\/\/yoast.com\/product\/yoast-seo-wordpress\/ -->\n<title>El obispo comparte con los mayores de la Residencia San Jos\u00e9 la alegr\u00eda del Jubileo - Di\u00f3cesis de Ciudad Rodrigo<\/title>\n<meta name=\"robots\" content=\"index, follow, max-snippet:-1, max-image-preview:large, max-video-preview:-1\" \/>\n<link rel=\"canonical\" href=\"https:\/\/www.diocesisciudadrodrigo.org\/blog4\/el-obispo-comparte-con-los-mayores-de-la-residencia-san-jose-la-alegria-del-jubileo\/\" \/>\n<meta property=\"og:locale\" content=\"es_ES\" \/>\n<meta property=\"og:type\" content=\"article\" \/>\n<meta property=\"og:title\" content=\"El obispo comparte con los mayores de la Residencia San Jos\u00e9 la alegr\u00eda del Jubileo - Di\u00f3cesis de Ciudad Rodrigo\" \/>\n<meta property=\"og:description\" content=\"Mons. Jos\u00e9 Luis Retana invit\u00f3 a los residentes, a las Hermanitas de los Ancianos Desamparados y a los trabajadores a renovar la fe, confiar en el Se\u00f1or y convertirse en ... Leer m\u00e1s ...\" \/>\n<meta property=\"og:url\" content=\"https:\/\/www.diocesisciudadrodrigo.org\/blog4\/el-obispo-comparte-con-los-mayores-de-la-residencia-san-jose-la-alegria-del-jubileo\/\" \/>\n<meta property=\"og:site_name\" content=\"Di\u00f3cesis de Ciudad Rodrigo\" \/>\n<meta property=\"article:publisher\" content=\"https:\/\/www.facebook.com\/people\/Dicesis-Ciudad-Rodrigo-MCS\/100076471923419\/#\" \/>\n<meta property=\"article:published_time\" content=\"2025-11-24T15:33:53+00:00\" \/>\n<meta property=\"article:modified_time\" content=\"2025-11-24T15:36:08+00:00\" \/>\n<meta property=\"og:image\" content=\"https:\/\/www.diocesisciudadrodrigo.org\/blog4\/wp-content\/uploads\/2025\/11\/residencia-san-jose-hermanitas-ancianos-celebrcion-jubilar11.04.00-1.jpeg\" \/>\n\t<meta property=\"og:image:width\" content=\"1600\" \/>\n\t<meta property=\"og:image:height\" content=\"1200\" \/>\n\t<meta property=\"og:image:type\" content=\"image\/jpeg\" \/>\n<meta name=\"author\" content=\"medios CR\" \/>\n<meta name=\"twitter:card\" content=\"summary_large_image\" \/>\n<meta name=\"twitter:label1\" content=\"Escrito por\" \/>\n\t<meta name=\"twitter:data1\" content=\"medios CR\" \/>\n\t<meta name=\"twitter:label2\" content=\"Tiempo de lectura\" \/>\n\t<meta name=\"twitter:data2\" content=\"2 minutos\" \/>\n<script type=\"application\/ld+json\" class=\"yoast-schema-graph\">{\"@context\":\"https:\\\/\\\/schema.org\",\"@graph\":[{\"@type\":\"Article\",\"@id\":\"https:\\\/\\\/www.diocesisciudadrodrigo.org\\\/blog4\\\/el-obispo-comparte-con-los-mayores-de-la-residencia-san-jose-la-alegria-del-jubileo\\\/#article\",\"isPartOf\":{\"@id\":\"https:\\\/\\\/www.diocesisciudadrodrigo.org\\\/blog4\\\/el-obispo-comparte-con-los-mayores-de-la-residencia-san-jose-la-alegria-del-jubileo\\\/\"},\"author\":{\"name\":\"medios CR\",\"@id\":\"https:\\\/\\\/www.diocesisciudadrodrigo.org\\\/blog4\\\/#\\\/schema\\\/person\\\/5fcf0ca636a75766ff70e6417b6ed052\"},\"headline\":\"El obispo comparte con los mayores de la Residencia San Jos\u00e9 la alegr\u00eda del Jubileo\",\"datePublished\":\"2025-11-24T15:33:53+00:00\",\"dateModified\":\"2025-11-24T15:36:08+00:00\",\"mainEntityOfPage\":{\"@id\":\"https:\\\/\\\/www.diocesisciudadrodrigo.org\\\/blog4\\\/el-obispo-comparte-con-los-mayores-de-la-residencia-san-jose-la-alegria-del-jubileo\\\/\"},\"wordCount\":453,\"publisher\":{\"@id\":\"https:\\\/\\\/www.diocesisciudadrodrigo.org\\\/blog4\\\/#organization\"},\"image\":{\"@id\":\"https:\\\/\\\/www.diocesisciudadrodrigo.org\\\/blog4\\\/el-obispo-comparte-con-los-mayores-de-la-residencia-san-jose-la-alegria-del-jubileo\\\/#primaryimage\"},\"thumbnailUrl\":\"https:\\\/\\\/www.diocesisciudadrodrigo.org\\\/blog4\\\/wp-content\\\/uploads\\\/2025\\\/11\\\/residencia-san-jose-hermanitas-ancianos-celebrcion-jubilar11.04.00-1.jpeg\",\"articleSection\":[\"Noticias\"],\"inLanguage\":\"es\"},{\"@type\":\"WebPage\",\"@id\":\"https:\\\/\\\/www.diocesisciudadrodrigo.org\\\/blog4\\\/el-obispo-comparte-con-los-mayores-de-la-residencia-san-jose-la-alegria-del-jubileo\\\/\",\"url\":\"https:\\\/\\\/www.diocesisciudadrodrigo.org\\\/blog4\\\/el-obispo-comparte-con-los-mayores-de-la-residencia-san-jose-la-alegria-del-jubileo\\\/\",\"name\":\"El obispo comparte con los mayores de la Residencia San Jos\u00e9 la alegr\u00eda del Jubileo - Di\u00f3cesis de Ciudad Rodrigo\",\"isPartOf\":{\"@id\":\"https:\\\/\\\/www.diocesisciudadrodrigo.org\\\/blog4\\\/#website\"},\"primaryImageOfPage\":{\"@id\":\"https:\\\/\\\/www.diocesisciudadrodrigo.org\\\/blog4\\\/el-obispo-comparte-con-los-mayores-de-la-residencia-san-jose-la-alegria-del-jubileo\\\/#primaryimage\"},\"image\":{\"@id\":\"https:\\\/\\\/www.diocesisciudadrodrigo.org\\\/blog4\\\/el-obispo-comparte-con-los-mayores-de-la-residencia-san-jose-la-alegria-del-jubileo\\\/#primaryimage\"},\"thumbnailUrl\":\"https:\\\/\\\/www.diocesisciudadrodrigo.org\\\/blog4\\\/wp-content\\\/uploads\\\/2025\\\/11\\\/residencia-san-jose-hermanitas-ancianos-celebrcion-jubilar11.04.00-1.jpeg\",\"datePublished\":\"2025-11-24T15:33:53+00:00\",\"dateModified\":\"2025-11-24T15:36:08+00:00\",\"breadcrumb\":{\"@id\":\"https:\\\/\\\/www.diocesisciudadrodrigo.org\\\/blog4\\\/el-obispo-comparte-con-los-mayores-de-la-residencia-san-jose-la-alegria-del-jubileo\\\/#breadcrumb\"},\"inLanguage\":\"es\",\"potentialAction\":[{\"@type\":\"ReadAction\",\"target\":[\"https:\\\/\\\/www.diocesisciudadrodrigo.org\\\/blog4\\\/el-obispo-comparte-con-los-mayores-de-la-residencia-san-jose-la-alegria-del-jubileo\\\/\"]}]},{\"@type\":\"ImageObject\",\"inLanguage\":\"es\",\"@id\":\"https:\\\/\\\/www.diocesisciudadrodrigo.org\\\/blog4\\\/el-obispo-comparte-con-los-mayores-de-la-residencia-san-jose-la-alegria-del-jubileo\\\/#primaryimage\",\"url\":\"https:\\\/\\\/www.diocesisciudadrodrigo.org\\\/blog4\\\/wp-content\\\/uploads\\\/2025\\\/11\\\/residencia-san-jose-hermanitas-ancianos-celebrcion-jubilar11.04.00-1.jpeg\",\"contentUrl\":\"https:\\\/\\\/www.diocesisciudadrodrigo.org\\\/blog4\\\/wp-content\\\/uploads\\\/2025\\\/11\\\/residencia-san-jose-hermanitas-ancianos-celebrcion-jubilar11.04.00-1.jpeg\",\"width\":1600,\"height\":1200},{\"@type\":\"BreadcrumbList\",\"@id\":\"https:\\\/\\\/www.diocesisciudadrodrigo.org\\\/blog4\\\/el-obispo-comparte-con-los-mayores-de-la-residencia-san-jose-la-alegria-del-jubileo\\\/#breadcrumb\",\"itemListElement\":[{\"@type\":\"ListItem\",\"position\":1,\"name\":\"Portada\",\"item\":\"https:\\\/\\\/www.diocesisciudadrodrigo.org\\\/blog4\\\/\"},{\"@type\":\"ListItem\",\"position\":2,\"name\":\"El obispo comparte con los mayores de la Residencia San Jos\u00e9 la alegr\u00eda del Jubileo\"}]},{\"@type\":\"WebSite\",\"@id\":\"https:\\\/\\\/www.diocesisciudadrodrigo.org\\\/blog4\\\/#website\",\"url\":\"https:\\\/\\\/www.diocesisciudadrodrigo.org\\\/blog4\\\/\",\"name\":\"Di\u00f3cesis de Ciudad Rodrigo\",\"description\":\"Sitio web oficial de la di\u00f3cesis civitatense\",\"publisher\":{\"@id\":\"https:\\\/\\\/www.diocesisciudadrodrigo.org\\\/blog4\\\/#organization\"},\"potentialAction\":[{\"@type\":\"SearchAction\",\"target\":{\"@type\":\"EntryPoint\",\"urlTemplate\":\"https:\\\/\\\/www.diocesisciudadrodrigo.org\\\/blog4\\\/?s={search_term_string}\"},\"query-input\":{\"@type\":\"PropertyValueSpecification\",\"valueRequired\":true,\"valueName\":\"search_term_string\"}}],\"inLanguage\":\"es\"},{\"@type\":\"Organization\",\"@id\":\"https:\\\/\\\/www.diocesisciudadrodrigo.org\\\/blog4\\\/#organization\",\"name\":\"Di\u00f3cesis de Ciudad Rodrigo\",\"url\":\"https:\\\/\\\/www.diocesisciudadrodrigo.org\\\/blog4\\\/\",\"logo\":{\"@type\":\"ImageObject\",\"inLanguage\":\"es\",\"@id\":\"https:\\\/\\\/www.diocesisciudadrodrigo.org\\\/blog4\\\/#\\\/schema\\\/logo\\\/image\\\/\",\"url\":\"https:\\\/\\\/www.diocesisciudadrodrigo.org\\\/blog4\\\/wp-content\\\/uploads\\\/2024\\\/12\\\/Diocesis.CMYK_-768x480-1.jpg\",\"contentUrl\":\"https:\\\/\\\/www.diocesisciudadrodrigo.org\\\/blog4\\\/wp-content\\\/uploads\\\/2024\\\/12\\\/Diocesis.CMYK_-768x480-1.jpg\",\"width\":768,\"height\":480,\"caption\":\"Di\u00f3cesis de Ciudad Rodrigo\"},\"image\":{\"@id\":\"https:\\\/\\\/www.diocesisciudadrodrigo.org\\\/blog4\\\/#\\\/schema\\\/logo\\\/image\\\/\"},\"sameAs\":[\"https:\\\/\\\/www.facebook.com\\\/people\\\/Dicesis-Ciudad-Rodrigo-MCS\\\/100076471923419\\\/#\"]},{\"@type\":\"Person\",\"@id\":\"https:\\\/\\\/www.diocesisciudadrodrigo.org\\\/blog4\\\/#\\\/schema\\\/person\\\/5fcf0ca636a75766ff70e6417b6ed052\",\"name\":\"medios CR\",\"image\":{\"@type\":\"ImageObject\",\"inLanguage\":\"es\",\"@id\":\"https:\\\/\\\/secure.gravatar.com\\\/avatar\\\/4a619fd0c7e36bd570f4e6e15eb09a2191185d0f63d8dbfdffe848af141ab87e?s=96&d=mm&r=g\",\"url\":\"https:\\\/\\\/secure.gravatar.com\\\/avatar\\\/4a619fd0c7e36bd570f4e6e15eb09a2191185d0f63d8dbfdffe848af141ab87e?s=96&d=mm&r=g\",\"contentUrl\":\"https:\\\/\\\/secure.gravatar.com\\\/avatar\\\/4a619fd0c7e36bd570f4e6e15eb09a2191185d0f63d8dbfdffe848af141ab87e?s=96&d=mm&r=g\",\"caption\":\"medios CR\"},\"url\":\"https:\\\/\\\/www.diocesisciudadrodrigo.org\\\/blog4\\\/author\\\/admin4\\\/\"}]}<\/script>\n<!-- \/ Yoast SEO plugin. -->","yoast_head_json":{"title":"El obispo comparte con los mayores de la Residencia San Jos\u00e9 la alegr\u00eda del Jubileo - Di\u00f3cesis de Ciudad Rodrigo","robots":{"index":"index","follow":"follow","max-snippet":"max-snippet:-1","max-image-preview":"max-image-preview:large","max-video-preview":"max-video-preview:-1"},"canonical":"https:\/\/www.diocesisciudadrodrigo.org\/blog4\/el-obispo-comparte-con-los-mayores-de-la-residencia-san-jose-la-alegria-del-jubileo\/","og_locale":"es_ES","og_type":"article","og_title":"El obispo comparte con los mayores de la Residencia San Jos\u00e9 la alegr\u00eda del Jubileo - Di\u00f3cesis de Ciudad Rodrigo","og_description":"Mons. Jos\u00e9 Luis Retana invit\u00f3 a los residentes, a las Hermanitas de los Ancianos Desamparados y a los trabajadores a renovar la fe, confiar en el Se\u00f1or y convertirse en ... Leer m\u00e1s ...","og_url":"https:\/\/www.diocesisciudadrodrigo.org\/blog4\/el-obispo-comparte-con-los-mayores-de-la-residencia-san-jose-la-alegria-del-jubileo\/","og_site_name":"Di\u00f3cesis de Ciudad Rodrigo","article_publisher":"https:\/\/www.facebook.com\/people\/Dicesis-Ciudad-Rodrigo-MCS\/100076471923419\/#","article_published_time":"2025-11-24T15:33:53+00:00","article_modified_time":"2025-11-24T15:36:08+00:00","og_image":[{"width":1600,"height":1200,"url":"https:\/\/www.diocesisciudadrodrigo.org\/blog4\/wp-content\/uploads\/2025\/11\/residencia-san-jose-hermanitas-ancianos-celebrcion-jubilar11.04.00-1.jpeg","type":"image\/jpeg"}],"author":"medios CR","twitter_card":"summary_large_image","twitter_misc":{"Escrito por":"medios CR","Tiempo de lectura":"2 minutos"},"schema":{"@context":"https:\/\/schema.org","@graph":[{"@type":"Article","@id":"https:\/\/www.diocesisciudadrodrigo.org\/blog4\/el-obispo-comparte-con-los-mayores-de-la-residencia-san-jose-la-alegria-del-jubileo\/#article","isPartOf":{"@id":"https:\/\/www.diocesisciudadrodrigo.org\/blog4\/el-obispo-comparte-con-los-mayores-de-la-residencia-san-jose-la-alegria-del-jubileo\/"},"author":{"name":"medios CR","@id":"https:\/\/www.diocesisciudadrodrigo.org\/blog4\/#\/schema\/person\/5fcf0ca636a75766ff70e6417b6ed052"},"headline":"El obispo comparte con los mayores de la Residencia San Jos\u00e9 la alegr\u00eda del Jubileo","datePublished":"2025-11-24T15:33:53+00:00","dateModified":"2025-11-24T15:36:08+00:00","mainEntityOfPage":{"@id":"https:\/\/www.diocesisciudadrodrigo.org\/blog4\/el-obispo-comparte-con-los-mayores-de-la-residencia-san-jose-la-alegria-del-jubileo\/"},"wordCount":453,"publisher":{"@id":"https:\/\/www.diocesisciudadrodrigo.org\/blog4\/#organization"},"image":{"@id":"https:\/\/www.diocesisciudadrodrigo.org\/blog4\/el-obispo-comparte-con-los-mayores-de-la-residencia-san-jose-la-alegria-del-jubileo\/#primaryimage"},"thumbnailUrl":"https:\/\/www.diocesisciudadrodrigo.org\/blog4\/wp-content\/uploads\/2025\/11\/residencia-san-jose-hermanitas-ancianos-celebrcion-jubilar11.04.00-1.jpeg","articleSection":["Noticias"],"inLanguage":"es"},{"@type":"WebPage","@id":"https:\/\/www.diocesisciudadrodrigo.org\/blog4\/el-obispo-comparte-con-los-mayores-de-la-residencia-san-jose-la-alegria-del-jubileo\/","url":"https:\/\/www.diocesisciudadrodrigo.org\/blog4\/el-obispo-comparte-con-los-mayores-de-la-residencia-san-jose-la-alegria-del-jubileo\/","name":"El obispo comparte con los mayores de la Residencia San Jos\u00e9 la alegr\u00eda del Jubileo - Di\u00f3cesis de Ciudad Rodrigo","isPartOf":{"@id":"https:\/\/www.diocesisciudadrodrigo.org\/blog4\/#website"},"primaryImageOfPage":{"@id":"https:\/\/www.diocesisciudadrodrigo.org\/blog4\/el-obispo-comparte-con-los-mayores-de-la-residencia-san-jose-la-alegria-del-jubileo\/#primaryimage"},"image":{"@id":"https:\/\/www.diocesisciudadrodrigo.org\/blog4\/el-obispo-comparte-con-los-mayores-de-la-residencia-san-jose-la-alegria-del-jubileo\/#primaryimage"},"thumbnailUrl":"https:\/\/www.diocesisciudadrodrigo.org\/blog4\/wp-content\/uploads\/2025\/11\/residencia-san-jose-hermanitas-ancianos-celebrcion-jubilar11.04.00-1.jpeg","datePublished":"2025-11-24T15:33:53+00:00","dateModified":"2025-11-24T15:36:08+00:00","breadcrumb":{"@id":"https:\/\/www.diocesisciudadrodrigo.org\/blog4\/el-obispo-comparte-con-los-mayores-de-la-residencia-san-jose-la-alegria-del-jubileo\/#breadcrumb"},"inLanguage":"es","potentialAction":[{"@type":"ReadAction","target":["https:\/\/www.diocesisciudadrodrigo.org\/blog4\/el-obispo-comparte-con-los-mayores-de-la-residencia-san-jose-la-alegria-del-jubileo\/"]}]},{"@type":"ImageObject","inLanguage":"es","@id":"https:\/\/www.diocesisciudadrodrigo.org\/blog4\/el-obispo-comparte-con-los-mayores-de-la-residencia-san-jose-la-alegria-del-jubileo\/#primaryimage","url":"https:\/\/www.diocesisciudadrodrigo.org\/blog4\/wp-content\/uploads\/2025\/11\/residencia-san-jose-hermanitas-ancianos-celebrcion-jubilar11.04.00-1.jpeg","contentUrl":"https:\/\/www.diocesisciudadrodrigo.org\/blog4\/wp-content\/uploads\/2025\/11\/residencia-san-jose-hermanitas-ancianos-celebrcion-jubilar11.04.00-1.jpeg","width":1600,"height":1200},{"@type":"BreadcrumbList","@id":"https:\/\/www.diocesisciudadrodrigo.org\/blog4\/el-obispo-comparte-con-los-mayores-de-la-residencia-san-jose-la-alegria-del-jubileo\/#breadcrumb","itemListElement":[{"@type":"ListItem","position":1,"name":"Portada","item":"https:\/\/www.diocesisciudadrodrigo.org\/blog4\/"},{"@type":"ListItem","position":2,"name":"El obispo comparte con los mayores de la Residencia San Jos\u00e9 la alegr\u00eda del Jubileo"}]},{"@type":"WebSite","@id":"https:\/\/www.diocesisciudadrodrigo.org\/blog4\/#website","url":"https:\/\/www.diocesisciudadrodrigo.org\/blog4\/","name":"Di\u00f3cesis de Ciudad Rodrigo","description":"Sitio web oficial de la di\u00f3cesis civitatense","publisher":{"@id":"https:\/\/www.diocesisciudadrodrigo.org\/blog4\/#organization"},"potentialAction":[{"@type":"SearchAction","target":{"@type":"EntryPoint","urlTemplate":"https:\/\/www.diocesisciudadrodrigo.org\/blog4\/?s={search_term_string}"},"query-input":{"@type":"PropertyValueSpecification","valueRequired":true,"valueName":"search_term_string"}}],"inLanguage":"es"},{"@type":"Organization","@id":"https:\/\/www.diocesisciudadrodrigo.org\/blog4\/#organization","name":"Di\u00f3cesis de Ciudad Rodrigo","url":"https:\/\/www.diocesisciudadrodrigo.org\/blog4\/","logo":{"@type":"ImageObject","inLanguage":"es","@id":"https:\/\/www.diocesisciudadrodrigo.org\/blog4\/#\/schema\/logo\/image\/","url":"https:\/\/www.diocesisciudadrodrigo.org\/blog4\/wp-content\/uploads\/2024\/12\/Diocesis.CMYK_-768x480-1.jpg","contentUrl":"https:\/\/www.diocesisciudadrodrigo.org\/blog4\/wp-content\/uploads\/2024\/12\/Diocesis.CMYK_-768x480-1.jpg","width":768,"height":480,"caption":"Di\u00f3cesis de Ciudad Rodrigo"},"image":{"@id":"https:\/\/www.diocesisciudadrodrigo.org\/blog4\/#\/schema\/logo\/image\/"},"sameAs":["https:\/\/www.facebook.com\/people\/Dicesis-Ciudad-Rodrigo-MCS\/100076471923419\/#"]},{"@type":"Person","@id":"https:\/\/www.diocesisciudadrodrigo.org\/blog4\/#\/schema\/person\/5fcf0ca636a75766ff70e6417b6ed052","name":"medios CR","image":{"@type":"ImageObject","inLanguage":"es","@id":"https:\/\/secure.gravatar.com\/avatar\/4a619fd0c7e36bd570f4e6e15eb09a2191185d0f63d8dbfdffe848af141ab87e?s=96&d=mm&r=g","url":"https:\/\/secure.gravatar.com\/avatar\/4a619fd0c7e36bd570f4e6e15eb09a2191185d0f63d8dbfdffe848af141ab87e?s=96&d=mm&r=g","contentUrl":"https:\/\/secure.gravatar.com\/avatar\/4a619fd0c7e36bd570f4e6e15eb09a2191185d0f63d8dbfdffe848af141ab87e?s=96&d=mm&r=g","caption":"medios CR"},"url":"https:\/\/www.diocesisciudadrodrigo.org\/blog4\/author\/admin4\/"}]}},"_links":{"self":[{"href":"https:\/\/www.diocesisciudadrodrigo.org\/blog4\/wp-json\/wp\/v2\/posts\/40729","targetHints":{"allow":["GET"]}}],"collection":[{"href":"https:\/\/www.diocesisciudadrodrigo.org\/blog4\/wp-json\/wp\/v2\/posts"}],"about":[{"href":"https:\/\/www.diocesisciudadrodrigo.org\/blog4\/wp-json\/wp\/v2\/types\/post"}],"author":[{"embeddable":true,"href":"https:\/\/www.diocesisciudadrodrigo.org\/blog4\/wp-json\/wp\/v2\/users\/1"}],"replies":[{"embeddable":true,"href":"https:\/\/www.diocesisciudadrodrigo.org\/blog4\/wp-json\/wp\/v2\/comments?post=40729"}],"version-history":[{"count":25,"href":"https:\/\/www.diocesisciudadrodrigo.org\/blog4\/wp-json\/wp\/v2\/posts\/40729\/revisions"}],"predecessor-version":[{"id":40763,"href":"https:\/\/www.diocesisciudadrodrigo.org\/blog4\/wp-json\/wp\/v2\/posts\/40729\/revisions\/40763"}],"wp:featuredmedia":[{"embeddable":true,"href":"https:\/\/www.diocesisciudadrodrigo.org\/blog4\/wp-json\/wp\/v2\/media\/40753"}],"wp:attachment":[{"href":"https:\/\/www.diocesisciudadrodrigo.org\/blog4\/wp-json\/wp\/v2\/media?parent=40729"}],"wp:term":[{"taxonomy":"category","embeddable":true,"href":"https:\/\/www.diocesisciudadrodrigo.org\/blog4\/wp-json\/wp\/v2\/categories?post=40729"},{"taxonomy":"post_tag","embeddable":true,"href":"https:\/\/www.diocesisciudadrodrigo.org\/blog4\/wp-json\/wp\/v2\/tags?post=40729"}],"curies":[{"name":"wp","href":"https:\/\/api.w.org\/{rel}","templated":true}]}}