{"id":40688,"date":"2025-11-21T19:47:23","date_gmt":"2025-11-21T18:47:23","guid":{"rendered":"https:\/\/www.diocesisciudadrodrigo.org\/blog4\/?p=40688"},"modified":"2025-11-21T20:00:02","modified_gmt":"2025-11-21T19:00:02","slug":"el-seminario-san-cayetano-celebrara-su-fiesta-con-una-eucaristia-por-las-vocaciones-sacerdotales","status":"publish","type":"post","link":"https:\/\/www.diocesisciudadrodrigo.org\/blog4\/el-seminario-san-cayetano-celebrara-su-fiesta-con-una-eucaristia-por-las-vocaciones-sacerdotales\/","title":{"rendered":"El Seminario San Cayetano celebrar\u00e1 su fiesta con una eucarist\u00eda por las vocaciones sacerdotales"},"content":{"rendered":"\t\t<div data-elementor-type=\"wp-post\" data-elementor-id=\"40688\" class=\"elementor elementor-40688\" data-elementor-settings=\"[]\">\n\t\t\t\t\t\t<div class=\"elementor-inner\">\n\t\t\t\t\t\t\t<div class=\"elementor-section-wrap\">\n\t\t\t\t\t\t\t<section class=\"elementor-section elementor-top-section elementor-element elementor-element-2121df9 elementor-section-boxed elementor-section-height-default elementor-section-height-default\" data-id=\"2121df9\" data-element_type=\"section\">\n\t\t\t\t\t\t<div class=\"elementor-container elementor-column-gap-default\">\n\t\t\t\t\t\t\t<div class=\"elementor-row\">\n\t\t\t\t\t<div class=\"elementor-column elementor-col-100 elementor-top-column elementor-element elementor-element-27c7a5d\" data-id=\"27c7a5d\" data-element_type=\"column\">\n\t\t\t<div class=\"elementor-column-wrap elementor-element-populated\">\n\t\t\t\t\t\t\t<div class=\"elementor-widget-wrap\">\n\t\t\t\t\t\t<div class=\"elementor-element elementor-element-ed0c4df elementor-widget elementor-widget-text-editor\" data-id=\"ed0c4df\" data-element_type=\"widget\" data-widget_type=\"text-editor.default\">\n\t\t\t\t<div class=\"elementor-widget-container\">\n\t\t\t\t\t\t\t\t<div class=\"elementor-text-editor elementor-clearfix\">\n\t\t\t\t<h3>La misa, con la participaci\u00f3n de la comunidad de la Casa Sacerdotal, tendr\u00e1 lugar el martes, 25 de noviembre, a las 13:00 horas en la capilla de la primera planta\u00a0<\/h3><p><strong>DELEGACI\u00d3N DE MEDIOS<\/strong><\/p><p data-start=\"237\" data-end=\"614\">El <strong>Seminario diocesano San Cayetano<\/strong> de Ciudad Rodrigo celebrar\u00e1 este a\u00f1o la fiesta de su patr\u00f3n el <strong data-start=\"336\" data-end=\"363\">martes, 25 de noviembre<\/strong>, v\u00edspera de la memoria lit\u00fargica de San Cayetano, que la Iglesia conmemora cada <strong data-start=\"442\" data-end=\"461\">26 de noviembre<\/strong>. Con este motivo, se celebrar\u00e1 una <strong data-start=\"497\" data-end=\"544\">eucarist\u00eda por las vocaciones al sacerdocio<\/strong>, promovida por el Seminario y la comunidad de la <strong data-start=\"594\" data-end=\"613\">Casa Sacerdotal<\/strong>.<\/p><p data-start=\"616\" data-end=\"884\">La misa tendr\u00e1 lugar a las <strong data-start=\"643\" data-end=\"658\">13:00 horas<\/strong> en la <strong>capilla de la primera planta del Seminario diocesano<\/strong>, un espacio recientemente remodelado que alberga una imagen del santo patr\u00f3n. Ante ella se pedir\u00e1 de manera especial su intercesi\u00f3n para que el Se\u00f1or \u201cenv\u00ede obreros a su mies\u201d, y bendiga con nuevas vocaciones al ministerio sacerdotal a nuestra Iglesia diocesana.<\/p><p data-start=\"886\" data-end=\"1273\"><strong data-start=\"886\" data-end=\"902\">San Cayetano <\/strong>(Vicenza, 1480- N\u00e1poles, 1547) fue un sacerdote italiano que destac\u00f3 por su profunda vida de oraci\u00f3n, su compromiso con la caridad y la atenci\u00f3n a los enfermos, as\u00ed como por su deseo de renovar la vida sacerdotal seg\u00fan el estilo de los Ap\u00f3stoles. Cofundador de la Orden de los Cl\u00e9rigos Regulares Teatinos, es recordado por su confianza en la Divina Providencia y su entrega a los m\u00e1s necesitados.<\/p>\t\t\t\t\t<\/div>\n\t\t\t\t\t\t<\/div>\n\t\t\t\t<\/div>\n\t\t\t\t\t\t<\/div>\n\t\t\t\t\t<\/div>\n\t\t<\/div>\n\t\t\t\t\t\t\t\t<\/div>\n\t\t\t\t\t<\/div>\n\t\t<\/section>\n\t\t\t\t<section class=\"elementor-section elementor-top-section elementor-element elementor-element-c310c98 elementor-section-boxed elementor-section-height-default elementor-section-height-default\" data-id=\"c310c98\" data-element_type=\"section\">\n\t\t\t\t\t\t<div class=\"elementor-container elementor-column-gap-default\">\n\t\t\t\t\t\t\t<div class=\"elementor-row\">\n\t\t\t\t\t<div class=\"elementor-column elementor-col-100 elementor-top-column elementor-element elementor-element-d1586e6\" data-id=\"d1586e6\" data-element_type=\"column\">\n\t\t\t<div class=\"elementor-column-wrap elementor-element-populated\">\n\t\t\t\t\t\t\t<div class=\"elementor-widget-wrap\">\n\t\t\t\t\t\t<div class=\"elementor-element elementor-element-16b8185 elementor-widget elementor-widget-image\" data-id=\"16b8185\" data-element_type=\"widget\" data-widget_type=\"image.default\">\n\t\t\t\t<div class=\"elementor-widget-container\">\n\t\t\t\t\t\t\t\t<div class=\"elementor-image\">\n\t\t\t\t\t\t\t\t\t\t\t\t<img loading=\"lazy\" decoding=\"async\" width=\"1200\" height=\"1697\" src=\"https:\/\/www.diocesisciudadrodrigo.org\/blog4\/wp-content\/uploads\/2025\/11\/CIUDAD-RODRIGO-CARTEL-MISA-VOCACIONES-1.png\" class=\"attachment-large size-large\" alt=\"\" srcset=\"https:\/\/www.diocesisciudadrodrigo.org\/blog4\/wp-content\/uploads\/2025\/11\/CIUDAD-RODRIGO-CARTEL-MISA-VOCACIONES-1.png 1414w, https:\/\/www.diocesisciudadrodrigo.org\/blog4\/wp-content\/uploads\/2025\/11\/CIUDAD-RODRIGO-CARTEL-MISA-VOCACIONES-1-707x1000.png 707w, https:\/\/www.diocesisciudadrodrigo.org\/blog4\/wp-content\/uploads\/2025\/11\/CIUDAD-RODRIGO-CARTEL-MISA-VOCACIONES-1-768x1086.png 768w, https:\/\/www.diocesisciudadrodrigo.org\/blog4\/wp-content\/uploads\/2025\/11\/CIUDAD-RODRIGO-CARTEL-MISA-VOCACIONES-1-1086x1536.png 1086w, https:\/\/www.diocesisciudadrodrigo.org\/blog4\/wp-content\/uploads\/2025\/11\/CIUDAD-RODRIGO-CARTEL-MISA-VOCACIONES-1-350x495.png 350w\" sizes=\"auto, (max-width: 1200px) 100vw, 1200px\" \/>\t\t\t\t\t\t\t\t\t\t\t\t\t\t<\/div>\n\t\t\t\t\t\t<\/div>\n\t\t\t\t<\/div>\n\t\t\t\t\t\t<\/div>\n\t\t\t\t\t<\/div>\n\t\t<\/div>\n\t\t\t\t\t\t\t\t<\/div>\n\t\t\t\t\t<\/div>\n\t\t<\/section>\n\t\t\t\t\t\t<\/div>\n\t\t\t\t\t\t<\/div>\n\t\t\t\t\t<\/div>\n\t\t","protected":false},"excerpt":{"rendered":"<p>La misa, con la participaci\u00f3n de la comunidad de la Casa Sacerdotal, tendr\u00e1 lugar el martes, 25 de noviembre, a las 13:00 horas en la capilla de la primera planta\u00a0 &#8230; <\/p>\n<p class=\"read-more-container\"><a title=\"El Seminario San Cayetano celebrar\u00e1 su fiesta con una eucarist\u00eda por las vocaciones sacerdotales\" class=\"read-more button\" href=\"https:\/\/www.diocesisciudadrodrigo.org\/blog4\/el-seminario-san-cayetano-celebrara-su-fiesta-con-una-eucaristia-por-las-vocaciones-sacerdotales\/#more-40688\" aria-label=\"M\u00e1s en El Seminario San Cayetano celebrar\u00e1 su fiesta con una eucarist\u00eda por las vocaciones sacerdotales\">Leer m\u00e1s &#8230;<\/a><\/p>\n","protected":false},"author":1,"featured_media":40673,"comment_status":"closed","ping_status":"closed","sticky":false,"template":"","format":"standard","meta":{"footnotes":""},"categories":[6],"tags":[],"class_list":["post-40688","post","type-post","status-publish","format-standard","has-post-thumbnail","hentry","category-noticias","masonry-post","generate-columns","tablet-grid-50","mobile-grid-100","grid-parent","grid-50"],"yoast_head":"<!-- This site is optimized with the Yoast SEO plugin v27.3 - https:\/\/yoast.com\/product\/yoast-seo-wordpress\/ -->\n<title>El Seminario San Cayetano celebrar\u00e1 su fiesta con una eucarist\u00eda por las vocaciones sacerdotales - Di\u00f3cesis de Ciudad Rodrigo<\/title>\n<meta name=\"robots\" content=\"index, follow, max-snippet:-1, max-image-preview:large, max-video-preview:-1\" \/>\n<link rel=\"canonical\" href=\"https:\/\/www.diocesisciudadrodrigo.org\/blog4\/el-seminario-san-cayetano-celebrara-su-fiesta-con-una-eucaristia-por-las-vocaciones-sacerdotales\/\" \/>\n<meta property=\"og:locale\" content=\"es_ES\" \/>\n<meta property=\"og:type\" content=\"article\" \/>\n<meta property=\"og:title\" content=\"El Seminario San Cayetano celebrar\u00e1 su fiesta con una eucarist\u00eda por las vocaciones sacerdotales - Di\u00f3cesis de Ciudad Rodrigo\" \/>\n<meta property=\"og:description\" content=\"La misa, con la participaci\u00f3n de la comunidad de la Casa Sacerdotal, tendr\u00e1 lugar el martes, 25 de noviembre, a las 13:00 horas en la capilla de la primera planta\u00a0 ... Leer m\u00e1s ...\" \/>\n<meta property=\"og:url\" content=\"https:\/\/www.diocesisciudadrodrigo.org\/blog4\/el-seminario-san-cayetano-celebrara-su-fiesta-con-una-eucaristia-por-las-vocaciones-sacerdotales\/\" \/>\n<meta property=\"og:site_name\" content=\"Di\u00f3cesis de Ciudad Rodrigo\" \/>\n<meta property=\"article:publisher\" content=\"https:\/\/www.facebook.com\/people\/Dicesis-Ciudad-Rodrigo-MCS\/100076471923419\/#\" \/>\n<meta property=\"article:published_time\" content=\"2025-11-21T18:47:23+00:00\" \/>\n<meta property=\"article:modified_time\" content=\"2025-11-21T19:00:02+00:00\" \/>\n<meta property=\"og:image\" content=\"https:\/\/www.diocesisciudadrodrigo.org\/blog4\/wp-content\/uploads\/2025\/11\/CIUDAD-RODRIGO-CARTEL-MISA-VOCACIONES-1.png\" \/>\n\t<meta property=\"og:image:width\" content=\"1200\" \/>\n\t<meta property=\"og:image:height\" content=\"1697\" \/>\n\t<meta property=\"og:image:type\" content=\"image\/png\" \/>\n<meta name=\"author\" content=\"medios CR\" \/>\n<meta name=\"twitter:card\" content=\"summary_large_image\" \/>\n<meta name=\"twitter:label1\" content=\"Escrito por\" \/>\n\t<meta name=\"twitter:data1\" content=\"medios CR\" \/>\n\t<meta name=\"twitter:label2\" content=\"Tiempo de lectura\" \/>\n\t<meta name=\"twitter:data2\" content=\"1 minuto\" \/>\n<script type=\"application\/ld+json\" class=\"yoast-schema-graph\">{\"@context\":\"https:\\\/\\\/schema.org\",\"@graph\":[{\"@type\":\"Article\",\"@id\":\"https:\\\/\\\/www.diocesisciudadrodrigo.org\\\/blog4\\\/el-seminario-san-cayetano-celebrara-su-fiesta-con-una-eucaristia-por-las-vocaciones-sacerdotales\\\/#article\",\"isPartOf\":{\"@id\":\"https:\\\/\\\/www.diocesisciudadrodrigo.org\\\/blog4\\\/el-seminario-san-cayetano-celebrara-su-fiesta-con-una-eucaristia-por-las-vocaciones-sacerdotales\\\/\"},\"author\":{\"name\":\"medios CR\",\"@id\":\"https:\\\/\\\/www.diocesisciudadrodrigo.org\\\/blog4\\\/#\\\/schema\\\/person\\\/5fcf0ca636a75766ff70e6417b6ed052\"},\"headline\":\"El Seminario San Cayetano celebrar\u00e1 su fiesta con una eucarist\u00eda por las vocaciones sacerdotales\",\"datePublished\":\"2025-11-21T18:47:23+00:00\",\"dateModified\":\"2025-11-21T19:00:02+00:00\",\"mainEntityOfPage\":{\"@id\":\"https:\\\/\\\/www.diocesisciudadrodrigo.org\\\/blog4\\\/el-seminario-san-cayetano-celebrara-su-fiesta-con-una-eucaristia-por-las-vocaciones-sacerdotales\\\/\"},\"wordCount\":249,\"publisher\":{\"@id\":\"https:\\\/\\\/www.diocesisciudadrodrigo.org\\\/blog4\\\/#organization\"},\"image\":{\"@id\":\"https:\\\/\\\/www.diocesisciudadrodrigo.org\\\/blog4\\\/el-seminario-san-cayetano-celebrara-su-fiesta-con-una-eucaristia-por-las-vocaciones-sacerdotales\\\/#primaryimage\"},\"thumbnailUrl\":\"https:\\\/\\\/www.diocesisciudadrodrigo.org\\\/blog4\\\/wp-content\\\/uploads\\\/2025\\\/11\\\/CIUDAD-RODRIGO-CARTEL-MISA-VOCACIONES-1.png\",\"articleSection\":[\"Noticias\"],\"inLanguage\":\"es\"},{\"@type\":\"WebPage\",\"@id\":\"https:\\\/\\\/www.diocesisciudadrodrigo.org\\\/blog4\\\/el-seminario-san-cayetano-celebrara-su-fiesta-con-una-eucaristia-por-las-vocaciones-sacerdotales\\\/\",\"url\":\"https:\\\/\\\/www.diocesisciudadrodrigo.org\\\/blog4\\\/el-seminario-san-cayetano-celebrara-su-fiesta-con-una-eucaristia-por-las-vocaciones-sacerdotales\\\/\",\"name\":\"El Seminario San Cayetano celebrar\u00e1 su fiesta con una eucarist\u00eda por las vocaciones sacerdotales - Di\u00f3cesis de Ciudad Rodrigo\",\"isPartOf\":{\"@id\":\"https:\\\/\\\/www.diocesisciudadrodrigo.org\\\/blog4\\\/#website\"},\"primaryImageOfPage\":{\"@id\":\"https:\\\/\\\/www.diocesisciudadrodrigo.org\\\/blog4\\\/el-seminario-san-cayetano-celebrara-su-fiesta-con-una-eucaristia-por-las-vocaciones-sacerdotales\\\/#primaryimage\"},\"image\":{\"@id\":\"https:\\\/\\\/www.diocesisciudadrodrigo.org\\\/blog4\\\/el-seminario-san-cayetano-celebrara-su-fiesta-con-una-eucaristia-por-las-vocaciones-sacerdotales\\\/#primaryimage\"},\"thumbnailUrl\":\"https:\\\/\\\/www.diocesisciudadrodrigo.org\\\/blog4\\\/wp-content\\\/uploads\\\/2025\\\/11\\\/CIUDAD-RODRIGO-CARTEL-MISA-VOCACIONES-1.png\",\"datePublished\":\"2025-11-21T18:47:23+00:00\",\"dateModified\":\"2025-11-21T19:00:02+00:00\",\"breadcrumb\":{\"@id\":\"https:\\\/\\\/www.diocesisciudadrodrigo.org\\\/blog4\\\/el-seminario-san-cayetano-celebrara-su-fiesta-con-una-eucaristia-por-las-vocaciones-sacerdotales\\\/#breadcrumb\"},\"inLanguage\":\"es\",\"potentialAction\":[{\"@type\":\"ReadAction\",\"target\":[\"https:\\\/\\\/www.diocesisciudadrodrigo.org\\\/blog4\\\/el-seminario-san-cayetano-celebrara-su-fiesta-con-una-eucaristia-por-las-vocaciones-sacerdotales\\\/\"]}]},{\"@type\":\"ImageObject\",\"inLanguage\":\"es\",\"@id\":\"https:\\\/\\\/www.diocesisciudadrodrigo.org\\\/blog4\\\/el-seminario-san-cayetano-celebrara-su-fiesta-con-una-eucaristia-por-las-vocaciones-sacerdotales\\\/#primaryimage\",\"url\":\"https:\\\/\\\/www.diocesisciudadrodrigo.org\\\/blog4\\\/wp-content\\\/uploads\\\/2025\\\/11\\\/CIUDAD-RODRIGO-CARTEL-MISA-VOCACIONES-1.png\",\"contentUrl\":\"https:\\\/\\\/www.diocesisciudadrodrigo.org\\\/blog4\\\/wp-content\\\/uploads\\\/2025\\\/11\\\/CIUDAD-RODRIGO-CARTEL-MISA-VOCACIONES-1.png\",\"width\":1414,\"height\":2000},{\"@type\":\"BreadcrumbList\",\"@id\":\"https:\\\/\\\/www.diocesisciudadrodrigo.org\\\/blog4\\\/el-seminario-san-cayetano-celebrara-su-fiesta-con-una-eucaristia-por-las-vocaciones-sacerdotales\\\/#breadcrumb\",\"itemListElement\":[{\"@type\":\"ListItem\",\"position\":1,\"name\":\"Portada\",\"item\":\"https:\\\/\\\/www.diocesisciudadrodrigo.org\\\/blog4\\\/\"},{\"@type\":\"ListItem\",\"position\":2,\"name\":\"El Seminario San Cayetano celebrar\u00e1 su fiesta con una eucarist\u00eda por las vocaciones sacerdotales\"}]},{\"@type\":\"WebSite\",\"@id\":\"https:\\\/\\\/www.diocesisciudadrodrigo.org\\\/blog4\\\/#website\",\"url\":\"https:\\\/\\\/www.diocesisciudadrodrigo.org\\\/blog4\\\/\",\"name\":\"Di\u00f3cesis de Ciudad Rodrigo\",\"description\":\"Sitio web oficial de la di\u00f3cesis civitatense\",\"publisher\":{\"@id\":\"https:\\\/\\\/www.diocesisciudadrodrigo.org\\\/blog4\\\/#organization\"},\"potentialAction\":[{\"@type\":\"SearchAction\",\"target\":{\"@type\":\"EntryPoint\",\"urlTemplate\":\"https:\\\/\\\/www.diocesisciudadrodrigo.org\\\/blog4\\\/?s={search_term_string}\"},\"query-input\":{\"@type\":\"PropertyValueSpecification\",\"valueRequired\":true,\"valueName\":\"search_term_string\"}}],\"inLanguage\":\"es\"},{\"@type\":\"Organization\",\"@id\":\"https:\\\/\\\/www.diocesisciudadrodrigo.org\\\/blog4\\\/#organization\",\"name\":\"Di\u00f3cesis de Ciudad Rodrigo\",\"url\":\"https:\\\/\\\/www.diocesisciudadrodrigo.org\\\/blog4\\\/\",\"logo\":{\"@type\":\"ImageObject\",\"inLanguage\":\"es\",\"@id\":\"https:\\\/\\\/www.diocesisciudadrodrigo.org\\\/blog4\\\/#\\\/schema\\\/logo\\\/image\\\/\",\"url\":\"https:\\\/\\\/www.diocesisciudadrodrigo.org\\\/blog4\\\/wp-content\\\/uploads\\\/2024\\\/12\\\/Diocesis.CMYK_-768x480-1.jpg\",\"contentUrl\":\"https:\\\/\\\/www.diocesisciudadrodrigo.org\\\/blog4\\\/wp-content\\\/uploads\\\/2024\\\/12\\\/Diocesis.CMYK_-768x480-1.jpg\",\"width\":768,\"height\":480,\"caption\":\"Di\u00f3cesis de Ciudad Rodrigo\"},\"image\":{\"@id\":\"https:\\\/\\\/www.diocesisciudadrodrigo.org\\\/blog4\\\/#\\\/schema\\\/logo\\\/image\\\/\"},\"sameAs\":[\"https:\\\/\\\/www.facebook.com\\\/people\\\/Dicesis-Ciudad-Rodrigo-MCS\\\/100076471923419\\\/#\"]},{\"@type\":\"Person\",\"@id\":\"https:\\\/\\\/www.diocesisciudadrodrigo.org\\\/blog4\\\/#\\\/schema\\\/person\\\/5fcf0ca636a75766ff70e6417b6ed052\",\"name\":\"medios CR\",\"image\":{\"@type\":\"ImageObject\",\"inLanguage\":\"es\",\"@id\":\"https:\\\/\\\/secure.gravatar.com\\\/avatar\\\/4a619fd0c7e36bd570f4e6e15eb09a2191185d0f63d8dbfdffe848af141ab87e?s=96&d=mm&r=g\",\"url\":\"https:\\\/\\\/secure.gravatar.com\\\/avatar\\\/4a619fd0c7e36bd570f4e6e15eb09a2191185d0f63d8dbfdffe848af141ab87e?s=96&d=mm&r=g\",\"contentUrl\":\"https:\\\/\\\/secure.gravatar.com\\\/avatar\\\/4a619fd0c7e36bd570f4e6e15eb09a2191185d0f63d8dbfdffe848af141ab87e?s=96&d=mm&r=g\",\"caption\":\"medios CR\"},\"url\":\"https:\\\/\\\/www.diocesisciudadrodrigo.org\\\/blog4\\\/author\\\/admin4\\\/\"}]}<\/script>\n<!-- \/ Yoast SEO plugin. -->","yoast_head_json":{"title":"El Seminario San Cayetano celebrar\u00e1 su fiesta con una eucarist\u00eda por las vocaciones sacerdotales - Di\u00f3cesis de Ciudad Rodrigo","robots":{"index":"index","follow":"follow","max-snippet":"max-snippet:-1","max-image-preview":"max-image-preview:large","max-video-preview":"max-video-preview:-1"},"canonical":"https:\/\/www.diocesisciudadrodrigo.org\/blog4\/el-seminario-san-cayetano-celebrara-su-fiesta-con-una-eucaristia-por-las-vocaciones-sacerdotales\/","og_locale":"es_ES","og_type":"article","og_title":"El Seminario San Cayetano celebrar\u00e1 su fiesta con una eucarist\u00eda por las vocaciones sacerdotales - Di\u00f3cesis de Ciudad Rodrigo","og_description":"La misa, con la participaci\u00f3n de la comunidad de la Casa Sacerdotal, tendr\u00e1 lugar el martes, 25 de noviembre, a las 13:00 horas en la capilla de la primera planta\u00a0 ... Leer m\u00e1s ...","og_url":"https:\/\/www.diocesisciudadrodrigo.org\/blog4\/el-seminario-san-cayetano-celebrara-su-fiesta-con-una-eucaristia-por-las-vocaciones-sacerdotales\/","og_site_name":"Di\u00f3cesis de Ciudad Rodrigo","article_publisher":"https:\/\/www.facebook.com\/people\/Dicesis-Ciudad-Rodrigo-MCS\/100076471923419\/#","article_published_time":"2025-11-21T18:47:23+00:00","article_modified_time":"2025-11-21T19:00:02+00:00","og_image":[{"url":"https:\/\/www.diocesisciudadrodrigo.org\/blog4\/wp-content\/uploads\/2025\/11\/CIUDAD-RODRIGO-CARTEL-MISA-VOCACIONES-1.png","width":1200,"height":1697,"type":"image\/png"}],"author":"medios CR","twitter_card":"summary_large_image","twitter_misc":{"Escrito por":"medios CR","Tiempo de lectura":"1 minuto"},"schema":{"@context":"https:\/\/schema.org","@graph":[{"@type":"Article","@id":"https:\/\/www.diocesisciudadrodrigo.org\/blog4\/el-seminario-san-cayetano-celebrara-su-fiesta-con-una-eucaristia-por-las-vocaciones-sacerdotales\/#article","isPartOf":{"@id":"https:\/\/www.diocesisciudadrodrigo.org\/blog4\/el-seminario-san-cayetano-celebrara-su-fiesta-con-una-eucaristia-por-las-vocaciones-sacerdotales\/"},"author":{"name":"medios CR","@id":"https:\/\/www.diocesisciudadrodrigo.org\/blog4\/#\/schema\/person\/5fcf0ca636a75766ff70e6417b6ed052"},"headline":"El Seminario San Cayetano celebrar\u00e1 su fiesta con una eucarist\u00eda por las vocaciones sacerdotales","datePublished":"2025-11-21T18:47:23+00:00","dateModified":"2025-11-21T19:00:02+00:00","mainEntityOfPage":{"@id":"https:\/\/www.diocesisciudadrodrigo.org\/blog4\/el-seminario-san-cayetano-celebrara-su-fiesta-con-una-eucaristia-por-las-vocaciones-sacerdotales\/"},"wordCount":249,"publisher":{"@id":"https:\/\/www.diocesisciudadrodrigo.org\/blog4\/#organization"},"image":{"@id":"https:\/\/www.diocesisciudadrodrigo.org\/blog4\/el-seminario-san-cayetano-celebrara-su-fiesta-con-una-eucaristia-por-las-vocaciones-sacerdotales\/#primaryimage"},"thumbnailUrl":"https:\/\/www.diocesisciudadrodrigo.org\/blog4\/wp-content\/uploads\/2025\/11\/CIUDAD-RODRIGO-CARTEL-MISA-VOCACIONES-1.png","articleSection":["Noticias"],"inLanguage":"es"},{"@type":"WebPage","@id":"https:\/\/www.diocesisciudadrodrigo.org\/blog4\/el-seminario-san-cayetano-celebrara-su-fiesta-con-una-eucaristia-por-las-vocaciones-sacerdotales\/","url":"https:\/\/www.diocesisciudadrodrigo.org\/blog4\/el-seminario-san-cayetano-celebrara-su-fiesta-con-una-eucaristia-por-las-vocaciones-sacerdotales\/","name":"El Seminario San Cayetano celebrar\u00e1 su fiesta con una eucarist\u00eda por las vocaciones sacerdotales - Di\u00f3cesis de Ciudad Rodrigo","isPartOf":{"@id":"https:\/\/www.diocesisciudadrodrigo.org\/blog4\/#website"},"primaryImageOfPage":{"@id":"https:\/\/www.diocesisciudadrodrigo.org\/blog4\/el-seminario-san-cayetano-celebrara-su-fiesta-con-una-eucaristia-por-las-vocaciones-sacerdotales\/#primaryimage"},"image":{"@id":"https:\/\/www.diocesisciudadrodrigo.org\/blog4\/el-seminario-san-cayetano-celebrara-su-fiesta-con-una-eucaristia-por-las-vocaciones-sacerdotales\/#primaryimage"},"thumbnailUrl":"https:\/\/www.diocesisciudadrodrigo.org\/blog4\/wp-content\/uploads\/2025\/11\/CIUDAD-RODRIGO-CARTEL-MISA-VOCACIONES-1.png","datePublished":"2025-11-21T18:47:23+00:00","dateModified":"2025-11-21T19:00:02+00:00","breadcrumb":{"@id":"https:\/\/www.diocesisciudadrodrigo.org\/blog4\/el-seminario-san-cayetano-celebrara-su-fiesta-con-una-eucaristia-por-las-vocaciones-sacerdotales\/#breadcrumb"},"inLanguage":"es","potentialAction":[{"@type":"ReadAction","target":["https:\/\/www.diocesisciudadrodrigo.org\/blog4\/el-seminario-san-cayetano-celebrara-su-fiesta-con-una-eucaristia-por-las-vocaciones-sacerdotales\/"]}]},{"@type":"ImageObject","inLanguage":"es","@id":"https:\/\/www.diocesisciudadrodrigo.org\/blog4\/el-seminario-san-cayetano-celebrara-su-fiesta-con-una-eucaristia-por-las-vocaciones-sacerdotales\/#primaryimage","url":"https:\/\/www.diocesisciudadrodrigo.org\/blog4\/wp-content\/uploads\/2025\/11\/CIUDAD-RODRIGO-CARTEL-MISA-VOCACIONES-1.png","contentUrl":"https:\/\/www.diocesisciudadrodrigo.org\/blog4\/wp-content\/uploads\/2025\/11\/CIUDAD-RODRIGO-CARTEL-MISA-VOCACIONES-1.png","width":1414,"height":2000},{"@type":"BreadcrumbList","@id":"https:\/\/www.diocesisciudadrodrigo.org\/blog4\/el-seminario-san-cayetano-celebrara-su-fiesta-con-una-eucaristia-por-las-vocaciones-sacerdotales\/#breadcrumb","itemListElement":[{"@type":"ListItem","position":1,"name":"Portada","item":"https:\/\/www.diocesisciudadrodrigo.org\/blog4\/"},{"@type":"ListItem","position":2,"name":"El Seminario San Cayetano celebrar\u00e1 su fiesta con una eucarist\u00eda por las vocaciones sacerdotales"}]},{"@type":"WebSite","@id":"https:\/\/www.diocesisciudadrodrigo.org\/blog4\/#website","url":"https:\/\/www.diocesisciudadrodrigo.org\/blog4\/","name":"Di\u00f3cesis de Ciudad Rodrigo","description":"Sitio web oficial de la di\u00f3cesis civitatense","publisher":{"@id":"https:\/\/www.diocesisciudadrodrigo.org\/blog4\/#organization"},"potentialAction":[{"@type":"SearchAction","target":{"@type":"EntryPoint","urlTemplate":"https:\/\/www.diocesisciudadrodrigo.org\/blog4\/?s={search_term_string}"},"query-input":{"@type":"PropertyValueSpecification","valueRequired":true,"valueName":"search_term_string"}}],"inLanguage":"es"},{"@type":"Organization","@id":"https:\/\/www.diocesisciudadrodrigo.org\/blog4\/#organization","name":"Di\u00f3cesis de Ciudad Rodrigo","url":"https:\/\/www.diocesisciudadrodrigo.org\/blog4\/","logo":{"@type":"ImageObject","inLanguage":"es","@id":"https:\/\/www.diocesisciudadrodrigo.org\/blog4\/#\/schema\/logo\/image\/","url":"https:\/\/www.diocesisciudadrodrigo.org\/blog4\/wp-content\/uploads\/2024\/12\/Diocesis.CMYK_-768x480-1.jpg","contentUrl":"https:\/\/www.diocesisciudadrodrigo.org\/blog4\/wp-content\/uploads\/2024\/12\/Diocesis.CMYK_-768x480-1.jpg","width":768,"height":480,"caption":"Di\u00f3cesis de Ciudad Rodrigo"},"image":{"@id":"https:\/\/www.diocesisciudadrodrigo.org\/blog4\/#\/schema\/logo\/image\/"},"sameAs":["https:\/\/www.facebook.com\/people\/Dicesis-Ciudad-Rodrigo-MCS\/100076471923419\/#"]},{"@type":"Person","@id":"https:\/\/www.diocesisciudadrodrigo.org\/blog4\/#\/schema\/person\/5fcf0ca636a75766ff70e6417b6ed052","name":"medios CR","image":{"@type":"ImageObject","inLanguage":"es","@id":"https:\/\/secure.gravatar.com\/avatar\/4a619fd0c7e36bd570f4e6e15eb09a2191185d0f63d8dbfdffe848af141ab87e?s=96&d=mm&r=g","url":"https:\/\/secure.gravatar.com\/avatar\/4a619fd0c7e36bd570f4e6e15eb09a2191185d0f63d8dbfdffe848af141ab87e?s=96&d=mm&r=g","contentUrl":"https:\/\/secure.gravatar.com\/avatar\/4a619fd0c7e36bd570f4e6e15eb09a2191185d0f63d8dbfdffe848af141ab87e?s=96&d=mm&r=g","caption":"medios CR"},"url":"https:\/\/www.diocesisciudadrodrigo.org\/blog4\/author\/admin4\/"}]}},"_links":{"self":[{"href":"https:\/\/www.diocesisciudadrodrigo.org\/blog4\/wp-json\/wp\/v2\/posts\/40688","targetHints":{"allow":["GET"]}}],"collection":[{"href":"https:\/\/www.diocesisciudadrodrigo.org\/blog4\/wp-json\/wp\/v2\/posts"}],"about":[{"href":"https:\/\/www.diocesisciudadrodrigo.org\/blog4\/wp-json\/wp\/v2\/types\/post"}],"author":[{"embeddable":true,"href":"https:\/\/www.diocesisciudadrodrigo.org\/blog4\/wp-json\/wp\/v2\/users\/1"}],"replies":[{"embeddable":true,"href":"https:\/\/www.diocesisciudadrodrigo.org\/blog4\/wp-json\/wp\/v2\/comments?post=40688"}],"version-history":[{"count":17,"href":"https:\/\/www.diocesisciudadrodrigo.org\/blog4\/wp-json\/wp\/v2\/posts\/40688\/revisions"}],"predecessor-version":[{"id":40706,"href":"https:\/\/www.diocesisciudadrodrigo.org\/blog4\/wp-json\/wp\/v2\/posts\/40688\/revisions\/40706"}],"wp:featuredmedia":[{"embeddable":true,"href":"https:\/\/www.diocesisciudadrodrigo.org\/blog4\/wp-json\/wp\/v2\/media\/40673"}],"wp:attachment":[{"href":"https:\/\/www.diocesisciudadrodrigo.org\/blog4\/wp-json\/wp\/v2\/media?parent=40688"}],"wp:term":[{"taxonomy":"category","embeddable":true,"href":"https:\/\/www.diocesisciudadrodrigo.org\/blog4\/wp-json\/wp\/v2\/categories?post=40688"},{"taxonomy":"post_tag","embeddable":true,"href":"https:\/\/www.diocesisciudadrodrigo.org\/blog4\/wp-json\/wp\/v2\/tags?post=40688"}],"curies":[{"name":"wp","href":"https:\/\/api.w.org\/{rel}","templated":true}]}}