{"id":40669,"date":"2025-11-20T18:47:19","date_gmt":"2025-11-20T17:47:19","guid":{"rendered":"https:\/\/www.diocesisciudadrodrigo.org\/blog4\/?p=40669"},"modified":"2025-11-21T18:49:42","modified_gmt":"2025-11-21T17:49:42","slug":"el-diputado-provincial-de-empleo-visita-la-accion-formativa-desarrollada-en-el-seminario-diocesano","status":"publish","type":"post","link":"https:\/\/www.diocesisciudadrodrigo.org\/blog4\/el-diputado-provincial-de-empleo-visita-la-accion-formativa-desarrollada-en-el-seminario-diocesano\/","title":{"rendered":"El diputado provincial de Empleo visita la acci\u00f3n formativa desarrollada en el Seminario diocesano"},"content":{"rendered":"\t\t<div data-elementor-type=\"wp-post\" data-elementor-id=\"40669\" class=\"elementor elementor-40669\" data-elementor-settings=\"[]\">\n\t\t\t\t\t\t<div class=\"elementor-inner\">\n\t\t\t\t\t\t\t<div class=\"elementor-section-wrap\">\n\t\t\t\t\t\t\t<section class=\"elementor-section elementor-top-section elementor-element elementor-element-ebbba61 elementor-section-boxed elementor-section-height-default elementor-section-height-default\" data-id=\"ebbba61\" data-element_type=\"section\">\n\t\t\t\t\t\t<div class=\"elementor-container elementor-column-gap-default\">\n\t\t\t\t\t\t\t<div class=\"elementor-row\">\n\t\t\t\t\t<div class=\"elementor-column elementor-col-100 elementor-top-column elementor-element elementor-element-41e09cd\" data-id=\"41e09cd\" data-element_type=\"column\">\n\t\t\t<div class=\"elementor-column-wrap elementor-element-populated\">\n\t\t\t\t\t\t\t<div class=\"elementor-widget-wrap\">\n\t\t\t\t\t\t<div class=\"elementor-element elementor-element-d932eb1 elementor-widget elementor-widget-text-editor\" data-id=\"d932eb1\" data-element_type=\"widget\" data-widget_type=\"text-editor.default\">\n\t\t\t\t<div class=\"elementor-widget-container\">\n\t\t\t\t\t\t\t\t<div class=\"elementor-text-editor elementor-clearfix\">\n\t\t\t\t<h3><em>Antonio Labrador, acompa\u00f1ado por el rector Anselmo Matilla, conoci\u00f3 de cerca \u201cEntre Fogones\u201d, una iniciativa que da vida a las cocinas del Seminario y une formaci\u00f3n con servicio a quienes m\u00e1s lo necesitan<\/em><\/h3><p>\u00a0<\/p><p><strong>DELEGACI\u00d3N DE MEDIOS<\/strong><\/p><p data-start=\"583\" data-end=\"926\">El Seminario diocesano San Cayetano acogi\u00f3 este jueves, 20 de noviembre, la visita del diputado provincial de Empleo y Desarrollo Rural, <strong data-start=\"714\" data-end=\"734\">Antonio Labrador<\/strong>, acompa\u00f1ado por el alcalde de Ciudad Rodrigo, <strong data-start=\"781\" data-end=\"800\">Marcos Iglesias<\/strong>, y varios miembros de la Corporaci\u00f3n Municipal. La comitiva fue recibida por el rector del Seminario, <strong data-start=\"903\" data-end=\"925\">Anselmo Matilla<\/strong>.<\/p><p data-start=\"928\" data-end=\"1459\"><img loading=\"lazy\" decoding=\"async\" class=\"wp-image-40678 alignright\" src=\"https:\/\/www.diocesisciudadrodrigo.org\/blog4\/wp-content\/uploads\/2025\/11\/VISITA-DIPUTADO-SEMINARIODAV_0884-1000x656.jpg\" alt=\"\" width=\"309\" height=\"203\" srcset=\"https:\/\/www.diocesisciudadrodrigo.org\/blog4\/wp-content\/uploads\/2025\/11\/VISITA-DIPUTADO-SEMINARIODAV_0884-1000x656.jpg 1000w, https:\/\/www.diocesisciudadrodrigo.org\/blog4\/wp-content\/uploads\/2025\/11\/VISITA-DIPUTADO-SEMINARIODAV_0884-2000x1312.jpg 2000w, https:\/\/www.diocesisciudadrodrigo.org\/blog4\/wp-content\/uploads\/2025\/11\/VISITA-DIPUTADO-SEMINARIODAV_0884-768x504.jpg 768w, https:\/\/www.diocesisciudadrodrigo.org\/blog4\/wp-content\/uploads\/2025\/11\/VISITA-DIPUTADO-SEMINARIODAV_0884-1536x1008.jpg 1536w, https:\/\/www.diocesisciudadrodrigo.org\/blog4\/wp-content\/uploads\/2025\/11\/VISITA-DIPUTADO-SEMINARIODAV_0884-2048x1344.jpg 2048w, https:\/\/www.diocesisciudadrodrigo.org\/blog4\/wp-content\/uploads\/2025\/11\/VISITA-DIPUTADO-SEMINARIODAV_0884-350x230.jpg 350w\" sizes=\"auto, (max-width: 309px) 100vw, 309px\" \/>La visita se enmarc\u00f3 en la acci\u00f3n de formaci\u00f3n y empleo <strong data-start=\"984\" data-end=\"1003\">\u201cEntre Fogones\u201d<\/strong>, promovida por la Diputaci\u00f3n de Salamanca y que desde abril desarrolla su actividad en las cocinas del Seminario. Los <strong>doce alumnos participantes<\/strong> alternan formaci\u00f3n y pr\u00e1ctica profesional elaborando diariamente men\u00fas destinados a personas mayores y a otros colectivos vulnerables. Est\u00e1 previsto que, al finalizar el programa en diciembre, se hayan servido alrededor de <strong data-start=\"1372\" data-end=\"1389\">6.900 comidas<\/strong>, contribuyendo as\u00ed a mejorar la atenci\u00f3n de quienes m\u00e1s lo necesitan.<\/p><p data-start=\"1461\" data-end=\"1691\">Durante el encuentro, las autoridades pudieron conocer el trabajo que se est\u00e1 realizando y visitar los espacios donde se lleva a cabo la acci\u00f3n formativa, adem\u00e1s de degustar algunas de las preparaciones elaboradas por los alumnos.<\/p><p data-start=\"1693\" data-end=\"2078\">El rector del Seminario, <strong>Anselmo Matilla<\/strong>, destac\u00f3 que esta colaboraci\u00f3n permite mantener en uso las instalaciones del centro y que, adem\u00e1s, \u201ccontribuimos a una acci\u00f3n social\u201d, lo que favorece que el Seminario siga ofreciendo un servicio \u00fatil a la comunidad apoyando iniciativas orientadas a la formaci\u00f3n y el empleo.<\/p>\t\t\t\t\t<\/div>\n\t\t\t\t\t\t<\/div>\n\t\t\t\t<\/div>\n\t\t\t\t\t\t<\/div>\n\t\t\t\t\t<\/div>\n\t\t<\/div>\n\t\t\t\t\t\t\t\t<\/div>\n\t\t\t\t\t<\/div>\n\t\t<\/section>\n\t\t\t\t<section class=\"elementor-section elementor-top-section elementor-element elementor-element-af5bbe0 elementor-section-boxed elementor-section-height-default elementor-section-height-default\" data-id=\"af5bbe0\" data-element_type=\"section\">\n\t\t\t\t\t\t<div class=\"elementor-container elementor-column-gap-default\">\n\t\t\t\t\t\t\t<div class=\"elementor-row\">\n\t\t\t\t\t<div class=\"elementor-column elementor-col-100 elementor-top-column elementor-element elementor-element-141ac5f\" data-id=\"141ac5f\" data-element_type=\"column\">\n\t\t\t<div class=\"elementor-column-wrap elementor-element-populated\">\n\t\t\t\t\t\t\t<div class=\"elementor-widget-wrap\">\n\t\t\t\t\t\t<div class=\"elementor-element elementor-element-3a5af63 elementor-widget elementor-widget-image\" data-id=\"3a5af63\" data-element_type=\"widget\" data-widget_type=\"image.default\">\n\t\t\t\t<div class=\"elementor-widget-container\">\n\t\t\t\t\t\t\t\t<div class=\"elementor-image\">\n\t\t\t\t\t\t\t\t\t\t\t\t<img loading=\"lazy\" decoding=\"async\" width=\"1200\" height=\"802\" src=\"https:\/\/www.diocesisciudadrodrigo.org\/blog4\/wp-content\/uploads\/2025\/11\/VISITA-DIPUTADO-SEMINARIODAV_0885-2000x1337.jpg\" class=\"attachment-large size-large\" alt=\"\" srcset=\"https:\/\/www.diocesisciudadrodrigo.org\/blog4\/wp-content\/uploads\/2025\/11\/VISITA-DIPUTADO-SEMINARIODAV_0885-2000x1337.jpg 2000w, https:\/\/www.diocesisciudadrodrigo.org\/blog4\/wp-content\/uploads\/2025\/11\/VISITA-DIPUTADO-SEMINARIODAV_0885-1000x668.jpg 1000w, https:\/\/www.diocesisciudadrodrigo.org\/blog4\/wp-content\/uploads\/2025\/11\/VISITA-DIPUTADO-SEMINARIODAV_0885-768x513.jpg 768w, https:\/\/www.diocesisciudadrodrigo.org\/blog4\/wp-content\/uploads\/2025\/11\/VISITA-DIPUTADO-SEMINARIODAV_0885-1536x1027.jpg 1536w, https:\/\/www.diocesisciudadrodrigo.org\/blog4\/wp-content\/uploads\/2025\/11\/VISITA-DIPUTADO-SEMINARIODAV_0885-2048x1369.jpg 2048w, https:\/\/www.diocesisciudadrodrigo.org\/blog4\/wp-content\/uploads\/2025\/11\/VISITA-DIPUTADO-SEMINARIODAV_0885-350x234.jpg 350w\" sizes=\"auto, (max-width: 1200px) 100vw, 1200px\" \/>\t\t\t\t\t\t\t\t\t\t\t\t\t\t<\/div>\n\t\t\t\t\t\t<\/div>\n\t\t\t\t<\/div>\n\t\t\t\t\t\t<\/div>\n\t\t\t\t\t<\/div>\n\t\t<\/div>\n\t\t\t\t\t\t\t\t<\/div>\n\t\t\t\t\t<\/div>\n\t\t<\/section>\n\t\t\t\t<section class=\"elementor-section elementor-top-section elementor-element elementor-element-98703c2 elementor-section-boxed elementor-section-height-default elementor-section-height-default\" data-id=\"98703c2\" data-element_type=\"section\">\n\t\t\t\t\t\t<div class=\"elementor-container elementor-column-gap-default\">\n\t\t\t\t\t\t\t<div class=\"elementor-row\">\n\t\t\t\t\t<div class=\"elementor-column elementor-col-100 elementor-top-column elementor-element elementor-element-644c828\" data-id=\"644c828\" data-element_type=\"column\">\n\t\t\t<div class=\"elementor-column-wrap elementor-element-populated\">\n\t\t\t\t\t\t\t<div class=\"elementor-widget-wrap\">\n\t\t\t\t\t\t<div class=\"elementor-element elementor-element-a98d6f8 elementor-widget elementor-widget-image\" data-id=\"a98d6f8\" data-element_type=\"widget\" data-widget_type=\"image.default\">\n\t\t\t\t<div class=\"elementor-widget-container\">\n\t\t\t\t\t\t\t\t<div class=\"elementor-image\">\n\t\t\t\t\t\t\t\t\t\t\t\t<img loading=\"lazy\" decoding=\"async\" width=\"1200\" height=\"737\" src=\"https:\/\/www.diocesisciudadrodrigo.org\/blog4\/wp-content\/uploads\/2025\/11\/VISITA-DIPUTADO-SEMINARIO-DAV_0897-2000x1229.jpg\" class=\"attachment-large size-large\" alt=\"\" srcset=\"https:\/\/www.diocesisciudadrodrigo.org\/blog4\/wp-content\/uploads\/2025\/11\/VISITA-DIPUTADO-SEMINARIO-DAV_0897-2000x1229.jpg 2000w, https:\/\/www.diocesisciudadrodrigo.org\/blog4\/wp-content\/uploads\/2025\/11\/VISITA-DIPUTADO-SEMINARIO-DAV_0897-1000x615.jpg 1000w, https:\/\/www.diocesisciudadrodrigo.org\/blog4\/wp-content\/uploads\/2025\/11\/VISITA-DIPUTADO-SEMINARIO-DAV_0897-768x472.jpg 768w, https:\/\/www.diocesisciudadrodrigo.org\/blog4\/wp-content\/uploads\/2025\/11\/VISITA-DIPUTADO-SEMINARIO-DAV_0897-1536x944.jpg 1536w, https:\/\/www.diocesisciudadrodrigo.org\/blog4\/wp-content\/uploads\/2025\/11\/VISITA-DIPUTADO-SEMINARIO-DAV_0897-2048x1259.jpg 2048w, https:\/\/www.diocesisciudadrodrigo.org\/blog4\/wp-content\/uploads\/2025\/11\/VISITA-DIPUTADO-SEMINARIO-DAV_0897-350x215.jpg 350w\" sizes=\"auto, (max-width: 1200px) 100vw, 1200px\" \/>\t\t\t\t\t\t\t\t\t\t\t\t\t\t<\/div>\n\t\t\t\t\t\t<\/div>\n\t\t\t\t<\/div>\n\t\t\t\t\t\t<\/div>\n\t\t\t\t\t<\/div>\n\t\t<\/div>\n\t\t\t\t\t\t\t\t<\/div>\n\t\t\t\t\t<\/div>\n\t\t<\/section>\n\t\t\t\t\t\t<\/div>\n\t\t\t\t\t\t<\/div>\n\t\t\t\t\t<\/div>\n\t\t","protected":false},"excerpt":{"rendered":"<p>Antonio Labrador, acompa\u00f1ado por el rector Anselmo Matilla, conoci\u00f3 de cerca \u201cEntre Fogones\u201d, una iniciativa que da vida a las cocinas del Seminario y une formaci\u00f3n con servicio a quienes &#8230; <\/p>\n<p class=\"read-more-container\"><a title=\"El diputado provincial de Empleo visita la acci\u00f3n formativa desarrollada en el Seminario diocesano\" class=\"read-more button\" href=\"https:\/\/www.diocesisciudadrodrigo.org\/blog4\/el-diputado-provincial-de-empleo-visita-la-accion-formativa-desarrollada-en-el-seminario-diocesano\/#more-40669\" aria-label=\"M\u00e1s en El diputado provincial de Empleo visita la acci\u00f3n formativa desarrollada en el Seminario diocesano\">Leer m\u00e1s &#8230;<\/a><\/p>\n","protected":false},"author":1,"featured_media":40677,"comment_status":"closed","ping_status":"closed","sticky":false,"template":"","format":"standard","meta":{"footnotes":""},"categories":[6],"tags":[],"class_list":["post-40669","post","type-post","status-publish","format-standard","has-post-thumbnail","hentry","category-noticias","masonry-post","generate-columns","tablet-grid-50","mobile-grid-100","grid-parent","grid-50"],"yoast_head":"<!-- This site is optimized with the Yoast SEO plugin v27.3 - https:\/\/yoast.com\/product\/yoast-seo-wordpress\/ -->\n<title>El diputado provincial de Empleo visita la acci\u00f3n formativa desarrollada en el Seminario diocesano - Di\u00f3cesis de Ciudad Rodrigo<\/title>\n<meta name=\"robots\" content=\"index, follow, max-snippet:-1, max-image-preview:large, max-video-preview:-1\" \/>\n<link rel=\"canonical\" href=\"https:\/\/www.diocesisciudadrodrigo.org\/blog4\/el-diputado-provincial-de-empleo-visita-la-accion-formativa-desarrollada-en-el-seminario-diocesano\/\" \/>\n<meta property=\"og:locale\" content=\"es_ES\" \/>\n<meta property=\"og:type\" content=\"article\" \/>\n<meta property=\"og:title\" content=\"El diputado provincial de Empleo visita la acci\u00f3n formativa desarrollada en el Seminario diocesano - Di\u00f3cesis de Ciudad Rodrigo\" \/>\n<meta property=\"og:description\" content=\"Antonio Labrador, acompa\u00f1ado por el rector Anselmo Matilla, conoci\u00f3 de cerca \u201cEntre Fogones\u201d, una iniciativa que da vida a las cocinas del Seminario y une formaci\u00f3n con servicio a quienes ... Leer m\u00e1s ...\" \/>\n<meta property=\"og:url\" content=\"https:\/\/www.diocesisciudadrodrigo.org\/blog4\/el-diputado-provincial-de-empleo-visita-la-accion-formativa-desarrollada-en-el-seminario-diocesano\/\" \/>\n<meta property=\"og:site_name\" content=\"Di\u00f3cesis de Ciudad Rodrigo\" \/>\n<meta property=\"article:publisher\" content=\"https:\/\/www.facebook.com\/people\/Dicesis-Ciudad-Rodrigo-MCS\/100076471923419\/#\" \/>\n<meta property=\"article:published_time\" content=\"2025-11-20T17:47:19+00:00\" \/>\n<meta property=\"article:modified_time\" content=\"2025-11-21T17:49:42+00:00\" \/>\n<meta property=\"og:image\" content=\"https:\/\/www.diocesisciudadrodrigo.org\/blog4\/wp-content\/uploads\/2025\/11\/VISITA-DIPUTADO-SEMINARIODAV_0885-scaled.jpg\" \/>\n\t<meta property=\"og:image:width\" content=\"2560\" \/>\n\t<meta property=\"og:image:height\" content=\"1711\" \/>\n\t<meta property=\"og:image:type\" content=\"image\/jpeg\" \/>\n<meta name=\"author\" content=\"medios CR\" \/>\n<meta name=\"twitter:card\" content=\"summary_large_image\" \/>\n<meta name=\"twitter:label1\" content=\"Escrito por\" \/>\n\t<meta name=\"twitter:data1\" content=\"medios CR\" \/>\n\t<meta name=\"twitter:label2\" content=\"Tiempo de lectura\" \/>\n\t<meta name=\"twitter:data2\" content=\"1 minuto\" \/>\n<script type=\"application\/ld+json\" class=\"yoast-schema-graph\">{\"@context\":\"https:\\\/\\\/schema.org\",\"@graph\":[{\"@type\":\"Article\",\"@id\":\"https:\\\/\\\/www.diocesisciudadrodrigo.org\\\/blog4\\\/el-diputado-provincial-de-empleo-visita-la-accion-formativa-desarrollada-en-el-seminario-diocesano\\\/#article\",\"isPartOf\":{\"@id\":\"https:\\\/\\\/www.diocesisciudadrodrigo.org\\\/blog4\\\/el-diputado-provincial-de-empleo-visita-la-accion-formativa-desarrollada-en-el-seminario-diocesano\\\/\"},\"author\":{\"name\":\"medios CR\",\"@id\":\"https:\\\/\\\/www.diocesisciudadrodrigo.org\\\/blog4\\\/#\\\/schema\\\/person\\\/5fcf0ca636a75766ff70e6417b6ed052\"},\"headline\":\"El diputado provincial de Empleo visita la acci\u00f3n formativa desarrollada en el Seminario diocesano\",\"datePublished\":\"2025-11-20T17:47:19+00:00\",\"dateModified\":\"2025-11-21T17:49:42+00:00\",\"mainEntityOfPage\":{\"@id\":\"https:\\\/\\\/www.diocesisciudadrodrigo.org\\\/blog4\\\/el-diputado-provincial-de-empleo-visita-la-accion-formativa-desarrollada-en-el-seminario-diocesano\\\/\"},\"wordCount\":283,\"publisher\":{\"@id\":\"https:\\\/\\\/www.diocesisciudadrodrigo.org\\\/blog4\\\/#organization\"},\"image\":{\"@id\":\"https:\\\/\\\/www.diocesisciudadrodrigo.org\\\/blog4\\\/el-diputado-provincial-de-empleo-visita-la-accion-formativa-desarrollada-en-el-seminario-diocesano\\\/#primaryimage\"},\"thumbnailUrl\":\"https:\\\/\\\/www.diocesisciudadrodrigo.org\\\/blog4\\\/wp-content\\\/uploads\\\/2025\\\/11\\\/VISITA-DIPUTADO-SEMINARIODAV_0885-scaled.jpg\",\"articleSection\":[\"Noticias\"],\"inLanguage\":\"es\"},{\"@type\":\"WebPage\",\"@id\":\"https:\\\/\\\/www.diocesisciudadrodrigo.org\\\/blog4\\\/el-diputado-provincial-de-empleo-visita-la-accion-formativa-desarrollada-en-el-seminario-diocesano\\\/\",\"url\":\"https:\\\/\\\/www.diocesisciudadrodrigo.org\\\/blog4\\\/el-diputado-provincial-de-empleo-visita-la-accion-formativa-desarrollada-en-el-seminario-diocesano\\\/\",\"name\":\"El diputado provincial de Empleo visita la acci\u00f3n formativa desarrollada en el Seminario diocesano - Di\u00f3cesis de Ciudad Rodrigo\",\"isPartOf\":{\"@id\":\"https:\\\/\\\/www.diocesisciudadrodrigo.org\\\/blog4\\\/#website\"},\"primaryImageOfPage\":{\"@id\":\"https:\\\/\\\/www.diocesisciudadrodrigo.org\\\/blog4\\\/el-diputado-provincial-de-empleo-visita-la-accion-formativa-desarrollada-en-el-seminario-diocesano\\\/#primaryimage\"},\"image\":{\"@id\":\"https:\\\/\\\/www.diocesisciudadrodrigo.org\\\/blog4\\\/el-diputado-provincial-de-empleo-visita-la-accion-formativa-desarrollada-en-el-seminario-diocesano\\\/#primaryimage\"},\"thumbnailUrl\":\"https:\\\/\\\/www.diocesisciudadrodrigo.org\\\/blog4\\\/wp-content\\\/uploads\\\/2025\\\/11\\\/VISITA-DIPUTADO-SEMINARIODAV_0885-scaled.jpg\",\"datePublished\":\"2025-11-20T17:47:19+00:00\",\"dateModified\":\"2025-11-21T17:49:42+00:00\",\"breadcrumb\":{\"@id\":\"https:\\\/\\\/www.diocesisciudadrodrigo.org\\\/blog4\\\/el-diputado-provincial-de-empleo-visita-la-accion-formativa-desarrollada-en-el-seminario-diocesano\\\/#breadcrumb\"},\"inLanguage\":\"es\",\"potentialAction\":[{\"@type\":\"ReadAction\",\"target\":[\"https:\\\/\\\/www.diocesisciudadrodrigo.org\\\/blog4\\\/el-diputado-provincial-de-empleo-visita-la-accion-formativa-desarrollada-en-el-seminario-diocesano\\\/\"]}]},{\"@type\":\"ImageObject\",\"inLanguage\":\"es\",\"@id\":\"https:\\\/\\\/www.diocesisciudadrodrigo.org\\\/blog4\\\/el-diputado-provincial-de-empleo-visita-la-accion-formativa-desarrollada-en-el-seminario-diocesano\\\/#primaryimage\",\"url\":\"https:\\\/\\\/www.diocesisciudadrodrigo.org\\\/blog4\\\/wp-content\\\/uploads\\\/2025\\\/11\\\/VISITA-DIPUTADO-SEMINARIODAV_0885-scaled.jpg\",\"contentUrl\":\"https:\\\/\\\/www.diocesisciudadrodrigo.org\\\/blog4\\\/wp-content\\\/uploads\\\/2025\\\/11\\\/VISITA-DIPUTADO-SEMINARIODAV_0885-scaled.jpg\",\"width\":2560,\"height\":1711},{\"@type\":\"BreadcrumbList\",\"@id\":\"https:\\\/\\\/www.diocesisciudadrodrigo.org\\\/blog4\\\/el-diputado-provincial-de-empleo-visita-la-accion-formativa-desarrollada-en-el-seminario-diocesano\\\/#breadcrumb\",\"itemListElement\":[{\"@type\":\"ListItem\",\"position\":1,\"name\":\"Portada\",\"item\":\"https:\\\/\\\/www.diocesisciudadrodrigo.org\\\/blog4\\\/\"},{\"@type\":\"ListItem\",\"position\":2,\"name\":\"El diputado provincial de Empleo visita la acci\u00f3n formativa desarrollada en el Seminario diocesano\"}]},{\"@type\":\"WebSite\",\"@id\":\"https:\\\/\\\/www.diocesisciudadrodrigo.org\\\/blog4\\\/#website\",\"url\":\"https:\\\/\\\/www.diocesisciudadrodrigo.org\\\/blog4\\\/\",\"name\":\"Di\u00f3cesis de Ciudad Rodrigo\",\"description\":\"Sitio web oficial de la di\u00f3cesis civitatense\",\"publisher\":{\"@id\":\"https:\\\/\\\/www.diocesisciudadrodrigo.org\\\/blog4\\\/#organization\"},\"potentialAction\":[{\"@type\":\"SearchAction\",\"target\":{\"@type\":\"EntryPoint\",\"urlTemplate\":\"https:\\\/\\\/www.diocesisciudadrodrigo.org\\\/blog4\\\/?s={search_term_string}\"},\"query-input\":{\"@type\":\"PropertyValueSpecification\",\"valueRequired\":true,\"valueName\":\"search_term_string\"}}],\"inLanguage\":\"es\"},{\"@type\":\"Organization\",\"@id\":\"https:\\\/\\\/www.diocesisciudadrodrigo.org\\\/blog4\\\/#organization\",\"name\":\"Di\u00f3cesis de Ciudad Rodrigo\",\"url\":\"https:\\\/\\\/www.diocesisciudadrodrigo.org\\\/blog4\\\/\",\"logo\":{\"@type\":\"ImageObject\",\"inLanguage\":\"es\",\"@id\":\"https:\\\/\\\/www.diocesisciudadrodrigo.org\\\/blog4\\\/#\\\/schema\\\/logo\\\/image\\\/\",\"url\":\"https:\\\/\\\/www.diocesisciudadrodrigo.org\\\/blog4\\\/wp-content\\\/uploads\\\/2024\\\/12\\\/Diocesis.CMYK_-768x480-1.jpg\",\"contentUrl\":\"https:\\\/\\\/www.diocesisciudadrodrigo.org\\\/blog4\\\/wp-content\\\/uploads\\\/2024\\\/12\\\/Diocesis.CMYK_-768x480-1.jpg\",\"width\":768,\"height\":480,\"caption\":\"Di\u00f3cesis de Ciudad Rodrigo\"},\"image\":{\"@id\":\"https:\\\/\\\/www.diocesisciudadrodrigo.org\\\/blog4\\\/#\\\/schema\\\/logo\\\/image\\\/\"},\"sameAs\":[\"https:\\\/\\\/www.facebook.com\\\/people\\\/Dicesis-Ciudad-Rodrigo-MCS\\\/100076471923419\\\/#\"]},{\"@type\":\"Person\",\"@id\":\"https:\\\/\\\/www.diocesisciudadrodrigo.org\\\/blog4\\\/#\\\/schema\\\/person\\\/5fcf0ca636a75766ff70e6417b6ed052\",\"name\":\"medios CR\",\"image\":{\"@type\":\"ImageObject\",\"inLanguage\":\"es\",\"@id\":\"https:\\\/\\\/secure.gravatar.com\\\/avatar\\\/4a619fd0c7e36bd570f4e6e15eb09a2191185d0f63d8dbfdffe848af141ab87e?s=96&d=mm&r=g\",\"url\":\"https:\\\/\\\/secure.gravatar.com\\\/avatar\\\/4a619fd0c7e36bd570f4e6e15eb09a2191185d0f63d8dbfdffe848af141ab87e?s=96&d=mm&r=g\",\"contentUrl\":\"https:\\\/\\\/secure.gravatar.com\\\/avatar\\\/4a619fd0c7e36bd570f4e6e15eb09a2191185d0f63d8dbfdffe848af141ab87e?s=96&d=mm&r=g\",\"caption\":\"medios CR\"},\"url\":\"https:\\\/\\\/www.diocesisciudadrodrigo.org\\\/blog4\\\/author\\\/admin4\\\/\"}]}<\/script>\n<!-- \/ Yoast SEO plugin. -->","yoast_head_json":{"title":"El diputado provincial de Empleo visita la acci\u00f3n formativa desarrollada en el Seminario diocesano - Di\u00f3cesis de Ciudad Rodrigo","robots":{"index":"index","follow":"follow","max-snippet":"max-snippet:-1","max-image-preview":"max-image-preview:large","max-video-preview":"max-video-preview:-1"},"canonical":"https:\/\/www.diocesisciudadrodrigo.org\/blog4\/el-diputado-provincial-de-empleo-visita-la-accion-formativa-desarrollada-en-el-seminario-diocesano\/","og_locale":"es_ES","og_type":"article","og_title":"El diputado provincial de Empleo visita la acci\u00f3n formativa desarrollada en el Seminario diocesano - Di\u00f3cesis de Ciudad Rodrigo","og_description":"Antonio Labrador, acompa\u00f1ado por el rector Anselmo Matilla, conoci\u00f3 de cerca \u201cEntre Fogones\u201d, una iniciativa que da vida a las cocinas del Seminario y une formaci\u00f3n con servicio a quienes ... Leer m\u00e1s ...","og_url":"https:\/\/www.diocesisciudadrodrigo.org\/blog4\/el-diputado-provincial-de-empleo-visita-la-accion-formativa-desarrollada-en-el-seminario-diocesano\/","og_site_name":"Di\u00f3cesis de Ciudad Rodrigo","article_publisher":"https:\/\/www.facebook.com\/people\/Dicesis-Ciudad-Rodrigo-MCS\/100076471923419\/#","article_published_time":"2025-11-20T17:47:19+00:00","article_modified_time":"2025-11-21T17:49:42+00:00","og_image":[{"width":2560,"height":1711,"url":"https:\/\/www.diocesisciudadrodrigo.org\/blog4\/wp-content\/uploads\/2025\/11\/VISITA-DIPUTADO-SEMINARIODAV_0885-scaled.jpg","type":"image\/jpeg"}],"author":"medios CR","twitter_card":"summary_large_image","twitter_misc":{"Escrito por":"medios CR","Tiempo de lectura":"1 minuto"},"schema":{"@context":"https:\/\/schema.org","@graph":[{"@type":"Article","@id":"https:\/\/www.diocesisciudadrodrigo.org\/blog4\/el-diputado-provincial-de-empleo-visita-la-accion-formativa-desarrollada-en-el-seminario-diocesano\/#article","isPartOf":{"@id":"https:\/\/www.diocesisciudadrodrigo.org\/blog4\/el-diputado-provincial-de-empleo-visita-la-accion-formativa-desarrollada-en-el-seminario-diocesano\/"},"author":{"name":"medios CR","@id":"https:\/\/www.diocesisciudadrodrigo.org\/blog4\/#\/schema\/person\/5fcf0ca636a75766ff70e6417b6ed052"},"headline":"El diputado provincial de Empleo visita la acci\u00f3n formativa desarrollada en el Seminario diocesano","datePublished":"2025-11-20T17:47:19+00:00","dateModified":"2025-11-21T17:49:42+00:00","mainEntityOfPage":{"@id":"https:\/\/www.diocesisciudadrodrigo.org\/blog4\/el-diputado-provincial-de-empleo-visita-la-accion-formativa-desarrollada-en-el-seminario-diocesano\/"},"wordCount":283,"publisher":{"@id":"https:\/\/www.diocesisciudadrodrigo.org\/blog4\/#organization"},"image":{"@id":"https:\/\/www.diocesisciudadrodrigo.org\/blog4\/el-diputado-provincial-de-empleo-visita-la-accion-formativa-desarrollada-en-el-seminario-diocesano\/#primaryimage"},"thumbnailUrl":"https:\/\/www.diocesisciudadrodrigo.org\/blog4\/wp-content\/uploads\/2025\/11\/VISITA-DIPUTADO-SEMINARIODAV_0885-scaled.jpg","articleSection":["Noticias"],"inLanguage":"es"},{"@type":"WebPage","@id":"https:\/\/www.diocesisciudadrodrigo.org\/blog4\/el-diputado-provincial-de-empleo-visita-la-accion-formativa-desarrollada-en-el-seminario-diocesano\/","url":"https:\/\/www.diocesisciudadrodrigo.org\/blog4\/el-diputado-provincial-de-empleo-visita-la-accion-formativa-desarrollada-en-el-seminario-diocesano\/","name":"El diputado provincial de Empleo visita la acci\u00f3n formativa desarrollada en el Seminario diocesano - Di\u00f3cesis de Ciudad Rodrigo","isPartOf":{"@id":"https:\/\/www.diocesisciudadrodrigo.org\/blog4\/#website"},"primaryImageOfPage":{"@id":"https:\/\/www.diocesisciudadrodrigo.org\/blog4\/el-diputado-provincial-de-empleo-visita-la-accion-formativa-desarrollada-en-el-seminario-diocesano\/#primaryimage"},"image":{"@id":"https:\/\/www.diocesisciudadrodrigo.org\/blog4\/el-diputado-provincial-de-empleo-visita-la-accion-formativa-desarrollada-en-el-seminario-diocesano\/#primaryimage"},"thumbnailUrl":"https:\/\/www.diocesisciudadrodrigo.org\/blog4\/wp-content\/uploads\/2025\/11\/VISITA-DIPUTADO-SEMINARIODAV_0885-scaled.jpg","datePublished":"2025-11-20T17:47:19+00:00","dateModified":"2025-11-21T17:49:42+00:00","breadcrumb":{"@id":"https:\/\/www.diocesisciudadrodrigo.org\/blog4\/el-diputado-provincial-de-empleo-visita-la-accion-formativa-desarrollada-en-el-seminario-diocesano\/#breadcrumb"},"inLanguage":"es","potentialAction":[{"@type":"ReadAction","target":["https:\/\/www.diocesisciudadrodrigo.org\/blog4\/el-diputado-provincial-de-empleo-visita-la-accion-formativa-desarrollada-en-el-seminario-diocesano\/"]}]},{"@type":"ImageObject","inLanguage":"es","@id":"https:\/\/www.diocesisciudadrodrigo.org\/blog4\/el-diputado-provincial-de-empleo-visita-la-accion-formativa-desarrollada-en-el-seminario-diocesano\/#primaryimage","url":"https:\/\/www.diocesisciudadrodrigo.org\/blog4\/wp-content\/uploads\/2025\/11\/VISITA-DIPUTADO-SEMINARIODAV_0885-scaled.jpg","contentUrl":"https:\/\/www.diocesisciudadrodrigo.org\/blog4\/wp-content\/uploads\/2025\/11\/VISITA-DIPUTADO-SEMINARIODAV_0885-scaled.jpg","width":2560,"height":1711},{"@type":"BreadcrumbList","@id":"https:\/\/www.diocesisciudadrodrigo.org\/blog4\/el-diputado-provincial-de-empleo-visita-la-accion-formativa-desarrollada-en-el-seminario-diocesano\/#breadcrumb","itemListElement":[{"@type":"ListItem","position":1,"name":"Portada","item":"https:\/\/www.diocesisciudadrodrigo.org\/blog4\/"},{"@type":"ListItem","position":2,"name":"El diputado provincial de Empleo visita la acci\u00f3n formativa desarrollada en el Seminario diocesano"}]},{"@type":"WebSite","@id":"https:\/\/www.diocesisciudadrodrigo.org\/blog4\/#website","url":"https:\/\/www.diocesisciudadrodrigo.org\/blog4\/","name":"Di\u00f3cesis de Ciudad Rodrigo","description":"Sitio web oficial de la di\u00f3cesis civitatense","publisher":{"@id":"https:\/\/www.diocesisciudadrodrigo.org\/blog4\/#organization"},"potentialAction":[{"@type":"SearchAction","target":{"@type":"EntryPoint","urlTemplate":"https:\/\/www.diocesisciudadrodrigo.org\/blog4\/?s={search_term_string}"},"query-input":{"@type":"PropertyValueSpecification","valueRequired":true,"valueName":"search_term_string"}}],"inLanguage":"es"},{"@type":"Organization","@id":"https:\/\/www.diocesisciudadrodrigo.org\/blog4\/#organization","name":"Di\u00f3cesis de Ciudad Rodrigo","url":"https:\/\/www.diocesisciudadrodrigo.org\/blog4\/","logo":{"@type":"ImageObject","inLanguage":"es","@id":"https:\/\/www.diocesisciudadrodrigo.org\/blog4\/#\/schema\/logo\/image\/","url":"https:\/\/www.diocesisciudadrodrigo.org\/blog4\/wp-content\/uploads\/2024\/12\/Diocesis.CMYK_-768x480-1.jpg","contentUrl":"https:\/\/www.diocesisciudadrodrigo.org\/blog4\/wp-content\/uploads\/2024\/12\/Diocesis.CMYK_-768x480-1.jpg","width":768,"height":480,"caption":"Di\u00f3cesis de Ciudad Rodrigo"},"image":{"@id":"https:\/\/www.diocesisciudadrodrigo.org\/blog4\/#\/schema\/logo\/image\/"},"sameAs":["https:\/\/www.facebook.com\/people\/Dicesis-Ciudad-Rodrigo-MCS\/100076471923419\/#"]},{"@type":"Person","@id":"https:\/\/www.diocesisciudadrodrigo.org\/blog4\/#\/schema\/person\/5fcf0ca636a75766ff70e6417b6ed052","name":"medios CR","image":{"@type":"ImageObject","inLanguage":"es","@id":"https:\/\/secure.gravatar.com\/avatar\/4a619fd0c7e36bd570f4e6e15eb09a2191185d0f63d8dbfdffe848af141ab87e?s=96&d=mm&r=g","url":"https:\/\/secure.gravatar.com\/avatar\/4a619fd0c7e36bd570f4e6e15eb09a2191185d0f63d8dbfdffe848af141ab87e?s=96&d=mm&r=g","contentUrl":"https:\/\/secure.gravatar.com\/avatar\/4a619fd0c7e36bd570f4e6e15eb09a2191185d0f63d8dbfdffe848af141ab87e?s=96&d=mm&r=g","caption":"medios CR"},"url":"https:\/\/www.diocesisciudadrodrigo.org\/blog4\/author\/admin4\/"}]}},"_links":{"self":[{"href":"https:\/\/www.diocesisciudadrodrigo.org\/blog4\/wp-json\/wp\/v2\/posts\/40669","targetHints":{"allow":["GET"]}}],"collection":[{"href":"https:\/\/www.diocesisciudadrodrigo.org\/blog4\/wp-json\/wp\/v2\/posts"}],"about":[{"href":"https:\/\/www.diocesisciudadrodrigo.org\/blog4\/wp-json\/wp\/v2\/types\/post"}],"author":[{"embeddable":true,"href":"https:\/\/www.diocesisciudadrodrigo.org\/blog4\/wp-json\/wp\/v2\/users\/1"}],"replies":[{"embeddable":true,"href":"https:\/\/www.diocesisciudadrodrigo.org\/blog4\/wp-json\/wp\/v2\/comments?post=40669"}],"version-history":[{"count":8,"href":"https:\/\/www.diocesisciudadrodrigo.org\/blog4\/wp-json\/wp\/v2\/posts\/40669\/revisions"}],"predecessor-version":[{"id":40687,"href":"https:\/\/www.diocesisciudadrodrigo.org\/blog4\/wp-json\/wp\/v2\/posts\/40669\/revisions\/40687"}],"wp:featuredmedia":[{"embeddable":true,"href":"https:\/\/www.diocesisciudadrodrigo.org\/blog4\/wp-json\/wp\/v2\/media\/40677"}],"wp:attachment":[{"href":"https:\/\/www.diocesisciudadrodrigo.org\/blog4\/wp-json\/wp\/v2\/media?parent=40669"}],"wp:term":[{"taxonomy":"category","embeddable":true,"href":"https:\/\/www.diocesisciudadrodrigo.org\/blog4\/wp-json\/wp\/v2\/categories?post=40669"},{"taxonomy":"post_tag","embeddable":true,"href":"https:\/\/www.diocesisciudadrodrigo.org\/blog4\/wp-json\/wp\/v2\/tags?post=40669"}],"curies":[{"name":"wp","href":"https:\/\/api.w.org\/{rel}","templated":true}]}}