{"id":40656,"date":"2025-11-21T12:57:32","date_gmt":"2025-11-21T11:57:32","guid":{"rendered":"https:\/\/www.diocesisciudadrodrigo.org\/blog4\/?p=40656"},"modified":"2025-11-21T12:59:07","modified_gmt":"2025-11-21T11:59:07","slug":"mons-jose-luis-retana-participa-en-la-128a-asamblea-plenaria-de-la-conferencia-episcopal-espanola","status":"publish","type":"post","link":"https:\/\/www.diocesisciudadrodrigo.org\/blog4\/mons-jose-luis-retana-participa-en-la-128a-asamblea-plenaria-de-la-conferencia-episcopal-espanola\/","title":{"rendered":"Mons. Jos\u00e9 Luis Retana participa en la 128\u00aa Asamblea Plenaria de la Conferencia Episcopal Espa\u00f1ola"},"content":{"rendered":"\t\t<div data-elementor-type=\"wp-post\" data-elementor-id=\"40656\" class=\"elementor elementor-40656\" data-elementor-settings=\"[]\">\n\t\t\t\t\t\t<div class=\"elementor-inner\">\n\t\t\t\t\t\t\t<div class=\"elementor-section-wrap\">\n\t\t\t\t\t\t\t<section class=\"elementor-section elementor-top-section elementor-element elementor-element-87a6b0b elementor-section-boxed elementor-section-height-default elementor-section-height-default\" data-id=\"87a6b0b\" data-element_type=\"section\">\n\t\t\t\t\t\t<div class=\"elementor-container elementor-column-gap-default\">\n\t\t\t\t\t\t\t<div class=\"elementor-row\">\n\t\t\t\t\t<div class=\"elementor-column elementor-col-100 elementor-top-column elementor-element elementor-element-14af6e7\" data-id=\"14af6e7\" data-element_type=\"column\">\n\t\t\t<div class=\"elementor-column-wrap elementor-element-populated\">\n\t\t\t\t\t\t\t<div class=\"elementor-widget-wrap\">\n\t\t\t\t\t\t<div class=\"elementor-element elementor-element-977919d elementor-widget elementor-widget-text-editor\" data-id=\"977919d\" data-element_type=\"widget\" data-widget_type=\"text-editor.default\">\n\t\t\t\t<div class=\"elementor-widget-container\">\n\t\t\t\t\t\t\t\t<div class=\"elementor-text-editor elementor-clearfix\">\n\t\t\t\t<h3>Los obispos trabajan en las nuevas l\u00edneas pastorales, la sinodalidad diocesana y la atenci\u00f3n a las v\u00edctimas, en una plenaria marcada por la reciente visita al papa Le\u00f3n XIV<\/h3><div id=\"new_content\" class=\"texto\"><p>\u00a0<\/p><p><span style=\"color: #ff0000;\">DELEGACI\u00d3N DE MEDIOS<\/span><\/p><p><img loading=\"lazy\" decoding=\"async\" class=\"alignright wp-image-40658 \" src=\"https:\/\/www.diocesisciudadrodrigo.org\/blog4\/wp-content\/uploads\/2025\/11\/54931645561_d3b35c081b_c1.jpg\" alt=\"\" width=\"291\" height=\"194\" srcset=\"https:\/\/www.diocesisciudadrodrigo.org\/blog4\/wp-content\/uploads\/2025\/11\/54931645561_d3b35c081b_c1.jpg 799w, https:\/\/www.diocesisciudadrodrigo.org\/blog4\/wp-content\/uploads\/2025\/11\/54931645561_d3b35c081b_c1-768x512.jpg 768w, https:\/\/www.diocesisciudadrodrigo.org\/blog4\/wp-content\/uploads\/2025\/11\/54931645561_d3b35c081b_c1-350x233.jpg 350w\" sizes=\"auto, (max-width: 291px) 100vw, 291px\" \/>La <strong>Conferencia Episcopal<\/strong> ha celebrado del <strong>18 al 21 de noviembre<\/strong> su 128\u00aa Asamblea Plenaria en Madrid, un encuentro en el que ha participado el obispo de Ciudad Rodrigo, <strong>Mons. Jos\u00e9 Luis Retana<\/strong>, junto al resto de prelados espa\u00f1oles. La Plenaria comenz\u00f3 un d\u00eda despu\u00e9s de la visita que la Comisi\u00f3n Ejecutiva realiz\u00f3 al santo padre el lunes 18. En su discurso inaugural, el presidente de la CEE, <strong>Mons. Luis Arg\u00fcello<\/strong>, subray\u00f3 la \u201cobediencia y comuni\u00f3n\u201d expresadas al papa, as\u00ed como la invitaci\u00f3n a visitar Espa\u00f1a. Tambi\u00e9n tuvo un recuerdo especial para el papa Francisco, evocando las palabras de su \u00faltima homil\u00eda: \u201cApresur\u00e9monos a salir al encuentro de Cristo\u201d.<\/p><p data-start=\"1207\" data-end=\"1416\">En representaci\u00f3n de la Nunciatura, <strong>Mons. Giuseppe Commisso<\/strong>, traslad\u00f3 el saludo del nuevo nuncio, <strong>Mons. Piero Pioppo<\/strong>, que llegar\u00e1 el 5 de diciembre, y destac\u00f3 la necesidad de una comuni\u00f3n \u201cefectiva y din\u00e1mica\u201d. A la Asamblea acudieron los obispos miembros de pleno derecho \u2014con algunas ausencias justificadas\u2014, varios administradores diocesanos y un grupo de obispos em\u00e9ritos.<\/p><p data-start=\"1853\" data-end=\"2274\">Los obispos avanzaron en el estudio de las <strong data-start=\"1896\" data-end=\"1927\">L\u00edneas pastorales 2026-2030<\/strong>, que fijar\u00e1n el rumbo de la Conferencia Episcopal durante el pr\u00f3ximo cuatrienio. Paralelamente, se abord\u00f3 la aplicaci\u00f3n pr\u00e1ctica de la <strong data-start=\"2063\" data-end=\"2094\">sinodalidad en las di\u00f3cesis<\/strong>, a partir de las propuestas presentadas por Mons. Francisco Conesa. Entre ellas, la creaci\u00f3n de <strong>equipos sinodales<\/strong> y referentes diocesanos, ya presentes en casi todas las di\u00f3cesis.<\/p><h4 data-start=\"2276\" data-end=\"2337\">Atenci\u00f3n a las v\u00edctimas\u00a0<\/h4><p data-start=\"2339\" data-end=\"2608\">La Asamblea recibi\u00f3 el informe del Plan PRIVA, que trabaja en la reparaci\u00f3n integral de menores<strong> v\u00edctimas de abusos<\/strong>. Hasta ahora se han estudiado 101 casos, de los cuales 58 est\u00e1n ya resueltos y comunicados. Los obispos valoraron el trabajo realizado en este \u00e1mbito. Tambi\u00e9n se dedic\u00f3 un espacio a la situaci\u00f3n de los seminarios, con una reflexi\u00f3n sobre la realidad vocacional y la formaci\u00f3n de los futuros sacerdotes.<\/p><p data-start=\"2339\" data-end=\"2608\"><img loading=\"lazy\" decoding=\"async\" class=\"size-full wp-image-40659 aligncenter\" src=\"https:\/\/www.diocesisciudadrodrigo.org\/blog4\/wp-content\/uploads\/2025\/11\/54930769427_84fe3394ee_c.jpg\" alt=\"\" width=\"799\" height=\"533\" srcset=\"https:\/\/www.diocesisciudadrodrigo.org\/blog4\/wp-content\/uploads\/2025\/11\/54930769427_84fe3394ee_c.jpg 799w, https:\/\/www.diocesisciudadrodrigo.org\/blog4\/wp-content\/uploads\/2025\/11\/54930769427_84fe3394ee_c-768x512.jpg 768w, https:\/\/www.diocesisciudadrodrigo.org\/blog4\/wp-content\/uploads\/2025\/11\/54930769427_84fe3394ee_c-350x233.jpg 350w\" sizes=\"auto, (max-width: 799px) 100vw, 799px\" \/><\/p><p data-start=\"2820\" data-end=\"3106\">La <strong>Comisi\u00f3n Episcopal para los Laicos, Familia y Vida<\/strong> expuso la situaci\u00f3n actual de<strong> Acci\u00f3n Cat\u00f3lica General<\/strong> y el nuevo proyecto evangelizador en marcha. Mons. Carlos Escribano present\u00f3 adem\u00e1s una propuesta para fortalecer la presencia p\u00fablica de los laicos en la vida social y pol\u00edtica.<\/p><p data-start=\"3108\" data-end=\"3373\">El presidente de la Conferencia Episcopal tambi\u00e9n profundiz\u00f3 en los retos sociales actuales, a partir del \u00faltimo <strong data-start=\"3203\" data-end=\"3221\">Informe FOESSA<\/strong>, y record\u00f3 la llamada del papa Le\u00f3n XIV en su primera exhortaci\u00f3n, <em data-start=\"3289\" data-end=\"3300\">Dilexi te<\/em>, a unir la fe con una cercan\u00eda real a los pobres: \u201cEs la hora del amor\u201d.<\/p><h4 data-start=\"3375\" data-end=\"3427\">La creaci\u00f3n de una Escuela de Verano<\/h4><p data-start=\"3429\" data-end=\"3657\">La Plenaria recibi\u00f3 el <strong data-start=\"3452\" data-end=\"3476\">Plan de Comunicaci\u00f3n<\/strong> de la CEE y la propuesta de crear una Escuela de Verano, que ofrecer\u00e1 <strong>formaci\u00f3n a laicos, religiosos, seminaristas y sacerdotes<\/strong>, as\u00ed como un espacio de di\u00e1logo con la sociedad.<\/p><p data-start=\"3659\" data-end=\"3937\">Los obispos aprobaron tambi\u00e9n la regulaci\u00f3n definitiva del <strong>Consejo General de la Iglesia en la Educaci\u00f3n<\/strong>, y renovaron por otros cinco a\u00f1os a <strong>Fernando Gim\u00e9nez Barriocanal<\/strong> como vicesecretario para Asuntos Econ\u00f3micos. Asimismo, dieron su visto bueno a los presupuestos de 2026.<\/p><p data-start=\"3985\" data-end=\"4222\">El jueves 20 tuvo lugar en la catedral de La Almudena una celebraci\u00f3n ecum\u00e9nica con motivo del <strong>1700\u00ba aniversario del Concilio de Nicea<\/strong>. En este acto se present\u00f3 una Declaraci\u00f3n conjunta con las confesiones cristianas presentes en Espa\u00f1a.<\/p><p data-start=\"3985\" data-end=\"4222\"><img loading=\"lazy\" decoding=\"async\" class=\"size-full wp-image-40660 aligncenter\" src=\"https:\/\/www.diocesisciudadrodrigo.org\/blog4\/wp-content\/uploads\/2025\/11\/54936826879_437ef9106b_c.jpg\" alt=\"\" width=\"799\" height=\"533\" srcset=\"https:\/\/www.diocesisciudadrodrigo.org\/blog4\/wp-content\/uploads\/2025\/11\/54936826879_437ef9106b_c.jpg 799w, https:\/\/www.diocesisciudadrodrigo.org\/blog4\/wp-content\/uploads\/2025\/11\/54936826879_437ef9106b_c-768x512.jpg 768w, https:\/\/www.diocesisciudadrodrigo.org\/blog4\/wp-content\/uploads\/2025\/11\/54936826879_437ef9106b_c-350x233.jpg 350w\" sizes=\"auto, (max-width: 799px) 100vw, 799px\" \/><\/p><p data-start=\"3985\" data-end=\"4222\">\u00a0<\/p><\/div>\t\t\t\t\t<\/div>\n\t\t\t\t\t\t<\/div>\n\t\t\t\t<\/div>\n\t\t\t\t\t\t<\/div>\n\t\t\t\t\t<\/div>\n\t\t<\/div>\n\t\t\t\t\t\t\t\t<\/div>\n\t\t\t\t\t<\/div>\n\t\t<\/section>\n\t\t\t\t\t\t<\/div>\n\t\t\t\t\t\t<\/div>\n\t\t\t\t\t<\/div>\n\t\t","protected":false},"excerpt":{"rendered":"<p>Los obispos trabajan en las nuevas l\u00edneas pastorales, la sinodalidad diocesana y la atenci\u00f3n a las v\u00edctimas, en una plenaria marcada por la reciente visita al papa Le\u00f3n XIV DELEGACI\u00d3N &#8230; <\/p>\n<p class=\"read-more-container\"><a title=\"Mons. Jos\u00e9 Luis Retana participa en la 128\u00aa Asamblea Plenaria de la Conferencia Episcopal Espa\u00f1ola\" class=\"read-more button\" href=\"https:\/\/www.diocesisciudadrodrigo.org\/blog4\/mons-jose-luis-retana-participa-en-la-128a-asamblea-plenaria-de-la-conferencia-episcopal-espanola\/#more-40656\" aria-label=\"M\u00e1s en Mons. Jos\u00e9 Luis Retana participa en la 128\u00aa Asamblea Plenaria de la Conferencia Episcopal Espa\u00f1ola\">Leer m\u00e1s &#8230;<\/a><\/p>\n","protected":false},"author":1,"featured_media":40657,"comment_status":"closed","ping_status":"closed","sticky":false,"template":"","format":"standard","meta":{"footnotes":""},"categories":[6],"tags":[],"class_list":["post-40656","post","type-post","status-publish","format-standard","has-post-thumbnail","hentry","category-noticias","masonry-post","generate-columns","tablet-grid-50","mobile-grid-100","grid-parent","grid-50"],"yoast_head":"<!-- This site is optimized with the Yoast SEO plugin v27.3 - https:\/\/yoast.com\/product\/yoast-seo-wordpress\/ -->\n<title>Mons. Jos\u00e9 Luis Retana participa en la 128\u00aa Asamblea Plenaria de la Conferencia Episcopal Espa\u00f1ola - Di\u00f3cesis de Ciudad Rodrigo<\/title>\n<meta name=\"robots\" content=\"index, follow, max-snippet:-1, max-image-preview:large, max-video-preview:-1\" \/>\n<link rel=\"canonical\" href=\"https:\/\/www.diocesisciudadrodrigo.org\/blog4\/mons-jose-luis-retana-participa-en-la-128a-asamblea-plenaria-de-la-conferencia-episcopal-espanola\/\" \/>\n<meta property=\"og:locale\" content=\"es_ES\" \/>\n<meta property=\"og:type\" content=\"article\" \/>\n<meta property=\"og:title\" content=\"Mons. Jos\u00e9 Luis Retana participa en la 128\u00aa Asamblea Plenaria de la Conferencia Episcopal Espa\u00f1ola - Di\u00f3cesis de Ciudad Rodrigo\" \/>\n<meta property=\"og:description\" content=\"Los obispos trabajan en las nuevas l\u00edneas pastorales, la sinodalidad diocesana y la atenci\u00f3n a las v\u00edctimas, en una plenaria marcada por la reciente visita al papa Le\u00f3n XIV DELEGACI\u00d3N ... Leer m\u00e1s ...\" \/>\n<meta property=\"og:url\" content=\"https:\/\/www.diocesisciudadrodrigo.org\/blog4\/mons-jose-luis-retana-participa-en-la-128a-asamblea-plenaria-de-la-conferencia-episcopal-espanola\/\" \/>\n<meta property=\"og:site_name\" content=\"Di\u00f3cesis de Ciudad Rodrigo\" \/>\n<meta property=\"article:publisher\" content=\"https:\/\/www.facebook.com\/people\/Dicesis-Ciudad-Rodrigo-MCS\/100076471923419\/#\" \/>\n<meta property=\"article:published_time\" content=\"2025-11-21T11:57:32+00:00\" \/>\n<meta property=\"article:modified_time\" content=\"2025-11-21T11:59:07+00:00\" \/>\n<meta property=\"og:image\" content=\"https:\/\/www.diocesisciudadrodrigo.org\/blog4\/wp-content\/uploads\/2025\/11\/54931888669_7628b9e5ec_c.jpg\" \/>\n\t<meta property=\"og:image:width\" content=\"799\" \/>\n\t<meta property=\"og:image:height\" content=\"533\" \/>\n\t<meta property=\"og:image:type\" content=\"image\/jpeg\" \/>\n<meta name=\"author\" content=\"medios CR\" \/>\n<meta name=\"twitter:card\" content=\"summary_large_image\" \/>\n<meta name=\"twitter:label1\" content=\"Escrito por\" \/>\n\t<meta name=\"twitter:data1\" content=\"medios CR\" \/>\n\t<meta name=\"twitter:label2\" content=\"Tiempo de lectura\" \/>\n\t<meta name=\"twitter:data2\" content=\"3 minutos\" \/>\n<script type=\"application\/ld+json\" class=\"yoast-schema-graph\">{\"@context\":\"https:\\\/\\\/schema.org\",\"@graph\":[{\"@type\":\"Article\",\"@id\":\"https:\\\/\\\/www.diocesisciudadrodrigo.org\\\/blog4\\\/mons-jose-luis-retana-participa-en-la-128a-asamblea-plenaria-de-la-conferencia-episcopal-espanola\\\/#article\",\"isPartOf\":{\"@id\":\"https:\\\/\\\/www.diocesisciudadrodrigo.org\\\/blog4\\\/mons-jose-luis-retana-participa-en-la-128a-asamblea-plenaria-de-la-conferencia-episcopal-espanola\\\/\"},\"author\":{\"name\":\"medios CR\",\"@id\":\"https:\\\/\\\/www.diocesisciudadrodrigo.org\\\/blog4\\\/#\\\/schema\\\/person\\\/5fcf0ca636a75766ff70e6417b6ed052\"},\"headline\":\"Mons. Jos\u00e9 Luis Retana participa en la 128\u00aa Asamblea Plenaria de la Conferencia Episcopal Espa\u00f1ola\",\"datePublished\":\"2025-11-21T11:57:32+00:00\",\"dateModified\":\"2025-11-21T11:59:07+00:00\",\"mainEntityOfPage\":{\"@id\":\"https:\\\/\\\/www.diocesisciudadrodrigo.org\\\/blog4\\\/mons-jose-luis-retana-participa-en-la-128a-asamblea-plenaria-de-la-conferencia-episcopal-espanola\\\/\"},\"wordCount\":616,\"publisher\":{\"@id\":\"https:\\\/\\\/www.diocesisciudadrodrigo.org\\\/blog4\\\/#organization\"},\"image\":{\"@id\":\"https:\\\/\\\/www.diocesisciudadrodrigo.org\\\/blog4\\\/mons-jose-luis-retana-participa-en-la-128a-asamblea-plenaria-de-la-conferencia-episcopal-espanola\\\/#primaryimage\"},\"thumbnailUrl\":\"https:\\\/\\\/www.diocesisciudadrodrigo.org\\\/blog4\\\/wp-content\\\/uploads\\\/2025\\\/11\\\/54931888669_7628b9e5ec_c.jpg\",\"articleSection\":[\"Noticias\"],\"inLanguage\":\"es\"},{\"@type\":\"WebPage\",\"@id\":\"https:\\\/\\\/www.diocesisciudadrodrigo.org\\\/blog4\\\/mons-jose-luis-retana-participa-en-la-128a-asamblea-plenaria-de-la-conferencia-episcopal-espanola\\\/\",\"url\":\"https:\\\/\\\/www.diocesisciudadrodrigo.org\\\/blog4\\\/mons-jose-luis-retana-participa-en-la-128a-asamblea-plenaria-de-la-conferencia-episcopal-espanola\\\/\",\"name\":\"Mons. Jos\u00e9 Luis Retana participa en la 128\u00aa Asamblea Plenaria de la Conferencia Episcopal Espa\u00f1ola - Di\u00f3cesis de Ciudad Rodrigo\",\"isPartOf\":{\"@id\":\"https:\\\/\\\/www.diocesisciudadrodrigo.org\\\/blog4\\\/#website\"},\"primaryImageOfPage\":{\"@id\":\"https:\\\/\\\/www.diocesisciudadrodrigo.org\\\/blog4\\\/mons-jose-luis-retana-participa-en-la-128a-asamblea-plenaria-de-la-conferencia-episcopal-espanola\\\/#primaryimage\"},\"image\":{\"@id\":\"https:\\\/\\\/www.diocesisciudadrodrigo.org\\\/blog4\\\/mons-jose-luis-retana-participa-en-la-128a-asamblea-plenaria-de-la-conferencia-episcopal-espanola\\\/#primaryimage\"},\"thumbnailUrl\":\"https:\\\/\\\/www.diocesisciudadrodrigo.org\\\/blog4\\\/wp-content\\\/uploads\\\/2025\\\/11\\\/54931888669_7628b9e5ec_c.jpg\",\"datePublished\":\"2025-11-21T11:57:32+00:00\",\"dateModified\":\"2025-11-21T11:59:07+00:00\",\"breadcrumb\":{\"@id\":\"https:\\\/\\\/www.diocesisciudadrodrigo.org\\\/blog4\\\/mons-jose-luis-retana-participa-en-la-128a-asamblea-plenaria-de-la-conferencia-episcopal-espanola\\\/#breadcrumb\"},\"inLanguage\":\"es\",\"potentialAction\":[{\"@type\":\"ReadAction\",\"target\":[\"https:\\\/\\\/www.diocesisciudadrodrigo.org\\\/blog4\\\/mons-jose-luis-retana-participa-en-la-128a-asamblea-plenaria-de-la-conferencia-episcopal-espanola\\\/\"]}]},{\"@type\":\"ImageObject\",\"inLanguage\":\"es\",\"@id\":\"https:\\\/\\\/www.diocesisciudadrodrigo.org\\\/blog4\\\/mons-jose-luis-retana-participa-en-la-128a-asamblea-plenaria-de-la-conferencia-episcopal-espanola\\\/#primaryimage\",\"url\":\"https:\\\/\\\/www.diocesisciudadrodrigo.org\\\/blog4\\\/wp-content\\\/uploads\\\/2025\\\/11\\\/54931888669_7628b9e5ec_c.jpg\",\"contentUrl\":\"https:\\\/\\\/www.diocesisciudadrodrigo.org\\\/blog4\\\/wp-content\\\/uploads\\\/2025\\\/11\\\/54931888669_7628b9e5ec_c.jpg\",\"width\":799,\"height\":533},{\"@type\":\"BreadcrumbList\",\"@id\":\"https:\\\/\\\/www.diocesisciudadrodrigo.org\\\/blog4\\\/mons-jose-luis-retana-participa-en-la-128a-asamblea-plenaria-de-la-conferencia-episcopal-espanola\\\/#breadcrumb\",\"itemListElement\":[{\"@type\":\"ListItem\",\"position\":1,\"name\":\"Portada\",\"item\":\"https:\\\/\\\/www.diocesisciudadrodrigo.org\\\/blog4\\\/\"},{\"@type\":\"ListItem\",\"position\":2,\"name\":\"Mons. Jos\u00e9 Luis Retana participa en la 128\u00aa Asamblea Plenaria de la Conferencia Episcopal Espa\u00f1ola\"}]},{\"@type\":\"WebSite\",\"@id\":\"https:\\\/\\\/www.diocesisciudadrodrigo.org\\\/blog4\\\/#website\",\"url\":\"https:\\\/\\\/www.diocesisciudadrodrigo.org\\\/blog4\\\/\",\"name\":\"Di\u00f3cesis de Ciudad Rodrigo\",\"description\":\"Sitio web oficial de la di\u00f3cesis civitatense\",\"publisher\":{\"@id\":\"https:\\\/\\\/www.diocesisciudadrodrigo.org\\\/blog4\\\/#organization\"},\"potentialAction\":[{\"@type\":\"SearchAction\",\"target\":{\"@type\":\"EntryPoint\",\"urlTemplate\":\"https:\\\/\\\/www.diocesisciudadrodrigo.org\\\/blog4\\\/?s={search_term_string}\"},\"query-input\":{\"@type\":\"PropertyValueSpecification\",\"valueRequired\":true,\"valueName\":\"search_term_string\"}}],\"inLanguage\":\"es\"},{\"@type\":\"Organization\",\"@id\":\"https:\\\/\\\/www.diocesisciudadrodrigo.org\\\/blog4\\\/#organization\",\"name\":\"Di\u00f3cesis de Ciudad Rodrigo\",\"url\":\"https:\\\/\\\/www.diocesisciudadrodrigo.org\\\/blog4\\\/\",\"logo\":{\"@type\":\"ImageObject\",\"inLanguage\":\"es\",\"@id\":\"https:\\\/\\\/www.diocesisciudadrodrigo.org\\\/blog4\\\/#\\\/schema\\\/logo\\\/image\\\/\",\"url\":\"https:\\\/\\\/www.diocesisciudadrodrigo.org\\\/blog4\\\/wp-content\\\/uploads\\\/2024\\\/12\\\/Diocesis.CMYK_-768x480-1.jpg\",\"contentUrl\":\"https:\\\/\\\/www.diocesisciudadrodrigo.org\\\/blog4\\\/wp-content\\\/uploads\\\/2024\\\/12\\\/Diocesis.CMYK_-768x480-1.jpg\",\"width\":768,\"height\":480,\"caption\":\"Di\u00f3cesis de Ciudad Rodrigo\"},\"image\":{\"@id\":\"https:\\\/\\\/www.diocesisciudadrodrigo.org\\\/blog4\\\/#\\\/schema\\\/logo\\\/image\\\/\"},\"sameAs\":[\"https:\\\/\\\/www.facebook.com\\\/people\\\/Dicesis-Ciudad-Rodrigo-MCS\\\/100076471923419\\\/#\"]},{\"@type\":\"Person\",\"@id\":\"https:\\\/\\\/www.diocesisciudadrodrigo.org\\\/blog4\\\/#\\\/schema\\\/person\\\/5fcf0ca636a75766ff70e6417b6ed052\",\"name\":\"medios CR\",\"image\":{\"@type\":\"ImageObject\",\"inLanguage\":\"es\",\"@id\":\"https:\\\/\\\/secure.gravatar.com\\\/avatar\\\/4a619fd0c7e36bd570f4e6e15eb09a2191185d0f63d8dbfdffe848af141ab87e?s=96&d=mm&r=g\",\"url\":\"https:\\\/\\\/secure.gravatar.com\\\/avatar\\\/4a619fd0c7e36bd570f4e6e15eb09a2191185d0f63d8dbfdffe848af141ab87e?s=96&d=mm&r=g\",\"contentUrl\":\"https:\\\/\\\/secure.gravatar.com\\\/avatar\\\/4a619fd0c7e36bd570f4e6e15eb09a2191185d0f63d8dbfdffe848af141ab87e?s=96&d=mm&r=g\",\"caption\":\"medios CR\"},\"url\":\"https:\\\/\\\/www.diocesisciudadrodrigo.org\\\/blog4\\\/author\\\/admin4\\\/\"}]}<\/script>\n<!-- \/ Yoast SEO plugin. -->","yoast_head_json":{"title":"Mons. Jos\u00e9 Luis Retana participa en la 128\u00aa Asamblea Plenaria de la Conferencia Episcopal Espa\u00f1ola - Di\u00f3cesis de Ciudad Rodrigo","robots":{"index":"index","follow":"follow","max-snippet":"max-snippet:-1","max-image-preview":"max-image-preview:large","max-video-preview":"max-video-preview:-1"},"canonical":"https:\/\/www.diocesisciudadrodrigo.org\/blog4\/mons-jose-luis-retana-participa-en-la-128a-asamblea-plenaria-de-la-conferencia-episcopal-espanola\/","og_locale":"es_ES","og_type":"article","og_title":"Mons. Jos\u00e9 Luis Retana participa en la 128\u00aa Asamblea Plenaria de la Conferencia Episcopal Espa\u00f1ola - Di\u00f3cesis de Ciudad Rodrigo","og_description":"Los obispos trabajan en las nuevas l\u00edneas pastorales, la sinodalidad diocesana y la atenci\u00f3n a las v\u00edctimas, en una plenaria marcada por la reciente visita al papa Le\u00f3n XIV DELEGACI\u00d3N ... Leer m\u00e1s ...","og_url":"https:\/\/www.diocesisciudadrodrigo.org\/blog4\/mons-jose-luis-retana-participa-en-la-128a-asamblea-plenaria-de-la-conferencia-episcopal-espanola\/","og_site_name":"Di\u00f3cesis de Ciudad Rodrigo","article_publisher":"https:\/\/www.facebook.com\/people\/Dicesis-Ciudad-Rodrigo-MCS\/100076471923419\/#","article_published_time":"2025-11-21T11:57:32+00:00","article_modified_time":"2025-11-21T11:59:07+00:00","og_image":[{"width":799,"height":533,"url":"https:\/\/www.diocesisciudadrodrigo.org\/blog4\/wp-content\/uploads\/2025\/11\/54931888669_7628b9e5ec_c.jpg","type":"image\/jpeg"}],"author":"medios CR","twitter_card":"summary_large_image","twitter_misc":{"Escrito por":"medios CR","Tiempo de lectura":"3 minutos"},"schema":{"@context":"https:\/\/schema.org","@graph":[{"@type":"Article","@id":"https:\/\/www.diocesisciudadrodrigo.org\/blog4\/mons-jose-luis-retana-participa-en-la-128a-asamblea-plenaria-de-la-conferencia-episcopal-espanola\/#article","isPartOf":{"@id":"https:\/\/www.diocesisciudadrodrigo.org\/blog4\/mons-jose-luis-retana-participa-en-la-128a-asamblea-plenaria-de-la-conferencia-episcopal-espanola\/"},"author":{"name":"medios CR","@id":"https:\/\/www.diocesisciudadrodrigo.org\/blog4\/#\/schema\/person\/5fcf0ca636a75766ff70e6417b6ed052"},"headline":"Mons. Jos\u00e9 Luis Retana participa en la 128\u00aa Asamblea Plenaria de la Conferencia Episcopal Espa\u00f1ola","datePublished":"2025-11-21T11:57:32+00:00","dateModified":"2025-11-21T11:59:07+00:00","mainEntityOfPage":{"@id":"https:\/\/www.diocesisciudadrodrigo.org\/blog4\/mons-jose-luis-retana-participa-en-la-128a-asamblea-plenaria-de-la-conferencia-episcopal-espanola\/"},"wordCount":616,"publisher":{"@id":"https:\/\/www.diocesisciudadrodrigo.org\/blog4\/#organization"},"image":{"@id":"https:\/\/www.diocesisciudadrodrigo.org\/blog4\/mons-jose-luis-retana-participa-en-la-128a-asamblea-plenaria-de-la-conferencia-episcopal-espanola\/#primaryimage"},"thumbnailUrl":"https:\/\/www.diocesisciudadrodrigo.org\/blog4\/wp-content\/uploads\/2025\/11\/54931888669_7628b9e5ec_c.jpg","articleSection":["Noticias"],"inLanguage":"es"},{"@type":"WebPage","@id":"https:\/\/www.diocesisciudadrodrigo.org\/blog4\/mons-jose-luis-retana-participa-en-la-128a-asamblea-plenaria-de-la-conferencia-episcopal-espanola\/","url":"https:\/\/www.diocesisciudadrodrigo.org\/blog4\/mons-jose-luis-retana-participa-en-la-128a-asamblea-plenaria-de-la-conferencia-episcopal-espanola\/","name":"Mons. Jos\u00e9 Luis Retana participa en la 128\u00aa Asamblea Plenaria de la Conferencia Episcopal Espa\u00f1ola - Di\u00f3cesis de Ciudad Rodrigo","isPartOf":{"@id":"https:\/\/www.diocesisciudadrodrigo.org\/blog4\/#website"},"primaryImageOfPage":{"@id":"https:\/\/www.diocesisciudadrodrigo.org\/blog4\/mons-jose-luis-retana-participa-en-la-128a-asamblea-plenaria-de-la-conferencia-episcopal-espanola\/#primaryimage"},"image":{"@id":"https:\/\/www.diocesisciudadrodrigo.org\/blog4\/mons-jose-luis-retana-participa-en-la-128a-asamblea-plenaria-de-la-conferencia-episcopal-espanola\/#primaryimage"},"thumbnailUrl":"https:\/\/www.diocesisciudadrodrigo.org\/blog4\/wp-content\/uploads\/2025\/11\/54931888669_7628b9e5ec_c.jpg","datePublished":"2025-11-21T11:57:32+00:00","dateModified":"2025-11-21T11:59:07+00:00","breadcrumb":{"@id":"https:\/\/www.diocesisciudadrodrigo.org\/blog4\/mons-jose-luis-retana-participa-en-la-128a-asamblea-plenaria-de-la-conferencia-episcopal-espanola\/#breadcrumb"},"inLanguage":"es","potentialAction":[{"@type":"ReadAction","target":["https:\/\/www.diocesisciudadrodrigo.org\/blog4\/mons-jose-luis-retana-participa-en-la-128a-asamblea-plenaria-de-la-conferencia-episcopal-espanola\/"]}]},{"@type":"ImageObject","inLanguage":"es","@id":"https:\/\/www.diocesisciudadrodrigo.org\/blog4\/mons-jose-luis-retana-participa-en-la-128a-asamblea-plenaria-de-la-conferencia-episcopal-espanola\/#primaryimage","url":"https:\/\/www.diocesisciudadrodrigo.org\/blog4\/wp-content\/uploads\/2025\/11\/54931888669_7628b9e5ec_c.jpg","contentUrl":"https:\/\/www.diocesisciudadrodrigo.org\/blog4\/wp-content\/uploads\/2025\/11\/54931888669_7628b9e5ec_c.jpg","width":799,"height":533},{"@type":"BreadcrumbList","@id":"https:\/\/www.diocesisciudadrodrigo.org\/blog4\/mons-jose-luis-retana-participa-en-la-128a-asamblea-plenaria-de-la-conferencia-episcopal-espanola\/#breadcrumb","itemListElement":[{"@type":"ListItem","position":1,"name":"Portada","item":"https:\/\/www.diocesisciudadrodrigo.org\/blog4\/"},{"@type":"ListItem","position":2,"name":"Mons. Jos\u00e9 Luis Retana participa en la 128\u00aa Asamblea Plenaria de la Conferencia Episcopal Espa\u00f1ola"}]},{"@type":"WebSite","@id":"https:\/\/www.diocesisciudadrodrigo.org\/blog4\/#website","url":"https:\/\/www.diocesisciudadrodrigo.org\/blog4\/","name":"Di\u00f3cesis de Ciudad Rodrigo","description":"Sitio web oficial de la di\u00f3cesis civitatense","publisher":{"@id":"https:\/\/www.diocesisciudadrodrigo.org\/blog4\/#organization"},"potentialAction":[{"@type":"SearchAction","target":{"@type":"EntryPoint","urlTemplate":"https:\/\/www.diocesisciudadrodrigo.org\/blog4\/?s={search_term_string}"},"query-input":{"@type":"PropertyValueSpecification","valueRequired":true,"valueName":"search_term_string"}}],"inLanguage":"es"},{"@type":"Organization","@id":"https:\/\/www.diocesisciudadrodrigo.org\/blog4\/#organization","name":"Di\u00f3cesis de Ciudad Rodrigo","url":"https:\/\/www.diocesisciudadrodrigo.org\/blog4\/","logo":{"@type":"ImageObject","inLanguage":"es","@id":"https:\/\/www.diocesisciudadrodrigo.org\/blog4\/#\/schema\/logo\/image\/","url":"https:\/\/www.diocesisciudadrodrigo.org\/blog4\/wp-content\/uploads\/2024\/12\/Diocesis.CMYK_-768x480-1.jpg","contentUrl":"https:\/\/www.diocesisciudadrodrigo.org\/blog4\/wp-content\/uploads\/2024\/12\/Diocesis.CMYK_-768x480-1.jpg","width":768,"height":480,"caption":"Di\u00f3cesis de Ciudad Rodrigo"},"image":{"@id":"https:\/\/www.diocesisciudadrodrigo.org\/blog4\/#\/schema\/logo\/image\/"},"sameAs":["https:\/\/www.facebook.com\/people\/Dicesis-Ciudad-Rodrigo-MCS\/100076471923419\/#"]},{"@type":"Person","@id":"https:\/\/www.diocesisciudadrodrigo.org\/blog4\/#\/schema\/person\/5fcf0ca636a75766ff70e6417b6ed052","name":"medios CR","image":{"@type":"ImageObject","inLanguage":"es","@id":"https:\/\/secure.gravatar.com\/avatar\/4a619fd0c7e36bd570f4e6e15eb09a2191185d0f63d8dbfdffe848af141ab87e?s=96&d=mm&r=g","url":"https:\/\/secure.gravatar.com\/avatar\/4a619fd0c7e36bd570f4e6e15eb09a2191185d0f63d8dbfdffe848af141ab87e?s=96&d=mm&r=g","contentUrl":"https:\/\/secure.gravatar.com\/avatar\/4a619fd0c7e36bd570f4e6e15eb09a2191185d0f63d8dbfdffe848af141ab87e?s=96&d=mm&r=g","caption":"medios CR"},"url":"https:\/\/www.diocesisciudadrodrigo.org\/blog4\/author\/admin4\/"}]}},"_links":{"self":[{"href":"https:\/\/www.diocesisciudadrodrigo.org\/blog4\/wp-json\/wp\/v2\/posts\/40656","targetHints":{"allow":["GET"]}}],"collection":[{"href":"https:\/\/www.diocesisciudadrodrigo.org\/blog4\/wp-json\/wp\/v2\/posts"}],"about":[{"href":"https:\/\/www.diocesisciudadrodrigo.org\/blog4\/wp-json\/wp\/v2\/types\/post"}],"author":[{"embeddable":true,"href":"https:\/\/www.diocesisciudadrodrigo.org\/blog4\/wp-json\/wp\/v2\/users\/1"}],"replies":[{"embeddable":true,"href":"https:\/\/www.diocesisciudadrodrigo.org\/blog4\/wp-json\/wp\/v2\/comments?post=40656"}],"version-history":[{"count":4,"href":"https:\/\/www.diocesisciudadrodrigo.org\/blog4\/wp-json\/wp\/v2\/posts\/40656\/revisions"}],"predecessor-version":[{"id":40664,"href":"https:\/\/www.diocesisciudadrodrigo.org\/blog4\/wp-json\/wp\/v2\/posts\/40656\/revisions\/40664"}],"wp:featuredmedia":[{"embeddable":true,"href":"https:\/\/www.diocesisciudadrodrigo.org\/blog4\/wp-json\/wp\/v2\/media\/40657"}],"wp:attachment":[{"href":"https:\/\/www.diocesisciudadrodrigo.org\/blog4\/wp-json\/wp\/v2\/media?parent=40656"}],"wp:term":[{"taxonomy":"category","embeddable":true,"href":"https:\/\/www.diocesisciudadrodrigo.org\/blog4\/wp-json\/wp\/v2\/categories?post=40656"},{"taxonomy":"post_tag","embeddable":true,"href":"https:\/\/www.diocesisciudadrodrigo.org\/blog4\/wp-json\/wp\/v2\/tags?post=40656"}],"curies":[{"name":"wp","href":"https:\/\/api.w.org\/{rel}","templated":true}]}}