{"id":40565,"date":"2025-11-18T09:32:25","date_gmt":"2025-11-18T08:32:25","guid":{"rendered":"https:\/\/www.diocesisciudadrodrigo.org\/blog4\/?p=40565"},"modified":"2025-11-17T15:33:11","modified_gmt":"2025-11-17T14:33:11","slug":"ciudad-rodrigo-participa-en-las-jornadas-de-familia-y-vida-de-la-conferencia-episcopal-espanola","status":"publish","type":"post","link":"https:\/\/www.diocesisciudadrodrigo.org\/blog4\/ciudad-rodrigo-participa-en-las-jornadas-de-familia-y-vida-de-la-conferencia-episcopal-espanola\/","title":{"rendered":"Ciudad Rodrigo participa en las Jornadas de Familia y Vida de la Conferencia Episcopal Espa\u00f1ola"},"content":{"rendered":"\t\t<div data-elementor-type=\"wp-post\" data-elementor-id=\"40565\" class=\"elementor elementor-40565\" data-elementor-settings=\"[]\">\n\t\t\t\t\t\t<div class=\"elementor-inner\">\n\t\t\t\t\t\t\t<div class=\"elementor-section-wrap\">\n\t\t\t\t\t\t\t<section class=\"elementor-section elementor-top-section elementor-element elementor-element-af03026 elementor-section-boxed elementor-section-height-default elementor-section-height-default\" data-id=\"af03026\" data-element_type=\"section\">\n\t\t\t\t\t\t<div class=\"elementor-container elementor-column-gap-default\">\n\t\t\t\t\t\t\t<div class=\"elementor-row\">\n\t\t\t\t\t<div class=\"elementor-column elementor-col-100 elementor-top-column elementor-element elementor-element-21f4312\" data-id=\"21f4312\" data-element_type=\"column\">\n\t\t\t<div class=\"elementor-column-wrap elementor-element-populated\">\n\t\t\t\t\t\t\t<div class=\"elementor-widget-wrap\">\n\t\t\t\t\t\t<div class=\"elementor-element elementor-element-8189fc5 elementor-widget elementor-widget-text-editor\" data-id=\"8189fc5\" data-element_type=\"widget\" data-widget_type=\"text-editor.default\">\n\t\t\t\t<div class=\"elementor-widget-container\">\n\t\t\t\t\t\t\t\t<div class=\"elementor-text-editor elementor-clearfix\">\n\t\t\t\t<h3>\u00a0<em data-start=\"254\" data-end=\"377\">El delegado, Daniel Mielgo, represent\u00f3 a la di\u00f3cesis en una jornada centrada en los retos actuales de la pastoral familiar<\/em><\/h3><p><strong><span style=\"color: #ff0000;\">DELEGACI\u00d3N DE MEDIOS<\/span><\/strong><\/p><p><img loading=\"lazy\" decoding=\"async\" class=\" wp-image-40569 alignright\" src=\"https:\/\/www.diocesisciudadrodrigo.org\/blog4\/wp-content\/uploads\/2025\/11\/PHOTO-2025-11-08-20-31-06-1000x449.jpg\" alt=\"\" width=\"339\" height=\"152\" srcset=\"https:\/\/www.diocesisciudadrodrigo.org\/blog4\/wp-content\/uploads\/2025\/11\/PHOTO-2025-11-08-20-31-06-1000x449.jpg 1000w, https:\/\/www.diocesisciudadrodrigo.org\/blog4\/wp-content\/uploads\/2025\/11\/PHOTO-2025-11-08-20-31-06-768x345.jpg 768w, https:\/\/www.diocesisciudadrodrigo.org\/blog4\/wp-content\/uploads\/2025\/11\/PHOTO-2025-11-08-20-31-06-1536x690.jpg 1536w, https:\/\/www.diocesisciudadrodrigo.org\/blog4\/wp-content\/uploads\/2025\/11\/PHOTO-2025-11-08-20-31-06-350x157.jpg 350w, https:\/\/www.diocesisciudadrodrigo.org\/blog4\/wp-content\/uploads\/2025\/11\/PHOTO-2025-11-08-20-31-06.jpg 1600w\" sizes=\"auto, (max-width: 339px) 100vw, 339px\" \/>La <strong data-start=\"516\" data-end=\"576\">XLIII Jornada de Delegados de Pastoral de Familia y Vida<\/strong> reuni\u00f3 en la sede de la Conferencia Episcopal Espa\u00f1ola a delegados y consiliarios de todo el pa\u00eds para reflexionar sobre <strong>\u00ab<\/strong><strong data-start=\"718\" data-end=\"778\">La pastoral familiar ante el desaf\u00edo de la pornograf\u00eda\u00bb<\/strong>. La convocatoria, organizada por la Subcomisi\u00f3n Episcopal para la Familia y Defensa de la Vida, ofreci\u00f3 un espacio de formaci\u00f3n y di\u00e1logo sobre un fen\u00f3meno que afecta cada vez m\u00e1s a la educaci\u00f3n afectiva, a los j\u00f3venes y a la vida familiar.<\/p><p data-start=\"1021\" data-end=\"1284\">La di\u00f3cesis de <strong data-start=\"1036\" data-end=\"1054\">Ciudad Rodrigo<\/strong> estuvo representada por su delegado, <strong data-start=\"1092\" data-end=\"1109\">Daniel Mielgo<\/strong>, quien destaca que la jornada \u00abpermiti\u00f3 profundizar en un problema que hoy interpela con fuerza a las familias, tanto en los ni\u00f1os y j\u00f3venes como en los propios matrimonios\u00bb.<\/p><h4 data-start=\"1286\" data-end=\"1319\">Formaci\u00f3n y claves pastorales<\/h4><p data-start=\"1321\" data-end=\"1688\">La jornada comenz\u00f3 a las 10:30 horas con la recepci\u00f3n de los participantes y la oraci\u00f3n inicial, presidida por <strong data-start=\"1432\" data-end=\"1461\">Mons. Jos\u00e9 Mazuelos P\u00e9rez<\/strong>, obispo de Canarias y presidente de la Subcomisi\u00f3n Episcopal. En su saludo, el prelado present\u00f3 los objetivos de esta edici\u00f3n, centrados en ofrecer <strong data-start=\"1610\" data-end=\"1649\">criterios y herramientas pastorales<\/strong> para acompa\u00f1ar y prevenir desde la fe.<\/p><p data-start=\"1690\" data-end=\"2080\"><img loading=\"lazy\" decoding=\"async\" class=\" wp-image-40570 alignleft\" src=\"https:\/\/www.diocesisciudadrodrigo.org\/blog4\/wp-content\/uploads\/2025\/11\/PHOTO-2025-11-08-16-23-59-1000x750.jpg\" alt=\"\" width=\"294\" height=\"221\" srcset=\"https:\/\/www.diocesisciudadrodrigo.org\/blog4\/wp-content\/uploads\/2025\/11\/PHOTO-2025-11-08-16-23-59-1000x750.jpg 1000w, https:\/\/www.diocesisciudadrodrigo.org\/blog4\/wp-content\/uploads\/2025\/11\/PHOTO-2025-11-08-16-23-59-768x576.jpg 768w, https:\/\/www.diocesisciudadrodrigo.org\/blog4\/wp-content\/uploads\/2025\/11\/PHOTO-2025-11-08-16-23-59-1536x1152.jpg 1536w, https:\/\/www.diocesisciudadrodrigo.org\/blog4\/wp-content\/uploads\/2025\/11\/PHOTO-2025-11-08-16-23-59-350x263.jpg 350w, https:\/\/www.diocesisciudadrodrigo.org\/blog4\/wp-content\/uploads\/2025\/11\/PHOTO-2025-11-08-16-23-59.jpg 1600w\" sizes=\"auto, (max-width: 294px) 100vw, 294px\" \/>La ponencia principal corri\u00f3 a cargo de <strong data-start=\"1730\" data-end=\"1760\">Jorge Guti\u00e9rrez Berlinches<\/strong>, experto en educaci\u00f3n afectivo-sexual, quien abord\u00f3 el impacto de la pornograf\u00eda en la madurez afectiva de ni\u00f1os, adolescentes y adultos. Su intervenci\u00f3n ofreci\u00f3 claves para afrontar este desaf\u00edo desde una perspectiva educativa, espiritual y familiar. \u00abHa sido una exposici\u00f3n muy clara y muy necesaria\u00bb, comenta Mielgo. Adem\u00e1s de la formaci\u00f3n, la jornada ofreci\u00f3 un espacio de convivencia entre los delegados de las distintas di\u00f3cesis, incluidos algunos de reciente incorporaci\u00f3n. \u00abHa sido tambi\u00e9n una oportunidad para conocernos mejor y compartir experiencias, iniciativas y necesidades\u00bb, subraya el delegado civitatense.<\/p><p data-start=\"2440\" data-end=\"2743\">Durante la tarde, la Subcomisi\u00f3n Episcopal present\u00f3 los proyectos y l\u00edneas de trabajo previstos para los pr\u00f3ximos meses, entre ellos los preparativos de la Semana del Matrimonio, la Jornada de la Familia y la Jornada por la Vida, as\u00ed como nuevos materiales pastorales en elaboraci\u00f3n. El encuentro concluy\u00f3 con la celebraci\u00f3n de la <strong data-start=\"2820\" data-end=\"2834\">eucarist\u00eda<\/strong>, presidida por Mons. Mazuelos.\u00a0<\/p><p data-start=\"2440\" data-end=\"2743\">\u00a0<\/p><p data-start=\"2440\" data-end=\"2743\"><img loading=\"lazy\" decoding=\"async\" class=\"size-medium wp-image-40571 alignnone\" src=\"https:\/\/www.diocesisciudadrodrigo.org\/blog4\/wp-content\/uploads\/2025\/11\/PHOTO-2025-11-08-16-23-59-2-1000x750.jpg\" alt=\"\" width=\"1000\" height=\"750\" srcset=\"https:\/\/www.diocesisciudadrodrigo.org\/blog4\/wp-content\/uploads\/2025\/11\/PHOTO-2025-11-08-16-23-59-2-1000x750.jpg 1000w, https:\/\/www.diocesisciudadrodrigo.org\/blog4\/wp-content\/uploads\/2025\/11\/PHOTO-2025-11-08-16-23-59-2-768x576.jpg 768w, https:\/\/www.diocesisciudadrodrigo.org\/blog4\/wp-content\/uploads\/2025\/11\/PHOTO-2025-11-08-16-23-59-2-1536x1152.jpg 1536w, https:\/\/www.diocesisciudadrodrigo.org\/blog4\/wp-content\/uploads\/2025\/11\/PHOTO-2025-11-08-16-23-59-2-350x263.jpg 350w, https:\/\/www.diocesisciudadrodrigo.org\/blog4\/wp-content\/uploads\/2025\/11\/PHOTO-2025-11-08-16-23-59-2.jpg 1600w\" sizes=\"auto, (max-width: 1000px) 100vw, 1000px\" \/><\/p>\t\t\t\t\t<\/div>\n\t\t\t\t\t\t<\/div>\n\t\t\t\t<\/div>\n\t\t\t\t\t\t<\/div>\n\t\t\t\t\t<\/div>\n\t\t<\/div>\n\t\t\t\t\t\t\t\t<\/div>\n\t\t\t\t\t<\/div>\n\t\t<\/section>\n\t\t\t\t\t\t<\/div>\n\t\t\t\t\t\t<\/div>\n\t\t\t\t\t<\/div>\n\t\t","protected":false},"excerpt":{"rendered":"<p>\u00a0El delegado, Daniel Mielgo, represent\u00f3 a la di\u00f3cesis en una jornada centrada en los retos actuales de la pastoral familiar DELEGACI\u00d3N DE MEDIOS La XLIII Jornada de Delegados de Pastoral &#8230; <\/p>\n<p class=\"read-more-container\"><a title=\"Ciudad Rodrigo participa en las Jornadas de Familia y Vida de la Conferencia Episcopal Espa\u00f1ola\" class=\"read-more button\" href=\"https:\/\/www.diocesisciudadrodrigo.org\/blog4\/ciudad-rodrigo-participa-en-las-jornadas-de-familia-y-vida-de-la-conferencia-episcopal-espanola\/#more-40565\" aria-label=\"M\u00e1s en Ciudad Rodrigo participa en las Jornadas de Familia y Vida de la Conferencia Episcopal Espa\u00f1ola\">Leer m\u00e1s &#8230;<\/a><\/p>\n","protected":false},"author":1,"featured_media":40569,"comment_status":"closed","ping_status":"closed","sticky":false,"template":"","format":"standard","meta":{"footnotes":""},"categories":[6],"tags":[],"class_list":["post-40565","post","type-post","status-publish","format-standard","has-post-thumbnail","hentry","category-noticias","masonry-post","generate-columns","tablet-grid-50","mobile-grid-100","grid-parent","grid-50"],"yoast_head":"<!-- This site is optimized with the Yoast SEO plugin v27.3 - https:\/\/yoast.com\/product\/yoast-seo-wordpress\/ -->\n<title>Ciudad Rodrigo participa en las Jornadas de Familia y Vida de la Conferencia Episcopal Espa\u00f1ola - Di\u00f3cesis de Ciudad Rodrigo<\/title>\n<meta name=\"robots\" content=\"index, follow, max-snippet:-1, max-image-preview:large, max-video-preview:-1\" \/>\n<link rel=\"canonical\" href=\"https:\/\/www.diocesisciudadrodrigo.org\/blog4\/ciudad-rodrigo-participa-en-las-jornadas-de-familia-y-vida-de-la-conferencia-episcopal-espanola\/\" \/>\n<meta property=\"og:locale\" content=\"es_ES\" \/>\n<meta property=\"og:type\" content=\"article\" \/>\n<meta property=\"og:title\" content=\"Ciudad Rodrigo participa en las Jornadas de Familia y Vida de la Conferencia Episcopal Espa\u00f1ola - Di\u00f3cesis de Ciudad Rodrigo\" \/>\n<meta property=\"og:description\" content=\"\u00a0El delegado, Daniel Mielgo, represent\u00f3 a la di\u00f3cesis en una jornada centrada en los retos actuales de la pastoral familiar DELEGACI\u00d3N DE MEDIOS La XLIII Jornada de Delegados de Pastoral ... Leer m\u00e1s ...\" \/>\n<meta property=\"og:url\" content=\"https:\/\/www.diocesisciudadrodrigo.org\/blog4\/ciudad-rodrigo-participa-en-las-jornadas-de-familia-y-vida-de-la-conferencia-episcopal-espanola\/\" \/>\n<meta property=\"og:site_name\" content=\"Di\u00f3cesis de Ciudad Rodrigo\" \/>\n<meta property=\"article:publisher\" content=\"https:\/\/www.facebook.com\/people\/Dicesis-Ciudad-Rodrigo-MCS\/100076471923419\/#\" \/>\n<meta property=\"article:published_time\" content=\"2025-11-18T08:32:25+00:00\" \/>\n<meta property=\"og:image\" content=\"https:\/\/www.diocesisciudadrodrigo.org\/blog4\/wp-content\/uploads\/2025\/11\/PHOTO-2025-11-08-20-31-06.jpg\" \/>\n\t<meta property=\"og:image:width\" content=\"1600\" \/>\n\t<meta property=\"og:image:height\" content=\"719\" \/>\n\t<meta property=\"og:image:type\" content=\"image\/jpeg\" \/>\n<meta name=\"author\" content=\"medios CR\" \/>\n<meta name=\"twitter:card\" content=\"summary_large_image\" \/>\n<meta name=\"twitter:label1\" content=\"Escrito por\" \/>\n\t<meta name=\"twitter:data1\" content=\"medios CR\" \/>\n\t<meta name=\"twitter:label2\" content=\"Tiempo de lectura\" \/>\n\t<meta name=\"twitter:data2\" content=\"2 minutos\" \/>\n<script type=\"application\/ld+json\" class=\"yoast-schema-graph\">{\"@context\":\"https:\\\/\\\/schema.org\",\"@graph\":[{\"@type\":\"Article\",\"@id\":\"https:\\\/\\\/www.diocesisciudadrodrigo.org\\\/blog4\\\/ciudad-rodrigo-participa-en-las-jornadas-de-familia-y-vida-de-la-conferencia-episcopal-espanola\\\/#article\",\"isPartOf\":{\"@id\":\"https:\\\/\\\/www.diocesisciudadrodrigo.org\\\/blog4\\\/ciudad-rodrigo-participa-en-las-jornadas-de-familia-y-vida-de-la-conferencia-episcopal-espanola\\\/\"},\"author\":{\"name\":\"medios CR\",\"@id\":\"https:\\\/\\\/www.diocesisciudadrodrigo.org\\\/blog4\\\/#\\\/schema\\\/person\\\/5fcf0ca636a75766ff70e6417b6ed052\"},\"headline\":\"Ciudad Rodrigo participa en las Jornadas de Familia y Vida de la Conferencia Episcopal Espa\u00f1ola\",\"datePublished\":\"2025-11-18T08:32:25+00:00\",\"mainEntityOfPage\":{\"@id\":\"https:\\\/\\\/www.diocesisciudadrodrigo.org\\\/blog4\\\/ciudad-rodrigo-participa-en-las-jornadas-de-familia-y-vida-de-la-conferencia-episcopal-espanola\\\/\"},\"wordCount\":418,\"publisher\":{\"@id\":\"https:\\\/\\\/www.diocesisciudadrodrigo.org\\\/blog4\\\/#organization\"},\"image\":{\"@id\":\"https:\\\/\\\/www.diocesisciudadrodrigo.org\\\/blog4\\\/ciudad-rodrigo-participa-en-las-jornadas-de-familia-y-vida-de-la-conferencia-episcopal-espanola\\\/#primaryimage\"},\"thumbnailUrl\":\"https:\\\/\\\/www.diocesisciudadrodrigo.org\\\/blog4\\\/wp-content\\\/uploads\\\/2025\\\/11\\\/PHOTO-2025-11-08-20-31-06.jpg\",\"articleSection\":[\"Noticias\"],\"inLanguage\":\"es\"},{\"@type\":\"WebPage\",\"@id\":\"https:\\\/\\\/www.diocesisciudadrodrigo.org\\\/blog4\\\/ciudad-rodrigo-participa-en-las-jornadas-de-familia-y-vida-de-la-conferencia-episcopal-espanola\\\/\",\"url\":\"https:\\\/\\\/www.diocesisciudadrodrigo.org\\\/blog4\\\/ciudad-rodrigo-participa-en-las-jornadas-de-familia-y-vida-de-la-conferencia-episcopal-espanola\\\/\",\"name\":\"Ciudad Rodrigo participa en las Jornadas de Familia y Vida de la Conferencia Episcopal Espa\u00f1ola - Di\u00f3cesis de Ciudad Rodrigo\",\"isPartOf\":{\"@id\":\"https:\\\/\\\/www.diocesisciudadrodrigo.org\\\/blog4\\\/#website\"},\"primaryImageOfPage\":{\"@id\":\"https:\\\/\\\/www.diocesisciudadrodrigo.org\\\/blog4\\\/ciudad-rodrigo-participa-en-las-jornadas-de-familia-y-vida-de-la-conferencia-episcopal-espanola\\\/#primaryimage\"},\"image\":{\"@id\":\"https:\\\/\\\/www.diocesisciudadrodrigo.org\\\/blog4\\\/ciudad-rodrigo-participa-en-las-jornadas-de-familia-y-vida-de-la-conferencia-episcopal-espanola\\\/#primaryimage\"},\"thumbnailUrl\":\"https:\\\/\\\/www.diocesisciudadrodrigo.org\\\/blog4\\\/wp-content\\\/uploads\\\/2025\\\/11\\\/PHOTO-2025-11-08-20-31-06.jpg\",\"datePublished\":\"2025-11-18T08:32:25+00:00\",\"breadcrumb\":{\"@id\":\"https:\\\/\\\/www.diocesisciudadrodrigo.org\\\/blog4\\\/ciudad-rodrigo-participa-en-las-jornadas-de-familia-y-vida-de-la-conferencia-episcopal-espanola\\\/#breadcrumb\"},\"inLanguage\":\"es\",\"potentialAction\":[{\"@type\":\"ReadAction\",\"target\":[\"https:\\\/\\\/www.diocesisciudadrodrigo.org\\\/blog4\\\/ciudad-rodrigo-participa-en-las-jornadas-de-familia-y-vida-de-la-conferencia-episcopal-espanola\\\/\"]}]},{\"@type\":\"ImageObject\",\"inLanguage\":\"es\",\"@id\":\"https:\\\/\\\/www.diocesisciudadrodrigo.org\\\/blog4\\\/ciudad-rodrigo-participa-en-las-jornadas-de-familia-y-vida-de-la-conferencia-episcopal-espanola\\\/#primaryimage\",\"url\":\"https:\\\/\\\/www.diocesisciudadrodrigo.org\\\/blog4\\\/wp-content\\\/uploads\\\/2025\\\/11\\\/PHOTO-2025-11-08-20-31-06.jpg\",\"contentUrl\":\"https:\\\/\\\/www.diocesisciudadrodrigo.org\\\/blog4\\\/wp-content\\\/uploads\\\/2025\\\/11\\\/PHOTO-2025-11-08-20-31-06.jpg\",\"width\":1600,\"height\":719},{\"@type\":\"BreadcrumbList\",\"@id\":\"https:\\\/\\\/www.diocesisciudadrodrigo.org\\\/blog4\\\/ciudad-rodrigo-participa-en-las-jornadas-de-familia-y-vida-de-la-conferencia-episcopal-espanola\\\/#breadcrumb\",\"itemListElement\":[{\"@type\":\"ListItem\",\"position\":1,\"name\":\"Portada\",\"item\":\"https:\\\/\\\/www.diocesisciudadrodrigo.org\\\/blog4\\\/\"},{\"@type\":\"ListItem\",\"position\":2,\"name\":\"Ciudad Rodrigo participa en las Jornadas de Familia y Vida de la Conferencia Episcopal Espa\u00f1ola\"}]},{\"@type\":\"WebSite\",\"@id\":\"https:\\\/\\\/www.diocesisciudadrodrigo.org\\\/blog4\\\/#website\",\"url\":\"https:\\\/\\\/www.diocesisciudadrodrigo.org\\\/blog4\\\/\",\"name\":\"Di\u00f3cesis de Ciudad Rodrigo\",\"description\":\"Sitio web oficial de la di\u00f3cesis civitatense\",\"publisher\":{\"@id\":\"https:\\\/\\\/www.diocesisciudadrodrigo.org\\\/blog4\\\/#organization\"},\"potentialAction\":[{\"@type\":\"SearchAction\",\"target\":{\"@type\":\"EntryPoint\",\"urlTemplate\":\"https:\\\/\\\/www.diocesisciudadrodrigo.org\\\/blog4\\\/?s={search_term_string}\"},\"query-input\":{\"@type\":\"PropertyValueSpecification\",\"valueRequired\":true,\"valueName\":\"search_term_string\"}}],\"inLanguage\":\"es\"},{\"@type\":\"Organization\",\"@id\":\"https:\\\/\\\/www.diocesisciudadrodrigo.org\\\/blog4\\\/#organization\",\"name\":\"Di\u00f3cesis de Ciudad Rodrigo\",\"url\":\"https:\\\/\\\/www.diocesisciudadrodrigo.org\\\/blog4\\\/\",\"logo\":{\"@type\":\"ImageObject\",\"inLanguage\":\"es\",\"@id\":\"https:\\\/\\\/www.diocesisciudadrodrigo.org\\\/blog4\\\/#\\\/schema\\\/logo\\\/image\\\/\",\"url\":\"https:\\\/\\\/www.diocesisciudadrodrigo.org\\\/blog4\\\/wp-content\\\/uploads\\\/2024\\\/12\\\/Diocesis.CMYK_-768x480-1.jpg\",\"contentUrl\":\"https:\\\/\\\/www.diocesisciudadrodrigo.org\\\/blog4\\\/wp-content\\\/uploads\\\/2024\\\/12\\\/Diocesis.CMYK_-768x480-1.jpg\",\"width\":768,\"height\":480,\"caption\":\"Di\u00f3cesis de Ciudad Rodrigo\"},\"image\":{\"@id\":\"https:\\\/\\\/www.diocesisciudadrodrigo.org\\\/blog4\\\/#\\\/schema\\\/logo\\\/image\\\/\"},\"sameAs\":[\"https:\\\/\\\/www.facebook.com\\\/people\\\/Dicesis-Ciudad-Rodrigo-MCS\\\/100076471923419\\\/#\"]},{\"@type\":\"Person\",\"@id\":\"https:\\\/\\\/www.diocesisciudadrodrigo.org\\\/blog4\\\/#\\\/schema\\\/person\\\/5fcf0ca636a75766ff70e6417b6ed052\",\"name\":\"medios CR\",\"image\":{\"@type\":\"ImageObject\",\"inLanguage\":\"es\",\"@id\":\"https:\\\/\\\/secure.gravatar.com\\\/avatar\\\/4a619fd0c7e36bd570f4e6e15eb09a2191185d0f63d8dbfdffe848af141ab87e?s=96&d=mm&r=g\",\"url\":\"https:\\\/\\\/secure.gravatar.com\\\/avatar\\\/4a619fd0c7e36bd570f4e6e15eb09a2191185d0f63d8dbfdffe848af141ab87e?s=96&d=mm&r=g\",\"contentUrl\":\"https:\\\/\\\/secure.gravatar.com\\\/avatar\\\/4a619fd0c7e36bd570f4e6e15eb09a2191185d0f63d8dbfdffe848af141ab87e?s=96&d=mm&r=g\",\"caption\":\"medios CR\"},\"url\":\"https:\\\/\\\/www.diocesisciudadrodrigo.org\\\/blog4\\\/author\\\/admin4\\\/\"}]}<\/script>\n<!-- \/ Yoast SEO plugin. -->","yoast_head_json":{"title":"Ciudad Rodrigo participa en las Jornadas de Familia y Vida de la Conferencia Episcopal Espa\u00f1ola - Di\u00f3cesis de Ciudad Rodrigo","robots":{"index":"index","follow":"follow","max-snippet":"max-snippet:-1","max-image-preview":"max-image-preview:large","max-video-preview":"max-video-preview:-1"},"canonical":"https:\/\/www.diocesisciudadrodrigo.org\/blog4\/ciudad-rodrigo-participa-en-las-jornadas-de-familia-y-vida-de-la-conferencia-episcopal-espanola\/","og_locale":"es_ES","og_type":"article","og_title":"Ciudad Rodrigo participa en las Jornadas de Familia y Vida de la Conferencia Episcopal Espa\u00f1ola - Di\u00f3cesis de Ciudad Rodrigo","og_description":"\u00a0El delegado, Daniel Mielgo, represent\u00f3 a la di\u00f3cesis en una jornada centrada en los retos actuales de la pastoral familiar DELEGACI\u00d3N DE MEDIOS La XLIII Jornada de Delegados de Pastoral ... Leer m\u00e1s ...","og_url":"https:\/\/www.diocesisciudadrodrigo.org\/blog4\/ciudad-rodrigo-participa-en-las-jornadas-de-familia-y-vida-de-la-conferencia-episcopal-espanola\/","og_site_name":"Di\u00f3cesis de Ciudad Rodrigo","article_publisher":"https:\/\/www.facebook.com\/people\/Dicesis-Ciudad-Rodrigo-MCS\/100076471923419\/#","article_published_time":"2025-11-18T08:32:25+00:00","og_image":[{"width":1600,"height":719,"url":"https:\/\/www.diocesisciudadrodrigo.org\/blog4\/wp-content\/uploads\/2025\/11\/PHOTO-2025-11-08-20-31-06.jpg","type":"image\/jpeg"}],"author":"medios CR","twitter_card":"summary_large_image","twitter_misc":{"Escrito por":"medios CR","Tiempo de lectura":"2 minutos"},"schema":{"@context":"https:\/\/schema.org","@graph":[{"@type":"Article","@id":"https:\/\/www.diocesisciudadrodrigo.org\/blog4\/ciudad-rodrigo-participa-en-las-jornadas-de-familia-y-vida-de-la-conferencia-episcopal-espanola\/#article","isPartOf":{"@id":"https:\/\/www.diocesisciudadrodrigo.org\/blog4\/ciudad-rodrigo-participa-en-las-jornadas-de-familia-y-vida-de-la-conferencia-episcopal-espanola\/"},"author":{"name":"medios CR","@id":"https:\/\/www.diocesisciudadrodrigo.org\/blog4\/#\/schema\/person\/5fcf0ca636a75766ff70e6417b6ed052"},"headline":"Ciudad Rodrigo participa en las Jornadas de Familia y Vida de la Conferencia Episcopal Espa\u00f1ola","datePublished":"2025-11-18T08:32:25+00:00","mainEntityOfPage":{"@id":"https:\/\/www.diocesisciudadrodrigo.org\/blog4\/ciudad-rodrigo-participa-en-las-jornadas-de-familia-y-vida-de-la-conferencia-episcopal-espanola\/"},"wordCount":418,"publisher":{"@id":"https:\/\/www.diocesisciudadrodrigo.org\/blog4\/#organization"},"image":{"@id":"https:\/\/www.diocesisciudadrodrigo.org\/blog4\/ciudad-rodrigo-participa-en-las-jornadas-de-familia-y-vida-de-la-conferencia-episcopal-espanola\/#primaryimage"},"thumbnailUrl":"https:\/\/www.diocesisciudadrodrigo.org\/blog4\/wp-content\/uploads\/2025\/11\/PHOTO-2025-11-08-20-31-06.jpg","articleSection":["Noticias"],"inLanguage":"es"},{"@type":"WebPage","@id":"https:\/\/www.diocesisciudadrodrigo.org\/blog4\/ciudad-rodrigo-participa-en-las-jornadas-de-familia-y-vida-de-la-conferencia-episcopal-espanola\/","url":"https:\/\/www.diocesisciudadrodrigo.org\/blog4\/ciudad-rodrigo-participa-en-las-jornadas-de-familia-y-vida-de-la-conferencia-episcopal-espanola\/","name":"Ciudad Rodrigo participa en las Jornadas de Familia y Vida de la Conferencia Episcopal Espa\u00f1ola - Di\u00f3cesis de Ciudad Rodrigo","isPartOf":{"@id":"https:\/\/www.diocesisciudadrodrigo.org\/blog4\/#website"},"primaryImageOfPage":{"@id":"https:\/\/www.diocesisciudadrodrigo.org\/blog4\/ciudad-rodrigo-participa-en-las-jornadas-de-familia-y-vida-de-la-conferencia-episcopal-espanola\/#primaryimage"},"image":{"@id":"https:\/\/www.diocesisciudadrodrigo.org\/blog4\/ciudad-rodrigo-participa-en-las-jornadas-de-familia-y-vida-de-la-conferencia-episcopal-espanola\/#primaryimage"},"thumbnailUrl":"https:\/\/www.diocesisciudadrodrigo.org\/blog4\/wp-content\/uploads\/2025\/11\/PHOTO-2025-11-08-20-31-06.jpg","datePublished":"2025-11-18T08:32:25+00:00","breadcrumb":{"@id":"https:\/\/www.diocesisciudadrodrigo.org\/blog4\/ciudad-rodrigo-participa-en-las-jornadas-de-familia-y-vida-de-la-conferencia-episcopal-espanola\/#breadcrumb"},"inLanguage":"es","potentialAction":[{"@type":"ReadAction","target":["https:\/\/www.diocesisciudadrodrigo.org\/blog4\/ciudad-rodrigo-participa-en-las-jornadas-de-familia-y-vida-de-la-conferencia-episcopal-espanola\/"]}]},{"@type":"ImageObject","inLanguage":"es","@id":"https:\/\/www.diocesisciudadrodrigo.org\/blog4\/ciudad-rodrigo-participa-en-las-jornadas-de-familia-y-vida-de-la-conferencia-episcopal-espanola\/#primaryimage","url":"https:\/\/www.diocesisciudadrodrigo.org\/blog4\/wp-content\/uploads\/2025\/11\/PHOTO-2025-11-08-20-31-06.jpg","contentUrl":"https:\/\/www.diocesisciudadrodrigo.org\/blog4\/wp-content\/uploads\/2025\/11\/PHOTO-2025-11-08-20-31-06.jpg","width":1600,"height":719},{"@type":"BreadcrumbList","@id":"https:\/\/www.diocesisciudadrodrigo.org\/blog4\/ciudad-rodrigo-participa-en-las-jornadas-de-familia-y-vida-de-la-conferencia-episcopal-espanola\/#breadcrumb","itemListElement":[{"@type":"ListItem","position":1,"name":"Portada","item":"https:\/\/www.diocesisciudadrodrigo.org\/blog4\/"},{"@type":"ListItem","position":2,"name":"Ciudad Rodrigo participa en las Jornadas de Familia y Vida de la Conferencia Episcopal Espa\u00f1ola"}]},{"@type":"WebSite","@id":"https:\/\/www.diocesisciudadrodrigo.org\/blog4\/#website","url":"https:\/\/www.diocesisciudadrodrigo.org\/blog4\/","name":"Di\u00f3cesis de Ciudad Rodrigo","description":"Sitio web oficial de la di\u00f3cesis civitatense","publisher":{"@id":"https:\/\/www.diocesisciudadrodrigo.org\/blog4\/#organization"},"potentialAction":[{"@type":"SearchAction","target":{"@type":"EntryPoint","urlTemplate":"https:\/\/www.diocesisciudadrodrigo.org\/blog4\/?s={search_term_string}"},"query-input":{"@type":"PropertyValueSpecification","valueRequired":true,"valueName":"search_term_string"}}],"inLanguage":"es"},{"@type":"Organization","@id":"https:\/\/www.diocesisciudadrodrigo.org\/blog4\/#organization","name":"Di\u00f3cesis de Ciudad Rodrigo","url":"https:\/\/www.diocesisciudadrodrigo.org\/blog4\/","logo":{"@type":"ImageObject","inLanguage":"es","@id":"https:\/\/www.diocesisciudadrodrigo.org\/blog4\/#\/schema\/logo\/image\/","url":"https:\/\/www.diocesisciudadrodrigo.org\/blog4\/wp-content\/uploads\/2024\/12\/Diocesis.CMYK_-768x480-1.jpg","contentUrl":"https:\/\/www.diocesisciudadrodrigo.org\/blog4\/wp-content\/uploads\/2024\/12\/Diocesis.CMYK_-768x480-1.jpg","width":768,"height":480,"caption":"Di\u00f3cesis de Ciudad Rodrigo"},"image":{"@id":"https:\/\/www.diocesisciudadrodrigo.org\/blog4\/#\/schema\/logo\/image\/"},"sameAs":["https:\/\/www.facebook.com\/people\/Dicesis-Ciudad-Rodrigo-MCS\/100076471923419\/#"]},{"@type":"Person","@id":"https:\/\/www.diocesisciudadrodrigo.org\/blog4\/#\/schema\/person\/5fcf0ca636a75766ff70e6417b6ed052","name":"medios CR","image":{"@type":"ImageObject","inLanguage":"es","@id":"https:\/\/secure.gravatar.com\/avatar\/4a619fd0c7e36bd570f4e6e15eb09a2191185d0f63d8dbfdffe848af141ab87e?s=96&d=mm&r=g","url":"https:\/\/secure.gravatar.com\/avatar\/4a619fd0c7e36bd570f4e6e15eb09a2191185d0f63d8dbfdffe848af141ab87e?s=96&d=mm&r=g","contentUrl":"https:\/\/secure.gravatar.com\/avatar\/4a619fd0c7e36bd570f4e6e15eb09a2191185d0f63d8dbfdffe848af141ab87e?s=96&d=mm&r=g","caption":"medios CR"},"url":"https:\/\/www.diocesisciudadrodrigo.org\/blog4\/author\/admin4\/"}]}},"_links":{"self":[{"href":"https:\/\/www.diocesisciudadrodrigo.org\/blog4\/wp-json\/wp\/v2\/posts\/40565","targetHints":{"allow":["GET"]}}],"collection":[{"href":"https:\/\/www.diocesisciudadrodrigo.org\/blog4\/wp-json\/wp\/v2\/posts"}],"about":[{"href":"https:\/\/www.diocesisciudadrodrigo.org\/blog4\/wp-json\/wp\/v2\/types\/post"}],"author":[{"embeddable":true,"href":"https:\/\/www.diocesisciudadrodrigo.org\/blog4\/wp-json\/wp\/v2\/users\/1"}],"replies":[{"embeddable":true,"href":"https:\/\/www.diocesisciudadrodrigo.org\/blog4\/wp-json\/wp\/v2\/comments?post=40565"}],"version-history":[{"count":20,"href":"https:\/\/www.diocesisciudadrodrigo.org\/blog4\/wp-json\/wp\/v2\/posts\/40565\/revisions"}],"predecessor-version":[{"id":40588,"href":"https:\/\/www.diocesisciudadrodrigo.org\/blog4\/wp-json\/wp\/v2\/posts\/40565\/revisions\/40588"}],"wp:featuredmedia":[{"embeddable":true,"href":"https:\/\/www.diocesisciudadrodrigo.org\/blog4\/wp-json\/wp\/v2\/media\/40569"}],"wp:attachment":[{"href":"https:\/\/www.diocesisciudadrodrigo.org\/blog4\/wp-json\/wp\/v2\/media?parent=40565"}],"wp:term":[{"taxonomy":"category","embeddable":true,"href":"https:\/\/www.diocesisciudadrodrigo.org\/blog4\/wp-json\/wp\/v2\/categories?post=40565"},{"taxonomy":"post_tag","embeddable":true,"href":"https:\/\/www.diocesisciudadrodrigo.org\/blog4\/wp-json\/wp\/v2\/tags?post=40565"}],"curies":[{"name":"wp","href":"https:\/\/api.w.org\/{rel}","templated":true}]}}