{"id":40561,"date":"2025-11-11T17:15:50","date_gmt":"2025-11-11T16:15:50","guid":{"rendered":"https:\/\/www.diocesisciudadrodrigo.org\/blog4\/?p=40561"},"modified":"2025-11-17T17:16:05","modified_gmt":"2025-11-17T16:16:05","slug":"los-ninos-llenaron-de-alegria-y-esperanza-la-catedral-en-su-jubileo","status":"publish","type":"post","link":"https:\/\/www.diocesisciudadrodrigo.org\/blog4\/los-ninos-llenaron-de-alegria-y-esperanza-la-catedral-en-su-jubileo\/","title":{"rendered":"Los ni\u00f1os llenaron de alegr\u00eda y esperanza la Catedral en su Jubileo"},"content":{"rendered":"\t\t<div data-elementor-type=\"wp-post\" data-elementor-id=\"40561\" class=\"elementor elementor-40561\" data-elementor-settings=\"[]\">\n\t\t\t\t\t\t<div class=\"elementor-inner\">\n\t\t\t\t\t\t\t<div class=\"elementor-section-wrap\">\n\t\t\t\t\t\t\t<section class=\"elementor-section elementor-top-section elementor-element elementor-element-1046a60 elementor-section-boxed elementor-section-height-default elementor-section-height-default\" data-id=\"1046a60\" data-element_type=\"section\">\n\t\t\t\t\t\t<div class=\"elementor-container elementor-column-gap-default\">\n\t\t\t\t\t\t\t<div class=\"elementor-row\">\n\t\t\t\t\t<div class=\"elementor-column elementor-col-100 elementor-top-column elementor-element elementor-element-f9e172a\" data-id=\"f9e172a\" data-element_type=\"column\">\n\t\t\t<div class=\"elementor-column-wrap elementor-element-populated\">\n\t\t\t\t\t\t\t<div class=\"elementor-widget-wrap\">\n\t\t\t\t\t\t<div class=\"elementor-element elementor-element-7779ef1 elementor-widget elementor-widget-text-editor\" data-id=\"7779ef1\" data-element_type=\"widget\" data-widget_type=\"text-editor.default\">\n\t\t\t\t<div class=\"elementor-widget-container\">\n\t\t\t\t\t\t\t\t<div class=\"elementor-text-editor elementor-clearfix\">\n\t\t\t\t<h3>La di\u00f3cesis reuni\u00f3 el pasado 8 de noviembre a ni\u00f1os y ni\u00f1as de los distintos arciprestazgos para vivir juntos una jornada de fe y fraternidad en el marco del A\u00f1o Santo de la Esperanza<\/h3><p><strong>DELEGACI\u00d3N DE MEDIOS<\/strong><\/p><p data-start=\"329\" data-end=\"707\">Los ni\u00f1os fueron los grandes protagonistas del Jubileo celebrado por la Di\u00f3cesis de Ciudad Rodrigo el pasado 8 de noviembre. Una jornada especialmente preparada para ellos por la Delegaci\u00f3n diocesana de Catequesis y la Vicar\u00eda de Pastoral dentro del A\u00f1o Santo 2025. La actividad reuni\u00f3 a participantes de los siete arciprestazgos de la di\u00f3cesis, acompa\u00f1ados por sus p\u00e1rrocos y catequistas. El prop\u00f3sito era recordarles que Dios camina siempre a su lado y que todos estamos llamados a ser peregrinos de esperanza.<\/p><p data-start=\"329\" data-end=\"707\"><a href=\"https:\/\/www.diocesisciudadrodrigo.org\/blog4\/wp-content\/uploads\/2025\/11\/jubileo-de-los-ninos-20251108-15.33.1618.jpeg\"><img loading=\"lazy\" decoding=\"async\" class=\"alignright wp-image-40595\" src=\"https:\/\/www.diocesisciudadrodrigo.org\/blog4\/wp-content\/uploads\/2025\/11\/jubileo-de-los-ninos-20251108-15.33.1618-1000x750.jpeg\" alt=\"\" width=\"315\" height=\"237\" srcset=\"https:\/\/www.diocesisciudadrodrigo.org\/blog4\/wp-content\/uploads\/2025\/11\/jubileo-de-los-ninos-20251108-15.33.1618-1000x750.jpeg 1000w, https:\/\/www.diocesisciudadrodrigo.org\/blog4\/wp-content\/uploads\/2025\/11\/jubileo-de-los-ninos-20251108-15.33.1618-768x576.jpeg 768w, https:\/\/www.diocesisciudadrodrigo.org\/blog4\/wp-content\/uploads\/2025\/11\/jubileo-de-los-ninos-20251108-15.33.1618-1536x1152.jpeg 1536w, https:\/\/www.diocesisciudadrodrigo.org\/blog4\/wp-content\/uploads\/2025\/11\/jubileo-de-los-ninos-20251108-15.33.1618-350x263.jpeg 350w, https:\/\/www.diocesisciudadrodrigo.org\/blog4\/wp-content\/uploads\/2025\/11\/jubileo-de-los-ninos-20251108-15.33.1618.jpeg 1600w\" sizes=\"auto, (max-width: 315px) 100vw, 315px\" \/><\/a>La jornada comenz\u00f3 en la Plaza de Herrasti, donde los ni\u00f1os recibieron una c\u00e1lida acogida.\u00a0 La delegada diocesana de Catequesis, <strong>Gloria Pastor<\/strong>, les dio la bienvenida y les explic\u00f3 de manera sencilla el sentido del jubileo, invit\u00e1ndolos a vivirlo con el coraz\u00f3n abierto. All\u00ed, cada ni\u00f1o recibi\u00f3 una colorida con el mensaje <strong data-start=\"1075\" data-end=\"1117\">\u201cSoy cristiano porque tengo esperanza\u201d<\/strong>, un detalle que marc\u00f3 el inicio del camino.<\/p><p data-start=\"1163\" data-end=\"1599\">Posteriormente comenz\u00f3 la peregrinaci\u00f3n hacia la <strong data-start=\"1212\" data-end=\"1239\">Catedral de Santa Mar\u00eda<\/strong>, templo jubilar en este A\u00f1o Santo. Dentro de la Catedral, los ni\u00f1os participaron en una <strong data-start=\"1328\" data-end=\"1362\">catequesis din\u00e1mica por grupos<\/strong>, recorriendo distintos espacios de la seo y descubriendo en cada lugar un aspecto de la esperanza cristiana: <em>La esperanza en Jes\u00fas, Mar\u00eda como modelo, la misericordia de Dios, la fuerza que sostiene el camino<\/em> y la <em>alegr\u00eda que nace de la encarnaci\u00f3n<\/em>.\u00a0<\/p><p style=\"text-align: left;\" data-start=\"1601\" data-end=\"1925\"><a href=\"https:\/\/www.diocesisciudadrodrigo.org\/blog4\/wp-content\/uploads\/2025\/11\/WhatsApp-Image-2025-11-08-at-15.33.1714.jpeg\"><img loading=\"lazy\" decoding=\"async\" class=\"alignleft wp-image-40597\" src=\"https:\/\/www.diocesisciudadrodrigo.org\/blog4\/wp-content\/uploads\/2025\/11\/WhatsApp-Image-2025-11-08-at-15.33.1714-1000x666.jpeg\" alt=\"\" width=\"315\" height=\"210\" srcset=\"https:\/\/www.diocesisciudadrodrigo.org\/blog4\/wp-content\/uploads\/2025\/11\/WhatsApp-Image-2025-11-08-at-15.33.1714-1000x666.jpeg 1000w, https:\/\/www.diocesisciudadrodrigo.org\/blog4\/wp-content\/uploads\/2025\/11\/WhatsApp-Image-2025-11-08-at-15.33.1714-768x512.jpeg 768w, https:\/\/www.diocesisciudadrodrigo.org\/blog4\/wp-content\/uploads\/2025\/11\/WhatsApp-Image-2025-11-08-at-15.33.1714-1536x1023.jpeg 1536w, https:\/\/www.diocesisciudadrodrigo.org\/blog4\/wp-content\/uploads\/2025\/11\/WhatsApp-Image-2025-11-08-at-15.33.1714-350x233.jpeg 350w, https:\/\/www.diocesisciudadrodrigo.org\/blog4\/wp-content\/uploads\/2025\/11\/WhatsApp-Image-2025-11-08-at-15.33.1714.jpeg 1600w\" sizes=\"auto, (max-width: 315px) 100vw, 315px\" \/><\/a>El obispo diocesano, <strong data-start=\"1622\" data-end=\"1648\">Mons. Jos\u00e9 Luis Retana<\/strong>, acompa\u00f1\u00f3 a los peque\u00f1os durante esa din\u00e1mica y presidi\u00f3 despu\u00e9s la eucarist\u00eda que tuvo lugar tras el momento de la Conversi\u00f3n, donde los ni\u00f1os que ya han recibido su Primera Comuni\u00f3n fueron invitados a participar del sacramento de la <strong data-start=\"1848\" data-end=\"1866\">Reconciliaci\u00f3n <\/strong>y experimentar la misericordia de Dios, su abrazo de perd\u00f3n.\u00a0\u00a0<\/p><p data-start=\"1927\" data-end=\"2171\">La jornada termin\u00f3 con una <strong data-start=\"1954\" data-end=\"1986\">foto final <\/strong>que recogi\u00f3 el ambiente de fraternidad, alegr\u00eda y esperanza con el que los ni\u00f1os vivieron este encuentro jubilar.\u00a0<\/p>\t\t\t\t\t<\/div>\n\t\t\t\t\t\t<\/div>\n\t\t\t\t<\/div>\n\t\t\t\t\t\t<\/div>\n\t\t\t\t\t<\/div>\n\t\t<\/div>\n\t\t\t\t\t\t\t\t<\/div>\n\t\t\t\t\t<\/div>\n\t\t<\/section>\n\t\t\t\t<section class=\"elementor-section elementor-top-section elementor-element elementor-element-1b5c425 elementor-section-boxed elementor-section-height-default elementor-section-height-default\" data-id=\"1b5c425\" data-element_type=\"section\">\n\t\t\t\t\t\t<div class=\"elementor-container elementor-column-gap-default\">\n\t\t\t\t\t\t\t<div class=\"elementor-row\">\n\t\t\t\t\t<div class=\"elementor-column elementor-col-33 elementor-top-column elementor-element elementor-element-c29c687\" data-id=\"c29c687\" data-element_type=\"column\">\n\t\t\t<div class=\"elementor-column-wrap elementor-element-populated\">\n\t\t\t\t\t\t\t<div class=\"elementor-widget-wrap\">\n\t\t\t\t\t\t<div class=\"elementor-element elementor-element-0a257b8 elementor-widget elementor-widget-image\" data-id=\"0a257b8\" data-element_type=\"widget\" data-widget_type=\"image.default\">\n\t\t\t\t<div class=\"elementor-widget-container\">\n\t\t\t\t\t\t\t\t<div class=\"elementor-image\">\n\t\t\t\t\t\t\t\t\t\t\t\t\t<a href=\"https:\/\/www.diocesisciudadrodrigo.org\/blog4\/wp-content\/uploads\/2025\/11\/WhatsApp-Image-2025-11-08-at-15.33.188.jpeg\">\n\t\t\t\t\t\t\t<img loading=\"lazy\" decoding=\"async\" width=\"1200\" height=\"800\" src=\"https:\/\/www.diocesisciudadrodrigo.org\/blog4\/wp-content\/uploads\/2025\/11\/WhatsApp-Image-2025-11-08-at-15.33.188.jpeg\" class=\"attachment-large size-large\" alt=\"\" srcset=\"https:\/\/www.diocesisciudadrodrigo.org\/blog4\/wp-content\/uploads\/2025\/11\/WhatsApp-Image-2025-11-08-at-15.33.188.jpeg 1600w, https:\/\/www.diocesisciudadrodrigo.org\/blog4\/wp-content\/uploads\/2025\/11\/WhatsApp-Image-2025-11-08-at-15.33.188-1000x666.jpeg 1000w, https:\/\/www.diocesisciudadrodrigo.org\/blog4\/wp-content\/uploads\/2025\/11\/WhatsApp-Image-2025-11-08-at-15.33.188-768x512.jpeg 768w, https:\/\/www.diocesisciudadrodrigo.org\/blog4\/wp-content\/uploads\/2025\/11\/WhatsApp-Image-2025-11-08-at-15.33.188-1536x1023.jpeg 1536w, https:\/\/www.diocesisciudadrodrigo.org\/blog4\/wp-content\/uploads\/2025\/11\/WhatsApp-Image-2025-11-08-at-15.33.188-350x233.jpeg 350w\" sizes=\"auto, (max-width: 1200px) 100vw, 1200px\" \/>\t\t\t\t\t\t\t\t<\/a>\n\t\t\t\t\t\t\t\t\t\t\t\t\t\t<\/div>\n\t\t\t\t\t\t<\/div>\n\t\t\t\t<\/div>\n\t\t\t\t\t\t<\/div>\n\t\t\t\t\t<\/div>\n\t\t<\/div>\n\t\t\t\t<div class=\"elementor-column elementor-col-33 elementor-top-column elementor-element elementor-element-f8fb676\" data-id=\"f8fb676\" data-element_type=\"column\">\n\t\t\t<div class=\"elementor-column-wrap elementor-element-populated\">\n\t\t\t\t\t\t\t<div class=\"elementor-widget-wrap\">\n\t\t\t\t\t\t<div class=\"elementor-element elementor-element-c09c3a6 elementor-widget elementor-widget-image\" data-id=\"c09c3a6\" data-element_type=\"widget\" data-widget_type=\"image.default\">\n\t\t\t\t<div class=\"elementor-widget-container\">\n\t\t\t\t\t\t\t\t<div class=\"elementor-image\">\n\t\t\t\t\t\t\t\t\t\t\t\t\t<a href=\"https:\/\/www.diocesisciudadrodrigo.org\/blog4\/wp-content\/uploads\/2025\/11\/WhatsApp-Image-2025-11-08-at-15.33.1810.jpeg\">\n\t\t\t\t\t\t\t<img loading=\"lazy\" decoding=\"async\" width=\"1066\" height=\"1600\" src=\"https:\/\/www.diocesisciudadrodrigo.org\/blog4\/wp-content\/uploads\/2025\/11\/WhatsApp-Image-2025-11-08-at-15.33.1810.jpeg\" class=\"attachment-large size-large\" alt=\"\" srcset=\"https:\/\/www.diocesisciudadrodrigo.org\/blog4\/wp-content\/uploads\/2025\/11\/WhatsApp-Image-2025-11-08-at-15.33.1810.jpeg 1066w, https:\/\/www.diocesisciudadrodrigo.org\/blog4\/wp-content\/uploads\/2025\/11\/WhatsApp-Image-2025-11-08-at-15.33.1810-666x1000.jpeg 666w, https:\/\/www.diocesisciudadrodrigo.org\/blog4\/wp-content\/uploads\/2025\/11\/WhatsApp-Image-2025-11-08-at-15.33.1810-768x1153.jpeg 768w, https:\/\/www.diocesisciudadrodrigo.org\/blog4\/wp-content\/uploads\/2025\/11\/WhatsApp-Image-2025-11-08-at-15.33.1810-1023x1536.jpeg 1023w, https:\/\/www.diocesisciudadrodrigo.org\/blog4\/wp-content\/uploads\/2025\/11\/WhatsApp-Image-2025-11-08-at-15.33.1810-350x525.jpeg 350w\" sizes=\"auto, (max-width: 1066px) 100vw, 1066px\" \/>\t\t\t\t\t\t\t\t<\/a>\n\t\t\t\t\t\t\t\t\t\t\t\t\t\t<\/div>\n\t\t\t\t\t\t<\/div>\n\t\t\t\t<\/div>\n\t\t\t\t\t\t<\/div>\n\t\t\t\t\t<\/div>\n\t\t<\/div>\n\t\t\t\t<div class=\"elementor-column elementor-col-33 elementor-top-column elementor-element elementor-element-f948bec\" data-id=\"f948bec\" data-element_type=\"column\">\n\t\t\t<div class=\"elementor-column-wrap elementor-element-populated\">\n\t\t\t\t\t\t\t<div class=\"elementor-widget-wrap\">\n\t\t\t\t\t\t<div class=\"elementor-element elementor-element-2a4367f elementor-widget elementor-widget-image\" data-id=\"2a4367f\" data-element_type=\"widget\" data-widget_type=\"image.default\">\n\t\t\t\t<div class=\"elementor-widget-container\">\n\t\t\t\t\t\t\t\t<div class=\"elementor-image\">\n\t\t\t\t\t\t\t\t\t\t\t\t<img loading=\"lazy\" decoding=\"async\" width=\"1066\" height=\"1600\" src=\"https:\/\/www.diocesisciudadrodrigo.org\/blog4\/wp-content\/uploads\/2025\/11\/WhatsApp-Image-2025-11-08-at-15.33.1716.jpeg\" class=\"attachment-large size-large\" alt=\"\" srcset=\"https:\/\/www.diocesisciudadrodrigo.org\/blog4\/wp-content\/uploads\/2025\/11\/WhatsApp-Image-2025-11-08-at-15.33.1716.jpeg 1066w, https:\/\/www.diocesisciudadrodrigo.org\/blog4\/wp-content\/uploads\/2025\/11\/WhatsApp-Image-2025-11-08-at-15.33.1716-666x1000.jpeg 666w, https:\/\/www.diocesisciudadrodrigo.org\/blog4\/wp-content\/uploads\/2025\/11\/WhatsApp-Image-2025-11-08-at-15.33.1716-768x1153.jpeg 768w, https:\/\/www.diocesisciudadrodrigo.org\/blog4\/wp-content\/uploads\/2025\/11\/WhatsApp-Image-2025-11-08-at-15.33.1716-1023x1536.jpeg 1023w, https:\/\/www.diocesisciudadrodrigo.org\/blog4\/wp-content\/uploads\/2025\/11\/WhatsApp-Image-2025-11-08-at-15.33.1716-350x525.jpeg 350w\" sizes=\"auto, (max-width: 1066px) 100vw, 1066px\" \/>\t\t\t\t\t\t\t\t\t\t\t\t\t\t<\/div>\n\t\t\t\t\t\t<\/div>\n\t\t\t\t<\/div>\n\t\t\t\t\t\t<\/div>\n\t\t\t\t\t<\/div>\n\t\t<\/div>\n\t\t\t\t\t\t\t\t<\/div>\n\t\t\t\t\t<\/div>\n\t\t<\/section>\n\t\t\t\t<section class=\"elementor-section elementor-top-section elementor-element elementor-element-ddea747 elementor-section-boxed elementor-section-height-default elementor-section-height-default\" data-id=\"ddea747\" data-element_type=\"section\">\n\t\t\t\t\t\t<div class=\"elementor-container elementor-column-gap-default\">\n\t\t\t\t\t\t\t<div class=\"elementor-row\">\n\t\t\t\t\t<div class=\"elementor-column elementor-col-100 elementor-top-column elementor-element elementor-element-17b9e47\" data-id=\"17b9e47\" data-element_type=\"column\">\n\t\t\t<div class=\"elementor-column-wrap elementor-element-populated\">\n\t\t\t\t\t\t\t<div class=\"elementor-widget-wrap\">\n\t\t\t\t\t\t<div class=\"elementor-element elementor-element-21de211 elementor-widget elementor-widget-image\" data-id=\"21de211\" data-element_type=\"widget\" data-widget_type=\"image.default\">\n\t\t\t\t<div class=\"elementor-widget-container\">\n\t\t\t\t\t\t\t\t<div class=\"elementor-image\">\n\t\t\t\t\t\t\t\t\t\t\t\t\t<a href=\"https:\/\/www.diocesisciudadrodrigo.org\/blog4\/wp-content\/uploads\/2025\/11\/WhatsApp-Image-2025-11-08-at-15.33.1712.jpeg\">\n\t\t\t\t\t\t\t<img loading=\"lazy\" decoding=\"async\" width=\"1200\" height=\"800\" src=\"https:\/\/www.diocesisciudadrodrigo.org\/blog4\/wp-content\/uploads\/2025\/11\/WhatsApp-Image-2025-11-08-at-15.33.1712.jpeg\" class=\"attachment-large size-large\" alt=\"\" srcset=\"https:\/\/www.diocesisciudadrodrigo.org\/blog4\/wp-content\/uploads\/2025\/11\/WhatsApp-Image-2025-11-08-at-15.33.1712.jpeg 1600w, https:\/\/www.diocesisciudadrodrigo.org\/blog4\/wp-content\/uploads\/2025\/11\/WhatsApp-Image-2025-11-08-at-15.33.1712-1000x666.jpeg 1000w, https:\/\/www.diocesisciudadrodrigo.org\/blog4\/wp-content\/uploads\/2025\/11\/WhatsApp-Image-2025-11-08-at-15.33.1712-768x512.jpeg 768w, https:\/\/www.diocesisciudadrodrigo.org\/blog4\/wp-content\/uploads\/2025\/11\/WhatsApp-Image-2025-11-08-at-15.33.1712-1536x1023.jpeg 1536w, https:\/\/www.diocesisciudadrodrigo.org\/blog4\/wp-content\/uploads\/2025\/11\/WhatsApp-Image-2025-11-08-at-15.33.1712-350x233.jpeg 350w\" sizes=\"auto, (max-width: 1200px) 100vw, 1200px\" \/>\t\t\t\t\t\t\t\t<\/a>\n\t\t\t\t\t\t\t\t\t\t\t\t\t\t<\/div>\n\t\t\t\t\t\t<\/div>\n\t\t\t\t<\/div>\n\t\t\t\t\t\t<\/div>\n\t\t\t\t\t<\/div>\n\t\t<\/div>\n\t\t\t\t\t\t\t\t<\/div>\n\t\t\t\t\t<\/div>\n\t\t<\/section>\n\t\t\t\t\t\t<\/div>\n\t\t\t\t\t\t<\/div>\n\t\t\t\t\t<\/div>\n\t\t","protected":false},"excerpt":{"rendered":"<p>La di\u00f3cesis reuni\u00f3 el pasado 8 de noviembre a ni\u00f1os y ni\u00f1as de los distintos arciprestazgos para vivir juntos una jornada de fe y fraternidad en el marco del A\u00f1o &#8230; <\/p>\n<p class=\"read-more-container\"><a title=\"Los ni\u00f1os llenaron de alegr\u00eda y esperanza la Catedral en su Jubileo\" class=\"read-more button\" href=\"https:\/\/www.diocesisciudadrodrigo.org\/blog4\/los-ninos-llenaron-de-alegria-y-esperanza-la-catedral-en-su-jubileo\/#more-40561\" aria-label=\"M\u00e1s en Los ni\u00f1os llenaron de alegr\u00eda y esperanza la Catedral en su Jubileo\">Leer m\u00e1s &#8230;<\/a><\/p>\n","protected":false},"author":1,"featured_media":40592,"comment_status":"closed","ping_status":"closed","sticky":false,"template":"","format":"standard","meta":{"footnotes":""},"categories":[6],"tags":[],"class_list":["post-40561","post","type-post","status-publish","format-standard","has-post-thumbnail","hentry","category-noticias","masonry-post","generate-columns","tablet-grid-50","mobile-grid-100","grid-parent","grid-50"],"yoast_head":"<!-- This site is optimized with the Yoast SEO plugin v27.3 - https:\/\/yoast.com\/product\/yoast-seo-wordpress\/ -->\n<title>Los ni\u00f1os llenaron de alegr\u00eda y esperanza la Catedral en su Jubileo - Di\u00f3cesis de Ciudad Rodrigo<\/title>\n<meta name=\"robots\" content=\"index, follow, max-snippet:-1, max-image-preview:large, max-video-preview:-1\" \/>\n<link rel=\"canonical\" href=\"https:\/\/www.diocesisciudadrodrigo.org\/blog4\/los-ninos-llenaron-de-alegria-y-esperanza-la-catedral-en-su-jubileo\/\" \/>\n<meta property=\"og:locale\" content=\"es_ES\" \/>\n<meta property=\"og:type\" content=\"article\" \/>\n<meta property=\"og:title\" content=\"Los ni\u00f1os llenaron de alegr\u00eda y esperanza la Catedral en su Jubileo - Di\u00f3cesis de Ciudad Rodrigo\" \/>\n<meta property=\"og:description\" content=\"La di\u00f3cesis reuni\u00f3 el pasado 8 de noviembre a ni\u00f1os y ni\u00f1as de los distintos arciprestazgos para vivir juntos una jornada de fe y fraternidad en el marco del A\u00f1o ... Leer m\u00e1s ...\" \/>\n<meta property=\"og:url\" content=\"https:\/\/www.diocesisciudadrodrigo.org\/blog4\/los-ninos-llenaron-de-alegria-y-esperanza-la-catedral-en-su-jubileo\/\" \/>\n<meta property=\"og:site_name\" content=\"Di\u00f3cesis de Ciudad Rodrigo\" \/>\n<meta property=\"article:publisher\" content=\"https:\/\/www.facebook.com\/people\/Dicesis-Ciudad-Rodrigo-MCS\/100076471923419\/#\" \/>\n<meta property=\"article:published_time\" content=\"2025-11-11T16:15:50+00:00\" \/>\n<meta property=\"article:modified_time\" content=\"2025-11-17T16:16:05+00:00\" \/>\n<meta property=\"og:image\" content=\"https:\/\/www.diocesisciudadrodrigo.org\/blog4\/wp-content\/uploads\/2025\/11\/JUBILEO-NINOS.png\" \/>\n\t<meta property=\"og:image:width\" content=\"1280\" \/>\n\t<meta property=\"og:image:height\" content=\"720\" \/>\n\t<meta property=\"og:image:type\" content=\"image\/png\" \/>\n<meta name=\"author\" content=\"medios CR\" \/>\n<meta name=\"twitter:card\" content=\"summary_large_image\" \/>\n<meta name=\"twitter:label1\" content=\"Escrito por\" \/>\n\t<meta name=\"twitter:data1\" content=\"medios CR\" \/>\n\t<meta name=\"twitter:label2\" content=\"Tiempo de lectura\" \/>\n\t<meta name=\"twitter:data2\" content=\"2 minutos\" \/>\n<script type=\"application\/ld+json\" class=\"yoast-schema-graph\">{\"@context\":\"https:\\\/\\\/schema.org\",\"@graph\":[{\"@type\":\"Article\",\"@id\":\"https:\\\/\\\/www.diocesisciudadrodrigo.org\\\/blog4\\\/los-ninos-llenaron-de-alegria-y-esperanza-la-catedral-en-su-jubileo\\\/#article\",\"isPartOf\":{\"@id\":\"https:\\\/\\\/www.diocesisciudadrodrigo.org\\\/blog4\\\/los-ninos-llenaron-de-alegria-y-esperanza-la-catedral-en-su-jubileo\\\/\"},\"author\":{\"name\":\"medios CR\",\"@id\":\"https:\\\/\\\/www.diocesisciudadrodrigo.org\\\/blog4\\\/#\\\/schema\\\/person\\\/5fcf0ca636a75766ff70e6417b6ed052\"},\"headline\":\"Los ni\u00f1os llenaron de alegr\u00eda y esperanza la Catedral en su Jubileo\",\"datePublished\":\"2025-11-11T16:15:50+00:00\",\"dateModified\":\"2025-11-17T16:16:05+00:00\",\"mainEntityOfPage\":{\"@id\":\"https:\\\/\\\/www.diocesisciudadrodrigo.org\\\/blog4\\\/los-ninos-llenaron-de-alegria-y-esperanza-la-catedral-en-su-jubileo\\\/\"},\"wordCount\":386,\"publisher\":{\"@id\":\"https:\\\/\\\/www.diocesisciudadrodrigo.org\\\/blog4\\\/#organization\"},\"image\":{\"@id\":\"https:\\\/\\\/www.diocesisciudadrodrigo.org\\\/blog4\\\/los-ninos-llenaron-de-alegria-y-esperanza-la-catedral-en-su-jubileo\\\/#primaryimage\"},\"thumbnailUrl\":\"https:\\\/\\\/www.diocesisciudadrodrigo.org\\\/blog4\\\/wp-content\\\/uploads\\\/2025\\\/11\\\/JUBILEO-NINOS.png\",\"articleSection\":[\"Noticias\"],\"inLanguage\":\"es\"},{\"@type\":\"WebPage\",\"@id\":\"https:\\\/\\\/www.diocesisciudadrodrigo.org\\\/blog4\\\/los-ninos-llenaron-de-alegria-y-esperanza-la-catedral-en-su-jubileo\\\/\",\"url\":\"https:\\\/\\\/www.diocesisciudadrodrigo.org\\\/blog4\\\/los-ninos-llenaron-de-alegria-y-esperanza-la-catedral-en-su-jubileo\\\/\",\"name\":\"Los ni\u00f1os llenaron de alegr\u00eda y esperanza la Catedral en su Jubileo - Di\u00f3cesis de Ciudad Rodrigo\",\"isPartOf\":{\"@id\":\"https:\\\/\\\/www.diocesisciudadrodrigo.org\\\/blog4\\\/#website\"},\"primaryImageOfPage\":{\"@id\":\"https:\\\/\\\/www.diocesisciudadrodrigo.org\\\/blog4\\\/los-ninos-llenaron-de-alegria-y-esperanza-la-catedral-en-su-jubileo\\\/#primaryimage\"},\"image\":{\"@id\":\"https:\\\/\\\/www.diocesisciudadrodrigo.org\\\/blog4\\\/los-ninos-llenaron-de-alegria-y-esperanza-la-catedral-en-su-jubileo\\\/#primaryimage\"},\"thumbnailUrl\":\"https:\\\/\\\/www.diocesisciudadrodrigo.org\\\/blog4\\\/wp-content\\\/uploads\\\/2025\\\/11\\\/JUBILEO-NINOS.png\",\"datePublished\":\"2025-11-11T16:15:50+00:00\",\"dateModified\":\"2025-11-17T16:16:05+00:00\",\"breadcrumb\":{\"@id\":\"https:\\\/\\\/www.diocesisciudadrodrigo.org\\\/blog4\\\/los-ninos-llenaron-de-alegria-y-esperanza-la-catedral-en-su-jubileo\\\/#breadcrumb\"},\"inLanguage\":\"es\",\"potentialAction\":[{\"@type\":\"ReadAction\",\"target\":[\"https:\\\/\\\/www.diocesisciudadrodrigo.org\\\/blog4\\\/los-ninos-llenaron-de-alegria-y-esperanza-la-catedral-en-su-jubileo\\\/\"]}]},{\"@type\":\"ImageObject\",\"inLanguage\":\"es\",\"@id\":\"https:\\\/\\\/www.diocesisciudadrodrigo.org\\\/blog4\\\/los-ninos-llenaron-de-alegria-y-esperanza-la-catedral-en-su-jubileo\\\/#primaryimage\",\"url\":\"https:\\\/\\\/www.diocesisciudadrodrigo.org\\\/blog4\\\/wp-content\\\/uploads\\\/2025\\\/11\\\/JUBILEO-NINOS.png\",\"contentUrl\":\"https:\\\/\\\/www.diocesisciudadrodrigo.org\\\/blog4\\\/wp-content\\\/uploads\\\/2025\\\/11\\\/JUBILEO-NINOS.png\",\"width\":1280,\"height\":720},{\"@type\":\"BreadcrumbList\",\"@id\":\"https:\\\/\\\/www.diocesisciudadrodrigo.org\\\/blog4\\\/los-ninos-llenaron-de-alegria-y-esperanza-la-catedral-en-su-jubileo\\\/#breadcrumb\",\"itemListElement\":[{\"@type\":\"ListItem\",\"position\":1,\"name\":\"Portada\",\"item\":\"https:\\\/\\\/www.diocesisciudadrodrigo.org\\\/blog4\\\/\"},{\"@type\":\"ListItem\",\"position\":2,\"name\":\"Los ni\u00f1os llenaron de alegr\u00eda y esperanza la Catedral en su Jubileo\"}]},{\"@type\":\"WebSite\",\"@id\":\"https:\\\/\\\/www.diocesisciudadrodrigo.org\\\/blog4\\\/#website\",\"url\":\"https:\\\/\\\/www.diocesisciudadrodrigo.org\\\/blog4\\\/\",\"name\":\"Di\u00f3cesis de Ciudad Rodrigo\",\"description\":\"Sitio web oficial de la di\u00f3cesis civitatense\",\"publisher\":{\"@id\":\"https:\\\/\\\/www.diocesisciudadrodrigo.org\\\/blog4\\\/#organization\"},\"potentialAction\":[{\"@type\":\"SearchAction\",\"target\":{\"@type\":\"EntryPoint\",\"urlTemplate\":\"https:\\\/\\\/www.diocesisciudadrodrigo.org\\\/blog4\\\/?s={search_term_string}\"},\"query-input\":{\"@type\":\"PropertyValueSpecification\",\"valueRequired\":true,\"valueName\":\"search_term_string\"}}],\"inLanguage\":\"es\"},{\"@type\":\"Organization\",\"@id\":\"https:\\\/\\\/www.diocesisciudadrodrigo.org\\\/blog4\\\/#organization\",\"name\":\"Di\u00f3cesis de Ciudad Rodrigo\",\"url\":\"https:\\\/\\\/www.diocesisciudadrodrigo.org\\\/blog4\\\/\",\"logo\":{\"@type\":\"ImageObject\",\"inLanguage\":\"es\",\"@id\":\"https:\\\/\\\/www.diocesisciudadrodrigo.org\\\/blog4\\\/#\\\/schema\\\/logo\\\/image\\\/\",\"url\":\"https:\\\/\\\/www.diocesisciudadrodrigo.org\\\/blog4\\\/wp-content\\\/uploads\\\/2024\\\/12\\\/Diocesis.CMYK_-768x480-1.jpg\",\"contentUrl\":\"https:\\\/\\\/www.diocesisciudadrodrigo.org\\\/blog4\\\/wp-content\\\/uploads\\\/2024\\\/12\\\/Diocesis.CMYK_-768x480-1.jpg\",\"width\":768,\"height\":480,\"caption\":\"Di\u00f3cesis de Ciudad Rodrigo\"},\"image\":{\"@id\":\"https:\\\/\\\/www.diocesisciudadrodrigo.org\\\/blog4\\\/#\\\/schema\\\/logo\\\/image\\\/\"},\"sameAs\":[\"https:\\\/\\\/www.facebook.com\\\/people\\\/Dicesis-Ciudad-Rodrigo-MCS\\\/100076471923419\\\/#\"]},{\"@type\":\"Person\",\"@id\":\"https:\\\/\\\/www.diocesisciudadrodrigo.org\\\/blog4\\\/#\\\/schema\\\/person\\\/5fcf0ca636a75766ff70e6417b6ed052\",\"name\":\"medios CR\",\"image\":{\"@type\":\"ImageObject\",\"inLanguage\":\"es\",\"@id\":\"https:\\\/\\\/secure.gravatar.com\\\/avatar\\\/4a619fd0c7e36bd570f4e6e15eb09a2191185d0f63d8dbfdffe848af141ab87e?s=96&d=mm&r=g\",\"url\":\"https:\\\/\\\/secure.gravatar.com\\\/avatar\\\/4a619fd0c7e36bd570f4e6e15eb09a2191185d0f63d8dbfdffe848af141ab87e?s=96&d=mm&r=g\",\"contentUrl\":\"https:\\\/\\\/secure.gravatar.com\\\/avatar\\\/4a619fd0c7e36bd570f4e6e15eb09a2191185d0f63d8dbfdffe848af141ab87e?s=96&d=mm&r=g\",\"caption\":\"medios CR\"},\"url\":\"https:\\\/\\\/www.diocesisciudadrodrigo.org\\\/blog4\\\/author\\\/admin4\\\/\"}]}<\/script>\n<!-- \/ Yoast SEO plugin. -->","yoast_head_json":{"title":"Los ni\u00f1os llenaron de alegr\u00eda y esperanza la Catedral en su Jubileo - Di\u00f3cesis de Ciudad Rodrigo","robots":{"index":"index","follow":"follow","max-snippet":"max-snippet:-1","max-image-preview":"max-image-preview:large","max-video-preview":"max-video-preview:-1"},"canonical":"https:\/\/www.diocesisciudadrodrigo.org\/blog4\/los-ninos-llenaron-de-alegria-y-esperanza-la-catedral-en-su-jubileo\/","og_locale":"es_ES","og_type":"article","og_title":"Los ni\u00f1os llenaron de alegr\u00eda y esperanza la Catedral en su Jubileo - Di\u00f3cesis de Ciudad Rodrigo","og_description":"La di\u00f3cesis reuni\u00f3 el pasado 8 de noviembre a ni\u00f1os y ni\u00f1as de los distintos arciprestazgos para vivir juntos una jornada de fe y fraternidad en el marco del A\u00f1o ... Leer m\u00e1s ...","og_url":"https:\/\/www.diocesisciudadrodrigo.org\/blog4\/los-ninos-llenaron-de-alegria-y-esperanza-la-catedral-en-su-jubileo\/","og_site_name":"Di\u00f3cesis de Ciudad Rodrigo","article_publisher":"https:\/\/www.facebook.com\/people\/Dicesis-Ciudad-Rodrigo-MCS\/100076471923419\/#","article_published_time":"2025-11-11T16:15:50+00:00","article_modified_time":"2025-11-17T16:16:05+00:00","og_image":[{"width":1280,"height":720,"url":"https:\/\/www.diocesisciudadrodrigo.org\/blog4\/wp-content\/uploads\/2025\/11\/JUBILEO-NINOS.png","type":"image\/png"}],"author":"medios CR","twitter_card":"summary_large_image","twitter_misc":{"Escrito por":"medios CR","Tiempo de lectura":"2 minutos"},"schema":{"@context":"https:\/\/schema.org","@graph":[{"@type":"Article","@id":"https:\/\/www.diocesisciudadrodrigo.org\/blog4\/los-ninos-llenaron-de-alegria-y-esperanza-la-catedral-en-su-jubileo\/#article","isPartOf":{"@id":"https:\/\/www.diocesisciudadrodrigo.org\/blog4\/los-ninos-llenaron-de-alegria-y-esperanza-la-catedral-en-su-jubileo\/"},"author":{"name":"medios CR","@id":"https:\/\/www.diocesisciudadrodrigo.org\/blog4\/#\/schema\/person\/5fcf0ca636a75766ff70e6417b6ed052"},"headline":"Los ni\u00f1os llenaron de alegr\u00eda y esperanza la Catedral en su Jubileo","datePublished":"2025-11-11T16:15:50+00:00","dateModified":"2025-11-17T16:16:05+00:00","mainEntityOfPage":{"@id":"https:\/\/www.diocesisciudadrodrigo.org\/blog4\/los-ninos-llenaron-de-alegria-y-esperanza-la-catedral-en-su-jubileo\/"},"wordCount":386,"publisher":{"@id":"https:\/\/www.diocesisciudadrodrigo.org\/blog4\/#organization"},"image":{"@id":"https:\/\/www.diocesisciudadrodrigo.org\/blog4\/los-ninos-llenaron-de-alegria-y-esperanza-la-catedral-en-su-jubileo\/#primaryimage"},"thumbnailUrl":"https:\/\/www.diocesisciudadrodrigo.org\/blog4\/wp-content\/uploads\/2025\/11\/JUBILEO-NINOS.png","articleSection":["Noticias"],"inLanguage":"es"},{"@type":"WebPage","@id":"https:\/\/www.diocesisciudadrodrigo.org\/blog4\/los-ninos-llenaron-de-alegria-y-esperanza-la-catedral-en-su-jubileo\/","url":"https:\/\/www.diocesisciudadrodrigo.org\/blog4\/los-ninos-llenaron-de-alegria-y-esperanza-la-catedral-en-su-jubileo\/","name":"Los ni\u00f1os llenaron de alegr\u00eda y esperanza la Catedral en su Jubileo - Di\u00f3cesis de Ciudad Rodrigo","isPartOf":{"@id":"https:\/\/www.diocesisciudadrodrigo.org\/blog4\/#website"},"primaryImageOfPage":{"@id":"https:\/\/www.diocesisciudadrodrigo.org\/blog4\/los-ninos-llenaron-de-alegria-y-esperanza-la-catedral-en-su-jubileo\/#primaryimage"},"image":{"@id":"https:\/\/www.diocesisciudadrodrigo.org\/blog4\/los-ninos-llenaron-de-alegria-y-esperanza-la-catedral-en-su-jubileo\/#primaryimage"},"thumbnailUrl":"https:\/\/www.diocesisciudadrodrigo.org\/blog4\/wp-content\/uploads\/2025\/11\/JUBILEO-NINOS.png","datePublished":"2025-11-11T16:15:50+00:00","dateModified":"2025-11-17T16:16:05+00:00","breadcrumb":{"@id":"https:\/\/www.diocesisciudadrodrigo.org\/blog4\/los-ninos-llenaron-de-alegria-y-esperanza-la-catedral-en-su-jubileo\/#breadcrumb"},"inLanguage":"es","potentialAction":[{"@type":"ReadAction","target":["https:\/\/www.diocesisciudadrodrigo.org\/blog4\/los-ninos-llenaron-de-alegria-y-esperanza-la-catedral-en-su-jubileo\/"]}]},{"@type":"ImageObject","inLanguage":"es","@id":"https:\/\/www.diocesisciudadrodrigo.org\/blog4\/los-ninos-llenaron-de-alegria-y-esperanza-la-catedral-en-su-jubileo\/#primaryimage","url":"https:\/\/www.diocesisciudadrodrigo.org\/blog4\/wp-content\/uploads\/2025\/11\/JUBILEO-NINOS.png","contentUrl":"https:\/\/www.diocesisciudadrodrigo.org\/blog4\/wp-content\/uploads\/2025\/11\/JUBILEO-NINOS.png","width":1280,"height":720},{"@type":"BreadcrumbList","@id":"https:\/\/www.diocesisciudadrodrigo.org\/blog4\/los-ninos-llenaron-de-alegria-y-esperanza-la-catedral-en-su-jubileo\/#breadcrumb","itemListElement":[{"@type":"ListItem","position":1,"name":"Portada","item":"https:\/\/www.diocesisciudadrodrigo.org\/blog4\/"},{"@type":"ListItem","position":2,"name":"Los ni\u00f1os llenaron de alegr\u00eda y esperanza la Catedral en su Jubileo"}]},{"@type":"WebSite","@id":"https:\/\/www.diocesisciudadrodrigo.org\/blog4\/#website","url":"https:\/\/www.diocesisciudadrodrigo.org\/blog4\/","name":"Di\u00f3cesis de Ciudad Rodrigo","description":"Sitio web oficial de la di\u00f3cesis civitatense","publisher":{"@id":"https:\/\/www.diocesisciudadrodrigo.org\/blog4\/#organization"},"potentialAction":[{"@type":"SearchAction","target":{"@type":"EntryPoint","urlTemplate":"https:\/\/www.diocesisciudadrodrigo.org\/blog4\/?s={search_term_string}"},"query-input":{"@type":"PropertyValueSpecification","valueRequired":true,"valueName":"search_term_string"}}],"inLanguage":"es"},{"@type":"Organization","@id":"https:\/\/www.diocesisciudadrodrigo.org\/blog4\/#organization","name":"Di\u00f3cesis de Ciudad Rodrigo","url":"https:\/\/www.diocesisciudadrodrigo.org\/blog4\/","logo":{"@type":"ImageObject","inLanguage":"es","@id":"https:\/\/www.diocesisciudadrodrigo.org\/blog4\/#\/schema\/logo\/image\/","url":"https:\/\/www.diocesisciudadrodrigo.org\/blog4\/wp-content\/uploads\/2024\/12\/Diocesis.CMYK_-768x480-1.jpg","contentUrl":"https:\/\/www.diocesisciudadrodrigo.org\/blog4\/wp-content\/uploads\/2024\/12\/Diocesis.CMYK_-768x480-1.jpg","width":768,"height":480,"caption":"Di\u00f3cesis de Ciudad Rodrigo"},"image":{"@id":"https:\/\/www.diocesisciudadrodrigo.org\/blog4\/#\/schema\/logo\/image\/"},"sameAs":["https:\/\/www.facebook.com\/people\/Dicesis-Ciudad-Rodrigo-MCS\/100076471923419\/#"]},{"@type":"Person","@id":"https:\/\/www.diocesisciudadrodrigo.org\/blog4\/#\/schema\/person\/5fcf0ca636a75766ff70e6417b6ed052","name":"medios CR","image":{"@type":"ImageObject","inLanguage":"es","@id":"https:\/\/secure.gravatar.com\/avatar\/4a619fd0c7e36bd570f4e6e15eb09a2191185d0f63d8dbfdffe848af141ab87e?s=96&d=mm&r=g","url":"https:\/\/secure.gravatar.com\/avatar\/4a619fd0c7e36bd570f4e6e15eb09a2191185d0f63d8dbfdffe848af141ab87e?s=96&d=mm&r=g","contentUrl":"https:\/\/secure.gravatar.com\/avatar\/4a619fd0c7e36bd570f4e6e15eb09a2191185d0f63d8dbfdffe848af141ab87e?s=96&d=mm&r=g","caption":"medios CR"},"url":"https:\/\/www.diocesisciudadrodrigo.org\/blog4\/author\/admin4\/"}]}},"_links":{"self":[{"href":"https:\/\/www.diocesisciudadrodrigo.org\/blog4\/wp-json\/wp\/v2\/posts\/40561","targetHints":{"allow":["GET"]}}],"collection":[{"href":"https:\/\/www.diocesisciudadrodrigo.org\/blog4\/wp-json\/wp\/v2\/posts"}],"about":[{"href":"https:\/\/www.diocesisciudadrodrigo.org\/blog4\/wp-json\/wp\/v2\/types\/post"}],"author":[{"embeddable":true,"href":"https:\/\/www.diocesisciudadrodrigo.org\/blog4\/wp-json\/wp\/v2\/users\/1"}],"replies":[{"embeddable":true,"href":"https:\/\/www.diocesisciudadrodrigo.org\/blog4\/wp-json\/wp\/v2\/comments?post=40561"}],"version-history":[{"count":11,"href":"https:\/\/www.diocesisciudadrodrigo.org\/blog4\/wp-json\/wp\/v2\/posts\/40561\/revisions"}],"predecessor-version":[{"id":40608,"href":"https:\/\/www.diocesisciudadrodrigo.org\/blog4\/wp-json\/wp\/v2\/posts\/40561\/revisions\/40608"}],"wp:featuredmedia":[{"embeddable":true,"href":"https:\/\/www.diocesisciudadrodrigo.org\/blog4\/wp-json\/wp\/v2\/media\/40592"}],"wp:attachment":[{"href":"https:\/\/www.diocesisciudadrodrigo.org\/blog4\/wp-json\/wp\/v2\/media?parent=40561"}],"wp:term":[{"taxonomy":"category","embeddable":true,"href":"https:\/\/www.diocesisciudadrodrigo.org\/blog4\/wp-json\/wp\/v2\/categories?post=40561"},{"taxonomy":"post_tag","embeddable":true,"href":"https:\/\/www.diocesisciudadrodrigo.org\/blog4\/wp-json\/wp\/v2\/tags?post=40561"}],"curies":[{"name":"wp","href":"https:\/\/api.w.org\/{rel}","templated":true}]}}