{"id":40512,"date":"2025-11-14T15:09:16","date_gmt":"2025-11-14T14:09:16","guid":{"rendered":"https:\/\/www.diocesisciudadrodrigo.org\/blog4\/?p=40512"},"modified":"2025-11-14T15:20:03","modified_gmt":"2025-11-14T14:20:03","slug":"las-diocesis-de-iglesia-en-castilla-presentan-su-gran-asamblea-eclesial-renovados-para-la-mision","status":"publish","type":"post","link":"https:\/\/www.diocesisciudadrodrigo.org\/blog4\/las-diocesis-de-iglesia-en-castilla-presentan-su-gran-asamblea-eclesial-renovados-para-la-mision\/","title":{"rendered":"Las di\u00f3cesis de Iglesia en Castilla presentan su gran Asamblea Eclesial: \u201cRenovados para la misi\u00f3n\u201d"},"content":{"rendered":"\t\t<div data-elementor-type=\"wp-post\" data-elementor-id=\"40512\" class=\"elementor elementor-40512\" data-elementor-settings=\"[]\">\n\t\t\t\t\t\t<div class=\"elementor-inner\">\n\t\t\t\t\t\t\t<div class=\"elementor-section-wrap\">\n\t\t\t\t\t\t\t<section class=\"elementor-section elementor-top-section elementor-element elementor-element-b385981 elementor-section-boxed elementor-section-height-default elementor-section-height-default\" data-id=\"b385981\" data-element_type=\"section\">\n\t\t\t\t\t\t<div class=\"elementor-container elementor-column-gap-default\">\n\t\t\t\t\t\t\t<div class=\"elementor-row\">\n\t\t\t\t\t<div class=\"elementor-column elementor-col-100 elementor-top-column elementor-element elementor-element-0b4040a\" data-id=\"0b4040a\" data-element_type=\"column\">\n\t\t\t<div class=\"elementor-column-wrap elementor-element-populated\">\n\t\t\t\t\t\t\t<div class=\"elementor-widget-wrap\">\n\t\t\t\t\t\t<div class=\"elementor-element elementor-element-73121db elementor-widget elementor-widget-text-editor\" data-id=\"73121db\" data-element_type=\"widget\" data-widget_type=\"text-editor.default\">\n\t\t\t\t<div class=\"elementor-widget-container\">\n\t\t\t\t\t\t\t\t<div class=\"elementor-text-editor elementor-clearfix\">\n\t\t\t\t<h3><span style=\"color: #ff0000;\">Un encuentro en \u00c1vila, del 30 de abril al 2 de mayo, reunir\u00e1 a representantes de toda la regi\u00f3n para definir prioridades y orientar el futuro pastoral com\u00fan, con un trabajo previo en cada territorio eclesial<\/span><\/h3><p>\u00a0<\/p><p><span style=\"color: #ff0000;\">DELEGACI\u00d3N DE MEDIOS<\/span><\/p><p><strong><img loading=\"lazy\" decoding=\"async\" class=\" wp-image-40523 alignright\" src=\"https:\/\/www.diocesisciudadrodrigo.org\/blog4\/wp-content\/uploads\/2025\/11\/WhatsApp-Image-2025-11-14-at-11.13.22-1000x701.jpeg\" alt=\"\" width=\"345\" height=\"242\" srcset=\"https:\/\/www.diocesisciudadrodrigo.org\/blog4\/wp-content\/uploads\/2025\/11\/WhatsApp-Image-2025-11-14-at-11.13.22-1000x701.jpeg 1000w, https:\/\/www.diocesisciudadrodrigo.org\/blog4\/wp-content\/uploads\/2025\/11\/WhatsApp-Image-2025-11-14-at-11.13.22-768x539.jpeg 768w, https:\/\/www.diocesisciudadrodrigo.org\/blog4\/wp-content\/uploads\/2025\/11\/WhatsApp-Image-2025-11-14-at-11.13.22-1536x1077.jpeg 1536w, https:\/\/www.diocesisciudadrodrigo.org\/blog4\/wp-content\/uploads\/2025\/11\/WhatsApp-Image-2025-11-14-at-11.13.22-350x245.jpeg 350w, https:\/\/www.diocesisciudadrodrigo.org\/blog4\/wp-content\/uploads\/2025\/11\/WhatsApp-Image-2025-11-14-at-11.13.22.jpeg 1600w\" sizes=\"auto, (max-width: 345px) 100vw, 345px\" \/>Iglesia en Castilla<\/strong> ha dado a conocer hoy el proceso que culminar\u00e1 en la gran Asamblea Eclesial \u201cRenovados para la misi\u00f3n\u201d, que se celebrar\u00e1 en \u00c1vila del <strong>30 de abril al 2 de mayo de 2026<\/strong>. La presentaci\u00f3n tuvo lugar este viernes, 14 de noviembre, en el sal\u00f3n del Trono del Arzobispado de Valladolid, en una rueda de prensa presidida por el arzobispo, <strong>Mons. Luis Arg\u00fcello<\/strong>, acompa\u00f1ado por el\u00a0vicario de Pastoral de \u00c1vila, <strong>Jorge Zazo<\/strong>, y la misionera oblata de Mar\u00eda Inmaculada, <strong>Mar\u00eda del Mar G\u00f3mez Ma\u00f1as<\/strong>, de la di\u00f3cesis de Segovia.<\/p><p data-start=\"952\" data-end=\"1480\">La Asamblea reunir\u00e1 a las nueve di\u00f3cesis que conforman Iglesia en Castilla con un objetivo com\u00fan: impulsar <strong>una renovaci\u00f3n pastoral<\/strong> profunda a la luz del camino sinodal que vive la Iglesia universal. Mons. Luis Arg\u00fcello lo resumi\u00f3 con claridad: \u201cQueremos discernir juntos c\u00f3mo ser una Iglesia m\u00e1s cercana, m\u00e1s misionera y m\u00e1s capaz de conectar el Evangelio con las inquietudes reales de nuestra tierra\u201d, y aclar\u00f3 que no se trata de decisiones vinculantes para cada di\u00f3cesis, \u201csino de un proceso compartido que ayudar\u00e1 a se\u00f1alar prioridades comunes\u201d.<\/p><p data-start=\"1844\" data-end=\"2285\">En su intervenci\u00f3n inicial, Mons. Luis Arg\u00fcello, record\u00f3 que realidades como Las Edades del Hombre, C\u00e1ritas Regional, la presencia de la Iglesia en la pastoral de la salud \u2014\u201dsingularmente en los hospitales\u201d\u2014 y el trabajo conjunto en educaci\u00f3n, catequesis o seminarios forman parte de \u201cun trabajo grande\u201d entre las di\u00f3cesis que se remonta \u201c<strong>a los a\u00f1os 70<\/strong>, antes incluso de que esta tierra fuera constituida en comunidad aut\u00f3noma\u201d.<\/p><h4 data-start=\"1844\" data-end=\"2285\">Una comuni\u00f3n misionera<\/h4><p data-start=\"2287\" data-end=\"2382\">Explic\u00f3 que, desde 1980, obispos, vicarios y arciprestes se han reunido habitualmente en <strong data-start=\"1377\" data-end=\"1402\">Villagarc\u00eda de Campos<\/strong>, impulsando estas iniciativas comunes. A\u00f1adi\u00f3 que las nueve di\u00f3cesis de Iglesia en Castilla \u2014de las provincias eclesi\u00e1sticas de Valladolid y Burgos\u2014, con presencia invitada de Le\u00f3n y Astorga, \u201cvenimos ya trabajando desde hace dos a\u00f1os y ahora, especialmente desde este mes de octubre ya pasado, en la preparaci\u00f3n de una Asamblea eclesial\u201d. Mons. Arg\u00fcello situ\u00f3 esta convocatoria en el contexto del S\u00ednodo sobre la sinodalidad, se\u00f1alando que la Iglesia universal vive \u201cun impulso de la comuni\u00f3n misionera\u201d para la \u201crenovaci\u00f3n de la Iglesia para la misi\u00f3n en aplicaci\u00f3n del Concilio Vaticano II\u201d.<\/p><p data-start=\"2287\" data-end=\"2382\"><img loading=\"lazy\" decoding=\"async\" class=\" wp-image-40524 alignleft\" src=\"https:\/\/www.diocesisciudadrodrigo.org\/blog4\/wp-content\/uploads\/2025\/11\/WhatsApp-Image-2025-11-14-at-11.13.23-1-1000x750.jpeg\" alt=\"\" width=\"285\" height=\"214\" srcset=\"https:\/\/www.diocesisciudadrodrigo.org\/blog4\/wp-content\/uploads\/2025\/11\/WhatsApp-Image-2025-11-14-at-11.13.23-1-1000x750.jpeg 1000w, https:\/\/www.diocesisciudadrodrigo.org\/blog4\/wp-content\/uploads\/2025\/11\/WhatsApp-Image-2025-11-14-at-11.13.23-1-768x576.jpeg 768w, https:\/\/www.diocesisciudadrodrigo.org\/blog4\/wp-content\/uploads\/2025\/11\/WhatsApp-Image-2025-11-14-at-11.13.23-1-1536x1152.jpeg 1536w, https:\/\/www.diocesisciudadrodrigo.org\/blog4\/wp-content\/uploads\/2025\/11\/WhatsApp-Image-2025-11-14-at-11.13.23-1-350x263.jpeg 350w, https:\/\/www.diocesisciudadrodrigo.org\/blog4\/wp-content\/uploads\/2025\/11\/WhatsApp-Image-2025-11-14-at-11.13.23-1.jpeg 1600w\" sizes=\"auto, (max-width: 285px) 100vw, 285px\" \/>Insisti\u00f3 en que la Asamblea \u201cno es una asamblea en la que se vayan a tomar decisiones obligatorias para cada di\u00f3cesis\u201d, ya que cada una es aut\u00f3noma, pero s\u00ed ser\u00e1 un espacio para \u201cponer en com\u00fan el discernimiento\u201d, avanzar en \u00e9l y elegir \u201calgunas prioridades que sirvan de pistas para el camino\u201d.<\/p><p data-start=\"2287\" data-end=\"2382\">El arzobispo de Valladolid se\u00f1al\u00f3 la<strong> realidad territorial<\/strong> de las di\u00f3cesis, donde existen \u201ccientos, casi podr\u00edamos decir miles de peque\u00f1as parroquias\u201d, y expres\u00f3 el doble deseo de mantener la cercan\u00eda y, al mismo tiempo, reconocer \u201cque muchas de estas realidades precisan una reforma para que podamos considerar que son verdaderamente parroquias\u201d en esta etapa.<\/p><h4 data-start=\"2287\" data-end=\"2382\">La presencia de la Iglesia en la actualidad<\/h4><p data-start=\"2287\" data-end=\"2382\">A\u00f1adi\u00f3 que esa renovaci\u00f3n afecta tanto a los <strong>pueblos como a las ciudades<\/strong>, donde \u201cla nueva forma de presencia de la Iglesia que subraye m\u00e1s el aspecto misionero\u201d exige tambi\u00e9n cambios en las estructuras. Insisti\u00f3 en que \u201cno tenemos una varita m\u00e1gica\u201d, pero que quieren acoger la llamada del S\u00ednodo: \u201cconversar juntos para hacer un discernimiento\u201d sobre lo que el Se\u00f1or pide hoy.\u00a0 En cuanto a los pasos previos a la Asamblea, se ha constituido <strong>una Secretar\u00eda<\/strong> para preparar el camino hacia la Asamblea, integrada por \u201clos diversos sujetos eclesiales\u201d.<\/p><p data-start=\"2102\" data-end=\"2296\">La preparaci\u00f3n de la Asamblea no empieza de cero: parroquias, arciprestazgos, comunidades, consejos pastorales y delegaciones ya est\u00e1n trabajando un documento com\u00fan que aborda<strong> tres ejes clave:<\/strong> la conversi\u00f3n pastoral; el estilo de cercan\u00eda y misi\u00f3n y la renovaci\u00f3n de estructuras.<\/p><figure id=\"attachment_82876\" class=\"wp-caption alignnone\" aria-describedby=\"caption-attachment-82876\"><figcaption id=\"caption-attachment-82876\" class=\"wp-caption-text\">El vicario de Pastoral de la Di\u00f3cesis de \u00c1vila, Jorge Zazo; la misionera Oblata de Mar\u00eda Inmaculada, Mar\u00eda del Mar G\u00f3mez, y el arzobispo de Valladolid, Mons. Luis Arg\u00fcello.<\/figcaption><\/figure><p style=\"text-align: left;\" data-start=\"2400\" data-end=\"2618\"><img loading=\"lazy\" decoding=\"async\" class=\"wp-image-40519 alignright\" src=\"https:\/\/www.diocesisciudadrodrigo.org\/blog4\/wp-content\/uploads\/2025\/11\/WhatsApp-Image-2025-11-14-at-11.13.22-2-750x1000.jpeg\" alt=\"\" width=\"323\" height=\"431\" srcset=\"https:\/\/www.diocesisciudadrodrigo.org\/blog4\/wp-content\/uploads\/2025\/11\/WhatsApp-Image-2025-11-14-at-11.13.22-2-750x1000.jpeg 750w, https:\/\/www.diocesisciudadrodrigo.org\/blog4\/wp-content\/uploads\/2025\/11\/WhatsApp-Image-2025-11-14-at-11.13.22-2-768x1024.jpeg 768w, https:\/\/www.diocesisciudadrodrigo.org\/blog4\/wp-content\/uploads\/2025\/11\/WhatsApp-Image-2025-11-14-at-11.13.22-2-1152x1536.jpeg 1152w, https:\/\/www.diocesisciudadrodrigo.org\/blog4\/wp-content\/uploads\/2025\/11\/WhatsApp-Image-2025-11-14-at-11.13.22-2-350x467.jpeg 350w, https:\/\/www.diocesisciudadrodrigo.org\/blog4\/wp-content\/uploads\/2025\/11\/WhatsApp-Image-2025-11-14-at-11.13.22-2.jpeg 1200w\" sizes=\"auto, (max-width: 323px) 100vw, 323px\" \/>Cada bloque incluye preguntas de reflexi\u00f3n cuyas respuestas formar\u00e1n las aportaciones de cada di\u00f3cesis. Todo ese material deber\u00e1 enviarse antes del <strong>28 de febrero<\/strong>, para elaborar el documento base que guiar\u00e1 la Asamblea.<\/p><p style=\"text-align: left;\" data-start=\"3702\" data-end=\"3915\">\u00a0La misionera oblata de Mar\u00eda Inmaculada, <strong data-start=\"530\" data-end=\"559\">Mar\u00eda del Mar G\u00f3mez Ma\u00f1as<\/strong>, explic\u00f3 el proceso que se est\u00e1 siguiendo en las di\u00f3cesis para preparar la Asamblea. Se\u00f1al\u00f3 que este trabajo \u201cbusca ante todo responder a una llamada a la conversi\u00f3n pastoral integral en sus diversas dimensiones, tanto personal como comunitaria como estructural\u201d.<\/p><p data-start=\"3702\" data-end=\"3915\">Record\u00f3 que el<strong> S\u00ednodo sobre la sinodalidad<\/strong> abri\u00f3 el camino para \u201ctomar conciencia de la importancia de ser una Iglesia m\u00e1s participativa, que trabaja en comuni\u00f3n, una Iglesia en salida, una Iglesia m\u00e1s misionera en la que se promueva ante todo la escucha, el di\u00e1logo y el discernimiento, que es una de las claves de esta Asamblea\u201d. Detall\u00f3 tambi\u00e9n que los materiales son comunes para todas las di\u00f3cesis y que el documento de trabajo est\u00e1 dirigido \u201ca los responsables animadores de las comunidades, a los consejos pastorales de todas las di\u00f3cesis de Castilla\u201d.<\/p><h4 data-start=\"3702\" data-end=\"3915\">Organizarse para la misi\u00f3n<\/h4><p data-start=\"3702\" data-end=\"3915\">El documento consta de tres bloques sobre \u201cla conversi\u00f3n pastoral, personal y comunitaria; la renovaci\u00f3n del estilo pastoral, el ser m\u00e1s cercanos, m\u00e1s misioneros, es decir, una Iglesia que est\u00e9 <strong>m\u00e1s cerca de la gente<\/strong>; y la reforma de las estructuras, el c\u00f3mo nos organizamos para la misi\u00f3n\u201d. G\u00f3mez Ma\u00f1as explic\u00f3 que cada bloque incluye una ficha \u201ccon una serie de preguntas que ayudar\u00e1n a la reflexi\u00f3n\u201d y que las respuestas constituir\u00e1n las aportaciones de cada di\u00f3cesis para elaborar el documento de trabajo que servir\u00e1 de base a la Asamblea.<\/p><p data-start=\"3702\" data-end=\"3915\">Cerr\u00f3 su intervenci\u00f3n subrayando que \u201clo importante de todo este proceso en estos meses previos es la participaci\u00f3n de todos, y eso es lo que se est\u00e1 buscando, que sea una participaci\u00f3n que represente<strong> nuestra realidad<\/strong> de las distintas di\u00f3cesis de Castilla\u201d.<\/p><p data-start=\"2857\" data-end=\"3194\">El vicario de Pastoral de \u00c1vila, Jorge Zazo, detall\u00f3 la organizaci\u00f3n del encuentro. El lugar principal ser\u00e1 el Colegio Diocesano Asunci\u00f3n de Nuestra Se\u00f1ora, con capacidad para los <strong>255 delegados previstos<\/strong> (35 por di\u00f3cesis en Valladolid, Burgos y Salamanca; 25 en las restantes), m\u00e1s observadores de otras di\u00f3cesis y organismos eclesiales.<\/p><p data-start=\"3196\" data-end=\"3254\"><img loading=\"lazy\" decoding=\"async\" class=\" wp-image-40521 alignright\" src=\"https:\/\/www.diocesisciudadrodrigo.org\/blog4\/wp-content\/uploads\/2025\/11\/WhatsApp-Image-2025-11-14-at-11.13.22-4-1000x750.jpeg\" alt=\"\" width=\"333\" height=\"250\" srcset=\"https:\/\/www.diocesisciudadrodrigo.org\/blog4\/wp-content\/uploads\/2025\/11\/WhatsApp-Image-2025-11-14-at-11.13.22-4-1000x750.jpeg 1000w, https:\/\/www.diocesisciudadrodrigo.org\/blog4\/wp-content\/uploads\/2025\/11\/WhatsApp-Image-2025-11-14-at-11.13.22-4-768x576.jpeg 768w, https:\/\/www.diocesisciudadrodrigo.org\/blog4\/wp-content\/uploads\/2025\/11\/WhatsApp-Image-2025-11-14-at-11.13.22-4-1536x1152.jpeg 1536w, https:\/\/www.diocesisciudadrodrigo.org\/blog4\/wp-content\/uploads\/2025\/11\/WhatsApp-Image-2025-11-14-at-11.13.22-4-350x263.jpeg 350w, https:\/\/www.diocesisciudadrodrigo.org\/blog4\/wp-content\/uploads\/2025\/11\/WhatsApp-Image-2025-11-14-at-11.13.22-4.jpeg 1600w\" sizes=\"auto, (max-width: 333px) 100vw, 333px\" \/>La metodolog\u00eda seguir\u00e1 la empleada en el S\u00ednodo de Roma, con<strong> s<\/strong><strong data-start=\"3257\" data-end=\"3279\">esiones plenarias; c<\/strong><strong data-start=\"3285\" data-end=\"3305\">\u00edrculos menores<\/strong> distribuidos en 20 aulas; oraci\u00f3n y eucarist\u00eda,\u00a0en la iglesia de San Pedro Ap\u00f3stol, as\u00ed como una clausura en la Catedral de \u00c1vila.<\/p><p data-start=\"3440\" data-end=\"3592\">Una de las claves ser\u00e1 la representatividad, ya que un <strong>80% de los delegados ser\u00e1n laicos<\/strong> o vida consagrada, y cada di\u00f3cesis incluir\u00e1 al menos dos j\u00f3venes. Zazo <em>admiti\u00f3 que no quieren <\/em>un cambio superficial, queremos volver al fondo: al Evangelio, y buscar juntos c\u00f3mo responder hoy a lo que vivimos en esta tierra\u201d.<\/p><h3 data-start=\"3440\" data-end=\"3592\"><span style=\"color: #ff0000;\">El obispo de Ciudad Rodrigo anima a la participaci\u00f3n<\/span><\/h3><p data-start=\"3440\" data-end=\"3592\">El obispo de Ciudad Rodrigo, <strong>Mons. Jos\u00e9 Luis Retana,<\/strong> destac\u00f3 tambi\u00e9n la importancia de este acontecimiento para la aplicaci\u00f3n del S\u00ednodo en Castilla, subrayando que la Asamblea de \u00c1vila, donde casi dos tercios de los participantes ser\u00e1n laicos y se solicita una presencia m\u00ednima de j\u00f3venes, ser\u00e1 \u201cun momento relevante para nuestras iglesias particulares\u201d.<\/p><p data-start=\"3440\" data-end=\"3592\">Invit\u00f3 a delegaciones, arciprestazgos y dem\u00e1s realidades eclesiales a implicarse activamente en la preparaci\u00f3n, \u201cde modo que las 25 personas de Ciudad Rodrigo que participemos en la Asamblea podamos llevar nuestras conclusiones\u201d, que despu\u00e9s se unir\u00e1n a las del resto de di\u00f3cesis para discernir juntos lo que el Esp\u00edritu Santo pide en este momento.<\/p><p data-start=\"3440\" data-end=\"3592\">Finalmente, pidi\u00f3 a monasterios y comunidades religiosas que acompa\u00f1en con su oraci\u00f3n el proceso, \u201crogando al Esp\u00edritu<strong> que aliente<\/strong>, fortalezca e ilumine el caminar de estas iglesias\u201d.<\/p><h4><span style=\"color: #ff0000;\"><strong>\u00bfQu\u00e9 es Iglesia en Castilla?<\/strong><\/span><\/h4><p>Iglesia en Castilla es <strong>un grupo de trabajo<\/strong> formado por las archidi\u00f3cesis de Burgos y de Valladolid y las di\u00f3cesis de \u00c1vila, Ciudad Rodrigo, Osma-Soria, Palencia, Salamanca, Segovia y Zamora.<\/p><p>Despliega su actividad pastoral, celebrativa, caritativa y asistencial en un territorio donde viven cerca de dos millones de personas. Una actividad que se articula a trav\u00e9s de m\u00e1s de <strong>3.700 parroquias<\/strong>,<strong> 121 monasterios<\/strong> y m\u00e1s de <strong>400 centros diocesanos<\/strong>.<\/p><p><img loading=\"lazy\" decoding=\"async\" class=\"alignnone size-medium wp-image-40527\" src=\"https:\/\/www.diocesisciudadrodrigo.org\/blog4\/wp-content\/uploads\/2025\/11\/Renovados_1920x10081-1000x563.jpg\" alt=\"\" width=\"1000\" height=\"563\" srcset=\"https:\/\/www.diocesisciudadrodrigo.org\/blog4\/wp-content\/uploads\/2025\/11\/Renovados_1920x10081-1000x563.jpg 1000w, https:\/\/www.diocesisciudadrodrigo.org\/blog4\/wp-content\/uploads\/2025\/11\/Renovados_1920x10081-768x432.jpg 768w, https:\/\/www.diocesisciudadrodrigo.org\/blog4\/wp-content\/uploads\/2025\/11\/Renovados_1920x10081-1536x864.jpg 1536w, https:\/\/www.diocesisciudadrodrigo.org\/blog4\/wp-content\/uploads\/2025\/11\/Renovados_1920x10081-350x197.jpg 350w, https:\/\/www.diocesisciudadrodrigo.org\/blog4\/wp-content\/uploads\/2025\/11\/Renovados_1920x10081.jpg 1920w\" sizes=\"auto, (max-width: 1000px) 100vw, 1000px\" \/><\/p>\t\t\t\t\t<\/div>\n\t\t\t\t\t\t<\/div>\n\t\t\t\t<\/div>\n\t\t\t\t\t\t<\/div>\n\t\t\t\t\t<\/div>\n\t\t<\/div>\n\t\t\t\t\t\t\t\t<\/div>\n\t\t\t\t\t<\/div>\n\t\t<\/section>\n\t\t\t\t\t\t<\/div>\n\t\t\t\t\t\t<\/div>\n\t\t\t\t\t<\/div>\n\t\t","protected":false},"excerpt":{"rendered":"<p>Un encuentro en \u00c1vila, del 30 de abril al 2 de mayo, reunir\u00e1 a representantes de toda la regi\u00f3n para definir prioridades y orientar el futuro pastoral com\u00fan, con un &#8230; <\/p>\n<p class=\"read-more-container\"><a title=\"Las di\u00f3cesis de Iglesia en Castilla presentan su gran Asamblea Eclesial: \u201cRenovados para la misi\u00f3n\u201d\" class=\"read-more button\" href=\"https:\/\/www.diocesisciudadrodrigo.org\/blog4\/las-diocesis-de-iglesia-en-castilla-presentan-su-gran-asamblea-eclesial-renovados-para-la-mision\/#more-40512\" aria-label=\"M\u00e1s en Las di\u00f3cesis de Iglesia en Castilla presentan su gran Asamblea Eclesial: \u201cRenovados para la misi\u00f3n\u201d\">Leer m\u00e1s &#8230;<\/a><\/p>\n","protected":false},"author":1,"featured_media":40523,"comment_status":"closed","ping_status":"closed","sticky":false,"template":"","format":"standard","meta":{"footnotes":""},"categories":[6],"tags":[],"class_list":["post-40512","post","type-post","status-publish","format-standard","has-post-thumbnail","hentry","category-noticias","masonry-post","generate-columns","tablet-grid-50","mobile-grid-100","grid-parent","grid-50"],"yoast_head":"<!-- This site is optimized with the Yoast SEO plugin v27.3 - https:\/\/yoast.com\/product\/yoast-seo-wordpress\/ -->\n<title>Las di\u00f3cesis de Iglesia en Castilla presentan su gran Asamblea Eclesial: \u201cRenovados para la misi\u00f3n\u201d - Di\u00f3cesis de Ciudad Rodrigo<\/title>\n<meta name=\"robots\" content=\"index, follow, max-snippet:-1, max-image-preview:large, max-video-preview:-1\" \/>\n<link rel=\"canonical\" href=\"https:\/\/www.diocesisciudadrodrigo.org\/blog4\/las-diocesis-de-iglesia-en-castilla-presentan-su-gran-asamblea-eclesial-renovados-para-la-mision\/\" \/>\n<meta property=\"og:locale\" content=\"es_ES\" \/>\n<meta property=\"og:type\" content=\"article\" \/>\n<meta property=\"og:title\" content=\"Las di\u00f3cesis de Iglesia en Castilla presentan su gran Asamblea Eclesial: \u201cRenovados para la misi\u00f3n\u201d - Di\u00f3cesis de Ciudad Rodrigo\" \/>\n<meta property=\"og:description\" content=\"Un encuentro en \u00c1vila, del 30 de abril al 2 de mayo, reunir\u00e1 a representantes de toda la regi\u00f3n para definir prioridades y orientar el futuro pastoral com\u00fan, con un ... Leer m\u00e1s ...\" \/>\n<meta property=\"og:url\" content=\"https:\/\/www.diocesisciudadrodrigo.org\/blog4\/las-diocesis-de-iglesia-en-castilla-presentan-su-gran-asamblea-eclesial-renovados-para-la-mision\/\" \/>\n<meta property=\"og:site_name\" content=\"Di\u00f3cesis de Ciudad Rodrigo\" \/>\n<meta property=\"article:publisher\" content=\"https:\/\/www.facebook.com\/people\/Dicesis-Ciudad-Rodrigo-MCS\/100076471923419\/#\" \/>\n<meta property=\"article:published_time\" content=\"2025-11-14T14:09:16+00:00\" \/>\n<meta property=\"article:modified_time\" content=\"2025-11-14T14:20:03+00:00\" \/>\n<meta property=\"og:image\" content=\"https:\/\/www.diocesisciudadrodrigo.org\/blog4\/wp-content\/uploads\/2025\/11\/WhatsApp-Image-2025-11-14-at-11.13.22.jpeg\" \/>\n\t<meta property=\"og:image:width\" content=\"1600\" \/>\n\t<meta property=\"og:image:height\" content=\"1122\" \/>\n\t<meta property=\"og:image:type\" content=\"image\/jpeg\" \/>\n<meta name=\"author\" content=\"medios CR\" \/>\n<meta name=\"twitter:card\" content=\"summary_large_image\" \/>\n<meta name=\"twitter:label1\" content=\"Escrito por\" \/>\n\t<meta name=\"twitter:data1\" content=\"medios CR\" \/>\n\t<meta name=\"twitter:label2\" content=\"Tiempo de lectura\" \/>\n\t<meta name=\"twitter:data2\" content=\"7 minutos\" \/>\n<script type=\"application\/ld+json\" class=\"yoast-schema-graph\">{\"@context\":\"https:\\\/\\\/schema.org\",\"@graph\":[{\"@type\":\"Article\",\"@id\":\"https:\\\/\\\/www.diocesisciudadrodrigo.org\\\/blog4\\\/las-diocesis-de-iglesia-en-castilla-presentan-su-gran-asamblea-eclesial-renovados-para-la-mision\\\/#article\",\"isPartOf\":{\"@id\":\"https:\\\/\\\/www.diocesisciudadrodrigo.org\\\/blog4\\\/las-diocesis-de-iglesia-en-castilla-presentan-su-gran-asamblea-eclesial-renovados-para-la-mision\\\/\"},\"author\":{\"name\":\"medios CR\",\"@id\":\"https:\\\/\\\/www.diocesisciudadrodrigo.org\\\/blog4\\\/#\\\/schema\\\/person\\\/5fcf0ca636a75766ff70e6417b6ed052\"},\"headline\":\"Las di\u00f3cesis de Iglesia en Castilla presentan su gran Asamblea Eclesial: \u201cRenovados para la misi\u00f3n\u201d\",\"datePublished\":\"2025-11-14T14:09:16+00:00\",\"dateModified\":\"2025-11-14T14:20:03+00:00\",\"mainEntityOfPage\":{\"@id\":\"https:\\\/\\\/www.diocesisciudadrodrigo.org\\\/blog4\\\/las-diocesis-de-iglesia-en-castilla-presentan-su-gran-asamblea-eclesial-renovados-para-la-mision\\\/\"},\"wordCount\":1492,\"publisher\":{\"@id\":\"https:\\\/\\\/www.diocesisciudadrodrigo.org\\\/blog4\\\/#organization\"},\"image\":{\"@id\":\"https:\\\/\\\/www.diocesisciudadrodrigo.org\\\/blog4\\\/las-diocesis-de-iglesia-en-castilla-presentan-su-gran-asamblea-eclesial-renovados-para-la-mision\\\/#primaryimage\"},\"thumbnailUrl\":\"https:\\\/\\\/www.diocesisciudadrodrigo.org\\\/blog4\\\/wp-content\\\/uploads\\\/2025\\\/11\\\/WhatsApp-Image-2025-11-14-at-11.13.22.jpeg\",\"articleSection\":[\"Noticias\"],\"inLanguage\":\"es\"},{\"@type\":\"WebPage\",\"@id\":\"https:\\\/\\\/www.diocesisciudadrodrigo.org\\\/blog4\\\/las-diocesis-de-iglesia-en-castilla-presentan-su-gran-asamblea-eclesial-renovados-para-la-mision\\\/\",\"url\":\"https:\\\/\\\/www.diocesisciudadrodrigo.org\\\/blog4\\\/las-diocesis-de-iglesia-en-castilla-presentan-su-gran-asamblea-eclesial-renovados-para-la-mision\\\/\",\"name\":\"Las di\u00f3cesis de Iglesia en Castilla presentan su gran Asamblea Eclesial: \u201cRenovados para la misi\u00f3n\u201d - Di\u00f3cesis de Ciudad Rodrigo\",\"isPartOf\":{\"@id\":\"https:\\\/\\\/www.diocesisciudadrodrigo.org\\\/blog4\\\/#website\"},\"primaryImageOfPage\":{\"@id\":\"https:\\\/\\\/www.diocesisciudadrodrigo.org\\\/blog4\\\/las-diocesis-de-iglesia-en-castilla-presentan-su-gran-asamblea-eclesial-renovados-para-la-mision\\\/#primaryimage\"},\"image\":{\"@id\":\"https:\\\/\\\/www.diocesisciudadrodrigo.org\\\/blog4\\\/las-diocesis-de-iglesia-en-castilla-presentan-su-gran-asamblea-eclesial-renovados-para-la-mision\\\/#primaryimage\"},\"thumbnailUrl\":\"https:\\\/\\\/www.diocesisciudadrodrigo.org\\\/blog4\\\/wp-content\\\/uploads\\\/2025\\\/11\\\/WhatsApp-Image-2025-11-14-at-11.13.22.jpeg\",\"datePublished\":\"2025-11-14T14:09:16+00:00\",\"dateModified\":\"2025-11-14T14:20:03+00:00\",\"breadcrumb\":{\"@id\":\"https:\\\/\\\/www.diocesisciudadrodrigo.org\\\/blog4\\\/las-diocesis-de-iglesia-en-castilla-presentan-su-gran-asamblea-eclesial-renovados-para-la-mision\\\/#breadcrumb\"},\"inLanguage\":\"es\",\"potentialAction\":[{\"@type\":\"ReadAction\",\"target\":[\"https:\\\/\\\/www.diocesisciudadrodrigo.org\\\/blog4\\\/las-diocesis-de-iglesia-en-castilla-presentan-su-gran-asamblea-eclesial-renovados-para-la-mision\\\/\"]}]},{\"@type\":\"ImageObject\",\"inLanguage\":\"es\",\"@id\":\"https:\\\/\\\/www.diocesisciudadrodrigo.org\\\/blog4\\\/las-diocesis-de-iglesia-en-castilla-presentan-su-gran-asamblea-eclesial-renovados-para-la-mision\\\/#primaryimage\",\"url\":\"https:\\\/\\\/www.diocesisciudadrodrigo.org\\\/blog4\\\/wp-content\\\/uploads\\\/2025\\\/11\\\/WhatsApp-Image-2025-11-14-at-11.13.22.jpeg\",\"contentUrl\":\"https:\\\/\\\/www.diocesisciudadrodrigo.org\\\/blog4\\\/wp-content\\\/uploads\\\/2025\\\/11\\\/WhatsApp-Image-2025-11-14-at-11.13.22.jpeg\",\"width\":1600,\"height\":1122},{\"@type\":\"BreadcrumbList\",\"@id\":\"https:\\\/\\\/www.diocesisciudadrodrigo.org\\\/blog4\\\/las-diocesis-de-iglesia-en-castilla-presentan-su-gran-asamblea-eclesial-renovados-para-la-mision\\\/#breadcrumb\",\"itemListElement\":[{\"@type\":\"ListItem\",\"position\":1,\"name\":\"Portada\",\"item\":\"https:\\\/\\\/www.diocesisciudadrodrigo.org\\\/blog4\\\/\"},{\"@type\":\"ListItem\",\"position\":2,\"name\":\"Las di\u00f3cesis de Iglesia en Castilla presentan su gran Asamblea Eclesial: \u201cRenovados para la misi\u00f3n\u201d\"}]},{\"@type\":\"WebSite\",\"@id\":\"https:\\\/\\\/www.diocesisciudadrodrigo.org\\\/blog4\\\/#website\",\"url\":\"https:\\\/\\\/www.diocesisciudadrodrigo.org\\\/blog4\\\/\",\"name\":\"Di\u00f3cesis de Ciudad Rodrigo\",\"description\":\"Sitio web oficial de la di\u00f3cesis civitatense\",\"publisher\":{\"@id\":\"https:\\\/\\\/www.diocesisciudadrodrigo.org\\\/blog4\\\/#organization\"},\"potentialAction\":[{\"@type\":\"SearchAction\",\"target\":{\"@type\":\"EntryPoint\",\"urlTemplate\":\"https:\\\/\\\/www.diocesisciudadrodrigo.org\\\/blog4\\\/?s={search_term_string}\"},\"query-input\":{\"@type\":\"PropertyValueSpecification\",\"valueRequired\":true,\"valueName\":\"search_term_string\"}}],\"inLanguage\":\"es\"},{\"@type\":\"Organization\",\"@id\":\"https:\\\/\\\/www.diocesisciudadrodrigo.org\\\/blog4\\\/#organization\",\"name\":\"Di\u00f3cesis de Ciudad Rodrigo\",\"url\":\"https:\\\/\\\/www.diocesisciudadrodrigo.org\\\/blog4\\\/\",\"logo\":{\"@type\":\"ImageObject\",\"inLanguage\":\"es\",\"@id\":\"https:\\\/\\\/www.diocesisciudadrodrigo.org\\\/blog4\\\/#\\\/schema\\\/logo\\\/image\\\/\",\"url\":\"https:\\\/\\\/www.diocesisciudadrodrigo.org\\\/blog4\\\/wp-content\\\/uploads\\\/2024\\\/12\\\/Diocesis.CMYK_-768x480-1.jpg\",\"contentUrl\":\"https:\\\/\\\/www.diocesisciudadrodrigo.org\\\/blog4\\\/wp-content\\\/uploads\\\/2024\\\/12\\\/Diocesis.CMYK_-768x480-1.jpg\",\"width\":768,\"height\":480,\"caption\":\"Di\u00f3cesis de Ciudad Rodrigo\"},\"image\":{\"@id\":\"https:\\\/\\\/www.diocesisciudadrodrigo.org\\\/blog4\\\/#\\\/schema\\\/logo\\\/image\\\/\"},\"sameAs\":[\"https:\\\/\\\/www.facebook.com\\\/people\\\/Dicesis-Ciudad-Rodrigo-MCS\\\/100076471923419\\\/#\"]},{\"@type\":\"Person\",\"@id\":\"https:\\\/\\\/www.diocesisciudadrodrigo.org\\\/blog4\\\/#\\\/schema\\\/person\\\/5fcf0ca636a75766ff70e6417b6ed052\",\"name\":\"medios CR\",\"image\":{\"@type\":\"ImageObject\",\"inLanguage\":\"es\",\"@id\":\"https:\\\/\\\/secure.gravatar.com\\\/avatar\\\/4a619fd0c7e36bd570f4e6e15eb09a2191185d0f63d8dbfdffe848af141ab87e?s=96&d=mm&r=g\",\"url\":\"https:\\\/\\\/secure.gravatar.com\\\/avatar\\\/4a619fd0c7e36bd570f4e6e15eb09a2191185d0f63d8dbfdffe848af141ab87e?s=96&d=mm&r=g\",\"contentUrl\":\"https:\\\/\\\/secure.gravatar.com\\\/avatar\\\/4a619fd0c7e36bd570f4e6e15eb09a2191185d0f63d8dbfdffe848af141ab87e?s=96&d=mm&r=g\",\"caption\":\"medios CR\"},\"url\":\"https:\\\/\\\/www.diocesisciudadrodrigo.org\\\/blog4\\\/author\\\/admin4\\\/\"}]}<\/script>\n<!-- \/ Yoast SEO plugin. -->","yoast_head_json":{"title":"Las di\u00f3cesis de Iglesia en Castilla presentan su gran Asamblea Eclesial: \u201cRenovados para la misi\u00f3n\u201d - Di\u00f3cesis de Ciudad Rodrigo","robots":{"index":"index","follow":"follow","max-snippet":"max-snippet:-1","max-image-preview":"max-image-preview:large","max-video-preview":"max-video-preview:-1"},"canonical":"https:\/\/www.diocesisciudadrodrigo.org\/blog4\/las-diocesis-de-iglesia-en-castilla-presentan-su-gran-asamblea-eclesial-renovados-para-la-mision\/","og_locale":"es_ES","og_type":"article","og_title":"Las di\u00f3cesis de Iglesia en Castilla presentan su gran Asamblea Eclesial: \u201cRenovados para la misi\u00f3n\u201d - Di\u00f3cesis de Ciudad Rodrigo","og_description":"Un encuentro en \u00c1vila, del 30 de abril al 2 de mayo, reunir\u00e1 a representantes de toda la regi\u00f3n para definir prioridades y orientar el futuro pastoral com\u00fan, con un ... Leer m\u00e1s ...","og_url":"https:\/\/www.diocesisciudadrodrigo.org\/blog4\/las-diocesis-de-iglesia-en-castilla-presentan-su-gran-asamblea-eclesial-renovados-para-la-mision\/","og_site_name":"Di\u00f3cesis de Ciudad Rodrigo","article_publisher":"https:\/\/www.facebook.com\/people\/Dicesis-Ciudad-Rodrigo-MCS\/100076471923419\/#","article_published_time":"2025-11-14T14:09:16+00:00","article_modified_time":"2025-11-14T14:20:03+00:00","og_image":[{"width":1600,"height":1122,"url":"https:\/\/www.diocesisciudadrodrigo.org\/blog4\/wp-content\/uploads\/2025\/11\/WhatsApp-Image-2025-11-14-at-11.13.22.jpeg","type":"image\/jpeg"}],"author":"medios CR","twitter_card":"summary_large_image","twitter_misc":{"Escrito por":"medios CR","Tiempo de lectura":"7 minutos"},"schema":{"@context":"https:\/\/schema.org","@graph":[{"@type":"Article","@id":"https:\/\/www.diocesisciudadrodrigo.org\/blog4\/las-diocesis-de-iglesia-en-castilla-presentan-su-gran-asamblea-eclesial-renovados-para-la-mision\/#article","isPartOf":{"@id":"https:\/\/www.diocesisciudadrodrigo.org\/blog4\/las-diocesis-de-iglesia-en-castilla-presentan-su-gran-asamblea-eclesial-renovados-para-la-mision\/"},"author":{"name":"medios CR","@id":"https:\/\/www.diocesisciudadrodrigo.org\/blog4\/#\/schema\/person\/5fcf0ca636a75766ff70e6417b6ed052"},"headline":"Las di\u00f3cesis de Iglesia en Castilla presentan su gran Asamblea Eclesial: \u201cRenovados para la misi\u00f3n\u201d","datePublished":"2025-11-14T14:09:16+00:00","dateModified":"2025-11-14T14:20:03+00:00","mainEntityOfPage":{"@id":"https:\/\/www.diocesisciudadrodrigo.org\/blog4\/las-diocesis-de-iglesia-en-castilla-presentan-su-gran-asamblea-eclesial-renovados-para-la-mision\/"},"wordCount":1492,"publisher":{"@id":"https:\/\/www.diocesisciudadrodrigo.org\/blog4\/#organization"},"image":{"@id":"https:\/\/www.diocesisciudadrodrigo.org\/blog4\/las-diocesis-de-iglesia-en-castilla-presentan-su-gran-asamblea-eclesial-renovados-para-la-mision\/#primaryimage"},"thumbnailUrl":"https:\/\/www.diocesisciudadrodrigo.org\/blog4\/wp-content\/uploads\/2025\/11\/WhatsApp-Image-2025-11-14-at-11.13.22.jpeg","articleSection":["Noticias"],"inLanguage":"es"},{"@type":"WebPage","@id":"https:\/\/www.diocesisciudadrodrigo.org\/blog4\/las-diocesis-de-iglesia-en-castilla-presentan-su-gran-asamblea-eclesial-renovados-para-la-mision\/","url":"https:\/\/www.diocesisciudadrodrigo.org\/blog4\/las-diocesis-de-iglesia-en-castilla-presentan-su-gran-asamblea-eclesial-renovados-para-la-mision\/","name":"Las di\u00f3cesis de Iglesia en Castilla presentan su gran Asamblea Eclesial: \u201cRenovados para la misi\u00f3n\u201d - Di\u00f3cesis de Ciudad Rodrigo","isPartOf":{"@id":"https:\/\/www.diocesisciudadrodrigo.org\/blog4\/#website"},"primaryImageOfPage":{"@id":"https:\/\/www.diocesisciudadrodrigo.org\/blog4\/las-diocesis-de-iglesia-en-castilla-presentan-su-gran-asamblea-eclesial-renovados-para-la-mision\/#primaryimage"},"image":{"@id":"https:\/\/www.diocesisciudadrodrigo.org\/blog4\/las-diocesis-de-iglesia-en-castilla-presentan-su-gran-asamblea-eclesial-renovados-para-la-mision\/#primaryimage"},"thumbnailUrl":"https:\/\/www.diocesisciudadrodrigo.org\/blog4\/wp-content\/uploads\/2025\/11\/WhatsApp-Image-2025-11-14-at-11.13.22.jpeg","datePublished":"2025-11-14T14:09:16+00:00","dateModified":"2025-11-14T14:20:03+00:00","breadcrumb":{"@id":"https:\/\/www.diocesisciudadrodrigo.org\/blog4\/las-diocesis-de-iglesia-en-castilla-presentan-su-gran-asamblea-eclesial-renovados-para-la-mision\/#breadcrumb"},"inLanguage":"es","potentialAction":[{"@type":"ReadAction","target":["https:\/\/www.diocesisciudadrodrigo.org\/blog4\/las-diocesis-de-iglesia-en-castilla-presentan-su-gran-asamblea-eclesial-renovados-para-la-mision\/"]}]},{"@type":"ImageObject","inLanguage":"es","@id":"https:\/\/www.diocesisciudadrodrigo.org\/blog4\/las-diocesis-de-iglesia-en-castilla-presentan-su-gran-asamblea-eclesial-renovados-para-la-mision\/#primaryimage","url":"https:\/\/www.diocesisciudadrodrigo.org\/blog4\/wp-content\/uploads\/2025\/11\/WhatsApp-Image-2025-11-14-at-11.13.22.jpeg","contentUrl":"https:\/\/www.diocesisciudadrodrigo.org\/blog4\/wp-content\/uploads\/2025\/11\/WhatsApp-Image-2025-11-14-at-11.13.22.jpeg","width":1600,"height":1122},{"@type":"BreadcrumbList","@id":"https:\/\/www.diocesisciudadrodrigo.org\/blog4\/las-diocesis-de-iglesia-en-castilla-presentan-su-gran-asamblea-eclesial-renovados-para-la-mision\/#breadcrumb","itemListElement":[{"@type":"ListItem","position":1,"name":"Portada","item":"https:\/\/www.diocesisciudadrodrigo.org\/blog4\/"},{"@type":"ListItem","position":2,"name":"Las di\u00f3cesis de Iglesia en Castilla presentan su gran Asamblea Eclesial: \u201cRenovados para la misi\u00f3n\u201d"}]},{"@type":"WebSite","@id":"https:\/\/www.diocesisciudadrodrigo.org\/blog4\/#website","url":"https:\/\/www.diocesisciudadrodrigo.org\/blog4\/","name":"Di\u00f3cesis de Ciudad Rodrigo","description":"Sitio web oficial de la di\u00f3cesis civitatense","publisher":{"@id":"https:\/\/www.diocesisciudadrodrigo.org\/blog4\/#organization"},"potentialAction":[{"@type":"SearchAction","target":{"@type":"EntryPoint","urlTemplate":"https:\/\/www.diocesisciudadrodrigo.org\/blog4\/?s={search_term_string}"},"query-input":{"@type":"PropertyValueSpecification","valueRequired":true,"valueName":"search_term_string"}}],"inLanguage":"es"},{"@type":"Organization","@id":"https:\/\/www.diocesisciudadrodrigo.org\/blog4\/#organization","name":"Di\u00f3cesis de Ciudad Rodrigo","url":"https:\/\/www.diocesisciudadrodrigo.org\/blog4\/","logo":{"@type":"ImageObject","inLanguage":"es","@id":"https:\/\/www.diocesisciudadrodrigo.org\/blog4\/#\/schema\/logo\/image\/","url":"https:\/\/www.diocesisciudadrodrigo.org\/blog4\/wp-content\/uploads\/2024\/12\/Diocesis.CMYK_-768x480-1.jpg","contentUrl":"https:\/\/www.diocesisciudadrodrigo.org\/blog4\/wp-content\/uploads\/2024\/12\/Diocesis.CMYK_-768x480-1.jpg","width":768,"height":480,"caption":"Di\u00f3cesis de Ciudad Rodrigo"},"image":{"@id":"https:\/\/www.diocesisciudadrodrigo.org\/blog4\/#\/schema\/logo\/image\/"},"sameAs":["https:\/\/www.facebook.com\/people\/Dicesis-Ciudad-Rodrigo-MCS\/100076471923419\/#"]},{"@type":"Person","@id":"https:\/\/www.diocesisciudadrodrigo.org\/blog4\/#\/schema\/person\/5fcf0ca636a75766ff70e6417b6ed052","name":"medios CR","image":{"@type":"ImageObject","inLanguage":"es","@id":"https:\/\/secure.gravatar.com\/avatar\/4a619fd0c7e36bd570f4e6e15eb09a2191185d0f63d8dbfdffe848af141ab87e?s=96&d=mm&r=g","url":"https:\/\/secure.gravatar.com\/avatar\/4a619fd0c7e36bd570f4e6e15eb09a2191185d0f63d8dbfdffe848af141ab87e?s=96&d=mm&r=g","contentUrl":"https:\/\/secure.gravatar.com\/avatar\/4a619fd0c7e36bd570f4e6e15eb09a2191185d0f63d8dbfdffe848af141ab87e?s=96&d=mm&r=g","caption":"medios CR"},"url":"https:\/\/www.diocesisciudadrodrigo.org\/blog4\/author\/admin4\/"}]}},"_links":{"self":[{"href":"https:\/\/www.diocesisciudadrodrigo.org\/blog4\/wp-json\/wp\/v2\/posts\/40512","targetHints":{"allow":["GET"]}}],"collection":[{"href":"https:\/\/www.diocesisciudadrodrigo.org\/blog4\/wp-json\/wp\/v2\/posts"}],"about":[{"href":"https:\/\/www.diocesisciudadrodrigo.org\/blog4\/wp-json\/wp\/v2\/types\/post"}],"author":[{"embeddable":true,"href":"https:\/\/www.diocesisciudadrodrigo.org\/blog4\/wp-json\/wp\/v2\/users\/1"}],"replies":[{"embeddable":true,"href":"https:\/\/www.diocesisciudadrodrigo.org\/blog4\/wp-json\/wp\/v2\/comments?post=40512"}],"version-history":[{"count":7,"href":"https:\/\/www.diocesisciudadrodrigo.org\/blog4\/wp-json\/wp\/v2\/posts\/40512\/revisions"}],"predecessor-version":[{"id":40531,"href":"https:\/\/www.diocesisciudadrodrigo.org\/blog4\/wp-json\/wp\/v2\/posts\/40512\/revisions\/40531"}],"wp:featuredmedia":[{"embeddable":true,"href":"https:\/\/www.diocesisciudadrodrigo.org\/blog4\/wp-json\/wp\/v2\/media\/40523"}],"wp:attachment":[{"href":"https:\/\/www.diocesisciudadrodrigo.org\/blog4\/wp-json\/wp\/v2\/media?parent=40512"}],"wp:term":[{"taxonomy":"category","embeddable":true,"href":"https:\/\/www.diocesisciudadrodrigo.org\/blog4\/wp-json\/wp\/v2\/categories?post=40512"},{"taxonomy":"post_tag","embeddable":true,"href":"https:\/\/www.diocesisciudadrodrigo.org\/blog4\/wp-json\/wp\/v2\/tags?post=40512"}],"curies":[{"name":"wp","href":"https:\/\/api.w.org\/{rel}","templated":true}]}}