{"id":40485,"date":"2025-11-13T09:07:33","date_gmt":"2025-11-13T08:07:33","guid":{"rendered":"https:\/\/www.diocesisciudadrodrigo.org\/blog4\/?p=40485"},"modified":"2025-11-13T09:09:00","modified_gmt":"2025-11-13T08:09:00","slug":"sexmiro-y-martillan-dan-la-bienvenida-a-su-nuevo-parroco-carlos-norberto-gomez","status":"publish","type":"post","link":"https:\/\/www.diocesisciudadrodrigo.org\/blog4\/sexmiro-y-martillan-dan-la-bienvenida-a-su-nuevo-parroco-carlos-norberto-gomez\/","title":{"rendered":"Sexmiro y Martill\u00e1n dan la bienvenida a su nuevo p\u00e1rroco, Carlos Norberto G\u00f3mez"},"content":{"rendered":"\t\t<div data-elementor-type=\"wp-post\" data-elementor-id=\"40485\" class=\"elementor elementor-40485\" data-elementor-settings=\"[]\">\n\t\t\t\t\t\t<div class=\"elementor-inner\">\n\t\t\t\t\t\t\t<div class=\"elementor-section-wrap\">\n\t\t\t\t\t\t\t<section class=\"elementor-section elementor-top-section elementor-element elementor-element-16a58d3 elementor-section-boxed elementor-section-height-default elementor-section-height-default\" data-id=\"16a58d3\" data-element_type=\"section\">\n\t\t\t\t\t\t<div class=\"elementor-container elementor-column-gap-default\">\n\t\t\t\t\t\t\t<div class=\"elementor-row\">\n\t\t\t\t\t<div class=\"elementor-column elementor-col-100 elementor-top-column elementor-element elementor-element-f806536\" data-id=\"f806536\" data-element_type=\"column\">\n\t\t\t<div class=\"elementor-column-wrap elementor-element-populated\">\n\t\t\t\t\t\t\t<div class=\"elementor-widget-wrap\">\n\t\t\t\t\t\t<div class=\"elementor-element elementor-element-58ca1ca elementor-widget elementor-widget-text-editor\" data-id=\"58ca1ca\" data-element_type=\"widget\" data-widget_type=\"text-editor.default\">\n\t\t\t\t<div class=\"elementor-widget-container\">\n\t\t\t\t\t\t\t\t<div class=\"elementor-text-editor elementor-clearfix\">\n\t\t\t\t<h3><em>La celebraci\u00f3n fue presidida por el vicario de pastoral y en ella se formaliz\u00f3 el relevo ministerial entre Fernando Moro y el sacerdote entrante<\/em><\/h3><p><strong>DELEGACI\u00d3N DE MEDIOS<\/strong><\/p><p data-start=\"167\" data-end=\"506\">Las comunidades parroquiales de <strong data-start=\"185\" data-end=\"196\">Sexmiro<\/strong> y <strong data-start=\"199\" data-end=\"212\">Martill\u00e1n <\/strong>celebraron el pasado s\u00e1bado, 8 de noviembre, la eucarist\u00eda que marc\u00f3 el inicio del ministerio pastoral de su nuevo p\u00e1rroco, <strong data-start=\"291\" data-end=\"316\">Carlos Norberto G\u00f3mez<\/strong>. La celebraci\u00f3n fue presidida por el vicario de pastoral, <strong data-start=\"375\" data-end=\"397\">Antonio Risue\u00f1o<\/strong>, y concelebrada por el anterior p\u00e1rroco, <strong data-start=\"439\" data-end=\"459\">D. Fernando Moro<\/strong>, quien entreg\u00f3 oficialmente ambas comunidades.<\/p><p data-start=\"508\" data-end=\"874\">Carlos Norberto compaginar\u00e1 este encargo con la atenci\u00f3n a las parroquias que ya ten\u00eda encomendadas \u2014Gallegos de Arga\u00f1\u00e1n, Villar de Arga\u00f1\u00e1n, Barquilla, Alameda de Gard\u00f3n, Espeja y Campillo de Azaba\u2014, adem\u00e1s de continuar su labor como <strong data-start=\"742\" data-end=\"788\">delegado diocesano de Pastoral de la Salud<\/strong> y <strong data-start=\"791\" data-end=\"829\">capell\u00e1n del Hospital de Salamanca<\/strong>, donde acompa\u00f1a a enfermos y a sus familias.<\/p><p data-start=\"876\" data-end=\"988\" data-is-last-node=\"\" data-is-only-node=\"\">\u00a0<\/p>\t\t\t\t\t<\/div>\n\t\t\t\t\t\t<\/div>\n\t\t\t\t<\/div>\n\t\t\t\t\t\t<\/div>\n\t\t\t\t\t<\/div>\n\t\t<\/div>\n\t\t\t\t\t\t\t\t<\/div>\n\t\t\t\t\t<\/div>\n\t\t<\/section>\n\t\t\t\t<section class=\"elementor-section elementor-top-section elementor-element elementor-element-37d51d7 elementor-section-boxed elementor-section-height-default elementor-section-height-default\" data-id=\"37d51d7\" data-element_type=\"section\">\n\t\t\t\t\t\t<div class=\"elementor-container elementor-column-gap-default\">\n\t\t\t\t\t\t\t<div class=\"elementor-row\">\n\t\t\t\t\t<div class=\"elementor-column elementor-col-100 elementor-top-column elementor-element elementor-element-1129599\" data-id=\"1129599\" data-element_type=\"column\">\n\t\t\t<div class=\"elementor-column-wrap elementor-element-populated\">\n\t\t\t\t\t\t\t<div class=\"elementor-widget-wrap\">\n\t\t\t\t\t\t<div class=\"elementor-element elementor-element-3731e7b elementor-widget elementor-widget-image\" data-id=\"3731e7b\" data-element_type=\"widget\" data-widget_type=\"image.default\">\n\t\t\t\t<div class=\"elementor-widget-container\">\n\t\t\t\t\t\t\t\t<div class=\"elementor-image\">\n\t\t\t\t\t\t\t\t\t\t\t\t\t<a href=\"https:\/\/www.diocesisciudadrodrigo.org\/blog4\/wp-content\/uploads\/2025\/11\/WhatsApp-Image-2025-11-13-at-08.29.16.jpeg\">\n\t\t\t\t\t\t\t<img loading=\"lazy\" decoding=\"async\" width=\"1200\" height=\"675\" src=\"https:\/\/www.diocesisciudadrodrigo.org\/blog4\/wp-content\/uploads\/2025\/11\/WhatsApp-Image-2025-11-13-at-08.29.16.jpeg\" class=\"attachment-large size-large\" alt=\"\" srcset=\"https:\/\/www.diocesisciudadrodrigo.org\/blog4\/wp-content\/uploads\/2025\/11\/WhatsApp-Image-2025-11-13-at-08.29.16.jpeg 1600w, https:\/\/www.diocesisciudadrodrigo.org\/blog4\/wp-content\/uploads\/2025\/11\/WhatsApp-Image-2025-11-13-at-08.29.16-1000x563.jpeg 1000w, https:\/\/www.diocesisciudadrodrigo.org\/blog4\/wp-content\/uploads\/2025\/11\/WhatsApp-Image-2025-11-13-at-08.29.16-768x432.jpeg 768w, https:\/\/www.diocesisciudadrodrigo.org\/blog4\/wp-content\/uploads\/2025\/11\/WhatsApp-Image-2025-11-13-at-08.29.16-1536x864.jpeg 1536w, https:\/\/www.diocesisciudadrodrigo.org\/blog4\/wp-content\/uploads\/2025\/11\/WhatsApp-Image-2025-11-13-at-08.29.16-350x197.jpeg 350w\" sizes=\"auto, (max-width: 1200px) 100vw, 1200px\" \/>\t\t\t\t\t\t\t\t<\/a>\n\t\t\t\t\t\t\t\t\t\t\t\t\t\t<\/div>\n\t\t\t\t\t\t<\/div>\n\t\t\t\t<\/div>\n\t\t\t\t\t\t<\/div>\n\t\t\t\t\t<\/div>\n\t\t<\/div>\n\t\t\t\t\t\t\t\t<\/div>\n\t\t\t\t\t<\/div>\n\t\t<\/section>\n\t\t\t\t<section class=\"elementor-section elementor-top-section elementor-element elementor-element-df9a502 elementor-section-boxed elementor-section-height-default elementor-section-height-default\" data-id=\"df9a502\" data-element_type=\"section\">\n\t\t\t\t\t\t<div class=\"elementor-container elementor-column-gap-default\">\n\t\t\t\t\t\t\t<div class=\"elementor-row\">\n\t\t\t\t\t<div class=\"elementor-column elementor-col-100 elementor-top-column elementor-element elementor-element-ac1427f\" data-id=\"ac1427f\" data-element_type=\"column\">\n\t\t\t<div class=\"elementor-column-wrap elementor-element-populated\">\n\t\t\t\t\t\t\t<div class=\"elementor-widget-wrap\">\n\t\t\t\t\t\t<div class=\"elementor-element elementor-element-39beb65 elementor-widget elementor-widget-image\" data-id=\"39beb65\" data-element_type=\"widget\" data-widget_type=\"image.default\">\n\t\t\t\t<div class=\"elementor-widget-container\">\n\t\t\t\t\t\t\t\t<div class=\"elementor-image\">\n\t\t\t\t\t\t\t\t\t\t\t\t\t<a href=\"https:\/\/www.diocesisciudadrodrigo.org\/blog4\/wp-content\/uploads\/2025\/11\/WhatsApp-Image-2025-11-13-at-08.29.162.jpeg\">\n\t\t\t\t\t\t\t<img loading=\"lazy\" decoding=\"async\" width=\"1200\" height=\"675\" src=\"https:\/\/www.diocesisciudadrodrigo.org\/blog4\/wp-content\/uploads\/2025\/11\/WhatsApp-Image-2025-11-13-at-08.29.162.jpeg\" class=\"attachment-large size-large\" alt=\"\" srcset=\"https:\/\/www.diocesisciudadrodrigo.org\/blog4\/wp-content\/uploads\/2025\/11\/WhatsApp-Image-2025-11-13-at-08.29.162.jpeg 1600w, https:\/\/www.diocesisciudadrodrigo.org\/blog4\/wp-content\/uploads\/2025\/11\/WhatsApp-Image-2025-11-13-at-08.29.162-1000x563.jpeg 1000w, https:\/\/www.diocesisciudadrodrigo.org\/blog4\/wp-content\/uploads\/2025\/11\/WhatsApp-Image-2025-11-13-at-08.29.162-768x432.jpeg 768w, https:\/\/www.diocesisciudadrodrigo.org\/blog4\/wp-content\/uploads\/2025\/11\/WhatsApp-Image-2025-11-13-at-08.29.162-1536x864.jpeg 1536w, https:\/\/www.diocesisciudadrodrigo.org\/blog4\/wp-content\/uploads\/2025\/11\/WhatsApp-Image-2025-11-13-at-08.29.162-350x197.jpeg 350w\" sizes=\"auto, (max-width: 1200px) 100vw, 1200px\" \/>\t\t\t\t\t\t\t\t<\/a>\n\t\t\t\t\t\t\t\t\t\t\t\t\t\t<\/div>\n\t\t\t\t\t\t<\/div>\n\t\t\t\t<\/div>\n\t\t\t\t\t\t<\/div>\n\t\t\t\t\t<\/div>\n\t\t<\/div>\n\t\t\t\t\t\t\t\t<\/div>\n\t\t\t\t\t<\/div>\n\t\t<\/section>\n\t\t\t\t\t\t<\/div>\n\t\t\t\t\t\t<\/div>\n\t\t\t\t\t<\/div>\n\t\t","protected":false},"excerpt":{"rendered":"<p>La celebraci\u00f3n fue presidida por el vicario de pastoral y en ella se formaliz\u00f3 el relevo ministerial entre Fernando Moro y el sacerdote entrante DELEGACI\u00d3N DE MEDIOS Las comunidades parroquiales &#8230; <\/p>\n<p class=\"read-more-container\"><a title=\"Sexmiro y Martill\u00e1n dan la bienvenida a su nuevo p\u00e1rroco, Carlos Norberto G\u00f3mez\" class=\"read-more button\" href=\"https:\/\/www.diocesisciudadrodrigo.org\/blog4\/sexmiro-y-martillan-dan-la-bienvenida-a-su-nuevo-parroco-carlos-norberto-gomez\/#more-40485\" aria-label=\"M\u00e1s en Sexmiro y Martill\u00e1n dan la bienvenida a su nuevo p\u00e1rroco, Carlos Norberto G\u00f3mez\">Leer m\u00e1s &#8230;<\/a><\/p>\n","protected":false},"author":1,"featured_media":40488,"comment_status":"closed","ping_status":"closed","sticky":false,"template":"","format":"standard","meta":{"footnotes":""},"categories":[6],"tags":[],"class_list":["post-40485","post","type-post","status-publish","format-standard","has-post-thumbnail","hentry","category-noticias","masonry-post","generate-columns","tablet-grid-50","mobile-grid-100","grid-parent","grid-50"],"yoast_head":"<!-- This site is optimized with the Yoast SEO plugin v27.3 - https:\/\/yoast.com\/product\/yoast-seo-wordpress\/ -->\n<title>Sexmiro y Martill\u00e1n dan la bienvenida a su nuevo p\u00e1rroco, Carlos Norberto G\u00f3mez - Di\u00f3cesis de Ciudad Rodrigo<\/title>\n<meta name=\"robots\" content=\"index, follow, max-snippet:-1, max-image-preview:large, max-video-preview:-1\" \/>\n<link rel=\"canonical\" href=\"https:\/\/www.diocesisciudadrodrigo.org\/blog4\/sexmiro-y-martillan-dan-la-bienvenida-a-su-nuevo-parroco-carlos-norberto-gomez\/\" \/>\n<meta property=\"og:locale\" content=\"es_ES\" \/>\n<meta property=\"og:type\" content=\"article\" \/>\n<meta property=\"og:title\" content=\"Sexmiro y Martill\u00e1n dan la bienvenida a su nuevo p\u00e1rroco, Carlos Norberto G\u00f3mez - Di\u00f3cesis de Ciudad Rodrigo\" \/>\n<meta property=\"og:description\" content=\"La celebraci\u00f3n fue presidida por el vicario de pastoral y en ella se formaliz\u00f3 el relevo ministerial entre Fernando Moro y el sacerdote entrante DELEGACI\u00d3N DE MEDIOS Las comunidades parroquiales ... Leer m\u00e1s ...\" \/>\n<meta property=\"og:url\" content=\"https:\/\/www.diocesisciudadrodrigo.org\/blog4\/sexmiro-y-martillan-dan-la-bienvenida-a-su-nuevo-parroco-carlos-norberto-gomez\/\" \/>\n<meta property=\"og:site_name\" content=\"Di\u00f3cesis de Ciudad Rodrigo\" \/>\n<meta property=\"article:publisher\" content=\"https:\/\/www.facebook.com\/people\/Dicesis-Ciudad-Rodrigo-MCS\/100076471923419\/#\" \/>\n<meta property=\"article:published_time\" content=\"2025-11-13T08:07:33+00:00\" \/>\n<meta property=\"article:modified_time\" content=\"2025-11-13T08:09:00+00:00\" \/>\n<meta property=\"og:image\" content=\"https:\/\/www.diocesisciudadrodrigo.org\/blog4\/wp-content\/uploads\/2025\/11\/WhatsApp-Image-2025-11-13-at-08.29.164.jpeg\" \/>\n\t<meta property=\"og:image:width\" content=\"1600\" \/>\n\t<meta property=\"og:image:height\" content=\"900\" \/>\n\t<meta property=\"og:image:type\" content=\"image\/jpeg\" \/>\n<meta name=\"author\" content=\"medios CR\" \/>\n<meta name=\"twitter:card\" content=\"summary_large_image\" \/>\n<meta name=\"twitter:label1\" content=\"Escrito por\" \/>\n\t<meta name=\"twitter:data1\" content=\"medios CR\" \/>\n\t<meta name=\"twitter:label2\" content=\"Tiempo de lectura\" \/>\n\t<meta name=\"twitter:data2\" content=\"1 minuto\" \/>\n<script type=\"application\/ld+json\" class=\"yoast-schema-graph\">{\"@context\":\"https:\\\/\\\/schema.org\",\"@graph\":[{\"@type\":\"Article\",\"@id\":\"https:\\\/\\\/www.diocesisciudadrodrigo.org\\\/blog4\\\/sexmiro-y-martillan-dan-la-bienvenida-a-su-nuevo-parroco-carlos-norberto-gomez\\\/#article\",\"isPartOf\":{\"@id\":\"https:\\\/\\\/www.diocesisciudadrodrigo.org\\\/blog4\\\/sexmiro-y-martillan-dan-la-bienvenida-a-su-nuevo-parroco-carlos-norberto-gomez\\\/\"},\"author\":{\"name\":\"medios CR\",\"@id\":\"https:\\\/\\\/www.diocesisciudadrodrigo.org\\\/blog4\\\/#\\\/schema\\\/person\\\/5fcf0ca636a75766ff70e6417b6ed052\"},\"headline\":\"Sexmiro y Martill\u00e1n dan la bienvenida a su nuevo p\u00e1rroco, Carlos Norberto G\u00f3mez\",\"datePublished\":\"2025-11-13T08:07:33+00:00\",\"dateModified\":\"2025-11-13T08:09:00+00:00\",\"mainEntityOfPage\":{\"@id\":\"https:\\\/\\\/www.diocesisciudadrodrigo.org\\\/blog4\\\/sexmiro-y-martillan-dan-la-bienvenida-a-su-nuevo-parroco-carlos-norberto-gomez\\\/\"},\"wordCount\":172,\"publisher\":{\"@id\":\"https:\\\/\\\/www.diocesisciudadrodrigo.org\\\/blog4\\\/#organization\"},\"image\":{\"@id\":\"https:\\\/\\\/www.diocesisciudadrodrigo.org\\\/blog4\\\/sexmiro-y-martillan-dan-la-bienvenida-a-su-nuevo-parroco-carlos-norberto-gomez\\\/#primaryimage\"},\"thumbnailUrl\":\"https:\\\/\\\/www.diocesisciudadrodrigo.org\\\/blog4\\\/wp-content\\\/uploads\\\/2025\\\/11\\\/WhatsApp-Image-2025-11-13-at-08.29.164.jpeg\",\"articleSection\":[\"Noticias\"],\"inLanguage\":\"es\"},{\"@type\":\"WebPage\",\"@id\":\"https:\\\/\\\/www.diocesisciudadrodrigo.org\\\/blog4\\\/sexmiro-y-martillan-dan-la-bienvenida-a-su-nuevo-parroco-carlos-norberto-gomez\\\/\",\"url\":\"https:\\\/\\\/www.diocesisciudadrodrigo.org\\\/blog4\\\/sexmiro-y-martillan-dan-la-bienvenida-a-su-nuevo-parroco-carlos-norberto-gomez\\\/\",\"name\":\"Sexmiro y Martill\u00e1n dan la bienvenida a su nuevo p\u00e1rroco, Carlos Norberto G\u00f3mez - Di\u00f3cesis de Ciudad Rodrigo\",\"isPartOf\":{\"@id\":\"https:\\\/\\\/www.diocesisciudadrodrigo.org\\\/blog4\\\/#website\"},\"primaryImageOfPage\":{\"@id\":\"https:\\\/\\\/www.diocesisciudadrodrigo.org\\\/blog4\\\/sexmiro-y-martillan-dan-la-bienvenida-a-su-nuevo-parroco-carlos-norberto-gomez\\\/#primaryimage\"},\"image\":{\"@id\":\"https:\\\/\\\/www.diocesisciudadrodrigo.org\\\/blog4\\\/sexmiro-y-martillan-dan-la-bienvenida-a-su-nuevo-parroco-carlos-norberto-gomez\\\/#primaryimage\"},\"thumbnailUrl\":\"https:\\\/\\\/www.diocesisciudadrodrigo.org\\\/blog4\\\/wp-content\\\/uploads\\\/2025\\\/11\\\/WhatsApp-Image-2025-11-13-at-08.29.164.jpeg\",\"datePublished\":\"2025-11-13T08:07:33+00:00\",\"dateModified\":\"2025-11-13T08:09:00+00:00\",\"breadcrumb\":{\"@id\":\"https:\\\/\\\/www.diocesisciudadrodrigo.org\\\/blog4\\\/sexmiro-y-martillan-dan-la-bienvenida-a-su-nuevo-parroco-carlos-norberto-gomez\\\/#breadcrumb\"},\"inLanguage\":\"es\",\"potentialAction\":[{\"@type\":\"ReadAction\",\"target\":[\"https:\\\/\\\/www.diocesisciudadrodrigo.org\\\/blog4\\\/sexmiro-y-martillan-dan-la-bienvenida-a-su-nuevo-parroco-carlos-norberto-gomez\\\/\"]}]},{\"@type\":\"ImageObject\",\"inLanguage\":\"es\",\"@id\":\"https:\\\/\\\/www.diocesisciudadrodrigo.org\\\/blog4\\\/sexmiro-y-martillan-dan-la-bienvenida-a-su-nuevo-parroco-carlos-norberto-gomez\\\/#primaryimage\",\"url\":\"https:\\\/\\\/www.diocesisciudadrodrigo.org\\\/blog4\\\/wp-content\\\/uploads\\\/2025\\\/11\\\/WhatsApp-Image-2025-11-13-at-08.29.164.jpeg\",\"contentUrl\":\"https:\\\/\\\/www.diocesisciudadrodrigo.org\\\/blog4\\\/wp-content\\\/uploads\\\/2025\\\/11\\\/WhatsApp-Image-2025-11-13-at-08.29.164.jpeg\",\"width\":1600,\"height\":900},{\"@type\":\"BreadcrumbList\",\"@id\":\"https:\\\/\\\/www.diocesisciudadrodrigo.org\\\/blog4\\\/sexmiro-y-martillan-dan-la-bienvenida-a-su-nuevo-parroco-carlos-norberto-gomez\\\/#breadcrumb\",\"itemListElement\":[{\"@type\":\"ListItem\",\"position\":1,\"name\":\"Portada\",\"item\":\"https:\\\/\\\/www.diocesisciudadrodrigo.org\\\/blog4\\\/\"},{\"@type\":\"ListItem\",\"position\":2,\"name\":\"Sexmiro y Martill\u00e1n dan la bienvenida a su nuevo p\u00e1rroco, Carlos Norberto G\u00f3mez\"}]},{\"@type\":\"WebSite\",\"@id\":\"https:\\\/\\\/www.diocesisciudadrodrigo.org\\\/blog4\\\/#website\",\"url\":\"https:\\\/\\\/www.diocesisciudadrodrigo.org\\\/blog4\\\/\",\"name\":\"Di\u00f3cesis de Ciudad Rodrigo\",\"description\":\"Sitio web oficial de la di\u00f3cesis civitatense\",\"publisher\":{\"@id\":\"https:\\\/\\\/www.diocesisciudadrodrigo.org\\\/blog4\\\/#organization\"},\"potentialAction\":[{\"@type\":\"SearchAction\",\"target\":{\"@type\":\"EntryPoint\",\"urlTemplate\":\"https:\\\/\\\/www.diocesisciudadrodrigo.org\\\/blog4\\\/?s={search_term_string}\"},\"query-input\":{\"@type\":\"PropertyValueSpecification\",\"valueRequired\":true,\"valueName\":\"search_term_string\"}}],\"inLanguage\":\"es\"},{\"@type\":\"Organization\",\"@id\":\"https:\\\/\\\/www.diocesisciudadrodrigo.org\\\/blog4\\\/#organization\",\"name\":\"Di\u00f3cesis de Ciudad Rodrigo\",\"url\":\"https:\\\/\\\/www.diocesisciudadrodrigo.org\\\/blog4\\\/\",\"logo\":{\"@type\":\"ImageObject\",\"inLanguage\":\"es\",\"@id\":\"https:\\\/\\\/www.diocesisciudadrodrigo.org\\\/blog4\\\/#\\\/schema\\\/logo\\\/image\\\/\",\"url\":\"https:\\\/\\\/www.diocesisciudadrodrigo.org\\\/blog4\\\/wp-content\\\/uploads\\\/2024\\\/12\\\/Diocesis.CMYK_-768x480-1.jpg\",\"contentUrl\":\"https:\\\/\\\/www.diocesisciudadrodrigo.org\\\/blog4\\\/wp-content\\\/uploads\\\/2024\\\/12\\\/Diocesis.CMYK_-768x480-1.jpg\",\"width\":768,\"height\":480,\"caption\":\"Di\u00f3cesis de Ciudad Rodrigo\"},\"image\":{\"@id\":\"https:\\\/\\\/www.diocesisciudadrodrigo.org\\\/blog4\\\/#\\\/schema\\\/logo\\\/image\\\/\"},\"sameAs\":[\"https:\\\/\\\/www.facebook.com\\\/people\\\/Dicesis-Ciudad-Rodrigo-MCS\\\/100076471923419\\\/#\"]},{\"@type\":\"Person\",\"@id\":\"https:\\\/\\\/www.diocesisciudadrodrigo.org\\\/blog4\\\/#\\\/schema\\\/person\\\/5fcf0ca636a75766ff70e6417b6ed052\",\"name\":\"medios CR\",\"image\":{\"@type\":\"ImageObject\",\"inLanguage\":\"es\",\"@id\":\"https:\\\/\\\/secure.gravatar.com\\\/avatar\\\/4a619fd0c7e36bd570f4e6e15eb09a2191185d0f63d8dbfdffe848af141ab87e?s=96&d=mm&r=g\",\"url\":\"https:\\\/\\\/secure.gravatar.com\\\/avatar\\\/4a619fd0c7e36bd570f4e6e15eb09a2191185d0f63d8dbfdffe848af141ab87e?s=96&d=mm&r=g\",\"contentUrl\":\"https:\\\/\\\/secure.gravatar.com\\\/avatar\\\/4a619fd0c7e36bd570f4e6e15eb09a2191185d0f63d8dbfdffe848af141ab87e?s=96&d=mm&r=g\",\"caption\":\"medios CR\"},\"url\":\"https:\\\/\\\/www.diocesisciudadrodrigo.org\\\/blog4\\\/author\\\/admin4\\\/\"}]}<\/script>\n<!-- \/ Yoast SEO plugin. -->","yoast_head_json":{"title":"Sexmiro y Martill\u00e1n dan la bienvenida a su nuevo p\u00e1rroco, Carlos Norberto G\u00f3mez - Di\u00f3cesis de Ciudad Rodrigo","robots":{"index":"index","follow":"follow","max-snippet":"max-snippet:-1","max-image-preview":"max-image-preview:large","max-video-preview":"max-video-preview:-1"},"canonical":"https:\/\/www.diocesisciudadrodrigo.org\/blog4\/sexmiro-y-martillan-dan-la-bienvenida-a-su-nuevo-parroco-carlos-norberto-gomez\/","og_locale":"es_ES","og_type":"article","og_title":"Sexmiro y Martill\u00e1n dan la bienvenida a su nuevo p\u00e1rroco, Carlos Norberto G\u00f3mez - Di\u00f3cesis de Ciudad Rodrigo","og_description":"La celebraci\u00f3n fue presidida por el vicario de pastoral y en ella se formaliz\u00f3 el relevo ministerial entre Fernando Moro y el sacerdote entrante DELEGACI\u00d3N DE MEDIOS Las comunidades parroquiales ... Leer m\u00e1s ...","og_url":"https:\/\/www.diocesisciudadrodrigo.org\/blog4\/sexmiro-y-martillan-dan-la-bienvenida-a-su-nuevo-parroco-carlos-norberto-gomez\/","og_site_name":"Di\u00f3cesis de Ciudad Rodrigo","article_publisher":"https:\/\/www.facebook.com\/people\/Dicesis-Ciudad-Rodrigo-MCS\/100076471923419\/#","article_published_time":"2025-11-13T08:07:33+00:00","article_modified_time":"2025-11-13T08:09:00+00:00","og_image":[{"width":1600,"height":900,"url":"https:\/\/www.diocesisciudadrodrigo.org\/blog4\/wp-content\/uploads\/2025\/11\/WhatsApp-Image-2025-11-13-at-08.29.164.jpeg","type":"image\/jpeg"}],"author":"medios CR","twitter_card":"summary_large_image","twitter_misc":{"Escrito por":"medios CR","Tiempo de lectura":"1 minuto"},"schema":{"@context":"https:\/\/schema.org","@graph":[{"@type":"Article","@id":"https:\/\/www.diocesisciudadrodrigo.org\/blog4\/sexmiro-y-martillan-dan-la-bienvenida-a-su-nuevo-parroco-carlos-norberto-gomez\/#article","isPartOf":{"@id":"https:\/\/www.diocesisciudadrodrigo.org\/blog4\/sexmiro-y-martillan-dan-la-bienvenida-a-su-nuevo-parroco-carlos-norberto-gomez\/"},"author":{"name":"medios CR","@id":"https:\/\/www.diocesisciudadrodrigo.org\/blog4\/#\/schema\/person\/5fcf0ca636a75766ff70e6417b6ed052"},"headline":"Sexmiro y Martill\u00e1n dan la bienvenida a su nuevo p\u00e1rroco, Carlos Norberto G\u00f3mez","datePublished":"2025-11-13T08:07:33+00:00","dateModified":"2025-11-13T08:09:00+00:00","mainEntityOfPage":{"@id":"https:\/\/www.diocesisciudadrodrigo.org\/blog4\/sexmiro-y-martillan-dan-la-bienvenida-a-su-nuevo-parroco-carlos-norberto-gomez\/"},"wordCount":172,"publisher":{"@id":"https:\/\/www.diocesisciudadrodrigo.org\/blog4\/#organization"},"image":{"@id":"https:\/\/www.diocesisciudadrodrigo.org\/blog4\/sexmiro-y-martillan-dan-la-bienvenida-a-su-nuevo-parroco-carlos-norberto-gomez\/#primaryimage"},"thumbnailUrl":"https:\/\/www.diocesisciudadrodrigo.org\/blog4\/wp-content\/uploads\/2025\/11\/WhatsApp-Image-2025-11-13-at-08.29.164.jpeg","articleSection":["Noticias"],"inLanguage":"es"},{"@type":"WebPage","@id":"https:\/\/www.diocesisciudadrodrigo.org\/blog4\/sexmiro-y-martillan-dan-la-bienvenida-a-su-nuevo-parroco-carlos-norberto-gomez\/","url":"https:\/\/www.diocesisciudadrodrigo.org\/blog4\/sexmiro-y-martillan-dan-la-bienvenida-a-su-nuevo-parroco-carlos-norberto-gomez\/","name":"Sexmiro y Martill\u00e1n dan la bienvenida a su nuevo p\u00e1rroco, Carlos Norberto G\u00f3mez - Di\u00f3cesis de Ciudad Rodrigo","isPartOf":{"@id":"https:\/\/www.diocesisciudadrodrigo.org\/blog4\/#website"},"primaryImageOfPage":{"@id":"https:\/\/www.diocesisciudadrodrigo.org\/blog4\/sexmiro-y-martillan-dan-la-bienvenida-a-su-nuevo-parroco-carlos-norberto-gomez\/#primaryimage"},"image":{"@id":"https:\/\/www.diocesisciudadrodrigo.org\/blog4\/sexmiro-y-martillan-dan-la-bienvenida-a-su-nuevo-parroco-carlos-norberto-gomez\/#primaryimage"},"thumbnailUrl":"https:\/\/www.diocesisciudadrodrigo.org\/blog4\/wp-content\/uploads\/2025\/11\/WhatsApp-Image-2025-11-13-at-08.29.164.jpeg","datePublished":"2025-11-13T08:07:33+00:00","dateModified":"2025-11-13T08:09:00+00:00","breadcrumb":{"@id":"https:\/\/www.diocesisciudadrodrigo.org\/blog4\/sexmiro-y-martillan-dan-la-bienvenida-a-su-nuevo-parroco-carlos-norberto-gomez\/#breadcrumb"},"inLanguage":"es","potentialAction":[{"@type":"ReadAction","target":["https:\/\/www.diocesisciudadrodrigo.org\/blog4\/sexmiro-y-martillan-dan-la-bienvenida-a-su-nuevo-parroco-carlos-norberto-gomez\/"]}]},{"@type":"ImageObject","inLanguage":"es","@id":"https:\/\/www.diocesisciudadrodrigo.org\/blog4\/sexmiro-y-martillan-dan-la-bienvenida-a-su-nuevo-parroco-carlos-norberto-gomez\/#primaryimage","url":"https:\/\/www.diocesisciudadrodrigo.org\/blog4\/wp-content\/uploads\/2025\/11\/WhatsApp-Image-2025-11-13-at-08.29.164.jpeg","contentUrl":"https:\/\/www.diocesisciudadrodrigo.org\/blog4\/wp-content\/uploads\/2025\/11\/WhatsApp-Image-2025-11-13-at-08.29.164.jpeg","width":1600,"height":900},{"@type":"BreadcrumbList","@id":"https:\/\/www.diocesisciudadrodrigo.org\/blog4\/sexmiro-y-martillan-dan-la-bienvenida-a-su-nuevo-parroco-carlos-norberto-gomez\/#breadcrumb","itemListElement":[{"@type":"ListItem","position":1,"name":"Portada","item":"https:\/\/www.diocesisciudadrodrigo.org\/blog4\/"},{"@type":"ListItem","position":2,"name":"Sexmiro y Martill\u00e1n dan la bienvenida a su nuevo p\u00e1rroco, Carlos Norberto G\u00f3mez"}]},{"@type":"WebSite","@id":"https:\/\/www.diocesisciudadrodrigo.org\/blog4\/#website","url":"https:\/\/www.diocesisciudadrodrigo.org\/blog4\/","name":"Di\u00f3cesis de Ciudad Rodrigo","description":"Sitio web oficial de la di\u00f3cesis civitatense","publisher":{"@id":"https:\/\/www.diocesisciudadrodrigo.org\/blog4\/#organization"},"potentialAction":[{"@type":"SearchAction","target":{"@type":"EntryPoint","urlTemplate":"https:\/\/www.diocesisciudadrodrigo.org\/blog4\/?s={search_term_string}"},"query-input":{"@type":"PropertyValueSpecification","valueRequired":true,"valueName":"search_term_string"}}],"inLanguage":"es"},{"@type":"Organization","@id":"https:\/\/www.diocesisciudadrodrigo.org\/blog4\/#organization","name":"Di\u00f3cesis de Ciudad Rodrigo","url":"https:\/\/www.diocesisciudadrodrigo.org\/blog4\/","logo":{"@type":"ImageObject","inLanguage":"es","@id":"https:\/\/www.diocesisciudadrodrigo.org\/blog4\/#\/schema\/logo\/image\/","url":"https:\/\/www.diocesisciudadrodrigo.org\/blog4\/wp-content\/uploads\/2024\/12\/Diocesis.CMYK_-768x480-1.jpg","contentUrl":"https:\/\/www.diocesisciudadrodrigo.org\/blog4\/wp-content\/uploads\/2024\/12\/Diocesis.CMYK_-768x480-1.jpg","width":768,"height":480,"caption":"Di\u00f3cesis de Ciudad Rodrigo"},"image":{"@id":"https:\/\/www.diocesisciudadrodrigo.org\/blog4\/#\/schema\/logo\/image\/"},"sameAs":["https:\/\/www.facebook.com\/people\/Dicesis-Ciudad-Rodrigo-MCS\/100076471923419\/#"]},{"@type":"Person","@id":"https:\/\/www.diocesisciudadrodrigo.org\/blog4\/#\/schema\/person\/5fcf0ca636a75766ff70e6417b6ed052","name":"medios CR","image":{"@type":"ImageObject","inLanguage":"es","@id":"https:\/\/secure.gravatar.com\/avatar\/4a619fd0c7e36bd570f4e6e15eb09a2191185d0f63d8dbfdffe848af141ab87e?s=96&d=mm&r=g","url":"https:\/\/secure.gravatar.com\/avatar\/4a619fd0c7e36bd570f4e6e15eb09a2191185d0f63d8dbfdffe848af141ab87e?s=96&d=mm&r=g","contentUrl":"https:\/\/secure.gravatar.com\/avatar\/4a619fd0c7e36bd570f4e6e15eb09a2191185d0f63d8dbfdffe848af141ab87e?s=96&d=mm&r=g","caption":"medios CR"},"url":"https:\/\/www.diocesisciudadrodrigo.org\/blog4\/author\/admin4\/"}]}},"_links":{"self":[{"href":"https:\/\/www.diocesisciudadrodrigo.org\/blog4\/wp-json\/wp\/v2\/posts\/40485","targetHints":{"allow":["GET"]}}],"collection":[{"href":"https:\/\/www.diocesisciudadrodrigo.org\/blog4\/wp-json\/wp\/v2\/posts"}],"about":[{"href":"https:\/\/www.diocesisciudadrodrigo.org\/blog4\/wp-json\/wp\/v2\/types\/post"}],"author":[{"embeddable":true,"href":"https:\/\/www.diocesisciudadrodrigo.org\/blog4\/wp-json\/wp\/v2\/users\/1"}],"replies":[{"embeddable":true,"href":"https:\/\/www.diocesisciudadrodrigo.org\/blog4\/wp-json\/wp\/v2\/comments?post=40485"}],"version-history":[{"count":7,"href":"https:\/\/www.diocesisciudadrodrigo.org\/blog4\/wp-json\/wp\/v2\/posts\/40485\/revisions"}],"predecessor-version":[{"id":40496,"href":"https:\/\/www.diocesisciudadrodrigo.org\/blog4\/wp-json\/wp\/v2\/posts\/40485\/revisions\/40496"}],"wp:featuredmedia":[{"embeddable":true,"href":"https:\/\/www.diocesisciudadrodrigo.org\/blog4\/wp-json\/wp\/v2\/media\/40488"}],"wp:attachment":[{"href":"https:\/\/www.diocesisciudadrodrigo.org\/blog4\/wp-json\/wp\/v2\/media?parent=40485"}],"wp:term":[{"taxonomy":"category","embeddable":true,"href":"https:\/\/www.diocesisciudadrodrigo.org\/blog4\/wp-json\/wp\/v2\/categories?post=40485"},{"taxonomy":"post_tag","embeddable":true,"href":"https:\/\/www.diocesisciudadrodrigo.org\/blog4\/wp-json\/wp\/v2\/tags?post=40485"}],"curies":[{"name":"wp","href":"https:\/\/api.w.org\/{rel}","templated":true}]}}