{"id":40466,"date":"2025-11-13T08:51:27","date_gmt":"2025-11-13T07:51:27","guid":{"rendered":"https:\/\/www.diocesisciudadrodrigo.org\/blog4\/?p=40466"},"modified":"2025-11-13T08:54:36","modified_gmt":"2025-11-13T07:54:36","slug":"monsagro-honra-a-sus-beatos-en-la-memoria-de-los-martires-del-6-de-noviembre","status":"publish","type":"post","link":"https:\/\/www.diocesisciudadrodrigo.org\/blog4\/monsagro-honra-a-sus-beatos-en-la-memoria-de-los-martires-del-6-de-noviembre\/","title":{"rendered":"Monsagro honra a sus beatos en la memoria de los m\u00e1rtires del 6 de noviembre"},"content":{"rendered":"\t\t<div data-elementor-type=\"wp-post\" data-elementor-id=\"40466\" class=\"elementor elementor-40466\" data-elementor-settings=\"[]\">\n\t\t\t\t\t\t<div class=\"elementor-inner\">\n\t\t\t\t\t\t\t<div class=\"elementor-section-wrap\">\n\t\t\t\t\t\t\t<section class=\"elementor-section elementor-top-section elementor-element elementor-element-7d7cb1c elementor-section-boxed elementor-section-height-default elementor-section-height-default\" data-id=\"7d7cb1c\" data-element_type=\"section\">\n\t\t\t\t\t\t<div class=\"elementor-container elementor-column-gap-default\">\n\t\t\t\t\t\t\t<div class=\"elementor-row\">\n\t\t\t\t\t<div class=\"elementor-column elementor-col-100 elementor-top-column elementor-element elementor-element-73ea280\" data-id=\"73ea280\" data-element_type=\"column\">\n\t\t\t<div class=\"elementor-column-wrap elementor-element-populated\">\n\t\t\t\t\t\t\t<div class=\"elementor-widget-wrap\">\n\t\t\t\t\t\t<div class=\"elementor-element elementor-element-821f24e elementor-widget elementor-widget-text-editor\" data-id=\"821f24e\" data-element_type=\"widget\" data-widget_type=\"text-editor.default\">\n\t\t\t\t<div class=\"elementor-widget-container\">\n\t\t\t\t\t\t\t\t<div class=\"elementor-text-editor elementor-clearfix\">\n\t\t\t\t<h3><em>La comunidad parroquial record\u00f3 con gratitud a los frailes dominicos Fr. Pedro Luis y Fr. Vidal Luis, m\u00e1rtires de la persecuci\u00f3n religiosa, que fueron beatificados en 2007\u00a0<\/em><\/h3><p><strong>DELEGACI\u00d3N DE MEDIOS<\/strong><\/p><p data-start=\"249\" data-end=\"648\">La parroquia de Monsagro celebr\u00f3 el pasado 6 de noviembre una eucarist\u00eda en acci\u00f3n de gracias por la vida y el testimonio de entrega y fidelidad evang\u00e9lica de dos de sus hijos: los beatos dominicos <strong data-start=\"423\" data-end=\"447\">Fr. Pedro Luis Luis<\/strong> y <strong data-start=\"450\" data-end=\"476\">Fr. Vidal Luis G\u00f3mara<\/strong>, coincidiendo con la jornada en la que la Iglesia recuerda a los m\u00e1rtires de la persecuci\u00f3n religiosa de 1936. Ambos religiosos fueron beatificados en 2007 y su memoria contin\u00faa viva en su pueblo natal.<\/p><p data-start=\"650\" data-end=\"937\"><a href=\"https:\/\/www.diocesisciudadrodrigo.org\/blog4\/wp-content\/uploads\/2025\/11\/WhatsApp-Image-2025-11-07-at-12.32.411.jpeg\"><img loading=\"lazy\" decoding=\"async\" class=\"wp-image-40470 alignright\" src=\"https:\/\/www.diocesisciudadrodrigo.org\/blog4\/wp-content\/uploads\/2025\/11\/WhatsApp-Image-2025-11-07-at-12.32.411-1000x563.jpeg\" alt=\"\" width=\"288\" height=\"162\" srcset=\"https:\/\/www.diocesisciudadrodrigo.org\/blog4\/wp-content\/uploads\/2025\/11\/WhatsApp-Image-2025-11-07-at-12.32.411-1000x563.jpeg 1000w, https:\/\/www.diocesisciudadrodrigo.org\/blog4\/wp-content\/uploads\/2025\/11\/WhatsApp-Image-2025-11-07-at-12.32.411-768x432.jpeg 768w, https:\/\/www.diocesisciudadrodrigo.org\/blog4\/wp-content\/uploads\/2025\/11\/WhatsApp-Image-2025-11-07-at-12.32.411-1536x864.jpeg 1536w, https:\/\/www.diocesisciudadrodrigo.org\/blog4\/wp-content\/uploads\/2025\/11\/WhatsApp-Image-2025-11-07-at-12.32.411-350x197.jpeg 350w, https:\/\/www.diocesisciudadrodrigo.org\/blog4\/wp-content\/uploads\/2025\/11\/WhatsApp-Image-2025-11-07-at-12.32.411.jpeg 1600w\" sizes=\"auto, (max-width: 288px) 100vw, 288px\" \/><\/a>Fray <strong data-start=\"655\" data-end=\"674\">Pedro Luis Luis<\/strong>, nacido en 1915, mostr\u00f3 desde ni\u00f1o una fuerte inclinaci\u00f3n religiosa. Tras formarse con los dominicos e ingresar como hermano cooperador, destac\u00f3 por su vida sencilla y servicial. Fue martirizado junto a su comunidad en la bah\u00eda de Santander en diciembre de 1936.<\/p><p data-start=\"939\" data-end=\"1389\">Por su parte, <strong data-start=\"953\" data-end=\"979\">Fray Vidal Luis G\u00f3mara<\/strong> desarroll\u00f3 un amplio ministerio como sacerdote dominico en distintos centros de la Orden, dedic\u00e1ndose al estudio, la predicaci\u00f3n y la atenci\u00f3n pastoral. Durante los meses de persecuci\u00f3n en Madrid permaneci\u00f3 fiel a su misi\u00f3n sacerdotal, asistiendo a otros creyentes en la clandestinidad hasta su detenci\u00f3n y posterior martirio en Paracuellos del Jarama el 18 de noviembre de 1936.<\/p><p data-start=\"1391\" data-end=\"1571\" data-is-last-node=\"\" data-is-only-node=\"\">\u00a0<\/p>\t\t\t\t\t<\/div>\n\t\t\t\t\t\t<\/div>\n\t\t\t\t<\/div>\n\t\t\t\t\t\t<\/div>\n\t\t\t\t\t<\/div>\n\t\t<\/div>\n\t\t\t\t\t\t\t\t<\/div>\n\t\t\t\t\t<\/div>\n\t\t<\/section>\n\t\t\t\t<section class=\"elementor-section elementor-top-section elementor-element elementor-element-1d230f5 elementor-section-boxed elementor-section-height-default elementor-section-height-default\" data-id=\"1d230f5\" data-element_type=\"section\">\n\t\t\t\t\t\t<div class=\"elementor-container elementor-column-gap-default\">\n\t\t\t\t\t\t\t<div class=\"elementor-row\">\n\t\t\t\t\t<div class=\"elementor-column elementor-col-100 elementor-top-column elementor-element elementor-element-af1107e\" data-id=\"af1107e\" data-element_type=\"column\">\n\t\t\t<div class=\"elementor-column-wrap elementor-element-populated\">\n\t\t\t\t\t\t\t<div class=\"elementor-widget-wrap\">\n\t\t\t\t\t\t<div class=\"elementor-element elementor-element-334d2b4 elementor-widget elementor-widget-image\" data-id=\"334d2b4\" data-element_type=\"widget\" data-widget_type=\"image.default\">\n\t\t\t\t<div class=\"elementor-widget-container\">\n\t\t\t\t\t\t\t\t<div class=\"elementor-image\">\n\t\t\t\t\t\t\t\t\t\t\t\t<img loading=\"lazy\" decoding=\"async\" width=\"1200\" height=\"675\" src=\"https:\/\/www.diocesisciudadrodrigo.org\/blog4\/wp-content\/uploads\/2025\/11\/WhatsApp-Image-2025-11-07-at-12.32.40.jpeg\" class=\"attachment-large size-large\" alt=\"\" srcset=\"https:\/\/www.diocesisciudadrodrigo.org\/blog4\/wp-content\/uploads\/2025\/11\/WhatsApp-Image-2025-11-07-at-12.32.40.jpeg 1600w, https:\/\/www.diocesisciudadrodrigo.org\/blog4\/wp-content\/uploads\/2025\/11\/WhatsApp-Image-2025-11-07-at-12.32.40-1000x563.jpeg 1000w, https:\/\/www.diocesisciudadrodrigo.org\/blog4\/wp-content\/uploads\/2025\/11\/WhatsApp-Image-2025-11-07-at-12.32.40-768x432.jpeg 768w, https:\/\/www.diocesisciudadrodrigo.org\/blog4\/wp-content\/uploads\/2025\/11\/WhatsApp-Image-2025-11-07-at-12.32.40-1536x864.jpeg 1536w, https:\/\/www.diocesisciudadrodrigo.org\/blog4\/wp-content\/uploads\/2025\/11\/WhatsApp-Image-2025-11-07-at-12.32.40-350x197.jpeg 350w\" sizes=\"auto, (max-width: 1200px) 100vw, 1200px\" \/>\t\t\t\t\t\t\t\t\t\t\t\t\t\t<\/div>\n\t\t\t\t\t\t<\/div>\n\t\t\t\t<\/div>\n\t\t\t\t\t\t<\/div>\n\t\t\t\t\t<\/div>\n\t\t<\/div>\n\t\t\t\t\t\t\t\t<\/div>\n\t\t\t\t\t<\/div>\n\t\t<\/section>\n\t\t\t\t\t\t<\/div>\n\t\t\t\t\t\t<\/div>\n\t\t\t\t\t<\/div>\n\t\t","protected":false},"excerpt":{"rendered":"<p>La comunidad parroquial record\u00f3 con gratitud a los frailes dominicos Fr. Pedro Luis y Fr. Vidal Luis, m\u00e1rtires de la persecuci\u00f3n religiosa, que fueron beatificados en 2007\u00a0 DELEGACI\u00d3N DE MEDIOS &#8230; <\/p>\n<p class=\"read-more-container\"><a title=\"Monsagro honra a sus beatos en la memoria de los m\u00e1rtires del 6 de noviembre\" class=\"read-more button\" href=\"https:\/\/www.diocesisciudadrodrigo.org\/blog4\/monsagro-honra-a-sus-beatos-en-la-memoria-de-los-martires-del-6-de-noviembre\/#more-40466\" aria-label=\"M\u00e1s en Monsagro honra a sus beatos en la memoria de los m\u00e1rtires del 6 de noviembre\">Leer m\u00e1s &#8230;<\/a><\/p>\n","protected":false},"author":1,"featured_media":40468,"comment_status":"closed","ping_status":"closed","sticky":false,"template":"","format":"standard","meta":{"footnotes":""},"categories":[6],"tags":[],"class_list":["post-40466","post","type-post","status-publish","format-standard","has-post-thumbnail","hentry","category-noticias","masonry-post","generate-columns","tablet-grid-50","mobile-grid-100","grid-parent","grid-50"],"yoast_head":"<!-- This site is optimized with the Yoast SEO plugin v27.3 - https:\/\/yoast.com\/product\/yoast-seo-wordpress\/ -->\n<title>Monsagro honra a sus beatos en la memoria de los m\u00e1rtires del 6 de noviembre - Di\u00f3cesis de Ciudad Rodrigo<\/title>\n<meta name=\"robots\" content=\"index, follow, max-snippet:-1, max-image-preview:large, max-video-preview:-1\" \/>\n<link rel=\"canonical\" href=\"https:\/\/www.diocesisciudadrodrigo.org\/blog4\/monsagro-honra-a-sus-beatos-en-la-memoria-de-los-martires-del-6-de-noviembre\/\" \/>\n<meta property=\"og:locale\" content=\"es_ES\" \/>\n<meta property=\"og:type\" content=\"article\" \/>\n<meta property=\"og:title\" content=\"Monsagro honra a sus beatos en la memoria de los m\u00e1rtires del 6 de noviembre - Di\u00f3cesis de Ciudad Rodrigo\" \/>\n<meta property=\"og:description\" content=\"La comunidad parroquial record\u00f3 con gratitud a los frailes dominicos Fr. Pedro Luis y Fr. Vidal Luis, m\u00e1rtires de la persecuci\u00f3n religiosa, que fueron beatificados en 2007\u00a0 DELEGACI\u00d3N DE MEDIOS ... Leer m\u00e1s ...\" \/>\n<meta property=\"og:url\" content=\"https:\/\/www.diocesisciudadrodrigo.org\/blog4\/monsagro-honra-a-sus-beatos-en-la-memoria-de-los-martires-del-6-de-noviembre\/\" \/>\n<meta property=\"og:site_name\" content=\"Di\u00f3cesis de Ciudad Rodrigo\" \/>\n<meta property=\"article:publisher\" content=\"https:\/\/www.facebook.com\/people\/Dicesis-Ciudad-Rodrigo-MCS\/100076471923419\/#\" \/>\n<meta property=\"article:published_time\" content=\"2025-11-13T07:51:27+00:00\" \/>\n<meta property=\"article:modified_time\" content=\"2025-11-13T07:54:36+00:00\" \/>\n<meta property=\"og:image\" content=\"https:\/\/www.diocesisciudadrodrigo.org\/blog4\/wp-content\/uploads\/2025\/11\/monsagro-beatos.jpeg\" \/>\n\t<meta property=\"og:image:width\" content=\"1600\" \/>\n\t<meta property=\"og:image:height\" content=\"900\" \/>\n\t<meta property=\"og:image:type\" content=\"image\/jpeg\" \/>\n<meta name=\"author\" content=\"medios CR\" \/>\n<meta name=\"twitter:card\" content=\"summary_large_image\" \/>\n<meta name=\"twitter:label1\" content=\"Escrito por\" \/>\n\t<meta name=\"twitter:data1\" content=\"medios CR\" \/>\n\t<meta name=\"twitter:label2\" content=\"Tiempo de lectura\" \/>\n\t<meta name=\"twitter:data2\" content=\"1 minuto\" \/>\n<script type=\"application\/ld+json\" class=\"yoast-schema-graph\">{\"@context\":\"https:\\\/\\\/schema.org\",\"@graph\":[{\"@type\":\"Article\",\"@id\":\"https:\\\/\\\/www.diocesisciudadrodrigo.org\\\/blog4\\\/monsagro-honra-a-sus-beatos-en-la-memoria-de-los-martires-del-6-de-noviembre\\\/#article\",\"isPartOf\":{\"@id\":\"https:\\\/\\\/www.diocesisciudadrodrigo.org\\\/blog4\\\/monsagro-honra-a-sus-beatos-en-la-memoria-de-los-martires-del-6-de-noviembre\\\/\"},\"author\":{\"name\":\"medios CR\",\"@id\":\"https:\\\/\\\/www.diocesisciudadrodrigo.org\\\/blog4\\\/#\\\/schema\\\/person\\\/5fcf0ca636a75766ff70e6417b6ed052\"},\"headline\":\"Monsagro honra a sus beatos en la memoria de los m\u00e1rtires del 6 de noviembre\",\"datePublished\":\"2025-11-13T07:51:27+00:00\",\"dateModified\":\"2025-11-13T07:54:36+00:00\",\"mainEntityOfPage\":{\"@id\":\"https:\\\/\\\/www.diocesisciudadrodrigo.org\\\/blog4\\\/monsagro-honra-a-sus-beatos-en-la-memoria-de-los-martires-del-6-de-noviembre\\\/\"},\"wordCount\":246,\"publisher\":{\"@id\":\"https:\\\/\\\/www.diocesisciudadrodrigo.org\\\/blog4\\\/#organization\"},\"image\":{\"@id\":\"https:\\\/\\\/www.diocesisciudadrodrigo.org\\\/blog4\\\/monsagro-honra-a-sus-beatos-en-la-memoria-de-los-martires-del-6-de-noviembre\\\/#primaryimage\"},\"thumbnailUrl\":\"https:\\\/\\\/www.diocesisciudadrodrigo.org\\\/blog4\\\/wp-content\\\/uploads\\\/2025\\\/11\\\/monsagro-beatos.jpeg\",\"articleSection\":[\"Noticias\"],\"inLanguage\":\"es\"},{\"@type\":\"WebPage\",\"@id\":\"https:\\\/\\\/www.diocesisciudadrodrigo.org\\\/blog4\\\/monsagro-honra-a-sus-beatos-en-la-memoria-de-los-martires-del-6-de-noviembre\\\/\",\"url\":\"https:\\\/\\\/www.diocesisciudadrodrigo.org\\\/blog4\\\/monsagro-honra-a-sus-beatos-en-la-memoria-de-los-martires-del-6-de-noviembre\\\/\",\"name\":\"Monsagro honra a sus beatos en la memoria de los m\u00e1rtires del 6 de noviembre - Di\u00f3cesis de Ciudad Rodrigo\",\"isPartOf\":{\"@id\":\"https:\\\/\\\/www.diocesisciudadrodrigo.org\\\/blog4\\\/#website\"},\"primaryImageOfPage\":{\"@id\":\"https:\\\/\\\/www.diocesisciudadrodrigo.org\\\/blog4\\\/monsagro-honra-a-sus-beatos-en-la-memoria-de-los-martires-del-6-de-noviembre\\\/#primaryimage\"},\"image\":{\"@id\":\"https:\\\/\\\/www.diocesisciudadrodrigo.org\\\/blog4\\\/monsagro-honra-a-sus-beatos-en-la-memoria-de-los-martires-del-6-de-noviembre\\\/#primaryimage\"},\"thumbnailUrl\":\"https:\\\/\\\/www.diocesisciudadrodrigo.org\\\/blog4\\\/wp-content\\\/uploads\\\/2025\\\/11\\\/monsagro-beatos.jpeg\",\"datePublished\":\"2025-11-13T07:51:27+00:00\",\"dateModified\":\"2025-11-13T07:54:36+00:00\",\"breadcrumb\":{\"@id\":\"https:\\\/\\\/www.diocesisciudadrodrigo.org\\\/blog4\\\/monsagro-honra-a-sus-beatos-en-la-memoria-de-los-martires-del-6-de-noviembre\\\/#breadcrumb\"},\"inLanguage\":\"es\",\"potentialAction\":[{\"@type\":\"ReadAction\",\"target\":[\"https:\\\/\\\/www.diocesisciudadrodrigo.org\\\/blog4\\\/monsagro-honra-a-sus-beatos-en-la-memoria-de-los-martires-del-6-de-noviembre\\\/\"]}]},{\"@type\":\"ImageObject\",\"inLanguage\":\"es\",\"@id\":\"https:\\\/\\\/www.diocesisciudadrodrigo.org\\\/blog4\\\/monsagro-honra-a-sus-beatos-en-la-memoria-de-los-martires-del-6-de-noviembre\\\/#primaryimage\",\"url\":\"https:\\\/\\\/www.diocesisciudadrodrigo.org\\\/blog4\\\/wp-content\\\/uploads\\\/2025\\\/11\\\/monsagro-beatos.jpeg\",\"contentUrl\":\"https:\\\/\\\/www.diocesisciudadrodrigo.org\\\/blog4\\\/wp-content\\\/uploads\\\/2025\\\/11\\\/monsagro-beatos.jpeg\",\"width\":1600,\"height\":900},{\"@type\":\"BreadcrumbList\",\"@id\":\"https:\\\/\\\/www.diocesisciudadrodrigo.org\\\/blog4\\\/monsagro-honra-a-sus-beatos-en-la-memoria-de-los-martires-del-6-de-noviembre\\\/#breadcrumb\",\"itemListElement\":[{\"@type\":\"ListItem\",\"position\":1,\"name\":\"Portada\",\"item\":\"https:\\\/\\\/www.diocesisciudadrodrigo.org\\\/blog4\\\/\"},{\"@type\":\"ListItem\",\"position\":2,\"name\":\"Monsagro honra a sus beatos en la memoria de los m\u00e1rtires del 6 de noviembre\"}]},{\"@type\":\"WebSite\",\"@id\":\"https:\\\/\\\/www.diocesisciudadrodrigo.org\\\/blog4\\\/#website\",\"url\":\"https:\\\/\\\/www.diocesisciudadrodrigo.org\\\/blog4\\\/\",\"name\":\"Di\u00f3cesis de Ciudad Rodrigo\",\"description\":\"Sitio web oficial de la di\u00f3cesis civitatense\",\"publisher\":{\"@id\":\"https:\\\/\\\/www.diocesisciudadrodrigo.org\\\/blog4\\\/#organization\"},\"potentialAction\":[{\"@type\":\"SearchAction\",\"target\":{\"@type\":\"EntryPoint\",\"urlTemplate\":\"https:\\\/\\\/www.diocesisciudadrodrigo.org\\\/blog4\\\/?s={search_term_string}\"},\"query-input\":{\"@type\":\"PropertyValueSpecification\",\"valueRequired\":true,\"valueName\":\"search_term_string\"}}],\"inLanguage\":\"es\"},{\"@type\":\"Organization\",\"@id\":\"https:\\\/\\\/www.diocesisciudadrodrigo.org\\\/blog4\\\/#organization\",\"name\":\"Di\u00f3cesis de Ciudad Rodrigo\",\"url\":\"https:\\\/\\\/www.diocesisciudadrodrigo.org\\\/blog4\\\/\",\"logo\":{\"@type\":\"ImageObject\",\"inLanguage\":\"es\",\"@id\":\"https:\\\/\\\/www.diocesisciudadrodrigo.org\\\/blog4\\\/#\\\/schema\\\/logo\\\/image\\\/\",\"url\":\"https:\\\/\\\/www.diocesisciudadrodrigo.org\\\/blog4\\\/wp-content\\\/uploads\\\/2024\\\/12\\\/Diocesis.CMYK_-768x480-1.jpg\",\"contentUrl\":\"https:\\\/\\\/www.diocesisciudadrodrigo.org\\\/blog4\\\/wp-content\\\/uploads\\\/2024\\\/12\\\/Diocesis.CMYK_-768x480-1.jpg\",\"width\":768,\"height\":480,\"caption\":\"Di\u00f3cesis de Ciudad Rodrigo\"},\"image\":{\"@id\":\"https:\\\/\\\/www.diocesisciudadrodrigo.org\\\/blog4\\\/#\\\/schema\\\/logo\\\/image\\\/\"},\"sameAs\":[\"https:\\\/\\\/www.facebook.com\\\/people\\\/Dicesis-Ciudad-Rodrigo-MCS\\\/100076471923419\\\/#\"]},{\"@type\":\"Person\",\"@id\":\"https:\\\/\\\/www.diocesisciudadrodrigo.org\\\/blog4\\\/#\\\/schema\\\/person\\\/5fcf0ca636a75766ff70e6417b6ed052\",\"name\":\"medios CR\",\"image\":{\"@type\":\"ImageObject\",\"inLanguage\":\"es\",\"@id\":\"https:\\\/\\\/secure.gravatar.com\\\/avatar\\\/4a619fd0c7e36bd570f4e6e15eb09a2191185d0f63d8dbfdffe848af141ab87e?s=96&d=mm&r=g\",\"url\":\"https:\\\/\\\/secure.gravatar.com\\\/avatar\\\/4a619fd0c7e36bd570f4e6e15eb09a2191185d0f63d8dbfdffe848af141ab87e?s=96&d=mm&r=g\",\"contentUrl\":\"https:\\\/\\\/secure.gravatar.com\\\/avatar\\\/4a619fd0c7e36bd570f4e6e15eb09a2191185d0f63d8dbfdffe848af141ab87e?s=96&d=mm&r=g\",\"caption\":\"medios CR\"},\"url\":\"https:\\\/\\\/www.diocesisciudadrodrigo.org\\\/blog4\\\/author\\\/admin4\\\/\"}]}<\/script>\n<!-- \/ Yoast SEO plugin. -->","yoast_head_json":{"title":"Monsagro honra a sus beatos en la memoria de los m\u00e1rtires del 6 de noviembre - Di\u00f3cesis de Ciudad Rodrigo","robots":{"index":"index","follow":"follow","max-snippet":"max-snippet:-1","max-image-preview":"max-image-preview:large","max-video-preview":"max-video-preview:-1"},"canonical":"https:\/\/www.diocesisciudadrodrigo.org\/blog4\/monsagro-honra-a-sus-beatos-en-la-memoria-de-los-martires-del-6-de-noviembre\/","og_locale":"es_ES","og_type":"article","og_title":"Monsagro honra a sus beatos en la memoria de los m\u00e1rtires del 6 de noviembre - Di\u00f3cesis de Ciudad Rodrigo","og_description":"La comunidad parroquial record\u00f3 con gratitud a los frailes dominicos Fr. Pedro Luis y Fr. Vidal Luis, m\u00e1rtires de la persecuci\u00f3n religiosa, que fueron beatificados en 2007\u00a0 DELEGACI\u00d3N DE MEDIOS ... Leer m\u00e1s ...","og_url":"https:\/\/www.diocesisciudadrodrigo.org\/blog4\/monsagro-honra-a-sus-beatos-en-la-memoria-de-los-martires-del-6-de-noviembre\/","og_site_name":"Di\u00f3cesis de Ciudad Rodrigo","article_publisher":"https:\/\/www.facebook.com\/people\/Dicesis-Ciudad-Rodrigo-MCS\/100076471923419\/#","article_published_time":"2025-11-13T07:51:27+00:00","article_modified_time":"2025-11-13T07:54:36+00:00","og_image":[{"width":1600,"height":900,"url":"https:\/\/www.diocesisciudadrodrigo.org\/blog4\/wp-content\/uploads\/2025\/11\/monsagro-beatos.jpeg","type":"image\/jpeg"}],"author":"medios CR","twitter_card":"summary_large_image","twitter_misc":{"Escrito por":"medios CR","Tiempo de lectura":"1 minuto"},"schema":{"@context":"https:\/\/schema.org","@graph":[{"@type":"Article","@id":"https:\/\/www.diocesisciudadrodrigo.org\/blog4\/monsagro-honra-a-sus-beatos-en-la-memoria-de-los-martires-del-6-de-noviembre\/#article","isPartOf":{"@id":"https:\/\/www.diocesisciudadrodrigo.org\/blog4\/monsagro-honra-a-sus-beatos-en-la-memoria-de-los-martires-del-6-de-noviembre\/"},"author":{"name":"medios CR","@id":"https:\/\/www.diocesisciudadrodrigo.org\/blog4\/#\/schema\/person\/5fcf0ca636a75766ff70e6417b6ed052"},"headline":"Monsagro honra a sus beatos en la memoria de los m\u00e1rtires del 6 de noviembre","datePublished":"2025-11-13T07:51:27+00:00","dateModified":"2025-11-13T07:54:36+00:00","mainEntityOfPage":{"@id":"https:\/\/www.diocesisciudadrodrigo.org\/blog4\/monsagro-honra-a-sus-beatos-en-la-memoria-de-los-martires-del-6-de-noviembre\/"},"wordCount":246,"publisher":{"@id":"https:\/\/www.diocesisciudadrodrigo.org\/blog4\/#organization"},"image":{"@id":"https:\/\/www.diocesisciudadrodrigo.org\/blog4\/monsagro-honra-a-sus-beatos-en-la-memoria-de-los-martires-del-6-de-noviembre\/#primaryimage"},"thumbnailUrl":"https:\/\/www.diocesisciudadrodrigo.org\/blog4\/wp-content\/uploads\/2025\/11\/monsagro-beatos.jpeg","articleSection":["Noticias"],"inLanguage":"es"},{"@type":"WebPage","@id":"https:\/\/www.diocesisciudadrodrigo.org\/blog4\/monsagro-honra-a-sus-beatos-en-la-memoria-de-los-martires-del-6-de-noviembre\/","url":"https:\/\/www.diocesisciudadrodrigo.org\/blog4\/monsagro-honra-a-sus-beatos-en-la-memoria-de-los-martires-del-6-de-noviembre\/","name":"Monsagro honra a sus beatos en la memoria de los m\u00e1rtires del 6 de noviembre - Di\u00f3cesis de Ciudad Rodrigo","isPartOf":{"@id":"https:\/\/www.diocesisciudadrodrigo.org\/blog4\/#website"},"primaryImageOfPage":{"@id":"https:\/\/www.diocesisciudadrodrigo.org\/blog4\/monsagro-honra-a-sus-beatos-en-la-memoria-de-los-martires-del-6-de-noviembre\/#primaryimage"},"image":{"@id":"https:\/\/www.diocesisciudadrodrigo.org\/blog4\/monsagro-honra-a-sus-beatos-en-la-memoria-de-los-martires-del-6-de-noviembre\/#primaryimage"},"thumbnailUrl":"https:\/\/www.diocesisciudadrodrigo.org\/blog4\/wp-content\/uploads\/2025\/11\/monsagro-beatos.jpeg","datePublished":"2025-11-13T07:51:27+00:00","dateModified":"2025-11-13T07:54:36+00:00","breadcrumb":{"@id":"https:\/\/www.diocesisciudadrodrigo.org\/blog4\/monsagro-honra-a-sus-beatos-en-la-memoria-de-los-martires-del-6-de-noviembre\/#breadcrumb"},"inLanguage":"es","potentialAction":[{"@type":"ReadAction","target":["https:\/\/www.diocesisciudadrodrigo.org\/blog4\/monsagro-honra-a-sus-beatos-en-la-memoria-de-los-martires-del-6-de-noviembre\/"]}]},{"@type":"ImageObject","inLanguage":"es","@id":"https:\/\/www.diocesisciudadrodrigo.org\/blog4\/monsagro-honra-a-sus-beatos-en-la-memoria-de-los-martires-del-6-de-noviembre\/#primaryimage","url":"https:\/\/www.diocesisciudadrodrigo.org\/blog4\/wp-content\/uploads\/2025\/11\/monsagro-beatos.jpeg","contentUrl":"https:\/\/www.diocesisciudadrodrigo.org\/blog4\/wp-content\/uploads\/2025\/11\/monsagro-beatos.jpeg","width":1600,"height":900},{"@type":"BreadcrumbList","@id":"https:\/\/www.diocesisciudadrodrigo.org\/blog4\/monsagro-honra-a-sus-beatos-en-la-memoria-de-los-martires-del-6-de-noviembre\/#breadcrumb","itemListElement":[{"@type":"ListItem","position":1,"name":"Portada","item":"https:\/\/www.diocesisciudadrodrigo.org\/blog4\/"},{"@type":"ListItem","position":2,"name":"Monsagro honra a sus beatos en la memoria de los m\u00e1rtires del 6 de noviembre"}]},{"@type":"WebSite","@id":"https:\/\/www.diocesisciudadrodrigo.org\/blog4\/#website","url":"https:\/\/www.diocesisciudadrodrigo.org\/blog4\/","name":"Di\u00f3cesis de Ciudad Rodrigo","description":"Sitio web oficial de la di\u00f3cesis civitatense","publisher":{"@id":"https:\/\/www.diocesisciudadrodrigo.org\/blog4\/#organization"},"potentialAction":[{"@type":"SearchAction","target":{"@type":"EntryPoint","urlTemplate":"https:\/\/www.diocesisciudadrodrigo.org\/blog4\/?s={search_term_string}"},"query-input":{"@type":"PropertyValueSpecification","valueRequired":true,"valueName":"search_term_string"}}],"inLanguage":"es"},{"@type":"Organization","@id":"https:\/\/www.diocesisciudadrodrigo.org\/blog4\/#organization","name":"Di\u00f3cesis de Ciudad Rodrigo","url":"https:\/\/www.diocesisciudadrodrigo.org\/blog4\/","logo":{"@type":"ImageObject","inLanguage":"es","@id":"https:\/\/www.diocesisciudadrodrigo.org\/blog4\/#\/schema\/logo\/image\/","url":"https:\/\/www.diocesisciudadrodrigo.org\/blog4\/wp-content\/uploads\/2024\/12\/Diocesis.CMYK_-768x480-1.jpg","contentUrl":"https:\/\/www.diocesisciudadrodrigo.org\/blog4\/wp-content\/uploads\/2024\/12\/Diocesis.CMYK_-768x480-1.jpg","width":768,"height":480,"caption":"Di\u00f3cesis de Ciudad Rodrigo"},"image":{"@id":"https:\/\/www.diocesisciudadrodrigo.org\/blog4\/#\/schema\/logo\/image\/"},"sameAs":["https:\/\/www.facebook.com\/people\/Dicesis-Ciudad-Rodrigo-MCS\/100076471923419\/#"]},{"@type":"Person","@id":"https:\/\/www.diocesisciudadrodrigo.org\/blog4\/#\/schema\/person\/5fcf0ca636a75766ff70e6417b6ed052","name":"medios CR","image":{"@type":"ImageObject","inLanguage":"es","@id":"https:\/\/secure.gravatar.com\/avatar\/4a619fd0c7e36bd570f4e6e15eb09a2191185d0f63d8dbfdffe848af141ab87e?s=96&d=mm&r=g","url":"https:\/\/secure.gravatar.com\/avatar\/4a619fd0c7e36bd570f4e6e15eb09a2191185d0f63d8dbfdffe848af141ab87e?s=96&d=mm&r=g","contentUrl":"https:\/\/secure.gravatar.com\/avatar\/4a619fd0c7e36bd570f4e6e15eb09a2191185d0f63d8dbfdffe848af141ab87e?s=96&d=mm&r=g","caption":"medios CR"},"url":"https:\/\/www.diocesisciudadrodrigo.org\/blog4\/author\/admin4\/"}]}},"_links":{"self":[{"href":"https:\/\/www.diocesisciudadrodrigo.org\/blog4\/wp-json\/wp\/v2\/posts\/40466","targetHints":{"allow":["GET"]}}],"collection":[{"href":"https:\/\/www.diocesisciudadrodrigo.org\/blog4\/wp-json\/wp\/v2\/posts"}],"about":[{"href":"https:\/\/www.diocesisciudadrodrigo.org\/blog4\/wp-json\/wp\/v2\/types\/post"}],"author":[{"embeddable":true,"href":"https:\/\/www.diocesisciudadrodrigo.org\/blog4\/wp-json\/wp\/v2\/users\/1"}],"replies":[{"embeddable":true,"href":"https:\/\/www.diocesisciudadrodrigo.org\/blog4\/wp-json\/wp\/v2\/comments?post=40466"}],"version-history":[{"count":13,"href":"https:\/\/www.diocesisciudadrodrigo.org\/blog4\/wp-json\/wp\/v2\/posts\/40466\/revisions"}],"predecessor-version":[{"id":40484,"href":"https:\/\/www.diocesisciudadrodrigo.org\/blog4\/wp-json\/wp\/v2\/posts\/40466\/revisions\/40484"}],"wp:featuredmedia":[{"embeddable":true,"href":"https:\/\/www.diocesisciudadrodrigo.org\/blog4\/wp-json\/wp\/v2\/media\/40468"}],"wp:attachment":[{"href":"https:\/\/www.diocesisciudadrodrigo.org\/blog4\/wp-json\/wp\/v2\/media?parent=40466"}],"wp:term":[{"taxonomy":"category","embeddable":true,"href":"https:\/\/www.diocesisciudadrodrigo.org\/blog4\/wp-json\/wp\/v2\/categories?post=40466"},{"taxonomy":"post_tag","embeddable":true,"href":"https:\/\/www.diocesisciudadrodrigo.org\/blog4\/wp-json\/wp\/v2\/tags?post=40466"}],"curies":[{"name":"wp","href":"https:\/\/api.w.org\/{rel}","templated":true}]}}