{"id":40449,"date":"2025-11-13T07:00:55","date_gmt":"2025-11-13T06:00:55","guid":{"rendered":"https:\/\/www.diocesisciudadrodrigo.org\/blog4\/?p=40449"},"modified":"2025-11-13T00:19:19","modified_gmt":"2025-11-12T23:19:19","slug":"el-consejo-pastoral-del-arciprestazgo-de-arganan-marca-su-hoja-de-ruta-para-este-curso-pastoral","status":"publish","type":"post","link":"https:\/\/www.diocesisciudadrodrigo.org\/blog4\/el-consejo-pastoral-del-arciprestazgo-de-arganan-marca-su-hoja-de-ruta-para-este-curso-pastoral\/","title":{"rendered":"El Consejo Pastoral del Arciprestazgo de Arga\u00f1\u00e1n marca su hoja de ruta para este curso pastoral"},"content":{"rendered":"\t\t<div data-elementor-type=\"wp-post\" data-elementor-id=\"40449\" class=\"elementor elementor-40449\" data-elementor-settings=\"[]\">\n\t\t\t\t\t\t<div class=\"elementor-inner\">\n\t\t\t\t\t\t\t<div class=\"elementor-section-wrap\">\n\t\t\t\t\t\t\t<section class=\"elementor-section elementor-top-section elementor-element elementor-element-caeed47 elementor-section-boxed elementor-section-height-default elementor-section-height-default\" data-id=\"caeed47\" data-element_type=\"section\">\n\t\t\t\t\t\t<div class=\"elementor-container elementor-column-gap-default\">\n\t\t\t\t\t\t\t<div class=\"elementor-row\">\n\t\t\t\t\t<div class=\"elementor-column elementor-col-100 elementor-top-column elementor-element elementor-element-b57b986\" data-id=\"b57b986\" data-element_type=\"column\">\n\t\t\t<div class=\"elementor-column-wrap elementor-element-populated\">\n\t\t\t\t\t\t\t<div class=\"elementor-widget-wrap\">\n\t\t\t\t\t\t<div class=\"elementor-element elementor-element-af59a47 elementor-widget elementor-widget-text-editor\" data-id=\"af59a47\" data-element_type=\"widget\" data-widget_type=\"text-editor.default\">\n\t\t\t\t<div class=\"elementor-widget-container\">\n\t\t\t\t\t\t\t\t<div class=\"elementor-text-editor elementor-clearfix\">\n\t\t\t\t<h3>La programaci\u00f3n pone el acento en la oraci\u00f3n, la formaci\u00f3n de los agentes de pastoral, la caridad y la vivencia comunitaria<\/h3><p><strong>DELEGACI\u00d3N DE MEDIOS<\/strong><\/p><p>El pasado 3 de noviembre, el <strong>Consejo Pastoral del Arciprestazgo de Arga\u00f1\u00e1n<\/strong> celebr\u00f3 en Fuentes de O\u00f1oro una reuni\u00f3n ordinaria para programar las actividades que se desarrollar\u00e1n durante el presente curso pastoral. La planificaci\u00f3n se elabor\u00f3 teniendo en cuenta las prioridades y objetivos diocesanos presentados por el obispo de Ciudad Rodrigo, Mons. Jos\u00e9 Luis Retana, y el vicario de pastoral, Antonio Risue\u00f1o, durante el retiro de inicio de curso del arciprestazgo, centradas en la espiritualidad sinodal.<\/p><p><a href=\"https:\/\/www.diocesisciudadrodrigo.org\/blog4\/wp-content\/uploads\/2025\/11\/consejo-pastoral-arciprestazgo-arganan-2.jpeg\"><img loading=\"lazy\" decoding=\"async\" class=\"alignright wp-image-40456\" src=\"https:\/\/www.diocesisciudadrodrigo.org\/blog4\/wp-content\/uploads\/2025\/11\/consejo-pastoral-arciprestazgo-arganan-2-1000x750.jpeg\" alt=\"\" width=\"265\" height=\"199\" srcset=\"https:\/\/www.diocesisciudadrodrigo.org\/blog4\/wp-content\/uploads\/2025\/11\/consejo-pastoral-arciprestazgo-arganan-2-1000x750.jpeg 1000w, https:\/\/www.diocesisciudadrodrigo.org\/blog4\/wp-content\/uploads\/2025\/11\/consejo-pastoral-arciprestazgo-arganan-2-768x576.jpeg 768w, https:\/\/www.diocesisciudadrodrigo.org\/blog4\/wp-content\/uploads\/2025\/11\/consejo-pastoral-arciprestazgo-arganan-2-1536x1152.jpeg 1536w, https:\/\/www.diocesisciudadrodrigo.org\/blog4\/wp-content\/uploads\/2025\/11\/consejo-pastoral-arciprestazgo-arganan-2-350x263.jpeg 350w, https:\/\/www.diocesisciudadrodrigo.org\/blog4\/wp-content\/uploads\/2025\/11\/consejo-pastoral-arciprestazgo-arganan-2.jpeg 1600w\" sizes=\"auto, (max-width: 265px) 100vw, 265px\" \/><\/a>Este consejo est\u00e1 integrado por laicos que representan a las parroquias, religiosas que trabajan en el territorio, presb\u00edteros y miembros designados por el arcipreste.<\/p><p>El objetivo pastoral de este curso, tal y como se\u00f1al\u00f3 el arcipreste, <strong>Gabriel \u00c1ngel Cid<\/strong>, es \u201cbuscar el rostro de Jes\u00fas en los hermanos mediante una espiritualidad sinodal que nos fortalezca como Pueblo de Dios\u201d.<\/p><h3><strong>Cuatro dimensiones de trabajo pastoral<\/strong><\/h3><p>El programa pastoral de este curso se articula en torno a cuatro dimensiones: e<strong>spiritual, formativa, caritativa<\/strong> y <strong>comunitaria<\/strong>, cada una de ellas con acciones concretas.<\/p><p><img loading=\"lazy\" decoding=\"async\" class=\"wp-image-40455 alignleft\" src=\"https:\/\/www.diocesisciudadrodrigo.org\/blog4\/wp-content\/uploads\/2025\/11\/consejo-pastoral-arciprestazgo-arganan-1000x750.jpeg\" alt=\"\" width=\"264\" height=\"198\" srcset=\"https:\/\/www.diocesisciudadrodrigo.org\/blog4\/wp-content\/uploads\/2025\/11\/consejo-pastoral-arciprestazgo-arganan-1000x750.jpeg 1000w, https:\/\/www.diocesisciudadrodrigo.org\/blog4\/wp-content\/uploads\/2025\/11\/consejo-pastoral-arciprestazgo-arganan-768x576.jpeg 768w, https:\/\/www.diocesisciudadrodrigo.org\/blog4\/wp-content\/uploads\/2025\/11\/consejo-pastoral-arciprestazgo-arganan-1536x1152.jpeg 1536w, https:\/\/www.diocesisciudadrodrigo.org\/blog4\/wp-content\/uploads\/2025\/11\/consejo-pastoral-arciprestazgo-arganan-350x263.jpeg 350w, https:\/\/www.diocesisciudadrodrigo.org\/blog4\/wp-content\/uploads\/2025\/11\/consejo-pastoral-arciprestazgo-arganan.jpeg 1600w\" sizes=\"auto, (max-width: 264px) 100vw, 264px\" \/>En la <strong>dimensi\u00f3n espiritual,<\/strong> se han establecido <strong>tres encuentros<\/strong> arciprestales <strong>mensuales<\/strong>, que tendr\u00e1n lugar el tercer s\u00e1bado de cada mes en Fuentes de O\u00f1oro. Adem\u00e1s, se celebrar\u00e1 una <strong>eucarist\u00eda por las vocaciones,<\/strong> el segundo mi\u00e9rcoles de cada mes a las 12:30 horas, rotando por las distintas parroquias. La primera de ellas tuvo lugar el pasado 12 de noviembre en <strong>Puerto Seguro<\/strong>, y las siguientes se celebrar\u00e1n en <strong>Sexmiro, Castillejo de Azaba, Aldea del Obispo, Barquilla, Fuentes de O\u00f1oro, Villar de Ciervo<\/strong> y <strong>Martill\u00e1n<\/strong>.<\/p><p>Dentro de esta misma l\u00ednea, los d\u00edas 13 y 14 de marzo se desarrollar\u00e1 la iniciativa <strong>\u201c24 horas para el Se\u00f1or\u201d<\/strong> en varias parroquias del arciprestazgo, y se han previsto <strong>encuentros de oraci\u00f3n para Adviento<\/strong> (1 de diciembre, en Villar de Ciervo) <strong>y Cuaresma<\/strong> (23 de febrero, en La Alamedilla).<\/p><p>La <strong>dimensi\u00f3n formativa<\/strong> incluir\u00e1 un <strong>encuentro sobre la espiritualidad sinodal<\/strong> el 11 de mayo, as\u00ed como la <strong>Escuela Arciprestal de Catequistas<\/strong>, que se reunir\u00e1 los terceros mi\u00e9rcoles de cada mes en Fuentes de O\u00f1oro.<\/p><p>En el <strong>\u00e1mbito caritativo<\/strong>, el grupo arciprestal de C\u00e1ritas continuar\u00e1 su <strong>servicio de acogida, escucha y atenci\u00f3n<\/strong> a las personas del arciprestazgo <strong>cada jueves<\/strong>, de 12:00 a 13:00 horas, en la<strong> iglesia de Mar\u00eda Auxiliadora de Fuentes de O\u00f1oro<\/strong>.<\/p><p>Finalmente, en la <strong>dimensi\u00f3n comunitaria<\/strong>, se han previsto <strong>tres encuentro<\/strong>s: una <strong>convivencia pascual<\/strong> el 23 de abril en la Pe\u00f1a de Francia, el <strong>encuentro de final de curso<\/strong> el 19 de junio en Villar de la Yegua, y un <strong>viaje<\/strong> del 29 de junio al 1 de julio al <strong>Lago de Sanabria<\/strong> (Zamora) y a <strong>Las M\u00e9dulas<\/strong> (Le\u00f3n).<\/p><h3><strong>Oraci\u00f3n por las vocaciones<\/strong><\/h3><p>La <strong>eucarist\u00eda mensual por las vocaciones<\/strong>, que se celebra por segundo a\u00f1o consecutivo, \u00abresponde a la llamada del Congreso Nacional de Vocaciones\u00bb, explica Gabriel \u00c1. Cid. En el primer encuentro de este curso, celebrado este jueves, 12 de noviembre, en la iglesia parroquial de San Sebasti\u00e1n de <strong>Puerto Seguro<\/strong>, participaron unas 35 personas, junto a las Hijas de la Caridad, sacerdotes y laicos. La celebraci\u00f3n fue presidida por el p\u00e1rroco Juan Carlos Bernardos, y, como destac\u00f3 el arcipreste, refleja <strong>\u201cla comuni\u00f3n de los tres carismas que forman la Iglesia: sacerdotal, consagrado y laical<\/strong>\u201d.<\/p>\t\t\t\t\t<\/div>\n\t\t\t\t\t\t<\/div>\n\t\t\t\t<\/div>\n\t\t\t\t\t\t<\/div>\n\t\t\t\t\t<\/div>\n\t\t<\/div>\n\t\t\t\t\t\t\t\t<\/div>\n\t\t\t\t\t<\/div>\n\t\t<\/section>\n\t\t\t\t<section class=\"elementor-section elementor-top-section elementor-element elementor-element-24a5fae elementor-section-boxed elementor-section-height-default elementor-section-height-default\" data-id=\"24a5fae\" data-element_type=\"section\">\n\t\t\t\t\t\t<div class=\"elementor-container elementor-column-gap-default\">\n\t\t\t\t\t\t\t<div class=\"elementor-row\">\n\t\t\t\t\t<div class=\"elementor-column elementor-col-100 elementor-top-column elementor-element elementor-element-a8b70ce\" data-id=\"a8b70ce\" data-element_type=\"column\">\n\t\t\t<div class=\"elementor-column-wrap elementor-element-populated\">\n\t\t\t\t\t\t\t<div class=\"elementor-widget-wrap\">\n\t\t\t\t\t\t<div class=\"elementor-element elementor-element-2bf8046 elementor-widget elementor-widget-image\" data-id=\"2bf8046\" data-element_type=\"widget\" data-widget_type=\"image.default\">\n\t\t\t\t<div class=\"elementor-widget-container\">\n\t\t\t\t\t\t\t\t<div class=\"elementor-image\">\n\t\t\t\t\t\t\t\t\t\t\t\t<img loading=\"lazy\" decoding=\"async\" width=\"1200\" height=\"900\" src=\"https:\/\/www.diocesisciudadrodrigo.org\/blog4\/wp-content\/uploads\/2025\/11\/oracion-por-las-vocaciones-puerto-seguro.151-2000x1500.jpeg\" class=\"attachment-large size-large\" alt=\"\" srcset=\"https:\/\/www.diocesisciudadrodrigo.org\/blog4\/wp-content\/uploads\/2025\/11\/oracion-por-las-vocaciones-puerto-seguro.151-2000x1500.jpeg 2000w, https:\/\/www.diocesisciudadrodrigo.org\/blog4\/wp-content\/uploads\/2025\/11\/oracion-por-las-vocaciones-puerto-seguro.151-1000x750.jpeg 1000w, https:\/\/www.diocesisciudadrodrigo.org\/blog4\/wp-content\/uploads\/2025\/11\/oracion-por-las-vocaciones-puerto-seguro.151-768x576.jpeg 768w, https:\/\/www.diocesisciudadrodrigo.org\/blog4\/wp-content\/uploads\/2025\/11\/oracion-por-las-vocaciones-puerto-seguro.151-1536x1152.jpeg 1536w, https:\/\/www.diocesisciudadrodrigo.org\/blog4\/wp-content\/uploads\/2025\/11\/oracion-por-las-vocaciones-puerto-seguro.151-350x263.jpeg 350w, https:\/\/www.diocesisciudadrodrigo.org\/blog4\/wp-content\/uploads\/2025\/11\/oracion-por-las-vocaciones-puerto-seguro.151.jpeg 2040w\" sizes=\"auto, (max-width: 1200px) 100vw, 1200px\" \/>\t\t\t\t\t\t\t\t\t\t\t\t\t\t<\/div>\n\t\t\t\t\t\t<\/div>\n\t\t\t\t<\/div>\n\t\t\t\t\t\t<\/div>\n\t\t\t\t\t<\/div>\n\t\t<\/div>\n\t\t\t\t\t\t\t\t<\/div>\n\t\t\t\t\t<\/div>\n\t\t<\/section>\n\t\t\t\t<section class=\"elementor-section elementor-top-section elementor-element elementor-element-e11e979 elementor-section-boxed elementor-section-height-default elementor-section-height-default\" data-id=\"e11e979\" data-element_type=\"section\">\n\t\t\t\t\t\t<div class=\"elementor-container elementor-column-gap-default\">\n\t\t\t\t\t\t\t<div class=\"elementor-row\">\n\t\t\t\t\t<div class=\"elementor-column elementor-col-100 elementor-top-column elementor-element elementor-element-abef05d\" data-id=\"abef05d\" data-element_type=\"column\">\n\t\t\t<div class=\"elementor-column-wrap elementor-element-populated\">\n\t\t\t\t\t\t\t<div class=\"elementor-widget-wrap\">\n\t\t\t\t\t\t<div class=\"elementor-element elementor-element-bd9ecd5 elementor-widget elementor-widget-button\" data-id=\"bd9ecd5\" data-element_type=\"widget\" data-widget_type=\"button.default\">\n\t\t\t\t<div class=\"elementor-widget-container\">\n\t\t\t\t\t<div class=\"elementor-button-wrapper\">\n\t\t\t<a href=\"https:\/\/www.diocesisciudadrodrigo.org\/blog4\/wp-content\/uploads\/2025\/11\/Triptico-programacion-arciprestal.pdf\" class=\"elementor-button-link elementor-button elementor-size-sm\" role=\"button\">\n\t\t\t\t\t\t<span class=\"elementor-button-content-wrapper\">\n\t\t\t\t\t\t<span class=\"elementor-button-text\">TR\u00cdPTICO- Programaci\u00f3n pastoral. Arciprestazgo de Arga\u00f1\u00e1n<\/span>\n\t\t<\/span>\n\t\t\t\t\t<\/a>\n\t\t<\/div>\n\t\t\t\t<\/div>\n\t\t\t\t<\/div>\n\t\t\t\t\t\t<\/div>\n\t\t\t\t\t<\/div>\n\t\t<\/div>\n\t\t\t\t\t\t\t\t<\/div>\n\t\t\t\t\t<\/div>\n\t\t<\/section>\n\t\t\t\t\t\t<\/div>\n\t\t\t\t\t\t<\/div>\n\t\t\t\t\t<\/div>\n\t\t","protected":false},"excerpt":{"rendered":"<p>La programaci\u00f3n pone el acento en la oraci\u00f3n, la formaci\u00f3n de los agentes de pastoral, la caridad y la vivencia comunitaria DELEGACI\u00d3N DE MEDIOS El pasado 3 de noviembre, el &#8230; <\/p>\n<p class=\"read-more-container\"><a title=\"El Consejo Pastoral del Arciprestazgo de Arga\u00f1\u00e1n marca su hoja de ruta para este curso pastoral\" class=\"read-more button\" href=\"https:\/\/www.diocesisciudadrodrigo.org\/blog4\/el-consejo-pastoral-del-arciprestazgo-de-arganan-marca-su-hoja-de-ruta-para-este-curso-pastoral\/#more-40449\" aria-label=\"M\u00e1s en El Consejo Pastoral del Arciprestazgo de Arga\u00f1\u00e1n marca su hoja de ruta para este curso pastoral\">Leer m\u00e1s &#8230;<\/a><\/p>\n","protected":false},"author":1,"featured_media":40458,"comment_status":"closed","ping_status":"closed","sticky":false,"template":"","format":"standard","meta":{"footnotes":""},"categories":[6],"tags":[],"class_list":["post-40449","post","type-post","status-publish","format-standard","has-post-thumbnail","hentry","category-noticias","masonry-post","generate-columns","tablet-grid-50","mobile-grid-100","grid-parent","grid-50"],"yoast_head":"<!-- This site is optimized with the Yoast SEO plugin v27.3 - https:\/\/yoast.com\/product\/yoast-seo-wordpress\/ -->\n<title>El Consejo Pastoral del Arciprestazgo de Arga\u00f1\u00e1n marca su hoja de ruta para este curso pastoral - Di\u00f3cesis de Ciudad Rodrigo<\/title>\n<meta name=\"robots\" content=\"index, follow, max-snippet:-1, max-image-preview:large, max-video-preview:-1\" \/>\n<link rel=\"canonical\" href=\"https:\/\/www.diocesisciudadrodrigo.org\/blog4\/el-consejo-pastoral-del-arciprestazgo-de-arganan-marca-su-hoja-de-ruta-para-este-curso-pastoral\/\" \/>\n<meta property=\"og:locale\" content=\"es_ES\" \/>\n<meta property=\"og:type\" content=\"article\" \/>\n<meta property=\"og:title\" content=\"El Consejo Pastoral del Arciprestazgo de Arga\u00f1\u00e1n marca su hoja de ruta para este curso pastoral - Di\u00f3cesis de Ciudad Rodrigo\" \/>\n<meta property=\"og:description\" content=\"La programaci\u00f3n pone el acento en la oraci\u00f3n, la formaci\u00f3n de los agentes de pastoral, la caridad y la vivencia comunitaria DELEGACI\u00d3N DE MEDIOS El pasado 3 de noviembre, el ... Leer m\u00e1s ...\" \/>\n<meta property=\"og:url\" content=\"https:\/\/www.diocesisciudadrodrigo.org\/blog4\/el-consejo-pastoral-del-arciprestazgo-de-arganan-marca-su-hoja-de-ruta-para-este-curso-pastoral\/\" \/>\n<meta property=\"og:site_name\" content=\"Di\u00f3cesis de Ciudad Rodrigo\" \/>\n<meta property=\"article:publisher\" content=\"https:\/\/www.facebook.com\/people\/Dicesis-Ciudad-Rodrigo-MCS\/100076471923419\/#\" \/>\n<meta property=\"article:published_time\" content=\"2025-11-13T06:00:55+00:00\" \/>\n<meta property=\"og:image\" content=\"https:\/\/www.diocesisciudadrodrigo.org\/blog4\/wp-content\/uploads\/2025\/11\/oracion-por-las-vocaciones-puerto-seguro-at-17.02.16.jpeg\" \/>\n\t<meta property=\"og:image:width\" content=\"2040\" \/>\n\t<meta property=\"og:image:height\" content=\"1530\" \/>\n\t<meta property=\"og:image:type\" content=\"image\/jpeg\" \/>\n<meta name=\"author\" content=\"medios CR\" \/>\n<meta name=\"twitter:card\" content=\"summary_large_image\" \/>\n<meta name=\"twitter:label1\" content=\"Escrito por\" \/>\n\t<meta name=\"twitter:data1\" content=\"medios CR\" \/>\n\t<meta name=\"twitter:label2\" content=\"Tiempo de lectura\" \/>\n\t<meta name=\"twitter:data2\" content=\"3 minutos\" \/>\n<script type=\"application\/ld+json\" class=\"yoast-schema-graph\">{\"@context\":\"https:\\\/\\\/schema.org\",\"@graph\":[{\"@type\":\"Article\",\"@id\":\"https:\\\/\\\/www.diocesisciudadrodrigo.org\\\/blog4\\\/el-consejo-pastoral-del-arciprestazgo-de-arganan-marca-su-hoja-de-ruta-para-este-curso-pastoral\\\/#article\",\"isPartOf\":{\"@id\":\"https:\\\/\\\/www.diocesisciudadrodrigo.org\\\/blog4\\\/el-consejo-pastoral-del-arciprestazgo-de-arganan-marca-su-hoja-de-ruta-para-este-curso-pastoral\\\/\"},\"author\":{\"name\":\"medios CR\",\"@id\":\"https:\\\/\\\/www.diocesisciudadrodrigo.org\\\/blog4\\\/#\\\/schema\\\/person\\\/5fcf0ca636a75766ff70e6417b6ed052\"},\"headline\":\"El Consejo Pastoral del Arciprestazgo de Arga\u00f1\u00e1n marca su hoja de ruta para este curso pastoral\",\"datePublished\":\"2025-11-13T06:00:55+00:00\",\"mainEntityOfPage\":{\"@id\":\"https:\\\/\\\/www.diocesisciudadrodrigo.org\\\/blog4\\\/el-consejo-pastoral-del-arciprestazgo-de-arganan-marca-su-hoja-de-ruta-para-este-curso-pastoral\\\/\"},\"wordCount\":603,\"publisher\":{\"@id\":\"https:\\\/\\\/www.diocesisciudadrodrigo.org\\\/blog4\\\/#organization\"},\"image\":{\"@id\":\"https:\\\/\\\/www.diocesisciudadrodrigo.org\\\/blog4\\\/el-consejo-pastoral-del-arciprestazgo-de-arganan-marca-su-hoja-de-ruta-para-este-curso-pastoral\\\/#primaryimage\"},\"thumbnailUrl\":\"https:\\\/\\\/www.diocesisciudadrodrigo.org\\\/blog4\\\/wp-content\\\/uploads\\\/2025\\\/11\\\/oracion-por-las-vocaciones-puerto-seguro-at-17.02.16.jpeg\",\"articleSection\":[\"Noticias\"],\"inLanguage\":\"es\"},{\"@type\":\"WebPage\",\"@id\":\"https:\\\/\\\/www.diocesisciudadrodrigo.org\\\/blog4\\\/el-consejo-pastoral-del-arciprestazgo-de-arganan-marca-su-hoja-de-ruta-para-este-curso-pastoral\\\/\",\"url\":\"https:\\\/\\\/www.diocesisciudadrodrigo.org\\\/blog4\\\/el-consejo-pastoral-del-arciprestazgo-de-arganan-marca-su-hoja-de-ruta-para-este-curso-pastoral\\\/\",\"name\":\"El Consejo Pastoral del Arciprestazgo de Arga\u00f1\u00e1n marca su hoja de ruta para este curso pastoral - Di\u00f3cesis de Ciudad Rodrigo\",\"isPartOf\":{\"@id\":\"https:\\\/\\\/www.diocesisciudadrodrigo.org\\\/blog4\\\/#website\"},\"primaryImageOfPage\":{\"@id\":\"https:\\\/\\\/www.diocesisciudadrodrigo.org\\\/blog4\\\/el-consejo-pastoral-del-arciprestazgo-de-arganan-marca-su-hoja-de-ruta-para-este-curso-pastoral\\\/#primaryimage\"},\"image\":{\"@id\":\"https:\\\/\\\/www.diocesisciudadrodrigo.org\\\/blog4\\\/el-consejo-pastoral-del-arciprestazgo-de-arganan-marca-su-hoja-de-ruta-para-este-curso-pastoral\\\/#primaryimage\"},\"thumbnailUrl\":\"https:\\\/\\\/www.diocesisciudadrodrigo.org\\\/blog4\\\/wp-content\\\/uploads\\\/2025\\\/11\\\/oracion-por-las-vocaciones-puerto-seguro-at-17.02.16.jpeg\",\"datePublished\":\"2025-11-13T06:00:55+00:00\",\"breadcrumb\":{\"@id\":\"https:\\\/\\\/www.diocesisciudadrodrigo.org\\\/blog4\\\/el-consejo-pastoral-del-arciprestazgo-de-arganan-marca-su-hoja-de-ruta-para-este-curso-pastoral\\\/#breadcrumb\"},\"inLanguage\":\"es\",\"potentialAction\":[{\"@type\":\"ReadAction\",\"target\":[\"https:\\\/\\\/www.diocesisciudadrodrigo.org\\\/blog4\\\/el-consejo-pastoral-del-arciprestazgo-de-arganan-marca-su-hoja-de-ruta-para-este-curso-pastoral\\\/\"]}]},{\"@type\":\"ImageObject\",\"inLanguage\":\"es\",\"@id\":\"https:\\\/\\\/www.diocesisciudadrodrigo.org\\\/blog4\\\/el-consejo-pastoral-del-arciprestazgo-de-arganan-marca-su-hoja-de-ruta-para-este-curso-pastoral\\\/#primaryimage\",\"url\":\"https:\\\/\\\/www.diocesisciudadrodrigo.org\\\/blog4\\\/wp-content\\\/uploads\\\/2025\\\/11\\\/oracion-por-las-vocaciones-puerto-seguro-at-17.02.16.jpeg\",\"contentUrl\":\"https:\\\/\\\/www.diocesisciudadrodrigo.org\\\/blog4\\\/wp-content\\\/uploads\\\/2025\\\/11\\\/oracion-por-las-vocaciones-puerto-seguro-at-17.02.16.jpeg\",\"width\":2040,\"height\":1530},{\"@type\":\"BreadcrumbList\",\"@id\":\"https:\\\/\\\/www.diocesisciudadrodrigo.org\\\/blog4\\\/el-consejo-pastoral-del-arciprestazgo-de-arganan-marca-su-hoja-de-ruta-para-este-curso-pastoral\\\/#breadcrumb\",\"itemListElement\":[{\"@type\":\"ListItem\",\"position\":1,\"name\":\"Portada\",\"item\":\"https:\\\/\\\/www.diocesisciudadrodrigo.org\\\/blog4\\\/\"},{\"@type\":\"ListItem\",\"position\":2,\"name\":\"El Consejo Pastoral del Arciprestazgo de Arga\u00f1\u00e1n marca su hoja de ruta para este curso pastoral\"}]},{\"@type\":\"WebSite\",\"@id\":\"https:\\\/\\\/www.diocesisciudadrodrigo.org\\\/blog4\\\/#website\",\"url\":\"https:\\\/\\\/www.diocesisciudadrodrigo.org\\\/blog4\\\/\",\"name\":\"Di\u00f3cesis de Ciudad Rodrigo\",\"description\":\"Sitio web oficial de la di\u00f3cesis civitatense\",\"publisher\":{\"@id\":\"https:\\\/\\\/www.diocesisciudadrodrigo.org\\\/blog4\\\/#organization\"},\"potentialAction\":[{\"@type\":\"SearchAction\",\"target\":{\"@type\":\"EntryPoint\",\"urlTemplate\":\"https:\\\/\\\/www.diocesisciudadrodrigo.org\\\/blog4\\\/?s={search_term_string}\"},\"query-input\":{\"@type\":\"PropertyValueSpecification\",\"valueRequired\":true,\"valueName\":\"search_term_string\"}}],\"inLanguage\":\"es\"},{\"@type\":\"Organization\",\"@id\":\"https:\\\/\\\/www.diocesisciudadrodrigo.org\\\/blog4\\\/#organization\",\"name\":\"Di\u00f3cesis de Ciudad Rodrigo\",\"url\":\"https:\\\/\\\/www.diocesisciudadrodrigo.org\\\/blog4\\\/\",\"logo\":{\"@type\":\"ImageObject\",\"inLanguage\":\"es\",\"@id\":\"https:\\\/\\\/www.diocesisciudadrodrigo.org\\\/blog4\\\/#\\\/schema\\\/logo\\\/image\\\/\",\"url\":\"https:\\\/\\\/www.diocesisciudadrodrigo.org\\\/blog4\\\/wp-content\\\/uploads\\\/2024\\\/12\\\/Diocesis.CMYK_-768x480-1.jpg\",\"contentUrl\":\"https:\\\/\\\/www.diocesisciudadrodrigo.org\\\/blog4\\\/wp-content\\\/uploads\\\/2024\\\/12\\\/Diocesis.CMYK_-768x480-1.jpg\",\"width\":768,\"height\":480,\"caption\":\"Di\u00f3cesis de Ciudad Rodrigo\"},\"image\":{\"@id\":\"https:\\\/\\\/www.diocesisciudadrodrigo.org\\\/blog4\\\/#\\\/schema\\\/logo\\\/image\\\/\"},\"sameAs\":[\"https:\\\/\\\/www.facebook.com\\\/people\\\/Dicesis-Ciudad-Rodrigo-MCS\\\/100076471923419\\\/#\"]},{\"@type\":\"Person\",\"@id\":\"https:\\\/\\\/www.diocesisciudadrodrigo.org\\\/blog4\\\/#\\\/schema\\\/person\\\/5fcf0ca636a75766ff70e6417b6ed052\",\"name\":\"medios CR\",\"image\":{\"@type\":\"ImageObject\",\"inLanguage\":\"es\",\"@id\":\"https:\\\/\\\/secure.gravatar.com\\\/avatar\\\/4a619fd0c7e36bd570f4e6e15eb09a2191185d0f63d8dbfdffe848af141ab87e?s=96&d=mm&r=g\",\"url\":\"https:\\\/\\\/secure.gravatar.com\\\/avatar\\\/4a619fd0c7e36bd570f4e6e15eb09a2191185d0f63d8dbfdffe848af141ab87e?s=96&d=mm&r=g\",\"contentUrl\":\"https:\\\/\\\/secure.gravatar.com\\\/avatar\\\/4a619fd0c7e36bd570f4e6e15eb09a2191185d0f63d8dbfdffe848af141ab87e?s=96&d=mm&r=g\",\"caption\":\"medios CR\"},\"url\":\"https:\\\/\\\/www.diocesisciudadrodrigo.org\\\/blog4\\\/author\\\/admin4\\\/\"}]}<\/script>\n<!-- \/ Yoast SEO plugin. -->","yoast_head_json":{"title":"El Consejo Pastoral del Arciprestazgo de Arga\u00f1\u00e1n marca su hoja de ruta para este curso pastoral - Di\u00f3cesis de Ciudad Rodrigo","robots":{"index":"index","follow":"follow","max-snippet":"max-snippet:-1","max-image-preview":"max-image-preview:large","max-video-preview":"max-video-preview:-1"},"canonical":"https:\/\/www.diocesisciudadrodrigo.org\/blog4\/el-consejo-pastoral-del-arciprestazgo-de-arganan-marca-su-hoja-de-ruta-para-este-curso-pastoral\/","og_locale":"es_ES","og_type":"article","og_title":"El Consejo Pastoral del Arciprestazgo de Arga\u00f1\u00e1n marca su hoja de ruta para este curso pastoral - Di\u00f3cesis de Ciudad Rodrigo","og_description":"La programaci\u00f3n pone el acento en la oraci\u00f3n, la formaci\u00f3n de los agentes de pastoral, la caridad y la vivencia comunitaria DELEGACI\u00d3N DE MEDIOS El pasado 3 de noviembre, el ... Leer m\u00e1s ...","og_url":"https:\/\/www.diocesisciudadrodrigo.org\/blog4\/el-consejo-pastoral-del-arciprestazgo-de-arganan-marca-su-hoja-de-ruta-para-este-curso-pastoral\/","og_site_name":"Di\u00f3cesis de Ciudad Rodrigo","article_publisher":"https:\/\/www.facebook.com\/people\/Dicesis-Ciudad-Rodrigo-MCS\/100076471923419\/#","article_published_time":"2025-11-13T06:00:55+00:00","og_image":[{"width":2040,"height":1530,"url":"https:\/\/www.diocesisciudadrodrigo.org\/blog4\/wp-content\/uploads\/2025\/11\/oracion-por-las-vocaciones-puerto-seguro-at-17.02.16.jpeg","type":"image\/jpeg"}],"author":"medios CR","twitter_card":"summary_large_image","twitter_misc":{"Escrito por":"medios CR","Tiempo de lectura":"3 minutos"},"schema":{"@context":"https:\/\/schema.org","@graph":[{"@type":"Article","@id":"https:\/\/www.diocesisciudadrodrigo.org\/blog4\/el-consejo-pastoral-del-arciprestazgo-de-arganan-marca-su-hoja-de-ruta-para-este-curso-pastoral\/#article","isPartOf":{"@id":"https:\/\/www.diocesisciudadrodrigo.org\/blog4\/el-consejo-pastoral-del-arciprestazgo-de-arganan-marca-su-hoja-de-ruta-para-este-curso-pastoral\/"},"author":{"name":"medios CR","@id":"https:\/\/www.diocesisciudadrodrigo.org\/blog4\/#\/schema\/person\/5fcf0ca636a75766ff70e6417b6ed052"},"headline":"El Consejo Pastoral del Arciprestazgo de Arga\u00f1\u00e1n marca su hoja de ruta para este curso pastoral","datePublished":"2025-11-13T06:00:55+00:00","mainEntityOfPage":{"@id":"https:\/\/www.diocesisciudadrodrigo.org\/blog4\/el-consejo-pastoral-del-arciprestazgo-de-arganan-marca-su-hoja-de-ruta-para-este-curso-pastoral\/"},"wordCount":603,"publisher":{"@id":"https:\/\/www.diocesisciudadrodrigo.org\/blog4\/#organization"},"image":{"@id":"https:\/\/www.diocesisciudadrodrigo.org\/blog4\/el-consejo-pastoral-del-arciprestazgo-de-arganan-marca-su-hoja-de-ruta-para-este-curso-pastoral\/#primaryimage"},"thumbnailUrl":"https:\/\/www.diocesisciudadrodrigo.org\/blog4\/wp-content\/uploads\/2025\/11\/oracion-por-las-vocaciones-puerto-seguro-at-17.02.16.jpeg","articleSection":["Noticias"],"inLanguage":"es"},{"@type":"WebPage","@id":"https:\/\/www.diocesisciudadrodrigo.org\/blog4\/el-consejo-pastoral-del-arciprestazgo-de-arganan-marca-su-hoja-de-ruta-para-este-curso-pastoral\/","url":"https:\/\/www.diocesisciudadrodrigo.org\/blog4\/el-consejo-pastoral-del-arciprestazgo-de-arganan-marca-su-hoja-de-ruta-para-este-curso-pastoral\/","name":"El Consejo Pastoral del Arciprestazgo de Arga\u00f1\u00e1n marca su hoja de ruta para este curso pastoral - Di\u00f3cesis de Ciudad Rodrigo","isPartOf":{"@id":"https:\/\/www.diocesisciudadrodrigo.org\/blog4\/#website"},"primaryImageOfPage":{"@id":"https:\/\/www.diocesisciudadrodrigo.org\/blog4\/el-consejo-pastoral-del-arciprestazgo-de-arganan-marca-su-hoja-de-ruta-para-este-curso-pastoral\/#primaryimage"},"image":{"@id":"https:\/\/www.diocesisciudadrodrigo.org\/blog4\/el-consejo-pastoral-del-arciprestazgo-de-arganan-marca-su-hoja-de-ruta-para-este-curso-pastoral\/#primaryimage"},"thumbnailUrl":"https:\/\/www.diocesisciudadrodrigo.org\/blog4\/wp-content\/uploads\/2025\/11\/oracion-por-las-vocaciones-puerto-seguro-at-17.02.16.jpeg","datePublished":"2025-11-13T06:00:55+00:00","breadcrumb":{"@id":"https:\/\/www.diocesisciudadrodrigo.org\/blog4\/el-consejo-pastoral-del-arciprestazgo-de-arganan-marca-su-hoja-de-ruta-para-este-curso-pastoral\/#breadcrumb"},"inLanguage":"es","potentialAction":[{"@type":"ReadAction","target":["https:\/\/www.diocesisciudadrodrigo.org\/blog4\/el-consejo-pastoral-del-arciprestazgo-de-arganan-marca-su-hoja-de-ruta-para-este-curso-pastoral\/"]}]},{"@type":"ImageObject","inLanguage":"es","@id":"https:\/\/www.diocesisciudadrodrigo.org\/blog4\/el-consejo-pastoral-del-arciprestazgo-de-arganan-marca-su-hoja-de-ruta-para-este-curso-pastoral\/#primaryimage","url":"https:\/\/www.diocesisciudadrodrigo.org\/blog4\/wp-content\/uploads\/2025\/11\/oracion-por-las-vocaciones-puerto-seguro-at-17.02.16.jpeg","contentUrl":"https:\/\/www.diocesisciudadrodrigo.org\/blog4\/wp-content\/uploads\/2025\/11\/oracion-por-las-vocaciones-puerto-seguro-at-17.02.16.jpeg","width":2040,"height":1530},{"@type":"BreadcrumbList","@id":"https:\/\/www.diocesisciudadrodrigo.org\/blog4\/el-consejo-pastoral-del-arciprestazgo-de-arganan-marca-su-hoja-de-ruta-para-este-curso-pastoral\/#breadcrumb","itemListElement":[{"@type":"ListItem","position":1,"name":"Portada","item":"https:\/\/www.diocesisciudadrodrigo.org\/blog4\/"},{"@type":"ListItem","position":2,"name":"El Consejo Pastoral del Arciprestazgo de Arga\u00f1\u00e1n marca su hoja de ruta para este curso pastoral"}]},{"@type":"WebSite","@id":"https:\/\/www.diocesisciudadrodrigo.org\/blog4\/#website","url":"https:\/\/www.diocesisciudadrodrigo.org\/blog4\/","name":"Di\u00f3cesis de Ciudad Rodrigo","description":"Sitio web oficial de la di\u00f3cesis civitatense","publisher":{"@id":"https:\/\/www.diocesisciudadrodrigo.org\/blog4\/#organization"},"potentialAction":[{"@type":"SearchAction","target":{"@type":"EntryPoint","urlTemplate":"https:\/\/www.diocesisciudadrodrigo.org\/blog4\/?s={search_term_string}"},"query-input":{"@type":"PropertyValueSpecification","valueRequired":true,"valueName":"search_term_string"}}],"inLanguage":"es"},{"@type":"Organization","@id":"https:\/\/www.diocesisciudadrodrigo.org\/blog4\/#organization","name":"Di\u00f3cesis de Ciudad Rodrigo","url":"https:\/\/www.diocesisciudadrodrigo.org\/blog4\/","logo":{"@type":"ImageObject","inLanguage":"es","@id":"https:\/\/www.diocesisciudadrodrigo.org\/blog4\/#\/schema\/logo\/image\/","url":"https:\/\/www.diocesisciudadrodrigo.org\/blog4\/wp-content\/uploads\/2024\/12\/Diocesis.CMYK_-768x480-1.jpg","contentUrl":"https:\/\/www.diocesisciudadrodrigo.org\/blog4\/wp-content\/uploads\/2024\/12\/Diocesis.CMYK_-768x480-1.jpg","width":768,"height":480,"caption":"Di\u00f3cesis de Ciudad Rodrigo"},"image":{"@id":"https:\/\/www.diocesisciudadrodrigo.org\/blog4\/#\/schema\/logo\/image\/"},"sameAs":["https:\/\/www.facebook.com\/people\/Dicesis-Ciudad-Rodrigo-MCS\/100076471923419\/#"]},{"@type":"Person","@id":"https:\/\/www.diocesisciudadrodrigo.org\/blog4\/#\/schema\/person\/5fcf0ca636a75766ff70e6417b6ed052","name":"medios CR","image":{"@type":"ImageObject","inLanguage":"es","@id":"https:\/\/secure.gravatar.com\/avatar\/4a619fd0c7e36bd570f4e6e15eb09a2191185d0f63d8dbfdffe848af141ab87e?s=96&d=mm&r=g","url":"https:\/\/secure.gravatar.com\/avatar\/4a619fd0c7e36bd570f4e6e15eb09a2191185d0f63d8dbfdffe848af141ab87e?s=96&d=mm&r=g","contentUrl":"https:\/\/secure.gravatar.com\/avatar\/4a619fd0c7e36bd570f4e6e15eb09a2191185d0f63d8dbfdffe848af141ab87e?s=96&d=mm&r=g","caption":"medios CR"},"url":"https:\/\/www.diocesisciudadrodrigo.org\/blog4\/author\/admin4\/"}]}},"_links":{"self":[{"href":"https:\/\/www.diocesisciudadrodrigo.org\/blog4\/wp-json\/wp\/v2\/posts\/40449","targetHints":{"allow":["GET"]}}],"collection":[{"href":"https:\/\/www.diocesisciudadrodrigo.org\/blog4\/wp-json\/wp\/v2\/posts"}],"about":[{"href":"https:\/\/www.diocesisciudadrodrigo.org\/blog4\/wp-json\/wp\/v2\/types\/post"}],"author":[{"embeddable":true,"href":"https:\/\/www.diocesisciudadrodrigo.org\/blog4\/wp-json\/wp\/v2\/users\/1"}],"replies":[{"embeddable":true,"href":"https:\/\/www.diocesisciudadrodrigo.org\/blog4\/wp-json\/wp\/v2\/comments?post=40449"}],"version-history":[{"count":7,"href":"https:\/\/www.diocesisciudadrodrigo.org\/blog4\/wp-json\/wp\/v2\/posts\/40449\/revisions"}],"predecessor-version":[{"id":40464,"href":"https:\/\/www.diocesisciudadrodrigo.org\/blog4\/wp-json\/wp\/v2\/posts\/40449\/revisions\/40464"}],"wp:featuredmedia":[{"embeddable":true,"href":"https:\/\/www.diocesisciudadrodrigo.org\/blog4\/wp-json\/wp\/v2\/media\/40458"}],"wp:attachment":[{"href":"https:\/\/www.diocesisciudadrodrigo.org\/blog4\/wp-json\/wp\/v2\/media?parent=40449"}],"wp:term":[{"taxonomy":"category","embeddable":true,"href":"https:\/\/www.diocesisciudadrodrigo.org\/blog4\/wp-json\/wp\/v2\/categories?post=40449"},{"taxonomy":"post_tag","embeddable":true,"href":"https:\/\/www.diocesisciudadrodrigo.org\/blog4\/wp-json\/wp\/v2\/tags?post=40449"}],"curies":[{"name":"wp","href":"https:\/\/api.w.org\/{rel}","templated":true}]}}