{"id":40394,"date":"2025-11-13T11:01:45","date_gmt":"2025-11-13T10:01:45","guid":{"rendered":"https:\/\/www.diocesisciudadrodrigo.org\/blog4\/?p=40394"},"modified":"2025-11-13T11:55:38","modified_gmt":"2025-11-13T10:55:38","slug":"caritas-de-ciudad-rodrigo-invita-a-participar-en-el-circulo-del-silencio-por-la-jornada-mundial-de-los-pobres","status":"publish","type":"post","link":"https:\/\/www.diocesisciudadrodrigo.org\/blog4\/caritas-de-ciudad-rodrigo-invita-a-participar-en-el-circulo-del-silencio-por-la-jornada-mundial-de-los-pobres\/","title":{"rendered":"C\u00e1ritas de Ciudad Rodrigo invita a participar en el C\u00edrculo del Silencio por la Jornada Mundial de los Pobres"},"content":{"rendered":"\t\t<div data-elementor-type=\"wp-post\" data-elementor-id=\"40394\" class=\"elementor elementor-40394\" data-elementor-settings=\"[]\">\n\t\t\t\t\t\t<div class=\"elementor-inner\">\n\t\t\t\t\t\t\t<div class=\"elementor-section-wrap\">\n\t\t\t\t\t\t\t<section class=\"elementor-section elementor-top-section elementor-element elementor-element-8fad12a elementor-section-boxed elementor-section-height-default elementor-section-height-default\" data-id=\"8fad12a\" data-element_type=\"section\">\n\t\t\t\t\t\t<div class=\"elementor-container elementor-column-gap-default\">\n\t\t\t\t\t\t\t<div class=\"elementor-row\">\n\t\t\t\t\t<div class=\"elementor-column elementor-col-100 elementor-top-column elementor-element elementor-element-b90f298\" data-id=\"b90f298\" data-element_type=\"column\">\n\t\t\t<div class=\"elementor-column-wrap elementor-element-populated\">\n\t\t\t\t\t\t\t<div class=\"elementor-widget-wrap\">\n\t\t\t\t\t\t<div class=\"elementor-element elementor-element-e032fa1 elementor-widget elementor-widget-text-editor\" data-id=\"e032fa1\" data-element_type=\"widget\" data-widget_type=\"text-editor.default\">\n\t\t\t\t<div class=\"elementor-widget-container\">\n\t\t\t\t\t\t\t\t<div class=\"elementor-text-editor elementor-clearfix\">\n\t\t\t\t<h3>Un gesto comunitario de oraci\u00f3n y compromiso con quienes m\u00e1s sufren que se celebrar\u00e1 el viernes, 14 de noviembre, a las 13:00 horas, en la Plaza del Buen Alcalde\u00a0<\/h3><p><span style=\"color: #ff0000;\">DELEGACI\u00d3N DE MEDIOS<\/span><\/p><p data-start=\"308\" data-end=\"650\"><img loading=\"lazy\" decoding=\"async\" class=\"wp-image-40497 alignright\" src=\"https:\/\/www.diocesisciudadrodrigo.org\/blog4\/wp-content\/uploads\/2025\/11\/d330f2b4-299b-4a65-b1e1-867973960286.jpg\" alt=\"\" width=\"293\" height=\"407\" srcset=\"https:\/\/www.diocesisciudadrodrigo.org\/blog4\/wp-content\/uploads\/2025\/11\/d330f2b4-299b-4a65-b1e1-867973960286.jpg 704w, https:\/\/www.diocesisciudadrodrigo.org\/blog4\/wp-content\/uploads\/2025\/11\/d330f2b4-299b-4a65-b1e1-867973960286-350x486.jpg 350w\" sizes=\"auto, (max-width: 293px) 100vw, 293px\" \/>Con motivo de la<strong> IX Jornada Mundial de los Pobres<\/strong>, que la Iglesia celebra el domingo, 16 de noviembre, C\u00e1ritas Diocesana de Ciudad Rodrigo convoca un <strong>C\u00edrculo del Silencio<\/strong>, acompa\u00f1ado de la lectura de un manifiesto y un acto de sensibilizaci\u00f3n, el viernes, 14 de noviembre, a las <strong>13:00 horas<\/strong> en la Plaza del Buen Alcalde.<\/p><p data-start=\"652\" data-end=\"919\">Bajo el lema <strong data-start=\"665\" data-end=\"715\">\u00abT\u00fa, Se\u00f1or, eres mi esperanza\u00bb (cf. Sal 71, 5)\u00bb<\/strong>, esta Jornada se enmarca en el <strong data-start=\"747\" data-end=\"767\">A\u00f1o Jubilar<\/strong>\u00a0y busca recordar que la verdadera esperanza nace de la fe en Dios, especialmente en medio de la precariedad y la exclusi\u00f3n que viven tantas personas.<\/p><p data-start=\"921\" data-end=\"1283\">En su mensaje para esta jornada, el papa<strong data-start=\"957\" data-end=\"974\"> Le\u00f3n XIV<\/strong> subraya que <strong data-start=\"987\" data-end=\"1025\">\u00abla esperanza en Dios no defrauda\u00bb<\/strong>, y que el pobre, al carecer de las seguridades del poder o del tener, solo puede encontrar refugio en el amor de Dios. Advierte, adem\u00e1s, que \u00abla pobreza m\u00e1s grave es no conocer a Dios\u00bb, y retoma unas palabras del papa Francisco en <em data-start=\"1261\" data-end=\"1280\">Evangelii gaudium<\/em>: \u00abLa peor discriminaci\u00f3n que sufren los pobres es la falta de atenci\u00f3n espiritual, y la inmensa mayor\u00eda tiene una especial apertura a la fe; necesitan a Dios y no podemos dejar de ofrecerles su amistad, su bendici\u00f3n, su Palabra, la celebraci\u00f3n de los Sacramentos y la propuesta de un camino de crecimiento en la fe\u00bb.<\/p><h4 data-start=\"921\" data-end=\"1283\"><span style=\"color: #ff0000;\">Un compromiso transformador<\/span><\/h4><p data-start=\"1603\" data-end=\"1702\">El santo padre tambi\u00e9n recuerda que la caridad debe ir acompa\u00f1ada de un compromiso transformador: \u00abLa pobreza tiene causas estructurales que deben ser afrontadas y eliminadas, pero mientras ello sucede, todos estamos llamados a crear nuevos signos de esperanza que testimonien la caridad cristiana\u00bb.<\/p><p data-start=\"1910\" data-end=\"2183\">La <strong data-start=\"1913\" data-end=\"1946\">Jornada Mundial de los Pobres<\/strong> quiere as\u00ed poner en el centro de la acci\u00f3n pastoral a quienes m\u00e1s sufren. \u00abLos pobres no son una distracci\u00f3n para la Iglesia \u2014afirma Le\u00f3n XIV\u2014, sino los hermanos y hermanas m\u00e1s amados, porque en ellos tocamos la verdad del Evangelio\u00bb.<\/p><div class=\"wp-block-stackable-feature-grid alignwide stk-block-feature-grid stk-block-columns stk-block stk-b859e93 is-style-default\" data-block-id=\"b859e93\"><div class=\"stk-row stk-inner-blocks has-text-align-center stk-block-content stk-content-align stk-b859e93-column alignwide\"><div class=\"wp-block-stackable-column stk-block-column stk-column stk-block stk-3bc5297\" data-v=\"4\" data-block-id=\"3bc5297\"><div class=\"stk-column-wrapper stk-block-column__content stk-container stk-3bc5297-container stk-hover-parent\"><div class=\"stk-block-content stk-inner-blocks stk-3bc5297-inner-blocks\"><div id=\"campana-del-dia-de-la-iglesia-diocesana\" class=\"wp-block-stackable-heading stk-block-heading stk-block-heading--v2 stk-block stk-aa3ca7e\" data-block-id=\"aa3ca7e\"><h4 class=\"stk-block-heading__text\"><a href=\"https:\/\/www.vatican.va\/content\/leo-xiv\/es\/messages\/poor\/documents\/20250613-messaggio-giornata-poveri.html\" target=\"_blank\" rel=\"noreferrer noopener\" data-type=\"link\" data-id=\"https:\/\/www.vatican.va\/content\/leo-xiv\/es\/messages\/poor\/documents\/20250613-messaggio-giornata-poveri.html\">Mensaje de Le\u00f3n XIV<\/a><\/h4><\/div><\/div><\/div><\/div><div class=\"wp-block-stackable-column stk-block-column stk-column stk-block stk-1c81187\" data-v=\"4\" data-block-id=\"1c81187\"><div class=\"stk-column-wrapper stk-block-column__content stk-container stk-1c81187-container stk-hover-parent\"><div class=\"stk-block-content stk-inner-blocks stk-1c81187-inner-blocks\"><div id=\"campana-del-dia-de-la-iglesia-diocesana\" class=\"wp-block-stackable-heading stk-block-heading stk-block-heading--v2 stk-block stk-060db95\" data-block-id=\"060db95\"><h4 class=\"stk-block-heading__text\"><a href=\"https:\/\/www.conferenciaepiscopal.es\/wp-content\/uploads\/2025\/11\/CARITAS-IX-jornada-mundial-de-los-pobres-SUBSIDIO-LITURGICO.pdf\" target=\"_blank\" rel=\"noreferrer noopener\" data-type=\"link\" data-id=\"https:\/\/www.conferenciaepiscopal.es\/wp-content\/uploads\/2025\/11\/CARITAS-IX-jornada-mundial-de-los-pobres-SUBSIDIO-LITURGICO.pdf\">Subsidio lit\u00fargico<\/a><\/h4><\/div><\/div><\/div><\/div><div class=\"wp-block-stackable-column stk-block-column stk-column stk-block stk-4fc615d\" data-v=\"4\" data-block-id=\"4fc615d\"><div class=\"stk-column-wrapper stk-block-column__content stk-container stk-4fc615d-container stk-hover-parent\"><div class=\"stk-block-content stk-inner-blocks stk-4fc615d-inner-blocks\"><div class=\"wp-block-stackable-image stk-block-image stk-block stk-559b94d\" data-block-id=\"559b94d\">\u00a0<\/div><div id=\"campana-del-dia-de-la-iglesia-diocesana\" class=\"wp-block-stackable-heading stk-block-heading stk-block-heading--v2 stk-block stk-c4d201a\" data-block-id=\"c4d201a\"><h4 class=\"stk-block-heading__text\"><a href=\"https:\/\/www.conferenciaepiscopal.es\/wp-content\/uploads\/2025\/11\/CARITAS-IX-jornada-mundial-de-los-pobres-GUION-PARA-LA-HOMILIA.pdf\" target=\"_blank\" rel=\"noreferrer noopener\" data-type=\"link\" data-id=\"https:\/\/www.conferenciaepiscopal.es\/wp-content\/uploads\/2025\/11\/CARITAS-IX-jornada-mundial-de-los-pobres-GUION-PARA-LA-HOMILIA.pdf\">Guion para la homil\u00eda<\/a><\/h4><\/div><\/div><\/div><\/div><div class=\"wp-block-stackable-column stk-block-column stk-column stk-block stk-e4adcc6\" data-v=\"4\" data-block-id=\"e4adcc6\"><div class=\"stk-column-wrapper stk-block-column__content stk-container stk-e4adcc6-container stk-hover-parent\"><div class=\"stk-block-content stk-inner-blocks stk-e4adcc6-inner-blocks\"><div class=\"wp-block-stackable-image stk-block-image stk-block stk-314226d\" data-block-id=\"314226d\">\u00a0<\/div><div id=\"campana-del-dia-de-la-iglesia-diocesana\" class=\"wp-block-stackable-heading stk-block-heading stk-block-heading--v2 stk-block stk-f4cb3a2\" data-block-id=\"f4cb3a2\"><h4 class=\"stk-block-heading__text\"><a href=\"https:\/\/www.conferenciaepiscopal.es\/wp-content\/uploads\/2025\/11\/CARITAS-IX-jornada-mundial-de-los-pobres-PAUTAS-PARA-LA-ANIMACION.pdf\" target=\"_blank\" rel=\"noreferrer noopener\" data-type=\"link\" data-id=\"https:\/\/www.conferenciaepiscopal.es\/wp-content\/uploads\/2025\/11\/CARITAS-IX-jornada-mundial-de-los-pobres-PAUTAS-PARA-LA-ANIMACION.pdf\">Pautas para la animaci\u00f3n de las comunidades<\/a><\/h4><\/div><\/div><\/div><\/div><\/div><\/div>\t\t\t\t\t<\/div>\n\t\t\t\t\t\t<\/div>\n\t\t\t\t<\/div>\n\t\t\t\t\t\t<\/div>\n\t\t\t\t\t<\/div>\n\t\t<\/div>\n\t\t\t\t\t\t\t\t<\/div>\n\t\t\t\t\t<\/div>\n\t\t<\/section>\n\t\t\t\t\t\t<\/div>\n\t\t\t\t\t\t<\/div>\n\t\t\t\t\t<\/div>\n\t\t","protected":false},"excerpt":{"rendered":"<p>Un gesto comunitario de oraci\u00f3n y compromiso con quienes m\u00e1s sufren que se celebrar\u00e1 el viernes, 14 de noviembre, a las 13:00 horas, en la Plaza del Buen Alcalde DELEGACI\u00d3N &#8230; <\/p>\n<p class=\"read-more-container\"><a title=\"C\u00e1ritas de Ciudad Rodrigo invita a participar en el C\u00edrculo del Silencio por la Jornada Mundial de los Pobres\" class=\"read-more button\" href=\"https:\/\/www.diocesisciudadrodrigo.org\/blog4\/caritas-de-ciudad-rodrigo-invita-a-participar-en-el-circulo-del-silencio-por-la-jornada-mundial-de-los-pobres\/#more-40394\" aria-label=\"M\u00e1s en C\u00e1ritas de Ciudad Rodrigo invita a participar en el C\u00edrculo del Silencio por la Jornada Mundial de los Pobres\">Leer m\u00e1s &#8230;<\/a><\/p>\n","protected":false},"author":1,"featured_media":40390,"comment_status":"closed","ping_status":"closed","sticky":false,"template":"","format":"standard","meta":{"footnotes":""},"categories":[6],"tags":[],"class_list":["post-40394","post","type-post","status-publish","format-standard","has-post-thumbnail","hentry","category-noticias","masonry-post","generate-columns","tablet-grid-50","mobile-grid-100","grid-parent","grid-50"],"yoast_head":"<!-- This site is optimized with the Yoast SEO plugin v27.3 - https:\/\/yoast.com\/product\/yoast-seo-wordpress\/ -->\n<title>C\u00e1ritas de Ciudad Rodrigo invita a participar en el C\u00edrculo del Silencio por la Jornada Mundial de los Pobres - Di\u00f3cesis de Ciudad Rodrigo<\/title>\n<meta name=\"robots\" content=\"index, follow, max-snippet:-1, max-image-preview:large, max-video-preview:-1\" \/>\n<link rel=\"canonical\" href=\"https:\/\/www.diocesisciudadrodrigo.org\/blog4\/caritas-de-ciudad-rodrigo-invita-a-participar-en-el-circulo-del-silencio-por-la-jornada-mundial-de-los-pobres\/\" \/>\n<meta property=\"og:locale\" content=\"es_ES\" \/>\n<meta property=\"og:type\" content=\"article\" \/>\n<meta property=\"og:title\" content=\"C\u00e1ritas de Ciudad Rodrigo invita a participar en el C\u00edrculo del Silencio por la Jornada Mundial de los Pobres - Di\u00f3cesis de Ciudad Rodrigo\" \/>\n<meta property=\"og:description\" content=\"Un gesto comunitario de oraci\u00f3n y compromiso con quienes m\u00e1s sufren que se celebrar\u00e1 el viernes, 14 de noviembre, a las 13:00 horas, en la Plaza del Buen Alcalde DELEGACI\u00d3N ... Leer m\u00e1s ...\" \/>\n<meta property=\"og:url\" content=\"https:\/\/www.diocesisciudadrodrigo.org\/blog4\/caritas-de-ciudad-rodrigo-invita-a-participar-en-el-circulo-del-silencio-por-la-jornada-mundial-de-los-pobres\/\" \/>\n<meta property=\"og:site_name\" content=\"Di\u00f3cesis de Ciudad Rodrigo\" \/>\n<meta property=\"article:publisher\" content=\"https:\/\/www.facebook.com\/people\/Dicesis-Ciudad-Rodrigo-MCS\/100076471923419\/#\" \/>\n<meta property=\"article:published_time\" content=\"2025-11-13T10:01:45+00:00\" \/>\n<meta property=\"article:modified_time\" content=\"2025-11-13T10:55:38+00:00\" \/>\n<meta property=\"og:image\" content=\"https:\/\/www.diocesisciudadrodrigo.org\/blog4\/wp-content\/uploads\/2025\/11\/CIRUCLO-DE-SILENCIO-CARITAS-JORNADMUNDIAL-POBRES.jpeg\" \/>\n\t<meta property=\"og:image:width\" content=\"704\" \/>\n\t<meta property=\"og:image:height\" content=\"978\" \/>\n\t<meta property=\"og:image:type\" content=\"image\/jpeg\" \/>\n<meta name=\"author\" content=\"medios CR\" \/>\n<meta name=\"twitter:card\" content=\"summary_large_image\" \/>\n<meta name=\"twitter:label1\" content=\"Escrito por\" \/>\n\t<meta name=\"twitter:data1\" content=\"medios CR\" \/>\n\t<meta name=\"twitter:label2\" content=\"Tiempo de lectura\" \/>\n\t<meta name=\"twitter:data2\" content=\"2 minutos\" \/>\n<script type=\"application\/ld+json\" class=\"yoast-schema-graph\">{\"@context\":\"https:\\\/\\\/schema.org\",\"@graph\":[{\"@type\":\"Article\",\"@id\":\"https:\\\/\\\/www.diocesisciudadrodrigo.org\\\/blog4\\\/caritas-de-ciudad-rodrigo-invita-a-participar-en-el-circulo-del-silencio-por-la-jornada-mundial-de-los-pobres\\\/#article\",\"isPartOf\":{\"@id\":\"https:\\\/\\\/www.diocesisciudadrodrigo.org\\\/blog4\\\/caritas-de-ciudad-rodrigo-invita-a-participar-en-el-circulo-del-silencio-por-la-jornada-mundial-de-los-pobres\\\/\"},\"author\":{\"name\":\"medios CR\",\"@id\":\"https:\\\/\\\/www.diocesisciudadrodrigo.org\\\/blog4\\\/#\\\/schema\\\/person\\\/5fcf0ca636a75766ff70e6417b6ed052\"},\"headline\":\"C\u00e1ritas de Ciudad Rodrigo invita a participar en el C\u00edrculo del Silencio por la Jornada Mundial de los Pobres\",\"datePublished\":\"2025-11-13T10:01:45+00:00\",\"dateModified\":\"2025-11-13T10:55:38+00:00\",\"mainEntityOfPage\":{\"@id\":\"https:\\\/\\\/www.diocesisciudadrodrigo.org\\\/blog4\\\/caritas-de-ciudad-rodrigo-invita-a-participar-en-el-circulo-del-silencio-por-la-jornada-mundial-de-los-pobres\\\/\"},\"wordCount\":406,\"publisher\":{\"@id\":\"https:\\\/\\\/www.diocesisciudadrodrigo.org\\\/blog4\\\/#organization\"},\"image\":{\"@id\":\"https:\\\/\\\/www.diocesisciudadrodrigo.org\\\/blog4\\\/caritas-de-ciudad-rodrigo-invita-a-participar-en-el-circulo-del-silencio-por-la-jornada-mundial-de-los-pobres\\\/#primaryimage\"},\"thumbnailUrl\":\"https:\\\/\\\/www.diocesisciudadrodrigo.org\\\/blog4\\\/wp-content\\\/uploads\\\/2025\\\/11\\\/CIRUCLO-DE-SILENCIO-CARITAS-JORNADMUNDIAL-POBRES.jpeg\",\"articleSection\":[\"Noticias\"],\"inLanguage\":\"es\"},{\"@type\":\"WebPage\",\"@id\":\"https:\\\/\\\/www.diocesisciudadrodrigo.org\\\/blog4\\\/caritas-de-ciudad-rodrigo-invita-a-participar-en-el-circulo-del-silencio-por-la-jornada-mundial-de-los-pobres\\\/\",\"url\":\"https:\\\/\\\/www.diocesisciudadrodrigo.org\\\/blog4\\\/caritas-de-ciudad-rodrigo-invita-a-participar-en-el-circulo-del-silencio-por-la-jornada-mundial-de-los-pobres\\\/\",\"name\":\"C\u00e1ritas de Ciudad Rodrigo invita a participar en el C\u00edrculo del Silencio por la Jornada Mundial de los Pobres - Di\u00f3cesis de Ciudad Rodrigo\",\"isPartOf\":{\"@id\":\"https:\\\/\\\/www.diocesisciudadrodrigo.org\\\/blog4\\\/#website\"},\"primaryImageOfPage\":{\"@id\":\"https:\\\/\\\/www.diocesisciudadrodrigo.org\\\/blog4\\\/caritas-de-ciudad-rodrigo-invita-a-participar-en-el-circulo-del-silencio-por-la-jornada-mundial-de-los-pobres\\\/#primaryimage\"},\"image\":{\"@id\":\"https:\\\/\\\/www.diocesisciudadrodrigo.org\\\/blog4\\\/caritas-de-ciudad-rodrigo-invita-a-participar-en-el-circulo-del-silencio-por-la-jornada-mundial-de-los-pobres\\\/#primaryimage\"},\"thumbnailUrl\":\"https:\\\/\\\/www.diocesisciudadrodrigo.org\\\/blog4\\\/wp-content\\\/uploads\\\/2025\\\/11\\\/CIRUCLO-DE-SILENCIO-CARITAS-JORNADMUNDIAL-POBRES.jpeg\",\"datePublished\":\"2025-11-13T10:01:45+00:00\",\"dateModified\":\"2025-11-13T10:55:38+00:00\",\"breadcrumb\":{\"@id\":\"https:\\\/\\\/www.diocesisciudadrodrigo.org\\\/blog4\\\/caritas-de-ciudad-rodrigo-invita-a-participar-en-el-circulo-del-silencio-por-la-jornada-mundial-de-los-pobres\\\/#breadcrumb\"},\"inLanguage\":\"es\",\"potentialAction\":[{\"@type\":\"ReadAction\",\"target\":[\"https:\\\/\\\/www.diocesisciudadrodrigo.org\\\/blog4\\\/caritas-de-ciudad-rodrigo-invita-a-participar-en-el-circulo-del-silencio-por-la-jornada-mundial-de-los-pobres\\\/\"]}]},{\"@type\":\"ImageObject\",\"inLanguage\":\"es\",\"@id\":\"https:\\\/\\\/www.diocesisciudadrodrigo.org\\\/blog4\\\/caritas-de-ciudad-rodrigo-invita-a-participar-en-el-circulo-del-silencio-por-la-jornada-mundial-de-los-pobres\\\/#primaryimage\",\"url\":\"https:\\\/\\\/www.diocesisciudadrodrigo.org\\\/blog4\\\/wp-content\\\/uploads\\\/2025\\\/11\\\/CIRUCLO-DE-SILENCIO-CARITAS-JORNADMUNDIAL-POBRES.jpeg\",\"contentUrl\":\"https:\\\/\\\/www.diocesisciudadrodrigo.org\\\/blog4\\\/wp-content\\\/uploads\\\/2025\\\/11\\\/CIRUCLO-DE-SILENCIO-CARITAS-JORNADMUNDIAL-POBRES.jpeg\",\"width\":704,\"height\":978},{\"@type\":\"BreadcrumbList\",\"@id\":\"https:\\\/\\\/www.diocesisciudadrodrigo.org\\\/blog4\\\/caritas-de-ciudad-rodrigo-invita-a-participar-en-el-circulo-del-silencio-por-la-jornada-mundial-de-los-pobres\\\/#breadcrumb\",\"itemListElement\":[{\"@type\":\"ListItem\",\"position\":1,\"name\":\"Portada\",\"item\":\"https:\\\/\\\/www.diocesisciudadrodrigo.org\\\/blog4\\\/\"},{\"@type\":\"ListItem\",\"position\":2,\"name\":\"C\u00e1ritas de Ciudad Rodrigo invita a participar en el C\u00edrculo del Silencio por la Jornada Mundial de los Pobres\"}]},{\"@type\":\"WebSite\",\"@id\":\"https:\\\/\\\/www.diocesisciudadrodrigo.org\\\/blog4\\\/#website\",\"url\":\"https:\\\/\\\/www.diocesisciudadrodrigo.org\\\/blog4\\\/\",\"name\":\"Di\u00f3cesis de Ciudad Rodrigo\",\"description\":\"Sitio web oficial de la di\u00f3cesis civitatense\",\"publisher\":{\"@id\":\"https:\\\/\\\/www.diocesisciudadrodrigo.org\\\/blog4\\\/#organization\"},\"potentialAction\":[{\"@type\":\"SearchAction\",\"target\":{\"@type\":\"EntryPoint\",\"urlTemplate\":\"https:\\\/\\\/www.diocesisciudadrodrigo.org\\\/blog4\\\/?s={search_term_string}\"},\"query-input\":{\"@type\":\"PropertyValueSpecification\",\"valueRequired\":true,\"valueName\":\"search_term_string\"}}],\"inLanguage\":\"es\"},{\"@type\":\"Organization\",\"@id\":\"https:\\\/\\\/www.diocesisciudadrodrigo.org\\\/blog4\\\/#organization\",\"name\":\"Di\u00f3cesis de Ciudad Rodrigo\",\"url\":\"https:\\\/\\\/www.diocesisciudadrodrigo.org\\\/blog4\\\/\",\"logo\":{\"@type\":\"ImageObject\",\"inLanguage\":\"es\",\"@id\":\"https:\\\/\\\/www.diocesisciudadrodrigo.org\\\/blog4\\\/#\\\/schema\\\/logo\\\/image\\\/\",\"url\":\"https:\\\/\\\/www.diocesisciudadrodrigo.org\\\/blog4\\\/wp-content\\\/uploads\\\/2024\\\/12\\\/Diocesis.CMYK_-768x480-1.jpg\",\"contentUrl\":\"https:\\\/\\\/www.diocesisciudadrodrigo.org\\\/blog4\\\/wp-content\\\/uploads\\\/2024\\\/12\\\/Diocesis.CMYK_-768x480-1.jpg\",\"width\":768,\"height\":480,\"caption\":\"Di\u00f3cesis de Ciudad Rodrigo\"},\"image\":{\"@id\":\"https:\\\/\\\/www.diocesisciudadrodrigo.org\\\/blog4\\\/#\\\/schema\\\/logo\\\/image\\\/\"},\"sameAs\":[\"https:\\\/\\\/www.facebook.com\\\/people\\\/Dicesis-Ciudad-Rodrigo-MCS\\\/100076471923419\\\/#\"]},{\"@type\":\"Person\",\"@id\":\"https:\\\/\\\/www.diocesisciudadrodrigo.org\\\/blog4\\\/#\\\/schema\\\/person\\\/5fcf0ca636a75766ff70e6417b6ed052\",\"name\":\"medios CR\",\"image\":{\"@type\":\"ImageObject\",\"inLanguage\":\"es\",\"@id\":\"https:\\\/\\\/secure.gravatar.com\\\/avatar\\\/4a619fd0c7e36bd570f4e6e15eb09a2191185d0f63d8dbfdffe848af141ab87e?s=96&d=mm&r=g\",\"url\":\"https:\\\/\\\/secure.gravatar.com\\\/avatar\\\/4a619fd0c7e36bd570f4e6e15eb09a2191185d0f63d8dbfdffe848af141ab87e?s=96&d=mm&r=g\",\"contentUrl\":\"https:\\\/\\\/secure.gravatar.com\\\/avatar\\\/4a619fd0c7e36bd570f4e6e15eb09a2191185d0f63d8dbfdffe848af141ab87e?s=96&d=mm&r=g\",\"caption\":\"medios CR\"},\"url\":\"https:\\\/\\\/www.diocesisciudadrodrigo.org\\\/blog4\\\/author\\\/admin4\\\/\"}]}<\/script>\n<!-- \/ Yoast SEO plugin. -->","yoast_head_json":{"title":"C\u00e1ritas de Ciudad Rodrigo invita a participar en el C\u00edrculo del Silencio por la Jornada Mundial de los Pobres - Di\u00f3cesis de Ciudad Rodrigo","robots":{"index":"index","follow":"follow","max-snippet":"max-snippet:-1","max-image-preview":"max-image-preview:large","max-video-preview":"max-video-preview:-1"},"canonical":"https:\/\/www.diocesisciudadrodrigo.org\/blog4\/caritas-de-ciudad-rodrigo-invita-a-participar-en-el-circulo-del-silencio-por-la-jornada-mundial-de-los-pobres\/","og_locale":"es_ES","og_type":"article","og_title":"C\u00e1ritas de Ciudad Rodrigo invita a participar en el C\u00edrculo del Silencio por la Jornada Mundial de los Pobres - Di\u00f3cesis de Ciudad Rodrigo","og_description":"Un gesto comunitario de oraci\u00f3n y compromiso con quienes m\u00e1s sufren que se celebrar\u00e1 el viernes, 14 de noviembre, a las 13:00 horas, en la Plaza del Buen Alcalde DELEGACI\u00d3N ... Leer m\u00e1s ...","og_url":"https:\/\/www.diocesisciudadrodrigo.org\/blog4\/caritas-de-ciudad-rodrigo-invita-a-participar-en-el-circulo-del-silencio-por-la-jornada-mundial-de-los-pobres\/","og_site_name":"Di\u00f3cesis de Ciudad Rodrigo","article_publisher":"https:\/\/www.facebook.com\/people\/Dicesis-Ciudad-Rodrigo-MCS\/100076471923419\/#","article_published_time":"2025-11-13T10:01:45+00:00","article_modified_time":"2025-11-13T10:55:38+00:00","og_image":[{"width":704,"height":978,"url":"https:\/\/www.diocesisciudadrodrigo.org\/blog4\/wp-content\/uploads\/2025\/11\/CIRUCLO-DE-SILENCIO-CARITAS-JORNADMUNDIAL-POBRES.jpeg","type":"image\/jpeg"}],"author":"medios CR","twitter_card":"summary_large_image","twitter_misc":{"Escrito por":"medios CR","Tiempo de lectura":"2 minutos"},"schema":{"@context":"https:\/\/schema.org","@graph":[{"@type":"Article","@id":"https:\/\/www.diocesisciudadrodrigo.org\/blog4\/caritas-de-ciudad-rodrigo-invita-a-participar-en-el-circulo-del-silencio-por-la-jornada-mundial-de-los-pobres\/#article","isPartOf":{"@id":"https:\/\/www.diocesisciudadrodrigo.org\/blog4\/caritas-de-ciudad-rodrigo-invita-a-participar-en-el-circulo-del-silencio-por-la-jornada-mundial-de-los-pobres\/"},"author":{"name":"medios CR","@id":"https:\/\/www.diocesisciudadrodrigo.org\/blog4\/#\/schema\/person\/5fcf0ca636a75766ff70e6417b6ed052"},"headline":"C\u00e1ritas de Ciudad Rodrigo invita a participar en el C\u00edrculo del Silencio por la Jornada Mundial de los Pobres","datePublished":"2025-11-13T10:01:45+00:00","dateModified":"2025-11-13T10:55:38+00:00","mainEntityOfPage":{"@id":"https:\/\/www.diocesisciudadrodrigo.org\/blog4\/caritas-de-ciudad-rodrigo-invita-a-participar-en-el-circulo-del-silencio-por-la-jornada-mundial-de-los-pobres\/"},"wordCount":406,"publisher":{"@id":"https:\/\/www.diocesisciudadrodrigo.org\/blog4\/#organization"},"image":{"@id":"https:\/\/www.diocesisciudadrodrigo.org\/blog4\/caritas-de-ciudad-rodrigo-invita-a-participar-en-el-circulo-del-silencio-por-la-jornada-mundial-de-los-pobres\/#primaryimage"},"thumbnailUrl":"https:\/\/www.diocesisciudadrodrigo.org\/blog4\/wp-content\/uploads\/2025\/11\/CIRUCLO-DE-SILENCIO-CARITAS-JORNADMUNDIAL-POBRES.jpeg","articleSection":["Noticias"],"inLanguage":"es"},{"@type":"WebPage","@id":"https:\/\/www.diocesisciudadrodrigo.org\/blog4\/caritas-de-ciudad-rodrigo-invita-a-participar-en-el-circulo-del-silencio-por-la-jornada-mundial-de-los-pobres\/","url":"https:\/\/www.diocesisciudadrodrigo.org\/blog4\/caritas-de-ciudad-rodrigo-invita-a-participar-en-el-circulo-del-silencio-por-la-jornada-mundial-de-los-pobres\/","name":"C\u00e1ritas de Ciudad Rodrigo invita a participar en el C\u00edrculo del Silencio por la Jornada Mundial de los Pobres - Di\u00f3cesis de Ciudad Rodrigo","isPartOf":{"@id":"https:\/\/www.diocesisciudadrodrigo.org\/blog4\/#website"},"primaryImageOfPage":{"@id":"https:\/\/www.diocesisciudadrodrigo.org\/blog4\/caritas-de-ciudad-rodrigo-invita-a-participar-en-el-circulo-del-silencio-por-la-jornada-mundial-de-los-pobres\/#primaryimage"},"image":{"@id":"https:\/\/www.diocesisciudadrodrigo.org\/blog4\/caritas-de-ciudad-rodrigo-invita-a-participar-en-el-circulo-del-silencio-por-la-jornada-mundial-de-los-pobres\/#primaryimage"},"thumbnailUrl":"https:\/\/www.diocesisciudadrodrigo.org\/blog4\/wp-content\/uploads\/2025\/11\/CIRUCLO-DE-SILENCIO-CARITAS-JORNADMUNDIAL-POBRES.jpeg","datePublished":"2025-11-13T10:01:45+00:00","dateModified":"2025-11-13T10:55:38+00:00","breadcrumb":{"@id":"https:\/\/www.diocesisciudadrodrigo.org\/blog4\/caritas-de-ciudad-rodrigo-invita-a-participar-en-el-circulo-del-silencio-por-la-jornada-mundial-de-los-pobres\/#breadcrumb"},"inLanguage":"es","potentialAction":[{"@type":"ReadAction","target":["https:\/\/www.diocesisciudadrodrigo.org\/blog4\/caritas-de-ciudad-rodrigo-invita-a-participar-en-el-circulo-del-silencio-por-la-jornada-mundial-de-los-pobres\/"]}]},{"@type":"ImageObject","inLanguage":"es","@id":"https:\/\/www.diocesisciudadrodrigo.org\/blog4\/caritas-de-ciudad-rodrigo-invita-a-participar-en-el-circulo-del-silencio-por-la-jornada-mundial-de-los-pobres\/#primaryimage","url":"https:\/\/www.diocesisciudadrodrigo.org\/blog4\/wp-content\/uploads\/2025\/11\/CIRUCLO-DE-SILENCIO-CARITAS-JORNADMUNDIAL-POBRES.jpeg","contentUrl":"https:\/\/www.diocesisciudadrodrigo.org\/blog4\/wp-content\/uploads\/2025\/11\/CIRUCLO-DE-SILENCIO-CARITAS-JORNADMUNDIAL-POBRES.jpeg","width":704,"height":978},{"@type":"BreadcrumbList","@id":"https:\/\/www.diocesisciudadrodrigo.org\/blog4\/caritas-de-ciudad-rodrigo-invita-a-participar-en-el-circulo-del-silencio-por-la-jornada-mundial-de-los-pobres\/#breadcrumb","itemListElement":[{"@type":"ListItem","position":1,"name":"Portada","item":"https:\/\/www.diocesisciudadrodrigo.org\/blog4\/"},{"@type":"ListItem","position":2,"name":"C\u00e1ritas de Ciudad Rodrigo invita a participar en el C\u00edrculo del Silencio por la Jornada Mundial de los Pobres"}]},{"@type":"WebSite","@id":"https:\/\/www.diocesisciudadrodrigo.org\/blog4\/#website","url":"https:\/\/www.diocesisciudadrodrigo.org\/blog4\/","name":"Di\u00f3cesis de Ciudad Rodrigo","description":"Sitio web oficial de la di\u00f3cesis civitatense","publisher":{"@id":"https:\/\/www.diocesisciudadrodrigo.org\/blog4\/#organization"},"potentialAction":[{"@type":"SearchAction","target":{"@type":"EntryPoint","urlTemplate":"https:\/\/www.diocesisciudadrodrigo.org\/blog4\/?s={search_term_string}"},"query-input":{"@type":"PropertyValueSpecification","valueRequired":true,"valueName":"search_term_string"}}],"inLanguage":"es"},{"@type":"Organization","@id":"https:\/\/www.diocesisciudadrodrigo.org\/blog4\/#organization","name":"Di\u00f3cesis de Ciudad Rodrigo","url":"https:\/\/www.diocesisciudadrodrigo.org\/blog4\/","logo":{"@type":"ImageObject","inLanguage":"es","@id":"https:\/\/www.diocesisciudadrodrigo.org\/blog4\/#\/schema\/logo\/image\/","url":"https:\/\/www.diocesisciudadrodrigo.org\/blog4\/wp-content\/uploads\/2024\/12\/Diocesis.CMYK_-768x480-1.jpg","contentUrl":"https:\/\/www.diocesisciudadrodrigo.org\/blog4\/wp-content\/uploads\/2024\/12\/Diocesis.CMYK_-768x480-1.jpg","width":768,"height":480,"caption":"Di\u00f3cesis de Ciudad Rodrigo"},"image":{"@id":"https:\/\/www.diocesisciudadrodrigo.org\/blog4\/#\/schema\/logo\/image\/"},"sameAs":["https:\/\/www.facebook.com\/people\/Dicesis-Ciudad-Rodrigo-MCS\/100076471923419\/#"]},{"@type":"Person","@id":"https:\/\/www.diocesisciudadrodrigo.org\/blog4\/#\/schema\/person\/5fcf0ca636a75766ff70e6417b6ed052","name":"medios CR","image":{"@type":"ImageObject","inLanguage":"es","@id":"https:\/\/secure.gravatar.com\/avatar\/4a619fd0c7e36bd570f4e6e15eb09a2191185d0f63d8dbfdffe848af141ab87e?s=96&d=mm&r=g","url":"https:\/\/secure.gravatar.com\/avatar\/4a619fd0c7e36bd570f4e6e15eb09a2191185d0f63d8dbfdffe848af141ab87e?s=96&d=mm&r=g","contentUrl":"https:\/\/secure.gravatar.com\/avatar\/4a619fd0c7e36bd570f4e6e15eb09a2191185d0f63d8dbfdffe848af141ab87e?s=96&d=mm&r=g","caption":"medios CR"},"url":"https:\/\/www.diocesisciudadrodrigo.org\/blog4\/author\/admin4\/"}]}},"_links":{"self":[{"href":"https:\/\/www.diocesisciudadrodrigo.org\/blog4\/wp-json\/wp\/v2\/posts\/40394","targetHints":{"allow":["GET"]}}],"collection":[{"href":"https:\/\/www.diocesisciudadrodrigo.org\/blog4\/wp-json\/wp\/v2\/posts"}],"about":[{"href":"https:\/\/www.diocesisciudadrodrigo.org\/blog4\/wp-json\/wp\/v2\/types\/post"}],"author":[{"embeddable":true,"href":"https:\/\/www.diocesisciudadrodrigo.org\/blog4\/wp-json\/wp\/v2\/users\/1"}],"replies":[{"embeddable":true,"href":"https:\/\/www.diocesisciudadrodrigo.org\/blog4\/wp-json\/wp\/v2\/comments?post=40394"}],"version-history":[{"count":23,"href":"https:\/\/www.diocesisciudadrodrigo.org\/blog4\/wp-json\/wp\/v2\/posts\/40394\/revisions"}],"predecessor-version":[{"id":40510,"href":"https:\/\/www.diocesisciudadrodrigo.org\/blog4\/wp-json\/wp\/v2\/posts\/40394\/revisions\/40510"}],"wp:featuredmedia":[{"embeddable":true,"href":"https:\/\/www.diocesisciudadrodrigo.org\/blog4\/wp-json\/wp\/v2\/media\/40390"}],"wp:attachment":[{"href":"https:\/\/www.diocesisciudadrodrigo.org\/blog4\/wp-json\/wp\/v2\/media?parent=40394"}],"wp:term":[{"taxonomy":"category","embeddable":true,"href":"https:\/\/www.diocesisciudadrodrigo.org\/blog4\/wp-json\/wp\/v2\/categories?post=40394"},{"taxonomy":"post_tag","embeddable":true,"href":"https:\/\/www.diocesisciudadrodrigo.org\/blog4\/wp-json\/wp\/v2\/tags?post=40394"}],"curies":[{"name":"wp","href":"https:\/\/api.w.org\/{rel}","templated":true}]}}