{"id":40389,"date":"2025-11-12T16:33:12","date_gmt":"2025-11-12T15:33:12","guid":{"rendered":"https:\/\/www.diocesisciudadrodrigo.org\/blog4\/?p=40389"},"modified":"2025-11-12T16:36:24","modified_gmt":"2025-11-12T15:36:24","slug":"mons-retana-la-corresponsabilidad-es-signo-de-la-madurez-eclesial-del-cristiano","status":"publish","type":"post","link":"https:\/\/www.diocesisciudadrodrigo.org\/blog4\/mons-retana-la-corresponsabilidad-es-signo-de-la-madurez-eclesial-del-cristiano\/","title":{"rendered":"Mons. Retana: \u201cLa corresponsabilidad es signo de la madurez eclesial del cristiano\u201d"},"content":{"rendered":"\t\t<div data-elementor-type=\"wp-post\" data-elementor-id=\"40389\" class=\"elementor elementor-40389\" data-elementor-settings=\"[]\">\n\t\t\t\t\t\t<div class=\"elementor-inner\">\n\t\t\t\t\t\t\t<div class=\"elementor-section-wrap\">\n\t\t\t\t\t\t\t<section class=\"elementor-section elementor-top-section elementor-element elementor-element-00bf5ee elementor-section-boxed elementor-section-height-default elementor-section-height-default\" data-id=\"00bf5ee\" data-element_type=\"section\">\n\t\t\t\t\t\t<div class=\"elementor-container elementor-column-gap-default\">\n\t\t\t\t\t\t\t<div class=\"elementor-row\">\n\t\t\t\t\t<div class=\"elementor-column elementor-col-100 elementor-top-column elementor-element elementor-element-30e6132\" data-id=\"30e6132\" data-element_type=\"column\">\n\t\t\t<div class=\"elementor-column-wrap elementor-element-populated\">\n\t\t\t\t\t\t\t<div class=\"elementor-widget-wrap\">\n\t\t\t\t\t\t<div class=\"elementor-element elementor-element-1f95f12 elementor-widget elementor-widget-text-editor\" data-id=\"1f95f12\" data-element_type=\"widget\" data-widget_type=\"text-editor.default\">\n\t\t\t\t<div class=\"elementor-widget-container\">\n\t\t\t\t\t\t\t\t<div class=\"elementor-text-editor elementor-clearfix\">\n\t\t\t\t<h3><em>Con motivo del D\u00eda de la Iglesia Diocesana, el obispo de Ciudad Rodrigo, fue entrevistado este domingo en el programa \u00abIglesia Noticia\u00bb de COPE, donde invit\u00f3 a los fieles a redescubrir la alegr\u00eda de pertenecer a la Iglesia y a renovar su corresponsabilidad en la vida y misi\u00f3n diocesana<\/em><\/h3><p><strong>DELEGACI\u00d3N DE MEDIOS<\/strong><\/p><p>El obispo de Ciudad Rodrigo, Mons. Jos\u00e9 Luis Retana, fue entrevistado el domingo, 9 de noviembre, en el programa \u00abIglesia Noticia\u00bb de COPE, donde reflexion\u00f3 sobre el sentido del D\u00eda de la Iglesia Diocesana, celebrado ese d\u00eda bajo el lema: \u00abT\u00fa tambi\u00e9n puedes ser santo\u00bb, y sobre la llamada a vivir la santidad en lo cotidiano. Por su inter\u00e9s, reproducimos a continuaci\u00f3n la entrevista completa.<\/p><p><span style=\"color: #e63030;\"><strong>\u00bfPor qu\u00e9 es importante detenernos un d\u00eda al a\u00f1o para dar las gracias por nuestra Iglesia diocesana y tomar conciencia tambi\u00e9n de que formamos parte de una familia en la di\u00f3cesis? <\/strong><\/span><\/p><p><img loading=\"lazy\" decoding=\"async\" class=\"size-medium wp-image-35005 alignleft\" src=\"https:\/\/www.diocesisciudadrodrigo.org\/blog4\/wp-content\/uploads\/2025\/02\/jose-luis-retana-villavieja-de-yeltes_MG_9877-300x285.jpg\" alt=\"\" width=\"300\" height=\"285\" srcset=\"https:\/\/www.diocesisciudadrodrigo.org\/blog4\/wp-content\/uploads\/2025\/02\/jose-luis-retana-villavieja-de-yeltes_MG_9877-300x285.jpg 300w, https:\/\/www.diocesisciudadrodrigo.org\/blog4\/wp-content\/uploads\/2025\/02\/jose-luis-retana-villavieja-de-yeltes_MG_9877-1024x971.jpg 1024w, https:\/\/www.diocesisciudadrodrigo.org\/blog4\/wp-content\/uploads\/2025\/02\/jose-luis-retana-villavieja-de-yeltes_MG_9877-768x728.jpg 768w, https:\/\/www.diocesisciudadrodrigo.org\/blog4\/wp-content\/uploads\/2025\/02\/jose-luis-retana-villavieja-de-yeltes_MG_9877-1536x1457.jpg 1536w, https:\/\/www.diocesisciudadrodrigo.org\/blog4\/wp-content\/uploads\/2025\/02\/jose-luis-retana-villavieja-de-yeltes_MG_9877-2048x1943.jpg 2048w, https:\/\/www.diocesisciudadrodrigo.org\/blog4\/wp-content\/uploads\/2025\/02\/jose-luis-retana-villavieja-de-yeltes_MG_9877-350x332.jpg 350w\" sizes=\"auto, (max-width: 300px) 100vw, 300px\" \/>Es muy importante porque los d\u00edas transcurren lenta o r\u00e1pidamente, pero el que haya un momento como este d\u00eda 9 para hacer memoria de lo que somos y de a qui\u00e9n pertenecemos, es decir, que somos cristianos, que pertenecemos a Cristo, que somos miembros de un pueblo resulta esencial. Es importante dar gracias por este regalo inmenso de la fe y por el hecho de pertenecer a la comunidad cristiana, porque cada uno de nosotros formamos parte de esta gran familia creyente, donde cada uno aporta, dentro de sus dones y carismas, lo m\u00e1s valioso que tiene. A veces es simplemente una oraci\u00f3n, otras es su tiempo, su talento o \u00a0tambi\u00e9n la colaboraci\u00f3n econ\u00f3mica.<\/p><p>Queremos tomar conciencia de que pertenecemos a un pueblo y de que caminamos juntos, unidos, siguiendo a Cristo. Y esto es la Iglesia.<\/p><p><span style=\"color: #e63030;\"><strong>Este a\u00f1o el D\u00eda de la Iglesia Diocesana coincide con la memoria de los santos, beatos,&#8230; de las iglesia local, impulsada por el papa Francisco. <\/strong><strong>\u00bfQu\u00e9 significado cree usted que tiene esta coincidencia y qu\u00e9 nos ense\u00f1a?<\/strong><\/span><\/p><p>Creo que no somos conscientes de que en este pueblo, que es la Iglesia, hay una historia bell\u00edsima. En primer lugar, porque todos somos llamados a ser santos, pero tambi\u00e9n porque existe una historia concreta, la de nuestros santos y beatos que son el rostro vivo de la fe en nuestra tierra concreta. El ver que hay gente de nuestros pueblos, de nuestras familias, que han sido reconocidos por la Iglesia como beatos en este caso, es muy importante.<\/p><p>De hecho, nosotros en Ciudad Rodrigo tenemos a la <strong>beata Nieves Crespo<\/strong>, que fue carmelita vedruna, muri\u00f3 m\u00e1rtir en el 36; a los <strong>beatos Pedro Luis Luis OP<\/strong>\u00a0y <strong>Vidal Luis G\u00f3mara OP<\/strong>, de Monsagro, tambi\u00e9n m\u00e1rtires; al <strong>beato Fernando Garc\u00eda de Dios<\/strong>, novicio dominico de San Felices de los Gallegos; y, a dos <strong>beatos capuchinos<\/strong> de Sobradillo, el <strong>P. Alejandro<\/strong> y el <strong>P. Ramiro<\/strong>.<\/p><p>Estos son paisanos nuestros, y <strong>hacer memoria de ellos nos recuerda que no nos salvamos solos<\/strong>. La Iglesia es una comunidad que camina, un pueblo que avanza unido en comuni\u00f3n con toda la Iglesia universal y, por lo tanto, es reconocer que nos necesitamos unos a otros para ayudarnos, sostenernos y crecer en el bien. Esto es lo que celebramos en toda la Iglesia el 9 de noviembre.<\/p><p><span style=\"color: #e63030;\"><strong>El lema de este a\u00f1o del D\u00eda de la Iglesia Diocesana es t\u00fa tambi\u00e9n puedes ser santo. \u00bfC\u00f3mo podemos vivir hoy esa llamada en nuestra vida diaria?<\/strong><\/span><\/p><p>Hay una llamada clara, que es la del Bautismo. La Iglesia, que es maestra y que es sabia, nos ha hecho vivir esta gran fiesta de Todos los Santos hace muy pocos d\u00edas. Son santos an\u00f3nimos, que no tienen peana ni est\u00e1n en los altares, pero que son santos de nuestra tierra, posiblemente de nuestra propia familia, porque han vivido bien su vida, la que le correspond\u00eda. Es decir, que <strong>la vida nueva que brota en el bautismo es una llamada a la santidad, y \u00e9sta se vive en lo cotidiano<\/strong>, se vive en lo sencillo, en lo peque\u00f1o: en la vida cotidiana, en el trabajo, en la familia que tienes, en el servicio que prestas, en el peque\u00f1o testimonio, en la oraci\u00f3n,\u2026 Se trata de vivir la santidad concreta en nuestra circunstancia de cada uno. Uno ser\u00e1 sacerdote, otro trabajar\u00e1 en la banca, otro ser\u00e1 maestro, otra ser\u00e1 madre de casa,&#8230; En esa circunstancia concreta es donde uno se hace santo, porque no depende tanto de nosotros como de dejar que el amor de Dios transforme nuestra vida y hacerlo no solos, sino en la comunidad de la vida de la Iglesia.<\/p><p><span style=\"color: #e63030;\"><strong> <img loading=\"lazy\" decoding=\"async\" class=\"wp-image-40434 alignright\" src=\"https:\/\/www.diocesisciudadrodrigo.org\/blog4\/wp-content\/uploads\/2025\/11\/comunidad-parroquial-1-750x1000.jpeg\" alt=\"\" width=\"295\" height=\"393\" srcset=\"https:\/\/www.diocesisciudadrodrigo.org\/blog4\/wp-content\/uploads\/2025\/11\/comunidad-parroquial-1-750x1000.jpeg 750w, https:\/\/www.diocesisciudadrodrigo.org\/blog4\/wp-content\/uploads\/2025\/11\/comunidad-parroquial-1-768x1024.jpeg 768w, https:\/\/www.diocesisciudadrodrigo.org\/blog4\/wp-content\/uploads\/2025\/11\/comunidad-parroquial-1-1152x1536.jpeg 1152w, https:\/\/www.diocesisciudadrodrigo.org\/blog4\/wp-content\/uploads\/2025\/11\/comunidad-parroquial-1-350x467.jpeg 350w, https:\/\/www.diocesisciudadrodrigo.org\/blog4\/wp-content\/uploads\/2025\/11\/comunidad-parroquial-1.jpeg 1200w\" sizes=\"auto, (max-width: 295px) 100vw, 295px\" \/>\u00bfQu\u00e9 signos de vida y de esperanza destacar\u00eda en este momento la Di\u00f3cesis de Ciudad Rodrigo?<\/strong><\/span><\/p><p>Ciudad Rodrigo es una di\u00f3cesis hist\u00f3rica y su gente vive con amor a su tierra y a su di\u00f3cesis. Yo veo que hay una vida muy grande. Tenemos 52 sacerdotes, hay un di\u00e1cono permanente, m\u00e1s de 80 catequistas y 74 religiosas, que sostienen la vida pastoral de la di\u00f3cesis, en las 121 parroquias, distribuidas en siete arciprestazgos. En esos arciprestazgos hay encuentros mensuales, el obispo va trimestralmente y contamos con 39 misioneros diocesanos que anuncian el evangelio fuera de las fronteras de nuestra di\u00f3cesis.<\/p><p>La acci\u00f3n social, por ejemplo, llevada por C\u00e1ritas que el a\u00f1o pasado acompa\u00f1\u00f3 a casi 3.000 personas a trav\u00e9s de sus acciones y programas. Tambi\u00e9n las comunidades religiosas que atienden residencias de ancianos,\u2026 los laicos voluntarios -48 en C\u00e1ritas y 20 en Manos Unidas-, y la vida consagrada. En todo ello, <strong>veo una comunidad sencilla, pero con una vitalidad grande, comprometida, que camina, con esperanza.<\/strong><\/p><p><span style=\"color: #e63030;\"><strong>Este D\u00eda de la Iglesia Diocesana sirve adem\u00e1s para presentar el balance econ\u00f3mico y la memoria de actividades de la Iglesia. \u00bfEs un gesto importante de transparencia?<\/strong><\/span><\/p><p>Eso es important\u00edsimo para nosotros. La Iglesia tiene las paredes de cristal: se puede ver todo, tambi\u00e9n su pecado, pero en la gesti\u00f3n econ\u00f3mica es transparente. La Iglesia ha optado con una claridad meridiana por una transparencia que yo creo que forma parte de su ADN, porque <strong>la transparencia genera confianza y permite que todos se sientan parte de su misi\u00f3n<\/strong>, cada uno desde la sencillez de lo que puede aportar.<\/p><p>Los ingresos de nuestra di\u00f3cesis dependen fundamentalmente de las aportaciones de los fieles, que son generosos y entienden que la vida de la Iglesia la llevamos adelante entre todos. Tambi\u00e9n de la asignaci\u00f3n tributaria, que se distribuye en la di\u00f3cesis dependiendo de su geograf\u00eda, n\u00famero de sacerdotes, kil\u00f3metros cuadrados, etc. Pero es importante recalcar que <strong>cada euro que recibe la Iglesia tiene un destino pastoral<\/strong>, tiene un destino educativo, social o misionero. Cada euro recibido tiene un rostro, y no se queda nada por el camino.<\/p><p><span style=\"color: #f50202;\"><strong>\u00bfC\u00f3mo podemos los fieles colaborar con nuestras parroquias y con nuestra di\u00f3cesis para seguir construyendo juntos esa Iglesia viva y misionera de la que habla? <\/strong><\/span><\/p><p>Adem\u00e1s de la transparencia, hay otra palabra que nos identifica: la <strong>corresponsabilidad<\/strong>. La Iglesia entera la llevan adelante los cristianos, conscientes de la belleza de pertenecer a este pueblo. Uno entiende que para la cantidad de actividades que se hacen en nuestra di\u00f3cesis y en nuestra parroquia, tenemos que colaborar todos. Podemos aportar ese sost\u00e9n espiritual que es la oraci\u00f3n para la Iglesia, nuestro tiempo, colaborar en nuestra parroquia en diversas acciones solidarias, tambi\u00e9n nuestras cualidades, que las ponemos al servicio de todos; y tambi\u00e9n econ\u00f3micamente: con las colectas y las aportaciones peri\u00f3dicas, las donaciones, los legados y a trav\u00e9s del portal Dono a mi Iglesia.<\/p><p>Si uno entiende que <strong>la Iglesia el euro que recibe lo multiplica<\/strong>, ese creyente es responsable de su fe, pues ayuda a la Iglesia. Es decir, que <strong>la corresponsabilidad es la que nos da el signo de la madurez eclesial de un cristiano<\/strong>. Por lo tanto, invito a vivir esta jornada como una oportunidad para renovar nuestro compromiso con nuestra di\u00f3cesis y con nuestra parroquia, especialmente con los m\u00e1s necesitados, que son los preferidos de Jes\u00fas. Si la Iglesia quiere ser cre\u00edble, tambi\u00e9n ellos tienen que ser sus preferidos.<\/p>\t\t\t\t\t<\/div>\n\t\t\t\t\t\t<\/div>\n\t\t\t\t<\/div>\n\t\t\t\t\t\t<\/div>\n\t\t\t\t\t<\/div>\n\t\t<\/div>\n\t\t\t\t\t\t\t\t<\/div>\n\t\t\t\t\t<\/div>\n\t\t<\/section>\n\t\t\t\t<section class=\"elementor-section elementor-top-section elementor-element elementor-element-5ed1b4d elementor-section-boxed elementor-section-height-default elementor-section-height-default\" data-id=\"5ed1b4d\" data-element_type=\"section\">\n\t\t\t\t\t\t<div class=\"elementor-container elementor-column-gap-default\">\n\t\t\t\t\t\t\t<div class=\"elementor-row\">\n\t\t\t\t\t<div class=\"elementor-column elementor-col-100 elementor-top-column elementor-element elementor-element-d40366e\" data-id=\"d40366e\" data-element_type=\"column\">\n\t\t\t<div class=\"elementor-column-wrap\">\n\t\t\t\t\t\t\t<div class=\"elementor-widget-wrap\">\n\t\t\t\t\t\t\t\t<\/div>\n\t\t\t\t\t<\/div>\n\t\t<\/div>\n\t\t\t\t\t\t\t\t<\/div>\n\t\t\t\t\t<\/div>\n\t\t<\/section>\n\t\t\t\t\t\t<\/div>\n\t\t\t\t\t\t<\/div>\n\t\t\t\t\t<\/div>\n\t\t","protected":false},"excerpt":{"rendered":"<p>Con motivo del D\u00eda de la Iglesia Diocesana, el obispo de Ciudad Rodrigo, fue entrevistado este domingo en el programa \u00abIglesia Noticia\u00bb de COPE, donde invit\u00f3 a los fieles a &#8230; <\/p>\n<p class=\"read-more-container\"><a title=\"Mons. Retana: \u201cLa corresponsabilidad es signo de la madurez eclesial del cristiano\u201d\" class=\"read-more button\" href=\"https:\/\/www.diocesisciudadrodrigo.org\/blog4\/mons-retana-la-corresponsabilidad-es-signo-de-la-madurez-eclesial-del-cristiano\/#more-40389\" aria-label=\"M\u00e1s en Mons. Retana: \u201cLa corresponsabilidad es signo de la madurez eclesial del cristiano\u201d\">Leer m\u00e1s &#8230;<\/a><\/p>\n","protected":false},"author":1,"featured_media":35005,"comment_status":"closed","ping_status":"closed","sticky":false,"template":"","format":"standard","meta":{"footnotes":""},"categories":[6],"tags":[],"class_list":["post-40389","post","type-post","status-publish","format-standard","has-post-thumbnail","hentry","category-noticias","masonry-post","generate-columns","tablet-grid-50","mobile-grid-100","grid-parent","grid-50"],"yoast_head":"<!-- This site is optimized with the Yoast SEO plugin v27.3 - https:\/\/yoast.com\/product\/yoast-seo-wordpress\/ -->\n<title>Mons. Retana: \u201cLa corresponsabilidad es signo de la madurez eclesial del cristiano\u201d - Di\u00f3cesis de Ciudad Rodrigo<\/title>\n<meta name=\"robots\" content=\"index, follow, max-snippet:-1, max-image-preview:large, max-video-preview:-1\" \/>\n<link rel=\"canonical\" href=\"https:\/\/www.diocesisciudadrodrigo.org\/blog4\/mons-retana-la-corresponsabilidad-es-signo-de-la-madurez-eclesial-del-cristiano\/\" \/>\n<meta property=\"og:locale\" content=\"es_ES\" \/>\n<meta property=\"og:type\" content=\"article\" \/>\n<meta property=\"og:title\" content=\"Mons. Retana: \u201cLa corresponsabilidad es signo de la madurez eclesial del cristiano\u201d - Di\u00f3cesis de Ciudad Rodrigo\" \/>\n<meta property=\"og:description\" content=\"Con motivo del D\u00eda de la Iglesia Diocesana, el obispo de Ciudad Rodrigo, fue entrevistado este domingo en el programa \u00abIglesia Noticia\u00bb de COPE, donde invit\u00f3 a los fieles a ... Leer m\u00e1s ...\" \/>\n<meta property=\"og:url\" content=\"https:\/\/www.diocesisciudadrodrigo.org\/blog4\/mons-retana-la-corresponsabilidad-es-signo-de-la-madurez-eclesial-del-cristiano\/\" \/>\n<meta property=\"og:site_name\" content=\"Di\u00f3cesis de Ciudad Rodrigo\" \/>\n<meta property=\"article:publisher\" content=\"https:\/\/www.facebook.com\/people\/Dicesis-Ciudad-Rodrigo-MCS\/100076471923419\/#\" \/>\n<meta property=\"article:published_time\" content=\"2025-11-12T15:33:12+00:00\" \/>\n<meta property=\"article:modified_time\" content=\"2025-11-12T15:36:24+00:00\" \/>\n<meta property=\"og:image\" content=\"https:\/\/www.diocesisciudadrodrigo.org\/blog4\/wp-content\/uploads\/2025\/02\/jose-luis-retana-villavieja-de-yeltes_MG_9877-scaled.jpg\" \/>\n\t<meta property=\"og:image:width\" content=\"2560\" \/>\n\t<meta property=\"og:image:height\" content=\"2428\" \/>\n\t<meta property=\"og:image:type\" content=\"image\/jpeg\" \/>\n<meta name=\"author\" content=\"medios CR\" \/>\n<meta name=\"twitter:card\" content=\"summary_large_image\" \/>\n<meta name=\"twitter:label1\" content=\"Escrito por\" \/>\n\t<meta name=\"twitter:data1\" content=\"medios CR\" \/>\n\t<meta name=\"twitter:label2\" content=\"Tiempo de lectura\" \/>\n\t<meta name=\"twitter:data2\" content=\"7 minutos\" \/>\n<script type=\"application\/ld+json\" class=\"yoast-schema-graph\">{\"@context\":\"https:\\\/\\\/schema.org\",\"@graph\":[{\"@type\":\"Article\",\"@id\":\"https:\\\/\\\/www.diocesisciudadrodrigo.org\\\/blog4\\\/mons-retana-la-corresponsabilidad-es-signo-de-la-madurez-eclesial-del-cristiano\\\/#article\",\"isPartOf\":{\"@id\":\"https:\\\/\\\/www.diocesisciudadrodrigo.org\\\/blog4\\\/mons-retana-la-corresponsabilidad-es-signo-de-la-madurez-eclesial-del-cristiano\\\/\"},\"author\":{\"name\":\"medios CR\",\"@id\":\"https:\\\/\\\/www.diocesisciudadrodrigo.org\\\/blog4\\\/#\\\/schema\\\/person\\\/5fcf0ca636a75766ff70e6417b6ed052\"},\"headline\":\"Mons. Retana: \u201cLa corresponsabilidad es signo de la madurez eclesial del cristiano\u201d\",\"datePublished\":\"2025-11-12T15:33:12+00:00\",\"dateModified\":\"2025-11-12T15:36:24+00:00\",\"mainEntityOfPage\":{\"@id\":\"https:\\\/\\\/www.diocesisciudadrodrigo.org\\\/blog4\\\/mons-retana-la-corresponsabilidad-es-signo-de-la-madurez-eclesial-del-cristiano\\\/\"},\"wordCount\":1414,\"publisher\":{\"@id\":\"https:\\\/\\\/www.diocesisciudadrodrigo.org\\\/blog4\\\/#organization\"},\"image\":{\"@id\":\"https:\\\/\\\/www.diocesisciudadrodrigo.org\\\/blog4\\\/mons-retana-la-corresponsabilidad-es-signo-de-la-madurez-eclesial-del-cristiano\\\/#primaryimage\"},\"thumbnailUrl\":\"https:\\\/\\\/www.diocesisciudadrodrigo.org\\\/blog4\\\/wp-content\\\/uploads\\\/2025\\\/02\\\/jose-luis-retana-villavieja-de-yeltes_MG_9877-scaled.jpg\",\"articleSection\":[\"Noticias\"],\"inLanguage\":\"es\"},{\"@type\":\"WebPage\",\"@id\":\"https:\\\/\\\/www.diocesisciudadrodrigo.org\\\/blog4\\\/mons-retana-la-corresponsabilidad-es-signo-de-la-madurez-eclesial-del-cristiano\\\/\",\"url\":\"https:\\\/\\\/www.diocesisciudadrodrigo.org\\\/blog4\\\/mons-retana-la-corresponsabilidad-es-signo-de-la-madurez-eclesial-del-cristiano\\\/\",\"name\":\"Mons. Retana: \u201cLa corresponsabilidad es signo de la madurez eclesial del cristiano\u201d - Di\u00f3cesis de Ciudad Rodrigo\",\"isPartOf\":{\"@id\":\"https:\\\/\\\/www.diocesisciudadrodrigo.org\\\/blog4\\\/#website\"},\"primaryImageOfPage\":{\"@id\":\"https:\\\/\\\/www.diocesisciudadrodrigo.org\\\/blog4\\\/mons-retana-la-corresponsabilidad-es-signo-de-la-madurez-eclesial-del-cristiano\\\/#primaryimage\"},\"image\":{\"@id\":\"https:\\\/\\\/www.diocesisciudadrodrigo.org\\\/blog4\\\/mons-retana-la-corresponsabilidad-es-signo-de-la-madurez-eclesial-del-cristiano\\\/#primaryimage\"},\"thumbnailUrl\":\"https:\\\/\\\/www.diocesisciudadrodrigo.org\\\/blog4\\\/wp-content\\\/uploads\\\/2025\\\/02\\\/jose-luis-retana-villavieja-de-yeltes_MG_9877-scaled.jpg\",\"datePublished\":\"2025-11-12T15:33:12+00:00\",\"dateModified\":\"2025-11-12T15:36:24+00:00\",\"breadcrumb\":{\"@id\":\"https:\\\/\\\/www.diocesisciudadrodrigo.org\\\/blog4\\\/mons-retana-la-corresponsabilidad-es-signo-de-la-madurez-eclesial-del-cristiano\\\/#breadcrumb\"},\"inLanguage\":\"es\",\"potentialAction\":[{\"@type\":\"ReadAction\",\"target\":[\"https:\\\/\\\/www.diocesisciudadrodrigo.org\\\/blog4\\\/mons-retana-la-corresponsabilidad-es-signo-de-la-madurez-eclesial-del-cristiano\\\/\"]}]},{\"@type\":\"ImageObject\",\"inLanguage\":\"es\",\"@id\":\"https:\\\/\\\/www.diocesisciudadrodrigo.org\\\/blog4\\\/mons-retana-la-corresponsabilidad-es-signo-de-la-madurez-eclesial-del-cristiano\\\/#primaryimage\",\"url\":\"https:\\\/\\\/www.diocesisciudadrodrigo.org\\\/blog4\\\/wp-content\\\/uploads\\\/2025\\\/02\\\/jose-luis-retana-villavieja-de-yeltes_MG_9877-scaled.jpg\",\"contentUrl\":\"https:\\\/\\\/www.diocesisciudadrodrigo.org\\\/blog4\\\/wp-content\\\/uploads\\\/2025\\\/02\\\/jose-luis-retana-villavieja-de-yeltes_MG_9877-scaled.jpg\",\"width\":2560,\"height\":2428},{\"@type\":\"BreadcrumbList\",\"@id\":\"https:\\\/\\\/www.diocesisciudadrodrigo.org\\\/blog4\\\/mons-retana-la-corresponsabilidad-es-signo-de-la-madurez-eclesial-del-cristiano\\\/#breadcrumb\",\"itemListElement\":[{\"@type\":\"ListItem\",\"position\":1,\"name\":\"Portada\",\"item\":\"https:\\\/\\\/www.diocesisciudadrodrigo.org\\\/blog4\\\/\"},{\"@type\":\"ListItem\",\"position\":2,\"name\":\"Mons. Retana: \u201cLa corresponsabilidad es signo de la madurez eclesial del cristiano\u201d\"}]},{\"@type\":\"WebSite\",\"@id\":\"https:\\\/\\\/www.diocesisciudadrodrigo.org\\\/blog4\\\/#website\",\"url\":\"https:\\\/\\\/www.diocesisciudadrodrigo.org\\\/blog4\\\/\",\"name\":\"Di\u00f3cesis de Ciudad Rodrigo\",\"description\":\"Sitio web oficial de la di\u00f3cesis civitatense\",\"publisher\":{\"@id\":\"https:\\\/\\\/www.diocesisciudadrodrigo.org\\\/blog4\\\/#organization\"},\"potentialAction\":[{\"@type\":\"SearchAction\",\"target\":{\"@type\":\"EntryPoint\",\"urlTemplate\":\"https:\\\/\\\/www.diocesisciudadrodrigo.org\\\/blog4\\\/?s={search_term_string}\"},\"query-input\":{\"@type\":\"PropertyValueSpecification\",\"valueRequired\":true,\"valueName\":\"search_term_string\"}}],\"inLanguage\":\"es\"},{\"@type\":\"Organization\",\"@id\":\"https:\\\/\\\/www.diocesisciudadrodrigo.org\\\/blog4\\\/#organization\",\"name\":\"Di\u00f3cesis de Ciudad Rodrigo\",\"url\":\"https:\\\/\\\/www.diocesisciudadrodrigo.org\\\/blog4\\\/\",\"logo\":{\"@type\":\"ImageObject\",\"inLanguage\":\"es\",\"@id\":\"https:\\\/\\\/www.diocesisciudadrodrigo.org\\\/blog4\\\/#\\\/schema\\\/logo\\\/image\\\/\",\"url\":\"https:\\\/\\\/www.diocesisciudadrodrigo.org\\\/blog4\\\/wp-content\\\/uploads\\\/2024\\\/12\\\/Diocesis.CMYK_-768x480-1.jpg\",\"contentUrl\":\"https:\\\/\\\/www.diocesisciudadrodrigo.org\\\/blog4\\\/wp-content\\\/uploads\\\/2024\\\/12\\\/Diocesis.CMYK_-768x480-1.jpg\",\"width\":768,\"height\":480,\"caption\":\"Di\u00f3cesis de Ciudad Rodrigo\"},\"image\":{\"@id\":\"https:\\\/\\\/www.diocesisciudadrodrigo.org\\\/blog4\\\/#\\\/schema\\\/logo\\\/image\\\/\"},\"sameAs\":[\"https:\\\/\\\/www.facebook.com\\\/people\\\/Dicesis-Ciudad-Rodrigo-MCS\\\/100076471923419\\\/#\"]},{\"@type\":\"Person\",\"@id\":\"https:\\\/\\\/www.diocesisciudadrodrigo.org\\\/blog4\\\/#\\\/schema\\\/person\\\/5fcf0ca636a75766ff70e6417b6ed052\",\"name\":\"medios CR\",\"image\":{\"@type\":\"ImageObject\",\"inLanguage\":\"es\",\"@id\":\"https:\\\/\\\/secure.gravatar.com\\\/avatar\\\/4a619fd0c7e36bd570f4e6e15eb09a2191185d0f63d8dbfdffe848af141ab87e?s=96&d=mm&r=g\",\"url\":\"https:\\\/\\\/secure.gravatar.com\\\/avatar\\\/4a619fd0c7e36bd570f4e6e15eb09a2191185d0f63d8dbfdffe848af141ab87e?s=96&d=mm&r=g\",\"contentUrl\":\"https:\\\/\\\/secure.gravatar.com\\\/avatar\\\/4a619fd0c7e36bd570f4e6e15eb09a2191185d0f63d8dbfdffe848af141ab87e?s=96&d=mm&r=g\",\"caption\":\"medios CR\"},\"url\":\"https:\\\/\\\/www.diocesisciudadrodrigo.org\\\/blog4\\\/author\\\/admin4\\\/\"}]}<\/script>\n<!-- \/ Yoast SEO plugin. -->","yoast_head_json":{"title":"Mons. Retana: \u201cLa corresponsabilidad es signo de la madurez eclesial del cristiano\u201d - Di\u00f3cesis de Ciudad Rodrigo","robots":{"index":"index","follow":"follow","max-snippet":"max-snippet:-1","max-image-preview":"max-image-preview:large","max-video-preview":"max-video-preview:-1"},"canonical":"https:\/\/www.diocesisciudadrodrigo.org\/blog4\/mons-retana-la-corresponsabilidad-es-signo-de-la-madurez-eclesial-del-cristiano\/","og_locale":"es_ES","og_type":"article","og_title":"Mons. Retana: \u201cLa corresponsabilidad es signo de la madurez eclesial del cristiano\u201d - Di\u00f3cesis de Ciudad Rodrigo","og_description":"Con motivo del D\u00eda de la Iglesia Diocesana, el obispo de Ciudad Rodrigo, fue entrevistado este domingo en el programa \u00abIglesia Noticia\u00bb de COPE, donde invit\u00f3 a los fieles a ... Leer m\u00e1s ...","og_url":"https:\/\/www.diocesisciudadrodrigo.org\/blog4\/mons-retana-la-corresponsabilidad-es-signo-de-la-madurez-eclesial-del-cristiano\/","og_site_name":"Di\u00f3cesis de Ciudad Rodrigo","article_publisher":"https:\/\/www.facebook.com\/people\/Dicesis-Ciudad-Rodrigo-MCS\/100076471923419\/#","article_published_time":"2025-11-12T15:33:12+00:00","article_modified_time":"2025-11-12T15:36:24+00:00","og_image":[{"width":2560,"height":2428,"url":"https:\/\/www.diocesisciudadrodrigo.org\/blog4\/wp-content\/uploads\/2025\/02\/jose-luis-retana-villavieja-de-yeltes_MG_9877-scaled.jpg","type":"image\/jpeg"}],"author":"medios CR","twitter_card":"summary_large_image","twitter_misc":{"Escrito por":"medios CR","Tiempo de lectura":"7 minutos"},"schema":{"@context":"https:\/\/schema.org","@graph":[{"@type":"Article","@id":"https:\/\/www.diocesisciudadrodrigo.org\/blog4\/mons-retana-la-corresponsabilidad-es-signo-de-la-madurez-eclesial-del-cristiano\/#article","isPartOf":{"@id":"https:\/\/www.diocesisciudadrodrigo.org\/blog4\/mons-retana-la-corresponsabilidad-es-signo-de-la-madurez-eclesial-del-cristiano\/"},"author":{"name":"medios CR","@id":"https:\/\/www.diocesisciudadrodrigo.org\/blog4\/#\/schema\/person\/5fcf0ca636a75766ff70e6417b6ed052"},"headline":"Mons. Retana: \u201cLa corresponsabilidad es signo de la madurez eclesial del cristiano\u201d","datePublished":"2025-11-12T15:33:12+00:00","dateModified":"2025-11-12T15:36:24+00:00","mainEntityOfPage":{"@id":"https:\/\/www.diocesisciudadrodrigo.org\/blog4\/mons-retana-la-corresponsabilidad-es-signo-de-la-madurez-eclesial-del-cristiano\/"},"wordCount":1414,"publisher":{"@id":"https:\/\/www.diocesisciudadrodrigo.org\/blog4\/#organization"},"image":{"@id":"https:\/\/www.diocesisciudadrodrigo.org\/blog4\/mons-retana-la-corresponsabilidad-es-signo-de-la-madurez-eclesial-del-cristiano\/#primaryimage"},"thumbnailUrl":"https:\/\/www.diocesisciudadrodrigo.org\/blog4\/wp-content\/uploads\/2025\/02\/jose-luis-retana-villavieja-de-yeltes_MG_9877-scaled.jpg","articleSection":["Noticias"],"inLanguage":"es"},{"@type":"WebPage","@id":"https:\/\/www.diocesisciudadrodrigo.org\/blog4\/mons-retana-la-corresponsabilidad-es-signo-de-la-madurez-eclesial-del-cristiano\/","url":"https:\/\/www.diocesisciudadrodrigo.org\/blog4\/mons-retana-la-corresponsabilidad-es-signo-de-la-madurez-eclesial-del-cristiano\/","name":"Mons. Retana: \u201cLa corresponsabilidad es signo de la madurez eclesial del cristiano\u201d - Di\u00f3cesis de Ciudad Rodrigo","isPartOf":{"@id":"https:\/\/www.diocesisciudadrodrigo.org\/blog4\/#website"},"primaryImageOfPage":{"@id":"https:\/\/www.diocesisciudadrodrigo.org\/blog4\/mons-retana-la-corresponsabilidad-es-signo-de-la-madurez-eclesial-del-cristiano\/#primaryimage"},"image":{"@id":"https:\/\/www.diocesisciudadrodrigo.org\/blog4\/mons-retana-la-corresponsabilidad-es-signo-de-la-madurez-eclesial-del-cristiano\/#primaryimage"},"thumbnailUrl":"https:\/\/www.diocesisciudadrodrigo.org\/blog4\/wp-content\/uploads\/2025\/02\/jose-luis-retana-villavieja-de-yeltes_MG_9877-scaled.jpg","datePublished":"2025-11-12T15:33:12+00:00","dateModified":"2025-11-12T15:36:24+00:00","breadcrumb":{"@id":"https:\/\/www.diocesisciudadrodrigo.org\/blog4\/mons-retana-la-corresponsabilidad-es-signo-de-la-madurez-eclesial-del-cristiano\/#breadcrumb"},"inLanguage":"es","potentialAction":[{"@type":"ReadAction","target":["https:\/\/www.diocesisciudadrodrigo.org\/blog4\/mons-retana-la-corresponsabilidad-es-signo-de-la-madurez-eclesial-del-cristiano\/"]}]},{"@type":"ImageObject","inLanguage":"es","@id":"https:\/\/www.diocesisciudadrodrigo.org\/blog4\/mons-retana-la-corresponsabilidad-es-signo-de-la-madurez-eclesial-del-cristiano\/#primaryimage","url":"https:\/\/www.diocesisciudadrodrigo.org\/blog4\/wp-content\/uploads\/2025\/02\/jose-luis-retana-villavieja-de-yeltes_MG_9877-scaled.jpg","contentUrl":"https:\/\/www.diocesisciudadrodrigo.org\/blog4\/wp-content\/uploads\/2025\/02\/jose-luis-retana-villavieja-de-yeltes_MG_9877-scaled.jpg","width":2560,"height":2428},{"@type":"BreadcrumbList","@id":"https:\/\/www.diocesisciudadrodrigo.org\/blog4\/mons-retana-la-corresponsabilidad-es-signo-de-la-madurez-eclesial-del-cristiano\/#breadcrumb","itemListElement":[{"@type":"ListItem","position":1,"name":"Portada","item":"https:\/\/www.diocesisciudadrodrigo.org\/blog4\/"},{"@type":"ListItem","position":2,"name":"Mons. Retana: \u201cLa corresponsabilidad es signo de la madurez eclesial del cristiano\u201d"}]},{"@type":"WebSite","@id":"https:\/\/www.diocesisciudadrodrigo.org\/blog4\/#website","url":"https:\/\/www.diocesisciudadrodrigo.org\/blog4\/","name":"Di\u00f3cesis de Ciudad Rodrigo","description":"Sitio web oficial de la di\u00f3cesis civitatense","publisher":{"@id":"https:\/\/www.diocesisciudadrodrigo.org\/blog4\/#organization"},"potentialAction":[{"@type":"SearchAction","target":{"@type":"EntryPoint","urlTemplate":"https:\/\/www.diocesisciudadrodrigo.org\/blog4\/?s={search_term_string}"},"query-input":{"@type":"PropertyValueSpecification","valueRequired":true,"valueName":"search_term_string"}}],"inLanguage":"es"},{"@type":"Organization","@id":"https:\/\/www.diocesisciudadrodrigo.org\/blog4\/#organization","name":"Di\u00f3cesis de Ciudad Rodrigo","url":"https:\/\/www.diocesisciudadrodrigo.org\/blog4\/","logo":{"@type":"ImageObject","inLanguage":"es","@id":"https:\/\/www.diocesisciudadrodrigo.org\/blog4\/#\/schema\/logo\/image\/","url":"https:\/\/www.diocesisciudadrodrigo.org\/blog4\/wp-content\/uploads\/2024\/12\/Diocesis.CMYK_-768x480-1.jpg","contentUrl":"https:\/\/www.diocesisciudadrodrigo.org\/blog4\/wp-content\/uploads\/2024\/12\/Diocesis.CMYK_-768x480-1.jpg","width":768,"height":480,"caption":"Di\u00f3cesis de Ciudad Rodrigo"},"image":{"@id":"https:\/\/www.diocesisciudadrodrigo.org\/blog4\/#\/schema\/logo\/image\/"},"sameAs":["https:\/\/www.facebook.com\/people\/Dicesis-Ciudad-Rodrigo-MCS\/100076471923419\/#"]},{"@type":"Person","@id":"https:\/\/www.diocesisciudadrodrigo.org\/blog4\/#\/schema\/person\/5fcf0ca636a75766ff70e6417b6ed052","name":"medios CR","image":{"@type":"ImageObject","inLanguage":"es","@id":"https:\/\/secure.gravatar.com\/avatar\/4a619fd0c7e36bd570f4e6e15eb09a2191185d0f63d8dbfdffe848af141ab87e?s=96&d=mm&r=g","url":"https:\/\/secure.gravatar.com\/avatar\/4a619fd0c7e36bd570f4e6e15eb09a2191185d0f63d8dbfdffe848af141ab87e?s=96&d=mm&r=g","contentUrl":"https:\/\/secure.gravatar.com\/avatar\/4a619fd0c7e36bd570f4e6e15eb09a2191185d0f63d8dbfdffe848af141ab87e?s=96&d=mm&r=g","caption":"medios CR"},"url":"https:\/\/www.diocesisciudadrodrigo.org\/blog4\/author\/admin4\/"}]}},"_links":{"self":[{"href":"https:\/\/www.diocesisciudadrodrigo.org\/blog4\/wp-json\/wp\/v2\/posts\/40389","targetHints":{"allow":["GET"]}}],"collection":[{"href":"https:\/\/www.diocesisciudadrodrigo.org\/blog4\/wp-json\/wp\/v2\/posts"}],"about":[{"href":"https:\/\/www.diocesisciudadrodrigo.org\/blog4\/wp-json\/wp\/v2\/types\/post"}],"author":[{"embeddable":true,"href":"https:\/\/www.diocesisciudadrodrigo.org\/blog4\/wp-json\/wp\/v2\/users\/1"}],"replies":[{"embeddable":true,"href":"https:\/\/www.diocesisciudadrodrigo.org\/blog4\/wp-json\/wp\/v2\/comments?post=40389"}],"version-history":[{"count":27,"href":"https:\/\/www.diocesisciudadrodrigo.org\/blog4\/wp-json\/wp\/v2\/posts\/40389\/revisions"}],"predecessor-version":[{"id":40448,"href":"https:\/\/www.diocesisciudadrodrigo.org\/blog4\/wp-json\/wp\/v2\/posts\/40389\/revisions\/40448"}],"wp:featuredmedia":[{"embeddable":true,"href":"https:\/\/www.diocesisciudadrodrigo.org\/blog4\/wp-json\/wp\/v2\/media\/35005"}],"wp:attachment":[{"href":"https:\/\/www.diocesisciudadrodrigo.org\/blog4\/wp-json\/wp\/v2\/media?parent=40389"}],"wp:term":[{"taxonomy":"category","embeddable":true,"href":"https:\/\/www.diocesisciudadrodrigo.org\/blog4\/wp-json\/wp\/v2\/categories?post=40389"},{"taxonomy":"post_tag","embeddable":true,"href":"https:\/\/www.diocesisciudadrodrigo.org\/blog4\/wp-json\/wp\/v2\/tags?post=40389"}],"curies":[{"name":"wp","href":"https:\/\/api.w.org\/{rel}","templated":true}]}}