{"id":40369,"date":"2025-11-09T17:18:44","date_gmt":"2025-11-09T16:18:44","guid":{"rendered":"https:\/\/www.diocesisciudadrodrigo.org\/blog4\/?p=40369"},"modified":"2025-11-09T17:30:51","modified_gmt":"2025-11-09T16:30:51","slug":"tu-tambien-puedes-ser-santo-dia-de-la-iglesia-diocesana","status":"publish","type":"post","link":"https:\/\/www.diocesisciudadrodrigo.org\/blog4\/tu-tambien-puedes-ser-santo-dia-de-la-iglesia-diocesana\/","title":{"rendered":"\u00abT\u00fa tambi\u00e9n puedes ser santo\u00bb: D\u00eda de la Iglesia Diocesana"},"content":{"rendered":"\t\t<div data-elementor-type=\"wp-post\" data-elementor-id=\"40369\" class=\"elementor elementor-40369\" data-elementor-settings=\"[]\">\n\t\t\t\t\t\t<div class=\"elementor-inner\">\n\t\t\t\t\t\t\t<div class=\"elementor-section-wrap\">\n\t\t\t\t\t\t\t<section class=\"elementor-section elementor-top-section elementor-element elementor-element-fff1fce elementor-section-boxed elementor-section-height-default elementor-section-height-default\" data-id=\"fff1fce\" data-element_type=\"section\">\n\t\t\t\t\t\t<div class=\"elementor-container elementor-column-gap-default\">\n\t\t\t\t\t\t\t<div class=\"elementor-row\">\n\t\t\t\t\t<div class=\"elementor-column elementor-col-100 elementor-top-column elementor-element elementor-element-7bb8f33\" data-id=\"7bb8f33\" data-element_type=\"column\">\n\t\t\t<div class=\"elementor-column-wrap elementor-element-populated\">\n\t\t\t\t\t\t\t<div class=\"elementor-widget-wrap\">\n\t\t\t\t\t\t<div class=\"elementor-element elementor-element-ac0f5ea elementor-widget elementor-widget-text-editor\" data-id=\"ac0f5ea\" data-element_type=\"widget\" data-widget_type=\"text-editor.default\">\n\t\t\t\t<div class=\"elementor-widget-container\">\n\t\t\t\t\t\t\t\t<div class=\"elementor-text-editor elementor-clearfix\">\n\t\t\t\t<h3><em>La Iglesia civitatense invita a descubrir que la santidad est\u00e1 al alcance de cada creyente y se construye cada d\u00eda en la familia, el trabajo y la comunidad. En esta jornada, este a\u00f1o tambi\u00e9n se recuerda con gratitud a sus testigos de fe y santidad: la beata M\u00aa de las Nieves y los beatos Pedro Luis Luis, Vidal Luis G\u00f3mara, Fernando Garc\u00eda de Dios, P. Ramiro y P. Alejandro<\/em><\/h3><p><strong>DELEGACI\u00d3N DE MEDIOS<\/strong><\/p><p>La Iglesia celebra este <strong>domingo, 9 de noviembre<\/strong>, el <strong>D\u00eda de la Iglesia Diocesana<\/strong>, que este a\u00f1o se presenta bajo el lema: <em>\u201cT\u00fa tambi\u00e9n puedes ser santo\u201d<\/em>. La campa\u00f1a, promovida por el Secretariado para el Sostenimiento de la Iglesia, invita a reconocer la santidad como una llamada cercana, posible y presente en la vida cotidiana de cada creyente.<\/p><p>Este a\u00f1o, la jornada coincide con la fecha que el<strong> papa Francisco<\/strong> instituy\u00f3 para que en las <strong>Iglesias locales<\/strong> de todo el mundo <strong>recuerden a sus \u201cpropios santos, beatos, venerables y siervos de Dios\u201d<\/strong>, en el marco de la fiesta de la dedicaci\u00f3n de la Bas\u00edlica de Letr\u00e1n. Con ello, el santo padre quiso subrayar que la santidad no es un ideal lejano, sino una vocaci\u00f3n compartida que florece en el d\u00eda a d\u00eda de nuestras comunidades.<\/p><p>\u201cLa santidad no es para unos pocos, Dios nos llama a ser santos en nuestras circunstancias concretas, en el trabajo, en la familia, en las relaciones de cada d\u00eda\u201d, recuerda en su carta el obispo de Ciudad Rodrigo, <strong>Mons. Jos\u00e9 Luis Retana<\/strong>, quien anima a los fieles a \u201cvivir las circunstancias cotidianas a la luz del Evangelio, tratando de responder a la llamada universal a la santidad\u201d.<\/p><p data-start=\"1569\" data-end=\"1773\">En este contexto, la <strong>Di\u00f3cesis de Ciudad Rodrigo<\/strong> recuerda con gratitud a quienes, nacidos en esta tierra, <strong data-start=\"1678\" data-end=\"1748\">han sido reconocidos por la Iglesia como testigos de fe y santidad<\/strong>. Entre ellos destacan:la <strong>beata M\u00aa de las Nieves (de la Sant\u00edsima Trinidad) Crespo L\u00f3pez<\/strong>, carmelita vedruna de Ciudad Rodrigo; los <strong data-start=\"1892\" data-end=\"1943\">beatos dominicos Pedro Luis Luis y Vidal Luis G\u00f3mara<\/strong>, ambos naturales de <strong data-start=\"1964\" data-end=\"1976\">Monsagro<\/strong>; y<strong data-start=\"1985\" data-end=\"2022\">\u00a0Fernando Garc\u00eda de Dios,<\/strong> novicio dominico\u00a0de San Felices de los Gallegos; los beatos<strong>\u00a0P.<\/strong><strong data-start=\"2070\" data-end=\"2123\">\u00a0Alejandro (Juan Francisco Barahona Mart\u00edn)<\/strong> y el <strong>P. Ramiro (Jos\u00e9 P\u00e9rez Gonz\u00e1lez)<\/strong>, frailes capuchinos nacidos en Sobradillo.<\/p><p>La web de la campa\u00f1a nacional, <a href=\"https:\/\/www.portantos.es\/did25\/\">www.portantos.es<\/a>, recoge las huellas de los santos en Espa\u00f1a, los rostros de quienes fueron ejemplo de fe y el impacto actual de la Iglesia en cada di\u00f3cesis. En el apartado \u00abLa actividad en las di\u00f3cesis\u00bb puede consultarse la revista \u00abNuestra Iglesia\u00bb, editada para esta jornada, que ofrece una mirada a la vida y misi\u00f3n de la Iglesia en Ciudad Rodrigo a lo largo del \u00faltimo a\u00f1o.<\/p><p>El balance de 2024 muestra una Iglesia viva y comprometida: <strong>52 sacerdotes, un di\u00e1cono permanente, 86 catequistas<\/strong> y <strong>74 religiosas<\/strong> sostienen la vida pastoral de las <strong>121 parroquias<\/strong>, junto a <strong>39 misioneros<\/strong> en tierras de misi\u00f3n. En<br \/>el \u00e1mbito social, la di\u00f3cesis atendi\u00f3 a m\u00e1s de 4.000 personas a trav\u00e9s de sus centros, casas y programas de C\u00e1ritas, con el apoyo de voluntarios y laicos que hacen visible la caridad cristiana.<\/p>\t\t\t\t\t<\/div>\n\t\t\t\t\t\t<\/div>\n\t\t\t\t<\/div>\n\t\t\t\t\t\t<\/div>\n\t\t\t\t\t<\/div>\n\t\t<\/div>\n\t\t\t\t\t\t\t\t<\/div>\n\t\t\t\t\t<\/div>\n\t\t<\/section>\n\t\t\t\t<section class=\"elementor-section elementor-top-section elementor-element elementor-element-f0cc9aa elementor-section-boxed elementor-section-height-default elementor-section-height-default\" data-id=\"f0cc9aa\" data-element_type=\"section\">\n\t\t\t\t\t\t<div class=\"elementor-container elementor-column-gap-default\">\n\t\t\t\t\t\t\t<div class=\"elementor-row\">\n\t\t\t\t\t<div class=\"elementor-column elementor-col-100 elementor-top-column elementor-element elementor-element-59bab05\" data-id=\"59bab05\" data-element_type=\"column\">\n\t\t\t<div class=\"elementor-column-wrap elementor-element-populated\">\n\t\t\t\t\t\t\t<div class=\"elementor-widget-wrap\">\n\t\t\t\t\t\t<div class=\"elementor-element elementor-element-0e7acc5 elementor-widget elementor-widget-image\" data-id=\"0e7acc5\" data-element_type=\"widget\" data-widget_type=\"image.default\">\n\t\t\t\t<div class=\"elementor-widget-container\">\n\t\t\t\t\t\t\t\t<div class=\"elementor-image\">\n\t\t\t\t\t\t\t\t\t\t\t\t\t<a href=\"https:\/\/www.diocesisciudadrodrigo.org\/blog4\/wp-content\/uploads\/2025\/11\/DID-Beatos-ciudad-rodrigo.png\">\n\t\t\t\t\t\t\t<img loading=\"lazy\" decoding=\"async\" width=\"1200\" height=\"675\" src=\"https:\/\/www.diocesisciudadrodrigo.org\/blog4\/wp-content\/uploads\/2025\/11\/DID-Beatos-ciudad-rodrigo.png\" class=\"attachment-large size-large\" alt=\"\" srcset=\"https:\/\/www.diocesisciudadrodrigo.org\/blog4\/wp-content\/uploads\/2025\/11\/DID-Beatos-ciudad-rodrigo.png 1280w, https:\/\/www.diocesisciudadrodrigo.org\/blog4\/wp-content\/uploads\/2025\/11\/DID-Beatos-ciudad-rodrigo-1000x563.png 1000w, https:\/\/www.diocesisciudadrodrigo.org\/blog4\/wp-content\/uploads\/2025\/11\/DID-Beatos-ciudad-rodrigo-768x432.png 768w, https:\/\/www.diocesisciudadrodrigo.org\/blog4\/wp-content\/uploads\/2025\/11\/DID-Beatos-ciudad-rodrigo-350x197.png 350w\" sizes=\"auto, (max-width: 1200px) 100vw, 1200px\" \/>\t\t\t\t\t\t\t\t<\/a>\n\t\t\t\t\t\t\t\t\t\t\t\t\t\t<\/div>\n\t\t\t\t\t\t<\/div>\n\t\t\t\t<\/div>\n\t\t\t\t\t\t<\/div>\n\t\t\t\t\t<\/div>\n\t\t<\/div>\n\t\t\t\t\t\t\t\t<\/div>\n\t\t\t\t\t<\/div>\n\t\t<\/section>\n\t\t\t\t\t\t<\/div>\n\t\t\t\t\t\t<\/div>\n\t\t\t\t\t<\/div>\n\t\t","protected":false},"excerpt":{"rendered":"<p>La Iglesia civitatense invita a descubrir que la santidad est\u00e1 al alcance de cada creyente y se construye cada d\u00eda en la familia, el trabajo y la comunidad. En esta &#8230; <\/p>\n<p class=\"read-more-container\"><a title=\"\u00abT\u00fa tambi\u00e9n puedes ser santo\u00bb: D\u00eda de la Iglesia Diocesana\" class=\"read-more button\" href=\"https:\/\/www.diocesisciudadrodrigo.org\/blog4\/tu-tambien-puedes-ser-santo-dia-de-la-iglesia-diocesana\/#more-40369\" aria-label=\"M\u00e1s en \u00abT\u00fa tambi\u00e9n puedes ser santo\u00bb: D\u00eda de la Iglesia Diocesana\">Leer m\u00e1s &#8230;<\/a><\/p>\n","protected":false},"author":1,"featured_media":40380,"comment_status":"closed","ping_status":"closed","sticky":false,"template":"","format":"standard","meta":{"footnotes":""},"categories":[6],"tags":[],"class_list":["post-40369","post","type-post","status-publish","format-standard","has-post-thumbnail","hentry","category-noticias","masonry-post","generate-columns","tablet-grid-50","mobile-grid-100","grid-parent","grid-50"],"yoast_head":"<!-- This site is optimized with the Yoast SEO plugin v27.3 - https:\/\/yoast.com\/product\/yoast-seo-wordpress\/ -->\n<title>&quot;T\u00fa tambi\u00e9n puedes ser santo&quot;: D\u00eda de la Iglesia Diocesana - Di\u00f3cesis de Ciudad Rodrigo<\/title>\n<meta name=\"robots\" content=\"index, follow, max-snippet:-1, max-image-preview:large, max-video-preview:-1\" \/>\n<link rel=\"canonical\" href=\"https:\/\/www.diocesisciudadrodrigo.org\/blog4\/tu-tambien-puedes-ser-santo-dia-de-la-iglesia-diocesana\/\" \/>\n<meta property=\"og:locale\" content=\"es_ES\" \/>\n<meta property=\"og:type\" content=\"article\" \/>\n<meta property=\"og:title\" content=\"&quot;T\u00fa tambi\u00e9n puedes ser santo&quot;: D\u00eda de la Iglesia Diocesana - Di\u00f3cesis de Ciudad Rodrigo\" \/>\n<meta property=\"og:description\" content=\"La Iglesia civitatense invita a descubrir que la santidad est\u00e1 al alcance de cada creyente y se construye cada d\u00eda en la familia, el trabajo y la comunidad. En esta ... Leer m\u00e1s ...\" \/>\n<meta property=\"og:url\" content=\"https:\/\/www.diocesisciudadrodrigo.org\/blog4\/tu-tambien-puedes-ser-santo-dia-de-la-iglesia-diocesana\/\" \/>\n<meta property=\"og:site_name\" content=\"Di\u00f3cesis de Ciudad Rodrigo\" \/>\n<meta property=\"article:publisher\" content=\"https:\/\/www.facebook.com\/people\/Dicesis-Ciudad-Rodrigo-MCS\/100076471923419\/#\" \/>\n<meta property=\"article:published_time\" content=\"2025-11-09T16:18:44+00:00\" \/>\n<meta property=\"article:modified_time\" content=\"2025-11-09T16:30:51+00:00\" \/>\n<meta property=\"og:image\" content=\"https:\/\/www.diocesisciudadrodrigo.org\/blog4\/wp-content\/uploads\/2025\/11\/DID-Beatos-ciudad-rodrigo.png\" \/>\n\t<meta property=\"og:image:width\" content=\"1280\" \/>\n\t<meta property=\"og:image:height\" content=\"720\" \/>\n\t<meta property=\"og:image:type\" content=\"image\/png\" \/>\n<meta name=\"author\" content=\"medios CR\" \/>\n<meta name=\"twitter:card\" content=\"summary_large_image\" \/>\n<meta name=\"twitter:label1\" content=\"Escrito por\" \/>\n\t<meta name=\"twitter:data1\" content=\"medios CR\" \/>\n\t<meta name=\"twitter:label2\" content=\"Tiempo de lectura\" \/>\n\t<meta name=\"twitter:data2\" content=\"3 minutos\" \/>\n<script type=\"application\/ld+json\" class=\"yoast-schema-graph\">{\"@context\":\"https:\\\/\\\/schema.org\",\"@graph\":[{\"@type\":\"Article\",\"@id\":\"https:\\\/\\\/www.diocesisciudadrodrigo.org\\\/blog4\\\/tu-tambien-puedes-ser-santo-dia-de-la-iglesia-diocesana\\\/#article\",\"isPartOf\":{\"@id\":\"https:\\\/\\\/www.diocesisciudadrodrigo.org\\\/blog4\\\/tu-tambien-puedes-ser-santo-dia-de-la-iglesia-diocesana\\\/\"},\"author\":{\"name\":\"medios CR\",\"@id\":\"https:\\\/\\\/www.diocesisciudadrodrigo.org\\\/blog4\\\/#\\\/schema\\\/person\\\/5fcf0ca636a75766ff70e6417b6ed052\"},\"headline\":\"\u00abT\u00fa tambi\u00e9n puedes ser santo\u00bb: D\u00eda de la Iglesia Diocesana\",\"datePublished\":\"2025-11-09T16:18:44+00:00\",\"dateModified\":\"2025-11-09T16:30:51+00:00\",\"mainEntityOfPage\":{\"@id\":\"https:\\\/\\\/www.diocesisciudadrodrigo.org\\\/blog4\\\/tu-tambien-puedes-ser-santo-dia-de-la-iglesia-diocesana\\\/\"},\"wordCount\":556,\"publisher\":{\"@id\":\"https:\\\/\\\/www.diocesisciudadrodrigo.org\\\/blog4\\\/#organization\"},\"image\":{\"@id\":\"https:\\\/\\\/www.diocesisciudadrodrigo.org\\\/blog4\\\/tu-tambien-puedes-ser-santo-dia-de-la-iglesia-diocesana\\\/#primaryimage\"},\"thumbnailUrl\":\"https:\\\/\\\/www.diocesisciudadrodrigo.org\\\/blog4\\\/wp-content\\\/uploads\\\/2025\\\/11\\\/DID-Beatos-ciudad-rodrigo.png\",\"articleSection\":[\"Noticias\"],\"inLanguage\":\"es\"},{\"@type\":\"WebPage\",\"@id\":\"https:\\\/\\\/www.diocesisciudadrodrigo.org\\\/blog4\\\/tu-tambien-puedes-ser-santo-dia-de-la-iglesia-diocesana\\\/\",\"url\":\"https:\\\/\\\/www.diocesisciudadrodrigo.org\\\/blog4\\\/tu-tambien-puedes-ser-santo-dia-de-la-iglesia-diocesana\\\/\",\"name\":\"\\\"T\u00fa tambi\u00e9n puedes ser santo\\\": D\u00eda de la Iglesia Diocesana - Di\u00f3cesis de Ciudad Rodrigo\",\"isPartOf\":{\"@id\":\"https:\\\/\\\/www.diocesisciudadrodrigo.org\\\/blog4\\\/#website\"},\"primaryImageOfPage\":{\"@id\":\"https:\\\/\\\/www.diocesisciudadrodrigo.org\\\/blog4\\\/tu-tambien-puedes-ser-santo-dia-de-la-iglesia-diocesana\\\/#primaryimage\"},\"image\":{\"@id\":\"https:\\\/\\\/www.diocesisciudadrodrigo.org\\\/blog4\\\/tu-tambien-puedes-ser-santo-dia-de-la-iglesia-diocesana\\\/#primaryimage\"},\"thumbnailUrl\":\"https:\\\/\\\/www.diocesisciudadrodrigo.org\\\/blog4\\\/wp-content\\\/uploads\\\/2025\\\/11\\\/DID-Beatos-ciudad-rodrigo.png\",\"datePublished\":\"2025-11-09T16:18:44+00:00\",\"dateModified\":\"2025-11-09T16:30:51+00:00\",\"breadcrumb\":{\"@id\":\"https:\\\/\\\/www.diocesisciudadrodrigo.org\\\/blog4\\\/tu-tambien-puedes-ser-santo-dia-de-la-iglesia-diocesana\\\/#breadcrumb\"},\"inLanguage\":\"es\",\"potentialAction\":[{\"@type\":\"ReadAction\",\"target\":[\"https:\\\/\\\/www.diocesisciudadrodrigo.org\\\/blog4\\\/tu-tambien-puedes-ser-santo-dia-de-la-iglesia-diocesana\\\/\"]}]},{\"@type\":\"ImageObject\",\"inLanguage\":\"es\",\"@id\":\"https:\\\/\\\/www.diocesisciudadrodrigo.org\\\/blog4\\\/tu-tambien-puedes-ser-santo-dia-de-la-iglesia-diocesana\\\/#primaryimage\",\"url\":\"https:\\\/\\\/www.diocesisciudadrodrigo.org\\\/blog4\\\/wp-content\\\/uploads\\\/2025\\\/11\\\/DID-Beatos-ciudad-rodrigo.png\",\"contentUrl\":\"https:\\\/\\\/www.diocesisciudadrodrigo.org\\\/blog4\\\/wp-content\\\/uploads\\\/2025\\\/11\\\/DID-Beatos-ciudad-rodrigo.png\",\"width\":1280,\"height\":720},{\"@type\":\"BreadcrumbList\",\"@id\":\"https:\\\/\\\/www.diocesisciudadrodrigo.org\\\/blog4\\\/tu-tambien-puedes-ser-santo-dia-de-la-iglesia-diocesana\\\/#breadcrumb\",\"itemListElement\":[{\"@type\":\"ListItem\",\"position\":1,\"name\":\"Portada\",\"item\":\"https:\\\/\\\/www.diocesisciudadrodrigo.org\\\/blog4\\\/\"},{\"@type\":\"ListItem\",\"position\":2,\"name\":\"\u00abT\u00fa tambi\u00e9n puedes ser santo\u00bb: D\u00eda de la Iglesia Diocesana\"}]},{\"@type\":\"WebSite\",\"@id\":\"https:\\\/\\\/www.diocesisciudadrodrigo.org\\\/blog4\\\/#website\",\"url\":\"https:\\\/\\\/www.diocesisciudadrodrigo.org\\\/blog4\\\/\",\"name\":\"Di\u00f3cesis de Ciudad Rodrigo\",\"description\":\"Sitio web oficial de la di\u00f3cesis civitatense\",\"publisher\":{\"@id\":\"https:\\\/\\\/www.diocesisciudadrodrigo.org\\\/blog4\\\/#organization\"},\"potentialAction\":[{\"@type\":\"SearchAction\",\"target\":{\"@type\":\"EntryPoint\",\"urlTemplate\":\"https:\\\/\\\/www.diocesisciudadrodrigo.org\\\/blog4\\\/?s={search_term_string}\"},\"query-input\":{\"@type\":\"PropertyValueSpecification\",\"valueRequired\":true,\"valueName\":\"search_term_string\"}}],\"inLanguage\":\"es\"},{\"@type\":\"Organization\",\"@id\":\"https:\\\/\\\/www.diocesisciudadrodrigo.org\\\/blog4\\\/#organization\",\"name\":\"Di\u00f3cesis de Ciudad Rodrigo\",\"url\":\"https:\\\/\\\/www.diocesisciudadrodrigo.org\\\/blog4\\\/\",\"logo\":{\"@type\":\"ImageObject\",\"inLanguage\":\"es\",\"@id\":\"https:\\\/\\\/www.diocesisciudadrodrigo.org\\\/blog4\\\/#\\\/schema\\\/logo\\\/image\\\/\",\"url\":\"https:\\\/\\\/www.diocesisciudadrodrigo.org\\\/blog4\\\/wp-content\\\/uploads\\\/2024\\\/12\\\/Diocesis.CMYK_-768x480-1.jpg\",\"contentUrl\":\"https:\\\/\\\/www.diocesisciudadrodrigo.org\\\/blog4\\\/wp-content\\\/uploads\\\/2024\\\/12\\\/Diocesis.CMYK_-768x480-1.jpg\",\"width\":768,\"height\":480,\"caption\":\"Di\u00f3cesis de Ciudad Rodrigo\"},\"image\":{\"@id\":\"https:\\\/\\\/www.diocesisciudadrodrigo.org\\\/blog4\\\/#\\\/schema\\\/logo\\\/image\\\/\"},\"sameAs\":[\"https:\\\/\\\/www.facebook.com\\\/people\\\/Dicesis-Ciudad-Rodrigo-MCS\\\/100076471923419\\\/#\"]},{\"@type\":\"Person\",\"@id\":\"https:\\\/\\\/www.diocesisciudadrodrigo.org\\\/blog4\\\/#\\\/schema\\\/person\\\/5fcf0ca636a75766ff70e6417b6ed052\",\"name\":\"medios CR\",\"image\":{\"@type\":\"ImageObject\",\"inLanguage\":\"es\",\"@id\":\"https:\\\/\\\/secure.gravatar.com\\\/avatar\\\/4a619fd0c7e36bd570f4e6e15eb09a2191185d0f63d8dbfdffe848af141ab87e?s=96&d=mm&r=g\",\"url\":\"https:\\\/\\\/secure.gravatar.com\\\/avatar\\\/4a619fd0c7e36bd570f4e6e15eb09a2191185d0f63d8dbfdffe848af141ab87e?s=96&d=mm&r=g\",\"contentUrl\":\"https:\\\/\\\/secure.gravatar.com\\\/avatar\\\/4a619fd0c7e36bd570f4e6e15eb09a2191185d0f63d8dbfdffe848af141ab87e?s=96&d=mm&r=g\",\"caption\":\"medios CR\"},\"url\":\"https:\\\/\\\/www.diocesisciudadrodrigo.org\\\/blog4\\\/author\\\/admin4\\\/\"}]}<\/script>\n<!-- \/ Yoast SEO plugin. -->","yoast_head_json":{"title":"\"T\u00fa tambi\u00e9n puedes ser santo\": D\u00eda de la Iglesia Diocesana - Di\u00f3cesis de Ciudad Rodrigo","robots":{"index":"index","follow":"follow","max-snippet":"max-snippet:-1","max-image-preview":"max-image-preview:large","max-video-preview":"max-video-preview:-1"},"canonical":"https:\/\/www.diocesisciudadrodrigo.org\/blog4\/tu-tambien-puedes-ser-santo-dia-de-la-iglesia-diocesana\/","og_locale":"es_ES","og_type":"article","og_title":"\"T\u00fa tambi\u00e9n puedes ser santo\": D\u00eda de la Iglesia Diocesana - Di\u00f3cesis de Ciudad Rodrigo","og_description":"La Iglesia civitatense invita a descubrir que la santidad est\u00e1 al alcance de cada creyente y se construye cada d\u00eda en la familia, el trabajo y la comunidad. En esta ... Leer m\u00e1s ...","og_url":"https:\/\/www.diocesisciudadrodrigo.org\/blog4\/tu-tambien-puedes-ser-santo-dia-de-la-iglesia-diocesana\/","og_site_name":"Di\u00f3cesis de Ciudad Rodrigo","article_publisher":"https:\/\/www.facebook.com\/people\/Dicesis-Ciudad-Rodrigo-MCS\/100076471923419\/#","article_published_time":"2025-11-09T16:18:44+00:00","article_modified_time":"2025-11-09T16:30:51+00:00","og_image":[{"width":1280,"height":720,"url":"https:\/\/www.diocesisciudadrodrigo.org\/blog4\/wp-content\/uploads\/2025\/11\/DID-Beatos-ciudad-rodrigo.png","type":"image\/png"}],"author":"medios CR","twitter_card":"summary_large_image","twitter_misc":{"Escrito por":"medios CR","Tiempo de lectura":"3 minutos"},"schema":{"@context":"https:\/\/schema.org","@graph":[{"@type":"Article","@id":"https:\/\/www.diocesisciudadrodrigo.org\/blog4\/tu-tambien-puedes-ser-santo-dia-de-la-iglesia-diocesana\/#article","isPartOf":{"@id":"https:\/\/www.diocesisciudadrodrigo.org\/blog4\/tu-tambien-puedes-ser-santo-dia-de-la-iglesia-diocesana\/"},"author":{"name":"medios CR","@id":"https:\/\/www.diocesisciudadrodrigo.org\/blog4\/#\/schema\/person\/5fcf0ca636a75766ff70e6417b6ed052"},"headline":"\u00abT\u00fa tambi\u00e9n puedes ser santo\u00bb: D\u00eda de la Iglesia Diocesana","datePublished":"2025-11-09T16:18:44+00:00","dateModified":"2025-11-09T16:30:51+00:00","mainEntityOfPage":{"@id":"https:\/\/www.diocesisciudadrodrigo.org\/blog4\/tu-tambien-puedes-ser-santo-dia-de-la-iglesia-diocesana\/"},"wordCount":556,"publisher":{"@id":"https:\/\/www.diocesisciudadrodrigo.org\/blog4\/#organization"},"image":{"@id":"https:\/\/www.diocesisciudadrodrigo.org\/blog4\/tu-tambien-puedes-ser-santo-dia-de-la-iglesia-diocesana\/#primaryimage"},"thumbnailUrl":"https:\/\/www.diocesisciudadrodrigo.org\/blog4\/wp-content\/uploads\/2025\/11\/DID-Beatos-ciudad-rodrigo.png","articleSection":["Noticias"],"inLanguage":"es"},{"@type":"WebPage","@id":"https:\/\/www.diocesisciudadrodrigo.org\/blog4\/tu-tambien-puedes-ser-santo-dia-de-la-iglesia-diocesana\/","url":"https:\/\/www.diocesisciudadrodrigo.org\/blog4\/tu-tambien-puedes-ser-santo-dia-de-la-iglesia-diocesana\/","name":"\"T\u00fa tambi\u00e9n puedes ser santo\": D\u00eda de la Iglesia Diocesana - Di\u00f3cesis de Ciudad Rodrigo","isPartOf":{"@id":"https:\/\/www.diocesisciudadrodrigo.org\/blog4\/#website"},"primaryImageOfPage":{"@id":"https:\/\/www.diocesisciudadrodrigo.org\/blog4\/tu-tambien-puedes-ser-santo-dia-de-la-iglesia-diocesana\/#primaryimage"},"image":{"@id":"https:\/\/www.diocesisciudadrodrigo.org\/blog4\/tu-tambien-puedes-ser-santo-dia-de-la-iglesia-diocesana\/#primaryimage"},"thumbnailUrl":"https:\/\/www.diocesisciudadrodrigo.org\/blog4\/wp-content\/uploads\/2025\/11\/DID-Beatos-ciudad-rodrigo.png","datePublished":"2025-11-09T16:18:44+00:00","dateModified":"2025-11-09T16:30:51+00:00","breadcrumb":{"@id":"https:\/\/www.diocesisciudadrodrigo.org\/blog4\/tu-tambien-puedes-ser-santo-dia-de-la-iglesia-diocesana\/#breadcrumb"},"inLanguage":"es","potentialAction":[{"@type":"ReadAction","target":["https:\/\/www.diocesisciudadrodrigo.org\/blog4\/tu-tambien-puedes-ser-santo-dia-de-la-iglesia-diocesana\/"]}]},{"@type":"ImageObject","inLanguage":"es","@id":"https:\/\/www.diocesisciudadrodrigo.org\/blog4\/tu-tambien-puedes-ser-santo-dia-de-la-iglesia-diocesana\/#primaryimage","url":"https:\/\/www.diocesisciudadrodrigo.org\/blog4\/wp-content\/uploads\/2025\/11\/DID-Beatos-ciudad-rodrigo.png","contentUrl":"https:\/\/www.diocesisciudadrodrigo.org\/blog4\/wp-content\/uploads\/2025\/11\/DID-Beatos-ciudad-rodrigo.png","width":1280,"height":720},{"@type":"BreadcrumbList","@id":"https:\/\/www.diocesisciudadrodrigo.org\/blog4\/tu-tambien-puedes-ser-santo-dia-de-la-iglesia-diocesana\/#breadcrumb","itemListElement":[{"@type":"ListItem","position":1,"name":"Portada","item":"https:\/\/www.diocesisciudadrodrigo.org\/blog4\/"},{"@type":"ListItem","position":2,"name":"\u00abT\u00fa tambi\u00e9n puedes ser santo\u00bb: D\u00eda de la Iglesia Diocesana"}]},{"@type":"WebSite","@id":"https:\/\/www.diocesisciudadrodrigo.org\/blog4\/#website","url":"https:\/\/www.diocesisciudadrodrigo.org\/blog4\/","name":"Di\u00f3cesis de Ciudad Rodrigo","description":"Sitio web oficial de la di\u00f3cesis civitatense","publisher":{"@id":"https:\/\/www.diocesisciudadrodrigo.org\/blog4\/#organization"},"potentialAction":[{"@type":"SearchAction","target":{"@type":"EntryPoint","urlTemplate":"https:\/\/www.diocesisciudadrodrigo.org\/blog4\/?s={search_term_string}"},"query-input":{"@type":"PropertyValueSpecification","valueRequired":true,"valueName":"search_term_string"}}],"inLanguage":"es"},{"@type":"Organization","@id":"https:\/\/www.diocesisciudadrodrigo.org\/blog4\/#organization","name":"Di\u00f3cesis de Ciudad Rodrigo","url":"https:\/\/www.diocesisciudadrodrigo.org\/blog4\/","logo":{"@type":"ImageObject","inLanguage":"es","@id":"https:\/\/www.diocesisciudadrodrigo.org\/blog4\/#\/schema\/logo\/image\/","url":"https:\/\/www.diocesisciudadrodrigo.org\/blog4\/wp-content\/uploads\/2024\/12\/Diocesis.CMYK_-768x480-1.jpg","contentUrl":"https:\/\/www.diocesisciudadrodrigo.org\/blog4\/wp-content\/uploads\/2024\/12\/Diocesis.CMYK_-768x480-1.jpg","width":768,"height":480,"caption":"Di\u00f3cesis de Ciudad Rodrigo"},"image":{"@id":"https:\/\/www.diocesisciudadrodrigo.org\/blog4\/#\/schema\/logo\/image\/"},"sameAs":["https:\/\/www.facebook.com\/people\/Dicesis-Ciudad-Rodrigo-MCS\/100076471923419\/#"]},{"@type":"Person","@id":"https:\/\/www.diocesisciudadrodrigo.org\/blog4\/#\/schema\/person\/5fcf0ca636a75766ff70e6417b6ed052","name":"medios CR","image":{"@type":"ImageObject","inLanguage":"es","@id":"https:\/\/secure.gravatar.com\/avatar\/4a619fd0c7e36bd570f4e6e15eb09a2191185d0f63d8dbfdffe848af141ab87e?s=96&d=mm&r=g","url":"https:\/\/secure.gravatar.com\/avatar\/4a619fd0c7e36bd570f4e6e15eb09a2191185d0f63d8dbfdffe848af141ab87e?s=96&d=mm&r=g","contentUrl":"https:\/\/secure.gravatar.com\/avatar\/4a619fd0c7e36bd570f4e6e15eb09a2191185d0f63d8dbfdffe848af141ab87e?s=96&d=mm&r=g","caption":"medios CR"},"url":"https:\/\/www.diocesisciudadrodrigo.org\/blog4\/author\/admin4\/"}]}},"_links":{"self":[{"href":"https:\/\/www.diocesisciudadrodrigo.org\/blog4\/wp-json\/wp\/v2\/posts\/40369","targetHints":{"allow":["GET"]}}],"collection":[{"href":"https:\/\/www.diocesisciudadrodrigo.org\/blog4\/wp-json\/wp\/v2\/posts"}],"about":[{"href":"https:\/\/www.diocesisciudadrodrigo.org\/blog4\/wp-json\/wp\/v2\/types\/post"}],"author":[{"embeddable":true,"href":"https:\/\/www.diocesisciudadrodrigo.org\/blog4\/wp-json\/wp\/v2\/users\/1"}],"replies":[{"embeddable":true,"href":"https:\/\/www.diocesisciudadrodrigo.org\/blog4\/wp-json\/wp\/v2\/comments?post=40369"}],"version-history":[{"count":13,"href":"https:\/\/www.diocesisciudadrodrigo.org\/blog4\/wp-json\/wp\/v2\/posts\/40369\/revisions"}],"predecessor-version":[{"id":40388,"href":"https:\/\/www.diocesisciudadrodrigo.org\/blog4\/wp-json\/wp\/v2\/posts\/40369\/revisions\/40388"}],"wp:featuredmedia":[{"embeddable":true,"href":"https:\/\/www.diocesisciudadrodrigo.org\/blog4\/wp-json\/wp\/v2\/media\/40380"}],"wp:attachment":[{"href":"https:\/\/www.diocesisciudadrodrigo.org\/blog4\/wp-json\/wp\/v2\/media?parent=40369"}],"wp:term":[{"taxonomy":"category","embeddable":true,"href":"https:\/\/www.diocesisciudadrodrigo.org\/blog4\/wp-json\/wp\/v2\/categories?post=40369"},{"taxonomy":"post_tag","embeddable":true,"href":"https:\/\/www.diocesisciudadrodrigo.org\/blog4\/wp-json\/wp\/v2\/tags?post=40369"}],"curies":[{"name":"wp","href":"https:\/\/api.w.org\/{rel}","templated":true}]}}