{"id":36060,"date":"2025-04-09T09:22:33","date_gmt":"2025-04-09T07:22:33","guid":{"rendered":"https:\/\/www.diocesisciudadrodrigo.org\/blog4\/?p=36060"},"modified":"2025-04-09T10:01:48","modified_gmt":"2025-04-09T08:01:48","slug":"el-arciprestazgo-de-arganan-celebro-24-horas-para-el-senor","status":"publish","type":"post","link":"https:\/\/www.diocesisciudadrodrigo.org\/blog4\/el-arciprestazgo-de-arganan-celebro-24-horas-para-el-senor\/","title":{"rendered":"El Arciprestazgo de Arga\u00f1\u00e1n celebr\u00f3 \u00ab24 horas para el Se\u00f1or\u00bb"},"content":{"rendered":"\t\t<div data-elementor-type=\"wp-post\" data-elementor-id=\"36060\" class=\"elementor elementor-36060\" data-elementor-settings=\"[]\">\n\t\t\t\t\t\t<div class=\"elementor-inner\">\n\t\t\t\t\t\t\t<div class=\"elementor-section-wrap\">\n\t\t\t\t\t\t\t<section class=\"elementor-section elementor-top-section elementor-element elementor-element-d3a1fe3 elementor-section-boxed elementor-section-height-default elementor-section-height-default\" data-id=\"d3a1fe3\" data-element_type=\"section\">\n\t\t\t\t\t\t<div class=\"elementor-container elementor-column-gap-default\">\n\t\t\t\t\t\t\t<div class=\"elementor-row\">\n\t\t\t\t\t<div class=\"elementor-column elementor-col-100 elementor-top-column elementor-element elementor-element-20e2fc2\" data-id=\"20e2fc2\" data-element_type=\"column\">\n\t\t\t<div class=\"elementor-column-wrap elementor-element-populated\">\n\t\t\t\t\t\t\t<div class=\"elementor-widget-wrap\">\n\t\t\t\t\t\t<div class=\"elementor-element elementor-element-81dee94 elementor-widget elementor-widget-text-editor\" data-id=\"81dee94\" data-element_type=\"widget\" data-widget_type=\"text-editor.default\">\n\t\t\t\t<div class=\"elementor-widget-container\">\n\t\t\t\t\t\t\t\t<div class=\"elementor-text-editor elementor-clearfix\">\n\t\t\t\t<h3><em>Una iniciativa que cada a\u00f1o se realiza de forma rotatoria y en la que este a\u00f1o han participado seis comunidades parroquiales<\/em><\/h3><p><strong>DELEGACI\u00d3N DE MEDIOS<\/strong><\/p><p>Los d\u00edas 4 y 5 de abril, el <strong>Arciprestazgo de Arga\u00f1\u00e1n<\/strong> particip\u00f3 en las <em><strong>24 Horas para el Se\u00f1or<\/strong><\/em>, una iniciativa instituida hace once a\u00f1os por el papa Francisco para promover la oraci\u00f3n y la reconciliaci\u00f3n. Esta jornada, que tradicionalmente se celebra la v\u00edspera del cuarto domingo de Cuaresma, en el caso de este arciprestazgo se traslad\u00f3 al fin de semana siguiente al coincidir con la Peregrinaci\u00f3n diocesana a Roma con motivo del Jubileo de la Esperanza.<\/p><p>Desde hace unos a\u00f1os, varias parroquias del arciprestazgo secundan esta propuesta, rotando los encuentros de oraci\u00f3n. En esta edici\u00f3n, la jornada comenz\u00f3 el viernes, 4 de abril, a las 17:00 horas en <strong>Villar de la Yegua<\/strong>, con el rezo del <strong>viacrucis<\/strong>. Despu\u00e9s, se celebraron <strong>v\u00edsperas<\/strong> en <strong>Villar del Ciervo<\/strong>, seguidas de una <strong>vigilia de oraci\u00f3n<\/strong> en <strong>Fuentes de O\u00f1oro<\/strong>.<\/p><p>El s\u00e1bado continuaron las<em> 24 horas para el Se\u00f1or<\/em> con el rezo de <strong>laudes<\/strong> en <strong>Campillo de Azaba<\/strong>. A las 11:00 horas se celebr\u00f3 un <strong>acto mariano<\/strong> en <strong>Ituero de Azaba<\/strong>, y clausurando la jornada con una <strong>eucarist\u00eda<\/strong> en <strong>Alberguer\u00eda<\/strong>.<\/p><p>El arcipreste de Arga\u00f1\u00e1n, Gabriel \u00c1ngel Cid, destac\u00f3 la participaci\u00f3n de los fieles, el clima de oraci\u00f3n y comuni\u00f3n que vivieron durante estas 24 Horas dedicadas al Se\u00f1or, as\u00ed como la presencia de tres sacerdotes y las Hijas de la Caridad que colaboran de forma habitual en la pastoral del arciprestazgo.<\/p>\t\t\t\t\t<\/div>\n\t\t\t\t\t\t<\/div>\n\t\t\t\t<\/div>\n\t\t\t\t\t\t<\/div>\n\t\t\t\t\t<\/div>\n\t\t<\/div>\n\t\t\t\t\t\t\t\t<\/div>\n\t\t\t\t\t<\/div>\n\t\t<\/section>\n\t\t\t\t<section class=\"elementor-section elementor-top-section elementor-element elementor-element-762584c elementor-section-boxed elementor-section-height-default elementor-section-height-default\" data-id=\"762584c\" data-element_type=\"section\">\n\t\t\t\t\t\t<div class=\"elementor-container elementor-column-gap-default\">\n\t\t\t\t\t\t\t<div class=\"elementor-row\">\n\t\t\t\t\t<div class=\"elementor-column elementor-col-100 elementor-top-column elementor-element elementor-element-a020568\" data-id=\"a020568\" data-element_type=\"column\">\n\t\t\t<div class=\"elementor-column-wrap elementor-element-populated\">\n\t\t\t\t\t\t\t<div class=\"elementor-widget-wrap\">\n\t\t\t\t\t\t<div class=\"elementor-element elementor-element-4918b57 elementor-widget elementor-widget-image\" data-id=\"4918b57\" data-element_type=\"widget\" data-widget_type=\"image.default\">\n\t\t\t\t<div class=\"elementor-widget-container\">\n\t\t\t\t\t\t\t\t<div class=\"elementor-image\">\n\t\t\t\t\t\t\t\t\t\t\t\t<img loading=\"lazy\" decoding=\"async\" width=\"1024\" height=\"768\" src=\"https:\/\/www.diocesisciudadrodrigo.org\/blog4\/wp-content\/uploads\/2025\/04\/24-horas-para-el-sen\u0303ior-CR-at-21.31.58-1024x768.jpeg\" class=\"attachment-large size-large\" alt=\"\" srcset=\"https:\/\/www.diocesisciudadrodrigo.org\/blog4\/wp-content\/uploads\/2025\/04\/24-horas-para-el-sen\u0303ior-CR-at-21.31.58-1024x768.jpeg 1024w, https:\/\/www.diocesisciudadrodrigo.org\/blog4\/wp-content\/uploads\/2025\/04\/24-horas-para-el-sen\u0303ior-CR-at-21.31.58-300x225.jpeg 300w, https:\/\/www.diocesisciudadrodrigo.org\/blog4\/wp-content\/uploads\/2025\/04\/24-horas-para-el-sen\u0303ior-CR-at-21.31.58-768x576.jpeg 768w, https:\/\/www.diocesisciudadrodrigo.org\/blog4\/wp-content\/uploads\/2025\/04\/24-horas-para-el-sen\u0303ior-CR-at-21.31.58-1536x1152.jpeg 1536w, https:\/\/www.diocesisciudadrodrigo.org\/blog4\/wp-content\/uploads\/2025\/04\/24-horas-para-el-sen\u0303ior-CR-at-21.31.58-350x263.jpeg 350w, https:\/\/www.diocesisciudadrodrigo.org\/blog4\/wp-content\/uploads\/2025\/04\/24-horas-para-el-sen\u0303ior-CR-at-21.31.58.jpeg 1600w\" sizes=\"auto, (max-width: 1024px) 100vw, 1024px\" \/>\t\t\t\t\t\t\t\t\t\t\t\t\t\t<\/div>\n\t\t\t\t\t\t<\/div>\n\t\t\t\t<\/div>\n\t\t\t\t\t\t<\/div>\n\t\t\t\t\t<\/div>\n\t\t<\/div>\n\t\t\t\t\t\t\t\t<\/div>\n\t\t\t\t\t<\/div>\n\t\t<\/section>\n\t\t\t\t<section class=\"elementor-section elementor-top-section elementor-element elementor-element-83eaf83 elementor-section-boxed elementor-section-height-default elementor-section-height-default\" data-id=\"83eaf83\" data-element_type=\"section\">\n\t\t\t\t\t\t<div class=\"elementor-container elementor-column-gap-default\">\n\t\t\t\t\t\t\t<div class=\"elementor-row\">\n\t\t\t\t\t<div class=\"elementor-column elementor-col-33 elementor-top-column elementor-element elementor-element-85e2219\" data-id=\"85e2219\" data-element_type=\"column\">\n\t\t\t<div class=\"elementor-column-wrap elementor-element-populated\">\n\t\t\t\t\t\t\t<div class=\"elementor-widget-wrap\">\n\t\t\t\t\t\t<div class=\"elementor-element elementor-element-fbf67e6 elementor-widget elementor-widget-image\" data-id=\"fbf67e6\" data-element_type=\"widget\" data-widget_type=\"image.default\">\n\t\t\t\t<div class=\"elementor-widget-container\">\n\t\t\t\t\t\t\t\t<div class=\"elementor-image\">\n\t\t\t\t\t\t\t\t\t\t\t\t<img loading=\"lazy\" decoding=\"async\" width=\"1024\" height=\"768\" src=\"https:\/\/www.diocesisciudadrodrigo.org\/blog4\/wp-content\/uploads\/2025\/04\/24-horas-para-el-sen\u0303ior-CR-at-21.31.32-1024x768.jpeg\" class=\"attachment-large size-large\" alt=\"\" srcset=\"https:\/\/www.diocesisciudadrodrigo.org\/blog4\/wp-content\/uploads\/2025\/04\/24-horas-para-el-sen\u0303ior-CR-at-21.31.32-1024x768.jpeg 1024w, https:\/\/www.diocesisciudadrodrigo.org\/blog4\/wp-content\/uploads\/2025\/04\/24-horas-para-el-sen\u0303ior-CR-at-21.31.32-300x225.jpeg 300w, https:\/\/www.diocesisciudadrodrigo.org\/blog4\/wp-content\/uploads\/2025\/04\/24-horas-para-el-sen\u0303ior-CR-at-21.31.32-768x576.jpeg 768w, https:\/\/www.diocesisciudadrodrigo.org\/blog4\/wp-content\/uploads\/2025\/04\/24-horas-para-el-sen\u0303ior-CR-at-21.31.32-1536x1152.jpeg 1536w, https:\/\/www.diocesisciudadrodrigo.org\/blog4\/wp-content\/uploads\/2025\/04\/24-horas-para-el-sen\u0303ior-CR-at-21.31.32-350x263.jpeg 350w, https:\/\/www.diocesisciudadrodrigo.org\/blog4\/wp-content\/uploads\/2025\/04\/24-horas-para-el-sen\u0303ior-CR-at-21.31.32.jpeg 2040w\" sizes=\"auto, (max-width: 1024px) 100vw, 1024px\" \/>\t\t\t\t\t\t\t\t\t\t\t\t\t\t<\/div>\n\t\t\t\t\t\t<\/div>\n\t\t\t\t<\/div>\n\t\t\t\t\t\t<\/div>\n\t\t\t\t\t<\/div>\n\t\t<\/div>\n\t\t\t\t<div class=\"elementor-column elementor-col-33 elementor-top-column elementor-element elementor-element-ea974c3\" data-id=\"ea974c3\" data-element_type=\"column\">\n\t\t\t<div class=\"elementor-column-wrap elementor-element-populated\">\n\t\t\t\t\t\t\t<div class=\"elementor-widget-wrap\">\n\t\t\t\t\t\t<div class=\"elementor-element elementor-element-2c9e04a elementor-widget elementor-widget-image\" data-id=\"2c9e04a\" data-element_type=\"widget\" data-widget_type=\"image.default\">\n\t\t\t\t<div class=\"elementor-widget-container\">\n\t\t\t\t\t\t\t\t<div class=\"elementor-image\">\n\t\t\t\t\t\t\t\t\t\t\t\t<img loading=\"lazy\" decoding=\"async\" width=\"768\" height=\"1024\" src=\"https:\/\/www.diocesisciudadrodrigo.org\/blog4\/wp-content\/uploads\/2025\/04\/24-horas-para-el-sen\u0303ior-CR-at-21.31.301-768x1024.jpeg\" class=\"attachment-large size-large\" alt=\"\" srcset=\"https:\/\/www.diocesisciudadrodrigo.org\/blog4\/wp-content\/uploads\/2025\/04\/24-horas-para-el-sen\u0303ior-CR-at-21.31.301-768x1024.jpeg 768w, https:\/\/www.diocesisciudadrodrigo.org\/blog4\/wp-content\/uploads\/2025\/04\/24-horas-para-el-sen\u0303ior-CR-at-21.31.301-225x300.jpeg 225w, https:\/\/www.diocesisciudadrodrigo.org\/blog4\/wp-content\/uploads\/2025\/04\/24-horas-para-el-sen\u0303ior-CR-at-21.31.301-1152x1536.jpeg 1152w, https:\/\/www.diocesisciudadrodrigo.org\/blog4\/wp-content\/uploads\/2025\/04\/24-horas-para-el-sen\u0303ior-CR-at-21.31.301-350x467.jpeg 350w, https:\/\/www.diocesisciudadrodrigo.org\/blog4\/wp-content\/uploads\/2025\/04\/24-horas-para-el-sen\u0303ior-CR-at-21.31.301.jpeg 1200w\" sizes=\"auto, (max-width: 768px) 100vw, 768px\" \/>\t\t\t\t\t\t\t\t\t\t\t\t\t\t<\/div>\n\t\t\t\t\t\t<\/div>\n\t\t\t\t<\/div>\n\t\t\t\t\t\t<\/div>\n\t\t\t\t\t<\/div>\n\t\t<\/div>\n\t\t\t\t<div class=\"elementor-column elementor-col-33 elementor-top-column elementor-element elementor-element-12f3b7e\" data-id=\"12f3b7e\" data-element_type=\"column\">\n\t\t\t<div class=\"elementor-column-wrap elementor-element-populated\">\n\t\t\t\t\t\t\t<div class=\"elementor-widget-wrap\">\n\t\t\t\t\t\t<div class=\"elementor-element elementor-element-5fd0099 elementor-widget elementor-widget-image\" data-id=\"5fd0099\" data-element_type=\"widget\" data-widget_type=\"image.default\">\n\t\t\t\t<div class=\"elementor-widget-container\">\n\t\t\t\t\t\t\t\t<div class=\"elementor-image\">\n\t\t\t\t\t\t\t\t\t\t\t\t<img loading=\"lazy\" decoding=\"async\" width=\"768\" height=\"1024\" src=\"https:\/\/www.diocesisciudadrodrigo.org\/blog4\/wp-content\/uploads\/2025\/04\/24-horas-para-el-sen\u0303ior-CR-at-21.31.312-768x1024.jpeg\" class=\"attachment-large size-large\" alt=\"\" srcset=\"https:\/\/www.diocesisciudadrodrigo.org\/blog4\/wp-content\/uploads\/2025\/04\/24-horas-para-el-sen\u0303ior-CR-at-21.31.312-768x1024.jpeg 768w, https:\/\/www.diocesisciudadrodrigo.org\/blog4\/wp-content\/uploads\/2025\/04\/24-horas-para-el-sen\u0303ior-CR-at-21.31.312-225x300.jpeg 225w, https:\/\/www.diocesisciudadrodrigo.org\/blog4\/wp-content\/uploads\/2025\/04\/24-horas-para-el-sen\u0303ior-CR-at-21.31.312-1152x1536.jpeg 1152w, https:\/\/www.diocesisciudadrodrigo.org\/blog4\/wp-content\/uploads\/2025\/04\/24-horas-para-el-sen\u0303ior-CR-at-21.31.312-350x467.jpeg 350w, https:\/\/www.diocesisciudadrodrigo.org\/blog4\/wp-content\/uploads\/2025\/04\/24-horas-para-el-sen\u0303ior-CR-at-21.31.312.jpeg 1200w\" sizes=\"auto, (max-width: 768px) 100vw, 768px\" \/>\t\t\t\t\t\t\t\t\t\t\t\t\t\t<\/div>\n\t\t\t\t\t\t<\/div>\n\t\t\t\t<\/div>\n\t\t\t\t\t\t<\/div>\n\t\t\t\t\t<\/div>\n\t\t<\/div>\n\t\t\t\t\t\t\t\t<\/div>\n\t\t\t\t\t<\/div>\n\t\t<\/section>\n\t\t\t\t<section class=\"elementor-section elementor-top-section elementor-element elementor-element-7eacd8f elementor-section-boxed elementor-section-height-default elementor-section-height-default\" data-id=\"7eacd8f\" data-element_type=\"section\">\n\t\t\t\t\t\t<div class=\"elementor-container elementor-column-gap-default\">\n\t\t\t\t\t\t\t<div class=\"elementor-row\">\n\t\t\t\t\t<div class=\"elementor-column elementor-col-33 elementor-top-column elementor-element elementor-element-9a2ca03\" data-id=\"9a2ca03\" data-element_type=\"column\">\n\t\t\t<div class=\"elementor-column-wrap elementor-element-populated\">\n\t\t\t\t\t\t\t<div class=\"elementor-widget-wrap\">\n\t\t\t\t\t\t<div class=\"elementor-element elementor-element-527a4ff elementor-widget elementor-widget-image\" data-id=\"527a4ff\" data-element_type=\"widget\" data-widget_type=\"image.default\">\n\t\t\t\t<div class=\"elementor-widget-container\">\n\t\t\t\t\t\t\t\t<div class=\"elementor-image\">\n\t\t\t\t\t\t\t\t\t\t\t\t<img loading=\"lazy\" decoding=\"async\" width=\"768\" height=\"1024\" src=\"https:\/\/www.diocesisciudadrodrigo.org\/blog4\/wp-content\/uploads\/2025\/04\/24-horas-para-el-sen\u0303ior-CR-at-21.31.322-768x1024.jpeg\" class=\"attachment-large size-large\" alt=\"\" srcset=\"https:\/\/www.diocesisciudadrodrigo.org\/blog4\/wp-content\/uploads\/2025\/04\/24-horas-para-el-sen\u0303ior-CR-at-21.31.322-768x1024.jpeg 768w, https:\/\/www.diocesisciudadrodrigo.org\/blog4\/wp-content\/uploads\/2025\/04\/24-horas-para-el-sen\u0303ior-CR-at-21.31.322-225x300.jpeg 225w, https:\/\/www.diocesisciudadrodrigo.org\/blog4\/wp-content\/uploads\/2025\/04\/24-horas-para-el-sen\u0303ior-CR-at-21.31.322-1152x1536.jpeg 1152w, https:\/\/www.diocesisciudadrodrigo.org\/blog4\/wp-content\/uploads\/2025\/04\/24-horas-para-el-sen\u0303ior-CR-at-21.31.322-350x467.jpeg 350w, https:\/\/www.diocesisciudadrodrigo.org\/blog4\/wp-content\/uploads\/2025\/04\/24-horas-para-el-sen\u0303ior-CR-at-21.31.322.jpeg 1530w\" sizes=\"auto, (max-width: 768px) 100vw, 768px\" \/>\t\t\t\t\t\t\t\t\t\t\t\t\t\t<\/div>\n\t\t\t\t\t\t<\/div>\n\t\t\t\t<\/div>\n\t\t\t\t\t\t<\/div>\n\t\t\t\t\t<\/div>\n\t\t<\/div>\n\t\t\t\t<div class=\"elementor-column elementor-col-33 elementor-top-column elementor-element elementor-element-a5da89a\" data-id=\"a5da89a\" data-element_type=\"column\">\n\t\t\t<div class=\"elementor-column-wrap elementor-element-populated\">\n\t\t\t\t\t\t\t<div class=\"elementor-widget-wrap\">\n\t\t\t\t\t\t<div class=\"elementor-element elementor-element-b6a1c5c elementor-widget elementor-widget-image\" data-id=\"b6a1c5c\" data-element_type=\"widget\" data-widget_type=\"image.default\">\n\t\t\t\t<div class=\"elementor-widget-container\">\n\t\t\t\t\t\t\t\t<div class=\"elementor-image\">\n\t\t\t\t\t\t\t\t\t\t\t\t<img loading=\"lazy\" decoding=\"async\" width=\"768\" height=\"1024\" src=\"https:\/\/www.diocesisciudadrodrigo.org\/blog4\/wp-content\/uploads\/2025\/04\/24-horas-para-el-sen\u0303ior-CR-at-21.31.31-768x1024.jpeg\" class=\"attachment-large size-large\" alt=\"\" srcset=\"https:\/\/www.diocesisciudadrodrigo.org\/blog4\/wp-content\/uploads\/2025\/04\/24-horas-para-el-sen\u0303ior-CR-at-21.31.31-768x1024.jpeg 768w, https:\/\/www.diocesisciudadrodrigo.org\/blog4\/wp-content\/uploads\/2025\/04\/24-horas-para-el-sen\u0303ior-CR-at-21.31.31-225x300.jpeg 225w, https:\/\/www.diocesisciudadrodrigo.org\/blog4\/wp-content\/uploads\/2025\/04\/24-horas-para-el-sen\u0303ior-CR-at-21.31.31-1152x1536.jpeg 1152w, https:\/\/www.diocesisciudadrodrigo.org\/blog4\/wp-content\/uploads\/2025\/04\/24-horas-para-el-sen\u0303ior-CR-at-21.31.31-350x467.jpeg 350w, https:\/\/www.diocesisciudadrodrigo.org\/blog4\/wp-content\/uploads\/2025\/04\/24-horas-para-el-sen\u0303ior-CR-at-21.31.31.jpeg 1530w\" sizes=\"auto, (max-width: 768px) 100vw, 768px\" \/>\t\t\t\t\t\t\t\t\t\t\t\t\t\t<\/div>\n\t\t\t\t\t\t<\/div>\n\t\t\t\t<\/div>\n\t\t\t\t\t\t<\/div>\n\t\t\t\t\t<\/div>\n\t\t<\/div>\n\t\t\t\t<div class=\"elementor-column elementor-col-33 elementor-top-column elementor-element elementor-element-1de605c\" data-id=\"1de605c\" data-element_type=\"column\">\n\t\t\t<div class=\"elementor-column-wrap elementor-element-populated\">\n\t\t\t\t\t\t\t<div class=\"elementor-widget-wrap\">\n\t\t\t\t\t\t<div class=\"elementor-element elementor-element-2c2bdfd elementor-widget elementor-widget-image\" data-id=\"2c2bdfd\" data-element_type=\"widget\" data-widget_type=\"image.default\">\n\t\t\t\t<div class=\"elementor-widget-container\">\n\t\t\t\t\t\t\t\t<div class=\"elementor-image\">\n\t\t\t\t\t\t\t\t\t\t\t\t<img loading=\"lazy\" decoding=\"async\" width=\"768\" height=\"1024\" src=\"https:\/\/www.diocesisciudadrodrigo.org\/blog4\/wp-content\/uploads\/2025\/04\/24-horas-para-el-sen\u0303ior-CR-at-21.31.33-768x1024.jpeg\" class=\"attachment-large size-large\" alt=\"\" srcset=\"https:\/\/www.diocesisciudadrodrigo.org\/blog4\/wp-content\/uploads\/2025\/04\/24-horas-para-el-sen\u0303ior-CR-at-21.31.33-768x1024.jpeg 768w, https:\/\/www.diocesisciudadrodrigo.org\/blog4\/wp-content\/uploads\/2025\/04\/24-horas-para-el-sen\u0303ior-CR-at-21.31.33-225x300.jpeg 225w, https:\/\/www.diocesisciudadrodrigo.org\/blog4\/wp-content\/uploads\/2025\/04\/24-horas-para-el-sen\u0303ior-CR-at-21.31.33-1152x1536.jpeg 1152w, https:\/\/www.diocesisciudadrodrigo.org\/blog4\/wp-content\/uploads\/2025\/04\/24-horas-para-el-sen\u0303ior-CR-at-21.31.33-350x467.jpeg 350w, https:\/\/www.diocesisciudadrodrigo.org\/blog4\/wp-content\/uploads\/2025\/04\/24-horas-para-el-sen\u0303ior-CR-at-21.31.33.jpeg 1530w\" sizes=\"auto, (max-width: 768px) 100vw, 768px\" \/>\t\t\t\t\t\t\t\t\t\t\t\t\t\t<\/div>\n\t\t\t\t\t\t<\/div>\n\t\t\t\t<\/div>\n\t\t\t\t\t\t<\/div>\n\t\t\t\t\t<\/div>\n\t\t<\/div>\n\t\t\t\t\t\t\t\t<\/div>\n\t\t\t\t\t<\/div>\n\t\t<\/section>\n\t\t\t\t<section class=\"elementor-section elementor-top-section elementor-element elementor-element-a330278 elementor-section-boxed elementor-section-height-default elementor-section-height-default\" data-id=\"a330278\" data-element_type=\"section\">\n\t\t\t\t\t\t<div class=\"elementor-container elementor-column-gap-default\">\n\t\t\t\t\t\t\t<div class=\"elementor-row\">\n\t\t\t\t\t<div class=\"elementor-column elementor-col-100 elementor-top-column elementor-element elementor-element-9bbe8fd\" data-id=\"9bbe8fd\" data-element_type=\"column\">\n\t\t\t<div class=\"elementor-column-wrap elementor-element-populated\">\n\t\t\t\t\t\t\t<div class=\"elementor-widget-wrap\">\n\t\t\t\t\t\t<div class=\"elementor-element elementor-element-b673de9 elementor-widget elementor-widget-image\" data-id=\"b673de9\" data-element_type=\"widget\" data-widget_type=\"image.default\">\n\t\t\t\t<div class=\"elementor-widget-container\">\n\t\t\t\t\t\t\t\t<div class=\"elementor-image\">\n\t\t\t\t\t\t\t\t\t\t\t\t<img loading=\"lazy\" decoding=\"async\" width=\"1024\" height=\"756\" src=\"https:\/\/www.diocesisciudadrodrigo.org\/blog4\/wp-content\/uploads\/2025\/04\/24horas-para-el-senor-1024x756.jpg\" class=\"attachment-large size-large\" alt=\"\" srcset=\"https:\/\/www.diocesisciudadrodrigo.org\/blog4\/wp-content\/uploads\/2025\/04\/24horas-para-el-senor-1024x756.jpg 1024w, https:\/\/www.diocesisciudadrodrigo.org\/blog4\/wp-content\/uploads\/2025\/04\/24horas-para-el-senor-300x222.jpg 300w, https:\/\/www.diocesisciudadrodrigo.org\/blog4\/wp-content\/uploads\/2025\/04\/24horas-para-el-senor-768x567.jpg 768w, https:\/\/www.diocesisciudadrodrigo.org\/blog4\/wp-content\/uploads\/2025\/04\/24horas-para-el-senor-1536x1134.jpg 1536w, https:\/\/www.diocesisciudadrodrigo.org\/blog4\/wp-content\/uploads\/2025\/04\/24horas-para-el-senor-350x259.jpg 350w, https:\/\/www.diocesisciudadrodrigo.org\/blog4\/wp-content\/uploads\/2025\/04\/24horas-para-el-senor.jpg 1905w\" sizes=\"auto, (max-width: 1024px) 100vw, 1024px\" \/>\t\t\t\t\t\t\t\t\t\t\t\t\t\t<\/div>\n\t\t\t\t\t\t<\/div>\n\t\t\t\t<\/div>\n\t\t\t\t\t\t<\/div>\n\t\t\t\t\t<\/div>\n\t\t<\/div>\n\t\t\t\t\t\t\t\t<\/div>\n\t\t\t\t\t<\/div>\n\t\t<\/section>\n\t\t\t\t\t\t<\/div>\n\t\t\t\t\t\t<\/div>\n\t\t\t\t\t<\/div>\n\t\t","protected":false},"excerpt":{"rendered":"<p>Una iniciativa que cada a\u00f1o se realiza de forma rotatoria y en la que este a\u00f1o han participado seis comunidades parroquiales DELEGACI\u00d3N DE MEDIOS Los d\u00edas 4 y 5 de &#8230; <\/p>\n<p class=\"read-more-container\"><a title=\"El Arciprestazgo de Arga\u00f1\u00e1n celebr\u00f3 \u00ab24 horas para el Se\u00f1or\u00bb\" class=\"read-more button\" href=\"https:\/\/www.diocesisciudadrodrigo.org\/blog4\/el-arciprestazgo-de-arganan-celebro-24-horas-para-el-senor\/#more-36060\" aria-label=\"M\u00e1s en El Arciprestazgo de Arga\u00f1\u00e1n celebr\u00f3 \u00ab24 horas para el Se\u00f1or\u00bb\">Leer m\u00e1s &#8230;<\/a><\/p>\n","protected":false},"author":1,"featured_media":36074,"comment_status":"closed","ping_status":"closed","sticky":false,"template":"","format":"standard","meta":{"footnotes":""},"categories":[6],"tags":[],"class_list":["post-36060","post","type-post","status-publish","format-standard","has-post-thumbnail","hentry","category-noticias","masonry-post","generate-columns","tablet-grid-50","mobile-grid-100","grid-parent","grid-50"],"yoast_head":"<!-- This site is optimized with the Yoast SEO plugin v27.3 - https:\/\/yoast.com\/product\/yoast-seo-wordpress\/ -->\n<title>El Arciprestazgo de Arga\u00f1\u00e1n celebr\u00f3 &quot;24 horas para el Se\u00f1or&quot; - Di\u00f3cesis de Ciudad Rodrigo<\/title>\n<meta name=\"robots\" content=\"index, follow, max-snippet:-1, max-image-preview:large, max-video-preview:-1\" \/>\n<link rel=\"canonical\" href=\"https:\/\/www.diocesisciudadrodrigo.org\/blog4\/el-arciprestazgo-de-arganan-celebro-24-horas-para-el-senor\/\" \/>\n<meta property=\"og:locale\" content=\"es_ES\" \/>\n<meta property=\"og:type\" content=\"article\" \/>\n<meta property=\"og:title\" content=\"El Arciprestazgo de Arga\u00f1\u00e1n celebr\u00f3 &quot;24 horas para el Se\u00f1or&quot; - Di\u00f3cesis de Ciudad Rodrigo\" \/>\n<meta property=\"og:description\" content=\"Una iniciativa que cada a\u00f1o se realiza de forma rotatoria y en la que este a\u00f1o han participado seis comunidades parroquiales DELEGACI\u00d3N DE MEDIOS Los d\u00edas 4 y 5 de ... Leer m\u00e1s ...\" \/>\n<meta property=\"og:url\" content=\"https:\/\/www.diocesisciudadrodrigo.org\/blog4\/el-arciprestazgo-de-arganan-celebro-24-horas-para-el-senor\/\" \/>\n<meta property=\"og:site_name\" content=\"Di\u00f3cesis de Ciudad Rodrigo\" \/>\n<meta property=\"article:publisher\" content=\"https:\/\/www.facebook.com\/people\/Dicesis-Ciudad-Rodrigo-MCS\/100076471923419\/#\" \/>\n<meta property=\"article:published_time\" content=\"2025-04-09T07:22:33+00:00\" \/>\n<meta property=\"article:modified_time\" content=\"2025-04-09T08:01:48+00:00\" \/>\n<meta property=\"og:image\" content=\"https:\/\/www.diocesisciudadrodrigo.org\/blog4\/wp-content\/uploads\/2025\/04\/24-horas-para-el-sen\u0303ior-CR-at-21.31.58.jpeg\" \/>\n\t<meta property=\"og:image:width\" content=\"1600\" \/>\n\t<meta property=\"og:image:height\" content=\"1200\" \/>\n\t<meta property=\"og:image:type\" content=\"image\/jpeg\" \/>\n<meta name=\"author\" content=\"medios CR\" \/>\n<meta name=\"twitter:card\" content=\"summary_large_image\" \/>\n<meta name=\"twitter:label1\" content=\"Escrito por\" \/>\n\t<meta name=\"twitter:data1\" content=\"medios CR\" \/>\n\t<meta name=\"twitter:label2\" content=\"Tiempo de lectura\" \/>\n\t<meta name=\"twitter:data2\" content=\"1 minuto\" \/>\n<script type=\"application\/ld+json\" class=\"yoast-schema-graph\">{\"@context\":\"https:\\\/\\\/schema.org\",\"@graph\":[{\"@type\":\"Article\",\"@id\":\"https:\\\/\\\/www.diocesisciudadrodrigo.org\\\/blog4\\\/el-arciprestazgo-de-arganan-celebro-24-horas-para-el-senor\\\/#article\",\"isPartOf\":{\"@id\":\"https:\\\/\\\/www.diocesisciudadrodrigo.org\\\/blog4\\\/el-arciprestazgo-de-arganan-celebro-24-horas-para-el-senor\\\/\"},\"author\":{\"name\":\"medios CR\",\"@id\":\"https:\\\/\\\/www.diocesisciudadrodrigo.org\\\/blog4\\\/#\\\/schema\\\/person\\\/5fcf0ca636a75766ff70e6417b6ed052\"},\"headline\":\"El Arciprestazgo de Arga\u00f1\u00e1n celebr\u00f3 \u00ab24 horas para el Se\u00f1or\u00bb\",\"datePublished\":\"2025-04-09T07:22:33+00:00\",\"dateModified\":\"2025-04-09T08:01:48+00:00\",\"mainEntityOfPage\":{\"@id\":\"https:\\\/\\\/www.diocesisciudadrodrigo.org\\\/blog4\\\/el-arciprestazgo-de-arganan-celebro-24-horas-para-el-senor\\\/\"},\"wordCount\":281,\"publisher\":{\"@id\":\"https:\\\/\\\/www.diocesisciudadrodrigo.org\\\/blog4\\\/#organization\"},\"image\":{\"@id\":\"https:\\\/\\\/www.diocesisciudadrodrigo.org\\\/blog4\\\/el-arciprestazgo-de-arganan-celebro-24-horas-para-el-senor\\\/#primaryimage\"},\"thumbnailUrl\":\"https:\\\/\\\/www.diocesisciudadrodrigo.org\\\/blog4\\\/wp-content\\\/uploads\\\/2025\\\/04\\\/24-horas-para-el-sen\u0303ior-CR-at-21.31.58.jpeg\",\"articleSection\":[\"Noticias\"],\"inLanguage\":\"es\"},{\"@type\":\"WebPage\",\"@id\":\"https:\\\/\\\/www.diocesisciudadrodrigo.org\\\/blog4\\\/el-arciprestazgo-de-arganan-celebro-24-horas-para-el-senor\\\/\",\"url\":\"https:\\\/\\\/www.diocesisciudadrodrigo.org\\\/blog4\\\/el-arciprestazgo-de-arganan-celebro-24-horas-para-el-senor\\\/\",\"name\":\"El Arciprestazgo de Arga\u00f1\u00e1n celebr\u00f3 \\\"24 horas para el Se\u00f1or\\\" - Di\u00f3cesis de Ciudad Rodrigo\",\"isPartOf\":{\"@id\":\"https:\\\/\\\/www.diocesisciudadrodrigo.org\\\/blog4\\\/#website\"},\"primaryImageOfPage\":{\"@id\":\"https:\\\/\\\/www.diocesisciudadrodrigo.org\\\/blog4\\\/el-arciprestazgo-de-arganan-celebro-24-horas-para-el-senor\\\/#primaryimage\"},\"image\":{\"@id\":\"https:\\\/\\\/www.diocesisciudadrodrigo.org\\\/blog4\\\/el-arciprestazgo-de-arganan-celebro-24-horas-para-el-senor\\\/#primaryimage\"},\"thumbnailUrl\":\"https:\\\/\\\/www.diocesisciudadrodrigo.org\\\/blog4\\\/wp-content\\\/uploads\\\/2025\\\/04\\\/24-horas-para-el-sen\u0303ior-CR-at-21.31.58.jpeg\",\"datePublished\":\"2025-04-09T07:22:33+00:00\",\"dateModified\":\"2025-04-09T08:01:48+00:00\",\"breadcrumb\":{\"@id\":\"https:\\\/\\\/www.diocesisciudadrodrigo.org\\\/blog4\\\/el-arciprestazgo-de-arganan-celebro-24-horas-para-el-senor\\\/#breadcrumb\"},\"inLanguage\":\"es\",\"potentialAction\":[{\"@type\":\"ReadAction\",\"target\":[\"https:\\\/\\\/www.diocesisciudadrodrigo.org\\\/blog4\\\/el-arciprestazgo-de-arganan-celebro-24-horas-para-el-senor\\\/\"]}]},{\"@type\":\"ImageObject\",\"inLanguage\":\"es\",\"@id\":\"https:\\\/\\\/www.diocesisciudadrodrigo.org\\\/blog4\\\/el-arciprestazgo-de-arganan-celebro-24-horas-para-el-senor\\\/#primaryimage\",\"url\":\"https:\\\/\\\/www.diocesisciudadrodrigo.org\\\/blog4\\\/wp-content\\\/uploads\\\/2025\\\/04\\\/24-horas-para-el-sen\u0303ior-CR-at-21.31.58.jpeg\",\"contentUrl\":\"https:\\\/\\\/www.diocesisciudadrodrigo.org\\\/blog4\\\/wp-content\\\/uploads\\\/2025\\\/04\\\/24-horas-para-el-sen\u0303ior-CR-at-21.31.58.jpeg\",\"width\":1600,\"height\":1200},{\"@type\":\"BreadcrumbList\",\"@id\":\"https:\\\/\\\/www.diocesisciudadrodrigo.org\\\/blog4\\\/el-arciprestazgo-de-arganan-celebro-24-horas-para-el-senor\\\/#breadcrumb\",\"itemListElement\":[{\"@type\":\"ListItem\",\"position\":1,\"name\":\"Portada\",\"item\":\"https:\\\/\\\/www.diocesisciudadrodrigo.org\\\/blog4\\\/\"},{\"@type\":\"ListItem\",\"position\":2,\"name\":\"El Arciprestazgo de Arga\u00f1\u00e1n celebr\u00f3 \u00ab24 horas para el Se\u00f1or\u00bb\"}]},{\"@type\":\"WebSite\",\"@id\":\"https:\\\/\\\/www.diocesisciudadrodrigo.org\\\/blog4\\\/#website\",\"url\":\"https:\\\/\\\/www.diocesisciudadrodrigo.org\\\/blog4\\\/\",\"name\":\"Di\u00f3cesis de Ciudad Rodrigo\",\"description\":\"Sitio web oficial de la di\u00f3cesis civitatense\",\"publisher\":{\"@id\":\"https:\\\/\\\/www.diocesisciudadrodrigo.org\\\/blog4\\\/#organization\"},\"potentialAction\":[{\"@type\":\"SearchAction\",\"target\":{\"@type\":\"EntryPoint\",\"urlTemplate\":\"https:\\\/\\\/www.diocesisciudadrodrigo.org\\\/blog4\\\/?s={search_term_string}\"},\"query-input\":{\"@type\":\"PropertyValueSpecification\",\"valueRequired\":true,\"valueName\":\"search_term_string\"}}],\"inLanguage\":\"es\"},{\"@type\":\"Organization\",\"@id\":\"https:\\\/\\\/www.diocesisciudadrodrigo.org\\\/blog4\\\/#organization\",\"name\":\"Di\u00f3cesis de Ciudad Rodrigo\",\"url\":\"https:\\\/\\\/www.diocesisciudadrodrigo.org\\\/blog4\\\/\",\"logo\":{\"@type\":\"ImageObject\",\"inLanguage\":\"es\",\"@id\":\"https:\\\/\\\/www.diocesisciudadrodrigo.org\\\/blog4\\\/#\\\/schema\\\/logo\\\/image\\\/\",\"url\":\"https:\\\/\\\/www.diocesisciudadrodrigo.org\\\/blog4\\\/wp-content\\\/uploads\\\/2024\\\/12\\\/Diocesis.CMYK_-768x480-1.jpg\",\"contentUrl\":\"https:\\\/\\\/www.diocesisciudadrodrigo.org\\\/blog4\\\/wp-content\\\/uploads\\\/2024\\\/12\\\/Diocesis.CMYK_-768x480-1.jpg\",\"width\":768,\"height\":480,\"caption\":\"Di\u00f3cesis de Ciudad Rodrigo\"},\"image\":{\"@id\":\"https:\\\/\\\/www.diocesisciudadrodrigo.org\\\/blog4\\\/#\\\/schema\\\/logo\\\/image\\\/\"},\"sameAs\":[\"https:\\\/\\\/www.facebook.com\\\/people\\\/Dicesis-Ciudad-Rodrigo-MCS\\\/100076471923419\\\/#\"]},{\"@type\":\"Person\",\"@id\":\"https:\\\/\\\/www.diocesisciudadrodrigo.org\\\/blog4\\\/#\\\/schema\\\/person\\\/5fcf0ca636a75766ff70e6417b6ed052\",\"name\":\"medios CR\",\"image\":{\"@type\":\"ImageObject\",\"inLanguage\":\"es\",\"@id\":\"https:\\\/\\\/secure.gravatar.com\\\/avatar\\\/4a619fd0c7e36bd570f4e6e15eb09a2191185d0f63d8dbfdffe848af141ab87e?s=96&d=mm&r=g\",\"url\":\"https:\\\/\\\/secure.gravatar.com\\\/avatar\\\/4a619fd0c7e36bd570f4e6e15eb09a2191185d0f63d8dbfdffe848af141ab87e?s=96&d=mm&r=g\",\"contentUrl\":\"https:\\\/\\\/secure.gravatar.com\\\/avatar\\\/4a619fd0c7e36bd570f4e6e15eb09a2191185d0f63d8dbfdffe848af141ab87e?s=96&d=mm&r=g\",\"caption\":\"medios CR\"},\"url\":\"https:\\\/\\\/www.diocesisciudadrodrigo.org\\\/blog4\\\/author\\\/admin4\\\/\"}]}<\/script>\n<!-- \/ Yoast SEO plugin. -->","yoast_head_json":{"title":"El Arciprestazgo de Arga\u00f1\u00e1n celebr\u00f3 \"24 horas para el Se\u00f1or\" - Di\u00f3cesis de Ciudad Rodrigo","robots":{"index":"index","follow":"follow","max-snippet":"max-snippet:-1","max-image-preview":"max-image-preview:large","max-video-preview":"max-video-preview:-1"},"canonical":"https:\/\/www.diocesisciudadrodrigo.org\/blog4\/el-arciprestazgo-de-arganan-celebro-24-horas-para-el-senor\/","og_locale":"es_ES","og_type":"article","og_title":"El Arciprestazgo de Arga\u00f1\u00e1n celebr\u00f3 \"24 horas para el Se\u00f1or\" - Di\u00f3cesis de Ciudad Rodrigo","og_description":"Una iniciativa que cada a\u00f1o se realiza de forma rotatoria y en la que este a\u00f1o han participado seis comunidades parroquiales DELEGACI\u00d3N DE MEDIOS Los d\u00edas 4 y 5 de ... Leer m\u00e1s ...","og_url":"https:\/\/www.diocesisciudadrodrigo.org\/blog4\/el-arciprestazgo-de-arganan-celebro-24-horas-para-el-senor\/","og_site_name":"Di\u00f3cesis de Ciudad Rodrigo","article_publisher":"https:\/\/www.facebook.com\/people\/Dicesis-Ciudad-Rodrigo-MCS\/100076471923419\/#","article_published_time":"2025-04-09T07:22:33+00:00","article_modified_time":"2025-04-09T08:01:48+00:00","og_image":[{"width":1600,"height":1200,"url":"https:\/\/www.diocesisciudadrodrigo.org\/blog4\/wp-content\/uploads\/2025\/04\/24-horas-para-el-sen\u0303ior-CR-at-21.31.58.jpeg","type":"image\/jpeg"}],"author":"medios CR","twitter_card":"summary_large_image","twitter_misc":{"Escrito por":"medios CR","Tiempo de lectura":"1 minuto"},"schema":{"@context":"https:\/\/schema.org","@graph":[{"@type":"Article","@id":"https:\/\/www.diocesisciudadrodrigo.org\/blog4\/el-arciprestazgo-de-arganan-celebro-24-horas-para-el-senor\/#article","isPartOf":{"@id":"https:\/\/www.diocesisciudadrodrigo.org\/blog4\/el-arciprestazgo-de-arganan-celebro-24-horas-para-el-senor\/"},"author":{"name":"medios CR","@id":"https:\/\/www.diocesisciudadrodrigo.org\/blog4\/#\/schema\/person\/5fcf0ca636a75766ff70e6417b6ed052"},"headline":"El Arciprestazgo de Arga\u00f1\u00e1n celebr\u00f3 \u00ab24 horas para el Se\u00f1or\u00bb","datePublished":"2025-04-09T07:22:33+00:00","dateModified":"2025-04-09T08:01:48+00:00","mainEntityOfPage":{"@id":"https:\/\/www.diocesisciudadrodrigo.org\/blog4\/el-arciprestazgo-de-arganan-celebro-24-horas-para-el-senor\/"},"wordCount":281,"publisher":{"@id":"https:\/\/www.diocesisciudadrodrigo.org\/blog4\/#organization"},"image":{"@id":"https:\/\/www.diocesisciudadrodrigo.org\/blog4\/el-arciprestazgo-de-arganan-celebro-24-horas-para-el-senor\/#primaryimage"},"thumbnailUrl":"https:\/\/www.diocesisciudadrodrigo.org\/blog4\/wp-content\/uploads\/2025\/04\/24-horas-para-el-sen\u0303ior-CR-at-21.31.58.jpeg","articleSection":["Noticias"],"inLanguage":"es"},{"@type":"WebPage","@id":"https:\/\/www.diocesisciudadrodrigo.org\/blog4\/el-arciprestazgo-de-arganan-celebro-24-horas-para-el-senor\/","url":"https:\/\/www.diocesisciudadrodrigo.org\/blog4\/el-arciprestazgo-de-arganan-celebro-24-horas-para-el-senor\/","name":"El Arciprestazgo de Arga\u00f1\u00e1n celebr\u00f3 \"24 horas para el Se\u00f1or\" - Di\u00f3cesis de Ciudad Rodrigo","isPartOf":{"@id":"https:\/\/www.diocesisciudadrodrigo.org\/blog4\/#website"},"primaryImageOfPage":{"@id":"https:\/\/www.diocesisciudadrodrigo.org\/blog4\/el-arciprestazgo-de-arganan-celebro-24-horas-para-el-senor\/#primaryimage"},"image":{"@id":"https:\/\/www.diocesisciudadrodrigo.org\/blog4\/el-arciprestazgo-de-arganan-celebro-24-horas-para-el-senor\/#primaryimage"},"thumbnailUrl":"https:\/\/www.diocesisciudadrodrigo.org\/blog4\/wp-content\/uploads\/2025\/04\/24-horas-para-el-sen\u0303ior-CR-at-21.31.58.jpeg","datePublished":"2025-04-09T07:22:33+00:00","dateModified":"2025-04-09T08:01:48+00:00","breadcrumb":{"@id":"https:\/\/www.diocesisciudadrodrigo.org\/blog4\/el-arciprestazgo-de-arganan-celebro-24-horas-para-el-senor\/#breadcrumb"},"inLanguage":"es","potentialAction":[{"@type":"ReadAction","target":["https:\/\/www.diocesisciudadrodrigo.org\/blog4\/el-arciprestazgo-de-arganan-celebro-24-horas-para-el-senor\/"]}]},{"@type":"ImageObject","inLanguage":"es","@id":"https:\/\/www.diocesisciudadrodrigo.org\/blog4\/el-arciprestazgo-de-arganan-celebro-24-horas-para-el-senor\/#primaryimage","url":"https:\/\/www.diocesisciudadrodrigo.org\/blog4\/wp-content\/uploads\/2025\/04\/24-horas-para-el-sen\u0303ior-CR-at-21.31.58.jpeg","contentUrl":"https:\/\/www.diocesisciudadrodrigo.org\/blog4\/wp-content\/uploads\/2025\/04\/24-horas-para-el-sen\u0303ior-CR-at-21.31.58.jpeg","width":1600,"height":1200},{"@type":"BreadcrumbList","@id":"https:\/\/www.diocesisciudadrodrigo.org\/blog4\/el-arciprestazgo-de-arganan-celebro-24-horas-para-el-senor\/#breadcrumb","itemListElement":[{"@type":"ListItem","position":1,"name":"Portada","item":"https:\/\/www.diocesisciudadrodrigo.org\/blog4\/"},{"@type":"ListItem","position":2,"name":"El Arciprestazgo de Arga\u00f1\u00e1n celebr\u00f3 \u00ab24 horas para el Se\u00f1or\u00bb"}]},{"@type":"WebSite","@id":"https:\/\/www.diocesisciudadrodrigo.org\/blog4\/#website","url":"https:\/\/www.diocesisciudadrodrigo.org\/blog4\/","name":"Di\u00f3cesis de Ciudad Rodrigo","description":"Sitio web oficial de la di\u00f3cesis civitatense","publisher":{"@id":"https:\/\/www.diocesisciudadrodrigo.org\/blog4\/#organization"},"potentialAction":[{"@type":"SearchAction","target":{"@type":"EntryPoint","urlTemplate":"https:\/\/www.diocesisciudadrodrigo.org\/blog4\/?s={search_term_string}"},"query-input":{"@type":"PropertyValueSpecification","valueRequired":true,"valueName":"search_term_string"}}],"inLanguage":"es"},{"@type":"Organization","@id":"https:\/\/www.diocesisciudadrodrigo.org\/blog4\/#organization","name":"Di\u00f3cesis de Ciudad Rodrigo","url":"https:\/\/www.diocesisciudadrodrigo.org\/blog4\/","logo":{"@type":"ImageObject","inLanguage":"es","@id":"https:\/\/www.diocesisciudadrodrigo.org\/blog4\/#\/schema\/logo\/image\/","url":"https:\/\/www.diocesisciudadrodrigo.org\/blog4\/wp-content\/uploads\/2024\/12\/Diocesis.CMYK_-768x480-1.jpg","contentUrl":"https:\/\/www.diocesisciudadrodrigo.org\/blog4\/wp-content\/uploads\/2024\/12\/Diocesis.CMYK_-768x480-1.jpg","width":768,"height":480,"caption":"Di\u00f3cesis de Ciudad Rodrigo"},"image":{"@id":"https:\/\/www.diocesisciudadrodrigo.org\/blog4\/#\/schema\/logo\/image\/"},"sameAs":["https:\/\/www.facebook.com\/people\/Dicesis-Ciudad-Rodrigo-MCS\/100076471923419\/#"]},{"@type":"Person","@id":"https:\/\/www.diocesisciudadrodrigo.org\/blog4\/#\/schema\/person\/5fcf0ca636a75766ff70e6417b6ed052","name":"medios CR","image":{"@type":"ImageObject","inLanguage":"es","@id":"https:\/\/secure.gravatar.com\/avatar\/4a619fd0c7e36bd570f4e6e15eb09a2191185d0f63d8dbfdffe848af141ab87e?s=96&d=mm&r=g","url":"https:\/\/secure.gravatar.com\/avatar\/4a619fd0c7e36bd570f4e6e15eb09a2191185d0f63d8dbfdffe848af141ab87e?s=96&d=mm&r=g","contentUrl":"https:\/\/secure.gravatar.com\/avatar\/4a619fd0c7e36bd570f4e6e15eb09a2191185d0f63d8dbfdffe848af141ab87e?s=96&d=mm&r=g","caption":"medios CR"},"url":"https:\/\/www.diocesisciudadrodrigo.org\/blog4\/author\/admin4\/"}]}},"_links":{"self":[{"href":"https:\/\/www.diocesisciudadrodrigo.org\/blog4\/wp-json\/wp\/v2\/posts\/36060","targetHints":{"allow":["GET"]}}],"collection":[{"href":"https:\/\/www.diocesisciudadrodrigo.org\/blog4\/wp-json\/wp\/v2\/posts"}],"about":[{"href":"https:\/\/www.diocesisciudadrodrigo.org\/blog4\/wp-json\/wp\/v2\/types\/post"}],"author":[{"embeddable":true,"href":"https:\/\/www.diocesisciudadrodrigo.org\/blog4\/wp-json\/wp\/v2\/users\/1"}],"replies":[{"embeddable":true,"href":"https:\/\/www.diocesisciudadrodrigo.org\/blog4\/wp-json\/wp\/v2\/comments?post=36060"}],"version-history":[{"count":16,"href":"https:\/\/www.diocesisciudadrodrigo.org\/blog4\/wp-json\/wp\/v2\/posts\/36060\/revisions"}],"predecessor-version":[{"id":36097,"href":"https:\/\/www.diocesisciudadrodrigo.org\/blog4\/wp-json\/wp\/v2\/posts\/36060\/revisions\/36097"}],"wp:featuredmedia":[{"embeddable":true,"href":"https:\/\/www.diocesisciudadrodrigo.org\/blog4\/wp-json\/wp\/v2\/media\/36074"}],"wp:attachment":[{"href":"https:\/\/www.diocesisciudadrodrigo.org\/blog4\/wp-json\/wp\/v2\/media?parent=36060"}],"wp:term":[{"taxonomy":"category","embeddable":true,"href":"https:\/\/www.diocesisciudadrodrigo.org\/blog4\/wp-json\/wp\/v2\/categories?post=36060"},{"taxonomy":"post_tag","embeddable":true,"href":"https:\/\/www.diocesisciudadrodrigo.org\/blog4\/wp-json\/wp\/v2\/tags?post=36060"}],"curies":[{"name":"wp","href":"https:\/\/api.w.org\/{rel}","templated":true}]}}