{"id":35857,"date":"2025-04-01T09:00:11","date_gmt":"2025-04-01T07:00:11","guid":{"rendered":"https:\/\/www.diocesisciudadrodrigo.org\/blog4\/?p=35857"},"modified":"2025-04-01T09:59:19","modified_gmt":"2025-04-01T07:59:19","slug":"el-6452-de-los-alumnos-de-la-diocesis-civitatense-eligen-la-ensenanza-de-religion-catolica","status":"publish","type":"post","link":"https:\/\/www.diocesisciudadrodrigo.org\/blog4\/el-6452-de-los-alumnos-de-la-diocesis-civitatense-eligen-la-ensenanza-de-religion-catolica\/","title":{"rendered":"El 64,52% de los alumnos de la Di\u00f3cesis civitatense eligen la ense\u00f1anza de Religi\u00f3n cat\u00f3lica"},"content":{"rendered":"\t\t<div data-elementor-type=\"wp-post\" data-elementor-id=\"35857\" class=\"elementor elementor-35857\" data-elementor-settings=\"[]\">\n\t\t\t\t\t\t<div class=\"elementor-inner\">\n\t\t\t\t\t\t\t<div class=\"elementor-section-wrap\">\n\t\t\t\t\t\t\t<section class=\"elementor-section elementor-top-section elementor-element elementor-element-70130b1 elementor-section-boxed elementor-section-height-default elementor-section-height-default\" data-id=\"70130b1\" data-element_type=\"section\">\n\t\t\t\t\t\t<div class=\"elementor-container elementor-column-gap-default\">\n\t\t\t\t\t\t\t<div class=\"elementor-row\">\n\t\t\t\t\t<div class=\"elementor-column elementor-col-100 elementor-top-column elementor-element elementor-element-56160ad\" data-id=\"56160ad\" data-element_type=\"column\">\n\t\t\t<div class=\"elementor-column-wrap elementor-element-populated\">\n\t\t\t\t\t\t\t<div class=\"elementor-widget-wrap\">\n\t\t\t\t\t\t<div class=\"elementor-element elementor-element-0958f04 elementor-widget elementor-widget-text-editor\" data-id=\"0958f04\" data-element_type=\"widget\" data-widget_type=\"text-editor.default\">\n\t\t\t\t<div class=\"elementor-widget-container\">\n\t\t\t\t\t\t\t\t<div class=\"elementor-text-editor elementor-clearfix\">\n\t\t\t\t<h2>La asignatura de Religi\u00f3n Cat\u00f3lica mantiene una alta elecci\u00f3n en la di\u00f3cesis, fruto de la confianza de los padres, que ven en en ella \u00abun elemento esencial en la educaci\u00f3n de sus hijos\u00bb<\/h2><p><strong>DELEGACI\u00d3N DE MEDIOS<\/strong><\/p><p>El <strong>64,52% del alumnado de Educaci\u00f3n Infantil, Primaria, Secundaria y 1\u00ba de Bachillerato<\/strong> elige la asignatura de <strong>Religi\u00f3n Cat\u00f3lica<\/strong> en la Di\u00f3cesis de Ciudad Rodrigo. Un dato que, seg\u00fan el delegado diocesano de Ense\u00f1anza, <strong>Juan Carlos S\u00e1nchez G\u00f3mez<\/strong>, refleja la confianza de los padres \u201cen los valores y contenidos que implica apuntarse a Religi\u00f3n como elemento esencial de la educaci\u00f3n de sus hijos\u201d.<\/p><p>La elecci\u00f3n de esta materia se mantiene en los <strong>centros p\u00fablicos<\/strong> de la Di\u00f3cesis de Ciudad Rodrigo, donde el <strong>68% de los alumnos de Educaci\u00f3n Infantil<\/strong> y el <strong>61% de Primaria y Secundaria<\/strong> eligen la asignatura de Religi\u00f3n cat\u00f3lica. En cuanto al <strong>\u00fanico centro concertado, <\/strong>el <strong>Colegio<\/strong> <strong>Misioneras de la Providencia-Santa Teresa<\/strong>, los 248 alumnos matriculados cursan la asignatura en su totalidad.<\/p><p>Coincidiendo con el cierre del periodo de inscripci\u00f3n para el pr\u00f3ximo curso 2025-2026, el delegado diocesano de ense\u00f1anza anima a los padres \u201ca <strong>seguir eligiendo esta asignatura<\/strong>\u201d, y recuerda que se trata de una propuesta educativa integrada en el curr\u00edculo escolar, \u201cdiferente de la catequesis\u201d, y que \u201c<strong>se imparte con los criterios propios de una asignatura en la escuela y en los institutos<\/strong>\u201d.<\/p><p>Juan Carlos S\u00e1nchez explica que en la di\u00f3cesis civitatense existen <strong>21 centros p\u00fablicos<\/strong>, la mayor\u00eda de ellos <strong>Centros Rurales Asociados (CRA)<\/strong>, \u201clo que implica una gran movilidad por parte del profesorado, que se desplaza de pueblo en pueblo para mantener viva la llama de la educaci\u00f3n en nuestra zona de la Espa\u00f1a rural y vaciada\u201d.<\/p><p>\u201cLos profesores no escatiman esfuerzo ni creatividad para que los alumnos reciban una buena propuesta educativa\u201d, afirma este responsable. Muestra de ese compromiso es su participaci\u00f3n en actividades complementarias, como el <strong>IX Encuentro Regional de Alumnos de Religi\u00f3n en la Escuela P\u00fablica<\/strong>, <em>\u201cPeregrinos de Esperanza\u201d<\/em>, que se celebrar\u00e1 este <strong>mi\u00e9rcoles, 2 de abril, en Burgos<\/strong>, en el que participar\u00e1n <strong>130 alumnos de 3\u00ba y<\/strong> <strong>4\u00ba ESO y 1\u00ba Bachillerato de la di\u00f3cesis,<\/strong> acompa\u00f1ados por sus profesores.<\/p><p><blockquote class=\"wp-embedded-content\" data-secret=\"zFGbqXB0Ip\"><a href=\"https:\/\/www.diocesisciudadrodrigo.org\/blog4\/130-alumnos-de-ciudad-rodrigo-participaran-en-el-ix-encuentro-regional-de-estudiantes-de-religion-catolica-de-la-escuela-publica\/\">130 Alumnos de Ciudad Rodrigo participar\u00e1n en el IX Encuentro Regional de Estudiantes de Religi\u00f3n Cat\u00f3lica de la Escuela P\u00fablica<\/a><\/blockquote><iframe loading=\"lazy\" class=\"wp-embedded-content\" sandbox=\"allow-scripts\" security=\"restricted\" style=\"position: absolute; clip: rect(1px, 1px, 1px, 1px);\" title=\"\u00ab130 Alumnos de Ciudad Rodrigo participar\u00e1n en el IX Encuentro Regional de Estudiantes de Religi\u00f3n Cat\u00f3lica de la Escuela P\u00fablica\u00bb \u2014 Di\u00f3cesis de Ciudad Rodrigo\" src=\"https:\/\/www.diocesisciudadrodrigo.org\/blog4\/130-alumnos-de-ciudad-rodrigo-participaran-en-el-ix-encuentro-regional-de-estudiantes-de-religion-catolica-de-la-escuela-publica\/embed\/#?secret=fVvDuFDJNc#?secret=zFGbqXB0Ip\" data-secret=\"zFGbqXB0Ip\" width=\"600\" height=\"338\" frameborder=\"0\" marginwidth=\"0\" marginheight=\"0\" scrolling=\"no\"><\/iframe><\/p>\t\t\t\t\t<\/div>\n\t\t\t\t\t\t<\/div>\n\t\t\t\t<\/div>\n\t\t\t\t\t\t<\/div>\n\t\t\t\t\t<\/div>\n\t\t<\/div>\n\t\t\t\t\t\t\t\t<\/div>\n\t\t\t\t\t<\/div>\n\t\t<\/section>\n\t\t\t\t<section class=\"elementor-section elementor-top-section elementor-element elementor-element-b3734fa elementor-section-boxed elementor-section-height-default elementor-section-height-default\" data-id=\"b3734fa\" data-element_type=\"section\">\n\t\t\t\t\t\t<div class=\"elementor-container elementor-column-gap-default\">\n\t\t\t\t\t\t\t<div class=\"elementor-row\">\n\t\t\t\t\t<div class=\"elementor-column elementor-col-100 elementor-top-column elementor-element elementor-element-5241b87\" data-id=\"5241b87\" data-element_type=\"column\">\n\t\t\t<div class=\"elementor-column-wrap elementor-element-populated\">\n\t\t\t\t\t\t\t<div class=\"elementor-widget-wrap\">\n\t\t\t\t\t\t<div class=\"elementor-element elementor-element-913d4a9 elementor-widget elementor-widget-image\" data-id=\"913d4a9\" data-element_type=\"widget\" data-widget_type=\"image.default\">\n\t\t\t\t<div class=\"elementor-widget-container\">\n\t\t\t\t\t\t\t\t<div class=\"elementor-image\">\n\t\t\t\t\t\t\t\t\t\t\t\t<img loading=\"lazy\" decoding=\"async\" width=\"990\" height=\"556\" src=\"https:\/\/www.diocesisciudadrodrigo.org\/blog4\/wp-content\/uploads\/2025\/04\/religion-1024x681-1-990x556-1.jpeg\" class=\"attachment-large size-large\" alt=\"\" srcset=\"https:\/\/www.diocesisciudadrodrigo.org\/blog4\/wp-content\/uploads\/2025\/04\/religion-1024x681-1-990x556-1.jpeg 990w, https:\/\/www.diocesisciudadrodrigo.org\/blog4\/wp-content\/uploads\/2025\/04\/religion-1024x681-1-990x556-1-300x168.jpeg 300w, https:\/\/www.diocesisciudadrodrigo.org\/blog4\/wp-content\/uploads\/2025\/04\/religion-1024x681-1-990x556-1-768x431.jpeg 768w, https:\/\/www.diocesisciudadrodrigo.org\/blog4\/wp-content\/uploads\/2025\/04\/religion-1024x681-1-990x556-1-350x197.jpeg 350w\" sizes=\"auto, (max-width: 990px) 100vw, 990px\" \/>\t\t\t\t\t\t\t\t\t\t\t\t\t\t<\/div>\n\t\t\t\t\t\t<\/div>\n\t\t\t\t<\/div>\n\t\t\t\t\t\t<\/div>\n\t\t\t\t\t<\/div>\n\t\t<\/div>\n\t\t\t\t\t\t\t\t<\/div>\n\t\t\t\t\t<\/div>\n\t\t<\/section>\n\t\t\t\t\t\t<\/div>\n\t\t\t\t\t\t<\/div>\n\t\t\t\t\t<\/div>\n\t\t","protected":false},"excerpt":{"rendered":"<p>La asignatura de Religi\u00f3n Cat\u00f3lica mantiene una alta elecci\u00f3n en la di\u00f3cesis, fruto de la confianza de los padres, que ven en en ella \u00abun elemento esencial en la educaci\u00f3n &#8230; <\/p>\n<p class=\"read-more-container\"><a title=\"El 64,52% de los alumnos de la Di\u00f3cesis civitatense eligen la ense\u00f1anza de Religi\u00f3n cat\u00f3lica\" class=\"read-more button\" href=\"https:\/\/www.diocesisciudadrodrigo.org\/blog4\/el-6452-de-los-alumnos-de-la-diocesis-civitatense-eligen-la-ensenanza-de-religion-catolica\/#more-35857\" aria-label=\"M\u00e1s en El 64,52% de los alumnos de la Di\u00f3cesis civitatense eligen la ense\u00f1anza de Religi\u00f3n cat\u00f3lica\">Leer m\u00e1s &#8230;<\/a><\/p>\n","protected":false},"author":1,"featured_media":35859,"comment_status":"closed","ping_status":"closed","sticky":false,"template":"","format":"standard","meta":{"footnotes":""},"categories":[6],"tags":[],"class_list":["post-35857","post","type-post","status-publish","format-standard","has-post-thumbnail","hentry","category-noticias","masonry-post","generate-columns","tablet-grid-50","mobile-grid-100","grid-parent","grid-50"],"yoast_head":"<!-- This site is optimized with the Yoast SEO plugin v27.3 - https:\/\/yoast.com\/product\/yoast-seo-wordpress\/ -->\n<title>El 64,52% de los alumnos de la Di\u00f3cesis civitatense eligen la ense\u00f1anza de Religi\u00f3n cat\u00f3lica - Di\u00f3cesis de Ciudad Rodrigo<\/title>\n<meta name=\"robots\" content=\"index, follow, max-snippet:-1, max-image-preview:large, max-video-preview:-1\" \/>\n<link rel=\"canonical\" href=\"https:\/\/www.diocesisciudadrodrigo.org\/blog4\/el-6452-de-los-alumnos-de-la-diocesis-civitatense-eligen-la-ensenanza-de-religion-catolica\/\" \/>\n<meta property=\"og:locale\" content=\"es_ES\" \/>\n<meta property=\"og:type\" content=\"article\" \/>\n<meta property=\"og:title\" content=\"El 64,52% de los alumnos de la Di\u00f3cesis civitatense eligen la ense\u00f1anza de Religi\u00f3n cat\u00f3lica - Di\u00f3cesis de Ciudad Rodrigo\" \/>\n<meta property=\"og:description\" content=\"La asignatura de Religi\u00f3n Cat\u00f3lica mantiene una alta elecci\u00f3n en la di\u00f3cesis, fruto de la confianza de los padres, que ven en en ella \u00abun elemento esencial en la educaci\u00f3n ... Leer m\u00e1s ...\" \/>\n<meta property=\"og:url\" content=\"https:\/\/www.diocesisciudadrodrigo.org\/blog4\/el-6452-de-los-alumnos-de-la-diocesis-civitatense-eligen-la-ensenanza-de-religion-catolica\/\" \/>\n<meta property=\"og:site_name\" content=\"Di\u00f3cesis de Ciudad Rodrigo\" \/>\n<meta property=\"article:publisher\" content=\"https:\/\/www.facebook.com\/people\/Dicesis-Ciudad-Rodrigo-MCS\/100076471923419\/#\" \/>\n<meta property=\"article:published_time\" content=\"2025-04-01T07:00:11+00:00\" \/>\n<meta property=\"article:modified_time\" content=\"2025-04-01T07:59:19+00:00\" \/>\n<meta property=\"og:image\" content=\"https:\/\/www.diocesisciudadrodrigo.org\/blog4\/wp-content\/uploads\/2025\/04\/religion-1024x681-1-990x556-1.jpeg\" \/>\n\t<meta property=\"og:image:width\" content=\"990\" \/>\n\t<meta property=\"og:image:height\" content=\"556\" \/>\n\t<meta property=\"og:image:type\" content=\"image\/jpeg\" \/>\n<meta name=\"author\" content=\"medios CR\" \/>\n<meta name=\"twitter:card\" content=\"summary_large_image\" \/>\n<meta name=\"twitter:label1\" content=\"Escrito por\" \/>\n\t<meta name=\"twitter:data1\" content=\"medios CR\" \/>\n\t<meta name=\"twitter:label2\" content=\"Tiempo de lectura\" \/>\n\t<meta name=\"twitter:data2\" content=\"2 minutos\" \/>\n<script type=\"application\/ld+json\" class=\"yoast-schema-graph\">{\"@context\":\"https:\\\/\\\/schema.org\",\"@graph\":[{\"@type\":\"Article\",\"@id\":\"https:\\\/\\\/www.diocesisciudadrodrigo.org\\\/blog4\\\/el-6452-de-los-alumnos-de-la-diocesis-civitatense-eligen-la-ensenanza-de-religion-catolica\\\/#article\",\"isPartOf\":{\"@id\":\"https:\\\/\\\/www.diocesisciudadrodrigo.org\\\/blog4\\\/el-6452-de-los-alumnos-de-la-diocesis-civitatense-eligen-la-ensenanza-de-religion-catolica\\\/\"},\"author\":{\"name\":\"medios CR\",\"@id\":\"https:\\\/\\\/www.diocesisciudadrodrigo.org\\\/blog4\\\/#\\\/schema\\\/person\\\/5fcf0ca636a75766ff70e6417b6ed052\"},\"headline\":\"El 64,52% de los alumnos de la Di\u00f3cesis civitatense eligen la ense\u00f1anza de Religi\u00f3n cat\u00f3lica\",\"datePublished\":\"2025-04-01T07:00:11+00:00\",\"dateModified\":\"2025-04-01T07:59:19+00:00\",\"mainEntityOfPage\":{\"@id\":\"https:\\\/\\\/www.diocesisciudadrodrigo.org\\\/blog4\\\/el-6452-de-los-alumnos-de-la-diocesis-civitatense-eligen-la-ensenanza-de-religion-catolica\\\/\"},\"wordCount\":407,\"publisher\":{\"@id\":\"https:\\\/\\\/www.diocesisciudadrodrigo.org\\\/blog4\\\/#organization\"},\"image\":{\"@id\":\"https:\\\/\\\/www.diocesisciudadrodrigo.org\\\/blog4\\\/el-6452-de-los-alumnos-de-la-diocesis-civitatense-eligen-la-ensenanza-de-religion-catolica\\\/#primaryimage\"},\"thumbnailUrl\":\"https:\\\/\\\/www.diocesisciudadrodrigo.org\\\/blog4\\\/wp-content\\\/uploads\\\/2025\\\/04\\\/religion-1024x681-1-990x556-1.jpeg\",\"articleSection\":[\"Noticias\"],\"inLanguage\":\"es\"},{\"@type\":\"WebPage\",\"@id\":\"https:\\\/\\\/www.diocesisciudadrodrigo.org\\\/blog4\\\/el-6452-de-los-alumnos-de-la-diocesis-civitatense-eligen-la-ensenanza-de-religion-catolica\\\/\",\"url\":\"https:\\\/\\\/www.diocesisciudadrodrigo.org\\\/blog4\\\/el-6452-de-los-alumnos-de-la-diocesis-civitatense-eligen-la-ensenanza-de-religion-catolica\\\/\",\"name\":\"El 64,52% de los alumnos de la Di\u00f3cesis civitatense eligen la ense\u00f1anza de Religi\u00f3n cat\u00f3lica - Di\u00f3cesis de Ciudad Rodrigo\",\"isPartOf\":{\"@id\":\"https:\\\/\\\/www.diocesisciudadrodrigo.org\\\/blog4\\\/#website\"},\"primaryImageOfPage\":{\"@id\":\"https:\\\/\\\/www.diocesisciudadrodrigo.org\\\/blog4\\\/el-6452-de-los-alumnos-de-la-diocesis-civitatense-eligen-la-ensenanza-de-religion-catolica\\\/#primaryimage\"},\"image\":{\"@id\":\"https:\\\/\\\/www.diocesisciudadrodrigo.org\\\/blog4\\\/el-6452-de-los-alumnos-de-la-diocesis-civitatense-eligen-la-ensenanza-de-religion-catolica\\\/#primaryimage\"},\"thumbnailUrl\":\"https:\\\/\\\/www.diocesisciudadrodrigo.org\\\/blog4\\\/wp-content\\\/uploads\\\/2025\\\/04\\\/religion-1024x681-1-990x556-1.jpeg\",\"datePublished\":\"2025-04-01T07:00:11+00:00\",\"dateModified\":\"2025-04-01T07:59:19+00:00\",\"breadcrumb\":{\"@id\":\"https:\\\/\\\/www.diocesisciudadrodrigo.org\\\/blog4\\\/el-6452-de-los-alumnos-de-la-diocesis-civitatense-eligen-la-ensenanza-de-religion-catolica\\\/#breadcrumb\"},\"inLanguage\":\"es\",\"potentialAction\":[{\"@type\":\"ReadAction\",\"target\":[\"https:\\\/\\\/www.diocesisciudadrodrigo.org\\\/blog4\\\/el-6452-de-los-alumnos-de-la-diocesis-civitatense-eligen-la-ensenanza-de-religion-catolica\\\/\"]}]},{\"@type\":\"ImageObject\",\"inLanguage\":\"es\",\"@id\":\"https:\\\/\\\/www.diocesisciudadrodrigo.org\\\/blog4\\\/el-6452-de-los-alumnos-de-la-diocesis-civitatense-eligen-la-ensenanza-de-religion-catolica\\\/#primaryimage\",\"url\":\"https:\\\/\\\/www.diocesisciudadrodrigo.org\\\/blog4\\\/wp-content\\\/uploads\\\/2025\\\/04\\\/religion-1024x681-1-990x556-1.jpeg\",\"contentUrl\":\"https:\\\/\\\/www.diocesisciudadrodrigo.org\\\/blog4\\\/wp-content\\\/uploads\\\/2025\\\/04\\\/religion-1024x681-1-990x556-1.jpeg\",\"width\":990,\"height\":556},{\"@type\":\"BreadcrumbList\",\"@id\":\"https:\\\/\\\/www.diocesisciudadrodrigo.org\\\/blog4\\\/el-6452-de-los-alumnos-de-la-diocesis-civitatense-eligen-la-ensenanza-de-religion-catolica\\\/#breadcrumb\",\"itemListElement\":[{\"@type\":\"ListItem\",\"position\":1,\"name\":\"Portada\",\"item\":\"https:\\\/\\\/www.diocesisciudadrodrigo.org\\\/blog4\\\/\"},{\"@type\":\"ListItem\",\"position\":2,\"name\":\"El 64,52% de los alumnos de la Di\u00f3cesis civitatense eligen la ense\u00f1anza de Religi\u00f3n cat\u00f3lica\"}]},{\"@type\":\"WebSite\",\"@id\":\"https:\\\/\\\/www.diocesisciudadrodrigo.org\\\/blog4\\\/#website\",\"url\":\"https:\\\/\\\/www.diocesisciudadrodrigo.org\\\/blog4\\\/\",\"name\":\"Di\u00f3cesis de Ciudad Rodrigo\",\"description\":\"Sitio web oficial de la di\u00f3cesis civitatense\",\"publisher\":{\"@id\":\"https:\\\/\\\/www.diocesisciudadrodrigo.org\\\/blog4\\\/#organization\"},\"potentialAction\":[{\"@type\":\"SearchAction\",\"target\":{\"@type\":\"EntryPoint\",\"urlTemplate\":\"https:\\\/\\\/www.diocesisciudadrodrigo.org\\\/blog4\\\/?s={search_term_string}\"},\"query-input\":{\"@type\":\"PropertyValueSpecification\",\"valueRequired\":true,\"valueName\":\"search_term_string\"}}],\"inLanguage\":\"es\"},{\"@type\":\"Organization\",\"@id\":\"https:\\\/\\\/www.diocesisciudadrodrigo.org\\\/blog4\\\/#organization\",\"name\":\"Di\u00f3cesis de Ciudad Rodrigo\",\"url\":\"https:\\\/\\\/www.diocesisciudadrodrigo.org\\\/blog4\\\/\",\"logo\":{\"@type\":\"ImageObject\",\"inLanguage\":\"es\",\"@id\":\"https:\\\/\\\/www.diocesisciudadrodrigo.org\\\/blog4\\\/#\\\/schema\\\/logo\\\/image\\\/\",\"url\":\"https:\\\/\\\/www.diocesisciudadrodrigo.org\\\/blog4\\\/wp-content\\\/uploads\\\/2024\\\/12\\\/Diocesis.CMYK_-768x480-1.jpg\",\"contentUrl\":\"https:\\\/\\\/www.diocesisciudadrodrigo.org\\\/blog4\\\/wp-content\\\/uploads\\\/2024\\\/12\\\/Diocesis.CMYK_-768x480-1.jpg\",\"width\":768,\"height\":480,\"caption\":\"Di\u00f3cesis de Ciudad Rodrigo\"},\"image\":{\"@id\":\"https:\\\/\\\/www.diocesisciudadrodrigo.org\\\/blog4\\\/#\\\/schema\\\/logo\\\/image\\\/\"},\"sameAs\":[\"https:\\\/\\\/www.facebook.com\\\/people\\\/Dicesis-Ciudad-Rodrigo-MCS\\\/100076471923419\\\/#\"]},{\"@type\":\"Person\",\"@id\":\"https:\\\/\\\/www.diocesisciudadrodrigo.org\\\/blog4\\\/#\\\/schema\\\/person\\\/5fcf0ca636a75766ff70e6417b6ed052\",\"name\":\"medios CR\",\"image\":{\"@type\":\"ImageObject\",\"inLanguage\":\"es\",\"@id\":\"https:\\\/\\\/secure.gravatar.com\\\/avatar\\\/4a619fd0c7e36bd570f4e6e15eb09a2191185d0f63d8dbfdffe848af141ab87e?s=96&d=mm&r=g\",\"url\":\"https:\\\/\\\/secure.gravatar.com\\\/avatar\\\/4a619fd0c7e36bd570f4e6e15eb09a2191185d0f63d8dbfdffe848af141ab87e?s=96&d=mm&r=g\",\"contentUrl\":\"https:\\\/\\\/secure.gravatar.com\\\/avatar\\\/4a619fd0c7e36bd570f4e6e15eb09a2191185d0f63d8dbfdffe848af141ab87e?s=96&d=mm&r=g\",\"caption\":\"medios CR\"},\"url\":\"https:\\\/\\\/www.diocesisciudadrodrigo.org\\\/blog4\\\/author\\\/admin4\\\/\"}]}<\/script>\n<!-- \/ Yoast SEO plugin. -->","yoast_head_json":{"title":"El 64,52% de los alumnos de la Di\u00f3cesis civitatense eligen la ense\u00f1anza de Religi\u00f3n cat\u00f3lica - Di\u00f3cesis de Ciudad Rodrigo","robots":{"index":"index","follow":"follow","max-snippet":"max-snippet:-1","max-image-preview":"max-image-preview:large","max-video-preview":"max-video-preview:-1"},"canonical":"https:\/\/www.diocesisciudadrodrigo.org\/blog4\/el-6452-de-los-alumnos-de-la-diocesis-civitatense-eligen-la-ensenanza-de-religion-catolica\/","og_locale":"es_ES","og_type":"article","og_title":"El 64,52% de los alumnos de la Di\u00f3cesis civitatense eligen la ense\u00f1anza de Religi\u00f3n cat\u00f3lica - Di\u00f3cesis de Ciudad Rodrigo","og_description":"La asignatura de Religi\u00f3n Cat\u00f3lica mantiene una alta elecci\u00f3n en la di\u00f3cesis, fruto de la confianza de los padres, que ven en en ella \u00abun elemento esencial en la educaci\u00f3n ... Leer m\u00e1s ...","og_url":"https:\/\/www.diocesisciudadrodrigo.org\/blog4\/el-6452-de-los-alumnos-de-la-diocesis-civitatense-eligen-la-ensenanza-de-religion-catolica\/","og_site_name":"Di\u00f3cesis de Ciudad Rodrigo","article_publisher":"https:\/\/www.facebook.com\/people\/Dicesis-Ciudad-Rodrigo-MCS\/100076471923419\/#","article_published_time":"2025-04-01T07:00:11+00:00","article_modified_time":"2025-04-01T07:59:19+00:00","og_image":[{"width":990,"height":556,"url":"https:\/\/www.diocesisciudadrodrigo.org\/blog4\/wp-content\/uploads\/2025\/04\/religion-1024x681-1-990x556-1.jpeg","type":"image\/jpeg"}],"author":"medios CR","twitter_card":"summary_large_image","twitter_misc":{"Escrito por":"medios CR","Tiempo de lectura":"2 minutos"},"schema":{"@context":"https:\/\/schema.org","@graph":[{"@type":"Article","@id":"https:\/\/www.diocesisciudadrodrigo.org\/blog4\/el-6452-de-los-alumnos-de-la-diocesis-civitatense-eligen-la-ensenanza-de-religion-catolica\/#article","isPartOf":{"@id":"https:\/\/www.diocesisciudadrodrigo.org\/blog4\/el-6452-de-los-alumnos-de-la-diocesis-civitatense-eligen-la-ensenanza-de-religion-catolica\/"},"author":{"name":"medios CR","@id":"https:\/\/www.diocesisciudadrodrigo.org\/blog4\/#\/schema\/person\/5fcf0ca636a75766ff70e6417b6ed052"},"headline":"El 64,52% de los alumnos de la Di\u00f3cesis civitatense eligen la ense\u00f1anza de Religi\u00f3n cat\u00f3lica","datePublished":"2025-04-01T07:00:11+00:00","dateModified":"2025-04-01T07:59:19+00:00","mainEntityOfPage":{"@id":"https:\/\/www.diocesisciudadrodrigo.org\/blog4\/el-6452-de-los-alumnos-de-la-diocesis-civitatense-eligen-la-ensenanza-de-religion-catolica\/"},"wordCount":407,"publisher":{"@id":"https:\/\/www.diocesisciudadrodrigo.org\/blog4\/#organization"},"image":{"@id":"https:\/\/www.diocesisciudadrodrigo.org\/blog4\/el-6452-de-los-alumnos-de-la-diocesis-civitatense-eligen-la-ensenanza-de-religion-catolica\/#primaryimage"},"thumbnailUrl":"https:\/\/www.diocesisciudadrodrigo.org\/blog4\/wp-content\/uploads\/2025\/04\/religion-1024x681-1-990x556-1.jpeg","articleSection":["Noticias"],"inLanguage":"es"},{"@type":"WebPage","@id":"https:\/\/www.diocesisciudadrodrigo.org\/blog4\/el-6452-de-los-alumnos-de-la-diocesis-civitatense-eligen-la-ensenanza-de-religion-catolica\/","url":"https:\/\/www.diocesisciudadrodrigo.org\/blog4\/el-6452-de-los-alumnos-de-la-diocesis-civitatense-eligen-la-ensenanza-de-religion-catolica\/","name":"El 64,52% de los alumnos de la Di\u00f3cesis civitatense eligen la ense\u00f1anza de Religi\u00f3n cat\u00f3lica - Di\u00f3cesis de Ciudad Rodrigo","isPartOf":{"@id":"https:\/\/www.diocesisciudadrodrigo.org\/blog4\/#website"},"primaryImageOfPage":{"@id":"https:\/\/www.diocesisciudadrodrigo.org\/blog4\/el-6452-de-los-alumnos-de-la-diocesis-civitatense-eligen-la-ensenanza-de-religion-catolica\/#primaryimage"},"image":{"@id":"https:\/\/www.diocesisciudadrodrigo.org\/blog4\/el-6452-de-los-alumnos-de-la-diocesis-civitatense-eligen-la-ensenanza-de-religion-catolica\/#primaryimage"},"thumbnailUrl":"https:\/\/www.diocesisciudadrodrigo.org\/blog4\/wp-content\/uploads\/2025\/04\/religion-1024x681-1-990x556-1.jpeg","datePublished":"2025-04-01T07:00:11+00:00","dateModified":"2025-04-01T07:59:19+00:00","breadcrumb":{"@id":"https:\/\/www.diocesisciudadrodrigo.org\/blog4\/el-6452-de-los-alumnos-de-la-diocesis-civitatense-eligen-la-ensenanza-de-religion-catolica\/#breadcrumb"},"inLanguage":"es","potentialAction":[{"@type":"ReadAction","target":["https:\/\/www.diocesisciudadrodrigo.org\/blog4\/el-6452-de-los-alumnos-de-la-diocesis-civitatense-eligen-la-ensenanza-de-religion-catolica\/"]}]},{"@type":"ImageObject","inLanguage":"es","@id":"https:\/\/www.diocesisciudadrodrigo.org\/blog4\/el-6452-de-los-alumnos-de-la-diocesis-civitatense-eligen-la-ensenanza-de-religion-catolica\/#primaryimage","url":"https:\/\/www.diocesisciudadrodrigo.org\/blog4\/wp-content\/uploads\/2025\/04\/religion-1024x681-1-990x556-1.jpeg","contentUrl":"https:\/\/www.diocesisciudadrodrigo.org\/blog4\/wp-content\/uploads\/2025\/04\/religion-1024x681-1-990x556-1.jpeg","width":990,"height":556},{"@type":"BreadcrumbList","@id":"https:\/\/www.diocesisciudadrodrigo.org\/blog4\/el-6452-de-los-alumnos-de-la-diocesis-civitatense-eligen-la-ensenanza-de-religion-catolica\/#breadcrumb","itemListElement":[{"@type":"ListItem","position":1,"name":"Portada","item":"https:\/\/www.diocesisciudadrodrigo.org\/blog4\/"},{"@type":"ListItem","position":2,"name":"El 64,52% de los alumnos de la Di\u00f3cesis civitatense eligen la ense\u00f1anza de Religi\u00f3n cat\u00f3lica"}]},{"@type":"WebSite","@id":"https:\/\/www.diocesisciudadrodrigo.org\/blog4\/#website","url":"https:\/\/www.diocesisciudadrodrigo.org\/blog4\/","name":"Di\u00f3cesis de Ciudad Rodrigo","description":"Sitio web oficial de la di\u00f3cesis civitatense","publisher":{"@id":"https:\/\/www.diocesisciudadrodrigo.org\/blog4\/#organization"},"potentialAction":[{"@type":"SearchAction","target":{"@type":"EntryPoint","urlTemplate":"https:\/\/www.diocesisciudadrodrigo.org\/blog4\/?s={search_term_string}"},"query-input":{"@type":"PropertyValueSpecification","valueRequired":true,"valueName":"search_term_string"}}],"inLanguage":"es"},{"@type":"Organization","@id":"https:\/\/www.diocesisciudadrodrigo.org\/blog4\/#organization","name":"Di\u00f3cesis de Ciudad Rodrigo","url":"https:\/\/www.diocesisciudadrodrigo.org\/blog4\/","logo":{"@type":"ImageObject","inLanguage":"es","@id":"https:\/\/www.diocesisciudadrodrigo.org\/blog4\/#\/schema\/logo\/image\/","url":"https:\/\/www.diocesisciudadrodrigo.org\/blog4\/wp-content\/uploads\/2024\/12\/Diocesis.CMYK_-768x480-1.jpg","contentUrl":"https:\/\/www.diocesisciudadrodrigo.org\/blog4\/wp-content\/uploads\/2024\/12\/Diocesis.CMYK_-768x480-1.jpg","width":768,"height":480,"caption":"Di\u00f3cesis de Ciudad Rodrigo"},"image":{"@id":"https:\/\/www.diocesisciudadrodrigo.org\/blog4\/#\/schema\/logo\/image\/"},"sameAs":["https:\/\/www.facebook.com\/people\/Dicesis-Ciudad-Rodrigo-MCS\/100076471923419\/#"]},{"@type":"Person","@id":"https:\/\/www.diocesisciudadrodrigo.org\/blog4\/#\/schema\/person\/5fcf0ca636a75766ff70e6417b6ed052","name":"medios CR","image":{"@type":"ImageObject","inLanguage":"es","@id":"https:\/\/secure.gravatar.com\/avatar\/4a619fd0c7e36bd570f4e6e15eb09a2191185d0f63d8dbfdffe848af141ab87e?s=96&d=mm&r=g","url":"https:\/\/secure.gravatar.com\/avatar\/4a619fd0c7e36bd570f4e6e15eb09a2191185d0f63d8dbfdffe848af141ab87e?s=96&d=mm&r=g","contentUrl":"https:\/\/secure.gravatar.com\/avatar\/4a619fd0c7e36bd570f4e6e15eb09a2191185d0f63d8dbfdffe848af141ab87e?s=96&d=mm&r=g","caption":"medios CR"},"url":"https:\/\/www.diocesisciudadrodrigo.org\/blog4\/author\/admin4\/"}]}},"_links":{"self":[{"href":"https:\/\/www.diocesisciudadrodrigo.org\/blog4\/wp-json\/wp\/v2\/posts\/35857","targetHints":{"allow":["GET"]}}],"collection":[{"href":"https:\/\/www.diocesisciudadrodrigo.org\/blog4\/wp-json\/wp\/v2\/posts"}],"about":[{"href":"https:\/\/www.diocesisciudadrodrigo.org\/blog4\/wp-json\/wp\/v2\/types\/post"}],"author":[{"embeddable":true,"href":"https:\/\/www.diocesisciudadrodrigo.org\/blog4\/wp-json\/wp\/v2\/users\/1"}],"replies":[{"embeddable":true,"href":"https:\/\/www.diocesisciudadrodrigo.org\/blog4\/wp-json\/wp\/v2\/comments?post=35857"}],"version-history":[{"count":8,"href":"https:\/\/www.diocesisciudadrodrigo.org\/blog4\/wp-json\/wp\/v2\/posts\/35857\/revisions"}],"predecessor-version":[{"id":35867,"href":"https:\/\/www.diocesisciudadrodrigo.org\/blog4\/wp-json\/wp\/v2\/posts\/35857\/revisions\/35867"}],"wp:featuredmedia":[{"embeddable":true,"href":"https:\/\/www.diocesisciudadrodrigo.org\/blog4\/wp-json\/wp\/v2\/media\/35859"}],"wp:attachment":[{"href":"https:\/\/www.diocesisciudadrodrigo.org\/blog4\/wp-json\/wp\/v2\/media?parent=35857"}],"wp:term":[{"taxonomy":"category","embeddable":true,"href":"https:\/\/www.diocesisciudadrodrigo.org\/blog4\/wp-json\/wp\/v2\/categories?post=35857"},{"taxonomy":"post_tag","embeddable":true,"href":"https:\/\/www.diocesisciudadrodrigo.org\/blog4\/wp-json\/wp\/v2\/tags?post=35857"}],"curies":[{"name":"wp","href":"https:\/\/api.w.org\/{rel}","templated":true}]}}