{"id":34546,"date":"2025-02-09T10:02:18","date_gmt":"2025-02-09T09:02:18","guid":{"rendered":"https:\/\/www.diocesisciudadrodrigo.org\/blog4\/?p=34546"},"modified":"2025-02-09T10:44:27","modified_gmt":"2025-02-09T09:44:27","slug":"pastoral-de-la-salud-inicia-la-campana-del-enfermo-2025-con-una-eucaristia-en-la-residencia-santa-rita-de-lumbrales","status":"publish","type":"post","link":"https:\/\/www.diocesisciudadrodrigo.org\/blog4\/pastoral-de-la-salud-inicia-la-campana-del-enfermo-2025-con-una-eucaristia-en-la-residencia-santa-rita-de-lumbrales\/","title":{"rendered":"Pastoral de la Salud inicia la Campa\u00f1a del Enfermo 2025 con una eucarist\u00eda en la Residencia Santa Rita de Lumbrales"},"content":{"rendered":"\t\t<div data-elementor-type=\"wp-post\" data-elementor-id=\"34546\" class=\"elementor elementor-34546\" data-elementor-settings=\"[]\">\n\t\t\t\t\t\t<div class=\"elementor-inner\">\n\t\t\t\t\t\t\t<div class=\"elementor-section-wrap\">\n\t\t\t\t\t\t\t<section class=\"elementor-section elementor-top-section elementor-element elementor-element-980983c elementor-section-boxed elementor-section-height-default elementor-section-height-default\" data-id=\"980983c\" data-element_type=\"section\">\n\t\t\t\t\t\t<div class=\"elementor-container elementor-column-gap-default\">\n\t\t\t\t\t\t\t<div class=\"elementor-row\">\n\t\t\t\t\t<div class=\"elementor-column elementor-col-100 elementor-top-column elementor-element elementor-element-9a6d4a6\" data-id=\"9a6d4a6\" data-element_type=\"column\">\n\t\t\t<div class=\"elementor-column-wrap elementor-element-populated\">\n\t\t\t\t\t\t\t<div class=\"elementor-widget-wrap\">\n\t\t\t\t\t\t<div class=\"elementor-element elementor-element-db2e70e elementor-widget elementor-widget-text-editor\" data-id=\"db2e70e\" data-element_type=\"widget\" data-widget_type=\"text-editor.default\">\n\t\t\t\t<div class=\"elementor-widget-container\">\n\t\t\t\t\t\t\t\t<div class=\"elementor-text-editor elementor-clearfix\">\n\t\t\t\t<h2>El 11 de febrero, todas las comunidades parroquiales de la Di\u00f3cesis de Ciudad Rodrigo est\u00e1n invitadas a unirse a la celebraci\u00f3n de la XXXIII Jornada Mundial del Enfermo<\/h2><p><strong>DELEGACI\u00d3N DE MEDIOS<\/strong><\/p><p>La residencia provincial Santa Rita en Lumbrales acogi\u00f3 este s\u00e1bado, 8 de febrero, la <strong>celebraci\u00f3n diocesana<\/strong> de la <strong>XXXIII Jornada Mundial del Enfermo<\/strong>, que marca el inicio de la Campa\u00f1a del Enfermo 2025, este a\u00f1o con el lema: <em>\u201cEn esperanza fuimos salvados\u201d.<\/em><\/p><p>En esta ocasi\u00f3n, el equipo de voluntarios de la Delegaci\u00f3n diocesana de Pastoral de la Salud se desplaz\u00f3 hasta esta localidad del Arcipreztazgo del Abadengo para compartir la celebraci\u00f3n con los residentes, las religiosas <strong>Agustinas Madre del Amparo<\/strong> que gestionan la residencia, el personal, as\u00ed como miembros de la parroquial y de otras comunidades del Abadengo. La misa, cuya intenci\u00f3n principal fue la <strong>oraci\u00f3n por los enfermos del mundo entero, de nuestra di\u00f3cesis y nuestras familias<\/strong>, fue presidida por el responsable de la Pastoral de la Salud, <strong>Carlos Norberto G\u00f3mez<\/strong>, y concelebrada por el p\u00e1rroco de Lumbrales, <strong>Andr\u00e9s Celestino G\u00f3mez<\/strong>, y por <strong>Isidoro Gonz\u00e1lez<\/strong>, miembro de la delegaci\u00f3n de Pastoral de la Salud.<\/p><p>Carlos Norberto recuerda que el mensaje del papa Francisco para esta XXXIII Jornada Mundial del Enfermo se centra en la mirada en el Se\u00f1or como fuente de esperanza: \u201cLa enfermedad se convierte en ocasi\u00f3n de un encuentro que nos transforma; en el hallazgo de una roca inquebrantable a la que podemos aferrarnos para afrontar las tempestades de la vida\u201d.<\/p><p>Las actividades de la Jornada del Enfermo continuar\u00e1n el <strong>11 de febrero<\/strong>, fiesta de Nuestra Se\u00f1ora de Lourdes, d\u00eda en el que tradicionalmente la Iglesia celebra esta jornada. El delegado Carlos Norberto G\u00f3mez <strong>invita a todas las comunidades parroquiales de la Di\u00f3cesis de Ciudad Rodrigo a unirse a esta celebraci\u00f3n<\/strong>: \u201c<em>Que todos sigamos orando por nuestros hermanos enfermos. Que en el Se\u00f1or se reavive nuestra esperanza, y que Mar\u00eda, Salud de los enfermos, sea nuestro consuelo y fortaleza en la adversidad\u201d.<\/em><\/p>\t\t\t\t\t<\/div>\n\t\t\t\t\t\t<\/div>\n\t\t\t\t<\/div>\n\t\t\t\t\t\t<\/div>\n\t\t\t\t\t<\/div>\n\t\t<\/div>\n\t\t\t\t\t\t\t\t<\/div>\n\t\t\t\t\t<\/div>\n\t\t<\/section>\n\t\t\t\t<section class=\"elementor-section elementor-top-section elementor-element elementor-element-36cd76d elementor-section-boxed elementor-section-height-default elementor-section-height-default\" data-id=\"36cd76d\" data-element_type=\"section\">\n\t\t\t\t\t\t<div class=\"elementor-container elementor-column-gap-default\">\n\t\t\t\t\t\t\t<div class=\"elementor-row\">\n\t\t\t\t\t<div class=\"elementor-column elementor-col-100 elementor-top-column elementor-element elementor-element-f7a3d10\" data-id=\"f7a3d10\" data-element_type=\"column\">\n\t\t\t<div class=\"elementor-column-wrap elementor-element-populated\">\n\t\t\t\t\t\t\t<div class=\"elementor-widget-wrap\">\n\t\t\t\t\t\t<div class=\"elementor-element elementor-element-8e06878 elementor-widget elementor-widget-image\" data-id=\"8e06878\" data-element_type=\"widget\" data-widget_type=\"image.default\">\n\t\t\t\t<div class=\"elementor-widget-container\">\n\t\t\t\t\t\t\t\t<div class=\"elementor-image\">\n\t\t\t\t\t\t\t\t\t\t\t\t<img loading=\"lazy\" decoding=\"async\" width=\"910\" height=\"527\" src=\"https:\/\/www.diocesisciudadrodrigo.org\/blog4\/wp-content\/uploads\/2025\/02\/residencia-lumbrales-jornada-enfermo.jpg\" class=\"attachment-large size-large\" alt=\"\" srcset=\"https:\/\/www.diocesisciudadrodrigo.org\/blog4\/wp-content\/uploads\/2025\/02\/residencia-lumbrales-jornada-enfermo.jpg 910w, https:\/\/www.diocesisciudadrodrigo.org\/blog4\/wp-content\/uploads\/2025\/02\/residencia-lumbrales-jornada-enfermo-300x174.jpg 300w, https:\/\/www.diocesisciudadrodrigo.org\/blog4\/wp-content\/uploads\/2025\/02\/residencia-lumbrales-jornada-enfermo-768x445.jpg 768w, https:\/\/www.diocesisciudadrodrigo.org\/blog4\/wp-content\/uploads\/2025\/02\/residencia-lumbrales-jornada-enfermo-350x203.jpg 350w\" sizes=\"auto, (max-width: 910px) 100vw, 910px\" \/>\t\t\t\t\t\t\t\t\t\t\t\t\t\t<\/div>\n\t\t\t\t\t\t<\/div>\n\t\t\t\t<\/div>\n\t\t\t\t\t\t<\/div>\n\t\t\t\t\t<\/div>\n\t\t<\/div>\n\t\t\t\t\t\t\t\t<\/div>\n\t\t\t\t\t<\/div>\n\t\t<\/section>\n\t\t\t\t<section class=\"elementor-section elementor-top-section elementor-element elementor-element-d27636b elementor-section-boxed elementor-section-height-default elementor-section-height-default\" data-id=\"d27636b\" data-element_type=\"section\">\n\t\t\t\t\t\t<div class=\"elementor-container elementor-column-gap-default\">\n\t\t\t\t\t\t\t<div class=\"elementor-row\">\n\t\t\t\t\t<div class=\"elementor-column elementor-col-33 elementor-top-column elementor-element elementor-element-c637a79\" data-id=\"c637a79\" data-element_type=\"column\">\n\t\t\t<div class=\"elementor-column-wrap elementor-element-populated\">\n\t\t\t\t\t\t\t<div class=\"elementor-widget-wrap\">\n\t\t\t\t\t\t<div class=\"elementor-element elementor-element-37fe261 elementor-widget elementor-widget-image\" data-id=\"37fe261\" data-element_type=\"widget\" data-widget_type=\"image.default\">\n\t\t\t\t<div class=\"elementor-widget-container\">\n\t\t\t\t\t\t\t\t<div class=\"elementor-image\">\n\t\t\t\t\t\t\t\t\t\t\t\t<img loading=\"lazy\" decoding=\"async\" width=\"561\" height=\"377\" src=\"https:\/\/www.diocesisciudadrodrigo.org\/blog4\/wp-content\/uploads\/2025\/02\/jornada-enfermo-2024-pastoral-de-la-salud.jpg\" class=\"attachment-large size-large\" alt=\"\" srcset=\"https:\/\/www.diocesisciudadrodrigo.org\/blog4\/wp-content\/uploads\/2025\/02\/jornada-enfermo-2024-pastoral-de-la-salud.jpg 561w, https:\/\/www.diocesisciudadrodrigo.org\/blog4\/wp-content\/uploads\/2025\/02\/jornada-enfermo-2024-pastoral-de-la-salud-300x202.jpg 300w, https:\/\/www.diocesisciudadrodrigo.org\/blog4\/wp-content\/uploads\/2025\/02\/jornada-enfermo-2024-pastoral-de-la-salud-350x235.jpg 350w\" sizes=\"auto, (max-width: 561px) 100vw, 561px\" \/>\t\t\t\t\t\t\t\t\t\t\t\t\t\t<\/div>\n\t\t\t\t\t\t<\/div>\n\t\t\t\t<\/div>\n\t\t\t\t\t\t<\/div>\n\t\t\t\t\t<\/div>\n\t\t<\/div>\n\t\t\t\t<div class=\"elementor-column elementor-col-33 elementor-top-column elementor-element elementor-element-14aa756\" data-id=\"14aa756\" data-element_type=\"column\">\n\t\t\t<div class=\"elementor-column-wrap elementor-element-populated\">\n\t\t\t\t\t\t\t<div class=\"elementor-widget-wrap\">\n\t\t\t\t\t\t<div class=\"elementor-element elementor-element-c28c1c1 elementor-widget elementor-widget-image\" data-id=\"c28c1c1\" data-element_type=\"widget\" data-widget_type=\"image.default\">\n\t\t\t\t<div class=\"elementor-widget-container\">\n\t\t\t\t\t\t\t\t<div class=\"elementor-image\">\n\t\t\t\t\t\t\t\t\t\t\t\t<img loading=\"lazy\" decoding=\"async\" width=\"1024\" height=\"768\" src=\"https:\/\/www.diocesisciudadrodrigo.org\/blog4\/wp-content\/uploads\/2025\/02\/celebracion-enfermo-lumbrales-at-19.32.464-1024x768.jpeg\" class=\"attachment-large size-large\" alt=\"\" srcset=\"https:\/\/www.diocesisciudadrodrigo.org\/blog4\/wp-content\/uploads\/2025\/02\/celebracion-enfermo-lumbrales-at-19.32.464-1024x768.jpeg 1024w, https:\/\/www.diocesisciudadrodrigo.org\/blog4\/wp-content\/uploads\/2025\/02\/celebracion-enfermo-lumbrales-at-19.32.464-300x225.jpeg 300w, https:\/\/www.diocesisciudadrodrigo.org\/blog4\/wp-content\/uploads\/2025\/02\/celebracion-enfermo-lumbrales-at-19.32.464-768x576.jpeg 768w, https:\/\/www.diocesisciudadrodrigo.org\/blog4\/wp-content\/uploads\/2025\/02\/celebracion-enfermo-lumbrales-at-19.32.464-1536x1152.jpeg 1536w, https:\/\/www.diocesisciudadrodrigo.org\/blog4\/wp-content\/uploads\/2025\/02\/celebracion-enfermo-lumbrales-at-19.32.464-350x263.jpeg 350w, https:\/\/www.diocesisciudadrodrigo.org\/blog4\/wp-content\/uploads\/2025\/02\/celebracion-enfermo-lumbrales-at-19.32.464.jpeg 1600w\" sizes=\"auto, (max-width: 1024px) 100vw, 1024px\" \/>\t\t\t\t\t\t\t\t\t\t\t\t\t\t<\/div>\n\t\t\t\t\t\t<\/div>\n\t\t\t\t<\/div>\n\t\t\t\t\t\t<\/div>\n\t\t\t\t\t<\/div>\n\t\t<\/div>\n\t\t\t\t<div class=\"elementor-column elementor-col-33 elementor-top-column elementor-element elementor-element-3eee18f\" data-id=\"3eee18f\" data-element_type=\"column\">\n\t\t\t<div class=\"elementor-column-wrap elementor-element-populated\">\n\t\t\t\t\t\t\t<div class=\"elementor-widget-wrap\">\n\t\t\t\t\t\t<div class=\"elementor-element elementor-element-fd22532 elementor-widget elementor-widget-image\" data-id=\"fd22532\" data-element_type=\"widget\" data-widget_type=\"image.default\">\n\t\t\t\t<div class=\"elementor-widget-container\">\n\t\t\t\t\t\t\t\t<div class=\"elementor-image\">\n\t\t\t\t\t\t\t\t\t\t\t\t<img loading=\"lazy\" decoding=\"async\" width=\"1024\" height=\"768\" src=\"https:\/\/www.diocesisciudadrodrigo.org\/blog4\/wp-content\/uploads\/2025\/02\/celebracion-enfermo-lumbralesat-19.32.441-1024x768.jpeg\" class=\"attachment-large size-large\" alt=\"\" srcset=\"https:\/\/www.diocesisciudadrodrigo.org\/blog4\/wp-content\/uploads\/2025\/02\/celebracion-enfermo-lumbralesat-19.32.441-1024x768.jpeg 1024w, https:\/\/www.diocesisciudadrodrigo.org\/blog4\/wp-content\/uploads\/2025\/02\/celebracion-enfermo-lumbralesat-19.32.441-300x225.jpeg 300w, https:\/\/www.diocesisciudadrodrigo.org\/blog4\/wp-content\/uploads\/2025\/02\/celebracion-enfermo-lumbralesat-19.32.441-768x576.jpeg 768w, https:\/\/www.diocesisciudadrodrigo.org\/blog4\/wp-content\/uploads\/2025\/02\/celebracion-enfermo-lumbralesat-19.32.441-1536x1152.jpeg 1536w, https:\/\/www.diocesisciudadrodrigo.org\/blog4\/wp-content\/uploads\/2025\/02\/celebracion-enfermo-lumbralesat-19.32.441-350x263.jpeg 350w, https:\/\/www.diocesisciudadrodrigo.org\/blog4\/wp-content\/uploads\/2025\/02\/celebracion-enfermo-lumbralesat-19.32.441.jpeg 1600w\" sizes=\"auto, (max-width: 1024px) 100vw, 1024px\" \/>\t\t\t\t\t\t\t\t\t\t\t\t\t\t<\/div>\n\t\t\t\t\t\t<\/div>\n\t\t\t\t<\/div>\n\t\t\t\t\t\t<\/div>\n\t\t\t\t\t<\/div>\n\t\t<\/div>\n\t\t\t\t\t\t\t\t<\/div>\n\t\t\t\t\t<\/div>\n\t\t<\/section>\n\t\t\t\t<section class=\"elementor-section elementor-top-section elementor-element elementor-element-eab86c2 elementor-section-boxed elementor-section-height-default elementor-section-height-default\" data-id=\"eab86c2\" data-element_type=\"section\">\n\t\t\t\t\t\t<div class=\"elementor-container elementor-column-gap-default\">\n\t\t\t\t\t\t\t<div class=\"elementor-row\">\n\t\t\t\t\t<div class=\"elementor-column elementor-col-100 elementor-top-column elementor-element elementor-element-b6b94c7\" data-id=\"b6b94c7\" data-element_type=\"column\">\n\t\t\t<div class=\"elementor-column-wrap elementor-element-populated\">\n\t\t\t\t\t\t\t<div class=\"elementor-widget-wrap\">\n\t\t\t\t\t\t<div class=\"elementor-element elementor-element-6fd516a elementor-widget elementor-widget-image\" data-id=\"6fd516a\" data-element_type=\"widget\" data-widget_type=\"image.default\">\n\t\t\t\t<div class=\"elementor-widget-container\">\n\t\t\t\t\t\t\t\t<div class=\"elementor-image\">\n\t\t\t\t\t\t\t\t\t\t\t\t<img loading=\"lazy\" decoding=\"async\" width=\"1024\" height=\"724\" src=\"https:\/\/www.diocesisciudadrodrigo.org\/blog4\/wp-content\/uploads\/2025\/01\/Cartel-JME-2025-1-1024x724.jpg\" class=\"attachment-large size-large\" alt=\"\" srcset=\"https:\/\/www.diocesisciudadrodrigo.org\/blog4\/wp-content\/uploads\/2025\/01\/Cartel-JME-2025-1-1024x724.jpg 1024w, https:\/\/www.diocesisciudadrodrigo.org\/blog4\/wp-content\/uploads\/2025\/01\/Cartel-JME-2025-1-300x212.jpg 300w, https:\/\/www.diocesisciudadrodrigo.org\/blog4\/wp-content\/uploads\/2025\/01\/Cartel-JME-2025-1-768x543.jpg 768w, https:\/\/www.diocesisciudadrodrigo.org\/blog4\/wp-content\/uploads\/2025\/01\/Cartel-JME-2025-1-1536x1086.jpg 1536w, https:\/\/www.diocesisciudadrodrigo.org\/blog4\/wp-content\/uploads\/2025\/01\/Cartel-JME-2025-1-350x247.jpg 350w, https:\/\/www.diocesisciudadrodrigo.org\/blog4\/wp-content\/uploads\/2025\/01\/Cartel-JME-2025-1.jpg 2000w\" sizes=\"auto, (max-width: 1024px) 100vw, 1024px\" \/>\t\t\t\t\t\t\t\t\t\t\t\t\t\t<\/div>\n\t\t\t\t\t\t<\/div>\n\t\t\t\t<\/div>\n\t\t\t\t\t\t<\/div>\n\t\t\t\t\t<\/div>\n\t\t<\/div>\n\t\t\t\t\t\t\t\t<\/div>\n\t\t\t\t\t<\/div>\n\t\t<\/section>\n\t\t\t\t\t\t<\/div>\n\t\t\t\t\t\t<\/div>\n\t\t\t\t\t<\/div>\n\t\t","protected":false},"excerpt":{"rendered":"<p>El 11 de febrero, todas las comunidades parroquiales de la Di\u00f3cesis de Ciudad Rodrigo est\u00e1n invitadas a unirse a la celebraci\u00f3n de la XXXIII Jornada Mundial del Enfermo DELEGACI\u00d3N DE &#8230; <\/p>\n<p class=\"read-more-container\"><a title=\"Pastoral de la Salud inicia la Campa\u00f1a del Enfermo 2025 con una eucarist\u00eda en la Residencia Santa Rita de Lumbrales\" class=\"read-more button\" href=\"https:\/\/www.diocesisciudadrodrigo.org\/blog4\/pastoral-de-la-salud-inicia-la-campana-del-enfermo-2025-con-una-eucaristia-en-la-residencia-santa-rita-de-lumbrales\/#more-34546\" aria-label=\"M\u00e1s en Pastoral de la Salud inicia la Campa\u00f1a del Enfermo 2025 con una eucarist\u00eda en la Residencia Santa Rita de Lumbrales\">Leer m\u00e1s &#8230;<\/a><\/p>\n","protected":false},"author":1,"featured_media":34547,"comment_status":"closed","ping_status":"closed","sticky":false,"template":"","format":"standard","meta":{"footnotes":""},"categories":[6],"tags":[],"class_list":["post-34546","post","type-post","status-publish","format-standard","has-post-thumbnail","hentry","category-noticias","masonry-post","generate-columns","tablet-grid-50","mobile-grid-100","grid-parent","grid-50"],"yoast_head":"<!-- This site is optimized with the Yoast SEO plugin v27.3 - https:\/\/yoast.com\/product\/yoast-seo-wordpress\/ -->\n<title>Pastoral de la Salud inicia la Campa\u00f1a del Enfermo 2025 con una eucarist\u00eda en la Residencia Santa Rita de Lumbrales - Di\u00f3cesis de Ciudad Rodrigo<\/title>\n<meta name=\"robots\" content=\"index, follow, max-snippet:-1, max-image-preview:large, max-video-preview:-1\" \/>\n<link rel=\"canonical\" href=\"https:\/\/www.diocesisciudadrodrigo.org\/blog4\/pastoral-de-la-salud-inicia-la-campana-del-enfermo-2025-con-una-eucaristia-en-la-residencia-santa-rita-de-lumbrales\/\" \/>\n<meta property=\"og:locale\" content=\"es_ES\" \/>\n<meta property=\"og:type\" content=\"article\" \/>\n<meta property=\"og:title\" content=\"Pastoral de la Salud inicia la Campa\u00f1a del Enfermo 2025 con una eucarist\u00eda en la Residencia Santa Rita de Lumbrales - Di\u00f3cesis de Ciudad Rodrigo\" \/>\n<meta property=\"og:description\" content=\"El 11 de febrero, todas las comunidades parroquiales de la Di\u00f3cesis de Ciudad Rodrigo est\u00e1n invitadas a unirse a la celebraci\u00f3n de la XXXIII Jornada Mundial del Enfermo DELEGACI\u00d3N DE ... Leer m\u00e1s ...\" \/>\n<meta property=\"og:url\" content=\"https:\/\/www.diocesisciudadrodrigo.org\/blog4\/pastoral-de-la-salud-inicia-la-campana-del-enfermo-2025-con-una-eucaristia-en-la-residencia-santa-rita-de-lumbrales\/\" \/>\n<meta property=\"og:site_name\" content=\"Di\u00f3cesis de Ciudad Rodrigo\" \/>\n<meta property=\"article:publisher\" content=\"https:\/\/www.facebook.com\/people\/Dicesis-Ciudad-Rodrigo-MCS\/100076471923419\/#\" \/>\n<meta property=\"article:published_time\" content=\"2025-02-09T09:02:18+00:00\" \/>\n<meta property=\"article:modified_time\" content=\"2025-02-09T09:44:27+00:00\" \/>\n<meta property=\"og:image\" content=\"https:\/\/www.diocesisciudadrodrigo.org\/blog4\/wp-content\/uploads\/2025\/02\/residencia-lumbrales-jornada-enfermo.jpg\" \/>\n\t<meta property=\"og:image:width\" content=\"910\" \/>\n\t<meta property=\"og:image:height\" content=\"527\" \/>\n\t<meta property=\"og:image:type\" content=\"image\/jpeg\" \/>\n<meta name=\"author\" content=\"medios CR\" \/>\n<meta name=\"twitter:card\" content=\"summary_large_image\" \/>\n<meta name=\"twitter:label1\" content=\"Escrito por\" \/>\n\t<meta name=\"twitter:data1\" content=\"medios CR\" \/>\n\t<meta name=\"twitter:label2\" content=\"Tiempo de lectura\" \/>\n\t<meta name=\"twitter:data2\" content=\"2 minutos\" \/>\n<script type=\"application\/ld+json\" class=\"yoast-schema-graph\">{\"@context\":\"https:\\\/\\\/schema.org\",\"@graph\":[{\"@type\":\"Article\",\"@id\":\"https:\\\/\\\/www.diocesisciudadrodrigo.org\\\/blog4\\\/pastoral-de-la-salud-inicia-la-campana-del-enfermo-2025-con-una-eucaristia-en-la-residencia-santa-rita-de-lumbrales\\\/#article\",\"isPartOf\":{\"@id\":\"https:\\\/\\\/www.diocesisciudadrodrigo.org\\\/blog4\\\/pastoral-de-la-salud-inicia-la-campana-del-enfermo-2025-con-una-eucaristia-en-la-residencia-santa-rita-de-lumbrales\\\/\"},\"author\":{\"name\":\"medios CR\",\"@id\":\"https:\\\/\\\/www.diocesisciudadrodrigo.org\\\/blog4\\\/#\\\/schema\\\/person\\\/5fcf0ca636a75766ff70e6417b6ed052\"},\"headline\":\"Pastoral de la Salud inicia la Campa\u00f1a del Enfermo 2025 con una eucarist\u00eda en la Residencia Santa Rita de Lumbrales\",\"datePublished\":\"2025-02-09T09:02:18+00:00\",\"dateModified\":\"2025-02-09T09:44:27+00:00\",\"mainEntityOfPage\":{\"@id\":\"https:\\\/\\\/www.diocesisciudadrodrigo.org\\\/blog4\\\/pastoral-de-la-salud-inicia-la-campana-del-enfermo-2025-con-una-eucaristia-en-la-residencia-santa-rita-de-lumbrales\\\/\"},\"wordCount\":373,\"publisher\":{\"@id\":\"https:\\\/\\\/www.diocesisciudadrodrigo.org\\\/blog4\\\/#organization\"},\"image\":{\"@id\":\"https:\\\/\\\/www.diocesisciudadrodrigo.org\\\/blog4\\\/pastoral-de-la-salud-inicia-la-campana-del-enfermo-2025-con-una-eucaristia-en-la-residencia-santa-rita-de-lumbrales\\\/#primaryimage\"},\"thumbnailUrl\":\"https:\\\/\\\/www.diocesisciudadrodrigo.org\\\/blog4\\\/wp-content\\\/uploads\\\/2025\\\/02\\\/residencia-lumbrales-jornada-enfermo.jpg\",\"articleSection\":[\"Noticias\"],\"inLanguage\":\"es\"},{\"@type\":\"WebPage\",\"@id\":\"https:\\\/\\\/www.diocesisciudadrodrigo.org\\\/blog4\\\/pastoral-de-la-salud-inicia-la-campana-del-enfermo-2025-con-una-eucaristia-en-la-residencia-santa-rita-de-lumbrales\\\/\",\"url\":\"https:\\\/\\\/www.diocesisciudadrodrigo.org\\\/blog4\\\/pastoral-de-la-salud-inicia-la-campana-del-enfermo-2025-con-una-eucaristia-en-la-residencia-santa-rita-de-lumbrales\\\/\",\"name\":\"Pastoral de la Salud inicia la Campa\u00f1a del Enfermo 2025 con una eucarist\u00eda en la Residencia Santa Rita de Lumbrales - Di\u00f3cesis de Ciudad Rodrigo\",\"isPartOf\":{\"@id\":\"https:\\\/\\\/www.diocesisciudadrodrigo.org\\\/blog4\\\/#website\"},\"primaryImageOfPage\":{\"@id\":\"https:\\\/\\\/www.diocesisciudadrodrigo.org\\\/blog4\\\/pastoral-de-la-salud-inicia-la-campana-del-enfermo-2025-con-una-eucaristia-en-la-residencia-santa-rita-de-lumbrales\\\/#primaryimage\"},\"image\":{\"@id\":\"https:\\\/\\\/www.diocesisciudadrodrigo.org\\\/blog4\\\/pastoral-de-la-salud-inicia-la-campana-del-enfermo-2025-con-una-eucaristia-en-la-residencia-santa-rita-de-lumbrales\\\/#primaryimage\"},\"thumbnailUrl\":\"https:\\\/\\\/www.diocesisciudadrodrigo.org\\\/blog4\\\/wp-content\\\/uploads\\\/2025\\\/02\\\/residencia-lumbrales-jornada-enfermo.jpg\",\"datePublished\":\"2025-02-09T09:02:18+00:00\",\"dateModified\":\"2025-02-09T09:44:27+00:00\",\"breadcrumb\":{\"@id\":\"https:\\\/\\\/www.diocesisciudadrodrigo.org\\\/blog4\\\/pastoral-de-la-salud-inicia-la-campana-del-enfermo-2025-con-una-eucaristia-en-la-residencia-santa-rita-de-lumbrales\\\/#breadcrumb\"},\"inLanguage\":\"es\",\"potentialAction\":[{\"@type\":\"ReadAction\",\"target\":[\"https:\\\/\\\/www.diocesisciudadrodrigo.org\\\/blog4\\\/pastoral-de-la-salud-inicia-la-campana-del-enfermo-2025-con-una-eucaristia-en-la-residencia-santa-rita-de-lumbrales\\\/\"]}]},{\"@type\":\"ImageObject\",\"inLanguage\":\"es\",\"@id\":\"https:\\\/\\\/www.diocesisciudadrodrigo.org\\\/blog4\\\/pastoral-de-la-salud-inicia-la-campana-del-enfermo-2025-con-una-eucaristia-en-la-residencia-santa-rita-de-lumbrales\\\/#primaryimage\",\"url\":\"https:\\\/\\\/www.diocesisciudadrodrigo.org\\\/blog4\\\/wp-content\\\/uploads\\\/2025\\\/02\\\/residencia-lumbrales-jornada-enfermo.jpg\",\"contentUrl\":\"https:\\\/\\\/www.diocesisciudadrodrigo.org\\\/blog4\\\/wp-content\\\/uploads\\\/2025\\\/02\\\/residencia-lumbrales-jornada-enfermo.jpg\",\"width\":910,\"height\":527},{\"@type\":\"BreadcrumbList\",\"@id\":\"https:\\\/\\\/www.diocesisciudadrodrigo.org\\\/blog4\\\/pastoral-de-la-salud-inicia-la-campana-del-enfermo-2025-con-una-eucaristia-en-la-residencia-santa-rita-de-lumbrales\\\/#breadcrumb\",\"itemListElement\":[{\"@type\":\"ListItem\",\"position\":1,\"name\":\"Portada\",\"item\":\"https:\\\/\\\/www.diocesisciudadrodrigo.org\\\/blog4\\\/\"},{\"@type\":\"ListItem\",\"position\":2,\"name\":\"Pastoral de la Salud inicia la Campa\u00f1a del Enfermo 2025 con una eucarist\u00eda en la Residencia Santa Rita de Lumbrales\"}]},{\"@type\":\"WebSite\",\"@id\":\"https:\\\/\\\/www.diocesisciudadrodrigo.org\\\/blog4\\\/#website\",\"url\":\"https:\\\/\\\/www.diocesisciudadrodrigo.org\\\/blog4\\\/\",\"name\":\"Di\u00f3cesis de Ciudad Rodrigo\",\"description\":\"Sitio web oficial de la di\u00f3cesis civitatense\",\"publisher\":{\"@id\":\"https:\\\/\\\/www.diocesisciudadrodrigo.org\\\/blog4\\\/#organization\"},\"potentialAction\":[{\"@type\":\"SearchAction\",\"target\":{\"@type\":\"EntryPoint\",\"urlTemplate\":\"https:\\\/\\\/www.diocesisciudadrodrigo.org\\\/blog4\\\/?s={search_term_string}\"},\"query-input\":{\"@type\":\"PropertyValueSpecification\",\"valueRequired\":true,\"valueName\":\"search_term_string\"}}],\"inLanguage\":\"es\"},{\"@type\":\"Organization\",\"@id\":\"https:\\\/\\\/www.diocesisciudadrodrigo.org\\\/blog4\\\/#organization\",\"name\":\"Di\u00f3cesis de Ciudad Rodrigo\",\"url\":\"https:\\\/\\\/www.diocesisciudadrodrigo.org\\\/blog4\\\/\",\"logo\":{\"@type\":\"ImageObject\",\"inLanguage\":\"es\",\"@id\":\"https:\\\/\\\/www.diocesisciudadrodrigo.org\\\/blog4\\\/#\\\/schema\\\/logo\\\/image\\\/\",\"url\":\"https:\\\/\\\/www.diocesisciudadrodrigo.org\\\/blog4\\\/wp-content\\\/uploads\\\/2024\\\/12\\\/Diocesis.CMYK_-768x480-1.jpg\",\"contentUrl\":\"https:\\\/\\\/www.diocesisciudadrodrigo.org\\\/blog4\\\/wp-content\\\/uploads\\\/2024\\\/12\\\/Diocesis.CMYK_-768x480-1.jpg\",\"width\":768,\"height\":480,\"caption\":\"Di\u00f3cesis de Ciudad Rodrigo\"},\"image\":{\"@id\":\"https:\\\/\\\/www.diocesisciudadrodrigo.org\\\/blog4\\\/#\\\/schema\\\/logo\\\/image\\\/\"},\"sameAs\":[\"https:\\\/\\\/www.facebook.com\\\/people\\\/Dicesis-Ciudad-Rodrigo-MCS\\\/100076471923419\\\/#\"]},{\"@type\":\"Person\",\"@id\":\"https:\\\/\\\/www.diocesisciudadrodrigo.org\\\/blog4\\\/#\\\/schema\\\/person\\\/5fcf0ca636a75766ff70e6417b6ed052\",\"name\":\"medios CR\",\"image\":{\"@type\":\"ImageObject\",\"inLanguage\":\"es\",\"@id\":\"https:\\\/\\\/secure.gravatar.com\\\/avatar\\\/4a619fd0c7e36bd570f4e6e15eb09a2191185d0f63d8dbfdffe848af141ab87e?s=96&d=mm&r=g\",\"url\":\"https:\\\/\\\/secure.gravatar.com\\\/avatar\\\/4a619fd0c7e36bd570f4e6e15eb09a2191185d0f63d8dbfdffe848af141ab87e?s=96&d=mm&r=g\",\"contentUrl\":\"https:\\\/\\\/secure.gravatar.com\\\/avatar\\\/4a619fd0c7e36bd570f4e6e15eb09a2191185d0f63d8dbfdffe848af141ab87e?s=96&d=mm&r=g\",\"caption\":\"medios CR\"},\"url\":\"https:\\\/\\\/www.diocesisciudadrodrigo.org\\\/blog4\\\/author\\\/admin4\\\/\"}]}<\/script>\n<!-- \/ Yoast SEO plugin. -->","yoast_head_json":{"title":"Pastoral de la Salud inicia la Campa\u00f1a del Enfermo 2025 con una eucarist\u00eda en la Residencia Santa Rita de Lumbrales - Di\u00f3cesis de Ciudad Rodrigo","robots":{"index":"index","follow":"follow","max-snippet":"max-snippet:-1","max-image-preview":"max-image-preview:large","max-video-preview":"max-video-preview:-1"},"canonical":"https:\/\/www.diocesisciudadrodrigo.org\/blog4\/pastoral-de-la-salud-inicia-la-campana-del-enfermo-2025-con-una-eucaristia-en-la-residencia-santa-rita-de-lumbrales\/","og_locale":"es_ES","og_type":"article","og_title":"Pastoral de la Salud inicia la Campa\u00f1a del Enfermo 2025 con una eucarist\u00eda en la Residencia Santa Rita de Lumbrales - Di\u00f3cesis de Ciudad Rodrigo","og_description":"El 11 de febrero, todas las comunidades parroquiales de la Di\u00f3cesis de Ciudad Rodrigo est\u00e1n invitadas a unirse a la celebraci\u00f3n de la XXXIII Jornada Mundial del Enfermo DELEGACI\u00d3N DE ... Leer m\u00e1s ...","og_url":"https:\/\/www.diocesisciudadrodrigo.org\/blog4\/pastoral-de-la-salud-inicia-la-campana-del-enfermo-2025-con-una-eucaristia-en-la-residencia-santa-rita-de-lumbrales\/","og_site_name":"Di\u00f3cesis de Ciudad Rodrigo","article_publisher":"https:\/\/www.facebook.com\/people\/Dicesis-Ciudad-Rodrigo-MCS\/100076471923419\/#","article_published_time":"2025-02-09T09:02:18+00:00","article_modified_time":"2025-02-09T09:44:27+00:00","og_image":[{"width":910,"height":527,"url":"https:\/\/www.diocesisciudadrodrigo.org\/blog4\/wp-content\/uploads\/2025\/02\/residencia-lumbrales-jornada-enfermo.jpg","type":"image\/jpeg"}],"author":"medios CR","twitter_card":"summary_large_image","twitter_misc":{"Escrito por":"medios CR","Tiempo de lectura":"2 minutos"},"schema":{"@context":"https:\/\/schema.org","@graph":[{"@type":"Article","@id":"https:\/\/www.diocesisciudadrodrigo.org\/blog4\/pastoral-de-la-salud-inicia-la-campana-del-enfermo-2025-con-una-eucaristia-en-la-residencia-santa-rita-de-lumbrales\/#article","isPartOf":{"@id":"https:\/\/www.diocesisciudadrodrigo.org\/blog4\/pastoral-de-la-salud-inicia-la-campana-del-enfermo-2025-con-una-eucaristia-en-la-residencia-santa-rita-de-lumbrales\/"},"author":{"name":"medios CR","@id":"https:\/\/www.diocesisciudadrodrigo.org\/blog4\/#\/schema\/person\/5fcf0ca636a75766ff70e6417b6ed052"},"headline":"Pastoral de la Salud inicia la Campa\u00f1a del Enfermo 2025 con una eucarist\u00eda en la Residencia Santa Rita de Lumbrales","datePublished":"2025-02-09T09:02:18+00:00","dateModified":"2025-02-09T09:44:27+00:00","mainEntityOfPage":{"@id":"https:\/\/www.diocesisciudadrodrigo.org\/blog4\/pastoral-de-la-salud-inicia-la-campana-del-enfermo-2025-con-una-eucaristia-en-la-residencia-santa-rita-de-lumbrales\/"},"wordCount":373,"publisher":{"@id":"https:\/\/www.diocesisciudadrodrigo.org\/blog4\/#organization"},"image":{"@id":"https:\/\/www.diocesisciudadrodrigo.org\/blog4\/pastoral-de-la-salud-inicia-la-campana-del-enfermo-2025-con-una-eucaristia-en-la-residencia-santa-rita-de-lumbrales\/#primaryimage"},"thumbnailUrl":"https:\/\/www.diocesisciudadrodrigo.org\/blog4\/wp-content\/uploads\/2025\/02\/residencia-lumbrales-jornada-enfermo.jpg","articleSection":["Noticias"],"inLanguage":"es"},{"@type":"WebPage","@id":"https:\/\/www.diocesisciudadrodrigo.org\/blog4\/pastoral-de-la-salud-inicia-la-campana-del-enfermo-2025-con-una-eucaristia-en-la-residencia-santa-rita-de-lumbrales\/","url":"https:\/\/www.diocesisciudadrodrigo.org\/blog4\/pastoral-de-la-salud-inicia-la-campana-del-enfermo-2025-con-una-eucaristia-en-la-residencia-santa-rita-de-lumbrales\/","name":"Pastoral de la Salud inicia la Campa\u00f1a del Enfermo 2025 con una eucarist\u00eda en la Residencia Santa Rita de Lumbrales - Di\u00f3cesis de Ciudad Rodrigo","isPartOf":{"@id":"https:\/\/www.diocesisciudadrodrigo.org\/blog4\/#website"},"primaryImageOfPage":{"@id":"https:\/\/www.diocesisciudadrodrigo.org\/blog4\/pastoral-de-la-salud-inicia-la-campana-del-enfermo-2025-con-una-eucaristia-en-la-residencia-santa-rita-de-lumbrales\/#primaryimage"},"image":{"@id":"https:\/\/www.diocesisciudadrodrigo.org\/blog4\/pastoral-de-la-salud-inicia-la-campana-del-enfermo-2025-con-una-eucaristia-en-la-residencia-santa-rita-de-lumbrales\/#primaryimage"},"thumbnailUrl":"https:\/\/www.diocesisciudadrodrigo.org\/blog4\/wp-content\/uploads\/2025\/02\/residencia-lumbrales-jornada-enfermo.jpg","datePublished":"2025-02-09T09:02:18+00:00","dateModified":"2025-02-09T09:44:27+00:00","breadcrumb":{"@id":"https:\/\/www.diocesisciudadrodrigo.org\/blog4\/pastoral-de-la-salud-inicia-la-campana-del-enfermo-2025-con-una-eucaristia-en-la-residencia-santa-rita-de-lumbrales\/#breadcrumb"},"inLanguage":"es","potentialAction":[{"@type":"ReadAction","target":["https:\/\/www.diocesisciudadrodrigo.org\/blog4\/pastoral-de-la-salud-inicia-la-campana-del-enfermo-2025-con-una-eucaristia-en-la-residencia-santa-rita-de-lumbrales\/"]}]},{"@type":"ImageObject","inLanguage":"es","@id":"https:\/\/www.diocesisciudadrodrigo.org\/blog4\/pastoral-de-la-salud-inicia-la-campana-del-enfermo-2025-con-una-eucaristia-en-la-residencia-santa-rita-de-lumbrales\/#primaryimage","url":"https:\/\/www.diocesisciudadrodrigo.org\/blog4\/wp-content\/uploads\/2025\/02\/residencia-lumbrales-jornada-enfermo.jpg","contentUrl":"https:\/\/www.diocesisciudadrodrigo.org\/blog4\/wp-content\/uploads\/2025\/02\/residencia-lumbrales-jornada-enfermo.jpg","width":910,"height":527},{"@type":"BreadcrumbList","@id":"https:\/\/www.diocesisciudadrodrigo.org\/blog4\/pastoral-de-la-salud-inicia-la-campana-del-enfermo-2025-con-una-eucaristia-en-la-residencia-santa-rita-de-lumbrales\/#breadcrumb","itemListElement":[{"@type":"ListItem","position":1,"name":"Portada","item":"https:\/\/www.diocesisciudadrodrigo.org\/blog4\/"},{"@type":"ListItem","position":2,"name":"Pastoral de la Salud inicia la Campa\u00f1a del Enfermo 2025 con una eucarist\u00eda en la Residencia Santa Rita de Lumbrales"}]},{"@type":"WebSite","@id":"https:\/\/www.diocesisciudadrodrigo.org\/blog4\/#website","url":"https:\/\/www.diocesisciudadrodrigo.org\/blog4\/","name":"Di\u00f3cesis de Ciudad Rodrigo","description":"Sitio web oficial de la di\u00f3cesis civitatense","publisher":{"@id":"https:\/\/www.diocesisciudadrodrigo.org\/blog4\/#organization"},"potentialAction":[{"@type":"SearchAction","target":{"@type":"EntryPoint","urlTemplate":"https:\/\/www.diocesisciudadrodrigo.org\/blog4\/?s={search_term_string}"},"query-input":{"@type":"PropertyValueSpecification","valueRequired":true,"valueName":"search_term_string"}}],"inLanguage":"es"},{"@type":"Organization","@id":"https:\/\/www.diocesisciudadrodrigo.org\/blog4\/#organization","name":"Di\u00f3cesis de Ciudad Rodrigo","url":"https:\/\/www.diocesisciudadrodrigo.org\/blog4\/","logo":{"@type":"ImageObject","inLanguage":"es","@id":"https:\/\/www.diocesisciudadrodrigo.org\/blog4\/#\/schema\/logo\/image\/","url":"https:\/\/www.diocesisciudadrodrigo.org\/blog4\/wp-content\/uploads\/2024\/12\/Diocesis.CMYK_-768x480-1.jpg","contentUrl":"https:\/\/www.diocesisciudadrodrigo.org\/blog4\/wp-content\/uploads\/2024\/12\/Diocesis.CMYK_-768x480-1.jpg","width":768,"height":480,"caption":"Di\u00f3cesis de Ciudad Rodrigo"},"image":{"@id":"https:\/\/www.diocesisciudadrodrigo.org\/blog4\/#\/schema\/logo\/image\/"},"sameAs":["https:\/\/www.facebook.com\/people\/Dicesis-Ciudad-Rodrigo-MCS\/100076471923419\/#"]},{"@type":"Person","@id":"https:\/\/www.diocesisciudadrodrigo.org\/blog4\/#\/schema\/person\/5fcf0ca636a75766ff70e6417b6ed052","name":"medios CR","image":{"@type":"ImageObject","inLanguage":"es","@id":"https:\/\/secure.gravatar.com\/avatar\/4a619fd0c7e36bd570f4e6e15eb09a2191185d0f63d8dbfdffe848af141ab87e?s=96&d=mm&r=g","url":"https:\/\/secure.gravatar.com\/avatar\/4a619fd0c7e36bd570f4e6e15eb09a2191185d0f63d8dbfdffe848af141ab87e?s=96&d=mm&r=g","contentUrl":"https:\/\/secure.gravatar.com\/avatar\/4a619fd0c7e36bd570f4e6e15eb09a2191185d0f63d8dbfdffe848af141ab87e?s=96&d=mm&r=g","caption":"medios CR"},"url":"https:\/\/www.diocesisciudadrodrigo.org\/blog4\/author\/admin4\/"}]}},"_links":{"self":[{"href":"https:\/\/www.diocesisciudadrodrigo.org\/blog4\/wp-json\/wp\/v2\/posts\/34546","targetHints":{"allow":["GET"]}}],"collection":[{"href":"https:\/\/www.diocesisciudadrodrigo.org\/blog4\/wp-json\/wp\/v2\/posts"}],"about":[{"href":"https:\/\/www.diocesisciudadrodrigo.org\/blog4\/wp-json\/wp\/v2\/types\/post"}],"author":[{"embeddable":true,"href":"https:\/\/www.diocesisciudadrodrigo.org\/blog4\/wp-json\/wp\/v2\/users\/1"}],"replies":[{"embeddable":true,"href":"https:\/\/www.diocesisciudadrodrigo.org\/blog4\/wp-json\/wp\/v2\/comments?post=34546"}],"version-history":[{"count":10,"href":"https:\/\/www.diocesisciudadrodrigo.org\/blog4\/wp-json\/wp\/v2\/posts\/34546\/revisions"}],"predecessor-version":[{"id":34564,"href":"https:\/\/www.diocesisciudadrodrigo.org\/blog4\/wp-json\/wp\/v2\/posts\/34546\/revisions\/34564"}],"wp:featuredmedia":[{"embeddable":true,"href":"https:\/\/www.diocesisciudadrodrigo.org\/blog4\/wp-json\/wp\/v2\/media\/34547"}],"wp:attachment":[{"href":"https:\/\/www.diocesisciudadrodrigo.org\/blog4\/wp-json\/wp\/v2\/media?parent=34546"}],"wp:term":[{"taxonomy":"category","embeddable":true,"href":"https:\/\/www.diocesisciudadrodrigo.org\/blog4\/wp-json\/wp\/v2\/categories?post=34546"},{"taxonomy":"post_tag","embeddable":true,"href":"https:\/\/www.diocesisciudadrodrigo.org\/blog4\/wp-json\/wp\/v2\/tags?post=34546"}],"curies":[{"name":"wp","href":"https:\/\/api.w.org\/{rel}","templated":true}]}}