{"id":34515,"date":"2025-02-08T16:17:49","date_gmt":"2025-02-08T15:17:49","guid":{"rendered":"https:\/\/www.diocesisciudadrodrigo.org\/blog4\/?p=34515"},"modified":"2025-02-12T12:00:30","modified_gmt":"2025-02-12T11:00:30","slug":"la-diocesis-de-ciudad-rodrigo-en-el-congreso-de-vocaciones","status":"publish","type":"post","link":"https:\/\/www.diocesisciudadrodrigo.org\/blog4\/la-diocesis-de-ciudad-rodrigo-en-el-congreso-de-vocaciones\/","title":{"rendered":"La Di\u00f3cesis de Ciudad Rodrigo, en el Congreso de Vocaciones"},"content":{"rendered":"\t\t<div data-elementor-type=\"wp-post\" data-elementor-id=\"34515\" class=\"elementor elementor-34515\" data-elementor-settings=\"[]\">\n\t\t\t\t\t\t<div class=\"elementor-inner\">\n\t\t\t\t\t\t\t<div class=\"elementor-section-wrap\">\n\t\t\t\t\t\t\t<section class=\"elementor-section elementor-top-section elementor-element elementor-element-7401841 elementor-section-boxed elementor-section-height-default elementor-section-height-default\" data-id=\"7401841\" data-element_type=\"section\">\n\t\t\t\t\t\t<div class=\"elementor-container elementor-column-gap-default\">\n\t\t\t\t\t\t\t<div class=\"elementor-row\">\n\t\t\t\t\t<div class=\"elementor-column elementor-col-100 elementor-top-column elementor-element elementor-element-117320b\" data-id=\"117320b\" data-element_type=\"column\">\n\t\t\t<div class=\"elementor-column-wrap elementor-element-populated\">\n\t\t\t\t\t\t\t<div class=\"elementor-widget-wrap\">\n\t\t\t\t\t\t<div class=\"elementor-element elementor-element-04e0f72 elementor-widget elementor-widget-text-editor\" data-id=\"04e0f72\" data-element_type=\"widget\" data-widget_type=\"text-editor.default\">\n\t\t\t\t<div class=\"elementor-widget-container\">\n\t\t\t\t\t\t\t\t<div class=\"elementor-text-editor elementor-clearfix\">\n\t\t\t\t<h4>Doce personas de Mir\u00f3briga participan hasta este domingo en este encuentro nacional que lleva por lema: \u00ab\u00bfPara qui\u00e9n soy?\u00bb<\/h4><p><strong>DELEGACI\u00d3N DE MEDIOS<\/strong><\/p><p>M\u00e1s de <strong>3.000 personas<\/strong> procedentes de <strong>70 di\u00f3cesis<\/strong>, congregaciones, movimientos y asociaciones p\u00fablicas de fieles participan este fin de semana en un congreso de vocaciones que lleva por lema: <strong>\u201c\u00bfPara qui\u00e9n soy?\u201d<\/strong>. Un interrogante que lanz\u00f3 el papa Francisco es su exhortaci\u00f3n <span class=\"BxUVEf ILfuVd\" lang=\"es\"><span class=\"hgKElc\"><em>\u201cChristus Vivit\u201d<\/em>.<\/span><\/span><\/p><p>La delegaci\u00f3n de la Di\u00f3cesis de Ciudad Rodrigo est\u00e1 formada por <strong>12 personas<\/strong>, algunos de ellos j\u00f3venes, adem\u00e1s de sacerdotes, laicos y religiosas de vida consagrada. Junto a ellos, participa en el congreso el obispo, <strong>Mons. Jos\u00e9 Luis Retana.<\/strong><\/p><p>El nuncio apost\u00f3lico en Espa\u00f1a, <strong>Mons. Bernardito C. Auza<\/strong>, hizo lectura al <strong><a href=\"https:\/\/www.conferenciaepiscopal.es\/wp-content\/uploads\/2025\/02\/Mensaje-papa-Francisco-Congreso-Vocaciones.pdf\" target=\"_blank\" rel=\"noopener\">mensaje<\/a><\/strong> con el que el <strong>papa Francisco<\/strong> ha querido unirse a la celebraci\u00f3n de este Congreso de Vocaciones, \u201cagradeciendo a todos los que trabajan por las vocaciones en las amadas tierras de Espa\u00f1a\u201d.<\/p><p><strong><span style=\"color: #800080;\">Mensaje del papa a los congresistas<\/span><\/strong><\/p><p>El santo padre manifiesta su alegr\u00eda porque el lema del encuentro recoja las palabras de la Exhortaci\u00f3n apost\u00f3lica \u201c<em>Christus vivit\u201d, u<\/em>n documento que advierte que muchas veces \u201cperdemos tiempo pregunt\u00e1ndonos: \u00abPero, \u00bfqui\u00e9n soy yo?\u00bb\u201d y \u201cno llegamos a la pregunta fundamental: \u00ab\u00bfPara qui\u00e9n soy yo?\u00bb\u201d. Sin duda, responde el pont\u00edfice <strong>\u201ceres para Dios\u201d<\/strong>. Pero, matiza: \u201c\u00c9l quiso que seas tambi\u00e9n para los dem\u00e1s, y puso en ti muchas cualidades, inclinaciones, dones y carismas que no son para ti, sino para otros\u201d (n. 286).<\/p><p>La <a href=\"https:\/\/www.diocesisciudadrodrigo.org\/blog4\/wp-content\/uploads\/2025\/02\/Congreso-Vocaciones-Ponencia-inicial.docx\" target=\"_blank\" rel=\"noopener\"><strong>ponencia marco inicial<\/strong> <\/a>corri\u00f3 a cargo de\u00a0<strong>Ana Samboal<\/strong> y <strong>Alfonso Alonso-Las Heras<\/strong>, que recoge el trabajo en com\u00fan anterior a este congreso. En las l\u00edneas presentadas est\u00e1 el hecho de que la raz\u00f3n de este encuentro sea descubrir, \u201cla certeza de que Dios sigue invit\u00e1ndonos a todos a una existencia plena y dichosa\u201d. Porque insist\u00edan en que la\u00a0vida es vocaci\u00f3n de todos y para todos, \u201cy encuentra su sentido en un bien que se dona, en una tarea para los dem\u00e1s\u201d.<\/p><p>En cuanto al programa de la jornada de este s\u00e1bado, se trabajar\u00e1 en los cuatro itinerarios propuestos: <strong>Palabra, Comunidad, Sujeto y Misi\u00f3n<\/strong>. Para cada uno se ofertan, adem\u00e1s, varios talleres, 64 en total, y cada participante ha elegido previamente dos itinerarios -uno para la ma\u00f1ana (entre Palabra y Comunidad) y otro para la tarde (entre Sujeto y Misi\u00f3n) \u2013 y de cada uno, dos talleres.<\/p><p>\u00a0<\/p>\t\t\t\t\t<\/div>\n\t\t\t\t\t\t<\/div>\n\t\t\t\t<\/div>\n\t\t\t\t\t\t<\/div>\n\t\t\t\t\t<\/div>\n\t\t<\/div>\n\t\t\t\t\t\t\t\t<\/div>\n\t\t\t\t\t<\/div>\n\t\t<\/section>\n\t\t\t\t<section class=\"elementor-section elementor-top-section elementor-element elementor-element-6a4c99c elementor-section-boxed elementor-section-height-default elementor-section-height-default\" data-id=\"6a4c99c\" data-element_type=\"section\">\n\t\t\t\t\t\t<div class=\"elementor-container elementor-column-gap-default\">\n\t\t\t\t\t\t\t<div class=\"elementor-row\">\n\t\t\t\t\t<div class=\"elementor-column elementor-col-100 elementor-top-column elementor-element elementor-element-7646fd1\" data-id=\"7646fd1\" data-element_type=\"column\">\n\t\t\t<div class=\"elementor-column-wrap elementor-element-populated\">\n\t\t\t\t\t\t\t<div class=\"elementor-widget-wrap\">\n\t\t\t\t\t\t<div class=\"elementor-element elementor-element-4fc7a2b elementor-widget elementor-widget-image\" data-id=\"4fc7a2b\" data-element_type=\"widget\" data-widget_type=\"image.default\">\n\t\t\t\t<div class=\"elementor-widget-container\">\n\t\t\t\t\t\t\t\t<div class=\"elementor-image\">\n\t\t\t\t\t\t\t\t\t\t\t\t<img loading=\"lazy\" decoding=\"async\" width=\"1024\" height=\"900\" src=\"https:\/\/www.diocesisciudadrodrigo.org\/blog4\/wp-content\/uploads\/2025\/02\/IMG_0434-e1739357181158-1024x900.png\" class=\"attachment-large size-large\" alt=\"\" srcset=\"https:\/\/www.diocesisciudadrodrigo.org\/blog4\/wp-content\/uploads\/2025\/02\/IMG_0434-e1739357181158-1024x900.png 1024w, https:\/\/www.diocesisciudadrodrigo.org\/blog4\/wp-content\/uploads\/2025\/02\/IMG_0434-e1739357181158-300x264.png 300w, https:\/\/www.diocesisciudadrodrigo.org\/blog4\/wp-content\/uploads\/2025\/02\/IMG_0434-e1739357181158-768x675.png 768w, https:\/\/www.diocesisciudadrodrigo.org\/blog4\/wp-content\/uploads\/2025\/02\/IMG_0434-e1739357181158-1536x1350.png 1536w, https:\/\/www.diocesisciudadrodrigo.org\/blog4\/wp-content\/uploads\/2025\/02\/IMG_0434-e1739357181158-2048x1800.png 2048w, https:\/\/www.diocesisciudadrodrigo.org\/blog4\/wp-content\/uploads\/2025\/02\/IMG_0434-e1739357181158-350x308.png 350w\" sizes=\"auto, (max-width: 1024px) 100vw, 1024px\" \/>\t\t\t\t\t\t\t\t\t\t\t\t\t\t<\/div>\n\t\t\t\t\t\t<\/div>\n\t\t\t\t<\/div>\n\t\t\t\t\t\t<\/div>\n\t\t\t\t\t<\/div>\n\t\t<\/div>\n\t\t\t\t\t\t\t\t<\/div>\n\t\t\t\t\t<\/div>\n\t\t<\/section>\n\t\t\t\t<section class=\"elementor-section elementor-top-section elementor-element elementor-element-c779cde elementor-section-boxed elementor-section-height-default elementor-section-height-default\" data-id=\"c779cde\" data-element_type=\"section\">\n\t\t\t\t\t\t<div class=\"elementor-container elementor-column-gap-default\">\n\t\t\t\t\t\t\t<div class=\"elementor-row\">\n\t\t\t\t\t<div class=\"elementor-column elementor-col-50 elementor-top-column elementor-element elementor-element-77a70af\" data-id=\"77a70af\" data-element_type=\"column\">\n\t\t\t<div class=\"elementor-column-wrap elementor-element-populated\">\n\t\t\t\t\t\t\t<div class=\"elementor-widget-wrap\">\n\t\t\t\t\t\t<div class=\"elementor-element elementor-element-0bbdc24 elementor-widget elementor-widget-image\" data-id=\"0bbdc24\" data-element_type=\"widget\" data-widget_type=\"image.default\">\n\t\t\t\t<div class=\"elementor-widget-container\">\n\t\t\t\t\t\t\t\t<div class=\"elementor-image\">\n\t\t\t\t\t\t\t\t\t\t\t\t<img loading=\"lazy\" decoding=\"async\" width=\"1024\" height=\"768\" src=\"https:\/\/www.diocesisciudadrodrigo.org\/blog4\/wp-content\/uploads\/2025\/02\/d8b8dc1f-821b-49e2-87f8-ef4f5c5e6e98-1024x768.jpg\" class=\"attachment-large size-large\" alt=\"\" srcset=\"https:\/\/www.diocesisciudadrodrigo.org\/blog4\/wp-content\/uploads\/2025\/02\/d8b8dc1f-821b-49e2-87f8-ef4f5c5e6e98-1024x768.jpg 1024w, https:\/\/www.diocesisciudadrodrigo.org\/blog4\/wp-content\/uploads\/2025\/02\/d8b8dc1f-821b-49e2-87f8-ef4f5c5e6e98-300x225.jpg 300w, https:\/\/www.diocesisciudadrodrigo.org\/blog4\/wp-content\/uploads\/2025\/02\/d8b8dc1f-821b-49e2-87f8-ef4f5c5e6e98-768x576.jpg 768w, https:\/\/www.diocesisciudadrodrigo.org\/blog4\/wp-content\/uploads\/2025\/02\/d8b8dc1f-821b-49e2-87f8-ef4f5c5e6e98-1536x1152.jpg 1536w, https:\/\/www.diocesisciudadrodrigo.org\/blog4\/wp-content\/uploads\/2025\/02\/d8b8dc1f-821b-49e2-87f8-ef4f5c5e6e98-350x263.jpg 350w, https:\/\/www.diocesisciudadrodrigo.org\/blog4\/wp-content\/uploads\/2025\/02\/d8b8dc1f-821b-49e2-87f8-ef4f5c5e6e98.jpg 1600w\" sizes=\"auto, (max-width: 1024px) 100vw, 1024px\" \/>\t\t\t\t\t\t\t\t\t\t\t\t\t\t<\/div>\n\t\t\t\t\t\t<\/div>\n\t\t\t\t<\/div>\n\t\t\t\t\t\t<\/div>\n\t\t\t\t\t<\/div>\n\t\t<\/div>\n\t\t\t\t<div class=\"elementor-column elementor-col-50 elementor-top-column elementor-element elementor-element-a9cd5ea\" data-id=\"a9cd5ea\" data-element_type=\"column\">\n\t\t\t<div class=\"elementor-column-wrap elementor-element-populated\">\n\t\t\t\t\t\t\t<div class=\"elementor-widget-wrap\">\n\t\t\t\t\t\t<div class=\"elementor-element elementor-element-d2e0884 elementor-widget elementor-widget-image\" data-id=\"d2e0884\" data-element_type=\"widget\" data-widget_type=\"image.default\">\n\t\t\t\t<div class=\"elementor-widget-container\">\n\t\t\t\t\t\t\t\t<div class=\"elementor-image\">\n\t\t\t\t\t\t\t\t\t\t\t\t<img loading=\"lazy\" decoding=\"async\" width=\"1024\" height=\"768\" src=\"https:\/\/www.diocesisciudadrodrigo.org\/blog4\/wp-content\/uploads\/2025\/02\/IMG_0524-1024x768.png\" class=\"attachment-large size-large\" alt=\"\" srcset=\"https:\/\/www.diocesisciudadrodrigo.org\/blog4\/wp-content\/uploads\/2025\/02\/IMG_0524-1024x768.png 1024w, https:\/\/www.diocesisciudadrodrigo.org\/blog4\/wp-content\/uploads\/2025\/02\/IMG_0524-300x225.png 300w, https:\/\/www.diocesisciudadrodrigo.org\/blog4\/wp-content\/uploads\/2025\/02\/IMG_0524-768x576.png 768w, https:\/\/www.diocesisciudadrodrigo.org\/blog4\/wp-content\/uploads\/2025\/02\/IMG_0524-1536x1152.png 1536w, https:\/\/www.diocesisciudadrodrigo.org\/blog4\/wp-content\/uploads\/2025\/02\/IMG_0524-2048x1536.png 2048w, https:\/\/www.diocesisciudadrodrigo.org\/blog4\/wp-content\/uploads\/2025\/02\/IMG_0524-350x263.png 350w\" sizes=\"auto, (max-width: 1024px) 100vw, 1024px\" \/>\t\t\t\t\t\t\t\t\t\t\t\t\t\t<\/div>\n\t\t\t\t\t\t<\/div>\n\t\t\t\t<\/div>\n\t\t\t\t\t\t<\/div>\n\t\t\t\t\t<\/div>\n\t\t<\/div>\n\t\t\t\t\t\t\t\t<\/div>\n\t\t\t\t\t<\/div>\n\t\t<\/section>\n\t\t\t\t\t\t<\/div>\n\t\t\t\t\t\t<\/div>\n\t\t\t\t\t<\/div>\n\t\t","protected":false},"excerpt":{"rendered":"<p>Doce personas de Mir\u00f3briga participan hasta este domingo en este encuentro nacional que lleva por lema: \u00ab\u00bfPara qui\u00e9n soy?\u00bb DELEGACI\u00d3N DE MEDIOS M\u00e1s de 3.000 personas procedentes de 70 di\u00f3cesis, &#8230; <\/p>\n<p class=\"read-more-container\"><a title=\"La Di\u00f3cesis de Ciudad Rodrigo, en el Congreso de Vocaciones\" class=\"read-more button\" href=\"https:\/\/www.diocesisciudadrodrigo.org\/blog4\/la-diocesis-de-ciudad-rodrigo-en-el-congreso-de-vocaciones\/#more-34515\" aria-label=\"M\u00e1s en La Di\u00f3cesis de Ciudad Rodrigo, en el Congreso de Vocaciones\">Leer m\u00e1s &#8230;<\/a><\/p>\n","protected":false},"author":1,"featured_media":34582,"comment_status":"closed","ping_status":"closed","sticky":false,"template":"","format":"standard","meta":{"footnotes":""},"categories":[6],"tags":[],"class_list":["post-34515","post","type-post","status-publish","format-standard","has-post-thumbnail","hentry","category-noticias","masonry-post","generate-columns","tablet-grid-50","mobile-grid-100","grid-parent","grid-50"],"yoast_head":"<!-- This site is optimized with the Yoast SEO plugin v27.3 - https:\/\/yoast.com\/product\/yoast-seo-wordpress\/ -->\n<title>La Di\u00f3cesis de Ciudad Rodrigo, en el Congreso de Vocaciones - Di\u00f3cesis de Ciudad Rodrigo<\/title>\n<meta name=\"robots\" content=\"index, follow, max-snippet:-1, max-image-preview:large, max-video-preview:-1\" \/>\n<link rel=\"canonical\" href=\"https:\/\/www.diocesisciudadrodrigo.org\/blog4\/la-diocesis-de-ciudad-rodrigo-en-el-congreso-de-vocaciones\/\" \/>\n<meta property=\"og:locale\" content=\"es_ES\" \/>\n<meta property=\"og:type\" content=\"article\" \/>\n<meta property=\"og:title\" content=\"La Di\u00f3cesis de Ciudad Rodrigo, en el Congreso de Vocaciones - Di\u00f3cesis de Ciudad Rodrigo\" \/>\n<meta property=\"og:description\" content=\"Doce personas de Mir\u00f3briga participan hasta este domingo en este encuentro nacional que lleva por lema: \u00ab\u00bfPara qui\u00e9n soy?\u00bb DELEGACI\u00d3N DE MEDIOS M\u00e1s de 3.000 personas procedentes de 70 di\u00f3cesis, ... Leer m\u00e1s ...\" \/>\n<meta property=\"og:url\" content=\"https:\/\/www.diocesisciudadrodrigo.org\/blog4\/la-diocesis-de-ciudad-rodrigo-en-el-congreso-de-vocaciones\/\" \/>\n<meta property=\"og:site_name\" content=\"Di\u00f3cesis de Ciudad Rodrigo\" \/>\n<meta property=\"article:publisher\" content=\"https:\/\/www.facebook.com\/people\/Dicesis-Ciudad-Rodrigo-MCS\/100076471923419\/#\" \/>\n<meta property=\"article:published_time\" content=\"2025-02-08T15:17:49+00:00\" \/>\n<meta property=\"article:modified_time\" content=\"2025-02-12T11:00:30+00:00\" \/>\n<meta property=\"og:image\" content=\"https:\/\/www.diocesisciudadrodrigo.org\/blog4\/wp-content\/uploads\/2025\/02\/95b29441-0d98-4ea0-8062-78052ae39e44-e1739358023628.jpg\" \/>\n\t<meta property=\"og:image:width\" content=\"1873\" \/>\n\t<meta property=\"og:image:height\" content=\"1172\" \/>\n\t<meta property=\"og:image:type\" content=\"image\/jpeg\" \/>\n<meta name=\"author\" content=\"medios CR\" \/>\n<meta name=\"twitter:card\" content=\"summary_large_image\" \/>\n<meta name=\"twitter:label1\" content=\"Escrito por\" \/>\n\t<meta name=\"twitter:data1\" content=\"medios CR\" \/>\n\t<meta name=\"twitter:label2\" content=\"Tiempo de lectura\" \/>\n\t<meta name=\"twitter:data2\" content=\"2 minutos\" \/>\n<script type=\"application\/ld+json\" class=\"yoast-schema-graph\">{\"@context\":\"https:\\\/\\\/schema.org\",\"@graph\":[{\"@type\":\"Article\",\"@id\":\"https:\\\/\\\/www.diocesisciudadrodrigo.org\\\/blog4\\\/la-diocesis-de-ciudad-rodrigo-en-el-congreso-de-vocaciones\\\/#article\",\"isPartOf\":{\"@id\":\"https:\\\/\\\/www.diocesisciudadrodrigo.org\\\/blog4\\\/la-diocesis-de-ciudad-rodrigo-en-el-congreso-de-vocaciones\\\/\"},\"author\":{\"name\":\"medios CR\",\"@id\":\"https:\\\/\\\/www.diocesisciudadrodrigo.org\\\/blog4\\\/#\\\/schema\\\/person\\\/5fcf0ca636a75766ff70e6417b6ed052\"},\"headline\":\"La Di\u00f3cesis de Ciudad Rodrigo, en el Congreso de Vocaciones\",\"datePublished\":\"2025-02-08T15:17:49+00:00\",\"dateModified\":\"2025-02-12T11:00:30+00:00\",\"mainEntityOfPage\":{\"@id\":\"https:\\\/\\\/www.diocesisciudadrodrigo.org\\\/blog4\\\/la-diocesis-de-ciudad-rodrigo-en-el-congreso-de-vocaciones\\\/\"},\"wordCount\":430,\"publisher\":{\"@id\":\"https:\\\/\\\/www.diocesisciudadrodrigo.org\\\/blog4\\\/#organization\"},\"image\":{\"@id\":\"https:\\\/\\\/www.diocesisciudadrodrigo.org\\\/blog4\\\/la-diocesis-de-ciudad-rodrigo-en-el-congreso-de-vocaciones\\\/#primaryimage\"},\"thumbnailUrl\":\"https:\\\/\\\/www.diocesisciudadrodrigo.org\\\/blog4\\\/wp-content\\\/uploads\\\/2025\\\/02\\\/95b29441-0d98-4ea0-8062-78052ae39e44-e1739358023628.jpg\",\"articleSection\":[\"Noticias\"],\"inLanguage\":\"es\"},{\"@type\":\"WebPage\",\"@id\":\"https:\\\/\\\/www.diocesisciudadrodrigo.org\\\/blog4\\\/la-diocesis-de-ciudad-rodrigo-en-el-congreso-de-vocaciones\\\/\",\"url\":\"https:\\\/\\\/www.diocesisciudadrodrigo.org\\\/blog4\\\/la-diocesis-de-ciudad-rodrigo-en-el-congreso-de-vocaciones\\\/\",\"name\":\"La Di\u00f3cesis de Ciudad Rodrigo, en el Congreso de Vocaciones - Di\u00f3cesis de Ciudad Rodrigo\",\"isPartOf\":{\"@id\":\"https:\\\/\\\/www.diocesisciudadrodrigo.org\\\/blog4\\\/#website\"},\"primaryImageOfPage\":{\"@id\":\"https:\\\/\\\/www.diocesisciudadrodrigo.org\\\/blog4\\\/la-diocesis-de-ciudad-rodrigo-en-el-congreso-de-vocaciones\\\/#primaryimage\"},\"image\":{\"@id\":\"https:\\\/\\\/www.diocesisciudadrodrigo.org\\\/blog4\\\/la-diocesis-de-ciudad-rodrigo-en-el-congreso-de-vocaciones\\\/#primaryimage\"},\"thumbnailUrl\":\"https:\\\/\\\/www.diocesisciudadrodrigo.org\\\/blog4\\\/wp-content\\\/uploads\\\/2025\\\/02\\\/95b29441-0d98-4ea0-8062-78052ae39e44-e1739358023628.jpg\",\"datePublished\":\"2025-02-08T15:17:49+00:00\",\"dateModified\":\"2025-02-12T11:00:30+00:00\",\"breadcrumb\":{\"@id\":\"https:\\\/\\\/www.diocesisciudadrodrigo.org\\\/blog4\\\/la-diocesis-de-ciudad-rodrigo-en-el-congreso-de-vocaciones\\\/#breadcrumb\"},\"inLanguage\":\"es\",\"potentialAction\":[{\"@type\":\"ReadAction\",\"target\":[\"https:\\\/\\\/www.diocesisciudadrodrigo.org\\\/blog4\\\/la-diocesis-de-ciudad-rodrigo-en-el-congreso-de-vocaciones\\\/\"]}]},{\"@type\":\"ImageObject\",\"inLanguage\":\"es\",\"@id\":\"https:\\\/\\\/www.diocesisciudadrodrigo.org\\\/blog4\\\/la-diocesis-de-ciudad-rodrigo-en-el-congreso-de-vocaciones\\\/#primaryimage\",\"url\":\"https:\\\/\\\/www.diocesisciudadrodrigo.org\\\/blog4\\\/wp-content\\\/uploads\\\/2025\\\/02\\\/95b29441-0d98-4ea0-8062-78052ae39e44-e1739358023628.jpg\",\"contentUrl\":\"https:\\\/\\\/www.diocesisciudadrodrigo.org\\\/blog4\\\/wp-content\\\/uploads\\\/2025\\\/02\\\/95b29441-0d98-4ea0-8062-78052ae39e44-e1739358023628.jpg\",\"width\":1873,\"height\":1172},{\"@type\":\"BreadcrumbList\",\"@id\":\"https:\\\/\\\/www.diocesisciudadrodrigo.org\\\/blog4\\\/la-diocesis-de-ciudad-rodrigo-en-el-congreso-de-vocaciones\\\/#breadcrumb\",\"itemListElement\":[{\"@type\":\"ListItem\",\"position\":1,\"name\":\"Portada\",\"item\":\"https:\\\/\\\/www.diocesisciudadrodrigo.org\\\/blog4\\\/\"},{\"@type\":\"ListItem\",\"position\":2,\"name\":\"La Di\u00f3cesis de Ciudad Rodrigo, en el Congreso de Vocaciones\"}]},{\"@type\":\"WebSite\",\"@id\":\"https:\\\/\\\/www.diocesisciudadrodrigo.org\\\/blog4\\\/#website\",\"url\":\"https:\\\/\\\/www.diocesisciudadrodrigo.org\\\/blog4\\\/\",\"name\":\"Di\u00f3cesis de Ciudad Rodrigo\",\"description\":\"Sitio web oficial de la di\u00f3cesis civitatense\",\"publisher\":{\"@id\":\"https:\\\/\\\/www.diocesisciudadrodrigo.org\\\/blog4\\\/#organization\"},\"potentialAction\":[{\"@type\":\"SearchAction\",\"target\":{\"@type\":\"EntryPoint\",\"urlTemplate\":\"https:\\\/\\\/www.diocesisciudadrodrigo.org\\\/blog4\\\/?s={search_term_string}\"},\"query-input\":{\"@type\":\"PropertyValueSpecification\",\"valueRequired\":true,\"valueName\":\"search_term_string\"}}],\"inLanguage\":\"es\"},{\"@type\":\"Organization\",\"@id\":\"https:\\\/\\\/www.diocesisciudadrodrigo.org\\\/blog4\\\/#organization\",\"name\":\"Di\u00f3cesis de Ciudad Rodrigo\",\"url\":\"https:\\\/\\\/www.diocesisciudadrodrigo.org\\\/blog4\\\/\",\"logo\":{\"@type\":\"ImageObject\",\"inLanguage\":\"es\",\"@id\":\"https:\\\/\\\/www.diocesisciudadrodrigo.org\\\/blog4\\\/#\\\/schema\\\/logo\\\/image\\\/\",\"url\":\"https:\\\/\\\/www.diocesisciudadrodrigo.org\\\/blog4\\\/wp-content\\\/uploads\\\/2024\\\/12\\\/Diocesis.CMYK_-768x480-1.jpg\",\"contentUrl\":\"https:\\\/\\\/www.diocesisciudadrodrigo.org\\\/blog4\\\/wp-content\\\/uploads\\\/2024\\\/12\\\/Diocesis.CMYK_-768x480-1.jpg\",\"width\":768,\"height\":480,\"caption\":\"Di\u00f3cesis de Ciudad Rodrigo\"},\"image\":{\"@id\":\"https:\\\/\\\/www.diocesisciudadrodrigo.org\\\/blog4\\\/#\\\/schema\\\/logo\\\/image\\\/\"},\"sameAs\":[\"https:\\\/\\\/www.facebook.com\\\/people\\\/Dicesis-Ciudad-Rodrigo-MCS\\\/100076471923419\\\/#\"]},{\"@type\":\"Person\",\"@id\":\"https:\\\/\\\/www.diocesisciudadrodrigo.org\\\/blog4\\\/#\\\/schema\\\/person\\\/5fcf0ca636a75766ff70e6417b6ed052\",\"name\":\"medios CR\",\"image\":{\"@type\":\"ImageObject\",\"inLanguage\":\"es\",\"@id\":\"https:\\\/\\\/secure.gravatar.com\\\/avatar\\\/4a619fd0c7e36bd570f4e6e15eb09a2191185d0f63d8dbfdffe848af141ab87e?s=96&d=mm&r=g\",\"url\":\"https:\\\/\\\/secure.gravatar.com\\\/avatar\\\/4a619fd0c7e36bd570f4e6e15eb09a2191185d0f63d8dbfdffe848af141ab87e?s=96&d=mm&r=g\",\"contentUrl\":\"https:\\\/\\\/secure.gravatar.com\\\/avatar\\\/4a619fd0c7e36bd570f4e6e15eb09a2191185d0f63d8dbfdffe848af141ab87e?s=96&d=mm&r=g\",\"caption\":\"medios CR\"},\"url\":\"https:\\\/\\\/www.diocesisciudadrodrigo.org\\\/blog4\\\/author\\\/admin4\\\/\"}]}<\/script>\n<!-- \/ Yoast SEO plugin. -->","yoast_head_json":{"title":"La Di\u00f3cesis de Ciudad Rodrigo, en el Congreso de Vocaciones - Di\u00f3cesis de Ciudad Rodrigo","robots":{"index":"index","follow":"follow","max-snippet":"max-snippet:-1","max-image-preview":"max-image-preview:large","max-video-preview":"max-video-preview:-1"},"canonical":"https:\/\/www.diocesisciudadrodrigo.org\/blog4\/la-diocesis-de-ciudad-rodrigo-en-el-congreso-de-vocaciones\/","og_locale":"es_ES","og_type":"article","og_title":"La Di\u00f3cesis de Ciudad Rodrigo, en el Congreso de Vocaciones - Di\u00f3cesis de Ciudad Rodrigo","og_description":"Doce personas de Mir\u00f3briga participan hasta este domingo en este encuentro nacional que lleva por lema: \u00ab\u00bfPara qui\u00e9n soy?\u00bb DELEGACI\u00d3N DE MEDIOS M\u00e1s de 3.000 personas procedentes de 70 di\u00f3cesis, ... Leer m\u00e1s ...","og_url":"https:\/\/www.diocesisciudadrodrigo.org\/blog4\/la-diocesis-de-ciudad-rodrigo-en-el-congreso-de-vocaciones\/","og_site_name":"Di\u00f3cesis de Ciudad Rodrigo","article_publisher":"https:\/\/www.facebook.com\/people\/Dicesis-Ciudad-Rodrigo-MCS\/100076471923419\/#","article_published_time":"2025-02-08T15:17:49+00:00","article_modified_time":"2025-02-12T11:00:30+00:00","og_image":[{"width":1873,"height":1172,"url":"https:\/\/www.diocesisciudadrodrigo.org\/blog4\/wp-content\/uploads\/2025\/02\/95b29441-0d98-4ea0-8062-78052ae39e44-e1739358023628.jpg","type":"image\/jpeg"}],"author":"medios CR","twitter_card":"summary_large_image","twitter_misc":{"Escrito por":"medios CR","Tiempo de lectura":"2 minutos"},"schema":{"@context":"https:\/\/schema.org","@graph":[{"@type":"Article","@id":"https:\/\/www.diocesisciudadrodrigo.org\/blog4\/la-diocesis-de-ciudad-rodrigo-en-el-congreso-de-vocaciones\/#article","isPartOf":{"@id":"https:\/\/www.diocesisciudadrodrigo.org\/blog4\/la-diocesis-de-ciudad-rodrigo-en-el-congreso-de-vocaciones\/"},"author":{"name":"medios CR","@id":"https:\/\/www.diocesisciudadrodrigo.org\/blog4\/#\/schema\/person\/5fcf0ca636a75766ff70e6417b6ed052"},"headline":"La Di\u00f3cesis de Ciudad Rodrigo, en el Congreso de Vocaciones","datePublished":"2025-02-08T15:17:49+00:00","dateModified":"2025-02-12T11:00:30+00:00","mainEntityOfPage":{"@id":"https:\/\/www.diocesisciudadrodrigo.org\/blog4\/la-diocesis-de-ciudad-rodrigo-en-el-congreso-de-vocaciones\/"},"wordCount":430,"publisher":{"@id":"https:\/\/www.diocesisciudadrodrigo.org\/blog4\/#organization"},"image":{"@id":"https:\/\/www.diocesisciudadrodrigo.org\/blog4\/la-diocesis-de-ciudad-rodrigo-en-el-congreso-de-vocaciones\/#primaryimage"},"thumbnailUrl":"https:\/\/www.diocesisciudadrodrigo.org\/blog4\/wp-content\/uploads\/2025\/02\/95b29441-0d98-4ea0-8062-78052ae39e44-e1739358023628.jpg","articleSection":["Noticias"],"inLanguage":"es"},{"@type":"WebPage","@id":"https:\/\/www.diocesisciudadrodrigo.org\/blog4\/la-diocesis-de-ciudad-rodrigo-en-el-congreso-de-vocaciones\/","url":"https:\/\/www.diocesisciudadrodrigo.org\/blog4\/la-diocesis-de-ciudad-rodrigo-en-el-congreso-de-vocaciones\/","name":"La Di\u00f3cesis de Ciudad Rodrigo, en el Congreso de Vocaciones - Di\u00f3cesis de Ciudad Rodrigo","isPartOf":{"@id":"https:\/\/www.diocesisciudadrodrigo.org\/blog4\/#website"},"primaryImageOfPage":{"@id":"https:\/\/www.diocesisciudadrodrigo.org\/blog4\/la-diocesis-de-ciudad-rodrigo-en-el-congreso-de-vocaciones\/#primaryimage"},"image":{"@id":"https:\/\/www.diocesisciudadrodrigo.org\/blog4\/la-diocesis-de-ciudad-rodrigo-en-el-congreso-de-vocaciones\/#primaryimage"},"thumbnailUrl":"https:\/\/www.diocesisciudadrodrigo.org\/blog4\/wp-content\/uploads\/2025\/02\/95b29441-0d98-4ea0-8062-78052ae39e44-e1739358023628.jpg","datePublished":"2025-02-08T15:17:49+00:00","dateModified":"2025-02-12T11:00:30+00:00","breadcrumb":{"@id":"https:\/\/www.diocesisciudadrodrigo.org\/blog4\/la-diocesis-de-ciudad-rodrigo-en-el-congreso-de-vocaciones\/#breadcrumb"},"inLanguage":"es","potentialAction":[{"@type":"ReadAction","target":["https:\/\/www.diocesisciudadrodrigo.org\/blog4\/la-diocesis-de-ciudad-rodrigo-en-el-congreso-de-vocaciones\/"]}]},{"@type":"ImageObject","inLanguage":"es","@id":"https:\/\/www.diocesisciudadrodrigo.org\/blog4\/la-diocesis-de-ciudad-rodrigo-en-el-congreso-de-vocaciones\/#primaryimage","url":"https:\/\/www.diocesisciudadrodrigo.org\/blog4\/wp-content\/uploads\/2025\/02\/95b29441-0d98-4ea0-8062-78052ae39e44-e1739358023628.jpg","contentUrl":"https:\/\/www.diocesisciudadrodrigo.org\/blog4\/wp-content\/uploads\/2025\/02\/95b29441-0d98-4ea0-8062-78052ae39e44-e1739358023628.jpg","width":1873,"height":1172},{"@type":"BreadcrumbList","@id":"https:\/\/www.diocesisciudadrodrigo.org\/blog4\/la-diocesis-de-ciudad-rodrigo-en-el-congreso-de-vocaciones\/#breadcrumb","itemListElement":[{"@type":"ListItem","position":1,"name":"Portada","item":"https:\/\/www.diocesisciudadrodrigo.org\/blog4\/"},{"@type":"ListItem","position":2,"name":"La Di\u00f3cesis de Ciudad Rodrigo, en el Congreso de Vocaciones"}]},{"@type":"WebSite","@id":"https:\/\/www.diocesisciudadrodrigo.org\/blog4\/#website","url":"https:\/\/www.diocesisciudadrodrigo.org\/blog4\/","name":"Di\u00f3cesis de Ciudad Rodrigo","description":"Sitio web oficial de la di\u00f3cesis civitatense","publisher":{"@id":"https:\/\/www.diocesisciudadrodrigo.org\/blog4\/#organization"},"potentialAction":[{"@type":"SearchAction","target":{"@type":"EntryPoint","urlTemplate":"https:\/\/www.diocesisciudadrodrigo.org\/blog4\/?s={search_term_string}"},"query-input":{"@type":"PropertyValueSpecification","valueRequired":true,"valueName":"search_term_string"}}],"inLanguage":"es"},{"@type":"Organization","@id":"https:\/\/www.diocesisciudadrodrigo.org\/blog4\/#organization","name":"Di\u00f3cesis de Ciudad Rodrigo","url":"https:\/\/www.diocesisciudadrodrigo.org\/blog4\/","logo":{"@type":"ImageObject","inLanguage":"es","@id":"https:\/\/www.diocesisciudadrodrigo.org\/blog4\/#\/schema\/logo\/image\/","url":"https:\/\/www.diocesisciudadrodrigo.org\/blog4\/wp-content\/uploads\/2024\/12\/Diocesis.CMYK_-768x480-1.jpg","contentUrl":"https:\/\/www.diocesisciudadrodrigo.org\/blog4\/wp-content\/uploads\/2024\/12\/Diocesis.CMYK_-768x480-1.jpg","width":768,"height":480,"caption":"Di\u00f3cesis de Ciudad Rodrigo"},"image":{"@id":"https:\/\/www.diocesisciudadrodrigo.org\/blog4\/#\/schema\/logo\/image\/"},"sameAs":["https:\/\/www.facebook.com\/people\/Dicesis-Ciudad-Rodrigo-MCS\/100076471923419\/#"]},{"@type":"Person","@id":"https:\/\/www.diocesisciudadrodrigo.org\/blog4\/#\/schema\/person\/5fcf0ca636a75766ff70e6417b6ed052","name":"medios CR","image":{"@type":"ImageObject","inLanguage":"es","@id":"https:\/\/secure.gravatar.com\/avatar\/4a619fd0c7e36bd570f4e6e15eb09a2191185d0f63d8dbfdffe848af141ab87e?s=96&d=mm&r=g","url":"https:\/\/secure.gravatar.com\/avatar\/4a619fd0c7e36bd570f4e6e15eb09a2191185d0f63d8dbfdffe848af141ab87e?s=96&d=mm&r=g","contentUrl":"https:\/\/secure.gravatar.com\/avatar\/4a619fd0c7e36bd570f4e6e15eb09a2191185d0f63d8dbfdffe848af141ab87e?s=96&d=mm&r=g","caption":"medios CR"},"url":"https:\/\/www.diocesisciudadrodrigo.org\/blog4\/author\/admin4\/"}]}},"_links":{"self":[{"href":"https:\/\/www.diocesisciudadrodrigo.org\/blog4\/wp-json\/wp\/v2\/posts\/34515","targetHints":{"allow":["GET"]}}],"collection":[{"href":"https:\/\/www.diocesisciudadrodrigo.org\/blog4\/wp-json\/wp\/v2\/posts"}],"about":[{"href":"https:\/\/www.diocesisciudadrodrigo.org\/blog4\/wp-json\/wp\/v2\/types\/post"}],"author":[{"embeddable":true,"href":"https:\/\/www.diocesisciudadrodrigo.org\/blog4\/wp-json\/wp\/v2\/users\/1"}],"replies":[{"embeddable":true,"href":"https:\/\/www.diocesisciudadrodrigo.org\/blog4\/wp-json\/wp\/v2\/comments?post=34515"}],"version-history":[{"count":4,"href":"https:\/\/www.diocesisciudadrodrigo.org\/blog4\/wp-json\/wp\/v2\/posts\/34515\/revisions"}],"predecessor-version":[{"id":34523,"href":"https:\/\/www.diocesisciudadrodrigo.org\/blog4\/wp-json\/wp\/v2\/posts\/34515\/revisions\/34523"}],"wp:featuredmedia":[{"embeddable":true,"href":"https:\/\/www.diocesisciudadrodrigo.org\/blog4\/wp-json\/wp\/v2\/media\/34582"}],"wp:attachment":[{"href":"https:\/\/www.diocesisciudadrodrigo.org\/blog4\/wp-json\/wp\/v2\/media?parent=34515"}],"wp:term":[{"taxonomy":"category","embeddable":true,"href":"https:\/\/www.diocesisciudadrodrigo.org\/blog4\/wp-json\/wp\/v2\/categories?post=34515"},{"taxonomy":"post_tag","embeddable":true,"href":"https:\/\/www.diocesisciudadrodrigo.org\/blog4\/wp-json\/wp\/v2\/tags?post=34515"}],"curies":[{"name":"wp","href":"https:\/\/api.w.org\/{rel}","templated":true}]}}