{"id":34447,"date":"2025-02-04T15:14:31","date_gmt":"2025-02-04T14:14:31","guid":{"rendered":"https:\/\/www.diocesisciudadrodrigo.org\/blog4\/?p=34447"},"modified":"2025-02-04T15:18:04","modified_gmt":"2025-02-04T14:18:04","slug":"el-obispo-presenta-las-lineas-pastorales-de-este-curso-en-un-encuentro-con-periodistas","status":"publish","type":"post","link":"https:\/\/www.diocesisciudadrodrigo.org\/blog4\/el-obispo-presenta-las-lineas-pastorales-de-este-curso-en-un-encuentro-con-periodistas\/","title":{"rendered":"El obispo presenta las l\u00edneas pastorales de este curso en un encuentro con periodistas"},"content":{"rendered":"\t\t<div data-elementor-type=\"wp-post\" data-elementor-id=\"34447\" class=\"elementor elementor-34447\" data-elementor-settings=\"[]\">\n\t\t\t\t\t\t<div class=\"elementor-inner\">\n\t\t\t\t\t\t\t<div class=\"elementor-section-wrap\">\n\t\t\t\t\t\t\t<section class=\"elementor-section elementor-top-section elementor-element elementor-element-526a5dd elementor-section-boxed elementor-section-height-default elementor-section-height-default\" data-id=\"526a5dd\" data-element_type=\"section\">\n\t\t\t\t\t\t<div class=\"elementor-container elementor-column-gap-default\">\n\t\t\t\t\t\t\t<div class=\"elementor-row\">\n\t\t\t\t\t<div class=\"elementor-column elementor-col-100 elementor-top-column elementor-element elementor-element-6f24407\" data-id=\"6f24407\" data-element_type=\"column\">\n\t\t\t<div class=\"elementor-column-wrap elementor-element-populated\">\n\t\t\t\t\t\t\t<div class=\"elementor-widget-wrap\">\n\t\t\t\t\t\t<div class=\"elementor-element elementor-element-9b910e3 elementor-widget elementor-widget-image\" data-id=\"9b910e3\" data-element_type=\"widget\" data-widget_type=\"image.default\">\n\t\t\t\t<div class=\"elementor-widget-container\">\n\t\t\t\t\t\t\t\t<div class=\"elementor-image\">\n\t\t\t\t\t\t\t\t\t\t\t\t<img loading=\"lazy\" decoding=\"async\" width=\"1024\" height=\"458\" src=\"https:\/\/www.diocesisciudadrodrigo.org\/blog4\/wp-content\/uploads\/2025\/02\/1d1397c5-1416-4565-a359-9bb1bb7422ba-1024x458.jpg\" class=\"attachment-large size-large\" alt=\"\" srcset=\"https:\/\/www.diocesisciudadrodrigo.org\/blog4\/wp-content\/uploads\/2025\/02\/1d1397c5-1416-4565-a359-9bb1bb7422ba-1024x458.jpg 1024w, https:\/\/www.diocesisciudadrodrigo.org\/blog4\/wp-content\/uploads\/2025\/02\/1d1397c5-1416-4565-a359-9bb1bb7422ba-300x134.jpg 300w, https:\/\/www.diocesisciudadrodrigo.org\/blog4\/wp-content\/uploads\/2025\/02\/1d1397c5-1416-4565-a359-9bb1bb7422ba-768x343.jpg 768w, https:\/\/www.diocesisciudadrodrigo.org\/blog4\/wp-content\/uploads\/2025\/02\/1d1397c5-1416-4565-a359-9bb1bb7422ba-1536x686.jpg 1536w, https:\/\/www.diocesisciudadrodrigo.org\/blog4\/wp-content\/uploads\/2025\/02\/1d1397c5-1416-4565-a359-9bb1bb7422ba-350x156.jpg 350w, https:\/\/www.diocesisciudadrodrigo.org\/blog4\/wp-content\/uploads\/2025\/02\/1d1397c5-1416-4565-a359-9bb1bb7422ba.jpg 1600w\" sizes=\"auto, (max-width: 1024px) 100vw, 1024px\" \/>\t\t\t\t\t\t\t\t\t\t\t\t\t\t<\/div>\n\t\t\t\t\t\t<\/div>\n\t\t\t\t<\/div>\n\t\t\t\t\t\t<\/div>\n\t\t\t\t\t<\/div>\n\t\t<\/div>\n\t\t\t\t\t\t\t\t<\/div>\n\t\t\t\t\t<\/div>\n\t\t<\/section>\n\t\t\t\t<section class=\"elementor-section elementor-top-section elementor-element elementor-element-e468e6c elementor-section-boxed elementor-section-height-default elementor-section-height-default\" data-id=\"e468e6c\" data-element_type=\"section\">\n\t\t\t\t\t\t<div class=\"elementor-container elementor-column-gap-default\">\n\t\t\t\t\t\t\t<div class=\"elementor-row\">\n\t\t\t\t\t<div class=\"elementor-column elementor-col-100 elementor-top-column elementor-element elementor-element-0789ce8\" data-id=\"0789ce8\" data-element_type=\"column\">\n\t\t\t<div class=\"elementor-column-wrap elementor-element-populated\">\n\t\t\t\t\t\t\t<div class=\"elementor-widget-wrap\">\n\t\t\t\t\t\t<div class=\"elementor-element elementor-element-e70f5b1 elementor-widget elementor-widget-text-editor\" data-id=\"e70f5b1\" data-element_type=\"widget\" data-widget_type=\"text-editor.default\">\n\t\t\t\t<div class=\"elementor-widget-container\">\n\t\t\t\t\t\t\t\t<div class=\"elementor-text-editor elementor-clearfix\">\n\t\t\t\t<h3>Mons. Jos\u00e9 Luis Retana ha mantenido un desayuno informativo con los medios de comunicaci\u00f3n de Ciudad Rodrigo en torno a la festividad de su patr\u00f3n, san Francisco de Sales<\/h3><p><span style=\"color: #000000;\"><strong>Delegaci\u00f3n de Medios<\/strong><\/span><\/p><p>El obispo de Ciudad Rodrigo, <strong>Mons. Jos\u00e9 Luis Retana<\/strong>, mantiene cada a\u00f1o un encuentro con los medios de comunicaci\u00f3n de Mir\u00f3briga con motivo de la celebraci\u00f3n del santo de los periodistas, <strong>san Francisco de Sales<\/strong>. En el desayuno informativo, comenz\u00f3 recordando que ha cumplido tres a\u00f1os desde su toma de posesi\u00f3n, el pasado <strong>8 de enero<\/strong>, \u00aby pastorear dos di\u00f3cesis requiere de m\u00e1s tiempo\u00bb. Y su empe\u00f1o ha sido conocer y entrar en la vida diocesana.<\/p><p>En relaci\u00f3n a la <strong>apertura del A\u00f1o Jubilar<\/strong>, el pasado 11 de enero, el prelado destac\u00f3 la presencia de fieles, \u00ablleg\u00f3 mucha gente de los pueblos\u00bb. Al respecto, destac\u00f3 que ha cuidado que los retiros de los arciprestazgos no solo fueran para los sacerdotes, sino para todas las comunidades parroquiales del mismo, \u00aby nos hemos juntado alrededor de 30 o 40 personas, que son las personas que est\u00e1n m\u00e1s cercanas a la vida de la parroquia\u00bb.<\/p><p>De este \u00faltimo a\u00f1o, tambi\u00e9n mencion\u00f3 algunos momentos dif\u00edciles que ha vivido, como la celebraci\u00f3n del <strong>funeral de \u00c1lvaro<\/strong>, \u00abmuy duro para el obispo, porque quiere participar del dolor de una familia con un hijo \u00fanico, y con 20 a\u00f1os, que me imagino que no es f\u00e1cil de asumir\u00bb.<\/p><p><strong><span style=\"color: #ff0000;\">La situaci\u00f3n del seminario menor<\/span><\/strong><\/p><p>Tampoco ha sido f\u00e1cil para el obispo la decisi\u00f3n de interrumpir l<strong>as clases en el seminario<\/strong>, que durante 13 a\u00f1os ning\u00fan estudiante del seminario menor ha seguido su formaci\u00f3n en el seminario mayor de Salamanca, \u00abcon tan solo trece alumnos y diecis\u00e9is profesores\u00bb. Mons. Retana asegura que era una decisi\u00f3n que ya no se pod\u00eda posponer m\u00e1s, \u00aby se propuso tener un encuentro de formaci\u00f3n por la tarde, y lo que hay ahora es un seminario en familia, y los que quieren son ayudados a discernir si ese es el camino que Dios quiere para ellos\u00bb<\/p><p>Al respecto, reconoci\u00f3 que quedaba abierta la utilizaci\u00f3n del seminario, \u00abque no queremos dejar <strong>un lugar vac\u00edo<\/strong>, porque se estropea, y posiblemente entre C\u00e1ritas a utilizarlo, para que no est\u00e9 en sitios tan diferentes\u00bb.<\/p><p>Asimismo, mencion\u00f3 c\u00f3mo est\u00e1n alentando las estructuras de sinodalidad en la di\u00f3cesis, \u00abcon <strong>consejos diocesanos y parroquiales<\/strong>\u00ab. Porque aclara que el obispo, \u00abno puede tomar decisiones solo\u00bb. E insiste en que esto tambi\u00e9n tiene que ocurrir en las parroquias, con la creaci\u00f3n de consejos pastorales y econ\u00f3micos, \u00abpara que no sea el sacerdote el que decida las cosas\u00bb.<\/p><p>Por otra parte, subray\u00f3 la celebraci\u00f3n del <strong>A\u00f1o Jubilar de la Esperanza<\/strong>, cuya peregrinaci\u00f3n diocesana a Roma tendr\u00e1 lugar del 24 al 28 de marzo, a la que acudir\u00e1 el obispo, as\u00ed como al Jubileo de los J\u00f3venes, del 29 de julio al 3 de agosto.<\/p>\t\t\t\t\t<\/div>\n\t\t\t\t\t\t<\/div>\n\t\t\t\t<\/div>\n\t\t\t\t\t\t<\/div>\n\t\t\t\t\t<\/div>\n\t\t<\/div>\n\t\t\t\t\t\t\t\t<\/div>\n\t\t\t\t\t<\/div>\n\t\t<\/section>\n\t\t\t\t\t\t<\/div>\n\t\t\t\t\t\t<\/div>\n\t\t\t\t\t<\/div>\n\t\t","protected":false},"excerpt":{"rendered":"<p>Mons. Jos\u00e9 Luis Retana ha mantenido un desayuno informativo con los medios de comunicaci\u00f3n de Ciudad Rodrigo en torno a la festividad de su patr\u00f3n, san Francisco de Sales Delegaci\u00f3n &#8230; <\/p>\n<p class=\"read-more-container\"><a title=\"El obispo presenta las l\u00edneas pastorales de este curso en un encuentro con periodistas\" class=\"read-more button\" href=\"https:\/\/www.diocesisciudadrodrigo.org\/blog4\/el-obispo-presenta-las-lineas-pastorales-de-este-curso-en-un-encuentro-con-periodistas\/#more-34447\" aria-label=\"M\u00e1s en El obispo presenta las l\u00edneas pastorales de este curso en un encuentro con periodistas\">Leer m\u00e1s &#8230;<\/a><\/p>\n","protected":false},"author":1,"featured_media":34463,"comment_status":"closed","ping_status":"closed","sticky":false,"template":"","format":"standard","meta":{"footnotes":""},"categories":[6],"tags":[],"class_list":["post-34447","post","type-post","status-publish","format-standard","has-post-thumbnail","hentry","category-noticias","masonry-post","generate-columns","tablet-grid-50","mobile-grid-100","grid-parent","grid-50"],"yoast_head":"<!-- This site is optimized with the Yoast SEO plugin v27.3 - https:\/\/yoast.com\/product\/yoast-seo-wordpress\/ -->\n<title>El obispo presenta las l\u00edneas pastorales de este curso en un encuentro con periodistas - Di\u00f3cesis de Ciudad Rodrigo<\/title>\n<meta name=\"robots\" content=\"index, follow, max-snippet:-1, max-image-preview:large, max-video-preview:-1\" \/>\n<link rel=\"canonical\" href=\"https:\/\/www.diocesisciudadrodrigo.org\/blog4\/el-obispo-presenta-las-lineas-pastorales-de-este-curso-en-un-encuentro-con-periodistas\/\" \/>\n<meta property=\"og:locale\" content=\"es_ES\" \/>\n<meta property=\"og:type\" content=\"article\" \/>\n<meta property=\"og:title\" content=\"El obispo presenta las l\u00edneas pastorales de este curso en un encuentro con periodistas - Di\u00f3cesis de Ciudad Rodrigo\" \/>\n<meta property=\"og:description\" content=\"Mons. Jos\u00e9 Luis Retana ha mantenido un desayuno informativo con los medios de comunicaci\u00f3n de Ciudad Rodrigo en torno a la festividad de su patr\u00f3n, san Francisco de Sales Delegaci\u00f3n ... Leer m\u00e1s ...\" \/>\n<meta property=\"og:url\" content=\"https:\/\/www.diocesisciudadrodrigo.org\/blog4\/el-obispo-presenta-las-lineas-pastorales-de-este-curso-en-un-encuentro-con-periodistas\/\" \/>\n<meta property=\"og:site_name\" content=\"Di\u00f3cesis de Ciudad Rodrigo\" \/>\n<meta property=\"article:publisher\" content=\"https:\/\/www.facebook.com\/people\/Dicesis-Ciudad-Rodrigo-MCS\/100076471923419\/#\" \/>\n<meta property=\"article:published_time\" content=\"2025-02-04T14:14:31+00:00\" \/>\n<meta property=\"article:modified_time\" content=\"2025-02-04T14:18:04+00:00\" \/>\n<meta property=\"og:image\" content=\"https:\/\/www.diocesisciudadrodrigo.org\/blog4\/wp-content\/uploads\/2025\/02\/1d1397c5-1416-4565-a359-9bb1bb7422ba.jpg\" \/>\n\t<meta property=\"og:image:width\" content=\"1600\" \/>\n\t<meta property=\"og:image:height\" content=\"715\" \/>\n\t<meta property=\"og:image:type\" content=\"image\/jpeg\" \/>\n<meta name=\"author\" content=\"medios CR\" \/>\n<meta name=\"twitter:card\" content=\"summary_large_image\" \/>\n<meta name=\"twitter:label1\" content=\"Escrito por\" \/>\n\t<meta name=\"twitter:data1\" content=\"medios CR\" \/>\n\t<meta name=\"twitter:label2\" content=\"Tiempo de lectura\" \/>\n\t<meta name=\"twitter:data2\" content=\"3 minutos\" \/>\n<script type=\"application\/ld+json\" class=\"yoast-schema-graph\">{\"@context\":\"https:\\\/\\\/schema.org\",\"@graph\":[{\"@type\":\"Article\",\"@id\":\"https:\\\/\\\/www.diocesisciudadrodrigo.org\\\/blog4\\\/el-obispo-presenta-las-lineas-pastorales-de-este-curso-en-un-encuentro-con-periodistas\\\/#article\",\"isPartOf\":{\"@id\":\"https:\\\/\\\/www.diocesisciudadrodrigo.org\\\/blog4\\\/el-obispo-presenta-las-lineas-pastorales-de-este-curso-en-un-encuentro-con-periodistas\\\/\"},\"author\":{\"name\":\"medios CR\",\"@id\":\"https:\\\/\\\/www.diocesisciudadrodrigo.org\\\/blog4\\\/#\\\/schema\\\/person\\\/5fcf0ca636a75766ff70e6417b6ed052\"},\"headline\":\"El obispo presenta las l\u00edneas pastorales de este curso en un encuentro con periodistas\",\"datePublished\":\"2025-02-04T14:14:31+00:00\",\"dateModified\":\"2025-02-04T14:18:04+00:00\",\"mainEntityOfPage\":{\"@id\":\"https:\\\/\\\/www.diocesisciudadrodrigo.org\\\/blog4\\\/el-obispo-presenta-las-lineas-pastorales-de-este-curso-en-un-encuentro-con-periodistas\\\/\"},\"wordCount\":523,\"publisher\":{\"@id\":\"https:\\\/\\\/www.diocesisciudadrodrigo.org\\\/blog4\\\/#organization\"},\"image\":{\"@id\":\"https:\\\/\\\/www.diocesisciudadrodrigo.org\\\/blog4\\\/el-obispo-presenta-las-lineas-pastorales-de-este-curso-en-un-encuentro-con-periodistas\\\/#primaryimage\"},\"thumbnailUrl\":\"https:\\\/\\\/www.diocesisciudadrodrigo.org\\\/blog4\\\/wp-content\\\/uploads\\\/2025\\\/02\\\/1d1397c5-1416-4565-a359-9bb1bb7422ba.jpg\",\"articleSection\":[\"Noticias\"],\"inLanguage\":\"es\"},{\"@type\":\"WebPage\",\"@id\":\"https:\\\/\\\/www.diocesisciudadrodrigo.org\\\/blog4\\\/el-obispo-presenta-las-lineas-pastorales-de-este-curso-en-un-encuentro-con-periodistas\\\/\",\"url\":\"https:\\\/\\\/www.diocesisciudadrodrigo.org\\\/blog4\\\/el-obispo-presenta-las-lineas-pastorales-de-este-curso-en-un-encuentro-con-periodistas\\\/\",\"name\":\"El obispo presenta las l\u00edneas pastorales de este curso en un encuentro con periodistas - Di\u00f3cesis de Ciudad Rodrigo\",\"isPartOf\":{\"@id\":\"https:\\\/\\\/www.diocesisciudadrodrigo.org\\\/blog4\\\/#website\"},\"primaryImageOfPage\":{\"@id\":\"https:\\\/\\\/www.diocesisciudadrodrigo.org\\\/blog4\\\/el-obispo-presenta-las-lineas-pastorales-de-este-curso-en-un-encuentro-con-periodistas\\\/#primaryimage\"},\"image\":{\"@id\":\"https:\\\/\\\/www.diocesisciudadrodrigo.org\\\/blog4\\\/el-obispo-presenta-las-lineas-pastorales-de-este-curso-en-un-encuentro-con-periodistas\\\/#primaryimage\"},\"thumbnailUrl\":\"https:\\\/\\\/www.diocesisciudadrodrigo.org\\\/blog4\\\/wp-content\\\/uploads\\\/2025\\\/02\\\/1d1397c5-1416-4565-a359-9bb1bb7422ba.jpg\",\"datePublished\":\"2025-02-04T14:14:31+00:00\",\"dateModified\":\"2025-02-04T14:18:04+00:00\",\"breadcrumb\":{\"@id\":\"https:\\\/\\\/www.diocesisciudadrodrigo.org\\\/blog4\\\/el-obispo-presenta-las-lineas-pastorales-de-este-curso-en-un-encuentro-con-periodistas\\\/#breadcrumb\"},\"inLanguage\":\"es\",\"potentialAction\":[{\"@type\":\"ReadAction\",\"target\":[\"https:\\\/\\\/www.diocesisciudadrodrigo.org\\\/blog4\\\/el-obispo-presenta-las-lineas-pastorales-de-este-curso-en-un-encuentro-con-periodistas\\\/\"]}]},{\"@type\":\"ImageObject\",\"inLanguage\":\"es\",\"@id\":\"https:\\\/\\\/www.diocesisciudadrodrigo.org\\\/blog4\\\/el-obispo-presenta-las-lineas-pastorales-de-este-curso-en-un-encuentro-con-periodistas\\\/#primaryimage\",\"url\":\"https:\\\/\\\/www.diocesisciudadrodrigo.org\\\/blog4\\\/wp-content\\\/uploads\\\/2025\\\/02\\\/1d1397c5-1416-4565-a359-9bb1bb7422ba.jpg\",\"contentUrl\":\"https:\\\/\\\/www.diocesisciudadrodrigo.org\\\/blog4\\\/wp-content\\\/uploads\\\/2025\\\/02\\\/1d1397c5-1416-4565-a359-9bb1bb7422ba.jpg\",\"width\":1600,\"height\":715,\"caption\":\"Encuentro informativo con los periodistas por la festividad de San Francisco de Sales.\"},{\"@type\":\"BreadcrumbList\",\"@id\":\"https:\\\/\\\/www.diocesisciudadrodrigo.org\\\/blog4\\\/el-obispo-presenta-las-lineas-pastorales-de-este-curso-en-un-encuentro-con-periodistas\\\/#breadcrumb\",\"itemListElement\":[{\"@type\":\"ListItem\",\"position\":1,\"name\":\"Portada\",\"item\":\"https:\\\/\\\/www.diocesisciudadrodrigo.org\\\/blog4\\\/\"},{\"@type\":\"ListItem\",\"position\":2,\"name\":\"El obispo presenta las l\u00edneas pastorales de este curso en un encuentro con periodistas\"}]},{\"@type\":\"WebSite\",\"@id\":\"https:\\\/\\\/www.diocesisciudadrodrigo.org\\\/blog4\\\/#website\",\"url\":\"https:\\\/\\\/www.diocesisciudadrodrigo.org\\\/blog4\\\/\",\"name\":\"Di\u00f3cesis de Ciudad Rodrigo\",\"description\":\"Sitio web oficial de la di\u00f3cesis civitatense\",\"publisher\":{\"@id\":\"https:\\\/\\\/www.diocesisciudadrodrigo.org\\\/blog4\\\/#organization\"},\"potentialAction\":[{\"@type\":\"SearchAction\",\"target\":{\"@type\":\"EntryPoint\",\"urlTemplate\":\"https:\\\/\\\/www.diocesisciudadrodrigo.org\\\/blog4\\\/?s={search_term_string}\"},\"query-input\":{\"@type\":\"PropertyValueSpecification\",\"valueRequired\":true,\"valueName\":\"search_term_string\"}}],\"inLanguage\":\"es\"},{\"@type\":\"Organization\",\"@id\":\"https:\\\/\\\/www.diocesisciudadrodrigo.org\\\/blog4\\\/#organization\",\"name\":\"Di\u00f3cesis de Ciudad Rodrigo\",\"url\":\"https:\\\/\\\/www.diocesisciudadrodrigo.org\\\/blog4\\\/\",\"logo\":{\"@type\":\"ImageObject\",\"inLanguage\":\"es\",\"@id\":\"https:\\\/\\\/www.diocesisciudadrodrigo.org\\\/blog4\\\/#\\\/schema\\\/logo\\\/image\\\/\",\"url\":\"https:\\\/\\\/www.diocesisciudadrodrigo.org\\\/blog4\\\/wp-content\\\/uploads\\\/2024\\\/12\\\/Diocesis.CMYK_-768x480-1.jpg\",\"contentUrl\":\"https:\\\/\\\/www.diocesisciudadrodrigo.org\\\/blog4\\\/wp-content\\\/uploads\\\/2024\\\/12\\\/Diocesis.CMYK_-768x480-1.jpg\",\"width\":768,\"height\":480,\"caption\":\"Di\u00f3cesis de Ciudad Rodrigo\"},\"image\":{\"@id\":\"https:\\\/\\\/www.diocesisciudadrodrigo.org\\\/blog4\\\/#\\\/schema\\\/logo\\\/image\\\/\"},\"sameAs\":[\"https:\\\/\\\/www.facebook.com\\\/people\\\/Dicesis-Ciudad-Rodrigo-MCS\\\/100076471923419\\\/#\"]},{\"@type\":\"Person\",\"@id\":\"https:\\\/\\\/www.diocesisciudadrodrigo.org\\\/blog4\\\/#\\\/schema\\\/person\\\/5fcf0ca636a75766ff70e6417b6ed052\",\"name\":\"medios CR\",\"image\":{\"@type\":\"ImageObject\",\"inLanguage\":\"es\",\"@id\":\"https:\\\/\\\/secure.gravatar.com\\\/avatar\\\/4a619fd0c7e36bd570f4e6e15eb09a2191185d0f63d8dbfdffe848af141ab87e?s=96&d=mm&r=g\",\"url\":\"https:\\\/\\\/secure.gravatar.com\\\/avatar\\\/4a619fd0c7e36bd570f4e6e15eb09a2191185d0f63d8dbfdffe848af141ab87e?s=96&d=mm&r=g\",\"contentUrl\":\"https:\\\/\\\/secure.gravatar.com\\\/avatar\\\/4a619fd0c7e36bd570f4e6e15eb09a2191185d0f63d8dbfdffe848af141ab87e?s=96&d=mm&r=g\",\"caption\":\"medios CR\"},\"url\":\"https:\\\/\\\/www.diocesisciudadrodrigo.org\\\/blog4\\\/author\\\/admin4\\\/\"}]}<\/script>\n<!-- \/ Yoast SEO plugin. -->","yoast_head_json":{"title":"El obispo presenta las l\u00edneas pastorales de este curso en un encuentro con periodistas - Di\u00f3cesis de Ciudad Rodrigo","robots":{"index":"index","follow":"follow","max-snippet":"max-snippet:-1","max-image-preview":"max-image-preview:large","max-video-preview":"max-video-preview:-1"},"canonical":"https:\/\/www.diocesisciudadrodrigo.org\/blog4\/el-obispo-presenta-las-lineas-pastorales-de-este-curso-en-un-encuentro-con-periodistas\/","og_locale":"es_ES","og_type":"article","og_title":"El obispo presenta las l\u00edneas pastorales de este curso en un encuentro con periodistas - Di\u00f3cesis de Ciudad Rodrigo","og_description":"Mons. Jos\u00e9 Luis Retana ha mantenido un desayuno informativo con los medios de comunicaci\u00f3n de Ciudad Rodrigo en torno a la festividad de su patr\u00f3n, san Francisco de Sales Delegaci\u00f3n ... Leer m\u00e1s ...","og_url":"https:\/\/www.diocesisciudadrodrigo.org\/blog4\/el-obispo-presenta-las-lineas-pastorales-de-este-curso-en-un-encuentro-con-periodistas\/","og_site_name":"Di\u00f3cesis de Ciudad Rodrigo","article_publisher":"https:\/\/www.facebook.com\/people\/Dicesis-Ciudad-Rodrigo-MCS\/100076471923419\/#","article_published_time":"2025-02-04T14:14:31+00:00","article_modified_time":"2025-02-04T14:18:04+00:00","og_image":[{"width":1600,"height":715,"url":"https:\/\/www.diocesisciudadrodrigo.org\/blog4\/wp-content\/uploads\/2025\/02\/1d1397c5-1416-4565-a359-9bb1bb7422ba.jpg","type":"image\/jpeg"}],"author":"medios CR","twitter_card":"summary_large_image","twitter_misc":{"Escrito por":"medios CR","Tiempo de lectura":"3 minutos"},"schema":{"@context":"https:\/\/schema.org","@graph":[{"@type":"Article","@id":"https:\/\/www.diocesisciudadrodrigo.org\/blog4\/el-obispo-presenta-las-lineas-pastorales-de-este-curso-en-un-encuentro-con-periodistas\/#article","isPartOf":{"@id":"https:\/\/www.diocesisciudadrodrigo.org\/blog4\/el-obispo-presenta-las-lineas-pastorales-de-este-curso-en-un-encuentro-con-periodistas\/"},"author":{"name":"medios CR","@id":"https:\/\/www.diocesisciudadrodrigo.org\/blog4\/#\/schema\/person\/5fcf0ca636a75766ff70e6417b6ed052"},"headline":"El obispo presenta las l\u00edneas pastorales de este curso en un encuentro con periodistas","datePublished":"2025-02-04T14:14:31+00:00","dateModified":"2025-02-04T14:18:04+00:00","mainEntityOfPage":{"@id":"https:\/\/www.diocesisciudadrodrigo.org\/blog4\/el-obispo-presenta-las-lineas-pastorales-de-este-curso-en-un-encuentro-con-periodistas\/"},"wordCount":523,"publisher":{"@id":"https:\/\/www.diocesisciudadrodrigo.org\/blog4\/#organization"},"image":{"@id":"https:\/\/www.diocesisciudadrodrigo.org\/blog4\/el-obispo-presenta-las-lineas-pastorales-de-este-curso-en-un-encuentro-con-periodistas\/#primaryimage"},"thumbnailUrl":"https:\/\/www.diocesisciudadrodrigo.org\/blog4\/wp-content\/uploads\/2025\/02\/1d1397c5-1416-4565-a359-9bb1bb7422ba.jpg","articleSection":["Noticias"],"inLanguage":"es"},{"@type":"WebPage","@id":"https:\/\/www.diocesisciudadrodrigo.org\/blog4\/el-obispo-presenta-las-lineas-pastorales-de-este-curso-en-un-encuentro-con-periodistas\/","url":"https:\/\/www.diocesisciudadrodrigo.org\/blog4\/el-obispo-presenta-las-lineas-pastorales-de-este-curso-en-un-encuentro-con-periodistas\/","name":"El obispo presenta las l\u00edneas pastorales de este curso en un encuentro con periodistas - Di\u00f3cesis de Ciudad Rodrigo","isPartOf":{"@id":"https:\/\/www.diocesisciudadrodrigo.org\/blog4\/#website"},"primaryImageOfPage":{"@id":"https:\/\/www.diocesisciudadrodrigo.org\/blog4\/el-obispo-presenta-las-lineas-pastorales-de-este-curso-en-un-encuentro-con-periodistas\/#primaryimage"},"image":{"@id":"https:\/\/www.diocesisciudadrodrigo.org\/blog4\/el-obispo-presenta-las-lineas-pastorales-de-este-curso-en-un-encuentro-con-periodistas\/#primaryimage"},"thumbnailUrl":"https:\/\/www.diocesisciudadrodrigo.org\/blog4\/wp-content\/uploads\/2025\/02\/1d1397c5-1416-4565-a359-9bb1bb7422ba.jpg","datePublished":"2025-02-04T14:14:31+00:00","dateModified":"2025-02-04T14:18:04+00:00","breadcrumb":{"@id":"https:\/\/www.diocesisciudadrodrigo.org\/blog4\/el-obispo-presenta-las-lineas-pastorales-de-este-curso-en-un-encuentro-con-periodistas\/#breadcrumb"},"inLanguage":"es","potentialAction":[{"@type":"ReadAction","target":["https:\/\/www.diocesisciudadrodrigo.org\/blog4\/el-obispo-presenta-las-lineas-pastorales-de-este-curso-en-un-encuentro-con-periodistas\/"]}]},{"@type":"ImageObject","inLanguage":"es","@id":"https:\/\/www.diocesisciudadrodrigo.org\/blog4\/el-obispo-presenta-las-lineas-pastorales-de-este-curso-en-un-encuentro-con-periodistas\/#primaryimage","url":"https:\/\/www.diocesisciudadrodrigo.org\/blog4\/wp-content\/uploads\/2025\/02\/1d1397c5-1416-4565-a359-9bb1bb7422ba.jpg","contentUrl":"https:\/\/www.diocesisciudadrodrigo.org\/blog4\/wp-content\/uploads\/2025\/02\/1d1397c5-1416-4565-a359-9bb1bb7422ba.jpg","width":1600,"height":715,"caption":"Encuentro informativo con los periodistas por la festividad de San Francisco de Sales."},{"@type":"BreadcrumbList","@id":"https:\/\/www.diocesisciudadrodrigo.org\/blog4\/el-obispo-presenta-las-lineas-pastorales-de-este-curso-en-un-encuentro-con-periodistas\/#breadcrumb","itemListElement":[{"@type":"ListItem","position":1,"name":"Portada","item":"https:\/\/www.diocesisciudadrodrigo.org\/blog4\/"},{"@type":"ListItem","position":2,"name":"El obispo presenta las l\u00edneas pastorales de este curso en un encuentro con periodistas"}]},{"@type":"WebSite","@id":"https:\/\/www.diocesisciudadrodrigo.org\/blog4\/#website","url":"https:\/\/www.diocesisciudadrodrigo.org\/blog4\/","name":"Di\u00f3cesis de Ciudad Rodrigo","description":"Sitio web oficial de la di\u00f3cesis civitatense","publisher":{"@id":"https:\/\/www.diocesisciudadrodrigo.org\/blog4\/#organization"},"potentialAction":[{"@type":"SearchAction","target":{"@type":"EntryPoint","urlTemplate":"https:\/\/www.diocesisciudadrodrigo.org\/blog4\/?s={search_term_string}"},"query-input":{"@type":"PropertyValueSpecification","valueRequired":true,"valueName":"search_term_string"}}],"inLanguage":"es"},{"@type":"Organization","@id":"https:\/\/www.diocesisciudadrodrigo.org\/blog4\/#organization","name":"Di\u00f3cesis de Ciudad Rodrigo","url":"https:\/\/www.diocesisciudadrodrigo.org\/blog4\/","logo":{"@type":"ImageObject","inLanguage":"es","@id":"https:\/\/www.diocesisciudadrodrigo.org\/blog4\/#\/schema\/logo\/image\/","url":"https:\/\/www.diocesisciudadrodrigo.org\/blog4\/wp-content\/uploads\/2024\/12\/Diocesis.CMYK_-768x480-1.jpg","contentUrl":"https:\/\/www.diocesisciudadrodrigo.org\/blog4\/wp-content\/uploads\/2024\/12\/Diocesis.CMYK_-768x480-1.jpg","width":768,"height":480,"caption":"Di\u00f3cesis de Ciudad Rodrigo"},"image":{"@id":"https:\/\/www.diocesisciudadrodrigo.org\/blog4\/#\/schema\/logo\/image\/"},"sameAs":["https:\/\/www.facebook.com\/people\/Dicesis-Ciudad-Rodrigo-MCS\/100076471923419\/#"]},{"@type":"Person","@id":"https:\/\/www.diocesisciudadrodrigo.org\/blog4\/#\/schema\/person\/5fcf0ca636a75766ff70e6417b6ed052","name":"medios CR","image":{"@type":"ImageObject","inLanguage":"es","@id":"https:\/\/secure.gravatar.com\/avatar\/4a619fd0c7e36bd570f4e6e15eb09a2191185d0f63d8dbfdffe848af141ab87e?s=96&d=mm&r=g","url":"https:\/\/secure.gravatar.com\/avatar\/4a619fd0c7e36bd570f4e6e15eb09a2191185d0f63d8dbfdffe848af141ab87e?s=96&d=mm&r=g","contentUrl":"https:\/\/secure.gravatar.com\/avatar\/4a619fd0c7e36bd570f4e6e15eb09a2191185d0f63d8dbfdffe848af141ab87e?s=96&d=mm&r=g","caption":"medios CR"},"url":"https:\/\/www.diocesisciudadrodrigo.org\/blog4\/author\/admin4\/"}]}},"_links":{"self":[{"href":"https:\/\/www.diocesisciudadrodrigo.org\/blog4\/wp-json\/wp\/v2\/posts\/34447","targetHints":{"allow":["GET"]}}],"collection":[{"href":"https:\/\/www.diocesisciudadrodrigo.org\/blog4\/wp-json\/wp\/v2\/posts"}],"about":[{"href":"https:\/\/www.diocesisciudadrodrigo.org\/blog4\/wp-json\/wp\/v2\/types\/post"}],"author":[{"embeddable":true,"href":"https:\/\/www.diocesisciudadrodrigo.org\/blog4\/wp-json\/wp\/v2\/users\/1"}],"replies":[{"embeddable":true,"href":"https:\/\/www.diocesisciudadrodrigo.org\/blog4\/wp-json\/wp\/v2\/comments?post=34447"}],"version-history":[{"count":23,"href":"https:\/\/www.diocesisciudadrodrigo.org\/blog4\/wp-json\/wp\/v2\/posts\/34447\/revisions"}],"predecessor-version":[{"id":34471,"href":"https:\/\/www.diocesisciudadrodrigo.org\/blog4\/wp-json\/wp\/v2\/posts\/34447\/revisions\/34471"}],"wp:featuredmedia":[{"embeddable":true,"href":"https:\/\/www.diocesisciudadrodrigo.org\/blog4\/wp-json\/wp\/v2\/media\/34463"}],"wp:attachment":[{"href":"https:\/\/www.diocesisciudadrodrigo.org\/blog4\/wp-json\/wp\/v2\/media?parent=34447"}],"wp:term":[{"taxonomy":"category","embeddable":true,"href":"https:\/\/www.diocesisciudadrodrigo.org\/blog4\/wp-json\/wp\/v2\/categories?post=34447"},{"taxonomy":"post_tag","embeddable":true,"href":"https:\/\/www.diocesisciudadrodrigo.org\/blog4\/wp-json\/wp\/v2\/tags?post=34447"}],"curies":[{"name":"wp","href":"https:\/\/api.w.org\/{rel}","templated":true}]}}