{"id":34370,"date":"2025-02-02T20:53:39","date_gmt":"2025-02-02T19:53:39","guid":{"rendered":"https:\/\/www.diocesisciudadrodrigo.org\/blog4\/?p=34370"},"modified":"2025-02-02T21:09:03","modified_gmt":"2025-02-02T20:09:03","slug":"damos-gracias-a-dios-por-el-don-de-la-vida-consagrada-testimonio-alegre-de-entrega-radical-al-senor","status":"publish","type":"post","link":"https:\/\/www.diocesisciudadrodrigo.org\/blog4\/damos-gracias-a-dios-por-el-don-de-la-vida-consagrada-testimonio-alegre-de-entrega-radical-al-senor\/","title":{"rendered":"\u00abDamos gracias a Dios por el don de la vida consagrada, testimonio alegre de entrega radical al Se\u00f1or\u00bb"},"content":{"rendered":"\t\t<div data-elementor-type=\"wp-post\" data-elementor-id=\"34370\" class=\"elementor elementor-34370\" data-elementor-settings=\"[]\">\n\t\t\t\t\t\t<div class=\"elementor-inner\">\n\t\t\t\t\t\t\t<div class=\"elementor-section-wrap\">\n\t\t\t\t\t\t\t<section class=\"elementor-section elementor-top-section elementor-element elementor-element-6677b79 elementor-section-boxed elementor-section-height-default elementor-section-height-default\" data-id=\"6677b79\" data-element_type=\"section\">\n\t\t\t\t\t\t<div class=\"elementor-container elementor-column-gap-default\">\n\t\t\t\t\t\t\t<div class=\"elementor-row\">\n\t\t\t\t\t<div class=\"elementor-column elementor-col-100 elementor-top-column elementor-element elementor-element-2a47ccc\" data-id=\"2a47ccc\" data-element_type=\"column\">\n\t\t\t<div class=\"elementor-column-wrap elementor-element-populated\">\n\t\t\t\t\t\t\t<div class=\"elementor-widget-wrap\">\n\t\t\t\t\t\t<div class=\"elementor-element elementor-element-7754361 elementor-widget elementor-widget-text-editor\" data-id=\"7754361\" data-element_type=\"widget\" data-widget_type=\"text-editor.default\">\n\t\t\t\t<div class=\"elementor-widget-container\">\n\t\t\t\t\t\t\t\t<div class=\"elementor-text-editor elementor-clearfix\">\n\t\t\t\t<h2>Mons. Jos\u00e9 Luis Retana presidi\u00f3 este domingo la celebraci\u00f3n diocesana de la XXIX Jornada Mundial de la Vida Consagrada en la iglesia de las Carmelitas descalzas, donde reconoci\u00f3 el valioso servicio de los consagrados<\/h2><p><strong>DELEGACI\u00d3N DE MEDIOS<\/strong><\/p><p>La iglesia del convento Sagrada Familia de las Carmelitas Descalzas de Ciudad Rodrigo acogi\u00f3 este domingo, 2 de febrero, la celebraci\u00f3n diocesana de la XXIX Jornada Mundial de la Vida Consagrada, en el marco de la Fiesta de la Presentaci\u00f3n del Se\u00f1or. La eucarist\u00eda, presidida por el Sr. Obispo,<strong> Mons. Jos\u00e9 Luis Retana<\/strong> y concelebrada por el capell\u00e1n de las religiosas, <strong>D. Manuel Pel\u00e1ez<\/strong>, sirvi\u00f3 para dar gracias a Dios por el don de la vida consagrada \u201cque enriquece a la Iglesia con sus virtudes y carismas y le muestra al mundo el testimonio alegre de la \u2028entrega radical al Se\u00f1or\u201d, como reconoci\u00f3 el obispo en su homil\u00eda.<\/p><p><img loading=\"lazy\" decoding=\"async\" class=\"size-medium wp-image-34386 alignright\" src=\"https:\/\/www.diocesisciudadrodrigo.org\/blog4\/wp-content\/uploads\/2025\/02\/WhatsApp-Image-2025-02-02-at-11.42.59-300x225.jpeg\" alt=\"\" width=\"300\" height=\"225\" srcset=\"https:\/\/www.diocesisciudadrodrigo.org\/blog4\/wp-content\/uploads\/2025\/02\/WhatsApp-Image-2025-02-02-at-11.42.59-300x225.jpeg 300w, https:\/\/www.diocesisciudadrodrigo.org\/blog4\/wp-content\/uploads\/2025\/02\/WhatsApp-Image-2025-02-02-at-11.42.59-1024x768.jpeg 1024w, https:\/\/www.diocesisciudadrodrigo.org\/blog4\/wp-content\/uploads\/2025\/02\/WhatsApp-Image-2025-02-02-at-11.42.59-768x576.jpeg 768w, https:\/\/www.diocesisciudadrodrigo.org\/blog4\/wp-content\/uploads\/2025\/02\/WhatsApp-Image-2025-02-02-at-11.42.59-1536x1152.jpeg 1536w, https:\/\/www.diocesisciudadrodrigo.org\/blog4\/wp-content\/uploads\/2025\/02\/WhatsApp-Image-2025-02-02-at-11.42.59-350x263.jpeg 350w, https:\/\/www.diocesisciudadrodrigo.org\/blog4\/wp-content\/uploads\/2025\/02\/WhatsApp-Image-2025-02-02-at-11.42.59.jpeg 1600w\" sizes=\"auto, (max-width: 300px) 100vw, 300px\" \/>La misa se inici\u00f3 con la bendici\u00f3n de candelas y durante la celebraci\u00f3n las religiosas que se dieron cita en el templo renovaron sus compromisos apost\u00f3licos al servicio de Dios, de la Iglesia y de los hermanos. Mons. Retana valor\u00f3 el servicio de las personas consagradas en la evangelizaci\u00f3n y en la vida de la Iglesia, \u201csoy consciente de que sois una parte muy importante en la tarea de la evangelizaci\u00f3n en nuestra di\u00f3cesis y esto lo reconozco y lo valoro.<strong> Os agradezco lo que sois, lo que hac\u00e9is y lo que signific\u00e1is para la vida de la Iglesia<\/strong>\u00ab.<\/p><p>El obispo record\u00f3 a <strong>Sime\u00f3n y Ana<\/strong>, quienes \u00abreflejan la vida consagrada de estos tiempos de un modo peculiar y constituyen modelos de peregrinos y sembradores de esperanza\u201d, aludiendo al lema de la XXIX Jornada.<\/p><h2><strong>Mantenerse firmes en la esperanza<\/strong><\/h2><p><img loading=\"lazy\" decoding=\"async\" class=\"size-medium wp-image-34385 alignleft\" src=\"https:\/\/www.diocesisciudadrodrigo.org\/blog4\/wp-content\/uploads\/2025\/02\/obispo-jornada-vida-consagrada-225x300.jpeg\" alt=\"\" width=\"225\" height=\"300\" srcset=\"https:\/\/www.diocesisciudadrodrigo.org\/blog4\/wp-content\/uploads\/2025\/02\/obispo-jornada-vida-consagrada-225x300.jpeg 225w, https:\/\/www.diocesisciudadrodrigo.org\/blog4\/wp-content\/uploads\/2025\/02\/obispo-jornada-vida-consagrada-768x1024.jpeg 768w, https:\/\/www.diocesisciudadrodrigo.org\/blog4\/wp-content\/uploads\/2025\/02\/obispo-jornada-vida-consagrada-1152x1536.jpeg 1152w, https:\/\/www.diocesisciudadrodrigo.org\/blog4\/wp-content\/uploads\/2025\/02\/obispo-jornada-vida-consagrada-350x467.jpeg 350w, https:\/\/www.diocesisciudadrodrigo.org\/blog4\/wp-content\/uploads\/2025\/02\/obispo-jornada-vida-consagrada.jpeg 1200w\" sizes=\"auto, (max-width: 225px) 100vw, 225px\" \/>En su mensaje, el prelado destac\u00f3 los desaf\u00edos de la vida consagrada en la actualidad, como la disminuci\u00f3n de vocaciones y el envejecimiento de las comunidades, los problemas econ\u00f3micos y sociales, como la globalizaci\u00f3n, el relativismo y la irrelevancia social. Unas dificultades, que como reconoce Mons. Retana, \u201cno son exclusivas de la vida consagrada\u201d, y es donde \u00abse levanta nuestra esperanza, fruto de la fe en el Se\u00f1or\u00bb. Por ello, anim\u00f3 a los consagrados a \u201cno ceder a las tentaciones de la cantidad o la eficiencia\u201d, sino a mantenerse firmes en la esperanza que se fundamenta en Dios.<\/p><h2><strong>Los consagrados, peregrinos y sembradores de esperanza<\/strong><\/h2><p>Asimismo, se\u00f1al\u00f3 que los consagrados han de ser \u00abperegrinos y sembradores de esperanza en misi\u00f3n prof\u00e9tica\u00bb, <strong>denunciando las injusticias y acompa\u00f1ando a los m\u00e1s d\u00e9biles y desfavorecidos<\/strong>.<\/p><p>Otro de los aspectos que resalt\u00f3 fue la relaci\u00f3n fraterna dentro de la vida consagrada, \u201cimpulsada por el convencimiento de que salir de s\u00ed mismo para unirse a otros hace siempre bien y es siempre un bien\u201d. Y alent\u00f3 a que los consagrados no se cansen nunca de \u201csembrar relaciones nuevas\u201d y \u201cesparcir semillas de novedad en las relaciones que precisan del impulso que solo puede dar el amor de Cristo y la reconciliaci\u00f3n con el Padre y con los hermanos\u201d.<\/p><p>Para finalizar, Mons. Jos\u00e9 Luis Retana les anim\u00f3 a ser <strong>testigos del Reino de Dios en el mundo<\/strong>, \u201cvuestra consagraci\u00f3n sea agua que consuele y luz que ilumine la vida de nuestros hermanos en la vida de la santidad\u00bb.<\/p>\t\t\t\t\t<\/div>\n\t\t\t\t\t\t<\/div>\n\t\t\t\t<\/div>\n\t\t\t\t\t\t<\/div>\n\t\t\t\t\t<\/div>\n\t\t<\/div>\n\t\t\t\t\t\t\t\t<\/div>\n\t\t\t\t\t<\/div>\n\t\t<\/section>\n\t\t\t\t<section class=\"elementor-section elementor-top-section elementor-element elementor-element-c04457a elementor-section-boxed elementor-section-height-default elementor-section-height-default\" data-id=\"c04457a\" data-element_type=\"section\">\n\t\t\t\t\t\t<div class=\"elementor-container elementor-column-gap-default\">\n\t\t\t\t\t\t\t<div class=\"elementor-row\">\n\t\t\t\t\t<div class=\"elementor-column elementor-col-100 elementor-top-column elementor-element elementor-element-38dc37c\" data-id=\"38dc37c\" data-element_type=\"column\">\n\t\t\t<div class=\"elementor-column-wrap elementor-element-populated\">\n\t\t\t\t\t\t\t<div class=\"elementor-widget-wrap\">\n\t\t\t\t\t\t<div class=\"elementor-element elementor-element-1f398c8 elementor-widget elementor-widget-image\" data-id=\"1f398c8\" data-element_type=\"widget\" data-widget_type=\"image.default\">\n\t\t\t\t<div class=\"elementor-widget-container\">\n\t\t\t\t\t\t\t\t<div class=\"elementor-image\">\n\t\t\t\t\t\t\t\t\t\t\t\t<img loading=\"lazy\" decoding=\"async\" width=\"1024\" height=\"768\" src=\"https:\/\/www.diocesisciudadrodrigo.org\/blog4\/wp-content\/uploads\/2025\/02\/jornada-vida-consagrada-bendicion-candelas-1024x768.jpeg\" class=\"attachment-large size-large\" alt=\"\" srcset=\"https:\/\/www.diocesisciudadrodrigo.org\/blog4\/wp-content\/uploads\/2025\/02\/jornada-vida-consagrada-bendicion-candelas-1024x768.jpeg 1024w, https:\/\/www.diocesisciudadrodrigo.org\/blog4\/wp-content\/uploads\/2025\/02\/jornada-vida-consagrada-bendicion-candelas-300x225.jpeg 300w, https:\/\/www.diocesisciudadrodrigo.org\/blog4\/wp-content\/uploads\/2025\/02\/jornada-vida-consagrada-bendicion-candelas-768x576.jpeg 768w, https:\/\/www.diocesisciudadrodrigo.org\/blog4\/wp-content\/uploads\/2025\/02\/jornada-vida-consagrada-bendicion-candelas-1536x1152.jpeg 1536w, https:\/\/www.diocesisciudadrodrigo.org\/blog4\/wp-content\/uploads\/2025\/02\/jornada-vida-consagrada-bendicion-candelas-350x263.jpeg 350w, https:\/\/www.diocesisciudadrodrigo.org\/blog4\/wp-content\/uploads\/2025\/02\/jornada-vida-consagrada-bendicion-candelas.jpeg 1600w\" sizes=\"auto, (max-width: 1024px) 100vw, 1024px\" \/>\t\t\t\t\t\t\t\t\t\t\t\t\t\t<\/div>\n\t\t\t\t\t\t<\/div>\n\t\t\t\t<\/div>\n\t\t\t\t<div class=\"elementor-element elementor-element-2133d7f elementor-widget elementor-widget-image\" data-id=\"2133d7f\" data-element_type=\"widget\" data-widget_type=\"image.default\">\n\t\t\t\t<div class=\"elementor-widget-container\">\n\t\t\t\t\t\t\t\t<div class=\"elementor-image\">\n\t\t\t\t\t\t\t\t\t\t\t\t<img loading=\"lazy\" decoding=\"async\" width=\"1024\" height=\"768\" src=\"https:\/\/www.diocesisciudadrodrigo.org\/blog4\/wp-content\/uploads\/2025\/02\/jornada-vida-consagrada-2025-1024x768.jpeg\" class=\"attachment-large size-large\" alt=\"\" srcset=\"https:\/\/www.diocesisciudadrodrigo.org\/blog4\/wp-content\/uploads\/2025\/02\/jornada-vida-consagrada-2025-1024x768.jpeg 1024w, https:\/\/www.diocesisciudadrodrigo.org\/blog4\/wp-content\/uploads\/2025\/02\/jornada-vida-consagrada-2025-300x225.jpeg 300w, https:\/\/www.diocesisciudadrodrigo.org\/blog4\/wp-content\/uploads\/2025\/02\/jornada-vida-consagrada-2025-768x576.jpeg 768w, https:\/\/www.diocesisciudadrodrigo.org\/blog4\/wp-content\/uploads\/2025\/02\/jornada-vida-consagrada-2025-1536x1152.jpeg 1536w, https:\/\/www.diocesisciudadrodrigo.org\/blog4\/wp-content\/uploads\/2025\/02\/jornada-vida-consagrada-2025-350x263.jpeg 350w, https:\/\/www.diocesisciudadrodrigo.org\/blog4\/wp-content\/uploads\/2025\/02\/jornada-vida-consagrada-2025.jpeg 1600w\" sizes=\"auto, (max-width: 1024px) 100vw, 1024px\" \/>\t\t\t\t\t\t\t\t\t\t\t\t\t\t<\/div>\n\t\t\t\t\t\t<\/div>\n\t\t\t\t<\/div>\n\t\t\t\t\t\t<\/div>\n\t\t\t\t\t<\/div>\n\t\t<\/div>\n\t\t\t\t\t\t\t\t<\/div>\n\t\t\t\t\t<\/div>\n\t\t<\/section>\n\t\t\t\t\t\t<\/div>\n\t\t\t\t\t\t<\/div>\n\t\t\t\t\t<\/div>\n\t\t","protected":false},"excerpt":{"rendered":"<p>Mons. Jos\u00e9 Luis Retana presidi\u00f3 este domingo la celebraci\u00f3n diocesana de la XXIX Jornada Mundial de la Vida Consagrada en la iglesia de las Carmelitas descalzas, donde reconoci\u00f3 el valioso &#8230; <\/p>\n<p class=\"read-more-container\"><a title=\"\u00abDamos gracias a Dios por el don de la vida consagrada, testimonio alegre de entrega radical al Se\u00f1or\u00bb\" class=\"read-more button\" href=\"https:\/\/www.diocesisciudadrodrigo.org\/blog4\/damos-gracias-a-dios-por-el-don-de-la-vida-consagrada-testimonio-alegre-de-entrega-radical-al-senor\/#more-34370\" aria-label=\"M\u00e1s en \u00abDamos gracias a Dios por el don de la vida consagrada, testimonio alegre de entrega radical al Se\u00f1or\u00bb\">Leer m\u00e1s &#8230;<\/a><\/p>\n","protected":false},"author":1,"featured_media":34374,"comment_status":"closed","ping_status":"closed","sticky":false,"template":"","format":"standard","meta":{"footnotes":""},"categories":[6],"tags":[],"class_list":["post-34370","post","type-post","status-publish","format-standard","has-post-thumbnail","hentry","category-noticias","masonry-post","generate-columns","tablet-grid-50","mobile-grid-100","grid-parent","grid-50"],"yoast_head":"<!-- This site is optimized with the Yoast SEO plugin v27.3 - https:\/\/yoast.com\/product\/yoast-seo-wordpress\/ -->\n<title>&quot;Damos gracias a Dios por el don de la vida consagrada, testimonio alegre de entrega radical al Se\u00f1or&quot; - Di\u00f3cesis de Ciudad Rodrigo<\/title>\n<meta name=\"robots\" content=\"index, follow, max-snippet:-1, max-image-preview:large, max-video-preview:-1\" \/>\n<link rel=\"canonical\" href=\"https:\/\/www.diocesisciudadrodrigo.org\/blog4\/damos-gracias-a-dios-por-el-don-de-la-vida-consagrada-testimonio-alegre-de-entrega-radical-al-senor\/\" \/>\n<meta property=\"og:locale\" content=\"es_ES\" \/>\n<meta property=\"og:type\" content=\"article\" \/>\n<meta property=\"og:title\" content=\"&quot;Damos gracias a Dios por el don de la vida consagrada, testimonio alegre de entrega radical al Se\u00f1or&quot; - Di\u00f3cesis de Ciudad Rodrigo\" \/>\n<meta property=\"og:description\" content=\"Mons. Jos\u00e9 Luis Retana presidi\u00f3 este domingo la celebraci\u00f3n diocesana de la XXIX Jornada Mundial de la Vida Consagrada en la iglesia de las Carmelitas descalzas, donde reconoci\u00f3 el valioso ... Leer m\u00e1s ...\" \/>\n<meta property=\"og:url\" content=\"https:\/\/www.diocesisciudadrodrigo.org\/blog4\/damos-gracias-a-dios-por-el-don-de-la-vida-consagrada-testimonio-alegre-de-entrega-radical-al-senor\/\" \/>\n<meta property=\"og:site_name\" content=\"Di\u00f3cesis de Ciudad Rodrigo\" \/>\n<meta property=\"article:publisher\" content=\"https:\/\/www.facebook.com\/people\/Dicesis-Ciudad-Rodrigo-MCS\/100076471923419\/#\" \/>\n<meta property=\"article:published_time\" content=\"2025-02-02T19:53:39+00:00\" \/>\n<meta property=\"article:modified_time\" content=\"2025-02-02T20:09:03+00:00\" \/>\n<meta property=\"og:image\" content=\"https:\/\/www.diocesisciudadrodrigo.org\/blog4\/wp-content\/uploads\/2025\/02\/jornada-vida-consagrada-2025.jpeg\" \/>\n\t<meta property=\"og:image:width\" content=\"1600\" \/>\n\t<meta property=\"og:image:height\" content=\"1200\" \/>\n\t<meta property=\"og:image:type\" content=\"image\/jpeg\" \/>\n<meta name=\"author\" content=\"medios CR\" \/>\n<meta name=\"twitter:card\" content=\"summary_large_image\" \/>\n<meta name=\"twitter:label1\" content=\"Escrito por\" \/>\n\t<meta name=\"twitter:data1\" content=\"medios CR\" \/>\n\t<meta name=\"twitter:label2\" content=\"Tiempo de lectura\" \/>\n\t<meta name=\"twitter:data2\" content=\"3 minutos\" \/>\n<script type=\"application\/ld+json\" class=\"yoast-schema-graph\">{\"@context\":\"https:\\\/\\\/schema.org\",\"@graph\":[{\"@type\":\"Article\",\"@id\":\"https:\\\/\\\/www.diocesisciudadrodrigo.org\\\/blog4\\\/damos-gracias-a-dios-por-el-don-de-la-vida-consagrada-testimonio-alegre-de-entrega-radical-al-senor\\\/#article\",\"isPartOf\":{\"@id\":\"https:\\\/\\\/www.diocesisciudadrodrigo.org\\\/blog4\\\/damos-gracias-a-dios-por-el-don-de-la-vida-consagrada-testimonio-alegre-de-entrega-radical-al-senor\\\/\"},\"author\":{\"name\":\"medios CR\",\"@id\":\"https:\\\/\\\/www.diocesisciudadrodrigo.org\\\/blog4\\\/#\\\/schema\\\/person\\\/5fcf0ca636a75766ff70e6417b6ed052\"},\"headline\":\"\u00abDamos gracias a Dios por el don de la vida consagrada, testimonio alegre de entrega radical al Se\u00f1or\u00bb\",\"datePublished\":\"2025-02-02T19:53:39+00:00\",\"dateModified\":\"2025-02-02T20:09:03+00:00\",\"mainEntityOfPage\":{\"@id\":\"https:\\\/\\\/www.diocesisciudadrodrigo.org\\\/blog4\\\/damos-gracias-a-dios-por-el-don-de-la-vida-consagrada-testimonio-alegre-de-entrega-radical-al-senor\\\/\"},\"wordCount\":587,\"publisher\":{\"@id\":\"https:\\\/\\\/www.diocesisciudadrodrigo.org\\\/blog4\\\/#organization\"},\"image\":{\"@id\":\"https:\\\/\\\/www.diocesisciudadrodrigo.org\\\/blog4\\\/damos-gracias-a-dios-por-el-don-de-la-vida-consagrada-testimonio-alegre-de-entrega-radical-al-senor\\\/#primaryimage\"},\"thumbnailUrl\":\"https:\\\/\\\/www.diocesisciudadrodrigo.org\\\/blog4\\\/wp-content\\\/uploads\\\/2025\\\/02\\\/jornada-vida-consagrada-2025.jpeg\",\"articleSection\":[\"Noticias\"],\"inLanguage\":\"es\"},{\"@type\":\"WebPage\",\"@id\":\"https:\\\/\\\/www.diocesisciudadrodrigo.org\\\/blog4\\\/damos-gracias-a-dios-por-el-don-de-la-vida-consagrada-testimonio-alegre-de-entrega-radical-al-senor\\\/\",\"url\":\"https:\\\/\\\/www.diocesisciudadrodrigo.org\\\/blog4\\\/damos-gracias-a-dios-por-el-don-de-la-vida-consagrada-testimonio-alegre-de-entrega-radical-al-senor\\\/\",\"name\":\"\\\"Damos gracias a Dios por el don de la vida consagrada, testimonio alegre de entrega radical al Se\u00f1or\\\" - Di\u00f3cesis de Ciudad Rodrigo\",\"isPartOf\":{\"@id\":\"https:\\\/\\\/www.diocesisciudadrodrigo.org\\\/blog4\\\/#website\"},\"primaryImageOfPage\":{\"@id\":\"https:\\\/\\\/www.diocesisciudadrodrigo.org\\\/blog4\\\/damos-gracias-a-dios-por-el-don-de-la-vida-consagrada-testimonio-alegre-de-entrega-radical-al-senor\\\/#primaryimage\"},\"image\":{\"@id\":\"https:\\\/\\\/www.diocesisciudadrodrigo.org\\\/blog4\\\/damos-gracias-a-dios-por-el-don-de-la-vida-consagrada-testimonio-alegre-de-entrega-radical-al-senor\\\/#primaryimage\"},\"thumbnailUrl\":\"https:\\\/\\\/www.diocesisciudadrodrigo.org\\\/blog4\\\/wp-content\\\/uploads\\\/2025\\\/02\\\/jornada-vida-consagrada-2025.jpeg\",\"datePublished\":\"2025-02-02T19:53:39+00:00\",\"dateModified\":\"2025-02-02T20:09:03+00:00\",\"breadcrumb\":{\"@id\":\"https:\\\/\\\/www.diocesisciudadrodrigo.org\\\/blog4\\\/damos-gracias-a-dios-por-el-don-de-la-vida-consagrada-testimonio-alegre-de-entrega-radical-al-senor\\\/#breadcrumb\"},\"inLanguage\":\"es\",\"potentialAction\":[{\"@type\":\"ReadAction\",\"target\":[\"https:\\\/\\\/www.diocesisciudadrodrigo.org\\\/blog4\\\/damos-gracias-a-dios-por-el-don-de-la-vida-consagrada-testimonio-alegre-de-entrega-radical-al-senor\\\/\"]}]},{\"@type\":\"ImageObject\",\"inLanguage\":\"es\",\"@id\":\"https:\\\/\\\/www.diocesisciudadrodrigo.org\\\/blog4\\\/damos-gracias-a-dios-por-el-don-de-la-vida-consagrada-testimonio-alegre-de-entrega-radical-al-senor\\\/#primaryimage\",\"url\":\"https:\\\/\\\/www.diocesisciudadrodrigo.org\\\/blog4\\\/wp-content\\\/uploads\\\/2025\\\/02\\\/jornada-vida-consagrada-2025.jpeg\",\"contentUrl\":\"https:\\\/\\\/www.diocesisciudadrodrigo.org\\\/blog4\\\/wp-content\\\/uploads\\\/2025\\\/02\\\/jornada-vida-consagrada-2025.jpeg\",\"width\":1600,\"height\":1200},{\"@type\":\"BreadcrumbList\",\"@id\":\"https:\\\/\\\/www.diocesisciudadrodrigo.org\\\/blog4\\\/damos-gracias-a-dios-por-el-don-de-la-vida-consagrada-testimonio-alegre-de-entrega-radical-al-senor\\\/#breadcrumb\",\"itemListElement\":[{\"@type\":\"ListItem\",\"position\":1,\"name\":\"Portada\",\"item\":\"https:\\\/\\\/www.diocesisciudadrodrigo.org\\\/blog4\\\/\"},{\"@type\":\"ListItem\",\"position\":2,\"name\":\"\u00abDamos gracias a Dios por el don de la vida consagrada, testimonio alegre de entrega radical al Se\u00f1or\u00bb\"}]},{\"@type\":\"WebSite\",\"@id\":\"https:\\\/\\\/www.diocesisciudadrodrigo.org\\\/blog4\\\/#website\",\"url\":\"https:\\\/\\\/www.diocesisciudadrodrigo.org\\\/blog4\\\/\",\"name\":\"Di\u00f3cesis de Ciudad Rodrigo\",\"description\":\"Sitio web oficial de la di\u00f3cesis civitatense\",\"publisher\":{\"@id\":\"https:\\\/\\\/www.diocesisciudadrodrigo.org\\\/blog4\\\/#organization\"},\"potentialAction\":[{\"@type\":\"SearchAction\",\"target\":{\"@type\":\"EntryPoint\",\"urlTemplate\":\"https:\\\/\\\/www.diocesisciudadrodrigo.org\\\/blog4\\\/?s={search_term_string}\"},\"query-input\":{\"@type\":\"PropertyValueSpecification\",\"valueRequired\":true,\"valueName\":\"search_term_string\"}}],\"inLanguage\":\"es\"},{\"@type\":\"Organization\",\"@id\":\"https:\\\/\\\/www.diocesisciudadrodrigo.org\\\/blog4\\\/#organization\",\"name\":\"Di\u00f3cesis de Ciudad Rodrigo\",\"url\":\"https:\\\/\\\/www.diocesisciudadrodrigo.org\\\/blog4\\\/\",\"logo\":{\"@type\":\"ImageObject\",\"inLanguage\":\"es\",\"@id\":\"https:\\\/\\\/www.diocesisciudadrodrigo.org\\\/blog4\\\/#\\\/schema\\\/logo\\\/image\\\/\",\"url\":\"https:\\\/\\\/www.diocesisciudadrodrigo.org\\\/blog4\\\/wp-content\\\/uploads\\\/2024\\\/12\\\/Diocesis.CMYK_-768x480-1.jpg\",\"contentUrl\":\"https:\\\/\\\/www.diocesisciudadrodrigo.org\\\/blog4\\\/wp-content\\\/uploads\\\/2024\\\/12\\\/Diocesis.CMYK_-768x480-1.jpg\",\"width\":768,\"height\":480,\"caption\":\"Di\u00f3cesis de Ciudad Rodrigo\"},\"image\":{\"@id\":\"https:\\\/\\\/www.diocesisciudadrodrigo.org\\\/blog4\\\/#\\\/schema\\\/logo\\\/image\\\/\"},\"sameAs\":[\"https:\\\/\\\/www.facebook.com\\\/people\\\/Dicesis-Ciudad-Rodrigo-MCS\\\/100076471923419\\\/#\"]},{\"@type\":\"Person\",\"@id\":\"https:\\\/\\\/www.diocesisciudadrodrigo.org\\\/blog4\\\/#\\\/schema\\\/person\\\/5fcf0ca636a75766ff70e6417b6ed052\",\"name\":\"medios CR\",\"image\":{\"@type\":\"ImageObject\",\"inLanguage\":\"es\",\"@id\":\"https:\\\/\\\/secure.gravatar.com\\\/avatar\\\/4a619fd0c7e36bd570f4e6e15eb09a2191185d0f63d8dbfdffe848af141ab87e?s=96&d=mm&r=g\",\"url\":\"https:\\\/\\\/secure.gravatar.com\\\/avatar\\\/4a619fd0c7e36bd570f4e6e15eb09a2191185d0f63d8dbfdffe848af141ab87e?s=96&d=mm&r=g\",\"contentUrl\":\"https:\\\/\\\/secure.gravatar.com\\\/avatar\\\/4a619fd0c7e36bd570f4e6e15eb09a2191185d0f63d8dbfdffe848af141ab87e?s=96&d=mm&r=g\",\"caption\":\"medios CR\"},\"url\":\"https:\\\/\\\/www.diocesisciudadrodrigo.org\\\/blog4\\\/author\\\/admin4\\\/\"}]}<\/script>\n<!-- \/ Yoast SEO plugin. -->","yoast_head_json":{"title":"\"Damos gracias a Dios por el don de la vida consagrada, testimonio alegre de entrega radical al Se\u00f1or\" - Di\u00f3cesis de Ciudad Rodrigo","robots":{"index":"index","follow":"follow","max-snippet":"max-snippet:-1","max-image-preview":"max-image-preview:large","max-video-preview":"max-video-preview:-1"},"canonical":"https:\/\/www.diocesisciudadrodrigo.org\/blog4\/damos-gracias-a-dios-por-el-don-de-la-vida-consagrada-testimonio-alegre-de-entrega-radical-al-senor\/","og_locale":"es_ES","og_type":"article","og_title":"\"Damos gracias a Dios por el don de la vida consagrada, testimonio alegre de entrega radical al Se\u00f1or\" - Di\u00f3cesis de Ciudad Rodrigo","og_description":"Mons. Jos\u00e9 Luis Retana presidi\u00f3 este domingo la celebraci\u00f3n diocesana de la XXIX Jornada Mundial de la Vida Consagrada en la iglesia de las Carmelitas descalzas, donde reconoci\u00f3 el valioso ... Leer m\u00e1s ...","og_url":"https:\/\/www.diocesisciudadrodrigo.org\/blog4\/damos-gracias-a-dios-por-el-don-de-la-vida-consagrada-testimonio-alegre-de-entrega-radical-al-senor\/","og_site_name":"Di\u00f3cesis de Ciudad Rodrigo","article_publisher":"https:\/\/www.facebook.com\/people\/Dicesis-Ciudad-Rodrigo-MCS\/100076471923419\/#","article_published_time":"2025-02-02T19:53:39+00:00","article_modified_time":"2025-02-02T20:09:03+00:00","og_image":[{"width":1600,"height":1200,"url":"https:\/\/www.diocesisciudadrodrigo.org\/blog4\/wp-content\/uploads\/2025\/02\/jornada-vida-consagrada-2025.jpeg","type":"image\/jpeg"}],"author":"medios CR","twitter_card":"summary_large_image","twitter_misc":{"Escrito por":"medios CR","Tiempo de lectura":"3 minutos"},"schema":{"@context":"https:\/\/schema.org","@graph":[{"@type":"Article","@id":"https:\/\/www.diocesisciudadrodrigo.org\/blog4\/damos-gracias-a-dios-por-el-don-de-la-vida-consagrada-testimonio-alegre-de-entrega-radical-al-senor\/#article","isPartOf":{"@id":"https:\/\/www.diocesisciudadrodrigo.org\/blog4\/damos-gracias-a-dios-por-el-don-de-la-vida-consagrada-testimonio-alegre-de-entrega-radical-al-senor\/"},"author":{"name":"medios CR","@id":"https:\/\/www.diocesisciudadrodrigo.org\/blog4\/#\/schema\/person\/5fcf0ca636a75766ff70e6417b6ed052"},"headline":"\u00abDamos gracias a Dios por el don de la vida consagrada, testimonio alegre de entrega radical al Se\u00f1or\u00bb","datePublished":"2025-02-02T19:53:39+00:00","dateModified":"2025-02-02T20:09:03+00:00","mainEntityOfPage":{"@id":"https:\/\/www.diocesisciudadrodrigo.org\/blog4\/damos-gracias-a-dios-por-el-don-de-la-vida-consagrada-testimonio-alegre-de-entrega-radical-al-senor\/"},"wordCount":587,"publisher":{"@id":"https:\/\/www.diocesisciudadrodrigo.org\/blog4\/#organization"},"image":{"@id":"https:\/\/www.diocesisciudadrodrigo.org\/blog4\/damos-gracias-a-dios-por-el-don-de-la-vida-consagrada-testimonio-alegre-de-entrega-radical-al-senor\/#primaryimage"},"thumbnailUrl":"https:\/\/www.diocesisciudadrodrigo.org\/blog4\/wp-content\/uploads\/2025\/02\/jornada-vida-consagrada-2025.jpeg","articleSection":["Noticias"],"inLanguage":"es"},{"@type":"WebPage","@id":"https:\/\/www.diocesisciudadrodrigo.org\/blog4\/damos-gracias-a-dios-por-el-don-de-la-vida-consagrada-testimonio-alegre-de-entrega-radical-al-senor\/","url":"https:\/\/www.diocesisciudadrodrigo.org\/blog4\/damos-gracias-a-dios-por-el-don-de-la-vida-consagrada-testimonio-alegre-de-entrega-radical-al-senor\/","name":"\"Damos gracias a Dios por el don de la vida consagrada, testimonio alegre de entrega radical al Se\u00f1or\" - Di\u00f3cesis de Ciudad Rodrigo","isPartOf":{"@id":"https:\/\/www.diocesisciudadrodrigo.org\/blog4\/#website"},"primaryImageOfPage":{"@id":"https:\/\/www.diocesisciudadrodrigo.org\/blog4\/damos-gracias-a-dios-por-el-don-de-la-vida-consagrada-testimonio-alegre-de-entrega-radical-al-senor\/#primaryimage"},"image":{"@id":"https:\/\/www.diocesisciudadrodrigo.org\/blog4\/damos-gracias-a-dios-por-el-don-de-la-vida-consagrada-testimonio-alegre-de-entrega-radical-al-senor\/#primaryimage"},"thumbnailUrl":"https:\/\/www.diocesisciudadrodrigo.org\/blog4\/wp-content\/uploads\/2025\/02\/jornada-vida-consagrada-2025.jpeg","datePublished":"2025-02-02T19:53:39+00:00","dateModified":"2025-02-02T20:09:03+00:00","breadcrumb":{"@id":"https:\/\/www.diocesisciudadrodrigo.org\/blog4\/damos-gracias-a-dios-por-el-don-de-la-vida-consagrada-testimonio-alegre-de-entrega-radical-al-senor\/#breadcrumb"},"inLanguage":"es","potentialAction":[{"@type":"ReadAction","target":["https:\/\/www.diocesisciudadrodrigo.org\/blog4\/damos-gracias-a-dios-por-el-don-de-la-vida-consagrada-testimonio-alegre-de-entrega-radical-al-senor\/"]}]},{"@type":"ImageObject","inLanguage":"es","@id":"https:\/\/www.diocesisciudadrodrigo.org\/blog4\/damos-gracias-a-dios-por-el-don-de-la-vida-consagrada-testimonio-alegre-de-entrega-radical-al-senor\/#primaryimage","url":"https:\/\/www.diocesisciudadrodrigo.org\/blog4\/wp-content\/uploads\/2025\/02\/jornada-vida-consagrada-2025.jpeg","contentUrl":"https:\/\/www.diocesisciudadrodrigo.org\/blog4\/wp-content\/uploads\/2025\/02\/jornada-vida-consagrada-2025.jpeg","width":1600,"height":1200},{"@type":"BreadcrumbList","@id":"https:\/\/www.diocesisciudadrodrigo.org\/blog4\/damos-gracias-a-dios-por-el-don-de-la-vida-consagrada-testimonio-alegre-de-entrega-radical-al-senor\/#breadcrumb","itemListElement":[{"@type":"ListItem","position":1,"name":"Portada","item":"https:\/\/www.diocesisciudadrodrigo.org\/blog4\/"},{"@type":"ListItem","position":2,"name":"\u00abDamos gracias a Dios por el don de la vida consagrada, testimonio alegre de entrega radical al Se\u00f1or\u00bb"}]},{"@type":"WebSite","@id":"https:\/\/www.diocesisciudadrodrigo.org\/blog4\/#website","url":"https:\/\/www.diocesisciudadrodrigo.org\/blog4\/","name":"Di\u00f3cesis de Ciudad Rodrigo","description":"Sitio web oficial de la di\u00f3cesis civitatense","publisher":{"@id":"https:\/\/www.diocesisciudadrodrigo.org\/blog4\/#organization"},"potentialAction":[{"@type":"SearchAction","target":{"@type":"EntryPoint","urlTemplate":"https:\/\/www.diocesisciudadrodrigo.org\/blog4\/?s={search_term_string}"},"query-input":{"@type":"PropertyValueSpecification","valueRequired":true,"valueName":"search_term_string"}}],"inLanguage":"es"},{"@type":"Organization","@id":"https:\/\/www.diocesisciudadrodrigo.org\/blog4\/#organization","name":"Di\u00f3cesis de Ciudad Rodrigo","url":"https:\/\/www.diocesisciudadrodrigo.org\/blog4\/","logo":{"@type":"ImageObject","inLanguage":"es","@id":"https:\/\/www.diocesisciudadrodrigo.org\/blog4\/#\/schema\/logo\/image\/","url":"https:\/\/www.diocesisciudadrodrigo.org\/blog4\/wp-content\/uploads\/2024\/12\/Diocesis.CMYK_-768x480-1.jpg","contentUrl":"https:\/\/www.diocesisciudadrodrigo.org\/blog4\/wp-content\/uploads\/2024\/12\/Diocesis.CMYK_-768x480-1.jpg","width":768,"height":480,"caption":"Di\u00f3cesis de Ciudad Rodrigo"},"image":{"@id":"https:\/\/www.diocesisciudadrodrigo.org\/blog4\/#\/schema\/logo\/image\/"},"sameAs":["https:\/\/www.facebook.com\/people\/Dicesis-Ciudad-Rodrigo-MCS\/100076471923419\/#"]},{"@type":"Person","@id":"https:\/\/www.diocesisciudadrodrigo.org\/blog4\/#\/schema\/person\/5fcf0ca636a75766ff70e6417b6ed052","name":"medios CR","image":{"@type":"ImageObject","inLanguage":"es","@id":"https:\/\/secure.gravatar.com\/avatar\/4a619fd0c7e36bd570f4e6e15eb09a2191185d0f63d8dbfdffe848af141ab87e?s=96&d=mm&r=g","url":"https:\/\/secure.gravatar.com\/avatar\/4a619fd0c7e36bd570f4e6e15eb09a2191185d0f63d8dbfdffe848af141ab87e?s=96&d=mm&r=g","contentUrl":"https:\/\/secure.gravatar.com\/avatar\/4a619fd0c7e36bd570f4e6e15eb09a2191185d0f63d8dbfdffe848af141ab87e?s=96&d=mm&r=g","caption":"medios CR"},"url":"https:\/\/www.diocesisciudadrodrigo.org\/blog4\/author\/admin4\/"}]}},"_links":{"self":[{"href":"https:\/\/www.diocesisciudadrodrigo.org\/blog4\/wp-json\/wp\/v2\/posts\/34370","targetHints":{"allow":["GET"]}}],"collection":[{"href":"https:\/\/www.diocesisciudadrodrigo.org\/blog4\/wp-json\/wp\/v2\/posts"}],"about":[{"href":"https:\/\/www.diocesisciudadrodrigo.org\/blog4\/wp-json\/wp\/v2\/types\/post"}],"author":[{"embeddable":true,"href":"https:\/\/www.diocesisciudadrodrigo.org\/blog4\/wp-json\/wp\/v2\/users\/1"}],"replies":[{"embeddable":true,"href":"https:\/\/www.diocesisciudadrodrigo.org\/blog4\/wp-json\/wp\/v2\/comments?post=34370"}],"version-history":[{"count":22,"href":"https:\/\/www.diocesisciudadrodrigo.org\/blog4\/wp-json\/wp\/v2\/posts\/34370\/revisions"}],"predecessor-version":[{"id":34398,"href":"https:\/\/www.diocesisciudadrodrigo.org\/blog4\/wp-json\/wp\/v2\/posts\/34370\/revisions\/34398"}],"wp:featuredmedia":[{"embeddable":true,"href":"https:\/\/www.diocesisciudadrodrigo.org\/blog4\/wp-json\/wp\/v2\/media\/34374"}],"wp:attachment":[{"href":"https:\/\/www.diocesisciudadrodrigo.org\/blog4\/wp-json\/wp\/v2\/media?parent=34370"}],"wp:term":[{"taxonomy":"category","embeddable":true,"href":"https:\/\/www.diocesisciudadrodrigo.org\/blog4\/wp-json\/wp\/v2\/categories?post=34370"},{"taxonomy":"post_tag","embeddable":true,"href":"https:\/\/www.diocesisciudadrodrigo.org\/blog4\/wp-json\/wp\/v2\/tags?post=34370"}],"curies":[{"name":"wp","href":"https:\/\/api.w.org\/{rel}","templated":true}]}}