{"id":34256,"date":"2025-01-29T13:50:41","date_gmt":"2025-01-29T12:50:41","guid":{"rendered":"https:\/\/www.diocesisciudadrodrigo.org\/blog4\/?p=34256"},"modified":"2025-01-30T10:46:20","modified_gmt":"2025-01-30T09:46:20","slug":"doce-personas-de-la-diocesis-participaran-en-el-congreso-de-vocaciones","status":"publish","type":"post","link":"https:\/\/www.diocesisciudadrodrigo.org\/blog4\/doce-personas-de-la-diocesis-participaran-en-el-congreso-de-vocaciones\/","title":{"rendered":"Doce personas de la di\u00f3cesis participar\u00e1n en el Congreso de Vocaciones"},"content":{"rendered":"\t\t<div data-elementor-type=\"wp-post\" data-elementor-id=\"34256\" class=\"elementor elementor-34256\" data-elementor-settings=\"[]\">\n\t\t\t\t\t\t<div class=\"elementor-inner\">\n\t\t\t\t\t\t\t<div class=\"elementor-section-wrap\">\n\t\t\t\t\t\t\t<section class=\"elementor-section elementor-top-section elementor-element elementor-element-c8d898a elementor-section-boxed elementor-section-height-default elementor-section-height-default\" data-id=\"c8d898a\" data-element_type=\"section\">\n\t\t\t\t\t\t<div class=\"elementor-container elementor-column-gap-default\">\n\t\t\t\t\t\t\t<div class=\"elementor-row\">\n\t\t\t\t\t<div class=\"elementor-column elementor-col-100 elementor-top-column elementor-element elementor-element-913586c\" data-id=\"913586c\" data-element_type=\"column\">\n\t\t\t<div class=\"elementor-column-wrap elementor-element-populated\">\n\t\t\t\t\t\t\t<div class=\"elementor-widget-wrap\">\n\t\t\t\t\t\t<div class=\"elementor-element elementor-element-2880191 elementor-widget elementor-widget-text-editor\" data-id=\"2880191\" data-element_type=\"widget\" data-widget_type=\"text-editor.default\">\n\t\t\t\t<div class=\"elementor-widget-container\">\n\t\t\t\t\t\t\t\t<div class=\"elementor-text-editor elementor-clearfix\">\n\t\t\t\t<h3>El encuentro, que reunir\u00e1 a m\u00e1s de 3.000 personas en Madrid, lleva por lema \u00ab\u00bfPara qui\u00e9n soy? Asamblea de llamados para la misi\u00f3n\u00bb<\/h3><p><strong><span style=\"color: #ff0000;\">Delegaci\u00f3n de Medios<\/span><\/strong><\/p><p>La <strong>Di\u00f3cesis de Ciudad Rodrigo<\/strong> estar\u00e1 representada por <strong>doce personas<\/strong> en el pr\u00f3ximo <strong>Congreso de Vocaciones,<\/strong> que se celebra en el Madrid Arena del <strong>7 al 9 de febrero<\/strong>, y donde est\u00e1 prevista la participaci\u00f3n de m\u00e1s de 3.000 personas de las di\u00f3cesis espa\u00f1olas. Uno de los objetivos de este congreso, que lleva por lema: <strong>\u00ab\u00bfPara qui\u00e9n soy? Asamblea de llamados para la misi\u00f3n\u00bb<\/strong>, es impulsar y consolidar en cada di\u00f3cesis \u201cun servicio que anime la vida vivida como vocaci\u00f3n\u201d, siguiendo la invitaci\u00f3n de la primera sesi\u00f3n de la asamblea sinodal.\u00a0<\/p><p>El pasado mes de junio se comenz\u00f3 a trabajar desde la delegaci\u00f3n de vocaciones en las <strong>fichas preparatorias<\/strong> del congreso, con la participaci\u00f3n de unas 25 personas vinculadas a diferentes \u00e1reas y delegaciones diocesanas, como Familia y Vida, religiosas, Misiones, C\u00e1ritas diocesana, Pastoral Juvenil o Vocacional, entre otras.<\/p><p>Del grupo que acudir\u00e1 al congreso de Madrid junto al delegado de vocaciones, <strong>Anselmo Matilla<\/strong>, y el vicario de Pastoral, <strong>Antonio Risue\u00f1o<\/strong>, se encuentran los delegados de Familia y Vida, <strong>Daniel Mielgo <\/strong>y<strong> Teresa Anciones<\/strong>, un grupo de j\u00f3venes menores de 35 a\u00f1os de <strong>Pastoral Juvenil<\/strong> y otras realidades eclesiales, junto a otros sacerdotes, laicos y una religiosa.<\/p><p><span style=\"color: #ff0000;\"><strong>El congreso<\/strong><\/span><\/p><p>En cuanto al programa del congreso, que todav\u00eda es provisional, comenzar\u00e1 al viernes, <strong>7 de febrero<\/strong>, a las 18:00 horas, en el <strong>pabell\u00f3n \u201cMadrid-Arena\u201d<\/strong>, en el recinto ferial de la Casa de Campo. Despu\u00e9s, tendr\u00e1 lugar una ponencia marco inicial y terminar\u00e1 la jornada con una vigilia de oraci\u00f3n. El s\u00e1bado,<strong> 8 de febrero<\/strong>, tras la eucarist\u00eda, se celebrar\u00e1 <strong>una ponencia marco<\/strong> con las l\u00edneas de la ma\u00f1ana, y los participantes se dividir\u00e1n en varios talleres en los que se han apuntado previamente. La reuni\u00f3n por grupos continuar\u00e1 por la tarde, y para terminar el d\u00eda, habr\u00e1 un festival. Y el domingo, <strong>9 de febrero<\/strong>, \u00faltimo d\u00eda del congreso, tras una oraci\u00f3n, tendr\u00e1 lugar la ponencia final, y una eucarist\u00eda de env\u00edo.<\/p><div>\u00a0<\/div>\t\t\t\t\t<\/div>\n\t\t\t\t\t\t<\/div>\n\t\t\t\t<\/div>\n\t\t\t\t<div class=\"elementor-element elementor-element-41766a2 elementor-widget elementor-widget-image\" data-id=\"41766a2\" data-element_type=\"widget\" data-widget_type=\"image.default\">\n\t\t\t\t<div class=\"elementor-widget-container\">\n\t\t\t\t\t\t\t\t<div class=\"elementor-image\">\n\t\t\t\t\t\t\t\t\t<figure class=\"wp-caption\">\n\t\t\t\t\t\t\t\t\t\t<img loading=\"lazy\" decoding=\"async\" width=\"1024\" height=\"768\" src=\"https:\/\/www.diocesisciudadrodrigo.org\/blog4\/wp-content\/uploads\/2025\/01\/congreso-laicos-1024x768.jpg\" class=\"attachment-large size-large\" alt=\"\" srcset=\"https:\/\/www.diocesisciudadrodrigo.org\/blog4\/wp-content\/uploads\/2025\/01\/congreso-laicos-1024x768.jpg 1024w, https:\/\/www.diocesisciudadrodrigo.org\/blog4\/wp-content\/uploads\/2025\/01\/congreso-laicos-300x225.jpg 300w, https:\/\/www.diocesisciudadrodrigo.org\/blog4\/wp-content\/uploads\/2025\/01\/congreso-laicos-768x576.jpg 768w, https:\/\/www.diocesisciudadrodrigo.org\/blog4\/wp-content\/uploads\/2025\/01\/congreso-laicos-1536x1152.jpg 1536w, https:\/\/www.diocesisciudadrodrigo.org\/blog4\/wp-content\/uploads\/2025\/01\/congreso-laicos-350x263.jpg 350w, https:\/\/www.diocesisciudadrodrigo.org\/blog4\/wp-content\/uploads\/2025\/01\/congreso-laicos.jpg 1600w\" sizes=\"auto, (max-width: 1024px) 100vw, 1024px\" \/>\t\t\t\t\t\t\t\t\t\t\t<figcaption class=\"widget-image-caption wp-caption-text\">Una de las reuniones preparatorias del congreso.<\/figcaption>\n\t\t\t\t\t\t\t\t\t\t<\/figure>\n\t\t\t\t\t\t\t\t<\/div>\n\t\t\t\t\t\t<\/div>\n\t\t\t\t<\/div>\n\t\t\t\t\t\t<\/div>\n\t\t\t\t\t<\/div>\n\t\t<\/div>\n\t\t\t\t\t\t\t\t<\/div>\n\t\t\t\t\t<\/div>\n\t\t<\/section>\n\t\t\t\t<section class=\"elementor-section elementor-top-section elementor-element elementor-element-f955eda elementor-section-boxed elementor-section-height-default elementor-section-height-default\" data-id=\"f955eda\" data-element_type=\"section\">\n\t\t\t\t\t\t<div class=\"elementor-container elementor-column-gap-default\">\n\t\t\t\t\t\t\t<div class=\"elementor-row\">\n\t\t\t\t\t<div class=\"elementor-column elementor-col-100 elementor-top-column elementor-element elementor-element-25e2d73\" data-id=\"25e2d73\" data-element_type=\"column\">\n\t\t\t<div class=\"elementor-column-wrap\">\n\t\t\t\t\t\t\t<div class=\"elementor-widget-wrap\">\n\t\t\t\t\t\t\t\t<\/div>\n\t\t\t\t\t<\/div>\n\t\t<\/div>\n\t\t\t\t\t\t\t\t<\/div>\n\t\t\t\t\t<\/div>\n\t\t<\/section>\n\t\t\t\t\t\t<\/div>\n\t\t\t\t\t\t<\/div>\n\t\t\t\t\t<\/div>\n\t\t","protected":false},"excerpt":{"rendered":"<p>El encuentro, que reunir\u00e1 a m\u00e1s de 3.000 personas en Madrid, lleva por lema \u00ab\u00bfPara qui\u00e9n soy? Asamblea de llamados para la misi\u00f3n\u00bb Delegaci\u00f3n de Medios La Di\u00f3cesis de Ciudad &#8230; <\/p>\n<p class=\"read-more-container\"><a title=\"Doce personas de la di\u00f3cesis participar\u00e1n en el Congreso de Vocaciones\" class=\"read-more button\" href=\"https:\/\/www.diocesisciudadrodrigo.org\/blog4\/doce-personas-de-la-diocesis-participaran-en-el-congreso-de-vocaciones\/#more-34256\" aria-label=\"M\u00e1s en Doce personas de la di\u00f3cesis participar\u00e1n en el Congreso de Vocaciones\">Leer m\u00e1s &#8230;<\/a><\/p>\n","protected":false},"author":1,"featured_media":34260,"comment_status":"closed","ping_status":"closed","sticky":false,"template":"","format":"standard","meta":{"footnotes":""},"categories":[6],"tags":[],"class_list":["post-34256","post","type-post","status-publish","format-standard","has-post-thumbnail","hentry","category-noticias","masonry-post","generate-columns","tablet-grid-50","mobile-grid-100","grid-parent","grid-50"],"yoast_head":"<!-- This site is optimized with the Yoast SEO plugin v27.3 - https:\/\/yoast.com\/product\/yoast-seo-wordpress\/ -->\n<title>Doce personas de la di\u00f3cesis participar\u00e1n en el Congreso de Vocaciones - Di\u00f3cesis de Ciudad Rodrigo<\/title>\n<meta name=\"robots\" content=\"index, follow, max-snippet:-1, max-image-preview:large, max-video-preview:-1\" \/>\n<link rel=\"canonical\" href=\"https:\/\/www.diocesisciudadrodrigo.org\/blog4\/doce-personas-de-la-diocesis-participaran-en-el-congreso-de-vocaciones\/\" \/>\n<meta property=\"og:locale\" content=\"es_ES\" \/>\n<meta property=\"og:type\" content=\"article\" \/>\n<meta property=\"og:title\" content=\"Doce personas de la di\u00f3cesis participar\u00e1n en el Congreso de Vocaciones - Di\u00f3cesis de Ciudad Rodrigo\" \/>\n<meta property=\"og:description\" content=\"El encuentro, que reunir\u00e1 a m\u00e1s de 3.000 personas en Madrid, lleva por lema \u00ab\u00bfPara qui\u00e9n soy? Asamblea de llamados para la misi\u00f3n\u00bb Delegaci\u00f3n de Medios La Di\u00f3cesis de Ciudad ... Leer m\u00e1s ...\" \/>\n<meta property=\"og:url\" content=\"https:\/\/www.diocesisciudadrodrigo.org\/blog4\/doce-personas-de-la-diocesis-participaran-en-el-congreso-de-vocaciones\/\" \/>\n<meta property=\"og:site_name\" content=\"Di\u00f3cesis de Ciudad Rodrigo\" \/>\n<meta property=\"article:publisher\" content=\"https:\/\/www.facebook.com\/people\/Dicesis-Ciudad-Rodrigo-MCS\/100076471923419\/#\" \/>\n<meta property=\"article:published_time\" content=\"2025-01-29T12:50:41+00:00\" \/>\n<meta property=\"article:modified_time\" content=\"2025-01-30T09:46:20+00:00\" \/>\n<meta property=\"og:image\" content=\"https:\/\/www.diocesisciudadrodrigo.org\/blog4\/wp-content\/uploads\/2025\/01\/congreso-laicos.jpg\" \/>\n\t<meta property=\"og:image:width\" content=\"1600\" \/>\n\t<meta property=\"og:image:height\" content=\"1200\" \/>\n\t<meta property=\"og:image:type\" content=\"image\/jpeg\" \/>\n<meta name=\"author\" content=\"medios CR\" \/>\n<meta name=\"twitter:card\" content=\"summary_large_image\" \/>\n<meta name=\"twitter:label1\" content=\"Escrito por\" \/>\n\t<meta name=\"twitter:data1\" content=\"medios CR\" \/>\n\t<meta name=\"twitter:label2\" content=\"Tiempo de lectura\" \/>\n\t<meta name=\"twitter:data2\" content=\"2 minutos\" \/>\n<script type=\"application\/ld+json\" class=\"yoast-schema-graph\">{\"@context\":\"https:\\\/\\\/schema.org\",\"@graph\":[{\"@type\":\"Article\",\"@id\":\"https:\\\/\\\/www.diocesisciudadrodrigo.org\\\/blog4\\\/doce-personas-de-la-diocesis-participaran-en-el-congreso-de-vocaciones\\\/#article\",\"isPartOf\":{\"@id\":\"https:\\\/\\\/www.diocesisciudadrodrigo.org\\\/blog4\\\/doce-personas-de-la-diocesis-participaran-en-el-congreso-de-vocaciones\\\/\"},\"author\":{\"name\":\"medios CR\",\"@id\":\"https:\\\/\\\/www.diocesisciudadrodrigo.org\\\/blog4\\\/#\\\/schema\\\/person\\\/5fcf0ca636a75766ff70e6417b6ed052\"},\"headline\":\"Doce personas de la di\u00f3cesis participar\u00e1n en el Congreso de Vocaciones\",\"datePublished\":\"2025-01-29T12:50:41+00:00\",\"dateModified\":\"2025-01-30T09:46:20+00:00\",\"mainEntityOfPage\":{\"@id\":\"https:\\\/\\\/www.diocesisciudadrodrigo.org\\\/blog4\\\/doce-personas-de-la-diocesis-participaran-en-el-congreso-de-vocaciones\\\/\"},\"wordCount\":394,\"publisher\":{\"@id\":\"https:\\\/\\\/www.diocesisciudadrodrigo.org\\\/blog4\\\/#organization\"},\"image\":{\"@id\":\"https:\\\/\\\/www.diocesisciudadrodrigo.org\\\/blog4\\\/doce-personas-de-la-diocesis-participaran-en-el-congreso-de-vocaciones\\\/#primaryimage\"},\"thumbnailUrl\":\"https:\\\/\\\/www.diocesisciudadrodrigo.org\\\/blog4\\\/wp-content\\\/uploads\\\/2025\\\/01\\\/congreso-laicos.jpg\",\"articleSection\":[\"Noticias\"],\"inLanguage\":\"es\"},{\"@type\":\"WebPage\",\"@id\":\"https:\\\/\\\/www.diocesisciudadrodrigo.org\\\/blog4\\\/doce-personas-de-la-diocesis-participaran-en-el-congreso-de-vocaciones\\\/\",\"url\":\"https:\\\/\\\/www.diocesisciudadrodrigo.org\\\/blog4\\\/doce-personas-de-la-diocesis-participaran-en-el-congreso-de-vocaciones\\\/\",\"name\":\"Doce personas de la di\u00f3cesis participar\u00e1n en el Congreso de Vocaciones - Di\u00f3cesis de Ciudad Rodrigo\",\"isPartOf\":{\"@id\":\"https:\\\/\\\/www.diocesisciudadrodrigo.org\\\/blog4\\\/#website\"},\"primaryImageOfPage\":{\"@id\":\"https:\\\/\\\/www.diocesisciudadrodrigo.org\\\/blog4\\\/doce-personas-de-la-diocesis-participaran-en-el-congreso-de-vocaciones\\\/#primaryimage\"},\"image\":{\"@id\":\"https:\\\/\\\/www.diocesisciudadrodrigo.org\\\/blog4\\\/doce-personas-de-la-diocesis-participaran-en-el-congreso-de-vocaciones\\\/#primaryimage\"},\"thumbnailUrl\":\"https:\\\/\\\/www.diocesisciudadrodrigo.org\\\/blog4\\\/wp-content\\\/uploads\\\/2025\\\/01\\\/congreso-laicos.jpg\",\"datePublished\":\"2025-01-29T12:50:41+00:00\",\"dateModified\":\"2025-01-30T09:46:20+00:00\",\"breadcrumb\":{\"@id\":\"https:\\\/\\\/www.diocesisciudadrodrigo.org\\\/blog4\\\/doce-personas-de-la-diocesis-participaran-en-el-congreso-de-vocaciones\\\/#breadcrumb\"},\"inLanguage\":\"es\",\"potentialAction\":[{\"@type\":\"ReadAction\",\"target\":[\"https:\\\/\\\/www.diocesisciudadrodrigo.org\\\/blog4\\\/doce-personas-de-la-diocesis-participaran-en-el-congreso-de-vocaciones\\\/\"]}]},{\"@type\":\"ImageObject\",\"inLanguage\":\"es\",\"@id\":\"https:\\\/\\\/www.diocesisciudadrodrigo.org\\\/blog4\\\/doce-personas-de-la-diocesis-participaran-en-el-congreso-de-vocaciones\\\/#primaryimage\",\"url\":\"https:\\\/\\\/www.diocesisciudadrodrigo.org\\\/blog4\\\/wp-content\\\/uploads\\\/2025\\\/01\\\/congreso-laicos.jpg\",\"contentUrl\":\"https:\\\/\\\/www.diocesisciudadrodrigo.org\\\/blog4\\\/wp-content\\\/uploads\\\/2025\\\/01\\\/congreso-laicos.jpg\",\"width\":1600,\"height\":1200},{\"@type\":\"BreadcrumbList\",\"@id\":\"https:\\\/\\\/www.diocesisciudadrodrigo.org\\\/blog4\\\/doce-personas-de-la-diocesis-participaran-en-el-congreso-de-vocaciones\\\/#breadcrumb\",\"itemListElement\":[{\"@type\":\"ListItem\",\"position\":1,\"name\":\"Portada\",\"item\":\"https:\\\/\\\/www.diocesisciudadrodrigo.org\\\/blog4\\\/\"},{\"@type\":\"ListItem\",\"position\":2,\"name\":\"Doce personas de la di\u00f3cesis participar\u00e1n en el Congreso de Vocaciones\"}]},{\"@type\":\"WebSite\",\"@id\":\"https:\\\/\\\/www.diocesisciudadrodrigo.org\\\/blog4\\\/#website\",\"url\":\"https:\\\/\\\/www.diocesisciudadrodrigo.org\\\/blog4\\\/\",\"name\":\"Di\u00f3cesis de Ciudad Rodrigo\",\"description\":\"Sitio web oficial de la di\u00f3cesis civitatense\",\"publisher\":{\"@id\":\"https:\\\/\\\/www.diocesisciudadrodrigo.org\\\/blog4\\\/#organization\"},\"potentialAction\":[{\"@type\":\"SearchAction\",\"target\":{\"@type\":\"EntryPoint\",\"urlTemplate\":\"https:\\\/\\\/www.diocesisciudadrodrigo.org\\\/blog4\\\/?s={search_term_string}\"},\"query-input\":{\"@type\":\"PropertyValueSpecification\",\"valueRequired\":true,\"valueName\":\"search_term_string\"}}],\"inLanguage\":\"es\"},{\"@type\":\"Organization\",\"@id\":\"https:\\\/\\\/www.diocesisciudadrodrigo.org\\\/blog4\\\/#organization\",\"name\":\"Di\u00f3cesis de Ciudad Rodrigo\",\"url\":\"https:\\\/\\\/www.diocesisciudadrodrigo.org\\\/blog4\\\/\",\"logo\":{\"@type\":\"ImageObject\",\"inLanguage\":\"es\",\"@id\":\"https:\\\/\\\/www.diocesisciudadrodrigo.org\\\/blog4\\\/#\\\/schema\\\/logo\\\/image\\\/\",\"url\":\"https:\\\/\\\/www.diocesisciudadrodrigo.org\\\/blog4\\\/wp-content\\\/uploads\\\/2024\\\/12\\\/Diocesis.CMYK_-768x480-1.jpg\",\"contentUrl\":\"https:\\\/\\\/www.diocesisciudadrodrigo.org\\\/blog4\\\/wp-content\\\/uploads\\\/2024\\\/12\\\/Diocesis.CMYK_-768x480-1.jpg\",\"width\":768,\"height\":480,\"caption\":\"Di\u00f3cesis de Ciudad Rodrigo\"},\"image\":{\"@id\":\"https:\\\/\\\/www.diocesisciudadrodrigo.org\\\/blog4\\\/#\\\/schema\\\/logo\\\/image\\\/\"},\"sameAs\":[\"https:\\\/\\\/www.facebook.com\\\/people\\\/Dicesis-Ciudad-Rodrigo-MCS\\\/100076471923419\\\/#\"]},{\"@type\":\"Person\",\"@id\":\"https:\\\/\\\/www.diocesisciudadrodrigo.org\\\/blog4\\\/#\\\/schema\\\/person\\\/5fcf0ca636a75766ff70e6417b6ed052\",\"name\":\"medios CR\",\"image\":{\"@type\":\"ImageObject\",\"inLanguage\":\"es\",\"@id\":\"https:\\\/\\\/secure.gravatar.com\\\/avatar\\\/4a619fd0c7e36bd570f4e6e15eb09a2191185d0f63d8dbfdffe848af141ab87e?s=96&d=mm&r=g\",\"url\":\"https:\\\/\\\/secure.gravatar.com\\\/avatar\\\/4a619fd0c7e36bd570f4e6e15eb09a2191185d0f63d8dbfdffe848af141ab87e?s=96&d=mm&r=g\",\"contentUrl\":\"https:\\\/\\\/secure.gravatar.com\\\/avatar\\\/4a619fd0c7e36bd570f4e6e15eb09a2191185d0f63d8dbfdffe848af141ab87e?s=96&d=mm&r=g\",\"caption\":\"medios CR\"},\"url\":\"https:\\\/\\\/www.diocesisciudadrodrigo.org\\\/blog4\\\/author\\\/admin4\\\/\"}]}<\/script>\n<!-- \/ Yoast SEO plugin. -->","yoast_head_json":{"title":"Doce personas de la di\u00f3cesis participar\u00e1n en el Congreso de Vocaciones - Di\u00f3cesis de Ciudad Rodrigo","robots":{"index":"index","follow":"follow","max-snippet":"max-snippet:-1","max-image-preview":"max-image-preview:large","max-video-preview":"max-video-preview:-1"},"canonical":"https:\/\/www.diocesisciudadrodrigo.org\/blog4\/doce-personas-de-la-diocesis-participaran-en-el-congreso-de-vocaciones\/","og_locale":"es_ES","og_type":"article","og_title":"Doce personas de la di\u00f3cesis participar\u00e1n en el Congreso de Vocaciones - Di\u00f3cesis de Ciudad Rodrigo","og_description":"El encuentro, que reunir\u00e1 a m\u00e1s de 3.000 personas en Madrid, lleva por lema \u00ab\u00bfPara qui\u00e9n soy? Asamblea de llamados para la misi\u00f3n\u00bb Delegaci\u00f3n de Medios La Di\u00f3cesis de Ciudad ... Leer m\u00e1s ...","og_url":"https:\/\/www.diocesisciudadrodrigo.org\/blog4\/doce-personas-de-la-diocesis-participaran-en-el-congreso-de-vocaciones\/","og_site_name":"Di\u00f3cesis de Ciudad Rodrigo","article_publisher":"https:\/\/www.facebook.com\/people\/Dicesis-Ciudad-Rodrigo-MCS\/100076471923419\/#","article_published_time":"2025-01-29T12:50:41+00:00","article_modified_time":"2025-01-30T09:46:20+00:00","og_image":[{"width":1600,"height":1200,"url":"https:\/\/www.diocesisciudadrodrigo.org\/blog4\/wp-content\/uploads\/2025\/01\/congreso-laicos.jpg","type":"image\/jpeg"}],"author":"medios CR","twitter_card":"summary_large_image","twitter_misc":{"Escrito por":"medios CR","Tiempo de lectura":"2 minutos"},"schema":{"@context":"https:\/\/schema.org","@graph":[{"@type":"Article","@id":"https:\/\/www.diocesisciudadrodrigo.org\/blog4\/doce-personas-de-la-diocesis-participaran-en-el-congreso-de-vocaciones\/#article","isPartOf":{"@id":"https:\/\/www.diocesisciudadrodrigo.org\/blog4\/doce-personas-de-la-diocesis-participaran-en-el-congreso-de-vocaciones\/"},"author":{"name":"medios CR","@id":"https:\/\/www.diocesisciudadrodrigo.org\/blog4\/#\/schema\/person\/5fcf0ca636a75766ff70e6417b6ed052"},"headline":"Doce personas de la di\u00f3cesis participar\u00e1n en el Congreso de Vocaciones","datePublished":"2025-01-29T12:50:41+00:00","dateModified":"2025-01-30T09:46:20+00:00","mainEntityOfPage":{"@id":"https:\/\/www.diocesisciudadrodrigo.org\/blog4\/doce-personas-de-la-diocesis-participaran-en-el-congreso-de-vocaciones\/"},"wordCount":394,"publisher":{"@id":"https:\/\/www.diocesisciudadrodrigo.org\/blog4\/#organization"},"image":{"@id":"https:\/\/www.diocesisciudadrodrigo.org\/blog4\/doce-personas-de-la-diocesis-participaran-en-el-congreso-de-vocaciones\/#primaryimage"},"thumbnailUrl":"https:\/\/www.diocesisciudadrodrigo.org\/blog4\/wp-content\/uploads\/2025\/01\/congreso-laicos.jpg","articleSection":["Noticias"],"inLanguage":"es"},{"@type":"WebPage","@id":"https:\/\/www.diocesisciudadrodrigo.org\/blog4\/doce-personas-de-la-diocesis-participaran-en-el-congreso-de-vocaciones\/","url":"https:\/\/www.diocesisciudadrodrigo.org\/blog4\/doce-personas-de-la-diocesis-participaran-en-el-congreso-de-vocaciones\/","name":"Doce personas de la di\u00f3cesis participar\u00e1n en el Congreso de Vocaciones - Di\u00f3cesis de Ciudad Rodrigo","isPartOf":{"@id":"https:\/\/www.diocesisciudadrodrigo.org\/blog4\/#website"},"primaryImageOfPage":{"@id":"https:\/\/www.diocesisciudadrodrigo.org\/blog4\/doce-personas-de-la-diocesis-participaran-en-el-congreso-de-vocaciones\/#primaryimage"},"image":{"@id":"https:\/\/www.diocesisciudadrodrigo.org\/blog4\/doce-personas-de-la-diocesis-participaran-en-el-congreso-de-vocaciones\/#primaryimage"},"thumbnailUrl":"https:\/\/www.diocesisciudadrodrigo.org\/blog4\/wp-content\/uploads\/2025\/01\/congreso-laicos.jpg","datePublished":"2025-01-29T12:50:41+00:00","dateModified":"2025-01-30T09:46:20+00:00","breadcrumb":{"@id":"https:\/\/www.diocesisciudadrodrigo.org\/blog4\/doce-personas-de-la-diocesis-participaran-en-el-congreso-de-vocaciones\/#breadcrumb"},"inLanguage":"es","potentialAction":[{"@type":"ReadAction","target":["https:\/\/www.diocesisciudadrodrigo.org\/blog4\/doce-personas-de-la-diocesis-participaran-en-el-congreso-de-vocaciones\/"]}]},{"@type":"ImageObject","inLanguage":"es","@id":"https:\/\/www.diocesisciudadrodrigo.org\/blog4\/doce-personas-de-la-diocesis-participaran-en-el-congreso-de-vocaciones\/#primaryimage","url":"https:\/\/www.diocesisciudadrodrigo.org\/blog4\/wp-content\/uploads\/2025\/01\/congreso-laicos.jpg","contentUrl":"https:\/\/www.diocesisciudadrodrigo.org\/blog4\/wp-content\/uploads\/2025\/01\/congreso-laicos.jpg","width":1600,"height":1200},{"@type":"BreadcrumbList","@id":"https:\/\/www.diocesisciudadrodrigo.org\/blog4\/doce-personas-de-la-diocesis-participaran-en-el-congreso-de-vocaciones\/#breadcrumb","itemListElement":[{"@type":"ListItem","position":1,"name":"Portada","item":"https:\/\/www.diocesisciudadrodrigo.org\/blog4\/"},{"@type":"ListItem","position":2,"name":"Doce personas de la di\u00f3cesis participar\u00e1n en el Congreso de Vocaciones"}]},{"@type":"WebSite","@id":"https:\/\/www.diocesisciudadrodrigo.org\/blog4\/#website","url":"https:\/\/www.diocesisciudadrodrigo.org\/blog4\/","name":"Di\u00f3cesis de Ciudad Rodrigo","description":"Sitio web oficial de la di\u00f3cesis civitatense","publisher":{"@id":"https:\/\/www.diocesisciudadrodrigo.org\/blog4\/#organization"},"potentialAction":[{"@type":"SearchAction","target":{"@type":"EntryPoint","urlTemplate":"https:\/\/www.diocesisciudadrodrigo.org\/blog4\/?s={search_term_string}"},"query-input":{"@type":"PropertyValueSpecification","valueRequired":true,"valueName":"search_term_string"}}],"inLanguage":"es"},{"@type":"Organization","@id":"https:\/\/www.diocesisciudadrodrigo.org\/blog4\/#organization","name":"Di\u00f3cesis de Ciudad Rodrigo","url":"https:\/\/www.diocesisciudadrodrigo.org\/blog4\/","logo":{"@type":"ImageObject","inLanguage":"es","@id":"https:\/\/www.diocesisciudadrodrigo.org\/blog4\/#\/schema\/logo\/image\/","url":"https:\/\/www.diocesisciudadrodrigo.org\/blog4\/wp-content\/uploads\/2024\/12\/Diocesis.CMYK_-768x480-1.jpg","contentUrl":"https:\/\/www.diocesisciudadrodrigo.org\/blog4\/wp-content\/uploads\/2024\/12\/Diocesis.CMYK_-768x480-1.jpg","width":768,"height":480,"caption":"Di\u00f3cesis de Ciudad Rodrigo"},"image":{"@id":"https:\/\/www.diocesisciudadrodrigo.org\/blog4\/#\/schema\/logo\/image\/"},"sameAs":["https:\/\/www.facebook.com\/people\/Dicesis-Ciudad-Rodrigo-MCS\/100076471923419\/#"]},{"@type":"Person","@id":"https:\/\/www.diocesisciudadrodrigo.org\/blog4\/#\/schema\/person\/5fcf0ca636a75766ff70e6417b6ed052","name":"medios CR","image":{"@type":"ImageObject","inLanguage":"es","@id":"https:\/\/secure.gravatar.com\/avatar\/4a619fd0c7e36bd570f4e6e15eb09a2191185d0f63d8dbfdffe848af141ab87e?s=96&d=mm&r=g","url":"https:\/\/secure.gravatar.com\/avatar\/4a619fd0c7e36bd570f4e6e15eb09a2191185d0f63d8dbfdffe848af141ab87e?s=96&d=mm&r=g","contentUrl":"https:\/\/secure.gravatar.com\/avatar\/4a619fd0c7e36bd570f4e6e15eb09a2191185d0f63d8dbfdffe848af141ab87e?s=96&d=mm&r=g","caption":"medios CR"},"url":"https:\/\/www.diocesisciudadrodrigo.org\/blog4\/author\/admin4\/"}]}},"_links":{"self":[{"href":"https:\/\/www.diocesisciudadrodrigo.org\/blog4\/wp-json\/wp\/v2\/posts\/34256","targetHints":{"allow":["GET"]}}],"collection":[{"href":"https:\/\/www.diocesisciudadrodrigo.org\/blog4\/wp-json\/wp\/v2\/posts"}],"about":[{"href":"https:\/\/www.diocesisciudadrodrigo.org\/blog4\/wp-json\/wp\/v2\/types\/post"}],"author":[{"embeddable":true,"href":"https:\/\/www.diocesisciudadrodrigo.org\/blog4\/wp-json\/wp\/v2\/users\/1"}],"replies":[{"embeddable":true,"href":"https:\/\/www.diocesisciudadrodrigo.org\/blog4\/wp-json\/wp\/v2\/comments?post=34256"}],"version-history":[{"count":22,"href":"https:\/\/www.diocesisciudadrodrigo.org\/blog4\/wp-json\/wp\/v2\/posts\/34256\/revisions"}],"predecessor-version":[{"id":34359,"href":"https:\/\/www.diocesisciudadrodrigo.org\/blog4\/wp-json\/wp\/v2\/posts\/34256\/revisions\/34359"}],"wp:featuredmedia":[{"embeddable":true,"href":"https:\/\/www.diocesisciudadrodrigo.org\/blog4\/wp-json\/wp\/v2\/media\/34260"}],"wp:attachment":[{"href":"https:\/\/www.diocesisciudadrodrigo.org\/blog4\/wp-json\/wp\/v2\/media?parent=34256"}],"wp:term":[{"taxonomy":"category","embeddable":true,"href":"https:\/\/www.diocesisciudadrodrigo.org\/blog4\/wp-json\/wp\/v2\/categories?post=34256"},{"taxonomy":"post_tag","embeddable":true,"href":"https:\/\/www.diocesisciudadrodrigo.org\/blog4\/wp-json\/wp\/v2\/tags?post=34256"}],"curies":[{"name":"wp","href":"https:\/\/api.w.org\/{rel}","templated":true}]}}