{"id":34244,"date":"2025-01-29T07:29:16","date_gmt":"2025-01-29T06:29:16","guid":{"rendered":"https:\/\/www.diocesisciudadrodrigo.org\/blog4\/?p=34244"},"modified":"2025-01-29T07:39:36","modified_gmt":"2025-01-29T06:39:36","slug":"la-xxix-jornada-mundial-de-la-vida-consagrada-se-celebra-en-la-iglesia-de-las-carmelitas-de-ciudad-rodrigo","status":"publish","type":"post","link":"https:\/\/www.diocesisciudadrodrigo.org\/blog4\/la-xxix-jornada-mundial-de-la-vida-consagrada-se-celebra-en-la-iglesia-de-las-carmelitas-de-ciudad-rodrigo\/","title":{"rendered":"La XXIX Jornada Mundial de la Vida Consagrada se celebra en la iglesia de las Carmelitas de Ciudad Rodrigo"},"content":{"rendered":"\t\t<div data-elementor-type=\"wp-post\" data-elementor-id=\"34244\" class=\"elementor elementor-34244\" data-elementor-settings=\"[]\">\n\t\t\t\t\t\t<div class=\"elementor-inner\">\n\t\t\t\t\t\t\t<div class=\"elementor-section-wrap\">\n\t\t\t\t\t\t\t<section class=\"elementor-section elementor-top-section elementor-element elementor-element-142cc27 elementor-section-boxed elementor-section-height-default elementor-section-height-default\" data-id=\"142cc27\" data-element_type=\"section\">\n\t\t\t\t\t\t<div class=\"elementor-container elementor-column-gap-default\">\n\t\t\t\t\t\t\t<div class=\"elementor-row\">\n\t\t\t\t\t<div class=\"elementor-column elementor-col-100 elementor-top-column elementor-element elementor-element-214fe82\" data-id=\"214fe82\" data-element_type=\"column\">\n\t\t\t<div class=\"elementor-column-wrap elementor-element-populated\">\n\t\t\t\t\t\t\t<div class=\"elementor-widget-wrap\">\n\t\t\t\t\t\t<div class=\"elementor-element elementor-element-fcff21c elementor-widget elementor-widget-text-editor\" data-id=\"fcff21c\" data-element_type=\"widget\" data-widget_type=\"text-editor.default\">\n\t\t\t\t<div class=\"elementor-widget-container\">\n\t\t\t\t\t\t\t\t<div class=\"elementor-text-editor elementor-clearfix\">\n\t\t\t\t<h2>Mons. Jos\u00e9 Luis Retana presidir\u00e1 la eucarist\u00eda a las 11:00 horas donde se reconocer\u00e1 la entrega de los religiosos y religiosas de la di\u00f3cesis que dedican su vida a Dios y al servicio de los dem\u00e1s, y se rezar\u00e1 por el surgimiento de nuevas vocaciones<\/h2><p>\u00a0<\/p><p><strong>DELEGACI\u00d3N DE COMUNICACI\u00d3N<\/strong><\/p><p>El pr\u00f3ximo <strong>domingo, 2 de febrero<\/strong>, a las<strong> 11:00 horas<\/strong>, <strong>Mons. Jos\u00e9 Luis Retana<\/strong> presidir\u00e1 la celebraci\u00f3n de la <strong>XXIX Jornada Mundial de la Vida Consagrada<\/strong> en la iglesia del <strong>Monasterio de las Carmelitas Descalzas de Ciudad Rodrigo.<\/strong> Bajo el lema <em>\u201cPeregrinos y sembradores de esperanza\u201d<\/em>, se invita a participar a toda la comunidad diocesana, en especial a los religiosos y religiosas de la Di\u00f3cesis de Ciudad Rodrigo, para reconocer la entrega y el testimonio de quienes dedican su vida a Dios y al servicio de los dem\u00e1s, para orar por ellos y el surgimiento de nuevas vocaciones a la vida consagrada.<\/p><h2><strong>Los consagrados, sembradores de esperanza<\/strong><\/h2><p><img loading=\"lazy\" decoding=\"async\" class=\"size-medium wp-image-34250 alignright\" src=\"https:\/\/www.diocesisciudadrodrigo.org\/blog4\/wp-content\/uploads\/2025\/01\/vida-consagrada-ciudad-rodrigo-300x200.jpg\" alt=\"\" width=\"300\" height=\"200\" srcset=\"https:\/\/www.diocesisciudadrodrigo.org\/blog4\/wp-content\/uploads\/2025\/01\/vida-consagrada-ciudad-rodrigo-300x200.jpg 300w, https:\/\/www.diocesisciudadrodrigo.org\/blog4\/wp-content\/uploads\/2025\/01\/vida-consagrada-ciudad-rodrigo-1024x684.jpg 1024w, https:\/\/www.diocesisciudadrodrigo.org\/blog4\/wp-content\/uploads\/2025\/01\/vida-consagrada-ciudad-rodrigo-768x513.jpg 768w, https:\/\/www.diocesisciudadrodrigo.org\/blog4\/wp-content\/uploads\/2025\/01\/vida-consagrada-ciudad-rodrigo-350x234.jpg 350w, https:\/\/www.diocesisciudadrodrigo.org\/blog4\/wp-content\/uploads\/2025\/01\/vida-consagrada-ciudad-rodrigo.jpg 1280w\" sizes=\"auto, (max-width: 300px) 100vw, 300px\" \/>La Jornada Mundial de la Vida Consagrada se celebra cada a\u00f1o el 2 de febrero, coincidiendo con la <strong>fiesta de la Presentaci\u00f3n del Se\u00f1or<\/strong>, tambi\u00e9n conocida como la <strong>fiesta de la Candelaria<\/strong>. Este d\u00eda recuerda el momento en que Mar\u00eda y Jos\u00e9 llevaron a Jes\u00fas al templo, 40 d\u00edas despu\u00e9s de su nacimiento. En la tradici\u00f3n de esta fecha, se bendicen velas, simbolizando a Cristo como luz del mundo. De manera similar, los consagrados est\u00e1n llamados a reflejar esa luz a trav\u00e9s de su vida y servicio a los dem\u00e1s.<\/p><p>Este a\u00f1o, bajo el lema <em><strong>\u201cPeregrinos y sembradores de esperanza\u201d<\/strong><\/em>, la Iglesia pone de relieve el importante papel de los consagrados en la sociedad como portadores de fe y esperanza. En el contexto del A\u00f1o Jubilar, se refuerza el llamado a todos los bautizados a vivir su fe con pasi\u00f3n y compromiso, siguiendo el ejemplo de aquellos que han dedicado su vida al servicio de Cristo.<\/p><h2><strong>Un mensaje de esperanza<\/strong><\/h2><p>El mensaje de los obispos de la <strong>Comisi\u00f3n Episcopal para la Vida Consagrada<\/strong> para esta jornada presenta a los consagrados como s\u00edmbolos de esperanza, quienes, a lo largo de su peregrinaci\u00f3n, esparcen semillas de fe y confianza. El papa Francisco, en la Jornada de 2024, destac\u00f3 la paciencia y entrega de los consagrados, invitando a la Iglesia a reflexionar sobre la virtud de la espera diaria en Cristo. Adem\u00e1s, destac\u00f3 los \u00abcorazones j\u00f3venes\u00bb de los consagrados, quienes no se rinden y contin\u00faan confiando en el camino de esperanza.<\/p><p>En este 2025, el mensaje de la jornada pone el foco en dos virtudes claves: la <strong>misi\u00f3n prof\u00e9tica y las relaciones nuevas<\/strong>. La misi\u00f3n prof\u00e9tica se refiere al llamado de los consagrados a transmitir la esperanza de Jesucristo en un mundo lleno de desaf\u00edos. Y, por otro lado, se resalta la necesidad de <strong>construir v\u00ednculos de fraternidad y solidaridad<\/strong>, fundamentales en una sociedad cada vez m\u00e1s marcada por el individualismo.<\/p><p>\u00a0<\/p>\t\t\t\t\t<\/div>\n\t\t\t\t\t\t<\/div>\n\t\t\t\t<\/div>\n\t\t\t\t\t\t<\/div>\n\t\t\t\t\t<\/div>\n\t\t<\/div>\n\t\t\t\t\t\t\t\t<\/div>\n\t\t\t\t\t<\/div>\n\t\t<\/section>\n\t\t\t\t<section class=\"elementor-section elementor-top-section elementor-element elementor-element-91126b5 elementor-section-boxed elementor-section-height-default elementor-section-height-default\" data-id=\"91126b5\" data-element_type=\"section\">\n\t\t\t\t\t\t<div class=\"elementor-container elementor-column-gap-default\">\n\t\t\t\t\t\t\t<div class=\"elementor-row\">\n\t\t\t\t\t<div class=\"elementor-column elementor-col-33 elementor-top-column elementor-element elementor-element-a43f720\" data-id=\"a43f720\" data-element_type=\"column\">\n\t\t\t<div class=\"elementor-column-wrap\">\n\t\t\t\t\t\t\t<div class=\"elementor-widget-wrap\">\n\t\t\t\t\t\t\t\t<\/div>\n\t\t\t\t\t<\/div>\n\t\t<\/div>\n\t\t\t\t<div class=\"elementor-column elementor-col-33 elementor-top-column elementor-element elementor-element-aa79e20\" data-id=\"aa79e20\" data-element_type=\"column\">\n\t\t\t<div class=\"elementor-column-wrap elementor-element-populated\">\n\t\t\t\t\t\t\t<div class=\"elementor-widget-wrap\">\n\t\t\t\t\t\t<div class=\"elementor-element elementor-element-94d5a5e elementor-widget elementor-widget-button\" data-id=\"94d5a5e\" data-element_type=\"widget\" data-widget_type=\"button.default\">\n\t\t\t\t<div class=\"elementor-widget-container\">\n\t\t\t\t\t<div class=\"elementor-button-wrapper\">\n\t\t\t<a href=\"https:\/\/www.conferenciaepiscopal.es\/wp-content\/uploads\/2025\/01\/WEB_JORNADA-VIDA-CONSAGRADA-2025_subsidio-liturgico.pdf\" class=\"elementor-button-link elementor-button elementor-size-sm\" role=\"button\">\n\t\t\t\t\t\t<span class=\"elementor-button-content-wrapper\">\n\t\t\t\t\t\t<span class=\"elementor-button-text\">Subsidio lit\u00fargico para el celebrante<\/span>\n\t\t<\/span>\n\t\t\t\t\t<\/a>\n\t\t<\/div>\n\t\t\t\t<\/div>\n\t\t\t\t<\/div>\n\t\t\t\t<div class=\"elementor-element elementor-element-b48f477 elementor-widget elementor-widget-button\" data-id=\"b48f477\" data-element_type=\"widget\" data-widget_type=\"button.default\">\n\t\t\t\t<div class=\"elementor-widget-container\">\n\t\t\t\t\t<div class=\"elementor-button-wrapper\">\n\t\t\t<a href=\"https:\/\/www.conferenciaepiscopal.es\/wp-content\/uploads\/2025\/01\/WEB_JORNADA-VIDA-CONSAGRADA-2025_folleto.pdf\" class=\"elementor-button-link elementor-button elementor-size-sm\" role=\"button\">\n\t\t\t\t\t\t<span class=\"elementor-button-content-wrapper\">\n\t\t\t\t\t\t<span class=\"elementor-button-text\">Materiales para celebrar la jornada<\/span>\n\t\t<\/span>\n\t\t\t\t\t<\/a>\n\t\t<\/div>\n\t\t\t\t<\/div>\n\t\t\t\t<\/div>\n\t\t\t\t<div class=\"elementor-element elementor-element-a506716 elementor-widget elementor-widget-button\" data-id=\"a506716\" data-element_type=\"widget\" data-widget_type=\"button.default\">\n\t\t\t\t<div class=\"elementor-widget-container\">\n\t\t\t\t\t<div class=\"elementor-button-wrapper\">\n\t\t\t<a href=\"https:\/\/www.conferenciaepiscopal.es\/wp-content\/uploads\/2025\/01\/WEB_JORNADA-VIDA-CONSAGRADA-2025_subsidio-monitor.pdf\" class=\"elementor-button-link elementor-button elementor-size-sm\" role=\"button\">\n\t\t\t\t\t\t<span class=\"elementor-button-content-wrapper\">\n\t\t\t\t\t\t<span class=\"elementor-button-text\">Subsidio lit\u00fargico para el monitor<\/span>\n\t\t<\/span>\n\t\t\t\t\t<\/a>\n\t\t<\/div>\n\t\t\t\t<\/div>\n\t\t\t\t<\/div>\n\t\t\t\t\t\t<\/div>\n\t\t\t\t\t<\/div>\n\t\t<\/div>\n\t\t\t\t<div class=\"elementor-column elementor-col-33 elementor-top-column elementor-element elementor-element-08dfac2\" data-id=\"08dfac2\" data-element_type=\"column\">\n\t\t\t<div class=\"elementor-column-wrap elementor-element-populated\">\n\t\t\t\t\t\t\t<div class=\"elementor-widget-wrap\">\n\t\t\t\t\t\t<div class=\"elementor-element elementor-element-6f2bcb9 elementor-widget elementor-widget-button\" data-id=\"6f2bcb9\" data-element_type=\"widget\" data-widget_type=\"button.default\">\n\t\t\t\t<div class=\"elementor-widget-container\">\n\t\t\t\t\t<div class=\"elementor-button-wrapper\">\n\t\t\t<a href=\"https:\/\/www.conferenciaepiscopal.es\/wp-content\/uploads\/2025\/01\/WEB_JORNADA-VIDA-CONSAGRADA-2025_estampa.pdf\" class=\"elementor-button-link elementor-button elementor-size-sm\" role=\"button\">\n\t\t\t\t\t\t<span class=\"elementor-button-content-wrapper\">\n\t\t\t\t\t\t<span class=\"elementor-button-text\">Estampa con oraci\u00f3n<\/span>\n\t\t<\/span>\n\t\t\t\t\t<\/a>\n\t\t<\/div>\n\t\t\t\t<\/div>\n\t\t\t\t<\/div>\n\t\t\t\t\t\t<\/div>\n\t\t\t\t\t<\/div>\n\t\t<\/div>\n\t\t\t\t\t\t\t\t<\/div>\n\t\t\t\t\t<\/div>\n\t\t<\/section>\n\t\t\t\t\t\t<\/div>\n\t\t\t\t\t\t<\/div>\n\t\t\t\t\t<\/div>\n\t\t","protected":false},"excerpt":{"rendered":"<p>Mons. Jos\u00e9 Luis Retana presidir\u00e1 la eucarist\u00eda a las 11:00 horas donde se reconocer\u00e1 la entrega de los religiosos y religiosas de la di\u00f3cesis que dedican su vida a Dios &#8230; <\/p>\n<p class=\"read-more-container\"><a title=\"La XXIX Jornada Mundial de la Vida Consagrada se celebra en la iglesia de las Carmelitas de Ciudad Rodrigo\" class=\"read-more button\" href=\"https:\/\/www.diocesisciudadrodrigo.org\/blog4\/la-xxix-jornada-mundial-de-la-vida-consagrada-se-celebra-en-la-iglesia-de-las-carmelitas-de-ciudad-rodrigo\/#more-34244\" aria-label=\"M\u00e1s en La XXIX Jornada Mundial de la Vida Consagrada se celebra en la iglesia de las Carmelitas de Ciudad Rodrigo\">Leer m\u00e1s &#8230;<\/a><\/p>\n","protected":false},"author":1,"featured_media":34248,"comment_status":"closed","ping_status":"closed","sticky":false,"template":"","format":"standard","meta":{"footnotes":""},"categories":[6],"tags":[],"class_list":["post-34244","post","type-post","status-publish","format-standard","has-post-thumbnail","hentry","category-noticias","masonry-post","generate-columns","tablet-grid-50","mobile-grid-100","grid-parent","grid-50"],"yoast_head":"<!-- This site is optimized with the Yoast SEO plugin v27.3 - https:\/\/yoast.com\/product\/yoast-seo-wordpress\/ -->\n<title>La XXIX Jornada Mundial de la Vida Consagrada se celebra en la iglesia de las Carmelitas de Ciudad Rodrigo - Di\u00f3cesis de Ciudad Rodrigo<\/title>\n<meta name=\"robots\" content=\"index, follow, max-snippet:-1, max-image-preview:large, max-video-preview:-1\" \/>\n<link rel=\"canonical\" href=\"https:\/\/www.diocesisciudadrodrigo.org\/blog4\/la-xxix-jornada-mundial-de-la-vida-consagrada-se-celebra-en-la-iglesia-de-las-carmelitas-de-ciudad-rodrigo\/\" \/>\n<meta property=\"og:locale\" content=\"es_ES\" \/>\n<meta property=\"og:type\" content=\"article\" \/>\n<meta property=\"og:title\" content=\"La XXIX Jornada Mundial de la Vida Consagrada se celebra en la iglesia de las Carmelitas de Ciudad Rodrigo - Di\u00f3cesis de Ciudad Rodrigo\" \/>\n<meta property=\"og:description\" content=\"Mons. Jos\u00e9 Luis Retana presidir\u00e1 la eucarist\u00eda a las 11:00 horas donde se reconocer\u00e1 la entrega de los religiosos y religiosas de la di\u00f3cesis que dedican su vida a Dios ... Leer m\u00e1s ...\" \/>\n<meta property=\"og:url\" content=\"https:\/\/www.diocesisciudadrodrigo.org\/blog4\/la-xxix-jornada-mundial-de-la-vida-consagrada-se-celebra-en-la-iglesia-de-las-carmelitas-de-ciudad-rodrigo\/\" \/>\n<meta property=\"og:site_name\" content=\"Di\u00f3cesis de Ciudad Rodrigo\" \/>\n<meta property=\"article:publisher\" content=\"https:\/\/www.facebook.com\/people\/Dicesis-Ciudad-Rodrigo-MCS\/100076471923419\/#\" \/>\n<meta property=\"article:published_time\" content=\"2025-01-29T06:29:16+00:00\" \/>\n<meta property=\"article:modified_time\" content=\"2025-01-29T06:39:36+00:00\" \/>\n<meta property=\"og:image\" content=\"https:\/\/www.diocesisciudadrodrigo.org\/blog4\/wp-content\/uploads\/2025\/01\/cartel-esperanza-1.jpg\" \/>\n\t<meta property=\"og:image:width\" content=\"800\" \/>\n\t<meta property=\"og:image:height\" content=\"600\" \/>\n\t<meta property=\"og:image:type\" content=\"image\/jpeg\" \/>\n<meta name=\"author\" content=\"medios CR\" \/>\n<meta name=\"twitter:card\" content=\"summary_large_image\" \/>\n<meta name=\"twitter:label1\" content=\"Escrito por\" \/>\n\t<meta name=\"twitter:data1\" content=\"medios CR\" \/>\n\t<meta name=\"twitter:label2\" content=\"Tiempo de lectura\" \/>\n\t<meta name=\"twitter:data2\" content=\"3 minutos\" \/>\n<script type=\"application\/ld+json\" class=\"yoast-schema-graph\">{\"@context\":\"https:\\\/\\\/schema.org\",\"@graph\":[{\"@type\":\"Article\",\"@id\":\"https:\\\/\\\/www.diocesisciudadrodrigo.org\\\/blog4\\\/la-xxix-jornada-mundial-de-la-vida-consagrada-se-celebra-en-la-iglesia-de-las-carmelitas-de-ciudad-rodrigo\\\/#article\",\"isPartOf\":{\"@id\":\"https:\\\/\\\/www.diocesisciudadrodrigo.org\\\/blog4\\\/la-xxix-jornada-mundial-de-la-vida-consagrada-se-celebra-en-la-iglesia-de-las-carmelitas-de-ciudad-rodrigo\\\/\"},\"author\":{\"name\":\"medios CR\",\"@id\":\"https:\\\/\\\/www.diocesisciudadrodrigo.org\\\/blog4\\\/#\\\/schema\\\/person\\\/5fcf0ca636a75766ff70e6417b6ed052\"},\"headline\":\"La XXIX Jornada Mundial de la Vida Consagrada se celebra en la iglesia de las Carmelitas de Ciudad Rodrigo\",\"datePublished\":\"2025-01-29T06:29:16+00:00\",\"dateModified\":\"2025-01-29T06:39:36+00:00\",\"mainEntityOfPage\":{\"@id\":\"https:\\\/\\\/www.diocesisciudadrodrigo.org\\\/blog4\\\/la-xxix-jornada-mundial-de-la-vida-consagrada-se-celebra-en-la-iglesia-de-las-carmelitas-de-ciudad-rodrigo\\\/\"},\"wordCount\":544,\"publisher\":{\"@id\":\"https:\\\/\\\/www.diocesisciudadrodrigo.org\\\/blog4\\\/#organization\"},\"image\":{\"@id\":\"https:\\\/\\\/www.diocesisciudadrodrigo.org\\\/blog4\\\/la-xxix-jornada-mundial-de-la-vida-consagrada-se-celebra-en-la-iglesia-de-las-carmelitas-de-ciudad-rodrigo\\\/#primaryimage\"},\"thumbnailUrl\":\"https:\\\/\\\/www.diocesisciudadrodrigo.org\\\/blog4\\\/wp-content\\\/uploads\\\/2025\\\/01\\\/cartel-esperanza-1.jpg\",\"articleSection\":[\"Noticias\"],\"inLanguage\":\"es\"},{\"@type\":\"WebPage\",\"@id\":\"https:\\\/\\\/www.diocesisciudadrodrigo.org\\\/blog4\\\/la-xxix-jornada-mundial-de-la-vida-consagrada-se-celebra-en-la-iglesia-de-las-carmelitas-de-ciudad-rodrigo\\\/\",\"url\":\"https:\\\/\\\/www.diocesisciudadrodrigo.org\\\/blog4\\\/la-xxix-jornada-mundial-de-la-vida-consagrada-se-celebra-en-la-iglesia-de-las-carmelitas-de-ciudad-rodrigo\\\/\",\"name\":\"La XXIX Jornada Mundial de la Vida Consagrada se celebra en la iglesia de las Carmelitas de Ciudad Rodrigo - Di\u00f3cesis de Ciudad Rodrigo\",\"isPartOf\":{\"@id\":\"https:\\\/\\\/www.diocesisciudadrodrigo.org\\\/blog4\\\/#website\"},\"primaryImageOfPage\":{\"@id\":\"https:\\\/\\\/www.diocesisciudadrodrigo.org\\\/blog4\\\/la-xxix-jornada-mundial-de-la-vida-consagrada-se-celebra-en-la-iglesia-de-las-carmelitas-de-ciudad-rodrigo\\\/#primaryimage\"},\"image\":{\"@id\":\"https:\\\/\\\/www.diocesisciudadrodrigo.org\\\/blog4\\\/la-xxix-jornada-mundial-de-la-vida-consagrada-se-celebra-en-la-iglesia-de-las-carmelitas-de-ciudad-rodrigo\\\/#primaryimage\"},\"thumbnailUrl\":\"https:\\\/\\\/www.diocesisciudadrodrigo.org\\\/blog4\\\/wp-content\\\/uploads\\\/2025\\\/01\\\/cartel-esperanza-1.jpg\",\"datePublished\":\"2025-01-29T06:29:16+00:00\",\"dateModified\":\"2025-01-29T06:39:36+00:00\",\"breadcrumb\":{\"@id\":\"https:\\\/\\\/www.diocesisciudadrodrigo.org\\\/blog4\\\/la-xxix-jornada-mundial-de-la-vida-consagrada-se-celebra-en-la-iglesia-de-las-carmelitas-de-ciudad-rodrigo\\\/#breadcrumb\"},\"inLanguage\":\"es\",\"potentialAction\":[{\"@type\":\"ReadAction\",\"target\":[\"https:\\\/\\\/www.diocesisciudadrodrigo.org\\\/blog4\\\/la-xxix-jornada-mundial-de-la-vida-consagrada-se-celebra-en-la-iglesia-de-las-carmelitas-de-ciudad-rodrigo\\\/\"]}]},{\"@type\":\"ImageObject\",\"inLanguage\":\"es\",\"@id\":\"https:\\\/\\\/www.diocesisciudadrodrigo.org\\\/blog4\\\/la-xxix-jornada-mundial-de-la-vida-consagrada-se-celebra-en-la-iglesia-de-las-carmelitas-de-ciudad-rodrigo\\\/#primaryimage\",\"url\":\"https:\\\/\\\/www.diocesisciudadrodrigo.org\\\/blog4\\\/wp-content\\\/uploads\\\/2025\\\/01\\\/cartel-esperanza-1.jpg\",\"contentUrl\":\"https:\\\/\\\/www.diocesisciudadrodrigo.org\\\/blog4\\\/wp-content\\\/uploads\\\/2025\\\/01\\\/cartel-esperanza-1.jpg\",\"width\":800,\"height\":600},{\"@type\":\"BreadcrumbList\",\"@id\":\"https:\\\/\\\/www.diocesisciudadrodrigo.org\\\/blog4\\\/la-xxix-jornada-mundial-de-la-vida-consagrada-se-celebra-en-la-iglesia-de-las-carmelitas-de-ciudad-rodrigo\\\/#breadcrumb\",\"itemListElement\":[{\"@type\":\"ListItem\",\"position\":1,\"name\":\"Portada\",\"item\":\"https:\\\/\\\/www.diocesisciudadrodrigo.org\\\/blog4\\\/\"},{\"@type\":\"ListItem\",\"position\":2,\"name\":\"La XXIX Jornada Mundial de la Vida Consagrada se celebra en la iglesia de las Carmelitas de Ciudad Rodrigo\"}]},{\"@type\":\"WebSite\",\"@id\":\"https:\\\/\\\/www.diocesisciudadrodrigo.org\\\/blog4\\\/#website\",\"url\":\"https:\\\/\\\/www.diocesisciudadrodrigo.org\\\/blog4\\\/\",\"name\":\"Di\u00f3cesis de Ciudad Rodrigo\",\"description\":\"Sitio web oficial de la di\u00f3cesis civitatense\",\"publisher\":{\"@id\":\"https:\\\/\\\/www.diocesisciudadrodrigo.org\\\/blog4\\\/#organization\"},\"potentialAction\":[{\"@type\":\"SearchAction\",\"target\":{\"@type\":\"EntryPoint\",\"urlTemplate\":\"https:\\\/\\\/www.diocesisciudadrodrigo.org\\\/blog4\\\/?s={search_term_string}\"},\"query-input\":{\"@type\":\"PropertyValueSpecification\",\"valueRequired\":true,\"valueName\":\"search_term_string\"}}],\"inLanguage\":\"es\"},{\"@type\":\"Organization\",\"@id\":\"https:\\\/\\\/www.diocesisciudadrodrigo.org\\\/blog4\\\/#organization\",\"name\":\"Di\u00f3cesis de Ciudad Rodrigo\",\"url\":\"https:\\\/\\\/www.diocesisciudadrodrigo.org\\\/blog4\\\/\",\"logo\":{\"@type\":\"ImageObject\",\"inLanguage\":\"es\",\"@id\":\"https:\\\/\\\/www.diocesisciudadrodrigo.org\\\/blog4\\\/#\\\/schema\\\/logo\\\/image\\\/\",\"url\":\"https:\\\/\\\/www.diocesisciudadrodrigo.org\\\/blog4\\\/wp-content\\\/uploads\\\/2024\\\/12\\\/Diocesis.CMYK_-768x480-1.jpg\",\"contentUrl\":\"https:\\\/\\\/www.diocesisciudadrodrigo.org\\\/blog4\\\/wp-content\\\/uploads\\\/2024\\\/12\\\/Diocesis.CMYK_-768x480-1.jpg\",\"width\":768,\"height\":480,\"caption\":\"Di\u00f3cesis de Ciudad Rodrigo\"},\"image\":{\"@id\":\"https:\\\/\\\/www.diocesisciudadrodrigo.org\\\/blog4\\\/#\\\/schema\\\/logo\\\/image\\\/\"},\"sameAs\":[\"https:\\\/\\\/www.facebook.com\\\/people\\\/Dicesis-Ciudad-Rodrigo-MCS\\\/100076471923419\\\/#\"]},{\"@type\":\"Person\",\"@id\":\"https:\\\/\\\/www.diocesisciudadrodrigo.org\\\/blog4\\\/#\\\/schema\\\/person\\\/5fcf0ca636a75766ff70e6417b6ed052\",\"name\":\"medios CR\",\"image\":{\"@type\":\"ImageObject\",\"inLanguage\":\"es\",\"@id\":\"https:\\\/\\\/secure.gravatar.com\\\/avatar\\\/4a619fd0c7e36bd570f4e6e15eb09a2191185d0f63d8dbfdffe848af141ab87e?s=96&d=mm&r=g\",\"url\":\"https:\\\/\\\/secure.gravatar.com\\\/avatar\\\/4a619fd0c7e36bd570f4e6e15eb09a2191185d0f63d8dbfdffe848af141ab87e?s=96&d=mm&r=g\",\"contentUrl\":\"https:\\\/\\\/secure.gravatar.com\\\/avatar\\\/4a619fd0c7e36bd570f4e6e15eb09a2191185d0f63d8dbfdffe848af141ab87e?s=96&d=mm&r=g\",\"caption\":\"medios CR\"},\"url\":\"https:\\\/\\\/www.diocesisciudadrodrigo.org\\\/blog4\\\/author\\\/admin4\\\/\"}]}<\/script>\n<!-- \/ Yoast SEO plugin. -->","yoast_head_json":{"title":"La XXIX Jornada Mundial de la Vida Consagrada se celebra en la iglesia de las Carmelitas de Ciudad Rodrigo - Di\u00f3cesis de Ciudad Rodrigo","robots":{"index":"index","follow":"follow","max-snippet":"max-snippet:-1","max-image-preview":"max-image-preview:large","max-video-preview":"max-video-preview:-1"},"canonical":"https:\/\/www.diocesisciudadrodrigo.org\/blog4\/la-xxix-jornada-mundial-de-la-vida-consagrada-se-celebra-en-la-iglesia-de-las-carmelitas-de-ciudad-rodrigo\/","og_locale":"es_ES","og_type":"article","og_title":"La XXIX Jornada Mundial de la Vida Consagrada se celebra en la iglesia de las Carmelitas de Ciudad Rodrigo - Di\u00f3cesis de Ciudad Rodrigo","og_description":"Mons. Jos\u00e9 Luis Retana presidir\u00e1 la eucarist\u00eda a las 11:00 horas donde se reconocer\u00e1 la entrega de los religiosos y religiosas de la di\u00f3cesis que dedican su vida a Dios ... Leer m\u00e1s ...","og_url":"https:\/\/www.diocesisciudadrodrigo.org\/blog4\/la-xxix-jornada-mundial-de-la-vida-consagrada-se-celebra-en-la-iglesia-de-las-carmelitas-de-ciudad-rodrigo\/","og_site_name":"Di\u00f3cesis de Ciudad Rodrigo","article_publisher":"https:\/\/www.facebook.com\/people\/Dicesis-Ciudad-Rodrigo-MCS\/100076471923419\/#","article_published_time":"2025-01-29T06:29:16+00:00","article_modified_time":"2025-01-29T06:39:36+00:00","og_image":[{"width":800,"height":600,"url":"https:\/\/www.diocesisciudadrodrigo.org\/blog4\/wp-content\/uploads\/2025\/01\/cartel-esperanza-1.jpg","type":"image\/jpeg"}],"author":"medios CR","twitter_card":"summary_large_image","twitter_misc":{"Escrito por":"medios CR","Tiempo de lectura":"3 minutos"},"schema":{"@context":"https:\/\/schema.org","@graph":[{"@type":"Article","@id":"https:\/\/www.diocesisciudadrodrigo.org\/blog4\/la-xxix-jornada-mundial-de-la-vida-consagrada-se-celebra-en-la-iglesia-de-las-carmelitas-de-ciudad-rodrigo\/#article","isPartOf":{"@id":"https:\/\/www.diocesisciudadrodrigo.org\/blog4\/la-xxix-jornada-mundial-de-la-vida-consagrada-se-celebra-en-la-iglesia-de-las-carmelitas-de-ciudad-rodrigo\/"},"author":{"name":"medios CR","@id":"https:\/\/www.diocesisciudadrodrigo.org\/blog4\/#\/schema\/person\/5fcf0ca636a75766ff70e6417b6ed052"},"headline":"La XXIX Jornada Mundial de la Vida Consagrada se celebra en la iglesia de las Carmelitas de Ciudad Rodrigo","datePublished":"2025-01-29T06:29:16+00:00","dateModified":"2025-01-29T06:39:36+00:00","mainEntityOfPage":{"@id":"https:\/\/www.diocesisciudadrodrigo.org\/blog4\/la-xxix-jornada-mundial-de-la-vida-consagrada-se-celebra-en-la-iglesia-de-las-carmelitas-de-ciudad-rodrigo\/"},"wordCount":544,"publisher":{"@id":"https:\/\/www.diocesisciudadrodrigo.org\/blog4\/#organization"},"image":{"@id":"https:\/\/www.diocesisciudadrodrigo.org\/blog4\/la-xxix-jornada-mundial-de-la-vida-consagrada-se-celebra-en-la-iglesia-de-las-carmelitas-de-ciudad-rodrigo\/#primaryimage"},"thumbnailUrl":"https:\/\/www.diocesisciudadrodrigo.org\/blog4\/wp-content\/uploads\/2025\/01\/cartel-esperanza-1.jpg","articleSection":["Noticias"],"inLanguage":"es"},{"@type":"WebPage","@id":"https:\/\/www.diocesisciudadrodrigo.org\/blog4\/la-xxix-jornada-mundial-de-la-vida-consagrada-se-celebra-en-la-iglesia-de-las-carmelitas-de-ciudad-rodrigo\/","url":"https:\/\/www.diocesisciudadrodrigo.org\/blog4\/la-xxix-jornada-mundial-de-la-vida-consagrada-se-celebra-en-la-iglesia-de-las-carmelitas-de-ciudad-rodrigo\/","name":"La XXIX Jornada Mundial de la Vida Consagrada se celebra en la iglesia de las Carmelitas de Ciudad Rodrigo - Di\u00f3cesis de Ciudad Rodrigo","isPartOf":{"@id":"https:\/\/www.diocesisciudadrodrigo.org\/blog4\/#website"},"primaryImageOfPage":{"@id":"https:\/\/www.diocesisciudadrodrigo.org\/blog4\/la-xxix-jornada-mundial-de-la-vida-consagrada-se-celebra-en-la-iglesia-de-las-carmelitas-de-ciudad-rodrigo\/#primaryimage"},"image":{"@id":"https:\/\/www.diocesisciudadrodrigo.org\/blog4\/la-xxix-jornada-mundial-de-la-vida-consagrada-se-celebra-en-la-iglesia-de-las-carmelitas-de-ciudad-rodrigo\/#primaryimage"},"thumbnailUrl":"https:\/\/www.diocesisciudadrodrigo.org\/blog4\/wp-content\/uploads\/2025\/01\/cartel-esperanza-1.jpg","datePublished":"2025-01-29T06:29:16+00:00","dateModified":"2025-01-29T06:39:36+00:00","breadcrumb":{"@id":"https:\/\/www.diocesisciudadrodrigo.org\/blog4\/la-xxix-jornada-mundial-de-la-vida-consagrada-se-celebra-en-la-iglesia-de-las-carmelitas-de-ciudad-rodrigo\/#breadcrumb"},"inLanguage":"es","potentialAction":[{"@type":"ReadAction","target":["https:\/\/www.diocesisciudadrodrigo.org\/blog4\/la-xxix-jornada-mundial-de-la-vida-consagrada-se-celebra-en-la-iglesia-de-las-carmelitas-de-ciudad-rodrigo\/"]}]},{"@type":"ImageObject","inLanguage":"es","@id":"https:\/\/www.diocesisciudadrodrigo.org\/blog4\/la-xxix-jornada-mundial-de-la-vida-consagrada-se-celebra-en-la-iglesia-de-las-carmelitas-de-ciudad-rodrigo\/#primaryimage","url":"https:\/\/www.diocesisciudadrodrigo.org\/blog4\/wp-content\/uploads\/2025\/01\/cartel-esperanza-1.jpg","contentUrl":"https:\/\/www.diocesisciudadrodrigo.org\/blog4\/wp-content\/uploads\/2025\/01\/cartel-esperanza-1.jpg","width":800,"height":600},{"@type":"BreadcrumbList","@id":"https:\/\/www.diocesisciudadrodrigo.org\/blog4\/la-xxix-jornada-mundial-de-la-vida-consagrada-se-celebra-en-la-iglesia-de-las-carmelitas-de-ciudad-rodrigo\/#breadcrumb","itemListElement":[{"@type":"ListItem","position":1,"name":"Portada","item":"https:\/\/www.diocesisciudadrodrigo.org\/blog4\/"},{"@type":"ListItem","position":2,"name":"La XXIX Jornada Mundial de la Vida Consagrada se celebra en la iglesia de las Carmelitas de Ciudad Rodrigo"}]},{"@type":"WebSite","@id":"https:\/\/www.diocesisciudadrodrigo.org\/blog4\/#website","url":"https:\/\/www.diocesisciudadrodrigo.org\/blog4\/","name":"Di\u00f3cesis de Ciudad Rodrigo","description":"Sitio web oficial de la di\u00f3cesis civitatense","publisher":{"@id":"https:\/\/www.diocesisciudadrodrigo.org\/blog4\/#organization"},"potentialAction":[{"@type":"SearchAction","target":{"@type":"EntryPoint","urlTemplate":"https:\/\/www.diocesisciudadrodrigo.org\/blog4\/?s={search_term_string}"},"query-input":{"@type":"PropertyValueSpecification","valueRequired":true,"valueName":"search_term_string"}}],"inLanguage":"es"},{"@type":"Organization","@id":"https:\/\/www.diocesisciudadrodrigo.org\/blog4\/#organization","name":"Di\u00f3cesis de Ciudad Rodrigo","url":"https:\/\/www.diocesisciudadrodrigo.org\/blog4\/","logo":{"@type":"ImageObject","inLanguage":"es","@id":"https:\/\/www.diocesisciudadrodrigo.org\/blog4\/#\/schema\/logo\/image\/","url":"https:\/\/www.diocesisciudadrodrigo.org\/blog4\/wp-content\/uploads\/2024\/12\/Diocesis.CMYK_-768x480-1.jpg","contentUrl":"https:\/\/www.diocesisciudadrodrigo.org\/blog4\/wp-content\/uploads\/2024\/12\/Diocesis.CMYK_-768x480-1.jpg","width":768,"height":480,"caption":"Di\u00f3cesis de Ciudad Rodrigo"},"image":{"@id":"https:\/\/www.diocesisciudadrodrigo.org\/blog4\/#\/schema\/logo\/image\/"},"sameAs":["https:\/\/www.facebook.com\/people\/Dicesis-Ciudad-Rodrigo-MCS\/100076471923419\/#"]},{"@type":"Person","@id":"https:\/\/www.diocesisciudadrodrigo.org\/blog4\/#\/schema\/person\/5fcf0ca636a75766ff70e6417b6ed052","name":"medios CR","image":{"@type":"ImageObject","inLanguage":"es","@id":"https:\/\/secure.gravatar.com\/avatar\/4a619fd0c7e36bd570f4e6e15eb09a2191185d0f63d8dbfdffe848af141ab87e?s=96&d=mm&r=g","url":"https:\/\/secure.gravatar.com\/avatar\/4a619fd0c7e36bd570f4e6e15eb09a2191185d0f63d8dbfdffe848af141ab87e?s=96&d=mm&r=g","contentUrl":"https:\/\/secure.gravatar.com\/avatar\/4a619fd0c7e36bd570f4e6e15eb09a2191185d0f63d8dbfdffe848af141ab87e?s=96&d=mm&r=g","caption":"medios CR"},"url":"https:\/\/www.diocesisciudadrodrigo.org\/blog4\/author\/admin4\/"}]}},"_links":{"self":[{"href":"https:\/\/www.diocesisciudadrodrigo.org\/blog4\/wp-json\/wp\/v2\/posts\/34244","targetHints":{"allow":["GET"]}}],"collection":[{"href":"https:\/\/www.diocesisciudadrodrigo.org\/blog4\/wp-json\/wp\/v2\/posts"}],"about":[{"href":"https:\/\/www.diocesisciudadrodrigo.org\/blog4\/wp-json\/wp\/v2\/types\/post"}],"author":[{"embeddable":true,"href":"https:\/\/www.diocesisciudadrodrigo.org\/blog4\/wp-json\/wp\/v2\/users\/1"}],"replies":[{"embeddable":true,"href":"https:\/\/www.diocesisciudadrodrigo.org\/blog4\/wp-json\/wp\/v2\/comments?post=34244"}],"version-history":[{"count":7,"href":"https:\/\/www.diocesisciudadrodrigo.org\/blog4\/wp-json\/wp\/v2\/posts\/34244\/revisions"}],"predecessor-version":[{"id":34253,"href":"https:\/\/www.diocesisciudadrodrigo.org\/blog4\/wp-json\/wp\/v2\/posts\/34244\/revisions\/34253"}],"wp:featuredmedia":[{"embeddable":true,"href":"https:\/\/www.diocesisciudadrodrigo.org\/blog4\/wp-json\/wp\/v2\/media\/34248"}],"wp:attachment":[{"href":"https:\/\/www.diocesisciudadrodrigo.org\/blog4\/wp-json\/wp\/v2\/media?parent=34244"}],"wp:term":[{"taxonomy":"category","embeddable":true,"href":"https:\/\/www.diocesisciudadrodrigo.org\/blog4\/wp-json\/wp\/v2\/categories?post=34244"},{"taxonomy":"post_tag","embeddable":true,"href":"https:\/\/www.diocesisciudadrodrigo.org\/blog4\/wp-json\/wp\/v2\/tags?post=34244"}],"curies":[{"name":"wp","href":"https:\/\/api.w.org\/{rel}","templated":true}]}}