{"id":34211,"date":"2025-01-27T10:38:19","date_gmt":"2025-01-27T09:38:19","guid":{"rendered":"https:\/\/www.diocesisciudadrodrigo.org\/blog4\/?p=34211"},"modified":"2025-01-27T11:25:03","modified_gmt":"2025-01-27T10:25:03","slug":"manos-unidas-lanza-su-campana-2025-compartir-es-nuestra-mayor-riqueza","status":"publish","type":"post","link":"https:\/\/www.diocesisciudadrodrigo.org\/blog4\/manos-unidas-lanza-su-campana-2025-compartir-es-nuestra-mayor-riqueza\/","title":{"rendered":"Manos Unidas lanza su campa\u00f1a 2025 \u00abCompartir es nuestra mayor riqueza\u00bb"},"content":{"rendered":"\t\t<div data-elementor-type=\"wp-post\" data-elementor-id=\"34211\" class=\"elementor elementor-34211\" data-elementor-settings=\"[]\">\n\t\t\t\t\t\t<div class=\"elementor-inner\">\n\t\t\t\t\t\t\t<div class=\"elementor-section-wrap\">\n\t\t\t\t\t\t\t<section class=\"elementor-section elementor-top-section elementor-element elementor-element-693cc6e elementor-section-boxed elementor-section-height-default elementor-section-height-default\" data-id=\"693cc6e\" data-element_type=\"section\">\n\t\t\t\t\t\t<div class=\"elementor-container elementor-column-gap-default\">\n\t\t\t\t\t\t\t<div class=\"elementor-row\">\n\t\t\t\t\t<div class=\"elementor-column elementor-col-100 elementor-top-column elementor-element elementor-element-6fd1342\" data-id=\"6fd1342\" data-element_type=\"column\">\n\t\t\t<div class=\"elementor-column-wrap elementor-element-populated\">\n\t\t\t\t\t\t\t<div class=\"elementor-widget-wrap\">\n\t\t\t\t\t\t<div class=\"elementor-element elementor-element-f4c9bb3 elementor-widget elementor-widget-text-editor\" data-id=\"f4c9bb3\" data-element_type=\"widget\" data-widget_type=\"text-editor.default\">\n\t\t\t\t<div class=\"elementor-widget-container\">\n\t\t\t\t\t\t\t\t<div class=\"elementor-text-editor elementor-clearfix\">\n\t\t\t\t<h2>Las actividades se iniciar\u00e1n el 4 de febrero con una eucarist\u00eda en la parroquia de San Andr\u00e9s. El 7 de febrero se celebrar\u00e1 la tradicional Operaci\u00f3n Bocata, y el d\u00eda 9 la colecta a beneficio de los proyectos de desarrollo de esta ONGD de la Iglesia en los pa\u00edses del Sur<\/h2><p><span style=\"color: #000000;\"><strong>DELEGACI\u00d3N DIOCESANA DE COMUNICACI\u00d3N<\/strong><\/span><\/p><p><strong>Manos Unidas de Ciudad Rodrigo<\/strong> inicia su nueva campa\u00f1a anual bajo el lema: <strong><em>\u201cCompartir es nuestra mayor riqueza\u201d<\/em><\/strong>, con un conjunto de actividades solidarias dirigidas a promover la conciencia social y apoyar proyectos de desarrollo en los pa\u00edses del Sur.<\/p><p>La campa\u00f1a dar\u00e1 inicio el <strong>martes, 4 de febrero<\/strong>, con una <strong>eucarist\u00eda<\/strong> a las 19:15 horas en la parroquia de San Andr\u00e9s.<\/p><h2>Operaci\u00f3n Bocata<\/h2><p>Adem\u00e1s, el <strong>viernes, 7 de febrero<\/strong>, en el <strong>D\u00eda del Ayuno Voluntario<\/strong>, se celebrar\u00e1 la tradicional <strong>Operaci\u00f3n Bocata<\/strong> en la Plaza del Buen Alcalde, a partir de las 14:00 horas.<\/p><p>Los tickets, que tienen un precio de<strong> 4 \u20ac<\/strong> e incluyen un bocadillo y una botella de agua, pueden adquirirse en colegios, parroquias o en la web <a href=\"https:\/\/tusentradas.net\/\">tustentradas.net<\/a> <strong>hasta el mi\u00e9rcoles, 5 de febrero<\/strong>. Tambi\u00e9n pueden retirarse en la sede de Manos Unidas, en el Palacio Episcopal (D\u00edaz Taravilla, 15), del 27 al 31 de enero, en horario de 11:30 a 12:30 horas, o reservarlo en el tel\u00e9fono: 923 482 035.<\/p><h2><strong>Colecta solidaria<\/strong><\/h2><p>Y, el <strong>domingo, 9 de febrero<\/strong>, coincidiendo con la <strong>Jornada Nacional de Manos Unidas<\/strong>, se llevar\u00e1 a cabo en todas las parroquias de la di\u00f3cesis una <strong>colecta especial a beneficio de Manos Unidas.<\/strong>\u00a0Los fondos recaudados a trav\u00e9s de estas actividades se destinar\u00e1n a respaldar los proyectos de desarrollo que Manos Unidas impulsa desde hace 66 a\u00f1os en el Tercer Mundo para garantizar los derechos de las personas y reducir las desigualdades existentes.<\/p><p><span style=\"color: var( --e-global-color-text ); font-family: var( --e-global-typography-text-font-family ), Sans-serif; font-weight: var( --e-global-typography-text-font-weight );\">En el contexto de la campa\u00f1a, la delegada de Manos Unidas en Ciudad Rodrigo, <\/span><strong style=\"color: var( --e-global-color-text ); font-family: var( --e-global-typography-text-font-family ), Sans-serif;\">Ana Isabel Lucas,<\/strong><span style=\"color: var( --e-global-color-text ); font-family: var( --e-global-typography-text-font-family ), Sans-serif; font-weight: var( --e-global-typography-text-font-weight );\"> destaca que, en un mundo macado por las desigualdades, \u201cqueremos situar el compartir en el centro de nuestras vidas para vencer la cultura del descarte\u201d. Esta responsable considera esencial \u201cvolver la mirada hacia la propuesta conocida como la \u2018<\/span><strong style=\"color: var( --e-global-color-text ); font-family: var( --e-global-typography-text-font-family ), Sans-serif;\">Econom\u00eda de Francisco<\/strong><span style=\"color: var( --e-global-color-text ); font-family: var( --e-global-typography-text-font-family ), Sans-serif; font-weight: var( --e-global-typography-text-font-weight );\">\u201d, una iniciativa de inspiraci\u00f3n cristiana que busca consolidar la vida digna para toda la humanidad\u201d. \u00a0En ese sentido, recuerda las palabras del <\/span><strong style=\"color: var( --e-global-color-text ); font-family: var( --e-global-typography-text-font-family ), Sans-serif;\">papa Francisco<\/strong><span style=\"color: var( --e-global-color-text ); font-family: var( --e-global-typography-text-font-family ), Sans-serif; font-weight: var( --e-global-typography-text-font-weight );\"> en su mensaje para la Jornada Mundial de los Pobres de 2022: \u201c<\/span><strong style=\"color: var( --e-global-color-text ); font-family: var( --e-global-typography-text-font-family ), Sans-serif;\">Frente a los pobres no se hace ret\u00f3rica<\/strong><span style=\"color: var( --e-global-color-text ); font-family: var( --e-global-typography-text-font-family ), Sans-serif; font-weight: var( --e-global-typography-text-font-weight );\">, sino que se ponen manos a la obra y se practica la fe involucr\u00e1ndose directamente, sin delegar en nadie\u201d.<\/span><\/p>\t\t\t\t\t<\/div>\n\t\t\t\t\t\t<\/div>\n\t\t\t\t<\/div>\n\t\t\t\t\t\t<\/div>\n\t\t\t\t\t<\/div>\n\t\t<\/div>\n\t\t\t\t\t\t\t\t<\/div>\n\t\t\t\t\t<\/div>\n\t\t<\/section>\n\t\t\t\t<section class=\"elementor-section elementor-top-section elementor-element elementor-element-d71fd0a elementor-section-boxed elementor-section-height-default elementor-section-height-default\" data-id=\"d71fd0a\" data-element_type=\"section\">\n\t\t\t\t\t\t<div class=\"elementor-container elementor-column-gap-default\">\n\t\t\t\t\t\t\t<div class=\"elementor-row\">\n\t\t\t\t\t<div class=\"elementor-column elementor-col-100 elementor-top-column elementor-element elementor-element-b16daf9\" data-id=\"b16daf9\" data-element_type=\"column\">\n\t\t\t<div class=\"elementor-column-wrap elementor-element-populated\">\n\t\t\t\t\t\t\t<div class=\"elementor-widget-wrap\">\n\t\t\t\t\t\t<div class=\"elementor-element elementor-element-15061b0 elementor-widget elementor-widget-image\" data-id=\"15061b0\" data-element_type=\"widget\" data-widget_type=\"image.default\">\n\t\t\t\t<div class=\"elementor-widget-container\">\n\t\t\t\t\t\t\t\t<div class=\"elementor-image\">\n\t\t\t\t\t\t\t\t\t\t\t\t<img loading=\"lazy\" decoding=\"async\" width=\"724\" height=\"1024\" src=\"https:\/\/www.diocesisciudadrodrigo.org\/blog4\/wp-content\/uploads\/2025\/01\/cartel-operacionbocata2025-724x1024.jpg\" class=\"attachment-large size-large\" alt=\"\" srcset=\"https:\/\/www.diocesisciudadrodrigo.org\/blog4\/wp-content\/uploads\/2025\/01\/cartel-operacionbocata2025-724x1024.jpg 724w, https:\/\/www.diocesisciudadrodrigo.org\/blog4\/wp-content\/uploads\/2025\/01\/cartel-operacionbocata2025-212x300.jpg 212w, https:\/\/www.diocesisciudadrodrigo.org\/blog4\/wp-content\/uploads\/2025\/01\/cartel-operacionbocata2025-768x1086.jpg 768w, https:\/\/www.diocesisciudadrodrigo.org\/blog4\/wp-content\/uploads\/2025\/01\/cartel-operacionbocata2025-1086x1536.jpg 1086w, https:\/\/www.diocesisciudadrodrigo.org\/blog4\/wp-content\/uploads\/2025\/01\/cartel-operacionbocata2025-1448x2048.jpg 1448w, https:\/\/www.diocesisciudadrodrigo.org\/blog4\/wp-content\/uploads\/2025\/01\/cartel-operacionbocata2025-350x495.jpg 350w, https:\/\/www.diocesisciudadrodrigo.org\/blog4\/wp-content\/uploads\/2025\/01\/cartel-operacionbocata2025-scaled.jpg 1810w\" sizes=\"auto, (max-width: 724px) 100vw, 724px\" \/>\t\t\t\t\t\t\t\t\t\t\t\t\t\t<\/div>\n\t\t\t\t\t\t<\/div>\n\t\t\t\t<\/div>\n\t\t\t\t\t\t<\/div>\n\t\t\t\t\t<\/div>\n\t\t<\/div>\n\t\t\t\t\t\t\t\t<\/div>\n\t\t\t\t\t<\/div>\n\t\t<\/section>\n\t\t\t\t\t\t<\/div>\n\t\t\t\t\t\t<\/div>\n\t\t\t\t\t<\/div>\n\t\t","protected":false},"excerpt":{"rendered":"<p>Las actividades se iniciar\u00e1n el 4 de febrero con una eucarist\u00eda en la parroquia de San Andr\u00e9s. El 7 de febrero se celebrar\u00e1 la tradicional Operaci\u00f3n Bocata, y el d\u00eda &#8230; <\/p>\n<p class=\"read-more-container\"><a title=\"Manos Unidas lanza su campa\u00f1a 2025 \u00abCompartir es nuestra mayor riqueza\u00bb\" class=\"read-more button\" href=\"https:\/\/www.diocesisciudadrodrigo.org\/blog4\/manos-unidas-lanza-su-campana-2025-compartir-es-nuestra-mayor-riqueza\/#more-34211\" aria-label=\"M\u00e1s en Manos Unidas lanza su campa\u00f1a 2025 \u00abCompartir es nuestra mayor riqueza\u00bb\">Leer m\u00e1s &#8230;<\/a><\/p>\n","protected":false},"author":1,"featured_media":34206,"comment_status":"closed","ping_status":"closed","sticky":false,"template":"","format":"standard","meta":{"footnotes":""},"categories":[6],"tags":[],"class_list":["post-34211","post","type-post","status-publish","format-standard","has-post-thumbnail","hentry","category-noticias","masonry-post","generate-columns","tablet-grid-50","mobile-grid-100","grid-parent","grid-50"],"yoast_head":"<!-- This site is optimized with the Yoast SEO plugin v27.3 - https:\/\/yoast.com\/product\/yoast-seo-wordpress\/ -->\n<title>Manos Unidas lanza su campa\u00f1a 2025 &quot;Compartir es nuestra mayor riqueza&quot; - Di\u00f3cesis de Ciudad Rodrigo<\/title>\n<meta name=\"robots\" content=\"index, follow, max-snippet:-1, max-image-preview:large, max-video-preview:-1\" \/>\n<link rel=\"canonical\" href=\"https:\/\/www.diocesisciudadrodrigo.org\/blog4\/manos-unidas-lanza-su-campana-2025-compartir-es-nuestra-mayor-riqueza\/\" \/>\n<meta property=\"og:locale\" content=\"es_ES\" \/>\n<meta property=\"og:type\" content=\"article\" \/>\n<meta property=\"og:title\" content=\"Manos Unidas lanza su campa\u00f1a 2025 &quot;Compartir es nuestra mayor riqueza&quot; - Di\u00f3cesis de Ciudad Rodrigo\" \/>\n<meta property=\"og:description\" content=\"Las actividades se iniciar\u00e1n el 4 de febrero con una eucarist\u00eda en la parroquia de San Andr\u00e9s. El 7 de febrero se celebrar\u00e1 la tradicional Operaci\u00f3n Bocata, y el d\u00eda ... Leer m\u00e1s ...\" \/>\n<meta property=\"og:url\" content=\"https:\/\/www.diocesisciudadrodrigo.org\/blog4\/manos-unidas-lanza-su-campana-2025-compartir-es-nuestra-mayor-riqueza\/\" \/>\n<meta property=\"og:site_name\" content=\"Di\u00f3cesis de Ciudad Rodrigo\" \/>\n<meta property=\"article:publisher\" content=\"https:\/\/www.facebook.com\/people\/Dicesis-Ciudad-Rodrigo-MCS\/100076471923419\/#\" \/>\n<meta property=\"article:published_time\" content=\"2025-01-27T09:38:19+00:00\" \/>\n<meta property=\"article:modified_time\" content=\"2025-01-27T10:25:03+00:00\" \/>\n<meta property=\"og:image\" content=\"https:\/\/www.diocesisciudadrodrigo.org\/blog4\/wp-content\/uploads\/2025\/01\/cartel-operacionbocata2025-scaled.jpg\" \/>\n\t<meta property=\"og:image:width\" content=\"1810\" \/>\n\t<meta property=\"og:image:height\" content=\"2560\" \/>\n\t<meta property=\"og:image:type\" content=\"image\/jpeg\" \/>\n<meta name=\"author\" content=\"medios CR\" \/>\n<meta name=\"twitter:card\" content=\"summary_large_image\" \/>\n<meta name=\"twitter:label1\" content=\"Escrito por\" \/>\n\t<meta name=\"twitter:data1\" content=\"medios CR\" \/>\n\t<meta name=\"twitter:label2\" content=\"Tiempo de lectura\" \/>\n\t<meta name=\"twitter:data2\" content=\"2 minutos\" \/>\n<script type=\"application\/ld+json\" class=\"yoast-schema-graph\">{\"@context\":\"https:\\\/\\\/schema.org\",\"@graph\":[{\"@type\":\"Article\",\"@id\":\"https:\\\/\\\/www.diocesisciudadrodrigo.org\\\/blog4\\\/manos-unidas-lanza-su-campana-2025-compartir-es-nuestra-mayor-riqueza\\\/#article\",\"isPartOf\":{\"@id\":\"https:\\\/\\\/www.diocesisciudadrodrigo.org\\\/blog4\\\/manos-unidas-lanza-su-campana-2025-compartir-es-nuestra-mayor-riqueza\\\/\"},\"author\":{\"name\":\"medios CR\",\"@id\":\"https:\\\/\\\/www.diocesisciudadrodrigo.org\\\/blog4\\\/#\\\/schema\\\/person\\\/5fcf0ca636a75766ff70e6417b6ed052\"},\"headline\":\"Manos Unidas lanza su campa\u00f1a 2025 \u00abCompartir es nuestra mayor riqueza\u00bb\",\"datePublished\":\"2025-01-27T09:38:19+00:00\",\"dateModified\":\"2025-01-27T10:25:03+00:00\",\"mainEntityOfPage\":{\"@id\":\"https:\\\/\\\/www.diocesisciudadrodrigo.org\\\/blog4\\\/manos-unidas-lanza-su-campana-2025-compartir-es-nuestra-mayor-riqueza\\\/\"},\"wordCount\":437,\"publisher\":{\"@id\":\"https:\\\/\\\/www.diocesisciudadrodrigo.org\\\/blog4\\\/#organization\"},\"image\":{\"@id\":\"https:\\\/\\\/www.diocesisciudadrodrigo.org\\\/blog4\\\/manos-unidas-lanza-su-campana-2025-compartir-es-nuestra-mayor-riqueza\\\/#primaryimage\"},\"thumbnailUrl\":\"https:\\\/\\\/www.diocesisciudadrodrigo.org\\\/blog4\\\/wp-content\\\/uploads\\\/2025\\\/01\\\/cartel-operacionbocata2025-scaled.jpg\",\"articleSection\":[\"Noticias\"],\"inLanguage\":\"es\"},{\"@type\":\"WebPage\",\"@id\":\"https:\\\/\\\/www.diocesisciudadrodrigo.org\\\/blog4\\\/manos-unidas-lanza-su-campana-2025-compartir-es-nuestra-mayor-riqueza\\\/\",\"url\":\"https:\\\/\\\/www.diocesisciudadrodrigo.org\\\/blog4\\\/manos-unidas-lanza-su-campana-2025-compartir-es-nuestra-mayor-riqueza\\\/\",\"name\":\"Manos Unidas lanza su campa\u00f1a 2025 \\\"Compartir es nuestra mayor riqueza\\\" - Di\u00f3cesis de Ciudad Rodrigo\",\"isPartOf\":{\"@id\":\"https:\\\/\\\/www.diocesisciudadrodrigo.org\\\/blog4\\\/#website\"},\"primaryImageOfPage\":{\"@id\":\"https:\\\/\\\/www.diocesisciudadrodrigo.org\\\/blog4\\\/manos-unidas-lanza-su-campana-2025-compartir-es-nuestra-mayor-riqueza\\\/#primaryimage\"},\"image\":{\"@id\":\"https:\\\/\\\/www.diocesisciudadrodrigo.org\\\/blog4\\\/manos-unidas-lanza-su-campana-2025-compartir-es-nuestra-mayor-riqueza\\\/#primaryimage\"},\"thumbnailUrl\":\"https:\\\/\\\/www.diocesisciudadrodrigo.org\\\/blog4\\\/wp-content\\\/uploads\\\/2025\\\/01\\\/cartel-operacionbocata2025-scaled.jpg\",\"datePublished\":\"2025-01-27T09:38:19+00:00\",\"dateModified\":\"2025-01-27T10:25:03+00:00\",\"breadcrumb\":{\"@id\":\"https:\\\/\\\/www.diocesisciudadrodrigo.org\\\/blog4\\\/manos-unidas-lanza-su-campana-2025-compartir-es-nuestra-mayor-riqueza\\\/#breadcrumb\"},\"inLanguage\":\"es\",\"potentialAction\":[{\"@type\":\"ReadAction\",\"target\":[\"https:\\\/\\\/www.diocesisciudadrodrigo.org\\\/blog4\\\/manos-unidas-lanza-su-campana-2025-compartir-es-nuestra-mayor-riqueza\\\/\"]}]},{\"@type\":\"ImageObject\",\"inLanguage\":\"es\",\"@id\":\"https:\\\/\\\/www.diocesisciudadrodrigo.org\\\/blog4\\\/manos-unidas-lanza-su-campana-2025-compartir-es-nuestra-mayor-riqueza\\\/#primaryimage\",\"url\":\"https:\\\/\\\/www.diocesisciudadrodrigo.org\\\/blog4\\\/wp-content\\\/uploads\\\/2025\\\/01\\\/cartel-operacionbocata2025-scaled.jpg\",\"contentUrl\":\"https:\\\/\\\/www.diocesisciudadrodrigo.org\\\/blog4\\\/wp-content\\\/uploads\\\/2025\\\/01\\\/cartel-operacionbocata2025-scaled.jpg\",\"width\":1810,\"height\":2560},{\"@type\":\"BreadcrumbList\",\"@id\":\"https:\\\/\\\/www.diocesisciudadrodrigo.org\\\/blog4\\\/manos-unidas-lanza-su-campana-2025-compartir-es-nuestra-mayor-riqueza\\\/#breadcrumb\",\"itemListElement\":[{\"@type\":\"ListItem\",\"position\":1,\"name\":\"Portada\",\"item\":\"https:\\\/\\\/www.diocesisciudadrodrigo.org\\\/blog4\\\/\"},{\"@type\":\"ListItem\",\"position\":2,\"name\":\"Manos Unidas lanza su campa\u00f1a 2025 \u00abCompartir es nuestra mayor riqueza\u00bb\"}]},{\"@type\":\"WebSite\",\"@id\":\"https:\\\/\\\/www.diocesisciudadrodrigo.org\\\/blog4\\\/#website\",\"url\":\"https:\\\/\\\/www.diocesisciudadrodrigo.org\\\/blog4\\\/\",\"name\":\"Di\u00f3cesis de Ciudad Rodrigo\",\"description\":\"Sitio web oficial de la di\u00f3cesis civitatense\",\"publisher\":{\"@id\":\"https:\\\/\\\/www.diocesisciudadrodrigo.org\\\/blog4\\\/#organization\"},\"potentialAction\":[{\"@type\":\"SearchAction\",\"target\":{\"@type\":\"EntryPoint\",\"urlTemplate\":\"https:\\\/\\\/www.diocesisciudadrodrigo.org\\\/blog4\\\/?s={search_term_string}\"},\"query-input\":{\"@type\":\"PropertyValueSpecification\",\"valueRequired\":true,\"valueName\":\"search_term_string\"}}],\"inLanguage\":\"es\"},{\"@type\":\"Organization\",\"@id\":\"https:\\\/\\\/www.diocesisciudadrodrigo.org\\\/blog4\\\/#organization\",\"name\":\"Di\u00f3cesis de Ciudad Rodrigo\",\"url\":\"https:\\\/\\\/www.diocesisciudadrodrigo.org\\\/blog4\\\/\",\"logo\":{\"@type\":\"ImageObject\",\"inLanguage\":\"es\",\"@id\":\"https:\\\/\\\/www.diocesisciudadrodrigo.org\\\/blog4\\\/#\\\/schema\\\/logo\\\/image\\\/\",\"url\":\"https:\\\/\\\/www.diocesisciudadrodrigo.org\\\/blog4\\\/wp-content\\\/uploads\\\/2024\\\/12\\\/Diocesis.CMYK_-768x480-1.jpg\",\"contentUrl\":\"https:\\\/\\\/www.diocesisciudadrodrigo.org\\\/blog4\\\/wp-content\\\/uploads\\\/2024\\\/12\\\/Diocesis.CMYK_-768x480-1.jpg\",\"width\":768,\"height\":480,\"caption\":\"Di\u00f3cesis de Ciudad Rodrigo\"},\"image\":{\"@id\":\"https:\\\/\\\/www.diocesisciudadrodrigo.org\\\/blog4\\\/#\\\/schema\\\/logo\\\/image\\\/\"},\"sameAs\":[\"https:\\\/\\\/www.facebook.com\\\/people\\\/Dicesis-Ciudad-Rodrigo-MCS\\\/100076471923419\\\/#\"]},{\"@type\":\"Person\",\"@id\":\"https:\\\/\\\/www.diocesisciudadrodrigo.org\\\/blog4\\\/#\\\/schema\\\/person\\\/5fcf0ca636a75766ff70e6417b6ed052\",\"name\":\"medios CR\",\"image\":{\"@type\":\"ImageObject\",\"inLanguage\":\"es\",\"@id\":\"https:\\\/\\\/secure.gravatar.com\\\/avatar\\\/4a619fd0c7e36bd570f4e6e15eb09a2191185d0f63d8dbfdffe848af141ab87e?s=96&d=mm&r=g\",\"url\":\"https:\\\/\\\/secure.gravatar.com\\\/avatar\\\/4a619fd0c7e36bd570f4e6e15eb09a2191185d0f63d8dbfdffe848af141ab87e?s=96&d=mm&r=g\",\"contentUrl\":\"https:\\\/\\\/secure.gravatar.com\\\/avatar\\\/4a619fd0c7e36bd570f4e6e15eb09a2191185d0f63d8dbfdffe848af141ab87e?s=96&d=mm&r=g\",\"caption\":\"medios CR\"},\"url\":\"https:\\\/\\\/www.diocesisciudadrodrigo.org\\\/blog4\\\/author\\\/admin4\\\/\"}]}<\/script>\n<!-- \/ Yoast SEO plugin. -->","yoast_head_json":{"title":"Manos Unidas lanza su campa\u00f1a 2025 \"Compartir es nuestra mayor riqueza\" - Di\u00f3cesis de Ciudad Rodrigo","robots":{"index":"index","follow":"follow","max-snippet":"max-snippet:-1","max-image-preview":"max-image-preview:large","max-video-preview":"max-video-preview:-1"},"canonical":"https:\/\/www.diocesisciudadrodrigo.org\/blog4\/manos-unidas-lanza-su-campana-2025-compartir-es-nuestra-mayor-riqueza\/","og_locale":"es_ES","og_type":"article","og_title":"Manos Unidas lanza su campa\u00f1a 2025 \"Compartir es nuestra mayor riqueza\" - Di\u00f3cesis de Ciudad Rodrigo","og_description":"Las actividades se iniciar\u00e1n el 4 de febrero con una eucarist\u00eda en la parroquia de San Andr\u00e9s. El 7 de febrero se celebrar\u00e1 la tradicional Operaci\u00f3n Bocata, y el d\u00eda ... Leer m\u00e1s ...","og_url":"https:\/\/www.diocesisciudadrodrigo.org\/blog4\/manos-unidas-lanza-su-campana-2025-compartir-es-nuestra-mayor-riqueza\/","og_site_name":"Di\u00f3cesis de Ciudad Rodrigo","article_publisher":"https:\/\/www.facebook.com\/people\/Dicesis-Ciudad-Rodrigo-MCS\/100076471923419\/#","article_published_time":"2025-01-27T09:38:19+00:00","article_modified_time":"2025-01-27T10:25:03+00:00","og_image":[{"width":1810,"height":2560,"url":"https:\/\/www.diocesisciudadrodrigo.org\/blog4\/wp-content\/uploads\/2025\/01\/cartel-operacionbocata2025-scaled.jpg","type":"image\/jpeg"}],"author":"medios CR","twitter_card":"summary_large_image","twitter_misc":{"Escrito por":"medios CR","Tiempo de lectura":"2 minutos"},"schema":{"@context":"https:\/\/schema.org","@graph":[{"@type":"Article","@id":"https:\/\/www.diocesisciudadrodrigo.org\/blog4\/manos-unidas-lanza-su-campana-2025-compartir-es-nuestra-mayor-riqueza\/#article","isPartOf":{"@id":"https:\/\/www.diocesisciudadrodrigo.org\/blog4\/manos-unidas-lanza-su-campana-2025-compartir-es-nuestra-mayor-riqueza\/"},"author":{"name":"medios CR","@id":"https:\/\/www.diocesisciudadrodrigo.org\/blog4\/#\/schema\/person\/5fcf0ca636a75766ff70e6417b6ed052"},"headline":"Manos Unidas lanza su campa\u00f1a 2025 \u00abCompartir es nuestra mayor riqueza\u00bb","datePublished":"2025-01-27T09:38:19+00:00","dateModified":"2025-01-27T10:25:03+00:00","mainEntityOfPage":{"@id":"https:\/\/www.diocesisciudadrodrigo.org\/blog4\/manos-unidas-lanza-su-campana-2025-compartir-es-nuestra-mayor-riqueza\/"},"wordCount":437,"publisher":{"@id":"https:\/\/www.diocesisciudadrodrigo.org\/blog4\/#organization"},"image":{"@id":"https:\/\/www.diocesisciudadrodrigo.org\/blog4\/manos-unidas-lanza-su-campana-2025-compartir-es-nuestra-mayor-riqueza\/#primaryimage"},"thumbnailUrl":"https:\/\/www.diocesisciudadrodrigo.org\/blog4\/wp-content\/uploads\/2025\/01\/cartel-operacionbocata2025-scaled.jpg","articleSection":["Noticias"],"inLanguage":"es"},{"@type":"WebPage","@id":"https:\/\/www.diocesisciudadrodrigo.org\/blog4\/manos-unidas-lanza-su-campana-2025-compartir-es-nuestra-mayor-riqueza\/","url":"https:\/\/www.diocesisciudadrodrigo.org\/blog4\/manos-unidas-lanza-su-campana-2025-compartir-es-nuestra-mayor-riqueza\/","name":"Manos Unidas lanza su campa\u00f1a 2025 \"Compartir es nuestra mayor riqueza\" - Di\u00f3cesis de Ciudad Rodrigo","isPartOf":{"@id":"https:\/\/www.diocesisciudadrodrigo.org\/blog4\/#website"},"primaryImageOfPage":{"@id":"https:\/\/www.diocesisciudadrodrigo.org\/blog4\/manos-unidas-lanza-su-campana-2025-compartir-es-nuestra-mayor-riqueza\/#primaryimage"},"image":{"@id":"https:\/\/www.diocesisciudadrodrigo.org\/blog4\/manos-unidas-lanza-su-campana-2025-compartir-es-nuestra-mayor-riqueza\/#primaryimage"},"thumbnailUrl":"https:\/\/www.diocesisciudadrodrigo.org\/blog4\/wp-content\/uploads\/2025\/01\/cartel-operacionbocata2025-scaled.jpg","datePublished":"2025-01-27T09:38:19+00:00","dateModified":"2025-01-27T10:25:03+00:00","breadcrumb":{"@id":"https:\/\/www.diocesisciudadrodrigo.org\/blog4\/manos-unidas-lanza-su-campana-2025-compartir-es-nuestra-mayor-riqueza\/#breadcrumb"},"inLanguage":"es","potentialAction":[{"@type":"ReadAction","target":["https:\/\/www.diocesisciudadrodrigo.org\/blog4\/manos-unidas-lanza-su-campana-2025-compartir-es-nuestra-mayor-riqueza\/"]}]},{"@type":"ImageObject","inLanguage":"es","@id":"https:\/\/www.diocesisciudadrodrigo.org\/blog4\/manos-unidas-lanza-su-campana-2025-compartir-es-nuestra-mayor-riqueza\/#primaryimage","url":"https:\/\/www.diocesisciudadrodrigo.org\/blog4\/wp-content\/uploads\/2025\/01\/cartel-operacionbocata2025-scaled.jpg","contentUrl":"https:\/\/www.diocesisciudadrodrigo.org\/blog4\/wp-content\/uploads\/2025\/01\/cartel-operacionbocata2025-scaled.jpg","width":1810,"height":2560},{"@type":"BreadcrumbList","@id":"https:\/\/www.diocesisciudadrodrigo.org\/blog4\/manos-unidas-lanza-su-campana-2025-compartir-es-nuestra-mayor-riqueza\/#breadcrumb","itemListElement":[{"@type":"ListItem","position":1,"name":"Portada","item":"https:\/\/www.diocesisciudadrodrigo.org\/blog4\/"},{"@type":"ListItem","position":2,"name":"Manos Unidas lanza su campa\u00f1a 2025 \u00abCompartir es nuestra mayor riqueza\u00bb"}]},{"@type":"WebSite","@id":"https:\/\/www.diocesisciudadrodrigo.org\/blog4\/#website","url":"https:\/\/www.diocesisciudadrodrigo.org\/blog4\/","name":"Di\u00f3cesis de Ciudad Rodrigo","description":"Sitio web oficial de la di\u00f3cesis civitatense","publisher":{"@id":"https:\/\/www.diocesisciudadrodrigo.org\/blog4\/#organization"},"potentialAction":[{"@type":"SearchAction","target":{"@type":"EntryPoint","urlTemplate":"https:\/\/www.diocesisciudadrodrigo.org\/blog4\/?s={search_term_string}"},"query-input":{"@type":"PropertyValueSpecification","valueRequired":true,"valueName":"search_term_string"}}],"inLanguage":"es"},{"@type":"Organization","@id":"https:\/\/www.diocesisciudadrodrigo.org\/blog4\/#organization","name":"Di\u00f3cesis de Ciudad Rodrigo","url":"https:\/\/www.diocesisciudadrodrigo.org\/blog4\/","logo":{"@type":"ImageObject","inLanguage":"es","@id":"https:\/\/www.diocesisciudadrodrigo.org\/blog4\/#\/schema\/logo\/image\/","url":"https:\/\/www.diocesisciudadrodrigo.org\/blog4\/wp-content\/uploads\/2024\/12\/Diocesis.CMYK_-768x480-1.jpg","contentUrl":"https:\/\/www.diocesisciudadrodrigo.org\/blog4\/wp-content\/uploads\/2024\/12\/Diocesis.CMYK_-768x480-1.jpg","width":768,"height":480,"caption":"Di\u00f3cesis de Ciudad Rodrigo"},"image":{"@id":"https:\/\/www.diocesisciudadrodrigo.org\/blog4\/#\/schema\/logo\/image\/"},"sameAs":["https:\/\/www.facebook.com\/people\/Dicesis-Ciudad-Rodrigo-MCS\/100076471923419\/#"]},{"@type":"Person","@id":"https:\/\/www.diocesisciudadrodrigo.org\/blog4\/#\/schema\/person\/5fcf0ca636a75766ff70e6417b6ed052","name":"medios CR","image":{"@type":"ImageObject","inLanguage":"es","@id":"https:\/\/secure.gravatar.com\/avatar\/4a619fd0c7e36bd570f4e6e15eb09a2191185d0f63d8dbfdffe848af141ab87e?s=96&d=mm&r=g","url":"https:\/\/secure.gravatar.com\/avatar\/4a619fd0c7e36bd570f4e6e15eb09a2191185d0f63d8dbfdffe848af141ab87e?s=96&d=mm&r=g","contentUrl":"https:\/\/secure.gravatar.com\/avatar\/4a619fd0c7e36bd570f4e6e15eb09a2191185d0f63d8dbfdffe848af141ab87e?s=96&d=mm&r=g","caption":"medios CR"},"url":"https:\/\/www.diocesisciudadrodrigo.org\/blog4\/author\/admin4\/"}]}},"_links":{"self":[{"href":"https:\/\/www.diocesisciudadrodrigo.org\/blog4\/wp-json\/wp\/v2\/posts\/34211","targetHints":{"allow":["GET"]}}],"collection":[{"href":"https:\/\/www.diocesisciudadrodrigo.org\/blog4\/wp-json\/wp\/v2\/posts"}],"about":[{"href":"https:\/\/www.diocesisciudadrodrigo.org\/blog4\/wp-json\/wp\/v2\/types\/post"}],"author":[{"embeddable":true,"href":"https:\/\/www.diocesisciudadrodrigo.org\/blog4\/wp-json\/wp\/v2\/users\/1"}],"replies":[{"embeddable":true,"href":"https:\/\/www.diocesisciudadrodrigo.org\/blog4\/wp-json\/wp\/v2\/comments?post=34211"}],"version-history":[{"count":25,"href":"https:\/\/www.diocesisciudadrodrigo.org\/blog4\/wp-json\/wp\/v2\/posts\/34211\/revisions"}],"predecessor-version":[{"id":34243,"href":"https:\/\/www.diocesisciudadrodrigo.org\/blog4\/wp-json\/wp\/v2\/posts\/34211\/revisions\/34243"}],"wp:featuredmedia":[{"embeddable":true,"href":"https:\/\/www.diocesisciudadrodrigo.org\/blog4\/wp-json\/wp\/v2\/media\/34206"}],"wp:attachment":[{"href":"https:\/\/www.diocesisciudadrodrigo.org\/blog4\/wp-json\/wp\/v2\/media?parent=34211"}],"wp:term":[{"taxonomy":"category","embeddable":true,"href":"https:\/\/www.diocesisciudadrodrigo.org\/blog4\/wp-json\/wp\/v2\/categories?post=34211"},{"taxonomy":"post_tag","embeddable":true,"href":"https:\/\/www.diocesisciudadrodrigo.org\/blog4\/wp-json\/wp\/v2\/tags?post=34211"}],"curies":[{"name":"wp","href":"https:\/\/api.w.org\/{rel}","templated":true}]}}